{"id":4771,"date":"2022-07-30T15:48:08","date_gmt":"2022-07-30T13:48:08","guid":{"rendered":"http:\/\/klauskunze.com\/blog\/?p=4771"},"modified":"2022-09-06T08:45:36","modified_gmt":"2022-09-06T06:45:36","slug":"der-moloch-des-woke-capitalism","status":"publish","type":"post","link":"http:\/\/klauskunze.com\/blog\/2022\/07\/30\/der-moloch-des-woke-capitalism\/","title":{"rendered":"Der Moloch des &#8222;Woke Capitalism&#8220;"},"content":{"rendered":"\n<h2 class=\"wp-block-heading\">Wir sollen uns allein f\u00fchlen<\/h2>\n\n\n\n<p>Gemeinsam sind wir stark. Von dieser Einsicht lebt Demokratie. Darum sollen wir uns allein f\u00fchlen, vereinzelte Waldg\u00e4nger. Das ist Methode der uns beherrschenden Funktionseliten. Ihr medialer Sektor erzeugt jederzeit die Illusion, wir seien allein zuhaus: Die Stra\u00dfe aber, die Schulen und Unis, die Regierungen, sie alle geh\u00f6ren <em>ihnen<\/em>.<\/p>\n\n\n\n<p>Die von Elisabeth Noelle-Neumann wissenschaftlich beschriebene Schweigespirale soll die Mitte der Gesellschaft verstummen lassen. Wer seine Meinung f\u00fcr nicht mehrheitsf\u00e4hig h\u00e4lt, der beh\u00e4lt sie oft f\u00fcr sich. Er hat Angst, anzuecken oder Nachteile zu erleiden.<\/p>\n\n\n\n<p>Es kann jedem passieren: Polizei klopft wegen E-Mails, Posts oder Kommentaren an T\u00fcren, man sperrt Bankkonten, k\u00fcndigt Versicherungen, entfernt Menschen aus der politischen Sph\u00e4re, entzieht ihnen im Grunde alle gesellschaftliche Teilhabe. Die Kontrolle unserer \u00c4ngste ist aber l\u00f6chrig. Wenn wir durch die Schlupfl\u00f6cher ins Freie blicken, sind wir &#8211; gerade international &#8211; kein bi\u00dfchen allein. Ein kleines Werkzeug in den Browser geladen, und schon finden wir uns in bester Gesellschaft:<\/p>\n\n\n\n<h2 class=\"wp-block-heading\">Die Liebesehe zwischen Kulturlinken und dem Finanzkapital<\/h2>\n\n\n\n<p>Der englische Romanautor und Essayist&nbsp; <a href=\"https:\/\/en.wikipedia.org\/wiki\/Paul_Kingsnorth\">Paul Kingsnorth<\/a> ist 1971 geboren und war einst \u201elinks\u201c. Das kann J\u00fcnglingen leicht passieren, bevor das eigenst\u00e4ndige Denken anf\u00e4ngt. Heute denkt er nicht mehr in den verstaubten Rechts-Links-Schablonen, in denen&nbsp; unser politmediales Herrschaftssystem uns gefangen h\u00e4lt. Wie immer mehr Analytiker sieht er den Gegensatz zwischen Globalisten und national Denkenden f\u00fcr entscheidend:<\/p>\n\n\n\n<blockquote class=\"wp-block-quote is-layout-flow wp-block-quote-is-layout-flow\"><p>Die Weltanschauung, die der Akademiker Eric Kaufmann Linksmodernismus nennt, ist heute die Sichtweise der professionellen Managerklassen, der oberen 10% der Gesellschaft und \u2013 nicht zuf\u00e4llig \u2013 der Nutznie\u00dferklasse der Globalisierung. \u00dcber transnationale Konzerne, den akademischen und kulturellen Sektor, NGOs, globale und regionale K\u00f6rperschaften und andere Kollektive von normalerweise unerkl\u00e4rlicher Macht verbreitet diese Klasse die dreifache Ideologie des Globalismus innerhalb ihrer eigenen Nationen und dar\u00fcber hinaus. Unterdessen formiert sich eine nationale populistische Bewegung, die weitgehend um eine Reaktion der Arbeiter und der unteren Mittelklasse auf diese Ideologie herum aufgebaut ist, um Forderungen nach nationaler Selbstbestimmung, einem gewissen Ma\u00df an kulturellem Konservatismus, wirtschaftlichem Schutz und demokratischer Rechenschaftspflicht.<\/p><cite>Paul Kingsnorth, <a href=\"https:\/\/unherd.com\/2022\/07\/how-the-left-fell-for-capitalism\/?=refinnar\">Wie die Linke auf den Kapitalismus hereingefallen ist, Progressive waren immer Teil der Unternehmenselite, UnHerd 5.7.2022<\/a><\/cite><\/blockquote>\n\n\n\n<p>Kingsnorth reiht&nbsp; sich nahtlos ein in die Schar nicht Linker Kritiker des globalistischen Finanzkapitalismus. \u201eLinke und Kapitalisten gelten als spinnefeind. F\u00fcr alte Linke und Kapitalisten alter Schule hatte das einst wirklich gegolten. Heute schmusen neue Linke mit dem multinationalen Finanzkapital\u201c, hatte ich <a href=\"http:\/\/klauskunze.com\/blog\/2021\/05\/16\/globalisierung-und-globalismus-feinde-unserer-demokratischen-selbstbestimmung\/\">hier<\/a> am 16. Mai 2021 geschrieben und &#8222;Renovatio&#8220; (David Engels et allii) zitiert:<\/p>\n\n\n\n<p><a href=\"https:\/\/renovatio.org\/2021\/05\/klaus-schwab-ueber-das-problem-des-globalismus\/\">\u201eGlobalistische Ideologie stellt eine Synthese von neoliberalen, postmodernen und neomarxistischen Ideologieelementen dar. Diese noch im Entstehen befindliche Ideologie strebt die Gestaltung aller Bereiche des Lebens nach \u00f6konomischen Prinzipien an. Gleichzeitig fordert sie die Aufl\u00f6sung von Grenzen und Bindungen, die als Einschr\u00e4nkungen einer vorwiegend \u00f6konomisch verstandenen Freiheit betrachtet und deshalb abgelehnt werden.\u201c<\/a><\/p>\n\n\n\n<h2 class=\"wp-block-heading\">Giftpflanzen aus derselben Wurzel<\/h2>\n\n\n\n<p>Kingsnorth spinnt den Faden seiner Gedanken weiter:<\/p>\n\n\n\n<blockquote class=\"wp-block-quote is-layout-flow wp-block-quote-is-layout-flow\"><p>Was w\u00e4re, wenn die Ideologie der Konzernwelt und die Ideologie der \u201eprogressiven\u201c Linken keine unerkl\u00e4rliche Vernunftehe geschmiedet h\u00e4tten, sondern die ganze Zeit aus demselben Wurzelstock gewachsen w\u00e4ren? Was w\u00e4re, wenn die Linke und der globale Kapitalismus im Grunde dasselbe sind: Motoren, um gewohnte Lebensweisen zu zerst\u00f6ren und sie durch die globalisierte, universalistische, technologische Matrix zu ersetzen, die derzeit um uns herum entsteht?<\/p><cite>Paul Kingsnorth, <a href=\"https:\/\/unherd.com\/2022\/07\/how-the-left-fell-for-capitalism\/?=refinnar\">Wie die Linke auf den Kapitalismus hereingefallen ist, Progressive waren immer Teil der Unternehmenselite, UnHerd 5.7.2022<\/a><\/cite><\/blockquote>\n\n\n\n<p>Diese Matrix hat nichts mehr zu tun mit dem umfassenden Versprechen individueller Freiheit, mit dem der Liberalismus vor \u00fcber 200 Jahren angetreten war. Wenn zwei gedankliche Z\u00fcge erst einmal auf der Schiene der Entfremdung und Zerst\u00f6rung gesellschaftlicher Bindungen und nat\u00fcrlicher Umwelt fahren, gelangen sie notwendigerweise zum selben Zielbahnhof.<\/p>\n\n\n\n<blockquote class=\"wp-block-quote is-layout-flow wp-block-quote-is-layout-flow\"><p>Angloamerikaner pr\u00e4gten f\u00fcr das neuartige Amalgam linksalternativer Programmatik und kapitalistischer Erfordernisse den Begriff <em>woke capitalism<\/em>, wacher Kapitalismus. Er kulminierte in der Emanzipationsbewegung sexueller und rassischer Minderheiten und schleift alle Bastionen herk\u00f6mmlicher Normalit\u00e4t. Dabei st\u00fctzt sie sich auf die Methode der Dekonstruktion.<\/p><cite>Klaus Kunze, <a href=\"https:\/\/lindenbaum-verlag.de\/produkt\/staatsfeind-liberalismus\/\">Staatsfeind Liberalismus, 2021, ISBN 978-3-949780-03-5, Kapitel \u201eDer Kapitalismus erwacht\u201c, S.201<\/a>.<\/cite><\/blockquote>\n\n\n\n<p>Der fr\u00fchere Gegensatz linker Ideologie und Kapitalismus hat sich aufgel\u00f6st. Heute marschiert man Hand in Hand in eine Sch\u00f6ne Neue Welt.<\/p>\n\n\n\n<blockquote class=\"wp-block-quote is-layout-flow wp-block-quote-is-layout-flow\"><p>Progressive Linke und globaler Kapitalismus, weit davon entfernt, antagonistisch zu sein, wie einige von uns einst dachten, haben sich als n\u00fctzliche Passungen herausgestellt. Beides sind totalisierende, utopische Projekte. Beide sind mi\u00dftrauisch gegen\u00fcber der Vergangenheit, ungeduldig gegen\u00fcber Grenzen und Abgrenzungen und feindselig gegen\u00fcber Religion, \u201eAberglauben\u201c und den Grenzen, die Natur oder Kultur dem menschlichen Individuum auferlegen. Beide streben nach einer globalen Utopie, in der die Welt in den Tr\u00e4umen von Lenin und Lennon als Einheit leben wird. Wenn uns die letzten 40 Jahre eines gelehrt haben, dann, da\u00df Tr\u00e4ume von universeller Gleichheit sehr leicht in Tr\u00e4ume von universellem Marktzugang \u00fcbergehen k\u00f6nnen. Es gibt einen Grund, warum sowohl Progressive als auch The Economist f\u00fcr offene Grenzen eintreten. Es gibt einen Grund, warum so viele Hippies zu Tech-Milliard\u00e4ren wurden. Wenn Sie sich jemals gefragt haben, welche Art von \u201eRevolution\u201c von Nike gesponsert, von BP gef\u00f6rdert, von Hollywood und Netflix propagiert und von Facebook und YouTube \u00fcberwacht wird, dann finden Sie hier die Antwort.<\/p><cite>Paul Kingsnorth, <a href=\"https:\/\/unherd.com\/2022\/07\/how-the-left-fell-for-capitalism\/?=refinnar\">Wie die Linke auf den Kapitalismus hereingefallen ist, Progressive waren immer Teil der Unternehmenselite, UnHerd 5.7.2022<\/a><\/cite><\/blockquote>\n\n\n\n<p>Die global agierenden Konzerne sind die neuen Herren dieser sch\u00f6nen Welt, und amorphe Massen spielen die Bausteine ihrer finanziellen Bed\u00fcrfnisse. Oswald Spengler hatte bereits die Moderne seziert und sah<\/p>\n\n\n\n<blockquote class=\"wp-block-quote is-layout-flow wp-block-quote-is-layout-flow\"><p>\u201eMenschenmassen, die wie D\u00fcnen aus einer in die andre verweht werden, wie loser Sand zwischen den Steinen verrieseln. Hier feiern Geist und Geld ihre h\u00f6chsten und letzten Siege.\u201c<a id=\"_ftnref1\" href=\"#_ftn1\">[1]<\/a> In der neuen Ideologie verschmelzen moderner Dekonstruktivismus, gesellschaftlicher Egalitarismus, antirassistische Identit\u00e4tspolitik und&nbsp; globalistischer Humanitarismus mit den Lebensinteressen des Finanzkapitals. Es hat die emanzipatorischen Motive, Ideologeme und Symbole gekapert und sich einverleibt. Sie passen gut zu ihm. Ein kennzeichnendes Ideologem ist das englische Wort <em>woke<\/em>. Es bedeutet ideologisch wachsam, das hei\u00dft penibel in der rigiden Durchsetzung der neuen Ideologie.<\/p><cite>Klaus Kunze, <a href=\"https:\/\/lindenbaum-verlag.de\/produkt\/staatsfeind-liberalismus\/\">Staatsfeind Liberalismus, 2021, ISBN 978-3-949780-03-5, Kapitel \u201eDer Kapitalismus erwacht\u201c<\/a>, S.202.<\/cite><\/blockquote>\n\n\n\n<h2 class=\"wp-block-heading\">Vom Menschen zum hirnlosen Verbraucher<\/h2>\n\n\n\n<p>Alle hatten sie die Menschen aus Abh\u00e4ngigkeiten befreien wollen: Der Liberalismus von staatlicher Reglementierung und der Marxismus von unternehmerischer Ausbeutung. Durch die Verstaatlichung der \u201eAusbeutung\u201c hatte sich freilich keine gr\u00f6\u00dfere Freiheit erringen lassen.<\/p>\n\n\n\n<p>Schutz nach Innen und au\u00dfen und die Garantie demokratischer Verfahrensweisen sind nach unserer Lesart die wichtigsten Staatsaufgaben. Nach weitgehender Schleifung dieser origin\u00e4r staatlichen Funktionen haben sozialistisch inspirierte Linke den Reststaat zu einer finanziellen Umverteilungsanstalt herabgestuft. In allen anderen Aufgaben versagt er. Aus liberaler Sicht ist dieses Versagen freilich h\u00f6chst erw\u00fcnscht, denn je weniger Staat, desto mehr Ellenbogenfreiheit hat der Finanzglobalismus. Und die fr\u00fcheren Linken spielen jubelnd die Rolle seiner n\u00fctzlichen Idioten:<\/p>\n\n\n\n<blockquote class=\"wp-block-quote is-layout-flow wp-block-quote-is-layout-flow\"><p>Im st\u00fcrmischen Zusammenbruch der 2020er-Jahre sind die progressive Linke und der Unternehmenskapitalismus nicht so sehr verschmolzen, sondern als das entlarvt worden, was sie schon immer waren: Varianten desselben modernen Ideals, die um das Streben nach grenzenloser Selbsterschaffung in einer postnat\u00fcrlichen Welt herum aufgebaut sind. Der kanadische \u201eRed Tory\u201c-Philosoph George Grant hat einmal festgestellt: \u201eDie Direktoren von General Motors und die Anh\u00e4nger von Professor Marcuse segeln in verschiedenen Booten denselben Flu\u00df hinab.\u201c Heutzutage haben sie ihre getrennten Schiffe verlassen und segeln gemeinsam in einer Superyacht flu\u00dfabw\u00e4rts, w\u00e4hrend der Rest von uns gafft oder Steine \u200b\u200bvon den Ufern wirft.<\/p><cite>Paul Kingsnorth, <a href=\"https:\/\/unherd.com\/2022\/07\/how-the-left-fell-for-capitalism\/?=refinnar\">Wie die Linke auf den Kapitalismus hereingefallen ist, Progressive waren immer Teil der Unternehmenselite, UnHerd 5.7.2022<\/a><\/cite><\/blockquote>\n\n\n\n<p>So dekonstruieren Linke heute fr\u00f6hlich den Staat, das Volk, die Institutionen, die Kultur, die Geschichte, die Moral und am Schlu\u00df wom\u00f6glich sich selbst. Wenn \u201eVolk\u201c und \u201eFrau\u201c blo\u00df Konstrukte sind &#8211; was ist dann \u201eMensch\u201c besseres als ein hirnloser Verbraucher?<\/p>\n\n\n\n<blockquote class=\"wp-block-quote is-layout-flow wp-block-quote-is-layout-flow\"><p>Wenn die Kultur so leer, so zwecklos, so entwurzelt ist, da\u00df sie verlernt hat, etwas anderes zu tun, als sich selbst zu dekonstruieren? Genauer gesagt: Was passiert, wenn Gleichmacherei nicht der Instinkt der Armen, sondern der Macht ist? Was passiert, wenn die Zerst\u00f6rung von Grenzen, Begrenzungen und Grenzen der gro\u00dfen Technologie, dem gro\u00dfen Geld und denen zugute kommt, die aus ihrem Wasserhahn trinken, und nicht den kleinen Stimmen, die auf den Feldern d\u00fcrsten? Und was passiert, wenn das gro\u00dfe Geld die Sprache der kleinen Stimmen \u2013 die Sprache des Nivellierens \u2013 verwendet, um seine Arbeit in h\u00fcbsche Schleifen zu binden? Hier sind wir. Die postmoderne Linke, die so viele H\u00f6hen der westlichen Kultur erobert hat, ist keine radikale Bedrohung f\u00fcr das Establishment: Sie ist das Establishment. Progressive Linke ist Marktliberalismus mit anderen Mitteln. Die Linke und der Konzernkapitalismus funktionieren jetzt wie eine Zange: Man greift die Kultur an und dekonstruiert alles von der Geschichte \u00fcber die \u201eHeteronormativit\u00e4t\u201c bis hin zu nationalen Identit\u00e4ten; der andere zieht ein, um die resultierenden Fragmente zu monetarisieren.<\/p><cite>Paul Kingsnorth, <a href=\"https:\/\/unherd.com\/2022\/07\/how-the-left-fell-for-capitalism\/?=refinnar\">Wie die Linke auf den Kapitalismus hereingefallen ist, Progressive waren immer Teil der Unternehmenselite, UnHerd 5.7.2022<\/a><\/cite><\/blockquote>\n\n\n\n<h2 class=\"wp-block-heading\">Verortung<\/h2>\n\n\n\n<p>Auf der anderen Seite benutzen die mit den Kulturlinken verschmolzenen Liberalen gern die \u201everfaulenden Reste\u201c der Staatsmacht [Heinrich B\u00f6ll], um uns zu lenken und umzusteuern:<\/p>\n\n\n\n<blockquote class=\"wp-block-quote is-layout-flow wp-block-quote-is-layout-flow\"><p>Aber gerade im Erfolg des Liberalismus lag die Saat seines Scheiterns. Das Projekt, das Individuum von seinen Loyalit\u00e4ts-, Orts-, Familien- und Kulturnetzwerken zu befreien und die gewaltige destabilisierende Maschine des Kapitalismus freizusetzen, schuf eine soziale Instabilit\u00e4t, die nur von der letzten noch bestehenden Institution kontrolliert oder gelenkt werden konnte: dem Staat. Eine Ideologie, die auf dem Schutz und der F\u00f6rderung der Freiheit des Einzelnen basiert, f\u00fchrte zu der \u00c4ra beispielloser Staatsmacht, in der wir heute leben. Regierungen beanspruchen jetzt das Recht, unsere Sprachmuster zu steuern, unser Leben und unsere Gesch\u00e4fte in immer radikalerem Ma\u00dfe zu regulieren, ganze Gesellschaften im Namen der \u201e\u00f6ffentlichen Gesundheit\u201c lahmzulegen und sogar Gesetze f\u00fcr akzeptable und inakzeptable Einstellungen und Meinungen zu erlassen.<\/p><cite>Paul Kingsnorth, <a href=\"https:\/\/unherd.com\/2022\/02\/the-liberal-order-is-already-dead\/?=refinnar\">Die liberale Ordnung ist bereits tot, UnHerd 17.2.2022<\/a><\/cite><\/blockquote>\n\n\n\n<p>Kritik an der industriellen, massendemokratischen Moderne war traditionell konservativ. Weil es heute am Buffett sonst nur linken Einheitsbrei gibt, d\u00fcrfte sie heute als rechts gelten, wenn eine solche Einteilung irgendwie noch wichtig w\u00e4re.<\/p>\n\n\n<div class=\"wp-block-image\">\n<figure class=\"aligncenter size-large\"><img loading=\"lazy\" decoding=\"async\" width=\"1024\" height=\"768\" src=\"http:\/\/klauskunze.com\/blog\/wp-content\/uploads\/2022\/07\/2021-05-23-46-1024x768.jpg\" alt=\"\" class=\"wp-image-4773\" srcset=\"http:\/\/klauskunze.com\/blog\/wp-content\/uploads\/2022\/07\/2021-05-23-46-1024x768.jpg 1024w, http:\/\/klauskunze.com\/blog\/wp-content\/uploads\/2022\/07\/2021-05-23-46-300x225.jpg 300w, http:\/\/klauskunze.com\/blog\/wp-content\/uploads\/2022\/07\/2021-05-23-46-768x576.jpg 768w, http:\/\/klauskunze.com\/blog\/wp-content\/uploads\/2022\/07\/2021-05-23-46-1536x1152.jpg 1536w, http:\/\/klauskunze.com\/blog\/wp-content\/uploads\/2022\/07\/2021-05-23-46-2048x1536.jpg 2048w, http:\/\/klauskunze.com\/blog\/wp-content\/uploads\/2022\/07\/2021-05-23-46-900x675.jpg 900w, http:\/\/klauskunze.com\/blog\/wp-content\/uploads\/2022\/07\/2021-05-23-46-1280x960.jpg 1280w\" sizes=\"auto, (max-width: 1024px) 100vw, 1024px\" \/><figcaption>Ist sich im Wald zu verstecken des &#8222;Waldg\u00e4ngers&#8220; Lust?<\/figcaption><\/figure>\n<\/div>\n\n\n<p>Unsere \u00dcberlegungen haben aber gezeigt, da\u00df die heutigen Linken nicht mehr links in dem Sinne sind, in dem man das fr\u00fcher verstand. Und die Rechten haben nichts gemein mit dem Feindbild von \u201eRechten\u201c, gegen das unser Staat Milliarden an Propagandamitteln verpra\u00dft.<\/p>\n\n\n\n<p>Paul Kingsworth betont den Gedanken der R\u00fcckkehr, der Zuwendung zum Bew\u00e4hrten:<\/p>\n\n\n\n<blockquote class=\"wp-block-quote is-layout-flow wp-block-quote-is-layout-flow\"><p>Es ist eine Tradition, die wir reaktion\u00e4ren Radikalismus nennen k\u00f6nnten: Widerstand gegen die totalisierende Kraft der Maschine aus einer Perspektive, die in den drei P\u2018s verwurzelt ist: [orig.: people, place and prayer) Menschen, Ort und Gebet. Weder links noch rechts noch anderswo, es ist eine Tradition, die alle modernen Gr\u00e4ben \u00fcberwindet, weil sie \u00e4lter ist als alle anderen. Es geht der Sache buchst\u00e4blich auf den Grund. Es ist der Traum einer lokalisierten, populistischen Opposition gegen die gigantische, zerst\u00f6rerische Moderne in all ihren Formen.<\/p><cite>Paul Kingsnorth, <a href=\"https:\/\/unherd.com\/2022\/07\/how-the-left-fell-for-capitalism\/?=refinnar\">Wie die Linke auf den Kapitalismus hereingefallen ist, Progressive waren immer Teil der Unternehmenselite, UnHerd 5.7.2022<\/a><\/cite><\/blockquote>\n\n\n\n<p>In dieser Opposition, diesem Widerstand sind wir alle Kombattanten. Heraus aus Euren &nbsp;W\u00e4ldern, Ihr schweigenden Waldg\u00e4nger!<\/p>\n\n\n\n<hr class=\"wp-block-separator has-css-opacity\"\/>\n\n\n\n<p><a id=\"_ftn1\" href=\"#_ftnref1\">[1]<\/a> Oswald Spengler, Der Untergang des Abendlandes, S.1322.<\/p>\n\n\n\n<p><\/p>\n\n\n\n<p>Sie finden diesen Beitrag auch hier:<\/p>\n\n\n\n<figure class=\"wp-block-table\"><table><tbody><tr><td><a href=\"http:\/\/klauskunze.com\/blog\/2022\/07\/30\/der-moloch-des-woke-capitalism\/\">Blogbeitrag 30.7.2022<\/a><br><a href=\"http:\/\/euro-synergies.hautetfort.com\/archive\/2022\/08\/01\/le-capitalisme-woke-un-moloch.html#.YugaC8fxmIk.twitter\">euro-synergies 1.8.2022<\/a><br><a href=\"https:\/\/euro-sinergias.blogspot.com\/2022\/08\/el-moloch-del-capitalismo-despierto.html?spref=tw\">euro-sinergias 2.8.2022<\/a><br><a href=\"http:\/\/klauskunze.com\/kanzlei\/presse\/De%20Moloch%20van%20het%20woke%20kapitalisme\">synergon-info 1.8.2022<\/a><br><a href=\"https:\/\/www.tradicionviva.es\/2022\/08\/08\/el-matrimonio-amoroso-entre-la-izquierda-cultural-y-el-capital-financiero\/\">Tradici\u00f3n Viva 8.8.2022<\/a><br><a href=\"https:\/\/www.terreetpeuple.com\/guerre-culturelle-reflexion-20\/82-demontage\/5038-le-capitalisme-woke-un-moloch.html\">terreetpeuple 3.8.2022<\/a><\/td><td>Liebesehe zwischen Kulturlinken und dem Finanzkapital<br>Le capitalisme woke: un Moloch !<br>El Moloch del capitalismo est\u00e1 despierto<br>De Moloch van het woke kapitalisme<br>El matrimonio amoroso entre la izquierda cultural y el capital financiero<br>Le capitalisme woke: un Moloch !<\/td><\/tr><\/tbody><\/table><\/figure>\n","protected":false},"excerpt":{"rendered":"<p>Wir sollen uns allein f\u00fchlen Gemeinsam sind wir stark. Von dieser Einsicht lebt Demokratie. Darum sollen wir uns allein f\u00fchlen, vereinzelte Waldg\u00e4nger. Das ist Methode der uns beherrschenden Funktionseliten. Ihr medialer Sektor erzeugt jederzeit die Illusion, wir seien allein zuhaus: Die Stra\u00dfe aber, die Schulen und Unis, die Regierungen, sie alle geh\u00f6ren ihnen. Die von [&hellip;]<\/p>\n","protected":false},"author":1,"featured_media":4773,"comment_status":"open","ping_status":"open","sticky":false,"template":"","format":"standard","meta":{"h5ap_radio_sources":[],"twitterCardType":"","cardImageID":0,"cardImage":"","cardTitle":"","cardDesc":"","cardImageAlt":"","cardPlayer":"","cardPlayerWidth":0,"cardPlayerHeight":0,"cardPlayerStream":"","cardPlayerCodec":"","footnotes":""},"categories":[1,13,17],"tags":[],"class_list":["post-4771","post","type-post","status-publish","format-standard","has-post-thumbnail","hentry","category-allgemein","category-geschichte","category-politik"],"yoast_head":"<!-- This site is optimized with the Yoast SEO plugin v27.5 - https:\/\/yoast.com\/product\/yoast-seo-wordpress\/ -->\n<title>Der Moloch des &quot;Woke Capitalism&quot; - Klaus Kunze<\/title>\n<meta name=\"robots\" content=\"index, follow, max-snippet:-1, max-image-preview:large, max-video-preview:-1\" \/>\n<link rel=\"canonical\" href=\"https:\/\/klauskunze.com\/blog\/2022\/07\/30\/der-moloch-des-woke-capitalism\/\" \/>\n<meta property=\"og:locale\" content=\"de_DE\" \/>\n<meta property=\"og:type\" content=\"article\" \/>\n<meta property=\"og:title\" content=\"Der Moloch des &quot;Woke Capitalism&quot; - Klaus Kunze\" \/>\n<meta property=\"og:description\" content=\"Wir sollen uns allein f\u00fchlen Gemeinsam sind wir stark. Von dieser Einsicht lebt Demokratie. Darum sollen wir uns allein f\u00fchlen, vereinzelte Waldg\u00e4nger. Das ist Methode der uns beherrschenden Funktionseliten. Ihr medialer Sektor erzeugt jederzeit die Illusion, wir seien allein zuhaus: Die Stra\u00dfe aber, die Schulen und Unis, die Regierungen, sie alle geh\u00f6ren ihnen. Die von [&hellip;]\" \/>\n<meta property=\"og:url\" content=\"https:\/\/klauskunze.com\/blog\/2022\/07\/30\/der-moloch-des-woke-capitalism\/\" \/>\n<meta property=\"og:site_name\" content=\"Klaus Kunze\" \/>\n<meta property=\"article:published_time\" content=\"2022-07-30T13:48:08+00:00\" \/>\n<meta property=\"article:modified_time\" content=\"2022-09-06T06:45:36+00:00\" \/>\n<meta property=\"og:image\" content=\"https:\/\/klauskunze.com\/blog\/wp-content\/uploads\/2022\/07\/2021-05-23-46-scaled.jpg\" \/>\n\t<meta property=\"og:image:width\" content=\"2560\" \/>\n\t<meta property=\"og:image:height\" content=\"1920\" \/>\n\t<meta property=\"og:image:type\" content=\"image\/jpeg\" \/>\n<meta name=\"author\" content=\"Klaus Kunze\" \/>\n<meta name=\"twitter:label1\" content=\"Verfasst von\" \/>\n\t<meta name=\"twitter:data1\" content=\"Klaus Kunze\" \/>\n\t<meta name=\"twitter:label2\" content=\"Gesch\u00e4tzte Lesezeit\" \/>\n\t<meta name=\"twitter:data2\" content=\"11\u00a0Minuten\" \/>\n<script type=\"application\/ld+json\" class=\"yoast-schema-graph\">{\"@context\":\"https:\\\/\\\/schema.org\",\"@graph\":[{\"@type\":\"Article\",\"@id\":\"https:\\\/\\\/klauskunze.com\\\/blog\\\/2022\\\/07\\\/30\\\/der-moloch-des-woke-capitalism\\\/#article\",\"isPartOf\":{\"@id\":\"https:\\\/\\\/klauskunze.com\\\/blog\\\/2022\\\/07\\\/30\\\/der-moloch-des-woke-capitalism\\\/\"},\"author\":{\"name\":\"Klaus Kunze\",\"@id\":\"https:\\\/\\\/klauskunze.com\\\/blog\\\/#\\\/schema\\\/person\\\/9c091cf30ab68b897db6a517e3c3b11b\"},\"headline\":\"Der Moloch des &#8222;Woke Capitalism&#8220;\",\"datePublished\":\"2022-07-30T13:48:08+00:00\",\"dateModified\":\"2022-09-06T06:45:36+00:00\",\"mainEntityOfPage\":{\"@id\":\"https:\\\/\\\/klauskunze.com\\\/blog\\\/2022\\\/07\\\/30\\\/der-moloch-des-woke-capitalism\\\/\"},\"wordCount\":1952,\"commentCount\":1,\"publisher\":{\"@id\":\"https:\\\/\\\/klauskunze.com\\\/blog\\\/#\\\/schema\\\/person\\\/9c091cf30ab68b897db6a517e3c3b11b\"},\"image\":{\"@id\":\"https:\\\/\\\/klauskunze.com\\\/blog\\\/2022\\\/07\\\/30\\\/der-moloch-des-woke-capitalism\\\/#primaryimage\"},\"thumbnailUrl\":\"http:\\\/\\\/klauskunze.com\\\/blog\\\/wp-content\\\/uploads\\\/2022\\\/07\\\/2021-05-23-46-scaled.jpg\",\"articleSection\":{\"1\":\"Geschichte\",\"2\":\"Politik\"},\"inLanguage\":\"de\",\"potentialAction\":[{\"@type\":\"CommentAction\",\"name\":\"Comment\",\"target\":[\"https:\\\/\\\/klauskunze.com\\\/blog\\\/2022\\\/07\\\/30\\\/der-moloch-des-woke-capitalism\\\/#respond\"]}]},{\"@type\":\"WebPage\",\"@id\":\"https:\\\/\\\/klauskunze.com\\\/blog\\\/2022\\\/07\\\/30\\\/der-moloch-des-woke-capitalism\\\/\",\"url\":\"https:\\\/\\\/klauskunze.com\\\/blog\\\/2022\\\/07\\\/30\\\/der-moloch-des-woke-capitalism\\\/\",\"name\":\"Der Moloch des \\\"Woke Capitalism\\\" - Klaus Kunze\",\"isPartOf\":{\"@id\":\"https:\\\/\\\/klauskunze.com\\\/blog\\\/#website\"},\"primaryImageOfPage\":{\"@id\":\"https:\\\/\\\/klauskunze.com\\\/blog\\\/2022\\\/07\\\/30\\\/der-moloch-des-woke-capitalism\\\/#primaryimage\"},\"image\":{\"@id\":\"https:\\\/\\\/klauskunze.com\\\/blog\\\/2022\\\/07\\\/30\\\/der-moloch-des-woke-capitalism\\\/#primaryimage\"},\"thumbnailUrl\":\"http:\\\/\\\/klauskunze.com\\\/blog\\\/wp-content\\\/uploads\\\/2022\\\/07\\\/2021-05-23-46-scaled.jpg\",\"datePublished\":\"2022-07-30T13:48:08+00:00\",\"dateModified\":\"2022-09-06T06:45:36+00:00\",\"breadcrumb\":{\"@id\":\"https:\\\/\\\/klauskunze.com\\\/blog\\\/2022\\\/07\\\/30\\\/der-moloch-des-woke-capitalism\\\/#breadcrumb\"},\"inLanguage\":\"de\",\"potentialAction\":[{\"@type\":\"ReadAction\",\"target\":[\"https:\\\/\\\/klauskunze.com\\\/blog\\\/2022\\\/07\\\/30\\\/der-moloch-des-woke-capitalism\\\/\"]}]},{\"@type\":\"ImageObject\",\"inLanguage\":\"de\",\"@id\":\"https:\\\/\\\/klauskunze.com\\\/blog\\\/2022\\\/07\\\/30\\\/der-moloch-des-woke-capitalism\\\/#primaryimage\",\"url\":\"http:\\\/\\\/klauskunze.com\\\/blog\\\/wp-content\\\/uploads\\\/2022\\\/07\\\/2021-05-23-46-scaled.jpg\",\"contentUrl\":\"http:\\\/\\\/klauskunze.com\\\/blog\\\/wp-content\\\/uploads\\\/2022\\\/07\\\/2021-05-23-46-scaled.jpg\",\"width\":2560,\"height\":1920},{\"@type\":\"BreadcrumbList\",\"@id\":\"https:\\\/\\\/klauskunze.com\\\/blog\\\/2022\\\/07\\\/30\\\/der-moloch-des-woke-capitalism\\\/#breadcrumb\",\"itemListElement\":[{\"@type\":\"ListItem\",\"position\":1,\"name\":\"Startseite\",\"item\":\"https:\\\/\\\/klauskunze.com\\\/blog\\\/\"},{\"@type\":\"ListItem\",\"position\":2,\"name\":\"Der Moloch des &#8222;Woke Capitalism&#8220;\"}]},{\"@type\":\"WebSite\",\"@id\":\"https:\\\/\\\/klauskunze.com\\\/blog\\\/#website\",\"url\":\"https:\\\/\\\/klauskunze.com\\\/blog\\\/\",\"name\":\"Klaus Kunze\",\"description\":\"Blog\",\"publisher\":{\"@id\":\"https:\\\/\\\/klauskunze.com\\\/blog\\\/#\\\/schema\\\/person\\\/9c091cf30ab68b897db6a517e3c3b11b\"},\"potentialAction\":[{\"@type\":\"SearchAction\",\"target\":{\"@type\":\"EntryPoint\",\"urlTemplate\":\"https:\\\/\\\/klauskunze.com\\\/blog\\\/?s={search_term_string}\"},\"query-input\":{\"@type\":\"PropertyValueSpecification\",\"valueRequired\":true,\"valueName\":\"search_term_string\"}}],\"inLanguage\":\"de\"},{\"@type\":[\"Person\",\"Organization\"],\"@id\":\"https:\\\/\\\/klauskunze.com\\\/blog\\\/#\\\/schema\\\/person\\\/9c091cf30ab68b897db6a517e3c3b11b\",\"name\":\"Klaus Kunze\",\"image\":{\"@type\":\"ImageObject\",\"inLanguage\":\"de\",\"@id\":\"https:\\\/\\\/secure.gravatar.com\\\/avatar\\\/5cd83cadbada9c331a79952fcca177ed3d3be4c7ad3239b9d934bf84adff15dd?s=96&d=blank&r=g\",\"url\":\"https:\\\/\\\/secure.gravatar.com\\\/avatar\\\/5cd83cadbada9c331a79952fcca177ed3d3be4c7ad3239b9d934bf84adff15dd?s=96&d=blank&r=g\",\"contentUrl\":\"https:\\\/\\\/secure.gravatar.com\\\/avatar\\\/5cd83cadbada9c331a79952fcca177ed3d3be4c7ad3239b9d934bf84adff15dd?s=96&d=blank&r=g\",\"caption\":\"Klaus Kunze\"},\"logo\":{\"@id\":\"https:\\\/\\\/secure.gravatar.com\\\/avatar\\\/5cd83cadbada9c331a79952fcca177ed3d3be4c7ad3239b9d934bf84adff15dd?s=96&d=blank&r=g\"},\"sameAs\":[\"http:\\\/\\\/KlausKunze.com\",\"https:\\\/\\\/x.com\\\/https:\\\/\\\/twitter.com\\\/KlausKunze3\"]}]}<\/script>\n<!-- \/ Yoast SEO plugin. -->","yoast_head_json":{"title":"Der Moloch des \"Woke Capitalism\" - Klaus Kunze","robots":{"index":"index","follow":"follow","max-snippet":"max-snippet:-1","max-image-preview":"max-image-preview:large","max-video-preview":"max-video-preview:-1"},"canonical":"https:\/\/klauskunze.com\/blog\/2022\/07\/30\/der-moloch-des-woke-capitalism\/","og_locale":"de_DE","og_type":"article","og_title":"Der Moloch des \"Woke Capitalism\" - Klaus Kunze","og_description":"Wir sollen uns allein f\u00fchlen Gemeinsam sind wir stark. Von dieser Einsicht lebt Demokratie. Darum sollen wir uns allein f\u00fchlen, vereinzelte Waldg\u00e4nger. Das ist Methode der uns beherrschenden Funktionseliten. Ihr medialer Sektor erzeugt jederzeit die Illusion, wir seien allein zuhaus: Die Stra\u00dfe aber, die Schulen und Unis, die Regierungen, sie alle geh\u00f6ren ihnen. Die von [&hellip;]","og_url":"https:\/\/klauskunze.com\/blog\/2022\/07\/30\/der-moloch-des-woke-capitalism\/","og_site_name":"Klaus Kunze","article_published_time":"2022-07-30T13:48:08+00:00","article_modified_time":"2022-09-06T06:45:36+00:00","og_image":[{"width":2560,"height":1920,"url":"https:\/\/klauskunze.com\/blog\/wp-content\/uploads\/2022\/07\/2021-05-23-46-scaled.jpg","type":"image\/jpeg"}],"author":"Klaus Kunze","twitter_misc":{"Verfasst von":"Klaus Kunze","Gesch\u00e4tzte Lesezeit":"11\u00a0Minuten"},"schema":{"@context":"https:\/\/schema.org","@graph":[{"@type":"Article","@id":"https:\/\/klauskunze.com\/blog\/2022\/07\/30\/der-moloch-des-woke-capitalism\/#article","isPartOf":{"@id":"https:\/\/klauskunze.com\/blog\/2022\/07\/30\/der-moloch-des-woke-capitalism\/"},"author":{"name":"Klaus Kunze","@id":"https:\/\/klauskunze.com\/blog\/#\/schema\/person\/9c091cf30ab68b897db6a517e3c3b11b"},"headline":"Der Moloch des &#8222;Woke Capitalism&#8220;","datePublished":"2022-07-30T13:48:08+00:00","dateModified":"2022-09-06T06:45:36+00:00","mainEntityOfPage":{"@id":"https:\/\/klauskunze.com\/blog\/2022\/07\/30\/der-moloch-des-woke-capitalism\/"},"wordCount":1952,"commentCount":1,"publisher":{"@id":"https:\/\/klauskunze.com\/blog\/#\/schema\/person\/9c091cf30ab68b897db6a517e3c3b11b"},"image":{"@id":"https:\/\/klauskunze.com\/blog\/2022\/07\/30\/der-moloch-des-woke-capitalism\/#primaryimage"},"thumbnailUrl":"http:\/\/klauskunze.com\/blog\/wp-content\/uploads\/2022\/07\/2021-05-23-46-scaled.jpg","articleSection":{"1":"Geschichte","2":"Politik"},"inLanguage":"de","potentialAction":[{"@type":"CommentAction","name":"Comment","target":["https:\/\/klauskunze.com\/blog\/2022\/07\/30\/der-moloch-des-woke-capitalism\/#respond"]}]},{"@type":"WebPage","@id":"https:\/\/klauskunze.com\/blog\/2022\/07\/30\/der-moloch-des-woke-capitalism\/","url":"https:\/\/klauskunze.com\/blog\/2022\/07\/30\/der-moloch-des-woke-capitalism\/","name":"Der Moloch des \"Woke Capitalism\" - Klaus Kunze","isPartOf":{"@id":"https:\/\/klauskunze.com\/blog\/#website"},"primaryImageOfPage":{"@id":"https:\/\/klauskunze.com\/blog\/2022\/07\/30\/der-moloch-des-woke-capitalism\/#primaryimage"},"image":{"@id":"https:\/\/klauskunze.com\/blog\/2022\/07\/30\/der-moloch-des-woke-capitalism\/#primaryimage"},"thumbnailUrl":"http:\/\/klauskunze.com\/blog\/wp-content\/uploads\/2022\/07\/2021-05-23-46-scaled.jpg","datePublished":"2022-07-30T13:48:08+00:00","dateModified":"2022-09-06T06:45:36+00:00","breadcrumb":{"@id":"https:\/\/klauskunze.com\/blog\/2022\/07\/30\/der-moloch-des-woke-capitalism\/#breadcrumb"},"inLanguage":"de","potentialAction":[{"@type":"ReadAction","target":["https:\/\/klauskunze.com\/blog\/2022\/07\/30\/der-moloch-des-woke-capitalism\/"]}]},{"@type":"ImageObject","inLanguage":"de","@id":"https:\/\/klauskunze.com\/blog\/2022\/07\/30\/der-moloch-des-woke-capitalism\/#primaryimage","url":"http:\/\/klauskunze.com\/blog\/wp-content\/uploads\/2022\/07\/2021-05-23-46-scaled.jpg","contentUrl":"http:\/\/klauskunze.com\/blog\/wp-content\/uploads\/2022\/07\/2021-05-23-46-scaled.jpg","width":2560,"height":1920},{"@type":"BreadcrumbList","@id":"https:\/\/klauskunze.com\/blog\/2022\/07\/30\/der-moloch-des-woke-capitalism\/#breadcrumb","itemListElement":[{"@type":"ListItem","position":1,"name":"Startseite","item":"https:\/\/klauskunze.com\/blog\/"},{"@type":"ListItem","position":2,"name":"Der Moloch des &#8222;Woke Capitalism&#8220;"}]},{"@type":"WebSite","@id":"https:\/\/klauskunze.com\/blog\/#website","url":"https:\/\/klauskunze.com\/blog\/","name":"Klaus Kunze","description":"Blog","publisher":{"@id":"https:\/\/klauskunze.com\/blog\/#\/schema\/person\/9c091cf30ab68b897db6a517e3c3b11b"},"potentialAction":[{"@type":"SearchAction","target":{"@type":"EntryPoint","urlTemplate":"https:\/\/klauskunze.com\/blog\/?s={search_term_string}"},"query-input":{"@type":"PropertyValueSpecification","valueRequired":true,"valueName":"search_term_string"}}],"inLanguage":"de"},{"@type":["Person","Organization"],"@id":"https:\/\/klauskunze.com\/blog\/#\/schema\/person\/9c091cf30ab68b897db6a517e3c3b11b","name":"Klaus Kunze","image":{"@type":"ImageObject","inLanguage":"de","@id":"https:\/\/secure.gravatar.com\/avatar\/5cd83cadbada9c331a79952fcca177ed3d3be4c7ad3239b9d934bf84adff15dd?s=96&d=blank&r=g","url":"https:\/\/secure.gravatar.com\/avatar\/5cd83cadbada9c331a79952fcca177ed3d3be4c7ad3239b9d934bf84adff15dd?s=96&d=blank&r=g","contentUrl":"https:\/\/secure.gravatar.com\/avatar\/5cd83cadbada9c331a79952fcca177ed3d3be4c7ad3239b9d934bf84adff15dd?s=96&d=blank&r=g","caption":"Klaus Kunze"},"logo":{"@id":"https:\/\/secure.gravatar.com\/avatar\/5cd83cadbada9c331a79952fcca177ed3d3be4c7ad3239b9d934bf84adff15dd?s=96&d=blank&r=g"},"sameAs":["http:\/\/KlausKunze.com","https:\/\/x.com\/https:\/\/twitter.com\/KlausKunze3"]}]}},"post_mailing_queue_ids":[],"_links":{"self":[{"href":"http:\/\/klauskunze.com\/blog\/wp-json\/wp\/v2\/posts\/4771","targetHints":{"allow":["GET"]}}],"collection":[{"href":"http:\/\/klauskunze.com\/blog\/wp-json\/wp\/v2\/posts"}],"about":[{"href":"http:\/\/klauskunze.com\/blog\/wp-json\/wp\/v2\/types\/post"}],"author":[{"embeddable":true,"href":"http:\/\/klauskunze.com\/blog\/wp-json\/wp\/v2\/users\/1"}],"replies":[{"embeddable":true,"href":"http:\/\/klauskunze.com\/blog\/wp-json\/wp\/v2\/comments?post=4771"}],"version-history":[{"count":6,"href":"http:\/\/klauskunze.com\/blog\/wp-json\/wp\/v2\/posts\/4771\/revisions"}],"predecessor-version":[{"id":4907,"href":"http:\/\/klauskunze.com\/blog\/wp-json\/wp\/v2\/posts\/4771\/revisions\/4907"}],"wp:featuredmedia":[{"embeddable":true,"href":"http:\/\/klauskunze.com\/blog\/wp-json\/wp\/v2\/media\/4773"}],"wp:attachment":[{"href":"http:\/\/klauskunze.com\/blog\/wp-json\/wp\/v2\/media?parent=4771"}],"wp:term":[{"taxonomy":"category","embeddable":true,"href":"http:\/\/klauskunze.com\/blog\/wp-json\/wp\/v2\/categories?post=4771"},{"taxonomy":"post_tag","embeddable":true,"href":"http:\/\/klauskunze.com\/blog\/wp-json\/wp\/v2\/tags?post=4771"}],"curies":[{"name":"wp","href":"https:\/\/api.w.org\/{rel}","templated":true}]}}