{"id":7393,"date":"2026-02-01T18:35:57","date_gmt":"2026-02-01T17:35:57","guid":{"rendered":"https:\/\/klauskunze.com\/blog\/?p=7393"},"modified":"2026-02-10T10:26:52","modified_gmt":"2026-02-10T09:26:52","slug":"wiedergeburt-deutschlands-ohne-glauben","status":"publish","type":"post","link":"http:\/\/klauskunze.com\/blog\/2026\/02\/01\/wiedergeburt-deutschlands-ohne-glauben\/","title":{"rendered":"Wiedergeburt Deutschlands ohne Glauben?"},"content":{"rendered":"\n<h2 class=\"wp-block-heading\">Hinter die Kulissen blicken<\/h2>\n\n\n\n<p>Die Kulissen der <em>westlichen Wertegemeinschaft<\/em> und <em>UnsererDemokratie<\/em> sind durchsichtig geworden. Dahinter sehen wir die politischen Akteure der nackten Macht. Sie hantieren mit salbungsvollem Wortgeklingel, an das sie selbst nicht mehr glauben.<\/p>\n\n\n\n<p>Das ist bezeichnend f\u00fcr Epochenbr\u00fcche. 1789 glaubten auch viele Franzosen nicht mehr an <em>Gottesgnadentum<\/em>. Die historischen Folgen sind bekannt. Wenn die ideologischen Erkl\u00e4rungsmuster herrschender Kreise der gro\u00dfen Masse gar nichts mehr erkl\u00e4ren und keine L\u00f6sungen liefern, ereignet sich &#8211; Geschichte.<\/p>\n\n\n\n<p>In Europa hatte es drei gro\u00dfe Phasen der Aufkl\u00e4rung dar\u00fcber gegeben, da\u00df die Glaubenswahrheiten der herrschenden Eliten nur Kopfgeburten waren: <a href=\"https:\/\/klauskunze.com\/blog\/2023\/12\/28\/sag-mir-wo-die-mythen-sind\/\">die vorsokratische Aufkl\u00e4rung in Griechenland<\/a><a href=\"#_ftn1\" id=\"_ftnref1\">[1]<\/a>, der Humanismus<a href=\"#_ftn2\" id=\"_ftnref2\">[2]<\/a> und zuletzt die vollendete Aufkl\u00e4rung im 18. Jahrhundert<a href=\"#_ftn3\" id=\"_ftnref3\">[3]<\/a>.<\/p>\n\n\n\n<p>Jeder Epoche der Aufkl\u00e4rung war wiederum eine Welle neuer Ideologisierung gefolgt. Die breite Masse fr\u00f6stelt es bei der Vorstellung, da\u00df unserem Leben kein \u201eh\u00f6herer\u201c Sinn vorgegeben ist. Sie h\u00fcllt sich gern in den warmen Mantel einer sinnstiftenden Ideologie. Was im 20. Jahrhundert daraus folgte &#8211; 1917, 30.1.1933, 7.10.1949<a href=\"#_ftn4\" id=\"_ftnref4\">[4]<\/a> &#8211; ist bekannt.<\/p>\n\n\n\n<p>Auch in der Bundesrepublik wurde die ern\u00fcchterte, aufgekl\u00e4rte und skeptische Kriegsgeneration abgel\u00f6st von hoch ideologisierten Studenten, die uns jetzt mit ihrer ganzen Realit\u00e4tsblindheit<a href=\"#_ftn5\" id=\"_ftnref5\">[5]<\/a> als neue Machtelite im Nacken sitzen.<\/p>\n\n\n\n<p>Ich habe dagegen <a href=\"https:\/\/klauskunze.com\/blog\/2024\/04\/11\/das-rechte-weltbild\/\">den Realismus als wesentliches Merkmal \u201erechter\u201c Weltbetrachtung bezeichnet.<\/a><a href=\"#_ftn6\" id=\"_ftnref6\">[6]<\/a> Die rechte Pers\u00f6nlichkeit str\u00e4ubt sich dagegen, sich zum Beispiel nur als Untertan \u201eg\u00f6ttlicher\u201c Moralgebote oder \u201eS\u00fcnder\u201c zu f\u00fchlen oder als dienendes R\u00e4dchen in einer kollektivistischen Sozialmaschine. Darum staune ich, da\u00df gewisse, oft als rechts bezeichnete Autoren auf einmal ihr Jesulein wiederentdecken und die Wiedergeburt christlicher Glaubensdemut f\u00fcr eine gangbare Grundlage halten, unser Volk vor seiner Endl\u00f6sung zu bewahren.<\/p>\n\n\n\n<p>Rein funktional ist daran richtig, da\u00df die Sonne der Erkenntnis nicht \u00fcber jedem strahlt, sondern als erste erreicht, die auf den Gipfeln der Aufkl\u00e4rung weiter blicken. Es war aber historisch noch nie m\u00f6glich, aus Menschen, die an nichts glauben, eine wirksame soziale Bewegung zu schmieden. Fehlende soziale Durchschlagskraft ist der Preis der aufgekl\u00e4rten Erkenntnis.<\/p>\n\n\n\n<p>Bewahrung einer so\u00adzialen Gemeinschaft er\u00adfor\u00addert Wert\u00adsetzungen, welche die In\u00adte\u00adgri\u00adt\u00e4t der sozialen Ordnung nach in\u00adnen und au\u00dfen abst\u00fctzen. Oh\u00adne sozialbez\u00fcgli\u00adche Wert\u00adset\u00adzung und ohne Erziehung zu sozialen Tugenden haben wir keine Chan\u00adce, unser Gemeinwesen, unsere Vorstellungen mensch\u00adli\u00adchen Zu\u00adsam\u00admenlebens und letztlich uns selbst als Volk auf Dauer zu er\u00adhalten. Weil sich keine Ordnung von allein einstellt, bedarf auch ei\u00adne soziale Ord\u00adnung der Stiftung: Die Ordnung mu\u00df errichtet, sie er\u00adhaltende staat\u00adliche Institutionen m\u00fcssen etabliert und die sie st\u00fctzen\u00adden Tu\u00adgen\u00adden m\u00fcssen durchgesetzt wer\u00adden. <\/p>\n\n\n\n<p>Die Aufkl\u00e4rung dar\u00ad\u00fcber, da\u00df die gemeinschaftsbildenden Tu\u00adgen\u00adden letztlich nicht reli\u00adgi\u00f6s oder sonst metaphysisch begr\u00fcndbar sind, hat zum Verlust alles des\u00adsen gef\u00fchrt, was ein Gemeinwesen im Inner\u00adsten zu\u00adsam\u00admen\u00adh\u00e4lt. Sie &#8222;l\u00f6\u00adste die Treue\u00adpflicht zu au\u00dfer\u00adrationalen Wer\u00ad\u00adten auf, hob die Bin\u00ad\u00addun\u00adgen durch Kritik ins Bewu\u00dft\u00adsein, wo sie ver\u00adar\u00adbei\u00adtet und zer\u00addampft wur\u00adden, und stellte Formeln bereit, die An\u00adgriffs\u00adpo\u00adten\u00adtial, aber kei\u00adne konstrukti\u00adve Kraft hatten.&#8220;<a href=\"#_ftn7\" id=\"_ftnref7\">[7]<\/a> Wenn wir die Wirkungen des Ge\u00admein\u00adschaftlichen wie\u00adder nutzbar machen wollen und uns darum f\u00fcr die An\u00adwendung der gemein\u00adschaftsbildenden Werte ent\u00adschieden ha\u00adben, mu\u00df die Aufl\u00f6sung dieser Werte ein Ende haben. Sie sind der M\u00f6rtel, der die Bausteine unseres Geb\u00e4u\u00addes zusam\u00admen\u00adhal\u00adten soll.<\/p>\n\n\n\n<h2 class=\"wp-block-heading\">Der Vorhang der Aufkl\u00e4rung<\/h2>\n\n\n\n<p>Um sie sozial wirken zu lassen, m\u00fcssen wir den Vor\u00adhang der Aufkl\u00e4rung schlie\u00dfen und die so\u00adzialen Tugenden verk\u00fcnden und an\u00adwenden, als ob sie onto\u00adlogi\u00adsch real w\u00e4ren. &#8222;In dem Moment, in dem ein Reich aufh\u00f6rt, <em>heilig<\/em> zu sein, ist es schon kein <em>Reich<\/em> mehr.&#8220;<a href=\"#_ftn8\" id=\"_ftnref8\">[8]<\/a> Es ist praktisch un\u00adm\u00f6g\u00adlich, ein Volk intellektueller Einzel\u00adg\u00e4nger zu\u00adsam\u00admenzuhalten, die an \u00fcber\u00adhaupt nichts glau\u00adben. Ohne Zusammenhalt zu einem Ganzen ist auch der einzelne schwach; zu schwach in einer Acht-Milliarden-Men\u00adschen-Welt. Nur mit vereinten Kr\u00e4ften sind wir stark. &#8222;Der Ver\u00adein ist nur dein Werk\u00adzeug oder das Schwert, wodurch Du deine na\u00adt\u00fcr\u00adliche Kraft ver\u00adsch\u00e4rfst und vergr\u00f6\u00ad\u00dferst; der Verein ist f\u00fcr Dich und durch Dich da.&#8220;<a href=\"#_ftn9\" id=\"_ftnref9\">[9]<\/a><\/p>\n\n\n\n<p>Ich wei\u00df ja, lieber Leser: Wir sind hier unter uns. Gesamtschulverbl\u00f6dete Freitagsdemonstranten lesen keine S\u00e4tze mit mehr als drei Kommas. Darum kann ich das Geheimrezept ja l\u00fcften: Um sozial erfolgreich zu sein, m\u00fcssen wir diejenigen Werte bewu\u00dft setzen, die unser Volk zum \u00dcberleben ben\u00f6tigt. Wir m\u00fcssen dabei selbst nicht an einen <em>Mantel der Geschichte<\/em> glauben, der uns durchweht, nicht an <em>unser ewiges Deutschland<\/em>, nicht an <em>Ehre, Treue<\/em> und <em>Freiheit<\/em> so glauben, als existierten diese wie Wesenheiten &#8211; anthropomorphe Personifikationen &#8211; real.<\/p>\n\n\n\n<p>Trotzdem m\u00fcssen wir sie verk\u00fcnden, als w\u00e4ren sie Realit\u00e4ten. Immerhin wirken sie ja als soziale Tatsachen, solange Menschen an sie <em>glauben<\/em>. Das Wissen um die Willk\u00fcr solcher Wertsetzungen bleibt immer in\u00adtel\u00adlek\u00adtuellen Fein\u00adschmeckern vorbe\u00adhalten. Darum ist das <em>Verk\u00fcnden<\/em> der Werte, f\u00fcr die wir uns <em>entschieden<\/em> haben, eine realistische Op\u00adti\u00adon. Die Aufkl\u00e4rung mit ihrer Zerst\u00f6rung fast alles dessen, was Men\u00adschen einst heilig war, hat den Boden bereitet f\u00fcr eine neue Glau\u00adbens\u00adsehn\u00adsucht.<\/p>\n\n\n\n<p>&#8222;Die weite Verbreitung von Zwei\u00adfeln und Re\u00adspek\u00adtlosig\u00adkeit f\u00fchrt oft zu unerwarteten Ergebnissen.&#8220;<a href=\"#_ftn10\" id=\"_ftnref10\">[10]<\/a> <a href=\"https:\/\/de.wikipedia.org\/wiki\/Eric_Hoffer\">Eric Hof\u00adfer<\/a> hat auf diese hin\u00adge\u00adwiesen: Angesichts des menschlichen Glau\u00adbens\u00adhungers schafft der Intellek\u00adtu\u00adelle durch die Zerst\u00f6rung des einen Glaubens nur Sehnsucht nach ei\u00adnem neuen. Wenn die Menschen un\u00adbedingt etwas glauben wollen, soll\u00adten wir wenigstens denjenigen zu einem uns allen n\u00fctzli\u00adchen Glau\u00adben ver\u00adhel\u00adfen, die wir nicht rational vom Wert der eige\u00adnen, freien Ent\u00adschei\u00addung \u00fcber\u00adzeugen k\u00f6nnen.<\/p>\n\n\n\n<p>Die entscheidende Frage aller wertebasierten Normen ist die Begr\u00fcndung ihres Normgeltungsanspruchs. So gilt ein &#8222;g\u00f6ttliches&#8220; Gebot, weil ein Gott es so will. Intellektualisten wie Descartes und Kant wollten den Normgeltungsanspruch aus rationaler \u00dcberzeugung ableiten, Utopisten wie J\u00fcrgen Habermas aus einem &#8222;Verst\u00e4ndigungsproze\u00df&#8220;. Wenn aber alle Letztbegr\u00fcndungen und Anspr\u00fcche auf Normgehorsam versagen, wenn niemand mehr an den gebietenden Gott glaubt, wenn ein radikaler Egoist es f\u00fcr rational vern\u00fcnftig h\u00e4lt, zu tun, was ihm n\u00fctzt und auf den <a href=\"https:\/\/de.wikipedia.org\/wiki\/Kategorischer_Imperativ\">kategorischen Imperativ<\/a> pfeift, wenn ein Habermas&#8217;scher Verst\u00e4ndigungsproze\u00df gar nicht zustande kommt, wo das Schwert st\u00e4rker ist als das Wort?<\/p>\n\n\n\n<p>Aus dem Dilemma gibt es nur einen Notausgang: die Fiktion. Wir m\u00fcssen eine Norm setzen und eine Letztbegr\u00fcndung f\u00fcr sie erfinden. Der <em>Science Fiction<\/em> k\u00f6nnen wir eine <em>Moral Fiction<\/em> an die Seite stellen:<\/p>\n\n\n\n<h2 class=\"wp-block-heading\">Vom Wert der Fiktion<\/h2>\n\n\n\n<p>Politische und weltanschauliche \u00dcberzeugungen bilden sich nicht rational. Der Verstand webt nur nachtr\u00e4glich eine Scheinrationalisierung um Grundentscheidungen, die unser Gef\u00fchl schon vorbewu\u00dft getroffen hat. Dieses Gef\u00fchl speist sich aus unseren tiefsten \u00c4ngsten und Hoffungen, W\u00fcnschen und Bed\u00fcrfnissen. Sp\u00e4ter rationalisierte Ideologien fu\u00dfen immer auf solchen emotionalen Grundlagen. Diese nannte man in der Epoche der Aufkl\u00e4rung zusammenfassend &#8222;Leidenschaften&#8220;.<\/p>\n\n\n\n<blockquote class=\"wp-block-quote is-layout-flow wp-block-quote-is-layout-flow\">\n<p>Es ist ein wahres Elend der Menschen, da\u00df, sobald sie ihre Leidenschaften und Imaginierungskraft zu au\u00dferordentlichen, ihrem Temperamente gem\u00e4\u00dfen Meinungen verleitet: sie diese, ihre unzeitige Geburt sogleich f\u00fcr eine g\u00f6ttliche Einsprechung halten, und daher alles, was mit derselben nicht \u00fcbereinstimmet, es seie noch so heilig und gut, als einen verwerflichen Menschentand ansehen. <\/p>\n\n\n\n<p>Franz Balthasar Neuwirth, Verleger in K\u00f6ln, Unter Fetten Hennen, 1764, in: Fu\u00dfnote zu Michael von Isselt, Geschichte des C\u00f6lnischen Krieges, S.447.<\/p>\n<\/blockquote>\n\n\n\n<p>Die Abfolge von Bed\u00fcrfnissen und Gef\u00fchlen (&#8222;Leidenschaften&#8220;), Einbildungskraft und am Ende (rationalisierte) Meinung kommt schon in diesem fr\u00fchen Beleg deutlich zum Ausdruck. Darum will die Masse der Menschen unbedingt irgendetwas glauben. Sie ben\u00f6tigt einen tr\u00f6stenden und ermutigenden Anker, einen Schutz, der Sicherheit bietet. Glaubenslehren wie Religionen bieten sich daf\u00fcr ebenso an wie vordergr\u00fcndig weltlich auftretende Ideologien. Es ist eine soziale Tatsachen, da\u00df Bewegungen nicht gedeihen, die auf jede \u00fcberpers\u00f6nliche Sinnstiftung verzichten. Also m\u00fcssen wir den Menschen anbieten, was sie h\u00f6ren wollen. Wir m\u00fcssen ihre Gef\u00fchle bedienen.<\/p>\n\n\n\n<p><strong>Wir m\u00fcssen die Werte bewu\u00dft setzen und fiktional f\u00fcr real erkl\u00e4ren, die zur Wiedergeburt Deutschlands funktional erforderlich sind.<\/strong><\/p>\n\n\n\n<p>Eine Fiktion ist die Idee einer real nicht existenten Tatsache. Beispiele gibt es viele. So behandeln viele Menschen, ungeachtet rationaler Einw\u00e4nde, (die M\u00f6glichkeit umfassender) <em>Freiheit<\/em> des Willensentschlusses (entgegen dem Kausalit\u00e4tsgesetz) als m\u00f6glich, Verfassungsgesetzgeber fingieren eine vorstaatliche <em>Menschenw\u00fcrde<\/em> als Tatsache, Juristen behandeln eine <em>juristische Person <\/em>in vorgeschriebenen F\u00e4llen, als ob sie eine nat\u00fcrliche sei, ein Mensch. Ohne Fiktionen kommt niemand aus. Viele Linke fingieren  <em>menschliche Gleichheit<\/em> oder glauben, Rousseau folgend, an einen fiktiven <em>Gesellschaftsvertrag<\/em>, der angeblich vor Altersgrau geschlossen worden sei. Solche Fiktionen sind nicht nur sozial h\u00f6chst wirksam, sie sind zum Machterwerb und -erhalt unabdingbar.<\/p>\n\n\n\n<p>Es kommt immer nur darauf an, die gegnerischen Fiktionen zu dekonstruieren und die eigenen sozial wirksam werden zu lassen. <a href=\"https:\/\/klauskunze.com\/blog\/2023\/12\/28\/sag-mir-wo-die-mythen-sind\/\">Als Rechte haben wir unsere eigenen Mythen und Fiktionen<\/a>. <\/p>\n\n\n\n<blockquote class=\"wp-block-quote is-layout-flow wp-block-quote-is-layout-flow\">\n<p>Die Nation, so lesen wir erstaunt in einem Aufsatz von <a href=\"https:\/\/de.wikipedia.org\/wiki\/Harold_James_(Historiker)\">Harold James<\/a>, der Geschichte in Princeton lehrt, \u201edie Nation kompensiert die Verg\u00e4nglichkeit der menschlichen Dinge\u201c (\u201eDie Nemesis der Einfallslosigkeit\u201c, in \u201e<em>Frankfurter Allgemeine<\/em>\u201c, 17. 9. 90).&nbsp; \u201eWir brauchen nationale Mythen \u2013 oder wenigstens stabile nationale Institutionen \u2013, um mit der Tatsache der Ver\u00e4nderung zu Rande zu kommen\u201c, lesen wir bei Harold James weiter, und diese \u201ewestliche Stimme aus Princeton\u201c so eindringlich \u201erechts\u201c, so eindeutig nominalistisch, da\u00df \u201eDie Nemesis der Einfallslosigkeit\u201c sich passagenweise liest wie aus der Feder eines Armin Mohler.<br><a href=\"https:\/\/www.klauskunze.com\/es\/sta101990.htm\">Klaus Kunze, Deutsche Einheit &#8211; Luftschlo\u00df oder Realit\u00e4t? Staatsbriefe 10\/1990<\/a>, (<a href=\"https:\/\/www.klauskunze.com\/es\/Sta10-1990.pdf\">pdf<\/a>)<\/p>\n<\/blockquote>\n\n\n\n<p>Mythen sind in Geschichtenform tradierte Fiktionen. Schl\u00e4ft da nicht ein Barbarossa im Kyffh\u00e4user, hat hinabgenommen des Reiches Herrlichkeit, \u201eund wird einst wiederkommen mit ihr zu seiner Zeit?\u201c Dichtete nicht <a href=\"https:\/\/de.wikipedia.org\/wiki\/Felix_Dahn\">Felix Dahn<\/a>: \u201eGebt Raum ihr V\u00f6lker unserm Schritt, wir sind die letzten Goten\u201c? Fanden nicht schon Germanen Todesmut in der Fiktion, von Wotan abzustammen und nach einem Schlachtentod in Walhall einzugehen? Blieben nicht die Nibelungen treu bis in den Tod?<\/p>\n\n\n\n<figure class=\"wp-block-video aligncenter\"><video height=\"720\" style=\"aspect-ratio: 1280 \/ 720;\" width=\"1280\" controls src=\"https:\/\/klauskunze.com\/blog\/wp-content\/uploads\/2026\/02\/Knights_Templar_International_-_If_YOU_are_a_Serious_man_then_Join_the_Official_Knights_Templar_Orde._c9JJX9.mp4\"><\/video><figcaption class=\"wp-element-caption\">Die emotionale Wirkung eines KI-Videos leidet nicht darunter, da\u00df man den Inhalt wie auch den dahinterstehenden Glauben als fiktional durchschaut (<a href=\"https:\/\/x.com\/KnightsTempOrg\/status\/2017982800364708291\">Twitter 1.2.2026<\/a>, daraus auch oben das Beitragsbild)<\/figcaption><\/figure>\n\n\n\n<p>Es ist f\u00fcr einen Ungl\u00e4ubigen immer leicht, \u00fcber die Tr\u00e4ume und Fiktionen eines anderen zu lachen. Aber offenkundig funktioniert es. Mir fallen seit einiger Zeit auf Twitter (oder x) fiktive Animationen auf, in denen Tempelritter gegen die Feinde unserer Seinsweise marschieren. Rational gesehen mag das ein Niveau sein, an dem Zw\u00f6lfj\u00e4hrige sich begeistern k\u00f6nnen. Aber offenkundig wirkt es emotional.<\/p>\n\n\n\n<p>Die emotionale Wirkung einer Fiktion leidet offenbar nicht unter dem Bewu\u00dftsein, da\u00df es doch nur eine Fiktion ist. Jahrhundertelang knieten sich bei uns Gl\u00e4ubige vor irgendwelche Kreuze und beteten zu Jesus oder zu Heiligen. Glaubten sie wirklich, ihr Gott oder ein Heiliger wese darin tats\u00e4chlich herum? Der Glaubensinbrunst gen\u00fcgt ein blo\u00dfes Symbol, eine Fiktion, eine Vorstellung.<\/p>\n\n\n\n<p>In England unterl\u00e4uft seit einem Monat eine KI-animierte, fiktionale Dame namens <a href=\"https:\/\/jungefreiheit.de\/kultur\/2026\/alle-schwaermen-fuer-amelia\/\">Amelia <\/a>die britische Zensur und Strafverfolgung. Mit ihren markanten lila Haaren sagt sie den dort Herrschenden alles, was die nicht h\u00f6ren wollen. Von \u201eBritannia rules the waves\u201c angefangen l\u00e4\u00dft sie keinen englischen Mythos, keine Fiktion britischer Macht aus und ruft zum Widerstand gegen die Machtergreifung der Moslems auf.<\/p>\n\n\n\n<figure class=\"wp-block-video\"><video height=\"720\" style=\"aspect-ratio: 958 \/ 720;\" width=\"958\" controls src=\"https:\/\/klauskunze.com\/blog\/wp-content\/uploads\/2026\/02\/Amelia-1.mp4\"><\/video><\/figure>\n\n\n\n<p>Diese kurzen Animationen sind viel wirksamer als jeder geschriebene Text wie dieser, der ja ohnehin unter uns Pastorent\u00f6chtern bleiben wird. Unsere Linken, bemerke ich immer wieder, k\u00f6nnen ja intellektuell nicht mehr bis drei z\u00e4hlen und lesen keine Texte mehr. Amelia kreist unterdessen von Twitter \u00fcber Instagram, Tiktok und anderen jugendtypischen Kan\u00e4len und verbreitet erfolgreich, was ich hier nur spr\u00f6de als Wertsetzungen und Fiktionen bezeichne.<\/p>\n\n\n\n<p>Stellen wir uns darauf ein! \u201eGott will es!\u201c<a href=\"#_ftn11\" id=\"_ftnref11\">[11]<\/a><\/p>\n\n\n\n<p><\/p>\n\n\n\n<p class=\"has-text-align-center\"><strong>Lesen Sie gern weiter zum Umgang mit Fiktionen:<\/strong><\/p>\n\n\n\n<h1 class=\"wp-block-heading has-text-align-center\"><a href=\"https:\/\/klauskunze.com\/blog\/2026\/02\/06\/die-affen-die-woken-und-wir\/\">Die Affen, die Woken und wir<\/a><\/h1>\n\n\n\n<p><\/p>\n\n\n\n<hr class=\"wp-block-separator has-alpha-channel-opacity\"\/>\n\n\n\n<p><a href=\"#_ftnref1\" id=\"_ftn1\">[1]<\/a> Sie erkl\u00e4rte die Welt aus dem Naturgesetz von Ursache und Wirkung ohne Zuhilfenahme waltender G\u00f6tter.<\/p>\n\n\n\n<p><a href=\"#_ftnref2\" id=\"_ftn2\">[2]<\/a> Sie machte mit der Zeit das geschlossene Weltbild der Scholastik obsolet.<\/p>\n\n\n\n<p><a href=\"#_ftnref3\" id=\"_ftn3\">[3]<\/a> Bis zu rein materialistischen Versuchen wie denen von d\u2018Holbach und La Mettrie, woraus im 19. Jahrhundert Max Stirner und Friedrich Nietzsche die Konsequenzen zogen.<\/p>\n\n\n\n<p><a href=\"#_ftnref4\" id=\"_ftn4\">[4]<\/a> Gr\u00fcndung der DDR.<\/p>\n\n\n\n<p><a href=\"#_ftnref5\" id=\"_ftn5\">[5]<\/a> Genderwahn, Klimawahn, feministische Au\u00dfenpolitik &nbsp;und so weiter.<\/p>\n\n\n\n<p><a href=\"#_ftnref6\" id=\"_ftn6\">[6]<\/a> Klaus Kunze, Das rechte Weltbild, 2024.<\/p>\n\n\n\n<p><a href=\"#_ftnref7\" id=\"_ftn7\">[7]<\/a> Arnold Gehlen, Moral und Hypermoral, S.102, dort im Pr\u00e4sens.<\/p>\n\n\n\n<p><a href=\"#_ftnref8\" id=\"_ftn8\">[8]<\/a> Julius Evola, Revolte gegen die moderne Welt, S.353.<\/p>\n\n\n\n<p><a href=\"#_ftnref9\" id=\"_ftn9\">[9]<\/a> Max Stirner, Der Einzige und sein Eigentum, Reclam, 2.Abtl., II. 2., S.351.<\/p>\n\n\n\n<p><a href=\"#_ftnref10\" id=\"_ftn10\">[10]<\/a> Eric Hoffer, Der Fanatiker, S.119.<\/p>\n\n\n\n<p><a href=\"#_ftnref11\" id=\"_ftn11\">[11]<\/a> \u201eDeus lo vult\u201c, Papst Urban II im Jahr 1095. Ghu wei\u00df, an welchen fiktionalen Gott ich (als Atheist oder Agnostiker, aber doch auch als Science-<em>Fiction<\/em>-Leser) hier denke.<\/p>\n","protected":false},"excerpt":{"rendered":"<p>Hinter die Kulissen blicken Die Kulissen der westlichen Wertegemeinschaft und UnsererDemokratie sind durchsichtig geworden. Dahinter sehen wir die politischen Akteure der nackten Macht. Sie hantieren mit salbungsvollem Wortgeklingel, an das sie selbst nicht mehr glauben. Das ist bezeichnend f\u00fcr Epochenbr\u00fcche. 1789 glaubten auch viele Franzosen nicht mehr an Gottesgnadentum. Die historischen Folgen sind bekannt. Wenn [&hellip;]<\/p>\n","protected":false},"author":1,"featured_media":7397,"comment_status":"open","ping_status":"open","sticky":false,"template":"","format":"standard","meta":{"h5ap_radio_sources":[],"twitterCardType":"","cardImageID":0,"cardImage":"","cardTitle":"","cardDesc":"","cardImageAlt":"","cardPlayer":"","cardPlayerWidth":0,"cardPlayerHeight":0,"cardPlayerStream":"","cardPlayerCodec":"","footnotes":""},"categories":[1,13,20,17],"tags":[],"class_list":["post-7393","post","type-post","status-publish","format-standard","has-post-thumbnail","hentry","category-allgemein","category-geschichte","category-philosophie","category-politik"],"yoast_head":"<!-- This site is optimized with the Yoast SEO plugin v27.5 - https:\/\/yoast.com\/product\/yoast-seo-wordpress\/ -->\n<title>Wiedergeburt Deutschlands ohne Glauben? - Klaus Kunze<\/title>\n<meta name=\"robots\" content=\"index, follow, max-snippet:-1, max-image-preview:large, max-video-preview:-1\" \/>\n<link rel=\"canonical\" href=\"https:\/\/klauskunze.com\/blog\/2026\/02\/01\/wiedergeburt-deutschlands-ohne-glauben\/\" \/>\n<meta property=\"og:locale\" content=\"de_DE\" \/>\n<meta property=\"og:type\" content=\"article\" \/>\n<meta property=\"og:title\" content=\"Wiedergeburt Deutschlands ohne Glauben? - Klaus Kunze\" \/>\n<meta property=\"og:description\" content=\"Hinter die Kulissen blicken Die Kulissen der westlichen Wertegemeinschaft und UnsererDemokratie sind durchsichtig geworden. Dahinter sehen wir die politischen Akteure der nackten Macht. Sie hantieren mit salbungsvollem Wortgeklingel, an das sie selbst nicht mehr glauben. Das ist bezeichnend f\u00fcr Epochenbr\u00fcche. 1789 glaubten auch viele Franzosen nicht mehr an Gottesgnadentum. Die historischen Folgen sind bekannt. Wenn [&hellip;]\" \/>\n<meta property=\"og:url\" content=\"https:\/\/klauskunze.com\/blog\/2026\/02\/01\/wiedergeburt-deutschlands-ohne-glauben\/\" \/>\n<meta property=\"og:site_name\" content=\"Klaus Kunze\" \/>\n<meta property=\"article:published_time\" content=\"2026-02-01T17:35:57+00:00\" \/>\n<meta property=\"article:modified_time\" content=\"2026-02-10T09:26:52+00:00\" \/>\n<meta property=\"og:image\" content=\"http:\/\/klauskunze.com\/blog\/wp-content\/uploads\/2026\/02\/Zuschneiden_3.jpg\" \/>\n\t<meta property=\"og:image:width\" content=\"1845\" \/>\n\t<meta property=\"og:image:height\" content=\"1030\" \/>\n\t<meta property=\"og:image:type\" content=\"image\/jpeg\" \/>\n<meta name=\"author\" content=\"Klaus Kunze\" \/>\n<meta name=\"twitter:label1\" content=\"Verfasst von\" \/>\n\t<meta name=\"twitter:data1\" content=\"Klaus Kunze\" \/>\n\t<meta name=\"twitter:label2\" content=\"Gesch\u00e4tzte Lesezeit\" \/>\n\t<meta name=\"twitter:data2\" content=\"10\u00a0Minuten\" \/>\n<script type=\"application\/ld+json\" class=\"yoast-schema-graph\">{\"@context\":\"https:\\\/\\\/schema.org\",\"@graph\":[{\"@type\":\"Article\",\"@id\":\"https:\\\/\\\/klauskunze.com\\\/blog\\\/2026\\\/02\\\/01\\\/wiedergeburt-deutschlands-ohne-glauben\\\/#article\",\"isPartOf\":{\"@id\":\"https:\\\/\\\/klauskunze.com\\\/blog\\\/2026\\\/02\\\/01\\\/wiedergeburt-deutschlands-ohne-glauben\\\/\"},\"author\":{\"name\":\"Klaus Kunze\",\"@id\":\"https:\\\/\\\/klauskunze.com\\\/blog\\\/#\\\/schema\\\/person\\\/9c091cf30ab68b897db6a517e3c3b11b\"},\"headline\":\"Wiedergeburt Deutschlands ohne Glauben?\",\"datePublished\":\"2026-02-01T17:35:57+00:00\",\"dateModified\":\"2026-02-10T09:26:52+00:00\",\"mainEntityOfPage\":{\"@id\":\"https:\\\/\\\/klauskunze.com\\\/blog\\\/2026\\\/02\\\/01\\\/wiedergeburt-deutschlands-ohne-glauben\\\/\"},\"wordCount\":2159,\"commentCount\":0,\"publisher\":{\"@id\":\"https:\\\/\\\/klauskunze.com\\\/blog\\\/#\\\/schema\\\/person\\\/9c091cf30ab68b897db6a517e3c3b11b\"},\"image\":{\"@id\":\"https:\\\/\\\/klauskunze.com\\\/blog\\\/2026\\\/02\\\/01\\\/wiedergeburt-deutschlands-ohne-glauben\\\/#primaryimage\"},\"thumbnailUrl\":\"http:\\\/\\\/klauskunze.com\\\/blog\\\/wp-content\\\/uploads\\\/2026\\\/02\\\/Zuschneiden_3.jpg\",\"articleSection\":{\"1\":\"Geschichte\",\"2\":\"Philosophie\",\"3\":\"Politik\"},\"inLanguage\":\"de\",\"potentialAction\":[{\"@type\":\"CommentAction\",\"name\":\"Comment\",\"target\":[\"https:\\\/\\\/klauskunze.com\\\/blog\\\/2026\\\/02\\\/01\\\/wiedergeburt-deutschlands-ohne-glauben\\\/#respond\"]}]},{\"@type\":\"WebPage\",\"@id\":\"https:\\\/\\\/klauskunze.com\\\/blog\\\/2026\\\/02\\\/01\\\/wiedergeburt-deutschlands-ohne-glauben\\\/\",\"url\":\"https:\\\/\\\/klauskunze.com\\\/blog\\\/2026\\\/02\\\/01\\\/wiedergeburt-deutschlands-ohne-glauben\\\/\",\"name\":\"Wiedergeburt Deutschlands ohne Glauben? - Klaus Kunze\",\"isPartOf\":{\"@id\":\"https:\\\/\\\/klauskunze.com\\\/blog\\\/#website\"},\"primaryImageOfPage\":{\"@id\":\"https:\\\/\\\/klauskunze.com\\\/blog\\\/2026\\\/02\\\/01\\\/wiedergeburt-deutschlands-ohne-glauben\\\/#primaryimage\"},\"image\":{\"@id\":\"https:\\\/\\\/klauskunze.com\\\/blog\\\/2026\\\/02\\\/01\\\/wiedergeburt-deutschlands-ohne-glauben\\\/#primaryimage\"},\"thumbnailUrl\":\"http:\\\/\\\/klauskunze.com\\\/blog\\\/wp-content\\\/uploads\\\/2026\\\/02\\\/Zuschneiden_3.jpg\",\"datePublished\":\"2026-02-01T17:35:57+00:00\",\"dateModified\":\"2026-02-10T09:26:52+00:00\",\"breadcrumb\":{\"@id\":\"https:\\\/\\\/klauskunze.com\\\/blog\\\/2026\\\/02\\\/01\\\/wiedergeburt-deutschlands-ohne-glauben\\\/#breadcrumb\"},\"inLanguage\":\"de\",\"potentialAction\":[{\"@type\":\"ReadAction\",\"target\":[\"https:\\\/\\\/klauskunze.com\\\/blog\\\/2026\\\/02\\\/01\\\/wiedergeburt-deutschlands-ohne-glauben\\\/\"]}]},{\"@type\":\"ImageObject\",\"inLanguage\":\"de\",\"@id\":\"https:\\\/\\\/klauskunze.com\\\/blog\\\/2026\\\/02\\\/01\\\/wiedergeburt-deutschlands-ohne-glauben\\\/#primaryimage\",\"url\":\"http:\\\/\\\/klauskunze.com\\\/blog\\\/wp-content\\\/uploads\\\/2026\\\/02\\\/Zuschneiden_3.jpg\",\"contentUrl\":\"http:\\\/\\\/klauskunze.com\\\/blog\\\/wp-content\\\/uploads\\\/2026\\\/02\\\/Zuschneiden_3.jpg\",\"width\":1845,\"height\":1030},{\"@type\":\"BreadcrumbList\",\"@id\":\"https:\\\/\\\/klauskunze.com\\\/blog\\\/2026\\\/02\\\/01\\\/wiedergeburt-deutschlands-ohne-glauben\\\/#breadcrumb\",\"itemListElement\":[{\"@type\":\"ListItem\",\"position\":1,\"name\":\"Startseite\",\"item\":\"https:\\\/\\\/klauskunze.com\\\/blog\\\/\"},{\"@type\":\"ListItem\",\"position\":2,\"name\":\"Wiedergeburt Deutschlands ohne Glauben?\"}]},{\"@type\":\"WebSite\",\"@id\":\"https:\\\/\\\/klauskunze.com\\\/blog\\\/#website\",\"url\":\"https:\\\/\\\/klauskunze.com\\\/blog\\\/\",\"name\":\"Klaus Kunze\",\"description\":\"Blog\",\"publisher\":{\"@id\":\"https:\\\/\\\/klauskunze.com\\\/blog\\\/#\\\/schema\\\/person\\\/9c091cf30ab68b897db6a517e3c3b11b\"},\"potentialAction\":[{\"@type\":\"SearchAction\",\"target\":{\"@type\":\"EntryPoint\",\"urlTemplate\":\"https:\\\/\\\/klauskunze.com\\\/blog\\\/?s={search_term_string}\"},\"query-input\":{\"@type\":\"PropertyValueSpecification\",\"valueRequired\":true,\"valueName\":\"search_term_string\"}}],\"inLanguage\":\"de\"},{\"@type\":[\"Person\",\"Organization\"],\"@id\":\"https:\\\/\\\/klauskunze.com\\\/blog\\\/#\\\/schema\\\/person\\\/9c091cf30ab68b897db6a517e3c3b11b\",\"name\":\"Klaus Kunze\",\"image\":{\"@type\":\"ImageObject\",\"inLanguage\":\"de\",\"@id\":\"https:\\\/\\\/secure.gravatar.com\\\/avatar\\\/5cd83cadbada9c331a79952fcca177ed3d3be4c7ad3239b9d934bf84adff15dd?s=96&d=blank&r=g\",\"url\":\"https:\\\/\\\/secure.gravatar.com\\\/avatar\\\/5cd83cadbada9c331a79952fcca177ed3d3be4c7ad3239b9d934bf84adff15dd?s=96&d=blank&r=g\",\"contentUrl\":\"https:\\\/\\\/secure.gravatar.com\\\/avatar\\\/5cd83cadbada9c331a79952fcca177ed3d3be4c7ad3239b9d934bf84adff15dd?s=96&d=blank&r=g\",\"caption\":\"Klaus Kunze\"},\"logo\":{\"@id\":\"https:\\\/\\\/secure.gravatar.com\\\/avatar\\\/5cd83cadbada9c331a79952fcca177ed3d3be4c7ad3239b9d934bf84adff15dd?s=96&d=blank&r=g\"},\"sameAs\":[\"http:\\\/\\\/KlausKunze.com\",\"https:\\\/\\\/x.com\\\/https:\\\/\\\/twitter.com\\\/KlausKunze3\"]}]}<\/script>\n<!-- \/ Yoast SEO plugin. -->","yoast_head_json":{"title":"Wiedergeburt Deutschlands ohne Glauben? - Klaus Kunze","robots":{"index":"index","follow":"follow","max-snippet":"max-snippet:-1","max-image-preview":"max-image-preview:large","max-video-preview":"max-video-preview:-1"},"canonical":"https:\/\/klauskunze.com\/blog\/2026\/02\/01\/wiedergeburt-deutschlands-ohne-glauben\/","og_locale":"de_DE","og_type":"article","og_title":"Wiedergeburt Deutschlands ohne Glauben? - Klaus Kunze","og_description":"Hinter die Kulissen blicken Die Kulissen der westlichen Wertegemeinschaft und UnsererDemokratie sind durchsichtig geworden. Dahinter sehen wir die politischen Akteure der nackten Macht. Sie hantieren mit salbungsvollem Wortgeklingel, an das sie selbst nicht mehr glauben. Das ist bezeichnend f\u00fcr Epochenbr\u00fcche. 1789 glaubten auch viele Franzosen nicht mehr an Gottesgnadentum. Die historischen Folgen sind bekannt. Wenn [&hellip;]","og_url":"https:\/\/klauskunze.com\/blog\/2026\/02\/01\/wiedergeburt-deutschlands-ohne-glauben\/","og_site_name":"Klaus Kunze","article_published_time":"2026-02-01T17:35:57+00:00","article_modified_time":"2026-02-10T09:26:52+00:00","og_image":[{"width":1845,"height":1030,"url":"http:\/\/klauskunze.com\/blog\/wp-content\/uploads\/2026\/02\/Zuschneiden_3.jpg","type":"image\/jpeg"}],"author":"Klaus Kunze","twitter_misc":{"Verfasst von":"Klaus Kunze","Gesch\u00e4tzte Lesezeit":"10\u00a0Minuten"},"schema":{"@context":"https:\/\/schema.org","@graph":[{"@type":"Article","@id":"https:\/\/klauskunze.com\/blog\/2026\/02\/01\/wiedergeburt-deutschlands-ohne-glauben\/#article","isPartOf":{"@id":"https:\/\/klauskunze.com\/blog\/2026\/02\/01\/wiedergeburt-deutschlands-ohne-glauben\/"},"author":{"name":"Klaus Kunze","@id":"https:\/\/klauskunze.com\/blog\/#\/schema\/person\/9c091cf30ab68b897db6a517e3c3b11b"},"headline":"Wiedergeburt Deutschlands ohne Glauben?","datePublished":"2026-02-01T17:35:57+00:00","dateModified":"2026-02-10T09:26:52+00:00","mainEntityOfPage":{"@id":"https:\/\/klauskunze.com\/blog\/2026\/02\/01\/wiedergeburt-deutschlands-ohne-glauben\/"},"wordCount":2159,"commentCount":0,"publisher":{"@id":"https:\/\/klauskunze.com\/blog\/#\/schema\/person\/9c091cf30ab68b897db6a517e3c3b11b"},"image":{"@id":"https:\/\/klauskunze.com\/blog\/2026\/02\/01\/wiedergeburt-deutschlands-ohne-glauben\/#primaryimage"},"thumbnailUrl":"http:\/\/klauskunze.com\/blog\/wp-content\/uploads\/2026\/02\/Zuschneiden_3.jpg","articleSection":{"1":"Geschichte","2":"Philosophie","3":"Politik"},"inLanguage":"de","potentialAction":[{"@type":"CommentAction","name":"Comment","target":["https:\/\/klauskunze.com\/blog\/2026\/02\/01\/wiedergeburt-deutschlands-ohne-glauben\/#respond"]}]},{"@type":"WebPage","@id":"https:\/\/klauskunze.com\/blog\/2026\/02\/01\/wiedergeburt-deutschlands-ohne-glauben\/","url":"https:\/\/klauskunze.com\/blog\/2026\/02\/01\/wiedergeburt-deutschlands-ohne-glauben\/","name":"Wiedergeburt Deutschlands ohne Glauben? - Klaus Kunze","isPartOf":{"@id":"https:\/\/klauskunze.com\/blog\/#website"},"primaryImageOfPage":{"@id":"https:\/\/klauskunze.com\/blog\/2026\/02\/01\/wiedergeburt-deutschlands-ohne-glauben\/#primaryimage"},"image":{"@id":"https:\/\/klauskunze.com\/blog\/2026\/02\/01\/wiedergeburt-deutschlands-ohne-glauben\/#primaryimage"},"thumbnailUrl":"http:\/\/klauskunze.com\/blog\/wp-content\/uploads\/2026\/02\/Zuschneiden_3.jpg","datePublished":"2026-02-01T17:35:57+00:00","dateModified":"2026-02-10T09:26:52+00:00","breadcrumb":{"@id":"https:\/\/klauskunze.com\/blog\/2026\/02\/01\/wiedergeburt-deutschlands-ohne-glauben\/#breadcrumb"},"inLanguage":"de","potentialAction":[{"@type":"ReadAction","target":["https:\/\/klauskunze.com\/blog\/2026\/02\/01\/wiedergeburt-deutschlands-ohne-glauben\/"]}]},{"@type":"ImageObject","inLanguage":"de","@id":"https:\/\/klauskunze.com\/blog\/2026\/02\/01\/wiedergeburt-deutschlands-ohne-glauben\/#primaryimage","url":"http:\/\/klauskunze.com\/blog\/wp-content\/uploads\/2026\/02\/Zuschneiden_3.jpg","contentUrl":"http:\/\/klauskunze.com\/blog\/wp-content\/uploads\/2026\/02\/Zuschneiden_3.jpg","width":1845,"height":1030},{"@type":"BreadcrumbList","@id":"https:\/\/klauskunze.com\/blog\/2026\/02\/01\/wiedergeburt-deutschlands-ohne-glauben\/#breadcrumb","itemListElement":[{"@type":"ListItem","position":1,"name":"Startseite","item":"https:\/\/klauskunze.com\/blog\/"},{"@type":"ListItem","position":2,"name":"Wiedergeburt Deutschlands ohne Glauben?"}]},{"@type":"WebSite","@id":"https:\/\/klauskunze.com\/blog\/#website","url":"https:\/\/klauskunze.com\/blog\/","name":"Klaus Kunze","description":"Blog","publisher":{"@id":"https:\/\/klauskunze.com\/blog\/#\/schema\/person\/9c091cf30ab68b897db6a517e3c3b11b"},"potentialAction":[{"@type":"SearchAction","target":{"@type":"EntryPoint","urlTemplate":"https:\/\/klauskunze.com\/blog\/?s={search_term_string}"},"query-input":{"@type":"PropertyValueSpecification","valueRequired":true,"valueName":"search_term_string"}}],"inLanguage":"de"},{"@type":["Person","Organization"],"@id":"https:\/\/klauskunze.com\/blog\/#\/schema\/person\/9c091cf30ab68b897db6a517e3c3b11b","name":"Klaus Kunze","image":{"@type":"ImageObject","inLanguage":"de","@id":"https:\/\/secure.gravatar.com\/avatar\/5cd83cadbada9c331a79952fcca177ed3d3be4c7ad3239b9d934bf84adff15dd?s=96&d=blank&r=g","url":"https:\/\/secure.gravatar.com\/avatar\/5cd83cadbada9c331a79952fcca177ed3d3be4c7ad3239b9d934bf84adff15dd?s=96&d=blank&r=g","contentUrl":"https:\/\/secure.gravatar.com\/avatar\/5cd83cadbada9c331a79952fcca177ed3d3be4c7ad3239b9d934bf84adff15dd?s=96&d=blank&r=g","caption":"Klaus Kunze"},"logo":{"@id":"https:\/\/secure.gravatar.com\/avatar\/5cd83cadbada9c331a79952fcca177ed3d3be4c7ad3239b9d934bf84adff15dd?s=96&d=blank&r=g"},"sameAs":["http:\/\/KlausKunze.com","https:\/\/x.com\/https:\/\/twitter.com\/KlausKunze3"]}]}},"post_mailing_queue_ids":[],"_links":{"self":[{"href":"http:\/\/klauskunze.com\/blog\/wp-json\/wp\/v2\/posts\/7393","targetHints":{"allow":["GET"]}}],"collection":[{"href":"http:\/\/klauskunze.com\/blog\/wp-json\/wp\/v2\/posts"}],"about":[{"href":"http:\/\/klauskunze.com\/blog\/wp-json\/wp\/v2\/types\/post"}],"author":[{"embeddable":true,"href":"http:\/\/klauskunze.com\/blog\/wp-json\/wp\/v2\/users\/1"}],"replies":[{"embeddable":true,"href":"http:\/\/klauskunze.com\/blog\/wp-json\/wp\/v2\/comments?post=7393"}],"version-history":[{"count":23,"href":"http:\/\/klauskunze.com\/blog\/wp-json\/wp\/v2\/posts\/7393\/revisions"}],"predecessor-version":[{"id":7444,"href":"http:\/\/klauskunze.com\/blog\/wp-json\/wp\/v2\/posts\/7393\/revisions\/7444"}],"wp:featuredmedia":[{"embeddable":true,"href":"http:\/\/klauskunze.com\/blog\/wp-json\/wp\/v2\/media\/7397"}],"wp:attachment":[{"href":"http:\/\/klauskunze.com\/blog\/wp-json\/wp\/v2\/media?parent=7393"}],"wp:term":[{"taxonomy":"category","embeddable":true,"href":"http:\/\/klauskunze.com\/blog\/wp-json\/wp\/v2\/categories?post=7393"},{"taxonomy":"post_tag","embeddable":true,"href":"http:\/\/klauskunze.com\/blog\/wp-json\/wp\/v2\/tags?post=7393"}],"curies":[{"name":"wp","href":"https:\/\/api.w.org\/{rel}","templated":true}]}}