{"id":1031,"date":"2019-12-27T09:55:21","date_gmt":"2019-12-27T08:55:21","guid":{"rendered":"http:\/\/klauskunze.com\/blog\/?p=1031"},"modified":"2019-12-27T11:11:52","modified_gmt":"2019-12-27T10:11:52","slug":"antirassismus-als-herrschaftsideologie","status":"publish","type":"post","link":"https:\/\/klauskunze.com\/blog\/2019\/12\/27\/antirassismus-als-herrschaftsideologie\/","title":{"rendered":"Antirassismus als Herrschaftsideologie"},"content":{"rendered":"\n<p>  <\/p>\n\n\n\n<p>Zweifelsfrei war der historische Rassismus eine Herrschaftsideologie. In der 2. H\u00e4lfte des 19. Jahrhunderts teilten die USA und europ\u00e4ische M\u00e4chte die Welt unter sich auf. Am Schlu\u00df herrschte England \u00fcber ein F\u00fcnftel der Erde. Den Ureinwohnern brachten man, so ihre \u00dcberzeugung, die Zivilisation. Vom Pr\u00e4rieindianer bis zum Australneger galten die Eingeborenen als Primitive, und das nicht nur hinsichtlich ihrer fehlenden &#8222;Zivilisation&#8220;:<\/p>\n\n\n\n<p>Charles Darwin hatte n\u00e4mlich die Gesetze von Mutation und Selektion entdeckt. Die Evolutionsbiologie steckte noch in den Kinderschuhen und schwankte zwischen richtigen Beobachtungen und zu weit gehenden Schlu\u00dffolgerungen. In der \u00d6ffentlichkeit setzte sich schnell der von Darwins Gegnern befeuerte Eindruck von der Evolutionstheorie fest, sie betrachte &#8222;den Affen&#8220; als Vorfahren &#8222;des Menschen&#8220;. Die Evolution als eine lineare Entwicklung von etwas Niederem zu etwas &#8222;H\u00f6herem&#8220; aufzufassen, lag nahe.<\/p>\n\n\n\n<p>Als Motor der Selektion stellte man sich lange vor, es \u00fcberlebe und pflanze sich weiter fort, wer objektivierbar \u00fcberlebenstauglicher sei als der andere. Der \u00dcberlegene fresse jeweils den weniger T\u00fcchtigen. Die St\u00e4rksten w\u00fcrden dadurch \u00fcberleben. Biologisch ist das eine Simplifizierung, die heute so nicht mehr haltbar ist. Sie entsprach aber dem Wissensstand der Biologie bis zur 1. H\u00e4lfte des 20. Jahrhunderts und bildete eine Steilvorlage f\u00fcr eine auf sie aufbauende rassistische Ideologie. Diese besagte, es solle jeweils das \u00fcberlegene Tier das unterlegene fressen, und der \u00fcberlegene Mensch \u00fcber den unterlegenen herrschen, so sei nun einmal das Gesetz der Natur. Damit war die ideelle Rechtfertigung daf\u00fcr perfekt, \u00fcberseeische Gebiete zu kolonialisieren und die Eingeborenen zu beherrschen. Der Rassismus als Herrschaftsideologie war geboren.<\/p>\n\n\n\n<figure class=\"wp-block-image size-large\"><img loading=\"lazy\" decoding=\"async\" width=\"700\" height=\"875\" src=\"http:\/\/klauskunze.com\/blog\/wp-content\/uploads\/2019\/12\/2068.jpg\" alt=\"\" class=\"wp-image-1032\" srcset=\"https:\/\/klauskunze.com\/blog\/wp-content\/uploads\/2019\/12\/2068.jpg 700w, https:\/\/klauskunze.com\/blog\/wp-content\/uploads\/2019\/12\/2068-240x300.jpg 240w\" sizes=\"auto, (max-width: 700px) 100vw, 700px\" \/><figcaption>Verspottung Darwins, weil der Mensch &#8222;vom Affen abstamme&#8220;<\/figcaption><\/figure>\n\n\n\n<p>Wissenschaftlich gesehen war die damals so verstandene Evolution eine Theorie mit keinem weiteren Anspruch, als Realit\u00e4t zu beschreiben. Von Ideologen wurde sie mit einem verpflichtenden Sollen versehen. Das Primitivere sollte dem H\u00f6heren weichen. So eroberten tief christliche Kolonialm\u00e4chte mit gutem Gewissen fremde L\u00e4nder, was sie sonst vielleicht nur mit schlechtem vermocht h\u00e4tten. Denn nicht nur biologisch glaubte man sich h\u00f6herstehend, sondern auch kulturell. Man nahm sich selbst als Richtma\u00df, End- und H\u00f6hepunkt auch der kulturellen Evolution und fand die halbnackten Eingeborenen in ihren Bastr\u00f6ckchen ziemlich zur\u00fcckgeblieben. <\/p>\n\n\n\n<p>Bis heute beinhaltet die Forderung nach Entwicklungshilfe die Vorstellung, in anderen Menschen stecke im Kern angelegt bereits, was wir unter Zivilisation verstehen, es sei nur quasi noch eingewickelt, nicht richtig ausgewickelt, aber als Anlage vorhanden, es m\u00fcsse sich &#8222;entwickeln&#8220;, so wie die Bl\u00fcte in der Knospe schon angelegt ist. Auch die &#8222;Entwicklungshilfe&#8220; beruht auf einem zutiefst rassistischen Grundgedanken und stabilisiert in ihren konkreten Auswirkungen die Herrschaft \u00fcber die &#8222;Unterentwickelten.&#8220;<\/p>\n\n\n\n<p>Heute versteht die Biologie die Wechselwirkung von\nMutation und Selektion so, da\u00df der jeweils einer bestimmten Umweltsituation am\nbesten Angepa\u00dfte sich st\u00e4rker fortpflanzt. Die Evolution verl\u00e4uft also nicht\nzielgerichtet auf einen schon feststehenden Endpunkt hin und schon gar nicht\nzwangsl\u00e4ufig in Richtung auf eine &#8222;h\u00f6here&#8220; Entwicklungsstufe. Zu\ndieser Erkenntnis gelangte die Biologie aber erst in der zweiten H\u00e4lfte des 20.\nJahrhunderts. Der Rassismus auch als Herrschaftsideologie war damit pass\u00e9. <\/p>\n\n\n\n<p>Es schlug die Stunde des Antirassismus als\nHerrschaftsideologie. <\/p>\n\n\n\n<p>Wenn wir uns eine biologische Eigenschaft einer Spezies nicht recht erkl\u00e4ren k\u00f6nnen, kommen wir ihr auf die Spur durch die Frage: Inwiefern ist sie dem \u00dcberleben der Art dienlich? Bei der Erkl\u00e4rung einer geistigen Leistung wie einer verbreiteten menschlichen Ideologie ist dieselbe Frage angebracht: Inwiefern st\u00e4rkt es im sozialen Leben die Position eines Menschen oder einer Gruppe, eine bestimmte Ideologie anzunehmen?<\/p>\n\n\n\n<p>F\u00fcr den Rassismus ist das v\u00f6llig klar, aber f\u00fcr seine logische Umkehrung ebenso. Sie besagt, alle Menschen seien erstens gleich und zweitens darum gleichwertig, also sollten sie auch im Zweifel gleichgemacht und als gleichwertig behandelt werden. Mit dem Rassismus gemeinsam fu\u00dft der Antirassismus auf einer vermuteten biologischen Eigenschaft des Menschen und kn\u00fcpft daran die moralpolitische Forderung, diese Eigenschaft im sozialen Leben sicherzustellen. Inhaltlich handelt es sich dabei beim Rassismus um die angenommene Ungleichheit und beim Antirassismus um die Gleichheit. Strukturell denken die Anh\u00e4nger beider Ideologien gleich: Sie leiten aus einem angeblichen Sein ein moralpolitisches Sollen ab.<\/p>\n\n\n\n<p>Als soziales Ph\u00e4nomen k\u00f6nnen beide nur wirksam werden in\neiner Gesellschaft Ungleicher. Wo in einem Lande nur Angeh\u00f6rige desselben\nVolkes leben wie in Island, l\u00e4\u00dft sich keine Herrschaft auf eine Ideologie der\nGleichheit oder der Ungleichheit st\u00fctzen. In den S\u00fcdstaaten der USA hingegen\ndiente der Rassismus als Herrschaftsideologie. Er rechtfertigte die Herrschaft\nder einen \u00fcber die anderen. <\/p>\n\n\n\n<p>Nur in einem solchen Land taugt umgekehrt der\nAntirassismus als ideologische Waffe. Diese wird heute von zwei\nunterschiedlichen sozialen Gruppen zu ihrem jeweiligen Nutzen gef\u00fchrt: <\/p>\n\n\n\n<p>F\u00fcr Angeh\u00f6rige fr\u00fcher vom sozialen Aufstieg\nausgeschlossener ethnischer Gruppen liegt auf der Hand, da\u00df ihre soziale\nKarriere nur \u00fcber der Leiche des fr\u00fcheren Rassismus gelingen kann. Sie sind\nsolange die geborenenen Antirassisten, wie sie von der Herrschaft\nausgeschlossen sind. Ihr Antirassismus ist aber kein prinzipieller. Zum\nBeispiel kann unter der Losung &#8222;Black Power&#8220; ein eigener, handfester\nRassismus keimen. Der gegen die fr\u00fchere, &#8222;wei\u00dfe&#8220; Herrschaft\ngerichtete Antirassismus k\u00f6nnte theoretisch&nbsp;\nin einen eigenen Rassismus umschlagen, sobald die demographischen und\npolitischen Verh\u00e4ltnisse dies erlauben.<\/p>\n\n\n\n<p>Prinzipielle Antirassisten sind hingegen Intellektuelle,\nderen sozialer Aufstieg sich mit allgemeiner Durchsetzung einer\nantirassistischen Ideologie verbindet. Diese besagt, da\u00df Rassismus zu b\u00f6ser\nUnterdr\u00fcckung f\u00fchrt, da\u00df er darum \u00fcberall bek\u00e4mpft und unterdr\u00fcckt werden mu\u00df.\nEr mu\u00df in jedem seiner Schlupfwinkel aufgesp\u00fcrt und entlarvt werden. Um ihn in\njeder Maskerade zu durchschauen und immer neue rassistische Diskriminierungen\naufzudecken, bedarf es freilich speziell geschulter Fachleute. Nur\nantirassistische Intellektuelle sind imstande, aufgrund ihrer hohen geistigen\nBildung mit verbindlicher Wirkung f\u00fcr die ganze Gesellschaft zu interpretieren,\nwas unter Rassismus konkret zu verstehen ist.<\/p>\n\n\n\n<p>In einer solchen antirassistischen Gesellschaft\nherrscht, wer dar\u00fcber entscheidet, was Rassismus konkret bedeutet und welche\nsozialen und politischen Folgerungen daraus zu ziehen sind, mit welchen\nGesetzen und Ma\u00dfnahmen man Rassismus bek\u00e4mpft und wie mit Rassisten schlie\u00dflich\nzu verfahren ist.<\/p>\n\n\n\n<p><\/p>\n","protected":false},"excerpt":{"rendered":"<p>Zweifelsfrei war der historische Rassismus eine Herrschaftsideologie. In der 2. H\u00e4lfte des 19. Jahrhunderts teilten die USA und europ\u00e4ische M\u00e4chte die Welt unter sich auf. Am Schlu\u00df herrschte England \u00fcber ein F\u00fcnftel der Erde. Den Ureinwohnern brachten man, so ihre \u00dcberzeugung, die Zivilisation. Vom Pr\u00e4rieindianer bis zum Australneger galten die Eingeborenen als Primitive, und das [&hellip;]<\/p>\n","protected":false},"author":1,"featured_media":1035,"comment_status":"open","ping_status":"open","sticky":false,"template":"","format":"standard","meta":{"h5ap_radio_sources":[],"twitterCardType":"","cardImageID":0,"cardImage":"","cardTitle":"","cardDesc":"","cardImageAlt":"","cardPlayer":"","cardPlayerWidth":0,"cardPlayerHeight":0,"cardPlayerStream":"","cardPlayerCodec":"","footnotes":""},"categories":[1,15,20,17],"tags":[],"class_list":["post-1031","post","type-post","status-publish","format-standard","has-post-thumbnail","hentry","category-allgemein","category-natur","category-philosophie","category-politik"],"yoast_head":"<!-- This site is optimized with the Yoast SEO plugin v27.5 - https:\/\/yoast.com\/product\/yoast-seo-wordpress\/ -->\n<title>Antirassismus als Herrschaftsideologie - Klaus Kunze<\/title>\n<meta name=\"robots\" content=\"index, follow, max-snippet:-1, max-image-preview:large, max-video-preview:-1\" \/>\n<link rel=\"canonical\" href=\"https:\/\/klauskunze.com\/blog\/2019\/12\/27\/antirassismus-als-herrschaftsideologie\/\" \/>\n<meta property=\"og:locale\" content=\"de_DE\" \/>\n<meta property=\"og:type\" content=\"article\" \/>\n<meta property=\"og:title\" content=\"Antirassismus als Herrschaftsideologie - Klaus Kunze\" \/>\n<meta property=\"og:description\" content=\"Zweifelsfrei war der historische Rassismus eine Herrschaftsideologie. In der 2. H\u00e4lfte des 19. Jahrhunderts teilten die USA und europ\u00e4ische M\u00e4chte die Welt unter sich auf. Am Schlu\u00df herrschte England \u00fcber ein F\u00fcnftel der Erde. Den Ureinwohnern brachten man, so ihre \u00dcberzeugung, die Zivilisation. Vom Pr\u00e4rieindianer bis zum Australneger galten die Eingeborenen als Primitive, und das [&hellip;]\" \/>\n<meta property=\"og:url\" content=\"https:\/\/klauskunze.com\/blog\/2019\/12\/27\/antirassismus-als-herrschaftsideologie\/\" \/>\n<meta property=\"og:site_name\" content=\"Klaus Kunze\" \/>\n<meta property=\"article:published_time\" content=\"2019-12-27T08:55:21+00:00\" \/>\n<meta property=\"article:modified_time\" content=\"2019-12-27T10:11:52+00:00\" \/>\n<meta property=\"og:image\" content=\"https:\/\/klauskunze.com\/blog\/wp-content\/uploads\/2019\/12\/Zuschneiden_3.jpg\" \/>\n\t<meta property=\"og:image:width\" content=\"1244\" \/>\n\t<meta property=\"og:image:height\" content=\"644\" \/>\n\t<meta property=\"og:image:type\" content=\"image\/jpeg\" \/>\n<meta name=\"author\" content=\"Klaus Kunze\" \/>\n<meta name=\"twitter:label1\" content=\"Verfasst von\" \/>\n\t<meta name=\"twitter:data1\" content=\"Klaus Kunze\" \/>\n\t<meta name=\"twitter:label2\" content=\"Gesch\u00e4tzte Lesezeit\" \/>\n\t<meta name=\"twitter:data2\" content=\"5\u00a0Minuten\" \/>\n<script type=\"application\/ld+json\" class=\"yoast-schema-graph\">{\"@context\":\"https:\\\/\\\/schema.org\",\"@graph\":[{\"@type\":\"Article\",\"@id\":\"https:\\\/\\\/klauskunze.com\\\/blog\\\/2019\\\/12\\\/27\\\/antirassismus-als-herrschaftsideologie\\\/#article\",\"isPartOf\":{\"@id\":\"https:\\\/\\\/klauskunze.com\\\/blog\\\/2019\\\/12\\\/27\\\/antirassismus-als-herrschaftsideologie\\\/\"},\"author\":{\"name\":\"Klaus Kunze\",\"@id\":\"https:\\\/\\\/klauskunze.com\\\/blog\\\/#\\\/schema\\\/person\\\/9c091cf30ab68b897db6a517e3c3b11b\"},\"headline\":\"Antirassismus als Herrschaftsideologie\",\"datePublished\":\"2019-12-27T08:55:21+00:00\",\"dateModified\":\"2019-12-27T10:11:52+00:00\",\"mainEntityOfPage\":{\"@id\":\"https:\\\/\\\/klauskunze.com\\\/blog\\\/2019\\\/12\\\/27\\\/antirassismus-als-herrschaftsideologie\\\/\"},\"wordCount\":1002,\"commentCount\":2,\"publisher\":{\"@id\":\"https:\\\/\\\/klauskunze.com\\\/blog\\\/#\\\/schema\\\/person\\\/9c091cf30ab68b897db6a517e3c3b11b\"},\"image\":{\"@id\":\"https:\\\/\\\/klauskunze.com\\\/blog\\\/2019\\\/12\\\/27\\\/antirassismus-als-herrschaftsideologie\\\/#primaryimage\"},\"thumbnailUrl\":\"https:\\\/\\\/klauskunze.com\\\/blog\\\/wp-content\\\/uploads\\\/2019\\\/12\\\/Zuschneiden_3.jpg\",\"articleSection\":{\"1\":\"Natur\",\"2\":\"Philosophie\",\"3\":\"Politik\"},\"inLanguage\":\"de\",\"potentialAction\":[{\"@type\":\"CommentAction\",\"name\":\"Comment\",\"target\":[\"https:\\\/\\\/klauskunze.com\\\/blog\\\/2019\\\/12\\\/27\\\/antirassismus-als-herrschaftsideologie\\\/#respond\"]}]},{\"@type\":\"WebPage\",\"@id\":\"https:\\\/\\\/klauskunze.com\\\/blog\\\/2019\\\/12\\\/27\\\/antirassismus-als-herrschaftsideologie\\\/\",\"url\":\"https:\\\/\\\/klauskunze.com\\\/blog\\\/2019\\\/12\\\/27\\\/antirassismus-als-herrschaftsideologie\\\/\",\"name\":\"Antirassismus als Herrschaftsideologie - Klaus Kunze\",\"isPartOf\":{\"@id\":\"https:\\\/\\\/klauskunze.com\\\/blog\\\/#website\"},\"primaryImageOfPage\":{\"@id\":\"https:\\\/\\\/klauskunze.com\\\/blog\\\/2019\\\/12\\\/27\\\/antirassismus-als-herrschaftsideologie\\\/#primaryimage\"},\"image\":{\"@id\":\"https:\\\/\\\/klauskunze.com\\\/blog\\\/2019\\\/12\\\/27\\\/antirassismus-als-herrschaftsideologie\\\/#primaryimage\"},\"thumbnailUrl\":\"https:\\\/\\\/klauskunze.com\\\/blog\\\/wp-content\\\/uploads\\\/2019\\\/12\\\/Zuschneiden_3.jpg\",\"datePublished\":\"2019-12-27T08:55:21+00:00\",\"dateModified\":\"2019-12-27T10:11:52+00:00\",\"breadcrumb\":{\"@id\":\"https:\\\/\\\/klauskunze.com\\\/blog\\\/2019\\\/12\\\/27\\\/antirassismus-als-herrschaftsideologie\\\/#breadcrumb\"},\"inLanguage\":\"de\",\"potentialAction\":[{\"@type\":\"ReadAction\",\"target\":[\"https:\\\/\\\/klauskunze.com\\\/blog\\\/2019\\\/12\\\/27\\\/antirassismus-als-herrschaftsideologie\\\/\"]}]},{\"@type\":\"ImageObject\",\"inLanguage\":\"de\",\"@id\":\"https:\\\/\\\/klauskunze.com\\\/blog\\\/2019\\\/12\\\/27\\\/antirassismus-als-herrschaftsideologie\\\/#primaryimage\",\"url\":\"https:\\\/\\\/klauskunze.com\\\/blog\\\/wp-content\\\/uploads\\\/2019\\\/12\\\/Zuschneiden_3.jpg\",\"contentUrl\":\"https:\\\/\\\/klauskunze.com\\\/blog\\\/wp-content\\\/uploads\\\/2019\\\/12\\\/Zuschneiden_3.jpg\",\"width\":1244,\"height\":644},{\"@type\":\"BreadcrumbList\",\"@id\":\"https:\\\/\\\/klauskunze.com\\\/blog\\\/2019\\\/12\\\/27\\\/antirassismus-als-herrschaftsideologie\\\/#breadcrumb\",\"itemListElement\":[{\"@type\":\"ListItem\",\"position\":1,\"name\":\"Startseite\",\"item\":\"https:\\\/\\\/klauskunze.com\\\/blog\\\/\"},{\"@type\":\"ListItem\",\"position\":2,\"name\":\"Antirassismus als Herrschaftsideologie\"}]},{\"@type\":\"WebSite\",\"@id\":\"https:\\\/\\\/klauskunze.com\\\/blog\\\/#website\",\"url\":\"https:\\\/\\\/klauskunze.com\\\/blog\\\/\",\"name\":\"Klaus Kunze\",\"description\":\"Blog\",\"publisher\":{\"@id\":\"https:\\\/\\\/klauskunze.com\\\/blog\\\/#\\\/schema\\\/person\\\/9c091cf30ab68b897db6a517e3c3b11b\"},\"potentialAction\":[{\"@type\":\"SearchAction\",\"target\":{\"@type\":\"EntryPoint\",\"urlTemplate\":\"https:\\\/\\\/klauskunze.com\\\/blog\\\/?s={search_term_string}\"},\"query-input\":{\"@type\":\"PropertyValueSpecification\",\"valueRequired\":true,\"valueName\":\"search_term_string\"}}],\"inLanguage\":\"de\"},{\"@type\":[\"Person\",\"Organization\"],\"@id\":\"https:\\\/\\\/klauskunze.com\\\/blog\\\/#\\\/schema\\\/person\\\/9c091cf30ab68b897db6a517e3c3b11b\",\"name\":\"Klaus Kunze\",\"image\":{\"@type\":\"ImageObject\",\"inLanguage\":\"de\",\"@id\":\"https:\\\/\\\/secure.gravatar.com\\\/avatar\\\/5cd83cadbada9c331a79952fcca177ed3d3be4c7ad3239b9d934bf84adff15dd?s=96&d=blank&r=g\",\"url\":\"https:\\\/\\\/secure.gravatar.com\\\/avatar\\\/5cd83cadbada9c331a79952fcca177ed3d3be4c7ad3239b9d934bf84adff15dd?s=96&d=blank&r=g\",\"contentUrl\":\"https:\\\/\\\/secure.gravatar.com\\\/avatar\\\/5cd83cadbada9c331a79952fcca177ed3d3be4c7ad3239b9d934bf84adff15dd?s=96&d=blank&r=g\",\"caption\":\"Klaus Kunze\"},\"logo\":{\"@id\":\"https:\\\/\\\/secure.gravatar.com\\\/avatar\\\/5cd83cadbada9c331a79952fcca177ed3d3be4c7ad3239b9d934bf84adff15dd?s=96&d=blank&r=g\"},\"sameAs\":[\"http:\\\/\\\/KlausKunze.com\",\"https:\\\/\\\/x.com\\\/https:\\\/\\\/twitter.com\\\/KlausKunze3\"]}]}<\/script>\n<!-- \/ Yoast SEO plugin. -->","yoast_head_json":{"title":"Antirassismus als Herrschaftsideologie - Klaus Kunze","robots":{"index":"index","follow":"follow","max-snippet":"max-snippet:-1","max-image-preview":"max-image-preview:large","max-video-preview":"max-video-preview:-1"},"canonical":"https:\/\/klauskunze.com\/blog\/2019\/12\/27\/antirassismus-als-herrschaftsideologie\/","og_locale":"de_DE","og_type":"article","og_title":"Antirassismus als Herrschaftsideologie - Klaus Kunze","og_description":"Zweifelsfrei war der historische Rassismus eine Herrschaftsideologie. In der 2. H\u00e4lfte des 19. Jahrhunderts teilten die USA und europ\u00e4ische M\u00e4chte die Welt unter sich auf. Am Schlu\u00df herrschte England \u00fcber ein F\u00fcnftel der Erde. Den Ureinwohnern brachten man, so ihre \u00dcberzeugung, die Zivilisation. Vom Pr\u00e4rieindianer bis zum Australneger galten die Eingeborenen als Primitive, und das [&hellip;]","og_url":"https:\/\/klauskunze.com\/blog\/2019\/12\/27\/antirassismus-als-herrschaftsideologie\/","og_site_name":"Klaus Kunze","article_published_time":"2019-12-27T08:55:21+00:00","article_modified_time":"2019-12-27T10:11:52+00:00","og_image":[{"width":1244,"height":644,"url":"https:\/\/klauskunze.com\/blog\/wp-content\/uploads\/2019\/12\/Zuschneiden_3.jpg","type":"image\/jpeg"}],"author":"Klaus Kunze","twitter_misc":{"Verfasst von":"Klaus Kunze","Gesch\u00e4tzte Lesezeit":"5\u00a0Minuten"},"schema":{"@context":"https:\/\/schema.org","@graph":[{"@type":"Article","@id":"https:\/\/klauskunze.com\/blog\/2019\/12\/27\/antirassismus-als-herrschaftsideologie\/#article","isPartOf":{"@id":"https:\/\/klauskunze.com\/blog\/2019\/12\/27\/antirassismus-als-herrschaftsideologie\/"},"author":{"name":"Klaus Kunze","@id":"https:\/\/klauskunze.com\/blog\/#\/schema\/person\/9c091cf30ab68b897db6a517e3c3b11b"},"headline":"Antirassismus als Herrschaftsideologie","datePublished":"2019-12-27T08:55:21+00:00","dateModified":"2019-12-27T10:11:52+00:00","mainEntityOfPage":{"@id":"https:\/\/klauskunze.com\/blog\/2019\/12\/27\/antirassismus-als-herrschaftsideologie\/"},"wordCount":1002,"commentCount":2,"publisher":{"@id":"https:\/\/klauskunze.com\/blog\/#\/schema\/person\/9c091cf30ab68b897db6a517e3c3b11b"},"image":{"@id":"https:\/\/klauskunze.com\/blog\/2019\/12\/27\/antirassismus-als-herrschaftsideologie\/#primaryimage"},"thumbnailUrl":"https:\/\/klauskunze.com\/blog\/wp-content\/uploads\/2019\/12\/Zuschneiden_3.jpg","articleSection":{"1":"Natur","2":"Philosophie","3":"Politik"},"inLanguage":"de","potentialAction":[{"@type":"CommentAction","name":"Comment","target":["https:\/\/klauskunze.com\/blog\/2019\/12\/27\/antirassismus-als-herrschaftsideologie\/#respond"]}]},{"@type":"WebPage","@id":"https:\/\/klauskunze.com\/blog\/2019\/12\/27\/antirassismus-als-herrschaftsideologie\/","url":"https:\/\/klauskunze.com\/blog\/2019\/12\/27\/antirassismus-als-herrschaftsideologie\/","name":"Antirassismus als Herrschaftsideologie - Klaus Kunze","isPartOf":{"@id":"https:\/\/klauskunze.com\/blog\/#website"},"primaryImageOfPage":{"@id":"https:\/\/klauskunze.com\/blog\/2019\/12\/27\/antirassismus-als-herrschaftsideologie\/#primaryimage"},"image":{"@id":"https:\/\/klauskunze.com\/blog\/2019\/12\/27\/antirassismus-als-herrschaftsideologie\/#primaryimage"},"thumbnailUrl":"https:\/\/klauskunze.com\/blog\/wp-content\/uploads\/2019\/12\/Zuschneiden_3.jpg","datePublished":"2019-12-27T08:55:21+00:00","dateModified":"2019-12-27T10:11:52+00:00","breadcrumb":{"@id":"https:\/\/klauskunze.com\/blog\/2019\/12\/27\/antirassismus-als-herrschaftsideologie\/#breadcrumb"},"inLanguage":"de","potentialAction":[{"@type":"ReadAction","target":["https:\/\/klauskunze.com\/blog\/2019\/12\/27\/antirassismus-als-herrschaftsideologie\/"]}]},{"@type":"ImageObject","inLanguage":"de","@id":"https:\/\/klauskunze.com\/blog\/2019\/12\/27\/antirassismus-als-herrschaftsideologie\/#primaryimage","url":"https:\/\/klauskunze.com\/blog\/wp-content\/uploads\/2019\/12\/Zuschneiden_3.jpg","contentUrl":"https:\/\/klauskunze.com\/blog\/wp-content\/uploads\/2019\/12\/Zuschneiden_3.jpg","width":1244,"height":644},{"@type":"BreadcrumbList","@id":"https:\/\/klauskunze.com\/blog\/2019\/12\/27\/antirassismus-als-herrschaftsideologie\/#breadcrumb","itemListElement":[{"@type":"ListItem","position":1,"name":"Startseite","item":"https:\/\/klauskunze.com\/blog\/"},{"@type":"ListItem","position":2,"name":"Antirassismus als Herrschaftsideologie"}]},{"@type":"WebSite","@id":"https:\/\/klauskunze.com\/blog\/#website","url":"https:\/\/klauskunze.com\/blog\/","name":"Klaus Kunze","description":"Blog","publisher":{"@id":"https:\/\/klauskunze.com\/blog\/#\/schema\/person\/9c091cf30ab68b897db6a517e3c3b11b"},"potentialAction":[{"@type":"SearchAction","target":{"@type":"EntryPoint","urlTemplate":"https:\/\/klauskunze.com\/blog\/?s={search_term_string}"},"query-input":{"@type":"PropertyValueSpecification","valueRequired":true,"valueName":"search_term_string"}}],"inLanguage":"de"},{"@type":["Person","Organization"],"@id":"https:\/\/klauskunze.com\/blog\/#\/schema\/person\/9c091cf30ab68b897db6a517e3c3b11b","name":"Klaus Kunze","image":{"@type":"ImageObject","inLanguage":"de","@id":"https:\/\/secure.gravatar.com\/avatar\/5cd83cadbada9c331a79952fcca177ed3d3be4c7ad3239b9d934bf84adff15dd?s=96&d=blank&r=g","url":"https:\/\/secure.gravatar.com\/avatar\/5cd83cadbada9c331a79952fcca177ed3d3be4c7ad3239b9d934bf84adff15dd?s=96&d=blank&r=g","contentUrl":"https:\/\/secure.gravatar.com\/avatar\/5cd83cadbada9c331a79952fcca177ed3d3be4c7ad3239b9d934bf84adff15dd?s=96&d=blank&r=g","caption":"Klaus Kunze"},"logo":{"@id":"https:\/\/secure.gravatar.com\/avatar\/5cd83cadbada9c331a79952fcca177ed3d3be4c7ad3239b9d934bf84adff15dd?s=96&d=blank&r=g"},"sameAs":["http:\/\/KlausKunze.com","https:\/\/x.com\/https:\/\/twitter.com\/KlausKunze3"]}]}},"post_mailing_queue_ids":[],"_links":{"self":[{"href":"https:\/\/klauskunze.com\/blog\/wp-json\/wp\/v2\/posts\/1031","targetHints":{"allow":["GET"]}}],"collection":[{"href":"https:\/\/klauskunze.com\/blog\/wp-json\/wp\/v2\/posts"}],"about":[{"href":"https:\/\/klauskunze.com\/blog\/wp-json\/wp\/v2\/types\/post"}],"author":[{"embeddable":true,"href":"https:\/\/klauskunze.com\/blog\/wp-json\/wp\/v2\/users\/1"}],"replies":[{"embeddable":true,"href":"https:\/\/klauskunze.com\/blog\/wp-json\/wp\/v2\/comments?post=1031"}],"version-history":[{"count":3,"href":"https:\/\/klauskunze.com\/blog\/wp-json\/wp\/v2\/posts\/1031\/revisions"}],"predecessor-version":[{"id":1038,"href":"https:\/\/klauskunze.com\/blog\/wp-json\/wp\/v2\/posts\/1031\/revisions\/1038"}],"wp:featuredmedia":[{"embeddable":true,"href":"https:\/\/klauskunze.com\/blog\/wp-json\/wp\/v2\/media\/1035"}],"wp:attachment":[{"href":"https:\/\/klauskunze.com\/blog\/wp-json\/wp\/v2\/media?parent=1031"}],"wp:term":[{"taxonomy":"category","embeddable":true,"href":"https:\/\/klauskunze.com\/blog\/wp-json\/wp\/v2\/categories?post=1031"},{"taxonomy":"post_tag","embeddable":true,"href":"https:\/\/klauskunze.com\/blog\/wp-json\/wp\/v2\/tags?post=1031"}],"curies":[{"name":"wp","href":"https:\/\/api.w.org\/{rel}","templated":true}]}}