{"id":1166,"date":"2020-01-09T09:35:30","date_gmt":"2020-01-09T08:35:30","guid":{"rendered":"http:\/\/klauskunze.com\/blog\/?p=1166"},"modified":"2020-01-17T16:58:21","modified_gmt":"2020-01-17T15:58:21","slug":"verfolgte-demokraten","status":"publish","type":"post","link":"https:\/\/klauskunze.com\/blog\/2020\/01\/09\/verfolgte-demokraten\/","title":{"rendered":"Verfolgte Demokraten und Patrioten"},"content":{"rendered":"\n<h2 class=\"has-text-align-center wp-block-heading\">Wie Verfassungsschutz seit 1819 Demokraten verfolgte<\/h2>\n\n\n\n<p>Demokrat zu sein war einmal riskant. Der Verfassungsschutz der deutschen Kleinstaaten verfolgte erbarmungslos jeden, der die Souver\u00e4nit\u00e4t der kleinen und gr\u00f6\u00dferen F\u00fcrsten in Frage stellte und ein geeintes Deutschland forderte. Dieses sollte rechtsstaatlich und freiheitlich sein:<\/p>\n\n\n\n<blockquote class=\"wp-block-quote is-layout-flow wp-block-quote-is-layout-flow\"><p> Freiheit und Gleichheit ist das H\u00f6chste, wonach wir zu streben haben  [\u2026]. Aber es gibt keine Freiheit als in dem Gesetz und durch das Gesetz,  und keine Gleichheit als mit dem Gesetz und vor dem Gesetz. Wo kein  Gesetz ist, da ist keine Gleichheit, sondern Gewalttat, Unterwerfung,  Sklaverei. <br><\/p><cite>Beschl\u00fcsse von 1817, 19. Grundsatz<\/cite><\/blockquote>\n\n\n\n<p>Da\u00df es keine Gleichheit gibt als die Gleichheit mit dem Gesetz und vor dem Gesetz,  war sehr fortschrittlich.  Heute wollen viele wieder zur\u00fcckschreiten. Sie wollen nicht nur Gleichheit vor dem Gesetz. Sie wollen alle Menschen &#8222;tats\u00e4chlich&#8220; gleichmachen und gleichstellen. Ihnen gen\u00fcgt Gleichberechtigung nicht, sie wollen Gleichheit.<\/p>\n\n\n\n<p>Die Teilnehmer des Wartburgfestes, zumeist Studenten, erreichten ihre politischen Ziele nicht. Ihre Forderungen wurden erst viele Jahrzehnte sp\u00e4ter gr\u00f6\u00dftenteils eingel\u00f6st. Erst die Weimarer Verfassung stellte wirklich und v\u00f6llig alle Menschen vor dem Gesetz gleich. Heute gibt es Reaktion\u00e4re, die wieder bestimmte Leute privilegieren wollen. 1817 waren Adlige privilegiert. Heute genie\u00dfen Quotenmenschen Vorrechte. Vor dem Gesetz sind nicht mehr alle gleich, wenn sogenannte Benachteiligte oder Minderheiten Privilegien genie\u00dfen.<\/p>\n\n\n\n<blockquote class=\"wp-block-quote is-layout-flow wp-block-quote-is-layout-flow\"><p> Vorrechte sind mit der Gerechtigkeit unvereinbar. Wo es Bevorrechtigte  gibt, da mu\u00df es auch Beeintr\u00e4chtige geben. Dem Recht mu\u00df die Pflicht  gegen\u00fcberstehen. Gr\u00f6\u00dfere Rechte k\u00f6nnen im Staate nur diejenigen haben,  die gr\u00f6\u00dfere Pflichten haben.<\/p><cite>Beschl\u00fcsse von 1817, 27. Grundsatz<\/cite><\/blockquote>\n\n\n\n<p>In der Folge des Wartburgfestes gr\u00fcndeten die Studenten die Deutsche Burschenschaft. Sie war und blieb bis heute ein <a href=\"http:\/\/klauskunze.com\/blog\/2019\/12\/16\/rettungskapseln-freien-denkens\/\">Hort der Geistesfreiheit<\/a>. Die Reaktion auf sie bestand in den <a href=\"https:\/\/de.wikipedia.org\/wiki\/Karlsbader_Beschl%C3%BCsse\">Karlsbader Beschl\u00fcssen<\/a>. Die deutschen Staaten verboten die Burschenschaft und verfolgten ihre Mitglieder. Ein staatliches Spitzelwesen breitete sich aus, Vorl\u00e4ufer des Verfassungsschutzes und der politischen Polizei. <\/p>\n\n\n\n<p>Die deutschen Kleinstaaten des Vorm\u00e4rz waren meist nicht schriftlich verfa\u00dft. Auch England hat bis heute keine schriftliche Verfassung. Die damalige Verfassung des Staates in einem h\u00f6chst realen Verst\u00e4ndnis vom Schutz monarchischer Macht wurde bereits damals polizeilich gesch\u00fctzt.<\/p>\n\n\n\n<p>Bis 1848 wurden solche Studenten von den Universit\u00e4ten durch Relegation entfernt. Viele bedeutende Geister wie der Burschenschafter <a href=\"https:\/\/de.wikipedia.org\/wiki\/Carl_Schurz\">Carl Schurz<\/a> konnten sich der Einkerkerung nur durch Flucht ins Ausland im Jahre 1849 entziehen.<\/p>\n\n\n\n<p>Den Vorl\u00e4ufer unserer demokratischen Verfassung bildete die Paulskirchenverfassung von 1848. An ihr waren Burschenschafter ma\u00dfgeblich beteiligt. Von den Jahren der Demokratenverfolgung davor, dem sogenannten Vorm\u00e4rz, zeugt die nachstehende Fahndungsliste.<\/p>\n\n\n\n<h2 class=\"has-text-align-center wp-block-heading\"> Die politischen Studentenverfolgungen im Vorm\u00e4rz<\/h2>\n\n\n\n<p class=\"has-text-align-center\">Verzeichnisse politisch verd\u00e4chtiger deutscher Studenten<a href=\"http:\/\/klauskunze.com\/blog\/wp-admin\/post-new.php#_ftn1\">[1]<\/a><br>von <a href=\"https:\/\/de.wikipedia.org\/wiki\/Emerich_Zenegg-Scharffenstein\">Emerich von Zenegg-Scharffenstein<\/a><br> (1880-1948), Amtsrat im K\u00e4rtner Landesarchiv, Klagenfurt <\/p>\n\n\n\n<p>Bekanntlich gab das am 18. Oktober 1817 auf der Wartburg&nbsp; abgehaltene Studentenfest dem <a href=\"https:\/\/de.wikipedia.org\/wiki\/Klemens_Wenzel_Lothar_von_Metternich\">F\u00fcrsten Metternich<\/a> willkommenen Anla\u00df, im Bunde mit dem K\u00f6nig Friederich Wilhelm III. von Preu\u00dfen nunmehr energischer gegen&nbsp; die anwachsende demokratische Bewegung in Deutschland, deren Tr\u00e4ger vor allem die deutsche Studentenschaft war, aufzutreten. Das \u201egef\u00e4hrliche demokratische Gift\u201c sollte im Keime erstickt und vor allem dem politischen Treiben an den Universit\u00e4ten ein Ende gemacht werden. <\/p>\n\n\n\n<div class=\"wp-block-image\"><figure class=\"aligncenter size-large\"><img loading=\"lazy\" decoding=\"async\" width=\"580\" height=\"523\" src=\"http:\/\/klauskunze.com\/blog\/wp-content\/uploads\/2020\/01\/Wartburg_demonstration_1817-1.jpg\" alt=\"\" class=\"wp-image-1171\" srcset=\"https:\/\/klauskunze.com\/blog\/wp-content\/uploads\/2020\/01\/Wartburg_demonstration_1817-1.jpg 580w, https:\/\/klauskunze.com\/blog\/wp-content\/uploads\/2020\/01\/Wartburg_demonstration_1817-1-300x271.jpg 300w\" sizes=\"auto, (max-width: 580px) 100vw, 580px\" \/><figcaption>Zug auf die Wartburg am 18. Oktober 1817; Holzstich, koloriert, zeitgen\u00f6ssisch (<a href=\"https:\/\/de.wikipedia.org\/wiki\/Wartburgfest#\/media\/Datei:Wartburg_demonstration_1817.jpg\">Wikipedia<\/a>)<\/figcaption><\/figure><\/div>\n\n\n\n<p>Es erfolgten&nbsp; daher\nin den n\u00e4chsten Jahrzehnten zahlreiche Relegierungen&nbsp; politisch Verd\u00e4chtiger an den deutschen Universit\u00e4ten.&nbsp; Um ein \u00dcbergreifen der Bewegung nach\n\u00d6sterreich zu verhindern und den Relegierten den Besuch \u00f6sterreichischer&nbsp; Unterrichtsanstalten unm\u00f6glich zu machen,\nwurden die&nbsp; \u00f6sterreichischen Beh\u00f6rden,\nvor allem an den Grenzen, aber&nbsp; auch im\nInneren durch gedruckte Umlaufschreiben, sog.&nbsp;\nCircularien oder Currenden vor den betreffenden Studenten&nbsp; gewarnt und den Schreiben mit den\nNamensverzeichnissen auch eine genaue Personenbeschreibung angef\u00fcgt. Eine&nbsp; Anzahl solcher Schreiben fanden sich auch in\nK\u00e4rntner&nbsp; Archiven, die ich nachfolgend\nver\u00f6ffentliche, da sie gewi\u00df nicht ohne genealogisches Interesse sind. Sie sind\nwohl&nbsp; nicht vollst\u00e4ndig, sollten sp\u00e4terhin\nnoch solche zum&nbsp; Vorschein kommen, soll\nderen Ver\u00f6ffentlichung&nbsp; fortgesetzt\nwerden.&nbsp; <\/p>\n\n\n\n<p>Die vorliegenden stammen aus den Jahren 1838-1844&nbsp; und betreffen die Universit\u00e4ten zu Bonn,\nDresden,&nbsp; Gie\u00dfen, G\u00f6ttingen, Halle,\nKiel, K\u00f6nigsberg,&nbsp; Leipzig und W\u00fcrzburg.\nDie Schreiben wurden auf Anregung der k. k. Studienhofkommission in Wien erlassen\nund enthalten den Auftrag&nbsp; an die\npolitischen Beh\u00f6rden, \u201edas allf\u00e4llige Erscheinen dieser&nbsp; Individuen in den k. k. Staaten genau zu\n\u00fcberwachen,&nbsp; damit ihre Aufnahme an\neiner hierl\u00e4ndigen Lehranstalt&nbsp;\nverhindert werde\u201c. <\/p>\n\n\n\n<p>Au\u00dferdem fand sich noch \u201eein Verzeichnis \u00fcber alle,&nbsp; von der Bundes-Centralbeh\u00f6rde zu Frankfurt\nam Main (im Jahre 1835) zusammengestellten, die Namen, den Stand und Provenienz\nder deutschen politischen Fl\u00fcchtlinge und anderer im Auslande befindlichen,\nrevolution\u00e4rer Umtriebe verd\u00e4chtigen Individuen, mit dem Auftrage, auf die\nbezeichneten Individuen strenge zu invigiliren, sie bei Vorkommen sogleich\nanzuhalten und einer strengen Visitirung und Constatirung zu unter- ziehen und\nhier\u00fcber unter Beif\u00fcgung der Personsbeschreibung sogleich die Anzeige zu\nerstatten\u201c. Die Kurrende&nbsp; mit dem\nVerzeichnis wurde von der k. k. Polizeihofstelle&nbsp; in Wien im Jahre 1839 erlassen und umfa\u00dft politisch Verd\u00e4chtige\naus allen St\u00e4nden, unter denen wir manch&nbsp;\nbekannte Namen finden.<\/p>\n\n\n\n<p>Da man heute \u00fcber diese politischen Vergehen anders denkt, als damals, so wird wohl kaum jemand an der Ver\u00f6ffentlichung Ansto\u00df nehmen, im Gegenteil sie um des darin enthaltenen geschichtlichen, genealogischen&nbsp; und biologischen Materiales willen begr\u00fc\u00dfen. Sie sind im K\u00e4rtner Landesarchiv in Klagenfurt verwahrt.<\/p>\n\n\n\n<p>Abk\u00fcrzungen im Texte der Personenbeschreibungen.<br>A. = Alter, <br>Ab. = Augenbrauen, <br>Aug. = Augen, <br>B. = Bart, <br>Bes. = Besondere Kennzeichen, <br>G. = Gesicht, <br>Gf. = Gesichtsfarbe, <br>Gr. = Gr\u00f6\u00dfe, <br>H. = Haare, <br>K = Kinn, <br>L. = Lippen, <br>M. = Mund, <br>N. = Nase, <br>St. = Stirne, <br>Stat. = Statur, <br>Z. = Z\u00e4hne.<\/p>\n\n\n\n<p>Universit\u00e4t Bonn<br>\n1839.<br>\nHermann LOHDE, aus Berlin, stud. phil., A.: 23 J.,<br>\nGr.: 5 Fu\u00df 7\u00b4\u00b4, H.: blond, St.: frei, Ab.: blond, Aug.: blau,<br>\nN.: stark, M.: mittelm\u00e4\u00dfig, K.: rund, B.: blond, G.: rund,<br>\nGf.: sehr bla\u00df, Bes.: 3 starke Narben auf der linken Backe.<\/p>\n\n\n\n<p>Eduard BRAUN , aus Hadamar, stud. phil., A.: 20 J.,<br>\nGr.: 5 Fu\u00df 9\u00b4\u00b4, H.: braun, St.: hoch, Ab.: braun, Aug.: braun,<br>\nN.: mittelm\u00e4\u00dfig, M.: mittelm\u00e4\u00dfig, K.: l\u00e4nglich und spitz,<br>\nG.: l\u00e4nglich, Gf.: bla\u00df, Stat.: schlank, Bes.: eine Narbe auf <br>\nder linken Backe quer unter der Nase bis in die obere Lippe.<\/p>\n\n\n\n<p>Thomas FISCHER , aus London, stud. phil., A.: 25 J.,<br>\nGr.: 5 Fu\u00df 9\u00b4\u00b4, H.: dunkelblond, St.: frei, Ab.: dunkelblond,<br>\nAug.: blau, N.: lang, M.: gro\u00df, K.: oval, B.: dunkelblond,<br>\nG.: l\u00e4nglich, Gf.: bla\u00df, Stat.: schlank.<\/p>\n\n\n\n<p>Botho Felix GRAF V. STOLLBERG ZU STOLLBERG , aus<br>\nSador, stud. jur., A.: 20 J., Gr.: 5 Fu\u00df 7\u00b4\u00b4, H.: blond, St.:<br>\nfrei, Ab.: blond, Aug.: blau, N.: mittelm\u00e4\u00dfig, M.: mittel-<br>\nm\u00e4\u00dfig, K.: l\u00e4nglich, G.: l\u00e4nglich, Gf.: bla\u00df, Stat.: schlank.<\/p>\n\n\n\n<p>Rudolf GRAF V. SCH\u00c4SBERG , aus Kricheberg, stud. cam.,<br>\nA.: 22 J., Gr.: 5 Fu\u00df 8 1\/2\u00b4\u00b4, H.: blond, St.: frei, Ab.: blond,<br>\nAug.: br\u00e4unlich, N.: mittelm\u00e4\u00dfig, M.: mittelm\u00e4\u00dfig, K.: rund,<br>\nB: blond, G.: l\u00e4nglich, Gf.: gesund, Stat.: schlank.<\/p>\n\n\n\n<p>Kurth GRAF V. HAUGWITZ VON KR\u00c4PPITZ , stud. jur.,<br>\nA.: 22 J., Gr.: 5 Fu\u00df 6\u00b4\u00b4, H.: hellbraun, St.: frei, Ab.: hell-<br>\nbraun, Aug.: blau, N.: spitz, M.: mittelm\u00e4\u00dfig, K.: rund,<br>\nB.: blond, G.: oval, Gf.: gesund, Stat.: schlank.<\/p>\n\n\n\n<p>Dietrich FREIHERR VON LO\u00cb , aus Wisun, stud. jur.,<br>\nA.: 20 J., Gr.: 5 Fu\u00df 11\u00b4\u00b4, H.: blond, St.: frei, Ab.: blond,<br>\nAug.: blau, N: spitz und gro\u00df, M.: klein, K.: oval, G.: oval,<br>\nGf.: gesund, Stat.: schlank.<\/p>\n\n\n\n<p>Baum HAMBROK , aus Danzig, stud. jur., A.: 20 J., Gr.:<br>\n5 Fu\u00df 7\u00b4\u00b4, H.: blond, St.: bedeckt, Ab.: blond, Aug.: grau,<br>\nN: spitz und aufgeworfen, M.: mittelm\u00e4\u00dfig, K.: oval, G.:<br>\nl\u00e4nglich, Gf.: bla\u00df, Stat.: schlank.<\/p>\n\n\n\n<p>Wilhelm MEYER , aus Berlin, stud. jur., A.: 22 J., Gr.:<br>\n5 Fu\u00df 10\u00b4\u00b4, H.: blond, St.: frei, Ab.: blond, Aug.: blau,<br>\nN.: gro\u00df, M.: mittelm\u00e4\u00dfig, K.: oval, B.: r\u00f6thlich, <br>\nG.: oval, Gf.: gesund, Stat.: stark.<\/p>\n\n\n\n<p>Otto BARON VON ROESME , aus Altmoken, stud. jur.,<br>\nA.: 23 J., Gr.: 5 Fu\u00df 6\u00b4\u00b4, H.: dunkelbraun, St.: hoch, Ab.:<br>\ndunkelbraun, Aug.: dunkelbraun, N.: mittelm\u00e4\u00dfig, M.: mittel-<br>\nm\u00e4\u00dfig, K.: l\u00e4nglich, B.: braun, G.: l\u00e4nglich, Gf.: gesund, <br>\nStat.: schlank.<\/p>\n\n\n\n<p>Maximilian FREIHERR V. L\u00d6L , aus Wissen, stud. jur.,<br>\nA.: 21 J., Gr.: 5 Fu\u00df 9\u00b4\u00b4, H.: blond, St.: frei, Ab.: blond,<br>\nAug.: blau, N: gro\u00df, M.: mittelm\u00e4\u00dfig, K.: rund mit einem<br>\nGr\u00fcbchen, G.: oval, Gf.: gesund, Stat.: stark, B.: blond <br>\nund stark.<\/p>\n\n\n\n<p>Gustav BRANDT , aus Vlotho, stud. jur., A.: 21 J., Gr.:<br> 5 Fu\u00df 10\u00b4\u00b4, H.: blond, St.: frei, Ab.: blond, Aug.: grau,<br> N.: gro\u00df, M.: klein, K.: l\u00e4nglich, Stat.: schlank, B.: blond.<\/p>\n\n\n\n<p>Peter BUCH , aus Birgel, stud. med., A.: 20 J., Gr.: 5 Fu\u00df<br>\n5\u00b4\u00b4, H.: dunkelbraun, St.: hoch, Ab.: braun, Aug.: bl\u00e4ulich,<br>\nN.: gew\u00f6hnlich, M.: gro\u00df, B.: braun, K.: rund, <br>\nG.: l\u00e4nglich, Gf.: bla\u00df, Stat.: untersetzt.<\/p>\n\n\n\n<p>Friedrich August MARTH , aus Hanau, stud. jur., A.:<br>\n23 J., Gr.: 5 Fu\u00df 1\u00b4\u00b4, H.: braun, St.: gew\u00f6hnlich, Ab.: braun,<br>\nAug.: blau, N. und M.: gew\u00f6hnlich, K.: spitzig, G.: oval, <br>\nGf.: bla\u00df, Stat.: schlank.<\/p>\n\n\n\n<p>1840.<br>\nFranz V. STEINECHER , aus Unkel, stud. jur., Stat.: unter-<br>\nsetzt, H.: blond, St.: frei, Ab.: blond, Aug.: blau, N: mittel-<br>\nm\u00e4\u00dfig, M.: klein, K.: rund, Gf.: gesund, Bes.: Narbe auf<br>\nder Nase. <\/p>\n\n\n\n<p>1841.<br>\nArthur BREUSING , aus Osnabr\u00fcck, stud. med., A.: 22 J.,<br>\nH.: blond, St.: bedeckt, Aug.: bl\u00e4ulich-grau, Ab.: blond, N.:<br>\nmittelm\u00e4\u00dfig, M.: gro\u00df, K.: oval, ohne B., G.: l\u00e4nglich, Gf.:<br>\ngesund, Stat.: schlank.<\/p>\n\n\n\n<p>1842.<br>\nHermann V. LUCKOW , aus Mecklenburg-Schwerin, Gr.:<br>\n5 Fu\u00df 7\u00b4\u00b4, H.: blond, Ab.: blond, Aug.: br\u00e4unlich, N.: mittel-<br>\nm\u00e4\u00dfig, M.: gro\u00df, K.: rund, G.: l\u00e4nglich, B.: wenig, Stat.:<br>\nuntersetzt.<\/p>\n\n\n\n<p>Ernst DRONKE , aus Koblenz, Gr.: 5 Fu\u00df 4 1\/2\u00b4\u00b4, H.: br\u00e4un-<br>\nlich, Ab.: br\u00e4unlich, Aug.: br\u00e4unlich, N.: klein, M.: klein,<br>\nK.: oval, G.: l\u00e4nglich, Stat.: schlank, Bes.: Narbe und hinkt.<\/p>\n\n\n\n<p>GRAF BACZYNSKI , aus Berlin, Gr.: 5 Fu\u00df 4\u00b4\u00b4, H.: dunkel-<br>\nblond, Ab.: dunkelblond, Aug.: blau, N.: proportioniert, M.:<br>\nproportioniert, K.: rund, G.: oval.<\/p>\n\n\n\n<p>1843.<br>\nHubert SCHOPP , aus Ahrweiler, stud. jur., A.: 22 J., Gr.:<br>\n5 Fu\u00df 5\u00b4\u00b4, H.: dunkelbraun, Ab.: dunkelbraun, Aug.: blau,<br>\nN: spitzig, M.: gew\u00f6hnlich, K.: oval, G.: oval, B.: braun,<br>\nGf.: gesund, Stat.: stark, Bes.: eine Narbe auf der linken<br>\nSeite des Kinns.<\/p>\n\n\n\n<p>Universit\u00e4t Dresden<br>\n1840.<br>\nWilhelm LEBERECHT , aus Kiel, stud. jur. <br>\nOhne Beschreibung.<\/p>\n\n\n\n<p>Universit\u00e4t Gie\u00dfen<br>\n1839.<br>\nFriedrich LINDT und Karl METTERNICH . <br>\nOhne Beschreibung.<\/p>\n\n\n\n<p>Ludwig DIEFFENBACH , aus Friedberg, stud. jur. A.: 20 J.,<br>\nevangel. Religion, Gr.: 6 Fu\u00df 8\u00b4\u00b4, H.: blond, St.: nieder,<br>\nAb.: blond, Aug.: blau, N.: stark und stumpf, M.: klein,<br>\nZ.: gesund, L.: klein, K.: oval, B.: blond, G.: l\u00e4nglich-rund,<br>\nGf.: gesund, Stat.: stark, Bes.: Sommerflecke.<\/p>\n\n\n\n<p>Karl Georg SCHMITZ , aus Mainz, stud. jur. A.: 20 J.,<br>\nkathol. Religion, Gr.: 7 Fu\u00df 2\u00b4\u00b4, H.: schwarz, St.: klein,<br>\nAb.: schwarz, Aug.: blaugrau, N.: stumpf, M.: klein, Z.:<br>\nschlecht, L.: dick, K.: rund, G.: oval, Gf.: gesund, Stat.: <br>\nstark, Bes.: Brille.<\/p>\n\n\n\n<p>1840.<br>\nFriedrich Josef FUCHS , aus Hamburg geb., stud. jur.,<br>\nA.: 19 J., luther. Rel., Gr.: 5 Fu\u00df 6\u00b4\u00b4, H.: braun, St.: flach,<br>\nAb.: braun, Aug.: blaugrau, N.: spitzig, M.: gew\u00f6hnlich,<br>\nZ.: gesund, L.: gew\u00f6hnlich, K.: rund, B.: braun, G.: oval,<br>\nGf.: gesund, Stat.: schlank, Bes.: hinkt mit dem rechten<br>\nFu\u00df und hat eine Narbe.<\/p>\n\n\n\n<p>Julius K\u00d6NIGER , zu Betzbach geb., wohnhaft in Gie\u00dfen,<br>\nstud. forest., A.: 20 J., luther. Rel., Gr.: 6 Fu\u00df 5\u00b4\u00b4, H.:<br>\nblond, St.: niedrig, Ab.: blond, Aug.: blaugrau, N.: lang,<br>\nM.: klein, Z.: gesund, L.: gew\u00f6hnlich, K.: l\u00e4nglich, <br>\nB.: blond, G.: l\u00e4nglich, Gf.: gesund, Stat.: schlank.<\/p>\n\n\n\n<p>Karl MUXIER , zu Gie\u00dfen geb., Licen. cam., A.: 20 J.,<br>\nluther. Rel., Gr.: 7 Fu\u00df 3\u00b4\u00b4, H.: rot, St.: nieder, Ab.: rot,<br>\nAug.: blaugrau, N.: stumpf, M.: rund, Z.: gesund, L.: dick,<br>\nK.: rund, G.: oval, Gf.: gesund, Stat.: schlank.<\/p>\n\n\n\n<p>Gustav LYNIKER , zu Gie\u00dfen geb., stud. cam., A.: 28 J.,<br>\nevangel. Rel., Gr.: 6 Fu\u00df 3\u00b4\u00b4 H.: dunkelblond, St.: hoch, Ab.:<br>\nblond, Aug.: blaugrau, N.: stark, M.: klein, Z.: gesund, L.: dick,<br>\nK.: l\u00e4nglich, B.: blond, G.: l\u00e4nglich, Gf.: gesund, Stat.: unter-<br>\nsetzt, Bes.: auf der Nase eine Narbe.<\/p>\n\n\n\n<p>Otto HINKEL , zu Vilbel geb., stud. theol., A.: 19 J., evangel.<br>\nRel., Gr.: 6 Fu\u00df 8\u00b4\u00b4, H.: dunkelblond, St.: hoch, Ab.: blond,<br>\nAug.: blaugrau, N. und M.: mittelm\u00e4\u00dfig, Z.: gesund, L.: ge-<br>\nw\u00f6hnlich, K.: rund, B.: braun, G.: oval, Gf.: gesund, Stat.:<br>\nschlank. <\/p>\n\n\n\n<p>Heinrich  FREUND , aus Seligenstadt geb., wohnhaft zu<br>\nOffenbach, stud. med., A.: 20 J., evangel. Rel., Gr.: 6 Fu\u00df 6\u00b4\u00b4,<br>\nH.: braun, St.: frei, Ab.: braun, Aug.: dunkel, N.: spitzig,<br>\nM.: gew\u00f6hnlich, Z.: gut, L.: schmal, K.: rund, G.: l\u00e4nglich,<br>\nGf.: gesund, Stat.: schlank.<\/p>\n\n\n\n<p>August METZ , zu Dreieichenhein geb., wohnhaft in <br>\nDarmstadt, stud. jur., A.: 21 1\/2 J., kathol. Rel., Gr.: 6 Fu\u00df 9\u00b4\u00b4,<br>\nH.: braun, St.: offen, Ab.: braun, Aug.: braun, N. und M.:<br>\nklein, Z.: gut, L.: frisch, K.: rund, B.: dbraun, G.: oval, Gf.:<br>\ngesund, Stat.: untersetzt, Bes.: Narbe auf der linken Wange.<\/p>\n\n\n\n<p>Karl TRAUTWEIN , zu Einrichseis geb., wohnhaft in Maar,<br>\nLicen. forest., A.: 21 J., luther. Rel., Gr.: 6 Fu\u00df 9\u00b4\u00b4, H.:<br>\ndbraun, St.: hoch, Ab.: braun, Aug.: blau, N.: stark, M.: ge-<br>\nw\u00f6hnlich, Z.: gesund, L.: gew\u00f6hnlich, K.: spitzig, B.: im Ent-<br>\nstehen, G.: l\u00e4nglich, Gf.: bla\u00df, Stat.: stark.<\/p>\n\n\n\n<p>Ludwig MATHES , zu Offenbach geb., stud. theol., A.: 21 J.,<br>\nreform. Rel., Gr.: 6 Fu\u00df 7\u00b4\u00b4, H.: braun, St.: gew\u00f6lbt, Ab.:<br>\nbraun, Aug.: braun, N. u. M.: gew\u00f6hnlich, Z.: gut, L.: ge-<br>\nw\u00f6hnlich, K.: rund, G.: oval, Gf.: gesund, Stat.: untersetzt.<\/p>\n\n\n\n<p>Hermann SPIESS \/ SPIE\u00df , zu Offenbach geb., wohnhaft zu <br>\nSprendlingen, stud. forest., A.: 21 J., evangel. Rel., Gr.: 6 Fu\u00df 8\u00b4\u00b4,<br>\nH.: braun, St.: nieder, Ab.: braun, Aug.: blau, N. u. M.:<br>\ngew\u00f6hnlich, Z.: gut, L.: gew\u00f6hnlich, K.: rund, B.: dunkel, G.:<br>\nl\u00e4nglich, Gf.: gesund, Stat.: schlank.<\/p>\n\n\n\n<p>Philipp L\u00d6WER , zu Darmstadt geb., stud. chem., A.: 19 3\/4 J.,<br>\nevangel. Rel., Gr.: 6 Fu\u00df 8\u00b4\u00b4, H.: blond, St.: offen, Ab.: blond,<br>\nAug.: blau, N. und M.: klein, Z.: gut, L. klein und frisch,<br>\nK.: rundgew\u00f6lbt, G.: rund, Gf.: frisch, Stat.: untersetzt.<\/p>\n\n\n\n<p>Karl KLIPSTEIN , zu K\u00f6nigstetten geb., wohnhaft in Leigenheim, <br>\nstud. forest., luther. Rel., A.: 20 J., Gr.: 6 Fu\u00df 9\u00b4\u00b4, H.: blond, <br>\nSt.: gew\u00f6hnlich, Ab.: blond, Aug.: hellblau, N.: lang und <br>\nspitzig, M.: gro\u00df, Z.: gut, L.: gew\u00f6hnlich, K.: spitzig,<br>\nB.: blond, G.: sehr l\u00e4nglich, Gf.: frisch, Stat.: schlank.<\/p>\n\n\n\n<p>Theodor KORNMESSER , zu K\u00f6nig geb., wohnhaft in H\u00f6chst,<br>\nstud. jur., A.: 20 J., luther. Rel., Gr.: 6 Fu\u00df 8\u00b4\u00b4, H.: blond,<br>\nSt.: nieder, Ab.: blond, Aug.: blau, N.: stumpf, M.: gew\u00f6hn-<br>\nlich, Z.: vollkommen, L.: aufgeworfen, K.: rund, G.: rund,<br>\nGf.: frisch, Stat.: untersetzt.<\/p>\n\n\n\n<p>August WILLENB\u00dcSCHER , zu Beerfelden geb., stud. theol.,<br>\nA.: 19 J., luther. Rel., Gr.: 6 Fu\u00df 9\u00b4\u00b4, H.: braun, St.: offen,<br>\nAb.: braun, Aug.: braun, N.: stark, M.: klein, Z.: gut, L.: rot,<br>\nK.: oval, B.: blond, G.: oval, Gf.: frisch, Stat.: schlank, <br>\nBes.: Narbe auf der Stirne.<\/p>\n\n\n\n<p>Franz HORZ , zu Meerenberg geb., stud. forest., A.: 21 J.,<br>\nevangel. Rel., Gr.: 5 Fu\u00df 3\u00b4\u00b4, H.: blond, St.: hoch, Ab.: blond,<br>\nAug.: blau, N.: lang, M.: dick, Z.: gesund, L.: dick, K.: spitzig,<br>\nB.: blond, G.: l\u00e4nglich, Gf.: frisch, Stat.: schlank.<\/p>\n\n\n\n<p>Volrad KRAUSLER , zu Arelsen geb., <br>\nstud. med., A.: 22 J.<\/p>\n\n\n\n<p>Johann MEYER , zu Wolfersheim geb., wohnhaft in <br> Herrmannstein, A.: 25 J.<\/p>\n\n\n\n<p> Conrad RUTSCH , zu Petersburg geb., wohnhaft in Mannheim, <br> stud. chem., A.: 19 J., evangel. Rel., Gr.: 6 Schuh 9 1\/2\u00b4\u00b4, <br> H.: blond, St.: breit, Ab.: blond,. Aug.: blau, N.: spitzig,<br> M.: gew\u00f6hnlich, Z.: angegriffen, L.: frisch, K.: rund, <br> G.: l\u00e4nglich, Gf.: bleich, Stat.: schmal.<\/p>\n\n\n\n<p>Eduard STAMMLER , zu Lauterbach geb., wohnhaft in<br>\nGie\u00dfen, stud. med., A.: 20 J., evangel. Rel., Gr.: 7 Schuh 1\u00b4\u00b4,<br>\nH.: blond, St.: hoch, Ab.: blond, Aug.: blau, N.: spitzig und<br>\nlang, M.: gew\u00f6hnlich, Z.: gut, L.: frisch, K.: rund, G.: schmal,<br>\nGf.: frisch, Stat.: schlank.<\/p>\n\n\n\n<p>1844.<br>\nKarl PROUGE , zu Heugen geb., stud. med., A.: 23 J.,<br>\nevangel. Rel., Gr.: 7 Fu\u00df 2\u00b4\u00b4, H.: blond, St.: schmal, Ab.:<br>\nblond, Aug.: blau, N.: spitzig, M.: gew\u00f6hnlich, Z.: gut, <br>\nL.: frisch, K.: rund, G.: l\u00e4nglich, Gf.: gesund, Stat.: stark, <br>\nBes.: Narbe auf der linken Backe.<\/p>\n\n\n\n<p>Ferdinand ECKSTEIN , zu Gie\u00dfen geb., stud. jur., A.: 21 J.,<br>\nevangel. Rel., Gr.: 7 Fu\u00df, H.: schwarz, St.: nieder, Ab.:<br>\nschwarz, Aug.: dunkel, N.: spitzig, M.: gew\u00f6hnlich, Z.: gesund,<br>\nL.: frisch, K.: spitzig, G.: rund, Gf.: gesund, Stat.: schlank.<\/p>\n\n\n\n<p>Wilhelm SCHUHARD , zu Siekenhofen geb., stud. jur., <br>\nOhne Beschreibung.<\/p>\n\n\n\n<p>Universit\u00e4t G\u00f6ttingen<br>\n1838.<br>\nKarl MAKINHEN , aus Badenhausen.<br>\nLudwig R\u00d6HRSEN , aus Ammensen.<br>\nHeinrich Emilius WALTHER , aus Ilfeld.<br>\nOhne Beschreibung.<\/p>\n\n\n\n<p>1839.<br>\nCarl Eduard BR\u00dcNINGS , aus Bederkesa, Stat.: schlank,<br>\nH.: dblond, St.: bedeckt, Ab.: dblond, Aug.: blau, N.: schmal,<br>\nM.: mittelm\u00e4\u00dfig, K.: rund, Gf.: bla\u00df.<\/p>\n\n\n\n<p>Wilhelm DABEL , aus Cammin in Mecklenburg, Stat.:<br>\nschlank, H.: braun, St.: bedeckt, Ab.: braun, Aug.: braun,<br>\nN. und M.: gew\u00f6hnlich, K.: rund, Gf.: gesund.<\/p>\n\n\n\n<p>Karl RUDORO , aus Mellinghausen, Stat.: schlank, H.: blond,<br>\nSt.: bedeckt, Ab.: braun, Aug.: blau, N.: breit, M.: mittelgro\u00df, <br>\nK.: oval, Gf.: gesund.<\/p>\n\n\n\n<p>Fedor CRAMER , aus Cassel, Stat.: klein, H.: schwarz, St:<br>\nfrei, Ab.: schwarz, Aug.: dbraun, N.: gew\u00f6hnlich, M.: klein,<br>\nK.: rund, Gf.: gesund.<\/p>\n\n\n\n<p>August CRAMER , aus Cassel, Gr.: mittel, H.: schwarz, St.:<br>\nfrei, Ab.: schwarz, Aug.: dbraun, N.: gew\u00f6hnlich, M.: klein,<br>\nK.: oval, Gf.: gesund.<\/p>\n\n\n\n<p>1840.<br>\nKarl V. VEICHTNER , aus Kolnezrem in Curland, Stat.:<br>\nschlank, H.: braun, St.: frei, Ab.: braun, Aug.: grau, N.:<br>\nschmal, M.: mittelm\u00e4\u00dfig, K.: oval, Gf.: bla\u00df, <br>\nBes.: Narbe im Gesicht. <\/p>\n\n\n\n<p>Friedrich Wilhelm Ferdinand FALKER , aus Oberspier,<br>\nStat.: schlank, H.: braun, St.: hoch, Ab.: braun, Aug.:<br>\nblau, N.: schmal, M.: mittelgro\u00df, K.: oval, Gf.: gesund.<\/p>\n\n\n\n<p>Karl S. LANGER , aus L\u00fcneburg, stud. forest., Stat.: schlank,<br>\nH.: blond, St.: bedeckt, Ab.: blond, Aug.: blau, N.: gew\u00f6hnlich, <br>\nM.: klein, K.: rund, Gf.: gesund.<\/p>\n\n\n\n<p>Heinrich V. WARNSDORF , aus Fulda, stud. jur., Stat.:<br>\nmittelgro\u00df, H.: braun, Ab.: braun, Aug.: blau, N.: gew\u00f6hnlich,<br>\nM.: mittelgro\u00df, K.: rund, Gf.: bla\u00df.<\/p>\n\n\n\n<p>Herald KARSTENS , aus Kiel, stud. jur., Stat.: schlank,<br>\nH.: blond, St.: frei, Ab.: blond, Aug.: blau, N.: schmal, M.:<br>\nmittelgro\u00df, K.: oval, Gf.: bla\u00df, Bes.: Narbe auf der linken<br>\nWange.<\/p>\n\n\n\n<p>1841.<br>\nGerhard V. BLONAY , aus Stordan geb., stud. mathem.,<br>\nStat.: klein, H.: blond, St.: frei, Ab.: blond, Aug.: blau,<br>\nN.: schmal, M.: klein, K.: rund, Gf.: bla\u00df. <\/p>\n\n\n\n<p>Friedrich FRIES , aus Jena geb., stud. jur., Stat.: klein,<br>\nH.: blond, St.: bedeckt, Ab.: blond, Aug.: blau, <br>\nN.: gebogen, M.: klein, Gf.: gesund.<\/p>\n\n\n\n<p>Albert HEINEKEN , aus Bremen geb., stud. jur., Stat.: <br>\nmittelgro\u00df, H.: braun, St.: frei, Ab.: braun, Aug.: blau,<br>\nN.: schmal, M.: mittelgro\u00df, K.: rund, Gf.: gesund.<\/p>\n\n\n\n<p>Friedrich PAPE , aus Lemgo geb., stud. jur., Stat.: mittel-<br>\ngro\u00df, H.: dblond, St.: frei, Ab.: dblond, Aug.: hellbraun,<br>\nN.: schmal, M.: klein, K.: rund, Gf.: gesund.<\/p>\n\n\n\n<p>Hermann AHNBERG , aus Wetteborn geb., stud. med.,<br>\nStat.: klein, H.: braun, St.: bedeckt, Ab.: braun, Aug.: braun,<br>\nN.: schmal, M.: klein, K.: oval, Gf.: bla\u00df.<\/p>\n\n\n\n<p>Wilhelm RASCHER , aus Brunshausen geb., stud. ?, Stat.:<br>\ngro\u00df, H.: blond, St.: frei, Ab.: blond, Aug.: blau, N.: lang,<br>\nM.: breit, K.: rund, Gf.: gesund, Bes.: Narbe auf der <br>\nlinken Wange.<\/p>\n\n\n\n<p>Karl V. VEICHTNER , aus Curland geb., stud. med., Stat.:<br>\nschlank, H.: braun, St.: frei, Ab.: braun, Aug.: braun, N.:<br>\nschmal, M.: klein, K.: oval, Gf.: bla\u00df (Nb. s. oben 1840).<\/p>\n\n\n\n<p>Peter V. WILLEMOES SUHM , aus Itzehoe geb., stud. jur.,<br>\nStat.: schlank, H.: hellbraun, St.: frei, Ab.: hellbraun, Aug.:<br>\nhellbraun, N.: gew\u00f6hnlich, K.: oval, Gf.: gesund, <br>\nBes.: Narbe auf der linken Wange.<\/p>\n\n\n\n<p>1842.<br>\nTheodor V. WREDE , aus Hannover, Stat.: schlank, H.: blond,<br>\nSt.: frei, Ab.: blond, N.: schmal, M.: gew\u00f6hnlich, K.: oval,<br>\nGf.: gesund, Aug.: blau.<\/p>\n\n\n\n<p>Heinrich MENADIER , aus Braunschweig, Stat.: mittel-<br>\ngro\u00df, H.: dblond, St.: bedeckt, Ab.: braun, N.: schmal, <br>\nM.: klein, K.: rund, Gf.: gesund, Aug.: blau.<\/p>\n\n\n\n<p>Friedrich BRIGMAN , aus Rinde, Stat.: gro\u00df und schlank,<br>\nH.: blond, St.: frei, Ab.: blond, N.: dick, M.: mittelgro\u00df,<br>\nK.: rund, Gf.: gesund, Aug.: blau.<\/p>\n\n\n\n<p>Johann STEMMERMANN , aus Stade, Stat.: gedrungen,<br>\nH.: dblond, St.: bedeckt, Ab.: blond, N.: dick, M.: aufgeworfen,<br>\nK.: rund, Gf.: bla\u00df, Aug.: blau.<\/p>\n\n\n\n<p>Heinrich LA CROIX , aus Anrich, Stat.: schlank, H.: dbraun,<br>\nSt.: bedeckt, Ab.: dbraun, N.: stumpf, M.: klein, K.: oval, Gf.:<br>\ngesund, Aug.: blau.<\/p>\n\n\n\n<p>Georg MAYER , aus Hannover, Stat.: schlank, H.: braun,<br>\nSt.: frei, Ab.: braun, N.: schmal, M.: gro\u00df, K.: rund, Gf.:<br>\nbla\u00df, Aug.: blau, Bes.: Narbe auf der rechten Seite des <br>\nGesichts.<\/p>\n\n\n\n<p>Otto WEBER , aus Boreden, Stat.: klein, H.: dblond, St.: frei,<br>\nAb.: braun, N.: dick, M.: gro\u00df, K.: rund, Gf.: gesund, Aug.: <br>\nblau.<\/p>\n\n\n\n<p>Carl ECHERT , aus Grund, Stat.: schlank, H.: dblond, St.: be-<br>\ndeckt, Ab.: braun, N.: schmal, M.: klein, K.: oval, Gf.: gesund,<br>\nAug.: blau.<\/p>\n\n\n\n<p>1843.<br>\nHermann FEINDT , aus Mackensen, Mediziner, Stat.:<br>\nschlank, H.: rot, St.: frei, Ab.: hellblond, Aug.: blau, <br>\nN.: breit, M.: mittelgro\u00df, K.: rund, Gf.: bla\u00df.<\/p>\n\n\n\n<p>Philipp Christoph WITTICH , aus Stadthagen, Berg-<br>\nrechtsbeflissener, Stat.: mittelgro\u00df, H.: braun, St.: frei,<br>\nAb.: braun, Aug.: blau, N.: klein, M.: schmal, K.: rund, <br>\nGf.: gesund.<\/p>\n\n\n\n<p>Bernhard V. HOGKE , aus Schilfa, stud. jur., Stat.: gro\u00df,<br>\nH.: blond, St.: frei, Ab.: blond, Aug.: blau, N.: schmal,<br>\nM.: klein, K.: rund, Gf.: gesund.<\/p>\n\n\n\n<p>Joseph FUNKE , aus Sillium, Stud. der \u00d6konomie, Stat.:<br>\nschlank, H.: dblond, St.: bedeckt, Ab.: blond, Aug.: blau, <br>\nN.: lang, K.: rund, Gf.: gesund.<\/p>\n\n\n\n<p>Georg Rudolph Eberhard ZITTING , aus Aurich, Mediziner, <br>\nStat.: schlank, H.: braun, St.: bedeckt, Ab.: braun, Aug.: <br>\nbraun, N.: schmal, M.: mittelgro\u00df, K.: rund, Gf.: bla\u00df.<\/p>\n\n\n\n<p>Hermann HESS \/ HE\u00df , aus Gotha, stud. jur., Stat.: mittel-<br>\ngro\u00df, H.: dblond, St.: frei, Ab.: blond, Aug.: blau, N.: kurz, <br>\nM.: mittelgro\u00df, K.: rund, Gf.: bla\u00df.<\/p>\n\n\n\n<p>1844.<br>\nKarl TROMBETTA , aus Limburg geb., stud. jur., Stat.:<br>\nmittelgro\u00df, H.: braun, St.: frei, Ab.: braun, Aug.: braun,<br>\nN.: schmal, M.: klein, K.: oval, Gf.: gesund, Bes.: Narbe <br>\n\u00fcber der linken Seite des Gesichtes.<\/p>\n\n\n\n<p>August HEUSCHERT , aus Neustrelitz, stud. med., Stat.:<br>\nschlank, H.: dblond, St.: bedeckt, Ab.: dblond, Aug.: blau,<br>\nN.: schmal, M.: Hein, K.: oval, Gf.: bla\u00df.<\/p>\n\n\n\n<p>Wilhelm V. DREBBER , aus Drahenburg, stud. jur., Stat.:<br>\ngro\u00df, H.: braun, St.: frei, Ab.: braun, Aug.: blau, N.: dick,<br>\nM.: mittelgro\u00df, K.: rund, Gf.: gesund.<\/p>\n\n\n\n<p>Adolph G\u00d6RLING , aus Lolnfeld, stud. phil., Stat.: schlank<br>\nund gro\u00df, H.: dblond, St.: frei, Ab.: blond, Aug.: blau, N.:<br>\nschmal, M.: gew\u00f6hnlich, K.: l\u00e4nglich, Gf.: gesund.<\/p>\n\n\n\n<p>Universit\u00e4t Halle<br>\n1839.<br>\nJohann Friedrich Wilhelm PFITZNER , aus Sch\u00f6nbeck,<br>\nstud. theol., A.: 24 1\/2 J., Gr.: 5 Fu\u00df 5\u00b4\u00b4, H.: blond, St.:<br>\nrund, Ab.: blond, Aug.: bl\u00e4ulich, N.: spitzig, M.: gew\u00f6hnlich,<br>\nB.: blond und stark am Kinn, K.: und G.: oval, Gf.: gesund,<br>\nBes.: Narbe auf der linken Wange und Bart.<\/p>\n\n\n\n<p>Karl Theodor WALTERS , aus Braunschweig, stud. med.,<br>\nA.: 24 J., Gr.: 5 Fu\u00df 3\/4\u00b4\u00b4 , Stat.: gro\u00df, Gf.: gesund, G.: oval,<br>\nH.: dblond, St.: rund, Ab.: dblond, Aug.: grau, N. u. M.:<br>\nmittelm\u00e4\u00dfig, B.: hellbraun, K.: rund.<\/p>\n\n\n\n<p>1840.<br>\nFriedrich Wilhelm OBERGETHMANN , aus Marburg,<br>\nA..: 22 J., Gr.: 5 Fu\u00df 6\u00b4\u00b4, Gf.: gesund, H.: braun, St.: schmal,<br>\nAb.: blond, Aug.: grau, N.: klein, M.: gew\u00f6hnlich, B.: blond,<br>\nK.: klein, Bes.: kleine Narbe auf der linken Wange.<\/p>\n\n\n\n<p>1841.<br>\nKarl PIELKE , aus Gardelegen, stud. phil., A.: 22 1\/4 J.,<br>\nGr.: 5 Fu\u00df 2\u00b4\u00b4, Gf.: gesund, G.: oval, H.: br\u00e4unlich, <br>\nSt.: rund, Ab. und  Aug.: br\u00e4unlich, N. und M.: <br>\ngew\u00f6hnlich, B. br\u00e4unlich, K.: oval.<\/p>\n\n\n\n<p>Viktor PFANNENSCHMIED , aus Zernburg, stud. jur., Gr.:<br>\n5 Fu\u00df 7-8\u00b4\u00b4, Stat.: stark, Gf.: gesund, H.: braun, Aug.: blau,<br>\nB.: braun, Bes.: Narbe an der Lippe.<\/p>\n\n\n\n<p>Heinrich SCHULZE , aus Halle, stud. phil., Gr.: 5 Fu\u00df 4\u00b4\u00b4,<br>\nGf.: gelblich, H.: schwarz, St.: frei, Ab.: schwarz, Aug.: braun,<br>\nN. u. M.: gew\u00f6hnlich, B.: schwarz, K.:gew\u00f6hnlich.<\/p>\n\n\n\n<p>Eduard WUNDSCH , aus Thorn, stud. med., Gr.: 5 Fu\u00df 5\u00b4\u00b4,<br>\nG.: lebhaft, H.: blond, St.: frei, Ab.: dunkel, Aug.: blau,<br>\nN.: griechisch, M.: klein, B.: blond, K.: spitzig.<\/p>\n\n\n\n<p>Georg FISCHER , aus C\u00f6slin, stud. med., A.: 27 J., Gr.:<br> 5 Fu\u00df 1 3\/4\u00b4\u00b4, Gf.: gesund, G.: oval, H.: blond, St.: frei, <br> Ab.: blond, Aug.: blau, N.: gew\u00f6hnlich, M.: gew\u00f6hnlich, <br> B.: blond, K.: oval<\/p>\n\n\n\n<p> Theodor DELIUS , aus Minden, A.: 23 J., Gr.: 5 Fu\u00df 8\u00b4\u00b4, <br> Gf.: gesund, G.: schmal, H.: blond, St: gew\u00f6lbt, Ab.:<br> blond, Aug.: blau, N.: spitzig, M.: gew\u00f6hnlich, <br> B.: blond, K.: rund.<\/p>\n\n\n\n<p>Ernst WENDLANDT , aus C\u00f6slin, A.: 20 J., Gr.: 5 Fu\u00df 4\u00b4\u00b4,<br>\nGf.: gesund, G.: oval, H.: blond, St.: rund, Ab.: blond, Aug.:<br>\nbl\u00e4ulich, N.: gew\u00f6hnlich, M.: gew\u00f6hnlich, B.: blond, <br>\nK.: rund, Bes.: Narbe am Kinn.<\/p>\n\n\n\n<p>Albert FIEDE , aus Damemno, A.: 20 1\/2 J., Gr.: 5 Fu\u00df 7\u00b4\u00b4,<br>\nGf.: gesund, G.: l\u00e4nglich, H.: r\u00f6tlich, St.: frei, Ab.: blond,<br>\nAug.: blau, N.: gebogen, M.: gew\u00f6hnlich, B.: blond, K.: rund.<\/p>\n\n\n\n<p>Theodor LE CLERE , aus Halle, A.: 25 1\/2 J., Gr.: 5 Fu\u00df 6 1\/2\u00b4\u00b4,<br>\nGf.: gesund, G.: l\u00e4nglich, H.: schwarz, St.: hoch, Ab.: schwarz-<br>\nbraun, Aug.: braun, N.: l\u00e4nglich, M.: gew\u00f6hnlich, B.: schwarz,<br>\nK.: l\u00e4nglich.<\/p>\n\n\n\n<p>V. SCHMELING , aus Stargard, A.: 20 J., Gr.: 5 Fu\u00df 9 1\/2\u00b4\u00b4,<br>\nGf.: gesund, G.: l\u00e4nglich, H.: blond, St.: gew\u00f6lbt, Ab.: blond,<br>\nAug.: blau, N.: spitzig, M.: gew\u00f6hnlich, B.: blond, K.: rund,<br>\nBes.: zwei Narben.<\/p>\n\n\n\n<p>Franz LEHMANN , aus Greifswalde, A.: 20 J., Gr.: 5 Fu\u00df 5\u00b4\u00b4, <br>\nStat.: mittel, G.: oval, H.: blond, St.: frei, Ab.: blond,<br>\nAug.: grau, N.: gew\u00f6hnlich, M.: gew\u00f6hnlich, B.: schwach,<br>\nK.: oval, Bes.: Narbe. <\/p>\n\n\n\n<p>Hermann WINECKE , aus Peine, A.: 35 J., Gr.: 5 Fu\u00df 5 1\/2\u00b4\u00b4, <br>\nStat.: mittel, Gf.: gesund, G.: oval, H.: hellbraun, St.: hoch, <br>\nAb.: hellbraun, Aug.: braungrau, N.: lang, M.: mittel,<br>\nB.: braun, K.: rund, Bes.: Narbe. <\/p>\n\n\n\n<p>Carl SACK , aus Vlotko, A.: 22 J., Gr.: 5 Fu\u00df 7\u00b4\u00b4, Gf.:<br>\ngesund, G.: oval, H.: blond, St.: frei, Ab.: blond, Aug.:<br>\nbr\u00e4unlich, N.: l\u00e4nglich, M.: gew\u00f6hnlich, B.: blond, <br>\nK.: oval, Bes.: Narbe.<\/p>\n\n\n\n<p>1844.<br>\nAdolph HAUFLIEGEL , aus Luckenwalde, stud. med., A.:<br>\n25 J., Gr.: 5 Fu\u00df 5\u00b4\u00b4, Gf.: gesund, G.: oval, H.: blond gelockt,<br>\nAb.: blond, Aug.: grau, N.: dick, M.: aufgeworfen, B.: blond,<br>\nK.: oval, Bes.: Narbe auf der Nase.<\/p>\n\n\n\n<p>Karl PROBST , aus Eisleben, stud. med., A.:. 21 J., Gr.:<br>\n5 Fu\u00df 4\u00b4\u00b4, Gf.: gesund, G.: oval, H.: dunkel, St.: frei, Ab.:<br>\ndunkel, Aug.: lebhaft, N.: gew\u00f6hnlich, M.: proportioniert,<br>\nB.: dunkel, K.: rund.<\/p>\n\n\n\n<p>Adolph CAESAR , aus Halle, stud. med., A.: 23 J.,<br>\nGr.: 5 Fu\u00df 5 1\/2\u00b4\u00b4, Gf.: bla\u00df, G.: l\u00e4nglich, H.: br\u00e4unlich, <br>\nSt.: frei, Ab.: br\u00e4unlich, Aug.: br\u00e4unlich, N. u. M.: <br>\ngew\u00f6hnlich, B.: blond, K.: breit.<\/p>\n\n\n\n<p>Ruduph (Rudolph?) CAESAR , aus Halle, stud. med.,<br>\nA.: 24 J., Gr.: 5 Fu\u00df 5\u00b4\u00b4, Gf.: gesund, G.: oval, H.: dblond,<br>\nSt.: frei, Ab.: dblond, Aug.: br\u00e4unlich, N. u. M.: <br>\ngew\u00f6hnlich, B.: blond, K.: rund, Bes.: Narbe am linken <br>\nMundwinkel.<\/p>\n\n\n\n<p>Wilhelm Leberecht TRIEDENBURG , aus Baskow, stud.<br>\nphil., Gf.: gesund, G.: voll, H.: braun, St.: hoch, Ab.: braun,<br>\nAug.: grau, N. u. M.: proportioniert, B.: schwach, K.: rund,<br>\nBes.: Narbe auf der linken Wange.<\/p>\n\n\n\n<p>Ernst KLAMMROTH , aus Braunlage, stud. theol., Gf.: ge-<br>\nsund, G.: voll, H.: blond, St.: hoch, Ab.: blond, Aug.: grau,<br>\nN. u. M.: proportioniert, B.: schwach, K.: oval.<\/p>\n\n\n\n<p>Heinrich KLEIN , aus Ottweiler, stud. theol., Gf.: gesund,<br>\nG.: oval, H.: blond, St.: frei, Ab.: blond, Aug.: blau, N.:<br>\nstumpf, M.: gew\u00f6hnlich, B.: schwach, K.: oval.<\/p>\n\n\n\n<p>Hermann OELLZE , aus Burg, stud. med., Gf.: gesund, G.:<br>\nrund, H.: braun, St.: frei, Ab.: blond, Aug.: blau, N. u. M.:<br>\nklein, B.: blond, K.: rund, Bes.: Narbe auf der linken Wange.<\/p>\n\n\n\n<p>Heinrich ROBOLSKI , aus Neuhaldensleben, stud. theol.,<br>\nA.: 20 J., Gr.: 5 Fu\u00df 6\u00b4\u00b4, Gf.: gesund, G.: voll, H.: braun, <br>\nSt.: frei, Ab.: braun, Aug.: braun, N.: klein, M.: gew\u00f6hnlich,<br>\nB.: braun, K.: oval.<\/p>\n\n\n\n<p>Universit\u00e4t Kiel<br>\n1839.<br>\nTraugott GRAF V. REWENTLOW , Ohne Beschreibung.<\/p>\n\n\n\n<p>Georg Julius VASMER , aus Rendsberg, stud. med.,<br>\nStat.: gro\u00df und mager, Gang: schleppend, H.: dbraun, Aug.:<br>\nblau, N.: spitzig, G.: l\u00e4nglich, Gf.: sehr bla\u00df, B.: unterm Kinn<br>\nam Halse, Sprache: ungelenkig, Bes.: im Oberkiefer fehlen<br>\neinige Z\u00e4hne. <\/p>\n\n\n\n<p>C. O. J. V. BODEMEYER , aus Hannover, stud. med., G.:<br>\nl\u00e4nglich, Gf.: bla\u00df, N.: spitzig, Aug.: blaugrau, H. u. B.:<br>\nblond, Z\u00e4hne: cari\u00f6s, Wuchs: schlank, Gang: rasch, <br>\nSprache: gelenkig, Bes.: Narbe am Kinn.<\/p>\n\n\n\n<p>Johann PETERSEN , aus Kopenhagen, stud. med., Gf.: <br>\ngesund, N.: spitzig, Aug.: blau, H.: blond, Gang: schnell.<\/p>\n\n\n\n<p>1840.<br>\nOtto V. BADEMAYER , aus Hannover, stud. med., Stat.:<br>\nschlank, H.: blond, Ab.: blaugrau, N.: spitzig, Gf.: bla\u00df, <br>\nBes.: S\u00e4belhieb auf dem Kinn (s. oben 1839).<\/p>\n\n\n\n<p>Universit\u00e4t K\u00f6nigsberg<br>\n1838.<br>\nEduard Albert DASZEL , aus Tilsit in Lithauen, stud. med.,<br>\nA.: 24 1\/2 J., Gr.: 5 Fu\u00df 6\u00b4\u00b4, H.: schwarz, St.: gew\u00f6lbt,<br>\nAb.: dunkel, Aug.: blau, N.: gew\u00f6hnlich, M.: gew\u00f6hnlich,<br>\nB.: schwarz, K.: rund, G.: oval, Gf: gesund.<\/p>\n\n\n\n<p>Adolf Franz Louis KRAUSE , aus Friedland in Ost-<br>\npreu\u00dfen, stud. jur., A.: 25 J., Gr.: 3 Fu\u00df 3\u00b4\u00b4, H.: braun,<br>\nSt.: gew\u00f6lbt, Ab.: dunkel, Aug.: blau, N.: gew\u00f6hnlich, <br>\nM.: gew\u00f6hnlich, B.: blond, K.: rund, G.: oval, Gf.: bla\u00df, <br>\nBes.: starke Narbe \u00fcber die linke Backe und die Nase.<\/p>\n\n\n\n<p>Ludwig Emil LOEFKE , aus Kauchchnen (!) in Lithauen,<br>\nstud. com., A.: 22 J., Gr.: 5 Fu\u00df 2\u00b4\u00b4, H.: blond, St.: hoch,<br>\nAb.: blond, Aug.: blau, N. und M.: gew\u00f6hnlich, B.: blond,<br>\nK.: rund, G.: oval, Gf.: gesund. <\/p>\n\n\n\n<p>Carl Fried. Eduard SCHIRRMACHER , aus Soldau in<br>\nOstpreu\u00dfen, stud. jur., A.: 25 J., Gr.: 5 Fu\u00df 11\u00b4\u00b4, H.: blond,<br>\nSt.: gew\u00f6lbt, Ab.: schwach, Aug.: blau, N.: spitzig, M.: klein,<br>\nB.: blond, K.: spitzig, G.: l\u00e4nglich, Gf.: gesund.<\/p>\n\n\n\n<p>Karl Werner WIEB\u00c4CK , aus Schluck in Kurland, stud.<br>\nmed., A.: 22 J., Gr.: 5 Fu\u00df 7\u00b4\u00b4, H.: blond, St.: gew\u00f6lbt,<br>\nAb.: blond, Aug.: blau, N.: gew\u00f6hnlich, M.: gew\u00f6hnlich,<br>\nB.: blond, K.: rund, G.: oval, Gf.: gesund.<\/p>\n\n\n\n<p>August Friedr. Wilhelm WENDLAND , aus K\u00f6nigsberg<br>\nin Preu\u00dfen, stud. phil, A.: 24 J., Gr.: 5 Fu\u00df 2\u00b4\u00b4, H.: dbraun,<br>\nSt.: flach, Ab.: schwarz, Aug.: blau, N.: breit, M.: gew\u00f6hn-<br>\nlich, B.: schwarz, K.: rund, G.: oval, Gf.: bleich.<\/p>\n\n\n\n<p>Universit\u00e4t Leipzig<br>\n1839.<br>\nGottlieb Leberecht LEICHSENIUS .<br>\nFriedrich Theodor KARPELT .<br>\nJulius SCHUSTER jun.<br>\nHeinrich Bruno Erdmann SEYWITZ jun. <br>\nOhne Beschreibung.<\/p>\n\n\n\n<p>Universit\u00e4t W\u00fcrzburg<br>\n1838.<br>\nAdam STUCKY , aus Zweibr\u00fccken in der Pfalz.<br>\nIgnaz SCHUSTER , aus Lichtenfels.<br>\nTheodor UMBSCHEIDEN , aus Bergzabern in der Pfalz.<br>\nDavid MORGENSTERN , aus B\u00fcchenbach, <br>\nLger. Herzogenaurach. <br>\nOhne Beschreibung.<\/p>\n\n\n\n<p>1839.<br>\nJohann OPPELT , aus Schesselitz, stud. jur., Gr.: 6 Schuh,<br>\nH.: blond, G.: l\u00e4nglich, Ab.: blond, Aug.: grau, N.: propor-<br>\ntioniert, M.: klein, B.: schwacher Schnurrbart, <br>\nBes.: Narbe auf der linken Wange.<\/p>\n\n\n\n<p>Theodor SCHUBERT , aus W\u00fcrzburg, stud. jur., Gr.:<br>\n5 Schuh 9\u00b4\u00b4, H.: dblond, G.: l\u00e4nglich, Ab.: stark, Aug.: grau,<br>\nN.: gro\u00df, M.: proportioniert, B.: schwacher Schnurrbart.<\/p>\n\n\n\n<p>Jakob SCHUTTINGER , aus Bamberg, stud. jur., Gr.: 5 Schuh<br>\n11\u00b4\u00b4, H.: braun, G.: l\u00e4nglich, Ab.: braun, Aug.: schwarz, N.<br>\nund M.: proportioniert, B.: schwacher Schnurrbart.<\/p>\n\n\n\n<p>Maximilian KLOSTER , aus Stanfen, stud. med., Gr.:<br>\n6 Schuh 1\u00b4\u00b4, H.: dblond, G.: voll, Ab.: stark, Aug.: blaugrau,<br>\nN.: spitzig, M.: proportioniert, B.: schwacher Schnurrbart.<\/p>\n\n\n\n<p>Eduard BRUGGER , aus Augsburg, stud. jur., Gr.: 5 Schuh<br>\n11\u00b4\u00b4, H.: blond, G.: oval hager, Ab.: braun, Aug.: br\u00e4unlich,<br>\nN. und M.: proportioniert, Bes.: Narbe auf dem rechten<br>\nAugendeckel.<\/p>\n\n\n\n<p>Friedrich M\u00dcLLER , aus H\u00f6lgerade, stud. theol., Gr.:<br>\n5 Schuh 3\u00b4\u00b4, H.: schwarzbraun, G.: breit, Ab.: schwarzbraun,<br>\nAug.: braun, N.: stark, M.: gew\u00f6hnlich.<\/p>\n\n\n\n<p>(Schlu\u00df folgt.)<\/p>\n\n\n\n<p>Sp. 45-50.<br>\nAnhang.<br>\nVerzeichnisse der deutschen politischen Fl\u00fcchtlinge, <br>\nund anderer im Auslande befindlicher Verd\u00e4chtigten.<br>\nErste Abtheilung.<br>\nVerzeichnis der fl\u00fcchtigen Angeschuldigten oder<br>\nbereits Verurtheil[t]en.<\/p>\n\n\n\n<ol class=\"wp-block-list\"><li>Dr. AHRENS Julius Heinrich, aus Gitter, Amts<br> Liebenburg in Hannover, Privat Docent der <br> Rechte zu G\u00f6ttingen.<\/li><li>ALBAN Julius Thankmar, aus Gr\u00e4fentonna, <br> Stud. med. aus G\u00f6ttingen, von Jena relegirt.<\/li><li>ARNTZ Aegidius, aus Cleve, Auskultator.<\/li><li>AUTENRIETH Albert, aus Ulm, <br> Stud. theol. zu T\u00fcbingen.<\/li><li>BACH Christoph, aus Schweinfurt, <br> Stud. med. zu W\u00fcrzburg und Heidelberg.<\/li><li>BARTH Adolph, aus Wiesbaden, <br> Stud. jur. zu Heidelberg.<\/li><li>BARTH Carl Theodor, aus Lauternecken in<br> Rheinbaiern, Rechtskandidat zu Zweibr\u00fccken.<\/li><li>BAUMANN Jos. Alexius, aus Frankfurt a. M.,<br> Student der Medicin zu T\u00fcbingen.<\/li><li>BEHLEN Carl, aus Armsheim, in Rheinhessen, <br> Gutsbesitzer.<\/li><li>BERCHELMANN Georg Adolph, aus Frankfurt<br> a. M., Dr. med., Lehrer an dem Erziehungsinstitute <br> des G. GUNSEN in Frankfurt.<\/li><li>BLAUFUSS \/ BLAUFU\u00df Carl, aus Neustadt <br> a. d. Haardt, Schreiner.<\/li><li>BLESCH Moritz, aus T\u00fcrkheim in Rheinbaiern,<br> Stud. theol. zu Heidelberg.<\/li><li>B\u00d6HRINGER Friedrich, aus Maulbronn in <br> W\u00fcrtemberg, Stud. theol. zu T\u00fcbingen.<\/li><li>BRACHT Prosper, aus D\u00fcsseldorf, Auskulat.<\/li><li>Dr. BREIDENSTEIN August Friedrich, aus<br> Homburg v. d. H\u00f6he, prakticirender Arzt, <br> Milit\u00e4rarzt und Physikats-Assistent.<\/li><li>BREIDENSTEIN Friedrich, aus Homburg,<br> Rechtskandidat.<\/li><li>BR\u00dcCHER Wilhelm, aus Lengfeld im<br> Gro\u00dfherzogthum Hessen, Barbiergesell.<\/li><li>B\u00dcCHNER Georg, aus Darmstadt, Stud. med.<\/li><li>BUNSEN Gustav, aus Frankfurt a. M., Dr. med.<\/li><li>CASSEBEER Wilhelm, aus Bergen in Kurhessen,<br> Dr. med. und Amts-Wundarzt.<\/li><li>KLAUSSIG Ludwig, aus Unter\u00f6wisheim, <br> Stud. cam. aus Heidelberg.<\/li><li>COURTURIER Friedrich, aus Homburg, Sch\u00f6nf\u00e4rber.<\/li><li>DECKER Wilhelm, aus Gr\u00fcnberg, Hauslehrer.<\/li><li>DEGENHARD Lorenz, aus Eversberg, im K. Preussen,<br> Regierungsbezirke Arnsberg, consilirter Stud. jur. von Bonn.<\/li><li>DIETZ Eduard, aus Gie\u00dfen, Stud. camer. zu Gie\u00dfen.<\/li><li>DIPPEL Georg Ludwig, aus Saulberg, Amts Homburg,<br> Korporal bei dem Landgr\u00e4fl. Hess. Homburgischen<br> Linienmilit\u00e4r, von Profession ein Strumpfweber.<\/li><li>DITTMAR Herrmann, aus Darmstadt, <br> Stud. med. zu Gie\u00dfen.<\/li><li>D\u00d6RFLINGER Joh. Bapt., aus Br\u00fcckenau in Baiern,<br> Stud. med. zu W\u00fcrzburg.<\/li><li>EBEL Georg, aus Gie\u00dfen, gro\u00dfherzoglich-Hess.<br> Hofgerichts-Sekretarius-Accessist.<\/li><li>EBNER Philipp, aus Durlach, Skribent.<\/li><li>EHRHARDT Friedrich Gustav, aus Wehlitz,<br> Stud. jur.<\/li><li>ENGELMANN Theodor, aus Imsbach in Rheinbaiern,<br> fr\u00fcher Stud. jur. zu M\u00fcnchen.<\/li><li>FEDDERSEN Peter, aus Altona, nach neueren Notizen<br> aus Beidendorf im Gro\u00dfherzogthum Mecklenburg-<br> Schwerin, Heidelberger Student.<\/li><li>FEIN Georg, aus Braunschweig, Dr. d. R.<\/li><li>FISCHER Friedrich, aus Ringingen, Oberamts<br> Blaubeuren, Stud. theol. zu T\u00fcbingen.<\/li><li>FRENGER Johann, aus Deslach, Oberamts<br> Meisenheim, Soldat bei dem Landgr\u00e4fl. <br> Hessen-Homburgischen Linienmilit\u00e4r.<\/li><li>FRESENIUS Charlotte, aus Frankfurt, <br> Kaufmannsfrau.<\/li><li>FRESENIUS Natalie, aus Frankfurt,<br> Tochter der vorigen.<\/li><li>FREY Ludwig, aus Neustadt an der Haardt,<br> Stud. juris.<\/li><li>FREYEISEN Joh. Christoph, aus Frankfurt a. M.,<br> Literatus.<\/li><li>FRIEBEL Joh. Philipp, aus Frankfurt,<br> Schuhmachermeister.<\/li><li>GAMBERT Friedrich, aus Regensburg,<br> Stud. med. zu W\u00fcrzburg.<\/li><li>G\u00c4RTH Dr. Franz Carl, aus Frankfurt a. M.,<br> Advokat.<\/li><li>GARNIER Jos. Heinrich, aus Rastadt,<br> Privatlehrer und Journalist.<\/li><li>GEIGER DR. Carl, aus Winnweiler,<br> Cantonsarzt.<\/li><li>GELPKE Julius, von Goslar, <br> Stud. med. zu Heidelberg.<\/li><li>GL\u00dcCK Christian Wilhelm, aus Erlangen,<br> Stud. jur. T\u00fcbingen.<\/li><li>GL\u00dcMER V. Carl Weddo, aus Wolfenb\u00fcttel,<br> vormals Advokat zu Blankenburg.<\/li><li>GOLDENBER (oder BR\u00d6TZ ) Maria, aus Niederweier<br> im Herzogthum Nassau, K\u00f6chin.<\/li><li>GOMBAULT Joseph, aus Ahaus in der K. Preu\u00dfischen<br> Provinz Westphalen, Dr. med.<\/li><li>GROSCHVETTER Ferdinand, aus Schm\u00f6lle,<br> Stud. juris zu Jena.<\/li><li>GROSSE DR. Ernest, aus Osterode am Harz,<br> Journalist, zuletzt wohnhaft in Pirmasenz.<\/li><li>G\u00dcNTER Herrmann, aus Gandersheim in <br> Braunschweig, Stud. theol. zu Heidelberg.<\/li><li>HAHMANN Adolph Ferdinand, aus Altenburg,<br> Musquetier.<\/li><li>HALLAUER Nikolaus, aus St. Wendel, Adv.<\/li><li>HASE Carl, aus Schwerin, Student.<\/li><li>HAUSMANN Friedrich, aus Dettelbach,<br> in Baiern, Pharmaceut.<\/li><li>HENZE August, aus Catlenburg in Hannover,<br> Stud. med. zu G\u00f6ttingen.<\/li><li>HEROLD Ernest, aus Frankfurt, Kaufmann.<\/li><li>HEROLD Joh. Casp. Georg, aus Frankfurt,<br> Litteratus (Theologe).<\/li><li>HERR DR. Ludwig, aus Achern in Baden,<br> praktischer Arzt zu Herboldsheim in Baden.<\/li><li>HERZER Eugen, aus Baden, <br> Stud. med. zu W\u00fcrzburg.<\/li><li>HESS \/ HE\u00df Fried. Ferd., aus Marburg, Dr. med.<\/li><li>HEUMANN Adolph, aus Darmstadt, Dr. med.,<br> studierte zu Gie\u00dfen.<\/li><li>HINDEMITH August, aus Breslau, Stud. jur.<\/li><li>HOLZINGER Carl Friedrich, aus Ansbach,<br> Stud. philolog. zu G\u00f6ttingen.<\/li><li>H\u00dcBOTTER Friedrich Wilhelm, aus Peine<br> im Hann\u00f6ver, Stud. jur. zu G\u00f6ttingen.<\/li><li>HUMBERT Justus, aus Frankfurt, Tapezirersg.<\/li><li>HUNDESHAGEN Friedrich, aus Gie\u00dfen,<br> Stud. forest. zu Gie\u00dfen.<\/li><li>JAHN Friedrich Emil, aus Bern, <br> Stud. med. zu Leipzig.<\/li><li>K\u00c4HLER Heinrich, aus Itzehoe in Holstein,<br> Stud. jur. zu Heidelberg.<\/li><li>K\u00c4MMER Franz, aus Wertheim in Baden,<br> Stud. med. zu Heidelberg.<\/li><li>KEMPF Friedrich, aus Meisenheim, Korporal<br> bei dem Landgr\u00e4fl. Hess. Homburgis. Linienmil.<\/li><li>KIESLER Gustav, aus Leipzig, vorm. Handlungs-<br> reisender der A. VOLKHARDT\u00b4schen und J. A. <br> SCHLOSSERschen Buch- u. Kunsthandl. zu Augsburg.<\/li><li>KIRCHGRABER Reinhard, aus Ehingen, <br> Stud. med. zu T\u00fcbingen.<\/li><li>KLEINMANN Carl Wilhelm Ferd., aus<br> B\u00f6nnigheim in W\u00fcrtemberg, Justitzreferend\u00e4r.<\/li><li>KLEUTGEN Carl Joseph, aus Dortmund,<br> Subdiakonus in Paderborn.<\/li><li>KN\u00d6BEL Fried. Wilh., aus Kirchheim-Bolanden,<br> in Rheinbaiern, ehemal. Lehrer in D\u00fcrkheim.<\/li><li>K\u00d6NIG Ludwig, aus D\u00fcrkheim in Rheinbaiern,<br> Stud. theol. zu Heidelberg.<\/li><li>K\u00d6RNER DR. Gustav Peter, aus Frankfurt a. M.,<br> Advokat.<\/li><li>KOLLHOF Eduard, aus Friedland im Mecklenburgischen,<br> Lehrer am BUNSEN\u00b4schen Erziehungs-Institut in Frankfurt.<\/li><li>KOMBST Heinrich Christian Gustav Adolph,<br> aus F\u00fcrstenwalde, Doktor der Philosophie.<\/li><li>KRIEGH Christian, aus Darmstadt, <br> relegirter Student der Rechte zu Gie\u00dfen.<\/li><li>KRUEL Ferdinand, aus Bergzabern, Dr. med.,<br> fr\u00fcher W\u00fcrzburger Student.<\/li><li>KRUSIUS Joh. Georg, aus Kaiserslautern,<br> Handlungsdiener.<\/li><li>K\u00dcCHLER Joh., aus Mannheim, <br> Stud. jur. zu Heidelberg.<\/li><li>KUNRADI August, aus Augsburg, <br> Stud. med. zu W\u00fcrzburg.<\/li><li>KURZ Friedrich, aus Zweibr\u00fccken,<br> relegirter Theologe.<\/li><li>LIPPERT Napoleon, aus Kaiserslautern,<br> Handlungsbeflissener.<\/li><li>LITTHARDT Wendel.,  aus St. Wendel, Soldat.<\/li><li>LIZIUS Bernhard, aus Aschaffenburg,<br> Stud. jur. zu W\u00fcrzburg.<\/li><li>LOHBAUER Rudolph, aus Stuttgart, Journalist,<br> fr\u00fcher Herausgeber des in Stuttgart erschienenen<br> \u201eHochw\u00e4chters\u201c.<\/li><li>LUBANSKI Alexander, aus Warschau,<br> Stud. med. zu Gie\u00dfen.<\/li><li>LUDWIG Johann Gottfried, aus Gotha,<br> Stud. philos. zu Jena und Heidelberg.<\/li><li>L\u00dcNING August, aus Schildesche in Westphalen,<br> Stud. juris.<\/li><li>MARSCHALL Jos., aus Zweibr\u00fccken, entlassener<br> Scribent, zuletzt verdorbener Spezereih\u00e4ndler.<\/li><li>MIRUS Friedrich August, aus Naumburg,<br> Student.<\/li><li>M\u00dcLLER Eduard, aus Mainz, Mahler.<\/li><li>NEUHOF Georg, aus Bonames bei Frankfurt,<br> Oekonom.<\/li><li>NEUHOF Wilhelm, aus Bonames, Kiefer.<\/li><li>OESTERREICHER Valentin, aus Sommerach<br> im Baier. Obermainkreis, fr\u00fcher Schullehrer zu<br> Sommerach, zuletzt Redakteur des Augsb. Tagsblat.<\/li><li>PABSTMAN Val., aus W\u00fcrzburg, Hadlsm.<\/li><li>PAPPERS Gerhard, aus Aachen, <br> Buchh\u00e4ndler zu C\u00f6ln.<\/li><li>PETERS Georg, aus Berlin, <br> Stud. jur. zu Greifswalde.<\/li><li>PISTOR Daniel Ludwig, aus Bergzabern,<br> Dr. juris. Rechtskandidat.<\/li><li>RAUSCHENBLATT DR. V. Joh. Ernst Hermann,<br> aus Alfeld in Hannover., fr\u00fcher Privatdocent der <br> Rechte zu G\u00f6ttingen.<\/li><li>RHEINWALD Carl Friedrich, aus Rotweil,<br> Rechtskonsulent (Advokat).<\/li><li>ROLFS Joh. Friedrich, aus Stollham,<br> fr\u00fcher Erlanger Student.<\/li><li>RUTTENSTEIN Georg, aus Frankfurt, Hadlm.<\/li><li>RUDOLPH Bernhard, aus Weimar, Student.<\/li><li>RUST Clemens, aus Hildesheim,<br> G\u00f6ttinger Student.<\/li><li>RUSSWURM \/ RU\u00dfWURM Carl, aus Selmsdorf<br> im Gro\u00dfherzogthum Mecklenburg-Strelitz, Stud. theol.<\/li><li>SAILER Ferdinand, aus Waldsee, Apothek.<\/li><li>SAUERWEIN Wilh., aus Frankfurt, Literatus.<\/li><li>SAVOYE Joseph, aus Zweibr\u00fccken, seither<br> Appellationsgerichts-Advokat zu Zweibr\u00fccken.<\/li><li>SCH\u00c4FER Balthasar, aus Ginnheim in Kurhessen, <br> Metzgergeselle.<\/li><li>SCH\u00c4FER Ludwig, aus Frankfurt a. M.,<br> Frankfurter Liniensch\u00fctz.<\/li><li>SCHAPPER Carl, aus Weinbach im Herzogthume<br> Nassau, Stud. forest. zu Gie\u00dfen.<\/li><li>SCHARPFF Christ., aus Homburg in Rheinbaiern,<br> Candidat der Philologie.<\/li><li>SCHAUBERG Joseph, aus D\u00fcrkheim,<br> vormaliger Rechtspraktikant.<\/li><li>SCHIEL Friedrich, aus Heidelberg,<br> Stud. med. zu Heidelberg.<\/li><li>SCHLUD Franz, aus Mannheim, Zeitungsred.<\/li><li>SCHMIDT Ludwig, aus Augsburg,<br> Stud. med. zu W\u00fcrzburg.<\/li><li>SCHRIMPF Joh. Ernst, aus Frankfurt a. M.,<br> B\u00e4ckergeselle.<\/li><li>SCHRIMPF Wilhelm, aus Frankfurt, Schmid.<br> Er versah das M\u00fchlergesch\u00e4ft seines Stiefvaters<br> zu Bonames.<\/li><li>SCHR\u00d6DER Ernst, aus Kiel, <br> Stud. med. zu W\u00fcrzburg.<\/li><li>SCH\u00dcLER Ernst, aus Darmstadt, Candidat der<br> Theologie und Privatlehrer zu Gie\u00dfen.<\/li><li>SCH\u00dcLER Friedr., aus Bergzabern, seither<br> Appell. Gerichts-Advokat zu Zweibr\u00fccken.<\/li><li>SCHULTHEISS \/ SCHULTHEI\u00df Joh. Georg, aus<br> St. Georgen in Baden, Stud. philos. zu M\u00fcnchen.<\/li><li>SCHULZ DR. Wilhelm, aus Darmstadt,<br> vormaliger Lieutenant.<\/li><li>SCHUSTER DR. Carl Wilh. Theodor, aus L\u00fcnne<br> in Hannov., Privatdozent d. R. zu G\u00f6ttingen.<\/li><li>SCH\u00dcTZ Jak. Fried., aus Mainz, Stud. jur.<\/li><li>SCHWAB Justus, aus Frankfurt a. M.,<br> Metzgerknecht.<\/li><li>SCHWINDT Heinrich Karl, aus Meisenheim,<br> Soldat bei dem Landgr\u00e4fl. Hess. Homburgischen<br> Linienmilit\u00e4r, von Profession Glaser.<\/li><li>SCRIBA Eduard, aus Schweikardshausen im<br> Gro\u00dfherzogthum Hessen, Provinz Oberhessen,<br> relegirter Gie\u00dfner Student, Hauslehrer.<\/li><li>SIEBENPFEIFFER DR. Philipp Jakob, aus<br> Lahr im Breisgau in Baden, vormals <br> Landkommiss\u00e4r zu Homburg.<\/li><li>STEINMETZ Carl Wilhelm, aus Eilenburg<br> in Preu\u00dfen, Stud. theol. zu Halle, Greifswalde<br> und Jena.<\/li><li>STROHMAIER Franz, aus Tauberbischofsheim,<br> Kameralpraktikant u. Zeitungsredakteur.<\/li><li>STUCKARD Carl, aus Homburg in Rheinbaiern,<br> relicirter Baupraktikant.<\/li><li>SZYLING Johann, aus Warschau, <br> vormaliger Polnischer F\u00e4hnrich.<\/li><li>THOMAS Joh. Hartmann, aus Frankfurt,<br> Kupferschmidsgeselle.<\/li><li>TITTMANN Carl Christian, aus Dresden,<br> Kandidat der Rechte.<\/li><li>TITTMANN Carl Eduard, aus Dresden, dto.<\/li><li>TRAXEL August, aus K\u00f6ln, Schriftsteller.<\/li><li>URICH Otto, aus Erbach im Gro\u00dfherzogthum<br> Hessen, Stud. med. zu Heidelberg.<\/li><li>VENEDEY Jakob, aus K\u00f6ln, Stud. juris.<\/li><li>VINCENZ Carl, aus Frankenthal,<br> Stud. med. zu W\u00fcrzburg.<\/li><li>VOGT Ludwig Philipp, aus Frankfurt,<br> Metzgerknecht.<\/li><li>VULPIUS Friedrich, aus Pforzheim,<br> Apotheker zu M\u00fcllheim in Baden.<\/li><li>WEBER Carl Wilhelm, aus Altenburg,<br> Leipziger Student.<\/li><li>WEILAND Carl Julius, aus Aschaffenburg,<br> Dr. jur.<\/li><li>WELLER Franz Carl, aus Am\u00f6nenburg,<br> Rechtskandidat.<\/li><li>WELZ V. Eduard, aus Kehlheim in Baiern,<br> Stud. med. zu W\u00fcrzburg.<\/li><li>WILLIGENS Christoph Joseph, aus Hermeskeil,<br> Cand. med.<\/li><li>WIRTH Regina, aus Homburg in Rheinbaiern,<br> Ehefrau des Dr. Georg August WIRTH .<\/li><li>WISLIZENUS Adolph, aus K\u00f6nigssee im F\u00fcrstenthum <br> Schwarzburg-Rudolstadt, W\u00fcrzburger Student.<\/li><li>WOLFF Conrad, aus Oberuffhausen,<br> Stud. med. in W\u00fcrzburg.<\/li><li>Z\u00d6LLER Franz, aus Zweibr\u00fccken, Schneider.<\/li><\/ol>\n\n\n\n<p>Zweite Abtheilung.<br>\nVerzeichni\u00df der im Auslande befindlichen Verd\u00e4chtigen<br>\nund solcher Individuen, welche als offenbare Feinde der<br>\nin Deutschland bestehenden Ordnung erscheinen.<\/p>\n\n\n\n<ol class=\"wp-block-list\"><li>BAUER Carl Friedrich, aus Lissa im Gro\u00dfherzogthum<br>\nPosen, Handlungsdiener.<\/li><li>BEHRINGER Heinrich, aus Rostock, Stud. med.<\/li><li>BISSINGER Leopold, aus Wurzach, Kappenmachergesell.<\/li><li>BISSIGER Wunibald, aus Wurzbach, detto.<\/li><li>B\u00d6RNE Ludwig, aus Frankfurt, Litteratus.<\/li><li>BOHEMANN , angeblich aus Hamburg oder Schweden,<br>\nangeblich vormaliger polnisch. Offizier.<\/li><li>CURTMANN Carl Lebrecht, aus Eudorf im Gro\u00df-<br>\nherzogthum Hessen, Kandidat der Theologie.<\/li><li>EULER Carl Heinrich, auf Frankfurt, K\u00fcfergesell.<\/li><li>FISCHER Wilh., aus Braunschweig, Student.<\/li><li>GIESKER Heinrich, aus Braunschweig, Dr. med.<\/li><li>HARRO-HARRING, aus Schweden, Literatus. <\/li><li>HEINE Heinrich, aus Hamburg, Literatus.<\/li><li>HENRICH Vinzenz, aus Frankfurt, Schreinergeselle.<\/li><li>HERTER Georg, aus Pirmasens, Bierbrauer.<\/li><li>K\u00dcHLWEIN Hugo, aus Rothenburg an der Tauber,<br>\nStudent.<\/li><li>LEMBERT Gustav, aus Neustadt a. d. Haardt, <br>\nStudent.<\/li><li>LUNZ Gustav Adolph, aus Kempten, Stud. med.<\/li><li>MATTHY Carl, aus Karlsruhe, Cameral-Praktikant<br>\nund Zeitungsredakteur.<\/li><li>MENZEL August, aus Baireuth, Stud. med.<\/li><li>ROCHHOLZ Ernst, aus Ansbach, Student.<\/li><li>SABEL Friedrich, aus Wiesbaden, Buchbindergeselle.<\/li><li>SOLDAN Carl, aus R\u00fcsselsheim, Student.<\/li><\/ol>\n\n\n\n<p>Gefertigt, Frankfurt am Main den 9. Juli 1835,<br>\nvon der Bundes-Centralbeh\u00f6rde.<br>\nZur Beglaubigung,<br>\nV. THINELLI ,<br>\nK. k. Oestr. Aktuar der Bundes-Centralbeh\u00f6rde.<\/p>\n\n\n\n<p>Nachtrag<br>\nzu dem von der Centralbeh\u00f6rde des Bundes am 1. Juli<br>\n1835 \u00fcberreichten und in der 17. Bundes-Tagssitzung<br>\nvom 21. desselben Monats vorgelegten Verzeichnisse<br>\nder deutschen politischen Fl\u00fcchtlinge.<\/p>\n\n\n\n<ol class=\"wp-block-list\"><li>APPIANO Amand, aus Bensheim, <br> Stud. juris zu Gie\u00dfen.<\/li><li>BECKER Ludwig Christian, aus Gie\u00dfen,<br> Kandidat der Theologie.<\/li><li>BERGNER Wilhelm Robert, aus Ronneburg,<br> Student aus Leipzig.<\/li><li>BRAUBACH Wilhelm, aus Butzbach, vormals<br> Student in Gie\u00dfen, jetzt Mechaniker.<\/li><li>BURKHARDT August Hermann, aus Altenburg,<br> Nadlergeselle.<\/li><li>DIEFFENBACH Ernest, aus Gie\u00dfen, <br> Kandidat der Medizin.<\/li><li>EIGENBRODT Wilhelm, aus Darmstadt, <br> vormals Student der Medizin in Heidelberg.<\/li><li>FERBER Heinrich, aus Gie\u00dfen, vormals <br> Student jetzt Handlungsdiener.<\/li><li>GEBHARD Friedrich, aus Oberingelheim, <br> Handlungsdiener.<\/li><li>GEILFUSS \/ GEILFU\u00df Georg, aus Worms,<br> Stud. Archit.<\/li><li>GEUTHER Wilibald Winfried, aus Gotha,<br> Student zu Leipzig.<\/li><li>GROSSMANN \/ GRO\u00dfMANN Ludwig, <br> aus Gie\u00dfen, B\u00fcchsenmacher.<\/li><li>HEPP Jakob, aus Worms, Stud. juris zu Gie\u00dfen.<\/li><li>HUNDESHAGEN DR. Carl Bernhard, aus Gie\u00dfen,<br> Professor in Bern.<\/li><li>KOCH Jakob, aus Darmstadt, Stud. med.<\/li><li>KRAMER Carl Wilhelm, aus Altenburg,<br> Student zu Leipzig.<\/li><li>KRIEGK Christ., aus Darmstadt, Stud. med.<\/li><li>LANG Ludwig, aus Langfeld, Student der<br> Forstwissenschaft.<\/li><li>NIEVERGELDER Ludwig, aus Kranichstein,<br> Student der Forstwissenschaft.<\/li><li>PRELLER Carl, aus Offenbach, Buchh\u00e4ndler.<\/li><li>ROSENSTIEL Ludwig, aus Darmstadt,<br> vormals Gie\u00dfner Student.<\/li><li>SCHLUTTER Friedrich Ernst, aus Paris,<br> vormals Leipziger Student.<\/li><li>STAMM Carl Theodor Fried., aus Darmstadt,<br> vormals Student der Medizin in Gie\u00dfen.<\/li><li>TEMPEL Heinrich, aus Hanau, Metzgergesell.<\/li><li>WALLOT Friedrich, aus Darmstadt, Stud. juris.<\/li><li>WIENER Hermann, aus Darmstadt, <br> vormals Gie\u00dfener Student. <a href=\"http:\/\/klauskunze.com\/blog\/wp-admin\/post.php?post=1166&amp;action=edit#_ftn2\">[2]<\/a>  <\/li><\/ol>\n\n\n\n<p><\/p>\n\n\n\n<hr class=\"wp-block-separator\"\/>\n\n\n\n<p><a href=\"#_ftnref1\">[1]<\/a> Familiengeschichtliche Bl\u00e4tter 1932, 31. Jahrgang Spalten 5-14 und 45\u201350. <\/p>\n\n\n\n<p><a href=\"#_ftnref2\">[2]<\/a> Die Namen sind originalgetreu wiedergegeben. Verballhornungen einzelner Namen, besonders adeliger, sind leicht erkennbar (L\u00d6L statt LO\u00d6 , LYNIKER statt LYNCKER usw.).<\/p>\n\n\n\n<h2 class=\"wp-block-heading\">Lesen Sie zum Thema auch:<\/h2>\n\n\n\n<figure class=\"wp-block-embed-wordpress wp-block-embed is-type-wp-embed is-provider-klaus-kunze\"><div class=\"wp-block-embed__wrapper\">\n<blockquote class=\"wp-embedded-content\" data-secret=\"o5qQPPAoFb\"><a href=\"http:\/\/klauskunze.com\/blog\/2019\/12\/16\/rettungskapseln-freien-denkens\/\">Rettungskapseln freien Denkens<\/a><\/blockquote><iframe loading=\"lazy\" class=\"wp-embedded-content\" sandbox=\"allow-scripts\" security=\"restricted\" style=\"position: absolute; clip: rect(1px, 1px, 1px, 1px);\" title=\"&#8222;Rettungskapseln freien Denkens&#8220; &#8212; Klaus Kunze\" src=\"http:\/\/klauskunze.com\/blog\/2019\/12\/16\/rettungskapseln-freien-denkens\/embed\/#?secret=dPxaaVvUXf#?secret=o5qQPPAoFb\" data-secret=\"o5qQPPAoFb\" width=\"600\" height=\"338\" frameborder=\"0\" marginwidth=\"0\" marginheight=\"0\" scrolling=\"no\"><\/iframe>\n<\/div><\/figure>\n","protected":false},"excerpt":{"rendered":"<p>Wie Verfassungsschutz seit 1819 Demokraten verfolgte Demokrat zu sein war einmal riskant. Der Verfassungsschutz der deutschen Kleinstaaten verfolgte erbarmungslos jeden, der die Souver\u00e4nit\u00e4t der kleinen und gr\u00f6\u00dferen F\u00fcrsten in Frage stellte und ein geeintes Deutschland forderte. Dieses sollte rechtsstaatlich und freiheitlich sein: Freiheit und Gleichheit ist das H\u00f6chste, wonach wir zu streben haben [\u2026]. Aber [&hellip;]<\/p>\n","protected":false},"author":1,"featured_media":1171,"comment_status":"open","ping_status":"open","sticky":false,"template":"","format":"standard","meta":{"h5ap_radio_sources":[],"twitterCardType":"","cardImageID":0,"cardImage":"","cardTitle":"","cardDesc":"","cardImageAlt":"","cardPlayer":"","cardPlayerWidth":0,"cardPlayerHeight":0,"cardPlayerStream":"","cardPlayerCodec":"","footnotes":""},"categories":[1,21,17],"tags":[],"class_list":["post-1166","post","type-post","status-publish","format-standard","has-post-thumbnail","hentry","category-allgemein","category-genealogie","category-politik"],"yoast_head":"<!-- This site is optimized with the Yoast SEO plugin v27.5 - https:\/\/yoast.com\/product\/yoast-seo-wordpress\/ -->\n<title>Verfolgte Demokraten und Patrioten - Klaus Kunze<\/title>\n<meta name=\"robots\" content=\"index, follow, max-snippet:-1, max-image-preview:large, max-video-preview:-1\" \/>\n<link rel=\"canonical\" href=\"https:\/\/klauskunze.com\/blog\/2020\/01\/09\/verfolgte-demokraten\/\" \/>\n<meta property=\"og:locale\" content=\"de_DE\" \/>\n<meta property=\"og:type\" content=\"article\" \/>\n<meta property=\"og:title\" content=\"Verfolgte Demokraten und Patrioten - Klaus Kunze\" \/>\n<meta property=\"og:description\" content=\"Wie Verfassungsschutz seit 1819 Demokraten verfolgte Demokrat zu sein war einmal riskant. Der Verfassungsschutz der deutschen Kleinstaaten verfolgte erbarmungslos jeden, der die Souver\u00e4nit\u00e4t der kleinen und gr\u00f6\u00dferen F\u00fcrsten in Frage stellte und ein geeintes Deutschland forderte. Dieses sollte rechtsstaatlich und freiheitlich sein: Freiheit und Gleichheit ist das H\u00f6chste, wonach wir zu streben haben [\u2026]. Aber [&hellip;]\" \/>\n<meta property=\"og:url\" content=\"https:\/\/klauskunze.com\/blog\/2020\/01\/09\/verfolgte-demokraten\/\" \/>\n<meta property=\"og:site_name\" content=\"Klaus Kunze\" \/>\n<meta property=\"article:published_time\" content=\"2020-01-09T08:35:30+00:00\" \/>\n<meta property=\"article:modified_time\" content=\"2020-01-17T15:58:21+00:00\" \/>\n<meta property=\"og:image\" content=\"https:\/\/klauskunze.com\/blog\/wp-content\/uploads\/2020\/01\/Wartburg_demonstration_1817-1.jpg\" \/>\n\t<meta property=\"og:image:width\" content=\"580\" \/>\n\t<meta property=\"og:image:height\" content=\"523\" \/>\n\t<meta property=\"og:image:type\" content=\"image\/jpeg\" \/>\n<meta name=\"author\" content=\"Klaus Kunze\" \/>\n<meta name=\"twitter:label1\" content=\"Verfasst von\" \/>\n\t<meta name=\"twitter:data1\" content=\"Klaus Kunze\" \/>\n\t<meta name=\"twitter:label2\" content=\"Gesch\u00e4tzte Lesezeit\" \/>\n\t<meta name=\"twitter:data2\" content=\"35\u00a0Minuten\" \/>\n<script type=\"application\/ld+json\" class=\"yoast-schema-graph\">{\"@context\":\"https:\\\/\\\/schema.org\",\"@graph\":[{\"@type\":\"Article\",\"@id\":\"https:\\\/\\\/klauskunze.com\\\/blog\\\/2020\\\/01\\\/09\\\/verfolgte-demokraten\\\/#article\",\"isPartOf\":{\"@id\":\"https:\\\/\\\/klauskunze.com\\\/blog\\\/2020\\\/01\\\/09\\\/verfolgte-demokraten\\\/\"},\"author\":{\"name\":\"Klaus Kunze\",\"@id\":\"https:\\\/\\\/klauskunze.com\\\/blog\\\/#\\\/schema\\\/person\\\/9c091cf30ab68b897db6a517e3c3b11b\"},\"headline\":\"Verfolgte Demokraten und Patrioten\",\"datePublished\":\"2020-01-09T08:35:30+00:00\",\"dateModified\":\"2020-01-17T15:58:21+00:00\",\"mainEntityOfPage\":{\"@id\":\"https:\\\/\\\/klauskunze.com\\\/blog\\\/2020\\\/01\\\/09\\\/verfolgte-demokraten\\\/\"},\"wordCount\":6951,\"commentCount\":2,\"publisher\":{\"@id\":\"https:\\\/\\\/klauskunze.com\\\/blog\\\/#\\\/schema\\\/person\\\/9c091cf30ab68b897db6a517e3c3b11b\"},\"image\":{\"@id\":\"https:\\\/\\\/klauskunze.com\\\/blog\\\/2020\\\/01\\\/09\\\/verfolgte-demokraten\\\/#primaryimage\"},\"thumbnailUrl\":\"https:\\\/\\\/klauskunze.com\\\/blog\\\/wp-content\\\/uploads\\\/2020\\\/01\\\/Wartburg_demonstration_1817-1.jpg\",\"articleSection\":{\"1\":\"Genealogie\",\"2\":\"Politik\"},\"inLanguage\":\"de\",\"potentialAction\":[{\"@type\":\"CommentAction\",\"name\":\"Comment\",\"target\":[\"https:\\\/\\\/klauskunze.com\\\/blog\\\/2020\\\/01\\\/09\\\/verfolgte-demokraten\\\/#respond\"]}]},{\"@type\":\"WebPage\",\"@id\":\"https:\\\/\\\/klauskunze.com\\\/blog\\\/2020\\\/01\\\/09\\\/verfolgte-demokraten\\\/\",\"url\":\"https:\\\/\\\/klauskunze.com\\\/blog\\\/2020\\\/01\\\/09\\\/verfolgte-demokraten\\\/\",\"name\":\"Verfolgte Demokraten und Patrioten - Klaus Kunze\",\"isPartOf\":{\"@id\":\"https:\\\/\\\/klauskunze.com\\\/blog\\\/#website\"},\"primaryImageOfPage\":{\"@id\":\"https:\\\/\\\/klauskunze.com\\\/blog\\\/2020\\\/01\\\/09\\\/verfolgte-demokraten\\\/#primaryimage\"},\"image\":{\"@id\":\"https:\\\/\\\/klauskunze.com\\\/blog\\\/2020\\\/01\\\/09\\\/verfolgte-demokraten\\\/#primaryimage\"},\"thumbnailUrl\":\"https:\\\/\\\/klauskunze.com\\\/blog\\\/wp-content\\\/uploads\\\/2020\\\/01\\\/Wartburg_demonstration_1817-1.jpg\",\"datePublished\":\"2020-01-09T08:35:30+00:00\",\"dateModified\":\"2020-01-17T15:58:21+00:00\",\"breadcrumb\":{\"@id\":\"https:\\\/\\\/klauskunze.com\\\/blog\\\/2020\\\/01\\\/09\\\/verfolgte-demokraten\\\/#breadcrumb\"},\"inLanguage\":\"de\",\"potentialAction\":[{\"@type\":\"ReadAction\",\"target\":[\"https:\\\/\\\/klauskunze.com\\\/blog\\\/2020\\\/01\\\/09\\\/verfolgte-demokraten\\\/\"]}]},{\"@type\":\"ImageObject\",\"inLanguage\":\"de\",\"@id\":\"https:\\\/\\\/klauskunze.com\\\/blog\\\/2020\\\/01\\\/09\\\/verfolgte-demokraten\\\/#primaryimage\",\"url\":\"https:\\\/\\\/klauskunze.com\\\/blog\\\/wp-content\\\/uploads\\\/2020\\\/01\\\/Wartburg_demonstration_1817-1.jpg\",\"contentUrl\":\"https:\\\/\\\/klauskunze.com\\\/blog\\\/wp-content\\\/uploads\\\/2020\\\/01\\\/Wartburg_demonstration_1817-1.jpg\",\"width\":580,\"height\":523,\"caption\":\"Zug der Turner auf die Wartburg am 4. Jahrestag der V\u00f6lkerschlacht bei Leipzig am 18. Oktober 1817.; Holzstich, koloriert, zeitgen\u00f6ssisch;\"},{\"@type\":\"BreadcrumbList\",\"@id\":\"https:\\\/\\\/klauskunze.com\\\/blog\\\/2020\\\/01\\\/09\\\/verfolgte-demokraten\\\/#breadcrumb\",\"itemListElement\":[{\"@type\":\"ListItem\",\"position\":1,\"name\":\"Startseite\",\"item\":\"https:\\\/\\\/klauskunze.com\\\/blog\\\/\"},{\"@type\":\"ListItem\",\"position\":2,\"name\":\"Verfolgte Demokraten und Patrioten\"}]},{\"@type\":\"WebSite\",\"@id\":\"https:\\\/\\\/klauskunze.com\\\/blog\\\/#website\",\"url\":\"https:\\\/\\\/klauskunze.com\\\/blog\\\/\",\"name\":\"Klaus Kunze\",\"description\":\"Blog\",\"publisher\":{\"@id\":\"https:\\\/\\\/klauskunze.com\\\/blog\\\/#\\\/schema\\\/person\\\/9c091cf30ab68b897db6a517e3c3b11b\"},\"potentialAction\":[{\"@type\":\"SearchAction\",\"target\":{\"@type\":\"EntryPoint\",\"urlTemplate\":\"https:\\\/\\\/klauskunze.com\\\/blog\\\/?s={search_term_string}\"},\"query-input\":{\"@type\":\"PropertyValueSpecification\",\"valueRequired\":true,\"valueName\":\"search_term_string\"}}],\"inLanguage\":\"de\"},{\"@type\":[\"Person\",\"Organization\"],\"@id\":\"https:\\\/\\\/klauskunze.com\\\/blog\\\/#\\\/schema\\\/person\\\/9c091cf30ab68b897db6a517e3c3b11b\",\"name\":\"Klaus Kunze\",\"image\":{\"@type\":\"ImageObject\",\"inLanguage\":\"de\",\"@id\":\"https:\\\/\\\/secure.gravatar.com\\\/avatar\\\/5cd83cadbada9c331a79952fcca177ed3d3be4c7ad3239b9d934bf84adff15dd?s=96&d=blank&r=g\",\"url\":\"https:\\\/\\\/secure.gravatar.com\\\/avatar\\\/5cd83cadbada9c331a79952fcca177ed3d3be4c7ad3239b9d934bf84adff15dd?s=96&d=blank&r=g\",\"contentUrl\":\"https:\\\/\\\/secure.gravatar.com\\\/avatar\\\/5cd83cadbada9c331a79952fcca177ed3d3be4c7ad3239b9d934bf84adff15dd?s=96&d=blank&r=g\",\"caption\":\"Klaus Kunze\"},\"logo\":{\"@id\":\"https:\\\/\\\/secure.gravatar.com\\\/avatar\\\/5cd83cadbada9c331a79952fcca177ed3d3be4c7ad3239b9d934bf84adff15dd?s=96&d=blank&r=g\"},\"sameAs\":[\"http:\\\/\\\/KlausKunze.com\",\"https:\\\/\\\/x.com\\\/https:\\\/\\\/twitter.com\\\/KlausKunze3\"]}]}<\/script>\n<!-- \/ Yoast SEO plugin. -->","yoast_head_json":{"title":"Verfolgte Demokraten und Patrioten - Klaus Kunze","robots":{"index":"index","follow":"follow","max-snippet":"max-snippet:-1","max-image-preview":"max-image-preview:large","max-video-preview":"max-video-preview:-1"},"canonical":"https:\/\/klauskunze.com\/blog\/2020\/01\/09\/verfolgte-demokraten\/","og_locale":"de_DE","og_type":"article","og_title":"Verfolgte Demokraten und Patrioten - Klaus Kunze","og_description":"Wie Verfassungsschutz seit 1819 Demokraten verfolgte Demokrat zu sein war einmal riskant. Der Verfassungsschutz der deutschen Kleinstaaten verfolgte erbarmungslos jeden, der die Souver\u00e4nit\u00e4t der kleinen und gr\u00f6\u00dferen F\u00fcrsten in Frage stellte und ein geeintes Deutschland forderte. Dieses sollte rechtsstaatlich und freiheitlich sein: Freiheit und Gleichheit ist das H\u00f6chste, wonach wir zu streben haben [\u2026]. Aber [&hellip;]","og_url":"https:\/\/klauskunze.com\/blog\/2020\/01\/09\/verfolgte-demokraten\/","og_site_name":"Klaus Kunze","article_published_time":"2020-01-09T08:35:30+00:00","article_modified_time":"2020-01-17T15:58:21+00:00","og_image":[{"width":580,"height":523,"url":"https:\/\/klauskunze.com\/blog\/wp-content\/uploads\/2020\/01\/Wartburg_demonstration_1817-1.jpg","type":"image\/jpeg"}],"author":"Klaus Kunze","twitter_misc":{"Verfasst von":"Klaus Kunze","Gesch\u00e4tzte Lesezeit":"35\u00a0Minuten"},"schema":{"@context":"https:\/\/schema.org","@graph":[{"@type":"Article","@id":"https:\/\/klauskunze.com\/blog\/2020\/01\/09\/verfolgte-demokraten\/#article","isPartOf":{"@id":"https:\/\/klauskunze.com\/blog\/2020\/01\/09\/verfolgte-demokraten\/"},"author":{"name":"Klaus Kunze","@id":"https:\/\/klauskunze.com\/blog\/#\/schema\/person\/9c091cf30ab68b897db6a517e3c3b11b"},"headline":"Verfolgte Demokraten und Patrioten","datePublished":"2020-01-09T08:35:30+00:00","dateModified":"2020-01-17T15:58:21+00:00","mainEntityOfPage":{"@id":"https:\/\/klauskunze.com\/blog\/2020\/01\/09\/verfolgte-demokraten\/"},"wordCount":6951,"commentCount":2,"publisher":{"@id":"https:\/\/klauskunze.com\/blog\/#\/schema\/person\/9c091cf30ab68b897db6a517e3c3b11b"},"image":{"@id":"https:\/\/klauskunze.com\/blog\/2020\/01\/09\/verfolgte-demokraten\/#primaryimage"},"thumbnailUrl":"https:\/\/klauskunze.com\/blog\/wp-content\/uploads\/2020\/01\/Wartburg_demonstration_1817-1.jpg","articleSection":{"1":"Genealogie","2":"Politik"},"inLanguage":"de","potentialAction":[{"@type":"CommentAction","name":"Comment","target":["https:\/\/klauskunze.com\/blog\/2020\/01\/09\/verfolgte-demokraten\/#respond"]}]},{"@type":"WebPage","@id":"https:\/\/klauskunze.com\/blog\/2020\/01\/09\/verfolgte-demokraten\/","url":"https:\/\/klauskunze.com\/blog\/2020\/01\/09\/verfolgte-demokraten\/","name":"Verfolgte Demokraten und Patrioten - Klaus Kunze","isPartOf":{"@id":"https:\/\/klauskunze.com\/blog\/#website"},"primaryImageOfPage":{"@id":"https:\/\/klauskunze.com\/blog\/2020\/01\/09\/verfolgte-demokraten\/#primaryimage"},"image":{"@id":"https:\/\/klauskunze.com\/blog\/2020\/01\/09\/verfolgte-demokraten\/#primaryimage"},"thumbnailUrl":"https:\/\/klauskunze.com\/blog\/wp-content\/uploads\/2020\/01\/Wartburg_demonstration_1817-1.jpg","datePublished":"2020-01-09T08:35:30+00:00","dateModified":"2020-01-17T15:58:21+00:00","breadcrumb":{"@id":"https:\/\/klauskunze.com\/blog\/2020\/01\/09\/verfolgte-demokraten\/#breadcrumb"},"inLanguage":"de","potentialAction":[{"@type":"ReadAction","target":["https:\/\/klauskunze.com\/blog\/2020\/01\/09\/verfolgte-demokraten\/"]}]},{"@type":"ImageObject","inLanguage":"de","@id":"https:\/\/klauskunze.com\/blog\/2020\/01\/09\/verfolgte-demokraten\/#primaryimage","url":"https:\/\/klauskunze.com\/blog\/wp-content\/uploads\/2020\/01\/Wartburg_demonstration_1817-1.jpg","contentUrl":"https:\/\/klauskunze.com\/blog\/wp-content\/uploads\/2020\/01\/Wartburg_demonstration_1817-1.jpg","width":580,"height":523,"caption":"Zug der Turner auf die Wartburg am 4. Jahrestag der V\u00f6lkerschlacht bei Leipzig am 18. Oktober 1817.; Holzstich, koloriert, zeitgen\u00f6ssisch;"},{"@type":"BreadcrumbList","@id":"https:\/\/klauskunze.com\/blog\/2020\/01\/09\/verfolgte-demokraten\/#breadcrumb","itemListElement":[{"@type":"ListItem","position":1,"name":"Startseite","item":"https:\/\/klauskunze.com\/blog\/"},{"@type":"ListItem","position":2,"name":"Verfolgte Demokraten und Patrioten"}]},{"@type":"WebSite","@id":"https:\/\/klauskunze.com\/blog\/#website","url":"https:\/\/klauskunze.com\/blog\/","name":"Klaus Kunze","description":"Blog","publisher":{"@id":"https:\/\/klauskunze.com\/blog\/#\/schema\/person\/9c091cf30ab68b897db6a517e3c3b11b"},"potentialAction":[{"@type":"SearchAction","target":{"@type":"EntryPoint","urlTemplate":"https:\/\/klauskunze.com\/blog\/?s={search_term_string}"},"query-input":{"@type":"PropertyValueSpecification","valueRequired":true,"valueName":"search_term_string"}}],"inLanguage":"de"},{"@type":["Person","Organization"],"@id":"https:\/\/klauskunze.com\/blog\/#\/schema\/person\/9c091cf30ab68b897db6a517e3c3b11b","name":"Klaus Kunze","image":{"@type":"ImageObject","inLanguage":"de","@id":"https:\/\/secure.gravatar.com\/avatar\/5cd83cadbada9c331a79952fcca177ed3d3be4c7ad3239b9d934bf84adff15dd?s=96&d=blank&r=g","url":"https:\/\/secure.gravatar.com\/avatar\/5cd83cadbada9c331a79952fcca177ed3d3be4c7ad3239b9d934bf84adff15dd?s=96&d=blank&r=g","contentUrl":"https:\/\/secure.gravatar.com\/avatar\/5cd83cadbada9c331a79952fcca177ed3d3be4c7ad3239b9d934bf84adff15dd?s=96&d=blank&r=g","caption":"Klaus Kunze"},"logo":{"@id":"https:\/\/secure.gravatar.com\/avatar\/5cd83cadbada9c331a79952fcca177ed3d3be4c7ad3239b9d934bf84adff15dd?s=96&d=blank&r=g"},"sameAs":["http:\/\/KlausKunze.com","https:\/\/x.com\/https:\/\/twitter.com\/KlausKunze3"]}]}},"post_mailing_queue_ids":[],"_links":{"self":[{"href":"https:\/\/klauskunze.com\/blog\/wp-json\/wp\/v2\/posts\/1166","targetHints":{"allow":["GET"]}}],"collection":[{"href":"https:\/\/klauskunze.com\/blog\/wp-json\/wp\/v2\/posts"}],"about":[{"href":"https:\/\/klauskunze.com\/blog\/wp-json\/wp\/v2\/types\/post"}],"author":[{"embeddable":true,"href":"https:\/\/klauskunze.com\/blog\/wp-json\/wp\/v2\/users\/1"}],"replies":[{"embeddable":true,"href":"https:\/\/klauskunze.com\/blog\/wp-json\/wp\/v2\/comments?post=1166"}],"version-history":[{"count":22,"href":"https:\/\/klauskunze.com\/blog\/wp-json\/wp\/v2\/posts\/1166\/revisions"}],"predecessor-version":[{"id":1280,"href":"https:\/\/klauskunze.com\/blog\/wp-json\/wp\/v2\/posts\/1166\/revisions\/1280"}],"wp:featuredmedia":[{"embeddable":true,"href":"https:\/\/klauskunze.com\/blog\/wp-json\/wp\/v2\/media\/1171"}],"wp:attachment":[{"href":"https:\/\/klauskunze.com\/blog\/wp-json\/wp\/v2\/media?parent=1166"}],"wp:term":[{"taxonomy":"category","embeddable":true,"href":"https:\/\/klauskunze.com\/blog\/wp-json\/wp\/v2\/categories?post=1166"},{"taxonomy":"post_tag","embeddable":true,"href":"https:\/\/klauskunze.com\/blog\/wp-json\/wp\/v2\/tags?post=1166"}],"curies":[{"name":"wp","href":"https:\/\/api.w.org\/{rel}","templated":true}]}}