{"id":1220,"date":"2020-01-13T07:56:09","date_gmt":"2020-01-13T06:56:09","guid":{"rendered":"http:\/\/klauskunze.com\/blog\/?p=1220"},"modified":"2020-01-19T12:03:22","modified_gmt":"2020-01-19T11:03:22","slug":"die-psychopathologie-des-moralisten","status":"publish","type":"post","link":"https:\/\/klauskunze.com\/blog\/2020\/01\/13\/die-psychopathologie-des-moralisten\/","title":{"rendered":"Die Psychopathologie des Moralisten"},"content":{"rendered":"\n<p>Mit Moralisten kann man nicht diskutieren. Ebensogut k\u00f6nnte man\nmit Zeugen Jehovas \u00fcber ihre Sch\u00f6pfungsgeschichte und ihre Propheten streiten. Wie\nalle Extremisten sind beide im K\u00e4fig ihres Glaubens vernagelt, nur sind\nMoralisten aggressiver. Der Gott der Christen kennt noch die Barmherzigkeit und\ndie Vergebung. Ein Moralist verzeiht nie.<\/p>\n\n\n\n<p>Gegen Ende des 19. Jahrhunderts galt der Moralismus als tot, mumifiziertes Fossil des finsteren Mittelalters. Mit dem 30j\u00e4hrigen Krieg um Religion, Konfession und wahre Moral sollte er abgetan sein, zermalmt unter den Argumenten franz\u00f6sischer Aufkl\u00e4rer, gevierteilt und der L\u00e4cherlichkeit preisgegeben durch Friedrich Nietzsches Werk \u201eJenseits von gut und b\u00f6se\u201c.<\/p>\n\n\n\n<p>Er ist wieder auferstanden. Als Wiederg\u00e4nger sucht er in sozialen Foren nach Dominanz. Sachbezogene Argumente kann man ausknipsen wie mit einem Lichtschalter. Es wird sofort dunkel, sobald einer mit gerunzelter Stirn anhebt: \u201eDas ist aber unmoralisch!\u201c &#8211; Gestern ging es in einem Arch\u00e4ologie-Forum um sogenannte Leugnung historischer Tatsachen wie der t\u00fcrkischen Morde an Armeniern und die neue Internet-<a href=\"https:\/\/www.bka.de\/DE\/KontaktAufnehmen\/HinweisGeben\/MeldestelleHetzeImInternet\/meldestelle_node.html?fbclid=IwAR0YClxG3BoC1yPx-8lUfEGv3eilWCm2lsFdwCAVtx1SE9cGj3gApFjAFPY\">Meldestelle<\/a>.<a href=\"#_ftn1\">[1]<\/a> Auf den Witz: \u201eIch leugne, da\u00df die Tibetaner die Italiener ausgerottet haben. Mu\u00df ich mich jetzt irgendwo melden?\u201c, raunte ein kluges K\u00f6pfchen: \u201eIch finde Intelligenz Wissen und Moral sollten eine Einheit bilden &#8211; bei dir ist das offensichtlich ein wenig verschoben, oder?\u201c <\/p>\n\n\n\n<p>Fettfleckartig breiten sich moralisierende Deutungsmuster in allen Bereichen aus, manchmal auch, wo sie gar nicht hingeh\u00f6ren. Zur Frage, ob der Arzt heilen kann, tritt die Vorfrage, ob er es in probater Weise darf oder ob seine Technik b\u00f6se ist. Moralisiert ist die P\u00e4dagogik. Der Physik warf man schon lange die Erfindung der Atomkraft vor. Doping im Sport wird unter \u201eunmoralisch\u201c rubriziert. Alles mu\u00df vor Moral triefen. Es soll auch keine wertfreie wissenschaftliche Erkenntnis mehr geben. In der Geschichtsforschung ist es zuweilen unmoralisch, \u00fcber andere als die schon lange &#8222;historisch feststehenden&#8220; Deutungen auch nur nachzudenken. Darf ein Biologe noch m\u00e4nnlich von weiblich unterscheiden, oder ist er dann &#8211; genderistisch gesehen &#8211; b\u00f6se?<\/p>\n\n\n\n<p>Das Internet wird \u00fcberschwemmt von moralischen, hypermoralischen und pseudomoralischen Schweigegeboten, Phrasen der Beschw\u00f6rung des Guten und Beschimpfungen des B\u00f6sen. Wer sonst kein Argument hat, wird moralisch. Und er findet Geh\u00f6r &#8211; die Gemeinde w\u00e4chst. Sie stachelt sich selbst zu immer gr\u00f6\u00dferer Aggressivit\u00e4t auf. <a href=\"https:\/\/de.wikipedia.org\/wiki\/Arnold_Gehlen\">Arnold Gehlen<\/a> hatte Recht, da\u00df die Radikalisierung jeder Ethosform Aggression freisetzt.<a href=\"#_ftn2\">[2]<\/a> Rigoros f\u00e4hrt man Ungl\u00e4ubigen \u00fcber den Mund.<\/p>\n\n\n\n<p>Extremisten erkennt man daran, da\u00df sie mit absolutem Wahrheitsanspruch auftreten, die Welt aus einem einzigen Prinzip heraus erkl\u00e4ren, dieses absolut setzen und daneben nichts gelten lassen. Dem Politologen <a href=\"https:\/\/de.wikipedia.org\/wiki\/Harald_Bergsdorf\">Harald Bergsdorf<\/a> zufolge erhebt der Extremist erstens den Wahrheitsanspruch, mit seiner Doktrin die einzig wahre Weltsicht gefunden zu haben. Darum k\u00e4mpft er zweitens mit besonderem Rigorismus gegen andere Interessen, Lebensformen und Wertvorstellungen. Weil Freund-Feind-Denken und Ha\u00df die Hauptantriebskr\u00e4fte extremistischer Politik seien, seien sie heterophob und wollten demokratischen Pluralismus nicht akzeptieren.<a href=\"#_ftn3\">[3]<\/a> Moralisten d\u00fcrfen auf dem schmalen Grat zwischen Fanatismus und Extremismus keinen falschen Schritt tun. Ein Pluralismus verschiedener Moralen ist ihnen fremd.<\/p>\n\n\n\n<figure class=\"wp-block-image size-large\"><img loading=\"lazy\" decoding=\"async\" width=\"1024\" height=\"812\" src=\"http:\/\/klauskunze.com\/blog\/wp-content\/uploads\/2020\/01\/20200112_162218a-1024x812.jpg\" alt=\"\" class=\"wp-image-1221\" srcset=\"https:\/\/klauskunze.com\/blog\/wp-content\/uploads\/2020\/01\/20200112_162218a-1024x812.jpg 1024w, https:\/\/klauskunze.com\/blog\/wp-content\/uploads\/2020\/01\/20200112_162218a-300x238.jpg 300w, https:\/\/klauskunze.com\/blog\/wp-content\/uploads\/2020\/01\/20200112_162218a-768x609.jpg 768w, https:\/\/klauskunze.com\/blog\/wp-content\/uploads\/2020\/01\/20200112_162218a-1536x1218.jpg 1536w, https:\/\/klauskunze.com\/blog\/wp-content\/uploads\/2020\/01\/20200112_162218a-900x713.jpg 900w, https:\/\/klauskunze.com\/blog\/wp-content\/uploads\/2020\/01\/20200112_162218a-1280x1015.jpg 1280w, https:\/\/klauskunze.com\/blog\/wp-content\/uploads\/2020\/01\/20200112_162218a.jpg 1993w\" sizes=\"auto, (max-width: 1024px) 100vw, 1024px\" \/><figcaption>Der \u00c4sthet sieht das Sch\u00f6ne. Die Welt des Moralisten besteht aus gut und b\u00f6se.<br>(Caspar David Friedrich, Mann und Frau, den Mond betrachtend, um 1830, Ausschnitt)<\/figcaption><\/figure>\n\n\n\n<p>Wie alle Prinzipien kann man auch moralische Prinzipien verabsolutieren. Dann glaubt man an die reale Existenz eines konkreten, universellen Gut und B\u00f6se und schwingt sich zum Propheten, Ankl\u00e4ger, Richter und Vollstrecker auf &#8211; des Guten, versteht sich. Neben seiner Moral duldet der Moralist nichts. Andere Menschen erkl\u00e4ren die Welt aus Sicht anderer Sachgebiete: der Naturwissenschaftler zum Beispiel auf Grundlage der Chemie und Physik. F\u00fcr ihn ist eine Aussage richtig oder falsch. Der \u00c4sthet betrachtet die Welt, und was er sieht, findet er sch\u00f6n oder h\u00e4\u00dflich. <\/p>\n\n\n\n<p>Der Philosoph wei\u00df: Die Welt ist aus jeder\nPerspektive immer dieselbe. Klugerweise mu\u00df man bei einer Entscheidung abw\u00e4gen,\nob sie zugunsten der \u00c4sthetik, der Moral oder der N\u00fctzlichkeit ausf\u00e4llt. Jeder\nkann danach handeln, was seine Moral ihm sagt, wenn er das m\u00f6chte und gegen\nandere Optionen abgewogen hat.<\/p>\n\n\n\n<p>&nbsp;Nur der Moralist sieht nichts au\u00dfer moralisch Relevantem. Wegen eines nackten Busens will er ein Gem\u00e4lde im Museum abh\u00e4ngen, er fordert seiner Moral zuliebe solle der Staat Geld ausgeben, das er gar nicht hat, und wenn sich jemand \u00fcber seine Moral lustig macht: \u201eNieder mit ihm!\u201c<\/p>\n\n\n\n<p>Die potentielle Aggressivit\u00e4t moralischer Verbote ist un\u00fcbertrefflich. Wer ohnehin aggressiv ist, kann erst recht auftrumpfen, wenn er sich zuvor moralisch bewaffnet. Die Emp\u00f6rung ist der typische Gestus des Moralisten. Unsere vom Internet und sozialen Medien dominierte Gesellschaft wird von einer Emp\u00f6rungswelle nach der anderen heimgesucht. Schiet-St\u00fcrme fegen durchs Land und brechen sich oft erst an den Innenw\u00e4nden der jeweiligen Echokammern. <\/p>\n\n\n\n<p>Mit moralischem Mobbing versucht man, Argumente anderer\nzu unterdr\u00fccken. <\/p>\n\n\n\n<blockquote class=\"wp-block-quote is-layout-flow wp-block-quote-is-layout-flow\"><p>\u201eEs gibt im Leben den Rigorismus der einzelnen Werte. Er kann sich bis zum Fanatismus steigern. Jeder Wert hat &#8211; wenn er einmal Macht gewonnen hat \u00fcber eine Person &#8211; die Tendenz, sich zum alleinigen Tyrannen des ganzen menschlichen Ethos aufzuwerfen, und zwar auf Kosten anderer Werte, auch solcher, die ihm nicht material entgegengesetzt sind. [\u2026] <\/p><p> Solche Tyrannei der Werte zeigt sich schon deutlich in den einseitigen  Typen der geltenden Moral, in der bekannten Unduldsamkeit des Menschen  gegen fremdartige Moral; noch mehr im individuellen Erfa\u00dftsein einer  Person von einem einzigen Wert. <\/p><cite> <a href=\"https:\/\/de.wikipedia.org\/wiki\/Nicolai_Hartmann\">Nicolai Hartmann<\/a>, Ethik, (1926) S.524 ff. = (1962) S.576. <\/cite><\/blockquote>\n\n\n\n<p>Wer an eine alleinseligmachende Moral glaubt, sieht den Un\u00adgl\u00e4u\u00adbi\u00adgen als, b\u00f6\u00adse, un\u00ad\u00ad\u00admo\u00adra\u00adlisch und schlechthin ver\u00adwerf\u00adlich an. Wie der Kirchenlehrer <a href=\"https:\/\/de.wikipedia.org\/wiki\/Augustinus_von_Hippo\">Au\u00adgustin<\/a> stellt er seine Mo\u00adral \u00fcber Freiheit und Le\u00adbens\u00adrecht An\u00adders\u00adden\u00adkender: <\/p>\n\n\n\n<blockquote class=\"wp-block-quote is-layout-flow wp-block-quote-is-layout-flow\"><p>&#8222;\u00bbEs kommt nicht darauf an, ob jemand ge\u00adzwungen wird, son\u00addern allein darauf, wozu er gezwungen wird, ob es n\u00e4mlich etwas Gutes oder etwas B\u00f6ses ist.\u00ab<a href=\"#_ftn4\"><\/a><\/p><cite> <a href=\"https:\/\/de.wikipedia.org\/wiki\/Augustinus_von_Hippo\">Aurelius Augustinus<\/a>, Ep.93 (V 16) ad Vicentinum <\/cite><\/blockquote>\n\n\n\n<p>Dieser Satz, der wie bei Platon die sou\u00adver\u00e4ne Nicht\u00adachtung\nder in\u00addividuellen Freiheit und subjektiven Mo\u00ad\u00adralit\u00e4t durch den, der sich im\nBesitze der abso\u00adluten Wahr\u00adheit glaubt, zum Ausdruck bringt, hat historisch\nzur Rechtfertigung der Ket\u00adzerverfol\u00adgungen gedient.&#8220;<a href=\"#_ftn5\">[5]<\/a>\nAus die\u00adser Geisteshaltung folgten die Gre\u00aduel der Re\u00adligions\u00adkriege, die Ro\u00ad\u00adbespier\u00adre&#8217;sche Guillo\u00adtinenmoral, der\nTugendterror und die Schrecken des Archi\u00adpels GULAG.<\/p>\n\n\n\n<p>Die Moralisten kommen &#8211; rette sich, wer kann! Sie sind brandgef\u00e4hrlich. <a href=\"https:\/\/www.geisteswissenschaften.fu-berlin.de\/we01\/institut\/mitarbeiter\/koop_gaeste\/hahn\/index.html\">Henning Hahn<\/a> konstatiert dem \u201epathologischen Moralismus\u201c eine Tendenz zum \u201emoralischen Terrorismus:<\/p>\n\n\n\n<blockquote class=\"wp-block-quote is-layout-flow wp-block-quote-is-layout-flow\"><p>\u201eWer seine moralische Autonomie verabsolutiert und sie als vollst\u00e4ndige Wirklichkeit seiner Freiheit mi\u00dfversteht, entwickelt wiederum pathologische Verhaltensmuster. Er wird entweder zum Moralapostel oder zum moralischen Terroristen. Der Moralist krankt daran, da\u00df er in seinen sittlich vorgegebenen Verantwortungsverh\u00e4ltnissen keinen Sinn mehr erkennt. Er kann sich nicht mit der konventionalisierten Wirklichkeit vers\u00f6hnen, weil er der Fiktion eines \u201averbundenen Subjekts\u2018 anh\u00e4ngt, \u201awelches all seine Grunds\u00e4tze aus der Perspktive einer allgemeinen Menschheit gewinnen mu\u00df. So sucht der Moralist den moralischen Standpunkt&nbsp; nicht nur dann auf, wenn ihm eine bestimmte Rollenanforderung zum Problem gworden ist, sondern f\u00fchrt sich permanent als unvoreingenommener Weltenrichter auf.\u201c<\/p><cite> <a href=\"https:\/\/www.geisteswissenschaften.fu-berlin.de\/we01\/institut\/mitarbeiter\/koop_gaeste\/hahn\/index.html\">Henning Hahn<\/a>, Politischer Kosmopolitismus, Habilitationsschrift 2015, Berlin 2017, Ziff. 1.4.2.3. <\/cite><\/blockquote>\n\n\n\n<p>\u201eIm moralischen Terrorismus\u201c, zieht der Philosoph Hahn Bilanz, m\u00fcndet diese Verabsolutierung des moralischen Standpunkts dann in Gewalt.\u201c Nicht alle Moralisten werden Terroristen. Manche erwecken den Eindruck, ohne staatliche Aufsicht \u00fcber Recht, Gesetz und Ordnung w\u00fcrden sie es gern werden.<\/p>\n\n\n\n<p>Heutige Moralisten sind denken beschr\u00e4nkt in einem engen\nGut-B\u00f6se-Korsett. Sie kennen nur die moralische Guillotine, manchmal auch eiserne.\nDie Freiheit, sich eine individuelle Moral auszudenken, gew\u00e4hrt sie nicht. F\u00fcr\neine Wert-Philosophie der Freiheit hingegen ist \u201enicht nur Freiheit der h\u00f6chste\nWert, sondern auch die Wert-Freiheit die h\u00f6chste Freiheit.\u201c<a href=\"#_ftn6\">[6]<\/a><\/p>\n\n\n\n<p>Es wird vielfach bemerkt und beklagt, da\u00df in den fr\u00fcher\n\u201ewestlich\u201c genannten L\u00e4ndern eine Art Kulturkampf stattfindet, ein innerer\nB\u00fcrgerkrieg zweier Lager, die sich nicht mehr miteinander verst\u00e4ndigen k\u00f6nnen.\nZwischen ihnen steht eine unsichtbare Wand schallschluckende Wand, die keine Argumente\nmehr durchl\u00e4\u00dft. Diese Wand besteht aus Moral.<\/p>\n\n\n\n<p>Es wird Zeit, sie niederzurei\u00dfen, die moralischen\nKettenhemden auszuziehen, den Gegnern in die Augen zu sehen und sich zu erinnern,\nda\u00df sie auch Menschen sind und keine Inkarnation des B\u00f6sen.<br><\/p>\n\n\n\n<hr class=\"wp-block-separator\"\/>\n\n\n\n<p><a href=\"#_ftnref1\">[1]<\/a>\nhttps:\/\/www.bka.de\/DE\/KontaktAufnehmen\/HinweisGeben\/MeldestelleHetzeImInternet\/meldestelle_node.html?fbclid=IwAR0YClxG3BoC1yPx-8lUfEGv3eilWCm2lsFdwCAVtx1SE9cGj3gApFjAFPY<\/p>\n\n\n\n<p><a href=\"#_ftnref2\">[2]<\/a>\nArnold Gehlen, Moral und Hypermoral, S.180.<\/p>\n\n\n\n<p><a href=\"#_ftnref3\">[3]<\/a> Harald Bergsdorf, in: Backes, Uwe und Eckhard Jesse (Hrg.), Gef\u00e4hrdungen der Freiheit, Extremistische Ideologien im Vergleich, G\u00f6ttingen 2006, S.182.<\/p>\n\n\n\n<p><a href=\"#_ftnref4\">[4]<\/a>\nAurelius Augustinus, Ep.93 (V 16) ad Vicentinum<\/p>\n\n\n\n<p><a href=\"#_ftnref5\">[5]<\/a>\nWelzel, Naturrecht und materiale Gerechtigkeit, S.65.<\/p>\n\n\n\n<p><a href=\"#_ftnref6\">[6]<\/a> Carl Schmitt, Die Tyrannei der Werte, in: Festschrift f\u00fcr Ernst Forsthoff, 1967, S.51.<\/p>\n\n\n\n<h2 class=\"wp-block-heading\">Lesen Sie zum Thema auch:<\/h2>\n\n\n\n<figure class=\"wp-block-embed-wordpress wp-block-embed is-type-wp-embed is-provider-klaus-kunze\"><div class=\"wp-block-embed__wrapper\">\n<blockquote class=\"wp-embedded-content\" data-secret=\"JVCg5XzuPK\"><a href=\"http:\/\/klauskunze.com\/blog\/2020\/01\/15\/die-machtergreifung-der-moralisten\/\">Die Machtergreifung der Moralisten<\/a><\/blockquote><iframe loading=\"lazy\" class=\"wp-embedded-content\" sandbox=\"allow-scripts\" security=\"restricted\" style=\"position: absolute; clip: rect(1px, 1px, 1px, 1px);\" title=\"&#8222;Die Machtergreifung der Moralisten&#8220; &#8212; Klaus Kunze\" src=\"http:\/\/klauskunze.com\/blog\/2020\/01\/15\/die-machtergreifung-der-moralisten\/embed\/#?secret=WHkk6rkjx1#?secret=JVCg5XzuPK\" data-secret=\"JVCg5XzuPK\" width=\"600\" height=\"338\" frameborder=\"0\" marginwidth=\"0\" marginheight=\"0\" scrolling=\"no\"><\/iframe>\n<\/div><\/figure>\n\n\n\n<figure class=\"wp-block-embed-wordpress wp-block-embed is-type-wp-embed is-provider-klaus-kunze\"><div class=\"wp-block-embed__wrapper\">\n<blockquote class=\"wp-embedded-content\" data-secret=\"fuKtNnzEqA\"><a href=\"http:\/\/klauskunze.com\/blog\/2019\/10\/31\/vernagelte-koepfe\/\">Antifaschistisch vernagelte K\u00f6pfe<\/a><\/blockquote><iframe loading=\"lazy\" class=\"wp-embedded-content\" sandbox=\"allow-scripts\" security=\"restricted\" style=\"position: absolute; clip: rect(1px, 1px, 1px, 1px);\" title=\"&#8222;Antifaschistisch vernagelte K\u00f6pfe&#8220; &#8212; Klaus Kunze\" src=\"http:\/\/klauskunze.com\/blog\/2019\/10\/31\/vernagelte-koepfe\/embed\/#?secret=iR95aKr9hd#?secret=fuKtNnzEqA\" data-secret=\"fuKtNnzEqA\" width=\"600\" height=\"338\" frameborder=\"0\" marginwidth=\"0\" marginheight=\"0\" scrolling=\"no\"><\/iframe>\n<\/div><\/figure>\n\n\n\n<figure class=\"wp-block-embed-wordpress wp-block-embed is-type-wp-embed is-provider-klaus-kunze\"><div class=\"wp-block-embed__wrapper\">\n<blockquote class=\"wp-embedded-content\" data-secret=\"cK2cUEV3ea\"><a href=\"http:\/\/klauskunze.com\/blog\/2019\/10\/26\/der-moralische-maulkorb\/\">Der moralische Maulkorb<\/a><\/blockquote><iframe loading=\"lazy\" class=\"wp-embedded-content\" sandbox=\"allow-scripts\" security=\"restricted\" style=\"position: absolute; clip: rect(1px, 1px, 1px, 1px);\" title=\"&#8222;Der moralische Maulkorb&#8220; &#8212; Klaus Kunze\" src=\"http:\/\/klauskunze.com\/blog\/2019\/10\/26\/der-moralische-maulkorb\/embed\/#?secret=ksT8kzvHte#?secret=cK2cUEV3ea\" data-secret=\"cK2cUEV3ea\" width=\"600\" height=\"338\" frameborder=\"0\" marginwidth=\"0\" marginheight=\"0\" scrolling=\"no\"><\/iframe>\n<\/div><\/figure>\n","protected":false},"excerpt":{"rendered":"<p>Mit Moralisten kann man nicht diskutieren. Ebensogut k\u00f6nnte man mit Zeugen Jehovas \u00fcber ihre Sch\u00f6pfungsgeschichte und ihre Propheten streiten. Wie alle Extremisten sind beide im K\u00e4fig ihres Glaubens vernagelt, nur sind Moralisten aggressiver. Der Gott der Christen kennt noch die Barmherzigkeit und die Vergebung. Ein Moralist verzeiht nie. Gegen Ende des 19. Jahrhunderts galt der [&hellip;]<\/p>\n","protected":false},"author":1,"featured_media":1221,"comment_status":"open","ping_status":"open","sticky":false,"template":"","format":"standard","meta":{"h5ap_radio_sources":[],"twitterCardType":"","cardImageID":0,"cardImage":"","cardTitle":"","cardDesc":"","cardImageAlt":"","cardPlayer":"","cardPlayerWidth":0,"cardPlayerHeight":0,"cardPlayerStream":"","cardPlayerCodec":"","footnotes":""},"categories":[1,20,17],"tags":[],"class_list":["post-1220","post","type-post","status-publish","format-standard","has-post-thumbnail","hentry","category-allgemein","category-philosophie","category-politik"],"yoast_head":"<!-- This site is optimized with the Yoast SEO plugin v27.5 - https:\/\/yoast.com\/product\/yoast-seo-wordpress\/ -->\n<title>Die Psychopathologie des Moralisten - Klaus Kunze<\/title>\n<meta name=\"robots\" content=\"index, follow, max-snippet:-1, max-image-preview:large, max-video-preview:-1\" \/>\n<link rel=\"canonical\" href=\"https:\/\/klauskunze.com\/blog\/2020\/01\/13\/die-psychopathologie-des-moralisten\/\" \/>\n<meta property=\"og:locale\" content=\"de_DE\" \/>\n<meta property=\"og:type\" content=\"article\" \/>\n<meta property=\"og:title\" content=\"Die Psychopathologie des Moralisten - Klaus Kunze\" \/>\n<meta property=\"og:description\" content=\"Mit Moralisten kann man nicht diskutieren. Ebensogut k\u00f6nnte man mit Zeugen Jehovas \u00fcber ihre Sch\u00f6pfungsgeschichte und ihre Propheten streiten. Wie alle Extremisten sind beide im K\u00e4fig ihres Glaubens vernagelt, nur sind Moralisten aggressiver. Der Gott der Christen kennt noch die Barmherzigkeit und die Vergebung. Ein Moralist verzeiht nie. Gegen Ende des 19. Jahrhunderts galt der [&hellip;]\" \/>\n<meta property=\"og:url\" content=\"https:\/\/klauskunze.com\/blog\/2020\/01\/13\/die-psychopathologie-des-moralisten\/\" \/>\n<meta property=\"og:site_name\" content=\"Klaus Kunze\" \/>\n<meta property=\"article:published_time\" content=\"2020-01-13T06:56:09+00:00\" \/>\n<meta property=\"article:modified_time\" content=\"2020-01-19T11:03:22+00:00\" \/>\n<meta property=\"og:image\" content=\"https:\/\/klauskunze.com\/blog\/wp-content\/uploads\/2020\/01\/20200112_162218a-1024x812.jpg\" \/>\n\t<meta property=\"og:image:width\" content=\"1024\" \/>\n\t<meta property=\"og:image:height\" content=\"812\" \/>\n\t<meta property=\"og:image:type\" content=\"image\/jpeg\" \/>\n<meta name=\"author\" content=\"Klaus Kunze\" \/>\n<meta name=\"twitter:label1\" content=\"Verfasst von\" \/>\n\t<meta name=\"twitter:data1\" content=\"Klaus Kunze\" \/>\n\t<meta name=\"twitter:label2\" content=\"Gesch\u00e4tzte Lesezeit\" \/>\n\t<meta name=\"twitter:data2\" content=\"7\u00a0Minuten\" \/>\n<script type=\"application\/ld+json\" class=\"yoast-schema-graph\">{\"@context\":\"https:\\\/\\\/schema.org\",\"@graph\":[{\"@type\":\"Article\",\"@id\":\"https:\\\/\\\/klauskunze.com\\\/blog\\\/2020\\\/01\\\/13\\\/die-psychopathologie-des-moralisten\\\/#article\",\"isPartOf\":{\"@id\":\"https:\\\/\\\/klauskunze.com\\\/blog\\\/2020\\\/01\\\/13\\\/die-psychopathologie-des-moralisten\\\/\"},\"author\":{\"name\":\"Klaus Kunze\",\"@id\":\"https:\\\/\\\/klauskunze.com\\\/blog\\\/#\\\/schema\\\/person\\\/9c091cf30ab68b897db6a517e3c3b11b\"},\"headline\":\"Die Psychopathologie des Moralisten\",\"datePublished\":\"2020-01-13T06:56:09+00:00\",\"dateModified\":\"2020-01-19T11:03:22+00:00\",\"mainEntityOfPage\":{\"@id\":\"https:\\\/\\\/klauskunze.com\\\/blog\\\/2020\\\/01\\\/13\\\/die-psychopathologie-des-moralisten\\\/\"},\"wordCount\":1456,\"commentCount\":4,\"publisher\":{\"@id\":\"https:\\\/\\\/klauskunze.com\\\/blog\\\/#\\\/schema\\\/person\\\/9c091cf30ab68b897db6a517e3c3b11b\"},\"image\":{\"@id\":\"https:\\\/\\\/klauskunze.com\\\/blog\\\/2020\\\/01\\\/13\\\/die-psychopathologie-des-moralisten\\\/#primaryimage\"},\"thumbnailUrl\":\"https:\\\/\\\/klauskunze.com\\\/blog\\\/wp-content\\\/uploads\\\/2020\\\/01\\\/20200112_162218a.jpg\",\"articleSection\":{\"1\":\"Philosophie\",\"2\":\"Politik\"},\"inLanguage\":\"de\",\"potentialAction\":[{\"@type\":\"CommentAction\",\"name\":\"Comment\",\"target\":[\"https:\\\/\\\/klauskunze.com\\\/blog\\\/2020\\\/01\\\/13\\\/die-psychopathologie-des-moralisten\\\/#respond\"]}]},{\"@type\":\"WebPage\",\"@id\":\"https:\\\/\\\/klauskunze.com\\\/blog\\\/2020\\\/01\\\/13\\\/die-psychopathologie-des-moralisten\\\/\",\"url\":\"https:\\\/\\\/klauskunze.com\\\/blog\\\/2020\\\/01\\\/13\\\/die-psychopathologie-des-moralisten\\\/\",\"name\":\"Die Psychopathologie des Moralisten - Klaus Kunze\",\"isPartOf\":{\"@id\":\"https:\\\/\\\/klauskunze.com\\\/blog\\\/#website\"},\"primaryImageOfPage\":{\"@id\":\"https:\\\/\\\/klauskunze.com\\\/blog\\\/2020\\\/01\\\/13\\\/die-psychopathologie-des-moralisten\\\/#primaryimage\"},\"image\":{\"@id\":\"https:\\\/\\\/klauskunze.com\\\/blog\\\/2020\\\/01\\\/13\\\/die-psychopathologie-des-moralisten\\\/#primaryimage\"},\"thumbnailUrl\":\"https:\\\/\\\/klauskunze.com\\\/blog\\\/wp-content\\\/uploads\\\/2020\\\/01\\\/20200112_162218a.jpg\",\"datePublished\":\"2020-01-13T06:56:09+00:00\",\"dateModified\":\"2020-01-19T11:03:22+00:00\",\"breadcrumb\":{\"@id\":\"https:\\\/\\\/klauskunze.com\\\/blog\\\/2020\\\/01\\\/13\\\/die-psychopathologie-des-moralisten\\\/#breadcrumb\"},\"inLanguage\":\"de\",\"potentialAction\":[{\"@type\":\"ReadAction\",\"target\":[\"https:\\\/\\\/klauskunze.com\\\/blog\\\/2020\\\/01\\\/13\\\/die-psychopathologie-des-moralisten\\\/\"]}]},{\"@type\":\"ImageObject\",\"inLanguage\":\"de\",\"@id\":\"https:\\\/\\\/klauskunze.com\\\/blog\\\/2020\\\/01\\\/13\\\/die-psychopathologie-des-moralisten\\\/#primaryimage\",\"url\":\"https:\\\/\\\/klauskunze.com\\\/blog\\\/wp-content\\\/uploads\\\/2020\\\/01\\\/20200112_162218a.jpg\",\"contentUrl\":\"https:\\\/\\\/klauskunze.com\\\/blog\\\/wp-content\\\/uploads\\\/2020\\\/01\\\/20200112_162218a.jpg\",\"width\":1993,\"height\":1580},{\"@type\":\"BreadcrumbList\",\"@id\":\"https:\\\/\\\/klauskunze.com\\\/blog\\\/2020\\\/01\\\/13\\\/die-psychopathologie-des-moralisten\\\/#breadcrumb\",\"itemListElement\":[{\"@type\":\"ListItem\",\"position\":1,\"name\":\"Startseite\",\"item\":\"https:\\\/\\\/klauskunze.com\\\/blog\\\/\"},{\"@type\":\"ListItem\",\"position\":2,\"name\":\"Die Psychopathologie des Moralisten\"}]},{\"@type\":\"WebSite\",\"@id\":\"https:\\\/\\\/klauskunze.com\\\/blog\\\/#website\",\"url\":\"https:\\\/\\\/klauskunze.com\\\/blog\\\/\",\"name\":\"Klaus Kunze\",\"description\":\"Blog\",\"publisher\":{\"@id\":\"https:\\\/\\\/klauskunze.com\\\/blog\\\/#\\\/schema\\\/person\\\/9c091cf30ab68b897db6a517e3c3b11b\"},\"potentialAction\":[{\"@type\":\"SearchAction\",\"target\":{\"@type\":\"EntryPoint\",\"urlTemplate\":\"https:\\\/\\\/klauskunze.com\\\/blog\\\/?s={search_term_string}\"},\"query-input\":{\"@type\":\"PropertyValueSpecification\",\"valueRequired\":true,\"valueName\":\"search_term_string\"}}],\"inLanguage\":\"de\"},{\"@type\":[\"Person\",\"Organization\"],\"@id\":\"https:\\\/\\\/klauskunze.com\\\/blog\\\/#\\\/schema\\\/person\\\/9c091cf30ab68b897db6a517e3c3b11b\",\"name\":\"Klaus Kunze\",\"image\":{\"@type\":\"ImageObject\",\"inLanguage\":\"de\",\"@id\":\"https:\\\/\\\/secure.gravatar.com\\\/avatar\\\/5cd83cadbada9c331a79952fcca177ed3d3be4c7ad3239b9d934bf84adff15dd?s=96&d=blank&r=g\",\"url\":\"https:\\\/\\\/secure.gravatar.com\\\/avatar\\\/5cd83cadbada9c331a79952fcca177ed3d3be4c7ad3239b9d934bf84adff15dd?s=96&d=blank&r=g\",\"contentUrl\":\"https:\\\/\\\/secure.gravatar.com\\\/avatar\\\/5cd83cadbada9c331a79952fcca177ed3d3be4c7ad3239b9d934bf84adff15dd?s=96&d=blank&r=g\",\"caption\":\"Klaus Kunze\"},\"logo\":{\"@id\":\"https:\\\/\\\/secure.gravatar.com\\\/avatar\\\/5cd83cadbada9c331a79952fcca177ed3d3be4c7ad3239b9d934bf84adff15dd?s=96&d=blank&r=g\"},\"sameAs\":[\"http:\\\/\\\/KlausKunze.com\",\"https:\\\/\\\/x.com\\\/https:\\\/\\\/twitter.com\\\/KlausKunze3\"]}]}<\/script>\n<!-- \/ Yoast SEO plugin. -->","yoast_head_json":{"title":"Die Psychopathologie des Moralisten - Klaus Kunze","robots":{"index":"index","follow":"follow","max-snippet":"max-snippet:-1","max-image-preview":"max-image-preview:large","max-video-preview":"max-video-preview:-1"},"canonical":"https:\/\/klauskunze.com\/blog\/2020\/01\/13\/die-psychopathologie-des-moralisten\/","og_locale":"de_DE","og_type":"article","og_title":"Die Psychopathologie des Moralisten - Klaus Kunze","og_description":"Mit Moralisten kann man nicht diskutieren. Ebensogut k\u00f6nnte man mit Zeugen Jehovas \u00fcber ihre Sch\u00f6pfungsgeschichte und ihre Propheten streiten. Wie alle Extremisten sind beide im K\u00e4fig ihres Glaubens vernagelt, nur sind Moralisten aggressiver. Der Gott der Christen kennt noch die Barmherzigkeit und die Vergebung. Ein Moralist verzeiht nie. Gegen Ende des 19. Jahrhunderts galt der [&hellip;]","og_url":"https:\/\/klauskunze.com\/blog\/2020\/01\/13\/die-psychopathologie-des-moralisten\/","og_site_name":"Klaus Kunze","article_published_time":"2020-01-13T06:56:09+00:00","article_modified_time":"2020-01-19T11:03:22+00:00","og_image":[{"width":1024,"height":812,"url":"https:\/\/klauskunze.com\/blog\/wp-content\/uploads\/2020\/01\/20200112_162218a-1024x812.jpg","type":"image\/jpeg"}],"author":"Klaus Kunze","twitter_misc":{"Verfasst von":"Klaus Kunze","Gesch\u00e4tzte Lesezeit":"7\u00a0Minuten"},"schema":{"@context":"https:\/\/schema.org","@graph":[{"@type":"Article","@id":"https:\/\/klauskunze.com\/blog\/2020\/01\/13\/die-psychopathologie-des-moralisten\/#article","isPartOf":{"@id":"https:\/\/klauskunze.com\/blog\/2020\/01\/13\/die-psychopathologie-des-moralisten\/"},"author":{"name":"Klaus Kunze","@id":"https:\/\/klauskunze.com\/blog\/#\/schema\/person\/9c091cf30ab68b897db6a517e3c3b11b"},"headline":"Die Psychopathologie des Moralisten","datePublished":"2020-01-13T06:56:09+00:00","dateModified":"2020-01-19T11:03:22+00:00","mainEntityOfPage":{"@id":"https:\/\/klauskunze.com\/blog\/2020\/01\/13\/die-psychopathologie-des-moralisten\/"},"wordCount":1456,"commentCount":4,"publisher":{"@id":"https:\/\/klauskunze.com\/blog\/#\/schema\/person\/9c091cf30ab68b897db6a517e3c3b11b"},"image":{"@id":"https:\/\/klauskunze.com\/blog\/2020\/01\/13\/die-psychopathologie-des-moralisten\/#primaryimage"},"thumbnailUrl":"https:\/\/klauskunze.com\/blog\/wp-content\/uploads\/2020\/01\/20200112_162218a.jpg","articleSection":{"1":"Philosophie","2":"Politik"},"inLanguage":"de","potentialAction":[{"@type":"CommentAction","name":"Comment","target":["https:\/\/klauskunze.com\/blog\/2020\/01\/13\/die-psychopathologie-des-moralisten\/#respond"]}]},{"@type":"WebPage","@id":"https:\/\/klauskunze.com\/blog\/2020\/01\/13\/die-psychopathologie-des-moralisten\/","url":"https:\/\/klauskunze.com\/blog\/2020\/01\/13\/die-psychopathologie-des-moralisten\/","name":"Die Psychopathologie des Moralisten - Klaus Kunze","isPartOf":{"@id":"https:\/\/klauskunze.com\/blog\/#website"},"primaryImageOfPage":{"@id":"https:\/\/klauskunze.com\/blog\/2020\/01\/13\/die-psychopathologie-des-moralisten\/#primaryimage"},"image":{"@id":"https:\/\/klauskunze.com\/blog\/2020\/01\/13\/die-psychopathologie-des-moralisten\/#primaryimage"},"thumbnailUrl":"https:\/\/klauskunze.com\/blog\/wp-content\/uploads\/2020\/01\/20200112_162218a.jpg","datePublished":"2020-01-13T06:56:09+00:00","dateModified":"2020-01-19T11:03:22+00:00","breadcrumb":{"@id":"https:\/\/klauskunze.com\/blog\/2020\/01\/13\/die-psychopathologie-des-moralisten\/#breadcrumb"},"inLanguage":"de","potentialAction":[{"@type":"ReadAction","target":["https:\/\/klauskunze.com\/blog\/2020\/01\/13\/die-psychopathologie-des-moralisten\/"]}]},{"@type":"ImageObject","inLanguage":"de","@id":"https:\/\/klauskunze.com\/blog\/2020\/01\/13\/die-psychopathologie-des-moralisten\/#primaryimage","url":"https:\/\/klauskunze.com\/blog\/wp-content\/uploads\/2020\/01\/20200112_162218a.jpg","contentUrl":"https:\/\/klauskunze.com\/blog\/wp-content\/uploads\/2020\/01\/20200112_162218a.jpg","width":1993,"height":1580},{"@type":"BreadcrumbList","@id":"https:\/\/klauskunze.com\/blog\/2020\/01\/13\/die-psychopathologie-des-moralisten\/#breadcrumb","itemListElement":[{"@type":"ListItem","position":1,"name":"Startseite","item":"https:\/\/klauskunze.com\/blog\/"},{"@type":"ListItem","position":2,"name":"Die Psychopathologie des Moralisten"}]},{"@type":"WebSite","@id":"https:\/\/klauskunze.com\/blog\/#website","url":"https:\/\/klauskunze.com\/blog\/","name":"Klaus Kunze","description":"Blog","publisher":{"@id":"https:\/\/klauskunze.com\/blog\/#\/schema\/person\/9c091cf30ab68b897db6a517e3c3b11b"},"potentialAction":[{"@type":"SearchAction","target":{"@type":"EntryPoint","urlTemplate":"https:\/\/klauskunze.com\/blog\/?s={search_term_string}"},"query-input":{"@type":"PropertyValueSpecification","valueRequired":true,"valueName":"search_term_string"}}],"inLanguage":"de"},{"@type":["Person","Organization"],"@id":"https:\/\/klauskunze.com\/blog\/#\/schema\/person\/9c091cf30ab68b897db6a517e3c3b11b","name":"Klaus Kunze","image":{"@type":"ImageObject","inLanguage":"de","@id":"https:\/\/secure.gravatar.com\/avatar\/5cd83cadbada9c331a79952fcca177ed3d3be4c7ad3239b9d934bf84adff15dd?s=96&d=blank&r=g","url":"https:\/\/secure.gravatar.com\/avatar\/5cd83cadbada9c331a79952fcca177ed3d3be4c7ad3239b9d934bf84adff15dd?s=96&d=blank&r=g","contentUrl":"https:\/\/secure.gravatar.com\/avatar\/5cd83cadbada9c331a79952fcca177ed3d3be4c7ad3239b9d934bf84adff15dd?s=96&d=blank&r=g","caption":"Klaus Kunze"},"logo":{"@id":"https:\/\/secure.gravatar.com\/avatar\/5cd83cadbada9c331a79952fcca177ed3d3be4c7ad3239b9d934bf84adff15dd?s=96&d=blank&r=g"},"sameAs":["http:\/\/KlausKunze.com","https:\/\/x.com\/https:\/\/twitter.com\/KlausKunze3"]}]}},"post_mailing_queue_ids":[],"_links":{"self":[{"href":"https:\/\/klauskunze.com\/blog\/wp-json\/wp\/v2\/posts\/1220","targetHints":{"allow":["GET"]}}],"collection":[{"href":"https:\/\/klauskunze.com\/blog\/wp-json\/wp\/v2\/posts"}],"about":[{"href":"https:\/\/klauskunze.com\/blog\/wp-json\/wp\/v2\/types\/post"}],"author":[{"embeddable":true,"href":"https:\/\/klauskunze.com\/blog\/wp-json\/wp\/v2\/users\/1"}],"replies":[{"embeddable":true,"href":"https:\/\/klauskunze.com\/blog\/wp-json\/wp\/v2\/comments?post=1220"}],"version-history":[{"count":13,"href":"https:\/\/klauskunze.com\/blog\/wp-json\/wp\/v2\/posts\/1220\/revisions"}],"predecessor-version":[{"id":1315,"href":"https:\/\/klauskunze.com\/blog\/wp-json\/wp\/v2\/posts\/1220\/revisions\/1315"}],"wp:featuredmedia":[{"embeddable":true,"href":"https:\/\/klauskunze.com\/blog\/wp-json\/wp\/v2\/media\/1221"}],"wp:attachment":[{"href":"https:\/\/klauskunze.com\/blog\/wp-json\/wp\/v2\/media?parent=1220"}],"wp:term":[{"taxonomy":"category","embeddable":true,"href":"https:\/\/klauskunze.com\/blog\/wp-json\/wp\/v2\/categories?post=1220"},{"taxonomy":"post_tag","embeddable":true,"href":"https:\/\/klauskunze.com\/blog\/wp-json\/wp\/v2\/tags?post=1220"}],"curies":[{"name":"wp","href":"https:\/\/api.w.org\/{rel}","templated":true}]}}