{"id":1244,"date":"2020-01-15T11:59:15","date_gmt":"2020-01-15T10:59:15","guid":{"rendered":"http:\/\/klauskunze.com\/blog\/?p=1244"},"modified":"2020-01-19T12:41:49","modified_gmt":"2020-01-19T11:41:49","slug":"die-machtergreifung-der-moralisten","status":"publish","type":"post","link":"https:\/\/klauskunze.com\/blog\/2020\/01\/15\/die-machtergreifung-der-moralisten\/","title":{"rendered":"Die Machtergreifung der Moralisten"},"content":{"rendered":"\n<h2 class=\"has-text-align-center wp-block-heading\">Freiheit endet, wo Moralismus beginnt<\/h2>\n\n\n\n<p>Sie k\u00f6nnen das Wort &#8222;moralisch verpflichtet&#8220; nicht mehr h\u00f6ren? Ich auch nicht mehr. Gerade darum sollten Sie aber weiterlesen. Es geht Ihnen n\u00e4mlich wie dem Hund, der das Wort Maulkorb nicht mehr h\u00f6ren mag. Man mu\u00df sich zwangsl\u00e4ufig damit auseinandersetzen.<\/p>\n\n\n\n<p>Vorgestern verstieg sich eine Kommentatorin im NDR\ndazu, Siemens d\u00fcrfe &#8222;aus moralischen Gr\u00fcnden&#8220; in Australien keine\nSignalanlagen bauen. Wei\u00df man im NDR \u00fcberhaupt, was das Wort Moral bedeutet?\nIst es nicht ein auch moralischer Grundsatz, ein vertragliches Versprechen\neinzuhalten?<\/p>\n\n\n\n<p>&#8222;Unmoralisch&#8220; ist zur Killerphrase\ngeworden. Man tr\u00e4gt sie als Waffe vor sich her wie einen Spie\u00df, mit dem ein\nschlichter Landsknecht selbst den sch\u00f6nsten Ritter vom Pferd holen konnte.\nKillerphrasen haben keinen greifbaren Inhalt, sie sind leere Worth\u00fclsen. \u00dcber\ndie Dummheiten, \u00fcber alles und jeden die Einheitssauce des Moralischen\nauszugie\u00dfen, m\u00fc\u00dfte man kein Wort verlieren. <\/p>\n\n\n\n<p>Linksextreme Taktik hat sich aber des Moralismus\nbem\u00e4chtigt und benutzt ihn, um ihre strategischen Ziele zu erreichen. Wer nicht\ndurchschaut, mit welchen Mechanismen das funktioniert, bleibt dagegen wehr- und\nhilflos. Es funktioniert, mit den Worten Zara Rifflers, so:<\/p>\n\n\n\n<blockquote class=\"wp-block-quote is-layout-flow wp-block-quote-is-layout-flow\"><p>&#8222;Die gef\u00fchlte Bedrohung in Kombination mit der \u00fcbertriebenen Political Correctness l\u00e4\u00dft die Moral in universit\u00e4ren linken Kreisen zu einer Hypermoral wuchern. Es wird moralisch entschieden, was \u201erichtig\u201c sei. Eine solche moralisch \u201erichtige\u201c Meinung wird absolut gesetzt, abweichende Meinungen hingegen als obsolet ausgesondert. Diese Hypermoral hat die Oberhand gewonnen und l\u00e4sst kaum einen Diskurs zu, da andere politische Auffassungen unmittelbar verurteilt werden \u2013 denn diese entsprechen nicht den eigenen moralischen Prinzipien, daher gef\u00e4hrden sie den Kampf gegen die gef\u00fcrchteten -ismen. Die Hypermoral ersetzt das Bewu\u00dftsein von der Relevanz der Meinungsfreiheit und blockiert jede Toleranz. Linke Gruppierungen haben sich an den Universit\u00e4ten die Definitions- und Entscheidungsgewalt dar\u00fcber erobert, welche Personen die Universit\u00e4t betreten, welche innerhalb der R\u00e4umlichkeiten reden d\u00fcrfen und welche Inhalte noch erlaubt sind. Da sich die Hypermoral durch das Ausbleiben eines Diskurses mit Andersdenkenden verfestigt, wird der offene Diskurs unm\u00f6glich. Damit sind die Universit\u00e4ten in eine politisch linke Wohlf\u00fchlzone geraten und im eigenen moralisierenden Wortgeklingel gefangen. Realit\u00e4t st\u00f6rt.&#8220;<a href=\"#_ftn1\">[1]<\/a><\/p><cite>Zara Riffler, <a href=\"https:\/\/www.tichyseinblick.de\/meinungen\/diskriminierungsfreiheit-statt-meinungsfreiheit\/?fbclid=IwAR2tFI-KA9psT402IiGYA5o1yWLMlDzWkwBPWq9pdlOvwisrp-bETPWtH3g\">Diskriminierungsfreiheit statt Meinungsfreiheit, 14.1.2020<\/a><\/cite><\/blockquote>\n\n\n\n<p>Vergew\u00e4rtigen wir uns, was Moral eigentlich ist.\nIhre spezifischen Unterscheidungsmerkmale lauten gut und b\u00f6se. Das h\u00f6rt sich\nkindlich schlicht an und ist es auch. Es sind Wort-Seifenblasen ohne konkreten\nInhalt.<\/p>\n\n\n\n<p>Im Unterschied zur Moral lehrt die Ethik, welche\nkonkreten Tugenden wie Treue und so weiter inhaltlich richtig sind und beachtet\nwerden sollte.<\/p>\n\n\n\n<p>Moral hat aber keinen bestimmten Inhalt. Gut und B\u00f6se sind die antithetischen Bestandteile jedes beliebigen Weltbildes und k\u00f6nnen nur aus dessen jeweiliger Perspektive als solche angesehen werden.<a href=\"#_ftn2\">[2]<\/a> Mythen, Religionen und Ideologien sind im Grunde kollektive weltanschauliche Entscheidungen.<a href=\"#_ftn3\">[3]<\/a> Das Gute und das B\u00f6se eines Christen ist darum inhaltlich etwas anderes als das Gut und B\u00f6se eines Linksextremisten.<\/p>\n\n\n\n<p>Moralismus ist eine Angriffswaffe, die eigene Weltanschauung durchzusetzen, und eine Methode, Macht zu erringen und zu bewahren. Jeder kann sie benutzen. <\/p>\n\n\n\n<p>Wer die Moral seiner Ideologie, &#8222;sein Gut und B\u00f6se&#8220; verabsolutiert und als &#8222;das Gut und B\u00f6se&#8220; schlechthin ausgibt, erhebt damit den Machtanspruch, an die Wertsetzungen seiner Weltanschauung habe sich alle Welt gef\u00e4lligst zu halten. Es bietet sich &#8222;kein besserer Weg zur Durchsetzung eines Machtanspruchs an als der Kampf um den Sieg einer Norm, deren Vertretung und Interpretation sich der darum K\u00e4mpfende vorbeh\u00e4lt.&#8220;<a href=\"#_ftn4\">[4]<\/a><\/p>\n\n\n\n<p>Wie sehr sich linksextremistische Deutungsmuster an\nvielen Hochschulen durchgesetzt haben, zeigt die verbissene Intoleranz, mit der\ndort diejenigen Normen verteidigt werden, auf die der derzeitige\nLinksextremismus sich st\u00fctzt. Diese Normen selbst bilden eine komplexe\nIdeologie, deren Versatzst\u00fccke in einem bestimmten Geschichtsbild, einer\nspezifischen Auffassung von der Gleichheit aller Menschen und \u00e4hnlichem\nbestehen. Wer die sich daraus ergebenden Normsetzungen mi\u00dfachtet, gilt als\nb\u00f6se, wer sie verinnerlicht hat, als gut. B\u00f6sen mu\u00df man aus dieser Perspektive\nnicht mit Toleranz begegnen.<\/p>\n\n\n\n<figure class=\"wp-block-image size-large\"><img loading=\"lazy\" decoding=\"async\" width=\"617\" height=\"435\" src=\"http:\/\/klauskunze.com\/blog\/wp-content\/uploads\/2020\/01\/Zuschneiden_7-1.jpg\" alt=\"\" class=\"wp-image-1247\" srcset=\"https:\/\/klauskunze.com\/blog\/wp-content\/uploads\/2020\/01\/Zuschneiden_7-1.jpg 617w, https:\/\/klauskunze.com\/blog\/wp-content\/uploads\/2020\/01\/Zuschneiden_7-1-300x212.jpg 300w\" sizes=\"auto, (max-width: 617px) 100vw, 617px\" \/><figcaption>Kampf um die Lufthoheit am Stammtisch: Moralisierung gegen Wissenschaftsfreiheit<br>(Extremisten sprengen eine Vorlesung von Prof. Bernd Lucke, Hamburg Oktober 2019)<\/figcaption><\/figure>\n\n\n\n<p>Auf der einen Seite stehen Vertreter des kritischen Rationalismus. Sie sind davon \u00fcberzeugt, da\u00df es feststehende Wahrheiten nicht gibt. Darum soll jeder Gesichtspunkt in eine freie Diskussion eingebracht werden d\u00fcrfen. Jede \u00dcberzeugung mu\u00df sich st\u00e4ndig gefallen lassen, anhand neuer Fakten und Gesichtspunkte \u00fcberpr\u00fcft zu werden. Darum ist wissenschaftliche Erkenntnis ohne Freiheit von Forschung und Lehre nicht m\u00f6glich. Fragestellungen sind Sachfragen, und um Sachfragen zu beantworten, haben Wissenschaftler die beste Kompetenz.<\/p>\n\n\n\n<p>Auf der anderen Seite stehen die Vertreter geschlossener Weltbilder, die absolute Wahrheiten schon gefunden glauben. Wer ihnen widerspricht, ist b\u00f6se &#8211; unmoralisch! Er mu\u00df darum am Forschen, Lehren und Reden gehindert werden, notfalls handgreiflich. Moralische Fragen zu beantworten, f\u00fchlen sich bereits Erstsemester f\u00fcr v\u00f6llig kompetent. <\/p>\n\n\n\n<p>In einer scharfsinnigen Analyse hat die Historikerin\nSandra Kostner erkannt, da\u00df hier ein Kampf um Macht stattfindet. Der\nLinksextremismus ist dabei, an den Universit\u00e4ten &#8222;wissensbasierte\nMachtasymmetrien durch moralbasierte&#8220; zu ersetzen.<a href=\"#_ftn5\">[5]<\/a>\nIn ihnen steht der wissende Professor wie ein dummer Junge hilflos neben dem\nkrakeelenden Erstsemester, der f\u00fcr sich moralische Kompetenz und den Vorrang\nseiner Moral vor jeder wissenschaftlichen Kompetenz beansprucht.<\/p>\n\n\n\n<blockquote class=\"wp-block-quote is-layout-flow wp-block-quote-is-layout-flow\"><p>&#8222;Moralbasierte Machtasymmetrien bilden die ideale Voraussetzung f\u00fcr Studenten, die das agendawissenschaftliche Programm radikalisieren oder einfach nur Macht \u00fcber andere aus\u00fcben m\u00f6chten. So haben es sich manche zur Aufgabe gemacht, Disziplinarma\u00dfnahmen f\u00fcr Dozenten einzufordern, deren Lehrinhalte oder deren Sprachgebrauch von der \u00abrichtigen\u00bb Gesinnung abweichen. Die Anklage lautet stets: rassistisch, sexistisch, anschlussf\u00e4hig an rechte Diskurse, femo-\/homonationalistisch oder islamophob. Vorgebracht werden die Anschuldigungen \u00fcber Social-Media-Accounts oder \u00fcber Beschwerdebriefe an Leitungsebenen.&#8220;<a href=\"#_ftn6\">[6]<\/a><\/p><cite>Sandra Kostner, Wenn Wissenschafter eine Agenda verfolgen: wie Macht und Moral an den Hochschulen die Erkenntnis ersetzen, <a href=\"https:\/\/www.nzz.ch\/feuilleton\/wissenschaft-wenn-macht-und-moral-die-erkenntnis-ersetzen-ld.1533154?mktcid=smch&amp;mktcval=fbpost_2020-01-13&amp;fbclid=IwAR2KVf1cjggGYzY5kNXESRreQZHUm5TsddfL1U1PeVd4Or7KMr4KsnJQKS8\">Neue Z\u00fcrcher Zeitung 13.1.2020<\/a>.<\/cite><\/blockquote>\n\n\n\n<p>Die Machtergreifung des Linksextremismus hat gerade in vielen geisteswissenschaftlichen Fakult\u00e4ten bereits stattgefunden. Eine Freiheit der Wissenschaft kennt er nicht mehr, nicht mehr als normatives Ziel und bereits nicht in der wissenschaftlichen Methodik. Von Wissenschaft kann keine Rede mehr sein, wo die Resultate angeblich wissenschaftlicher Forschung von vornherein feststehen. Als wahre Resultate gelten dann nur noch diejenigen Hypothesen, die mit der dominanten Ideologie \u00fcbereinstimmen.<\/p>\n\n\n\n<p>Um diese in der gesamten Gesellschaft durchzusetzen,\nhaben Linksextremisten quasi eine Agenda geschaffen, einen Plan schrittweiser\nMachtergreifung: den Marsch durch die Institutionen.<\/p>\n\n\n\n<blockquote class=\"wp-block-quote is-layout-flow wp-block-quote-is-layout-flow\"><p>&#8222;Urspr\u00fcnglich strebten Agendawissenschafter die soziale Revolution an. Aber schon in den 1970er Jahren verlagerten sie ihr Ziel: weg vom Empowerment der angeblich vom Kapital unterdr\u00fcckten sozialen Klassen, hin zum Empowerment von Gruppen, die aufgrund ihres Geschlechts, ihrer Hautfarbe, ihrer aussereurop\u00e4ischen Herkunft, ihres nichtchristlichen Glaubens oder ihrer sexuellen Orientierung pauschal zu Opfern der von wei\u00df-christlich-heterosexuellen M\u00e4nnern geschaffenen Machtverh\u00e4ltnisse erkl\u00e4rt wurden.&#8220;<a href=\"#_ftn7\">[7]<\/a><\/p><cite>Sandra Kostner<\/cite><\/blockquote>\n\n\n\n<p>Sie sind in der Wolle gef\u00e4rbte Feinde unserer\nVerfassung, denn<\/p>\n\n\n\n<blockquote class=\"wp-block-quote is-layout-flow wp-block-quote-is-layout-flow\"><p>(Art 5  Grundgesetz)<\/p><p>(1) Jeder hat das Recht, seine Meinung in Wort, Schrift und Bild frei zu \u00e4u\u00dfern und zu verbreiten und sich aus allgemein zug\u00e4nglichen Quellen ungehindert zu unterrichten. [..]<\/p><p>&nbsp;(3) Kunst und Wissenschaft, Forschung und Lehre sind frei. Die Freiheit der Lehre entbindet nicht von der Treue zur Verfassung. <br><\/p><\/blockquote>\n\n\n\n<p>Wer Vorlesungen sprengt und Wissenschaftler\nniederbr\u00fcllt, hat an einer Universit\u00e4t nichts zu suchen.<\/p>\n\n\n\n<p>Moralismus ist eine Methode, ideologischen Machtanspr\u00fcchen die scheinbare Weihe h\u00f6herer Moral zu verleihen. Diese Moral mitsamt ihrer Weihe zu analysieren, sie auf ihren ideologischen und methodologischen Kern und ihre soziale Funktion zur\u00fcckzuf\u00fchren, ist auch eine Methode. Sie entlarvt solche Art Moral als ein ideologisches Konstrukt. Man nennt die Methode: <a href=\"https:\/\/de.wikipedia.org\/wiki\/Dekonstruktion\">Dekonstruktivismus<\/a>. Mit einer dekonstruktivistischen Lanze kann man einen Ritter der Moral vom hohen Ro\u00df holen.<\/p>\n\n\n\n<p>Soll doch mal einer sagen, man k\u00f6nne von seinen Gegnern nichts lernen &#8211; und sei es nur etwas Methodisches! Die Dummheit der ideologischen Moralisten besteht darin, da\u00df sie ihren Gegnern nicht zuh\u00f6ren, sondern sie niederbr\u00fcllen. So k\u00f6nnen sie auch nichts von ihnen lernen. <\/p>\n\n\n\n<p>W\u00e4ren sie lernf\u00e4hig, w\u00e4ren sie allerdings keine\nMoralisten mehr.<\/p>\n\n\n\n<p><\/p>\n\n\n\n<hr class=\"wp-block-separator\"\/>\n\n\n\n<p><a href=\"#_ftnref1\">[1]<\/a>\nZara Riffler, Diskriminierungsfreiheit statt Meinungsfreiheit, 14.1.2020,\nhttps:\/\/www.tichyseinblick.de\/meinungen\/diskriminierungsfreiheit-statt-meinungsfreiheit\/?fbclid=IwAR2tFI-KA9psT402IiGYA5o1yWLMlDzWkwBPWq9pdlOvwisrp-bETPWtH3g<\/p>\n\n\n\n<p><a href=\"#_ftnref2\">[2]<\/a>\nPanajotis Kondylis, Macht und Entscheidung, 1984, S.23.<\/p>\n\n\n\n<p><a href=\"#_ftnref3\">[3]<\/a>\nKondylis, am angegebenen Ort, S.43.<\/p>\n\n\n\n<p><a href=\"#_ftnref4\">[4]<\/a>\nKondylis, am angegebenen Ort, S.43.<\/p>\n\n\n\n<p><a href=\"#_ftnref5\">[5]<\/a>\nSandra Kostner, Wenn Wissenschafter eine Agenda verfolgen: wie Macht und Moral\nan den Hochschulen die Erkenntnis ersetzen, Neue Z\u00fcrcher Zeitung 13.1.2020.<\/p>\n\n\n\n<p><a href=\"#_ftnref6\">[6]<\/a>\nKostner am angegebenen Ort.<\/p>\n\n\n\n<p><a href=\"#_ftnref7\">[7]<\/a>\nKostner am angegebenen Ort.<\/p>\n\n\n\n<h2 class=\"wp-block-heading\">Lesen Sie zum Thema auch:<\/h2>\n\n\n\n<figure class=\"wp-block-embed-wordpress wp-block-embed is-type-wp-embed is-provider-klaus-kunze\"><div class=\"wp-block-embed__wrapper\">\n<blockquote class=\"wp-embedded-content\" data-secret=\"QPTwTEQwRv\"><a href=\"http:\/\/klauskunze.com\/blog\/2019\/11\/04\/demokratieunfaehig\/\">Demokratieunf\u00e4hig<\/a><\/blockquote><iframe loading=\"lazy\" class=\"wp-embedded-content\" sandbox=\"allow-scripts\" security=\"restricted\" style=\"position: absolute; clip: rect(1px, 1px, 1px, 1px);\" title=\"&#8222;Demokratieunf\u00e4hig&#8220; &#8212; Klaus Kunze\" src=\"http:\/\/klauskunze.com\/blog\/2019\/11\/04\/demokratieunfaehig\/embed\/#?secret=vHDW75rj1H#?secret=QPTwTEQwRv\" data-secret=\"QPTwTEQwRv\" width=\"600\" height=\"338\" frameborder=\"0\" marginwidth=\"0\" marginheight=\"0\" scrolling=\"no\"><\/iframe>\n<\/div><\/figure>\n\n\n\n<figure class=\"wp-block-embed-wordpress wp-block-embed is-type-wp-embed is-provider-klaus-kunze\"><div class=\"wp-block-embed__wrapper\">\n<blockquote class=\"wp-embedded-content\" data-secret=\"LcImxV4cgz\"><a href=\"http:\/\/klauskunze.com\/blog\/2020\/01\/15\/die-machtergreifung-der-moralisten\/\">Die Machtergreifung der Moralisten<\/a><\/blockquote><iframe loading=\"lazy\" class=\"wp-embedded-content\" sandbox=\"allow-scripts\" security=\"restricted\" style=\"position: absolute; clip: rect(1px, 1px, 1px, 1px);\" title=\"&#8222;Die Machtergreifung der Moralisten&#8220; &#8212; Klaus Kunze\" src=\"http:\/\/klauskunze.com\/blog\/2020\/01\/15\/die-machtergreifung-der-moralisten\/embed\/#?secret=4xrRAueDRs#?secret=LcImxV4cgz\" data-secret=\"LcImxV4cgz\" width=\"600\" height=\"338\" frameborder=\"0\" marginwidth=\"0\" marginheight=\"0\" scrolling=\"no\"><\/iframe>\n<\/div><\/figure>\n\n\n\n<figure class=\"wp-block-embed-wordpress wp-block-embed is-type-wp-embed is-provider-klaus-kunze\"><div class=\"wp-block-embed__wrapper\">\n<blockquote class=\"wp-embedded-content\" data-secret=\"2XNTWj4iNC\"><a href=\"http:\/\/klauskunze.com\/blog\/2020\/01\/13\/die-psychopathologie-des-moralisten\/\">Die Psychopathologie des Moralisten<\/a><\/blockquote><iframe loading=\"lazy\" class=\"wp-embedded-content\" sandbox=\"allow-scripts\" security=\"restricted\" style=\"position: absolute; clip: rect(1px, 1px, 1px, 1px);\" title=\"&#8222;Die Psychopathologie des Moralisten&#8220; &#8212; Klaus Kunze\" src=\"http:\/\/klauskunze.com\/blog\/2020\/01\/13\/die-psychopathologie-des-moralisten\/embed\/#?secret=JvxoH2QOL6#?secret=2XNTWj4iNC\" data-secret=\"2XNTWj4iNC\" width=\"600\" height=\"338\" frameborder=\"0\" marginwidth=\"0\" marginheight=\"0\" scrolling=\"no\"><\/iframe>\n<\/div><\/figure>\n\n\n\n<figure class=\"wp-block-embed-wordpress wp-block-embed is-type-wp-embed is-provider-klaus-kunze\"><div class=\"wp-block-embed__wrapper\">\n<blockquote class=\"wp-embedded-content\" data-secret=\"415xzow5ka\"><a href=\"http:\/\/klauskunze.com\/blog\/2019\/10\/26\/der-moralische-maulkorb\/\">Der moralische Maulkorb<\/a><\/blockquote><iframe loading=\"lazy\" class=\"wp-embedded-content\" sandbox=\"allow-scripts\" security=\"restricted\" style=\"position: absolute; clip: rect(1px, 1px, 1px, 1px);\" title=\"&#8222;Der moralische Maulkorb&#8220; &#8212; Klaus Kunze\" src=\"http:\/\/klauskunze.com\/blog\/2019\/10\/26\/der-moralische-maulkorb\/embed\/#?secret=I9R9a55B6Q#?secret=415xzow5ka\" data-secret=\"415xzow5ka\" width=\"600\" height=\"338\" frameborder=\"0\" marginwidth=\"0\" marginheight=\"0\" scrolling=\"no\"><\/iframe>\n<\/div><\/figure>\n\n\n\n<figure class=\"wp-block-embed-wordpress wp-block-embed is-type-wp-embed is-provider-klaus-kunze\"><div class=\"wp-block-embed__wrapper\">\n<blockquote class=\"wp-embedded-content\" data-secret=\"tIbrhVoe1y\"><a href=\"http:\/\/klauskunze.com\/blog\/2019\/12\/29\/der-hexer-und-die-moralisten\/\">Der Hexer und die Moralisten<\/a><\/blockquote><iframe loading=\"lazy\" class=\"wp-embedded-content\" sandbox=\"allow-scripts\" security=\"restricted\" style=\"position: absolute; clip: rect(1px, 1px, 1px, 1px);\" title=\"&#8222;Der Hexer und die Moralisten&#8220; &#8212; Klaus Kunze\" src=\"http:\/\/klauskunze.com\/blog\/2019\/12\/29\/der-hexer-und-die-moralisten\/embed\/#?secret=nYIE92XIke#?secret=tIbrhVoe1y\" data-secret=\"tIbrhVoe1y\" width=\"600\" height=\"338\" frameborder=\"0\" marginwidth=\"0\" marginheight=\"0\" scrolling=\"no\"><\/iframe>\n<\/div><\/figure>\n\n\n\n<figure class=\"wp-block-embed-wordpress wp-block-embed is-type-wp-embed is-provider-klaus-kunze\"><div class=\"wp-block-embed__wrapper\">\n<blockquote class=\"wp-embedded-content\" data-secret=\"zvKbrfj6qF\"><a href=\"http:\/\/klauskunze.com\/blog\/2019\/10\/31\/vernagelte-koepfe\/\">Antifaschistisch vernagelte K\u00f6pfe<\/a><\/blockquote><iframe loading=\"lazy\" class=\"wp-embedded-content\" sandbox=\"allow-scripts\" security=\"restricted\" style=\"position: absolute; clip: rect(1px, 1px, 1px, 1px);\" title=\"&#8222;Antifaschistisch vernagelte K\u00f6pfe&#8220; &#8212; Klaus Kunze\" src=\"http:\/\/klauskunze.com\/blog\/2019\/10\/31\/vernagelte-koepfe\/embed\/#?secret=XB4xxDbQHk#?secret=zvKbrfj6qF\" data-secret=\"zvKbrfj6qF\" width=\"600\" height=\"338\" frameborder=\"0\" marginwidth=\"0\" marginheight=\"0\" scrolling=\"no\"><\/iframe>\n<\/div><\/figure>\n","protected":false},"excerpt":{"rendered":"<p>Freiheit endet, wo Moralismus beginnt Sie k\u00f6nnen das Wort &#8222;moralisch verpflichtet&#8220; nicht mehr h\u00f6ren? Ich auch nicht mehr. Gerade darum sollten Sie aber weiterlesen. Es geht Ihnen n\u00e4mlich wie dem Hund, der das Wort Maulkorb nicht mehr h\u00f6ren mag. Man mu\u00df sich zwangsl\u00e4ufig damit auseinandersetzen. Vorgestern verstieg sich eine Kommentatorin im NDR dazu, Siemens d\u00fcrfe [&hellip;]<\/p>\n","protected":false},"author":1,"featured_media":1247,"comment_status":"open","ping_status":"open","sticky":false,"template":"","format":"standard","meta":{"h5ap_radio_sources":[],"twitterCardType":"","cardImageID":0,"cardImage":"","cardTitle":"","cardDesc":"","cardImageAlt":"","cardPlayer":"","cardPlayerWidth":0,"cardPlayerHeight":0,"cardPlayerStream":"","cardPlayerCodec":"","footnotes":""},"categories":[1,20,17],"tags":[],"class_list":["post-1244","post","type-post","status-publish","format-standard","has-post-thumbnail","hentry","category-allgemein","category-philosophie","category-politik"],"yoast_head":"<!-- This site is optimized with the Yoast SEO plugin v27.4 - https:\/\/yoast.com\/product\/yoast-seo-wordpress\/ -->\n<title>Die Machtergreifung der Moralisten - Klaus Kunze<\/title>\n<meta name=\"robots\" content=\"index, follow, max-snippet:-1, max-image-preview:large, max-video-preview:-1\" \/>\n<link rel=\"canonical\" href=\"https:\/\/klauskunze.com\/blog\/2020\/01\/15\/die-machtergreifung-der-moralisten\/\" \/>\n<meta property=\"og:locale\" content=\"de_DE\" \/>\n<meta property=\"og:type\" content=\"article\" \/>\n<meta property=\"og:title\" content=\"Die Machtergreifung der Moralisten - Klaus Kunze\" \/>\n<meta property=\"og:description\" content=\"Freiheit endet, wo Moralismus beginnt Sie k\u00f6nnen das Wort &#8222;moralisch verpflichtet&#8220; nicht mehr h\u00f6ren? Ich auch nicht mehr. Gerade darum sollten Sie aber weiterlesen. Es geht Ihnen n\u00e4mlich wie dem Hund, der das Wort Maulkorb nicht mehr h\u00f6ren mag. Man mu\u00df sich zwangsl\u00e4ufig damit auseinandersetzen. Vorgestern verstieg sich eine Kommentatorin im NDR dazu, Siemens d\u00fcrfe [&hellip;]\" \/>\n<meta property=\"og:url\" content=\"https:\/\/klauskunze.com\/blog\/2020\/01\/15\/die-machtergreifung-der-moralisten\/\" \/>\n<meta property=\"og:site_name\" content=\"Klaus Kunze\" \/>\n<meta property=\"article:published_time\" content=\"2020-01-15T10:59:15+00:00\" \/>\n<meta property=\"article:modified_time\" content=\"2020-01-19T11:41:49+00:00\" \/>\n<meta property=\"og:image\" content=\"https:\/\/klauskunze.com\/blog\/wp-content\/uploads\/2020\/01\/Zuschneiden_7-1.jpg\" \/>\n\t<meta property=\"og:image:width\" content=\"617\" \/>\n\t<meta property=\"og:image:height\" content=\"435\" \/>\n\t<meta property=\"og:image:type\" content=\"image\/jpeg\" \/>\n<meta name=\"author\" content=\"Klaus Kunze\" \/>\n<meta name=\"twitter:label1\" content=\"Verfasst von\" \/>\n\t<meta name=\"twitter:data1\" content=\"Klaus Kunze\" \/>\n\t<meta name=\"twitter:label2\" content=\"Gesch\u00e4tzte Lesezeit\" \/>\n\t<meta name=\"twitter:data2\" content=\"7\u00a0Minuten\" \/>\n<script type=\"application\/ld+json\" class=\"yoast-schema-graph\">{\"@context\":\"https:\\\/\\\/schema.org\",\"@graph\":[{\"@type\":\"Article\",\"@id\":\"https:\\\/\\\/klauskunze.com\\\/blog\\\/2020\\\/01\\\/15\\\/die-machtergreifung-der-moralisten\\\/#article\",\"isPartOf\":{\"@id\":\"https:\\\/\\\/klauskunze.com\\\/blog\\\/2020\\\/01\\\/15\\\/die-machtergreifung-der-moralisten\\\/\"},\"author\":{\"name\":\"Klaus Kunze\",\"@id\":\"https:\\\/\\\/klauskunze.com\\\/blog\\\/#\\\/schema\\\/person\\\/9c091cf30ab68b897db6a517e3c3b11b\"},\"headline\":\"Die Machtergreifung der Moralisten\",\"datePublished\":\"2020-01-15T10:59:15+00:00\",\"dateModified\":\"2020-01-19T11:41:49+00:00\",\"mainEntityOfPage\":{\"@id\":\"https:\\\/\\\/klauskunze.com\\\/blog\\\/2020\\\/01\\\/15\\\/die-machtergreifung-der-moralisten\\\/\"},\"wordCount\":1415,\"commentCount\":2,\"publisher\":{\"@id\":\"https:\\\/\\\/klauskunze.com\\\/blog\\\/#\\\/schema\\\/person\\\/9c091cf30ab68b897db6a517e3c3b11b\"},\"image\":{\"@id\":\"https:\\\/\\\/klauskunze.com\\\/blog\\\/2020\\\/01\\\/15\\\/die-machtergreifung-der-moralisten\\\/#primaryimage\"},\"thumbnailUrl\":\"https:\\\/\\\/klauskunze.com\\\/blog\\\/wp-content\\\/uploads\\\/2020\\\/01\\\/Zuschneiden_7-1.jpg\",\"articleSection\":{\"1\":\"Philosophie\",\"2\":\"Politik\"},\"inLanguage\":\"de\",\"potentialAction\":[{\"@type\":\"CommentAction\",\"name\":\"Comment\",\"target\":[\"https:\\\/\\\/klauskunze.com\\\/blog\\\/2020\\\/01\\\/15\\\/die-machtergreifung-der-moralisten\\\/#respond\"]}]},{\"@type\":\"WebPage\",\"@id\":\"https:\\\/\\\/klauskunze.com\\\/blog\\\/2020\\\/01\\\/15\\\/die-machtergreifung-der-moralisten\\\/\",\"url\":\"https:\\\/\\\/klauskunze.com\\\/blog\\\/2020\\\/01\\\/15\\\/die-machtergreifung-der-moralisten\\\/\",\"name\":\"Die Machtergreifung der Moralisten - Klaus Kunze\",\"isPartOf\":{\"@id\":\"https:\\\/\\\/klauskunze.com\\\/blog\\\/#website\"},\"primaryImageOfPage\":{\"@id\":\"https:\\\/\\\/klauskunze.com\\\/blog\\\/2020\\\/01\\\/15\\\/die-machtergreifung-der-moralisten\\\/#primaryimage\"},\"image\":{\"@id\":\"https:\\\/\\\/klauskunze.com\\\/blog\\\/2020\\\/01\\\/15\\\/die-machtergreifung-der-moralisten\\\/#primaryimage\"},\"thumbnailUrl\":\"https:\\\/\\\/klauskunze.com\\\/blog\\\/wp-content\\\/uploads\\\/2020\\\/01\\\/Zuschneiden_7-1.jpg\",\"datePublished\":\"2020-01-15T10:59:15+00:00\",\"dateModified\":\"2020-01-19T11:41:49+00:00\",\"breadcrumb\":{\"@id\":\"https:\\\/\\\/klauskunze.com\\\/blog\\\/2020\\\/01\\\/15\\\/die-machtergreifung-der-moralisten\\\/#breadcrumb\"},\"inLanguage\":\"de\",\"potentialAction\":[{\"@type\":\"ReadAction\",\"target\":[\"https:\\\/\\\/klauskunze.com\\\/blog\\\/2020\\\/01\\\/15\\\/die-machtergreifung-der-moralisten\\\/\"]}]},{\"@type\":\"ImageObject\",\"inLanguage\":\"de\",\"@id\":\"https:\\\/\\\/klauskunze.com\\\/blog\\\/2020\\\/01\\\/15\\\/die-machtergreifung-der-moralisten\\\/#primaryimage\",\"url\":\"https:\\\/\\\/klauskunze.com\\\/blog\\\/wp-content\\\/uploads\\\/2020\\\/01\\\/Zuschneiden_7-1.jpg\",\"contentUrl\":\"https:\\\/\\\/klauskunze.com\\\/blog\\\/wp-content\\\/uploads\\\/2020\\\/01\\\/Zuschneiden_7-1.jpg\",\"width\":617,\"height\":435},{\"@type\":\"BreadcrumbList\",\"@id\":\"https:\\\/\\\/klauskunze.com\\\/blog\\\/2020\\\/01\\\/15\\\/die-machtergreifung-der-moralisten\\\/#breadcrumb\",\"itemListElement\":[{\"@type\":\"ListItem\",\"position\":1,\"name\":\"Startseite\",\"item\":\"https:\\\/\\\/klauskunze.com\\\/blog\\\/\"},{\"@type\":\"ListItem\",\"position\":2,\"name\":\"Die Machtergreifung der Moralisten\"}]},{\"@type\":\"WebSite\",\"@id\":\"https:\\\/\\\/klauskunze.com\\\/blog\\\/#website\",\"url\":\"https:\\\/\\\/klauskunze.com\\\/blog\\\/\",\"name\":\"Klaus Kunze\",\"description\":\"Blog\",\"publisher\":{\"@id\":\"https:\\\/\\\/klauskunze.com\\\/blog\\\/#\\\/schema\\\/person\\\/9c091cf30ab68b897db6a517e3c3b11b\"},\"potentialAction\":[{\"@type\":\"SearchAction\",\"target\":{\"@type\":\"EntryPoint\",\"urlTemplate\":\"https:\\\/\\\/klauskunze.com\\\/blog\\\/?s={search_term_string}\"},\"query-input\":{\"@type\":\"PropertyValueSpecification\",\"valueRequired\":true,\"valueName\":\"search_term_string\"}}],\"inLanguage\":\"de\"},{\"@type\":[\"Person\",\"Organization\"],\"@id\":\"https:\\\/\\\/klauskunze.com\\\/blog\\\/#\\\/schema\\\/person\\\/9c091cf30ab68b897db6a517e3c3b11b\",\"name\":\"Klaus Kunze\",\"image\":{\"@type\":\"ImageObject\",\"inLanguage\":\"de\",\"@id\":\"https:\\\/\\\/secure.gravatar.com\\\/avatar\\\/5cd83cadbada9c331a79952fcca177ed3d3be4c7ad3239b9d934bf84adff15dd?s=96&d=blank&r=g\",\"url\":\"https:\\\/\\\/secure.gravatar.com\\\/avatar\\\/5cd83cadbada9c331a79952fcca177ed3d3be4c7ad3239b9d934bf84adff15dd?s=96&d=blank&r=g\",\"contentUrl\":\"https:\\\/\\\/secure.gravatar.com\\\/avatar\\\/5cd83cadbada9c331a79952fcca177ed3d3be4c7ad3239b9d934bf84adff15dd?s=96&d=blank&r=g\",\"caption\":\"Klaus Kunze\"},\"logo\":{\"@id\":\"https:\\\/\\\/secure.gravatar.com\\\/avatar\\\/5cd83cadbada9c331a79952fcca177ed3d3be4c7ad3239b9d934bf84adff15dd?s=96&d=blank&r=g\"},\"sameAs\":[\"http:\\\/\\\/KlausKunze.com\",\"https:\\\/\\\/x.com\\\/https:\\\/\\\/twitter.com\\\/KlausKunze3\"]}]}<\/script>\n<!-- \/ Yoast SEO plugin. -->","yoast_head_json":{"title":"Die Machtergreifung der Moralisten - Klaus Kunze","robots":{"index":"index","follow":"follow","max-snippet":"max-snippet:-1","max-image-preview":"max-image-preview:large","max-video-preview":"max-video-preview:-1"},"canonical":"https:\/\/klauskunze.com\/blog\/2020\/01\/15\/die-machtergreifung-der-moralisten\/","og_locale":"de_DE","og_type":"article","og_title":"Die Machtergreifung der Moralisten - Klaus Kunze","og_description":"Freiheit endet, wo Moralismus beginnt Sie k\u00f6nnen das Wort &#8222;moralisch verpflichtet&#8220; nicht mehr h\u00f6ren? Ich auch nicht mehr. Gerade darum sollten Sie aber weiterlesen. Es geht Ihnen n\u00e4mlich wie dem Hund, der das Wort Maulkorb nicht mehr h\u00f6ren mag. Man mu\u00df sich zwangsl\u00e4ufig damit auseinandersetzen. Vorgestern verstieg sich eine Kommentatorin im NDR dazu, Siemens d\u00fcrfe [&hellip;]","og_url":"https:\/\/klauskunze.com\/blog\/2020\/01\/15\/die-machtergreifung-der-moralisten\/","og_site_name":"Klaus Kunze","article_published_time":"2020-01-15T10:59:15+00:00","article_modified_time":"2020-01-19T11:41:49+00:00","og_image":[{"width":617,"height":435,"url":"https:\/\/klauskunze.com\/blog\/wp-content\/uploads\/2020\/01\/Zuschneiden_7-1.jpg","type":"image\/jpeg"}],"author":"Klaus Kunze","twitter_misc":{"Verfasst von":"Klaus Kunze","Gesch\u00e4tzte Lesezeit":"7\u00a0Minuten"},"schema":{"@context":"https:\/\/schema.org","@graph":[{"@type":"Article","@id":"https:\/\/klauskunze.com\/blog\/2020\/01\/15\/die-machtergreifung-der-moralisten\/#article","isPartOf":{"@id":"https:\/\/klauskunze.com\/blog\/2020\/01\/15\/die-machtergreifung-der-moralisten\/"},"author":{"name":"Klaus Kunze","@id":"https:\/\/klauskunze.com\/blog\/#\/schema\/person\/9c091cf30ab68b897db6a517e3c3b11b"},"headline":"Die Machtergreifung der Moralisten","datePublished":"2020-01-15T10:59:15+00:00","dateModified":"2020-01-19T11:41:49+00:00","mainEntityOfPage":{"@id":"https:\/\/klauskunze.com\/blog\/2020\/01\/15\/die-machtergreifung-der-moralisten\/"},"wordCount":1415,"commentCount":2,"publisher":{"@id":"https:\/\/klauskunze.com\/blog\/#\/schema\/person\/9c091cf30ab68b897db6a517e3c3b11b"},"image":{"@id":"https:\/\/klauskunze.com\/blog\/2020\/01\/15\/die-machtergreifung-der-moralisten\/#primaryimage"},"thumbnailUrl":"https:\/\/klauskunze.com\/blog\/wp-content\/uploads\/2020\/01\/Zuschneiden_7-1.jpg","articleSection":{"1":"Philosophie","2":"Politik"},"inLanguage":"de","potentialAction":[{"@type":"CommentAction","name":"Comment","target":["https:\/\/klauskunze.com\/blog\/2020\/01\/15\/die-machtergreifung-der-moralisten\/#respond"]}]},{"@type":"WebPage","@id":"https:\/\/klauskunze.com\/blog\/2020\/01\/15\/die-machtergreifung-der-moralisten\/","url":"https:\/\/klauskunze.com\/blog\/2020\/01\/15\/die-machtergreifung-der-moralisten\/","name":"Die Machtergreifung der Moralisten - Klaus Kunze","isPartOf":{"@id":"https:\/\/klauskunze.com\/blog\/#website"},"primaryImageOfPage":{"@id":"https:\/\/klauskunze.com\/blog\/2020\/01\/15\/die-machtergreifung-der-moralisten\/#primaryimage"},"image":{"@id":"https:\/\/klauskunze.com\/blog\/2020\/01\/15\/die-machtergreifung-der-moralisten\/#primaryimage"},"thumbnailUrl":"https:\/\/klauskunze.com\/blog\/wp-content\/uploads\/2020\/01\/Zuschneiden_7-1.jpg","datePublished":"2020-01-15T10:59:15+00:00","dateModified":"2020-01-19T11:41:49+00:00","breadcrumb":{"@id":"https:\/\/klauskunze.com\/blog\/2020\/01\/15\/die-machtergreifung-der-moralisten\/#breadcrumb"},"inLanguage":"de","potentialAction":[{"@type":"ReadAction","target":["https:\/\/klauskunze.com\/blog\/2020\/01\/15\/die-machtergreifung-der-moralisten\/"]}]},{"@type":"ImageObject","inLanguage":"de","@id":"https:\/\/klauskunze.com\/blog\/2020\/01\/15\/die-machtergreifung-der-moralisten\/#primaryimage","url":"https:\/\/klauskunze.com\/blog\/wp-content\/uploads\/2020\/01\/Zuschneiden_7-1.jpg","contentUrl":"https:\/\/klauskunze.com\/blog\/wp-content\/uploads\/2020\/01\/Zuschneiden_7-1.jpg","width":617,"height":435},{"@type":"BreadcrumbList","@id":"https:\/\/klauskunze.com\/blog\/2020\/01\/15\/die-machtergreifung-der-moralisten\/#breadcrumb","itemListElement":[{"@type":"ListItem","position":1,"name":"Startseite","item":"https:\/\/klauskunze.com\/blog\/"},{"@type":"ListItem","position":2,"name":"Die Machtergreifung der Moralisten"}]},{"@type":"WebSite","@id":"https:\/\/klauskunze.com\/blog\/#website","url":"https:\/\/klauskunze.com\/blog\/","name":"Klaus Kunze","description":"Blog","publisher":{"@id":"https:\/\/klauskunze.com\/blog\/#\/schema\/person\/9c091cf30ab68b897db6a517e3c3b11b"},"potentialAction":[{"@type":"SearchAction","target":{"@type":"EntryPoint","urlTemplate":"https:\/\/klauskunze.com\/blog\/?s={search_term_string}"},"query-input":{"@type":"PropertyValueSpecification","valueRequired":true,"valueName":"search_term_string"}}],"inLanguage":"de"},{"@type":["Person","Organization"],"@id":"https:\/\/klauskunze.com\/blog\/#\/schema\/person\/9c091cf30ab68b897db6a517e3c3b11b","name":"Klaus Kunze","image":{"@type":"ImageObject","inLanguage":"de","@id":"https:\/\/secure.gravatar.com\/avatar\/5cd83cadbada9c331a79952fcca177ed3d3be4c7ad3239b9d934bf84adff15dd?s=96&d=blank&r=g","url":"https:\/\/secure.gravatar.com\/avatar\/5cd83cadbada9c331a79952fcca177ed3d3be4c7ad3239b9d934bf84adff15dd?s=96&d=blank&r=g","contentUrl":"https:\/\/secure.gravatar.com\/avatar\/5cd83cadbada9c331a79952fcca177ed3d3be4c7ad3239b9d934bf84adff15dd?s=96&d=blank&r=g","caption":"Klaus Kunze"},"logo":{"@id":"https:\/\/secure.gravatar.com\/avatar\/5cd83cadbada9c331a79952fcca177ed3d3be4c7ad3239b9d934bf84adff15dd?s=96&d=blank&r=g"},"sameAs":["http:\/\/KlausKunze.com","https:\/\/x.com\/https:\/\/twitter.com\/KlausKunze3"]}]}},"post_mailing_queue_ids":[],"_links":{"self":[{"href":"https:\/\/klauskunze.com\/blog\/wp-json\/wp\/v2\/posts\/1244","targetHints":{"allow":["GET"]}}],"collection":[{"href":"https:\/\/klauskunze.com\/blog\/wp-json\/wp\/v2\/posts"}],"about":[{"href":"https:\/\/klauskunze.com\/blog\/wp-json\/wp\/v2\/types\/post"}],"author":[{"embeddable":true,"href":"https:\/\/klauskunze.com\/blog\/wp-json\/wp\/v2\/users\/1"}],"replies":[{"embeddable":true,"href":"https:\/\/klauskunze.com\/blog\/wp-json\/wp\/v2\/comments?post=1244"}],"version-history":[{"count":20,"href":"https:\/\/klauskunze.com\/blog\/wp-json\/wp\/v2\/posts\/1244\/revisions"}],"predecessor-version":[{"id":1314,"href":"https:\/\/klauskunze.com\/blog\/wp-json\/wp\/v2\/posts\/1244\/revisions\/1314"}],"wp:featuredmedia":[{"embeddable":true,"href":"https:\/\/klauskunze.com\/blog\/wp-json\/wp\/v2\/media\/1247"}],"wp:attachment":[{"href":"https:\/\/klauskunze.com\/blog\/wp-json\/wp\/v2\/media?parent=1244"}],"wp:term":[{"taxonomy":"category","embeddable":true,"href":"https:\/\/klauskunze.com\/blog\/wp-json\/wp\/v2\/categories?post=1244"},{"taxonomy":"post_tag","embeddable":true,"href":"https:\/\/klauskunze.com\/blog\/wp-json\/wp\/v2\/tags?post=1244"}],"curies":[{"name":"wp","href":"https:\/\/api.w.org\/{rel}","templated":true}]}}