{"id":1271,"date":"2020-01-17T10:45:46","date_gmt":"2020-01-17T09:45:46","guid":{"rendered":"http:\/\/klauskunze.com\/blog\/?p=1271"},"modified":"2020-01-17T11:26:04","modified_gmt":"2020-01-17T10:26:04","slug":"ersatzteillager-der-gesellschaft","status":"publish","type":"post","link":"https:\/\/klauskunze.com\/blog\/2020\/01\/17\/ersatzteillager-der-gesellschaft\/","title":{"rendered":"Ersatzteillager der Gesellschaft"},"content":{"rendered":"\n<h2 class=\"has-text-align-center wp-block-heading\">Den Zustand einer Kultur erkennt man daran, wie ein Volk mit seinen Toten umgeht<\/h2>\n\n\n\n<p>Wie ein Volk mit seinen Toten umgeht, sagt viel aus \u00fcber seinen gesellschaftlichen Zustand. Kultur ist es, wenn ein Kopfj\u00e4ger seinem Opfer den Sch\u00e4del abschl\u00e4gt, eine in Gold gefa\u00dfte Trinkschale daraus fertigt, sie mit zauberischen Runen versieht und sie rituell verwendet. Zivilisation ist es, wenn er daf\u00fcr lebensl\u00e4nglich ins Gef\u00e4ngnis mu\u00df.<\/p>\n\n\n\n<p>In der Vorgeschichte hatte man ein lockeres\nVerh\u00e4ltnis zu menschlichen \u00dcberresten. Ritzspuren auf pr\u00e4historischen\nKnochenfunden verraten, da\u00df sie manchmal gesch\u00e4tzt wurden, vor allem, wenn sie\nnoch frisch waren. Wenn K\u00f6rperteile nicht mehr frisch sind, kann man sie nicht\nmehr verwerten. Steinzeitk\u00f6che wu\u00dften das ebensogut wie\nTransplantationsmediziner. F\u00fcr sie sind Lebern oder Herzen in mehrfacher Hinsicht\nHerzenssachen: wertvoll f\u00fcr Patienten, wertvoll f\u00fcr die Wissenschaft und die\nReputation des Arztes, und sie sorgten &#8211; bis zum Organspendeskandal &#8211; f\u00fcr\n&#8222;Chefarzt-Boni.&#8220; Das Universit\u00e4tsklinikum G\u00f6ttingen hat daraus\nKonsequenzen gezogen: Die H\u00f6he der \u00c4rzte-Geh\u00e4lter ist seither nicht mehr an die\nZahl der Transplantationen gekoppelt. <\/p>\n\n\n\n<p>Der Skandal seit 2011 hat die Einstellung vieler\nMenschen zur Organspende signifikant gesenkt. Der Blickwinkel verlagerte sich\nvom bed\u00fcrftigen Patienten zum potentiellen Spender. &#8222;Mein Bauch geh\u00f6rt\nmir!&#8220; Unter der Losung waren einst Abtreibungsfreunde angetreten. Seitdem\ndarf man abtreiben. Geh\u00f6ren meine Leber und mein Herz auch mir? Oder geh\u00f6ren\nsie grunds\u00e4tzlich dem Staat? Sind sie freie Verf\u00fcgungsmasse f\u00fcr ein Organrecycling,\nwie es uns durch M\u00fclltrennung, gelbe S\u00e4cke und dergleichen schon aufgegeben\nist?<\/p>\n\n\n\n<figure class=\"wp-block-image size-large\"><img loading=\"lazy\" decoding=\"async\" width=\"1024\" height=\"747\" src=\"http:\/\/klauskunze.com\/blog\/wp-content\/uploads\/2020\/01\/Zuschneiden_7-2-1024x747.jpg\" alt=\"\" class=\"wp-image-1273\" srcset=\"https:\/\/klauskunze.com\/blog\/wp-content\/uploads\/2020\/01\/Zuschneiden_7-2-1024x747.jpg 1024w, https:\/\/klauskunze.com\/blog\/wp-content\/uploads\/2020\/01\/Zuschneiden_7-2-300x219.jpg 300w, https:\/\/klauskunze.com\/blog\/wp-content\/uploads\/2020\/01\/Zuschneiden_7-2-768x560.jpg 768w, https:\/\/klauskunze.com\/blog\/wp-content\/uploads\/2020\/01\/Zuschneiden_7-2-900x656.jpg 900w, https:\/\/klauskunze.com\/blog\/wp-content\/uploads\/2020\/01\/Zuschneiden_7-2-1280x933.jpg 1280w, https:\/\/klauskunze.com\/blog\/wp-content\/uploads\/2020\/01\/Zuschneiden_7-2.jpg 1440w\" sizes=\"auto, (max-width: 1024px) 100vw, 1024px\" \/><figcaption>Horrorvorstellung vom K\u00f6rper als Ersatzteillager (Frankenstein, 1931)<\/figcaption><\/figure>\n\n\n\n<p>Die CDU- bzw. SPD-Politiker Spahn und Lauterbach\nwollten das so. Am 16.1.2020 sind sie im Bundestag mit dem Vorhaben\ngescheitert, Leichname grunds\u00e4tzlich dem staatlichen Zugriff zu unterwerfen, um\nsie als eine Art menschliches Ersatzteillager zu verwenden. Nat\u00fcrlich sollte\nman widersprechen d\u00fcrfen. Auf den Grundsatz kommt es aber an, die geplante\nVerstaatlichung unserer Leichname.<\/p>\n\n\n\n<blockquote class=\"wp-block-quote is-layout-flow wp-block-quote-is-layout-flow\"><p>Ob jemand seine Organe spenden will oder eben nicht, ist eine sehr intime Entscheidung. Sie betrifft den innersten Kern der Pers\u00f6nlichkeit und ist ganz eng mit pers\u00f6nlichen \u00c4ngsten, biografischen Erfahrungen und religi\u00f6sen, ethischen und politischen Einstellungen verbunden.<\/p><cite> <a href=\"https:\/\/de.wikipedia.org\/wiki\/Volker_Boehme-Ne%C3%9Fler\">Volker Boehme-Ne\u00dfler<\/a>, Jens Spahns Plan ist verfassungswidrig und politisch dumm, <a href=\"https:\/\/www.zeit.de\/gesellschaft\/2020-01\/organspende-jens-spahn-moral-demokratie-spenderorgan\">ZEIT-Online 16.1.2020 <\/a><\/cite><\/blockquote>\n\n\n\n<p>Zwei Verst\u00e4ndniswelten sto\u00dfen aufeinander,\nunterschieden durch verschiedene Verst\u00e4ndnisse von menschlicher W\u00fcrde. Diese\nist ein zutiefst weltanschaulicher Begriff. Nach b\u00fcrgerlichem Verst\u00e4ndnis einer\nPerson umfa\u00dft sie den Leichnam.<\/p>\n\n\n\n<blockquote class=\"wp-block-quote is-layout-flow wp-block-quote-is-layout-flow\"><p>Die in Art 1 Abs 1 GG aller staatlichen Gewalt auferlegte Verpflichtung, dem Einzelnen Schutz gegen Angriffe auf seine Menschenw\u00fcrde zu gew\u00e4hren, endet nicht mit dem Tod.<\/p><cite> BVerfG, Nichtannahmebeschlu\u00df vom 19. Oktober 2006 \u2013 1 BvR 402\/06 \u2013<\/cite><\/blockquote>\n\n\n\n<p>Unsere kulturelle Tradition mi\u00dft Leichnamen einen\nquasi metaphysischen Wert zu. Sie werden respektiert und w\u00fcrdevoll bestattet,\nmanche sogar in Ehrengr\u00e4bern. Seit hundert Jahren in deutschen Museen\nausgestellte Sch\u00e4del fliegt man in ihre vermuteten Herkunftsl\u00e4nder und \u00fcbergibt\nsie mit viel Pomp ihren mutma\u00dflichen Nachkommen oder Verwandten. B\u00fcrgerliches\nDenken steht einem Leichnam in Ehrfurcht gegen\u00fcber. Selbst der eines Feindes\nwird nicht &#8222;gesch\u00e4ndet&#8220;. In dem Wort zeigt sich der metaphysische\nKern dieses Denkens.<\/p>\n\n\n\n<p>Gegen die b\u00fcrgerliche steht eine moderne Auffassung\nvom Menschen. Sie empfindet keine Ehrfurcht. F\u00fcr sie sind menschliche\nEinzelteile nur Dinge. Diese tragen keinen metaphysischen Wert in sich, sondern\nallenfalls einen physischen, wenn sie als Sachen nutzbar gemacht werden k\u00f6nnen.\n<\/p>\n\n\n\n<p>Die Moderne ist die Epoche der industriellen\nMassengesellschaft. Die innere Logik der Massenproduktion und des Massenkonsums\nf\u00fchrte zu einer angepa\u00dften Weltsicht: Wie man in einer Ziegelei v\u00f6llig gleiche\nZiegel herstellen, aber jedes beliebige Geb\u00e4ude daraus errichten konnte,\nstellte man sich jetzt die menschliche Gesellschaft vor als ein Gebilde aus\nuntereinander gleichen Grundbausteinen, den einzelnen Menschen. Alle Menschen\nwurden f\u00fcr grunds\u00e4tzlich &#8222;gleich&#8220; erkl\u00e4rt und k\u00f6nnen jederzeit zu\neiner neuen Gesellschaft neu kombiniert werden. <\/p>\n\n\n\n<p>Die geistigen Bem\u00fchungen richteten sich darauf, die\nGesellschaft zu &#8222;analysieren&#8220; &#8211; das hei\u00dft w\u00f6rtlich \u00fcbersetzt\n&#8222;aufzul\u00f6sen&#8220;: in Einzelmenschen als Bausteine analog den fabrizierten\nZiegeln, aus denen man alles machen kann. Das ist die Ideologie hinter modernen\nForderungen des Genderismus, f\u00fcr den Mann und Frau gleich sind, des\nSozialismus, f\u00fcr den es wegen der Gleichheit aller Menschen ungerecht ist, wenn\nnicht alle gleich viel vom Kuchen abbekommen und anderen Ideen.<\/p>\n\n\n\n<p>F\u00fcr dieses analytisch-kombinatorische Denkmodell gibt es gar keine substanziellen Unterschiede zwischen Menschen, darum gebe es auch keine Familien und keine V\u00f6lker. Das seien nur Konstrukte. V\u00e4ter und M\u00fctter wurden abgeschafft und durch &#8222;Bezugspersonen&#8220; ersetzt.&nbsp; Wenn man aber keine substanzielle Ungleichheit und Einzigartigkeit von Menschen anerkennt und sich die Gesellschaft quasi atomisiert denkt, aufgel\u00f6st in einzelne menschliche Nur-Individuen, die alle gleich sind, liegt nahe, auch diese einzelnen Menschen noch zu analysieren und aufzul\u00f6sen in miteinander austauschbare Einzelteile. <\/p>\n\n\n\n<p>W\u00e4hrend f\u00fcr b\u00fcrgerliches Denken stets ein Ganzes\nmehr ist als die Summe seiner Teile, ist es das f\u00fcr analytisch-kombinatorisches\nDenken gerade nicht. B\u00fcrgerliches Denken sieht ein Volk, modernes Denken sieht\neine Gesellschaft vieler Einzelmenschen. <\/p>\n\n\n\n<p>B\u00fcrgerliches Denken sieht einen Leichnam, modernes\nDenken sieht ein Ersatzteillager, dessen Teile beliebig in jeden lebenden\nMenschen verpflanzt werden d\u00fcrfen. So wird der Leichnam zum wiederverwertbaren\nFundus, zum begehrten &#8222;Wertstoff&#8220;. Die Assoziation eines Haufens\nherausgebrochener Goldz\u00e4hne und eines Haufens abgeschorener Haare zur\nindustriellen Wiederverwertung dr\u00e4ngt sich auf. Ist das Herz noch in Ordnung?\nWer ben\u00f6tigt eine Leber?<\/p>\n\n\n\n<p>&nbsp;Mit Schaudern\nmag ein nicht mehr zu rettender Patient in einem klaren Moment auf den ins\nKrankenzimmer lugenden Arzt von der Transplantationsmedizin blicken. Als was\nsieht er mich? Ob er mir wohl Genesung w\u00fcnscht oder meine Leber?<\/p>\n\n\n\n<p>Gegen Transplantationen habe ich nichts einzuwenden. Die Idee aber, jeden Menschen grunds\u00e4tzlich, also bis zum Beweis des Gegenteils, als staatlich verf\u00fcgbares Ersatzteillager anzusehen, ist eine Schnapsidee. Sie w\u00fcrdigt ihn zum blo\u00dfen Objekt herab und ist mit der staatlichen Pflicht, die W\u00fcrde des Menschen zu achten und zu sch\u00fctzen, unvereinbar. W\u00fcrde sie zu staatlichem Gesetz, tr\u00e4fe sie jeden von uns zun\u00e4chst als Lebenden. Wenn wir tot sind, merken wir ja nichts mehr davon. Aber wir m\u00fc\u00dften mit dem Bewu\u00dftsein leben, quasi dem Staat zu geh\u00f6ren und ihm an Ende k\u00f6rperlich zur Verf\u00fcgung zu stehen.<\/p>\n\n\n\n<p>Das w\u00e4re eine gesellschaftliche\nBewu\u00dftseinsverschiebung, die sicherlich von manchen Leuten freudig begr\u00fc\u00dft\nwerden w\u00fcrde. Es sind diejenigen, die ohnehin mehr gesellschaftliche Pflichten\nund Reglementierungen f\u00fcr den Einzelnen w\u00fcnschen: h\u00f6here Steuern, langsameres\nFahren, Pflanzen essen. Eigentum verpflichtet und soll auch der Allgemeinheit\ndienen. Manche Leute wollen unsere K\u00f6rper sozialpflichtig machen.<\/p>\n\n\n\n<p>Man mu\u00df nicht gerade ein weltanschaulicher Liberaler\nsein, um das abscheulich und mit dem Bed\u00fcrfnis nach Freiheit und W\u00fcrde\nunvereinbar zu finden. <\/p>\n\n\n\n<blockquote class=\"wp-block-quote is-layout-flow wp-block-quote-is-layout-flow\"><p>Der Staat greift erstmals verdeckt in das hochsensible Zentrum der Pers\u00f6nlichkeit ein. Das ist verfassungsrechtlich unzul\u00e4ssig und politisch dumm.<\/p><cite> Volker Boehme-Ne\u00dfler, ZEIT-Online 16.1.2020  <\/cite><\/blockquote>\n\n\n\n<p>Mit der Schutzpflicht f\u00fcr die menschliche W\u00fcrde h\u00e4tte die Widerspruchsl\u00f6sung Art. 1 des Grundgesetzes und damit die Staatsfundamentalnorm unserer Verfassung verletzt. Die Verfassungsfeinde haben am 16.1.2020 im Bundestag eine schwere Niederlage erlitten.  <\/p>\n","protected":false},"excerpt":{"rendered":"<p>Den Zustand einer Kultur erkennt man daran, wie ein Volk mit seinen Toten umgeht Wie ein Volk mit seinen Toten umgeht, sagt viel aus \u00fcber seinen gesellschaftlichen Zustand. Kultur ist es, wenn ein Kopfj\u00e4ger seinem Opfer den Sch\u00e4del abschl\u00e4gt, eine in Gold gefa\u00dfte Trinkschale daraus fertigt, sie mit zauberischen Runen versieht und sie rituell verwendet. [&hellip;]<\/p>\n","protected":false},"author":1,"featured_media":1273,"comment_status":"open","ping_status":"open","sticky":false,"template":"","format":"standard","meta":{"h5ap_radio_sources":[],"twitterCardType":"","cardImageID":0,"cardImage":"","cardTitle":"","cardDesc":"","cardImageAlt":"","cardPlayer":"","cardPlayerWidth":0,"cardPlayerHeight":0,"cardPlayerStream":"","cardPlayerCodec":"","footnotes":""},"categories":[1,18,20,17],"tags":[],"class_list":["post-1271","post","type-post","status-publish","format-standard","has-post-thumbnail","hentry","category-allgemein","category-juristisches","category-philosophie","category-politik"],"yoast_head":"<!-- This site is optimized with the Yoast SEO plugin v27.5 - https:\/\/yoast.com\/product\/yoast-seo-wordpress\/ -->\n<title>Ersatzteillager der Gesellschaft - Klaus Kunze<\/title>\n<meta name=\"robots\" content=\"index, follow, max-snippet:-1, max-image-preview:large, max-video-preview:-1\" \/>\n<link rel=\"canonical\" href=\"https:\/\/klauskunze.com\/blog\/2020\/01\/17\/ersatzteillager-der-gesellschaft\/\" \/>\n<meta property=\"og:locale\" content=\"de_DE\" \/>\n<meta property=\"og:type\" content=\"article\" \/>\n<meta property=\"og:title\" content=\"Ersatzteillager der Gesellschaft - Klaus Kunze\" \/>\n<meta property=\"og:description\" content=\"Den Zustand einer Kultur erkennt man daran, wie ein Volk mit seinen Toten umgeht Wie ein Volk mit seinen Toten umgeht, sagt viel aus \u00fcber seinen gesellschaftlichen Zustand. Kultur ist es, wenn ein Kopfj\u00e4ger seinem Opfer den Sch\u00e4del abschl\u00e4gt, eine in Gold gefa\u00dfte Trinkschale daraus fertigt, sie mit zauberischen Runen versieht und sie rituell verwendet. [&hellip;]\" \/>\n<meta property=\"og:url\" content=\"https:\/\/klauskunze.com\/blog\/2020\/01\/17\/ersatzteillager-der-gesellschaft\/\" \/>\n<meta property=\"og:site_name\" content=\"Klaus Kunze\" \/>\n<meta property=\"article:published_time\" content=\"2020-01-17T09:45:46+00:00\" \/>\n<meta property=\"article:modified_time\" content=\"2020-01-17T10:26:04+00:00\" \/>\n<meta property=\"og:image\" content=\"https:\/\/klauskunze.com\/blog\/wp-content\/uploads\/2020\/01\/Zuschneiden_7-2.jpg\" \/>\n\t<meta property=\"og:image:width\" content=\"1440\" \/>\n\t<meta property=\"og:image:height\" content=\"1050\" \/>\n\t<meta property=\"og:image:type\" content=\"image\/jpeg\" \/>\n<meta name=\"author\" content=\"Klaus Kunze\" \/>\n<meta name=\"twitter:label1\" content=\"Verfasst von\" \/>\n\t<meta name=\"twitter:data1\" content=\"Klaus Kunze\" \/>\n\t<meta name=\"twitter:label2\" content=\"Gesch\u00e4tzte Lesezeit\" \/>\n\t<meta name=\"twitter:data2\" content=\"6\u00a0Minuten\" \/>\n<script type=\"application\/ld+json\" class=\"yoast-schema-graph\">{\"@context\":\"https:\\\/\\\/schema.org\",\"@graph\":[{\"@type\":\"Article\",\"@id\":\"https:\\\/\\\/klauskunze.com\\\/blog\\\/2020\\\/01\\\/17\\\/ersatzteillager-der-gesellschaft\\\/#article\",\"isPartOf\":{\"@id\":\"https:\\\/\\\/klauskunze.com\\\/blog\\\/2020\\\/01\\\/17\\\/ersatzteillager-der-gesellschaft\\\/\"},\"author\":{\"name\":\"Klaus Kunze\",\"@id\":\"https:\\\/\\\/klauskunze.com\\\/blog\\\/#\\\/schema\\\/person\\\/9c091cf30ab68b897db6a517e3c3b11b\"},\"headline\":\"Ersatzteillager der Gesellschaft\",\"datePublished\":\"2020-01-17T09:45:46+00:00\",\"dateModified\":\"2020-01-17T10:26:04+00:00\",\"mainEntityOfPage\":{\"@id\":\"https:\\\/\\\/klauskunze.com\\\/blog\\\/2020\\\/01\\\/17\\\/ersatzteillager-der-gesellschaft\\\/\"},\"wordCount\":1192,\"commentCount\":0,\"publisher\":{\"@id\":\"https:\\\/\\\/klauskunze.com\\\/blog\\\/#\\\/schema\\\/person\\\/9c091cf30ab68b897db6a517e3c3b11b\"},\"image\":{\"@id\":\"https:\\\/\\\/klauskunze.com\\\/blog\\\/2020\\\/01\\\/17\\\/ersatzteillager-der-gesellschaft\\\/#primaryimage\"},\"thumbnailUrl\":\"https:\\\/\\\/klauskunze.com\\\/blog\\\/wp-content\\\/uploads\\\/2020\\\/01\\\/Zuschneiden_7-2.jpg\",\"articleSection\":{\"1\":\"Juristisches\",\"2\":\"Philosophie\",\"3\":\"Politik\"},\"inLanguage\":\"de\",\"potentialAction\":[{\"@type\":\"CommentAction\",\"name\":\"Comment\",\"target\":[\"https:\\\/\\\/klauskunze.com\\\/blog\\\/2020\\\/01\\\/17\\\/ersatzteillager-der-gesellschaft\\\/#respond\"]}]},{\"@type\":\"WebPage\",\"@id\":\"https:\\\/\\\/klauskunze.com\\\/blog\\\/2020\\\/01\\\/17\\\/ersatzteillager-der-gesellschaft\\\/\",\"url\":\"https:\\\/\\\/klauskunze.com\\\/blog\\\/2020\\\/01\\\/17\\\/ersatzteillager-der-gesellschaft\\\/\",\"name\":\"Ersatzteillager der Gesellschaft - Klaus Kunze\",\"isPartOf\":{\"@id\":\"https:\\\/\\\/klauskunze.com\\\/blog\\\/#website\"},\"primaryImageOfPage\":{\"@id\":\"https:\\\/\\\/klauskunze.com\\\/blog\\\/2020\\\/01\\\/17\\\/ersatzteillager-der-gesellschaft\\\/#primaryimage\"},\"image\":{\"@id\":\"https:\\\/\\\/klauskunze.com\\\/blog\\\/2020\\\/01\\\/17\\\/ersatzteillager-der-gesellschaft\\\/#primaryimage\"},\"thumbnailUrl\":\"https:\\\/\\\/klauskunze.com\\\/blog\\\/wp-content\\\/uploads\\\/2020\\\/01\\\/Zuschneiden_7-2.jpg\",\"datePublished\":\"2020-01-17T09:45:46+00:00\",\"dateModified\":\"2020-01-17T10:26:04+00:00\",\"breadcrumb\":{\"@id\":\"https:\\\/\\\/klauskunze.com\\\/blog\\\/2020\\\/01\\\/17\\\/ersatzteillager-der-gesellschaft\\\/#breadcrumb\"},\"inLanguage\":\"de\",\"potentialAction\":[{\"@type\":\"ReadAction\",\"target\":[\"https:\\\/\\\/klauskunze.com\\\/blog\\\/2020\\\/01\\\/17\\\/ersatzteillager-der-gesellschaft\\\/\"]}]},{\"@type\":\"ImageObject\",\"inLanguage\":\"de\",\"@id\":\"https:\\\/\\\/klauskunze.com\\\/blog\\\/2020\\\/01\\\/17\\\/ersatzteillager-der-gesellschaft\\\/#primaryimage\",\"url\":\"https:\\\/\\\/klauskunze.com\\\/blog\\\/wp-content\\\/uploads\\\/2020\\\/01\\\/Zuschneiden_7-2.jpg\",\"contentUrl\":\"https:\\\/\\\/klauskunze.com\\\/blog\\\/wp-content\\\/uploads\\\/2020\\\/01\\\/Zuschneiden_7-2.jpg\",\"width\":1440,\"height\":1050},{\"@type\":\"BreadcrumbList\",\"@id\":\"https:\\\/\\\/klauskunze.com\\\/blog\\\/2020\\\/01\\\/17\\\/ersatzteillager-der-gesellschaft\\\/#breadcrumb\",\"itemListElement\":[{\"@type\":\"ListItem\",\"position\":1,\"name\":\"Startseite\",\"item\":\"https:\\\/\\\/klauskunze.com\\\/blog\\\/\"},{\"@type\":\"ListItem\",\"position\":2,\"name\":\"Ersatzteillager der Gesellschaft\"}]},{\"@type\":\"WebSite\",\"@id\":\"https:\\\/\\\/klauskunze.com\\\/blog\\\/#website\",\"url\":\"https:\\\/\\\/klauskunze.com\\\/blog\\\/\",\"name\":\"Klaus Kunze\",\"description\":\"Blog\",\"publisher\":{\"@id\":\"https:\\\/\\\/klauskunze.com\\\/blog\\\/#\\\/schema\\\/person\\\/9c091cf30ab68b897db6a517e3c3b11b\"},\"potentialAction\":[{\"@type\":\"SearchAction\",\"target\":{\"@type\":\"EntryPoint\",\"urlTemplate\":\"https:\\\/\\\/klauskunze.com\\\/blog\\\/?s={search_term_string}\"},\"query-input\":{\"@type\":\"PropertyValueSpecification\",\"valueRequired\":true,\"valueName\":\"search_term_string\"}}],\"inLanguage\":\"de\"},{\"@type\":[\"Person\",\"Organization\"],\"@id\":\"https:\\\/\\\/klauskunze.com\\\/blog\\\/#\\\/schema\\\/person\\\/9c091cf30ab68b897db6a517e3c3b11b\",\"name\":\"Klaus Kunze\",\"image\":{\"@type\":\"ImageObject\",\"inLanguage\":\"de\",\"@id\":\"https:\\\/\\\/secure.gravatar.com\\\/avatar\\\/5cd83cadbada9c331a79952fcca177ed3d3be4c7ad3239b9d934bf84adff15dd?s=96&d=blank&r=g\",\"url\":\"https:\\\/\\\/secure.gravatar.com\\\/avatar\\\/5cd83cadbada9c331a79952fcca177ed3d3be4c7ad3239b9d934bf84adff15dd?s=96&d=blank&r=g\",\"contentUrl\":\"https:\\\/\\\/secure.gravatar.com\\\/avatar\\\/5cd83cadbada9c331a79952fcca177ed3d3be4c7ad3239b9d934bf84adff15dd?s=96&d=blank&r=g\",\"caption\":\"Klaus Kunze\"},\"logo\":{\"@id\":\"https:\\\/\\\/secure.gravatar.com\\\/avatar\\\/5cd83cadbada9c331a79952fcca177ed3d3be4c7ad3239b9d934bf84adff15dd?s=96&d=blank&r=g\"},\"sameAs\":[\"http:\\\/\\\/KlausKunze.com\",\"https:\\\/\\\/x.com\\\/https:\\\/\\\/twitter.com\\\/KlausKunze3\"]}]}<\/script>\n<!-- \/ Yoast SEO plugin. -->","yoast_head_json":{"title":"Ersatzteillager der Gesellschaft - Klaus Kunze","robots":{"index":"index","follow":"follow","max-snippet":"max-snippet:-1","max-image-preview":"max-image-preview:large","max-video-preview":"max-video-preview:-1"},"canonical":"https:\/\/klauskunze.com\/blog\/2020\/01\/17\/ersatzteillager-der-gesellschaft\/","og_locale":"de_DE","og_type":"article","og_title":"Ersatzteillager der Gesellschaft - Klaus Kunze","og_description":"Den Zustand einer Kultur erkennt man daran, wie ein Volk mit seinen Toten umgeht Wie ein Volk mit seinen Toten umgeht, sagt viel aus \u00fcber seinen gesellschaftlichen Zustand. Kultur ist es, wenn ein Kopfj\u00e4ger seinem Opfer den Sch\u00e4del abschl\u00e4gt, eine in Gold gefa\u00dfte Trinkschale daraus fertigt, sie mit zauberischen Runen versieht und sie rituell verwendet. [&hellip;]","og_url":"https:\/\/klauskunze.com\/blog\/2020\/01\/17\/ersatzteillager-der-gesellschaft\/","og_site_name":"Klaus Kunze","article_published_time":"2020-01-17T09:45:46+00:00","article_modified_time":"2020-01-17T10:26:04+00:00","og_image":[{"width":1440,"height":1050,"url":"https:\/\/klauskunze.com\/blog\/wp-content\/uploads\/2020\/01\/Zuschneiden_7-2.jpg","type":"image\/jpeg"}],"author":"Klaus Kunze","twitter_misc":{"Verfasst von":"Klaus Kunze","Gesch\u00e4tzte Lesezeit":"6\u00a0Minuten"},"schema":{"@context":"https:\/\/schema.org","@graph":[{"@type":"Article","@id":"https:\/\/klauskunze.com\/blog\/2020\/01\/17\/ersatzteillager-der-gesellschaft\/#article","isPartOf":{"@id":"https:\/\/klauskunze.com\/blog\/2020\/01\/17\/ersatzteillager-der-gesellschaft\/"},"author":{"name":"Klaus Kunze","@id":"https:\/\/klauskunze.com\/blog\/#\/schema\/person\/9c091cf30ab68b897db6a517e3c3b11b"},"headline":"Ersatzteillager der Gesellschaft","datePublished":"2020-01-17T09:45:46+00:00","dateModified":"2020-01-17T10:26:04+00:00","mainEntityOfPage":{"@id":"https:\/\/klauskunze.com\/blog\/2020\/01\/17\/ersatzteillager-der-gesellschaft\/"},"wordCount":1192,"commentCount":0,"publisher":{"@id":"https:\/\/klauskunze.com\/blog\/#\/schema\/person\/9c091cf30ab68b897db6a517e3c3b11b"},"image":{"@id":"https:\/\/klauskunze.com\/blog\/2020\/01\/17\/ersatzteillager-der-gesellschaft\/#primaryimage"},"thumbnailUrl":"https:\/\/klauskunze.com\/blog\/wp-content\/uploads\/2020\/01\/Zuschneiden_7-2.jpg","articleSection":{"1":"Juristisches","2":"Philosophie","3":"Politik"},"inLanguage":"de","potentialAction":[{"@type":"CommentAction","name":"Comment","target":["https:\/\/klauskunze.com\/blog\/2020\/01\/17\/ersatzteillager-der-gesellschaft\/#respond"]}]},{"@type":"WebPage","@id":"https:\/\/klauskunze.com\/blog\/2020\/01\/17\/ersatzteillager-der-gesellschaft\/","url":"https:\/\/klauskunze.com\/blog\/2020\/01\/17\/ersatzteillager-der-gesellschaft\/","name":"Ersatzteillager der Gesellschaft - Klaus Kunze","isPartOf":{"@id":"https:\/\/klauskunze.com\/blog\/#website"},"primaryImageOfPage":{"@id":"https:\/\/klauskunze.com\/blog\/2020\/01\/17\/ersatzteillager-der-gesellschaft\/#primaryimage"},"image":{"@id":"https:\/\/klauskunze.com\/blog\/2020\/01\/17\/ersatzteillager-der-gesellschaft\/#primaryimage"},"thumbnailUrl":"https:\/\/klauskunze.com\/blog\/wp-content\/uploads\/2020\/01\/Zuschneiden_7-2.jpg","datePublished":"2020-01-17T09:45:46+00:00","dateModified":"2020-01-17T10:26:04+00:00","breadcrumb":{"@id":"https:\/\/klauskunze.com\/blog\/2020\/01\/17\/ersatzteillager-der-gesellschaft\/#breadcrumb"},"inLanguage":"de","potentialAction":[{"@type":"ReadAction","target":["https:\/\/klauskunze.com\/blog\/2020\/01\/17\/ersatzteillager-der-gesellschaft\/"]}]},{"@type":"ImageObject","inLanguage":"de","@id":"https:\/\/klauskunze.com\/blog\/2020\/01\/17\/ersatzteillager-der-gesellschaft\/#primaryimage","url":"https:\/\/klauskunze.com\/blog\/wp-content\/uploads\/2020\/01\/Zuschneiden_7-2.jpg","contentUrl":"https:\/\/klauskunze.com\/blog\/wp-content\/uploads\/2020\/01\/Zuschneiden_7-2.jpg","width":1440,"height":1050},{"@type":"BreadcrumbList","@id":"https:\/\/klauskunze.com\/blog\/2020\/01\/17\/ersatzteillager-der-gesellschaft\/#breadcrumb","itemListElement":[{"@type":"ListItem","position":1,"name":"Startseite","item":"https:\/\/klauskunze.com\/blog\/"},{"@type":"ListItem","position":2,"name":"Ersatzteillager der Gesellschaft"}]},{"@type":"WebSite","@id":"https:\/\/klauskunze.com\/blog\/#website","url":"https:\/\/klauskunze.com\/blog\/","name":"Klaus Kunze","description":"Blog","publisher":{"@id":"https:\/\/klauskunze.com\/blog\/#\/schema\/person\/9c091cf30ab68b897db6a517e3c3b11b"},"potentialAction":[{"@type":"SearchAction","target":{"@type":"EntryPoint","urlTemplate":"https:\/\/klauskunze.com\/blog\/?s={search_term_string}"},"query-input":{"@type":"PropertyValueSpecification","valueRequired":true,"valueName":"search_term_string"}}],"inLanguage":"de"},{"@type":["Person","Organization"],"@id":"https:\/\/klauskunze.com\/blog\/#\/schema\/person\/9c091cf30ab68b897db6a517e3c3b11b","name":"Klaus Kunze","image":{"@type":"ImageObject","inLanguage":"de","@id":"https:\/\/secure.gravatar.com\/avatar\/5cd83cadbada9c331a79952fcca177ed3d3be4c7ad3239b9d934bf84adff15dd?s=96&d=blank&r=g","url":"https:\/\/secure.gravatar.com\/avatar\/5cd83cadbada9c331a79952fcca177ed3d3be4c7ad3239b9d934bf84adff15dd?s=96&d=blank&r=g","contentUrl":"https:\/\/secure.gravatar.com\/avatar\/5cd83cadbada9c331a79952fcca177ed3d3be4c7ad3239b9d934bf84adff15dd?s=96&d=blank&r=g","caption":"Klaus Kunze"},"logo":{"@id":"https:\/\/secure.gravatar.com\/avatar\/5cd83cadbada9c331a79952fcca177ed3d3be4c7ad3239b9d934bf84adff15dd?s=96&d=blank&r=g"},"sameAs":["http:\/\/KlausKunze.com","https:\/\/x.com\/https:\/\/twitter.com\/KlausKunze3"]}]}},"post_mailing_queue_ids":[],"_links":{"self":[{"href":"https:\/\/klauskunze.com\/blog\/wp-json\/wp\/v2\/posts\/1271","targetHints":{"allow":["GET"]}}],"collection":[{"href":"https:\/\/klauskunze.com\/blog\/wp-json\/wp\/v2\/posts"}],"about":[{"href":"https:\/\/klauskunze.com\/blog\/wp-json\/wp\/v2\/types\/post"}],"author":[{"embeddable":true,"href":"https:\/\/klauskunze.com\/blog\/wp-json\/wp\/v2\/users\/1"}],"replies":[{"embeddable":true,"href":"https:\/\/klauskunze.com\/blog\/wp-json\/wp\/v2\/comments?post=1271"}],"version-history":[{"count":5,"href":"https:\/\/klauskunze.com\/blog\/wp-json\/wp\/v2\/posts\/1271\/revisions"}],"predecessor-version":[{"id":1277,"href":"https:\/\/klauskunze.com\/blog\/wp-json\/wp\/v2\/posts\/1271\/revisions\/1277"}],"wp:featuredmedia":[{"embeddable":true,"href":"https:\/\/klauskunze.com\/blog\/wp-json\/wp\/v2\/media\/1273"}],"wp:attachment":[{"href":"https:\/\/klauskunze.com\/blog\/wp-json\/wp\/v2\/media?parent=1271"}],"wp:term":[{"taxonomy":"category","embeddable":true,"href":"https:\/\/klauskunze.com\/blog\/wp-json\/wp\/v2\/categories?post=1271"},{"taxonomy":"post_tag","embeddable":true,"href":"https:\/\/klauskunze.com\/blog\/wp-json\/wp\/v2\/tags?post=1271"}],"curies":[{"name":"wp","href":"https:\/\/api.w.org\/{rel}","templated":true}]}}