{"id":1668,"date":"2020-02-25T11:33:14","date_gmt":"2020-02-25T10:33:14","guid":{"rendered":"http:\/\/klauskunze.com\/blog\/?p=1668"},"modified":"2020-03-03T17:07:18","modified_gmt":"2020-03-03T16:07:18","slug":"zwischen-kriminologischer-kategorisierung-und-zynischer-instrumentierung","status":"publish","type":"post","link":"https:\/\/klauskunze.com\/blog\/2020\/02\/25\/zwischen-kriminologischer-kategorisierung-und-zynischer-instrumentierung\/","title":{"rendered":"Zwischen kriminologischer Kategorisierung und zynischer Instrumentierung"},"content":{"rendered":"\n<h2 class=\"has-text-align-center wp-block-heading\">Nach den Anschl\u00e4gen von Hanau und Volkmarsen<\/h2>\n\n\n\n<p>Nach grauenvollen Taten mit vielen Opfern ist die\n\u00d6ffentlichkeit aufgew\u00fchlt. Nirgend l\u00e4\u00dft sich das besser nachvollziehen als auf\nTwitter, dem schnellsten sozialen Netzwerk mit der k\u00fcrzesten Halbwertszeit\nseiner Nachrichten. <\/p>\n\n\n\n<p>Bei den meisten ist der Wunsch \u00fcberm\u00e4chtig, zu\nerfahren, wer der T\u00e4ter war und was ihn trieb. Dagegen erheben sich sofort\nmahnende Stimmen, es sei gleichg\u00fcltig, wer und was f\u00fcr einer der T\u00e4ter sei.\nWieder andere geben sich mitf\u00fchlend: Man solle sich mehr f\u00fcr die Opfer interessieren,\n&#8222;bei denen alle unsere Gedanken jetzt sind&#8220;.<\/p>\n\n\n\n<p>In Gedanken bei den angefahrenen Kindern aber m\u00f6chte\nein halbwegs sensibler Mensch am liebsten \u00fcberhaupt nicht sein. Helfen kann er\nihnen nicht. Und eine Endlosschleife im Kopf mit ausgemalten Vorstellungen von\nKindern als Opfer w\u00e4re unertr\u00e4glich. Selbst wenn die K\u00f6rperverletzungen heilen:\nWas durchlebt so ein Kind emotional in Zukunft immer wieder, wenn es so j\u00e4h aus\nder gr\u00f6\u00dften Karnevalsfreude ins tiefste Leid gest\u00fcrzt wurde? Um sich selbst vor\nsolchen Albtraumbildern im Kopf zu sch\u00fctzen, mu\u00df man auf innere Distanz gehen.\nF\u00fcr die am Ort helfenden H\u00e4nde hei\u00dft das: professionelle Distanz.<\/p>\n\n\n\n<p>Es lohnt aber, sich rein rational mit den Mechanismen zu befassen, die den \u00f6ffentlichen Zorn sein Opfer suchen lassen. Hier wird es n\u00e4mlich schnell politisch. Wie allgemein menschlich das Verlangen ist, einen T\u00e4ter namhaft zu machen und zur Verantwortung zu ziehen, schrieb schon Friedrich Schiller:<\/p>\n\n\n\n<blockquote class=\"wp-block-quote is-layout-flow wp-block-quote-is-layout-flow\"><p>Und jammernd h\u00f6rens alle G\u00e4ste, <br> Versammelt bei Poseidons Feste, <br> Ganz Griechenland ergreift der Schmerz, <br> Verloren hat ihn jedes Herz.<br> Und st\u00fcrmend dr\u00e4ngt sich zum Prytanen <br> Das Volk, es fordert seine Wut, <br> Zu r\u00e4chen des Erschlagnen Manen, <br> Zu s\u00fchnen mit des M\u00f6rders Blut.<\/p><p>Doch wo die Spur, die aus der Menge<br> Der V\u00f6lker flutendem Gedr\u00e4nge,<br> Gelocket von der Spiele Pracht <br> Den schwarzen T\u00e4ter kenntlich macht?<br> Sind&#8217;s R\u00e4uber, die ihn feig erschlagen?<br> Tat&#8217;s neidisch ein verborgner Feind?<br> Nur Helios vermags zu sagen, <br> Der alles Irdische bescheint.<\/p><cite>Friedrich Schiller, Die Kraniche des Ibykus<\/cite><\/blockquote>\n\n\n\n<p>Gerade besonders abscheuliche Taten bringen jeden\nMenschen gegen den T\u00e4ter auf. Am Beginn allen Fragens aber steht immer die\nFrage: Wer war das? Die Frage ist ur-menschlich. Sie entspringt der Angst,\nselbst das n\u00e4chste Opfer zu sein. Man m\u00f6chte wissen, wovor man sich in acht zu\nnehmen hat.<\/p>\n\n\n\n<p>Ein T\u00e4ter ist gef\u00e4hrlich. Eine ganze Wissenschaft,\ndie Kriminologie, konstruiert sich T\u00e4terprofile. Diese haben den Zweck, nach\n\u00fcbereinstimmenden Merkmalen verschiedener T\u00e4ter zu suchen. Damit kann man dann\nzum Beispiel als Richter arbeiten, wenn man \u00fcber einen T\u00e4ter zu urteilen hat\nund f\u00fcr seine Zukunft eine Sozialprognose abgeben mu\u00df. Solche T\u00e4terprofile\ndienen n\u00e4mlich auch dem Schutz der \u00d6ffentlichkeit vor weiteren Taten. Es gibt\nT\u00e4tergruppen, von denen eine bleibende Gefahr ausgeht, zum Beispiel Sexualstraft\u00e4ter,\nDrogenabh\u00e4ngige bei der Beschaffungskriminalit\u00e4t oder politische oder religi\u00f6se\nFanatiker.<\/p>\n\n\n\n<p>Darum will die \u00d6ffentlichkeit nach einer ersch\u00fctternden Tat immer wissen, was f\u00fcr einer der T\u00e4ter war. Vor was f\u00fcr Leuten mu\u00df man sich in acht nehmen und die Kinder warnen? &#8222;Geh nicht mit fremden M\u00e4nnern mit!&#8220;, hie\u00df es schon in meiner Kinderzeit aus gutem Grund. &#8222;M\u00e4nner&#8220; war die Kategorisierung eines bestimmten T\u00e4tertyps. Von Frauen waren sexuell motivierte \u00dcbergriffe auf Kinder nicht bekannt. Bekannt waren aber die Kindermorde des Sexualt\u00e4ters <a href=\"https:\/\/de.wikipedia.org\/wiki\/J%C3%BCrgen_Bartsch\">J\u00fcrgen Bartsch<\/a>.<\/p>\n\n\n\n<p>Keinen Schutz gibt es freilich vor Morden, die in schizophrener Psychose begangen werden. Am 11.6.1964 st\u00fcrmte der Geisteskranke <a href=\"http:\/\/Wikipedia https:\/\/de.wikipedia.org\/wiki\/Attentat_von_Volkhoven\">Walter Seifert eine Volksschule in K\u00f6ln-Volkhoven<\/a> und t\u00f6tete mit einem Flammenwerfer acht Kinder und zwei Lehrerinnen. Auf die Frage nach dem Grund f\u00fcr seine Tat gab er an, da\u00df man ihn habe t\u00f6ten wollen. Er beschuldigte, wie schon in einigen seiner fr\u00fcheren Briefe, mehrere \u00c4rzte namentlich. Er habe weder eines der Kinder, eine der Lehrerinnen noch die Schule gekannt oder \u201e\u00c4rger\u201c mit ihnen gehabt<\/p>\n\n\n\n<figure class=\"wp-block-image alignwide size-large\"><img loading=\"lazy\" decoding=\"async\" width=\"950\" height=\"622\" src=\"http:\/\/klauskunze.com\/blog\/wp-content\/uploads\/2020\/02\/6500172472.jpg\" alt=\"\" class=\"wp-image-1670\" srcset=\"https:\/\/klauskunze.com\/blog\/wp-content\/uploads\/2020\/02\/6500172472.jpg 950w, https:\/\/klauskunze.com\/blog\/wp-content\/uploads\/2020\/02\/6500172472-300x196.jpg 300w, https:\/\/klauskunze.com\/blog\/wp-content\/uploads\/2020\/02\/6500172472-768x503.jpg 768w, https:\/\/klauskunze.com\/blog\/wp-content\/uploads\/2020\/02\/6500172472-900x589.jpg 900w\" sizes=\"auto, (max-width: 950px) 100vw, 950px\" \/><figcaption>Zwangsjacke oder Gef\u00e4ngnis? <br>Die Frage stellt sich nach jedem Anschlag und erfordert genaues Hinsehen.<\/figcaption><\/figure>\n\n\n\n<p>Drei Jahre vor dem Amoklauf, am 11. Februar 1961,\nstarb Seiferts Ehefrau nach einer Fr\u00fchgeburt an einer Embolie, auch das Kind\n\u00fcberlebte nicht. Daraufhin verfa\u00dfte er eine 120 Seiten umfassende Schrift mit\ndem Titel <em>Muttermord \u2013 Einzelschicksal und Analyse eines Systems<\/em>, von\nder er mehrere Exemplare an Beh\u00f6rden und \u00c4rzte schickte. In der Schrift wird\ndeutlich, da\u00df sich Seifert intensiv mit medizinischer Fachliteratur befa\u00dft\nhaben mu\u00df, die er nun anf\u00fchrte, um seine Schuldzuweisungen zu untermauern. Er\ngriff die \u00c4rzte seiner Frau an, denen er vorwarf, die Embolie falsch behandelt\nzu haben, und bezeichnete sie als \u201eM\u00f6rder\u201c. Die Gesellschaft sei ein\n\u201eVerbrechersystem\u201c, dessen Grundlagen auch f\u00fcr die \u00c4rzte g\u00fcltig seien.<\/p>\n\n\n\n<p>Auch der Geisteskranke Tobias Rathjen aus Hanau hatte seine Opfer nicht gekannt. Auch in seinem paranoiden Wahn war &#8222;die Gesellschaft&#8220; verbrecherisch, gesteuert von geheimdienstlichen M\u00e4chten. Paranoide Schein-Rationalisierungen und die Begehung von Wahnsinnstaten unter Berufung auf vorhandene gesllschaftliche Ph\u00e4nomene kennzeichnen aber einen v\u00f6llig anderer T\u00e4tertyp als den geistig gesunden, religi\u00f6sen oder extremistischen Fanatiker wie im Falle der islamischen Massenmorde der letzten Jahre in Europa, der NSU-Morde oder der RAF-Morde. <\/p>\n\n\n\n<p>Zum n\u00f6tigen Wissen \u00fcber einen T\u00e4ter geh\u00f6ren die Frage nach seiner Zurechnungsf\u00e4higkeit, bei geistig Gesunden seiner Motive und nat\u00fcrlich seine etwaige Ideologie, Religion und Nationalit\u00e4t. Aus allem und der Kombination aller Merkmale kann man Schl\u00fcsse ziehen. Da\u00df nicht jeder dieselben Schl\u00fcsse zieht, liegt in der Natur der Sache. <\/p>\n\n\n\n<p>Es ist nicht nur menschlich verst\u00e4ndlich, sondern auch sinnvoll, nach grauenvollen Taten danach zu fragen, was f\u00fcr einer und wes Geistes Kind der T\u00e4ter ist. Diese Frage wird aber nicht nur aus solchen lauteren und nachvollziehbaren Motiven gestellt.<\/p>\n\n\n\n<p>In ihren geistigen Sch\u00fctzengr\u00e4ben lauern Stammtisch-Strategen, die jedem T\u00e4ter gern ein Brandzeichen aufdr\u00fccken wollen, das ihn als ihren politischen Gegner markiert. Heute lechzten viele Twitter-Nutzer f\u00f6rmlich danach, der in Volkmarsen in einer Gruppe Karneval feiernder junger Leute fuhr, m\u00f6ge ein Marokkaner gewesen sein. Das w\u00fcrde hervorragend in ein Feindbild passen, demzufolge wir st\u00e4ndig von islamischen Anschl\u00e4gen bedroht sind. Das sind wir zwar tats\u00e4chlich. Hinter jedem Anschlag einen Moslem und in jedem Moslem einen potentiellen Attent\u00e4ter zu sehen, w\u00e4re aber ein Hirngespinst oder eine Wunschvorstellung zur Bef\u00f6rderung der eigenen politischen Positionen.<\/p>\n\n\n\n<p>Nach der Tat von Hanau lechzten die Vertreter vieler Parteien und die meisten Medienleute f\u00f6rmlich danach, der schizophrene Massenm\u00f6rder Tobias Rathjen m\u00f6ge ein Rechtsextremist sein. Das w\u00fcrde hervorragend in ein Feindbild passen, demzufolge wir st\u00e4ndig von rechtsextremen Anschl\u00e4gen bedroht sind. Ich wei\u00df nicht, ob wir das sind. Hinter jedem Anschlag einen Rechtsextremisten  und in jedem Rchtsextremisten einen potentiellen Attent\u00e4ter zu sehen,  w\u00e4re aber ein ebensolches Hirngespinst oder eine Wunschvorstellung zur Bef\u00f6rderung der eigenen politischen Positionen.<\/p>\n\n\n\n<p>Ein T\u00e4ter wie Rathjen, der seine eigene Mutter ermordete und von der Ausl\u00f6schung fremder und des halben deutschen Volkes tr\u00e4umte, war nicht rechtsextremistisch, sondern schlicht wahnsinnig. Die t\u00e4glich im Radio stereotyp die L\u00fcge vom &#8222;rechtsextremistischen Anschlag von Hanau&#8220; wiederholen, betreiben eine leicht durchschaubare Propaganda. Vermutlich wirkt sie bei vielen, zumal wenn diese Radio oder Fernsehen nur oberfl\u00e4chlich oder nebenbei wahrnehmen.  <\/p>\n\n\n\n<p>Immer wieder mu\u00df der Blick sich genau auf den konkreten jeweiligen T\u00e4ter richten und diesen zutreffend kategorisieren. Andernfalls lassen sich keine allgemeing\u00fcltigen Schlu\u00dffolgerungen ableiten. Wer dies trotzdem unternimmt, instrumentiert in zynischer Weise die Opfer, und bei einem geisteskranken T\u00e4ter auch ihn. <\/p>\n\n\n\n<h2 class=\"wp-block-heading\">Lesen Sie zum Thema auch:<\/h2>\n\n\n\n<figure class=\"wp-block-embed-wordpress wp-block-embed is-type-wp-embed is-provider-klaus-kunze\"><div class=\"wp-block-embed__wrapper\">\n<blockquote class=\"wp-embedded-content\" data-secret=\"o0kGLQ2coT\"><a href=\"http:\/\/klauskunze.com\/blog\/2020\/02\/21\/in-den-klauen-der-paranoia\/\">In den Klauen der Paranoia<\/a><\/blockquote><iframe loading=\"lazy\" class=\"wp-embedded-content\" sandbox=\"allow-scripts\" security=\"restricted\" style=\"position: absolute; clip: rect(1px, 1px, 1px, 1px);\" title=\"&#8222;In den Klauen der Paranoia&#8220; &#8212; Klaus Kunze\" src=\"http:\/\/klauskunze.com\/blog\/2020\/02\/21\/in-den-klauen-der-paranoia\/embed\/#?secret=C638jjzCLU#?secret=o0kGLQ2coT\" data-secret=\"o0kGLQ2coT\" width=\"600\" height=\"338\" frameborder=\"0\" marginwidth=\"0\" marginheight=\"0\" scrolling=\"no\"><\/iframe>\n<\/div><\/figure>\n\n\n\n<figure class=\"wp-block-embed-wordpress wp-block-embed is-type-wp-embed is-provider-klaus-kunze\"><div class=\"wp-block-embed__wrapper\">\n<blockquote class=\"wp-embedded-content\" data-secret=\"B8NTQsX18R\"><a href=\"http:\/\/klauskunze.com\/blog\/2020\/03\/03\/hetzjagd-auf-den-rassismus\/\">Hetzjagd auf den &#8220;Rassismus&#8221;<\/a><\/blockquote><iframe loading=\"lazy\" class=\"wp-embedded-content\" sandbox=\"allow-scripts\" security=\"restricted\" style=\"position: absolute; clip: rect(1px, 1px, 1px, 1px);\" title=\"&#8222;Hetzjagd auf den &#8220;Rassismus&#8221;&#8220; &#8212; Klaus Kunze\" src=\"http:\/\/klauskunze.com\/blog\/2020\/03\/03\/hetzjagd-auf-den-rassismus\/embed\/#?secret=94VYCkAFRy#?secret=B8NTQsX18R\" data-secret=\"B8NTQsX18R\" width=\"600\" height=\"338\" frameborder=\"0\" marginwidth=\"0\" marginheight=\"0\" scrolling=\"no\"><\/iframe>\n<\/div><\/figure>\n\n\n\n<figure class=\"wp-block-embed-wordpress wp-block-embed is-type-wp-embed is-provider-klaus-kunze\"><div class=\"wp-block-embed__wrapper\">\n<blockquote class=\"wp-embedded-content\" data-secret=\"loOxwtDlC4\"><a href=\"http:\/\/klauskunze.com\/blog\/2020\/02\/14\/dekonstruktion-fragmentierung-und-schizophrenie-zur-psychopathologie-unserer-gesellschaft\/\">Dekonstruktion, Fragmentierung und Schizophrenie &#8211; zur Psychopathologie des Genderwahnes<\/a><\/blockquote><iframe loading=\"lazy\" class=\"wp-embedded-content\" sandbox=\"allow-scripts\" security=\"restricted\" style=\"position: absolute; clip: rect(1px, 1px, 1px, 1px);\" title=\"&#8222;Dekonstruktion, Fragmentierung und Schizophrenie &#8211; zur Psychopathologie des Genderwahnes&#8220; &#8212; Klaus Kunze\" src=\"http:\/\/klauskunze.com\/blog\/2020\/02\/14\/dekonstruktion-fragmentierung-und-schizophrenie-zur-psychopathologie-unserer-gesellschaft\/embed\/#?secret=zepVxBphgD#?secret=loOxwtDlC4\" data-secret=\"loOxwtDlC4\" width=\"600\" height=\"338\" frameborder=\"0\" marginwidth=\"0\" marginheight=\"0\" scrolling=\"no\"><\/iframe>\n<\/div><\/figure>\n","protected":false},"excerpt":{"rendered":"<p>Nach den Anschl\u00e4gen von Hanau und Volkmarsen Nach grauenvollen Taten mit vielen Opfern ist die \u00d6ffentlichkeit aufgew\u00fchlt. Nirgend l\u00e4\u00dft sich das besser nachvollziehen als auf Twitter, dem schnellsten sozialen Netzwerk mit der k\u00fcrzesten Halbwertszeit seiner Nachrichten. Bei den meisten ist der Wunsch \u00fcberm\u00e4chtig, zu erfahren, wer der T\u00e4ter war und was ihn trieb. Dagegen erheben [&hellip;]<\/p>\n","protected":false},"author":1,"featured_media":1670,"comment_status":"open","ping_status":"open","sticky":false,"template":"","format":"standard","meta":{"h5ap_radio_sources":[],"twitterCardType":"","cardImageID":0,"cardImage":"","cardTitle":"","cardDesc":"","cardImageAlt":"","cardPlayer":"","cardPlayerWidth":0,"cardPlayerHeight":0,"cardPlayerStream":"","cardPlayerCodec":"","footnotes":""},"categories":[1,18],"tags":[],"class_list":["post-1668","post","type-post","status-publish","format-standard","has-post-thumbnail","hentry","category-allgemein","category-juristisches"],"yoast_head":"<!-- This site is optimized with the Yoast SEO plugin v27.5 - https:\/\/yoast.com\/product\/yoast-seo-wordpress\/ -->\n<title>Zwischen kriminologischer Kategorisierung und zynischer Instrumentierung - Klaus Kunze<\/title>\n<meta name=\"robots\" content=\"index, follow, max-snippet:-1, max-image-preview:large, max-video-preview:-1\" \/>\n<link rel=\"canonical\" href=\"https:\/\/klauskunze.com\/blog\/2020\/02\/25\/zwischen-kriminologischer-kategorisierung-und-zynischer-instrumentierung\/\" \/>\n<meta property=\"og:locale\" content=\"de_DE\" \/>\n<meta property=\"og:type\" content=\"article\" \/>\n<meta property=\"og:title\" content=\"Zwischen kriminologischer Kategorisierung und zynischer Instrumentierung - Klaus Kunze\" \/>\n<meta property=\"og:description\" content=\"Nach den Anschl\u00e4gen von Hanau und Volkmarsen Nach grauenvollen Taten mit vielen Opfern ist die \u00d6ffentlichkeit aufgew\u00fchlt. Nirgend l\u00e4\u00dft sich das besser nachvollziehen als auf Twitter, dem schnellsten sozialen Netzwerk mit der k\u00fcrzesten Halbwertszeit seiner Nachrichten. Bei den meisten ist der Wunsch \u00fcberm\u00e4chtig, zu erfahren, wer der T\u00e4ter war und was ihn trieb. Dagegen erheben [&hellip;]\" \/>\n<meta property=\"og:url\" content=\"https:\/\/klauskunze.com\/blog\/2020\/02\/25\/zwischen-kriminologischer-kategorisierung-und-zynischer-instrumentierung\/\" \/>\n<meta property=\"og:site_name\" content=\"Klaus Kunze\" \/>\n<meta property=\"article:published_time\" content=\"2020-02-25T10:33:14+00:00\" \/>\n<meta property=\"article:modified_time\" content=\"2020-03-03T16:07:18+00:00\" \/>\n<meta property=\"og:image\" content=\"https:\/\/klauskunze.com\/blog\/wp-content\/uploads\/2020\/02\/6500172472.jpg\" \/>\n\t<meta property=\"og:image:width\" content=\"950\" \/>\n\t<meta property=\"og:image:height\" content=\"622\" \/>\n\t<meta property=\"og:image:type\" content=\"image\/jpeg\" \/>\n<meta name=\"author\" content=\"Klaus Kunze\" \/>\n<meta name=\"twitter:label1\" content=\"Verfasst von\" \/>\n\t<meta name=\"twitter:data1\" content=\"Klaus Kunze\" \/>\n\t<meta name=\"twitter:label2\" content=\"Gesch\u00e4tzte Lesezeit\" \/>\n\t<meta name=\"twitter:data2\" content=\"6\u00a0Minuten\" \/>\n<script type=\"application\/ld+json\" class=\"yoast-schema-graph\">{\"@context\":\"https:\\\/\\\/schema.org\",\"@graph\":[{\"@type\":\"Article\",\"@id\":\"https:\\\/\\\/klauskunze.com\\\/blog\\\/2020\\\/02\\\/25\\\/zwischen-kriminologischer-kategorisierung-und-zynischer-instrumentierung\\\/#article\",\"isPartOf\":{\"@id\":\"https:\\\/\\\/klauskunze.com\\\/blog\\\/2020\\\/02\\\/25\\\/zwischen-kriminologischer-kategorisierung-und-zynischer-instrumentierung\\\/\"},\"author\":{\"name\":\"Klaus Kunze\",\"@id\":\"https:\\\/\\\/klauskunze.com\\\/blog\\\/#\\\/schema\\\/person\\\/9c091cf30ab68b897db6a517e3c3b11b\"},\"headline\":\"Zwischen kriminologischer Kategorisierung und zynischer Instrumentierung\",\"datePublished\":\"2020-02-25T10:33:14+00:00\",\"dateModified\":\"2020-03-03T16:07:18+00:00\",\"mainEntityOfPage\":{\"@id\":\"https:\\\/\\\/klauskunze.com\\\/blog\\\/2020\\\/02\\\/25\\\/zwischen-kriminologischer-kategorisierung-und-zynischer-instrumentierung\\\/\"},\"wordCount\":1286,\"commentCount\":3,\"publisher\":{\"@id\":\"https:\\\/\\\/klauskunze.com\\\/blog\\\/#\\\/schema\\\/person\\\/9c091cf30ab68b897db6a517e3c3b11b\"},\"image\":{\"@id\":\"https:\\\/\\\/klauskunze.com\\\/blog\\\/2020\\\/02\\\/25\\\/zwischen-kriminologischer-kategorisierung-und-zynischer-instrumentierung\\\/#primaryimage\"},\"thumbnailUrl\":\"https:\\\/\\\/klauskunze.com\\\/blog\\\/wp-content\\\/uploads\\\/2020\\\/02\\\/6500172472.jpg\",\"articleSection\":{\"1\":\"Juristisches\"},\"inLanguage\":\"de\",\"potentialAction\":[{\"@type\":\"CommentAction\",\"name\":\"Comment\",\"target\":[\"https:\\\/\\\/klauskunze.com\\\/blog\\\/2020\\\/02\\\/25\\\/zwischen-kriminologischer-kategorisierung-und-zynischer-instrumentierung\\\/#respond\"]}]},{\"@type\":\"WebPage\",\"@id\":\"https:\\\/\\\/klauskunze.com\\\/blog\\\/2020\\\/02\\\/25\\\/zwischen-kriminologischer-kategorisierung-und-zynischer-instrumentierung\\\/\",\"url\":\"https:\\\/\\\/klauskunze.com\\\/blog\\\/2020\\\/02\\\/25\\\/zwischen-kriminologischer-kategorisierung-und-zynischer-instrumentierung\\\/\",\"name\":\"Zwischen kriminologischer Kategorisierung und zynischer Instrumentierung - Klaus Kunze\",\"isPartOf\":{\"@id\":\"https:\\\/\\\/klauskunze.com\\\/blog\\\/#website\"},\"primaryImageOfPage\":{\"@id\":\"https:\\\/\\\/klauskunze.com\\\/blog\\\/2020\\\/02\\\/25\\\/zwischen-kriminologischer-kategorisierung-und-zynischer-instrumentierung\\\/#primaryimage\"},\"image\":{\"@id\":\"https:\\\/\\\/klauskunze.com\\\/blog\\\/2020\\\/02\\\/25\\\/zwischen-kriminologischer-kategorisierung-und-zynischer-instrumentierung\\\/#primaryimage\"},\"thumbnailUrl\":\"https:\\\/\\\/klauskunze.com\\\/blog\\\/wp-content\\\/uploads\\\/2020\\\/02\\\/6500172472.jpg\",\"datePublished\":\"2020-02-25T10:33:14+00:00\",\"dateModified\":\"2020-03-03T16:07:18+00:00\",\"breadcrumb\":{\"@id\":\"https:\\\/\\\/klauskunze.com\\\/blog\\\/2020\\\/02\\\/25\\\/zwischen-kriminologischer-kategorisierung-und-zynischer-instrumentierung\\\/#breadcrumb\"},\"inLanguage\":\"de\",\"potentialAction\":[{\"@type\":\"ReadAction\",\"target\":[\"https:\\\/\\\/klauskunze.com\\\/blog\\\/2020\\\/02\\\/25\\\/zwischen-kriminologischer-kategorisierung-und-zynischer-instrumentierung\\\/\"]}]},{\"@type\":\"ImageObject\",\"inLanguage\":\"de\",\"@id\":\"https:\\\/\\\/klauskunze.com\\\/blog\\\/2020\\\/02\\\/25\\\/zwischen-kriminologischer-kategorisierung-und-zynischer-instrumentierung\\\/#primaryimage\",\"url\":\"https:\\\/\\\/klauskunze.com\\\/blog\\\/wp-content\\\/uploads\\\/2020\\\/02\\\/6500172472.jpg\",\"contentUrl\":\"https:\\\/\\\/klauskunze.com\\\/blog\\\/wp-content\\\/uploads\\\/2020\\\/02\\\/6500172472.jpg\",\"width\":950,\"height\":622},{\"@type\":\"BreadcrumbList\",\"@id\":\"https:\\\/\\\/klauskunze.com\\\/blog\\\/2020\\\/02\\\/25\\\/zwischen-kriminologischer-kategorisierung-und-zynischer-instrumentierung\\\/#breadcrumb\",\"itemListElement\":[{\"@type\":\"ListItem\",\"position\":1,\"name\":\"Startseite\",\"item\":\"https:\\\/\\\/klauskunze.com\\\/blog\\\/\"},{\"@type\":\"ListItem\",\"position\":2,\"name\":\"Zwischen kriminologischer Kategorisierung und zynischer Instrumentierung\"}]},{\"@type\":\"WebSite\",\"@id\":\"https:\\\/\\\/klauskunze.com\\\/blog\\\/#website\",\"url\":\"https:\\\/\\\/klauskunze.com\\\/blog\\\/\",\"name\":\"Klaus Kunze\",\"description\":\"Blog\",\"publisher\":{\"@id\":\"https:\\\/\\\/klauskunze.com\\\/blog\\\/#\\\/schema\\\/person\\\/9c091cf30ab68b897db6a517e3c3b11b\"},\"potentialAction\":[{\"@type\":\"SearchAction\",\"target\":{\"@type\":\"EntryPoint\",\"urlTemplate\":\"https:\\\/\\\/klauskunze.com\\\/blog\\\/?s={search_term_string}\"},\"query-input\":{\"@type\":\"PropertyValueSpecification\",\"valueRequired\":true,\"valueName\":\"search_term_string\"}}],\"inLanguage\":\"de\"},{\"@type\":[\"Person\",\"Organization\"],\"@id\":\"https:\\\/\\\/klauskunze.com\\\/blog\\\/#\\\/schema\\\/person\\\/9c091cf30ab68b897db6a517e3c3b11b\",\"name\":\"Klaus Kunze\",\"image\":{\"@type\":\"ImageObject\",\"inLanguage\":\"de\",\"@id\":\"https:\\\/\\\/secure.gravatar.com\\\/avatar\\\/5cd83cadbada9c331a79952fcca177ed3d3be4c7ad3239b9d934bf84adff15dd?s=96&d=blank&r=g\",\"url\":\"https:\\\/\\\/secure.gravatar.com\\\/avatar\\\/5cd83cadbada9c331a79952fcca177ed3d3be4c7ad3239b9d934bf84adff15dd?s=96&d=blank&r=g\",\"contentUrl\":\"https:\\\/\\\/secure.gravatar.com\\\/avatar\\\/5cd83cadbada9c331a79952fcca177ed3d3be4c7ad3239b9d934bf84adff15dd?s=96&d=blank&r=g\",\"caption\":\"Klaus Kunze\"},\"logo\":{\"@id\":\"https:\\\/\\\/secure.gravatar.com\\\/avatar\\\/5cd83cadbada9c331a79952fcca177ed3d3be4c7ad3239b9d934bf84adff15dd?s=96&d=blank&r=g\"},\"sameAs\":[\"http:\\\/\\\/KlausKunze.com\",\"https:\\\/\\\/x.com\\\/https:\\\/\\\/twitter.com\\\/KlausKunze3\"]}]}<\/script>\n<!-- \/ Yoast SEO plugin. -->","yoast_head_json":{"title":"Zwischen kriminologischer Kategorisierung und zynischer Instrumentierung - Klaus Kunze","robots":{"index":"index","follow":"follow","max-snippet":"max-snippet:-1","max-image-preview":"max-image-preview:large","max-video-preview":"max-video-preview:-1"},"canonical":"https:\/\/klauskunze.com\/blog\/2020\/02\/25\/zwischen-kriminologischer-kategorisierung-und-zynischer-instrumentierung\/","og_locale":"de_DE","og_type":"article","og_title":"Zwischen kriminologischer Kategorisierung und zynischer Instrumentierung - Klaus Kunze","og_description":"Nach den Anschl\u00e4gen von Hanau und Volkmarsen Nach grauenvollen Taten mit vielen Opfern ist die \u00d6ffentlichkeit aufgew\u00fchlt. Nirgend l\u00e4\u00dft sich das besser nachvollziehen als auf Twitter, dem schnellsten sozialen Netzwerk mit der k\u00fcrzesten Halbwertszeit seiner Nachrichten. Bei den meisten ist der Wunsch \u00fcberm\u00e4chtig, zu erfahren, wer der T\u00e4ter war und was ihn trieb. Dagegen erheben [&hellip;]","og_url":"https:\/\/klauskunze.com\/blog\/2020\/02\/25\/zwischen-kriminologischer-kategorisierung-und-zynischer-instrumentierung\/","og_site_name":"Klaus Kunze","article_published_time":"2020-02-25T10:33:14+00:00","article_modified_time":"2020-03-03T16:07:18+00:00","og_image":[{"width":950,"height":622,"url":"https:\/\/klauskunze.com\/blog\/wp-content\/uploads\/2020\/02\/6500172472.jpg","type":"image\/jpeg"}],"author":"Klaus Kunze","twitter_misc":{"Verfasst von":"Klaus Kunze","Gesch\u00e4tzte Lesezeit":"6\u00a0Minuten"},"schema":{"@context":"https:\/\/schema.org","@graph":[{"@type":"Article","@id":"https:\/\/klauskunze.com\/blog\/2020\/02\/25\/zwischen-kriminologischer-kategorisierung-und-zynischer-instrumentierung\/#article","isPartOf":{"@id":"https:\/\/klauskunze.com\/blog\/2020\/02\/25\/zwischen-kriminologischer-kategorisierung-und-zynischer-instrumentierung\/"},"author":{"name":"Klaus Kunze","@id":"https:\/\/klauskunze.com\/blog\/#\/schema\/person\/9c091cf30ab68b897db6a517e3c3b11b"},"headline":"Zwischen kriminologischer Kategorisierung und zynischer Instrumentierung","datePublished":"2020-02-25T10:33:14+00:00","dateModified":"2020-03-03T16:07:18+00:00","mainEntityOfPage":{"@id":"https:\/\/klauskunze.com\/blog\/2020\/02\/25\/zwischen-kriminologischer-kategorisierung-und-zynischer-instrumentierung\/"},"wordCount":1286,"commentCount":3,"publisher":{"@id":"https:\/\/klauskunze.com\/blog\/#\/schema\/person\/9c091cf30ab68b897db6a517e3c3b11b"},"image":{"@id":"https:\/\/klauskunze.com\/blog\/2020\/02\/25\/zwischen-kriminologischer-kategorisierung-und-zynischer-instrumentierung\/#primaryimage"},"thumbnailUrl":"https:\/\/klauskunze.com\/blog\/wp-content\/uploads\/2020\/02\/6500172472.jpg","articleSection":{"1":"Juristisches"},"inLanguage":"de","potentialAction":[{"@type":"CommentAction","name":"Comment","target":["https:\/\/klauskunze.com\/blog\/2020\/02\/25\/zwischen-kriminologischer-kategorisierung-und-zynischer-instrumentierung\/#respond"]}]},{"@type":"WebPage","@id":"https:\/\/klauskunze.com\/blog\/2020\/02\/25\/zwischen-kriminologischer-kategorisierung-und-zynischer-instrumentierung\/","url":"https:\/\/klauskunze.com\/blog\/2020\/02\/25\/zwischen-kriminologischer-kategorisierung-und-zynischer-instrumentierung\/","name":"Zwischen kriminologischer Kategorisierung und zynischer Instrumentierung - Klaus Kunze","isPartOf":{"@id":"https:\/\/klauskunze.com\/blog\/#website"},"primaryImageOfPage":{"@id":"https:\/\/klauskunze.com\/blog\/2020\/02\/25\/zwischen-kriminologischer-kategorisierung-und-zynischer-instrumentierung\/#primaryimage"},"image":{"@id":"https:\/\/klauskunze.com\/blog\/2020\/02\/25\/zwischen-kriminologischer-kategorisierung-und-zynischer-instrumentierung\/#primaryimage"},"thumbnailUrl":"https:\/\/klauskunze.com\/blog\/wp-content\/uploads\/2020\/02\/6500172472.jpg","datePublished":"2020-02-25T10:33:14+00:00","dateModified":"2020-03-03T16:07:18+00:00","breadcrumb":{"@id":"https:\/\/klauskunze.com\/blog\/2020\/02\/25\/zwischen-kriminologischer-kategorisierung-und-zynischer-instrumentierung\/#breadcrumb"},"inLanguage":"de","potentialAction":[{"@type":"ReadAction","target":["https:\/\/klauskunze.com\/blog\/2020\/02\/25\/zwischen-kriminologischer-kategorisierung-und-zynischer-instrumentierung\/"]}]},{"@type":"ImageObject","inLanguage":"de","@id":"https:\/\/klauskunze.com\/blog\/2020\/02\/25\/zwischen-kriminologischer-kategorisierung-und-zynischer-instrumentierung\/#primaryimage","url":"https:\/\/klauskunze.com\/blog\/wp-content\/uploads\/2020\/02\/6500172472.jpg","contentUrl":"https:\/\/klauskunze.com\/blog\/wp-content\/uploads\/2020\/02\/6500172472.jpg","width":950,"height":622},{"@type":"BreadcrumbList","@id":"https:\/\/klauskunze.com\/blog\/2020\/02\/25\/zwischen-kriminologischer-kategorisierung-und-zynischer-instrumentierung\/#breadcrumb","itemListElement":[{"@type":"ListItem","position":1,"name":"Startseite","item":"https:\/\/klauskunze.com\/blog\/"},{"@type":"ListItem","position":2,"name":"Zwischen kriminologischer Kategorisierung und zynischer Instrumentierung"}]},{"@type":"WebSite","@id":"https:\/\/klauskunze.com\/blog\/#website","url":"https:\/\/klauskunze.com\/blog\/","name":"Klaus Kunze","description":"Blog","publisher":{"@id":"https:\/\/klauskunze.com\/blog\/#\/schema\/person\/9c091cf30ab68b897db6a517e3c3b11b"},"potentialAction":[{"@type":"SearchAction","target":{"@type":"EntryPoint","urlTemplate":"https:\/\/klauskunze.com\/blog\/?s={search_term_string}"},"query-input":{"@type":"PropertyValueSpecification","valueRequired":true,"valueName":"search_term_string"}}],"inLanguage":"de"},{"@type":["Person","Organization"],"@id":"https:\/\/klauskunze.com\/blog\/#\/schema\/person\/9c091cf30ab68b897db6a517e3c3b11b","name":"Klaus Kunze","image":{"@type":"ImageObject","inLanguage":"de","@id":"https:\/\/secure.gravatar.com\/avatar\/5cd83cadbada9c331a79952fcca177ed3d3be4c7ad3239b9d934bf84adff15dd?s=96&d=blank&r=g","url":"https:\/\/secure.gravatar.com\/avatar\/5cd83cadbada9c331a79952fcca177ed3d3be4c7ad3239b9d934bf84adff15dd?s=96&d=blank&r=g","contentUrl":"https:\/\/secure.gravatar.com\/avatar\/5cd83cadbada9c331a79952fcca177ed3d3be4c7ad3239b9d934bf84adff15dd?s=96&d=blank&r=g","caption":"Klaus Kunze"},"logo":{"@id":"https:\/\/secure.gravatar.com\/avatar\/5cd83cadbada9c331a79952fcca177ed3d3be4c7ad3239b9d934bf84adff15dd?s=96&d=blank&r=g"},"sameAs":["http:\/\/KlausKunze.com","https:\/\/x.com\/https:\/\/twitter.com\/KlausKunze3"]}]}},"post_mailing_queue_ids":[],"_links":{"self":[{"href":"https:\/\/klauskunze.com\/blog\/wp-json\/wp\/v2\/posts\/1668","targetHints":{"allow":["GET"]}}],"collection":[{"href":"https:\/\/klauskunze.com\/blog\/wp-json\/wp\/v2\/posts"}],"about":[{"href":"https:\/\/klauskunze.com\/blog\/wp-json\/wp\/v2\/types\/post"}],"author":[{"embeddable":true,"href":"https:\/\/klauskunze.com\/blog\/wp-json\/wp\/v2\/users\/1"}],"replies":[{"embeddable":true,"href":"https:\/\/klauskunze.com\/blog\/wp-json\/wp\/v2\/comments?post=1668"}],"version-history":[{"count":14,"href":"https:\/\/klauskunze.com\/blog\/wp-json\/wp\/v2\/posts\/1668\/revisions"}],"predecessor-version":[{"id":1727,"href":"https:\/\/klauskunze.com\/blog\/wp-json\/wp\/v2\/posts\/1668\/revisions\/1727"}],"wp:featuredmedia":[{"embeddable":true,"href":"https:\/\/klauskunze.com\/blog\/wp-json\/wp\/v2\/media\/1670"}],"wp:attachment":[{"href":"https:\/\/klauskunze.com\/blog\/wp-json\/wp\/v2\/media?parent=1668"}],"wp:term":[{"taxonomy":"category","embeddable":true,"href":"https:\/\/klauskunze.com\/blog\/wp-json\/wp\/v2\/categories?post=1668"},{"taxonomy":"post_tag","embeddable":true,"href":"https:\/\/klauskunze.com\/blog\/wp-json\/wp\/v2\/tags?post=1668"}],"curies":[{"name":"wp","href":"https:\/\/api.w.org\/{rel}","templated":true}]}}