{"id":1698,"date":"2020-03-01T10:26:18","date_gmt":"2020-03-01T09:26:18","guid":{"rendered":"http:\/\/klauskunze.com\/blog\/?p=1698"},"modified":"2020-03-01T17:15:21","modified_gmt":"2020-03-01T16:15:21","slug":"angelas-welt","status":"publish","type":"post","link":"https:\/\/klauskunze.com\/blog\/2020\/03\/01\/angelas-welt\/","title":{"rendered":"Angelas Welt"},"content":{"rendered":"\n<h2 class=\"has-text-align-center wp-block-heading\">Hat die Bundeskanzlerin C\u00e4sarenwahn, oder ist sie ein zynischer Machtmensch?<\/h2>\n\n\n\n<p><strong>Seit Tagen wartet die \u00d6ffentlichkeit darauf, wie die Bundeskanzlerin auf die Corona-Seuche reagiert. Welche Antwort findet Berlin auf Ankara, wo Erdogan alle Vertr\u00e4ge bricht und seine Grenzen zur EU unkontrolliert ge\u00f6ffnet hat? Ist sie solidarisch mit unseren griechischen Freunden, die mit vielleicht letzter Kraft ihre Grenze verteidigen? Wird Merkel ihnen helfen?<\/strong><\/p>\n\n\n\n<div class=\"wp-block-image\"><figure class=\"alignright size-large\"><img loading=\"lazy\" decoding=\"async\" width=\"1024\" height=\"566\" src=\"http:\/\/klauskunze.com\/blog\/wp-content\/uploads\/2020\/03\/Zuschneiden_8-1024x566.jpg\" alt=\"\" class=\"wp-image-1699\" srcset=\"https:\/\/klauskunze.com\/blog\/wp-content\/uploads\/2020\/03\/Zuschneiden_8-1024x566.jpg 1024w, https:\/\/klauskunze.com\/blog\/wp-content\/uploads\/2020\/03\/Zuschneiden_8-300x166.jpg 300w, https:\/\/klauskunze.com\/blog\/wp-content\/uploads\/2020\/03\/Zuschneiden_8-768x425.jpg 768w, https:\/\/klauskunze.com\/blog\/wp-content\/uploads\/2020\/03\/Zuschneiden_8-900x498.jpg 900w, https:\/\/klauskunze.com\/blog\/wp-content\/uploads\/2020\/03\/Zuschneiden_8.jpg 1190w\" sizes=\"auto, (max-width: 1024px) 100vw, 1024px\" \/><figcaption>Tausende wollen von der T\u00fcrkei aus mit Gewalt die griechische Grenze st\u00fcrmen<\/figcaption><\/figure><\/div>\n\n\n\n<p>Und wer w\u00fcrde wohl, nach unseren Erfahrungen von 2015, an unseren eigenen Grenzen zur\u00fcckgewiesen? W\u00fcrde eine Einreise Erkrankter verhindert?<\/p>\n\n\n\n<p>Das m\u00f6chten viele gern von Angela Merkel wissen.<\/p>\n\n\n\n<p>Unsere Wirtschaft wird durch die Seuche noch st\u00e4rker\nbedroht als die Menschen, die oft mit Erk\u00e4ltungssymptomen davonkommen. Der Dax\nbricht ein. <\/p>\n\n\n\n<p>Wie reagiert Merkel?<\/p>\n\n\n\n<p>Im Karneval gab es in der K\u00f6lner Neustadt Hetzjagden\nausl\u00e4ndischer Jugendlicher ohne Karnevalshintergrund auf feiernde junge\nDeutsche, zumal wenn diese sich kampfunf\u00e4hig getrunken hatten. <\/p>\n\n\n\n<p>Wie reagiert Merkel darauf?<\/p>\n\n\n\n<p>Sie reagierte tats\u00e4chlich. In ihrem w\u00f6chentlichen\n\u201ePostcast\u201c meldete sie sich endlich zu Wort: Sie warnte vor Rechtsextremismus.\nIn Ihrer Pressemitteilung dazu l\u00e4\u00dft sie schreiben:<\/p>\n\n\n\n<blockquote class=\"wp-block-quote is-layout-flow wp-block-quote-is-layout-flow\"><p>Nach den Morden in Hanau m\u00fcsse man konstatieren, da\u00df es Gruppen in unserer Gesellschaft gebe, die sich im Augenblick nicht sicher f\u00fchlen. &#8222;Die Sicherheit aller Menschen in Deutschland zu gew\u00e4hrleisten, ist unsere oberste Aufgabe&#8220;, sagt die Kanzlerin. Die Bundesregierung habe ein Gesetzespaket zur Bek\u00e4mpfung von Rechtsextremismus und Ha\u00dfkriminalit\u00e4t auf den Weg gebracht. Dar\u00fcber hinaus sei die Pr\u00e4ventionsarbeit verst\u00e4rkt worden, allein in diesem Jahr stelle die Bundesregierung daf\u00fcr 125 Millionen Euro zur Verf\u00fcgung.<\/p><cite>Merkels Presseerkl\u00e4rung vom 29.2.2020<\/cite><\/blockquote>\n\n\n\n<p>Will uns die Frau veralbern, h\u00e4lt sie uns f\u00fcr\nd\u00e4mlich, oder lebt sie nur noch in ihrer eigenen Welt?<\/p>\n\n\n\n<p>F\u00fcr sie, so betet Merkel ihr Credo herunter, sei wichtig, da\u00df in Deutschland alle Gruppen ohne Angst leben k\u00f6nnen. Ob sie dabei auch an ihr eigenes Volk gedacht hat? Gibt es vielleicht nichts, was uns Sorgen bereitet?<\/p>\n\n\n\n<p>Kann es nicht jedem passieren, pl\u00f6tzlich von einer\ndunklen Horde abgepa\u00dft, verhauen und beraubt zu werden? Kann nicht jedermann\nvon einem Geisteskranken umgeballert werden wie erst in Halle und neulich in\nHanau? Hat sich das Bundeskriminalamt vielleicht den Amtsarzt geschickt, als\nTobias Rathjen dreimal an das Amt schrieb und seinen paranoiden Wahn erkennen\nlie\u00df?<\/p>\n\n\n\n<p>Nein, da warnt man nicht vor Paranoikern und verbessert nichts im BKA, man warnt lieber vor Rechtsextremismus. Der schizophrene Tobias Rathjen aus Hanau hatte in der Wahnwelt seiner geistigen Umnachtung phantasiert, ganze V\u00f6lker, unter anderem zur H\u00e4lfte das deutsche Volk, auszurotten.  &#8222;Der innere Feind, kann man selbst sein oder eben das eigene Volk,&#8220; phantasierte er in seinem Manifest.  <\/p>\n\n\n\n<p>Und so ein Geisteskranker wird uns jetzt als \u201eRechter\u201c verkauft? Ein Rechter, der die H\u00e4lfte seines eigenen Volkes ausrotten wollte und als neuntes Opfer seine eigene Mutter umbrachte? Eine lange Reihe ausl\u00e4ndischer Straft\u00e4ter, zum Beispiel der einen kleinen Jungen in Frankfurt vor einen ICE geschubst hatte, wurde auch als geisteskrank schnell aus dem Verkehr gezogen und eingewiesen. Zurecht: Er war wohl auch geisteskrank und kein Beleg f\u00fcr islamischen Terror. Der geisteskranke Deutsche Rathjen aber soll pl\u00f6tzlich ein Beweis f\u00fcr \u201erechtsextreme Gefahr\u201c sein? Noch so ein deutscher Geisteskranker wollte in Halle eine Synagoge st\u00fcrmen, und weil er dazu zu ungeschickt war, erscho\u00df er mal eben ein paar Deutsche? Und solche Geisteskranken sollen \u201erechts\u201c sein? Wer das ernsthaft vertritt, hat sich selbst die Eintrittskarte in die Wahnwelt jener Schizophrenen schon gekauft.<\/p>\n\n\n\n<p>Wie mag es in Merkels Welt aussehen? Ihre pers\u00f6nliche Eigenwelt hat jedenfalls nichts mehr mit der Realit\u00e4t zu tun, die wir B\u00fcrger hier im Lande tagt\u00e4glich erleben. Wenn sich bei Schizophrenen die Pers\u00f6nlichkeit fragmentiert und den Kontakt zur Wirklichkeit verliert, ziehen sich die Kranken auch in ihre pers\u00f6nliche Scheinrealit\u00e4t zur\u00fcck. In dieser h\u00f6ren sie Stimmen und durchleben panische \u00c4ngste vor M\u00e4chten wie Geheimdiensten, Nazis, Juden, Mossad, je nach dem, was sich als angstausl\u00f6send so anbietet. Ich glaube aber nur an eine Parallele zu Merkel, nicht an eine Erkrankung.<\/p>\n\n\n\n<p>Ist es vielleicht C\u00e4sarenwahn? Dieses psychopathische Ph\u00e4nomen hat nicht unbedingt Krankheitswert. Es f\u00fchret dazu, da\u00df sich der betroffene Herrscher als weit abgehoben von der Masse seiner Untertanen f\u00fchlt. Gleichzeitig erf\u00fcllt ihn tiefes Mi\u00dftrauen selbst gegen seine engsten Freunde und Berater. Ich glaube, da\u00df Merkel auch das nicht hat, auch wenn sie erfolgreich den Eindruck erweckt.<\/p>\n\n\n\n<h2 class=\"has-text-align-center wp-block-heading\">Herzenskalter Zynismus der Macht<\/h2>\n\n\n\n<p>Tats\u00e4chlich ist Merkel eine Zynikerin der Macht. Die\ngr\u00f6\u00dfte politische Bedrohung f\u00fcr sie und ihre Partei besteht dieser Tage in\ndemokratischen rechten Str\u00f6mungen, die genau das vertreten, was fr\u00fcher\nprogrammatisch die Positionen der CDU selbst waren. Diese finden sich zum Beispiel\nin der Werte-Union und in der AfD. Alle verbalen Rundumschl\u00e4ge Merkels dienen nur\ndem Zweck, demokratische rechte Positionen als rechtsextremistisch zu\nverunglimpfen und mit Terroristen und M\u00f6rdern in Verbindung zu bringen.<\/p>\n\n\n\n<p>Darum nennen pl\u00f6tzlich die Staatsmedien fast in\neinem Atemzug die AfD \u201erechtsextremistisch\u201c und die paranoiden Morde von Hanau\nund Halle ebenfalls \u201erechtsextremistisch motiviert\u201c. Beides ist aber reine\nPropaganda. Niccol\u00f2 Machiavelli schrieb 1513: <\/p>\n\n\n\n<blockquote class=\"wp-block-quote is-layout-flow wp-block-quote-is-layout-flow\"><p>Man mu\u00df eine solche Fuchsnatur zu verschleiern wissen und ein gro\u00dfer L\u00fcgner und Heuchler sein: Die Menschen sind so einf\u00e4ltig und gehorchen so sehr den Bed\u00fcrfnissen des Augenblicks, da\u00df derjenige, welcher betr\u00fcgt, stets jemanden finden wird, der sich betr\u00fcgen l\u00e4\u00dft.<\/p><cite> Niccol\u00f2 Machiavelli, Il Principe, 1513\/1532, Kap. XVIII, = Der F\u00fcrst, Hrg. Philipp Rippel, 1986, Reclam, S.137. <\/cite><\/blockquote>\n\n\n\n<p>Merkel und unsere Regierenden t\u00e4uschen bewu\u00dft und sch\u00fcren bei Ausl\u00e4ndern und Deutschen \u00c4ngste, indem sie paranoide Taten wie die von Hanau als rechtsextremistisch motiviert verkaufen. Diese \u00c4ngste benutzen sie dann wieder als Vorwand, gegen die Opposition vorzugehen und wieder mal irgendwelche Gesetzesversch\u00e4rfungen durchzubringen.<\/p>\n\n\n\n<p>Um seine Macht zu erhalten, so der gro\u00dfe Renaissance-Analytiker Machiavelli weiter \u00fcber den Herrscher,<\/p>\n\n\n\n<blockquote class=\"wp-block-quote is-layout-flow wp-block-quote-is-layout-flow\"><p>mu\u00df er eine Gesinnung haben, aufgrund deren er bereit ist, sich nach dem Wind des Gl\u00fccks und dem Wechsel der Umst\u00e4nde zu drehen und vom Guten so lange nicht abzulassen, wie es m\u00f6glich ist, aber sich zum B\u00f6sen zu wenden, sobald es n\u00f6tig ist.<\/p><cite> Niccol\u00f2 Machiavelli, ebenda S.139. <\/cite><\/blockquote>\n\n\n\n<p>\u201eDie W\u00fcrde des Menschen ist unantastbar\u201c, heuchelt Merkel im aktuellen Potcast als treue Sch\u00fclerin Machiavellis: Ein Herrscher mu\u00df sich nach au\u00dfen immer als Verteidiger des Guten pr\u00e4sentieren. Niemand widerspricht ihm, wenn er das Gute anruft und beschw\u00f6rt. Zugleich mu\u00df er aber \u201edas B\u00f6se\u201c tun, soweit es \u201en\u00f6tig\u201c ist, um seine Macht zu sichern.<\/p>\n\n\n\n<p>Merkel hatte einst geschworen, das Wohl des deutschen Volkes zu mehren und Schaden von ihm zu wenden. <\/p>\n\n\n\n<blockquote class=\"wp-block-quote is-layout-flow wp-block-quote-is-layout-flow\"><p>Ein kluger Herrscher kann und darf sein Wort nicht halten, wenn ihm dies zum Nachteil gereicht und wenn die Gr\u00fcnde fortgefallen sind, die ihn veranla\u00dft hatten, sein Versprechen zu geben.<\/p><cite> Niccol\u00f2 Machiavelli, ebenda S.137. <\/cite><\/blockquote>\n\n\n\n<p>Merkel hat dem deutschen Volk seit 2015 massiv geschadet und scheint die Restbest\u00e4nde der \u201eschon l\u00e4nger hier Lebenden\u201c als eine zu vernachl\u00e4ssigende Gr\u00f6\u00dfe in ihrem Machtkalk\u00fcl zu halten. Einer Wiederwahl mu\u00df sie sich nicht stellen.<\/p>\n\n\n\n<p>Aber es finden sich ja immer viele, die sich gern,\nmit den Worten Machiavellis, \u201ebetr\u00fcgen lassen.\u201c Wir Deutsche haben seit der\nEntstehung des Nibelungenliedes schon des \u00f6fteren bewiesen, da\u00df wir gern\nF\u00fchrern bis in unseren eigenen Untergang folgen.<\/p>\n\n\n\n<p>Merkel hat aber keine Gefolgschaft mehr verdient.\nSie bricht dem ihr anvertrauten Volk t\u00e4glich die Treue. Darum verdient sie auch\nunsere Folgsamkeit als B\u00fcrger nicht mehr.<\/p>\n","protected":false},"excerpt":{"rendered":"<p>Hat die Bundeskanzlerin C\u00e4sarenwahn, oder ist sie ein zynischer Machtmensch? Seit Tagen wartet die \u00d6ffentlichkeit darauf, wie die Bundeskanzlerin auf die Corona-Seuche reagiert. Welche Antwort findet Berlin auf Ankara, wo Erdogan alle Vertr\u00e4ge bricht und seine Grenzen zur EU unkontrolliert ge\u00f6ffnet hat? Ist sie solidarisch mit unseren griechischen Freunden, die mit vielleicht letzter Kraft ihre [&hellip;]<\/p>\n","protected":false},"author":1,"featured_media":1699,"comment_status":"open","ping_status":"open","sticky":false,"template":"","format":"standard","meta":{"h5ap_radio_sources":[],"twitterCardType":"","cardImageID":0,"cardImage":"","cardTitle":"","cardDesc":"","cardImageAlt":"","cardPlayer":"","cardPlayerWidth":0,"cardPlayerHeight":0,"cardPlayerStream":"","cardPlayerCodec":"","footnotes":""},"categories":[20,17],"tags":[],"class_list":["post-1698","post","type-post","status-publish","format-standard","has-post-thumbnail","hentry","category-philosophie","category-politik"],"yoast_head":"<!-- This site is optimized with the Yoast SEO plugin v27.5 - https:\/\/yoast.com\/product\/yoast-seo-wordpress\/ -->\n<title>Angelas Welt - Klaus Kunze<\/title>\n<meta name=\"robots\" content=\"index, follow, max-snippet:-1, max-image-preview:large, max-video-preview:-1\" \/>\n<link rel=\"canonical\" href=\"https:\/\/klauskunze.com\/blog\/2020\/03\/01\/angelas-welt\/\" \/>\n<meta property=\"og:locale\" content=\"de_DE\" \/>\n<meta property=\"og:type\" content=\"article\" \/>\n<meta property=\"og:title\" content=\"Angelas Welt - Klaus Kunze\" \/>\n<meta property=\"og:description\" content=\"Hat die Bundeskanzlerin C\u00e4sarenwahn, oder ist sie ein zynischer Machtmensch? Seit Tagen wartet die \u00d6ffentlichkeit darauf, wie die Bundeskanzlerin auf die Corona-Seuche reagiert. Welche Antwort findet Berlin auf Ankara, wo Erdogan alle Vertr\u00e4ge bricht und seine Grenzen zur EU unkontrolliert ge\u00f6ffnet hat? Ist sie solidarisch mit unseren griechischen Freunden, die mit vielleicht letzter Kraft ihre [&hellip;]\" \/>\n<meta property=\"og:url\" content=\"https:\/\/klauskunze.com\/blog\/2020\/03\/01\/angelas-welt\/\" \/>\n<meta property=\"og:site_name\" content=\"Klaus Kunze\" \/>\n<meta property=\"article:published_time\" content=\"2020-03-01T09:26:18+00:00\" \/>\n<meta property=\"article:modified_time\" content=\"2020-03-01T16:15:21+00:00\" \/>\n<meta property=\"og:image\" content=\"https:\/\/klauskunze.com\/blog\/wp-content\/uploads\/2020\/03\/Zuschneiden_8.jpg\" \/>\n\t<meta property=\"og:image:width\" content=\"1190\" \/>\n\t<meta property=\"og:image:height\" content=\"658\" \/>\n\t<meta property=\"og:image:type\" content=\"image\/jpeg\" \/>\n<meta name=\"author\" content=\"Klaus Kunze\" \/>\n<meta name=\"twitter:label1\" content=\"Verfasst von\" \/>\n\t<meta name=\"twitter:data1\" content=\"Klaus Kunze\" \/>\n\t<meta name=\"twitter:label2\" content=\"Gesch\u00e4tzte Lesezeit\" \/>\n\t<meta name=\"twitter:data2\" content=\"6\u00a0Minuten\" \/>\n<script type=\"application\/ld+json\" class=\"yoast-schema-graph\">{\"@context\":\"https:\\\/\\\/schema.org\",\"@graph\":[{\"@type\":\"Article\",\"@id\":\"https:\\\/\\\/klauskunze.com\\\/blog\\\/2020\\\/03\\\/01\\\/angelas-welt\\\/#article\",\"isPartOf\":{\"@id\":\"https:\\\/\\\/klauskunze.com\\\/blog\\\/2020\\\/03\\\/01\\\/angelas-welt\\\/\"},\"author\":{\"name\":\"Klaus Kunze\",\"@id\":\"https:\\\/\\\/klauskunze.com\\\/blog\\\/#\\\/schema\\\/person\\\/9c091cf30ab68b897db6a517e3c3b11b\"},\"headline\":\"Angelas Welt\",\"datePublished\":\"2020-03-01T09:26:18+00:00\",\"dateModified\":\"2020-03-01T16:15:21+00:00\",\"mainEntityOfPage\":{\"@id\":\"https:\\\/\\\/klauskunze.com\\\/blog\\\/2020\\\/03\\\/01\\\/angelas-welt\\\/\"},\"wordCount\":1265,\"commentCount\":2,\"publisher\":{\"@id\":\"https:\\\/\\\/klauskunze.com\\\/blog\\\/#\\\/schema\\\/person\\\/9c091cf30ab68b897db6a517e3c3b11b\"},\"image\":{\"@id\":\"https:\\\/\\\/klauskunze.com\\\/blog\\\/2020\\\/03\\\/01\\\/angelas-welt\\\/#primaryimage\"},\"thumbnailUrl\":\"https:\\\/\\\/klauskunze.com\\\/blog\\\/wp-content\\\/uploads\\\/2020\\\/03\\\/Zuschneiden_8.jpg\",\"articleSection\":[\"Philosophie\",\"Politik\"],\"inLanguage\":\"de\",\"potentialAction\":[{\"@type\":\"CommentAction\",\"name\":\"Comment\",\"target\":[\"https:\\\/\\\/klauskunze.com\\\/blog\\\/2020\\\/03\\\/01\\\/angelas-welt\\\/#respond\"]}]},{\"@type\":\"WebPage\",\"@id\":\"https:\\\/\\\/klauskunze.com\\\/blog\\\/2020\\\/03\\\/01\\\/angelas-welt\\\/\",\"url\":\"https:\\\/\\\/klauskunze.com\\\/blog\\\/2020\\\/03\\\/01\\\/angelas-welt\\\/\",\"name\":\"Angelas Welt - Klaus Kunze\",\"isPartOf\":{\"@id\":\"https:\\\/\\\/klauskunze.com\\\/blog\\\/#website\"},\"primaryImageOfPage\":{\"@id\":\"https:\\\/\\\/klauskunze.com\\\/blog\\\/2020\\\/03\\\/01\\\/angelas-welt\\\/#primaryimage\"},\"image\":{\"@id\":\"https:\\\/\\\/klauskunze.com\\\/blog\\\/2020\\\/03\\\/01\\\/angelas-welt\\\/#primaryimage\"},\"thumbnailUrl\":\"https:\\\/\\\/klauskunze.com\\\/blog\\\/wp-content\\\/uploads\\\/2020\\\/03\\\/Zuschneiden_8.jpg\",\"datePublished\":\"2020-03-01T09:26:18+00:00\",\"dateModified\":\"2020-03-01T16:15:21+00:00\",\"breadcrumb\":{\"@id\":\"https:\\\/\\\/klauskunze.com\\\/blog\\\/2020\\\/03\\\/01\\\/angelas-welt\\\/#breadcrumb\"},\"inLanguage\":\"de\",\"potentialAction\":[{\"@type\":\"ReadAction\",\"target\":[\"https:\\\/\\\/klauskunze.com\\\/blog\\\/2020\\\/03\\\/01\\\/angelas-welt\\\/\"]}]},{\"@type\":\"ImageObject\",\"inLanguage\":\"de\",\"@id\":\"https:\\\/\\\/klauskunze.com\\\/blog\\\/2020\\\/03\\\/01\\\/angelas-welt\\\/#primaryimage\",\"url\":\"https:\\\/\\\/klauskunze.com\\\/blog\\\/wp-content\\\/uploads\\\/2020\\\/03\\\/Zuschneiden_8.jpg\",\"contentUrl\":\"https:\\\/\\\/klauskunze.com\\\/blog\\\/wp-content\\\/uploads\\\/2020\\\/03\\\/Zuschneiden_8.jpg\",\"width\":1190,\"height\":658},{\"@type\":\"BreadcrumbList\",\"@id\":\"https:\\\/\\\/klauskunze.com\\\/blog\\\/2020\\\/03\\\/01\\\/angelas-welt\\\/#breadcrumb\",\"itemListElement\":[{\"@type\":\"ListItem\",\"position\":1,\"name\":\"Startseite\",\"item\":\"https:\\\/\\\/klauskunze.com\\\/blog\\\/\"},{\"@type\":\"ListItem\",\"position\":2,\"name\":\"Angelas Welt\"}]},{\"@type\":\"WebSite\",\"@id\":\"https:\\\/\\\/klauskunze.com\\\/blog\\\/#website\",\"url\":\"https:\\\/\\\/klauskunze.com\\\/blog\\\/\",\"name\":\"Klaus Kunze\",\"description\":\"Blog\",\"publisher\":{\"@id\":\"https:\\\/\\\/klauskunze.com\\\/blog\\\/#\\\/schema\\\/person\\\/9c091cf30ab68b897db6a517e3c3b11b\"},\"potentialAction\":[{\"@type\":\"SearchAction\",\"target\":{\"@type\":\"EntryPoint\",\"urlTemplate\":\"https:\\\/\\\/klauskunze.com\\\/blog\\\/?s={search_term_string}\"},\"query-input\":{\"@type\":\"PropertyValueSpecification\",\"valueRequired\":true,\"valueName\":\"search_term_string\"}}],\"inLanguage\":\"de\"},{\"@type\":[\"Person\",\"Organization\"],\"@id\":\"https:\\\/\\\/klauskunze.com\\\/blog\\\/#\\\/schema\\\/person\\\/9c091cf30ab68b897db6a517e3c3b11b\",\"name\":\"Klaus Kunze\",\"image\":{\"@type\":\"ImageObject\",\"inLanguage\":\"de\",\"@id\":\"https:\\\/\\\/secure.gravatar.com\\\/avatar\\\/5cd83cadbada9c331a79952fcca177ed3d3be4c7ad3239b9d934bf84adff15dd?s=96&d=blank&r=g\",\"url\":\"https:\\\/\\\/secure.gravatar.com\\\/avatar\\\/5cd83cadbada9c331a79952fcca177ed3d3be4c7ad3239b9d934bf84adff15dd?s=96&d=blank&r=g\",\"contentUrl\":\"https:\\\/\\\/secure.gravatar.com\\\/avatar\\\/5cd83cadbada9c331a79952fcca177ed3d3be4c7ad3239b9d934bf84adff15dd?s=96&d=blank&r=g\",\"caption\":\"Klaus Kunze\"},\"logo\":{\"@id\":\"https:\\\/\\\/secure.gravatar.com\\\/avatar\\\/5cd83cadbada9c331a79952fcca177ed3d3be4c7ad3239b9d934bf84adff15dd?s=96&d=blank&r=g\"},\"sameAs\":[\"http:\\\/\\\/KlausKunze.com\",\"https:\\\/\\\/x.com\\\/https:\\\/\\\/twitter.com\\\/KlausKunze3\"]}]}<\/script>\n<!-- \/ Yoast SEO plugin. -->","yoast_head_json":{"title":"Angelas Welt - Klaus Kunze","robots":{"index":"index","follow":"follow","max-snippet":"max-snippet:-1","max-image-preview":"max-image-preview:large","max-video-preview":"max-video-preview:-1"},"canonical":"https:\/\/klauskunze.com\/blog\/2020\/03\/01\/angelas-welt\/","og_locale":"de_DE","og_type":"article","og_title":"Angelas Welt - Klaus Kunze","og_description":"Hat die Bundeskanzlerin C\u00e4sarenwahn, oder ist sie ein zynischer Machtmensch? Seit Tagen wartet die \u00d6ffentlichkeit darauf, wie die Bundeskanzlerin auf die Corona-Seuche reagiert. Welche Antwort findet Berlin auf Ankara, wo Erdogan alle Vertr\u00e4ge bricht und seine Grenzen zur EU unkontrolliert ge\u00f6ffnet hat? Ist sie solidarisch mit unseren griechischen Freunden, die mit vielleicht letzter Kraft ihre [&hellip;]","og_url":"https:\/\/klauskunze.com\/blog\/2020\/03\/01\/angelas-welt\/","og_site_name":"Klaus Kunze","article_published_time":"2020-03-01T09:26:18+00:00","article_modified_time":"2020-03-01T16:15:21+00:00","og_image":[{"width":1190,"height":658,"url":"https:\/\/klauskunze.com\/blog\/wp-content\/uploads\/2020\/03\/Zuschneiden_8.jpg","type":"image\/jpeg"}],"author":"Klaus Kunze","twitter_misc":{"Verfasst von":"Klaus Kunze","Gesch\u00e4tzte Lesezeit":"6\u00a0Minuten"},"schema":{"@context":"https:\/\/schema.org","@graph":[{"@type":"Article","@id":"https:\/\/klauskunze.com\/blog\/2020\/03\/01\/angelas-welt\/#article","isPartOf":{"@id":"https:\/\/klauskunze.com\/blog\/2020\/03\/01\/angelas-welt\/"},"author":{"name":"Klaus Kunze","@id":"https:\/\/klauskunze.com\/blog\/#\/schema\/person\/9c091cf30ab68b897db6a517e3c3b11b"},"headline":"Angelas Welt","datePublished":"2020-03-01T09:26:18+00:00","dateModified":"2020-03-01T16:15:21+00:00","mainEntityOfPage":{"@id":"https:\/\/klauskunze.com\/blog\/2020\/03\/01\/angelas-welt\/"},"wordCount":1265,"commentCount":2,"publisher":{"@id":"https:\/\/klauskunze.com\/blog\/#\/schema\/person\/9c091cf30ab68b897db6a517e3c3b11b"},"image":{"@id":"https:\/\/klauskunze.com\/blog\/2020\/03\/01\/angelas-welt\/#primaryimage"},"thumbnailUrl":"https:\/\/klauskunze.com\/blog\/wp-content\/uploads\/2020\/03\/Zuschneiden_8.jpg","articleSection":["Philosophie","Politik"],"inLanguage":"de","potentialAction":[{"@type":"CommentAction","name":"Comment","target":["https:\/\/klauskunze.com\/blog\/2020\/03\/01\/angelas-welt\/#respond"]}]},{"@type":"WebPage","@id":"https:\/\/klauskunze.com\/blog\/2020\/03\/01\/angelas-welt\/","url":"https:\/\/klauskunze.com\/blog\/2020\/03\/01\/angelas-welt\/","name":"Angelas Welt - Klaus Kunze","isPartOf":{"@id":"https:\/\/klauskunze.com\/blog\/#website"},"primaryImageOfPage":{"@id":"https:\/\/klauskunze.com\/blog\/2020\/03\/01\/angelas-welt\/#primaryimage"},"image":{"@id":"https:\/\/klauskunze.com\/blog\/2020\/03\/01\/angelas-welt\/#primaryimage"},"thumbnailUrl":"https:\/\/klauskunze.com\/blog\/wp-content\/uploads\/2020\/03\/Zuschneiden_8.jpg","datePublished":"2020-03-01T09:26:18+00:00","dateModified":"2020-03-01T16:15:21+00:00","breadcrumb":{"@id":"https:\/\/klauskunze.com\/blog\/2020\/03\/01\/angelas-welt\/#breadcrumb"},"inLanguage":"de","potentialAction":[{"@type":"ReadAction","target":["https:\/\/klauskunze.com\/blog\/2020\/03\/01\/angelas-welt\/"]}]},{"@type":"ImageObject","inLanguage":"de","@id":"https:\/\/klauskunze.com\/blog\/2020\/03\/01\/angelas-welt\/#primaryimage","url":"https:\/\/klauskunze.com\/blog\/wp-content\/uploads\/2020\/03\/Zuschneiden_8.jpg","contentUrl":"https:\/\/klauskunze.com\/blog\/wp-content\/uploads\/2020\/03\/Zuschneiden_8.jpg","width":1190,"height":658},{"@type":"BreadcrumbList","@id":"https:\/\/klauskunze.com\/blog\/2020\/03\/01\/angelas-welt\/#breadcrumb","itemListElement":[{"@type":"ListItem","position":1,"name":"Startseite","item":"https:\/\/klauskunze.com\/blog\/"},{"@type":"ListItem","position":2,"name":"Angelas Welt"}]},{"@type":"WebSite","@id":"https:\/\/klauskunze.com\/blog\/#website","url":"https:\/\/klauskunze.com\/blog\/","name":"Klaus Kunze","description":"Blog","publisher":{"@id":"https:\/\/klauskunze.com\/blog\/#\/schema\/person\/9c091cf30ab68b897db6a517e3c3b11b"},"potentialAction":[{"@type":"SearchAction","target":{"@type":"EntryPoint","urlTemplate":"https:\/\/klauskunze.com\/blog\/?s={search_term_string}"},"query-input":{"@type":"PropertyValueSpecification","valueRequired":true,"valueName":"search_term_string"}}],"inLanguage":"de"},{"@type":["Person","Organization"],"@id":"https:\/\/klauskunze.com\/blog\/#\/schema\/person\/9c091cf30ab68b897db6a517e3c3b11b","name":"Klaus Kunze","image":{"@type":"ImageObject","inLanguage":"de","@id":"https:\/\/secure.gravatar.com\/avatar\/5cd83cadbada9c331a79952fcca177ed3d3be4c7ad3239b9d934bf84adff15dd?s=96&d=blank&r=g","url":"https:\/\/secure.gravatar.com\/avatar\/5cd83cadbada9c331a79952fcca177ed3d3be4c7ad3239b9d934bf84adff15dd?s=96&d=blank&r=g","contentUrl":"https:\/\/secure.gravatar.com\/avatar\/5cd83cadbada9c331a79952fcca177ed3d3be4c7ad3239b9d934bf84adff15dd?s=96&d=blank&r=g","caption":"Klaus Kunze"},"logo":{"@id":"https:\/\/secure.gravatar.com\/avatar\/5cd83cadbada9c331a79952fcca177ed3d3be4c7ad3239b9d934bf84adff15dd?s=96&d=blank&r=g"},"sameAs":["http:\/\/KlausKunze.com","https:\/\/x.com\/https:\/\/twitter.com\/KlausKunze3"]}]}},"post_mailing_queue_ids":[],"_links":{"self":[{"href":"https:\/\/klauskunze.com\/blog\/wp-json\/wp\/v2\/posts\/1698","targetHints":{"allow":["GET"]}}],"collection":[{"href":"https:\/\/klauskunze.com\/blog\/wp-json\/wp\/v2\/posts"}],"about":[{"href":"https:\/\/klauskunze.com\/blog\/wp-json\/wp\/v2\/types\/post"}],"author":[{"embeddable":true,"href":"https:\/\/klauskunze.com\/blog\/wp-json\/wp\/v2\/users\/1"}],"replies":[{"embeddable":true,"href":"https:\/\/klauskunze.com\/blog\/wp-json\/wp\/v2\/comments?post=1698"}],"version-history":[{"count":9,"href":"https:\/\/klauskunze.com\/blog\/wp-json\/wp\/v2\/posts\/1698\/revisions"}],"predecessor-version":[{"id":1710,"href":"https:\/\/klauskunze.com\/blog\/wp-json\/wp\/v2\/posts\/1698\/revisions\/1710"}],"wp:featuredmedia":[{"embeddable":true,"href":"https:\/\/klauskunze.com\/blog\/wp-json\/wp\/v2\/media\/1699"}],"wp:attachment":[{"href":"https:\/\/klauskunze.com\/blog\/wp-json\/wp\/v2\/media?parent=1698"}],"wp:term":[{"taxonomy":"category","embeddable":true,"href":"https:\/\/klauskunze.com\/blog\/wp-json\/wp\/v2\/categories?post=1698"},{"taxonomy":"post_tag","embeddable":true,"href":"https:\/\/klauskunze.com\/blog\/wp-json\/wp\/v2\/tags?post=1698"}],"curies":[{"name":"wp","href":"https:\/\/api.w.org\/{rel}","templated":true}]}}