{"id":1711,"date":"2020-03-03T16:41:47","date_gmt":"2020-03-03T15:41:47","guid":{"rendered":"http:\/\/klauskunze.com\/blog\/?p=1711"},"modified":"2020-03-04T16:51:33","modified_gmt":"2020-03-04T15:51:33","slug":"hetzjagd-auf-den-rassismus","status":"publish","type":"post","link":"https:\/\/klauskunze.com\/blog\/2020\/03\/03\/hetzjagd-auf-den-rassismus\/","title":{"rendered":"Hetzjagd auf den &#8222;Rassismus&#8220;"},"content":{"rendered":"\n<h2 class=\"has-text-align-center wp-block-heading\"><strong>Die<\/strong> Propagandatrommeln dr\u00f6hnen<\/h2>\n\n\n\n<p>Die Propagandatrommeln dr\u00f6hnen uns t\u00e4glich in den Ohren.<\/p>\n\n\n\n<blockquote class=\"wp-block-quote is-layout-flow wp-block-quote-is-layout-flow\"><p>Anderthalb Wochen nach den rassistischen Morden in Hanau hat die Bundesregierung erkl\u00e4rt, dass sie das Thema Rassismus und Rechtsextremismus dauerhaft ins Kabinett holen will. Bundeskanzlerin Angela Merkel k\u00fcndigte am Montag nach dem Integrationsgipfel im Kanzleramt die Einrichtung eines Kabinettsausschusses an, der Ma\u00dfnahmen beschlie\u00dfen soll.<\/p><cite><a href=\"https:\/\/www.tagesspiegel.de\/politik\/integrationsgipfel-debattiert-ueber-hanau-merkel-macht-kampf-gegen-rassismus-zur-chefinnensachesache\/25602294.html\">Der Tagesspiegel 2.3.2020<\/a><\/cite><\/blockquote>\n\n\n\n<p>Worauf soll ihr Dr\u00f6hnen uns vorbereiten? Droht uns\nwieder eine Schwemme von Orientalen? Will die Merkel-Regierung gr\u00f6\u00dfere \u201eKontingente\u201c\nder nahe dem Bosporus Wartenden nach Deutschland holen? Angeblich seien es\nFl\u00fcchtlinge. Mu\u00df jemand aus der T\u00fcrkei fl\u00fcchten?<\/p>\n\n\n\n<p>Welchen operativen Sinn hat es aus Sicht Merkels,\nden gewaltsamen Ansturm auf die Grenze des Abendlandes mit der Ausrufung einer\nRassismusgefahr in Deutschland zu begegnen? Sollen wir eingesch\u00fcchtert und\nvorsorglich ruhig gestellt werden?<\/p>\n\n\n\n<p>Medial wird das \u00c4u\u00dferste aufgeboten, uns Deutschen jeden Verdacht auszutreiben, die V\u00f6lkerschaften vor den Toren Europas seien wom\u00f6glich andere Leute als wir. Da\u00df wir unser eigenes Volk als etwas Besch\u00fctzenswertes, etwas Wertvolles, ja etwas Bedrohtes empfinden, soll, so der Kampfbegriff der Regierung, \u201eRassismus\u201c sein.<\/p>\n\n\n\n<p>Die sich da alle in Deutschland ansiedeln wollen,\nseien Menschen wie wir und nicht andere Menschen, wird witzigerweise genetisch\nbegr\u00fcndet. Genetisch gebe es n\u00e4mlich keine Rassen. Ein ganz Linientreuer verlangte\ngestern bereits, das Verbot rassischer Diskriminierung aus dem Grundgesetz zu\nstreichen, weil es keine Rassen gebe.<\/p>\n\n\n\n<figure class=\"wp-block-image size-large\"><img loading=\"lazy\" decoding=\"async\" width=\"679\" height=\"960\" src=\"http:\/\/klauskunze.com\/blog\/wp-content\/uploads\/2020\/03\/46518655_208234303415801_2874968154944045056_n.jpg\" alt=\"\" class=\"wp-image-1717\" srcset=\"https:\/\/klauskunze.com\/blog\/wp-content\/uploads\/2020\/03\/46518655_208234303415801_2874968154944045056_n.jpg 679w, https:\/\/klauskunze.com\/blog\/wp-content\/uploads\/2020\/03\/46518655_208234303415801_2874968154944045056_n-212x300.jpg 212w\" sizes=\"auto, (max-width: 679px) 100vw, 679px\" \/><figcaption>&#8220; Die Abstreitung der Existenz von Rassen beim Menschen geht auf den  amerikanischen Populationsgenetiker Richard Lewontin zur\u00fcck (Lewontin,  1972). Lewontin erwartete von vornherein, dass der Begriff Rasse nur  dann einen Sinn machen w\u00fcrde, wenn die Individuen innerhalb einer Rasse  genetisch weniger voneinander verschieden w\u00e4ren (einheitlicher sind) als  die Angeh\u00f6rigen verschiedener Rassen. Dies gilt jedoch nur f\u00fcr  Haustierrassen (Parker, 2012), und es war der gro\u00dfe Fehler der  nationalsozialistischen Humangenetiker, eben diese Rasse-Definition der  Tierz\u00fcchtung (ohne Kenntnis der Zoologie) auf den Menschen zu  \u00fcbertragen. &#8220; (Werner Kunz)<\/figcaption><\/figure>\n\n\n\n<h2 class=\"has-text-align-center wp-block-heading\">Ein Biologe auf der F\u00e4hrte der \u201eRassen\u201c<\/h2>\n\n\n\n<p>In diese ideologisch aufgeheizten Atmosph\u00e4re platzt ausgerechnet ein Aufsatz des Biologen <a href=\"https:\/\/de.wikipedia.org\/wiki\/Werner_Kunz_(Biologe)\">Werner Kunz<\/a>. Kunz habilitierte sich 1972 und wurde 1973 Professor f\u00fcr Genetik an der Universit\u00e4t D\u00fcsseldorf.<\/p>\n\n\n\n<p>&nbsp;Er weist\ndarauf hin, da\u00df heute zwei Disziplinen (Humangenetik und Zoologie) innerhalb\nein und desselben Stammes (Wirbeltiere) mit zwei verschiedenen Definitionen des\nBegriffs der Rasse arbeiten. Darum rede man immer aneinander vorbei. <\/p>\n\n\n\n<blockquote class=\"wp-block-quote is-layout-flow wp-block-quote-is-layout-flow\"><p>Niemand bezweifelt, da\u00df sich die Rassen beim Menschen genetisch nur sehr gering unterscheiden. Rassen unterscheiden sich nicht in vielen genetischen Merkmalen, sondern nur in wenigen (eben rassespezifischen) Merkmalen.<\/p><cite> <a href=\"https:\/\/www.novo-argumen-te.com\/artikel\/rasse_und_rassismus?fbclid=IwAR1wgJsiaLO-GijG7tgcTvrZFvaCHGI93K4Y8qXgowNMcUAkDHqV_OVFI1nI\">Werner Kunz, Rasse und Rassismus, Novo 20.2.2020<\/a> <\/cite><\/blockquote>\n\n\n\n<p>Diese gebe es durchaus. <\/p>\n\n\n\n<blockquote class=\"wp-block-quote is-layout-flow wp-block-quote-is-layout-flow\"><p>Das Problem liegt nicht in der statistischen Berechnung von Lewontin, sondern in der Auffassung, der Begriff Rasse sei durch die genetische Varianz der Allele definiert. Eine solche Rassedefinition ist jedoch nicht der Rassebegriff, der seit mehr als hundert Jahren in der Zoologie gebr\u00e4uchlich ist, wonach sich Rassen nicht durch generelle genetische Verschiedenheit voneinander unterscheiden, sondern allein durch rassespezifische Einzelmerkmale, die von geografischer Region zu geografischer Region verschieden sind (Stresemann, 1936; Wilson \/ Brown, 1953). Mit dieser Definition arbeitet die Zoologie auch heute noch (Mallet, 2001).<\/p><cite>Werner Kunz, ebenda<\/cite><\/blockquote>\n\n\n\n<p>Da\u00df die Mitglieder eine \u201eRasse\u201c sich anhand aller\ngenetischer Merkmale insgesamt untereinander st\u00e4rker unterscheiden als von\nanderen \u201eRassen\u201c, spreche nicht dagegen. Man d\u00fcrfe n\u00e4mlich nicht alle m\u00f6glichen\nUnterschiede gleich z\u00e4hlen, sondern m\u00fcsse eben nach signifikanten Unterschieden\nhinsichtlich solcher Merkmale suchen, die vererbt werden und die spezifischen\nUnterschiede zu anderen Rassen ausmachen. Nat\u00fcrlich gebe die empirisch\nfeststellbare Verschiedenheit der Rassen keinerlei Anla\u00df zu einer\nunterschiedlichen Wertigkeit:<\/p>\n\n\n\n<blockquote class=\"wp-block-quote is-layout-flow wp-block-quote-is-layout-flow\"><p>Die rassistische Ideologie beruht auf der Idee, man k\u00f6nne zwischen h\u00f6heren und niederen Rassen unterscheiden und daraus die Legitimation f\u00fcr Unterdr\u00fcckung, Ausbeutung und Vernichtung ableiten. Aber anstatt diese fatale falsche Auffassung zu korrigieren, um eine Wiederholung des Unheils zu verhindern, wird heute als Gegenreaktion gepredigt, es g\u00e4be beim Menschen keine Rassen. Das liegt auf derselben Ebene, als w\u00fcrde man, um die soziale Diskriminierung des weiblichen Geschlechts zu verhindern, die These in die Welt setzen, es g\u00e4be keine verschiedenen Geschlechter (Sesardi\u0107 \/ De Clercq, 2014). In der Tat unterscheiden sich Mann und Frau in der Gesamtheit ihrer genetischen Anlagen nur sehr gering voneinander, und die genetischen Unterschiede zwischen den Individuen innerhalb eines Geschlechts k\u00f6nnen gr\u00f6\u00dfer sein als die genetischen Unterschiede zwischen den Angeh\u00f6rigen verschiedener Geschlechter. Genau wie bei den Rassen. Aber daraus zieht niemand den Schlu\u00df, es g\u00e4be keine verschiedenen Geschlechter.<\/p><cite>Werner Kunz, ebenda<\/cite><\/blockquote>\n\n\n\n<h3 class=\"has-text-align-center wp-block-heading\">Sind Rassisten Verr\u00fcckte?<\/h3>\n\n\n\n<p>Die Biologen sind sich uneins, ob die ph\u00e4notypisch offensichtlichen Unterschiede zwischen Menschengruppen nun das Etikett \u201eRasse\u201c verdienen. Einig sind sich aber alle, da\u00df die Feststellung rassischer Verschiedenheiten kein Anla\u00df zur Vernichtung \u201eniederer Rassen\u201c sein darf. <\/p>\n\n\n\n<p>Im redlichen Kampf gegen die Wertung von Rassen als &#8222;h\u00f6her&#8220; oder &#8222;niedriger entwickelt&#8220; stehen Philosophen mit in vorderster Front. Nicht jeder ist so bescheiden wie ich und \u00fcberl\u00e4\u00dft den Streit, ob es Rassen gibt, den Biologen. Der 1981 geborene Matthias Warkus wagt sich weit vor: \u201eVern\u00fcnftige Rassisten\u201c gebe es nicht.<\/p>\n\n\n\n<p>Neben der \u201eschweren paranoiden Symptomatik\u201c des Attent\u00e4ters von Hanau tauchten in dem Text Tobias Rathjens aber<\/p>\n\n\n\n<blockquote class=\"wp-block-quote is-layout-flow wp-block-quote-is-layout-flow\"><p>\u00dcberlegungen auf, die auf den ersten Blick weit weniger wahnhaft wirken. So l\u00e4\u00dft sich der T\u00e4ter zum Beispiel auch \u00fcber die angeblichen historischen Verdienste und die unterschiedliche Leistungsf\u00e4higkeit verschiedener \u00bbV\u00f6lker\u00ab aus sowie \u00fcber einen Zusammenhang zu \u00bbAusl\u00e4nderkriminalit\u00e4t\u00ab \u2013 g\u00e4ngige rhetorische Muster unter rechten Politikern und Publizisten. Isoliert man die entsprechenden Passagen aus dem Manifest, dann weist nichts an ihnen darauf hin, da\u00df sie aus der Feder eines psychisch kranken Menschen stammen. Aber hei\u00dft das nun, da\u00df sie rational sind? Sicherlich nicht.<\/p><cite> <a href=\"https:\/\/www.spektrum.de\/kolumne\/vernuenftige-rassisten-gibt-es-nicht\/1708586\">Matthias Warkus, Vern\u00fcnftige Rassisten gibt es nicht, Spektrum 29.2.2020  <\/a><\/cite><\/blockquote>\n\n\n\n<p>Hier nimmt der Kolumnist der Zeitschrift Spektrum argumentativ Anlauf, mit dem geisteskranken Kind Rathjen das gesamte Bad auszusch\u00fctten. Die verbalen Versatzst\u00fccke aus den wahnhaften Texten des M\u00f6rders und aus seiner Selbstrechtfertigung werden f\u00fcr bare M\u00fcnze genommen und als \u201eRassismus\u201c deklariert. Im n\u00e4chsten Schritt und Umkehrschlu\u00df wird jeder \u201eRassist\u201c des Irrationalismus verd\u00e4chtigt:<\/p>\n\n\n\n<blockquote class=\"wp-block-quote is-layout-flow wp-block-quote-is-layout-flow\"><p>Wenn wir versuchen, scharf abzugrenzen, was einen \u00bbvern\u00fcnftig denkenden Rassisten\u00ab von jemandem wie dem T\u00e4ter von Hanau unterscheiden soll, geraten wir zwangsl\u00e4ufig ins Schleudern. Der Schlu\u00df liegt nahe, da\u00df es keinen scharfen Unterschied gibt. Da\u00df hier jemand get\u00f6tet hat, der wom\u00f6glich auch schwer psychisch krank war, \u00e4ndert nichts daran, da\u00df die Ideologie, in die er eingebettet war, selbst eine ist, die nur deshalb funktioniert, weil der Vernunftgebrauch in ihr eingeschr\u00e4nkt ist.<\/p><cite> Matthias Warkus, Vern\u00fcnftige Rassisten gibt es nicht, Spektrum 29.2.2020  <\/cite><\/blockquote>\n\n\n\n<p>Nun ist psychiatrisch ganz gleichg\u00fcltig, in welche \u201eIdeologie ein Geisteskranker eingebettet\u201c ist. Ein Schizophrener macht sinnesphysiologisch zun\u00e4chst dieselben Wahrnehmungen wie ein Gesunder. Er interpretiert sie lediglich wahnhaft, zum Beispiel als Bedrohung. Ursache dieser Fehlinterpretation ist seine Erkrankung, ist aber keine \u201eIdeologie, in die er eingebettet\u201c ist. Wenn etwa Tobias Rathjen w\u00e4hnte, Geheimdienste w\u00fcrden uns telepathisch manipulieren, h\u00e4ngt ein solcher Wahn in keiner Weise mit der realen Existenz und Rolle von Geheimdiensten zusammen.<\/p>\n\n\n\n<p>F\u00fcr paranoide Bedrohungs\u00e4ngste ist irrelevant, in welcher Gedankenwelt der Erkrankte sonst lebte. Wenn in gl\u00e4ubiger Katholik paranoide \u00c4ngste entwickelt, wird er vielleicht w\u00e4hnen, der Teufel sei in seine Nachbarn gefahren. Dieser Wahn ist aber kein Argument gegen das Christentum. Ein paranoider Antifaschist wird vielleicht w\u00e4hnen, seine behandelnden \u00c4rzte seien Nazis. Dieser Wahn w\u00e4re allerdings kein Argument gegen den Antifaschismus. Und wenn ein paranoider Philosoph w\u00e4hnen w\u00fcrde, die Nichtphilosophen bildeten einen Geheimbund zur Ermordung aller Philosophen, spr\u00e4che trotzdem nichts gegen das philosophische Umfeld, \u201ein das er eingebettet\u201c ist.<\/p>\n\n\n\n<p>Wenn klinischer Wahnsinn sich als Religion oder Ideologie verkleidet, hat das nichts zu bedeuten. Ein Paranoider in rechtsextremistischem Kost\u00fcm ist ein Kranker, kein Rechtsextremist. Seine Wahnideen sind nicht &#8222;rechtsextremistisch motiviert&#8220;, weil Rechtsextremismus keine Krankheitsursache und f\u00fcr die Wahnideen eben nicht kausal ist.<\/p>\n\n\n\n<h3 class=\"has-text-align-center wp-block-heading\">Das angema\u00dfte Monopol auf Rationalit\u00e4t im sozialen Machtkampf<\/h3>\n\n\n\n<p>Jemand Gesundem die Rationalit\u00e4t seines Handelns abzusprechen, hei\u00dft oft, da\u00df man der Aufgabe nicht gewachsen ist, ihn zu verstehen. <\/p>\n\n\n\n<blockquote class=\"wp-block-quote is-layout-flow wp-block-quote-is-layout-flow\"><p>Auch dann, wenn Ego den Anderen f\u00fcr \u201everr\u00fcckt\u201c h\u00e4lt und somit ein praktisch wenig hilfreiches Urteil \u00fcber seine Motivation f\u00e4llt, mu\u00df es die Logik dieser Verr\u00fccktheit im Handeln des Anderen aufsp\u00fcren, um mit diesem Handeln in der Realit\u00e4t der sozialen Beziehung fertig zu werden.<\/p><cite> Panajotis Kondylis, Das Politische und der Mensch, Grundz\u00fcge der Sozialontologie, Bd.1, 1999, S.551. <\/cite><\/blockquote>\n\n\n\n<p>Wer das nicht begriffen hat, ist m\u00f6glicherweise ein\nschlechter Philosoph. Vielleicht ist er aber auch nur ein geschickter Propagandist\nseiner h\u00f6chstpers\u00f6nlichen Ideologie. Er zielt dann darauf ab, dem\nAndersdenkenden die Rationalit\u00e4t des Handelns schlechthin abzusprechen. <\/p>\n\n\n\n<p>Nun h\u00e4ngt die Rationalit\u00e4t menschlichen Handelns\nimmer auch davon ab, ob die Realit\u00e4t richtig erkannt wird. Ein Schizophrener\nmit rassistischen Wahnvorstellungen verkennt die Realit\u00e4t und kann nicht\nrational handeln. Ein nicht geisteskranker Rassist kann aber durchaus\nfolgerichtig und zielstrebig handeln, wie uns die Geschichte lehrt.<\/p>\n\n\n\n<p>Darum ist die Frage immer hei\u00df umk\u00e4mpft, ob eine\nmenschliche Vorstellung einen Realit\u00e4tskern enth\u00e4lt. Philosophen wie Warkus behaupten\nzu wissen, es gebe keine Rassen. F\u00fcr ihn l\u00e4uft darum \u201eRassismus\u201c auf einen Wahn\nund damit auf dasselbe hinaus wie eine Geisteskrankheit. Warkus reklamiert\n\u00fcberlegenes Wissen \u00fcber die Realit\u00e4t f\u00fcr sich, n\u00e4mlich die Nichtexistenz von\nRassen, und stellt Menschen, die das anders sehen, als Irrationale neben geistig\nUmnachtete. Aus dieser scheinbar sicheren Position leitet er seine normative\nDeutungshoheit ab. Die Deutungshoheit und damit soziale Machtstellung \u00fcber die Gefahr\ndes Rassismus hat der Philosoph, indem er dar\u00fcber entscheidet, wer rational ist\nund wer nicht.<\/p>\n\n\n\n<p>Ein anderer Philosoph erkl\u00e4rt uns, was Warkus\nvielleicht nicht an sich selbst bemerkt:<\/p>\n\n\n\n<blockquote class=\"wp-block-quote is-layout-flow wp-block-quote-is-layout-flow\"><p>Jeder will die allgemein anerkannten anthropologischen oder sozialontologischen Konstanten auf seiner Seite haben, unter der Bedingung allerdings, da\u00df er sich die Zust\u00e4ndigkeit ihrer ins normative gewendeten Interpretation vorbeh\u00e4lt.<\/p><cite> Panajotis Kondylis, Das Politische und der Mensch, Grundz\u00fcge der Sozialontologie, Bd.1, 1999, S.562. <\/cite><\/blockquote>\n\n\n\n<p>Die anthropologische Konstante ist bei Warkus die\nExistenz oder Nichtexistenz von Rassen. Von dieser Vorfrage h\u00e4ngt seine Antwort\nab: Rassismus oder das, was man gerade dazu erkl\u00e4rt, ist schlecht, irrational\nund soll unterdr\u00fcckt werden. <\/p>\n\n\n\n<p>So erweisen sich die scheinbar harmlosen philosophischen\nZweifel an der Rationalit\u00e4t gegnerischen Handels als das, was sie im sozialen\nLeben tats\u00e4chlich sind, n\u00e4mlich als geistige Waffen im sozialen Machtkampf:<\/p>\n\n\n\n<blockquote class=\"wp-block-quote is-layout-flow wp-block-quote-is-layout-flow\"><p>Rationalit\u00e4t bildet somit den begehrten Verb\u00fcndeten und eine effektive Waffe jedes Individuums oder Kollektivs gegen\u00fcber anderen; der Sprachgebrauch wei\u00df es, indem er mit dem Adverb bzw. Adjektiv \u201evern\u00fcnftig\u201c sehr unterschiedliche erw\u00fcnschte oder tats\u00e4chliche Gestaltungen der sozialen Beziehungen festlegt.<\/p><cite> Panajotis Kondylis, Das Politische und der Mensch, Grundz\u00fcge der Sozialontologie, Bd.1, 1999, S.562. <\/cite><\/blockquote>\n\n\n\n<p><\/p>\n\n\n\n<h2 class=\"wp-block-heading\">Lesen Sie zum Thema auch:<\/h2>\n\n\n\n<figure class=\"wp-block-embed-wordpress wp-block-embed is-type-wp-embed is-provider-klaus-kunze\"><div class=\"wp-block-embed__wrapper\">\n<blockquote class=\"wp-embedded-content\" data-secret=\"lZORnnsUGt\"><a href=\"http:\/\/klauskunze.com\/blog\/2020\/02\/21\/in-den-klauen-der-paranoia\/\">In den Klauen der Paranoia<\/a><\/blockquote><iframe loading=\"lazy\" class=\"wp-embedded-content\" sandbox=\"allow-scripts\" security=\"restricted\" style=\"position: absolute; clip: rect(1px, 1px, 1px, 1px);\" title=\"&#8222;In den Klauen der Paranoia&#8220; &#8212; Klaus Kunze\" src=\"http:\/\/klauskunze.com\/blog\/2020\/02\/21\/in-den-klauen-der-paranoia\/embed\/#?secret=SYfPtj1ZaT#?secret=lZORnnsUGt\" data-secret=\"lZORnnsUGt\" width=\"600\" height=\"338\" frameborder=\"0\" marginwidth=\"0\" marginheight=\"0\" scrolling=\"no\"><\/iframe>\n<\/div><\/figure>\n\n\n\n<figure class=\"wp-block-embed-wordpress wp-block-embed is-type-wp-embed is-provider-klaus-kunze\"><div class=\"wp-block-embed__wrapper\">\n<blockquote class=\"wp-embedded-content\" data-secret=\"S6PnfeM73v\"><a href=\"http:\/\/klauskunze.com\/blog\/2020\/02\/25\/zwischen-kriminologischer-kategorisierung-und-zynischer-instrumentierung\/\">Zwischen kriminologischer Kategorisierung und zynischer Instrumentierung<\/a><\/blockquote><iframe loading=\"lazy\" class=\"wp-embedded-content\" sandbox=\"allow-scripts\" security=\"restricted\" style=\"position: absolute; clip: rect(1px, 1px, 1px, 1px);\" title=\"&#8222;Zwischen kriminologischer Kategorisierung und zynischer Instrumentierung&#8220; &#8212; Klaus Kunze\" src=\"http:\/\/klauskunze.com\/blog\/2020\/02\/25\/zwischen-kriminologischer-kategorisierung-und-zynischer-instrumentierung\/embed\/#?secret=W8rvT9oPil#?secret=S6PnfeM73v\" data-secret=\"S6PnfeM73v\" width=\"600\" height=\"338\" frameborder=\"0\" marginwidth=\"0\" marginheight=\"0\" scrolling=\"no\"><\/iframe>\n<\/div><\/figure>\n","protected":false},"excerpt":{"rendered":"<p>Die Propagandatrommeln dr\u00f6hnen Die Propagandatrommeln dr\u00f6hnen uns t\u00e4glich in den Ohren. Anderthalb Wochen nach den rassistischen Morden in Hanau hat die Bundesregierung erkl\u00e4rt, dass sie das Thema Rassismus und Rechtsextremismus dauerhaft ins Kabinett holen will. Bundeskanzlerin Angela Merkel k\u00fcndigte am Montag nach dem Integrationsgipfel im Kanzleramt die Einrichtung eines Kabinettsausschusses an, der Ma\u00dfnahmen beschlie\u00dfen soll. [&hellip;]<\/p>\n","protected":false},"author":1,"featured_media":1719,"comment_status":"open","ping_status":"open","sticky":false,"template":"","format":"standard","meta":{"h5ap_radio_sources":[],"twitterCardType":"","cardImageID":0,"cardImage":"","cardTitle":"","cardDesc":"","cardImageAlt":"","cardPlayer":"","cardPlayerWidth":0,"cardPlayerHeight":0,"cardPlayerStream":"","cardPlayerCodec":"","footnotes":""},"categories":[1,20,17],"tags":[],"class_list":["post-1711","post","type-post","status-publish","format-standard","has-post-thumbnail","hentry","category-allgemein","category-philosophie","category-politik"],"yoast_head":"<!-- This site is optimized with the Yoast SEO plugin v27.5 - https:\/\/yoast.com\/product\/yoast-seo-wordpress\/ -->\n<title>Hetzjagd auf den &quot;Rassismus&quot; - Klaus Kunze<\/title>\n<meta name=\"robots\" content=\"index, follow, max-snippet:-1, max-image-preview:large, max-video-preview:-1\" \/>\n<link rel=\"canonical\" href=\"https:\/\/klauskunze.com\/blog\/2020\/03\/03\/hetzjagd-auf-den-rassismus\/\" \/>\n<meta property=\"og:locale\" content=\"de_DE\" \/>\n<meta property=\"og:type\" content=\"article\" \/>\n<meta property=\"og:title\" content=\"Hetzjagd auf den &quot;Rassismus&quot; - Klaus Kunze\" \/>\n<meta property=\"og:description\" content=\"Die Propagandatrommeln dr\u00f6hnen Die Propagandatrommeln dr\u00f6hnen uns t\u00e4glich in den Ohren. Anderthalb Wochen nach den rassistischen Morden in Hanau hat die Bundesregierung erkl\u00e4rt, dass sie das Thema Rassismus und Rechtsextremismus dauerhaft ins Kabinett holen will. Bundeskanzlerin Angela Merkel k\u00fcndigte am Montag nach dem Integrationsgipfel im Kanzleramt die Einrichtung eines Kabinettsausschusses an, der Ma\u00dfnahmen beschlie\u00dfen soll. [&hellip;]\" \/>\n<meta property=\"og:url\" content=\"https:\/\/klauskunze.com\/blog\/2020\/03\/03\/hetzjagd-auf-den-rassismus\/\" \/>\n<meta property=\"og:site_name\" content=\"Klaus Kunze\" \/>\n<meta property=\"article:published_time\" content=\"2020-03-03T15:41:47+00:00\" \/>\n<meta property=\"article:modified_time\" content=\"2020-03-04T15:51:33+00:00\" \/>\n<meta property=\"og:image\" content=\"https:\/\/klauskunze.com\/blog\/wp-content\/uploads\/2020\/03\/46518655_208234303415801_2874968154944045056_n-1.jpg\" \/>\n\t<meta property=\"og:image:width\" content=\"679\" \/>\n\t<meta property=\"og:image:height\" content=\"677\" \/>\n\t<meta property=\"og:image:type\" content=\"image\/jpeg\" \/>\n<meta name=\"author\" content=\"Klaus Kunze\" \/>\n<meta name=\"twitter:label1\" content=\"Verfasst von\" \/>\n\t<meta name=\"twitter:data1\" content=\"Klaus Kunze\" \/>\n\t<meta name=\"twitter:label2\" content=\"Gesch\u00e4tzte Lesezeit\" \/>\n\t<meta name=\"twitter:data2\" content=\"9\u00a0Minuten\" \/>\n<script type=\"application\/ld+json\" class=\"yoast-schema-graph\">{\"@context\":\"https:\\\/\\\/schema.org\",\"@graph\":[{\"@type\":\"Article\",\"@id\":\"https:\\\/\\\/klauskunze.com\\\/blog\\\/2020\\\/03\\\/03\\\/hetzjagd-auf-den-rassismus\\\/#article\",\"isPartOf\":{\"@id\":\"https:\\\/\\\/klauskunze.com\\\/blog\\\/2020\\\/03\\\/03\\\/hetzjagd-auf-den-rassismus\\\/\"},\"author\":{\"name\":\"Klaus Kunze\",\"@id\":\"https:\\\/\\\/klauskunze.com\\\/blog\\\/#\\\/schema\\\/person\\\/9c091cf30ab68b897db6a517e3c3b11b\"},\"headline\":\"Hetzjagd auf den &#8222;Rassismus&#8220;\",\"datePublished\":\"2020-03-03T15:41:47+00:00\",\"dateModified\":\"2020-03-04T15:51:33+00:00\",\"mainEntityOfPage\":{\"@id\":\"https:\\\/\\\/klauskunze.com\\\/blog\\\/2020\\\/03\\\/03\\\/hetzjagd-auf-den-rassismus\\\/\"},\"wordCount\":1802,\"commentCount\":3,\"publisher\":{\"@id\":\"https:\\\/\\\/klauskunze.com\\\/blog\\\/#\\\/schema\\\/person\\\/9c091cf30ab68b897db6a517e3c3b11b\"},\"image\":{\"@id\":\"https:\\\/\\\/klauskunze.com\\\/blog\\\/2020\\\/03\\\/03\\\/hetzjagd-auf-den-rassismus\\\/#primaryimage\"},\"thumbnailUrl\":\"https:\\\/\\\/klauskunze.com\\\/blog\\\/wp-content\\\/uploads\\\/2020\\\/03\\\/46518655_208234303415801_2874968154944045056_n-1.jpg\",\"articleSection\":{\"1\":\"Philosophie\",\"2\":\"Politik\"},\"inLanguage\":\"de\",\"potentialAction\":[{\"@type\":\"CommentAction\",\"name\":\"Comment\",\"target\":[\"https:\\\/\\\/klauskunze.com\\\/blog\\\/2020\\\/03\\\/03\\\/hetzjagd-auf-den-rassismus\\\/#respond\"]}]},{\"@type\":\"WebPage\",\"@id\":\"https:\\\/\\\/klauskunze.com\\\/blog\\\/2020\\\/03\\\/03\\\/hetzjagd-auf-den-rassismus\\\/\",\"url\":\"https:\\\/\\\/klauskunze.com\\\/blog\\\/2020\\\/03\\\/03\\\/hetzjagd-auf-den-rassismus\\\/\",\"name\":\"Hetzjagd auf den \\\"Rassismus\\\" - Klaus Kunze\",\"isPartOf\":{\"@id\":\"https:\\\/\\\/klauskunze.com\\\/blog\\\/#website\"},\"primaryImageOfPage\":{\"@id\":\"https:\\\/\\\/klauskunze.com\\\/blog\\\/2020\\\/03\\\/03\\\/hetzjagd-auf-den-rassismus\\\/#primaryimage\"},\"image\":{\"@id\":\"https:\\\/\\\/klauskunze.com\\\/blog\\\/2020\\\/03\\\/03\\\/hetzjagd-auf-den-rassismus\\\/#primaryimage\"},\"thumbnailUrl\":\"https:\\\/\\\/klauskunze.com\\\/blog\\\/wp-content\\\/uploads\\\/2020\\\/03\\\/46518655_208234303415801_2874968154944045056_n-1.jpg\",\"datePublished\":\"2020-03-03T15:41:47+00:00\",\"dateModified\":\"2020-03-04T15:51:33+00:00\",\"breadcrumb\":{\"@id\":\"https:\\\/\\\/klauskunze.com\\\/blog\\\/2020\\\/03\\\/03\\\/hetzjagd-auf-den-rassismus\\\/#breadcrumb\"},\"inLanguage\":\"de\",\"potentialAction\":[{\"@type\":\"ReadAction\",\"target\":[\"https:\\\/\\\/klauskunze.com\\\/blog\\\/2020\\\/03\\\/03\\\/hetzjagd-auf-den-rassismus\\\/\"]}]},{\"@type\":\"ImageObject\",\"inLanguage\":\"de\",\"@id\":\"https:\\\/\\\/klauskunze.com\\\/blog\\\/2020\\\/03\\\/03\\\/hetzjagd-auf-den-rassismus\\\/#primaryimage\",\"url\":\"https:\\\/\\\/klauskunze.com\\\/blog\\\/wp-content\\\/uploads\\\/2020\\\/03\\\/46518655_208234303415801_2874968154944045056_n-1.jpg\",\"contentUrl\":\"https:\\\/\\\/klauskunze.com\\\/blog\\\/wp-content\\\/uploads\\\/2020\\\/03\\\/46518655_208234303415801_2874968154944045056_n-1.jpg\",\"width\":679,\"height\":677},{\"@type\":\"BreadcrumbList\",\"@id\":\"https:\\\/\\\/klauskunze.com\\\/blog\\\/2020\\\/03\\\/03\\\/hetzjagd-auf-den-rassismus\\\/#breadcrumb\",\"itemListElement\":[{\"@type\":\"ListItem\",\"position\":1,\"name\":\"Startseite\",\"item\":\"https:\\\/\\\/klauskunze.com\\\/blog\\\/\"},{\"@type\":\"ListItem\",\"position\":2,\"name\":\"Hetzjagd auf den &#8222;Rassismus&#8220;\"}]},{\"@type\":\"WebSite\",\"@id\":\"https:\\\/\\\/klauskunze.com\\\/blog\\\/#website\",\"url\":\"https:\\\/\\\/klauskunze.com\\\/blog\\\/\",\"name\":\"Klaus Kunze\",\"description\":\"Blog\",\"publisher\":{\"@id\":\"https:\\\/\\\/klauskunze.com\\\/blog\\\/#\\\/schema\\\/person\\\/9c091cf30ab68b897db6a517e3c3b11b\"},\"potentialAction\":[{\"@type\":\"SearchAction\",\"target\":{\"@type\":\"EntryPoint\",\"urlTemplate\":\"https:\\\/\\\/klauskunze.com\\\/blog\\\/?s={search_term_string}\"},\"query-input\":{\"@type\":\"PropertyValueSpecification\",\"valueRequired\":true,\"valueName\":\"search_term_string\"}}],\"inLanguage\":\"de\"},{\"@type\":[\"Person\",\"Organization\"],\"@id\":\"https:\\\/\\\/klauskunze.com\\\/blog\\\/#\\\/schema\\\/person\\\/9c091cf30ab68b897db6a517e3c3b11b\",\"name\":\"Klaus Kunze\",\"image\":{\"@type\":\"ImageObject\",\"inLanguage\":\"de\",\"@id\":\"https:\\\/\\\/secure.gravatar.com\\\/avatar\\\/5cd83cadbada9c331a79952fcca177ed3d3be4c7ad3239b9d934bf84adff15dd?s=96&d=blank&r=g\",\"url\":\"https:\\\/\\\/secure.gravatar.com\\\/avatar\\\/5cd83cadbada9c331a79952fcca177ed3d3be4c7ad3239b9d934bf84adff15dd?s=96&d=blank&r=g\",\"contentUrl\":\"https:\\\/\\\/secure.gravatar.com\\\/avatar\\\/5cd83cadbada9c331a79952fcca177ed3d3be4c7ad3239b9d934bf84adff15dd?s=96&d=blank&r=g\",\"caption\":\"Klaus Kunze\"},\"logo\":{\"@id\":\"https:\\\/\\\/secure.gravatar.com\\\/avatar\\\/5cd83cadbada9c331a79952fcca177ed3d3be4c7ad3239b9d934bf84adff15dd?s=96&d=blank&r=g\"},\"sameAs\":[\"http:\\\/\\\/KlausKunze.com\",\"https:\\\/\\\/x.com\\\/https:\\\/\\\/twitter.com\\\/KlausKunze3\"]}]}<\/script>\n<!-- \/ Yoast SEO plugin. -->","yoast_head_json":{"title":"Hetzjagd auf den \"Rassismus\" - Klaus Kunze","robots":{"index":"index","follow":"follow","max-snippet":"max-snippet:-1","max-image-preview":"max-image-preview:large","max-video-preview":"max-video-preview:-1"},"canonical":"https:\/\/klauskunze.com\/blog\/2020\/03\/03\/hetzjagd-auf-den-rassismus\/","og_locale":"de_DE","og_type":"article","og_title":"Hetzjagd auf den \"Rassismus\" - Klaus Kunze","og_description":"Die Propagandatrommeln dr\u00f6hnen Die Propagandatrommeln dr\u00f6hnen uns t\u00e4glich in den Ohren. Anderthalb Wochen nach den rassistischen Morden in Hanau hat die Bundesregierung erkl\u00e4rt, dass sie das Thema Rassismus und Rechtsextremismus dauerhaft ins Kabinett holen will. Bundeskanzlerin Angela Merkel k\u00fcndigte am Montag nach dem Integrationsgipfel im Kanzleramt die Einrichtung eines Kabinettsausschusses an, der Ma\u00dfnahmen beschlie\u00dfen soll. [&hellip;]","og_url":"https:\/\/klauskunze.com\/blog\/2020\/03\/03\/hetzjagd-auf-den-rassismus\/","og_site_name":"Klaus Kunze","article_published_time":"2020-03-03T15:41:47+00:00","article_modified_time":"2020-03-04T15:51:33+00:00","og_image":[{"width":679,"height":677,"url":"https:\/\/klauskunze.com\/blog\/wp-content\/uploads\/2020\/03\/46518655_208234303415801_2874968154944045056_n-1.jpg","type":"image\/jpeg"}],"author":"Klaus Kunze","twitter_misc":{"Verfasst von":"Klaus Kunze","Gesch\u00e4tzte Lesezeit":"9\u00a0Minuten"},"schema":{"@context":"https:\/\/schema.org","@graph":[{"@type":"Article","@id":"https:\/\/klauskunze.com\/blog\/2020\/03\/03\/hetzjagd-auf-den-rassismus\/#article","isPartOf":{"@id":"https:\/\/klauskunze.com\/blog\/2020\/03\/03\/hetzjagd-auf-den-rassismus\/"},"author":{"name":"Klaus Kunze","@id":"https:\/\/klauskunze.com\/blog\/#\/schema\/person\/9c091cf30ab68b897db6a517e3c3b11b"},"headline":"Hetzjagd auf den &#8222;Rassismus&#8220;","datePublished":"2020-03-03T15:41:47+00:00","dateModified":"2020-03-04T15:51:33+00:00","mainEntityOfPage":{"@id":"https:\/\/klauskunze.com\/blog\/2020\/03\/03\/hetzjagd-auf-den-rassismus\/"},"wordCount":1802,"commentCount":3,"publisher":{"@id":"https:\/\/klauskunze.com\/blog\/#\/schema\/person\/9c091cf30ab68b897db6a517e3c3b11b"},"image":{"@id":"https:\/\/klauskunze.com\/blog\/2020\/03\/03\/hetzjagd-auf-den-rassismus\/#primaryimage"},"thumbnailUrl":"https:\/\/klauskunze.com\/blog\/wp-content\/uploads\/2020\/03\/46518655_208234303415801_2874968154944045056_n-1.jpg","articleSection":{"1":"Philosophie","2":"Politik"},"inLanguage":"de","potentialAction":[{"@type":"CommentAction","name":"Comment","target":["https:\/\/klauskunze.com\/blog\/2020\/03\/03\/hetzjagd-auf-den-rassismus\/#respond"]}]},{"@type":"WebPage","@id":"https:\/\/klauskunze.com\/blog\/2020\/03\/03\/hetzjagd-auf-den-rassismus\/","url":"https:\/\/klauskunze.com\/blog\/2020\/03\/03\/hetzjagd-auf-den-rassismus\/","name":"Hetzjagd auf den \"Rassismus\" - Klaus Kunze","isPartOf":{"@id":"https:\/\/klauskunze.com\/blog\/#website"},"primaryImageOfPage":{"@id":"https:\/\/klauskunze.com\/blog\/2020\/03\/03\/hetzjagd-auf-den-rassismus\/#primaryimage"},"image":{"@id":"https:\/\/klauskunze.com\/blog\/2020\/03\/03\/hetzjagd-auf-den-rassismus\/#primaryimage"},"thumbnailUrl":"https:\/\/klauskunze.com\/blog\/wp-content\/uploads\/2020\/03\/46518655_208234303415801_2874968154944045056_n-1.jpg","datePublished":"2020-03-03T15:41:47+00:00","dateModified":"2020-03-04T15:51:33+00:00","breadcrumb":{"@id":"https:\/\/klauskunze.com\/blog\/2020\/03\/03\/hetzjagd-auf-den-rassismus\/#breadcrumb"},"inLanguage":"de","potentialAction":[{"@type":"ReadAction","target":["https:\/\/klauskunze.com\/blog\/2020\/03\/03\/hetzjagd-auf-den-rassismus\/"]}]},{"@type":"ImageObject","inLanguage":"de","@id":"https:\/\/klauskunze.com\/blog\/2020\/03\/03\/hetzjagd-auf-den-rassismus\/#primaryimage","url":"https:\/\/klauskunze.com\/blog\/wp-content\/uploads\/2020\/03\/46518655_208234303415801_2874968154944045056_n-1.jpg","contentUrl":"https:\/\/klauskunze.com\/blog\/wp-content\/uploads\/2020\/03\/46518655_208234303415801_2874968154944045056_n-1.jpg","width":679,"height":677},{"@type":"BreadcrumbList","@id":"https:\/\/klauskunze.com\/blog\/2020\/03\/03\/hetzjagd-auf-den-rassismus\/#breadcrumb","itemListElement":[{"@type":"ListItem","position":1,"name":"Startseite","item":"https:\/\/klauskunze.com\/blog\/"},{"@type":"ListItem","position":2,"name":"Hetzjagd auf den &#8222;Rassismus&#8220;"}]},{"@type":"WebSite","@id":"https:\/\/klauskunze.com\/blog\/#website","url":"https:\/\/klauskunze.com\/blog\/","name":"Klaus Kunze","description":"Blog","publisher":{"@id":"https:\/\/klauskunze.com\/blog\/#\/schema\/person\/9c091cf30ab68b897db6a517e3c3b11b"},"potentialAction":[{"@type":"SearchAction","target":{"@type":"EntryPoint","urlTemplate":"https:\/\/klauskunze.com\/blog\/?s={search_term_string}"},"query-input":{"@type":"PropertyValueSpecification","valueRequired":true,"valueName":"search_term_string"}}],"inLanguage":"de"},{"@type":["Person","Organization"],"@id":"https:\/\/klauskunze.com\/blog\/#\/schema\/person\/9c091cf30ab68b897db6a517e3c3b11b","name":"Klaus Kunze","image":{"@type":"ImageObject","inLanguage":"de","@id":"https:\/\/secure.gravatar.com\/avatar\/5cd83cadbada9c331a79952fcca177ed3d3be4c7ad3239b9d934bf84adff15dd?s=96&d=blank&r=g","url":"https:\/\/secure.gravatar.com\/avatar\/5cd83cadbada9c331a79952fcca177ed3d3be4c7ad3239b9d934bf84adff15dd?s=96&d=blank&r=g","contentUrl":"https:\/\/secure.gravatar.com\/avatar\/5cd83cadbada9c331a79952fcca177ed3d3be4c7ad3239b9d934bf84adff15dd?s=96&d=blank&r=g","caption":"Klaus Kunze"},"logo":{"@id":"https:\/\/secure.gravatar.com\/avatar\/5cd83cadbada9c331a79952fcca177ed3d3be4c7ad3239b9d934bf84adff15dd?s=96&d=blank&r=g"},"sameAs":["http:\/\/KlausKunze.com","https:\/\/x.com\/https:\/\/twitter.com\/KlausKunze3"]}]}},"post_mailing_queue_ids":[],"_links":{"self":[{"href":"https:\/\/klauskunze.com\/blog\/wp-json\/wp\/v2\/posts\/1711","targetHints":{"allow":["GET"]}}],"collection":[{"href":"https:\/\/klauskunze.com\/blog\/wp-json\/wp\/v2\/posts"}],"about":[{"href":"https:\/\/klauskunze.com\/blog\/wp-json\/wp\/v2\/types\/post"}],"author":[{"embeddable":true,"href":"https:\/\/klauskunze.com\/blog\/wp-json\/wp\/v2\/users\/1"}],"replies":[{"embeddable":true,"href":"https:\/\/klauskunze.com\/blog\/wp-json\/wp\/v2\/comments?post=1711"}],"version-history":[{"count":15,"href":"https:\/\/klauskunze.com\/blog\/wp-json\/wp\/v2\/posts\/1711\/revisions"}],"predecessor-version":[{"id":1740,"href":"https:\/\/klauskunze.com\/blog\/wp-json\/wp\/v2\/posts\/1711\/revisions\/1740"}],"wp:featuredmedia":[{"embeddable":true,"href":"https:\/\/klauskunze.com\/blog\/wp-json\/wp\/v2\/media\/1719"}],"wp:attachment":[{"href":"https:\/\/klauskunze.com\/blog\/wp-json\/wp\/v2\/media?parent=1711"}],"wp:term":[{"taxonomy":"category","embeddable":true,"href":"https:\/\/klauskunze.com\/blog\/wp-json\/wp\/v2\/categories?post=1711"},{"taxonomy":"post_tag","embeddable":true,"href":"https:\/\/klauskunze.com\/blog\/wp-json\/wp\/v2\/tags?post=1711"}],"curies":[{"name":"wp","href":"https:\/\/api.w.org\/{rel}","templated":true}]}}