{"id":1835,"date":"2020-03-15T13:35:33","date_gmt":"2020-03-15T12:35:33","guid":{"rendered":"http:\/\/klauskunze.com\/blog\/?p=1835"},"modified":"2020-03-18T14:37:02","modified_gmt":"2020-03-18T13:37:02","slug":"regierung-der-usa-ihres-amtes-enthoben","status":"publish","type":"post","link":"https:\/\/klauskunze.com\/blog\/2020\/03\/15\/regierung-der-usa-ihres-amtes-enthoben\/","title":{"rendered":"&#8222;Regierung der USA ihres Amtes enthoben&#8220;"},"content":{"rendered":"\n<h1 class=\"has-text-align-center wp-block-heading\">Die historischen Perspektiven einer Pandemie<\/h1>\n\n\n\n<p>Ist die Party vorbei? Nur als Party scheint ein Teil der j\u00fcngeren Generation das Leben verstanden zu haben. Eine ubiquit\u00e4re Eventkultur sp\u00fclte immer wieder den gleichen Typus zusammen, jederzeit zu gr\u00f6\u00dftm\u00f6glichem Am\u00fcsement bereit. Doch nach dem Verdacht weiser alter M\u00e4nner: unf\u00e4hig zum selbst\u00e4ndigen Leben wie zum Sterben, unf\u00e4hig, mit Krisen und Schicksalsschl\u00e4gen umzugehen wie einst die Generationen vor ihnen.<\/p>\n\n\n\n<div class=\"wp-block-image\"><figure class=\"alignright size-large\"><img loading=\"lazy\" decoding=\"async\" width=\"663\" height=\"1024\" src=\"http:\/\/klauskunze.com\/blog\/wp-content\/uploads\/2020\/03\/20200315_115815-663x1024.jpg\" alt=\"\" class=\"wp-image-1838\" srcset=\"https:\/\/klauskunze.com\/blog\/wp-content\/uploads\/2020\/03\/20200315_115815-663x1024.jpg 663w, https:\/\/klauskunze.com\/blog\/wp-content\/uploads\/2020\/03\/20200315_115815-194x300.jpg 194w, https:\/\/klauskunze.com\/blog\/wp-content\/uploads\/2020\/03\/20200315_115815-768x1187.jpg 768w, https:\/\/klauskunze.com\/blog\/wp-content\/uploads\/2020\/03\/20200315_115815-994x1536.jpg 994w, https:\/\/klauskunze.com\/blog\/wp-content\/uploads\/2020\/03\/20200315_115815-1325x2048.jpg 1325w, https:\/\/klauskunze.com\/blog\/wp-content\/uploads\/2020\/03\/20200315_115815-900x1391.jpg 900w, https:\/\/klauskunze.com\/blog\/wp-content\/uploads\/2020\/03\/20200315_115815-1280x1978.jpg 1280w, https:\/\/klauskunze.com\/blog\/wp-content\/uploads\/2020\/03\/20200315_115815-scaled.jpg 1656w\" sizes=\"auto, (max-width: 663px) 100vw, 663px\" \/><figcaption>George R. Stewart malte sich 1950 das Leben nach einer Pandemie aus.<\/figcaption><\/figure><\/div>\n\n\n\n<p>&nbsp;Aus dem Augenblick zu leben wie ein Sommerfalter,\nder nicht an den Winter denkt, ist h\u00e4ufiges Merkmal der Jugend. Verantwortung\ndes Alters ist es, in langfristigen Perspektiven zu denken und die Krise\ngeistig einzuordnen. Irgendwozu mu\u00df es ja gut sein, ein alter, wei\u00dfer Mann zu\nsein. Das Ged\u00e4chtnis alter M\u00e4nner reicht weit zur\u00fcck. Ein schneller Zugriff auf\ndas Ged\u00e4chtnis, ein kurzer Griff in den B\u00fccherschrank:<\/p>\n\n\n\n<p>1947 warnte ein M. Stanley vor einem t\u00f6dlichen Virus, der durch Mutation entstehen und sich schnell weltweit ausbreiten k\u00f6nnte. Die Warnung inspirierte <a href=\"https:\/\/de.wikipedia.org\/wiki\/George_R._Stewart\">George R. Stewart<\/a> zu seinem Roman \u201eEarth Abides\u201c<a href=\"#_ftn1\">[1]<\/a>, der mit der Radiobotschaft beginnt:<\/p>\n\n\n\n<blockquote class=\"wp-block-quote is-layout-flow wp-block-quote-is-layout-flow\"><p>\u201e\u2026 und die Regierung der Vereinigten Staaten von Amerika wird hiermit ihres Amtes enthoben, ausgenommen ist der Distrikt Columbia, als au\u00dferhalb des Notstandsgebietes gelegen. Die Bundesbeamten und -offiziere, einschlie\u00dflich derjenigen der bewaffneten Streitkr\u00e4fte, unterstellen sich der Befehlsgewalt der einzelnen Staaten oder den noch amtierenden \u00f6rtlichen Regierungen und Verwaltungsstellen. Auf Befehl des Regierenden Pr\u00e4sidenten. Gott sch\u00fctze die Bev\u00f6lkerung der Vereinigten Staaten \u2026\u201c<\/p><cite><a href=\"https:\/\/de.wikipedia.org\/wiki\/George_R._Stewart\">George R. Stewart<\/a>, Leben ohne Ende.<\/cite><\/blockquote>\n\n\n\n<div class=\"wp-block-image\"><figure class=\"alignright size-large\"><img loading=\"lazy\" decoding=\"async\" width=\"645\" height=\"1024\" src=\"http:\/\/klauskunze.com\/blog\/wp-content\/uploads\/2020\/03\/20200315_115905-645x1024.jpg\" alt=\"\" class=\"wp-image-1837\" srcset=\"https:\/\/klauskunze.com\/blog\/wp-content\/uploads\/2020\/03\/20200315_115905-645x1024.jpg 645w, https:\/\/klauskunze.com\/blog\/wp-content\/uploads\/2020\/03\/20200315_115905-189x300.jpg 189w, https:\/\/klauskunze.com\/blog\/wp-content\/uploads\/2020\/03\/20200315_115905-768x1219.jpg 768w, https:\/\/klauskunze.com\/blog\/wp-content\/uploads\/2020\/03\/20200315_115905-968x1536.jpg 968w, https:\/\/klauskunze.com\/blog\/wp-content\/uploads\/2020\/03\/20200315_115905-1291x2048.jpg 1291w, https:\/\/klauskunze.com\/blog\/wp-content\/uploads\/2020\/03\/20200315_115905-900x1428.jpg 900w, https:\/\/klauskunze.com\/blog\/wp-content\/uploads\/2020\/03\/20200315_115905-1280x2031.jpg 1280w, https:\/\/klauskunze.com\/blog\/wp-content\/uploads\/2020\/03\/20200315_115905-scaled.jpg 1613w\" sizes=\"auto, (max-width: 645px) 100vw, 645px\" \/><figcaption><a href=\"https:\/\/de.wikipedia.org\/wiki\/George_R._Stewart\">George R. Stewart<\/a>, Earth Abides, 1950<\/figcaption><\/figure><\/div>\n\n\n\n<p>Im Roman sch\u00fctzte er sie\nleider nicht. Weltweit \u00fcberlebte nur etwa einer auf 100000 Menschen die\nVirus-Epidemie. Kultur und Zivilisation brechen vollst\u00e4ndig zusammen. Am Ende\nbilden die Nachkommen der wenigen \u00dcberlebenden eine steinzeitliche\nGesellschaft. Seit ich mir den Roman am 4.2.1970 gekauft hatte, gibt es f\u00fcr\nmich im Ausblick auf die Zukunft kein \u201eunvorstellbares\u201c Seuchengeschehen. <\/p>\n\n\n\n<p>Der Philosoph und Psychiater <a href=\"https:\/\/de.wikipedia.org\/wiki\/Slavoj_%C5%BDi%C5%BEek\">Slavoj \u017di\u017eek<\/a> warnt in der NZZ vom 13.3.2020:<\/p>\n\n\n\n<blockquote class=\"wp-block-quote is-layout-flow wp-block-quote-is-layout-flow\"><p>Der Haken dabei ist, da\u00df die Coronavirus-Epidemie unser Zusammenleben fundamental ver\u00e4ndern wird. Das Leben wird, selbst wenn es am Ende wieder zur Normalit\u00e4t zur\u00fcckkehrt, auf andere Weise normal sein, als wir es vor dem Ausbruch gewohnt waren. [\u2026]<\/p><p>Das ist die verst\u00f6rendste Lektion, die die anhaltende Virus-Epidemie f\u00fcr uns bereith\u00e4lt: Der Mensch ist viel weniger souver\u00e4n, als er denkt. Er tr\u00e4gt weiter, was ihm zugetragen wird. Er spricht und wei\u00df nicht, was er sagt. Er taucht auf \u2013 und irgendwann verschwindet er wieder von der Erdoberfl\u00e4che. Das mu\u00df er aushalten k\u00f6nnen, ohne verr\u00fcckt zu werden.<\/p><cite> <a href=\"https:\/\/de.wikipedia.org\/wiki\/Slavoj_%C5%BDi%C5%BEek\">Slavoj \u017di\u017eek<\/a>, <a href=\"https:\/\/www.nzz.ch\/feuilleton\/coronavirus-der-mensch-wird-nie-mehr-derselbe-gewesen-sein-ld.1546253?mktcid=smch&amp;mktcval=fbpost_2020-03-14&amp;fbclid=IwAR1sHppcD-dfZ02ifqCrgFBmqyQUTlhvfqbMUneMQeg7A0uQ5QW2IWwUKvY\">Der Mensch wird nicht mehr derselbe gewesen sein: Das ist die Lektion, die das Coronavirus f\u00fcr uns bereith\u00e4lt, NZZ 13.3.2020<\/a> <\/cite><\/blockquote>\n\n\n\n<p>Auch der Blick in die Vergangenheit zeigt die heftigen gesellschaftlichen und weltgeschichtlichen Ver\u00e4nderungen, die etwa eine Seuche wie die Pest in Europa erzeugt hatte. Bedauernswerte Kinder, deren historischer R\u00fcckblick in der Schule nur bis 1933 reicht, weil alles Fr\u00fchere \u201egesellschaftlich nicht relevant\u201c zu sein schien.<\/p>\n\n\n\n<figure class=\"wp-block-image alignwide size-large\"><img loading=\"lazy\" decoding=\"async\" width=\"1024\" height=\"691\" src=\"http:\/\/klauskunze.com\/blog\/wp-content\/uploads\/2020\/03\/tot-1024x691.jpg\" alt=\"\" class=\"wp-image-1839\" srcset=\"https:\/\/klauskunze.com\/blog\/wp-content\/uploads\/2020\/03\/tot-1024x691.jpg 1024w, https:\/\/klauskunze.com\/blog\/wp-content\/uploads\/2020\/03\/tot-300x202.jpg 300w, https:\/\/klauskunze.com\/blog\/wp-content\/uploads\/2020\/03\/tot-768x518.jpg 768w, https:\/\/klauskunze.com\/blog\/wp-content\/uploads\/2020\/03\/tot-1536x1037.jpg 1536w, https:\/\/klauskunze.com\/blog\/wp-content\/uploads\/2020\/03\/tot-2048x1382.jpg 2048w, https:\/\/klauskunze.com\/blog\/wp-content\/uploads\/2020\/03\/tot-900x607.jpg 900w, https:\/\/klauskunze.com\/blog\/wp-content\/uploads\/2020\/03\/tot-1280x864.jpg 1280w\" sizes=\"auto, (max-width: 1024px) 100vw, 1024px\" \/><figcaption> Die Jungfrau im L\u00fcbecker Totentanz <br> Fresko in der Marienkirche in L\u00fcbeck, 1463<a href=\"http:\/\/klauskunze.com\/blog\/wp-admin\/post.php?post=1835&amp;action=edit#_edn1\">[i]<\/a>, zwei Jahre nach einer Pestwelle von 1461 <\/figcaption><\/figure>\n\n\n\n<p>1348-1349 w\u00fctete die Pest in Deutschland. Ein F\u00fcnftel der Deutschen starb schon bei ihrer ersten Welle einen schnellen Tod. Die \u00dcberlebenden waren bis ins Mark ersch\u00fcttert. Sie verzweifelten an Gott und der Welt. Lebensgier und Todesangst griffen um sich, die Sitten wurden ungebundener. Das zeigte sich auch in der Erotisierung der Kleidung und der Zunahme von Konkubinat und Prostitution, Hexenglauben und zauberischen Praktiken<a href=\"#_edn2\">[ii]<\/a>. Manche flohen betend ins mentale Jenseits, die meisten aber in vergn\u00fcgten sich in fr\u00f6hlichem Taumel der Sinne und L\u00fcste. Sie hatten gelernt: Jeder Tag konnte der letzte sein. In seiner Rahmenhandlung zu den Novellen im <em>Dekamerone<\/em> schildert uns der Zeitzeuge <a href=\"https:\/\/de.wikipedia.org\/wiki\/Giovanni_Boccaccio\">Giovanni Boccaccio<\/a> (1313-1375) aufs eindrucksvollste, wie Gesetz, Ordnung und Moral im von der Pest heimgesuchten Florenz 1348 zusammenbrachen. Geistig begann der Epochenwechsel vom Mittelalter zur Neuzeit schon unter dem Eindruck dieses Zivilisationszusammenbruchs von 1348 und in den Folgejahren, nicht erst um 1500.<a href=\"#_ftn2\">[2]<\/a><\/p>\n\n\n\n<blockquote class=\"wp-block-quote is-layout-flow wp-block-quote-is-layout-flow\"><p>Einige waren der Meinung, ein m\u00e4\u00dfiges Leben, frei  von jeder \u00dcppigkeit, verm\u00f6ge die Widerstandskraft besonders zu st\u00e4rken.  Diese taten sich in kleineren Kreisen zusammen und lebten, getrennt von  den \u00fcbrigen, abgesondert in ihren H\u00e4usern, wo sich kein Kranker befand,  beieinander. Hier genossen sie die feinsten Speisen und die  ausgew\u00e4hltesten Weine mit gro\u00dfer M\u00e4\u00dfigkeit und erg\u00f6tzten sich, jede  Ausschweifung vermeidend, mit Musik und anderen Vergn\u00fcgungen, die ihnen  zu Gebote standen, ohne sich dabei von jemand sprechen zu lassen oder  sich um etwas, das au\u00dferhalb ihrer Wohnung vorging, um Krankheit oder  Tod zu k\u00fcmmern.<\/p><p>Andere aber waren der entgegengesetzten Meinung  zugetan und versicherten, viel zu trinken, gut zu leben, mit Gesang und  Scherz umherzugehen, in allen Dingen, soweit es sich tun lie\u00dfe, seine  Lust zu befriedigen und \u00fcber jedes Ereignis zu lachen und zu spa\u00dfen, sei  das sicherste Heilmittel f\u00fcr ein solches \u00dcbel. Diese verwirklichten  denn auch ihre Reden nach Kr\u00e4ften. Bei Nacht wie bei Tag zogen sie bald  in diese, bald in jene Schenke, tranken ohne Ma\u00df und Ziel und taten dies  alles in fremden H\u00e4usern noch weit \u00e4rger, ohne dabei nach etwas anderem  zu fragen als, ob dort zu finden sei, was ihnen zu Lust und Genu\u00df  dienen konnte. <\/p><cite><a href=\"https:\/\/de.wikipedia.org\/wiki\/Giovanni_Boccaccio\">Giovanni Boccaccio<\/a>, Dekamerone, Einleitung<\/cite><\/blockquote>\n\n\n\n<p>Erscheinungen wie heute fr\u00f6hliche Corona-Parties gab es also schon vor 700 Jahren. Doch die Zeit der Parties ist zun\u00e4chst einmal vorbei. Wie langfristig Einstellungs\u00e4nderungen sich auswirken werden, wird davon abh\u00e4ngen, ob Corona uns nur eine neue Art Grippe bringen wird, die saisonal ihre Opfer fordert, oder ob die Menschheit den Virus nicht in den Griff bekommen wird wie die Pest im Mittelalter. Dann wird es vielleicht der n\u00e4chste, noch effektivere Virus sein. <\/p>\n\n\n\n<h2 class=\"has-text-align-center wp-block-heading\">Wenn das Sein das Bewu\u00dftsein bestimmt<\/h2>\n\n\n\n<p>Es kann nicht ohne Einflu\u00df auf\nlangfristige Verhaltensweisen bleiben, wenn die Menschen voneinander abr\u00fccken\nm\u00fcssen. Ab sofort sind Swinger-Clubs geschlossen. Auch das sexuell freiz\u00fcgige\nMittelalter endete nach der Pest:<\/p>\n\n\n\n<p>Wie einem historischen Gesetz folgend\ngab es in Deutschland kulturelle Bl\u00fctezeiten und v\u00f6llige Zusammenbr\u00fcche mit\nmassenhaftem Sterben: 1348, 1648, 1948, alle 300 Jahre. 1348 beendete die Pest\ndas bl\u00fchende Hochmittelalter. Das Jahr 1648 lie\u00df die Renaissance&nbsp;vergessen und setzte den Schlu\u00dfpunkt unter den\n30j\u00e4hrigen\nKrieg. 1948 zerst\u00f6rte das Land vollst\u00e4ndig und hinterlie\u00df Millionen Tote. Jede\ndieser drei Jahreszahlen markiert einen mentalen Umbruch, und zwar immer nach\ndemselben Schema: auf Massensterben folgte eine moralisch lockere Zeit: sexuell\ndas ausschweifende Sp\u00e4tmittelalter auf die Pest 1348, das frivole 18.\nJahrhundert auf den 30j\u00e4hrigen Krieg und die sexuelle Revolution der 1968er\nJahre auf den 2. Weltkrieg. Und bisher jedesmal wandten sich sp\u00e4ter\nnachfolgende Generationen entsetzt von der &#8222;Sittenlosigkeit&#8220; ab. Der\nMoralpegel stieg wieder an. Dem &#8222;puritanische Moraldruck&#8220; am Ende des\nb\u00fcrgerlichen Zeitalters um 1900 galten selbst &#8222;nackte&#8220; Tischbeine als\nobsz\u00f6n, weil sie &#8222;zu gewagtesten Phantasien Anla\u00df&#8220; geben k\u00f6nnten<a href=\"#_edn3\">[iii]<\/a>.<a href=\"#_ftn3\">[3]<\/a>\n<\/p>\n\n\n\n<p>Immer gingen geisesgeschichtlichen\nUmschw\u00fcngen wie einer pl\u00f6tzlichen Moralisierung des Lebens gravierende\nVer\u00e4nderungen der realen Lebensverh\u00e4ltnisse voraus. Es spricht nichts daf\u00fcr,\nda\u00df die uns jetzt aufgezwungene \u00c4nderung unserer realen Lebensverh\u00e4ltnisse ohne\nEinflu\u00df auf unsere mentale Landkarte haben wird. <\/p>\n\n\n\n<blockquote class=\"wp-block-quote is-layout-flow wp-block-quote-is-layout-flow\"><p>Dinge, die wir gew\u00f6hnlich als Teil unseres Alltags erlebt haben, werden nicht mehr als normal gelten; wir werden gelernt haben, ein weit zerbrechlicheres Leben mit st\u00e4ndigen Bedrohungen zu f\u00fchren. Wir werden unsere gesamte Einstellung gegen\u00fcber dem Leben anpassen \u2013 gegen\u00fcber unserer Existenz als Lebewesen inmitten anderer Lebensformen. Anders gesagt: Wenn wir Philosophie als Bezeichnung f\u00fcr unsere Grundorientierung im Leben verstehen, werden wir eine echte philosophische Revolution erfahren. Wir werden nach Corona anders \u00fcber uns selbst denken als zuvor.<\/p><cite> Slavoj \u017di\u017eek, Der Mensch wird nicht mehr derselbe gewesen sein: Das ist  die Lektion, die das Coronavirus f\u00fcr uns bereith\u00e4lt, NZZ 13.3.2020 <\/cite><\/blockquote>\n\n\n\n<p>Gegenw\u00e4rtig stellt die Corona-Krise vor allem ein\nhohes Risikopotential f\u00fcr jede Art von Kosmopolitismus dar. Nach allen Seiten\noffene Grenzen und die potentiell freie Austauschbarkeit von Menschen sind eine\nFunktionsbedingung jener Art von \u201eOne World\u201c, die Wohlstand und Eud\u00e4monie f\u00fcr\nalle verspricht. Was den Wohlstand derer betrifft, die das n\u00f6tige Kapital dazu\nhaben, Menschen global wie Monopoly-Figuren hin und her zu schieben, ist dieses\nVersprechen bereits eingel\u00f6st.<\/p>\n\n\n\n<p>So wundert es nicht, da\u00df die Berichterstattung des Claus-Kleber-ZdF sich weniger um die Gesundheit konkreter Menschen zu sorgen scheint als um das Prinzip der offenen Grenzen. Wes Brot ich e\u00df, des\u2018 Lied ich sing. Sobald das Brot aufgegessen sein wird, werden solche V\u00f6gel ein anderes Lied singen.<br><\/p>\n\n\n\n<hr class=\"wp-block-separator\"\/>\n\n\n\n<p><a href=\"#_ftnref1\">[1]<\/a>\nDeutsche Fassung: Leben ohne Ende, bei Heyne, M\u00fcnchen 1966.<\/p>\n\n\n\n<p><a href=\"#_ftnref2\">[2]<\/a>\nDieser Textabsatz ist entnommen meinem Buch \u201eDas ewig Weibliche\u201c, 2019, S.107\nff.<\/p>\n\n\n\n<p><a href=\"#_ftnref3\">[3]<\/a>\nDieser Absatz vollst\u00e4ndig aus meinem Buch \u201eDas ewig Weibliche\u201c, S.227.<br><\/p>\n\n\n\n<hr class=\"wp-block-separator\"\/>\n\n\n\n<p><a href=\"#_ednref1\">[i]<\/a> Das Fresko wurde am\n29.3.1942 durch Luftangriff vernichtet, Abbildung hier nach Abzeichnung von\nCarl Julius Milde 1852.<\/p>\n\n\n\n<p><a href=\"#_ednref2\">[ii]<\/a> Edith Ennen S.240.<\/p>\n\n\n\n<p><a href=\"#_ednref3\">[iii]<\/a> Thomas Huonker, Vorwort zur Neuausgabe von 1985\nvon: Fuchs, Illustrierte Sittengeschichte,\nBd.I 1, S.12.<\/p>\n","protected":false},"excerpt":{"rendered":"<p>Die historischen Perspektiven einer Pandemie Ist die Party vorbei? Nur als Party scheint ein Teil der j\u00fcngeren Generation das Leben verstanden zu haben. Eine ubiquit\u00e4re Eventkultur sp\u00fclte immer wieder den gleichen Typus zusammen, jederzeit zu gr\u00f6\u00dftm\u00f6glichem Am\u00fcsement bereit. Doch nach dem Verdacht weiser alter M\u00e4nner: unf\u00e4hig zum selbst\u00e4ndigen Leben wie zum Sterben, unf\u00e4hig, mit Krisen [&hellip;]<\/p>\n","protected":false},"author":1,"featured_media":1839,"comment_status":"open","ping_status":"open","sticky":false,"template":"","format":"standard","meta":{"h5ap_radio_sources":[],"twitterCardType":"","cardImageID":0,"cardImage":"","cardTitle":"","cardDesc":"","cardImageAlt":"","cardPlayer":"","cardPlayerWidth":0,"cardPlayerHeight":0,"cardPlayerStream":"","cardPlayerCodec":"","footnotes":""},"categories":[1,13,17],"tags":[],"class_list":["post-1835","post","type-post","status-publish","format-standard","has-post-thumbnail","hentry","category-allgemein","category-geschichte","category-politik"],"yoast_head":"<!-- This site is optimized with the Yoast SEO plugin v27.5 - https:\/\/yoast.com\/product\/yoast-seo-wordpress\/ -->\n<title>&quot;Regierung der USA ihres Amtes enthoben&quot; - Klaus Kunze<\/title>\n<meta name=\"robots\" content=\"index, follow, max-snippet:-1, max-image-preview:large, max-video-preview:-1\" \/>\n<link rel=\"canonical\" href=\"https:\/\/klauskunze.com\/blog\/2020\/03\/15\/regierung-der-usa-ihres-amtes-enthoben\/\" \/>\n<meta property=\"og:locale\" content=\"de_DE\" \/>\n<meta property=\"og:type\" content=\"article\" \/>\n<meta property=\"og:title\" content=\"&quot;Regierung der USA ihres Amtes enthoben&quot; - Klaus Kunze\" \/>\n<meta property=\"og:description\" content=\"Die historischen Perspektiven einer Pandemie Ist die Party vorbei? Nur als Party scheint ein Teil der j\u00fcngeren Generation das Leben verstanden zu haben. Eine ubiquit\u00e4re Eventkultur sp\u00fclte immer wieder den gleichen Typus zusammen, jederzeit zu gr\u00f6\u00dftm\u00f6glichem Am\u00fcsement bereit. Doch nach dem Verdacht weiser alter M\u00e4nner: unf\u00e4hig zum selbst\u00e4ndigen Leben wie zum Sterben, unf\u00e4hig, mit Krisen [&hellip;]\" \/>\n<meta property=\"og:url\" content=\"https:\/\/klauskunze.com\/blog\/2020\/03\/15\/regierung-der-usa-ihres-amtes-enthoben\/\" \/>\n<meta property=\"og:site_name\" content=\"Klaus Kunze\" \/>\n<meta property=\"article:published_time\" content=\"2020-03-15T12:35:33+00:00\" \/>\n<meta property=\"article:modified_time\" content=\"2020-03-18T13:37:02+00:00\" \/>\n<meta property=\"og:image\" content=\"https:\/\/klauskunze.com\/blog\/wp-content\/uploads\/2020\/03\/tot-scaled.jpg\" \/>\n\t<meta property=\"og:image:width\" content=\"2560\" \/>\n\t<meta property=\"og:image:height\" content=\"1728\" \/>\n\t<meta property=\"og:image:type\" content=\"image\/jpeg\" \/>\n<meta name=\"author\" content=\"Klaus Kunze\" \/>\n<meta name=\"twitter:label1\" content=\"Verfasst von\" \/>\n\t<meta name=\"twitter:data1\" content=\"Klaus Kunze\" \/>\n\t<meta name=\"twitter:label2\" content=\"Gesch\u00e4tzte Lesezeit\" \/>\n\t<meta name=\"twitter:data2\" content=\"8\u00a0Minuten\" \/>\n<script type=\"application\/ld+json\" class=\"yoast-schema-graph\">{\"@context\":\"https:\\\/\\\/schema.org\",\"@graph\":[{\"@type\":\"Article\",\"@id\":\"https:\\\/\\\/klauskunze.com\\\/blog\\\/2020\\\/03\\\/15\\\/regierung-der-usa-ihres-amtes-enthoben\\\/#article\",\"isPartOf\":{\"@id\":\"https:\\\/\\\/klauskunze.com\\\/blog\\\/2020\\\/03\\\/15\\\/regierung-der-usa-ihres-amtes-enthoben\\\/\"},\"author\":{\"name\":\"Klaus Kunze\",\"@id\":\"https:\\\/\\\/klauskunze.com\\\/blog\\\/#\\\/schema\\\/person\\\/9c091cf30ab68b897db6a517e3c3b11b\"},\"headline\":\"&#8222;Regierung der USA ihres Amtes enthoben&#8220;\",\"datePublished\":\"2020-03-15T12:35:33+00:00\",\"dateModified\":\"2020-03-18T13:37:02+00:00\",\"mainEntityOfPage\":{\"@id\":\"https:\\\/\\\/klauskunze.com\\\/blog\\\/2020\\\/03\\\/15\\\/regierung-der-usa-ihres-amtes-enthoben\\\/\"},\"wordCount\":1508,\"commentCount\":2,\"publisher\":{\"@id\":\"https:\\\/\\\/klauskunze.com\\\/blog\\\/#\\\/schema\\\/person\\\/9c091cf30ab68b897db6a517e3c3b11b\"},\"image\":{\"@id\":\"https:\\\/\\\/klauskunze.com\\\/blog\\\/2020\\\/03\\\/15\\\/regierung-der-usa-ihres-amtes-enthoben\\\/#primaryimage\"},\"thumbnailUrl\":\"https:\\\/\\\/klauskunze.com\\\/blog\\\/wp-content\\\/uploads\\\/2020\\\/03\\\/tot-scaled.jpg\",\"articleSection\":{\"1\":\"Geschichte\",\"2\":\"Politik\"},\"inLanguage\":\"de\",\"potentialAction\":[{\"@type\":\"CommentAction\",\"name\":\"Comment\",\"target\":[\"https:\\\/\\\/klauskunze.com\\\/blog\\\/2020\\\/03\\\/15\\\/regierung-der-usa-ihres-amtes-enthoben\\\/#respond\"]}]},{\"@type\":\"WebPage\",\"@id\":\"https:\\\/\\\/klauskunze.com\\\/blog\\\/2020\\\/03\\\/15\\\/regierung-der-usa-ihres-amtes-enthoben\\\/\",\"url\":\"https:\\\/\\\/klauskunze.com\\\/blog\\\/2020\\\/03\\\/15\\\/regierung-der-usa-ihres-amtes-enthoben\\\/\",\"name\":\"\\\"Regierung der USA ihres Amtes enthoben\\\" - Klaus Kunze\",\"isPartOf\":{\"@id\":\"https:\\\/\\\/klauskunze.com\\\/blog\\\/#website\"},\"primaryImageOfPage\":{\"@id\":\"https:\\\/\\\/klauskunze.com\\\/blog\\\/2020\\\/03\\\/15\\\/regierung-der-usa-ihres-amtes-enthoben\\\/#primaryimage\"},\"image\":{\"@id\":\"https:\\\/\\\/klauskunze.com\\\/blog\\\/2020\\\/03\\\/15\\\/regierung-der-usa-ihres-amtes-enthoben\\\/#primaryimage\"},\"thumbnailUrl\":\"https:\\\/\\\/klauskunze.com\\\/blog\\\/wp-content\\\/uploads\\\/2020\\\/03\\\/tot-scaled.jpg\",\"datePublished\":\"2020-03-15T12:35:33+00:00\",\"dateModified\":\"2020-03-18T13:37:02+00:00\",\"breadcrumb\":{\"@id\":\"https:\\\/\\\/klauskunze.com\\\/blog\\\/2020\\\/03\\\/15\\\/regierung-der-usa-ihres-amtes-enthoben\\\/#breadcrumb\"},\"inLanguage\":\"de\",\"potentialAction\":[{\"@type\":\"ReadAction\",\"target\":[\"https:\\\/\\\/klauskunze.com\\\/blog\\\/2020\\\/03\\\/15\\\/regierung-der-usa-ihres-amtes-enthoben\\\/\"]}]},{\"@type\":\"ImageObject\",\"inLanguage\":\"de\",\"@id\":\"https:\\\/\\\/klauskunze.com\\\/blog\\\/2020\\\/03\\\/15\\\/regierung-der-usa-ihres-amtes-enthoben\\\/#primaryimage\",\"url\":\"https:\\\/\\\/klauskunze.com\\\/blog\\\/wp-content\\\/uploads\\\/2020\\\/03\\\/tot-scaled.jpg\",\"contentUrl\":\"https:\\\/\\\/klauskunze.com\\\/blog\\\/wp-content\\\/uploads\\\/2020\\\/03\\\/tot-scaled.jpg\",\"width\":2560,\"height\":1728},{\"@type\":\"BreadcrumbList\",\"@id\":\"https:\\\/\\\/klauskunze.com\\\/blog\\\/2020\\\/03\\\/15\\\/regierung-der-usa-ihres-amtes-enthoben\\\/#breadcrumb\",\"itemListElement\":[{\"@type\":\"ListItem\",\"position\":1,\"name\":\"Startseite\",\"item\":\"https:\\\/\\\/klauskunze.com\\\/blog\\\/\"},{\"@type\":\"ListItem\",\"position\":2,\"name\":\"&#8222;Regierung der USA ihres Amtes enthoben&#8220;\"}]},{\"@type\":\"WebSite\",\"@id\":\"https:\\\/\\\/klauskunze.com\\\/blog\\\/#website\",\"url\":\"https:\\\/\\\/klauskunze.com\\\/blog\\\/\",\"name\":\"Klaus Kunze\",\"description\":\"Blog\",\"publisher\":{\"@id\":\"https:\\\/\\\/klauskunze.com\\\/blog\\\/#\\\/schema\\\/person\\\/9c091cf30ab68b897db6a517e3c3b11b\"},\"potentialAction\":[{\"@type\":\"SearchAction\",\"target\":{\"@type\":\"EntryPoint\",\"urlTemplate\":\"https:\\\/\\\/klauskunze.com\\\/blog\\\/?s={search_term_string}\"},\"query-input\":{\"@type\":\"PropertyValueSpecification\",\"valueRequired\":true,\"valueName\":\"search_term_string\"}}],\"inLanguage\":\"de\"},{\"@type\":[\"Person\",\"Organization\"],\"@id\":\"https:\\\/\\\/klauskunze.com\\\/blog\\\/#\\\/schema\\\/person\\\/9c091cf30ab68b897db6a517e3c3b11b\",\"name\":\"Klaus Kunze\",\"image\":{\"@type\":\"ImageObject\",\"inLanguage\":\"de\",\"@id\":\"https:\\\/\\\/secure.gravatar.com\\\/avatar\\\/5cd83cadbada9c331a79952fcca177ed3d3be4c7ad3239b9d934bf84adff15dd?s=96&d=blank&r=g\",\"url\":\"https:\\\/\\\/secure.gravatar.com\\\/avatar\\\/5cd83cadbada9c331a79952fcca177ed3d3be4c7ad3239b9d934bf84adff15dd?s=96&d=blank&r=g\",\"contentUrl\":\"https:\\\/\\\/secure.gravatar.com\\\/avatar\\\/5cd83cadbada9c331a79952fcca177ed3d3be4c7ad3239b9d934bf84adff15dd?s=96&d=blank&r=g\",\"caption\":\"Klaus Kunze\"},\"logo\":{\"@id\":\"https:\\\/\\\/secure.gravatar.com\\\/avatar\\\/5cd83cadbada9c331a79952fcca177ed3d3be4c7ad3239b9d934bf84adff15dd?s=96&d=blank&r=g\"},\"sameAs\":[\"http:\\\/\\\/KlausKunze.com\",\"https:\\\/\\\/x.com\\\/https:\\\/\\\/twitter.com\\\/KlausKunze3\"]}]}<\/script>\n<!-- \/ Yoast SEO plugin. -->","yoast_head_json":{"title":"\"Regierung der USA ihres Amtes enthoben\" - Klaus Kunze","robots":{"index":"index","follow":"follow","max-snippet":"max-snippet:-1","max-image-preview":"max-image-preview:large","max-video-preview":"max-video-preview:-1"},"canonical":"https:\/\/klauskunze.com\/blog\/2020\/03\/15\/regierung-der-usa-ihres-amtes-enthoben\/","og_locale":"de_DE","og_type":"article","og_title":"\"Regierung der USA ihres Amtes enthoben\" - Klaus Kunze","og_description":"Die historischen Perspektiven einer Pandemie Ist die Party vorbei? Nur als Party scheint ein Teil der j\u00fcngeren Generation das Leben verstanden zu haben. Eine ubiquit\u00e4re Eventkultur sp\u00fclte immer wieder den gleichen Typus zusammen, jederzeit zu gr\u00f6\u00dftm\u00f6glichem Am\u00fcsement bereit. Doch nach dem Verdacht weiser alter M\u00e4nner: unf\u00e4hig zum selbst\u00e4ndigen Leben wie zum Sterben, unf\u00e4hig, mit Krisen [&hellip;]","og_url":"https:\/\/klauskunze.com\/blog\/2020\/03\/15\/regierung-der-usa-ihres-amtes-enthoben\/","og_site_name":"Klaus Kunze","article_published_time":"2020-03-15T12:35:33+00:00","article_modified_time":"2020-03-18T13:37:02+00:00","og_image":[{"width":2560,"height":1728,"url":"https:\/\/klauskunze.com\/blog\/wp-content\/uploads\/2020\/03\/tot-scaled.jpg","type":"image\/jpeg"}],"author":"Klaus Kunze","twitter_misc":{"Verfasst von":"Klaus Kunze","Gesch\u00e4tzte Lesezeit":"8\u00a0Minuten"},"schema":{"@context":"https:\/\/schema.org","@graph":[{"@type":"Article","@id":"https:\/\/klauskunze.com\/blog\/2020\/03\/15\/regierung-der-usa-ihres-amtes-enthoben\/#article","isPartOf":{"@id":"https:\/\/klauskunze.com\/blog\/2020\/03\/15\/regierung-der-usa-ihres-amtes-enthoben\/"},"author":{"name":"Klaus Kunze","@id":"https:\/\/klauskunze.com\/blog\/#\/schema\/person\/9c091cf30ab68b897db6a517e3c3b11b"},"headline":"&#8222;Regierung der USA ihres Amtes enthoben&#8220;","datePublished":"2020-03-15T12:35:33+00:00","dateModified":"2020-03-18T13:37:02+00:00","mainEntityOfPage":{"@id":"https:\/\/klauskunze.com\/blog\/2020\/03\/15\/regierung-der-usa-ihres-amtes-enthoben\/"},"wordCount":1508,"commentCount":2,"publisher":{"@id":"https:\/\/klauskunze.com\/blog\/#\/schema\/person\/9c091cf30ab68b897db6a517e3c3b11b"},"image":{"@id":"https:\/\/klauskunze.com\/blog\/2020\/03\/15\/regierung-der-usa-ihres-amtes-enthoben\/#primaryimage"},"thumbnailUrl":"https:\/\/klauskunze.com\/blog\/wp-content\/uploads\/2020\/03\/tot-scaled.jpg","articleSection":{"1":"Geschichte","2":"Politik"},"inLanguage":"de","potentialAction":[{"@type":"CommentAction","name":"Comment","target":["https:\/\/klauskunze.com\/blog\/2020\/03\/15\/regierung-der-usa-ihres-amtes-enthoben\/#respond"]}]},{"@type":"WebPage","@id":"https:\/\/klauskunze.com\/blog\/2020\/03\/15\/regierung-der-usa-ihres-amtes-enthoben\/","url":"https:\/\/klauskunze.com\/blog\/2020\/03\/15\/regierung-der-usa-ihres-amtes-enthoben\/","name":"\"Regierung der USA ihres Amtes enthoben\" - Klaus Kunze","isPartOf":{"@id":"https:\/\/klauskunze.com\/blog\/#website"},"primaryImageOfPage":{"@id":"https:\/\/klauskunze.com\/blog\/2020\/03\/15\/regierung-der-usa-ihres-amtes-enthoben\/#primaryimage"},"image":{"@id":"https:\/\/klauskunze.com\/blog\/2020\/03\/15\/regierung-der-usa-ihres-amtes-enthoben\/#primaryimage"},"thumbnailUrl":"https:\/\/klauskunze.com\/blog\/wp-content\/uploads\/2020\/03\/tot-scaled.jpg","datePublished":"2020-03-15T12:35:33+00:00","dateModified":"2020-03-18T13:37:02+00:00","breadcrumb":{"@id":"https:\/\/klauskunze.com\/blog\/2020\/03\/15\/regierung-der-usa-ihres-amtes-enthoben\/#breadcrumb"},"inLanguage":"de","potentialAction":[{"@type":"ReadAction","target":["https:\/\/klauskunze.com\/blog\/2020\/03\/15\/regierung-der-usa-ihres-amtes-enthoben\/"]}]},{"@type":"ImageObject","inLanguage":"de","@id":"https:\/\/klauskunze.com\/blog\/2020\/03\/15\/regierung-der-usa-ihres-amtes-enthoben\/#primaryimage","url":"https:\/\/klauskunze.com\/blog\/wp-content\/uploads\/2020\/03\/tot-scaled.jpg","contentUrl":"https:\/\/klauskunze.com\/blog\/wp-content\/uploads\/2020\/03\/tot-scaled.jpg","width":2560,"height":1728},{"@type":"BreadcrumbList","@id":"https:\/\/klauskunze.com\/blog\/2020\/03\/15\/regierung-der-usa-ihres-amtes-enthoben\/#breadcrumb","itemListElement":[{"@type":"ListItem","position":1,"name":"Startseite","item":"https:\/\/klauskunze.com\/blog\/"},{"@type":"ListItem","position":2,"name":"&#8222;Regierung der USA ihres Amtes enthoben&#8220;"}]},{"@type":"WebSite","@id":"https:\/\/klauskunze.com\/blog\/#website","url":"https:\/\/klauskunze.com\/blog\/","name":"Klaus Kunze","description":"Blog","publisher":{"@id":"https:\/\/klauskunze.com\/blog\/#\/schema\/person\/9c091cf30ab68b897db6a517e3c3b11b"},"potentialAction":[{"@type":"SearchAction","target":{"@type":"EntryPoint","urlTemplate":"https:\/\/klauskunze.com\/blog\/?s={search_term_string}"},"query-input":{"@type":"PropertyValueSpecification","valueRequired":true,"valueName":"search_term_string"}}],"inLanguage":"de"},{"@type":["Person","Organization"],"@id":"https:\/\/klauskunze.com\/blog\/#\/schema\/person\/9c091cf30ab68b897db6a517e3c3b11b","name":"Klaus Kunze","image":{"@type":"ImageObject","inLanguage":"de","@id":"https:\/\/secure.gravatar.com\/avatar\/5cd83cadbada9c331a79952fcca177ed3d3be4c7ad3239b9d934bf84adff15dd?s=96&d=blank&r=g","url":"https:\/\/secure.gravatar.com\/avatar\/5cd83cadbada9c331a79952fcca177ed3d3be4c7ad3239b9d934bf84adff15dd?s=96&d=blank&r=g","contentUrl":"https:\/\/secure.gravatar.com\/avatar\/5cd83cadbada9c331a79952fcca177ed3d3be4c7ad3239b9d934bf84adff15dd?s=96&d=blank&r=g","caption":"Klaus Kunze"},"logo":{"@id":"https:\/\/secure.gravatar.com\/avatar\/5cd83cadbada9c331a79952fcca177ed3d3be4c7ad3239b9d934bf84adff15dd?s=96&d=blank&r=g"},"sameAs":["http:\/\/KlausKunze.com","https:\/\/x.com\/https:\/\/twitter.com\/KlausKunze3"]}]}},"post_mailing_queue_ids":[],"_links":{"self":[{"href":"https:\/\/klauskunze.com\/blog\/wp-json\/wp\/v2\/posts\/1835","targetHints":{"allow":["GET"]}}],"collection":[{"href":"https:\/\/klauskunze.com\/blog\/wp-json\/wp\/v2\/posts"}],"about":[{"href":"https:\/\/klauskunze.com\/blog\/wp-json\/wp\/v2\/types\/post"}],"author":[{"embeddable":true,"href":"https:\/\/klauskunze.com\/blog\/wp-json\/wp\/v2\/users\/1"}],"replies":[{"embeddable":true,"href":"https:\/\/klauskunze.com\/blog\/wp-json\/wp\/v2\/comments?post=1835"}],"version-history":[{"count":20,"href":"https:\/\/klauskunze.com\/blog\/wp-json\/wp\/v2\/posts\/1835\/revisions"}],"predecessor-version":[{"id":1880,"href":"https:\/\/klauskunze.com\/blog\/wp-json\/wp\/v2\/posts\/1835\/revisions\/1880"}],"wp:featuredmedia":[{"embeddable":true,"href":"https:\/\/klauskunze.com\/blog\/wp-json\/wp\/v2\/media\/1839"}],"wp:attachment":[{"href":"https:\/\/klauskunze.com\/blog\/wp-json\/wp\/v2\/media?parent=1835"}],"wp:term":[{"taxonomy":"category","embeddable":true,"href":"https:\/\/klauskunze.com\/blog\/wp-json\/wp\/v2\/categories?post=1835"},{"taxonomy":"post_tag","embeddable":true,"href":"https:\/\/klauskunze.com\/blog\/wp-json\/wp\/v2\/tags?post=1835"}],"curies":[{"name":"wp","href":"https:\/\/api.w.org\/{rel}","templated":true}]}}