{"id":1869,"date":"2020-03-18T12:41:34","date_gmt":"2020-03-18T11:41:34","guid":{"rendered":"http:\/\/klauskunze.com\/blog\/?p=1869"},"modified":"2020-03-18T20:14:49","modified_gmt":"2020-03-18T19:14:49","slug":"in-der-quarantaene-waechst-zusammen-was-zusammengehoert","status":"publish","type":"post","link":"https:\/\/klauskunze.com\/blog\/2020\/03\/18\/in-der-quarantaene-waechst-zusammen-was-zusammengehoert\/","title":{"rendered":"In der Quarant\u00e4ne &#8222;w\u00e4chst zusammen, was zusammengeh\u00f6rt&#8220;"},"content":{"rendered":"\n<h3 class=\"wp-block-heading\">Zusammengeh\u00f6rigkeit in Zeiten der Coronoa-Seuche<\/h3>\n\n\n\n<p>Da sitzen sie jetzt\noder bald millionenfach in ihren Wohnungen beisammen: Vater, Mutter und die\nKinder. Die klassischen Familien eben, durch \u00f6ffentliche Verbote nach Hause\nverbannt. Das \u00f6ffentliche Leben kommt zum Erliegen. Wer nicht systemrelevant\narbeiten mu\u00df, sieht die eigenen vier W\u00e4nde und immer dieselben Nasen.<\/p>\n\n\n\n<p>Nicht jeder: Alleinstehende sehen vielleicht immer nur ein und dieselbe Nase, n\u00e4mlich beim Blick in den Spiegel. Im Freien darf man von Ferne noch anderen Leuten zuwinken. Die Prognosen des Seuchengeschehens erlauben nicht die Hoffung, der Spuk werde schnell vor\u00fcbergehen.<\/p>\n\n\n\n<figure class=\"wp-block-image size-large\"><img loading=\"lazy\" decoding=\"async\" width=\"707\" height=\"451\" src=\"http:\/\/klauskunze.com\/blog\/wp-content\/uploads\/2020\/03\/Piazza_Mercatello_durante_la_peste_del_1656_-_Spadaro.jpg\" alt=\"\" class=\"wp-image-1873\" srcset=\"https:\/\/klauskunze.com\/blog\/wp-content\/uploads\/2020\/03\/Piazza_Mercatello_durante_la_peste_del_1656_-_Spadaro.jpg 707w, https:\/\/klauskunze.com\/blog\/wp-content\/uploads\/2020\/03\/Piazza_Mercatello_durante_la_peste_del_1656_-_Spadaro-300x191.jpg 300w\" sizes=\"auto, (max-width: 707px) 100vw, 707px\" \/><figcaption>Als die Pest Europa heimsuchte, erfand man in Italien die Quarant\u00e4ne: Schiffsbesatzungen mu\u00dften 40 Tage auf einer Insel zubringen, bevor sie die Stadt betreten durften<br>(<a href=\"https:\/\/de.wikipedia.org\/wiki\/Geschichte_der_Pest#\/media\/Datei:Piazza_Mercatello_durante_la_peste_del_1656_-_Spadaro.jpg\">Bild: Die Pest 1656  in Neapel<\/a>)<\/figcaption><\/figure>\n\n\n\n<p>Menschen besitzen aber die wunderbare Eigenschaft, sich geistig schnell auf neue Verh\u00e4ltnisse einzustellen. Das jeweilige Sein erzeugt das Bewu\u00dftsein: Die realen Lebensverh\u00e4ltnisse und ihre Erfordernisse sind immer die Ursache, und die geistige Einstellung ver\u00e4ndert sich als Wirkung relativ zu ihnen. Die ideelle Welt folgt der realen nach.<\/p>\n\n\n\n<p>Die Mentalit\u00e4tsgeschichte ist reich an Beispielen, da\u00df geistesgeschichtliche Umschw\u00fcnge und historische Epochenwechsel auf schwerwiegende Umbr\u00fcche des realen Lebens folgten. Wenn wir die Geistesgeschichte periodisieren und mit Gro\u00dfereignisse der Realgeschichte vergleichen, finden wir das Ende des Mittelalters geistesgeschichtlich nach den Pestepidemien des 14. Jahrhunderts und den Durchbruch der Aufkl\u00e4rung nach dem 30j\u00e4hrigen Religionskrieg. Wir sto\u00dfen auf den Beginn der Moderne im Gefolge von Industrialisierung und Massengesellschaft. <\/p>\n\n\n\n<p>In Deutschland brachen nach der Katastrophe von 1944 und 1945 die bis dahin bestimmenden geistigen Leitbilder zusammen. Zu ihnen geh\u00f6rte die Idee der Gemeinschaft, also des unverbr\u00fcchlichen Zusammenhaltens von Menschen mit gleicher historischer Erfahrung, gleicher Abstammung und gleichem Schicksal. Volksgemeinschaft wurde zum Unwort.<\/p>\n\n\n\n<p>Die verschiedenen\ntradierten Gemeinschaften wurden ersetzt durch die Idee einer unverbindlichen\nGesellschaft. Zu ihr h\u00e4tten sich die Menschen, einer Schnapsidee Rousseaus\nzufolge, durch einen Sozialvertrag einst zusammengeschlossen. In Not- und\nKrisenzeiten mag man ihn fristlos k\u00fcndigen und sich seiner\nGemeinschaftspflichten entledigen k\u00f6nnen &#8211; eine pfiffige Idee.<\/p>\n\n\n\n<p>\u00dcberzeugend klingt das f\u00fcr Generationen, die nie erleben mu\u00dften, da\u00df zuweilen alle mit anpacken und eine alle treffende Bedrohung nur gemeinsam bew\u00e4ltigen k\u00f6nnen. Eine solche Lage hat es in Deutschland nicht mehr gegeben, seit unser Land in Tr\u00fcmmern lag und alle gemeinsam enttr\u00fcmmern und neu aufbauen mu\u00dften. <\/p>\n\n\n\n<p>Gemeinschaftsdenken und Denken in individuellen oder Gruppenegoismen sind beides menschenm\u00f6glich. Weder das eine noch das andere ist objektiv und immer richtig oder falsch. Es ist aber situationsbedingt n\u00fctzlich oder sch\u00e4dlich: Ohne eine Gemeinschaft, die ihn tr\u00e4gt, mit der er sich solidarisch f\u00fchlt und f\u00fcr die er sich zur Not aufzuopfern bereit ist, kommt auch der eigenwilligste Solit\u00e4r nicht in jeder historischen und damit pers\u00f6nlichen Lage aus.<\/p>\n\n\n\n<p>Es zeichnet sich ab,\nda\u00df nicht f\u00fcr alle Coron\u00f6sen ein Krankenhausbett verf\u00fcgbar sein wird. Auch wenn\ndie Kinder schon aus dem Haus sind, haben Eheleute aber noch immer einander.\nBekommt einer Fieber, kann der andere ihn pflegen. Wahrscheinlich steckt er\nsich an und wird anschlie\u00dfend vom Genesenen gepflegt. So etwas nenne ich eine\nSolidargemeinschaft. Wenn wir uns auch von allen Fremden fernhalten sollen,\nhaben wir doch einander.<\/p>\n\n\n\n<p>Familie hat sich historisch als unverzichtbar herausgestellt. Es gibt gesellschaftliche Ausnahmef\u00e4lle, in denen viele Menschen meinen, auf sie verzichten zu k\u00f6nnen. Als der Sozialstaat viele Aufgaben der Familien auf sich und damit den Familien durch Besteuerung die Kraft nahm, verlor die Idee Familie f\u00fcr viele an \u00dcberzeugungskraft. Sie leben als sogenannte Singles und verwirklichen sich selbst. <\/p>\n\n\n\n<p>Ich bin gespannt, wie\nweit sie in den n\u00e4chsten Monaten und Jahren damit kommen werden. Ich wei\u00df\nnicht, wie lange kapitalgedeckte Renten sicher sein werden, wenn es zu einer\nlanganhaltenden Wirtschaftskrise kommt. Ich kann nicht voraussehen, bis zu\nwelchem Ausma\u00df unser Sozialstaat seine Segnungen aufrechterhalten kann und\nwird, falls die Zahl der noch Arbeitenden und Wirtschaftenden unter die Zahl\nder Hilfsbed\u00fcrftigen sinkt.<\/p>\n\n\n\n<p>Familie ist zwar auch\nein Konstrukt, wie unsere oberschlauen Genderisten und Dekonstruktivisten gern\nformulieren. Sie ist konstruiert, wenn wir ihr in unserer Vorstellung bestimmte\nMerkmale zumessen: gegenseitige Solidarit\u00e4t, Verl\u00e4\u00dflichkeit,\nFortpflanzungsgemeinschaft, eheliche Treue und manches mehr.<\/p>\n\n\n\n<p>Sie ist aber nicht nur\nein Konstrukt. Wir m\u00fcssen nicht konstruktiv \u00fcber sie nachdenken, um Familie zu\nleben. Das haben auch unsere Vorfahren nicht. Wenn Vater und Mutter ihre Kinder\ngro\u00dfziehen, sind sie real eine Familie, was auch immer man dann geistig an\nWerten und Tugenden konstruieren und statuieren mag. <\/p>\n\n\n\n<p>Wie bei der Familie im\nkleinen Ma\u00dfstab verh\u00e4lt es sich mit unserem Volk im gro\u00dfen. Wir sehen ja jetzt,\nwer sich f\u00fcr uns einsetzt, unser Wohl mehrt und Schaden von uns wendet. Die\nChinesen oder die Br\u00fcsseler Eurokraten sind das nicht. Aus der Portokasse\nspenden wie f\u00fcr Brot f\u00fcr die Welt ist das Eine. Mit jemandem das letzte Hemd zu\nteilen oder mit seinem Leben f\u00fcr ihn einzustehen, ist aber etwas ganz anderes.\nDas schuldet man seinen Eltern, Gatten und Kindern, nicht der ganzen Welt.<\/p>\n\n\n\n<p>Wer die real\nbestehenden Solidargemeinschaften wie Familie und Volk abschaffen will, nimmt\ndie Welt wahr als einen allen Menschen gemeinsamen \u00f6ffentlichen Raum, in dem\nFrieden herrscht und alle lieb zu einander sind. Deutschland hat eine Jugend\ngro\u00dfgezogen, erf\u00fcllt von Stuhlkreisen und vielen bunten Luftballons. Es ist\ndieselbe Welt, die ich auf den kitschigen Paradiesbildern der Zeugen Jehovas\nund ihren Zeitungen sehe: Der L\u00f6we liegt schnurrend neben dem Lamm.<\/p>\n\n\n\n<p>Dieser Jugend hat niemand das n\u00f6tige historische Bewu\u00dftsein daf\u00fcr vermittelt, wie die Welt immer war und was darum immer gilt. Sie leidet darum oft unter Fehlwahrnehmungen. Ich nehme die Familie wahr als innersten Kern meines sozialen Lebens. Mit einer gro\u00dfartigen Frau fest verbunden sind wir schon zu zweit. Mit unseren Eltern und Kindern bilden wir eine Schicksalsgemeinschaft. <\/p>\n\n\n\n<h2 class=\"has-text-align-center wp-block-heading\">Reale Gemeinschaft oder Hirngespinste?<\/h2>\n\n\n\n<p>F\u00fcr diese ist v\u00f6llig\nbelanglos, da\u00df ich infolge unserer freien, innerfamili\u00e4ren Entscheidung f\u00fcr\nmeine berufliche Arbeit h\u00f6her bezahlt werde als meine nicht weniger schuftende\nFrau. Es stellt eine grobe Fehlwahrnehmung dar, wenn heute wieder einmal\nbeklagt wird, M\u00e4nner w\u00fcrden mehr verdienen als Frauen.<\/p>\n\n\n\n<div class=\"wp-block-image\"><figure class=\"alignright size-large\"><img loading=\"lazy\" decoding=\"async\" width=\"504\" height=\"784\" src=\"http:\/\/klauskunze.com\/blog\/wp-content\/uploads\/2020\/03\/Zuschneiden_4.jpg\" alt=\"\" class=\"wp-image-1872\" srcset=\"https:\/\/klauskunze.com\/blog\/wp-content\/uploads\/2020\/03\/Zuschneiden_4.jpg 504w, https:\/\/klauskunze.com\/blog\/wp-content\/uploads\/2020\/03\/Zuschneiden_4-193x300.jpg 193w\" sizes=\"auto, (max-width: 504px) 100vw, 504px\" \/><figcaption>Twitter-Nachricht 18.3.2020<\/figcaption><\/figure><\/div>\n\n\n\n<p>Es geh\u00f6ren keineswegs\nalle Frauen zusammen und haben gemeinsame Interessen. Zusammen geh\u00f6ren immer\nMann und Frau. Was sie gemeinsam verdienen, darauf kommt es an. Sie geben es ja\nauch gemeinsam aus.<\/p>\n\n\n\n<p>Nirgends helfen\n&#8222;die&#8220; Frauen &#8222;den&#8220; Frauen. Die Welt in M\u00e4nner und Frauen\ngeschieden wahrzunehmen und die einen gegen die anderen auszuspielen, nimmt die\nWirklichkeit anders wahr, als sie ist.<\/p>\n\n\n\n<p>Eine l\u00e4ngere Isolation von Singles und Familien durch Quarant\u00e4ne, Ausgehsperre oder dergleichen k\u00f6nnte vielen Menschen helfen, wesentliche Aspekte der Wirklichkeit wieder als solche zu erkennen und von ihren Hirngespinsten zu unterscheiden.<\/p>\n","protected":false},"excerpt":{"rendered":"<p>Zusammengeh\u00f6rigkeit in Zeiten der Coronoa-Seuche Da sitzen sie jetzt oder bald millionenfach in ihren Wohnungen beisammen: Vater, Mutter und die Kinder. Die klassischen Familien eben, durch \u00f6ffentliche Verbote nach Hause verbannt. Das \u00f6ffentliche Leben kommt zum Erliegen. Wer nicht systemrelevant arbeiten mu\u00df, sieht die eigenen vier W\u00e4nde und immer dieselben Nasen. Nicht jeder: Alleinstehende sehen [&hellip;]<\/p>\n","protected":false},"author":1,"featured_media":1873,"comment_status":"open","ping_status":"open","sticky":false,"template":"","format":"standard","meta":{"h5ap_radio_sources":[],"twitterCardType":"","cardImageID":0,"cardImage":"","cardTitle":"","cardDesc":"","cardImageAlt":"","cardPlayer":"","cardPlayerWidth":0,"cardPlayerHeight":0,"cardPlayerStream":"","cardPlayerCodec":"","footnotes":""},"categories":[1,13,17],"tags":[],"class_list":["post-1869","post","type-post","status-publish","format-standard","has-post-thumbnail","hentry","category-allgemein","category-geschichte","category-politik"],"yoast_head":"<!-- This site is optimized with the Yoast SEO plugin v27.4 - https:\/\/yoast.com\/product\/yoast-seo-wordpress\/ -->\n<title>In der Quarant\u00e4ne &quot;w\u00e4chst zusammen, was zusammengeh\u00f6rt&quot; - Klaus Kunze<\/title>\n<meta name=\"robots\" content=\"index, follow, max-snippet:-1, max-image-preview:large, max-video-preview:-1\" \/>\n<link rel=\"canonical\" href=\"https:\/\/klauskunze.com\/blog\/2020\/03\/18\/in-der-quarantaene-waechst-zusammen-was-zusammengehoert\/\" \/>\n<meta property=\"og:locale\" content=\"de_DE\" \/>\n<meta property=\"og:type\" content=\"article\" \/>\n<meta property=\"og:title\" content=\"In der Quarant\u00e4ne &quot;w\u00e4chst zusammen, was zusammengeh\u00f6rt&quot; - Klaus Kunze\" \/>\n<meta property=\"og:description\" content=\"Zusammengeh\u00f6rigkeit in Zeiten der Coronoa-Seuche Da sitzen sie jetzt oder bald millionenfach in ihren Wohnungen beisammen: Vater, Mutter und die Kinder. Die klassischen Familien eben, durch \u00f6ffentliche Verbote nach Hause verbannt. Das \u00f6ffentliche Leben kommt zum Erliegen. Wer nicht systemrelevant arbeiten mu\u00df, sieht die eigenen vier W\u00e4nde und immer dieselben Nasen. Nicht jeder: Alleinstehende sehen [&hellip;]\" \/>\n<meta property=\"og:url\" content=\"https:\/\/klauskunze.com\/blog\/2020\/03\/18\/in-der-quarantaene-waechst-zusammen-was-zusammengehoert\/\" \/>\n<meta property=\"og:site_name\" content=\"Klaus Kunze\" \/>\n<meta property=\"article:published_time\" content=\"2020-03-18T11:41:34+00:00\" \/>\n<meta property=\"article:modified_time\" content=\"2020-03-18T19:14:49+00:00\" \/>\n<meta property=\"og:image\" content=\"https:\/\/klauskunze.com\/blog\/wp-content\/uploads\/2020\/03\/Piazza_Mercatello_durante_la_peste_del_1656_-_Spadaro.jpg\" \/>\n\t<meta property=\"og:image:width\" content=\"707\" \/>\n\t<meta property=\"og:image:height\" content=\"451\" \/>\n\t<meta property=\"og:image:type\" content=\"image\/jpeg\" \/>\n<meta name=\"author\" content=\"Klaus Kunze\" \/>\n<meta name=\"twitter:label1\" content=\"Verfasst von\" \/>\n\t<meta name=\"twitter:data1\" content=\"Klaus Kunze\" \/>\n\t<meta name=\"twitter:label2\" content=\"Gesch\u00e4tzte Lesezeit\" \/>\n\t<meta name=\"twitter:data2\" content=\"6\u00a0Minuten\" \/>\n<script type=\"application\/ld+json\" class=\"yoast-schema-graph\">{\"@context\":\"https:\\\/\\\/schema.org\",\"@graph\":[{\"@type\":\"Article\",\"@id\":\"https:\\\/\\\/klauskunze.com\\\/blog\\\/2020\\\/03\\\/18\\\/in-der-quarantaene-waechst-zusammen-was-zusammengehoert\\\/#article\",\"isPartOf\":{\"@id\":\"https:\\\/\\\/klauskunze.com\\\/blog\\\/2020\\\/03\\\/18\\\/in-der-quarantaene-waechst-zusammen-was-zusammengehoert\\\/\"},\"author\":{\"name\":\"Klaus Kunze\",\"@id\":\"https:\\\/\\\/klauskunze.com\\\/blog\\\/#\\\/schema\\\/person\\\/9c091cf30ab68b897db6a517e3c3b11b\"},\"headline\":\"In der Quarant\u00e4ne &#8222;w\u00e4chst zusammen, was zusammengeh\u00f6rt&#8220;\",\"datePublished\":\"2020-03-18T11:41:34+00:00\",\"dateModified\":\"2020-03-18T19:14:49+00:00\",\"mainEntityOfPage\":{\"@id\":\"https:\\\/\\\/klauskunze.com\\\/blog\\\/2020\\\/03\\\/18\\\/in-der-quarantaene-waechst-zusammen-was-zusammengehoert\\\/\"},\"wordCount\":1138,\"commentCount\":1,\"publisher\":{\"@id\":\"https:\\\/\\\/klauskunze.com\\\/blog\\\/#\\\/schema\\\/person\\\/9c091cf30ab68b897db6a517e3c3b11b\"},\"image\":{\"@id\":\"https:\\\/\\\/klauskunze.com\\\/blog\\\/2020\\\/03\\\/18\\\/in-der-quarantaene-waechst-zusammen-was-zusammengehoert\\\/#primaryimage\"},\"thumbnailUrl\":\"https:\\\/\\\/klauskunze.com\\\/blog\\\/wp-content\\\/uploads\\\/2020\\\/03\\\/Piazza_Mercatello_durante_la_peste_del_1656_-_Spadaro.jpg\",\"articleSection\":{\"1\":\"Geschichte\",\"2\":\"Politik\"},\"inLanguage\":\"de\",\"potentialAction\":[{\"@type\":\"CommentAction\",\"name\":\"Comment\",\"target\":[\"https:\\\/\\\/klauskunze.com\\\/blog\\\/2020\\\/03\\\/18\\\/in-der-quarantaene-waechst-zusammen-was-zusammengehoert\\\/#respond\"]}]},{\"@type\":\"WebPage\",\"@id\":\"https:\\\/\\\/klauskunze.com\\\/blog\\\/2020\\\/03\\\/18\\\/in-der-quarantaene-waechst-zusammen-was-zusammengehoert\\\/\",\"url\":\"https:\\\/\\\/klauskunze.com\\\/blog\\\/2020\\\/03\\\/18\\\/in-der-quarantaene-waechst-zusammen-was-zusammengehoert\\\/\",\"name\":\"In der Quarant\u00e4ne \\\"w\u00e4chst zusammen, was zusammengeh\u00f6rt\\\" - Klaus Kunze\",\"isPartOf\":{\"@id\":\"https:\\\/\\\/klauskunze.com\\\/blog\\\/#website\"},\"primaryImageOfPage\":{\"@id\":\"https:\\\/\\\/klauskunze.com\\\/blog\\\/2020\\\/03\\\/18\\\/in-der-quarantaene-waechst-zusammen-was-zusammengehoert\\\/#primaryimage\"},\"image\":{\"@id\":\"https:\\\/\\\/klauskunze.com\\\/blog\\\/2020\\\/03\\\/18\\\/in-der-quarantaene-waechst-zusammen-was-zusammengehoert\\\/#primaryimage\"},\"thumbnailUrl\":\"https:\\\/\\\/klauskunze.com\\\/blog\\\/wp-content\\\/uploads\\\/2020\\\/03\\\/Piazza_Mercatello_durante_la_peste_del_1656_-_Spadaro.jpg\",\"datePublished\":\"2020-03-18T11:41:34+00:00\",\"dateModified\":\"2020-03-18T19:14:49+00:00\",\"breadcrumb\":{\"@id\":\"https:\\\/\\\/klauskunze.com\\\/blog\\\/2020\\\/03\\\/18\\\/in-der-quarantaene-waechst-zusammen-was-zusammengehoert\\\/#breadcrumb\"},\"inLanguage\":\"de\",\"potentialAction\":[{\"@type\":\"ReadAction\",\"target\":[\"https:\\\/\\\/klauskunze.com\\\/blog\\\/2020\\\/03\\\/18\\\/in-der-quarantaene-waechst-zusammen-was-zusammengehoert\\\/\"]}]},{\"@type\":\"ImageObject\",\"inLanguage\":\"de\",\"@id\":\"https:\\\/\\\/klauskunze.com\\\/blog\\\/2020\\\/03\\\/18\\\/in-der-quarantaene-waechst-zusammen-was-zusammengehoert\\\/#primaryimage\",\"url\":\"https:\\\/\\\/klauskunze.com\\\/blog\\\/wp-content\\\/uploads\\\/2020\\\/03\\\/Piazza_Mercatello_durante_la_peste_del_1656_-_Spadaro.jpg\",\"contentUrl\":\"https:\\\/\\\/klauskunze.com\\\/blog\\\/wp-content\\\/uploads\\\/2020\\\/03\\\/Piazza_Mercatello_durante_la_peste_del_1656_-_Spadaro.jpg\",\"width\":707,\"height\":451},{\"@type\":\"BreadcrumbList\",\"@id\":\"https:\\\/\\\/klauskunze.com\\\/blog\\\/2020\\\/03\\\/18\\\/in-der-quarantaene-waechst-zusammen-was-zusammengehoert\\\/#breadcrumb\",\"itemListElement\":[{\"@type\":\"ListItem\",\"position\":1,\"name\":\"Startseite\",\"item\":\"https:\\\/\\\/klauskunze.com\\\/blog\\\/\"},{\"@type\":\"ListItem\",\"position\":2,\"name\":\"In der Quarant\u00e4ne &#8222;w\u00e4chst zusammen, was zusammengeh\u00f6rt&#8220;\"}]},{\"@type\":\"WebSite\",\"@id\":\"https:\\\/\\\/klauskunze.com\\\/blog\\\/#website\",\"url\":\"https:\\\/\\\/klauskunze.com\\\/blog\\\/\",\"name\":\"Klaus Kunze\",\"description\":\"Blog\",\"publisher\":{\"@id\":\"https:\\\/\\\/klauskunze.com\\\/blog\\\/#\\\/schema\\\/person\\\/9c091cf30ab68b897db6a517e3c3b11b\"},\"potentialAction\":[{\"@type\":\"SearchAction\",\"target\":{\"@type\":\"EntryPoint\",\"urlTemplate\":\"https:\\\/\\\/klauskunze.com\\\/blog\\\/?s={search_term_string}\"},\"query-input\":{\"@type\":\"PropertyValueSpecification\",\"valueRequired\":true,\"valueName\":\"search_term_string\"}}],\"inLanguage\":\"de\"},{\"@type\":[\"Person\",\"Organization\"],\"@id\":\"https:\\\/\\\/klauskunze.com\\\/blog\\\/#\\\/schema\\\/person\\\/9c091cf30ab68b897db6a517e3c3b11b\",\"name\":\"Klaus Kunze\",\"image\":{\"@type\":\"ImageObject\",\"inLanguage\":\"de\",\"@id\":\"https:\\\/\\\/secure.gravatar.com\\\/avatar\\\/5cd83cadbada9c331a79952fcca177ed3d3be4c7ad3239b9d934bf84adff15dd?s=96&d=blank&r=g\",\"url\":\"https:\\\/\\\/secure.gravatar.com\\\/avatar\\\/5cd83cadbada9c331a79952fcca177ed3d3be4c7ad3239b9d934bf84adff15dd?s=96&d=blank&r=g\",\"contentUrl\":\"https:\\\/\\\/secure.gravatar.com\\\/avatar\\\/5cd83cadbada9c331a79952fcca177ed3d3be4c7ad3239b9d934bf84adff15dd?s=96&d=blank&r=g\",\"caption\":\"Klaus Kunze\"},\"logo\":{\"@id\":\"https:\\\/\\\/secure.gravatar.com\\\/avatar\\\/5cd83cadbada9c331a79952fcca177ed3d3be4c7ad3239b9d934bf84adff15dd?s=96&d=blank&r=g\"},\"sameAs\":[\"http:\\\/\\\/KlausKunze.com\",\"https:\\\/\\\/x.com\\\/https:\\\/\\\/twitter.com\\\/KlausKunze3\"]}]}<\/script>\n<!-- \/ Yoast SEO plugin. -->","yoast_head_json":{"title":"In der Quarant\u00e4ne \"w\u00e4chst zusammen, was zusammengeh\u00f6rt\" - Klaus Kunze","robots":{"index":"index","follow":"follow","max-snippet":"max-snippet:-1","max-image-preview":"max-image-preview:large","max-video-preview":"max-video-preview:-1"},"canonical":"https:\/\/klauskunze.com\/blog\/2020\/03\/18\/in-der-quarantaene-waechst-zusammen-was-zusammengehoert\/","og_locale":"de_DE","og_type":"article","og_title":"In der Quarant\u00e4ne \"w\u00e4chst zusammen, was zusammengeh\u00f6rt\" - Klaus Kunze","og_description":"Zusammengeh\u00f6rigkeit in Zeiten der Coronoa-Seuche Da sitzen sie jetzt oder bald millionenfach in ihren Wohnungen beisammen: Vater, Mutter und die Kinder. Die klassischen Familien eben, durch \u00f6ffentliche Verbote nach Hause verbannt. Das \u00f6ffentliche Leben kommt zum Erliegen. Wer nicht systemrelevant arbeiten mu\u00df, sieht die eigenen vier W\u00e4nde und immer dieselben Nasen. Nicht jeder: Alleinstehende sehen [&hellip;]","og_url":"https:\/\/klauskunze.com\/blog\/2020\/03\/18\/in-der-quarantaene-waechst-zusammen-was-zusammengehoert\/","og_site_name":"Klaus Kunze","article_published_time":"2020-03-18T11:41:34+00:00","article_modified_time":"2020-03-18T19:14:49+00:00","og_image":[{"width":707,"height":451,"url":"https:\/\/klauskunze.com\/blog\/wp-content\/uploads\/2020\/03\/Piazza_Mercatello_durante_la_peste_del_1656_-_Spadaro.jpg","type":"image\/jpeg"}],"author":"Klaus Kunze","twitter_misc":{"Verfasst von":"Klaus Kunze","Gesch\u00e4tzte Lesezeit":"6\u00a0Minuten"},"schema":{"@context":"https:\/\/schema.org","@graph":[{"@type":"Article","@id":"https:\/\/klauskunze.com\/blog\/2020\/03\/18\/in-der-quarantaene-waechst-zusammen-was-zusammengehoert\/#article","isPartOf":{"@id":"https:\/\/klauskunze.com\/blog\/2020\/03\/18\/in-der-quarantaene-waechst-zusammen-was-zusammengehoert\/"},"author":{"name":"Klaus Kunze","@id":"https:\/\/klauskunze.com\/blog\/#\/schema\/person\/9c091cf30ab68b897db6a517e3c3b11b"},"headline":"In der Quarant\u00e4ne &#8222;w\u00e4chst zusammen, was zusammengeh\u00f6rt&#8220;","datePublished":"2020-03-18T11:41:34+00:00","dateModified":"2020-03-18T19:14:49+00:00","mainEntityOfPage":{"@id":"https:\/\/klauskunze.com\/blog\/2020\/03\/18\/in-der-quarantaene-waechst-zusammen-was-zusammengehoert\/"},"wordCount":1138,"commentCount":1,"publisher":{"@id":"https:\/\/klauskunze.com\/blog\/#\/schema\/person\/9c091cf30ab68b897db6a517e3c3b11b"},"image":{"@id":"https:\/\/klauskunze.com\/blog\/2020\/03\/18\/in-der-quarantaene-waechst-zusammen-was-zusammengehoert\/#primaryimage"},"thumbnailUrl":"https:\/\/klauskunze.com\/blog\/wp-content\/uploads\/2020\/03\/Piazza_Mercatello_durante_la_peste_del_1656_-_Spadaro.jpg","articleSection":{"1":"Geschichte","2":"Politik"},"inLanguage":"de","potentialAction":[{"@type":"CommentAction","name":"Comment","target":["https:\/\/klauskunze.com\/blog\/2020\/03\/18\/in-der-quarantaene-waechst-zusammen-was-zusammengehoert\/#respond"]}]},{"@type":"WebPage","@id":"https:\/\/klauskunze.com\/blog\/2020\/03\/18\/in-der-quarantaene-waechst-zusammen-was-zusammengehoert\/","url":"https:\/\/klauskunze.com\/blog\/2020\/03\/18\/in-der-quarantaene-waechst-zusammen-was-zusammengehoert\/","name":"In der Quarant\u00e4ne \"w\u00e4chst zusammen, was zusammengeh\u00f6rt\" - Klaus Kunze","isPartOf":{"@id":"https:\/\/klauskunze.com\/blog\/#website"},"primaryImageOfPage":{"@id":"https:\/\/klauskunze.com\/blog\/2020\/03\/18\/in-der-quarantaene-waechst-zusammen-was-zusammengehoert\/#primaryimage"},"image":{"@id":"https:\/\/klauskunze.com\/blog\/2020\/03\/18\/in-der-quarantaene-waechst-zusammen-was-zusammengehoert\/#primaryimage"},"thumbnailUrl":"https:\/\/klauskunze.com\/blog\/wp-content\/uploads\/2020\/03\/Piazza_Mercatello_durante_la_peste_del_1656_-_Spadaro.jpg","datePublished":"2020-03-18T11:41:34+00:00","dateModified":"2020-03-18T19:14:49+00:00","breadcrumb":{"@id":"https:\/\/klauskunze.com\/blog\/2020\/03\/18\/in-der-quarantaene-waechst-zusammen-was-zusammengehoert\/#breadcrumb"},"inLanguage":"de","potentialAction":[{"@type":"ReadAction","target":["https:\/\/klauskunze.com\/blog\/2020\/03\/18\/in-der-quarantaene-waechst-zusammen-was-zusammengehoert\/"]}]},{"@type":"ImageObject","inLanguage":"de","@id":"https:\/\/klauskunze.com\/blog\/2020\/03\/18\/in-der-quarantaene-waechst-zusammen-was-zusammengehoert\/#primaryimage","url":"https:\/\/klauskunze.com\/blog\/wp-content\/uploads\/2020\/03\/Piazza_Mercatello_durante_la_peste_del_1656_-_Spadaro.jpg","contentUrl":"https:\/\/klauskunze.com\/blog\/wp-content\/uploads\/2020\/03\/Piazza_Mercatello_durante_la_peste_del_1656_-_Spadaro.jpg","width":707,"height":451},{"@type":"BreadcrumbList","@id":"https:\/\/klauskunze.com\/blog\/2020\/03\/18\/in-der-quarantaene-waechst-zusammen-was-zusammengehoert\/#breadcrumb","itemListElement":[{"@type":"ListItem","position":1,"name":"Startseite","item":"https:\/\/klauskunze.com\/blog\/"},{"@type":"ListItem","position":2,"name":"In der Quarant\u00e4ne &#8222;w\u00e4chst zusammen, was zusammengeh\u00f6rt&#8220;"}]},{"@type":"WebSite","@id":"https:\/\/klauskunze.com\/blog\/#website","url":"https:\/\/klauskunze.com\/blog\/","name":"Klaus Kunze","description":"Blog","publisher":{"@id":"https:\/\/klauskunze.com\/blog\/#\/schema\/person\/9c091cf30ab68b897db6a517e3c3b11b"},"potentialAction":[{"@type":"SearchAction","target":{"@type":"EntryPoint","urlTemplate":"https:\/\/klauskunze.com\/blog\/?s={search_term_string}"},"query-input":{"@type":"PropertyValueSpecification","valueRequired":true,"valueName":"search_term_string"}}],"inLanguage":"de"},{"@type":["Person","Organization"],"@id":"https:\/\/klauskunze.com\/blog\/#\/schema\/person\/9c091cf30ab68b897db6a517e3c3b11b","name":"Klaus Kunze","image":{"@type":"ImageObject","inLanguage":"de","@id":"https:\/\/secure.gravatar.com\/avatar\/5cd83cadbada9c331a79952fcca177ed3d3be4c7ad3239b9d934bf84adff15dd?s=96&d=blank&r=g","url":"https:\/\/secure.gravatar.com\/avatar\/5cd83cadbada9c331a79952fcca177ed3d3be4c7ad3239b9d934bf84adff15dd?s=96&d=blank&r=g","contentUrl":"https:\/\/secure.gravatar.com\/avatar\/5cd83cadbada9c331a79952fcca177ed3d3be4c7ad3239b9d934bf84adff15dd?s=96&d=blank&r=g","caption":"Klaus Kunze"},"logo":{"@id":"https:\/\/secure.gravatar.com\/avatar\/5cd83cadbada9c331a79952fcca177ed3d3be4c7ad3239b9d934bf84adff15dd?s=96&d=blank&r=g"},"sameAs":["http:\/\/KlausKunze.com","https:\/\/x.com\/https:\/\/twitter.com\/KlausKunze3"]}]}},"post_mailing_queue_ids":[],"_links":{"self":[{"href":"https:\/\/klauskunze.com\/blog\/wp-json\/wp\/v2\/posts\/1869","targetHints":{"allow":["GET"]}}],"collection":[{"href":"https:\/\/klauskunze.com\/blog\/wp-json\/wp\/v2\/posts"}],"about":[{"href":"https:\/\/klauskunze.com\/blog\/wp-json\/wp\/v2\/types\/post"}],"author":[{"embeddable":true,"href":"https:\/\/klauskunze.com\/blog\/wp-json\/wp\/v2\/users\/1"}],"replies":[{"embeddable":true,"href":"https:\/\/klauskunze.com\/blog\/wp-json\/wp\/v2\/comments?post=1869"}],"version-history":[{"count":8,"href":"https:\/\/klauskunze.com\/blog\/wp-json\/wp\/v2\/posts\/1869\/revisions"}],"predecessor-version":[{"id":1883,"href":"https:\/\/klauskunze.com\/blog\/wp-json\/wp\/v2\/posts\/1869\/revisions\/1883"}],"wp:featuredmedia":[{"embeddable":true,"href":"https:\/\/klauskunze.com\/blog\/wp-json\/wp\/v2\/media\/1873"}],"wp:attachment":[{"href":"https:\/\/klauskunze.com\/blog\/wp-json\/wp\/v2\/media?parent=1869"}],"wp:term":[{"taxonomy":"category","embeddable":true,"href":"https:\/\/klauskunze.com\/blog\/wp-json\/wp\/v2\/categories?post=1869"},{"taxonomy":"post_tag","embeddable":true,"href":"https:\/\/klauskunze.com\/blog\/wp-json\/wp\/v2\/tags?post=1869"}],"curies":[{"name":"wp","href":"https:\/\/api.w.org\/{rel}","templated":true}]}}