{"id":1945,"date":"2020-03-29T14:34:15","date_gmt":"2020-03-29T12:34:15","guid":{"rendered":"http:\/\/klauskunze.com\/blog\/?p=1945"},"modified":"2020-04-21T19:01:48","modified_gmt":"2020-04-21T17:01:48","slug":"die-induzierte-angst","status":"publish","type":"post","link":"https:\/\/klauskunze.com\/blog\/2020\/03\/29\/die-induzierte-angst\/","title":{"rendered":"Die induzierte Angst"},"content":{"rendered":"\n<h2 class=\"has-text-align-center wp-block-heading\">Wie unsere \u00c4ngste gesch\u00fcrt werden und wem sie n\u00fctzen<\/h2>\n\n\n\n<p>Die Menschen fr\u00fcherer Epochen lebten in der Furcht des\nHerrn. Aber mehr noch f\u00fcrchteten sie dessen Widersacher, den Teufel. In albtraumhaften\nVisionen malten Priester die Schrecknisse des Fegefeuers und der H\u00f6lle aus. Nie\nvers\u00e4umten sie den Hinweis, wer ein ihnen gef\u00e4lliges Leben f\u00fchre, habe nichts\nzu f\u00fcrchten.<\/p>\n\n\n\n<p>Heute wissen viele nicht, da\u00df scharfsinnige K\u00f6pfe die Methoden kirchlicher Herrschaftstechnik durchschauten. <a href=\"https:\/\/de.wikipedia.org\/wiki\/Samuel_von_Pufendorf\">Samuel von Pufendorf <\/a>schrieb 1667 in seinem Werk De statu imperii Germanici:<\/p>\n\n\n\n<blockquote class=\"wp-block-quote is-layout-flow wp-block-quote-is-layout-flow\"><p>Die Zahl der Sakramente wurde mit Bedacht vermehrt, damit die Menschen h\u00e4ufiger der Priester bed\u00fcrfen. [\u2026] Ich glaube, auch das Fegefeuer ist nur zu dem Zwecke angez\u00fcndet, um diejenigen mit einer Abgabe belegen zu k\u00f6nnen, die der Tod sonst von allen menschlichen Dingen befreit. [\u2026] Ohne Zweifel wird man die Religion f\u00fcr die beste halten, die ihre Diener am meisten mit Reichtum und Ehren \u00fcberh\u00e4uft hat und die mit den wirksamsten Mitteln ausgestattet ist, ihre Schafe zu scheren und doch in Gehorsam zu halten.1.<\/p><cite> Samuel von Pufendorf, <a href=\"https:\/\/de.wikipedia.org\/wiki\/De_statu_imperii_Germanici\">De statu Imperii Germanici, 1667<\/a>, Die Verfassung  des Deutschen Reiches, Hrg.Horst Denzer, Frankfurt\/M.1994, S.259, 26 1<\/cite><\/blockquote>\n\n\n\n<p>Da\u00df die Herde sich \u00e4ngstlich um den Sch\u00e4fer schart, wenn dieser ihr Geschichten vom b\u00f6sen Wolf erz\u00e4hlt, ist eine psychologische Konstante. <a href=\"https:\/\/de.wikipedia.org\/wiki\/Rainer_Mausfeld\">Rainer Mausfelt<\/a> (*1949) ist Emeritus und lehrte in Kiel. Er hat sich intensiv mit den psychologischen Methoden der Herrschaftstechnik befa\u00dft und schreibt:<\/p>\n\n\n\n<blockquote class=\"wp-block-quote is-layout-flow wp-block-quote-is-layout-flow\"><p>\u201aHirte\u2018 klingt ja zun\u00e4chst sorgend und g\u00fctig. Warum aber wird das Volk \u00fcberhaupt gedanklich zu L\u00e4mmern gemacht, die dann eines Hirten bed\u00fcrfen? Wie kommt der Hirte eigentlich zu seiner Hirtenrolle? Und warum ben\u00f6tigt er H\u00fctehunde, die die Herde auf Kurs halten? Man sieht also, da\u00df diese Metapher schon von Anfang an zutiefst ideologisch durchtr\u00e4nkt ist.<\/p><cite> Rainer Mausfeld, <a href=\"http:\/\/www.netz-vier.de\/Warum-schweigen-die-L%C3%A4mmer.pdf\">Die Angst der Machteliten vor dem Volk,  Demokratie-Management durch Soft Power-Techniken, &nbsp;Vortrag IPPNW-Hamburg  (Organisation Jette Limberg-Diers) Steiner-Haus Hamburg, 2. November  2016<\/a> <\/cite><\/blockquote>\n\n\n\n<p>Seit der unkontrollierten Masseneinwanderung 2015 brodelt es in Deutschland. Viele Menschen hatten Angst vor einem Verlust unserer Identit\u00e4t als Volk und vor kriminellen \u00dcbergriffen. Die in Wahlen feststellbare Zustimmung zu den verantwortlichen Parteien sank teils ins Bodenlose.  Die AfD stieg auf.<\/p>\n\n\n\n<p>Kraft\ndes ewigen Zusammenhangs von Schutz und Gehorsam verweigerten viele B\u00fcrger\nParteien und ihrem Staat den Gehorsam, weil sie sich nicht l\u00e4nger als sicher und\ngesch\u00fctzt empfanden. Die Herde drohte auseinanderzulaufen. Da riefen die\nSch\u00e4fer laut: \u201eW\u00f6lfe!\u201c, um all die verirrten dummen Sch\u00e4flein wieder um sich zu\nversammeln. <\/p>\n\n\n\n<p>Seitdem jagt eine medieninduzierte Angstwelle die n\u00e4chste. Vor zwei Wochen fragte ich mich hier: <a href=\"http:\/\/klauskunze.com\/blog\/2020\/03\/14\/klima-nazis-corona-wovor-fuerchten-wir-uns-als-naechstes\/\">\u201eKlima, Nazis, Corona &#8211; wovor f\u00fcrchten wir uns als n\u00e4chstes? Wie eine neurotische Gesellschaft von einer Panikattacke in die n\u00e4chste f\u00e4llt.\u201c<\/a><\/p>\n\n\n\n<p>Als wichtiger Aspekt dr\u00e4ngt sich die n\u00e4chste Frage auf: Wer jagt uns von einer Angstwelle in die n\u00e4chste, und warum? Derartige Massenhysterien gedeihen nicht von allein. Sie wachsen zwar auf dem N\u00e4hrboden einer in Teilen hysterischen gesellschaftlichen Stimmung. Aber sie bed\u00fcrfen der Verst\u00e4rkung und des st\u00e4ndigen Zustromes, ja der dauerhaften Wiederholung ein und derselben Phrasen in den Massenmedien, um voll wirksam zu werden.<\/p>\n\n\n\n<p>Der Psychologe Rainer Mausfeld sieht uns gelenkt von\neiner Machtelite aus Politik und Wirtschaft.<\/p>\n\n\n\n<blockquote class=\"wp-block-quote is-layout-flow wp-block-quote-is-layout-flow\"><p>Die Ideengeschichte der politischen Philosophie zeigt, da\u00df die Hirtenmetapher vor allem der Rechtfertigung des Status der Machteliten dient. Mit dieser Metapher wird das Volk gedanklich zur Herde gemacht. Sie schafft die ideologische Konstruktion eines \u201aunm\u00fcndigen Volkes\u2018 und verschleiert zugleich den Eigennutz derjenigen, die sich als F\u00fchrer anbieten; sie erst schafft die Grundlage einer kategorialen Unterscheidung von \u201aVolk\u2018 und \u201aF\u00fchrungselite\u2018, die das Fundament der herrschenden Vorstellungen von Demokratie bildet. Genau dieser ideologische Gegensatz von \u201aVolk\u2018 und \u201aElite\u2018 ist das Fundament unserer gegenw\u00e4rtigen Vorstellungen von \u201aDemokratie\u2018. <\/p><cite> Rainer Mausfeld, Die Angst der Machteliten vor dem Volk,  Demokratie-Management durch Soft Power-Techniken, &nbsp;Vortrag IPPNW-Hamburg  (Organisation Jette Limberg-Diers) Steiner-Haus Hamburg, 2. November  2016 <\/cite><\/blockquote>\n\n\n\n<p>Der westliche Neoliberalismus ist nach seiner\nAnsicht gar keine Demokratie, sondern eine Herrschaft weniger M\u00e4chtiger und\nVerm\u00f6gender. Um aber eine<\/p>\n\n\n\n<blockquote class=\"wp-block-quote is-layout-flow wp-block-quote-is-layout-flow\"><p>Illusion von Demokratie zu schaffen, ben\u00f6tigt man vor allem &#8211; und genau hier kommt die Herden-Metapher wieder ins Spiel &#8211; eine Rechtfertigungsideologie, die begr\u00fcndet, warum das Volk unm\u00fcndig sei und einer F\u00fchrung bed\u00fcrfe. Ferner mu\u00df die f\u00fcr das Volk so attraktive Idee von Demokratie so entleert werden, da\u00df sie nur noch auf einen Wahlakt beschr\u00e4nkt ist. Und schlie\u00dflich ben\u00f6tigt man ein kontinuierliches Demokratiemanagement, damit das Volk bei dem Wahlakt auch so will, wie es wollen soll.<\/p><cite> Rainer Mausfeld, Die Angst der Machteliten vor dem Volk,  Demokratie-Management durch Soft Power-Techniken, &nbsp;Vortrag IPPNW-Hamburg  (Organisation Jette Limberg-Diers) Steiner-Haus Hamburg, 2. November  2016 <\/cite><\/blockquote>\n\n\n\n<p>Diese Rechtfertigungsideologie nimmt f\u00fcr sich das Wissen in Anspruch, was gut f\u00fcr das Volk sei. Vor allem aber wei\u00df man, was schlecht f\u00fcr die eigene Macht und darum angeblich auch f\u00fcr das Volk sei: wenn dieses n\u00e4mlich so regiert werde, wie es das selbst gern h\u00e4tte. Gegen diese blasphemische Forderung richtet sich der \u201eDenunziationsbegriff\u201c des Populismus. Populist ist, wer politisch durchsetzen will, was eine Mehrheit im Volk will, entgegen den Absichten der f\u00fchrenden Eliten in Parteien und Wirtschaft.<\/p>\n\n\n\n<p>In einem <a href=\"https:\/\/www.youtube.com\/watch?v=QlMsEmpdC0E\">Vortrag vom 22.6.2015<\/a> zitiert Mausfeld <a href=\"https:\/\/de.wikipedia.org\/wiki\/Edward_Bernays\">Edward Bernays (1891-1995)<\/a>, einen Neffen Sigmund Freuds. 1949 wurde er von der American Psychological Association f\u00fcr seine Beitr\u00e4ge zur Entwicklung von Techniken der Meinungsmanipulation geehrt:<\/p>\n\n\n\n<blockquote class=\"wp-block-quote is-layout-flow wp-block-quote-is-layout-flow\"><p>Die bewu\u00dfte und intelligente Manipulation der organisierten Gewohnheiten und Meinungen der Massen ist ein wichtiges Element in der demokratischen Gesellschaft. Wer die ungesehenen Gesellschaftsmechanismen manipuliert, bildet eine unsichtbare Regierung, welche die wahre Herrschermacht unseres Landes ist. Wir werden regiert, unser Verstand geformt, unsere Geschm\u00e4cker gebildet, unsere Ideen gr\u00f6\u00dftenteils von M\u00e4nnern suggeriert, von denen wir nie geh\u00f6rt haben. Dies ist ein logisches Ergebnis der Art wie unsere demokratische Gesellschaft organisiert ist. Gro\u00dfe Menschenzahlen m\u00fcssen auf diese Weise kooperieren, wenn sie in einer ausgeglichen funktionierenden Gesellschaft zusammenleben sollen. In beinahe jeder Handlung unseres Lebens, ob in der Sph\u00e4re der Politik oder bei Gesch\u00e4ften, in unserem sozialen Verhalten und unserem ethischen Denken werden wir durch eine relativ geringe Zahl an Personen dominiert, welche die mentalen Prozesse und Verhaltensmuster der Massen verstehen. Sie sind es, die die F\u00e4den ziehen, welche das \u00f6ffentliche Denken kontrollieren.<\/p><p><a href=\"https:\/\/de.wikipedia.org\/wiki\/Edward_Bernays\">Edward Bernay, New York 1928, Liveright<\/a><\/p><\/blockquote>\n\n\n\n<p>Die psychologischen Methoden direkter wie auch\nunterschwelliger Lenkung der Massen sind vielf\u00e4ltig. Das Sch\u00fcren von \u00c4ngsten\ngeh\u00f6rt am prominenter Stelle dazu. Die Kirche st\u00fctzte sich lange besonders auf\ndie Angst der Menschen vor einem \u201eTeufel\u201c. Hitler gewann Zustimmung durch die\nAngst der Menschen vor dem Bolschewismus und die von Hitler erzeugte Angst vor\neinem \u201egef\u00e4hrlichen Weltjudentum\u201c. Die SED ben\u00f6tigte immer \u201eden Klassenfeind\u201c, um\ndie Menschen sozial und politisch zu disziplinieren. <\/p>\n\n\n\n<figure class=\"wp-block-image alignwide size-large\"><img loading=\"lazy\" decoding=\"async\" width=\"188\" height=\"166\" src=\"http:\/\/klauskunze.com\/blog\/wp-content\/uploads\/2020\/03\/propaganda_sm.gif\" alt=\"\" class=\"wp-image-1950\"\/><\/figure>\n\n\n\n<p>Auch bei Angstwellen vor einer Klimakatastrophe, vor\n\u201eHa\u00df und rechtsextremistischer Gewalt\u201c oder dem Corona-Virus\u201c d\u00fcrfen wir immer\nspontan fragen: Wem n\u00fctzt diese konkrete Angst? Wer soll durch sie ein von wem\ngew\u00fcnschtes Verhalten zeigen oder welches Verhalten bleiben lassen? Wessen\nMacht stabilisiert sich darin, wenn Menschen massenhaft die Gebote aus dem\nKlima-Katechismus befolgen, aus Rechtsextremismusfurcht nicht mehr \u201ewir\nDeutsche\u201c zu artikulieren wagen oder nur noch bei Amazon bestellen, weil unsere\nLadeninfrastruktur zerst\u00f6rt ist?<\/p>\n\n\n\n<p>Wem n\u00fctzt es, wenn wir uns pl\u00f6tzlich bis \u00fcber beide\nOhren verschulden, wom\u00f6glich noch f\u00fcr die Schulden von Nachbarn wie Italien\nhaften sollen? Von wem werden wir abh\u00e4ngig?<\/p>\n\n\n\n<blockquote class=\"wp-block-quote is-layout-flow wp-block-quote-is-layout-flow\"><p>Besonders wirksam sind Arten der Manipulation, die direkt auf den Kern unserer mentalen Kapazit\u00e4ten zielen und dazu beitragen, Chaos in den K\u00f6pfen anzurichten, aus dem sich dann politischer Nutzen ziehen l\u00e4\u00dft. Diese Formen der Manipulation will ich, in Ermangelung eines geeigneteren Wortes, Mentalvergiftung nennen. Eine Mentalvergiftung kann auf eher oder auf eher kognitive Bereiche unseres Geistes zielen.<\/p><p>Am einfachsten l\u00e4\u00dft sich dies auf affektivem Wege bewerkstelligen. Durch die Erzeugung von geeigneten intensiven Affekten l\u00e4\u00dft sich das Denken l\u00e4hmen und die Aufmerksamkeit von den eigentlichen Zentren der Macht ablenken und auf jeweils gew\u00fcnschte Ablenkziele und Ablenkthemen richten.<\/p><p>Besonders erfolgversprechend ist dabei die systematische Erzeugung von Angst und Ha\u00df, die seit jeher zu den wirksamsten Instrumenten der Kontrolle der \u00f6ffentlichen Meinung geh\u00f6ren. Lasswell stellte in seinem Standardwerk schon 1927 klar: \u201eEs darf keine Zweifel dar\u00fcber geben, auf wen sich der Ha\u00df der \u00d6ffentlichkeit zu richten hat.\u201c Durch die Erzeugung von Ha\u00df l\u00e4\u00dft sich auch \u00c4ngsten ein geeignetes Zielobjekt geben, auf das sich dann Affekte des Volkes richten k\u00f6nnen. <\/p><cite> Rainer Mausfeld, Die Angst der Machteliten vor dem Volk,  Demokratie-Management durch Soft Power-Techniken, &nbsp;Vortrag IPPNW-Hamburg  (Organisation Jette Limberg-Diers) Steiner-Haus Hamburg, 2. November  2016 <\/cite><\/blockquote>\n\n\n\n<p>Neben der gesch\u00fcrten Angst ist die Kontrolle unserer\nSprache zentral f\u00fcr unsere Beherrschung. Sobald wir nur noch in der Begriffswelt\nunserer heimlichen Herrscher sprechen, k\u00f6nnen wir unsere eigenen Gedanken auch\nnicht mehr denken. Darum soll uns unsere eigene Sprache genommen werden. <\/p>\n\n\n\n<blockquote class=\"wp-block-quote is-layout-flow wp-block-quote-is-layout-flow\"><p>Eine weitere Klasse kognitiver Mentalvergiftung stellen Denunziationsbegriffe und Diffamierungsbegriffe dar. Unter solchen Begriffen erfreuen sich gegenw\u00e4rtig Begriffe wie \u201aQuerfront\u2018, \u201aVerschw\u00f6rungstheorie\u2018, \u201aAntiamerikanismus\u2018, oder \u201aPopulismus\u2018 besonderer Beliebtheit bei den Macht- und Funktionseliten. Diese Begriffe haben eine perfide Logik: Sie beruhen auf einer bestimmten Form einer gedanklichen Verklammerung unterschiedlicher Themenbereiche, durch die suggeriert wird, zwei g\u00e4nzlich unabh\u00e4ngige Themenbereiche seien gleichsam ihrem Wesen nach miteinander verwoben. Auf diese Weise sollen speziell Themen, deren \u00f6ffentliche Diskussion die Machteliten und die sie st\u00fctzenden Elitengruppen als unerw\u00fcnscht und abtr\u00e4glich f\u00fcr ihren Status ansehen, dadurch in Diskredit gebracht werden, da\u00df sie mit Themen verklammert werden, die ge\u00e4chtet sind oder als anr\u00fcchig gelten \u2013 wie etwa rechtsextreme oder rassistische Auffassungen.<\/p><cite> Rainer Mausfeld, Die Angst der Machteliten vor dem Volk,  Demokratie-Management durch Soft Power-Techniken, &nbsp;Vortrag IPPNW-Hamburg  (Organisation Jette Limberg-Diers) Steiner-Haus Hamburg, 2. November  2016 <\/cite><\/blockquote>\n\n\n\n<p>An ihre Stelle treten neue Denkinhalte, entweder durch ganz neue Worte oder, indem man einem altbekannten Wort einen v\u00f6llig anderen Sinn unterschiebt und diesen in ARD und ZdF drei\u00dfigmal t\u00e4glich wiederholt. Immer wiederholt und eingeh\u00e4mmert werden auch zusammenh\u00e4ngende Phrasen und Wendungen wie \u201egegen Ha\u00df und Rechtsextremismus\u201c. Mausfeld weist darauf hin: Selbst wenn ein Einzelner erkennt, da\u00df er hier manipuliert wird, kann er sich, psychologischer Forschung zufolge, nicht vollst\u00e4ndig von der Beeinflussung befreien. Sie haftet zu tief.<\/p>\n\n\n\n<p>Wir hatten nach der Th\u00fcringer Abstimmung \u00fcber den Ministerpr\u00e4sidenten eine massive Welle medienerzeugten Hasses gegen die AfD. Scheinbar standen ihre Machtergreifung und ein Fackelzug durchs Erfurt unmittelbar bevor. Die regierungsamtlich erw\u00fcnschte Angst und der Ha\u00df als ihr Zwillingsbruder wurden auf die AfD fokussiert. Diese Angst wurde durch die neue Corona-Massenhysterie abgel\u00f6st. Angstvoll scharten die Sch\u00e4fchen sich um ihre Mutti. Die AfD verlor kurzfristig 4 Prozentpunkte an Zustimmung.<\/p>\n\n\n\n<p>Es funktioniert!<\/p>\n\n\n\n<p><\/p>\n\n\n\n<h2 class=\"wp-block-heading\">Lesen Sie zum Thema auch:<\/h2>\n\n\n\n<figure class=\"wp-block-embed-wordpress wp-block-embed is-type-wp-embed is-provider-klaus-kunze\"><div class=\"wp-block-embed__wrapper\">\n<blockquote class=\"wp-embedded-content\" data-secret=\"4ROWX7y8VS\"><a href=\"http:\/\/klauskunze.com\/blog\/2020\/04\/21\/die-unmoralische-zwangsmoral-der-corona-verordnungen\/\">Die unmoralische Zwangsmoral der Corona-Verordnungen<\/a><\/blockquote><iframe loading=\"lazy\" class=\"wp-embedded-content\" sandbox=\"allow-scripts\" security=\"restricted\" style=\"position: absolute; clip: rect(1px, 1px, 1px, 1px);\" title=\"&#8222;Die unmoralische Zwangsmoral der Corona-Verordnungen&#8220; &#8212; Klaus Kunze\" src=\"http:\/\/klauskunze.com\/blog\/2020\/04\/21\/die-unmoralische-zwangsmoral-der-corona-verordnungen\/embed\/#?secret=jcKNZsPTbw#?secret=4ROWX7y8VS\" data-secret=\"4ROWX7y8VS\" width=\"600\" height=\"338\" frameborder=\"0\" marginwidth=\"0\" marginheight=\"0\" scrolling=\"no\"><\/iframe>\n<\/div><\/figure>\n\n\n\n<figure class=\"wp-block-embed-wordpress wp-block-embed is-type-wp-embed is-provider-klaus-kunze\"><div class=\"wp-block-embed__wrapper\">\n<blockquote class=\"wp-embedded-content\" data-secret=\"lcROdPnOx9\"><a href=\"http:\/\/klauskunze.com\/blog\/2020\/03\/14\/klima-nazis-corona-wovor-fuerchten-wir-uns-als-naechstes\/\">Klima, Nazis, Corona &#8211; wovor f\u00fcrchten wir uns als n\u00e4chstes?<\/a><\/blockquote><iframe loading=\"lazy\" class=\"wp-embedded-content\" sandbox=\"allow-scripts\" security=\"restricted\" style=\"position: absolute; clip: rect(1px, 1px, 1px, 1px);\" title=\"&#8222;Klima, Nazis, Corona &#8211; wovor f\u00fcrchten wir uns als n\u00e4chstes?&#8220; &#8212; Klaus Kunze\" src=\"http:\/\/klauskunze.com\/blog\/2020\/03\/14\/klima-nazis-corona-wovor-fuerchten-wir-uns-als-naechstes\/embed\/#?secret=Z2pJL74sYA#?secret=lcROdPnOx9\" data-secret=\"lcROdPnOx9\" width=\"600\" height=\"338\" frameborder=\"0\" marginwidth=\"0\" marginheight=\"0\" scrolling=\"no\"><\/iframe>\n<\/div><\/figure>\n\n\n\n<figure class=\"wp-block-embed-wordpress wp-block-embed is-type-wp-embed is-provider-klaus-kunze\"><div class=\"wp-block-embed__wrapper\">\n<blockquote class=\"wp-embedded-content\" data-secret=\"QQFPxKYJ5e\"><a href=\"http:\/\/klauskunze.com\/blog\/2019\/11\/26\/die-deutsch-amerikanische-echokammer\/\">Die deutsch-amerikanische Echokammer<\/a><\/blockquote><iframe loading=\"lazy\" class=\"wp-embedded-content\" sandbox=\"allow-scripts\" security=\"restricted\" style=\"position: absolute; clip: rect(1px, 1px, 1px, 1px);\" title=\"&#8222;Die deutsch-amerikanische Echokammer&#8220; &#8212; Klaus Kunze\" src=\"http:\/\/klauskunze.com\/blog\/2019\/11\/26\/die-deutsch-amerikanische-echokammer\/embed\/#?secret=qD6FipFZiE#?secret=QQFPxKYJ5e\" data-secret=\"QQFPxKYJ5e\" width=\"600\" height=\"338\" frameborder=\"0\" marginwidth=\"0\" marginheight=\"0\" scrolling=\"no\"><\/iframe>\n<\/div><\/figure>\n\n\n\n<figure class=\"wp-block-embed-wordpress wp-block-embed is-type-wp-embed is-provider-klaus-kunze\"><div class=\"wp-block-embed__wrapper\">\n<blockquote class=\"wp-embedded-content\" data-secret=\"tcNDEZiEJy\"><a href=\"http:\/\/klauskunze.com\/blog\/2019\/12\/21\/die-sache-mit-dem-neger\/\">Die Sache mit dem Neger<\/a><\/blockquote><iframe loading=\"lazy\" class=\"wp-embedded-content\" sandbox=\"allow-scripts\" security=\"restricted\" style=\"position: absolute; clip: rect(1px, 1px, 1px, 1px);\" title=\"&#8222;Die Sache mit dem Neger&#8220; &#8212; Klaus Kunze\" src=\"http:\/\/klauskunze.com\/blog\/2019\/12\/21\/die-sache-mit-dem-neger\/embed\/#?secret=g2reLprbPt#?secret=tcNDEZiEJy\" data-secret=\"tcNDEZiEJy\" width=\"600\" height=\"338\" frameborder=\"0\" marginwidth=\"0\" marginheight=\"0\" scrolling=\"no\"><\/iframe>\n<\/div><\/figure>\n","protected":false},"excerpt":{"rendered":"<p>Wie unsere \u00c4ngste gesch\u00fcrt werden und wem sie n\u00fctzen Die Menschen fr\u00fcherer Epochen lebten in der Furcht des Herrn. Aber mehr noch f\u00fcrchteten sie dessen Widersacher, den Teufel. In albtraumhaften Visionen malten Priester die Schrecknisse des Fegefeuers und der H\u00f6lle aus. Nie vers\u00e4umten sie den Hinweis, wer ein ihnen gef\u00e4lliges Leben f\u00fchre, habe nichts zu [&hellip;]<\/p>\n","protected":false},"author":1,"featured_media":1953,"comment_status":"open","ping_status":"open","sticky":false,"template":"","format":"standard","meta":{"h5ap_radio_sources":[],"twitterCardType":"","cardImageID":0,"cardImage":"","cardTitle":"","cardDesc":"","cardImageAlt":"","cardPlayer":"","cardPlayerWidth":0,"cardPlayerHeight":0,"cardPlayerStream":"","cardPlayerCodec":"","footnotes":""},"categories":[1,17],"tags":[],"class_list":["post-1945","post","type-post","status-publish","format-standard","has-post-thumbnail","hentry","category-allgemein","category-politik"],"yoast_head":"<!-- This site is optimized with the Yoast SEO plugin v27.5 - https:\/\/yoast.com\/product\/yoast-seo-wordpress\/ -->\n<title>Die induzierte Angst - Klaus Kunze<\/title>\n<meta name=\"robots\" content=\"index, follow, max-snippet:-1, max-image-preview:large, max-video-preview:-1\" \/>\n<link rel=\"canonical\" href=\"https:\/\/klauskunze.com\/blog\/2020\/03\/29\/die-induzierte-angst\/\" \/>\n<meta property=\"og:locale\" content=\"de_DE\" \/>\n<meta property=\"og:type\" content=\"article\" \/>\n<meta property=\"og:title\" content=\"Die induzierte Angst - Klaus Kunze\" \/>\n<meta property=\"og:description\" content=\"Wie unsere \u00c4ngste gesch\u00fcrt werden und wem sie n\u00fctzen Die Menschen fr\u00fcherer Epochen lebten in der Furcht des Herrn. Aber mehr noch f\u00fcrchteten sie dessen Widersacher, den Teufel. In albtraumhaften Visionen malten Priester die Schrecknisse des Fegefeuers und der H\u00f6lle aus. Nie vers\u00e4umten sie den Hinweis, wer ein ihnen gef\u00e4lliges Leben f\u00fchre, habe nichts zu [&hellip;]\" \/>\n<meta property=\"og:url\" content=\"https:\/\/klauskunze.com\/blog\/2020\/03\/29\/die-induzierte-angst\/\" \/>\n<meta property=\"og:site_name\" content=\"Klaus Kunze\" \/>\n<meta property=\"article:published_time\" content=\"2020-03-29T12:34:15+00:00\" \/>\n<meta property=\"article:modified_time\" content=\"2020-04-21T17:01:48+00:00\" \/>\n<meta property=\"og:image\" content=\"https:\/\/klauskunze.com\/blog\/wp-content\/uploads\/2020\/03\/Zuschneiden_6.jpg\" \/>\n\t<meta property=\"og:image:width\" content=\"1200\" \/>\n\t<meta property=\"og:image:height\" content=\"1053\" \/>\n\t<meta property=\"og:image:type\" content=\"image\/jpeg\" \/>\n<meta name=\"author\" content=\"Klaus Kunze\" \/>\n<meta name=\"twitter:label1\" content=\"Verfasst von\" \/>\n\t<meta name=\"twitter:data1\" content=\"Klaus Kunze\" \/>\n\t<meta name=\"twitter:label2\" content=\"Gesch\u00e4tzte Lesezeit\" \/>\n\t<meta name=\"twitter:data2\" content=\"9\u00a0Minuten\" \/>\n<script type=\"application\/ld+json\" class=\"yoast-schema-graph\">{\"@context\":\"https:\\\/\\\/schema.org\",\"@graph\":[{\"@type\":\"Article\",\"@id\":\"https:\\\/\\\/klauskunze.com\\\/blog\\\/2020\\\/03\\\/29\\\/die-induzierte-angst\\\/#article\",\"isPartOf\":{\"@id\":\"https:\\\/\\\/klauskunze.com\\\/blog\\\/2020\\\/03\\\/29\\\/die-induzierte-angst\\\/\"},\"author\":{\"name\":\"Klaus Kunze\",\"@id\":\"https:\\\/\\\/klauskunze.com\\\/blog\\\/#\\\/schema\\\/person\\\/9c091cf30ab68b897db6a517e3c3b11b\"},\"headline\":\"Die induzierte Angst\",\"datePublished\":\"2020-03-29T12:34:15+00:00\",\"dateModified\":\"2020-04-21T17:01:48+00:00\",\"mainEntityOfPage\":{\"@id\":\"https:\\\/\\\/klauskunze.com\\\/blog\\\/2020\\\/03\\\/29\\\/die-induzierte-angst\\\/\"},\"wordCount\":1808,\"commentCount\":2,\"publisher\":{\"@id\":\"https:\\\/\\\/klauskunze.com\\\/blog\\\/#\\\/schema\\\/person\\\/9c091cf30ab68b897db6a517e3c3b11b\"},\"image\":{\"@id\":\"https:\\\/\\\/klauskunze.com\\\/blog\\\/2020\\\/03\\\/29\\\/die-induzierte-angst\\\/#primaryimage\"},\"thumbnailUrl\":\"https:\\\/\\\/klauskunze.com\\\/blog\\\/wp-content\\\/uploads\\\/2020\\\/03\\\/Zuschneiden_6.jpg\",\"articleSection\":{\"1\":\"Politik\"},\"inLanguage\":\"de\",\"potentialAction\":[{\"@type\":\"CommentAction\",\"name\":\"Comment\",\"target\":[\"https:\\\/\\\/klauskunze.com\\\/blog\\\/2020\\\/03\\\/29\\\/die-induzierte-angst\\\/#respond\"]}]},{\"@type\":\"WebPage\",\"@id\":\"https:\\\/\\\/klauskunze.com\\\/blog\\\/2020\\\/03\\\/29\\\/die-induzierte-angst\\\/\",\"url\":\"https:\\\/\\\/klauskunze.com\\\/blog\\\/2020\\\/03\\\/29\\\/die-induzierte-angst\\\/\",\"name\":\"Die induzierte Angst - Klaus Kunze\",\"isPartOf\":{\"@id\":\"https:\\\/\\\/klauskunze.com\\\/blog\\\/#website\"},\"primaryImageOfPage\":{\"@id\":\"https:\\\/\\\/klauskunze.com\\\/blog\\\/2020\\\/03\\\/29\\\/die-induzierte-angst\\\/#primaryimage\"},\"image\":{\"@id\":\"https:\\\/\\\/klauskunze.com\\\/blog\\\/2020\\\/03\\\/29\\\/die-induzierte-angst\\\/#primaryimage\"},\"thumbnailUrl\":\"https:\\\/\\\/klauskunze.com\\\/blog\\\/wp-content\\\/uploads\\\/2020\\\/03\\\/Zuschneiden_6.jpg\",\"datePublished\":\"2020-03-29T12:34:15+00:00\",\"dateModified\":\"2020-04-21T17:01:48+00:00\",\"breadcrumb\":{\"@id\":\"https:\\\/\\\/klauskunze.com\\\/blog\\\/2020\\\/03\\\/29\\\/die-induzierte-angst\\\/#breadcrumb\"},\"inLanguage\":\"de\",\"potentialAction\":[{\"@type\":\"ReadAction\",\"target\":[\"https:\\\/\\\/klauskunze.com\\\/blog\\\/2020\\\/03\\\/29\\\/die-induzierte-angst\\\/\"]}]},{\"@type\":\"ImageObject\",\"inLanguage\":\"de\",\"@id\":\"https:\\\/\\\/klauskunze.com\\\/blog\\\/2020\\\/03\\\/29\\\/die-induzierte-angst\\\/#primaryimage\",\"url\":\"https:\\\/\\\/klauskunze.com\\\/blog\\\/wp-content\\\/uploads\\\/2020\\\/03\\\/Zuschneiden_6.jpg\",\"contentUrl\":\"https:\\\/\\\/klauskunze.com\\\/blog\\\/wp-content\\\/uploads\\\/2020\\\/03\\\/Zuschneiden_6.jpg\",\"width\":1200,\"height\":1053},{\"@type\":\"BreadcrumbList\",\"@id\":\"https:\\\/\\\/klauskunze.com\\\/blog\\\/2020\\\/03\\\/29\\\/die-induzierte-angst\\\/#breadcrumb\",\"itemListElement\":[{\"@type\":\"ListItem\",\"position\":1,\"name\":\"Startseite\",\"item\":\"https:\\\/\\\/klauskunze.com\\\/blog\\\/\"},{\"@type\":\"ListItem\",\"position\":2,\"name\":\"Die induzierte Angst\"}]},{\"@type\":\"WebSite\",\"@id\":\"https:\\\/\\\/klauskunze.com\\\/blog\\\/#website\",\"url\":\"https:\\\/\\\/klauskunze.com\\\/blog\\\/\",\"name\":\"Klaus Kunze\",\"description\":\"Blog\",\"publisher\":{\"@id\":\"https:\\\/\\\/klauskunze.com\\\/blog\\\/#\\\/schema\\\/person\\\/9c091cf30ab68b897db6a517e3c3b11b\"},\"potentialAction\":[{\"@type\":\"SearchAction\",\"target\":{\"@type\":\"EntryPoint\",\"urlTemplate\":\"https:\\\/\\\/klauskunze.com\\\/blog\\\/?s={search_term_string}\"},\"query-input\":{\"@type\":\"PropertyValueSpecification\",\"valueRequired\":true,\"valueName\":\"search_term_string\"}}],\"inLanguage\":\"de\"},{\"@type\":[\"Person\",\"Organization\"],\"@id\":\"https:\\\/\\\/klauskunze.com\\\/blog\\\/#\\\/schema\\\/person\\\/9c091cf30ab68b897db6a517e3c3b11b\",\"name\":\"Klaus Kunze\",\"image\":{\"@type\":\"ImageObject\",\"inLanguage\":\"de\",\"@id\":\"https:\\\/\\\/secure.gravatar.com\\\/avatar\\\/5cd83cadbada9c331a79952fcca177ed3d3be4c7ad3239b9d934bf84adff15dd?s=96&d=blank&r=g\",\"url\":\"https:\\\/\\\/secure.gravatar.com\\\/avatar\\\/5cd83cadbada9c331a79952fcca177ed3d3be4c7ad3239b9d934bf84adff15dd?s=96&d=blank&r=g\",\"contentUrl\":\"https:\\\/\\\/secure.gravatar.com\\\/avatar\\\/5cd83cadbada9c331a79952fcca177ed3d3be4c7ad3239b9d934bf84adff15dd?s=96&d=blank&r=g\",\"caption\":\"Klaus Kunze\"},\"logo\":{\"@id\":\"https:\\\/\\\/secure.gravatar.com\\\/avatar\\\/5cd83cadbada9c331a79952fcca177ed3d3be4c7ad3239b9d934bf84adff15dd?s=96&d=blank&r=g\"},\"sameAs\":[\"http:\\\/\\\/KlausKunze.com\",\"https:\\\/\\\/x.com\\\/https:\\\/\\\/twitter.com\\\/KlausKunze3\"]}]}<\/script>\n<!-- \/ Yoast SEO plugin. -->","yoast_head_json":{"title":"Die induzierte Angst - Klaus Kunze","robots":{"index":"index","follow":"follow","max-snippet":"max-snippet:-1","max-image-preview":"max-image-preview:large","max-video-preview":"max-video-preview:-1"},"canonical":"https:\/\/klauskunze.com\/blog\/2020\/03\/29\/die-induzierte-angst\/","og_locale":"de_DE","og_type":"article","og_title":"Die induzierte Angst - Klaus Kunze","og_description":"Wie unsere \u00c4ngste gesch\u00fcrt werden und wem sie n\u00fctzen Die Menschen fr\u00fcherer Epochen lebten in der Furcht des Herrn. Aber mehr noch f\u00fcrchteten sie dessen Widersacher, den Teufel. In albtraumhaften Visionen malten Priester die Schrecknisse des Fegefeuers und der H\u00f6lle aus. Nie vers\u00e4umten sie den Hinweis, wer ein ihnen gef\u00e4lliges Leben f\u00fchre, habe nichts zu [&hellip;]","og_url":"https:\/\/klauskunze.com\/blog\/2020\/03\/29\/die-induzierte-angst\/","og_site_name":"Klaus Kunze","article_published_time":"2020-03-29T12:34:15+00:00","article_modified_time":"2020-04-21T17:01:48+00:00","og_image":[{"width":1200,"height":1053,"url":"https:\/\/klauskunze.com\/blog\/wp-content\/uploads\/2020\/03\/Zuschneiden_6.jpg","type":"image\/jpeg"}],"author":"Klaus Kunze","twitter_misc":{"Verfasst von":"Klaus Kunze","Gesch\u00e4tzte Lesezeit":"9\u00a0Minuten"},"schema":{"@context":"https:\/\/schema.org","@graph":[{"@type":"Article","@id":"https:\/\/klauskunze.com\/blog\/2020\/03\/29\/die-induzierte-angst\/#article","isPartOf":{"@id":"https:\/\/klauskunze.com\/blog\/2020\/03\/29\/die-induzierte-angst\/"},"author":{"name":"Klaus Kunze","@id":"https:\/\/klauskunze.com\/blog\/#\/schema\/person\/9c091cf30ab68b897db6a517e3c3b11b"},"headline":"Die induzierte Angst","datePublished":"2020-03-29T12:34:15+00:00","dateModified":"2020-04-21T17:01:48+00:00","mainEntityOfPage":{"@id":"https:\/\/klauskunze.com\/blog\/2020\/03\/29\/die-induzierte-angst\/"},"wordCount":1808,"commentCount":2,"publisher":{"@id":"https:\/\/klauskunze.com\/blog\/#\/schema\/person\/9c091cf30ab68b897db6a517e3c3b11b"},"image":{"@id":"https:\/\/klauskunze.com\/blog\/2020\/03\/29\/die-induzierte-angst\/#primaryimage"},"thumbnailUrl":"https:\/\/klauskunze.com\/blog\/wp-content\/uploads\/2020\/03\/Zuschneiden_6.jpg","articleSection":{"1":"Politik"},"inLanguage":"de","potentialAction":[{"@type":"CommentAction","name":"Comment","target":["https:\/\/klauskunze.com\/blog\/2020\/03\/29\/die-induzierte-angst\/#respond"]}]},{"@type":"WebPage","@id":"https:\/\/klauskunze.com\/blog\/2020\/03\/29\/die-induzierte-angst\/","url":"https:\/\/klauskunze.com\/blog\/2020\/03\/29\/die-induzierte-angst\/","name":"Die induzierte Angst - Klaus Kunze","isPartOf":{"@id":"https:\/\/klauskunze.com\/blog\/#website"},"primaryImageOfPage":{"@id":"https:\/\/klauskunze.com\/blog\/2020\/03\/29\/die-induzierte-angst\/#primaryimage"},"image":{"@id":"https:\/\/klauskunze.com\/blog\/2020\/03\/29\/die-induzierte-angst\/#primaryimage"},"thumbnailUrl":"https:\/\/klauskunze.com\/blog\/wp-content\/uploads\/2020\/03\/Zuschneiden_6.jpg","datePublished":"2020-03-29T12:34:15+00:00","dateModified":"2020-04-21T17:01:48+00:00","breadcrumb":{"@id":"https:\/\/klauskunze.com\/blog\/2020\/03\/29\/die-induzierte-angst\/#breadcrumb"},"inLanguage":"de","potentialAction":[{"@type":"ReadAction","target":["https:\/\/klauskunze.com\/blog\/2020\/03\/29\/die-induzierte-angst\/"]}]},{"@type":"ImageObject","inLanguage":"de","@id":"https:\/\/klauskunze.com\/blog\/2020\/03\/29\/die-induzierte-angst\/#primaryimage","url":"https:\/\/klauskunze.com\/blog\/wp-content\/uploads\/2020\/03\/Zuschneiden_6.jpg","contentUrl":"https:\/\/klauskunze.com\/blog\/wp-content\/uploads\/2020\/03\/Zuschneiden_6.jpg","width":1200,"height":1053},{"@type":"BreadcrumbList","@id":"https:\/\/klauskunze.com\/blog\/2020\/03\/29\/die-induzierte-angst\/#breadcrumb","itemListElement":[{"@type":"ListItem","position":1,"name":"Startseite","item":"https:\/\/klauskunze.com\/blog\/"},{"@type":"ListItem","position":2,"name":"Die induzierte Angst"}]},{"@type":"WebSite","@id":"https:\/\/klauskunze.com\/blog\/#website","url":"https:\/\/klauskunze.com\/blog\/","name":"Klaus Kunze","description":"Blog","publisher":{"@id":"https:\/\/klauskunze.com\/blog\/#\/schema\/person\/9c091cf30ab68b897db6a517e3c3b11b"},"potentialAction":[{"@type":"SearchAction","target":{"@type":"EntryPoint","urlTemplate":"https:\/\/klauskunze.com\/blog\/?s={search_term_string}"},"query-input":{"@type":"PropertyValueSpecification","valueRequired":true,"valueName":"search_term_string"}}],"inLanguage":"de"},{"@type":["Person","Organization"],"@id":"https:\/\/klauskunze.com\/blog\/#\/schema\/person\/9c091cf30ab68b897db6a517e3c3b11b","name":"Klaus Kunze","image":{"@type":"ImageObject","inLanguage":"de","@id":"https:\/\/secure.gravatar.com\/avatar\/5cd83cadbada9c331a79952fcca177ed3d3be4c7ad3239b9d934bf84adff15dd?s=96&d=blank&r=g","url":"https:\/\/secure.gravatar.com\/avatar\/5cd83cadbada9c331a79952fcca177ed3d3be4c7ad3239b9d934bf84adff15dd?s=96&d=blank&r=g","contentUrl":"https:\/\/secure.gravatar.com\/avatar\/5cd83cadbada9c331a79952fcca177ed3d3be4c7ad3239b9d934bf84adff15dd?s=96&d=blank&r=g","caption":"Klaus Kunze"},"logo":{"@id":"https:\/\/secure.gravatar.com\/avatar\/5cd83cadbada9c331a79952fcca177ed3d3be4c7ad3239b9d934bf84adff15dd?s=96&d=blank&r=g"},"sameAs":["http:\/\/KlausKunze.com","https:\/\/x.com\/https:\/\/twitter.com\/KlausKunze3"]}]}},"post_mailing_queue_ids":[],"_links":{"self":[{"href":"https:\/\/klauskunze.com\/blog\/wp-json\/wp\/v2\/posts\/1945","targetHints":{"allow":["GET"]}}],"collection":[{"href":"https:\/\/klauskunze.com\/blog\/wp-json\/wp\/v2\/posts"}],"about":[{"href":"https:\/\/klauskunze.com\/blog\/wp-json\/wp\/v2\/types\/post"}],"author":[{"embeddable":true,"href":"https:\/\/klauskunze.com\/blog\/wp-json\/wp\/v2\/users\/1"}],"replies":[{"embeddable":true,"href":"https:\/\/klauskunze.com\/blog\/wp-json\/wp\/v2\/comments?post=1945"}],"version-history":[{"count":11,"href":"https:\/\/klauskunze.com\/blog\/wp-json\/wp\/v2\/posts\/1945\/revisions"}],"predecessor-version":[{"id":2016,"href":"https:\/\/klauskunze.com\/blog\/wp-json\/wp\/v2\/posts\/1945\/revisions\/2016"}],"wp:featuredmedia":[{"embeddable":true,"href":"https:\/\/klauskunze.com\/blog\/wp-json\/wp\/v2\/media\/1953"}],"wp:attachment":[{"href":"https:\/\/klauskunze.com\/blog\/wp-json\/wp\/v2\/media?parent=1945"}],"wp:term":[{"taxonomy":"category","embeddable":true,"href":"https:\/\/klauskunze.com\/blog\/wp-json\/wp\/v2\/categories?post=1945"},{"taxonomy":"post_tag","embeddable":true,"href":"https:\/\/klauskunze.com\/blog\/wp-json\/wp\/v2\/tags?post=1945"}],"curies":[{"name":"wp","href":"https:\/\/api.w.org\/{rel}","templated":true}]}}