{"id":2003,"date":"2020-04-21T10:54:53","date_gmt":"2020-04-21T08:54:53","guid":{"rendered":"http:\/\/klauskunze.com\/blog\/?p=2003"},"modified":"2020-04-21T19:00:59","modified_gmt":"2020-04-21T17:00:59","slug":"die-unmoralische-zwangsmoral-der-corona-verordnungen","status":"publish","type":"post","link":"https:\/\/klauskunze.com\/blog\/2020\/04\/21\/die-unmoralische-zwangsmoral-der-corona-verordnungen\/","title":{"rendered":"Die unmoralische Zwangsmoral der Corona-Verordnungen"},"content":{"rendered":"\n<h2 class=\"has-text-align-center wp-block-heading\">Wie sich die Moral selbst ad absurdum f\u00fchrt<\/h2>\n\n\n\n<p>Moral hat Hochkonjunktur. In unserem Lande wird moralisiert\nwie noch nie. Die Corona-Epidemie in Deutschland zeigt uns dabei die Schw\u00e4chen\nmoralisierender Appelle erbarmungslos auf. Wo Moral an Realit\u00e4t st\u00f6\u00dft, kann sie\ndas Leben unlebbar machen und b\u00fc\u00dft sie ihren Alleinherrschaftsanspruch ein.<\/p>\n\n\n\n<p>Moral entspringt menschlicher Denkt\u00e4tigkeit Wo Moralisten eine Herrschaft der Moral fordern, verlangen sie tats\u00e4chlich die Herrschaft derjenigen Menschen, die eine Kompetenz f\u00fcr sich beanspruchen, \u00fcber den konkreten Inhalt der Moral und ihre Anwendung auf den Einzelfall bestens bescheid zu wissen. Das sind die beruflichen Moralphilosophen, es sind die Theologen, die schon immer zu wissen meinten, was gut und b\u00f6se sei, und es sind Parteipolitiker. Diese halten rein zuf\u00e4llig immer genau dasjenige f\u00fcr moralisch geboten, was ihre Machtambitionen st\u00fctzt.<\/p>\n\n\n\n<p>Zur Zeit d\u00fcrfen wir alle unsere Grund- und\nFreiheitsrechte nicht im Rahmen des sonst geltenden Rechts aus\u00fcben. Die\nstaatlichen Verbote werden damit begr\u00fcndet, die Moral gebiete sie, sonst\nst\u00fcrben Menschen.<\/p>\n\n\n\n<p>Nun geht es praktisch nicht um eine staatliche\nLizenz zum T\u00f6ten, wenn Gastwirte wieder \u00f6ffnen wollen. Es geht tats\u00e4chlich um\ndas strikte Verbot, durch sein eigenes Handeln das Sterberisiko anderer\nMenschen zu erh\u00f6hen. Dieses Sterberisiko wird sonst als Bestandteil des eigenen\nLebensrisikos gesehen. Wir verbieten nicht das Autofahren trotz Tausender\nVerkehrstoter und den Alkohol trotz Tausender alkoholkranker Todesopfer.&nbsp; Bei Anwendung derselben absoluten\nMoralma\u00dfst\u00e4be wie in der Corona-Frage m\u00fc\u00dften wir das eigentlich. Aber wollen\nwir einen so \u00fcbergriffigen Staat, der uns zu unserem Besten zwingt?<\/p>\n\n\n\n<p>Kein Moralisieren hilft hier weiter. Jede absolut\ngesetzte Moral ist selbst ein \u00dcbel. Sie verdr\u00e4ngt unsere freie Entscheidung und\nunsere M\u00fcndigkeit. <\/p>\n\n\n\n<blockquote class=\"wp-block-quote is-layout-flow wp-block-quote-is-layout-flow\"><p>Die Rhetorik der Angst kennt keine Fragen, nur Antworten. Ihr Sujet ist das Absolute, ihre Grammatik die der Verf\u00fcgung. Wer abw\u00e4gt oder nach der Verh\u00e4ltnism\u00e4\u00dfigkeit der angeordneten Ma\u00dfnahmen fragt, setzt sich dem Vorwurf aus, es mit der Moral nicht so genau zu nehmen. Er wolle wohl Wirtschaftsdaten gegen Menschenleben aufrechnen, hei\u00dft es dann. Dabei m\u00fc\u00dfte man aus meiner Sicht im Gegenteil viel mehr fragen und abw\u00e4gen.<\/p><p>Hat jemand die Alten gefragt, ob sie die v\u00f6llige Isolation wollen?<\/p><p>Es werden jetzt verschiedene Modelle erwogen. Eines sieht vor, da\u00df man alles tut, um die Alten und Schwachen zu sch\u00fctzen. Das klingt christlich. Aber hat jemand die Alten und Schwachen gefragt, ob sie wirklich alle den maximalen medizinischen Schutz wollen? Ist es nicht vorstellbar, da\u00df viele Menschen ab einem gewissen Alter finden, da\u00df ein Leben in der Selbstisolation es nicht wert ist, da\u00df man daf\u00fcr nahezu alles an sozialer Begegnung opfert?<\/p><cite> <a href=\"https:\/\/de.wikipedia.org\/wiki\/Jan_Fleischhauer\">Jan Fleischhauer<\/a>, Rhetorik der Angst: Wie die Regierung die Deutschen in die Corona-Starre versetzt,<a href=\"http:\/\/Jan Fleischhauer, Rhetorik der Angst: Wie die Regierung die Deutschen in die Corona-Starre versetzt, FOCUS online 18.4.2020-04-https:\/\/www.focus.de\/politik\/deutschland\/schwarzer-kanal\/die-focus-kolumne-von-jan-fleischhauer-rhetorik-der-angst-wie-die-politik-die-buerger-in-der-corona-starre-zu-halten-versucht_id_11896042.html\"> FOCUS online 18.4.2020<\/a> <\/cite><\/blockquote>\n\n\n\n<p>Wer die Reduzierung des Sterberisikos aller Menschen als Wert absolut setzt, vergi\u00dft, da\u00df ihr Leben f\u00fcr viele Menschen kein Selbstzweck ist. Oft wurden gerade solche Menschen besonders geliebt und bewundert, die ihr Leben f\u00fcr andere aufgeopfert haben. Aber nicht nur sterben kann man f\u00fcr einen geliebten Anderen. Unz\u00e4hlige Menschen haben in der Geschichte schon ihr Leben dem uneigenn\u00fctzigen Dienst an ihren Mitmenschen geweiht. Wer seine Identit\u00e4t darauf gr\u00fcndet, f\u00fcr bestimmte geliebte Menschen da zu sein, mu\u00df selbst entscheiden d\u00fcrfen, ob er sein Sterberisiko durch pers\u00f6nliche Kontakte erh\u00f6ht. Manche Menschen sehen ein Leben in der Isolation zum Beispiel eines Altersheims als sinnlos an. Da\u00df uns die pers\u00f6nliche Entscheidung durch strikte Verbote abgenommen wird, f\u00fchrt tagt\u00e4glich zu ungez\u00e4hltem menschlichen Leid:<\/p>\n\n\n\n<blockquote class=\"wp-block-quote is-layout-flow wp-block-quote-is-layout-flow\"><p>An dieser Stelle erlaube ich mir eine ganz pers\u00f6nliche Einsch\u00e4tzung. Am Mittwoch vergangener Woche ist mein Vater in einem Altenheim in Hamburg gestorben. Er war 90 Jahre alt. Das Ende hatte sich seit einigen Wochen angek\u00fcndigt, dennoch blieb meinem Bruder und mir keine Gelegenheit mehr, uns von ihm zu verabschieden.&nbsp;<\/p><p>Das Altenheim l\u00e4\u00dft seit M\u00e4rz keine Verwandtenbesuche mehr zu, um die Bewohner nicht zu gef\u00e4hrden. Nur f\u00fcr meine Mutter wurde eine Ausnahme gemacht. Ich bin daf\u00fcr dankbar. Auch wenn mein Vater in den letzten Monaten nicht mehr alles mitbekam, was um ihn herum geschah, so sp\u00fcrte er doch, wenn jemand von uns im Raum war. Es w\u00fcrde mich sehr qu\u00e4len, wenn ich w\u00fc\u00dfte, da\u00df er v\u00f6llig vereinsamt gestorben w\u00e4re.<\/p><p>Ich habe Verst\u00e4ndnis f\u00fcr die Quarant\u00e4nebestimmungen. Nat\u00fcrlich frage ich mich manchmal, ob eine Verl\u00e4ngerung des Lebens um einige Wochen oder Monate den Preis wert ist, den man daf\u00fcr entrichten mu\u00df. Aber so ist es nun einmal entschieden worden. Au\u00dferdem sind nicht alle im Heim so alt, wie mein Vater es war. Jeder trifft f\u00fcr sich eine andere Risikoabw\u00e4gung.<\/p><p>Ich habe nur einen Wunsch. Ich will nicht mehr h\u00f6ren, da\u00df ich gut reden h\u00e4tte. Meine Familie hat ihren Preis f\u00fcr die Einhaltung der Corona-Regeln bezahlt, w\u00fcrde ich sagen. Ich wei\u00df im Gegensatz zu manchen, die auf der Kanzel stehen und \u00fcber den Wert des Lebens predigen, was es hei\u00dft, wenn der Schutz desselben absolut gesetzt wird.<\/p><cite>Jan Fleischhauer im Focus<\/cite><\/blockquote>\n\n\n\n<p>Im Konflikt zwischen der Verminderung der\nSterberisiken und den menschlichen Bed\u00fcrfnissen nach sozialem Leben hilft uns\ndie Moral nicht weiter. Sie beruht n\u00e4mlich auf starren Prinzipien. Einen\nanderen nicht in Lebensgefahr zu bringen ist ebenso ein moralisches Prinzip,\nwie ihn nicht vereinsamen zu lassen. Hier mu\u00df die Fachphilosophie zugeben:<\/p>\n\n\n\n<blockquote class=\"wp-block-quote is-layout-flow wp-block-quote-is-layout-flow\"><p>Sowohl innerhalb der Medizin als zwischen den verschiedenen Kr\u00e4ften der Gesellschaft entstehen dilemmatische Situationen. Das sind solche, in denen Konflikte zwischen moralischen Prinzipien unl\u00f6sbar werden: Egal was man tut, man macht schlie\u00dflich etwas Falsches. [&#8230;]<\/p><p>Auf die Frage, wie viele \u201eOpfer\u201c die Gesellschaft f\u00fcr die Rettung der Corona-Patienten bringen soll, scheint es \u2013 zumindest aus der strengen Perspektive einer Pflicht- oder Prinzipienethik \u2013 nur eine Antwort zu geben: Die Rettung menschlichen Lebens \u00fcbertrumpft wohl als h\u00f6heres Gebot der Medizin die wirtschaftlichen R\u00fccksichten. Der Vorwurf, man opfere \u00e4ltere und gesundheitlich fragile Patienten sozialen und wirtschaftlichen Interessen, klingt ungeheuerlich.<\/p><cite> <a href=\"https:\/\/en.wikipedia.org\/wiki\/Veronique_Zanetti\">V\u00e9ronique Zanetti<\/a>, <a href=\"https:\/\/www.praefaktisch.de\/covid-19\/die-unausweichliche-tragik-moralischer-kompromisse-warum-wir-nicht-mit-guten-gewissen-aus-der-aktuellen-lage-herauskommen-sind-kompromisse-in-der-moral-tabu\/?fbclid=IwAR1rSCihVNRnw8xIX_z6E2Vapi_vulkX-yXj6yteaHXHgWH7HIT-xiodB8E\">Die  unausweichliche Tragik moralischer Kompromisse. Warum wir nicht mit  guten Gewissen aus der aktuellen Lage herauskommen. Sind Kompromisse in  der Moral tabu? <\/a><\/cite><\/blockquote>\n\n\n\n<p>Die Philosophin empfielt Kompromisse als zweitbeste L\u00f6sung. Es liegt allerdings in der Natur moralischer Prinzipien, da\u00df jedes Prinzip f\u00fcr sich genommen keinem Kompromi\u00df zug\u00e4nglich ist. Jede Einschr\u00e4nkung w\u00fcrde es verletzen. Dementsprechend rigide argumentieren ja auch unsere Regierungsmoralisten: Der Wert menschlichen Lebens ist keinem Kompromi\u00df zug\u00e4nglich. Zanetti gibt zu: &#8222;Gibt es nicht, wie auf der Waage, ein gemeinsames Ma\u00df f\u00fcr die gegeneinander abzuw\u00e4genden G\u00fcter, sind sie unvergleichbar, l\u00e4\u00dft uns die Metapher des Abw\u00e4gens oder des Sich-in-der-Mitte-Treffens im Stich.&#8220;<\/p>\n\n\n\n<p>Bei allem wird stillschweigend vorausgesetzt, da\u00df\nUngehorsam gegen\u00fcber den staatlichen Freiheitsbeschr\u00e4nkungen unweigerlich zum\nTod von Menschen f\u00fchrt. Tats\u00e4chlich wird aber lediglich das Sterberisiko\nerh\u00f6ht, und zwar auch nur dann, wenn es sich nicht durch geeignete\nSchutzma\u00dfnahmen wieder reduzieren l\u00e4\u00dft. Trotz Verkehrsunfalltoter fahren wir\nAuto, denn es gibt ja eine Stra\u00dfenverkehrsordnung. Von technischem Versagen\nabgesehen d\u00fcrfte niemand zu Schaden kommen, wenn alle Menschen alle ihre Regeln\nachten w\u00fcrden.<\/p>\n\n\n\n<p>Wenn die Moral also aus ihren Prinzipien heraus\nunf\u00e4hig ist, zu einem verbindlichen Ergebnis zu gelangen, steht sie insgesamt\nals handlungsleitende Idee in Frage:<\/p>\n\n\n\n<blockquote class=\"wp-block-quote is-layout-flow wp-block-quote-is-layout-flow\"><p>Wir sind davon ausgegangen, da\u00df wir mit einer tragischen Entscheidung konfrontiert sind, mit einer Situation also, in der eine Abw\u00e4gung zwischen allgemeiner N\u00fctzlichkeit und Rechten (\u201aKosten\u2018) sich nicht praktizieren l\u00e4\u00dft, ohne dabei grunds\u00e4tzliche Prinzipien der Moral zu relativieren. F\u00fcr diejenigen, die bestreiten, da\u00df es solche Prinzipien gibt oder da\u00df sie untereinander in unaufl\u00f6sbaren Konflikten st\u00fcnden, stellt sich das Problem nicht.&nbsp; <\/p><cite>V\u00e9ronique Zanetti, ebenda<\/cite><\/blockquote>\n\n\n\n<p>Zwischen staatlichem Recht und moralischen Bedenken\nbesteht ein klarer Unterschied: Das staatliche Recht ist ein uns von\nherrschenden Menschen aufgegebener Befehl, an den wir uns halten m\u00fcssen. Es\ngibt aber keine &#8222;herrschende Moral&#8220;, die uns zwingen k\u00f6nnte. Es\ngeh\u00f6rt zu den gro\u00dfen Errungenschaften der Aufkl\u00e4rung, da\u00df wir uns von\nmagischen, religi\u00f6sen und anderen metaphysischen Vorstellungen befreit haben.\nJedermann kann sich seine eigene Moral ausdenken. Es gibt so viele Moralen wie\nes verschieden denkende Menschen gibt. Moral ist unverbindlich, historisch\nzeitbedingt, kulturell bedingt und von pers\u00f6nlichen Interessen abh\u00e4ngig.<\/p>\n\n\n\n<p>Jeder kann sich klar machen: Meine Moral geh\u00f6rt mir. Ihre Prinzipien habe ich mir selbst gebildet. Sie helfen mir beim Denken und Beurteilen. Sie d\u00fcrfen es aber nicht beherrschen. Unter dem Eindruck neuer Lebenserfahrungen kann ich mich &#8222;moralisch&#8220; weiterentwickeln. Was ich im Leben f\u00fcr wertvoll halte und welche Wertprinzipien zu mir passen, kann ich \u00e4ndern. Untaugliche Prinzipien darf ich \u00fcber Bord werfen. <\/p>\n\n\n\n<p>Ich bin &#8222;moralisch&#8220; nur mir selbst und meinem Gewissen verantwortlich. Niemand anderes darf sich zum H\u00fcter meines Gewissens aufschwingen. <\/p>\n\n\n\n<p>Es wird von Manchem so vieles in den Begriff der Menschenw\u00fcrde hineininterpretiert, vom berechtigten Anspruch, nicht gefoltert zu werden, bis zu zweifelhaften Anspr\u00fcchen etwa auf ein &#8222;Grundeinkommen&#8220; und einen Fernseher f\u00fcr alle. <\/p>\n\n\n\n<p>Der Kern meiner Menschenw\u00fcrde besteht aber in meiner\nmoralischen Selbstbestimmung entgegen jedem staatlichen und gesellschaftlichen\nMoraldruck. Historisch hat sich die Idee der Menschenw\u00fcrde gebildet anhand der\nchristlichen Vorstellung von der &#8222;W\u00fcrde&#8220; eines Sch\u00f6pfergottes, selbst\nnicht geschaffen sei er der freie Urheber auch moralischer Gebote. Analog\nbedeutet Menschenw\u00fcrde in heutigem Verst\u00e4ndnis, da\u00df jeder frei seine eigene\n&#8222;Moral&#8220; erschaffen darf. <\/p>\n\n\n\n<p>Darum mag der Staat Gesetze erlassen, an die wir uns halten m\u00fcssen. Er sollte aber zur Begr\u00fcndung das Gemeinwohl heranziehen und nicht irgendeine parteipolitisch gew\u00fcnschte Moral. In der Stra\u00dfenbahn einen Mundschutz zu tragen, um andere nicht zu gef\u00e4hrden, leuchtet ein. Aber ob ein m\u00fcndiger B\u00fcrger sich selbst gef\u00e4hrdet, mu\u00df er selbst entscheiden d\u00fcrfen. So mancher Hochbetagte in einem Pflegeheim sehnt sich nach menschlicher Zuwendung und Besuch seiner Nachkommen. Der eine oder andere wei\u00df, vielleicht \u00e4rztlich, da\u00df seine Tage gez\u00e4hlt sind.<\/p>\n\n\n\n<figure class=\"wp-block-image alignwide size-large\"><img loading=\"lazy\" decoding=\"async\" width=\"1024\" height=\"748\" src=\"http:\/\/klauskunze.com\/blog\/wp-content\/uploads\/2020\/04\/Caspar_David_Friedrich_066-1024x748.jpg\" alt=\"\" class=\"wp-image-2005\" srcset=\"https:\/\/klauskunze.com\/blog\/wp-content\/uploads\/2020\/04\/Caspar_David_Friedrich_066-1024x748.jpg 1024w, https:\/\/klauskunze.com\/blog\/wp-content\/uploads\/2020\/04\/Caspar_David_Friedrich_066-300x219.jpg 300w, https:\/\/klauskunze.com\/blog\/wp-content\/uploads\/2020\/04\/Caspar_David_Friedrich_066-768x561.jpg 768w, https:\/\/klauskunze.com\/blog\/wp-content\/uploads\/2020\/04\/Caspar_David_Friedrich_066-1536x1121.jpg 1536w, https:\/\/klauskunze.com\/blog\/wp-content\/uploads\/2020\/04\/Caspar_David_Friedrich_066-900x657.jpg 900w, https:\/\/klauskunze.com\/blog\/wp-content\/uploads\/2020\/04\/Caspar_David_Friedrich_066-1280x934.jpg 1280w, https:\/\/klauskunze.com\/blog\/wp-content\/uploads\/2020\/04\/Caspar_David_Friedrich_066.jpg 1956w\" sizes=\"auto, (max-width: 1024px) 100vw, 1024px\" \/><figcaption>Einsamkeit oder Tod? Die Frage sollte sich jeder selbstbestimmt beantworten d\u00fcrfen.<br>(Caspar David Friedrich, Grab des Malers Gerhard von K\u00fcgelgen)<\/figcaption><\/figure>\n\n\n\n<p>Leben und Sterben in menschlicher W\u00fcrde verlangt, jeden selbst entscheiden zu lassen, ob und welchem Risiko er sich aussetzt. Im WDR-Radio erz\u00e4hlte ein alter Mann, isoliert wie er jetzt zwangsweise sei, f\u00fchle er sich &#8222;lebendig begraben&#8220;. <\/p>\n\n\n\n<p>Millionen Menschen quasi Stubenarrest zu geben und sie gegen ihren Willen von ihren Mitmenschen abzuschneiden, ist das nicht &#8211; unmoralisch? <\/p>\n\n\n\n<p><\/p>\n\n\n\n<h2 class=\"wp-block-heading\">Lesen Sie zum Thema &#8222;Angst&#8220; auch:<\/h2>\n\n\n\n<figure class=\"wp-block-embed-wordpress wp-block-embed is-type-wp-embed is-provider-klaus-kunze\"><div class=\"wp-block-embed__wrapper\">\n<blockquote class=\"wp-embedded-content\" data-secret=\"TJTaMEht7Z\"><a href=\"http:\/\/klauskunze.com\/blog\/2020\/03\/29\/die-induzierte-angst\/\">Die induzierte Angst<\/a><\/blockquote><iframe loading=\"lazy\" class=\"wp-embedded-content\" sandbox=\"allow-scripts\" security=\"restricted\" style=\"position: absolute; clip: rect(1px, 1px, 1px, 1px);\" title=\"&#8222;Die induzierte Angst&#8220; &#8212; Klaus Kunze\" src=\"http:\/\/klauskunze.com\/blog\/2020\/03\/29\/die-induzierte-angst\/embed\/#?secret=Neh16LEtx2#?secret=TJTaMEht7Z\" data-secret=\"TJTaMEht7Z\" width=\"600\" height=\"338\" frameborder=\"0\" marginwidth=\"0\" marginheight=\"0\" scrolling=\"no\"><\/iframe>\n<\/div><\/figure>\n\n\n\n<figure class=\"wp-block-embed-wordpress wp-block-embed is-type-wp-embed is-provider-klaus-kunze\"><div class=\"wp-block-embed__wrapper\">\n<blockquote class=\"wp-embedded-content\" data-secret=\"CXvLXNDs9m\"><a href=\"http:\/\/klauskunze.com\/blog\/2020\/03\/14\/klima-nazis-corona-wovor-fuerchten-wir-uns-als-naechstes\/\">Klima, Nazis, Corona &#8211; wovor f\u00fcrchten wir uns als n\u00e4chstes?<\/a><\/blockquote><iframe loading=\"lazy\" class=\"wp-embedded-content\" sandbox=\"allow-scripts\" security=\"restricted\" style=\"position: absolute; clip: rect(1px, 1px, 1px, 1px);\" title=\"&#8222;Klima, Nazis, Corona &#8211; wovor f\u00fcrchten wir uns als n\u00e4chstes?&#8220; &#8212; Klaus Kunze\" src=\"http:\/\/klauskunze.com\/blog\/2020\/03\/14\/klima-nazis-corona-wovor-fuerchten-wir-uns-als-naechstes\/embed\/#?secret=eBSUKJYNIG#?secret=CXvLXNDs9m\" data-secret=\"CXvLXNDs9m\" width=\"600\" height=\"338\" frameborder=\"0\" marginwidth=\"0\" marginheight=\"0\" scrolling=\"no\"><\/iframe>\n<\/div><\/figure>\n\n\n\n<figure class=\"wp-block-embed-wordpress wp-block-embed is-type-wp-embed is-provider-klaus-kunze\"><div class=\"wp-block-embed__wrapper\">\n<blockquote class=\"wp-embedded-content\" data-secret=\"Bd30NE5JMl\"><a href=\"http:\/\/klauskunze.com\/blog\/2020\/03\/05\/gesellschaft-der-opfer-woher-angst-und-hass-kommen\/\">Gesellschaft der Opfer &#8211; woher Angst und Ha\u00df kommen<\/a><\/blockquote><iframe loading=\"lazy\" class=\"wp-embedded-content\" sandbox=\"allow-scripts\" security=\"restricted\" style=\"position: absolute; clip: rect(1px, 1px, 1px, 1px);\" title=\"&#8222;Gesellschaft der Opfer &#8211; woher Angst und Ha\u00df kommen&#8220; &#8212; Klaus Kunze\" src=\"http:\/\/klauskunze.com\/blog\/2020\/03\/05\/gesellschaft-der-opfer-woher-angst-und-hass-kommen\/embed\/#?secret=4FfyA1xN3U#?secret=Bd30NE5JMl\" data-secret=\"Bd30NE5JMl\" width=\"600\" height=\"338\" frameborder=\"0\" marginwidth=\"0\" marginheight=\"0\" scrolling=\"no\"><\/iframe>\n<\/div><\/figure>\n","protected":false},"excerpt":{"rendered":"<p>Wie sich die Moral selbst ad absurdum f\u00fchrt Moral hat Hochkonjunktur. In unserem Lande wird moralisiert wie noch nie. Die Corona-Epidemie in Deutschland zeigt uns dabei die Schw\u00e4chen moralisierender Appelle erbarmungslos auf. Wo Moral an Realit\u00e4t st\u00f6\u00dft, kann sie das Leben unlebbar machen und b\u00fc\u00dft sie ihren Alleinherrschaftsanspruch ein. Moral entspringt menschlicher Denkt\u00e4tigkeit Wo Moralisten [&hellip;]<\/p>\n","protected":false},"author":1,"featured_media":2005,"comment_status":"open","ping_status":"open","sticky":false,"template":"","format":"standard","meta":{"h5ap_radio_sources":[],"twitterCardType":"","cardImageID":0,"cardImage":"","cardTitle":"","cardDesc":"","cardImageAlt":"","cardPlayer":"","cardPlayerWidth":0,"cardPlayerHeight":0,"cardPlayerStream":"","cardPlayerCodec":"","footnotes":""},"categories":[1,20,17],"tags":[],"class_list":["post-2003","post","type-post","status-publish","format-standard","has-post-thumbnail","hentry","category-allgemein","category-philosophie","category-politik"],"yoast_head":"<!-- This site is optimized with the Yoast SEO plugin v27.5 - https:\/\/yoast.com\/product\/yoast-seo-wordpress\/ -->\n<title>Die unmoralische Zwangsmoral der Corona-Verordnungen - Klaus Kunze<\/title>\n<meta name=\"robots\" content=\"index, follow, max-snippet:-1, max-image-preview:large, max-video-preview:-1\" \/>\n<link rel=\"canonical\" href=\"https:\/\/klauskunze.com\/blog\/2020\/04\/21\/die-unmoralische-zwangsmoral-der-corona-verordnungen\/\" \/>\n<meta property=\"og:locale\" content=\"de_DE\" \/>\n<meta property=\"og:type\" content=\"article\" \/>\n<meta property=\"og:title\" content=\"Die unmoralische Zwangsmoral der Corona-Verordnungen - Klaus Kunze\" \/>\n<meta property=\"og:description\" content=\"Wie sich die Moral selbst ad absurdum f\u00fchrt Moral hat Hochkonjunktur. In unserem Lande wird moralisiert wie noch nie. Die Corona-Epidemie in Deutschland zeigt uns dabei die Schw\u00e4chen moralisierender Appelle erbarmungslos auf. Wo Moral an Realit\u00e4t st\u00f6\u00dft, kann sie das Leben unlebbar machen und b\u00fc\u00dft sie ihren Alleinherrschaftsanspruch ein. Moral entspringt menschlicher Denkt\u00e4tigkeit Wo Moralisten [&hellip;]\" \/>\n<meta property=\"og:url\" content=\"https:\/\/klauskunze.com\/blog\/2020\/04\/21\/die-unmoralische-zwangsmoral-der-corona-verordnungen\/\" \/>\n<meta property=\"og:site_name\" content=\"Klaus Kunze\" \/>\n<meta property=\"article:published_time\" content=\"2020-04-21T08:54:53+00:00\" \/>\n<meta property=\"article:modified_time\" content=\"2020-04-21T17:00:59+00:00\" \/>\n<meta property=\"og:image\" content=\"https:\/\/klauskunze.com\/blog\/wp-content\/uploads\/2020\/04\/Caspar_David_Friedrich_066-1024x748.jpg\" \/>\n\t<meta property=\"og:image:width\" content=\"1024\" \/>\n\t<meta property=\"og:image:height\" content=\"748\" \/>\n\t<meta property=\"og:image:type\" content=\"image\/jpeg\" \/>\n<meta name=\"author\" content=\"Klaus Kunze\" \/>\n<meta name=\"twitter:label1\" content=\"Verfasst von\" \/>\n\t<meta name=\"twitter:data1\" content=\"Klaus Kunze\" \/>\n\t<meta name=\"twitter:label2\" content=\"Gesch\u00e4tzte Lesezeit\" \/>\n\t<meta name=\"twitter:data2\" content=\"9\u00a0Minuten\" \/>\n<script type=\"application\/ld+json\" class=\"yoast-schema-graph\">{\"@context\":\"https:\\\/\\\/schema.org\",\"@graph\":[{\"@type\":\"Article\",\"@id\":\"https:\\\/\\\/klauskunze.com\\\/blog\\\/2020\\\/04\\\/21\\\/die-unmoralische-zwangsmoral-der-corona-verordnungen\\\/#article\",\"isPartOf\":{\"@id\":\"https:\\\/\\\/klauskunze.com\\\/blog\\\/2020\\\/04\\\/21\\\/die-unmoralische-zwangsmoral-der-corona-verordnungen\\\/\"},\"author\":{\"name\":\"Klaus Kunze\",\"@id\":\"https:\\\/\\\/klauskunze.com\\\/blog\\\/#\\\/schema\\\/person\\\/9c091cf30ab68b897db6a517e3c3b11b\"},\"headline\":\"Die unmoralische Zwangsmoral der Corona-Verordnungen\",\"datePublished\":\"2020-04-21T08:54:53+00:00\",\"dateModified\":\"2020-04-21T17:00:59+00:00\",\"mainEntityOfPage\":{\"@id\":\"https:\\\/\\\/klauskunze.com\\\/blog\\\/2020\\\/04\\\/21\\\/die-unmoralische-zwangsmoral-der-corona-verordnungen\\\/\"},\"wordCount\":1776,\"commentCount\":2,\"publisher\":{\"@id\":\"https:\\\/\\\/klauskunze.com\\\/blog\\\/#\\\/schema\\\/person\\\/9c091cf30ab68b897db6a517e3c3b11b\"},\"image\":{\"@id\":\"https:\\\/\\\/klauskunze.com\\\/blog\\\/2020\\\/04\\\/21\\\/die-unmoralische-zwangsmoral-der-corona-verordnungen\\\/#primaryimage\"},\"thumbnailUrl\":\"https:\\\/\\\/klauskunze.com\\\/blog\\\/wp-content\\\/uploads\\\/2020\\\/04\\\/Caspar_David_Friedrich_066.jpg\",\"articleSection\":{\"1\":\"Philosophie\",\"2\":\"Politik\"},\"inLanguage\":\"de\",\"potentialAction\":[{\"@type\":\"CommentAction\",\"name\":\"Comment\",\"target\":[\"https:\\\/\\\/klauskunze.com\\\/blog\\\/2020\\\/04\\\/21\\\/die-unmoralische-zwangsmoral-der-corona-verordnungen\\\/#respond\"]}]},{\"@type\":\"WebPage\",\"@id\":\"https:\\\/\\\/klauskunze.com\\\/blog\\\/2020\\\/04\\\/21\\\/die-unmoralische-zwangsmoral-der-corona-verordnungen\\\/\",\"url\":\"https:\\\/\\\/klauskunze.com\\\/blog\\\/2020\\\/04\\\/21\\\/die-unmoralische-zwangsmoral-der-corona-verordnungen\\\/\",\"name\":\"Die unmoralische Zwangsmoral der Corona-Verordnungen - Klaus Kunze\",\"isPartOf\":{\"@id\":\"https:\\\/\\\/klauskunze.com\\\/blog\\\/#website\"},\"primaryImageOfPage\":{\"@id\":\"https:\\\/\\\/klauskunze.com\\\/blog\\\/2020\\\/04\\\/21\\\/die-unmoralische-zwangsmoral-der-corona-verordnungen\\\/#primaryimage\"},\"image\":{\"@id\":\"https:\\\/\\\/klauskunze.com\\\/blog\\\/2020\\\/04\\\/21\\\/die-unmoralische-zwangsmoral-der-corona-verordnungen\\\/#primaryimage\"},\"thumbnailUrl\":\"https:\\\/\\\/klauskunze.com\\\/blog\\\/wp-content\\\/uploads\\\/2020\\\/04\\\/Caspar_David_Friedrich_066.jpg\",\"datePublished\":\"2020-04-21T08:54:53+00:00\",\"dateModified\":\"2020-04-21T17:00:59+00:00\",\"breadcrumb\":{\"@id\":\"https:\\\/\\\/klauskunze.com\\\/blog\\\/2020\\\/04\\\/21\\\/die-unmoralische-zwangsmoral-der-corona-verordnungen\\\/#breadcrumb\"},\"inLanguage\":\"de\",\"potentialAction\":[{\"@type\":\"ReadAction\",\"target\":[\"https:\\\/\\\/klauskunze.com\\\/blog\\\/2020\\\/04\\\/21\\\/die-unmoralische-zwangsmoral-der-corona-verordnungen\\\/\"]}]},{\"@type\":\"ImageObject\",\"inLanguage\":\"de\",\"@id\":\"https:\\\/\\\/klauskunze.com\\\/blog\\\/2020\\\/04\\\/21\\\/die-unmoralische-zwangsmoral-der-corona-verordnungen\\\/#primaryimage\",\"url\":\"https:\\\/\\\/klauskunze.com\\\/blog\\\/wp-content\\\/uploads\\\/2020\\\/04\\\/Caspar_David_Friedrich_066.jpg\",\"contentUrl\":\"https:\\\/\\\/klauskunze.com\\\/blog\\\/wp-content\\\/uploads\\\/2020\\\/04\\\/Caspar_David_Friedrich_066.jpg\",\"width\":1956,\"height\":1428},{\"@type\":\"BreadcrumbList\",\"@id\":\"https:\\\/\\\/klauskunze.com\\\/blog\\\/2020\\\/04\\\/21\\\/die-unmoralische-zwangsmoral-der-corona-verordnungen\\\/#breadcrumb\",\"itemListElement\":[{\"@type\":\"ListItem\",\"position\":1,\"name\":\"Startseite\",\"item\":\"https:\\\/\\\/klauskunze.com\\\/blog\\\/\"},{\"@type\":\"ListItem\",\"position\":2,\"name\":\"Die unmoralische Zwangsmoral der Corona-Verordnungen\"}]},{\"@type\":\"WebSite\",\"@id\":\"https:\\\/\\\/klauskunze.com\\\/blog\\\/#website\",\"url\":\"https:\\\/\\\/klauskunze.com\\\/blog\\\/\",\"name\":\"Klaus Kunze\",\"description\":\"Blog\",\"publisher\":{\"@id\":\"https:\\\/\\\/klauskunze.com\\\/blog\\\/#\\\/schema\\\/person\\\/9c091cf30ab68b897db6a517e3c3b11b\"},\"potentialAction\":[{\"@type\":\"SearchAction\",\"target\":{\"@type\":\"EntryPoint\",\"urlTemplate\":\"https:\\\/\\\/klauskunze.com\\\/blog\\\/?s={search_term_string}\"},\"query-input\":{\"@type\":\"PropertyValueSpecification\",\"valueRequired\":true,\"valueName\":\"search_term_string\"}}],\"inLanguage\":\"de\"},{\"@type\":[\"Person\",\"Organization\"],\"@id\":\"https:\\\/\\\/klauskunze.com\\\/blog\\\/#\\\/schema\\\/person\\\/9c091cf30ab68b897db6a517e3c3b11b\",\"name\":\"Klaus Kunze\",\"image\":{\"@type\":\"ImageObject\",\"inLanguage\":\"de\",\"@id\":\"https:\\\/\\\/secure.gravatar.com\\\/avatar\\\/5cd83cadbada9c331a79952fcca177ed3d3be4c7ad3239b9d934bf84adff15dd?s=96&d=blank&r=g\",\"url\":\"https:\\\/\\\/secure.gravatar.com\\\/avatar\\\/5cd83cadbada9c331a79952fcca177ed3d3be4c7ad3239b9d934bf84adff15dd?s=96&d=blank&r=g\",\"contentUrl\":\"https:\\\/\\\/secure.gravatar.com\\\/avatar\\\/5cd83cadbada9c331a79952fcca177ed3d3be4c7ad3239b9d934bf84adff15dd?s=96&d=blank&r=g\",\"caption\":\"Klaus Kunze\"},\"logo\":{\"@id\":\"https:\\\/\\\/secure.gravatar.com\\\/avatar\\\/5cd83cadbada9c331a79952fcca177ed3d3be4c7ad3239b9d934bf84adff15dd?s=96&d=blank&r=g\"},\"sameAs\":[\"http:\\\/\\\/KlausKunze.com\",\"https:\\\/\\\/x.com\\\/https:\\\/\\\/twitter.com\\\/KlausKunze3\"]}]}<\/script>\n<!-- \/ Yoast SEO plugin. -->","yoast_head_json":{"title":"Die unmoralische Zwangsmoral der Corona-Verordnungen - Klaus Kunze","robots":{"index":"index","follow":"follow","max-snippet":"max-snippet:-1","max-image-preview":"max-image-preview:large","max-video-preview":"max-video-preview:-1"},"canonical":"https:\/\/klauskunze.com\/blog\/2020\/04\/21\/die-unmoralische-zwangsmoral-der-corona-verordnungen\/","og_locale":"de_DE","og_type":"article","og_title":"Die unmoralische Zwangsmoral der Corona-Verordnungen - Klaus Kunze","og_description":"Wie sich die Moral selbst ad absurdum f\u00fchrt Moral hat Hochkonjunktur. In unserem Lande wird moralisiert wie noch nie. Die Corona-Epidemie in Deutschland zeigt uns dabei die Schw\u00e4chen moralisierender Appelle erbarmungslos auf. Wo Moral an Realit\u00e4t st\u00f6\u00dft, kann sie das Leben unlebbar machen und b\u00fc\u00dft sie ihren Alleinherrschaftsanspruch ein. Moral entspringt menschlicher Denkt\u00e4tigkeit Wo Moralisten [&hellip;]","og_url":"https:\/\/klauskunze.com\/blog\/2020\/04\/21\/die-unmoralische-zwangsmoral-der-corona-verordnungen\/","og_site_name":"Klaus Kunze","article_published_time":"2020-04-21T08:54:53+00:00","article_modified_time":"2020-04-21T17:00:59+00:00","og_image":[{"width":1024,"height":748,"url":"https:\/\/klauskunze.com\/blog\/wp-content\/uploads\/2020\/04\/Caspar_David_Friedrich_066-1024x748.jpg","type":"image\/jpeg"}],"author":"Klaus Kunze","twitter_misc":{"Verfasst von":"Klaus Kunze","Gesch\u00e4tzte Lesezeit":"9\u00a0Minuten"},"schema":{"@context":"https:\/\/schema.org","@graph":[{"@type":"Article","@id":"https:\/\/klauskunze.com\/blog\/2020\/04\/21\/die-unmoralische-zwangsmoral-der-corona-verordnungen\/#article","isPartOf":{"@id":"https:\/\/klauskunze.com\/blog\/2020\/04\/21\/die-unmoralische-zwangsmoral-der-corona-verordnungen\/"},"author":{"name":"Klaus Kunze","@id":"https:\/\/klauskunze.com\/blog\/#\/schema\/person\/9c091cf30ab68b897db6a517e3c3b11b"},"headline":"Die unmoralische Zwangsmoral der Corona-Verordnungen","datePublished":"2020-04-21T08:54:53+00:00","dateModified":"2020-04-21T17:00:59+00:00","mainEntityOfPage":{"@id":"https:\/\/klauskunze.com\/blog\/2020\/04\/21\/die-unmoralische-zwangsmoral-der-corona-verordnungen\/"},"wordCount":1776,"commentCount":2,"publisher":{"@id":"https:\/\/klauskunze.com\/blog\/#\/schema\/person\/9c091cf30ab68b897db6a517e3c3b11b"},"image":{"@id":"https:\/\/klauskunze.com\/blog\/2020\/04\/21\/die-unmoralische-zwangsmoral-der-corona-verordnungen\/#primaryimage"},"thumbnailUrl":"https:\/\/klauskunze.com\/blog\/wp-content\/uploads\/2020\/04\/Caspar_David_Friedrich_066.jpg","articleSection":{"1":"Philosophie","2":"Politik"},"inLanguage":"de","potentialAction":[{"@type":"CommentAction","name":"Comment","target":["https:\/\/klauskunze.com\/blog\/2020\/04\/21\/die-unmoralische-zwangsmoral-der-corona-verordnungen\/#respond"]}]},{"@type":"WebPage","@id":"https:\/\/klauskunze.com\/blog\/2020\/04\/21\/die-unmoralische-zwangsmoral-der-corona-verordnungen\/","url":"https:\/\/klauskunze.com\/blog\/2020\/04\/21\/die-unmoralische-zwangsmoral-der-corona-verordnungen\/","name":"Die unmoralische Zwangsmoral der Corona-Verordnungen - Klaus Kunze","isPartOf":{"@id":"https:\/\/klauskunze.com\/blog\/#website"},"primaryImageOfPage":{"@id":"https:\/\/klauskunze.com\/blog\/2020\/04\/21\/die-unmoralische-zwangsmoral-der-corona-verordnungen\/#primaryimage"},"image":{"@id":"https:\/\/klauskunze.com\/blog\/2020\/04\/21\/die-unmoralische-zwangsmoral-der-corona-verordnungen\/#primaryimage"},"thumbnailUrl":"https:\/\/klauskunze.com\/blog\/wp-content\/uploads\/2020\/04\/Caspar_David_Friedrich_066.jpg","datePublished":"2020-04-21T08:54:53+00:00","dateModified":"2020-04-21T17:00:59+00:00","breadcrumb":{"@id":"https:\/\/klauskunze.com\/blog\/2020\/04\/21\/die-unmoralische-zwangsmoral-der-corona-verordnungen\/#breadcrumb"},"inLanguage":"de","potentialAction":[{"@type":"ReadAction","target":["https:\/\/klauskunze.com\/blog\/2020\/04\/21\/die-unmoralische-zwangsmoral-der-corona-verordnungen\/"]}]},{"@type":"ImageObject","inLanguage":"de","@id":"https:\/\/klauskunze.com\/blog\/2020\/04\/21\/die-unmoralische-zwangsmoral-der-corona-verordnungen\/#primaryimage","url":"https:\/\/klauskunze.com\/blog\/wp-content\/uploads\/2020\/04\/Caspar_David_Friedrich_066.jpg","contentUrl":"https:\/\/klauskunze.com\/blog\/wp-content\/uploads\/2020\/04\/Caspar_David_Friedrich_066.jpg","width":1956,"height":1428},{"@type":"BreadcrumbList","@id":"https:\/\/klauskunze.com\/blog\/2020\/04\/21\/die-unmoralische-zwangsmoral-der-corona-verordnungen\/#breadcrumb","itemListElement":[{"@type":"ListItem","position":1,"name":"Startseite","item":"https:\/\/klauskunze.com\/blog\/"},{"@type":"ListItem","position":2,"name":"Die unmoralische Zwangsmoral der Corona-Verordnungen"}]},{"@type":"WebSite","@id":"https:\/\/klauskunze.com\/blog\/#website","url":"https:\/\/klauskunze.com\/blog\/","name":"Klaus Kunze","description":"Blog","publisher":{"@id":"https:\/\/klauskunze.com\/blog\/#\/schema\/person\/9c091cf30ab68b897db6a517e3c3b11b"},"potentialAction":[{"@type":"SearchAction","target":{"@type":"EntryPoint","urlTemplate":"https:\/\/klauskunze.com\/blog\/?s={search_term_string}"},"query-input":{"@type":"PropertyValueSpecification","valueRequired":true,"valueName":"search_term_string"}}],"inLanguage":"de"},{"@type":["Person","Organization"],"@id":"https:\/\/klauskunze.com\/blog\/#\/schema\/person\/9c091cf30ab68b897db6a517e3c3b11b","name":"Klaus Kunze","image":{"@type":"ImageObject","inLanguage":"de","@id":"https:\/\/secure.gravatar.com\/avatar\/5cd83cadbada9c331a79952fcca177ed3d3be4c7ad3239b9d934bf84adff15dd?s=96&d=blank&r=g","url":"https:\/\/secure.gravatar.com\/avatar\/5cd83cadbada9c331a79952fcca177ed3d3be4c7ad3239b9d934bf84adff15dd?s=96&d=blank&r=g","contentUrl":"https:\/\/secure.gravatar.com\/avatar\/5cd83cadbada9c331a79952fcca177ed3d3be4c7ad3239b9d934bf84adff15dd?s=96&d=blank&r=g","caption":"Klaus Kunze"},"logo":{"@id":"https:\/\/secure.gravatar.com\/avatar\/5cd83cadbada9c331a79952fcca177ed3d3be4c7ad3239b9d934bf84adff15dd?s=96&d=blank&r=g"},"sameAs":["http:\/\/KlausKunze.com","https:\/\/x.com\/https:\/\/twitter.com\/KlausKunze3"]}]}},"post_mailing_queue_ids":[],"_links":{"self":[{"href":"https:\/\/klauskunze.com\/blog\/wp-json\/wp\/v2\/posts\/2003","targetHints":{"allow":["GET"]}}],"collection":[{"href":"https:\/\/klauskunze.com\/blog\/wp-json\/wp\/v2\/posts"}],"about":[{"href":"https:\/\/klauskunze.com\/blog\/wp-json\/wp\/v2\/types\/post"}],"author":[{"embeddable":true,"href":"https:\/\/klauskunze.com\/blog\/wp-json\/wp\/v2\/users\/1"}],"replies":[{"embeddable":true,"href":"https:\/\/klauskunze.com\/blog\/wp-json\/wp\/v2\/comments?post=2003"}],"version-history":[{"count":9,"href":"https:\/\/klauskunze.com\/blog\/wp-json\/wp\/v2\/posts\/2003\/revisions"}],"predecessor-version":[{"id":2013,"href":"https:\/\/klauskunze.com\/blog\/wp-json\/wp\/v2\/posts\/2003\/revisions\/2013"}],"wp:featuredmedia":[{"embeddable":true,"href":"https:\/\/klauskunze.com\/blog\/wp-json\/wp\/v2\/media\/2005"}],"wp:attachment":[{"href":"https:\/\/klauskunze.com\/blog\/wp-json\/wp\/v2\/media?parent=2003"}],"wp:term":[{"taxonomy":"category","embeddable":true,"href":"https:\/\/klauskunze.com\/blog\/wp-json\/wp\/v2\/categories?post=2003"},{"taxonomy":"post_tag","embeddable":true,"href":"https:\/\/klauskunze.com\/blog\/wp-json\/wp\/v2\/tags?post=2003"}],"curies":[{"name":"wp","href":"https:\/\/api.w.org\/{rel}","templated":true}]}}