{"id":2076,"date":"2020-05-05T15:32:44","date_gmt":"2020-05-05T13:32:44","guid":{"rendered":"http:\/\/klauskunze.com\/blog\/?p=2076"},"modified":"2020-05-05T15:32:46","modified_gmt":"2020-05-05T13:32:46","slug":"spiel-mir-das-lied-von-der-demokratie","status":"publish","type":"post","link":"https:\/\/klauskunze.com\/blog\/2020\/05\/05\/spiel-mir-das-lied-von-der-demokratie\/","title":{"rendered":"Spiel mir das Lied von der Demokratie"},"content":{"rendered":"\n<h3 class=\"has-text-align-center wp-block-heading\">Wie das Bundesverfassungsgericht unsere Politik entlarvt<\/h3>\n\n\n\n<p>Die Laienspielschar der fr\u00fcheren Volksparteien brachte das R\u00fchrst\u00fcck \u201eDemokratie\u201c auf die B\u00fchne. Historisch bewanderte Zuschauer betraten das Theater in der Vorstellung, in einer Demokratie herrsche das Volk durch gew\u00e4hlte Vertreter \u00fcber sich selbst. Die Athener Demokratie hatte das einst vorgelebt.<\/p>\n\n\n\n<p>Juristisch gebildeten Zuschauerm war auch die Vorstellung vertraut, der Wille des Volkes k\u00f6nnte in einem gew\u00e4hlten Gremium wie dem Bundestag repr\u00e4sentiert werden. Unser Grundgesetz l\u00e4\u00dft den Parlamentarismus noch als eine Form von Demokratie durchgehen. Selbst wenn die Volksvertreter ihrerseits Vertreter w\u00e4hlten wie den Bundespr\u00e4sidenten, sollte doch eine demokratische Legitimationskette alle Staatsgewalt an eine Zustimmung des Volkes r\u00fcckbinden.<\/p>\n\n\n\n<p>Zu den zentralen Aufgaben der Volksvertreter im Bundestag geh\u00f6rt es, den Bundeshaushalt aufzustellen. Was mit unserem Geld geschieht, mu\u00df demokratisch entschieden werden. Selbst im F\u00fcrstenabsolutismus gab es Landst\u00e4nde als Vorl\u00e4ufer der Parlamente, \u00fcber die ein Monarch sich bei der Bewilligung des Staatshaushalts nicht einfach hinwegsetzen konnte: Wer zahlt, schafft an.<\/p>\n\n\n\n<figure class=\"wp-block-image alignwide size-large\"><img loading=\"lazy\" decoding=\"async\" width=\"1000\" height=\"488\" src=\"http:\/\/klauskunze.com\/blog\/wp-content\/uploads\/2020\/05\/Zuschneiden.jpg\" alt=\"\" class=\"wp-image-2078\" srcset=\"https:\/\/klauskunze.com\/blog\/wp-content\/uploads\/2020\/05\/Zuschneiden.jpg 1000w, https:\/\/klauskunze.com\/blog\/wp-content\/uploads\/2020\/05\/Zuschneiden-300x146.jpg 300w, https:\/\/klauskunze.com\/blog\/wp-content\/uploads\/2020\/05\/Zuschneiden-768x375.jpg 768w, https:\/\/klauskunze.com\/blog\/wp-content\/uploads\/2020\/05\/Zuschneiden-900x439.jpg 900w\" sizes=\"auto, (max-width: 1000px) 100vw, 1000px\" \/><figcaption>Rechtsprechung unter den Augen des Symbols der Souver\u00e4nit\u00e4t unseres Volkes<\/figcaption><\/figure>\n\n\n\n<p>Heute hat das Bundesverfassungsgericht den Regierungsparteien Nachhilfeunterricht in Demokratie erteilt. Unter Duldung und Mitverantwortung unserer Volksvertreter gibt man in Br\u00fcssel durch Ankauf von Staatsanleihen halbbankrotter Schuldenstaaten unser Geld aus oder nimmt uns in Mithaftung, ohne da\u00df das deutsche Volk durch seine gew\u00e4hlten Vertreter oder seine Regierung h\u00e4tte mitreden d\u00fcrfen. Unter den vielen Aspekten des Urteils des Bundesverfassungsgerichts sticht hervor, da\u00df das mit Demokratie nichts mehr zu tun hatte und hat. In Randnummer 157 folgende hei\u00dft es:<\/p>\n\n\n\n<blockquote class=\"wp-block-quote is-layout-flow wp-block-quote-is-layout-flow\"><p>Im geschilderten Umfang folgt aus dem Urteil zugleich eine strukturell bedeutsame Kompetenzverschiebung zulasten der Mitgliedstaaten. Sie birgt die Gefahr einer kontinuierlichen \u2013 durch die Mitgliedstaaten als Herren der Vertr\u00e4ge politisch nicht mehr steuerbaren \u2013 Erosion ihrer Kompetenzen im Bereich der Wirtschafts- und Fiskalpolitik und einer weiteren Schw\u00e4chung der demokratischen Legitimation der durch das Eurosystem ausge\u00fcbten \u00f6ffentlichen Gewalt, die mit dem Grundgesetz nicht vereinbar w\u00e4re.<\/p><p>Das Prinzip der begrenzten Einzelerm\u00e4chtigung ist nicht nur ein unionsrechtlicher Grundsatz, sondern nimmt mitgliedstaatliche Verfassungsprinzipien auf. Es bildet die ma\u00dfgebliche Rechtfertigung f\u00fcr den Einschnitt in das demokratische Legitimationsniveau der durch die Europ\u00e4ische Union ausge\u00fcbten \u00f6ffentlichen Gewalt, der in Deutschland nicht nur objektive Grundprinzipien der Verfassung (Art. 20 Abs. 1 und Abs. 2 GG) ber\u00fchrt, sondern auch das Wahlrecht der B\u00fcrgerinnen und B\u00fcrger und ihren Anspruch auf Demokratie gem\u00e4\u00df Art. 38 Abs. 1 Satz 1 GG. Die Wahrung der kompetenziellen Grundlagen der Europ\u00e4ischen Union hat daher entscheidende Bedeutung f\u00fcr die Gew\u00e4hrleistung des demokratischen Prinzips. Daher darf auch die Finalit\u00e4t des Integrationsprogramms nicht dazu f\u00fchren, da\u00df das Prinzip der begrenzten Einzelerm\u00e4chtigung als eines der Fundamentalprinzipien der Union faktisch au\u00dfer Kraft gesetzt oder unterlaufen wird<\/p><cite><a href=\"https:\/\/www.bundesverfassungsgericht.de\/SharedDocs\/Entscheidungen\/DE\/2020\/05\/rs20200505_2bvr085915.html;jsessionid=BD731C3D9BFB19E887E205BE8C44980E.2_cid383\">BVerfG U.v. 5.5.2020 &#8211; 2 BvR 859\/15 &#8211;<\/a><\/cite><\/blockquote>\n\n\n\n<p>Die von unseren Regierenden bisher geduldete Haftungs\u00fcbernahme der EZB f\u00fcr faule Staatsanleihen ist mit der Demokratie und der Souver\u00e4nit\u00e4t des Volkes nicht vereinbar. Beides sind fundamentale Konstruktionsprinzipien der freiheitlichen demokratischen Grundordnung.<\/p>\n\n\n\n<p>Wer sie antastet, ist Verfassungsfeind. Wer sie als Beamter oder Mandatstr\u00e4ger nicht verteidigt, verletzt Amtseide und Pflichten. Das BVerfG weist nachdr\u00fccklich darauf hin:<\/p>\n\n\n\n<blockquote class=\"wp-block-quote is-layout-flow wp-block-quote-is-layout-flow\"><p>Die weitgehende Entleerung des Grundsatzes der Verh\u00e4ltnism\u00e4\u00dfigkeit und der damit verbundene Verzicht auf eine wertende Gesamtbetrachtung besitzen ein f\u00fcr das Demokratieprinzip und den Grundsatz der Volkssouver\u00e4nit\u00e4t erhebliches Gewicht. Sie sind, wie dargelegt, geeignet, die kompetenziellen Grundlagen der Europ\u00e4ischen Union zu verschieben und so das Prinzip der begrenzten Einzelerm\u00e4chtigung zu unterlaufen. Der Erla\u00df wirtschaftspolitischer Ma\u00dfnahmen durch das ESZB erforderte eine Vertrags\u00e4nderung nach Art. 48 EUV, soda\u00df der Gesetzgeber t\u00e4tig werden m\u00fc\u00dfte.<\/p><\/blockquote>\n\n\n\n<p><\/p>\n\n\n\n<h2 class=\"has-text-align-center wp-block-heading\">Ihr seid mir sch\u00f6ne Demokraten<\/h2>\n\n\n\n<p>Das wurde er aber nicht, sondern sah schweigend zu, wie die Verfassungsgrunds\u00e4tze der Souver\u00e4nit\u00e4t des Volkes und der demokratischen Legitimation staatlichen Handelns unterminiert werden.<\/p>\n\n\n\n<blockquote class=\"wp-block-quote is-layout-flow wp-block-quote-is-layout-flow\"><p>Die Integrationsverantwortung verpflichtet die Verfassungsorgane, sich sch\u00fctzend und f\u00f6rdernd vor den durch Art. 38 Abs. 1 Satz 1 in Verbindung mit Art. 20 Abs. 2 Satz 1 GG gesch\u00fctzten Anspruch auf Demokratie zu stellen.<\/p><cite>BVerfG U.v. 5.5.2020<\/cite><\/blockquote>\n\n\n\n<p>Wo waren denn die beamteten Verfassungssch\u00fctzer unserer Regierungskoalition in Gedanken, als ihre Dienstherren die demokratische R\u00fcckbindung der staatlichen Gewalt an demokratische Legitimationsprozesse im Kern beseitigten? Diese Dienstherren selbst sind weitgehend juristische Laien, gew\u00e4hlte Parteivertreter, manchmal Studienabbrecher und gelegentlich Promotionsschwindler. Sie hetzen die Verfassungssch\u00fctzer nach Gutsherrenart auf parteipolitische Konkurrenz oder Zwerggr\u00fcppchen von einer Handvoll Politclowns, die gro\u00dfkotzig verboten werden, um das Grundgesetz vor ihnen zu sch\u00fctzen.<\/p>\n\n\n\n<p>Was auf der Verfassungsschutz-B\u00fchne vor den Kameras von ARD und ZdF st\u00e4ndig aufgef\u00fchrt und mit \u201eSymbolbildern\u201c in Bomberjacken und Springerstiefeln Kost\u00fcmierter aufgef\u00fchrt wird, ist Theater. Was uns auf der Berliner B\u00fchne st\u00e4ndig von Demokratie erz\u00e4hlt wird, ist Theater. Es geht den Darstellern um ihre pers\u00f6nliche Macht und die Macht ihrer Parteien. Diese Parteien und ihre Seilschaften haben sie in die weichen Sessel gehoben.<\/p>\n\n\n\n<p>Demokratie, Selbstbestimmung des Volkes und Rechtsstaatlichkeit sind f\u00fcr sie Etiketten, die sich sich gern selbst aufkleben. Von den damit verbundenen Pflichten eines Amtstr\u00e4gers wissen sie nichts, oder diese interessieren sie nicht.<\/p>\n\n\n\n<p>Wir sollten diese Herrschaften \u00f6fter beim Wort nehmen. Wir sollten: mehr Demokratie wagen!<\/p>\n\n\n\n<p>Das demokratische Selbstbestimmungsrecht des Volkes ist unser gutes Recht. Und es ist eine Waffe f\u00fcr den, der sie zu f\u00fchren wei\u00df.<\/p>\n","protected":false},"excerpt":{"rendered":"<p>Wie das Bundesverfassungsgericht unsere Politik entlarvt Die Laienspielschar der fr\u00fcheren Volksparteien brachte das R\u00fchrst\u00fcck \u201eDemokratie\u201c auf die B\u00fchne. Historisch bewanderte Zuschauer betraten das Theater in der Vorstellung, in einer Demokratie herrsche das Volk durch gew\u00e4hlte Vertreter \u00fcber sich selbst. Die Athener Demokratie hatte das einst vorgelebt. Juristisch gebildeten Zuschauerm war auch die Vorstellung vertraut, der [&hellip;]<\/p>\n","protected":false},"author":1,"featured_media":2078,"comment_status":"open","ping_status":"open","sticky":false,"template":"","format":"standard","meta":{"h5ap_radio_sources":[],"twitterCardType":"","cardImageID":0,"cardImage":"","cardTitle":"","cardDesc":"","cardImageAlt":"","cardPlayer":"","cardPlayerWidth":0,"cardPlayerHeight":0,"cardPlayerStream":"","cardPlayerCodec":"","footnotes":""},"categories":[1,18,17],"tags":[],"class_list":["post-2076","post","type-post","status-publish","format-standard","has-post-thumbnail","hentry","category-allgemein","category-juristisches","category-politik"],"yoast_head":"<!-- This site is optimized with the Yoast SEO plugin v27.5 - https:\/\/yoast.com\/product\/yoast-seo-wordpress\/ -->\n<title>Spiel mir das Lied von der Demokratie - Klaus Kunze<\/title>\n<meta name=\"robots\" content=\"index, follow, max-snippet:-1, max-image-preview:large, max-video-preview:-1\" \/>\n<link rel=\"canonical\" href=\"https:\/\/klauskunze.com\/blog\/2020\/05\/05\/spiel-mir-das-lied-von-der-demokratie\/\" \/>\n<meta property=\"og:locale\" content=\"de_DE\" \/>\n<meta property=\"og:type\" content=\"article\" \/>\n<meta property=\"og:title\" content=\"Spiel mir das Lied von der Demokratie - Klaus Kunze\" \/>\n<meta property=\"og:description\" content=\"Wie das Bundesverfassungsgericht unsere Politik entlarvt Die Laienspielschar der fr\u00fcheren Volksparteien brachte das R\u00fchrst\u00fcck \u201eDemokratie\u201c auf die B\u00fchne. Historisch bewanderte Zuschauer betraten das Theater in der Vorstellung, in einer Demokratie herrsche das Volk durch gew\u00e4hlte Vertreter \u00fcber sich selbst. Die Athener Demokratie hatte das einst vorgelebt. Juristisch gebildeten Zuschauerm war auch die Vorstellung vertraut, der [&hellip;]\" \/>\n<meta property=\"og:url\" content=\"https:\/\/klauskunze.com\/blog\/2020\/05\/05\/spiel-mir-das-lied-von-der-demokratie\/\" \/>\n<meta property=\"og:site_name\" content=\"Klaus Kunze\" \/>\n<meta property=\"article:published_time\" content=\"2020-05-05T13:32:44+00:00\" \/>\n<meta property=\"article:modified_time\" content=\"2020-05-05T13:32:46+00:00\" \/>\n<meta property=\"og:image\" content=\"https:\/\/klauskunze.com\/blog\/wp-content\/uploads\/2020\/05\/Zuschneiden.jpg\" \/>\n\t<meta property=\"og:image:width\" content=\"1000\" \/>\n\t<meta property=\"og:image:height\" content=\"488\" \/>\n\t<meta property=\"og:image:type\" content=\"image\/jpeg\" \/>\n<meta name=\"author\" content=\"Klaus Kunze\" \/>\n<meta name=\"twitter:label1\" content=\"Verfasst von\" \/>\n\t<meta name=\"twitter:data1\" content=\"Klaus Kunze\" \/>\n\t<meta name=\"twitter:label2\" content=\"Gesch\u00e4tzte Lesezeit\" \/>\n\t<meta name=\"twitter:data2\" content=\"4\u00a0Minuten\" \/>\n<script type=\"application\/ld+json\" class=\"yoast-schema-graph\">{\"@context\":\"https:\\\/\\\/schema.org\",\"@graph\":[{\"@type\":\"Article\",\"@id\":\"https:\\\/\\\/klauskunze.com\\\/blog\\\/2020\\\/05\\\/05\\\/spiel-mir-das-lied-von-der-demokratie\\\/#article\",\"isPartOf\":{\"@id\":\"https:\\\/\\\/klauskunze.com\\\/blog\\\/2020\\\/05\\\/05\\\/spiel-mir-das-lied-von-der-demokratie\\\/\"},\"author\":{\"name\":\"Klaus Kunze\",\"@id\":\"https:\\\/\\\/klauskunze.com\\\/blog\\\/#\\\/schema\\\/person\\\/9c091cf30ab68b897db6a517e3c3b11b\"},\"headline\":\"Spiel mir das Lied von der Demokratie\",\"datePublished\":\"2020-05-05T13:32:44+00:00\",\"dateModified\":\"2020-05-05T13:32:46+00:00\",\"mainEntityOfPage\":{\"@id\":\"https:\\\/\\\/klauskunze.com\\\/blog\\\/2020\\\/05\\\/05\\\/spiel-mir-das-lied-von-der-demokratie\\\/\"},\"wordCount\":891,\"commentCount\":0,\"publisher\":{\"@id\":\"https:\\\/\\\/klauskunze.com\\\/blog\\\/#\\\/schema\\\/person\\\/9c091cf30ab68b897db6a517e3c3b11b\"},\"image\":{\"@id\":\"https:\\\/\\\/klauskunze.com\\\/blog\\\/2020\\\/05\\\/05\\\/spiel-mir-das-lied-von-der-demokratie\\\/#primaryimage\"},\"thumbnailUrl\":\"https:\\\/\\\/klauskunze.com\\\/blog\\\/wp-content\\\/uploads\\\/2020\\\/05\\\/Zuschneiden.jpg\",\"articleSection\":{\"1\":\"Juristisches\",\"2\":\"Politik\"},\"inLanguage\":\"de\",\"potentialAction\":[{\"@type\":\"CommentAction\",\"name\":\"Comment\",\"target\":[\"https:\\\/\\\/klauskunze.com\\\/blog\\\/2020\\\/05\\\/05\\\/spiel-mir-das-lied-von-der-demokratie\\\/#respond\"]}]},{\"@type\":\"WebPage\",\"@id\":\"https:\\\/\\\/klauskunze.com\\\/blog\\\/2020\\\/05\\\/05\\\/spiel-mir-das-lied-von-der-demokratie\\\/\",\"url\":\"https:\\\/\\\/klauskunze.com\\\/blog\\\/2020\\\/05\\\/05\\\/spiel-mir-das-lied-von-der-demokratie\\\/\",\"name\":\"Spiel mir das Lied von der Demokratie - Klaus Kunze\",\"isPartOf\":{\"@id\":\"https:\\\/\\\/klauskunze.com\\\/blog\\\/#website\"},\"primaryImageOfPage\":{\"@id\":\"https:\\\/\\\/klauskunze.com\\\/blog\\\/2020\\\/05\\\/05\\\/spiel-mir-das-lied-von-der-demokratie\\\/#primaryimage\"},\"image\":{\"@id\":\"https:\\\/\\\/klauskunze.com\\\/blog\\\/2020\\\/05\\\/05\\\/spiel-mir-das-lied-von-der-demokratie\\\/#primaryimage\"},\"thumbnailUrl\":\"https:\\\/\\\/klauskunze.com\\\/blog\\\/wp-content\\\/uploads\\\/2020\\\/05\\\/Zuschneiden.jpg\",\"datePublished\":\"2020-05-05T13:32:44+00:00\",\"dateModified\":\"2020-05-05T13:32:46+00:00\",\"breadcrumb\":{\"@id\":\"https:\\\/\\\/klauskunze.com\\\/blog\\\/2020\\\/05\\\/05\\\/spiel-mir-das-lied-von-der-demokratie\\\/#breadcrumb\"},\"inLanguage\":\"de\",\"potentialAction\":[{\"@type\":\"ReadAction\",\"target\":[\"https:\\\/\\\/klauskunze.com\\\/blog\\\/2020\\\/05\\\/05\\\/spiel-mir-das-lied-von-der-demokratie\\\/\"]}]},{\"@type\":\"ImageObject\",\"inLanguage\":\"de\",\"@id\":\"https:\\\/\\\/klauskunze.com\\\/blog\\\/2020\\\/05\\\/05\\\/spiel-mir-das-lied-von-der-demokratie\\\/#primaryimage\",\"url\":\"https:\\\/\\\/klauskunze.com\\\/blog\\\/wp-content\\\/uploads\\\/2020\\\/05\\\/Zuschneiden.jpg\",\"contentUrl\":\"https:\\\/\\\/klauskunze.com\\\/blog\\\/wp-content\\\/uploads\\\/2020\\\/05\\\/Zuschneiden.jpg\",\"width\":1000,\"height\":488},{\"@type\":\"BreadcrumbList\",\"@id\":\"https:\\\/\\\/klauskunze.com\\\/blog\\\/2020\\\/05\\\/05\\\/spiel-mir-das-lied-von-der-demokratie\\\/#breadcrumb\",\"itemListElement\":[{\"@type\":\"ListItem\",\"position\":1,\"name\":\"Startseite\",\"item\":\"https:\\\/\\\/klauskunze.com\\\/blog\\\/\"},{\"@type\":\"ListItem\",\"position\":2,\"name\":\"Spiel mir das Lied von der Demokratie\"}]},{\"@type\":\"WebSite\",\"@id\":\"https:\\\/\\\/klauskunze.com\\\/blog\\\/#website\",\"url\":\"https:\\\/\\\/klauskunze.com\\\/blog\\\/\",\"name\":\"Klaus Kunze\",\"description\":\"Blog\",\"publisher\":{\"@id\":\"https:\\\/\\\/klauskunze.com\\\/blog\\\/#\\\/schema\\\/person\\\/9c091cf30ab68b897db6a517e3c3b11b\"},\"potentialAction\":[{\"@type\":\"SearchAction\",\"target\":{\"@type\":\"EntryPoint\",\"urlTemplate\":\"https:\\\/\\\/klauskunze.com\\\/blog\\\/?s={search_term_string}\"},\"query-input\":{\"@type\":\"PropertyValueSpecification\",\"valueRequired\":true,\"valueName\":\"search_term_string\"}}],\"inLanguage\":\"de\"},{\"@type\":[\"Person\",\"Organization\"],\"@id\":\"https:\\\/\\\/klauskunze.com\\\/blog\\\/#\\\/schema\\\/person\\\/9c091cf30ab68b897db6a517e3c3b11b\",\"name\":\"Klaus Kunze\",\"image\":{\"@type\":\"ImageObject\",\"inLanguage\":\"de\",\"@id\":\"https:\\\/\\\/secure.gravatar.com\\\/avatar\\\/5cd83cadbada9c331a79952fcca177ed3d3be4c7ad3239b9d934bf84adff15dd?s=96&d=blank&r=g\",\"url\":\"https:\\\/\\\/secure.gravatar.com\\\/avatar\\\/5cd83cadbada9c331a79952fcca177ed3d3be4c7ad3239b9d934bf84adff15dd?s=96&d=blank&r=g\",\"contentUrl\":\"https:\\\/\\\/secure.gravatar.com\\\/avatar\\\/5cd83cadbada9c331a79952fcca177ed3d3be4c7ad3239b9d934bf84adff15dd?s=96&d=blank&r=g\",\"caption\":\"Klaus Kunze\"},\"logo\":{\"@id\":\"https:\\\/\\\/secure.gravatar.com\\\/avatar\\\/5cd83cadbada9c331a79952fcca177ed3d3be4c7ad3239b9d934bf84adff15dd?s=96&d=blank&r=g\"},\"sameAs\":[\"http:\\\/\\\/KlausKunze.com\",\"https:\\\/\\\/x.com\\\/https:\\\/\\\/twitter.com\\\/KlausKunze3\"]}]}<\/script>\n<!-- \/ Yoast SEO plugin. -->","yoast_head_json":{"title":"Spiel mir das Lied von der Demokratie - Klaus Kunze","robots":{"index":"index","follow":"follow","max-snippet":"max-snippet:-1","max-image-preview":"max-image-preview:large","max-video-preview":"max-video-preview:-1"},"canonical":"https:\/\/klauskunze.com\/blog\/2020\/05\/05\/spiel-mir-das-lied-von-der-demokratie\/","og_locale":"de_DE","og_type":"article","og_title":"Spiel mir das Lied von der Demokratie - Klaus Kunze","og_description":"Wie das Bundesverfassungsgericht unsere Politik entlarvt Die Laienspielschar der fr\u00fcheren Volksparteien brachte das R\u00fchrst\u00fcck \u201eDemokratie\u201c auf die B\u00fchne. Historisch bewanderte Zuschauer betraten das Theater in der Vorstellung, in einer Demokratie herrsche das Volk durch gew\u00e4hlte Vertreter \u00fcber sich selbst. Die Athener Demokratie hatte das einst vorgelebt. Juristisch gebildeten Zuschauerm war auch die Vorstellung vertraut, der [&hellip;]","og_url":"https:\/\/klauskunze.com\/blog\/2020\/05\/05\/spiel-mir-das-lied-von-der-demokratie\/","og_site_name":"Klaus Kunze","article_published_time":"2020-05-05T13:32:44+00:00","article_modified_time":"2020-05-05T13:32:46+00:00","og_image":[{"width":1000,"height":488,"url":"https:\/\/klauskunze.com\/blog\/wp-content\/uploads\/2020\/05\/Zuschneiden.jpg","type":"image\/jpeg"}],"author":"Klaus Kunze","twitter_misc":{"Verfasst von":"Klaus Kunze","Gesch\u00e4tzte Lesezeit":"4\u00a0Minuten"},"schema":{"@context":"https:\/\/schema.org","@graph":[{"@type":"Article","@id":"https:\/\/klauskunze.com\/blog\/2020\/05\/05\/spiel-mir-das-lied-von-der-demokratie\/#article","isPartOf":{"@id":"https:\/\/klauskunze.com\/blog\/2020\/05\/05\/spiel-mir-das-lied-von-der-demokratie\/"},"author":{"name":"Klaus Kunze","@id":"https:\/\/klauskunze.com\/blog\/#\/schema\/person\/9c091cf30ab68b897db6a517e3c3b11b"},"headline":"Spiel mir das Lied von der Demokratie","datePublished":"2020-05-05T13:32:44+00:00","dateModified":"2020-05-05T13:32:46+00:00","mainEntityOfPage":{"@id":"https:\/\/klauskunze.com\/blog\/2020\/05\/05\/spiel-mir-das-lied-von-der-demokratie\/"},"wordCount":891,"commentCount":0,"publisher":{"@id":"https:\/\/klauskunze.com\/blog\/#\/schema\/person\/9c091cf30ab68b897db6a517e3c3b11b"},"image":{"@id":"https:\/\/klauskunze.com\/blog\/2020\/05\/05\/spiel-mir-das-lied-von-der-demokratie\/#primaryimage"},"thumbnailUrl":"https:\/\/klauskunze.com\/blog\/wp-content\/uploads\/2020\/05\/Zuschneiden.jpg","articleSection":{"1":"Juristisches","2":"Politik"},"inLanguage":"de","potentialAction":[{"@type":"CommentAction","name":"Comment","target":["https:\/\/klauskunze.com\/blog\/2020\/05\/05\/spiel-mir-das-lied-von-der-demokratie\/#respond"]}]},{"@type":"WebPage","@id":"https:\/\/klauskunze.com\/blog\/2020\/05\/05\/spiel-mir-das-lied-von-der-demokratie\/","url":"https:\/\/klauskunze.com\/blog\/2020\/05\/05\/spiel-mir-das-lied-von-der-demokratie\/","name":"Spiel mir das Lied von der Demokratie - Klaus Kunze","isPartOf":{"@id":"https:\/\/klauskunze.com\/blog\/#website"},"primaryImageOfPage":{"@id":"https:\/\/klauskunze.com\/blog\/2020\/05\/05\/spiel-mir-das-lied-von-der-demokratie\/#primaryimage"},"image":{"@id":"https:\/\/klauskunze.com\/blog\/2020\/05\/05\/spiel-mir-das-lied-von-der-demokratie\/#primaryimage"},"thumbnailUrl":"https:\/\/klauskunze.com\/blog\/wp-content\/uploads\/2020\/05\/Zuschneiden.jpg","datePublished":"2020-05-05T13:32:44+00:00","dateModified":"2020-05-05T13:32:46+00:00","breadcrumb":{"@id":"https:\/\/klauskunze.com\/blog\/2020\/05\/05\/spiel-mir-das-lied-von-der-demokratie\/#breadcrumb"},"inLanguage":"de","potentialAction":[{"@type":"ReadAction","target":["https:\/\/klauskunze.com\/blog\/2020\/05\/05\/spiel-mir-das-lied-von-der-demokratie\/"]}]},{"@type":"ImageObject","inLanguage":"de","@id":"https:\/\/klauskunze.com\/blog\/2020\/05\/05\/spiel-mir-das-lied-von-der-demokratie\/#primaryimage","url":"https:\/\/klauskunze.com\/blog\/wp-content\/uploads\/2020\/05\/Zuschneiden.jpg","contentUrl":"https:\/\/klauskunze.com\/blog\/wp-content\/uploads\/2020\/05\/Zuschneiden.jpg","width":1000,"height":488},{"@type":"BreadcrumbList","@id":"https:\/\/klauskunze.com\/blog\/2020\/05\/05\/spiel-mir-das-lied-von-der-demokratie\/#breadcrumb","itemListElement":[{"@type":"ListItem","position":1,"name":"Startseite","item":"https:\/\/klauskunze.com\/blog\/"},{"@type":"ListItem","position":2,"name":"Spiel mir das Lied von der Demokratie"}]},{"@type":"WebSite","@id":"https:\/\/klauskunze.com\/blog\/#website","url":"https:\/\/klauskunze.com\/blog\/","name":"Klaus Kunze","description":"Blog","publisher":{"@id":"https:\/\/klauskunze.com\/blog\/#\/schema\/person\/9c091cf30ab68b897db6a517e3c3b11b"},"potentialAction":[{"@type":"SearchAction","target":{"@type":"EntryPoint","urlTemplate":"https:\/\/klauskunze.com\/blog\/?s={search_term_string}"},"query-input":{"@type":"PropertyValueSpecification","valueRequired":true,"valueName":"search_term_string"}}],"inLanguage":"de"},{"@type":["Person","Organization"],"@id":"https:\/\/klauskunze.com\/blog\/#\/schema\/person\/9c091cf30ab68b897db6a517e3c3b11b","name":"Klaus Kunze","image":{"@type":"ImageObject","inLanguage":"de","@id":"https:\/\/secure.gravatar.com\/avatar\/5cd83cadbada9c331a79952fcca177ed3d3be4c7ad3239b9d934bf84adff15dd?s=96&d=blank&r=g","url":"https:\/\/secure.gravatar.com\/avatar\/5cd83cadbada9c331a79952fcca177ed3d3be4c7ad3239b9d934bf84adff15dd?s=96&d=blank&r=g","contentUrl":"https:\/\/secure.gravatar.com\/avatar\/5cd83cadbada9c331a79952fcca177ed3d3be4c7ad3239b9d934bf84adff15dd?s=96&d=blank&r=g","caption":"Klaus Kunze"},"logo":{"@id":"https:\/\/secure.gravatar.com\/avatar\/5cd83cadbada9c331a79952fcca177ed3d3be4c7ad3239b9d934bf84adff15dd?s=96&d=blank&r=g"},"sameAs":["http:\/\/KlausKunze.com","https:\/\/x.com\/https:\/\/twitter.com\/KlausKunze3"]}]}},"post_mailing_queue_ids":[],"_links":{"self":[{"href":"https:\/\/klauskunze.com\/blog\/wp-json\/wp\/v2\/posts\/2076","targetHints":{"allow":["GET"]}}],"collection":[{"href":"https:\/\/klauskunze.com\/blog\/wp-json\/wp\/v2\/posts"}],"about":[{"href":"https:\/\/klauskunze.com\/blog\/wp-json\/wp\/v2\/types\/post"}],"author":[{"embeddable":true,"href":"https:\/\/klauskunze.com\/blog\/wp-json\/wp\/v2\/users\/1"}],"replies":[{"embeddable":true,"href":"https:\/\/klauskunze.com\/blog\/wp-json\/wp\/v2\/comments?post=2076"}],"version-history":[{"count":2,"href":"https:\/\/klauskunze.com\/blog\/wp-json\/wp\/v2\/posts\/2076\/revisions"}],"predecessor-version":[{"id":2079,"href":"https:\/\/klauskunze.com\/blog\/wp-json\/wp\/v2\/posts\/2076\/revisions\/2079"}],"wp:featuredmedia":[{"embeddable":true,"href":"https:\/\/klauskunze.com\/blog\/wp-json\/wp\/v2\/media\/2078"}],"wp:attachment":[{"href":"https:\/\/klauskunze.com\/blog\/wp-json\/wp\/v2\/media?parent=2076"}],"wp:term":[{"taxonomy":"category","embeddable":true,"href":"https:\/\/klauskunze.com\/blog\/wp-json\/wp\/v2\/categories?post=2076"},{"taxonomy":"post_tag","embeddable":true,"href":"https:\/\/klauskunze.com\/blog\/wp-json\/wp\/v2\/tags?post=2076"}],"curies":[{"name":"wp","href":"https:\/\/api.w.org\/{rel}","templated":true}]}}