{"id":2215,"date":"2020-06-09T16:25:54","date_gmt":"2020-06-09T14:25:54","guid":{"rendered":"http:\/\/klauskunze.com\/blog\/?p=2215"},"modified":"2020-06-09T16:25:55","modified_gmt":"2020-06-09T14:25:55","slug":"der-konzertierte-angriff-auf-uns-alle","status":"publish","type":"post","link":"https:\/\/klauskunze.com\/blog\/2020\/06\/09\/der-konzertierte-angriff-auf-uns-alle\/","title":{"rendered":"Der konzertierte Angriff auf uns alle"},"content":{"rendered":"\n<h3 class=\"has-text-align-center wp-block-heading\">Antirassismus als Vehikel kommunistischer Machttr\u00e4ume<\/h3>\n\n\n\n<p>Die Katze ist aus dem Sack: Es geht nicht um einen get\u00f6teten Schwerkriminellen aus Minneapolis. Es geht um uns alle, um die Zerst\u00f6rung unserer Kultur, unserer Werte und Normen und unseres freiheitlichen politischen Systems.<\/p>\n\n\n\n<p>Ich \u00fcbertreibe nicht. Die geistigen Brandstifter und Drahtzieher bekennen Farbe. Ich verstehe den Widerwillen, sich mit den unappetitlichen Texten von Hetzern auseinanderzusetzen. Wer aber richtig analysieren und begreifen will, welche Absichten hinter den Demonstrationen gegen Polizeigewalt stehen, mu\u00df das auf sich nehmen. Es gen\u00fcgt nicht, sich angewidert von den Bildern kreischender Mobs abzuwenden. Diese fanatisierten Kinder oder infantilen Halbkinder sind nicht der Gegner.<\/p>\n\n\n\n<p>Die Drahtzieher sitzen inzwischen \u00f6ffentlich-rechtlich bezahlt in unseren Funkh\u00e4usern. Da sitzt zum Beispiel eine Simone Miller und hat vorgestern ein Interview gef\u00fchrt. das im Deutschlandfunk zu h\u00f6ren und \u00fcber das zu lesen ist. Mit \u201ePaul B. Preciado\u201c hat sie gesprochen. So nennt sich <a href=\"https:\/\/de.wikipedia.org\/wiki\/Paul_B._Preciado\">Beatriz Preciado<\/a> jetzt. Sie wird vom DLF als \u201ePhilosophin\u201c vorgestellt.<\/p>\n\n\n\n<p>Der geht es um nichts weniger als um den Urtraum aller Kommunisten seit Karl Marx: Die Abschaffung \u201edes Kapitalismus\u201c:<\/p>\n\n\n\n<blockquote class=\"wp-block-quote is-layout-flow wp-block-quote-is-layout-flow\"><p>Die Feministinnen haben f\u00fcr sich gek\u00e4mpft, die Homosexuellen haben f\u00fcr sich gek\u00e4mpft. Und diese K\u00e4mpfe waren immer nur die von einzelnen Interessengruppen. Man hat sich nicht verb\u00fcndet. Diese alten K\u00e4mpfe haben nur die Identit\u00e4tspolitik unterstrichen, aber die Fundamente des Kapitalismus nicht angegriffen.\u201c<\/p><p>Stattdessen m\u00fcsse nun ein \u201esoma-politisches B\u00fcndnis\u201c entstehen, das nicht auf gemeinsamen Identit\u00e4ten beruhe, sondern auf einem gemeinsamen Anliegen: \u201eDas hei\u00dft, dass sich die enteigneten K\u00f6rper, all diese Gruppen, die von der Gesellschaft ausgegrenzt worden sind, jetzt vereinen und versuchen, das patriarchal-kapitalistische System zu bek\u00e4mpfen.\u201c<\/p><cite>Simone Miller, <a href=\"https:\/\/www.deutschlandfunkkultur.de\/philosoph-paul-b-preciado-wir-erleben-gerade-eine-revolution.2162.de.html?dram%3Aarticle_id=478096&amp;fbclid=IwAR1xe5pHpV5Pja2kFVH_mbV7Pa-Sur3XkcveZtLiquJLsST1okuCODySGYA\">\u201eWir erleben gerade eine Revolution\u201cPaul B. Preciado im Gespr\u00e4ch mit Simone Miller, Deutschlandfunk 7.6.2020.<\/a><\/cite><\/blockquote>\n\n\n\n<h3 class=\"has-text-align-center wp-block-heading\">Genderisten an die Front<\/h3>\n\n\n\n<p>Die diesen Traum mit der DLF-Journalistin tr\u00e4umt, tr\u00e4umt ihn nicht von ungef\u00e4hr. Ihr tiefster Beweggrund ist ihr Albtraum:<\/p>\n\n\n\n<blockquote class=\"wp-block-quote is-layout-flow wp-block-quote-is-layout-flow\"><p>Wir armen, armen M\u00e4dchen<br>sind gar so \u00fcbel dran;<br>ich wollt, ich w\u00e4r kein M\u00e4dchen,<br>ich wollt, ich w\u00e4r ein Mann!<br>Albert Lortzing (Musik), Der Waffenschmied.<\/p><cite><a href=\"https:\/\/www.ipasource.com\/downloadable\/download\/linkSample\/link_id\/24857\/?___SID=U\">Albert Lortzing (Musik), Der Waffenschmied<\/a>.<\/cite><\/blockquote>\n\n\n\n<p>Seit Preciado sich f\u00fcr einen Mann h\u00e4lt, agitiert sie gegen vom Grundgesetz besonders gesch\u00fctzte Ehe und Familie:<\/p>\n\n\n\n<blockquote class=\"wp-block-quote is-layout-flow wp-block-quote-is-layout-flow\"><p>Grundlegend f\u00fcr die Herrschaft des Kapitalismus sind f\u00fcr Preciado Begriffe und Vorstellungen, die sich seit dem 16. Jahrhundert herausgebildet haben und uns eine bestimmte Idee von uns und anderen vorgeben: \u201eBeispielsweise die Familie als Kern der sexuellen Reproduktion, oder der menschliche K\u00f6rper als eine Art lebendiger Maschine f\u00fcr Konsum und Arbeit, die Zweigeschlechtlichkeit, oder aber, da\u00df Heterosexualit\u00e4t gleichgesetzt wurde mit Normalit\u00e4t.\u201c Dar\u00fcber hinaus sei auch die Erfindung des \u201eRasse\u201c-Begriffs elementar daf\u00fcr gewesen, um die koloniale Ausbeutung zu legitimieren.<\/p><cite>Simone Miller, \u201eWir erleben gerade eine Revolution\u201cPaul B. Preciado im Gespr\u00e4ch mit Simone Miller, Deutschlandfunk 7.6.2020.<\/cite><\/blockquote>\n\n\n\n<p>Nicht das Perverse sei unnormal, sondern die Vorstellung der Gesellschaft, so lautete die Kern\u00fcberzeugung aller Genderisten, die sich in ihrer Sexualit\u00e4t nicht akzeptiert sahen. Das begann bei dem Sadisten Marquis de Sade, wurde von dem sadomasochstischen Homosexuellen Michel Foucault zum Dogma erhoben und seitdem mit Vorliebe nachgebetet von Genderisten wie der lesbischen Judith Butler.<\/p>\n\n\n\n<blockquote class=\"wp-block-quote is-layout-flow wp-block-quote-is-layout-flow\"><p>Wenn es keine feststehende anthropologische Realit\u00e4t mehr gibt und alles Verhalten, wie bei Foucault und Butler, nur durch den soziokulturellen, diskursiven Kontext erzeugt wird, mu\u00dfte das diejenigen am st\u00e4rksten entlasten, die im Lichte des herk\u00f6mmlichen Menschenbildes nicht vorteilhaft abschnitten. W\u00e4hrend Homosexualit\u00e4t in Foucaults Jugend- und Mannesalter nicht nur gesellschaftlich verp\u00f6nt, sondern in vielen Staaten sogar strafbar war, stellt sie sich im Lichte seines rein diskursiven Weltbildes als blo\u00dfes Konstrukt dar: Es gibt normale Sexualit\u00e4t eigentlich gar nicht wirklich. So machte Foucault einen Aspekt seines pers\u00f6nlichen Seins hinter einem Nebel diskursiver Dekonstruktion des herk\u00f6mmlichen M\u00e4nnerbildes scheinbar unangreifbar. Schon de Sade hatte alle Faktoren aus seiner Weltdeutung eliminiert, die ein freies Ausleben seiner sexuellen Machtphantasien h\u00e4tten hindern k\u00f6nnen. Wenn es gut und b\u00f6se nicht gibt, durfte sich auch der Sadist de Sade als v\u00f6llig normaler Mensch f\u00fchlen, obwohl er aus der Qual seines Sexualobjekts Befriedigung zieht. Und wenn es eine normale Sexualpr\u00e4ferenz auf das andere Geschlecht nicht gibt, glaubt sich auch der Sadomasochist oder\u00a0 der Homosexuelle als v\u00f6llig normaler Mensch, obwohl er im gleichgeschlechtlichen Sexualobjekt oder in dessen Qu\u00e4len Befriedigung sucht. Wichtig ist Foucault, da\u00df es keinen Normalbegriff der menschlichen Natur gibt. Alles beruhe nur auf willk\u00fcrlicher gesellschaftlicher Rollenzuschreibung.<\/p><cite>Klaus Kunze, <a href=\"https:\/\/deutschelobbyinfo.files.wordpress.com\/2020\/02\/genderismus.pdf\">Wahn, Wahnsinn Genderwahn, 2019<\/a>.<\/cite><\/blockquote>\n\n\n\n<p>V\u00f6llig klar, da\u00df die vom DLF gro\u00df herausgestellte Preciado dagegen l\u00e4stert, da\u00df Heterosexualit\u00e4t normal ist und da\u00df eine Familie zu sexueller Reproduktion f\u00fchrt. Der Fuchs, dem die Trauben zu hoch h\u00e4ngen, machte sie schon f\u00fcr <a href=\"https:\/\/de.wikipedia.org\/wiki\/Der_Fuchs_und_die_Trauben\">Aesop <\/a>als \u201ebitter\u201c ver\u00e4chtlich\u201c.<\/p>\n\n\n\n<p>Die DLF-Journalistin setzt dieses absto\u00dfende Gebr\u00e4u unter die \u00dcberschrift:\u00a0 \u201eKapitalismus und Rassismus geh\u00f6ren zusammen\u201c. Das strategische Konzept der Botschaft des Staatssenders lautet: Ist der Staatskommunismus auch 1989 zusammengebrochen, lassen wir ihn in neuem Gewand wieder auferstehen! Das neue Gewand hei\u00dft Antirassismus und Minderheitent\u00fcmelei. Es ist allerdings nicht originell, sondern der alte Hut des 2014 verstorbenen Kommunisten <a href=\"https:\/\/de.wikipedia.org\/wiki\/Ernesto_Laclau\">Ernesto Laclau<\/a>. Das Marx\u2019sche Klassenkampfkonzept war mit dem Ende der Arbiterschaft als pr\u00e4gendem sozialen Ph\u00e4nomn gestorben. Laclau wu\u00dfte aber Rat:<\/p>\n\n\n\n<blockquote class=\"wp-block-quote is-layout-flow wp-block-quote-is-layout-flow\"><p>\u201eIn welchem Umfang ist es notwendig geworden, das Konzept des Klassenkampfes zu modifizieren, um mit neuen politischen Themen \u2013 Frauen, nationale, ethnische und sexuelle Minderheiten, Anti-Atomkraft- und institutionskritischen Bewegungen \u2013 von eindeutig anti-kapitalistischem Charakter umgehen zu k\u00f6nnen, deren Identit\u00e4t jedoch nicht auf bestimmte Klasseninteressen ausgerichtet ist.\u201c<\/p><cite>Laclau \/ Mouffe, Socialist Strategy: Where next, in: Marxism today, Januar 1981.<\/cite><\/blockquote>\n\n\n\n<p>Vordergr\u00fcndig schwingen sich neomarxistische Tugendbolde zu Besch\u00fctzern angeblich Unterprivilegierter auf. Dahinter steht die alte Strategie, die derzeitigen Herrschaftsstrukturen zu zerst\u00f6ren. Diese bezeichneten sie fr\u00fcher als Schweinesystem und sehen sie heute noch so. Ganz fr\u00fcher war der Zigarren rauchende Kapitalist das Feindbild, 1968 der pr\u00e4faschistoide Reaktion\u00e4r, heute der \u201ealte wei\u00dfe Mann\u201c.<\/p>\n\n\n\n<p>Die Protagonisten dieser Ideologie findet man inzwischen auf Lehrst\u00fchlen und in Seminaren der Universit\u00e4ten. Bei genauerer Betrachtung ihrer Person sind es in der Wolle gef\u00e4rbte Linksextremisten. Sie verlangen \u201eDiversit\u00e4t\u201c durch Privilegierung von Minderheiten. Sie sind die geborenen Feinde der Freiheit, weil die Privilegierung bestimmter Gruppen immer die Freiheit derer einschr\u00e4nkt, die keiner Minderheit angeh\u00f6ren. Diverse Minderheiten traten an die leer gewordene Stelle derer, die es zu befreien galt. Das marxistische Heilsversprechen gilt fort, nur wurden seine Adressaten ausgetauscht:<\/p>\n\n\n\n<blockquote class=\"wp-block-quote is-layout-flow wp-block-quote-is-layout-flow\"><p>\u201eDiese Gesellschaft ist zwar eine kapitalistische, aber das ist nicht ihr einziges und entscheidendes Merkmal; sie ist sexistisch und patriarchalisch, ganz zu schweigen von rassistisch.\u201c<\/p><cite>Laclau \/ Mouffe a.a.O.<\/cite><\/blockquote>\n\n\n\n<p>Darum, verbreitet sich Miller im Deutschlandfunk unter der \u00dcberschrift \u201eSolidarit\u00e4t statt Identit\u00e4t\u201c, m\u00fcsse man \u00fcber die bisherige Identit\u00e4tspolitik hinausgehen, also die vielen, niedlichen kleinen Minderheiten zu einer Bewegung zusammenschlie\u00dfen, um die Fundamente des Kapitalismus anzugreifen.<\/p>\n\n\n\n<h3 class=\"has-text-align-center wp-block-heading\">5 Minuten nach 12 f\u00fcr unsere Freiheit<\/h3>\n\n\n\n<p>Was Laclau, Preciado und die DLF-Miller fundamental angreifen, ist allerdings eine Konsequenz menschlicher Freiheit. Die freiheitliche demokratische Grundordnung garantiert das Privateigentum und damit auch das Geldverm\u00f6gen. Kapitalismus bedeutet, im Rahmen der Sozialbindung des Eigentums mit seinem Ersparten anstellen zu d\u00fcrfen, was man will. Wer das fundamental abzuschaffen sucht, ist ein Feind der freiheitlichen demokratischen Grundordnung.<\/p>\n\n\n\n<p>Es geht im Kern um die Herrschaft unseres Volkes \u00fcber sich selbst, um unsere Souver\u00e4nit\u00e4t. Es hat sich im Grundgesetz eine Verfassung nach den freiheitlichen Traditionen der deutschen Geschichte gegeben, zu denen unsere Grundrechte zentral geh\u00f6ren. Sie sind Ausdruck unseres Anspruches auf pers\u00f6nliche Freiheit, aufgrund dessen im Gefolge der franz\u00f6sischen Revolution alle Menschen pers\u00f6nlich frei und in ihrem Menschsein anerkannt sind.<\/p>\n\n\n\n<p>\u201ePreciado unterst\u00fctzt die Proteste in Paris\u201c, schreibt Miller im DLF, als einen<\/p>\n\n\n\n<blockquote class=\"wp-block-quote is-layout-flow wp-block-quote-is-layout-flow\"><p>\u201eganz besonderer revolution\u00e4ren Moment\u201c im Kampf gegen \u201edie Fortf\u00fchrung der Kolonialregime und des damit einhergehenden Rassismus\u201c. Er h\u00e4lt sie sogar f\u00fcr die \u201ewichtigsten Aufst\u00e4nde seit den Sechzigerjahren\u201c. Preciado sieht in ihnen kein isoliertes Ereignis, sondern die Zuspitzung einer ganz grunds\u00e4tzlichen Verschiebung der Grundlagen unseres Zusammenlebens, die wir seit einigen Jahren erleben:<\/p><p>\u201eDer ganze Planet ist pl\u00f6tzlich in einer epochalen Ver\u00e4nderung, die man eigentlich nur mit dem 16. Jahrhundert vergleichen kann, als der Kapitalismus und der Kolonialismus sich ausgebreitet haben, die Druckmaschine erfunden wurde. Und diese gro\u00dfe Ver\u00e4nderung damals w\u00fcrde ich vergleichen mit dieser epistemologischen Verschiebung, die heute stattfindet.\u201c<\/p><cite>Miller im DLF<\/cite><\/blockquote>\n\n\n\n<p>Es liegt an jedem einzelnen von uns, ob es in Deutschland eine \u201eepochale Ver\u00e4nderung\u201c geben wird. Unser Volk und unsere Lebensweise liegen im Fadenkreuz derer, die beides hassen. Mit Kapitalismus meinen sie unsere freiheitliche Lebensform, wie sie sich im Grundgesetz konkretisiert. Sie wird von unseren Polizisten gesch\u00fctzt, notfalls in rechtm\u00e4\u00dfiger Aus\u00fcbung hoheitlicher Gewalt. Mit der Polemik gegen ein angebliches Patriarchat suchen sie unsere Familien zu spalten und die Geschlechter gegeneinander aufzuhetzen. Unterdessen werfen von extremistischen Lehrern aufgehetzte Jugendliche Scheiben ein und pl\u00fcndern L\u00e4den, Symbole des Wohlstandes und des Kapitalismus.<\/p>\n\n\n\n<figure class=\"wp-block-image size-large\"><img loading=\"lazy\" decoding=\"async\" width=\"1024\" height=\"539\" src=\"http:\/\/klauskunze.com\/blog\/wp-content\/uploads\/2020\/06\/Zuschneiden_6-1024x539.jpg\" alt=\"\" class=\"wp-image-2220\" srcset=\"https:\/\/klauskunze.com\/blog\/wp-content\/uploads\/2020\/06\/Zuschneiden_6-1024x539.jpg 1024w, https:\/\/klauskunze.com\/blog\/wp-content\/uploads\/2020\/06\/Zuschneiden_6-300x158.jpg 300w, https:\/\/klauskunze.com\/blog\/wp-content\/uploads\/2020\/06\/Zuschneiden_6-768x404.jpg 768w, https:\/\/klauskunze.com\/blog\/wp-content\/uploads\/2020\/06\/Zuschneiden_6-900x473.jpg 900w, https:\/\/klauskunze.com\/blog\/wp-content\/uploads\/2020\/06\/Zuschneiden_6.jpg 1232w\" sizes=\"auto, (max-width: 1024px) 100vw, 1024px\" \/><figcaption>In vielen deutschen St\u00e4dten bilden Polizeieinheiten das letzte Aufgebot der Zivilgesellschaft gegen ihre Feinde, linksextremistischen Ha\u00df, Gewalt und Pl\u00fcnderungen.<\/figcaption><\/figure>\n\n\n\n<p>Um Rassismus geht es nicht, jedenfalls nicht in Deutschland. Das ist nur die Parole, unter der Menschen sich wieder einmal unter roten Fahnen zusammenrotten sollen. Ja, es geht um Polizei und unsere Staatsgewalt. Ohne sie w\u00e4ren wir dem Mob und der Anarchie ausgeliefert. Wie das aussieht, kann man in vielen Filmaufnahmen der letzten Tag sehen, au\u00dfer auf den roten Staatssendern.<\/p>\n\n\n\n<p>In St\u00e4dten wie Berlin ist es nicht 5 Minuten vor zw\u00f6lf, sondern nach zw\u00f6lf.<\/p>\n","protected":false},"excerpt":{"rendered":"<p>Antirassismus als Vehikel kommunistischer Machttr\u00e4ume Die Katze ist aus dem Sack: Es geht nicht um einen get\u00f6teten Schwerkriminellen aus Minneapolis. Es geht um uns alle, um die Zerst\u00f6rung unserer Kultur, unserer Werte und Normen und unseres freiheitlichen politischen Systems. Ich \u00fcbertreibe nicht. Die geistigen Brandstifter und Drahtzieher bekennen Farbe. Ich verstehe den Widerwillen, sich mit [&hellip;]<\/p>\n","protected":false},"author":1,"featured_media":2220,"comment_status":"open","ping_status":"open","sticky":false,"template":"","format":"standard","meta":{"h5ap_radio_sources":[],"twitterCardType":"","cardImageID":0,"cardImage":"","cardTitle":"","cardDesc":"","cardImageAlt":"","cardPlayer":"","cardPlayerWidth":0,"cardPlayerHeight":0,"cardPlayerStream":"","cardPlayerCodec":"","footnotes":""},"categories":[1,20,17],"tags":[],"class_list":["post-2215","post","type-post","status-publish","format-standard","has-post-thumbnail","hentry","category-allgemein","category-philosophie","category-politik"],"yoast_head":"<!-- This site is optimized with the Yoast SEO plugin v27.5 - https:\/\/yoast.com\/product\/yoast-seo-wordpress\/ -->\n<title>Der konzertierte Angriff auf uns alle - Klaus Kunze<\/title>\n<meta name=\"robots\" content=\"index, follow, max-snippet:-1, max-image-preview:large, max-video-preview:-1\" \/>\n<link rel=\"canonical\" href=\"https:\/\/klauskunze.com\/blog\/2020\/06\/09\/der-konzertierte-angriff-auf-uns-alle\/\" \/>\n<meta property=\"og:locale\" content=\"de_DE\" \/>\n<meta property=\"og:type\" content=\"article\" \/>\n<meta property=\"og:title\" content=\"Der konzertierte Angriff auf uns alle - Klaus Kunze\" \/>\n<meta property=\"og:description\" content=\"Antirassismus als Vehikel kommunistischer Machttr\u00e4ume Die Katze ist aus dem Sack: Es geht nicht um einen get\u00f6teten Schwerkriminellen aus Minneapolis. Es geht um uns alle, um die Zerst\u00f6rung unserer Kultur, unserer Werte und Normen und unseres freiheitlichen politischen Systems. Ich \u00fcbertreibe nicht. Die geistigen Brandstifter und Drahtzieher bekennen Farbe. Ich verstehe den Widerwillen, sich mit [&hellip;]\" \/>\n<meta property=\"og:url\" content=\"https:\/\/klauskunze.com\/blog\/2020\/06\/09\/der-konzertierte-angriff-auf-uns-alle\/\" \/>\n<meta property=\"og:site_name\" content=\"Klaus Kunze\" \/>\n<meta property=\"article:published_time\" content=\"2020-06-09T14:25:54+00:00\" \/>\n<meta property=\"article:modified_time\" content=\"2020-06-09T14:25:55+00:00\" \/>\n<meta property=\"og:image\" content=\"https:\/\/klauskunze.com\/blog\/wp-content\/uploads\/2020\/06\/Zuschneiden_6.jpg\" \/>\n\t<meta property=\"og:image:width\" content=\"1232\" \/>\n\t<meta property=\"og:image:height\" content=\"648\" \/>\n\t<meta property=\"og:image:type\" content=\"image\/jpeg\" \/>\n<meta name=\"author\" content=\"Klaus Kunze\" \/>\n<meta name=\"twitter:label1\" content=\"Verfasst von\" \/>\n\t<meta name=\"twitter:data1\" content=\"Klaus Kunze\" \/>\n\t<meta name=\"twitter:label2\" content=\"Gesch\u00e4tzte Lesezeit\" \/>\n\t<meta name=\"twitter:data2\" content=\"8\u00a0Minuten\" \/>\n<script type=\"application\/ld+json\" class=\"yoast-schema-graph\">{\"@context\":\"https:\\\/\\\/schema.org\",\"@graph\":[{\"@type\":\"Article\",\"@id\":\"https:\\\/\\\/klauskunze.com\\\/blog\\\/2020\\\/06\\\/09\\\/der-konzertierte-angriff-auf-uns-alle\\\/#article\",\"isPartOf\":{\"@id\":\"https:\\\/\\\/klauskunze.com\\\/blog\\\/2020\\\/06\\\/09\\\/der-konzertierte-angriff-auf-uns-alle\\\/\"},\"author\":{\"name\":\"Klaus Kunze\",\"@id\":\"https:\\\/\\\/klauskunze.com\\\/blog\\\/#\\\/schema\\\/person\\\/9c091cf30ab68b897db6a517e3c3b11b\"},\"headline\":\"Der konzertierte Angriff auf uns alle\",\"datePublished\":\"2020-06-09T14:25:54+00:00\",\"dateModified\":\"2020-06-09T14:25:55+00:00\",\"mainEntityOfPage\":{\"@id\":\"https:\\\/\\\/klauskunze.com\\\/blog\\\/2020\\\/06\\\/09\\\/der-konzertierte-angriff-auf-uns-alle\\\/\"},\"wordCount\":1609,\"commentCount\":0,\"publisher\":{\"@id\":\"https:\\\/\\\/klauskunze.com\\\/blog\\\/#\\\/schema\\\/person\\\/9c091cf30ab68b897db6a517e3c3b11b\"},\"image\":{\"@id\":\"https:\\\/\\\/klauskunze.com\\\/blog\\\/2020\\\/06\\\/09\\\/der-konzertierte-angriff-auf-uns-alle\\\/#primaryimage\"},\"thumbnailUrl\":\"https:\\\/\\\/klauskunze.com\\\/blog\\\/wp-content\\\/uploads\\\/2020\\\/06\\\/Zuschneiden_6.jpg\",\"articleSection\":{\"1\":\"Philosophie\",\"2\":\"Politik\"},\"inLanguage\":\"de\",\"potentialAction\":[{\"@type\":\"CommentAction\",\"name\":\"Comment\",\"target\":[\"https:\\\/\\\/klauskunze.com\\\/blog\\\/2020\\\/06\\\/09\\\/der-konzertierte-angriff-auf-uns-alle\\\/#respond\"]}]},{\"@type\":\"WebPage\",\"@id\":\"https:\\\/\\\/klauskunze.com\\\/blog\\\/2020\\\/06\\\/09\\\/der-konzertierte-angriff-auf-uns-alle\\\/\",\"url\":\"https:\\\/\\\/klauskunze.com\\\/blog\\\/2020\\\/06\\\/09\\\/der-konzertierte-angriff-auf-uns-alle\\\/\",\"name\":\"Der konzertierte Angriff auf uns alle - Klaus Kunze\",\"isPartOf\":{\"@id\":\"https:\\\/\\\/klauskunze.com\\\/blog\\\/#website\"},\"primaryImageOfPage\":{\"@id\":\"https:\\\/\\\/klauskunze.com\\\/blog\\\/2020\\\/06\\\/09\\\/der-konzertierte-angriff-auf-uns-alle\\\/#primaryimage\"},\"image\":{\"@id\":\"https:\\\/\\\/klauskunze.com\\\/blog\\\/2020\\\/06\\\/09\\\/der-konzertierte-angriff-auf-uns-alle\\\/#primaryimage\"},\"thumbnailUrl\":\"https:\\\/\\\/klauskunze.com\\\/blog\\\/wp-content\\\/uploads\\\/2020\\\/06\\\/Zuschneiden_6.jpg\",\"datePublished\":\"2020-06-09T14:25:54+00:00\",\"dateModified\":\"2020-06-09T14:25:55+00:00\",\"breadcrumb\":{\"@id\":\"https:\\\/\\\/klauskunze.com\\\/blog\\\/2020\\\/06\\\/09\\\/der-konzertierte-angriff-auf-uns-alle\\\/#breadcrumb\"},\"inLanguage\":\"de\",\"potentialAction\":[{\"@type\":\"ReadAction\",\"target\":[\"https:\\\/\\\/klauskunze.com\\\/blog\\\/2020\\\/06\\\/09\\\/der-konzertierte-angriff-auf-uns-alle\\\/\"]}]},{\"@type\":\"ImageObject\",\"inLanguage\":\"de\",\"@id\":\"https:\\\/\\\/klauskunze.com\\\/blog\\\/2020\\\/06\\\/09\\\/der-konzertierte-angriff-auf-uns-alle\\\/#primaryimage\",\"url\":\"https:\\\/\\\/klauskunze.com\\\/blog\\\/wp-content\\\/uploads\\\/2020\\\/06\\\/Zuschneiden_6.jpg\",\"contentUrl\":\"https:\\\/\\\/klauskunze.com\\\/blog\\\/wp-content\\\/uploads\\\/2020\\\/06\\\/Zuschneiden_6.jpg\",\"width\":1232,\"height\":648},{\"@type\":\"BreadcrumbList\",\"@id\":\"https:\\\/\\\/klauskunze.com\\\/blog\\\/2020\\\/06\\\/09\\\/der-konzertierte-angriff-auf-uns-alle\\\/#breadcrumb\",\"itemListElement\":[{\"@type\":\"ListItem\",\"position\":1,\"name\":\"Startseite\",\"item\":\"https:\\\/\\\/klauskunze.com\\\/blog\\\/\"},{\"@type\":\"ListItem\",\"position\":2,\"name\":\"Der konzertierte Angriff auf uns alle\"}]},{\"@type\":\"WebSite\",\"@id\":\"https:\\\/\\\/klauskunze.com\\\/blog\\\/#website\",\"url\":\"https:\\\/\\\/klauskunze.com\\\/blog\\\/\",\"name\":\"Klaus Kunze\",\"description\":\"Blog\",\"publisher\":{\"@id\":\"https:\\\/\\\/klauskunze.com\\\/blog\\\/#\\\/schema\\\/person\\\/9c091cf30ab68b897db6a517e3c3b11b\"},\"potentialAction\":[{\"@type\":\"SearchAction\",\"target\":{\"@type\":\"EntryPoint\",\"urlTemplate\":\"https:\\\/\\\/klauskunze.com\\\/blog\\\/?s={search_term_string}\"},\"query-input\":{\"@type\":\"PropertyValueSpecification\",\"valueRequired\":true,\"valueName\":\"search_term_string\"}}],\"inLanguage\":\"de\"},{\"@type\":[\"Person\",\"Organization\"],\"@id\":\"https:\\\/\\\/klauskunze.com\\\/blog\\\/#\\\/schema\\\/person\\\/9c091cf30ab68b897db6a517e3c3b11b\",\"name\":\"Klaus Kunze\",\"image\":{\"@type\":\"ImageObject\",\"inLanguage\":\"de\",\"@id\":\"https:\\\/\\\/secure.gravatar.com\\\/avatar\\\/5cd83cadbada9c331a79952fcca177ed3d3be4c7ad3239b9d934bf84adff15dd?s=96&d=blank&r=g\",\"url\":\"https:\\\/\\\/secure.gravatar.com\\\/avatar\\\/5cd83cadbada9c331a79952fcca177ed3d3be4c7ad3239b9d934bf84adff15dd?s=96&d=blank&r=g\",\"contentUrl\":\"https:\\\/\\\/secure.gravatar.com\\\/avatar\\\/5cd83cadbada9c331a79952fcca177ed3d3be4c7ad3239b9d934bf84adff15dd?s=96&d=blank&r=g\",\"caption\":\"Klaus Kunze\"},\"logo\":{\"@id\":\"https:\\\/\\\/secure.gravatar.com\\\/avatar\\\/5cd83cadbada9c331a79952fcca177ed3d3be4c7ad3239b9d934bf84adff15dd?s=96&d=blank&r=g\"},\"sameAs\":[\"http:\\\/\\\/KlausKunze.com\",\"https:\\\/\\\/x.com\\\/https:\\\/\\\/twitter.com\\\/KlausKunze3\"]}]}<\/script>\n<!-- \/ Yoast SEO plugin. -->","yoast_head_json":{"title":"Der konzertierte Angriff auf uns alle - Klaus Kunze","robots":{"index":"index","follow":"follow","max-snippet":"max-snippet:-1","max-image-preview":"max-image-preview:large","max-video-preview":"max-video-preview:-1"},"canonical":"https:\/\/klauskunze.com\/blog\/2020\/06\/09\/der-konzertierte-angriff-auf-uns-alle\/","og_locale":"de_DE","og_type":"article","og_title":"Der konzertierte Angriff auf uns alle - Klaus Kunze","og_description":"Antirassismus als Vehikel kommunistischer Machttr\u00e4ume Die Katze ist aus dem Sack: Es geht nicht um einen get\u00f6teten Schwerkriminellen aus Minneapolis. Es geht um uns alle, um die Zerst\u00f6rung unserer Kultur, unserer Werte und Normen und unseres freiheitlichen politischen Systems. Ich \u00fcbertreibe nicht. Die geistigen Brandstifter und Drahtzieher bekennen Farbe. Ich verstehe den Widerwillen, sich mit [&hellip;]","og_url":"https:\/\/klauskunze.com\/blog\/2020\/06\/09\/der-konzertierte-angriff-auf-uns-alle\/","og_site_name":"Klaus Kunze","article_published_time":"2020-06-09T14:25:54+00:00","article_modified_time":"2020-06-09T14:25:55+00:00","og_image":[{"width":1232,"height":648,"url":"https:\/\/klauskunze.com\/blog\/wp-content\/uploads\/2020\/06\/Zuschneiden_6.jpg","type":"image\/jpeg"}],"author":"Klaus Kunze","twitter_misc":{"Verfasst von":"Klaus Kunze","Gesch\u00e4tzte Lesezeit":"8\u00a0Minuten"},"schema":{"@context":"https:\/\/schema.org","@graph":[{"@type":"Article","@id":"https:\/\/klauskunze.com\/blog\/2020\/06\/09\/der-konzertierte-angriff-auf-uns-alle\/#article","isPartOf":{"@id":"https:\/\/klauskunze.com\/blog\/2020\/06\/09\/der-konzertierte-angriff-auf-uns-alle\/"},"author":{"name":"Klaus Kunze","@id":"https:\/\/klauskunze.com\/blog\/#\/schema\/person\/9c091cf30ab68b897db6a517e3c3b11b"},"headline":"Der konzertierte Angriff auf uns alle","datePublished":"2020-06-09T14:25:54+00:00","dateModified":"2020-06-09T14:25:55+00:00","mainEntityOfPage":{"@id":"https:\/\/klauskunze.com\/blog\/2020\/06\/09\/der-konzertierte-angriff-auf-uns-alle\/"},"wordCount":1609,"commentCount":0,"publisher":{"@id":"https:\/\/klauskunze.com\/blog\/#\/schema\/person\/9c091cf30ab68b897db6a517e3c3b11b"},"image":{"@id":"https:\/\/klauskunze.com\/blog\/2020\/06\/09\/der-konzertierte-angriff-auf-uns-alle\/#primaryimage"},"thumbnailUrl":"https:\/\/klauskunze.com\/blog\/wp-content\/uploads\/2020\/06\/Zuschneiden_6.jpg","articleSection":{"1":"Philosophie","2":"Politik"},"inLanguage":"de","potentialAction":[{"@type":"CommentAction","name":"Comment","target":["https:\/\/klauskunze.com\/blog\/2020\/06\/09\/der-konzertierte-angriff-auf-uns-alle\/#respond"]}]},{"@type":"WebPage","@id":"https:\/\/klauskunze.com\/blog\/2020\/06\/09\/der-konzertierte-angriff-auf-uns-alle\/","url":"https:\/\/klauskunze.com\/blog\/2020\/06\/09\/der-konzertierte-angriff-auf-uns-alle\/","name":"Der konzertierte Angriff auf uns alle - Klaus Kunze","isPartOf":{"@id":"https:\/\/klauskunze.com\/blog\/#website"},"primaryImageOfPage":{"@id":"https:\/\/klauskunze.com\/blog\/2020\/06\/09\/der-konzertierte-angriff-auf-uns-alle\/#primaryimage"},"image":{"@id":"https:\/\/klauskunze.com\/blog\/2020\/06\/09\/der-konzertierte-angriff-auf-uns-alle\/#primaryimage"},"thumbnailUrl":"https:\/\/klauskunze.com\/blog\/wp-content\/uploads\/2020\/06\/Zuschneiden_6.jpg","datePublished":"2020-06-09T14:25:54+00:00","dateModified":"2020-06-09T14:25:55+00:00","breadcrumb":{"@id":"https:\/\/klauskunze.com\/blog\/2020\/06\/09\/der-konzertierte-angriff-auf-uns-alle\/#breadcrumb"},"inLanguage":"de","potentialAction":[{"@type":"ReadAction","target":["https:\/\/klauskunze.com\/blog\/2020\/06\/09\/der-konzertierte-angriff-auf-uns-alle\/"]}]},{"@type":"ImageObject","inLanguage":"de","@id":"https:\/\/klauskunze.com\/blog\/2020\/06\/09\/der-konzertierte-angriff-auf-uns-alle\/#primaryimage","url":"https:\/\/klauskunze.com\/blog\/wp-content\/uploads\/2020\/06\/Zuschneiden_6.jpg","contentUrl":"https:\/\/klauskunze.com\/blog\/wp-content\/uploads\/2020\/06\/Zuschneiden_6.jpg","width":1232,"height":648},{"@type":"BreadcrumbList","@id":"https:\/\/klauskunze.com\/blog\/2020\/06\/09\/der-konzertierte-angriff-auf-uns-alle\/#breadcrumb","itemListElement":[{"@type":"ListItem","position":1,"name":"Startseite","item":"https:\/\/klauskunze.com\/blog\/"},{"@type":"ListItem","position":2,"name":"Der konzertierte Angriff auf uns alle"}]},{"@type":"WebSite","@id":"https:\/\/klauskunze.com\/blog\/#website","url":"https:\/\/klauskunze.com\/blog\/","name":"Klaus Kunze","description":"Blog","publisher":{"@id":"https:\/\/klauskunze.com\/blog\/#\/schema\/person\/9c091cf30ab68b897db6a517e3c3b11b"},"potentialAction":[{"@type":"SearchAction","target":{"@type":"EntryPoint","urlTemplate":"https:\/\/klauskunze.com\/blog\/?s={search_term_string}"},"query-input":{"@type":"PropertyValueSpecification","valueRequired":true,"valueName":"search_term_string"}}],"inLanguage":"de"},{"@type":["Person","Organization"],"@id":"https:\/\/klauskunze.com\/blog\/#\/schema\/person\/9c091cf30ab68b897db6a517e3c3b11b","name":"Klaus Kunze","image":{"@type":"ImageObject","inLanguage":"de","@id":"https:\/\/secure.gravatar.com\/avatar\/5cd83cadbada9c331a79952fcca177ed3d3be4c7ad3239b9d934bf84adff15dd?s=96&d=blank&r=g","url":"https:\/\/secure.gravatar.com\/avatar\/5cd83cadbada9c331a79952fcca177ed3d3be4c7ad3239b9d934bf84adff15dd?s=96&d=blank&r=g","contentUrl":"https:\/\/secure.gravatar.com\/avatar\/5cd83cadbada9c331a79952fcca177ed3d3be4c7ad3239b9d934bf84adff15dd?s=96&d=blank&r=g","caption":"Klaus Kunze"},"logo":{"@id":"https:\/\/secure.gravatar.com\/avatar\/5cd83cadbada9c331a79952fcca177ed3d3be4c7ad3239b9d934bf84adff15dd?s=96&d=blank&r=g"},"sameAs":["http:\/\/KlausKunze.com","https:\/\/x.com\/https:\/\/twitter.com\/KlausKunze3"]}]}},"post_mailing_queue_ids":[],"_links":{"self":[{"href":"https:\/\/klauskunze.com\/blog\/wp-json\/wp\/v2\/posts\/2215","targetHints":{"allow":["GET"]}}],"collection":[{"href":"https:\/\/klauskunze.com\/blog\/wp-json\/wp\/v2\/posts"}],"about":[{"href":"https:\/\/klauskunze.com\/blog\/wp-json\/wp\/v2\/types\/post"}],"author":[{"embeddable":true,"href":"https:\/\/klauskunze.com\/blog\/wp-json\/wp\/v2\/users\/1"}],"replies":[{"embeddable":true,"href":"https:\/\/klauskunze.com\/blog\/wp-json\/wp\/v2\/comments?post=2215"}],"version-history":[{"count":3,"href":"https:\/\/klauskunze.com\/blog\/wp-json\/wp\/v2\/posts\/2215\/revisions"}],"predecessor-version":[{"id":2222,"href":"https:\/\/klauskunze.com\/blog\/wp-json\/wp\/v2\/posts\/2215\/revisions\/2222"}],"wp:featuredmedia":[{"embeddable":true,"href":"https:\/\/klauskunze.com\/blog\/wp-json\/wp\/v2\/media\/2220"}],"wp:attachment":[{"href":"https:\/\/klauskunze.com\/blog\/wp-json\/wp\/v2\/media?parent=2215"}],"wp:term":[{"taxonomy":"category","embeddable":true,"href":"https:\/\/klauskunze.com\/blog\/wp-json\/wp\/v2\/categories?post=2215"},{"taxonomy":"post_tag","embeddable":true,"href":"https:\/\/klauskunze.com\/blog\/wp-json\/wp\/v2\/tags?post=2215"}],"curies":[{"name":"wp","href":"https:\/\/api.w.org\/{rel}","templated":true}]}}