{"id":223,"date":"2019-10-23T17:38:15","date_gmt":"2019-10-23T15:38:15","guid":{"rendered":"http:\/\/klauskunze.com\/blog\/?p=223"},"modified":"2019-10-27T13:32:26","modified_gmt":"2019-10-27T12:32:26","slug":"folg-ich-der-voegel-wundersamen-fluegen","status":"publish","type":"post","link":"https:\/\/klauskunze.com\/blog\/2019\/10\/23\/folg-ich-der-voegel-wundersamen-fluegen\/","title":{"rendered":"&#8230; folg ich der V\u00f6gel wundersamen Fl\u00fcgen"},"content":{"rendered":"\n<p class=\"wp-block-paragraph\"><\/p>\n\n\n\n<p class=\"wp-block-paragraph\"><\/p>\n\n\n\n<p style=\"text-align:center\" class=\"has-regular-font-size wp-block-paragraph\">Am Abend, wenn die\nGlocken Frieden l\u00e4uten, <\/p>\n\n\n\n<p style=\"text-align:center\" class=\"has-regular-font-size wp-block-paragraph\">Folg\nich der V\u00f6gel wundersamen Fl\u00fcgen,<\/p>\n\n\n\n<p style=\"text-align:center\" class=\"has-regular-font-size wp-block-paragraph\">Die\nlanggeschart, gleich frommen Pilgerz\u00fcgen<\/p>\n\n\n\n<p style=\"text-align:center\" class=\"has-regular-font-size wp-block-paragraph\">Entschwinden in den herbstlich klaren Weiten.<\/p>\n\n\n\n<p style=\"text-align:center\" class=\"has-regular-font-size wp-block-paragraph\">Hinwandelnd\ndurch den d\u00e4mmervollen Garten,<\/p>\n\n\n\n<p style=\"text-align:center\" class=\"has-regular-font-size wp-block-paragraph\">Tr\u00e4um\nich nach ihren helleren Geschicken<\/p>\n\n\n\n<p style=\"text-align:center\" class=\"has-regular-font-size wp-block-paragraph\">Und\nf\u00fchl der Stunden Weiser kaum mehr r\u00fccken.<\/p>\n\n\n\n<p style=\"text-align:center\" class=\"has-regular-font-size wp-block-paragraph\">So\nfolg ich \u00fcber Wolken ihren Fahrten.<\/p>\n\n\n\n<p style=\"text-align:center\" class=\"has-regular-font-size wp-block-paragraph\">Da\nmacht ein Hauch mich von Verfall erzittern,<\/p>\n\n\n\n<p style=\"text-align:center\" class=\"has-regular-font-size wp-block-paragraph\">Die\nAmsel klagt in den entlaubten Zweigen, <\/p>\n\n\n\n<p style=\"text-align:center\" class=\"has-regular-font-size wp-block-paragraph\">Es\nschwankt der rote Wein an rost&#8217;gen Gittern,<\/p>\n\n\n\n<p style=\"text-align:center\" class=\"has-regular-font-size wp-block-paragraph\">Indes&#8216;,\nwie blasser Kinder Todesreigen, <\/p>\n\n\n\n<p style=\"text-align:center\" class=\"has-regular-font-size wp-block-paragraph\">Um\ndunkle Brunnenr\u00e4nder, die verwittern,<\/p>\n\n\n\n<p style=\"text-align:center\" class=\"has-regular-font-size wp-block-paragraph\">Im\nWind sich fr\u00f6stelnd blaue Astern neigen.<\/p>\n\n\n\n<p class=\"wp-block-paragraph\" style=\"text-align:right\">Georg Trakl &nbsp;(gefallen 1914)<\/p>\n","protected":false},"excerpt":{"rendered":"<p>Am Abend, wenn die Glocken Frieden l\u00e4uten, Folg ich der V\u00f6gel wundersamen Fl\u00fcgen, Die langgeschart, gleich frommen Pilgerz\u00fcgen Entschwinden in den herbstlich klaren Weiten. Hinwandelnd durch den d\u00e4mmervollen Garten, Tr\u00e4um ich nach ihren helleren Geschicken Und f\u00fchl der Stunden Weiser kaum mehr r\u00fccken. So folg ich \u00fcber Wolken ihren Fahrten. Da macht ein Hauch mich [&hellip;]<\/p>\n","protected":false},"author":1,"featured_media":224,"comment_status":"open","ping_status":"open","sticky":false,"template":"","format":"standard","meta":{"h5ap_radio_sources":[],"twitterCardType":"","cardImageID":0,"cardImage":"","cardTitle":"","cardDesc":"","cardImageAlt":"","cardPlayer":"","cardPlayerWidth":0,"cardPlayerHeight":0,"cardPlayerStream":"","cardPlayerCodec":"","footnotes":""},"categories":[8],"tags":[10],"class_list":["post-223","post","type-post","status-publish","format-standard","has-post-thumbnail","hentry","category-poesie","tag-poesie"],"yoast_head":"<!-- This site is optimized with the Yoast SEO plugin v28.4 - https:\/\/yoast.com\/product\/yoast-seo-wordpress\/ -->\n<title>... folg ich der V\u00f6gel wundersamen Fl\u00fcgen - Klaus Kunze<\/title>\n<meta name=\"robots\" content=\"index, follow, max-snippet:-1, max-image-preview:large, max-video-preview:-1\" \/>\n<link rel=\"canonical\" href=\"https:\/\/klauskunze.com\/blog\/2019\/10\/23\/folg-ich-der-voegel-wundersamen-fluegen\/\" \/>\n<meta property=\"og:locale\" content=\"de_DE\" \/>\n<meta property=\"og:type\" content=\"article\" \/>\n<meta property=\"og:title\" content=\"... folg ich der V\u00f6gel wundersamen Fl\u00fcgen - Klaus Kunze\" \/>\n<meta property=\"og:description\" content=\"Am Abend, wenn die Glocken Frieden l\u00e4uten, Folg ich der V\u00f6gel wundersamen Fl\u00fcgen, Die langgeschart, gleich frommen Pilgerz\u00fcgen Entschwinden in den herbstlich klaren Weiten. Hinwandelnd durch den d\u00e4mmervollen Garten, Tr\u00e4um ich nach ihren helleren Geschicken Und f\u00fchl der Stunden Weiser kaum mehr r\u00fccken. So folg ich \u00fcber Wolken ihren Fahrten. Da macht ein Hauch mich [&hellip;]\" \/>\n<meta property=\"og:url\" content=\"https:\/\/klauskunze.com\/blog\/2019\/10\/23\/folg-ich-der-voegel-wundersamen-fluegen\/\" \/>\n<meta property=\"og:site_name\" content=\"Klaus Kunze\" \/>\n<meta property=\"article:published_time\" content=\"2019-10-23T15:38:15+00:00\" \/>\n<meta property=\"article:modified_time\" content=\"2019-10-27T12:32:26+00:00\" \/>\n<meta property=\"og:image\" content=\"https:\/\/klauskunze.com\/blog\/wp-content\/uploads\/2019\/10\/2019-10-1.-10.-08.jpg\" \/>\n\t<meta property=\"og:image:width\" content=\"1815\" \/>\n\t<meta property=\"og:image:height\" content=\"1362\" \/>\n\t<meta property=\"og:image:type\" content=\"image\/jpeg\" \/>\n<meta name=\"author\" content=\"Klaus Kunze\" \/>\n<meta name=\"twitter:label1\" content=\"Verfasst von\" \/>\n\t<meta name=\"twitter:data1\" content=\"Klaus Kunze\" \/>\n\t<meta name=\"twitter:label2\" content=\"Gesch\u00e4tzte Lesezeit\" \/>\n\t<meta name=\"twitter:data2\" content=\"1\u00a0Minute\" \/>\n<script type=\"application\/ld+json\" class=\"yoast-schema-graph\">{\"@context\":\"https:\\\/\\\/schema.org\",\"@graph\":[{\"@type\":\"Article\",\"@id\":\"https:\\\/\\\/klauskunze.com\\\/blog\\\/2019\\\/10\\\/23\\\/folg-ich-der-voegel-wundersamen-fluegen\\\/#article\",\"isPartOf\":{\"@id\":\"https:\\\/\\\/klauskunze.com\\\/blog\\\/2019\\\/10\\\/23\\\/folg-ich-der-voegel-wundersamen-fluegen\\\/\"},\"author\":{\"name\":\"Klaus Kunze\",\"@id\":\"https:\\\/\\\/klauskunze.com\\\/blog\\\/#\\\/schema\\\/person\\\/9c091cf30ab68b897db6a517e3c3b11b\"},\"headline\":\"&#8230; folg ich der V\u00f6gel wundersamen Fl\u00fcgen\",\"datePublished\":\"2019-10-23T15:38:15+00:00\",\"dateModified\":\"2019-10-27T12:32:26+00:00\",\"mainEntityOfPage\":{\"@id\":\"https:\\\/\\\/klauskunze.com\\\/blog\\\/2019\\\/10\\\/23\\\/folg-ich-der-voegel-wundersamen-fluegen\\\/\"},\"wordCount\":113,\"commentCount\":0,\"publisher\":{\"@id\":\"https:\\\/\\\/klauskunze.com\\\/blog\\\/#\\\/schema\\\/person\\\/9c091cf30ab68b897db6a517e3c3b11b\"},\"image\":{\"@id\":\"https:\\\/\\\/klauskunze.com\\\/blog\\\/2019\\\/10\\\/23\\\/folg-ich-der-voegel-wundersamen-fluegen\\\/#primaryimage\"},\"thumbnailUrl\":\"https:\\\/\\\/klauskunze.com\\\/blog\\\/wp-content\\\/uploads\\\/2019\\\/10\\\/2019-10-1.-10.-08.jpg\",\"keywords\":[\"Poesie\"],\"articleSection\":[\"Poesie\"],\"inLanguage\":\"de\",\"potentialAction\":[{\"@type\":\"CommentAction\",\"name\":\"Comment\",\"target\":[\"https:\\\/\\\/klauskunze.com\\\/blog\\\/2019\\\/10\\\/23\\\/folg-ich-der-voegel-wundersamen-fluegen\\\/#respond\"]}]},{\"@type\":\"WebPage\",\"@id\":\"https:\\\/\\\/klauskunze.com\\\/blog\\\/2019\\\/10\\\/23\\\/folg-ich-der-voegel-wundersamen-fluegen\\\/\",\"url\":\"https:\\\/\\\/klauskunze.com\\\/blog\\\/2019\\\/10\\\/23\\\/folg-ich-der-voegel-wundersamen-fluegen\\\/\",\"name\":\"... folg ich der V\u00f6gel wundersamen Fl\u00fcgen - Klaus Kunze\",\"isPartOf\":{\"@id\":\"https:\\\/\\\/klauskunze.com\\\/blog\\\/#website\"},\"primaryImageOfPage\":{\"@id\":\"https:\\\/\\\/klauskunze.com\\\/blog\\\/2019\\\/10\\\/23\\\/folg-ich-der-voegel-wundersamen-fluegen\\\/#primaryimage\"},\"image\":{\"@id\":\"https:\\\/\\\/klauskunze.com\\\/blog\\\/2019\\\/10\\\/23\\\/folg-ich-der-voegel-wundersamen-fluegen\\\/#primaryimage\"},\"thumbnailUrl\":\"https:\\\/\\\/klauskunze.com\\\/blog\\\/wp-content\\\/uploads\\\/2019\\\/10\\\/2019-10-1.-10.-08.jpg\",\"datePublished\":\"2019-10-23T15:38:15+00:00\",\"dateModified\":\"2019-10-27T12:32:26+00:00\",\"breadcrumb\":{\"@id\":\"https:\\\/\\\/klauskunze.com\\\/blog\\\/2019\\\/10\\\/23\\\/folg-ich-der-voegel-wundersamen-fluegen\\\/#breadcrumb\"},\"inLanguage\":\"de\",\"potentialAction\":[{\"@type\":\"ReadAction\",\"target\":[\"https:\\\/\\\/klauskunze.com\\\/blog\\\/2019\\\/10\\\/23\\\/folg-ich-der-voegel-wundersamen-fluegen\\\/\"]}]},{\"@type\":\"ImageObject\",\"inLanguage\":\"de\",\"@id\":\"https:\\\/\\\/klauskunze.com\\\/blog\\\/2019\\\/10\\\/23\\\/folg-ich-der-voegel-wundersamen-fluegen\\\/#primaryimage\",\"url\":\"https:\\\/\\\/klauskunze.com\\\/blog\\\/wp-content\\\/uploads\\\/2019\\\/10\\\/2019-10-1.-10.-08.jpg\",\"contentUrl\":\"https:\\\/\\\/klauskunze.com\\\/blog\\\/wp-content\\\/uploads\\\/2019\\\/10\\\/2019-10-1.-10.-08.jpg\",\"width\":1815,\"height\":1362},{\"@type\":\"BreadcrumbList\",\"@id\":\"https:\\\/\\\/klauskunze.com\\\/blog\\\/2019\\\/10\\\/23\\\/folg-ich-der-voegel-wundersamen-fluegen\\\/#breadcrumb\",\"itemListElement\":[{\"@type\":\"ListItem\",\"position\":1,\"name\":\"Startseite\",\"item\":\"https:\\\/\\\/klauskunze.com\\\/blog\\\/\"},{\"@type\":\"ListItem\",\"position\":2,\"name\":\"&#8230; folg ich der V\u00f6gel wundersamen Fl\u00fcgen\"}]},{\"@type\":\"WebSite\",\"@id\":\"https:\\\/\\\/klauskunze.com\\\/blog\\\/#website\",\"url\":\"https:\\\/\\\/klauskunze.com\\\/blog\\\/\",\"name\":\"Klaus Kunze\",\"description\":\"Blog\",\"publisher\":{\"@id\":\"https:\\\/\\\/klauskunze.com\\\/blog\\\/#\\\/schema\\\/person\\\/9c091cf30ab68b897db6a517e3c3b11b\"},\"potentialAction\":[{\"@type\":\"SearchAction\",\"target\":{\"@type\":\"EntryPoint\",\"urlTemplate\":\"https:\\\/\\\/klauskunze.com\\\/blog\\\/?s={search_term_string}\"},\"query-input\":{\"@type\":\"PropertyValueSpecification\",\"valueRequired\":true,\"valueName\":\"search_term_string\"}}],\"inLanguage\":\"de\"},{\"@type\":[\"Person\",\"Organization\"],\"@id\":\"https:\\\/\\\/klauskunze.com\\\/blog\\\/#\\\/schema\\\/person\\\/9c091cf30ab68b897db6a517e3c3b11b\",\"name\":\"Klaus Kunze\",\"image\":{\"@type\":\"ImageObject\",\"inLanguage\":\"de\",\"@id\":\"https:\\\/\\\/secure.gravatar.com\\\/avatar\\\/5cd83cadbada9c331a79952fcca177ed3d3be4c7ad3239b9d934bf84adff15dd?s=96&d=blank&r=g\",\"url\":\"https:\\\/\\\/secure.gravatar.com\\\/avatar\\\/5cd83cadbada9c331a79952fcca177ed3d3be4c7ad3239b9d934bf84adff15dd?s=96&d=blank&r=g\",\"contentUrl\":\"https:\\\/\\\/secure.gravatar.com\\\/avatar\\\/5cd83cadbada9c331a79952fcca177ed3d3be4c7ad3239b9d934bf84adff15dd?s=96&d=blank&r=g\",\"caption\":\"Klaus Kunze\"},\"logo\":{\"@id\":\"https:\\\/\\\/secure.gravatar.com\\\/avatar\\\/5cd83cadbada9c331a79952fcca177ed3d3be4c7ad3239b9d934bf84adff15dd?s=96&d=blank&r=g\"},\"sameAs\":[\"http:\\\/\\\/KlausKunze.com\",\"https:\\\/\\\/x.com\\\/https:\\\/\\\/twitter.com\\\/KlausKunze3\"]}]}<\/script>\n<!-- \/ Yoast SEO plugin. -->","yoast_head_json":{"title":"... folg ich der V\u00f6gel wundersamen Fl\u00fcgen - Klaus Kunze","robots":{"index":"index","follow":"follow","max-snippet":"max-snippet:-1","max-image-preview":"max-image-preview:large","max-video-preview":"max-video-preview:-1"},"canonical":"https:\/\/klauskunze.com\/blog\/2019\/10\/23\/folg-ich-der-voegel-wundersamen-fluegen\/","og_locale":"de_DE","og_type":"article","og_title":"... folg ich der V\u00f6gel wundersamen Fl\u00fcgen - Klaus Kunze","og_description":"Am Abend, wenn die Glocken Frieden l\u00e4uten, Folg ich der V\u00f6gel wundersamen Fl\u00fcgen, Die langgeschart, gleich frommen Pilgerz\u00fcgen Entschwinden in den herbstlich klaren Weiten. Hinwandelnd durch den d\u00e4mmervollen Garten, Tr\u00e4um ich nach ihren helleren Geschicken Und f\u00fchl der Stunden Weiser kaum mehr r\u00fccken. So folg ich \u00fcber Wolken ihren Fahrten. Da macht ein Hauch mich [&hellip;]","og_url":"https:\/\/klauskunze.com\/blog\/2019\/10\/23\/folg-ich-der-voegel-wundersamen-fluegen\/","og_site_name":"Klaus Kunze","article_published_time":"2019-10-23T15:38:15+00:00","article_modified_time":"2019-10-27T12:32:26+00:00","og_image":[{"width":1815,"height":1362,"url":"https:\/\/klauskunze.com\/blog\/wp-content\/uploads\/2019\/10\/2019-10-1.-10.-08.jpg","type":"image\/jpeg"}],"author":"Klaus Kunze","twitter_misc":{"Verfasst von":"Klaus Kunze","Gesch\u00e4tzte Lesezeit":"1\u00a0Minute"},"schema":{"@context":"https:\/\/schema.org","@graph":[{"@type":"Article","@id":"https:\/\/klauskunze.com\/blog\/2019\/10\/23\/folg-ich-der-voegel-wundersamen-fluegen\/#article","isPartOf":{"@id":"https:\/\/klauskunze.com\/blog\/2019\/10\/23\/folg-ich-der-voegel-wundersamen-fluegen\/"},"author":{"name":"Klaus Kunze","@id":"https:\/\/klauskunze.com\/blog\/#\/schema\/person\/9c091cf30ab68b897db6a517e3c3b11b"},"headline":"&#8230; folg ich der V\u00f6gel wundersamen Fl\u00fcgen","datePublished":"2019-10-23T15:38:15+00:00","dateModified":"2019-10-27T12:32:26+00:00","mainEntityOfPage":{"@id":"https:\/\/klauskunze.com\/blog\/2019\/10\/23\/folg-ich-der-voegel-wundersamen-fluegen\/"},"wordCount":113,"commentCount":0,"publisher":{"@id":"https:\/\/klauskunze.com\/blog\/#\/schema\/person\/9c091cf30ab68b897db6a517e3c3b11b"},"image":{"@id":"https:\/\/klauskunze.com\/blog\/2019\/10\/23\/folg-ich-der-voegel-wundersamen-fluegen\/#primaryimage"},"thumbnailUrl":"https:\/\/klauskunze.com\/blog\/wp-content\/uploads\/2019\/10\/2019-10-1.-10.-08.jpg","keywords":["Poesie"],"articleSection":["Poesie"],"inLanguage":"de","potentialAction":[{"@type":"CommentAction","name":"Comment","target":["https:\/\/klauskunze.com\/blog\/2019\/10\/23\/folg-ich-der-voegel-wundersamen-fluegen\/#respond"]}]},{"@type":"WebPage","@id":"https:\/\/klauskunze.com\/blog\/2019\/10\/23\/folg-ich-der-voegel-wundersamen-fluegen\/","url":"https:\/\/klauskunze.com\/blog\/2019\/10\/23\/folg-ich-der-voegel-wundersamen-fluegen\/","name":"... folg ich der V\u00f6gel wundersamen Fl\u00fcgen - Klaus Kunze","isPartOf":{"@id":"https:\/\/klauskunze.com\/blog\/#website"},"primaryImageOfPage":{"@id":"https:\/\/klauskunze.com\/blog\/2019\/10\/23\/folg-ich-der-voegel-wundersamen-fluegen\/#primaryimage"},"image":{"@id":"https:\/\/klauskunze.com\/blog\/2019\/10\/23\/folg-ich-der-voegel-wundersamen-fluegen\/#primaryimage"},"thumbnailUrl":"https:\/\/klauskunze.com\/blog\/wp-content\/uploads\/2019\/10\/2019-10-1.-10.-08.jpg","datePublished":"2019-10-23T15:38:15+00:00","dateModified":"2019-10-27T12:32:26+00:00","breadcrumb":{"@id":"https:\/\/klauskunze.com\/blog\/2019\/10\/23\/folg-ich-der-voegel-wundersamen-fluegen\/#breadcrumb"},"inLanguage":"de","potentialAction":[{"@type":"ReadAction","target":["https:\/\/klauskunze.com\/blog\/2019\/10\/23\/folg-ich-der-voegel-wundersamen-fluegen\/"]}]},{"@type":"ImageObject","inLanguage":"de","@id":"https:\/\/klauskunze.com\/blog\/2019\/10\/23\/folg-ich-der-voegel-wundersamen-fluegen\/#primaryimage","url":"https:\/\/klauskunze.com\/blog\/wp-content\/uploads\/2019\/10\/2019-10-1.-10.-08.jpg","contentUrl":"https:\/\/klauskunze.com\/blog\/wp-content\/uploads\/2019\/10\/2019-10-1.-10.-08.jpg","width":1815,"height":1362},{"@type":"BreadcrumbList","@id":"https:\/\/klauskunze.com\/blog\/2019\/10\/23\/folg-ich-der-voegel-wundersamen-fluegen\/#breadcrumb","itemListElement":[{"@type":"ListItem","position":1,"name":"Startseite","item":"https:\/\/klauskunze.com\/blog\/"},{"@type":"ListItem","position":2,"name":"&#8230; folg ich der V\u00f6gel wundersamen Fl\u00fcgen"}]},{"@type":"WebSite","@id":"https:\/\/klauskunze.com\/blog\/#website","url":"https:\/\/klauskunze.com\/blog\/","name":"Klaus Kunze","description":"Blog","publisher":{"@id":"https:\/\/klauskunze.com\/blog\/#\/schema\/person\/9c091cf30ab68b897db6a517e3c3b11b"},"potentialAction":[{"@type":"SearchAction","target":{"@type":"EntryPoint","urlTemplate":"https:\/\/klauskunze.com\/blog\/?s={search_term_string}"},"query-input":{"@type":"PropertyValueSpecification","valueRequired":true,"valueName":"search_term_string"}}],"inLanguage":"de"},{"@type":["Person","Organization"],"@id":"https:\/\/klauskunze.com\/blog\/#\/schema\/person\/9c091cf30ab68b897db6a517e3c3b11b","name":"Klaus Kunze","image":{"@type":"ImageObject","inLanguage":"de","@id":"https:\/\/secure.gravatar.com\/avatar\/5cd83cadbada9c331a79952fcca177ed3d3be4c7ad3239b9d934bf84adff15dd?s=96&d=blank&r=g","url":"https:\/\/secure.gravatar.com\/avatar\/5cd83cadbada9c331a79952fcca177ed3d3be4c7ad3239b9d934bf84adff15dd?s=96&d=blank&r=g","contentUrl":"https:\/\/secure.gravatar.com\/avatar\/5cd83cadbada9c331a79952fcca177ed3d3be4c7ad3239b9d934bf84adff15dd?s=96&d=blank&r=g","caption":"Klaus Kunze"},"logo":{"@id":"https:\/\/secure.gravatar.com\/avatar\/5cd83cadbada9c331a79952fcca177ed3d3be4c7ad3239b9d934bf84adff15dd?s=96&d=blank&r=g"},"sameAs":["http:\/\/KlausKunze.com","https:\/\/x.com\/https:\/\/twitter.com\/KlausKunze3"]}]}},"post_mailing_queue_ids":[],"_links":{"self":[{"href":"https:\/\/klauskunze.com\/blog\/wp-json\/wp\/v2\/posts\/223","targetHints":{"allow":["GET"]}}],"collection":[{"href":"https:\/\/klauskunze.com\/blog\/wp-json\/wp\/v2\/posts"}],"about":[{"href":"https:\/\/klauskunze.com\/blog\/wp-json\/wp\/v2\/types\/post"}],"author":[{"embeddable":true,"href":"https:\/\/klauskunze.com\/blog\/wp-json\/wp\/v2\/users\/1"}],"replies":[{"embeddable":true,"href":"https:\/\/klauskunze.com\/blog\/wp-json\/wp\/v2\/comments?post=223"}],"version-history":[{"count":6,"href":"https:\/\/klauskunze.com\/blog\/wp-json\/wp\/v2\/posts\/223\/revisions"}],"predecessor-version":[{"id":246,"href":"https:\/\/klauskunze.com\/blog\/wp-json\/wp\/v2\/posts\/223\/revisions\/246"}],"wp:featuredmedia":[{"embeddable":true,"href":"https:\/\/klauskunze.com\/blog\/wp-json\/wp\/v2\/media\/224"}],"wp:attachment":[{"href":"https:\/\/klauskunze.com\/blog\/wp-json\/wp\/v2\/media?parent=223"}],"wp:term":[{"taxonomy":"category","embeddable":true,"href":"https:\/\/klauskunze.com\/blog\/wp-json\/wp\/v2\/categories?post=223"},{"taxonomy":"post_tag","embeddable":true,"href":"https:\/\/klauskunze.com\/blog\/wp-json\/wp\/v2\/tags?post=223"}],"curies":[{"name":"wp","href":"https:\/\/api.w.org\/{rel}","templated":true}]}}