{"id":2322,"date":"2020-07-12T19:43:53","date_gmt":"2020-07-12T17:43:53","guid":{"rendered":"http:\/\/klauskunze.com\/blog\/?p=2322"},"modified":"2020-07-13T14:26:51","modified_gmt":"2020-07-13T12:26:51","slug":"der-frosch-und-die-pussy","status":"publish","type":"post","link":"https:\/\/klauskunze.com\/blog\/2020\/07\/12\/der-frosch-und-die-pussy\/","title":{"rendered":"Der Frosch und die Pussy"},"content":{"rendered":"\n<h2 class=\"has-text-align-center wp-block-heading\">Ein Kulturkampf vor Gericht<\/h2>\n\n\n\n<p>Unser Kulturkampf ist ein Kampf um Worte und Begriffe. Erbittert k\u00e4mpfen linke Ideologen um die Vorherrschaft \u00fcber unser Denken. Es f\u00e4ngt bei den Worten an, behaupten sie, und endet zwangsl\u00e4ufig bei entsprechenden Taten.<\/p>\n\n\n\n<p>Gew\u00f6hnlich tobt dieser Kampf in Feuilletons, an Unis und in den Medien. \u00dcberall wollen Sprachw\u00e4chter dem Volk die Worte austreiben und sie durch Begriffe ersetzen, die ihrem eigenen Denken entsprechen. Manchmal prallen aber auch auf offener Stra\u00dfe die Kulturen aufeinander. So geschah es am 6. Oktober 2018 in Apolda. Zwei Jahre sp\u00e4ter wurde die Szene jetzt zum Tribunal: Das Amtsgericht verhandelte die Anklage gegen einen 50j\u00e4hrigen B\u00e4cker aus Niedersachsen. Er soll sich im Wort vergriffen haben.<\/p>\n\n\n\n<p>Das Problem bei der Sache: Was ein Wort f\u00fcr einen 50j\u00e4hrigen B\u00e4cker bedeutet, bedeutet es f\u00fcr eine 25j\u00e4hrige Tutorin im Fach Sozialp\u00e4dagogik noch lange nicht. Was war vorgefallen?<\/p>\n\n\n\n<p>Nach einem rechtsgerichteten \u00f6ffentlichen Konzert in Apolda befand sich der B\u00e4cker mit einem Zimmermann auf dem R\u00fcckweg zum Auto. Das St\u00e4dtchen wimmelte von linksgerichteten Gegendemonstranten. Die Sozialp\u00e4dagogin war dabei und sagte als Zeugin: \u201eDas war ein Stadtfest f\u00fcr Vielfalt und so was, denn an dem Tag fand auch ein Rechtsrockkonzert statt. Es ist mir als B\u00fcrgerin und Studierende wichtig, da\u00df ich f\u00fcr eine Gesellschaft eintrete, wo Rassismus und Menschenfeindlichkeit und Ha\u00df keinen Platz hat, um ein Zeichen zu setzen.\u201c<\/p>\n\n\n\n<p>Dieses Zeichen setzte sie mit einem gro\u00dfen Pl\u00fcschfrosch, den sie in der Hand trug. Der Frosch trug einen Pappkarton mit der Aufschrift, so der B\u00e4cker: \u201eFuck Nazis!\u201c In ihrer Freizeit engagiert sie sich im \u201eselbstorganisierten Stadtteilladen&#8220; \u201a<a href=\"https:\/\/www.otz.de\/regionen\/jena\/magdelstube-hat-sich-nach-gut-einem-viertejahr-etabliert-sonntag-wieder-offener-brunch-id226654073.html\">Magdelstube<\/a>\u2018.<\/p>\n\n\n\n<p>Mit drei Genossinnen kam die engagierte Sozialp\u00e4dagogin in einer engen Gasse dem B\u00e4cker und dem Zimmermann entgegen. Kulturelle Welten prallten aufeinander. Das Setzen eines Zeichens gelang der Sozialp\u00e4dagogin hervorragend. Der B\u00e4cker nahm es aber \u00fcbel auf und f\u00fchlte sich pers\u00f6nlich sexuell und politisch angegriffen. Er sollte \u201egefickt\u201c werden? Nicht seine Welt. Er empfand den \u201eFuck-Nazis-Frosch\u201c als menschenfeindlich und ha\u00dferf\u00fcllt.<\/p>\n\n\n\n<p>Bei n\u00e4herer Betrachtung der vier jungen Damen erh\u00e4rtete sich sein mulmiges Gef\u00fchl, nicht nur wegen der vorstehenden Z\u00e4hne der Zeichensetzerin. Wollte er jetzt auch ein Zeichen setzen? Im Vor\u00fcbergehen scherzte er zum Zimmergesellen: \u201eIch wei\u00df nicht, wer h\u00e4\u00dflicher ist, der Frosch oder die Pussy!\u201c<\/p>\n\n\n\n<p>Das, ereiferte sich die Erfurter Staatsanw\u00e4ltin vor Gericht, sei eine strafbare Beleidigung!<\/p>\n\n\n\n<p>War es das wirklich? Da\u00df man als sch\u00f6n oder h\u00e4\u00dflich bewerten kann, wen man will, steht juristisch au\u00dfer Frage. H\u00e4\u00dflich wie ein Frosch? Grob und unh\u00f6flich ist das allemal, aber liegt nicht angeblich Sch\u00f6nheit im Auge des Betrachters?<\/p>\n\n\n\n<p>Aber die Pussy, die hielt die Strafverfolgungsbeh\u00f6rde f\u00fcr unverzeihlich. Mit einer Verfahrenseinstellung wegen Geringf\u00fcgigkeit war sie nicht einverstanden. Die Richterin lie\u00df sich durch das weinerliche Auftreten der Sozialp\u00e4dagogin beeindrucken. \u201eIch habe das als von Form sexualisierter Gewalt im \u00f6ffentlichen Raum verstanden\u201c, s\u00e4uselte diese und weinte fast. \u201eF\u00fcr mich ist Pussy sehr abwertend, weil es sich auf mein Genital bezieht.\u201c<\/p>\n\n\n\n<p>Im Austeilen mit der Nazi-Keule und &#8211; sinngem\u00e4\u00df &#8211; \u201eFuck!\u201c-Parolen, war sie mimosenhaft empfindlich, als es aber aus dem Wald widerhallte: \u201eMir war als gelesene Frau unwohl. Es war ein gro\u00dfes Unsicherheitsgef\u00fchl f\u00fcr mich in der Stadt.\u201c<\/p>\n\n\n\n<p>Aber was war denn nun f\u00fcr den Angeklagten eine Pussy, und was war f\u00fcr die Sozialp\u00e4dagogin eine \u201egelesene Frau\u201c? Auf Nachfrage erl\u00e4uterte sie den Begriff: Jemand, den ein anderer als Frau betrachtet. Nach Meinung des Genderismus gibt es ja nicht objektiv M\u00e4nner und Frauen, sondern nur geschlechtslose Leute, die von anderen als Frauen oder M\u00e4nner \u201egelesen\u201c werden.<\/p>\n\n\n\n<p>Die Welt des B\u00e4ckers war das nicht. Auch an \u201edas Genital\u201c, wie die Sozialp\u00e4dagogin sich ausdr\u00fcckte, dachte er nicht. In seinem Umfeld bezeichnet man als eine \u201ePussy\u201c einen Menschen, sei es Mann oder Frau, der sich feige und weinerlich benimmt. So sagte eine Sportlerin \u00fcber einen Mann:<\/p>\n\n\n\n<blockquote class=\"wp-block-quote is-layout-flow wp-block-quote-is-layout-flow\"><p>Sie habe erbarmungslosen Muskelkater in den entlegensten K\u00f6rperregionen, sagt sie stolz. Als ich sie das n\u00e4chste Mal sehe, beschwert sie sich dar\u00fcber, der Drillmeister habe sie nicht hart genug rangenommen. \u201eNe richtige Pussy\u201c sei das gewesen, weshalb sie sich damit begn\u00fcgte, schw\u00e4cheren Kursteilnehmern beim Kollabieren zuzusehen.<\/p><cite>Uwe Haneke, <a href=\"https:\/\/www.welt.de\/sport\/fitness\/article144295050\/Als-Erste-geben-immer-die-Maenner-auf.html\">Als erstes geben immer die M\u00e4nner auf, WELT Sport 22.7.2015<\/a><\/cite><\/blockquote>\n\n\n\n<p>Pussy ist das englische Wort f\u00fcr ein flauschiges, miauendes K\u00e4tzchen und wurde zum Inbegriff anschmiegsamer Empfindlichkeit.<\/p>\n\n\n\n<blockquote class=\"wp-block-quote is-layout-flow wp-block-quote-is-layout-flow\"><p>Mit dem bescheidenen Ziel, kein Debakel zu erleben, reiste der HSV zum Ligaauftakt nach M\u00fcnchen \u2013 und war mit dem 0:5 noch gut bedient. Es trug anschlie\u00dfend nicht zur Beruhigung der Lage bei, dass der Boulevard dar\u00fcber berichtete, das neu verpflichtete Abwehrrauhbein Emir Spahic habe seine Mitspieler als \u201ePussies\u201c bezeichnet und ihnen Pr\u00fcgel angedroht.<\/p><cite>Marko Schumacher, <a href=\"https:\/\/www.stuttgarter-zeitung.de\/inhalt.vfb-stuttgart-gegen-hamburg-zwischen-chaos-und-euphorie.2b6153a5-4784-4083-a7f5-1a037ee60711.html\">Zwischen Chaos und Euphorie, Stuttgarter Zeitung 22.8.2015<\/a><\/cite><\/blockquote>\n\n\n\n<p>F\u00fcr weibliche Genitalien haben B\u00e4ckerburschen ganz andere, deutsche Begriffe, die ich aus Zartgef\u00fchl hier nicht nenne &#8211; jedenfalls nicht Pussy. Aber vielleicht dr\u00fccken sich ja junge Damen aus einem Milieu untereinander so aus, das keine Frauen kennt, sondern nur Leute, die zuvor als \u201eFrauen gelesen\u201c werden m\u00fcssen.<\/p>\n\n\n\n<p>Tats\u00e4chlich boten die vier Zeuginnen ein mitleiderweckendes Bild des Jammers. Auftreten und Bekleidung legten nahe, sie wollten unbedingt verhindern, von Au\u00dfenstehenden als Frauen \u201egelesen\u201c zu werden. Mit nur wenig Empathie sp\u00fcrte man ihre tiefgreifende Selbstunsicherheit und Rollenunsicherheit.<\/p>\n\n\n\n<p>Unmittelbar nach dem Vorfall las sie, mu\u00df man wohl formulieren, einen der Umstehenden als Polizisten und petzte dem Ordnungsh\u00fcter, der Mann dort da habe in Frage gestellt, ob ihr Frosch h\u00e4\u00dflicher sei oder die Pussy. Dieser stellte die Personalien des B\u00e4ckers fest. &#8222;Die da oben brauchen das f\u00fcr ihre Statistik&#8220;, soll er gantwortet haben, warum er sich mit Lappalien abgebe.<\/p>\n\n\n\n<p>Anscheinend gibt es in der j\u00fcngeren Generation viele nachhaltig Verwirrte, die als Kinder und junge Erwachsene keine feste Identit\u00e4t gefunden haben, weil ihnen feste Orientierungen vorenthalten wurden. Zu feige zum Leben, zu feige zum Sterben, suchen solche verirrten Seelen nach Sinnangeboten und fallen h\u00e4ufig Pseudowissenschaften wie dem Genderismus zum Opfer, esoterischen Verlockungen oder entwickeln sich zu fanatischen Anh\u00e4ngern einer Ideologie wie dem Antifaschismus.<\/p>\n\n\n\n<p>Prallen solche Leute mit normalen Menschen zusammen, verstehen beide Seiten sich schon sprachlich oft nicht mehr. Parallel zur Realgesellschaft hat sich in bestimmten Szenen eine Traumwelt mit einer<\/p>\n\n\n\n<blockquote class=\"wp-block-quote is-layout-flow wp-block-quote-is-layout-flow\"><p>Weltsicht formiert, die von dem Denken, F\u00fchlen und Handeln \u201enormaler\u201c Leute derart weit entfernt ist, da\u00df eine gemeinsame, konstruktive Kommunikation nicht mehr m\u00f6glich ist.<\/p><cite>Thomas Spahn, <a href=\"https:\/\/www.tichyseinblick.de\/kolumnen\/spahns-spitzwege\/die-parallelwelt-der-haltungslinken\/\">Die Parallelwelt der Haltungslinken,  Tichys Einblick 12.7.2020<\/a><\/cite><\/blockquote>\n\n\n\n<p>Je weiter die Gesellschaft auseinanderdriftet, desto h\u00e4rter wird der Kulturkampf. In ihm stehen sich die Lager bereits heute auf eine Weise fremd gegen\u00fcber, die von der Ethologie als &#8222;Pseudospezies&#8220; bezeichnet wird. Der andere wird irgendwann als nicht mehr zur eigenen Art geh\u00f6rend empfunden und entsprechend bek\u00e4mpft.<\/p>\n\n\n\n<p>Da\u00df die mitleidige Amtsrichterin den unh\u00f6flichen Spruch des B\u00e4ckers am Ende f\u00fcr eine Beleidigung hielt, ist Nebensache. In der n\u00e4chsten Instanz gibt es ein R\u00fcckspiel. <\/p>\n","protected":false},"excerpt":{"rendered":"<p>Ein Kulturkampf vor Gericht Unser Kulturkampf ist ein Kampf um Worte und Begriffe. Erbittert k\u00e4mpfen linke Ideologen um die Vorherrschaft \u00fcber unser Denken. Es f\u00e4ngt bei den Worten an, behaupten sie, und endet zwangsl\u00e4ufig bei entsprechenden Taten. Gew\u00f6hnlich tobt dieser Kampf in Feuilletons, an Unis und in den Medien. \u00dcberall wollen Sprachw\u00e4chter dem Volk die [&hellip;]<\/p>\n","protected":false},"author":1,"featured_media":2326,"comment_status":"open","ping_status":"open","sticky":false,"template":"","format":"standard","meta":{"h5ap_radio_sources":[],"twitterCardType":"","cardImageID":0,"cardImage":"","cardTitle":"","cardDesc":"","cardImageAlt":"","cardPlayer":"","cardPlayerWidth":0,"cardPlayerHeight":0,"cardPlayerStream":"","cardPlayerCodec":"","footnotes":""},"categories":[1,18,17],"tags":[],"class_list":["post-2322","post","type-post","status-publish","format-standard","has-post-thumbnail","hentry","category-allgemein","category-juristisches","category-politik"],"yoast_head":"<!-- This site is optimized with the Yoast SEO plugin v27.5 - https:\/\/yoast.com\/product\/yoast-seo-wordpress\/ -->\n<title>Der Frosch und die Pussy - Klaus Kunze<\/title>\n<meta name=\"robots\" content=\"index, follow, max-snippet:-1, max-image-preview:large, max-video-preview:-1\" \/>\n<link rel=\"canonical\" href=\"https:\/\/klauskunze.com\/blog\/2020\/07\/12\/der-frosch-und-die-pussy\/\" \/>\n<meta property=\"og:locale\" content=\"de_DE\" \/>\n<meta property=\"og:type\" content=\"article\" \/>\n<meta property=\"og:title\" content=\"Der Frosch und die Pussy - Klaus Kunze\" \/>\n<meta property=\"og:description\" content=\"Ein Kulturkampf vor Gericht Unser Kulturkampf ist ein Kampf um Worte und Begriffe. Erbittert k\u00e4mpfen linke Ideologen um die Vorherrschaft \u00fcber unser Denken. Es f\u00e4ngt bei den Worten an, behaupten sie, und endet zwangsl\u00e4ufig bei entsprechenden Taten. Gew\u00f6hnlich tobt dieser Kampf in Feuilletons, an Unis und in den Medien. \u00dcberall wollen Sprachw\u00e4chter dem Volk die [&hellip;]\" \/>\n<meta property=\"og:url\" content=\"https:\/\/klauskunze.com\/blog\/2020\/07\/12\/der-frosch-und-die-pussy\/\" \/>\n<meta property=\"og:site_name\" content=\"Klaus Kunze\" \/>\n<meta property=\"article:published_time\" content=\"2020-07-12T17:43:53+00:00\" \/>\n<meta property=\"article:modified_time\" content=\"2020-07-13T12:26:51+00:00\" \/>\n<meta property=\"og:image\" content=\"https:\/\/klauskunze.com\/blog\/wp-content\/uploads\/2020\/07\/20200712_192216-scaled.jpg\" \/>\n\t<meta property=\"og:image:width\" content=\"2560\" \/>\n\t<meta property=\"og:image:height\" content=\"1440\" \/>\n\t<meta property=\"og:image:type\" content=\"image\/jpeg\" \/>\n<meta name=\"author\" content=\"Klaus Kunze\" \/>\n<meta name=\"twitter:label1\" content=\"Verfasst von\" \/>\n\t<meta name=\"twitter:data1\" content=\"Klaus Kunze\" \/>\n\t<meta name=\"twitter:label2\" content=\"Gesch\u00e4tzte Lesezeit\" \/>\n\t<meta name=\"twitter:data2\" content=\"6\u00a0Minuten\" \/>\n<script type=\"application\/ld+json\" class=\"yoast-schema-graph\">{\"@context\":\"https:\\\/\\\/schema.org\",\"@graph\":[{\"@type\":\"Article\",\"@id\":\"https:\\\/\\\/klauskunze.com\\\/blog\\\/2020\\\/07\\\/12\\\/der-frosch-und-die-pussy\\\/#article\",\"isPartOf\":{\"@id\":\"https:\\\/\\\/klauskunze.com\\\/blog\\\/2020\\\/07\\\/12\\\/der-frosch-und-die-pussy\\\/\"},\"author\":{\"name\":\"Klaus Kunze\",\"@id\":\"https:\\\/\\\/klauskunze.com\\\/blog\\\/#\\\/schema\\\/person\\\/9c091cf30ab68b897db6a517e3c3b11b\"},\"headline\":\"Der Frosch und die Pussy\",\"datePublished\":\"2020-07-12T17:43:53+00:00\",\"dateModified\":\"2020-07-13T12:26:51+00:00\",\"mainEntityOfPage\":{\"@id\":\"https:\\\/\\\/klauskunze.com\\\/blog\\\/2020\\\/07\\\/12\\\/der-frosch-und-die-pussy\\\/\"},\"wordCount\":1188,\"commentCount\":1,\"publisher\":{\"@id\":\"https:\\\/\\\/klauskunze.com\\\/blog\\\/#\\\/schema\\\/person\\\/9c091cf30ab68b897db6a517e3c3b11b\"},\"image\":{\"@id\":\"https:\\\/\\\/klauskunze.com\\\/blog\\\/2020\\\/07\\\/12\\\/der-frosch-und-die-pussy\\\/#primaryimage\"},\"thumbnailUrl\":\"https:\\\/\\\/klauskunze.com\\\/blog\\\/wp-content\\\/uploads\\\/2020\\\/07\\\/20200712_192216-scaled.jpg\",\"articleSection\":{\"1\":\"Juristisches\",\"2\":\"Politik\"},\"inLanguage\":\"de\",\"potentialAction\":[{\"@type\":\"CommentAction\",\"name\":\"Comment\",\"target\":[\"https:\\\/\\\/klauskunze.com\\\/blog\\\/2020\\\/07\\\/12\\\/der-frosch-und-die-pussy\\\/#respond\"]}]},{\"@type\":\"WebPage\",\"@id\":\"https:\\\/\\\/klauskunze.com\\\/blog\\\/2020\\\/07\\\/12\\\/der-frosch-und-die-pussy\\\/\",\"url\":\"https:\\\/\\\/klauskunze.com\\\/blog\\\/2020\\\/07\\\/12\\\/der-frosch-und-die-pussy\\\/\",\"name\":\"Der Frosch und die Pussy - Klaus Kunze\",\"isPartOf\":{\"@id\":\"https:\\\/\\\/klauskunze.com\\\/blog\\\/#website\"},\"primaryImageOfPage\":{\"@id\":\"https:\\\/\\\/klauskunze.com\\\/blog\\\/2020\\\/07\\\/12\\\/der-frosch-und-die-pussy\\\/#primaryimage\"},\"image\":{\"@id\":\"https:\\\/\\\/klauskunze.com\\\/blog\\\/2020\\\/07\\\/12\\\/der-frosch-und-die-pussy\\\/#primaryimage\"},\"thumbnailUrl\":\"https:\\\/\\\/klauskunze.com\\\/blog\\\/wp-content\\\/uploads\\\/2020\\\/07\\\/20200712_192216-scaled.jpg\",\"datePublished\":\"2020-07-12T17:43:53+00:00\",\"dateModified\":\"2020-07-13T12:26:51+00:00\",\"breadcrumb\":{\"@id\":\"https:\\\/\\\/klauskunze.com\\\/blog\\\/2020\\\/07\\\/12\\\/der-frosch-und-die-pussy\\\/#breadcrumb\"},\"inLanguage\":\"de\",\"potentialAction\":[{\"@type\":\"ReadAction\",\"target\":[\"https:\\\/\\\/klauskunze.com\\\/blog\\\/2020\\\/07\\\/12\\\/der-frosch-und-die-pussy\\\/\"]}]},{\"@type\":\"ImageObject\",\"inLanguage\":\"de\",\"@id\":\"https:\\\/\\\/klauskunze.com\\\/blog\\\/2020\\\/07\\\/12\\\/der-frosch-und-die-pussy\\\/#primaryimage\",\"url\":\"https:\\\/\\\/klauskunze.com\\\/blog\\\/wp-content\\\/uploads\\\/2020\\\/07\\\/20200712_192216-scaled.jpg\",\"contentUrl\":\"https:\\\/\\\/klauskunze.com\\\/blog\\\/wp-content\\\/uploads\\\/2020\\\/07\\\/20200712_192216-scaled.jpg\",\"width\":2560,\"height\":1440},{\"@type\":\"BreadcrumbList\",\"@id\":\"https:\\\/\\\/klauskunze.com\\\/blog\\\/2020\\\/07\\\/12\\\/der-frosch-und-die-pussy\\\/#breadcrumb\",\"itemListElement\":[{\"@type\":\"ListItem\",\"position\":1,\"name\":\"Startseite\",\"item\":\"https:\\\/\\\/klauskunze.com\\\/blog\\\/\"},{\"@type\":\"ListItem\",\"position\":2,\"name\":\"Der Frosch und die Pussy\"}]},{\"@type\":\"WebSite\",\"@id\":\"https:\\\/\\\/klauskunze.com\\\/blog\\\/#website\",\"url\":\"https:\\\/\\\/klauskunze.com\\\/blog\\\/\",\"name\":\"Klaus Kunze\",\"description\":\"Blog\",\"publisher\":{\"@id\":\"https:\\\/\\\/klauskunze.com\\\/blog\\\/#\\\/schema\\\/person\\\/9c091cf30ab68b897db6a517e3c3b11b\"},\"potentialAction\":[{\"@type\":\"SearchAction\",\"target\":{\"@type\":\"EntryPoint\",\"urlTemplate\":\"https:\\\/\\\/klauskunze.com\\\/blog\\\/?s={search_term_string}\"},\"query-input\":{\"@type\":\"PropertyValueSpecification\",\"valueRequired\":true,\"valueName\":\"search_term_string\"}}],\"inLanguage\":\"de\"},{\"@type\":[\"Person\",\"Organization\"],\"@id\":\"https:\\\/\\\/klauskunze.com\\\/blog\\\/#\\\/schema\\\/person\\\/9c091cf30ab68b897db6a517e3c3b11b\",\"name\":\"Klaus Kunze\",\"image\":{\"@type\":\"ImageObject\",\"inLanguage\":\"de\",\"@id\":\"https:\\\/\\\/secure.gravatar.com\\\/avatar\\\/5cd83cadbada9c331a79952fcca177ed3d3be4c7ad3239b9d934bf84adff15dd?s=96&d=blank&r=g\",\"url\":\"https:\\\/\\\/secure.gravatar.com\\\/avatar\\\/5cd83cadbada9c331a79952fcca177ed3d3be4c7ad3239b9d934bf84adff15dd?s=96&d=blank&r=g\",\"contentUrl\":\"https:\\\/\\\/secure.gravatar.com\\\/avatar\\\/5cd83cadbada9c331a79952fcca177ed3d3be4c7ad3239b9d934bf84adff15dd?s=96&d=blank&r=g\",\"caption\":\"Klaus Kunze\"},\"logo\":{\"@id\":\"https:\\\/\\\/secure.gravatar.com\\\/avatar\\\/5cd83cadbada9c331a79952fcca177ed3d3be4c7ad3239b9d934bf84adff15dd?s=96&d=blank&r=g\"},\"sameAs\":[\"http:\\\/\\\/KlausKunze.com\",\"https:\\\/\\\/x.com\\\/https:\\\/\\\/twitter.com\\\/KlausKunze3\"]}]}<\/script>\n<!-- \/ Yoast SEO plugin. -->","yoast_head_json":{"title":"Der Frosch und die Pussy - Klaus Kunze","robots":{"index":"index","follow":"follow","max-snippet":"max-snippet:-1","max-image-preview":"max-image-preview:large","max-video-preview":"max-video-preview:-1"},"canonical":"https:\/\/klauskunze.com\/blog\/2020\/07\/12\/der-frosch-und-die-pussy\/","og_locale":"de_DE","og_type":"article","og_title":"Der Frosch und die Pussy - Klaus Kunze","og_description":"Ein Kulturkampf vor Gericht Unser Kulturkampf ist ein Kampf um Worte und Begriffe. Erbittert k\u00e4mpfen linke Ideologen um die Vorherrschaft \u00fcber unser Denken. Es f\u00e4ngt bei den Worten an, behaupten sie, und endet zwangsl\u00e4ufig bei entsprechenden Taten. Gew\u00f6hnlich tobt dieser Kampf in Feuilletons, an Unis und in den Medien. \u00dcberall wollen Sprachw\u00e4chter dem Volk die [&hellip;]","og_url":"https:\/\/klauskunze.com\/blog\/2020\/07\/12\/der-frosch-und-die-pussy\/","og_site_name":"Klaus Kunze","article_published_time":"2020-07-12T17:43:53+00:00","article_modified_time":"2020-07-13T12:26:51+00:00","og_image":[{"width":2560,"height":1440,"url":"https:\/\/klauskunze.com\/blog\/wp-content\/uploads\/2020\/07\/20200712_192216-scaled.jpg","type":"image\/jpeg"}],"author":"Klaus Kunze","twitter_misc":{"Verfasst von":"Klaus Kunze","Gesch\u00e4tzte Lesezeit":"6\u00a0Minuten"},"schema":{"@context":"https:\/\/schema.org","@graph":[{"@type":"Article","@id":"https:\/\/klauskunze.com\/blog\/2020\/07\/12\/der-frosch-und-die-pussy\/#article","isPartOf":{"@id":"https:\/\/klauskunze.com\/blog\/2020\/07\/12\/der-frosch-und-die-pussy\/"},"author":{"name":"Klaus Kunze","@id":"https:\/\/klauskunze.com\/blog\/#\/schema\/person\/9c091cf30ab68b897db6a517e3c3b11b"},"headline":"Der Frosch und die Pussy","datePublished":"2020-07-12T17:43:53+00:00","dateModified":"2020-07-13T12:26:51+00:00","mainEntityOfPage":{"@id":"https:\/\/klauskunze.com\/blog\/2020\/07\/12\/der-frosch-und-die-pussy\/"},"wordCount":1188,"commentCount":1,"publisher":{"@id":"https:\/\/klauskunze.com\/blog\/#\/schema\/person\/9c091cf30ab68b897db6a517e3c3b11b"},"image":{"@id":"https:\/\/klauskunze.com\/blog\/2020\/07\/12\/der-frosch-und-die-pussy\/#primaryimage"},"thumbnailUrl":"https:\/\/klauskunze.com\/blog\/wp-content\/uploads\/2020\/07\/20200712_192216-scaled.jpg","articleSection":{"1":"Juristisches","2":"Politik"},"inLanguage":"de","potentialAction":[{"@type":"CommentAction","name":"Comment","target":["https:\/\/klauskunze.com\/blog\/2020\/07\/12\/der-frosch-und-die-pussy\/#respond"]}]},{"@type":"WebPage","@id":"https:\/\/klauskunze.com\/blog\/2020\/07\/12\/der-frosch-und-die-pussy\/","url":"https:\/\/klauskunze.com\/blog\/2020\/07\/12\/der-frosch-und-die-pussy\/","name":"Der Frosch und die Pussy - Klaus Kunze","isPartOf":{"@id":"https:\/\/klauskunze.com\/blog\/#website"},"primaryImageOfPage":{"@id":"https:\/\/klauskunze.com\/blog\/2020\/07\/12\/der-frosch-und-die-pussy\/#primaryimage"},"image":{"@id":"https:\/\/klauskunze.com\/blog\/2020\/07\/12\/der-frosch-und-die-pussy\/#primaryimage"},"thumbnailUrl":"https:\/\/klauskunze.com\/blog\/wp-content\/uploads\/2020\/07\/20200712_192216-scaled.jpg","datePublished":"2020-07-12T17:43:53+00:00","dateModified":"2020-07-13T12:26:51+00:00","breadcrumb":{"@id":"https:\/\/klauskunze.com\/blog\/2020\/07\/12\/der-frosch-und-die-pussy\/#breadcrumb"},"inLanguage":"de","potentialAction":[{"@type":"ReadAction","target":["https:\/\/klauskunze.com\/blog\/2020\/07\/12\/der-frosch-und-die-pussy\/"]}]},{"@type":"ImageObject","inLanguage":"de","@id":"https:\/\/klauskunze.com\/blog\/2020\/07\/12\/der-frosch-und-die-pussy\/#primaryimage","url":"https:\/\/klauskunze.com\/blog\/wp-content\/uploads\/2020\/07\/20200712_192216-scaled.jpg","contentUrl":"https:\/\/klauskunze.com\/blog\/wp-content\/uploads\/2020\/07\/20200712_192216-scaled.jpg","width":2560,"height":1440},{"@type":"BreadcrumbList","@id":"https:\/\/klauskunze.com\/blog\/2020\/07\/12\/der-frosch-und-die-pussy\/#breadcrumb","itemListElement":[{"@type":"ListItem","position":1,"name":"Startseite","item":"https:\/\/klauskunze.com\/blog\/"},{"@type":"ListItem","position":2,"name":"Der Frosch und die Pussy"}]},{"@type":"WebSite","@id":"https:\/\/klauskunze.com\/blog\/#website","url":"https:\/\/klauskunze.com\/blog\/","name":"Klaus Kunze","description":"Blog","publisher":{"@id":"https:\/\/klauskunze.com\/blog\/#\/schema\/person\/9c091cf30ab68b897db6a517e3c3b11b"},"potentialAction":[{"@type":"SearchAction","target":{"@type":"EntryPoint","urlTemplate":"https:\/\/klauskunze.com\/blog\/?s={search_term_string}"},"query-input":{"@type":"PropertyValueSpecification","valueRequired":true,"valueName":"search_term_string"}}],"inLanguage":"de"},{"@type":["Person","Organization"],"@id":"https:\/\/klauskunze.com\/blog\/#\/schema\/person\/9c091cf30ab68b897db6a517e3c3b11b","name":"Klaus Kunze","image":{"@type":"ImageObject","inLanguage":"de","@id":"https:\/\/secure.gravatar.com\/avatar\/5cd83cadbada9c331a79952fcca177ed3d3be4c7ad3239b9d934bf84adff15dd?s=96&d=blank&r=g","url":"https:\/\/secure.gravatar.com\/avatar\/5cd83cadbada9c331a79952fcca177ed3d3be4c7ad3239b9d934bf84adff15dd?s=96&d=blank&r=g","contentUrl":"https:\/\/secure.gravatar.com\/avatar\/5cd83cadbada9c331a79952fcca177ed3d3be4c7ad3239b9d934bf84adff15dd?s=96&d=blank&r=g","caption":"Klaus Kunze"},"logo":{"@id":"https:\/\/secure.gravatar.com\/avatar\/5cd83cadbada9c331a79952fcca177ed3d3be4c7ad3239b9d934bf84adff15dd?s=96&d=blank&r=g"},"sameAs":["http:\/\/KlausKunze.com","https:\/\/x.com\/https:\/\/twitter.com\/KlausKunze3"]}]}},"post_mailing_queue_ids":[],"_links":{"self":[{"href":"https:\/\/klauskunze.com\/blog\/wp-json\/wp\/v2\/posts\/2322","targetHints":{"allow":["GET"]}}],"collection":[{"href":"https:\/\/klauskunze.com\/blog\/wp-json\/wp\/v2\/posts"}],"about":[{"href":"https:\/\/klauskunze.com\/blog\/wp-json\/wp\/v2\/types\/post"}],"author":[{"embeddable":true,"href":"https:\/\/klauskunze.com\/blog\/wp-json\/wp\/v2\/users\/1"}],"replies":[{"embeddable":true,"href":"https:\/\/klauskunze.com\/blog\/wp-json\/wp\/v2\/comments?post=2322"}],"version-history":[{"count":10,"href":"https:\/\/klauskunze.com\/blog\/wp-json\/wp\/v2\/posts\/2322\/revisions"}],"predecessor-version":[{"id":2338,"href":"https:\/\/klauskunze.com\/blog\/wp-json\/wp\/v2\/posts\/2322\/revisions\/2338"}],"wp:featuredmedia":[{"embeddable":true,"href":"https:\/\/klauskunze.com\/blog\/wp-json\/wp\/v2\/media\/2326"}],"wp:attachment":[{"href":"https:\/\/klauskunze.com\/blog\/wp-json\/wp\/v2\/media?parent=2322"}],"wp:term":[{"taxonomy":"category","embeddable":true,"href":"https:\/\/klauskunze.com\/blog\/wp-json\/wp\/v2\/categories?post=2322"},{"taxonomy":"post_tag","embeddable":true,"href":"https:\/\/klauskunze.com\/blog\/wp-json\/wp\/v2\/tags?post=2322"}],"curies":[{"name":"wp","href":"https:\/\/api.w.org\/{rel}","templated":true}]}}