{"id":2383,"date":"2020-08-07T21:00:06","date_gmt":"2020-08-07T19:00:06","guid":{"rendered":"http:\/\/klauskunze.com\/blog\/?p=2383"},"modified":"2020-08-07T21:00:08","modified_gmt":"2020-08-07T19:00:08","slug":"lebensbilder-aus-dem-alten-weserbergland","status":"publish","type":"post","link":"https:\/\/klauskunze.com\/blog\/2020\/08\/07\/lebensbilder-aus-dem-alten-weserbergland\/","title":{"rendered":"Lebensbilder aus dem alten Weserbergland"},"content":{"rendered":"\n<p>Wer nicht wei\u00df, woher er kommt, kann auch nicht wissen, wohin er geht. Wenn Philosophie munter beschwingt von Abstraktionsgipfel zu Abstraktionsgipfel klettert, sieht sie manchmal die konkreten kleinen Menschlein tief drunten im Tale nur noch als ameisenhafte P\u00fcnktchen. Vieles erkennt man nur aus ihrer Vogelperspektive.<\/p>\n\n\n\n<p>W\u00e4hrend sie aber eine rein zerebrale \u00dcbung ist und sich ausschlie\u00dflich in unseren K\u00f6pfen abspielt, wollen wir die wirklichen Menschen nicht vergessen, die sich alle jene h\u00fcbschen Konstruktionen ausgedacht haben, die manche Philosophen zu oft mit der Realit\u00e4t verwechselt haben. Die Lebensgeschichten wirklicher Menschen bilden die empirische Basis, an der keine Philosophie vorbeikommt, will sie sich nicht den Vorwurf gefallen lassen, in der Echokammer ihres Elfenbeinturmes zu hausen und Spinnenbeine zu z\u00e4hlen.<\/p>\n\n\n\n<p>Darum ist die Geschichtsforschung eine Wissenschaft, die vergangene Realit\u00e4t beschreibt, bevor sie diese vielleicht zu deuten wagt. Wir m\u00f6chten hier wissen: Wie war es einst wirklich, sagen wir einmal: zum Beispiel im Weserbergland zwischen Hannoversch M\u00fcnden und dem Solling zwischen dem 16. und dem 20. Jahrhundert?<\/p>\n\n\n\n<p>Lesen Sie zwanzig mit Fu\u00dfnotenapparat, Quellennachweisen und namensregister versehene Lebensgeschichten aus dem oberen Weserbergland. Jede Biographie ist nach den Quellen sorgf\u00e4ltig recherchiert.<\/p>\n\n\n\n<figure class=\"wp-block-table\"><table><tbody><tr><td>Die Geschichte von Hans J\u00e4ger, dem letzten Landsknechtshauptmann,<\/td><\/tr><tr><td>die Geschichte von Winkelstoffel, dem Robin Hood des Sollings,<\/td><\/tr><tr><td>die Geschichte des verzweifelten Abtes, den die Katholiken im 30j\u00e4hrigen Krieg aus seinem Kloster Bursfelde warfen,<\/td><\/tr><tr><td>die Geschichte von Hans Diegel, der im Schw\u00fclmetal Kanonenkugeln go\u00df,<\/td><\/tr><tr><td>die Geschichten aus dem Totenbuch des Pfarrers Mengershausen aus Bodenfelde,<\/td><\/tr><tr><td>die Geschichte des Steinigungskampfes und seinem Todesopfer von 1707,<\/td><\/tr><tr><td>die Geschichte des Kristallglasmeisters J\u00fcrgen Greiner,<\/td><\/tr><tr><td>die Totenklage des Pfarrers Christian Friedrich Fuchs,<\/td><\/tr><tr><td>die Geschichte des Leutnants von Thangel, der 1757 auf blutiger Heide im Kampf fiel,<\/td><\/tr><tr><td>die Geschichte von ehrbaren Jungfrauen und woll\u00fcstigen Witwen,<\/td><\/tr><tr><td>die Geschichten vom Tod, der viele dahinraffte,<\/td><\/tr><tr><td>die Geschichte des Todesschusses vor dem Traualtar,<\/td><\/tr><tr><td>die Geschichte des musikalischen Pfarrers Friedrich Wilhelm Streitwolf,<\/td><\/tr><tr><td>die Geschichte der Auswanderer ins ferne Amerika,<\/td><\/tr><tr><td>die Geschichte des Gro\u00dfindustriellen und seines Bruder, des Arbeiterdichters Karl Henckel,<\/td><\/tr><tr><td>die Geschichte der Waisen, denen der Vormund 1901 alle bewegliche Habe vesteigern lie\u00df,<\/td><\/tr><tr><td>die Geschichte des aufgekl\u00e4rten Juden Jacob Freudenthal,<\/td><\/tr><tr><td>diie Geschichte des Bodenfelder Frontsoldaten Albert Quast im 1. Weltkrieg,<\/td><\/tr><tr><td>die Geschichte des todkranken Generals Bodewin Keitel und <\/td><\/tr><tr><td>die Geschichte des Reichstagsabgeordneten der NSdAP Hermann Schneider und seines Sohnes Hans Hermann, der als Kreisleiter des Kreises Oels Karriere machte und in Bodenfelde als Landwirt&nbsp; endete.<\/td><\/tr><\/tbody><\/table><\/figure>\n\n\n\n<p>Das Buch hat 203 Seiten und ist reich, teils farbig, bebildert.<\/p>\n\n\n\n<div class=\"wp-block-media-text alignwide is-stacked-on-mobile\"><figure class=\"wp-block-media-text__media\"><a href=\"http:\/\/klauskunze.com\/heikun\/leb\/leb-vor.htm\"><img decoding=\"async\" src=\"http:\/\/klauskunze.com\/heikun\/leb\/leb-gr.jpg\" alt=\"\"\/><\/a><\/figure><div class=\"wp-block-media-text__content\">\n<p class=\"has-large-font-size\">Zu einer kleinen Seitenvorschau klicken Sie bitte <a href=\"http:\/\/klauskunze.com\/heikun\/leb\/leb-vor.htm\">hier <\/a>oder links auf das Titelblatt.<\/p>\n\n\n\n<p>Sie k\u00f6nnen das Buch f\u00fcr 20 \u20ac  (nur) bestellen unter<\/p>\n\n\n\n<p class=\"has-text-align-center\"><a href=\"mailto:HeiKun-Verlag@KlausKunze.com\">HeiKun-Verlag@KlausKunze.com<\/a>.<\/p>\n\n\n\n<p><\/p>\n\n\n\n<p><a href=\"http:\/\/klauskunze.com\/heikun\/leb\/leb.htm\">Link zur Verlagsseite f\u00fcr das Buch<\/a>.<\/p>\n<\/div><\/div>\n\n\n\n<p><\/p>\n\n\n\n<div class=\"wp-block-group\"><div class=\"wp-block-group__inner-container is-layout-flow wp-block-group-is-layout-flow\">\n<p><\/p>\n<\/div><\/div>\n\n\n\n<p><\/p>\n","protected":false},"excerpt":{"rendered":"<p>Wer nicht wei\u00df, woher er kommt, kann auch nicht wissen, wohin er geht. Wenn Philosophie munter beschwingt von Abstraktionsgipfel zu Abstraktionsgipfel klettert, sieht sie manchmal die konkreten kleinen Menschlein tief drunten im Tale nur noch als ameisenhafte P\u00fcnktchen. Vieles erkennt man nur aus ihrer Vogelperspektive. W\u00e4hrend sie aber eine rein zerebrale \u00dcbung ist und sich [&hellip;]<\/p>\n","protected":false},"author":1,"featured_media":2385,"comment_status":"open","ping_status":"open","sticky":false,"template":"","format":"standard","meta":{"h5ap_radio_sources":[],"twitterCardType":"","cardImageID":0,"cardImage":"","cardTitle":"","cardDesc":"","cardImageAlt":"","cardPlayer":"","cardPlayerWidth":0,"cardPlayerHeight":0,"cardPlayerStream":"","cardPlayerCodec":"","footnotes":""},"categories":[13,4],"tags":[],"class_list":["post-2383","post","type-post","status-publish","format-standard","has-post-thumbnail","hentry","category-geschichte","category-heimatforschung"],"yoast_head":"<!-- This site is optimized with the Yoast SEO plugin v27.5 - https:\/\/yoast.com\/product\/yoast-seo-wordpress\/ -->\n<title>Lebensbilder aus dem alten Weserbergland - Klaus Kunze<\/title>\n<meta name=\"robots\" content=\"index, follow, max-snippet:-1, max-image-preview:large, max-video-preview:-1\" \/>\n<link rel=\"canonical\" href=\"https:\/\/klauskunze.com\/blog\/2020\/08\/07\/lebensbilder-aus-dem-alten-weserbergland\/\" \/>\n<meta property=\"og:locale\" content=\"de_DE\" \/>\n<meta property=\"og:type\" content=\"article\" \/>\n<meta property=\"og:title\" content=\"Lebensbilder aus dem alten Weserbergland - Klaus Kunze\" \/>\n<meta property=\"og:description\" content=\"Wer nicht wei\u00df, woher er kommt, kann auch nicht wissen, wohin er geht. Wenn Philosophie munter beschwingt von Abstraktionsgipfel zu Abstraktionsgipfel klettert, sieht sie manchmal die konkreten kleinen Menschlein tief drunten im Tale nur noch als ameisenhafte P\u00fcnktchen. Vieles erkennt man nur aus ihrer Vogelperspektive. W\u00e4hrend sie aber eine rein zerebrale \u00dcbung ist und sich [&hellip;]\" \/>\n<meta property=\"og:url\" content=\"https:\/\/klauskunze.com\/blog\/2020\/08\/07\/lebensbilder-aus-dem-alten-weserbergland\/\" \/>\n<meta property=\"og:site_name\" content=\"Klaus Kunze\" \/>\n<meta property=\"article:published_time\" content=\"2020-08-07T19:00:06+00:00\" \/>\n<meta property=\"article:modified_time\" content=\"2020-08-07T19:00:08+00:00\" \/>\n<meta property=\"og:image\" content=\"https:\/\/klauskunze.com\/blog\/wp-content\/uploads\/2020\/08\/1627-3.jpg\" \/>\n\t<meta property=\"og:image:width\" content=\"1200\" \/>\n\t<meta property=\"og:image:height\" content=\"1221\" \/>\n\t<meta property=\"og:image:type\" content=\"image\/jpeg\" \/>\n<meta name=\"author\" content=\"Klaus Kunze\" \/>\n<meta name=\"twitter:label1\" content=\"Verfasst von\" \/>\n\t<meta name=\"twitter:data1\" content=\"Klaus Kunze\" \/>\n\t<meta name=\"twitter:label2\" content=\"Gesch\u00e4tzte Lesezeit\" \/>\n\t<meta name=\"twitter:data2\" content=\"2\u00a0Minuten\" \/>\n<script type=\"application\/ld+json\" class=\"yoast-schema-graph\">{\"@context\":\"https:\\\/\\\/schema.org\",\"@graph\":[{\"@type\":\"Article\",\"@id\":\"https:\\\/\\\/klauskunze.com\\\/blog\\\/2020\\\/08\\\/07\\\/lebensbilder-aus-dem-alten-weserbergland\\\/#article\",\"isPartOf\":{\"@id\":\"https:\\\/\\\/klauskunze.com\\\/blog\\\/2020\\\/08\\\/07\\\/lebensbilder-aus-dem-alten-weserbergland\\\/\"},\"author\":{\"name\":\"Klaus Kunze\",\"@id\":\"https:\\\/\\\/klauskunze.com\\\/blog\\\/#\\\/schema\\\/person\\\/9c091cf30ab68b897db6a517e3c3b11b\"},\"headline\":\"Lebensbilder aus dem alten Weserbergland\",\"datePublished\":\"2020-08-07T19:00:06+00:00\",\"dateModified\":\"2020-08-07T19:00:08+00:00\",\"mainEntityOfPage\":{\"@id\":\"https:\\\/\\\/klauskunze.com\\\/blog\\\/2020\\\/08\\\/07\\\/lebensbilder-aus-dem-alten-weserbergland\\\/\"},\"wordCount\":449,\"commentCount\":1,\"publisher\":{\"@id\":\"https:\\\/\\\/klauskunze.com\\\/blog\\\/#\\\/schema\\\/person\\\/9c091cf30ab68b897db6a517e3c3b11b\"},\"image\":{\"@id\":\"https:\\\/\\\/klauskunze.com\\\/blog\\\/2020\\\/08\\\/07\\\/lebensbilder-aus-dem-alten-weserbergland\\\/#primaryimage\"},\"thumbnailUrl\":\"https:\\\/\\\/klauskunze.com\\\/blog\\\/wp-content\\\/uploads\\\/2020\\\/08\\\/1627-3.jpg\",\"articleSection\":[\"Geschichte\",\"Heimatforschung\"],\"inLanguage\":\"de\",\"potentialAction\":[{\"@type\":\"CommentAction\",\"name\":\"Comment\",\"target\":[\"https:\\\/\\\/klauskunze.com\\\/blog\\\/2020\\\/08\\\/07\\\/lebensbilder-aus-dem-alten-weserbergland\\\/#respond\"]}]},{\"@type\":\"WebPage\",\"@id\":\"https:\\\/\\\/klauskunze.com\\\/blog\\\/2020\\\/08\\\/07\\\/lebensbilder-aus-dem-alten-weserbergland\\\/\",\"url\":\"https:\\\/\\\/klauskunze.com\\\/blog\\\/2020\\\/08\\\/07\\\/lebensbilder-aus-dem-alten-weserbergland\\\/\",\"name\":\"Lebensbilder aus dem alten Weserbergland - Klaus Kunze\",\"isPartOf\":{\"@id\":\"https:\\\/\\\/klauskunze.com\\\/blog\\\/#website\"},\"primaryImageOfPage\":{\"@id\":\"https:\\\/\\\/klauskunze.com\\\/blog\\\/2020\\\/08\\\/07\\\/lebensbilder-aus-dem-alten-weserbergland\\\/#primaryimage\"},\"image\":{\"@id\":\"https:\\\/\\\/klauskunze.com\\\/blog\\\/2020\\\/08\\\/07\\\/lebensbilder-aus-dem-alten-weserbergland\\\/#primaryimage\"},\"thumbnailUrl\":\"https:\\\/\\\/klauskunze.com\\\/blog\\\/wp-content\\\/uploads\\\/2020\\\/08\\\/1627-3.jpg\",\"datePublished\":\"2020-08-07T19:00:06+00:00\",\"dateModified\":\"2020-08-07T19:00:08+00:00\",\"breadcrumb\":{\"@id\":\"https:\\\/\\\/klauskunze.com\\\/blog\\\/2020\\\/08\\\/07\\\/lebensbilder-aus-dem-alten-weserbergland\\\/#breadcrumb\"},\"inLanguage\":\"de\",\"potentialAction\":[{\"@type\":\"ReadAction\",\"target\":[\"https:\\\/\\\/klauskunze.com\\\/blog\\\/2020\\\/08\\\/07\\\/lebensbilder-aus-dem-alten-weserbergland\\\/\"]}]},{\"@type\":\"ImageObject\",\"inLanguage\":\"de\",\"@id\":\"https:\\\/\\\/klauskunze.com\\\/blog\\\/2020\\\/08\\\/07\\\/lebensbilder-aus-dem-alten-weserbergland\\\/#primaryimage\",\"url\":\"https:\\\/\\\/klauskunze.com\\\/blog\\\/wp-content\\\/uploads\\\/2020\\\/08\\\/1627-3.jpg\",\"contentUrl\":\"https:\\\/\\\/klauskunze.com\\\/blog\\\/wp-content\\\/uploads\\\/2020\\\/08\\\/1627-3.jpg\",\"width\":1200,\"height\":1221},{\"@type\":\"BreadcrumbList\",\"@id\":\"https:\\\/\\\/klauskunze.com\\\/blog\\\/2020\\\/08\\\/07\\\/lebensbilder-aus-dem-alten-weserbergland\\\/#breadcrumb\",\"itemListElement\":[{\"@type\":\"ListItem\",\"position\":1,\"name\":\"Startseite\",\"item\":\"https:\\\/\\\/klauskunze.com\\\/blog\\\/\"},{\"@type\":\"ListItem\",\"position\":2,\"name\":\"Lebensbilder aus dem alten Weserbergland\"}]},{\"@type\":\"WebSite\",\"@id\":\"https:\\\/\\\/klauskunze.com\\\/blog\\\/#website\",\"url\":\"https:\\\/\\\/klauskunze.com\\\/blog\\\/\",\"name\":\"Klaus Kunze\",\"description\":\"Blog\",\"publisher\":{\"@id\":\"https:\\\/\\\/klauskunze.com\\\/blog\\\/#\\\/schema\\\/person\\\/9c091cf30ab68b897db6a517e3c3b11b\"},\"potentialAction\":[{\"@type\":\"SearchAction\",\"target\":{\"@type\":\"EntryPoint\",\"urlTemplate\":\"https:\\\/\\\/klauskunze.com\\\/blog\\\/?s={search_term_string}\"},\"query-input\":{\"@type\":\"PropertyValueSpecification\",\"valueRequired\":true,\"valueName\":\"search_term_string\"}}],\"inLanguage\":\"de\"},{\"@type\":[\"Person\",\"Organization\"],\"@id\":\"https:\\\/\\\/klauskunze.com\\\/blog\\\/#\\\/schema\\\/person\\\/9c091cf30ab68b897db6a517e3c3b11b\",\"name\":\"Klaus Kunze\",\"image\":{\"@type\":\"ImageObject\",\"inLanguage\":\"de\",\"@id\":\"https:\\\/\\\/secure.gravatar.com\\\/avatar\\\/5cd83cadbada9c331a79952fcca177ed3d3be4c7ad3239b9d934bf84adff15dd?s=96&d=blank&r=g\",\"url\":\"https:\\\/\\\/secure.gravatar.com\\\/avatar\\\/5cd83cadbada9c331a79952fcca177ed3d3be4c7ad3239b9d934bf84adff15dd?s=96&d=blank&r=g\",\"contentUrl\":\"https:\\\/\\\/secure.gravatar.com\\\/avatar\\\/5cd83cadbada9c331a79952fcca177ed3d3be4c7ad3239b9d934bf84adff15dd?s=96&d=blank&r=g\",\"caption\":\"Klaus Kunze\"},\"logo\":{\"@id\":\"https:\\\/\\\/secure.gravatar.com\\\/avatar\\\/5cd83cadbada9c331a79952fcca177ed3d3be4c7ad3239b9d934bf84adff15dd?s=96&d=blank&r=g\"},\"sameAs\":[\"http:\\\/\\\/KlausKunze.com\",\"https:\\\/\\\/x.com\\\/https:\\\/\\\/twitter.com\\\/KlausKunze3\"]}]}<\/script>\n<!-- \/ Yoast SEO plugin. -->","yoast_head_json":{"title":"Lebensbilder aus dem alten Weserbergland - Klaus Kunze","robots":{"index":"index","follow":"follow","max-snippet":"max-snippet:-1","max-image-preview":"max-image-preview:large","max-video-preview":"max-video-preview:-1"},"canonical":"https:\/\/klauskunze.com\/blog\/2020\/08\/07\/lebensbilder-aus-dem-alten-weserbergland\/","og_locale":"de_DE","og_type":"article","og_title":"Lebensbilder aus dem alten Weserbergland - Klaus Kunze","og_description":"Wer nicht wei\u00df, woher er kommt, kann auch nicht wissen, wohin er geht. Wenn Philosophie munter beschwingt von Abstraktionsgipfel zu Abstraktionsgipfel klettert, sieht sie manchmal die konkreten kleinen Menschlein tief drunten im Tale nur noch als ameisenhafte P\u00fcnktchen. Vieles erkennt man nur aus ihrer Vogelperspektive. W\u00e4hrend sie aber eine rein zerebrale \u00dcbung ist und sich [&hellip;]","og_url":"https:\/\/klauskunze.com\/blog\/2020\/08\/07\/lebensbilder-aus-dem-alten-weserbergland\/","og_site_name":"Klaus Kunze","article_published_time":"2020-08-07T19:00:06+00:00","article_modified_time":"2020-08-07T19:00:08+00:00","og_image":[{"width":1200,"height":1221,"url":"https:\/\/klauskunze.com\/blog\/wp-content\/uploads\/2020\/08\/1627-3.jpg","type":"image\/jpeg"}],"author":"Klaus Kunze","twitter_misc":{"Verfasst von":"Klaus Kunze","Gesch\u00e4tzte Lesezeit":"2\u00a0Minuten"},"schema":{"@context":"https:\/\/schema.org","@graph":[{"@type":"Article","@id":"https:\/\/klauskunze.com\/blog\/2020\/08\/07\/lebensbilder-aus-dem-alten-weserbergland\/#article","isPartOf":{"@id":"https:\/\/klauskunze.com\/blog\/2020\/08\/07\/lebensbilder-aus-dem-alten-weserbergland\/"},"author":{"name":"Klaus Kunze","@id":"https:\/\/klauskunze.com\/blog\/#\/schema\/person\/9c091cf30ab68b897db6a517e3c3b11b"},"headline":"Lebensbilder aus dem alten Weserbergland","datePublished":"2020-08-07T19:00:06+00:00","dateModified":"2020-08-07T19:00:08+00:00","mainEntityOfPage":{"@id":"https:\/\/klauskunze.com\/blog\/2020\/08\/07\/lebensbilder-aus-dem-alten-weserbergland\/"},"wordCount":449,"commentCount":1,"publisher":{"@id":"https:\/\/klauskunze.com\/blog\/#\/schema\/person\/9c091cf30ab68b897db6a517e3c3b11b"},"image":{"@id":"https:\/\/klauskunze.com\/blog\/2020\/08\/07\/lebensbilder-aus-dem-alten-weserbergland\/#primaryimage"},"thumbnailUrl":"https:\/\/klauskunze.com\/blog\/wp-content\/uploads\/2020\/08\/1627-3.jpg","articleSection":["Geschichte","Heimatforschung"],"inLanguage":"de","potentialAction":[{"@type":"CommentAction","name":"Comment","target":["https:\/\/klauskunze.com\/blog\/2020\/08\/07\/lebensbilder-aus-dem-alten-weserbergland\/#respond"]}]},{"@type":"WebPage","@id":"https:\/\/klauskunze.com\/blog\/2020\/08\/07\/lebensbilder-aus-dem-alten-weserbergland\/","url":"https:\/\/klauskunze.com\/blog\/2020\/08\/07\/lebensbilder-aus-dem-alten-weserbergland\/","name":"Lebensbilder aus dem alten Weserbergland - Klaus Kunze","isPartOf":{"@id":"https:\/\/klauskunze.com\/blog\/#website"},"primaryImageOfPage":{"@id":"https:\/\/klauskunze.com\/blog\/2020\/08\/07\/lebensbilder-aus-dem-alten-weserbergland\/#primaryimage"},"image":{"@id":"https:\/\/klauskunze.com\/blog\/2020\/08\/07\/lebensbilder-aus-dem-alten-weserbergland\/#primaryimage"},"thumbnailUrl":"https:\/\/klauskunze.com\/blog\/wp-content\/uploads\/2020\/08\/1627-3.jpg","datePublished":"2020-08-07T19:00:06+00:00","dateModified":"2020-08-07T19:00:08+00:00","breadcrumb":{"@id":"https:\/\/klauskunze.com\/blog\/2020\/08\/07\/lebensbilder-aus-dem-alten-weserbergland\/#breadcrumb"},"inLanguage":"de","potentialAction":[{"@type":"ReadAction","target":["https:\/\/klauskunze.com\/blog\/2020\/08\/07\/lebensbilder-aus-dem-alten-weserbergland\/"]}]},{"@type":"ImageObject","inLanguage":"de","@id":"https:\/\/klauskunze.com\/blog\/2020\/08\/07\/lebensbilder-aus-dem-alten-weserbergland\/#primaryimage","url":"https:\/\/klauskunze.com\/blog\/wp-content\/uploads\/2020\/08\/1627-3.jpg","contentUrl":"https:\/\/klauskunze.com\/blog\/wp-content\/uploads\/2020\/08\/1627-3.jpg","width":1200,"height":1221},{"@type":"BreadcrumbList","@id":"https:\/\/klauskunze.com\/blog\/2020\/08\/07\/lebensbilder-aus-dem-alten-weserbergland\/#breadcrumb","itemListElement":[{"@type":"ListItem","position":1,"name":"Startseite","item":"https:\/\/klauskunze.com\/blog\/"},{"@type":"ListItem","position":2,"name":"Lebensbilder aus dem alten Weserbergland"}]},{"@type":"WebSite","@id":"https:\/\/klauskunze.com\/blog\/#website","url":"https:\/\/klauskunze.com\/blog\/","name":"Klaus Kunze","description":"Blog","publisher":{"@id":"https:\/\/klauskunze.com\/blog\/#\/schema\/person\/9c091cf30ab68b897db6a517e3c3b11b"},"potentialAction":[{"@type":"SearchAction","target":{"@type":"EntryPoint","urlTemplate":"https:\/\/klauskunze.com\/blog\/?s={search_term_string}"},"query-input":{"@type":"PropertyValueSpecification","valueRequired":true,"valueName":"search_term_string"}}],"inLanguage":"de"},{"@type":["Person","Organization"],"@id":"https:\/\/klauskunze.com\/blog\/#\/schema\/person\/9c091cf30ab68b897db6a517e3c3b11b","name":"Klaus Kunze","image":{"@type":"ImageObject","inLanguage":"de","@id":"https:\/\/secure.gravatar.com\/avatar\/5cd83cadbada9c331a79952fcca177ed3d3be4c7ad3239b9d934bf84adff15dd?s=96&d=blank&r=g","url":"https:\/\/secure.gravatar.com\/avatar\/5cd83cadbada9c331a79952fcca177ed3d3be4c7ad3239b9d934bf84adff15dd?s=96&d=blank&r=g","contentUrl":"https:\/\/secure.gravatar.com\/avatar\/5cd83cadbada9c331a79952fcca177ed3d3be4c7ad3239b9d934bf84adff15dd?s=96&d=blank&r=g","caption":"Klaus Kunze"},"logo":{"@id":"https:\/\/secure.gravatar.com\/avatar\/5cd83cadbada9c331a79952fcca177ed3d3be4c7ad3239b9d934bf84adff15dd?s=96&d=blank&r=g"},"sameAs":["http:\/\/KlausKunze.com","https:\/\/x.com\/https:\/\/twitter.com\/KlausKunze3"]}]}},"post_mailing_queue_ids":[],"_links":{"self":[{"href":"https:\/\/klauskunze.com\/blog\/wp-json\/wp\/v2\/posts\/2383","targetHints":{"allow":["GET"]}}],"collection":[{"href":"https:\/\/klauskunze.com\/blog\/wp-json\/wp\/v2\/posts"}],"about":[{"href":"https:\/\/klauskunze.com\/blog\/wp-json\/wp\/v2\/types\/post"}],"author":[{"embeddable":true,"href":"https:\/\/klauskunze.com\/blog\/wp-json\/wp\/v2\/users\/1"}],"replies":[{"embeddable":true,"href":"https:\/\/klauskunze.com\/blog\/wp-json\/wp\/v2\/comments?post=2383"}],"version-history":[{"count":16,"href":"https:\/\/klauskunze.com\/blog\/wp-json\/wp\/v2\/posts\/2383\/revisions"}],"predecessor-version":[{"id":2404,"href":"https:\/\/klauskunze.com\/blog\/wp-json\/wp\/v2\/posts\/2383\/revisions\/2404"}],"wp:featuredmedia":[{"embeddable":true,"href":"https:\/\/klauskunze.com\/blog\/wp-json\/wp\/v2\/media\/2385"}],"wp:attachment":[{"href":"https:\/\/klauskunze.com\/blog\/wp-json\/wp\/v2\/media?parent=2383"}],"wp:term":[{"taxonomy":"category","embeddable":true,"href":"https:\/\/klauskunze.com\/blog\/wp-json\/wp\/v2\/categories?post=2383"},{"taxonomy":"post_tag","embeddable":true,"href":"https:\/\/klauskunze.com\/blog\/wp-json\/wp\/v2\/tags?post=2383"}],"curies":[{"name":"wp","href":"https:\/\/api.w.org\/{rel}","templated":true}]}}