{"id":2468,"date":"2020-09-28T18:21:34","date_gmt":"2020-09-28T16:21:34","guid":{"rendered":"http:\/\/klauskunze.com\/blog\/?p=2468"},"modified":"2020-10-04T13:47:18","modified_gmt":"2020-10-04T11:47:18","slug":"ideologische-killerviren","status":"publish","type":"post","link":"https:\/\/klauskunze.com\/blog\/2020\/09\/28\/ideologische-killerviren\/","title":{"rendered":"Ideologische Killerviren"},"content":{"rendered":"\n<p>Was hat die Zweischwerterlehre mit dem Verfassungsschutz, und was die Freiheit des Christenmenschen mit Identit\u00e4tspolitik? Wir werden sehen. Wie in einem Kriminalfilm werden wir den \u201eT\u00e4ter\u201c an seiner \u00fcbereinstimmenden \u201eHandschrift\u201c erkennen.<\/p>\n\n\n\n<h3 class=\"wp-block-heading\">Die Zuchtrute Gottes<\/h3>\n\n\n\n<p>Schon zu Lebzeiten nannte man Gregor VII, von 1073 bis 1085 Papst, eine Zuchtrute Gottes. Stalin hat Jahrhunderte sp\u00e4ter gespottet: \u201eWieviel Divisionen hat der Papst?\u201c Gregor hatte keine, aber einen genialen Einfall. Fr\u00fcher verstand sich das Kaisertum als Schwert der Kirche. Gregor formulierte in seinem <em>Dictatus Papae<\/em> erstmals das Programm der p\u00e4pstlichen Weltherrschaft, das Recht, den Kaiser abzusetzen und seine Lehnsleute von ihrem Treueid zu l\u00f6sen.<\/p>\n\n\n\n<p>Die Kirche lehrte jetzt, Gott h\u00e4tte dem Papst zwei Schwerter gegeben, das geistliche und das weltliche. Dieses leite der Papst dem Kaiser weiter, womit die Unterstellung des Reiches unter die Kirche besiegelt w\u00e4re. Wenig begeistert hielt Kaiser Heinrich IV. dagegen, Gott selbst habe ein Schwert dem Kaiser zur weltlichen Herrschaft und eines dem Papst f\u00fcr die geistliche gegeben. Damit w\u00fcrde die Macht beim Kaiser bleiben, und der Papst bliebe blo\u00dfer Seelenhirte.<\/p>\n\n\n\n<p>Hinter ideologischen Konflikten wie solchen religi\u00f6sen Quisquilien verbergen sich immer Machtfragen. Untertanen m\u00f6gen es nicht, von unverh\u00fcllter macht regiert zu werden. Darum tritt ein schlauer Machthaber seit dem Mittelalter immer im Namen h\u00f6herer Werte oder M\u00e4chte auf. Wer real herrschen will, mu\u00df ideal zu dienen vorgeben.<\/p>\n\n\n\n<p>Beide, der Kaiser und der Papst, traten als Sachwalter Gottes auf. Wenn eine Ideologie sich, sei es in religi\u00f6ser oder weltlicher Gestalt, allgemein duchgesetzt hat, werden Machtkonflikte am wirksamsten in ihrem Namen ausgetragen. Wenige Jahre nach Gregor rief Papst Urban II. zum ersten Kreuzzug auf: \u201eGott will es!\u201c Was Gott tats\u00e4chlich wollte, sagte den staunenden H\u00f6rern sein berufener Stellvertreter auf Erden.<\/p>\n\n\n\n<h3 class=\"wp-block-heading\">Der Verfassungsschutz und die Menschenw\u00fcrde<\/h3>\n\n\n\n<p>Vor spekulativen Behauptungen wie die, wem Gott die Schwerter ausgeh\u00e4ndigt hat, konnten Laien nur mit offenem Mund staunend stehen und glauben &#8211; oder es sein lassen. Un\u00fcberpr\u00fcfbare Phantastereien sind nichts f\u00fcr arbeitende Leute. Sie deuten eher auf eine Art psychischer Verirrung hin.<\/p>\n\n\n\n<blockquote class=\"wp-block-quote is-layout-flow wp-block-quote-is-layout-flow\"><p>&#8222;Be\u00adson\u00adders be\u00adf\u00e4llt diese Krankheit die M\u00e4nner im D\u00e4mmer der Studierstube, die im B\u00fccher\u00adstaub der Scho\u00adlastik aufgewachsen sind und einsam ihren Spekulatio\u00adnen nachh\u00e4n\u00adgen. Bei de\u00adnen gilt als Tod\u00adfeind, wer ihre \u00dcberzeugun\u00adgen nicht als Orakelspr\u00fcche nimmt.&#8220;<\/p><cite>Samuel von Pufendorf, De statu Imperii Germanici, 1667, Die Verfassung des Deutschen Reiches, Hrg.Horst Denzer, Frankfurt\/M.1994, S.249.<\/cite><\/blockquote>\n\n\n\n<p>Ein halbes Jahrtausend nach Papst Gregor spekulierte wieder einmal jemand: der Humanist Pico della Mirandola. Eine transzendente \u201eW\u00fcrde\u201c ma\u00df man zu seiner Zeit nur Gott zu. Sollte aber, gr\u00fcbelte der Gelehrte, nicht auch der Mensch eine W\u00fcrde haben, da er doch angeblich Gott ebenbildlich sei? Udo Di Fabio, 1999-2011 Richter am Bundesverfassungsgericht, identifizierte als materiellen Kern der Idee und als Sinn des Begriffs &#8222;W\u00fcrde des Menschen&#8220; die s\u00e4kularisierte christliche Vorstellung von der Gottesebenbildlichkeit jedes Menschen.<\/p>\n\n\n\n<blockquote class=\"wp-block-quote is-layout-flow wp-block-quote-is-layout-flow\"><p>\u201eDer moderne Ursprung dieser radikalen Idee liegt auf der Hand. Der Humanismus, repr\u00e4sentativ verewigt durch die kleine Schrift <em>Pico della Mirandolas<\/em> \u00fcber die W\u00fcrde des Menschen, beginnt die Konstruktion seines Ideengeb\u00e4udes mit einer im Grunde nur notd\u00fcrftig kaschierten Gottesl\u00e4sterung. Die biblische Offenbarung, wonach jeder einzelne Mensch ein Ebenbild Gottes sei, wird von seinen transzendenten theologischen Wurzeln und den praktischen Demutsermahnungen getrennt. Die jeweils einzelne Gottesebenbildlichkeit wird zur Identit\u00e4t des Menschseins schlechthin gemacht, wenn jeder Mensch auf Erden in den Rang eines gottgleichen Sch\u00f6pfers seines Schicksals, im Range gleich.\u201c<\/p><cite>Udo Di Fabio (2005), ebenso G\u00fcnter Herdegen in: Maunz-D\u00fcrig-Herzog, Kommentar zum Grundgesetz, (2005), Art. 1 I GG Rdn.7.<\/cite><\/blockquote>\n\n\n\n<p>Von Pico della Mirandola (1463-1494) war es mur noch ein kleiner Schritt zu Martin Luther (1483-1546), der die Freiheit der Christenmenschen ausrief, nach ihrer \u00dcberzeugung und ihrem Gewissen zu handeln. Nur zu gern griffen das alle die deutschen Territorialf\u00fcrsten auf, die sich von einer Freiheit von Rom und vom Kaiser nicht zu Unrecht Vorteile erhoffen durften. Der Schmalkaldische Krieg wurde von 1546-1547 ebenso wir der 30j\u00e4hrige von 1618-1648 zwar im Namen der &#8222;wahren&#8220; Christenlehre ausgek\u00e4mpft. Tats\u00e4chlich ging es um die Macht im Herzen Europas.<\/p>\n\n\n\n<p>Wieder ein halbes Jahrtausend sp\u00e4ter hat sich die Idee der Menschenw\u00fcrde in den USA und Europa fest etabliert. Wenn wir mal die paar Milliarden Asiaten und andere als zu vernachl\u00e4ssigende Gr\u00f6\u00dfe weg, wo man offekundig sehr eigent\u00fcmliche Vorstellungen von Menschenw\u00fcrde hat, hat sich dieser weltanschauliche Begriff global durchgesetzt, jedenfalls verbal.<\/p>\n\n\n\n<p>W\u00e4hrend im Mittelalter die gro\u00dfen Machtkonflikte unbedingt auf dem Boden derselben herrschenden Ideologie ausgetragen werden mu\u00dften, hat sich an dieser \u201esozialontologischen\u201c Gesetzlichkeit nichts ge\u00e4ndert. Der mittelalterliche Mensch durfte \u201eGott\u201c nicht anzweifeln, weshalb man Machtanspr\u00fcche auf unterschiedliche Interpretation seines Wesens und Handelns st\u00fctzte. Heute gilt die Idee, jedem Menschen wohne eine Art metaphysische Menschenw\u00fcrde inne &#8211; gottgleich, Sie erinnern sich &#8211; als unbezweifelbar. Wer sie nicht in jedem menschen findet, macht sich h\u00f6chst verd\u00e4chtig und mu\u00df sich in die Schar der \u2026 leugner einreihen.<\/p>\n\n\n\n<p>Die Menschenw\u00fcrde hat freilich den scheinbaren Vorteil, da\u00df sie nicht nur Objekt metaphysischen Glaubens ist, sondern eine handfeste Rechtsnorm. Wir k\u00f6nnen unseren Juristen gar nicht genug danken, da\u00df sie die Menschenw\u00fcrde als oberstes Verfassungsgut ins Grundgesetz geschrieben haben. Sie gilt als oberste Richtschnur allen staatlichen Handelns. Nach abscheulichem staatlichen Handeln in den Jahren vor unserem Grundgesetz war es richtig, ihn an die Kandare der Menschenw\u00fcrde zu nehmen. Rundumblicke in die T\u00fcrkei, nach Wei\u00dfru\u00dfland oder China zeigen uns viele gute Gr\u00fcnde, uns \u00fcber den Grundsatz der Menschenw\u00fcrde als staatliches Gesetz zu freuen. Alles wird gut.<\/p>\n\n\n\n<p>Oder doch nicht? Haben wir nicht zuvor bemerkt, da\u00df der Streit auf dem Boden ein und derselben Ideologie erst richtig losgeht, wenn diese sich allgemein durchgesetzt hat? Da\u00df der Papst und der Kaiser vermutlich an denselben Gott glaubten, der Schwerter vergeben habe, hinderte nicht den Konflikt. Man stritt jetzt halt dar\u00fcber, in wessen Hand die Schwerter gelegt wurden. Heute glauben alle an die Menschenw\u00fcrde oder folgen jedenfalls demselben Grundgesetz, das sie uns verb\u00fcrgt. Unweigerlich m\u00fcssen Konflikte darum im heutigen Deutschland \u00fcber der Frage aufbrechen, wie das Orakel der Menschenw\u00fcrde im Einzelfall zu deuten ist und was es uns sagt.<\/p>\n\n\n\n<p>Man k\u00f6nnte zum Beispiel auf dem Standpunkt stehen, ein Gebot der Menschenw\u00fcrde sei das Menschenrecht, als Volk mit seinen ethnisch-kulturellen Merkmalen zusammenzuleben. Dagegen versto\u00dfe zum Beispiel China, wenn es zur Zeit gerade die Uiguren ethnisch unterdr\u00fcckt und Millionen l\u00e4ndlicher Tibeter zu Fabrikarbeitern umdrillt. Gegen die Menschenw\u00fcrde der s\u00fcdamerikanischen Urwaldindianer k\u00f6nnte versto\u00dfen, den Urwald zu roden, neben einem ihrer D\u00f6rfer Bodensch\u00e4tze abzubauen und dort 10000 Arbeiter nebst Supermarkt und MacDonald anzusiedeln. In absehbarer Zeit k\u00f6nnten diese Indianer ethnisch-kulturell erl\u00f6schen.<\/p>\n\n\n\n<figure class=\"wp-block-image size-large\"><img loading=\"lazy\" decoding=\"async\" width=\"768\" height=\"1024\" src=\"http:\/\/klauskunze.com\/blog\/wp-content\/uploads\/2020\/09\/2020-09-18-Hamm-OLG-1-768x1024.jpg\" alt=\"\" class=\"wp-image-2471\" srcset=\"https:\/\/klauskunze.com\/blog\/wp-content\/uploads\/2020\/09\/2020-09-18-Hamm-OLG-1-768x1024.jpg 768w, https:\/\/klauskunze.com\/blog\/wp-content\/uploads\/2020\/09\/2020-09-18-Hamm-OLG-1-225x300.jpg 225w, https:\/\/klauskunze.com\/blog\/wp-content\/uploads\/2020\/09\/2020-09-18-Hamm-OLG-1-1152x1536.jpg 1152w, https:\/\/klauskunze.com\/blog\/wp-content\/uploads\/2020\/09\/2020-09-18-Hamm-OLG-1-1536x2048.jpg 1536w, https:\/\/klauskunze.com\/blog\/wp-content\/uploads\/2020\/09\/2020-09-18-Hamm-OLG-1-900x1200.jpg 900w, https:\/\/klauskunze.com\/blog\/wp-content\/uploads\/2020\/09\/2020-09-18-Hamm-OLG-1-1280x1707.jpg 1280w, https:\/\/klauskunze.com\/blog\/wp-content\/uploads\/2020\/09\/2020-09-18-Hamm-OLG-1-scaled.jpg 1920w\" sizes=\"auto, (max-width: 768px) 100vw, 768px\" \/><figcaption>Gelegentlich wie im Elfenbeinturm: unsere Justiz<br>(Foyer des Oberlandesgerichts Hamm)<\/figcaption><\/figure>\n\n\n\n<p>Doch gerade so wie beim scholastischen Kampf um die Zweischwerterlehre erheben sich sogleich Gegenstimmen. Sie geh\u00f6ren unserem Verfassungsschutz. Hat er sich ein klein wenig von der Kandare der Menschenw\u00fcrde gel\u00f6st? Was mischt er sich ein? &#8211; Keine Sorge, er beobachtet nur, wie das so seine Art ist. Das Verwaltungsgericht Berlin hat ihm vorl\u00e4ufig recht gegeben:<\/p>\n\n\n\n<blockquote class=\"wp-block-quote is-layout-flow wp-block-quote-is-layout-flow\"><p>Zentrales politisches Anliegen des Antragstellers ist der Erhalt des deutschen Volkes in seinem ethnischen Bestand. Ethnisch \u201eFremde\u201c sollen ausgeschlossen bleiben. Ein dergestalt v\u00f6lkisch-abstammungsm\u00e4\u00dfiger Volksbegriff verst\u00f6\u00dft gegen die Menschenw\u00fcrde. Denn die Menschenw\u00fcrde nach Art. 1 Abs. 1 GG umfa\u00dft die prinzipielle Gleichheit aller Menschen, ungeachtet aller tats\u00e4chlich bestehenden Unterschiede. Sie wird beeintr\u00e4chtigt bei allen Formen rassisch motivierter Diskriminierung sowie wenn einzelne Personen oder Personengruppen grunds\u00e4tzlich wie Menschen zweiter Klasse behandelt werden (Urteil der Kammer vom 21. Januar 2016 \u2013 VG 1 K 255.13, juris Rn. 76 m.w.N.).<\/p><cite><a href=\"https:\/\/www.berlin.de\/gerichte\/verwaltungsgericht\/presse\/pressemitteilungen\/2020\/01-l-0188-20-200619-beschluss-anonymisiert.pdf\">VG Berlin, Beschlu\u00df vom 18.6.2020, S.6<\/a>., S.6, <a href=\"http:\/\/klauskunze.com\/blog\/2020\/09\/27\/das-deutsche-volk-juristisch-verabschiedet\/\">siehe Blog-Beitrag vom 27.9.2020<\/a>.<\/cite><\/blockquote>\n\n\n\n<p>So verbirgt sich wieder hinter einer scheinbar juristischen oder auch politischen Frage eine im Kern religi\u00f6se, jedenfalls ideologische. Wer das R\u00e4tsel der Menschenw\u00fcrde allgemeinverbindlich l\u00f6st, hat gewonnen. Genauer gesagt: wer die Macht hat, den Inhalt des rechtlichen Begriffs allgemeinverbindlich festzulegen. Das ist schwierig, weil das geschriebene Gedsetz uns dabei wenig hilft. Es hat einen hoch metaphysisch aufgeladenen, urspr\u00fcnglich religi\u00f6sen Begriff zum Gesetzestext erhoben. Ohne R\u00fcckgriff auf Vorstellungen des Glaubens ist er nicht zu verstehen, und genau darum wird er auch in nich christlich gepr\u00e4gten Kulturkreisen nicht in unserem Sinne verstanden.<\/p>\n\n\n\n<h3 class=\"wp-block-heading\">Die Identit\u00e4tspolititik<\/h3>\n\n\n\n<p>W\u00e4hrend unsere einheimischen Identit\u00e4ren, der Vermutung des Verfassungsschutzes zufolge, h\u00f6chst verd\u00e4chtige Leute sind, geh\u00f6ren die Identit\u00e4tspolitiker, bisher, offenbar zu den Guten. Identit\u00e4tspolitik besagt im Zusammenhang der Diskussion in den USA, die Forderung einer Minderheit nach Wahrung ihrer Identit\u00e4t zu vertreten.<\/p>\n\n\n\n<blockquote class=\"wp-block-quote is-layout-flow wp-block-quote-is-layout-flow\"><p>Haben Sie schon einmal davon geh\u00f6rt, da\u00df nur wei\u00dfe Menschen rassistisch sein k\u00f6nnen, da\u00df nur M\u00e4nner zu toxischem Verhalten f\u00e4hig sind, da\u00df so etwas wie ein biologisches Geschlecht gar nicht existiert, da\u00df Wissenschaft Machtstrukturen zementiert, die einer wei\u00dfen Vorherrschaft dienen, da\u00df Wei\u00dfe per se privilegierter sind als Schwarze, da\u00df Sprache Realit\u00e4t bestimmt und darum geschlechtergerecht neu gedacht wrden mu\u00df?<\/p><cite>Raphael Smarzoch, Deutschlandfunk, 28.9.2020, 17.05 Uhr, Kulturfragen, Anmoderation.<\/cite><\/blockquote>\n\n\n\n<p>Die Wissenschaftlerin Helen Pluckrose erkl\u00e4rte am 28.9.2020 im Interview mit dem Deutschlandfunk, was dahintersteckt. Der Postmodernismus, \u201edezidiert links\u201c, habe<\/p>\n\n\n\n<blockquote class=\"wp-block-quote is-layout-flow wp-block-quote-is-layout-flow\"><p>sowohl eine nihilistische als auch eine revolution\u00e4re Seite. Damit pa\u00dfte er gut zum postimperialen Nachkriegszeitgeist. Im Laufe der Zeit nahm der zu Beginn st\u00e4rkere Aspekt des Dekonstruktivismus eine zweitrangige Rolle neben der revolution\u00e4ren \u201eIdentit\u00e4tspolitik\u201c ein.<\/p><cite>Helen Pluckrose,<a href=\"https:\/\/www.novo-argumente.com\/artikel\/wie_der_postmodernismus_die_aufklaerung_abwickelt,\"> hier zitiert nach: Wie der Postmodernismus die Aufkl\u00e4rung abwickelt, 15.5.2017<\/a>, <\/cite><\/blockquote>\n\n\n\n<p>Der Dekonstruktivismus besagt, da\u00df alle kulturellen und politischen Vorstellungen lediglich Konstruktionen sind. nachdem er sie dekonstruiert hat, taugen sie nat\u00fcrlich nicht mehr, um Machtverh\u00e4ltnisse zu stabilisieren. Genau das ist der Sinn der Sache, darum ist Identit\u00e4tspolitik wie in den USA revolution\u00e4r.<\/p>\n\n\n\n<p>Mit der Zweischwerterlehre h\u00e4tte ein Dekonstruktivist es leicht. Zum Fr\u00fchst\u00fcck w\u00fcrde er die Vorstellung \u201eGott\u201c dekonstruieren, als Hauptmen\u00fc die Zweischwerterlehre als Herrschaftsideologie von Kaiser und Papst entlarven und zum Abendbrot das Ende der Herrschaft des Menschen \u00fcber den Menschen ausrufen. Wenn es n\u00e4mlich kein legitimes Recht zum Herrschen gibt, erscheint die Aus\u00fcbung jeder Macht als niedertr\u00e4chtige Willk\u00fcr.<\/p>\n\n\n\n<p>Wie bei jeder Ideologie hinterfragen wir auch hier kritisch, welche konkreten Menschengruppen sie ins Feld f\u00fchren um ihre (vermeintlichen) Interessen damit durchzusetzen. Gegen wen richtet sich das Sturmgesch\u00fctz des Dekonstruktivismus, und wen beg\u00fcnstigt die \u201eIdentit\u00e4tspolitik\u201c? Raphael Smarzoch hat das im Deutschland schon beantwortet. Die neue Ideologie richtet sich schwerpunktm\u00e4\u00dfig gegen M\u00e4nner, vor allem gegen Wei\u00dfe.<\/p>\n\n\n\n<p>Als Ideengeber und \u201eGr\u00fcndungsv\u00e4ter\u201c des Postmodernismus nennt Helen Pluckrose Lyotard, Foucault und Derrida. Hinter seinen \u201eidentit\u00e4tspolitischen\u201c Fahnen sammeln sich in den USA alle, die meinen, sie seien irgendwie zu kurz gekommen, und daran sei \u201edie Gesellschaft\u201c schuld. Was diese im Innersten zusammenh\u00e4lt, gilt es ihnen darum zu zerst\u00f6ren. Es sind die sozialen Beziehungen und gemeinsamen kulturellen Vorstellungen, die eine Gemeinschaft daran hindern, wie eine Partygesellschaft auseinanderzulaufen.<\/p>\n\n\n\n<p>Gegen diese emotionalen Bindungskr\u00e4fte richten sich Wut und Ha\u00df sp\u00e4ter Angekommener, die sich in einem Staat wie den USA nicht wohl f\u00fchlen. Die Welt war schon verteilt. Als \u201eMinderheiten\u201c stellen sie jetzt das gesamte Staats- und Verfassungsge\u00e4ude in Frage und pulen den M\u00f6rtel zwischen den Steinen weg: den verbindenden Glauben an die USA als Nation. Sie wirken wie ideologische Killerviren der Destruktion, das gesamte Gef\u00fcge ideell zusammenbrechen zu lassen.<\/p>\n\n\n\n<p>Diese Entwicklung steht auch uns ins Haus. Die f\u00fcr derartige Ideen potentiell Ansprechbaren vrmehren sich in Deutschland, w\u00e4hrend die Zahl derer abnimmt, die unsere freiheitliche Verfassung sch\u00e4tzen. Darum sollten und m\u00fcssen wir erkennen, wie es schon immer funktioniert hat und immer funktionieren wird:<\/p>\n\n\n\n<p>Erst wird der Glaube des Gegners an sich selbst und seine Sache ideologisch dekonstruiert, und auf den Tr\u00fcmmern seiner zusammenbrechenden Herrschaft wird die neue errichtet und ideologisch zementiert. Helen Pluckrose warnt:<\/p>\n\n\n\n<blockquote class=\"wp-block-quote is-layout-flow wp-block-quote-is-layout-flow\"><p>In Derridas Denken zeigt sich ein kultureller und erkenntnistheoretischer Relativismus, der als Rechtfertigung f\u00fcr Identit\u00e4tspolitik dient. Da\u00df Unterschiede nicht notwendigerweise Gegens\u00e4tze darstellen m\u00fcssen, wird explizit verneint. Dies kommt einer Ablehnung der liberalen Werte der Aufkl\u00e4rung gleich, welche die \u00dcberwindung von Unterschieden anstrebte und sich dabei auf universelle Menschenrechte, individuelle Freiheit und Erm\u00e4chtigung st\u00fctzte.<\/p><cite>Helen Pluckrose, Wie der Postmodernismus die Aufkl\u00e4rung abwickelt, 15.5.2017.<\/cite><\/blockquote>\n\n\n\n<p>Mit den universellen Menschenrechten, an ihrer Spitze unsere Vorstellung von Menschenw\u00fcrde, kann es schnell vorbei sein. Ohne diese verbal in Frage zu stellen, wird ihr von identit\u00e4tspolitischer Seite ein v\u00f6llig anderer Inhalt untergeschoben werden. Sie werden den verha\u00dften \u201ealten, wei\u00dfen M\u00e4nnern\u201c das \u201ePrivileg\u201c bestreiten, dar\u00fcber zu urteilen, was f\u00fcr sie Menschenw\u00fcrde bedeutet. F\u00fcr uns ist sie ein unverzichtbares Produkt der Aufkl\u00e4rung.<\/p>\n\n\n\n<blockquote class=\"wp-block-quote is-layout-flow wp-block-quote-is-layout-flow\"><p>Moral ist f\u00fcr die postmodernistischen Denker ebenso kulturell gepr\u00e4gt wie es die Realit\u00e4t insgesamt ist. Empirische Belege gelten als verd\u00e4chtig, wie jede kulturell dominante Idee, Wissenschaft, Vernunft und Liberalismus miteingeschlossen. Die Werte der Aufkl\u00e4rung werden als naiv, totalisierend und repressiv betrachtet, weswegen eine moralische Notwendigkeit bestehe, diese zu zerschlagen. Eine viel gr\u00f6\u00dfere Relevanz wird den gelebten Erfahrungen, Erz\u00e4hlungen und Vorstellungen \u201emarginalisierter\u201c Gruppen beigemessen, welche \u00fcber die Werte der Aufkl\u00e4rung gestellt werden m\u00fcssen, um unterdr\u00fcckende, ungerechte und willk\u00fcrliche Konstrukte umzusto\u00dfen.<\/p><cite>Helen Pluckrose, Wie der Postmodernismus die Aufkl\u00e4rung abwickelt, 15.5.2017.<\/cite><\/blockquote>\n\n\n\n<p>Wenn wir den Dekonstruktivismus und die Identit\u00e4tspolitik aber unsererseits dekonstruieren, erkennen wir hinter ihr nichts als einen Machtkampf. Genau so sehen sie es selbst: Unsere Werte und gesellschaftlichen Normen sind unsere Waffen, mit denen wir unsere freiheitliche Weise verteidigen, selbstbestimmt zu leben. Sie wollen sie uns aus der Hand schlagen und uns den Glauben an uns selbst nehmen.<\/p>\n\n\n\n<p>T\u00e4ter im Sinne unseres ideologischen Streifzuges durch das Jahrtausend ist immer der Mensch, der sich in einem ewig gleich bleibt: erfinderisch darin, soziale Machtanspr\u00fcche unter religi\u00f6sen oder ideologischen Girlanden zu verstecken, und ha\u00dferf\u00fcllt, wenn er den weltanschaulichen Blumenzierat seiner Gegner in den Staub tritt und dekonstruiert.<\/p>\n\n\n\n<p>Wir haben ein Widerstandsrecht gegen jeden, der es unternimmt, unsere freiheitliche Verfassungsordnung zu beseitigen. Wir werden dieses Recht aber nie benutzen k\u00f6nnen, wenn wir an unser Recht nicht glauben, als sei es in einem metaphysischen Sinn real. Im juristischen ist es das bereits.<\/p>\n\n\n\n<p><\/p>\n\n\n\n<h2 class=\"wp-block-heading\"><\/h2>\n\n\n\n<p><\/p>\n","protected":false},"excerpt":{"rendered":"<p>Was hat die Zweischwerterlehre mit dem Verfassungsschutz, und was die Freiheit des Christenmenschen mit Identit\u00e4tspolitik? Wir werden sehen. Wie in einem Kriminalfilm werden wir den \u201eT\u00e4ter\u201c an seiner \u00fcbereinstimmenden \u201eHandschrift\u201c erkennen. Die Zuchtrute Gottes Schon zu Lebzeiten nannte man Gregor VII, von 1073 bis 1085 Papst, eine Zuchtrute Gottes. Stalin hat Jahrhunderte sp\u00e4ter gespottet: \u201eWieviel [&hellip;]<\/p>\n","protected":false},"author":1,"featured_media":2471,"comment_status":"open","ping_status":"open","sticky":false,"template":"","format":"standard","meta":{"h5ap_radio_sources":[],"twitterCardType":"","cardImageID":0,"cardImage":"","cardTitle":"","cardDesc":"","cardImageAlt":"","cardPlayer":"","cardPlayerWidth":0,"cardPlayerHeight":0,"cardPlayerStream":"","cardPlayerCodec":"","footnotes":""},"categories":[1,20],"tags":[],"class_list":["post-2468","post","type-post","status-publish","format-standard","has-post-thumbnail","hentry","category-allgemein","category-philosophie"],"yoast_head":"<!-- This site is optimized with the Yoast SEO plugin v27.5 - https:\/\/yoast.com\/product\/yoast-seo-wordpress\/ -->\n<title>Ideologische Killerviren - Klaus Kunze<\/title>\n<meta name=\"robots\" content=\"index, follow, max-snippet:-1, max-image-preview:large, max-video-preview:-1\" \/>\n<link rel=\"canonical\" href=\"https:\/\/klauskunze.com\/blog\/2020\/09\/28\/ideologische-killerviren\/\" \/>\n<meta property=\"og:locale\" content=\"de_DE\" \/>\n<meta property=\"og:type\" content=\"article\" \/>\n<meta property=\"og:title\" content=\"Ideologische Killerviren - Klaus Kunze\" \/>\n<meta property=\"og:description\" content=\"Was hat die Zweischwerterlehre mit dem Verfassungsschutz, und was die Freiheit des Christenmenschen mit Identit\u00e4tspolitik? Wir werden sehen. Wie in einem Kriminalfilm werden wir den \u201eT\u00e4ter\u201c an seiner \u00fcbereinstimmenden \u201eHandschrift\u201c erkennen. Die Zuchtrute Gottes Schon zu Lebzeiten nannte man Gregor VII, von 1073 bis 1085 Papst, eine Zuchtrute Gottes. Stalin hat Jahrhunderte sp\u00e4ter gespottet: \u201eWieviel [&hellip;]\" \/>\n<meta property=\"og:url\" content=\"https:\/\/klauskunze.com\/blog\/2020\/09\/28\/ideologische-killerviren\/\" \/>\n<meta property=\"og:site_name\" content=\"Klaus Kunze\" \/>\n<meta property=\"article:published_time\" content=\"2020-09-28T16:21:34+00:00\" \/>\n<meta property=\"article:modified_time\" content=\"2020-10-04T11:47:18+00:00\" \/>\n<meta property=\"og:image\" content=\"https:\/\/klauskunze.com\/blog\/wp-content\/uploads\/2020\/09\/2020-09-18-Hamm-OLG-1-scaled.jpg\" \/>\n\t<meta property=\"og:image:width\" content=\"1920\" \/>\n\t<meta property=\"og:image:height\" content=\"2560\" \/>\n\t<meta property=\"og:image:type\" content=\"image\/jpeg\" \/>\n<meta name=\"author\" content=\"Klaus Kunze\" \/>\n<meta name=\"twitter:label1\" content=\"Verfasst von\" \/>\n\t<meta name=\"twitter:data1\" content=\"Klaus Kunze\" \/>\n\t<meta name=\"twitter:label2\" content=\"Gesch\u00e4tzte Lesezeit\" \/>\n\t<meta name=\"twitter:data2\" content=\"12\u00a0Minuten\" \/>\n<script type=\"application\/ld+json\" class=\"yoast-schema-graph\">{\"@context\":\"https:\\\/\\\/schema.org\",\"@graph\":[{\"@type\":\"Article\",\"@id\":\"https:\\\/\\\/klauskunze.com\\\/blog\\\/2020\\\/09\\\/28\\\/ideologische-killerviren\\\/#article\",\"isPartOf\":{\"@id\":\"https:\\\/\\\/klauskunze.com\\\/blog\\\/2020\\\/09\\\/28\\\/ideologische-killerviren\\\/\"},\"author\":{\"name\":\"Klaus Kunze\",\"@id\":\"https:\\\/\\\/klauskunze.com\\\/blog\\\/#\\\/schema\\\/person\\\/9c091cf30ab68b897db6a517e3c3b11b\"},\"headline\":\"Ideologische Killerviren\",\"datePublished\":\"2020-09-28T16:21:34+00:00\",\"dateModified\":\"2020-10-04T11:47:18+00:00\",\"mainEntityOfPage\":{\"@id\":\"https:\\\/\\\/klauskunze.com\\\/blog\\\/2020\\\/09\\\/28\\\/ideologische-killerviren\\\/\"},\"wordCount\":2393,\"commentCount\":0,\"publisher\":{\"@id\":\"https:\\\/\\\/klauskunze.com\\\/blog\\\/#\\\/schema\\\/person\\\/9c091cf30ab68b897db6a517e3c3b11b\"},\"image\":{\"@id\":\"https:\\\/\\\/klauskunze.com\\\/blog\\\/2020\\\/09\\\/28\\\/ideologische-killerviren\\\/#primaryimage\"},\"thumbnailUrl\":\"https:\\\/\\\/klauskunze.com\\\/blog\\\/wp-content\\\/uploads\\\/2020\\\/09\\\/2020-09-18-Hamm-OLG-1-scaled.jpg\",\"articleSection\":{\"1\":\"Philosophie\"},\"inLanguage\":\"de\",\"potentialAction\":[{\"@type\":\"CommentAction\",\"name\":\"Comment\",\"target\":[\"https:\\\/\\\/klauskunze.com\\\/blog\\\/2020\\\/09\\\/28\\\/ideologische-killerviren\\\/#respond\"]}]},{\"@type\":\"WebPage\",\"@id\":\"https:\\\/\\\/klauskunze.com\\\/blog\\\/2020\\\/09\\\/28\\\/ideologische-killerviren\\\/\",\"url\":\"https:\\\/\\\/klauskunze.com\\\/blog\\\/2020\\\/09\\\/28\\\/ideologische-killerviren\\\/\",\"name\":\"Ideologische Killerviren - Klaus Kunze\",\"isPartOf\":{\"@id\":\"https:\\\/\\\/klauskunze.com\\\/blog\\\/#website\"},\"primaryImageOfPage\":{\"@id\":\"https:\\\/\\\/klauskunze.com\\\/blog\\\/2020\\\/09\\\/28\\\/ideologische-killerviren\\\/#primaryimage\"},\"image\":{\"@id\":\"https:\\\/\\\/klauskunze.com\\\/blog\\\/2020\\\/09\\\/28\\\/ideologische-killerviren\\\/#primaryimage\"},\"thumbnailUrl\":\"https:\\\/\\\/klauskunze.com\\\/blog\\\/wp-content\\\/uploads\\\/2020\\\/09\\\/2020-09-18-Hamm-OLG-1-scaled.jpg\",\"datePublished\":\"2020-09-28T16:21:34+00:00\",\"dateModified\":\"2020-10-04T11:47:18+00:00\",\"breadcrumb\":{\"@id\":\"https:\\\/\\\/klauskunze.com\\\/blog\\\/2020\\\/09\\\/28\\\/ideologische-killerviren\\\/#breadcrumb\"},\"inLanguage\":\"de\",\"potentialAction\":[{\"@type\":\"ReadAction\",\"target\":[\"https:\\\/\\\/klauskunze.com\\\/blog\\\/2020\\\/09\\\/28\\\/ideologische-killerviren\\\/\"]}]},{\"@type\":\"ImageObject\",\"inLanguage\":\"de\",\"@id\":\"https:\\\/\\\/klauskunze.com\\\/blog\\\/2020\\\/09\\\/28\\\/ideologische-killerviren\\\/#primaryimage\",\"url\":\"https:\\\/\\\/klauskunze.com\\\/blog\\\/wp-content\\\/uploads\\\/2020\\\/09\\\/2020-09-18-Hamm-OLG-1-scaled.jpg\",\"contentUrl\":\"https:\\\/\\\/klauskunze.com\\\/blog\\\/wp-content\\\/uploads\\\/2020\\\/09\\\/2020-09-18-Hamm-OLG-1-scaled.jpg\",\"width\":1920,\"height\":2560},{\"@type\":\"BreadcrumbList\",\"@id\":\"https:\\\/\\\/klauskunze.com\\\/blog\\\/2020\\\/09\\\/28\\\/ideologische-killerviren\\\/#breadcrumb\",\"itemListElement\":[{\"@type\":\"ListItem\",\"position\":1,\"name\":\"Startseite\",\"item\":\"https:\\\/\\\/klauskunze.com\\\/blog\\\/\"},{\"@type\":\"ListItem\",\"position\":2,\"name\":\"Ideologische Killerviren\"}]},{\"@type\":\"WebSite\",\"@id\":\"https:\\\/\\\/klauskunze.com\\\/blog\\\/#website\",\"url\":\"https:\\\/\\\/klauskunze.com\\\/blog\\\/\",\"name\":\"Klaus Kunze\",\"description\":\"Blog\",\"publisher\":{\"@id\":\"https:\\\/\\\/klauskunze.com\\\/blog\\\/#\\\/schema\\\/person\\\/9c091cf30ab68b897db6a517e3c3b11b\"},\"potentialAction\":[{\"@type\":\"SearchAction\",\"target\":{\"@type\":\"EntryPoint\",\"urlTemplate\":\"https:\\\/\\\/klauskunze.com\\\/blog\\\/?s={search_term_string}\"},\"query-input\":{\"@type\":\"PropertyValueSpecification\",\"valueRequired\":true,\"valueName\":\"search_term_string\"}}],\"inLanguage\":\"de\"},{\"@type\":[\"Person\",\"Organization\"],\"@id\":\"https:\\\/\\\/klauskunze.com\\\/blog\\\/#\\\/schema\\\/person\\\/9c091cf30ab68b897db6a517e3c3b11b\",\"name\":\"Klaus Kunze\",\"image\":{\"@type\":\"ImageObject\",\"inLanguage\":\"de\",\"@id\":\"https:\\\/\\\/secure.gravatar.com\\\/avatar\\\/5cd83cadbada9c331a79952fcca177ed3d3be4c7ad3239b9d934bf84adff15dd?s=96&d=blank&r=g\",\"url\":\"https:\\\/\\\/secure.gravatar.com\\\/avatar\\\/5cd83cadbada9c331a79952fcca177ed3d3be4c7ad3239b9d934bf84adff15dd?s=96&d=blank&r=g\",\"contentUrl\":\"https:\\\/\\\/secure.gravatar.com\\\/avatar\\\/5cd83cadbada9c331a79952fcca177ed3d3be4c7ad3239b9d934bf84adff15dd?s=96&d=blank&r=g\",\"caption\":\"Klaus Kunze\"},\"logo\":{\"@id\":\"https:\\\/\\\/secure.gravatar.com\\\/avatar\\\/5cd83cadbada9c331a79952fcca177ed3d3be4c7ad3239b9d934bf84adff15dd?s=96&d=blank&r=g\"},\"sameAs\":[\"http:\\\/\\\/KlausKunze.com\",\"https:\\\/\\\/x.com\\\/https:\\\/\\\/twitter.com\\\/KlausKunze3\"]}]}<\/script>\n<!-- \/ Yoast SEO plugin. -->","yoast_head_json":{"title":"Ideologische Killerviren - Klaus Kunze","robots":{"index":"index","follow":"follow","max-snippet":"max-snippet:-1","max-image-preview":"max-image-preview:large","max-video-preview":"max-video-preview:-1"},"canonical":"https:\/\/klauskunze.com\/blog\/2020\/09\/28\/ideologische-killerviren\/","og_locale":"de_DE","og_type":"article","og_title":"Ideologische Killerviren - Klaus Kunze","og_description":"Was hat die Zweischwerterlehre mit dem Verfassungsschutz, und was die Freiheit des Christenmenschen mit Identit\u00e4tspolitik? Wir werden sehen. Wie in einem Kriminalfilm werden wir den \u201eT\u00e4ter\u201c an seiner \u00fcbereinstimmenden \u201eHandschrift\u201c erkennen. Die Zuchtrute Gottes Schon zu Lebzeiten nannte man Gregor VII, von 1073 bis 1085 Papst, eine Zuchtrute Gottes. Stalin hat Jahrhunderte sp\u00e4ter gespottet: \u201eWieviel [&hellip;]","og_url":"https:\/\/klauskunze.com\/blog\/2020\/09\/28\/ideologische-killerviren\/","og_site_name":"Klaus Kunze","article_published_time":"2020-09-28T16:21:34+00:00","article_modified_time":"2020-10-04T11:47:18+00:00","og_image":[{"width":1920,"height":2560,"url":"https:\/\/klauskunze.com\/blog\/wp-content\/uploads\/2020\/09\/2020-09-18-Hamm-OLG-1-scaled.jpg","type":"image\/jpeg"}],"author":"Klaus Kunze","twitter_misc":{"Verfasst von":"Klaus Kunze","Gesch\u00e4tzte Lesezeit":"12\u00a0Minuten"},"schema":{"@context":"https:\/\/schema.org","@graph":[{"@type":"Article","@id":"https:\/\/klauskunze.com\/blog\/2020\/09\/28\/ideologische-killerviren\/#article","isPartOf":{"@id":"https:\/\/klauskunze.com\/blog\/2020\/09\/28\/ideologische-killerviren\/"},"author":{"name":"Klaus Kunze","@id":"https:\/\/klauskunze.com\/blog\/#\/schema\/person\/9c091cf30ab68b897db6a517e3c3b11b"},"headline":"Ideologische Killerviren","datePublished":"2020-09-28T16:21:34+00:00","dateModified":"2020-10-04T11:47:18+00:00","mainEntityOfPage":{"@id":"https:\/\/klauskunze.com\/blog\/2020\/09\/28\/ideologische-killerviren\/"},"wordCount":2393,"commentCount":0,"publisher":{"@id":"https:\/\/klauskunze.com\/blog\/#\/schema\/person\/9c091cf30ab68b897db6a517e3c3b11b"},"image":{"@id":"https:\/\/klauskunze.com\/blog\/2020\/09\/28\/ideologische-killerviren\/#primaryimage"},"thumbnailUrl":"https:\/\/klauskunze.com\/blog\/wp-content\/uploads\/2020\/09\/2020-09-18-Hamm-OLG-1-scaled.jpg","articleSection":{"1":"Philosophie"},"inLanguage":"de","potentialAction":[{"@type":"CommentAction","name":"Comment","target":["https:\/\/klauskunze.com\/blog\/2020\/09\/28\/ideologische-killerviren\/#respond"]}]},{"@type":"WebPage","@id":"https:\/\/klauskunze.com\/blog\/2020\/09\/28\/ideologische-killerviren\/","url":"https:\/\/klauskunze.com\/blog\/2020\/09\/28\/ideologische-killerviren\/","name":"Ideologische Killerviren - Klaus Kunze","isPartOf":{"@id":"https:\/\/klauskunze.com\/blog\/#website"},"primaryImageOfPage":{"@id":"https:\/\/klauskunze.com\/blog\/2020\/09\/28\/ideologische-killerviren\/#primaryimage"},"image":{"@id":"https:\/\/klauskunze.com\/blog\/2020\/09\/28\/ideologische-killerviren\/#primaryimage"},"thumbnailUrl":"https:\/\/klauskunze.com\/blog\/wp-content\/uploads\/2020\/09\/2020-09-18-Hamm-OLG-1-scaled.jpg","datePublished":"2020-09-28T16:21:34+00:00","dateModified":"2020-10-04T11:47:18+00:00","breadcrumb":{"@id":"https:\/\/klauskunze.com\/blog\/2020\/09\/28\/ideologische-killerviren\/#breadcrumb"},"inLanguage":"de","potentialAction":[{"@type":"ReadAction","target":["https:\/\/klauskunze.com\/blog\/2020\/09\/28\/ideologische-killerviren\/"]}]},{"@type":"ImageObject","inLanguage":"de","@id":"https:\/\/klauskunze.com\/blog\/2020\/09\/28\/ideologische-killerviren\/#primaryimage","url":"https:\/\/klauskunze.com\/blog\/wp-content\/uploads\/2020\/09\/2020-09-18-Hamm-OLG-1-scaled.jpg","contentUrl":"https:\/\/klauskunze.com\/blog\/wp-content\/uploads\/2020\/09\/2020-09-18-Hamm-OLG-1-scaled.jpg","width":1920,"height":2560},{"@type":"BreadcrumbList","@id":"https:\/\/klauskunze.com\/blog\/2020\/09\/28\/ideologische-killerviren\/#breadcrumb","itemListElement":[{"@type":"ListItem","position":1,"name":"Startseite","item":"https:\/\/klauskunze.com\/blog\/"},{"@type":"ListItem","position":2,"name":"Ideologische Killerviren"}]},{"@type":"WebSite","@id":"https:\/\/klauskunze.com\/blog\/#website","url":"https:\/\/klauskunze.com\/blog\/","name":"Klaus Kunze","description":"Blog","publisher":{"@id":"https:\/\/klauskunze.com\/blog\/#\/schema\/person\/9c091cf30ab68b897db6a517e3c3b11b"},"potentialAction":[{"@type":"SearchAction","target":{"@type":"EntryPoint","urlTemplate":"https:\/\/klauskunze.com\/blog\/?s={search_term_string}"},"query-input":{"@type":"PropertyValueSpecification","valueRequired":true,"valueName":"search_term_string"}}],"inLanguage":"de"},{"@type":["Person","Organization"],"@id":"https:\/\/klauskunze.com\/blog\/#\/schema\/person\/9c091cf30ab68b897db6a517e3c3b11b","name":"Klaus Kunze","image":{"@type":"ImageObject","inLanguage":"de","@id":"https:\/\/secure.gravatar.com\/avatar\/5cd83cadbada9c331a79952fcca177ed3d3be4c7ad3239b9d934bf84adff15dd?s=96&d=blank&r=g","url":"https:\/\/secure.gravatar.com\/avatar\/5cd83cadbada9c331a79952fcca177ed3d3be4c7ad3239b9d934bf84adff15dd?s=96&d=blank&r=g","contentUrl":"https:\/\/secure.gravatar.com\/avatar\/5cd83cadbada9c331a79952fcca177ed3d3be4c7ad3239b9d934bf84adff15dd?s=96&d=blank&r=g","caption":"Klaus Kunze"},"logo":{"@id":"https:\/\/secure.gravatar.com\/avatar\/5cd83cadbada9c331a79952fcca177ed3d3be4c7ad3239b9d934bf84adff15dd?s=96&d=blank&r=g"},"sameAs":["http:\/\/KlausKunze.com","https:\/\/x.com\/https:\/\/twitter.com\/KlausKunze3"]}]}},"post_mailing_queue_ids":[],"_links":{"self":[{"href":"https:\/\/klauskunze.com\/blog\/wp-json\/wp\/v2\/posts\/2468","targetHints":{"allow":["GET"]}}],"collection":[{"href":"https:\/\/klauskunze.com\/blog\/wp-json\/wp\/v2\/posts"}],"about":[{"href":"https:\/\/klauskunze.com\/blog\/wp-json\/wp\/v2\/types\/post"}],"author":[{"embeddable":true,"href":"https:\/\/klauskunze.com\/blog\/wp-json\/wp\/v2\/users\/1"}],"replies":[{"embeddable":true,"href":"https:\/\/klauskunze.com\/blog\/wp-json\/wp\/v2\/comments?post=2468"}],"version-history":[{"count":10,"href":"https:\/\/klauskunze.com\/blog\/wp-json\/wp\/v2\/posts\/2468\/revisions"}],"predecessor-version":[{"id":2499,"href":"https:\/\/klauskunze.com\/blog\/wp-json\/wp\/v2\/posts\/2468\/revisions\/2499"}],"wp:featuredmedia":[{"embeddable":true,"href":"https:\/\/klauskunze.com\/blog\/wp-json\/wp\/v2\/media\/2471"}],"wp:attachment":[{"href":"https:\/\/klauskunze.com\/blog\/wp-json\/wp\/v2\/media?parent=2468"}],"wp:term":[{"taxonomy":"category","embeddable":true,"href":"https:\/\/klauskunze.com\/blog\/wp-json\/wp\/v2\/categories?post=2468"},{"taxonomy":"post_tag","embeddable":true,"href":"https:\/\/klauskunze.com\/blog\/wp-json\/wp\/v2\/tags?post=2468"}],"curies":[{"name":"wp","href":"https:\/\/api.w.org\/{rel}","templated":true}]}}