{"id":2483,"date":"2020-10-01T18:30:24","date_gmt":"2020-10-01T16:30:24","guid":{"rendered":"http:\/\/klauskunze.com\/blog\/?p=2483"},"modified":"2020-10-02T11:12:14","modified_gmt":"2020-10-02T09:12:14","slug":"konformitaetsdruck-und-ueberdruck","status":"publish","type":"post","link":"https:\/\/klauskunze.com\/blog\/2020\/10\/01\/konformitaetsdruck-und-ueberdruck\/","title":{"rendered":"Konformit\u00e4tsdruck und -\u00fcberdruck"},"content":{"rendered":"\n<p>So weit sind wir schon gekommen: W\u00e4hrend ich an einer Landstra\u00dfe in Mittelhessen eine Currywurst a\u00df, duzte sich ein hinzukommender Kunde mit dem Inhaber des Wurststandes: Die seien &#8222;mit 30 Vermummten gekommen und h\u00e4tten dem einen Hund aus dem Zwinger&#8220; geholt, &#8222;diese roten Nazis!&#8220;<\/p>\n\n\n\n<p>Ich fragte neugierig nach, was da geschehen sein. Damit war das Gespr\u00e4ch zuende. &#8222;Ich rede \u00fcber so was mit niemandem, den ich nicht kenne. Das ist heutzutage viel zu gef\u00e4hrlich!&#8220;<\/p>\n\n\n\n<p>Nach einer Allensbach-Umfrage meinen zwei Drittel der Deutschen, da\u00df man hierzulande aufpassen m\u00fcsse, was man sagt.<\/p>\n\n\n\n<blockquote class=\"wp-block-quote is-layout-flow wp-block-quote-is-layout-flow\"><p>Es wird nicht mehr auf die Argumente gezielt, die man gebracht hat, sondern sofort auf die eigene Person, wobei Stichworte ausreichen, um ein extremistisches Weltbild zu unterstellen und hierzu Aussagen bewu\u00dft verk\u00fcrzt werden.<\/p><cite>S\u00f6hnke Paulsen, <a href=\"https:\/\/www.reitschuster.de\/post\/sozialer-tod-fuer-falsche-meinung\/\">Sozialer Tod f\u00fcr \u201cfalsche\u201d Meinung &#8211; Dieter Nuhr spricht von modernen Pogromen, 1.10.2020<\/a> <\/cite><\/blockquote>\n\n\n\n<p>Fr\u00fcher kannte ich \u00c4ngste, seine Meinung zu sagen, nur aus der DDR. Als ich dort mit Verwandten 1973 in einem Restaurant sa\u00df und mich unterhielt, d\u00e4mpfte man mich sofort akustisch: &#8222;Der am Nebentisch ist von der FDJ!&#8220;, hie\u00df es. Ich erz\u00e4hlte darauf recht stolz, was ich in der Aula meines Gymnasiums an einem 17. Juni in einer Festrede geh\u00f6rt hatte: Wir lebten damals im &#8222;freiesten Staat auf deutschem Boden&#8220;. Meine DDR-Verwandten waren beeindruckt: Sie wollten auch gern so frei sein.<\/p>\n\n\n\n<p>Die Freiheit, seine Meinung ohne Angst vor Repressalien zu \u00e4u\u00dfern, geh\u00f6rte zu den wesentlichen Errungenschaften unserer freiheitlichen demokratischen Grundordnung. Art.5 Absatz 1 GG garantiert: &#8222;Jeder hat das Recht, seine Meinung in Wort, Schrift und Bild frei zu \u00e4u\u00dfern und zu verbreiten und sich aus allgemein zug\u00e4nglichen Quellen ungehindert zu unterrichten.&#8220; Als das Grundgesetz 1949 erlassen wurde, war die Angst vor staatlicher Verfolgung Andersdenkender gro\u00df. Man hatte bis 1945 erlebt, da\u00df man wegen einer kritischen Ansicht ins Gef\u00e4ngnis kommen konnte, und f\u00fcr die unter sowjetischer Herrschaft stehenden Teile Deutschlands galt das unvermindert fort.<\/p>\n\n\n\n<h2 class=\"wp-block-heading\">Angst vor Repressalien verst\u00e4rkt die Schweigespirale<\/h2>\n\n\n\n<p>Heute haben viele wieder Angst und schweigen lieber. Sie f\u00fcrchten zum Beispiel, ihnen k\u00f6nnte nachts vor der Haust\u00fcr das Auto angez\u00fcndet werden, sie f\u00fcrchten um ihren Arbeitsplatz oder in sozialen Medien f\u00f6rmlich in der Luft zerrissen zu werden. Solche \u00c4ngste sind nicht aus der Luft gegriffen.<\/p>\n\n\n\n<p>Allein aus meiner anwaltlichen T\u00e4tigkeit sehe ich eine Reihe von F\u00e4llen beruflicher Diskriminierung. Eine junge Kinderg\u00e4rtnerin verlor ihre Arbeit. Ihr &#8222;christlicher&#8220; Arbeitgeber hatte ihr fristlos gek\u00fcndigt, weil sie auf einer Demonstration von &#8222;Frauen gegen Gewalt&#8220; hinter einem Transparent gesehen wurde: &#8222;Refugees not welcomed&#8220;. Das versto\u00dfe gegen &#8222;die N\u00e4chstenliebe&#8220;, hie\u00df es. Immerhin hat sie den K\u00fcndigungsproze\u00df gewonnen.<\/p>\n\n\n\n<p>Ein in einer VW geh\u00f6renden Betriebs-GmbH besch\u00e4ftigter Koch wurde eines Tages vom Werkschutz nicht mehr auf das Gel\u00e4nde der VW AG gelassen und konnte seinen Arbeitsplatz nicht erreichen. Auch ohne da\u00df ihm jemand gek\u00fcndigt h\u00e4tte, stand er drau\u00dfen vor dem Tor, weil er von Linksextremisten im Internet als ganz b\u00f6ser Junge dargestellt worden war.<\/p>\n\n\n\n<p>Die Liste solcher Vorkommnisse lie\u00dfe sich beliebig verl\u00e4ngern. Sie sprechen sich herum. Die Demoskopin <a href=\"https:\/\/noelle-neumann.de\/wissenschaftliches-werk\/schweigespirale\/\">Elisabeth Noelle-Neumann hatte vor Jahren das Ph\u00e4nomen der Schweigespirale<\/a> beschrieben: Wer sich gesellschaftlich in der Minderheit glaubt, schweigt lieber, um nirgends anzuecken. Wenn viele schweigen, erfahren sie nicht voneinander und halten sich erst recht f\u00fcr Au\u00dfenseiter im Meinungsspektrum. Seit reale Nachteile drohen, seine Meinung zu \u00e4u\u00dfern, versch\u00e4rft sich die Wirkung der Schweigespirale weiter.<\/p>\n\n\n\n<p>Am 1.9.2020 publizierten Gunnar Kaiser und Milosz Matuschek einen &#8222;Appell f\u00fcr freie Debattenr\u00e4ume&#8220; und beklagen:<\/p>\n\n\n\n<blockquote class=\"wp-block-quote is-layout-flow wp-block-quote-is-layout-flow\"><p>Zensierte Karikaturisten, Pauschal verbotene Demonstrationen, Schriftsteller, deren B\u00fccher aus dem Sortiment genommen werden oder von Bestsellerlisten getilgt werden. Verfolgte und eingesperrte Whistleblower &amp; Enth\u00fcller, Opernauff\u00fchrungen, die abgesagt werden. Seminare oder Vorlesungen, die nicht stattfinden k\u00f6nnen, weil sie gest\u00f6rt werden. Verlage, die gedr\u00e4ngt werden, bestimmte B\u00fccher nicht herauszubringen. [&#8230;]<\/p><p>Absagen, l\u00f6schen, zensieren: seit einigen Jahren macht sich ein Ungeist breit, der das freie Denken und Sprechen in den W\u00fcrgegriff nimmt und die Grundlage des freien Austauschs von Ideen und Argumenten untergr\u00e4bt. Der Meinungskorridor wird verengt, Informationsinseln versinken, Personen des \u00f6ffentlichen und kulturellen Lebens werden stummgeschaltet und stigmatisiert.<\/p><cite>Gunnar Kaiser und Milosz Matuschek, <a href=\"https:\/\/idw-europe.org\/#form\">Appell f\u00fcr freie Debattenr\u00e4ume<\/a><\/cite><\/blockquote>\n\n\n\n<h3 class=\"wp-block-heading\">Der blinde Fleck im Auge der Verfassung<\/h3>\n\n\n\n<p>Unser Grundgesetz sieht den Staat mi\u00dftrauisch als potentielle Bedrohung unserer Freiheit an. Seine Grundrechte sind Abwehrrechte gegen staatliche \u00dcbergriffe. Alles \u00fcbrige, so stellt liberales Denken es sich vor, regelt &#8222;die Gesellschaft&#8220; frei. Leider regelt &#8222;die Gesellschaft&#8220; heute immer weniger frei. Die Gesellschaft bildet einen blinden Fleck in der Wahrnehmung unserer Verfassung, weil sie grunds\u00e4tzlich staatsfrei sein soll.<\/p>\n\n\n\n<p>Oft sind es gerade &#8222;gesellschaftliche Kr\u00e4fte&#8220;, die Meinungen unterdr\u00fccken und Menschen zum Schweigen bringen. Dazu m\u00fcssen sie niemanden in ein Gef\u00e4ngnis stecken und k\u00f6nnten das auch nicht. Sie verm\u00f6gen aber unter den schl\u00e4frigen Blicken eines liberalen Nachtw\u00e4chterstaates, Existenzen vernichten.<\/p>\n\n\n\n<p>Eine<\/p>\n\n\n\n<blockquote class=\"wp-block-quote is-layout-flow wp-block-quote-is-layout-flow\"><p>&#8222;linkspopulistische Zivilgesellschaft mit ihren diversen NGOs&#8220; ist &#8222;zur Waffe der linken Leitkultur geworden&#8220; und macht &#8222;alles platt, was sich ihr entgegenstellt.&#8220;<\/p><cite>S\u00f6hnke Paulsen, <a href=\"https:\/\/www.reitschuster.de\/post\/sozialer-tod-fuer-falsche-meinung\/\">Sozialer Tod f\u00fcr \u201cfalsche\u201d Meinung &#8211; Dieter Nuhr spricht von modernen Pogromen, 1.10.2020,<\/a><\/cite><\/blockquote>\n\n\n\n<p>Faktisch verwandelte sich dieser fr\u00fcher liberale Staat aber inzwischen in einen peitscheschwingenden Dompteur des Meinungsklimas, wo hoch ideologisierte Einflu\u00dfgruppen ihn sich zur Beute gemacht haben und seine Staatsorgane mi\u00dfbrauchen. Wer gegen die neue Ideologie und ihre Interessentengruppen ist, wird dann zum Staatsfeind erkl\u00e4rt und gesellschaftlich ge\u00e4chtet. Es w\u00e4re eine vornehme Aufgabe f\u00fcr einen Meinungsfreiheits-Staat, diese Meinungsfreiheit zu sch\u00fctzen, wo ein solcher gesellschaftlicher Totalitarismus sie gef\u00e4hrdet. Artikel 3 Abs.3 GG lautet:<\/p>\n\n\n\n<blockquote class=\"wp-block-quote is-layout-flow wp-block-quote-is-layout-flow\"><p>Niemand darf wegen seines Geschlechtes, seiner Abstammung, seiner Rasse, seiner Sprache, seiner Heimat und Herkunft, seines Glaubens, seiner religi\u00f6sen oder politischen Anschauungen benachteiligt oder bevorzugt werden.<\/p><cite>Art. 3 Absatz 3 GG<\/cite><\/blockquote>\n\n\n\n<p>Weil dies im Zusammenhang mit Abs.1 steht, wonach alle Menschen vor dem Gesetz gleich sind, lesen Verfassungsrechtler den Absatz 3 nur als Abwehrrecht gegen den Staat. Das gen\u00fcgt heute nicht mehr.<\/p>\n\n\n\n<p>Der Gesetzgeber hat in Absatz 2 eine Handlungsaufforderung f\u00fcr den Staat erg\u00e4nzt: &#8222;M\u00e4nner und Frauen sind gleichberechtigt. Der Staat f\u00f6rdert die tats\u00e4chliche Durchsetzung der Gleichberechtigung von Frauen und M\u00e4nnern und wirkt auf die Beseitigung bestehender Nachteile hin.&#8220; Auch die tats\u00e4chliche Durchsetzung der Meinungsfreiheit w\u00e4re aber eine f\u00fcr die Demokratie relevante staatliche Aufgabe. Das staatliche Benachteiligungsverbot gen\u00fcgt nicht mehr.<\/p>\n\n\n\n<p>Es mu\u00df durch angemessene Gesetze ein Gleichgewicht hergestellt werden zwischen den Interessen der gro\u00dfen Meinungsplattformen und ihren Nutzern. In London gibt es eine &#8222;<a href=\"https:\/\/de.wikipedia.org\/wiki\/Speakers%E2%80%99_Corner\">Speaker&#8217;s Corner<\/a>&#8222;, wo sich traditionell im Hyde-Park jedermann hinstellen und frei reden darf. Ein solches Recht liefe leer, wenn der Eigent\u00fcmer ihm das Betreten des Parks verbieten k\u00f6nnte.<\/p>\n\n\n\n<p>Ebenso nutzt unsere Meinungsfreiheit der Masse nichts, wenn sie ihre Meinung nicht auf dem Markt der Meinungen anbieten kann. &#8222;Sperren&#8220; f\u00fcr die Nutzer der international t\u00e4tigen Meinungsplattformen, weil jemand mit seiner Meinung &#8222;gegen die Nutzungsbedingungen&#8220; verst\u00f6\u00dft, geh\u00f6ren gesetzlich verboten. Die im Silicon Valley ausgeknobelten &#8222;Nutzungsbedingungen&#8220; von Quasi-Monopolisten wie Twitter oder Facebook d\u00fcrfen uns im Geltungsbereich unseres Grundgesetzes und unserer Meinungsfreiheit nicht binden.<\/p>\n\n\n\n<h3 class=\"wp-block-heading\">Gesetze gegen politische Ausgrenzung<\/h3>\n\n\n\n<p>Wir besitzen bereits ein wunderbares Antidiskriminierungsgesetz.<\/p>\n\n\n\n<blockquote class=\"wp-block-quote is-layout-flow wp-block-quote-is-layout-flow\"><p>Ziel des Gesetzes ist, Benachteiligungen aus Gr\u00fcnden der Rasse oder wegen der ethnischen Herkunft, des Geschlechts, der Religion oder Weltanschauung, einer Behinderung, des Alters oder der sexuellen Identit\u00e4t zu verhindern oder zu beseitigen.<\/p><cite><a href=\"https:\/\/www.gesetze-im-internet.de\/agg\/BJNR189710006.html\">\u00a7 1 AGG<\/a><\/cite><\/blockquote>\n\n\n\n<p>Benachteiligungen sind unzul\u00e4ssig, beispielsweise in Bezug auf &#8222;den Zugang zu und die Versorgung mit G\u00fctern und Dienstleistungen, die der \u00d6ffentlichkeit zur Verf\u00fcgung stehen&#8220; (\u00a7 1 Abs.I Ziff.8 AGG). Politisch darf aber fr\u00f6hlich weiter diskriminiert werden. Das AGG mu\u00df pr\u00e4zisiert werden, da\u00df zur\u00a0 verbotenen weltanschaulichen Diskriminierung auch die politische geh\u00f6rt. Und die &#8222;Versorgung mit Dienstleistungen&#8220; mu\u00df ausdr\u00fccklich auf die Versorgung mit aller Art von Telekommunikationsdienstleistungen erstreckt werden, also zum Beispiel die von Meinungsplattformen im Internet f\u00fcr ihre Nutzer erbrachten Dienstleistungen.<\/p>\n\n\n\n<p>Die sozialpolitische Diskussion tendiert seit Jahren dahin, neben Grundrechten auf Abwehr staatlicher \u00dcbergriffe auch Grundrechte auf Teilhabe am Minimum dessen zuzuerkennen, was jeder ben\u00f6tigt, um sich im sozialen Raum erfolgreich bewegen zu k\u00f6nnen. So spricht das BVerfG von einem aus der Berufsfreiheit folgenden Teilhaberecht bei der Wahl einer staatlichen Ausbildungsst\u00e4tte (<a href=\"https:\/\/www.bundesverfassungsgericht.de\/SharedDocs\/Entscheidungen\/DE\/2015\/08\/rk20150819_1bvr238811.html\">BVerfG Beschlu\u00df vom 19. August 2015 \u2013 1 BvR 2388\/11 \u2013<\/a>).<\/p>\n\n\n\n<p>Nun ist die Freiheit, seine Meinung nicht nur sagen zu d\u00fcrfen, wenn niemand zuh\u00f6rt, sondern sie tats\u00e4chlich auch jemanden h\u00f6ren zu lassen, nicht nur eine huldvolle Gnade unseres Staates an seine Untertanen. Die Meinungsfreiheit ist viel mehr: eine Funktionsvoraussetzung der Demokratie. Diese beruht auf der Idee einer fortw\u00e4hrenden Diskussionsprozesses zwischen m\u00fcndigen B\u00fcrgern. Das BVerfG spricht von der<\/p>\n\n\n\n<blockquote class=\"wp-block-quote is-layout-flow wp-block-quote-is-layout-flow\"><p>politischen Meinungsfreiheit, ohne Frage einem der vornehmsten Rechtsg\u00fcter jeder freiheitlichen Demokratie. [\u2026]<\/p><p>Denn es ist eine der Grundanschauungen der freiheitlichen Demokratie, da\u00df nur die st\u00e4ndige geistige Auseinandersetzung zwischen den einander begegnenden sozialen Kr\u00e4ften und Interessen, den politischen Ideen und damit auch den sie vertretenden politischen Parteien der richtige Weg zur Bildung des Staatswillens ist &#8211; nicht in dem Sinne, da\u00df er immer objektiv richtige Ergebnisse liefere, denn dieser Weg ist a process of trial and error (I. B. Talmon), aber doch so, da\u00df er durch die st\u00e4ndige gegenseitige Kontrolle und Kritik die beste Gew\u00e4hr f\u00fcr eine (relativ) richtige politische Linie als Resultante und Ausgleich zwischen den im Staat wirksamen politischen Kr\u00e4ften gibt.<\/p><cite><a href=\"https:\/\/openjur.de\/u\/335396.html\">BVerfG, Urteil vom 17. August 1956 \u2013 1 BvB 2\/51 \u2013, BVerfGE 5, 85-393, Randnummer 208<\/a><\/cite><\/blockquote>\n\n\n\n<p>Seit dieser Entscheidung hat sich die geistige Auseinandersetzung in Deutschland vielfach und weitgehend digitalisiert und ins Internet verlagert. Unz\u00e4hlige Meinungsforen, Blogs und soziale Medien spielen heute die Rolle wie die Agora im alten Athen: Hier werden Meinungen ausgetauscht und Auseinandersetzungen gef\u00fchrt. Jemandem hier die Teilhabe zu verweigern w\u00e4re gleichbedeutend mit einem Platzverweis eines Atheners von der Agora und dem zynischen Hinweis, er k\u00f6nne ja in seine H\u00fctte gehen und seinen Ziegen das erz\u00e4hlen.<\/p>\n\n\n\n<p>Eine Demokratie mu\u00df unbedingt ihre eigenen Funktionsbedingungen garantieren. Damit ist eine privatrechtliche Lage unvereinbar, die einem Chef erlaubt, einem Arbeitnehmer zu k\u00fcndigen, etwa weil er diesen auf einer gewissen Demonstration gesehen hat oder weil dieser im Internet eine polarisierende Kritik ge\u00fcbt hatte. Gegenw\u00e4rtig stellt der demokratische Staat sich aber taub, wenn starke gesellschaftliche Kr\u00e4fte Konformit\u00e4tsdruck aus\u00fcben und jemanden aus einer Position mobben, weil er eine bestimmte Meinung vertritt. Es ist die ultraliberale \u201eNeutralit\u00e4t\u201c eines Staates, der in Fragen sozialer Teilhabe sonst schon lange nicht mehr neutral ist. Er sch\u00fctzt Mieter und viele andere gesellschaftlich Schwache vor den Starken.<\/p>\n\n\n\n<p>Nur die Freiheit sch\u00fctzt er nicht ausreichend, ohne Angst vor gesellschaftlichen Repressalien eine Meinung zu vertreten. Statt dessen erh\u00f6hen die Vertreter bestimmter Ideologien als Parlamentarier noch den Konformit\u00e4tsdruck. Sie halten manche abweichenden Meinungen nicht f\u00fcr Meinungen, sondern f\u00fcr ein Verbrechen, und schaffen fortw\u00e4hrend Gesetze zum Schutz ihrer eigenen und zur Unterdr\u00fcckung anderer Ideologien und Ansichten. In der Grauzone des politischen Strafrechts wei\u00df mancher vorher nie, ob eine Meinung noch straffrei ge\u00e4u\u00dfert werden darf oder schon verboten ist. So schweigt er lieber und geht in die innere Emigration.<\/p>\n\n\n\n<h3 class=\"wp-block-heading\">Wir sollen werden wie Schafe<\/h3>\n\n\n\n<p>Es gab schon immer mehr oder weniger starken sozialen Konformit\u00e4tsdruck. Jede menschliche Gemeinschaft lebt davon, da\u00df ihre Mitglieder die Spielregeln einhalten, die f\u00fcr ein erfolgreiches Zusammenleben n\u00f6tig sind. In archaischen Gruppen sog man diese quasi mit der Muttermilch ein und lernte fr\u00fch, welchen G\u00f6ttern man zu opfern hatte und was als tabu galt.<\/p>\n\n\n\n<p>Je gr\u00f6\u00dfer und komplexer eine Gesellschaft wird, desto gr\u00f6\u00dfere Anstrengungen mu\u00df sie unternehmen, innere Konflikte zu vermeiden und nicht auseinanderzubrechen. Wo ethnisch homogene Gemeinschaften zu heterogenen Gro\u00dfreichen wurden, bedurfte es immer eines gewissen Ma\u00dfes an ideologischer Vereinheitlichung, um diese zusammenzuhalten. <\/p>\n\n\n\n<p>Je gr\u00f6\u00dfer ein Reich, desto mehr tendiert es zu einer universalistischen Ideologie. Kein Staat ist von Dauer, dessen B\u00fcrger sich gegenseitig als Ungl\u00e4ubige oder Unmenschen hassen. Eine Ideologie, an die alle glauben, mag sinnhaft oder unsinnig sein; jedenfalls verhindert sie den B\u00fcrgerkrieg.<\/p>\n\n\n\n<figure class=\"wp-block-image alignwide size-large\"><img loading=\"lazy\" decoding=\"async\" width=\"1024\" height=\"768\" src=\"http:\/\/klauskunze.com\/blog\/wp-content\/uploads\/2020\/10\/2020-09-30-06-1024x768.jpg\" alt=\"\" class=\"wp-image-2485\" srcset=\"https:\/\/klauskunze.com\/blog\/wp-content\/uploads\/2020\/10\/2020-09-30-06-1024x768.jpg 1024w, https:\/\/klauskunze.com\/blog\/wp-content\/uploads\/2020\/10\/2020-09-30-06-300x225.jpg 300w, https:\/\/klauskunze.com\/blog\/wp-content\/uploads\/2020\/10\/2020-09-30-06-768x576.jpg 768w, https:\/\/klauskunze.com\/blog\/wp-content\/uploads\/2020\/10\/2020-09-30-06-1536x1152.jpg 1536w, https:\/\/klauskunze.com\/blog\/wp-content\/uploads\/2020\/10\/2020-09-30-06-2048x1536.jpg 2048w, https:\/\/klauskunze.com\/blog\/wp-content\/uploads\/2020\/10\/2020-09-30-06-900x675.jpg 900w, https:\/\/klauskunze.com\/blog\/wp-content\/uploads\/2020\/10\/2020-09-30-06-1280x960.jpg 1280w\" sizes=\"auto, (max-width: 1024px) 100vw, 1024px\" \/><figcaption>Der einm\u00fctige bel\u00e4mmerte Gesichtsausdruck l\u00e4\u00dft auf ein hohes Ma\u00df an Herden-Konformit\u00e4t schlie\u00dfen.<\/figcaption><\/figure>\n\n\n\n<p>Heute leben wir in einer Epoche nie dagewesener sozialer Komplexit\u00e4t bei weitgehend offenen Grenzen. Salopp gesagt fliegt uns unser Laden bereits beinahe t\u00e4glich um die Ohren, eben noch steuerbar, aber manchmal nur durch Hundertschaften von Polizei. Die Gesellschaft zerf\u00e4llt in Fragmente und Echokammern, die sich nichts mehr zu sagen haben.  Der innere Frieden ist oft nur m\u00fchsam aufrechtzuerhalten. Es ist kein Zufall, da\u00df der staatlich-mediale, aber auch der ideologische Druck bestimmter gesellschaftlicher Einflu\u00dfgruppen so massiv ist wie seit 1945 nicht mehr.<\/p>\n\n\n\n<p>Die Gesellschaft hat den liberalen Nachtw\u00e4chterstaat von innen erobert. Der Marsch linksextremer Kr\u00e4fte durch die Institutionen ist abgeschlossen. Der einstmals staatlich-neutrale Mediensektor befindet sich fest in ihren H\u00e4nden. Von den Kanzeln der Kirchen dr\u00f6hnt das gleiche Lied wie \u00fcberall. Niemand kann ihm entrinnen. Bekenntnisse sind gefordert.<\/p>\n\n\n\n<p>Wir unterliegen tagein, tagaus einer pausenlosen ideologischen Berieselung. Der Konformit\u00e4tsdruck wird zum \u00dcberdruck. Uns wird vorgebetet, was wir nachbeten sollen. Wer als schwarzes Sch\u00e4flein aus der Herde ausbricht, wird gemobbt, stigmatisiert, gek\u00fcndigt, bespitzelt, sein Haus beschmiert, und er mu\u00df sich zu allem \u00dcberdru\u00df in den sozialen Medien und dem Staatsfunk auch noch beschimpfen lassen. Unabl\u00e4ssig umkreisen unsere Tugendw\u00e4chter uns wie H\u00fctehunde eine Herde bl\u00f6kender Schafe, die sich ver\u00e4ngstigt wegduckt.<\/p>\n\n\n\n<p>Man schreibt uns vor, wen wir lieben m\u00fcssen und wen wir nicht hassen sollen. Man treibt uns in eine bestimmte Richtung, unf\u00e4hig und oft unwillig, uns auf uns selbst und auf unsere ureigenen Interessen zu besinnen. Wie die Kapelle auf der untergehenden Titanic spielt man uns zugleich immer in irgendeinem Fernsehprogramm etwas \u201eUnterhaltendes\u201c vor: Panem et circenses.<\/p>\n","protected":false},"excerpt":{"rendered":"<p>So weit sind wir schon gekommen: W\u00e4hrend ich an einer Landstra\u00dfe in Mittelhessen eine Currywurst a\u00df, duzte sich ein hinzukommender Kunde mit dem Inhaber des Wurststandes: Die seien &#8222;mit 30 Vermummten gekommen und h\u00e4tten dem einen Hund aus dem Zwinger&#8220; geholt, &#8222;diese roten Nazis!&#8220; Ich fragte neugierig nach, was da geschehen sein. Damit war das [&hellip;]<\/p>\n","protected":false},"author":1,"featured_media":2484,"comment_status":"open","ping_status":"open","sticky":false,"template":"","format":"standard","meta":{"h5ap_radio_sources":[],"twitterCardType":"","cardImageID":0,"cardImage":"","cardTitle":"","cardDesc":"","cardImageAlt":"","cardPlayer":"","cardPlayerWidth":0,"cardPlayerHeight":0,"cardPlayerStream":"","cardPlayerCodec":"","footnotes":""},"categories":[1,13,17],"tags":[],"class_list":["post-2483","post","type-post","status-publish","format-standard","has-post-thumbnail","hentry","category-allgemein","category-geschichte","category-politik"],"yoast_head":"<!-- This site is optimized with the Yoast SEO plugin v27.5 - https:\/\/yoast.com\/product\/yoast-seo-wordpress\/ -->\n<title>Konformit\u00e4tsdruck und -\u00fcberdruck - Klaus Kunze<\/title>\n<meta name=\"robots\" content=\"index, follow, max-snippet:-1, max-image-preview:large, max-video-preview:-1\" \/>\n<link rel=\"canonical\" href=\"https:\/\/klauskunze.com\/blog\/2020\/10\/01\/konformitaetsdruck-und-ueberdruck\/\" \/>\n<meta property=\"og:locale\" content=\"de_DE\" \/>\n<meta property=\"og:type\" content=\"article\" \/>\n<meta property=\"og:title\" content=\"Konformit\u00e4tsdruck und -\u00fcberdruck - Klaus Kunze\" \/>\n<meta property=\"og:description\" content=\"So weit sind wir schon gekommen: W\u00e4hrend ich an einer Landstra\u00dfe in Mittelhessen eine Currywurst a\u00df, duzte sich ein hinzukommender Kunde mit dem Inhaber des Wurststandes: Die seien &#8222;mit 30 Vermummten gekommen und h\u00e4tten dem einen Hund aus dem Zwinger&#8220; geholt, &#8222;diese roten Nazis!&#8220; Ich fragte neugierig nach, was da geschehen sein. Damit war das [&hellip;]\" \/>\n<meta property=\"og:url\" content=\"https:\/\/klauskunze.com\/blog\/2020\/10\/01\/konformitaetsdruck-und-ueberdruck\/\" \/>\n<meta property=\"og:site_name\" content=\"Klaus Kunze\" \/>\n<meta property=\"article:published_time\" content=\"2020-10-01T16:30:24+00:00\" \/>\n<meta property=\"article:modified_time\" content=\"2020-10-02T09:12:14+00:00\" \/>\n<meta property=\"og:image\" content=\"https:\/\/klauskunze.com\/blog\/wp-content\/uploads\/2020\/10\/2020-09-30-05a-scaled.jpg\" \/>\n\t<meta property=\"og:image:width\" content=\"2560\" \/>\n\t<meta property=\"og:image:height\" content=\"1208\" \/>\n\t<meta property=\"og:image:type\" content=\"image\/jpeg\" \/>\n<meta name=\"author\" content=\"Klaus Kunze\" \/>\n<meta name=\"twitter:label1\" content=\"Verfasst von\" \/>\n\t<meta name=\"twitter:data1\" content=\"Klaus Kunze\" \/>\n\t<meta name=\"twitter:label2\" content=\"Gesch\u00e4tzte Lesezeit\" \/>\n\t<meta name=\"twitter:data2\" content=\"11\u00a0Minuten\" \/>\n<script type=\"application\/ld+json\" class=\"yoast-schema-graph\">{\"@context\":\"https:\\\/\\\/schema.org\",\"@graph\":[{\"@type\":\"Article\",\"@id\":\"https:\\\/\\\/klauskunze.com\\\/blog\\\/2020\\\/10\\\/01\\\/konformitaetsdruck-und-ueberdruck\\\/#article\",\"isPartOf\":{\"@id\":\"https:\\\/\\\/klauskunze.com\\\/blog\\\/2020\\\/10\\\/01\\\/konformitaetsdruck-und-ueberdruck\\\/\"},\"author\":{\"name\":\"Klaus Kunze\",\"@id\":\"https:\\\/\\\/klauskunze.com\\\/blog\\\/#\\\/schema\\\/person\\\/9c091cf30ab68b897db6a517e3c3b11b\"},\"headline\":\"Konformit\u00e4tsdruck und -\u00fcberdruck\",\"datePublished\":\"2020-10-01T16:30:24+00:00\",\"dateModified\":\"2020-10-02T09:12:14+00:00\",\"mainEntityOfPage\":{\"@id\":\"https:\\\/\\\/klauskunze.com\\\/blog\\\/2020\\\/10\\\/01\\\/konformitaetsdruck-und-ueberdruck\\\/\"},\"wordCount\":2298,\"commentCount\":3,\"publisher\":{\"@id\":\"https:\\\/\\\/klauskunze.com\\\/blog\\\/#\\\/schema\\\/person\\\/9c091cf30ab68b897db6a517e3c3b11b\"},\"image\":{\"@id\":\"https:\\\/\\\/klauskunze.com\\\/blog\\\/2020\\\/10\\\/01\\\/konformitaetsdruck-und-ueberdruck\\\/#primaryimage\"},\"thumbnailUrl\":\"https:\\\/\\\/klauskunze.com\\\/blog\\\/wp-content\\\/uploads\\\/2020\\\/10\\\/2020-09-30-05a-scaled.jpg\",\"articleSection\":{\"1\":\"Geschichte\",\"2\":\"Politik\"},\"inLanguage\":\"de\",\"potentialAction\":[{\"@type\":\"CommentAction\",\"name\":\"Comment\",\"target\":[\"https:\\\/\\\/klauskunze.com\\\/blog\\\/2020\\\/10\\\/01\\\/konformitaetsdruck-und-ueberdruck\\\/#respond\"]}]},{\"@type\":\"WebPage\",\"@id\":\"https:\\\/\\\/klauskunze.com\\\/blog\\\/2020\\\/10\\\/01\\\/konformitaetsdruck-und-ueberdruck\\\/\",\"url\":\"https:\\\/\\\/klauskunze.com\\\/blog\\\/2020\\\/10\\\/01\\\/konformitaetsdruck-und-ueberdruck\\\/\",\"name\":\"Konformit\u00e4tsdruck und -\u00fcberdruck - Klaus Kunze\",\"isPartOf\":{\"@id\":\"https:\\\/\\\/klauskunze.com\\\/blog\\\/#website\"},\"primaryImageOfPage\":{\"@id\":\"https:\\\/\\\/klauskunze.com\\\/blog\\\/2020\\\/10\\\/01\\\/konformitaetsdruck-und-ueberdruck\\\/#primaryimage\"},\"image\":{\"@id\":\"https:\\\/\\\/klauskunze.com\\\/blog\\\/2020\\\/10\\\/01\\\/konformitaetsdruck-und-ueberdruck\\\/#primaryimage\"},\"thumbnailUrl\":\"https:\\\/\\\/klauskunze.com\\\/blog\\\/wp-content\\\/uploads\\\/2020\\\/10\\\/2020-09-30-05a-scaled.jpg\",\"datePublished\":\"2020-10-01T16:30:24+00:00\",\"dateModified\":\"2020-10-02T09:12:14+00:00\",\"breadcrumb\":{\"@id\":\"https:\\\/\\\/klauskunze.com\\\/blog\\\/2020\\\/10\\\/01\\\/konformitaetsdruck-und-ueberdruck\\\/#breadcrumb\"},\"inLanguage\":\"de\",\"potentialAction\":[{\"@type\":\"ReadAction\",\"target\":[\"https:\\\/\\\/klauskunze.com\\\/blog\\\/2020\\\/10\\\/01\\\/konformitaetsdruck-und-ueberdruck\\\/\"]}]},{\"@type\":\"ImageObject\",\"inLanguage\":\"de\",\"@id\":\"https:\\\/\\\/klauskunze.com\\\/blog\\\/2020\\\/10\\\/01\\\/konformitaetsdruck-und-ueberdruck\\\/#primaryimage\",\"url\":\"https:\\\/\\\/klauskunze.com\\\/blog\\\/wp-content\\\/uploads\\\/2020\\\/10\\\/2020-09-30-05a-scaled.jpg\",\"contentUrl\":\"https:\\\/\\\/klauskunze.com\\\/blog\\\/wp-content\\\/uploads\\\/2020\\\/10\\\/2020-09-30-05a-scaled.jpg\",\"width\":2560,\"height\":1208},{\"@type\":\"BreadcrumbList\",\"@id\":\"https:\\\/\\\/klauskunze.com\\\/blog\\\/2020\\\/10\\\/01\\\/konformitaetsdruck-und-ueberdruck\\\/#breadcrumb\",\"itemListElement\":[{\"@type\":\"ListItem\",\"position\":1,\"name\":\"Startseite\",\"item\":\"https:\\\/\\\/klauskunze.com\\\/blog\\\/\"},{\"@type\":\"ListItem\",\"position\":2,\"name\":\"Konformit\u00e4tsdruck und -\u00fcberdruck\"}]},{\"@type\":\"WebSite\",\"@id\":\"https:\\\/\\\/klauskunze.com\\\/blog\\\/#website\",\"url\":\"https:\\\/\\\/klauskunze.com\\\/blog\\\/\",\"name\":\"Klaus Kunze\",\"description\":\"Blog\",\"publisher\":{\"@id\":\"https:\\\/\\\/klauskunze.com\\\/blog\\\/#\\\/schema\\\/person\\\/9c091cf30ab68b897db6a517e3c3b11b\"},\"potentialAction\":[{\"@type\":\"SearchAction\",\"target\":{\"@type\":\"EntryPoint\",\"urlTemplate\":\"https:\\\/\\\/klauskunze.com\\\/blog\\\/?s={search_term_string}\"},\"query-input\":{\"@type\":\"PropertyValueSpecification\",\"valueRequired\":true,\"valueName\":\"search_term_string\"}}],\"inLanguage\":\"de\"},{\"@type\":[\"Person\",\"Organization\"],\"@id\":\"https:\\\/\\\/klauskunze.com\\\/blog\\\/#\\\/schema\\\/person\\\/9c091cf30ab68b897db6a517e3c3b11b\",\"name\":\"Klaus Kunze\",\"image\":{\"@type\":\"ImageObject\",\"inLanguage\":\"de\",\"@id\":\"https:\\\/\\\/secure.gravatar.com\\\/avatar\\\/5cd83cadbada9c331a79952fcca177ed3d3be4c7ad3239b9d934bf84adff15dd?s=96&d=blank&r=g\",\"url\":\"https:\\\/\\\/secure.gravatar.com\\\/avatar\\\/5cd83cadbada9c331a79952fcca177ed3d3be4c7ad3239b9d934bf84adff15dd?s=96&d=blank&r=g\",\"contentUrl\":\"https:\\\/\\\/secure.gravatar.com\\\/avatar\\\/5cd83cadbada9c331a79952fcca177ed3d3be4c7ad3239b9d934bf84adff15dd?s=96&d=blank&r=g\",\"caption\":\"Klaus Kunze\"},\"logo\":{\"@id\":\"https:\\\/\\\/secure.gravatar.com\\\/avatar\\\/5cd83cadbada9c331a79952fcca177ed3d3be4c7ad3239b9d934bf84adff15dd?s=96&d=blank&r=g\"},\"sameAs\":[\"http:\\\/\\\/KlausKunze.com\",\"https:\\\/\\\/x.com\\\/https:\\\/\\\/twitter.com\\\/KlausKunze3\"]}]}<\/script>\n<!-- \/ Yoast SEO plugin. -->","yoast_head_json":{"title":"Konformit\u00e4tsdruck und -\u00fcberdruck - Klaus Kunze","robots":{"index":"index","follow":"follow","max-snippet":"max-snippet:-1","max-image-preview":"max-image-preview:large","max-video-preview":"max-video-preview:-1"},"canonical":"https:\/\/klauskunze.com\/blog\/2020\/10\/01\/konformitaetsdruck-und-ueberdruck\/","og_locale":"de_DE","og_type":"article","og_title":"Konformit\u00e4tsdruck und -\u00fcberdruck - Klaus Kunze","og_description":"So weit sind wir schon gekommen: W\u00e4hrend ich an einer Landstra\u00dfe in Mittelhessen eine Currywurst a\u00df, duzte sich ein hinzukommender Kunde mit dem Inhaber des Wurststandes: Die seien &#8222;mit 30 Vermummten gekommen und h\u00e4tten dem einen Hund aus dem Zwinger&#8220; geholt, &#8222;diese roten Nazis!&#8220; Ich fragte neugierig nach, was da geschehen sein. Damit war das [&hellip;]","og_url":"https:\/\/klauskunze.com\/blog\/2020\/10\/01\/konformitaetsdruck-und-ueberdruck\/","og_site_name":"Klaus Kunze","article_published_time":"2020-10-01T16:30:24+00:00","article_modified_time":"2020-10-02T09:12:14+00:00","og_image":[{"width":2560,"height":1208,"url":"https:\/\/klauskunze.com\/blog\/wp-content\/uploads\/2020\/10\/2020-09-30-05a-scaled.jpg","type":"image\/jpeg"}],"author":"Klaus Kunze","twitter_misc":{"Verfasst von":"Klaus Kunze","Gesch\u00e4tzte Lesezeit":"11\u00a0Minuten"},"schema":{"@context":"https:\/\/schema.org","@graph":[{"@type":"Article","@id":"https:\/\/klauskunze.com\/blog\/2020\/10\/01\/konformitaetsdruck-und-ueberdruck\/#article","isPartOf":{"@id":"https:\/\/klauskunze.com\/blog\/2020\/10\/01\/konformitaetsdruck-und-ueberdruck\/"},"author":{"name":"Klaus Kunze","@id":"https:\/\/klauskunze.com\/blog\/#\/schema\/person\/9c091cf30ab68b897db6a517e3c3b11b"},"headline":"Konformit\u00e4tsdruck und -\u00fcberdruck","datePublished":"2020-10-01T16:30:24+00:00","dateModified":"2020-10-02T09:12:14+00:00","mainEntityOfPage":{"@id":"https:\/\/klauskunze.com\/blog\/2020\/10\/01\/konformitaetsdruck-und-ueberdruck\/"},"wordCount":2298,"commentCount":3,"publisher":{"@id":"https:\/\/klauskunze.com\/blog\/#\/schema\/person\/9c091cf30ab68b897db6a517e3c3b11b"},"image":{"@id":"https:\/\/klauskunze.com\/blog\/2020\/10\/01\/konformitaetsdruck-und-ueberdruck\/#primaryimage"},"thumbnailUrl":"https:\/\/klauskunze.com\/blog\/wp-content\/uploads\/2020\/10\/2020-09-30-05a-scaled.jpg","articleSection":{"1":"Geschichte","2":"Politik"},"inLanguage":"de","potentialAction":[{"@type":"CommentAction","name":"Comment","target":["https:\/\/klauskunze.com\/blog\/2020\/10\/01\/konformitaetsdruck-und-ueberdruck\/#respond"]}]},{"@type":"WebPage","@id":"https:\/\/klauskunze.com\/blog\/2020\/10\/01\/konformitaetsdruck-und-ueberdruck\/","url":"https:\/\/klauskunze.com\/blog\/2020\/10\/01\/konformitaetsdruck-und-ueberdruck\/","name":"Konformit\u00e4tsdruck und -\u00fcberdruck - Klaus Kunze","isPartOf":{"@id":"https:\/\/klauskunze.com\/blog\/#website"},"primaryImageOfPage":{"@id":"https:\/\/klauskunze.com\/blog\/2020\/10\/01\/konformitaetsdruck-und-ueberdruck\/#primaryimage"},"image":{"@id":"https:\/\/klauskunze.com\/blog\/2020\/10\/01\/konformitaetsdruck-und-ueberdruck\/#primaryimage"},"thumbnailUrl":"https:\/\/klauskunze.com\/blog\/wp-content\/uploads\/2020\/10\/2020-09-30-05a-scaled.jpg","datePublished":"2020-10-01T16:30:24+00:00","dateModified":"2020-10-02T09:12:14+00:00","breadcrumb":{"@id":"https:\/\/klauskunze.com\/blog\/2020\/10\/01\/konformitaetsdruck-und-ueberdruck\/#breadcrumb"},"inLanguage":"de","potentialAction":[{"@type":"ReadAction","target":["https:\/\/klauskunze.com\/blog\/2020\/10\/01\/konformitaetsdruck-und-ueberdruck\/"]}]},{"@type":"ImageObject","inLanguage":"de","@id":"https:\/\/klauskunze.com\/blog\/2020\/10\/01\/konformitaetsdruck-und-ueberdruck\/#primaryimage","url":"https:\/\/klauskunze.com\/blog\/wp-content\/uploads\/2020\/10\/2020-09-30-05a-scaled.jpg","contentUrl":"https:\/\/klauskunze.com\/blog\/wp-content\/uploads\/2020\/10\/2020-09-30-05a-scaled.jpg","width":2560,"height":1208},{"@type":"BreadcrumbList","@id":"https:\/\/klauskunze.com\/blog\/2020\/10\/01\/konformitaetsdruck-und-ueberdruck\/#breadcrumb","itemListElement":[{"@type":"ListItem","position":1,"name":"Startseite","item":"https:\/\/klauskunze.com\/blog\/"},{"@type":"ListItem","position":2,"name":"Konformit\u00e4tsdruck und -\u00fcberdruck"}]},{"@type":"WebSite","@id":"https:\/\/klauskunze.com\/blog\/#website","url":"https:\/\/klauskunze.com\/blog\/","name":"Klaus Kunze","description":"Blog","publisher":{"@id":"https:\/\/klauskunze.com\/blog\/#\/schema\/person\/9c091cf30ab68b897db6a517e3c3b11b"},"potentialAction":[{"@type":"SearchAction","target":{"@type":"EntryPoint","urlTemplate":"https:\/\/klauskunze.com\/blog\/?s={search_term_string}"},"query-input":{"@type":"PropertyValueSpecification","valueRequired":true,"valueName":"search_term_string"}}],"inLanguage":"de"},{"@type":["Person","Organization"],"@id":"https:\/\/klauskunze.com\/blog\/#\/schema\/person\/9c091cf30ab68b897db6a517e3c3b11b","name":"Klaus Kunze","image":{"@type":"ImageObject","inLanguage":"de","@id":"https:\/\/secure.gravatar.com\/avatar\/5cd83cadbada9c331a79952fcca177ed3d3be4c7ad3239b9d934bf84adff15dd?s=96&d=blank&r=g","url":"https:\/\/secure.gravatar.com\/avatar\/5cd83cadbada9c331a79952fcca177ed3d3be4c7ad3239b9d934bf84adff15dd?s=96&d=blank&r=g","contentUrl":"https:\/\/secure.gravatar.com\/avatar\/5cd83cadbada9c331a79952fcca177ed3d3be4c7ad3239b9d934bf84adff15dd?s=96&d=blank&r=g","caption":"Klaus Kunze"},"logo":{"@id":"https:\/\/secure.gravatar.com\/avatar\/5cd83cadbada9c331a79952fcca177ed3d3be4c7ad3239b9d934bf84adff15dd?s=96&d=blank&r=g"},"sameAs":["http:\/\/KlausKunze.com","https:\/\/x.com\/https:\/\/twitter.com\/KlausKunze3"]}]}},"post_mailing_queue_ids":[],"_links":{"self":[{"href":"https:\/\/klauskunze.com\/blog\/wp-json\/wp\/v2\/posts\/2483","targetHints":{"allow":["GET"]}}],"collection":[{"href":"https:\/\/klauskunze.com\/blog\/wp-json\/wp\/v2\/posts"}],"about":[{"href":"https:\/\/klauskunze.com\/blog\/wp-json\/wp\/v2\/types\/post"}],"author":[{"embeddable":true,"href":"https:\/\/klauskunze.com\/blog\/wp-json\/wp\/v2\/users\/1"}],"replies":[{"embeddable":true,"href":"https:\/\/klauskunze.com\/blog\/wp-json\/wp\/v2\/comments?post=2483"}],"version-history":[{"count":10,"href":"https:\/\/klauskunze.com\/blog\/wp-json\/wp\/v2\/posts\/2483\/revisions"}],"predecessor-version":[{"id":2498,"href":"https:\/\/klauskunze.com\/blog\/wp-json\/wp\/v2\/posts\/2483\/revisions\/2498"}],"wp:featuredmedia":[{"embeddable":true,"href":"https:\/\/klauskunze.com\/blog\/wp-json\/wp\/v2\/media\/2484"}],"wp:attachment":[{"href":"https:\/\/klauskunze.com\/blog\/wp-json\/wp\/v2\/media?parent=2483"}],"wp:term":[{"taxonomy":"category","embeddable":true,"href":"https:\/\/klauskunze.com\/blog\/wp-json\/wp\/v2\/categories?post=2483"},{"taxonomy":"post_tag","embeddable":true,"href":"https:\/\/klauskunze.com\/blog\/wp-json\/wp\/v2\/tags?post=2483"}],"curies":[{"name":"wp","href":"https:\/\/api.w.org\/{rel}","templated":true}]}}