{"id":2501,"date":"2020-10-13T19:40:48","date_gmt":"2020-10-13T17:40:48","guid":{"rendered":"http:\/\/klauskunze.com\/blog\/?p=2501"},"modified":"2020-10-13T19:40:50","modified_gmt":"2020-10-13T17:40:50","slug":"warum-kultur-so-politisch-ist","status":"publish","type":"post","link":"https:\/\/klauskunze.com\/blog\/2020\/10\/13\/warum-kultur-so-politisch-ist\/","title":{"rendered":"Warum Kultur so politisch ist"},"content":{"rendered":"\n<h2 class=\"wp-block-heading\">Alles ist potentiell politisch<\/h2>\n\n\n\n<p>Alles kann politisch sein. Ob Kultur politisch ist, ist keine kulturelle Frage. Es ist ausschlie\u00dflich eine politische.<\/p>\n\n\n\n<p>Das Politische vermag jedes andere Sachgebiet an sich zu ziehen und sich einzuverleiben. Ob die moderne Genetik mit dem Begriff Rasse noch etwas anfangen kann &#8211; hochpolitisch! Welcher Stamm vorzeitlicher Proto-Indianer setzte als erster seinen Fu\u00df auf amerikanischen Boden &#8211; potentiell politisch! Die Hydrologie unseres Grundwassers im Hochsommer &#8211; politisch brisant! Selbst dem Liebesleben der Pflastersteine k\u00f6nnte eine eingefleischte Genderistin sicherlich noch eine politische Botschaft entlocken.<\/p>\n\n\n\n<p>Der politische Generalangriff auf uns alle richtet sich gegen unsere Kultur. Zu ihr geh\u00f6rt alles, was uns als Deutsche pr\u00e4gt und unsere Identit\u00e4t begr\u00fcndet. Es gibt ausdr\u00fcckliche \u201eantideutsche\u201c Kr\u00e4fte, die uns als Volk und als Land verschwinden lassen wollen. Das gelingt ihnen nicht, solange wir uns unserer nationalen Identit\u00e4t bewu\u00dft sind und diese verteidigen. Sie ist darum zentrales Angriffsobjekt.<\/p>\n\n\n\n<h2 class=\"wp-block-heading\">Die kulturelle Identit\u00e4t<\/h2>\n\n\n\n<p>Zu unserer kulturellen Identit\u00e4t geh\u00f6rt heute eine Reihe von Faktoren. Sie sind vielschichtig ineinander verwoben. Das Bewu\u00dftsein unserer gemeinsamen Herkunft und Abstammung z\u00e4hlt dazu. F\u00fcr dieses Gemeinsamkeitsgef\u00fchl ist es belanglos, ob man zum legend\u00e4ren Hermann dem Cherusker zur\u00fcckgehen mu\u00df, um bei einem Bayern und einem Friesen auf Gemeinsamkeit zu sto\u00dfen und ob ein K\u00f6lner nicht mit einem Flamen enger blutsverwandt ist als mit einem Tiroler. Ausschlaggebend ist der Glaube an die Zusammengeh\u00f6rigkeit, nicht die Genetik, die uns mit unseren Nachbarv\u00f6lkern so eng verbindet, da\u00df es \u201egenetisch Deutsche\u201c schlechterdings nicht gibt.<\/p>\n\n\n\n<p>Der Glaube an die Abstammungsgemeinschaft ist bereits ein Ergebnis kultureller Pr\u00e4gung, oder konstruktivistisch ausgedr\u00fcckt: ein geistiges Konstrukt. Als mentaler Faktor erzeugt er aber zwischen uns Deutschen ein engeres Gef\u00fchl der Solidarit\u00e4t, als wir es gegen\u00fcber Sundanesen oder Mongolen empfinden. Er ist fester Bestandteil unserer gemeinsamen Kultur.<\/p>\n\n\n\n<p>Er l\u00e4\u00dft uns unsere Vergangenheit als ein gemeinsames Schicksal empfinden. Als Volk teilen wir historische Erinnerungen und Traumata wie die an den 30j\u00e4hrigen Krieg, und die Niederlagen von 1918 und 1945, aber auch an Zeiten legend\u00e4rer Gestalten wie Kaiser Barbarossa und demokratischer Erfolge wie 1989. Solche Erz\u00e4hlungen, viele sagen heute Narrative, wollen immer wieder erz\u00e4hlt werden. Sie sind Teil unserer kollektiven Erinnerung wie die M\u00e4rchen der Br\u00fcder Grimm. Als Erz\u00e4hlungen sind sie auch kulturelle Leistungen, geistige Konstrukte, die jeder Generation aufs neue nahegebracht werden m\u00fcssen, sonst erl\u00f6schen sie. Mit ihnen erlischt ein wesentlicher Teil unserer Identit\u00e4t.<\/p>\n\n\n\n<p>Da\u00df wir als Volk eine historische Schicksalsgemeinschaft bilden, erkennen selbst die Deutschen an, die am liebsten Europ\u00e4er oder Kosmopoliten w\u00e4ren. W\u00e4hrend die einen stolz auf unsere lange Geschichte sind, sch\u00e4men sich andere. Sie verweisen auf unsere \u201ebesondere Verantwortung als Deutsche\u201c, gerade \u201eangesichts der in deutschem Namen begangenen Verbrechen\u201c, wie sie oft formulieren. Ohne spezifisch deutsche Identit\u00e4t k\u00f6nnten sie so nicht argumentieren, denn von einer Art \u201egenetisch deutschem Blut\u201c kann man eine \u201eVerantwortung\u201c eines im Jahr 2000 Geborenen nicht ableiten, ohne in diesem Zusammenhang unpassendes Kichern auszul\u00f6sen.<\/p>\n\n\n\n<p>Gerade weil wir als Deutsche historische Erfahrungen haben, die auch unsere demokratischen Nachbarn so nicht gemacht haben, haben wir uns 1949 mit dem Grundgesetz unsere Verfassung so gegeben, wie sie ist. Die freiheitliche demokratische Grundordnung ist eine kulturelle Institution, eine juristische Konstruktion aus der Erfahrung, wohin Unfreiheit f\u00fchren kann.<\/p>\n\n\n\n<p>Die Summe aller dieser Faktoren und geistiger Traditionen pr\u00e4gt uns. Diese werden von Mund zu Mund tradiert. Sie m\u00f6gen lauten\u201c \u201eEin Mann, ein Wort\u201c, oder \u201eWas du heute kannst besorgen, das verschiebe nicht auf morgen!\u201c Jedes Volk hat seinen eigent\u00fcmlichen Volkscharakter, der auf der Weitergabe kultureller Normen beruht.<\/p>\n\n\n\n<h2 class=\"wp-block-heading\">Die Destruktion<\/h2>\n\n\n\n<p>Was man konstruieren kann, kann man auch wieder zerst\u00f6ren. Die Grundlagen unserer nationalen Existenz bestehen nicht auf substanzhaften Eigenschaften, sondern auf geistig-kulturellen. Sie bilden den weichen Punkt unserer Verteidigung. Schlaue Angreifer wissen genau: Hierhin fiel das Lindenblatt, als Siegfried im Drachenblut Fafnirs badete.<\/p>\n\n\n\n<figure class=\"wp-block-image size-large\"><img loading=\"lazy\" decoding=\"async\" width=\"1024\" height=\"768\" src=\"http:\/\/klauskunze.com\/blog\/wp-content\/uploads\/2020\/10\/2019-09-04-50-1024x768.jpg\" alt=\"\" class=\"wp-image-2513\" srcset=\"https:\/\/klauskunze.com\/blog\/wp-content\/uploads\/2020\/10\/2019-09-04-50-1024x768.jpg 1024w, https:\/\/klauskunze.com\/blog\/wp-content\/uploads\/2020\/10\/2019-09-04-50-300x225.jpg 300w, https:\/\/klauskunze.com\/blog\/wp-content\/uploads\/2020\/10\/2019-09-04-50-768x576.jpg 768w, https:\/\/klauskunze.com\/blog\/wp-content\/uploads\/2020\/10\/2019-09-04-50-1536x1152.jpg 1536w, https:\/\/klauskunze.com\/blog\/wp-content\/uploads\/2020\/10\/2019-09-04-50-2048x1536.jpg 2048w, https:\/\/klauskunze.com\/blog\/wp-content\/uploads\/2020\/10\/2019-09-04-50-900x675.jpg 900w, https:\/\/klauskunze.com\/blog\/wp-content\/uploads\/2020\/10\/2019-09-04-50-1280x960.jpg 1280w\" sizes=\"auto, (max-width: 1024px) 100vw, 1024px\" \/><figcaption>Dekonstrukton: der Zahn der Zeit<\/figcaption><\/figure>\n\n\n\n<p>Die zun\u00e4chst rein philosophische Theorie des Konstruktivismus ist hochpolitisch. Nat\u00fcrlich ist sie politisch. Politische Waffen lassen sich aus allem schmieden. Konstruktivismus besagt, alle Begriffe vom profanen \u201eWeg\u201c bis zu Personen wie \u201eFrauen\u201c seien nichts weiter als Hirngespinste. Real gebe es so etwas gar nicht, alles nur Kopfsache, alles gesellschaftlich bedingte Konstruktionen. Er m\u00fc\u00dfte darum eigentlich Destruktivismus hei\u00dfen. Da\u00df wir eine reale Sache auf einen Begriff bringen, ist seit der Sprachkritik des sp\u00e4ten Mittelalters am scholastischen Ideenrealismus ein alter Hut der Philosophiegeschichte. Der Denkfehler des Destruktivismus besteht darin, nicht nur auf die begriffliche Konstruiertheit verbaler Seifenblasen wie \u201eDreifaltigkeit\u201c zu verweisen, sondern auch die Existenz realer Ph\u00e4nomene wie Frauen zu leugnen.<\/p>\n\n\n\n<p>Der Destruktivismus ist der Rammbock, mit denen man unsere Mauern sprengen will. Wir sollen irre werden an uns selbst. Er leugnet alle Gewi\u00dfheiten, auf die unser Gef\u00fchl kultureller Identit\u00e4t sich gr\u00fcndet: die gemeinsame Abstammung, das gemeinsame Schicksal, das gemeinsame Freiheits- und Verfassungsverst\u00e4ndnis und die gemeinsame Kultur &#8211; alles nur konstruiert, also offenbar fragw\u00fcrdig und wertlos. So<\/p>\n\n\n\n<blockquote class=\"wp-block-quote is-layout-flow wp-block-quote-is-layout-flow\"><p>nahm die Ideologie der Zerst\u00f6rung der europ\u00e4ischen Kultur und Geschichte mit dem Poststrukturalismus, der sich mit dem Marxismus verb\u00fcndete, dem Dekonstruktivismus, dem Postkolonialismus und dem Genderismus Fahrt auf.&nbsp;<\/p><cite><a href=\"https:\/\/www.tichyseinblick.de\/feuilleton\/cancel-culture-ein-angriff-der-zur-rueckeroberung-fuehren-koennte\/\">Klaus-R\u00fcdiger Mai, Das neue Subjekt des revolution\u00e4ren Kampfes &#8211; Cancel Culture \u2013 Ein Angriff, der zur R\u00fcckeroberung f\u00fchren k\u00f6nnte, Tichys Einblick 11.10.2020.<\/a><\/cite><\/blockquote>\n\n\n\n<p>Wie jede Ideologie l\u00e4\u00dft sie sich nur begreifen, wenn man ihre menschlichen Verwender und ihr Angriffsobjekt konkret in den Blick nimmt. Destruktivisten denken nicht im Traum daran, Ph\u00e4nomene wie \u201eBlack lives matter\u201c oder die Gendertheorie zu dekonstruieren, obwohl man das spielend leicht k\u00f6nnte. Nein, sie polemisieren gegen den sozialen Kitt, der die freien und darum auch marktwirtschaftlich orientierten Gesellschaften zusammenh\u00e4lt. Ihr Angriffsobjekt ist in letzter Konsequenz, was sie aus ihrer Sicht unter \u201eKapitalismus\u201c verstehen. Unter der Tarnkappe des Konstruktivismus verbirgt sich n\u00e4mlich das sattsam bekannte Gesicht des Kommunismus. Er hat den ausgedienten Proletarier nur inzwischen durch diverse andere unterdr\u00fcckte \u201eMinderheiten\u201c ersetzt:<\/p>\n\n\n\n<p>Der englische Publizist Douglas Murray fand den Nukleus dieses Paradigmenwechsels in den Arbeiten der Marxisten Ernesto Laclau und Chantal Mouffe. Diese wandten sich vom \u201ctraditionellen Diskurs des Marxismus\u201d ab, der sich auf den Klassenkampf und wie \u00f6konomischen Widerspr\u00fcchlichkeiten des Kapitalismus konzentriert habe. \u201cDoch jetzt\u201d, schreibt Murray, \u201cm\u00fcsse das Konzept des Klassenkampfes neu geschrieben werden, weshalb sie die Frage aufwerfen:\u201d<\/p>\n\n\n\n<blockquote class=\"wp-block-quote is-layout-flow wp-block-quote-is-layout-flow\"><p>&nbsp;&nbsp;&nbsp; In welchem Umfang ist es notwendig geworden, das Konzept des Klassenkampfes zu modifizieren, um mit neuen politischen Themen \u2013 Frauen, nationale, ethnische und sexuelle Minderheiten, Anti-Atomkraft- und institutionskritischen Bewegungen \u2013 von eindeutig anti-kapitalistischem Charakter umgehen zu k\u00f6nnen, deren Identit\u00e4t jedoch nicht auf bestimmte Klasseninteressen ausgerichtet ist.\u201d<\/p><cite>Laclau \/ Mouffe, Socialist Strategy: Where next, in: Marxism today, Januar 1981, zit.nach Murray a.a.O. S.79, siehe mein Blogbeitrag &#8222;<a href=\"http:\/\/klauskunze.com\/blog\/2019\/10\/27\/die-linken-puritaner\/\">Die linken Puritaner<\/a>&#8222;<\/cite><\/blockquote>\n\n\n\n<p>Begierig griffen \u201ePostmarxisten\u201c nach dem Rettungsring, den ihnen ein Philosoph zuwarf:<\/p>\n\n\n\n<blockquote class=\"wp-block-quote is-layout-flow wp-block-quote-is-layout-flow\"><p>Im Grunde dreht es sich ausschlie\u00dflich um die Frage der Macht. Nachdem der Linken das Subjekt des revolution\u00e4ren Kampfes, nach klassisch-marxistischer Lehre das Proletariat, abhanden kam, halfen die Liberalen um den Philosophen John Rawls aus, f\u00fcr den eine Gesellschaft dann als gerecht gilt, wenn \u201edie Gesetze zum Wohle der am st\u00e4rksten benachteiligten Gruppe\u201c gestaltet worden sind. Alles, was als unterdr\u00fcckt angesehen wird: die People of Color, die Homosexuellen, die Angeh\u00f6rigen der 666 Geschlechter werden zum neuen revolution\u00e4ren Subjekt erhoben, zum Ma\u00df aller Dinge.<\/p><cite>Klaus-R\u00fcdiger Mai, Das neue Subjekt des revolution\u00e4ren Kampfes &#8211; Cancel Culture \u2013 Ein Angriff, der zur R\u00fcckeroberung f\u00fchren k\u00f6nnte, Tichys Einblick 11.10.2020.<\/cite><\/blockquote>\n\n\n\n<p><\/p>\n\n\n\n<h2 class=\"wp-block-heading\">Ist die Not am gr\u00f6\u00dften \u2026<\/h2>\n\n\n\n<p>Jede Strategie beginnt mit einer zutreffenden Lageanalyse. Man mu\u00df den Gegner, seine Beweggr\u00fcnde und seine Methoden studieren, wenn man ihn schlagen will.<\/p>\n\n\n\n<p>Zu einer erfolgversprechenden Gegenstrategie gegen unsere Destruktion geh\u00f6ren unbedingt zwei Mittel: De gegnerische Strategie mu\u00df als solche durchschaut und ins allgemeine Bewu\u00dftsein gerufen werden. Wie in einem Schneeballsystem mu\u00df es sich herumsprechen, warum man uns unsere kulturelle Identit\u00e4t madig machen und sie durch multikulturelle Phantasmagorien ersetzen will.<\/p>\n\n\n\n<figure class=\"wp-block-image size-large\"><img loading=\"lazy\" decoding=\"async\" width=\"1024\" height=\"574\" src=\"http:\/\/klauskunze.com\/blog\/wp-content\/uploads\/2020\/10\/2019-09-04-54-1024x574.jpg\" alt=\"\" class=\"wp-image-2514\" srcset=\"https:\/\/klauskunze.com\/blog\/wp-content\/uploads\/2020\/10\/2019-09-04-54-1024x574.jpg 1024w, https:\/\/klauskunze.com\/blog\/wp-content\/uploads\/2020\/10\/2019-09-04-54-300x168.jpg 300w, https:\/\/klauskunze.com\/blog\/wp-content\/uploads\/2020\/10\/2019-09-04-54-768x431.jpg 768w, https:\/\/klauskunze.com\/blog\/wp-content\/uploads\/2020\/10\/2019-09-04-54-1536x862.jpg 1536w, https:\/\/klauskunze.com\/blog\/wp-content\/uploads\/2020\/10\/2019-09-04-54-2048x1149.jpg 2048w, https:\/\/klauskunze.com\/blog\/wp-content\/uploads\/2020\/10\/2019-09-04-54-900x505.jpg 900w, https:\/\/klauskunze.com\/blog\/wp-content\/uploads\/2020\/10\/2019-09-04-54-1280x718.jpg 1280w\" sizes=\"auto, (max-width: 1024px) 100vw, 1024px\" \/><figcaption>&#8230; und Konstruktion im Wiederaufbau.<\/figcaption><\/figure>\n\n\n\n<p>Man will uns das Bewu\u00dftsein nehmen, als Nation und als Angeh\u00f6rige dieser Nation einen Wert zu haben. Wir sollen unsere Geschichte vergessen. Den Kindern bringt man sie schon gar nicht mehr bei. Darum lautet das zweite Gegenmittel gegen unsere Destruktion: Erinnerung. Wir m\u00fcssen auch die j\u00fcngeren Generationen wieder und wieder daran erinnern, was an unserer Geschichte und Kultur unverwechselbar, einzigartig und erhaltenswert ist. Andernfalls wird uns unsere Identit\u00e4t wie Sand unter den H\u00e4nden zerrinnen.<\/p>\n\n\n\n<p>Jeder kann nach seinen Kr\u00e4ften und an seinem Platz der Destruktion konstruktiv entgegenwirken. Das ist der tiefere Grund und Sinn dahinter, wenn ich schwerpunktm\u00e4\u00dfig zu historischen Themen publiziere. Historische Biografien wie \u201e<a href=\"http:\/\/klauskunze.com\/heikun\/leb\/leb.htm\">Lebensbilder aus dem alten Weserbergland<\/a>\u201c sind f\u00fcr sich betrachtet v\u00f6llig unpolitisch.<\/p>\n\n\n\n<p><a href=\"http:\/\/klauskunze.com\/heikun\/index.htm\">Genealogische Nachschlagewerke<\/a>, in denen man die Einwohnerschaft eines Dorfes und die Abstammung der Bewohner voneinander \u00fcber Jahrhunderte nachvollziehen kann, sind zwar g\u00e4nzlich unpolitisch, nicht aber aus politischer Sicht.<\/p>\n\n\n\n<p>Deutlicher ist die politische Sto\u00dfrichtung in Werken wie \u201e<a href=\"https:\/\/www.buchhandel.de\/buch\/Das-ewig-Weibliche-im-Wandel-der-Epochen-9783938176719\">Das ewig Weibliche im Wandel der Epochen<\/a>\u201c, wo sich schon im Titel eine Kampfansage gegen den Genderismus verbirgt. Trotzdem ist das Buch ein historisches, vor allem geistesgeschichtliches.<\/p>\n\n\n\n<p>Nicht jedem liegt es, B\u00fccher zu schreiben. Man kann die kulturellen Traditionen unseres Volkes auch stabilisieren, indem man blo\u00df Mitglied eines Sch\u00fctzenvereins wird, einer Studentenverbindung, eines Turnvereins oder eines Heimatvereins &#8211; oder ganz einfach, indem man seinen Kindern oder Enkeln Grimms M\u00e4rchen vorliest.<\/p>\n\n\n\n<p><\/p>\n\n\n\n<h3 class=\"wp-block-heading\">Informieren Sie sich gern weiter in der <a href=\"http:\/\/klauskunze.com\/pub\/publist.htm\">Liste meiner Buch-Publikationen<\/a> oder hier:<\/h3>\n\n\n\n<figure class=\"wp-block-embed-wordpress wp-block-embed is-type-wp-embed is-provider-klaus-kunze\"><div class=\"wp-block-embed__wrapper\">\n<blockquote class=\"wp-embedded-content\" data-secret=\"AwKOCR5Ruf\"><a href=\"http:\/\/klauskunze.com\/blog\/2020\/08\/07\/lebensbilder-aus-dem-alten-weserbergland\/\">Lebensbilder aus dem alten Weserbergland<\/a><\/blockquote><iframe loading=\"lazy\" class=\"wp-embedded-content\" sandbox=\"allow-scripts\" security=\"restricted\" style=\"position: absolute; clip: rect(1px, 1px, 1px, 1px);\" title=\"&#8222;Lebensbilder aus dem alten Weserbergland&#8220; &#8212; Klaus Kunze\" src=\"http:\/\/klauskunze.com\/blog\/2020\/08\/07\/lebensbilder-aus-dem-alten-weserbergland\/embed\/#?secret=Ni4ns5pEqv#?secret=AwKOCR5Ruf\" data-secret=\"AwKOCR5Ruf\" width=\"600\" height=\"338\" frameborder=\"0\" marginwidth=\"0\" marginheight=\"0\" scrolling=\"no\"><\/iframe>\n<\/div><\/figure>\n\n\n\n<figure class=\"wp-block-embed-wordpress wp-block-embed is-type-wp-embed is-provider-klaus-kunze\"><div class=\"wp-block-embed__wrapper\">\n<blockquote class=\"wp-embedded-content\" data-secret=\"2t7KAMFB25\"><a href=\"http:\/\/klauskunze.com\/blog\/2020\/03\/08\/huldigung-der-weiblichkeit\/\">Huldigung der Weiblichkeit<\/a><\/blockquote><iframe loading=\"lazy\" class=\"wp-embedded-content\" sandbox=\"allow-scripts\" security=\"restricted\" style=\"position: absolute; clip: rect(1px, 1px, 1px, 1px);\" title=\"&#8222;Huldigung der Weiblichkeit&#8220; &#8212; Klaus Kunze\" src=\"http:\/\/klauskunze.com\/blog\/2020\/03\/08\/huldigung-der-weiblichkeit\/embed\/#?secret=VprxERf7VC#?secret=2t7KAMFB25\" data-secret=\"2t7KAMFB25\" width=\"600\" height=\"338\" frameborder=\"0\" marginwidth=\"0\" marginheight=\"0\" scrolling=\"no\"><\/iframe>\n<\/div><\/figure>\n\n\n\n<figure class=\"wp-block-embed-wordpress wp-block-embed is-type-wp-embed is-provider-klaus-kunze\"><div class=\"wp-block-embed__wrapper\">\n<blockquote class=\"wp-embedded-content\" data-secret=\"SlrT6I9wFG\"><a href=\"http:\/\/klauskunze.com\/blog\/2019\/11\/02\/soldaten-und-garnisonen-in-suedwest-niedersachsen-1603-bis-1803\/\">Soldaten und Garnisonen in S\u00fcdwest-Niedersachsen 1603 bis 1803<\/a><\/blockquote><iframe loading=\"lazy\" class=\"wp-embedded-content\" sandbox=\"allow-scripts\" security=\"restricted\" style=\"position: absolute; clip: rect(1px, 1px, 1px, 1px);\" title=\"&#8222;Soldaten und Garnisonen in S\u00fcdwest-Niedersachsen 1603 bis 1803&#8220; &#8212; Klaus Kunze\" src=\"http:\/\/klauskunze.com\/blog\/2019\/11\/02\/soldaten-und-garnisonen-in-suedwest-niedersachsen-1603-bis-1803\/embed\/#?secret=0nbvLQMY9b#?secret=SlrT6I9wFG\" data-secret=\"SlrT6I9wFG\" width=\"600\" height=\"338\" frameborder=\"0\" marginwidth=\"0\" marginheight=\"0\" scrolling=\"no\"><\/iframe>\n<\/div><\/figure>\n\n\n\n<figure class=\"wp-block-embed-wordpress wp-block-embed is-type-wp-embed is-provider-klaus-kunze\"><div class=\"wp-block-embed__wrapper\">\n<blockquote class=\"wp-embedded-content\" data-secret=\"r1NJ1S2r5L\"><a href=\"http:\/\/klauskunze.com\/blog\/2019\/10\/20\/stadtmauer-in-uslar-erneuert\/\">Stadtmauer in Uslar erneuert<\/a><\/blockquote><iframe loading=\"lazy\" class=\"wp-embedded-content\" sandbox=\"allow-scripts\" security=\"restricted\" style=\"position: absolute; clip: rect(1px, 1px, 1px, 1px);\" title=\"&#8222;Stadtmauer in Uslar erneuert&#8220; &#8212; Klaus Kunze\" src=\"http:\/\/klauskunze.com\/blog\/2019\/10\/20\/stadtmauer-in-uslar-erneuert\/embed\/#?secret=B1glB1ahm8#?secret=r1NJ1S2r5L\" data-secret=\"r1NJ1S2r5L\" width=\"600\" height=\"338\" frameborder=\"0\" marginwidth=\"0\" marginheight=\"0\" scrolling=\"no\"><\/iframe>\n<\/div><\/figure>\n","protected":false},"excerpt":{"rendered":"<p>Alles ist potentiell politisch Alles kann politisch sein. Ob Kultur politisch ist, ist keine kulturelle Frage. Es ist ausschlie\u00dflich eine politische. Das Politische vermag jedes andere Sachgebiet an sich zu ziehen und sich einzuverleiben. Ob die moderne Genetik mit dem Begriff Rasse noch etwas anfangen kann &#8211; hochpolitisch! Welcher Stamm vorzeitlicher Proto-Indianer setzte als erster [&hellip;]<\/p>\n","protected":false},"author":1,"featured_media":111,"comment_status":"open","ping_status":"open","sticky":false,"template":"","format":"standard","meta":{"h5ap_radio_sources":[],"twitterCardType":"","cardImageID":0,"cardImage":"","cardTitle":"","cardDesc":"","cardImageAlt":"","cardPlayer":"","cardPlayerWidth":0,"cardPlayerHeight":0,"cardPlayerStream":"","cardPlayerCodec":"","footnotes":""},"categories":[1,21,13,20],"tags":[],"class_list":["post-2501","post","type-post","status-publish","format-standard","has-post-thumbnail","hentry","category-allgemein","category-genealogie","category-geschichte","category-philosophie"],"yoast_head":"<!-- This site is optimized with the Yoast SEO plugin v27.5 - https:\/\/yoast.com\/product\/yoast-seo-wordpress\/ -->\n<title>Warum Kultur so politisch ist - Klaus Kunze<\/title>\n<meta name=\"robots\" content=\"index, follow, max-snippet:-1, max-image-preview:large, max-video-preview:-1\" \/>\n<link rel=\"canonical\" href=\"https:\/\/klauskunze.com\/blog\/2020\/10\/13\/warum-kultur-so-politisch-ist\/\" \/>\n<meta property=\"og:locale\" content=\"de_DE\" \/>\n<meta property=\"og:type\" content=\"article\" \/>\n<meta property=\"og:title\" content=\"Warum Kultur so politisch ist - Klaus Kunze\" \/>\n<meta property=\"og:description\" content=\"Alles ist potentiell politisch Alles kann politisch sein. Ob Kultur politisch ist, ist keine kulturelle Frage. Es ist ausschlie\u00dflich eine politische. Das Politische vermag jedes andere Sachgebiet an sich zu ziehen und sich einzuverleiben. Ob die moderne Genetik mit dem Begriff Rasse noch etwas anfangen kann &#8211; hochpolitisch! Welcher Stamm vorzeitlicher Proto-Indianer setzte als erster [&hellip;]\" \/>\n<meta property=\"og:url\" content=\"https:\/\/klauskunze.com\/blog\/2020\/10\/13\/warum-kultur-so-politisch-ist\/\" \/>\n<meta property=\"og:site_name\" content=\"Klaus Kunze\" \/>\n<meta property=\"article:published_time\" content=\"2020-10-13T17:40:48+00:00\" \/>\n<meta property=\"article:modified_time\" content=\"2020-10-13T17:40:50+00:00\" \/>\n<meta property=\"og:image\" content=\"https:\/\/klauskunze.com\/blog\/wp-content\/uploads\/2019\/10\/2019-09-04-50-1024x768.jpg\" \/>\n\t<meta property=\"og:image:width\" content=\"1024\" \/>\n\t<meta property=\"og:image:height\" content=\"768\" \/>\n\t<meta property=\"og:image:type\" content=\"image\/jpeg\" \/>\n<meta name=\"author\" content=\"Klaus Kunze\" \/>\n<meta name=\"twitter:label1\" content=\"Verfasst von\" \/>\n\t<meta name=\"twitter:data1\" content=\"Klaus Kunze\" \/>\n\t<meta name=\"twitter:label2\" content=\"Gesch\u00e4tzte Lesezeit\" \/>\n\t<meta name=\"twitter:data2\" content=\"8\u00a0Minuten\" \/>\n<script type=\"application\/ld+json\" class=\"yoast-schema-graph\">{\"@context\":\"https:\\\/\\\/schema.org\",\"@graph\":[{\"@type\":\"Article\",\"@id\":\"https:\\\/\\\/klauskunze.com\\\/blog\\\/2020\\\/10\\\/13\\\/warum-kultur-so-politisch-ist\\\/#article\",\"isPartOf\":{\"@id\":\"https:\\\/\\\/klauskunze.com\\\/blog\\\/2020\\\/10\\\/13\\\/warum-kultur-so-politisch-ist\\\/\"},\"author\":{\"name\":\"Klaus Kunze\",\"@id\":\"https:\\\/\\\/klauskunze.com\\\/blog\\\/#\\\/schema\\\/person\\\/9c091cf30ab68b897db6a517e3c3b11b\"},\"headline\":\"Warum Kultur so politisch ist\",\"datePublished\":\"2020-10-13T17:40:48+00:00\",\"dateModified\":\"2020-10-13T17:40:50+00:00\",\"mainEntityOfPage\":{\"@id\":\"https:\\\/\\\/klauskunze.com\\\/blog\\\/2020\\\/10\\\/13\\\/warum-kultur-so-politisch-ist\\\/\"},\"wordCount\":1617,\"commentCount\":2,\"publisher\":{\"@id\":\"https:\\\/\\\/klauskunze.com\\\/blog\\\/#\\\/schema\\\/person\\\/9c091cf30ab68b897db6a517e3c3b11b\"},\"image\":{\"@id\":\"https:\\\/\\\/klauskunze.com\\\/blog\\\/2020\\\/10\\\/13\\\/warum-kultur-so-politisch-ist\\\/#primaryimage\"},\"thumbnailUrl\":\"https:\\\/\\\/klauskunze.com\\\/blog\\\/wp-content\\\/uploads\\\/2019\\\/10\\\/2019-09-04-50.jpg\",\"articleSection\":{\"1\":\"Genealogie\",\"2\":\"Geschichte\",\"3\":\"Philosophie\"},\"inLanguage\":\"de\",\"potentialAction\":[{\"@type\":\"CommentAction\",\"name\":\"Comment\",\"target\":[\"https:\\\/\\\/klauskunze.com\\\/blog\\\/2020\\\/10\\\/13\\\/warum-kultur-so-politisch-ist\\\/#respond\"]}]},{\"@type\":\"WebPage\",\"@id\":\"https:\\\/\\\/klauskunze.com\\\/blog\\\/2020\\\/10\\\/13\\\/warum-kultur-so-politisch-ist\\\/\",\"url\":\"https:\\\/\\\/klauskunze.com\\\/blog\\\/2020\\\/10\\\/13\\\/warum-kultur-so-politisch-ist\\\/\",\"name\":\"Warum Kultur so politisch ist - Klaus Kunze\",\"isPartOf\":{\"@id\":\"https:\\\/\\\/klauskunze.com\\\/blog\\\/#website\"},\"primaryImageOfPage\":{\"@id\":\"https:\\\/\\\/klauskunze.com\\\/blog\\\/2020\\\/10\\\/13\\\/warum-kultur-so-politisch-ist\\\/#primaryimage\"},\"image\":{\"@id\":\"https:\\\/\\\/klauskunze.com\\\/blog\\\/2020\\\/10\\\/13\\\/warum-kultur-so-politisch-ist\\\/#primaryimage\"},\"thumbnailUrl\":\"https:\\\/\\\/klauskunze.com\\\/blog\\\/wp-content\\\/uploads\\\/2019\\\/10\\\/2019-09-04-50.jpg\",\"datePublished\":\"2020-10-13T17:40:48+00:00\",\"dateModified\":\"2020-10-13T17:40:50+00:00\",\"breadcrumb\":{\"@id\":\"https:\\\/\\\/klauskunze.com\\\/blog\\\/2020\\\/10\\\/13\\\/warum-kultur-so-politisch-ist\\\/#breadcrumb\"},\"inLanguage\":\"de\",\"potentialAction\":[{\"@type\":\"ReadAction\",\"target\":[\"https:\\\/\\\/klauskunze.com\\\/blog\\\/2020\\\/10\\\/13\\\/warum-kultur-so-politisch-ist\\\/\"]}]},{\"@type\":\"ImageObject\",\"inLanguage\":\"de\",\"@id\":\"https:\\\/\\\/klauskunze.com\\\/blog\\\/2020\\\/10\\\/13\\\/warum-kultur-so-politisch-ist\\\/#primaryimage\",\"url\":\"https:\\\/\\\/klauskunze.com\\\/blog\\\/wp-content\\\/uploads\\\/2019\\\/10\\\/2019-09-04-50.jpg\",\"contentUrl\":\"https:\\\/\\\/klauskunze.com\\\/blog\\\/wp-content\\\/uploads\\\/2019\\\/10\\\/2019-09-04-50.jpg\",\"width\":4032,\"height\":3024},{\"@type\":\"BreadcrumbList\",\"@id\":\"https:\\\/\\\/klauskunze.com\\\/blog\\\/2020\\\/10\\\/13\\\/warum-kultur-so-politisch-ist\\\/#breadcrumb\",\"itemListElement\":[{\"@type\":\"ListItem\",\"position\":1,\"name\":\"Startseite\",\"item\":\"https:\\\/\\\/klauskunze.com\\\/blog\\\/\"},{\"@type\":\"ListItem\",\"position\":2,\"name\":\"Warum Kultur so politisch ist\"}]},{\"@type\":\"WebSite\",\"@id\":\"https:\\\/\\\/klauskunze.com\\\/blog\\\/#website\",\"url\":\"https:\\\/\\\/klauskunze.com\\\/blog\\\/\",\"name\":\"Klaus Kunze\",\"description\":\"Blog\",\"publisher\":{\"@id\":\"https:\\\/\\\/klauskunze.com\\\/blog\\\/#\\\/schema\\\/person\\\/9c091cf30ab68b897db6a517e3c3b11b\"},\"potentialAction\":[{\"@type\":\"SearchAction\",\"target\":{\"@type\":\"EntryPoint\",\"urlTemplate\":\"https:\\\/\\\/klauskunze.com\\\/blog\\\/?s={search_term_string}\"},\"query-input\":{\"@type\":\"PropertyValueSpecification\",\"valueRequired\":true,\"valueName\":\"search_term_string\"}}],\"inLanguage\":\"de\"},{\"@type\":[\"Person\",\"Organization\"],\"@id\":\"https:\\\/\\\/klauskunze.com\\\/blog\\\/#\\\/schema\\\/person\\\/9c091cf30ab68b897db6a517e3c3b11b\",\"name\":\"Klaus Kunze\",\"image\":{\"@type\":\"ImageObject\",\"inLanguage\":\"de\",\"@id\":\"https:\\\/\\\/secure.gravatar.com\\\/avatar\\\/5cd83cadbada9c331a79952fcca177ed3d3be4c7ad3239b9d934bf84adff15dd?s=96&d=blank&r=g\",\"url\":\"https:\\\/\\\/secure.gravatar.com\\\/avatar\\\/5cd83cadbada9c331a79952fcca177ed3d3be4c7ad3239b9d934bf84adff15dd?s=96&d=blank&r=g\",\"contentUrl\":\"https:\\\/\\\/secure.gravatar.com\\\/avatar\\\/5cd83cadbada9c331a79952fcca177ed3d3be4c7ad3239b9d934bf84adff15dd?s=96&d=blank&r=g\",\"caption\":\"Klaus Kunze\"},\"logo\":{\"@id\":\"https:\\\/\\\/secure.gravatar.com\\\/avatar\\\/5cd83cadbada9c331a79952fcca177ed3d3be4c7ad3239b9d934bf84adff15dd?s=96&d=blank&r=g\"},\"sameAs\":[\"http:\\\/\\\/KlausKunze.com\",\"https:\\\/\\\/x.com\\\/https:\\\/\\\/twitter.com\\\/KlausKunze3\"]}]}<\/script>\n<!-- \/ Yoast SEO plugin. -->","yoast_head_json":{"title":"Warum Kultur so politisch ist - Klaus Kunze","robots":{"index":"index","follow":"follow","max-snippet":"max-snippet:-1","max-image-preview":"max-image-preview:large","max-video-preview":"max-video-preview:-1"},"canonical":"https:\/\/klauskunze.com\/blog\/2020\/10\/13\/warum-kultur-so-politisch-ist\/","og_locale":"de_DE","og_type":"article","og_title":"Warum Kultur so politisch ist - Klaus Kunze","og_description":"Alles ist potentiell politisch Alles kann politisch sein. Ob Kultur politisch ist, ist keine kulturelle Frage. Es ist ausschlie\u00dflich eine politische. Das Politische vermag jedes andere Sachgebiet an sich zu ziehen und sich einzuverleiben. Ob die moderne Genetik mit dem Begriff Rasse noch etwas anfangen kann &#8211; hochpolitisch! Welcher Stamm vorzeitlicher Proto-Indianer setzte als erster [&hellip;]","og_url":"https:\/\/klauskunze.com\/blog\/2020\/10\/13\/warum-kultur-so-politisch-ist\/","og_site_name":"Klaus Kunze","article_published_time":"2020-10-13T17:40:48+00:00","article_modified_time":"2020-10-13T17:40:50+00:00","og_image":[{"width":1024,"height":768,"url":"https:\/\/klauskunze.com\/blog\/wp-content\/uploads\/2019\/10\/2019-09-04-50-1024x768.jpg","type":"image\/jpeg"}],"author":"Klaus Kunze","twitter_misc":{"Verfasst von":"Klaus Kunze","Gesch\u00e4tzte Lesezeit":"8\u00a0Minuten"},"schema":{"@context":"https:\/\/schema.org","@graph":[{"@type":"Article","@id":"https:\/\/klauskunze.com\/blog\/2020\/10\/13\/warum-kultur-so-politisch-ist\/#article","isPartOf":{"@id":"https:\/\/klauskunze.com\/blog\/2020\/10\/13\/warum-kultur-so-politisch-ist\/"},"author":{"name":"Klaus Kunze","@id":"https:\/\/klauskunze.com\/blog\/#\/schema\/person\/9c091cf30ab68b897db6a517e3c3b11b"},"headline":"Warum Kultur so politisch ist","datePublished":"2020-10-13T17:40:48+00:00","dateModified":"2020-10-13T17:40:50+00:00","mainEntityOfPage":{"@id":"https:\/\/klauskunze.com\/blog\/2020\/10\/13\/warum-kultur-so-politisch-ist\/"},"wordCount":1617,"commentCount":2,"publisher":{"@id":"https:\/\/klauskunze.com\/blog\/#\/schema\/person\/9c091cf30ab68b897db6a517e3c3b11b"},"image":{"@id":"https:\/\/klauskunze.com\/blog\/2020\/10\/13\/warum-kultur-so-politisch-ist\/#primaryimage"},"thumbnailUrl":"https:\/\/klauskunze.com\/blog\/wp-content\/uploads\/2019\/10\/2019-09-04-50.jpg","articleSection":{"1":"Genealogie","2":"Geschichte","3":"Philosophie"},"inLanguage":"de","potentialAction":[{"@type":"CommentAction","name":"Comment","target":["https:\/\/klauskunze.com\/blog\/2020\/10\/13\/warum-kultur-so-politisch-ist\/#respond"]}]},{"@type":"WebPage","@id":"https:\/\/klauskunze.com\/blog\/2020\/10\/13\/warum-kultur-so-politisch-ist\/","url":"https:\/\/klauskunze.com\/blog\/2020\/10\/13\/warum-kultur-so-politisch-ist\/","name":"Warum Kultur so politisch ist - Klaus Kunze","isPartOf":{"@id":"https:\/\/klauskunze.com\/blog\/#website"},"primaryImageOfPage":{"@id":"https:\/\/klauskunze.com\/blog\/2020\/10\/13\/warum-kultur-so-politisch-ist\/#primaryimage"},"image":{"@id":"https:\/\/klauskunze.com\/blog\/2020\/10\/13\/warum-kultur-so-politisch-ist\/#primaryimage"},"thumbnailUrl":"https:\/\/klauskunze.com\/blog\/wp-content\/uploads\/2019\/10\/2019-09-04-50.jpg","datePublished":"2020-10-13T17:40:48+00:00","dateModified":"2020-10-13T17:40:50+00:00","breadcrumb":{"@id":"https:\/\/klauskunze.com\/blog\/2020\/10\/13\/warum-kultur-so-politisch-ist\/#breadcrumb"},"inLanguage":"de","potentialAction":[{"@type":"ReadAction","target":["https:\/\/klauskunze.com\/blog\/2020\/10\/13\/warum-kultur-so-politisch-ist\/"]}]},{"@type":"ImageObject","inLanguage":"de","@id":"https:\/\/klauskunze.com\/blog\/2020\/10\/13\/warum-kultur-so-politisch-ist\/#primaryimage","url":"https:\/\/klauskunze.com\/blog\/wp-content\/uploads\/2019\/10\/2019-09-04-50.jpg","contentUrl":"https:\/\/klauskunze.com\/blog\/wp-content\/uploads\/2019\/10\/2019-09-04-50.jpg","width":4032,"height":3024},{"@type":"BreadcrumbList","@id":"https:\/\/klauskunze.com\/blog\/2020\/10\/13\/warum-kultur-so-politisch-ist\/#breadcrumb","itemListElement":[{"@type":"ListItem","position":1,"name":"Startseite","item":"https:\/\/klauskunze.com\/blog\/"},{"@type":"ListItem","position":2,"name":"Warum Kultur so politisch ist"}]},{"@type":"WebSite","@id":"https:\/\/klauskunze.com\/blog\/#website","url":"https:\/\/klauskunze.com\/blog\/","name":"Klaus Kunze","description":"Blog","publisher":{"@id":"https:\/\/klauskunze.com\/blog\/#\/schema\/person\/9c091cf30ab68b897db6a517e3c3b11b"},"potentialAction":[{"@type":"SearchAction","target":{"@type":"EntryPoint","urlTemplate":"https:\/\/klauskunze.com\/blog\/?s={search_term_string}"},"query-input":{"@type":"PropertyValueSpecification","valueRequired":true,"valueName":"search_term_string"}}],"inLanguage":"de"},{"@type":["Person","Organization"],"@id":"https:\/\/klauskunze.com\/blog\/#\/schema\/person\/9c091cf30ab68b897db6a517e3c3b11b","name":"Klaus Kunze","image":{"@type":"ImageObject","inLanguage":"de","@id":"https:\/\/secure.gravatar.com\/avatar\/5cd83cadbada9c331a79952fcca177ed3d3be4c7ad3239b9d934bf84adff15dd?s=96&d=blank&r=g","url":"https:\/\/secure.gravatar.com\/avatar\/5cd83cadbada9c331a79952fcca177ed3d3be4c7ad3239b9d934bf84adff15dd?s=96&d=blank&r=g","contentUrl":"https:\/\/secure.gravatar.com\/avatar\/5cd83cadbada9c331a79952fcca177ed3d3be4c7ad3239b9d934bf84adff15dd?s=96&d=blank&r=g","caption":"Klaus Kunze"},"logo":{"@id":"https:\/\/secure.gravatar.com\/avatar\/5cd83cadbada9c331a79952fcca177ed3d3be4c7ad3239b9d934bf84adff15dd?s=96&d=blank&r=g"},"sameAs":["http:\/\/KlausKunze.com","https:\/\/x.com\/https:\/\/twitter.com\/KlausKunze3"]}]}},"post_mailing_queue_ids":[],"_links":{"self":[{"href":"https:\/\/klauskunze.com\/blog\/wp-json\/wp\/v2\/posts\/2501","targetHints":{"allow":["GET"]}}],"collection":[{"href":"https:\/\/klauskunze.com\/blog\/wp-json\/wp\/v2\/posts"}],"about":[{"href":"https:\/\/klauskunze.com\/blog\/wp-json\/wp\/v2\/types\/post"}],"author":[{"embeddable":true,"href":"https:\/\/klauskunze.com\/blog\/wp-json\/wp\/v2\/users\/1"}],"replies":[{"embeddable":true,"href":"https:\/\/klauskunze.com\/blog\/wp-json\/wp\/v2\/comments?post=2501"}],"version-history":[{"count":6,"href":"https:\/\/klauskunze.com\/blog\/wp-json\/wp\/v2\/posts\/2501\/revisions"}],"predecessor-version":[{"id":2515,"href":"https:\/\/klauskunze.com\/blog\/wp-json\/wp\/v2\/posts\/2501\/revisions\/2515"}],"wp:featuredmedia":[{"embeddable":true,"href":"https:\/\/klauskunze.com\/blog\/wp-json\/wp\/v2\/media\/111"}],"wp:attachment":[{"href":"https:\/\/klauskunze.com\/blog\/wp-json\/wp\/v2\/media?parent=2501"}],"wp:term":[{"taxonomy":"category","embeddable":true,"href":"https:\/\/klauskunze.com\/blog\/wp-json\/wp\/v2\/categories?post=2501"},{"taxonomy":"post_tag","embeddable":true,"href":"https:\/\/klauskunze.com\/blog\/wp-json\/wp\/v2\/tags?post=2501"}],"curies":[{"name":"wp","href":"https:\/\/api.w.org\/{rel}","templated":true}]}}