{"id":2576,"date":"2020-11-11T11:56:58","date_gmt":"2020-11-11T10:56:58","guid":{"rendered":"http:\/\/klauskunze.com\/blog\/?p=2576"},"modified":"2020-11-11T12:02:39","modified_gmt":"2020-11-11T11:02:39","slug":"gespaltene-gesellschaft-abschiedsschmerz-der-alten-linken","status":"publish","type":"post","link":"https:\/\/klauskunze.com\/blog\/2020\/11\/11\/gespaltene-gesellschaft-abschiedsschmerz-der-alten-linken\/","title":{"rendered":"Gespaltene Gesellschaft &#8211; Abschiedsschmerz der alten Linken"},"content":{"rendered":"\n<p>Die alte Linke versteht die Welt nicht mehr.<\/p>\n\n\n\n<blockquote class=\"wp-block-quote is-layout-flow wp-block-quote-is-layout-flow\"><p>&#8222;Die gemeinsame Macht der Linken ist zerbrochen, und der Zankapfel tr\u00e4gt einen sperrigen Namen: Identit\u00e4tspolitik&#8220;,<\/p><\/blockquote>\n\n\n\n<p>seufzt Bernd Stegemann. Jede gesellschaftliche &#8222;Spaltung&#8220; ist ein linker Albtraum. Die Utopie der klassenlosen Gesellschaft r\u00fcckt in immer weitere Ferne. Linke lieben &#8222;breite B\u00fcndnisse&#8220; und sehnen sich nach einer homogenen Gesellschaft Gleicher. &#8222;Bernd Stegemann ist Professor an der Berliner Hochschule f\u00fcr Schauspielkunst Ernst Busch und Dramaturg am Berliner Ensemble. 2018 initiierte er die linke Sammlungsbewegung Aufstehen&#8220; (<a href=\"https:\/\/www.freitag.de\/autoren\/der-freitag\/wem-die-zwietracht-nuetzt?fbclid=IwAR3YETHwZXEcQ8EhwWejcr6jHVDzsLkWT_8WSI7ihfhX5RmxfLi1G12s-2w\">Freitag 45\/2020<\/a>).<\/p>\n\n\n\n<p>Jede Ungleichheit ist der Linken ein Greuel. In ihrer heilen Welt stehen Arbeiter Seit an Seit, recken die nervigen F\u00e4uste drohend ihren Ausbeutern entgegen und lassen sich nicht &#8222;spalten&#8220;: Klasseninteresse geht vor pers\u00f6nlicher Freiheit.<\/p>\n\n\n\n<p>Weil das alles nicht erst seit 1989 so offenkundig altbacken und historisch ist, ersetzten &#8222;postmarxistische&#8220; Ideologen flugs die nicht mehr existierende Arbeiterklasse durch diverse Minderheiten. Der 2014 verstorbene Kommunist <a href=\"https:\/\/de.wikipedia.org\/wiki\/Ernesto_Laclau\">Ernesto Laclau<\/a> wu\u00dfte Rat:<\/p>\n\n\n\n<blockquote class=\"wp-block-quote is-layout-flow wp-block-quote-is-layout-flow\"><p>In welchem Umfang ist es notwendig geworden, das Konzept des Klassenkampfes zu modifizieren, um mit neuen politischen Themen \u2013 Frauen, nationale, ethnische und sexuelle Minderheiten, Anti-Atomkraft- und institutionskritischen Bewegungen \u2013 von eindeutig anti-kapitalistischem Charakter umgehen zu k\u00f6nnen, deren Identit\u00e4t jedoch nicht auf bestimmte Klasseninteressen ausgerichtet ist.\u201c<\/p><cite>Laclau \/ Mouffe, Socialist Strategy: Where next, in: Marxism today, Januar 1981.<\/cite><\/blockquote>\n\n\n\n<p>So ersetzte die Linke ihre&nbsp; Ideologie der Bek\u00e4mpfung des Kapitalismus durch eine andere. Diese neue Herrschaftsideologie besteht in einem rigiden Moralismus, der ein und dieselben inhaltlichen Ziele anstrebt wie zuvor der Marxismus. Gewechselt hat lediglich die metaphysische Letztbegr\u00fcndung. An die Stelle des historischen Materialismus trat der Glaube an einen spezifischen Moralismus. Standen der Verhei\u00dfung aus marxistischer Sicht noch die Widerspr\u00fcche von Kapital und Arbeit mitsamt ihrer Entfremdung des Menschen von seinen eigenen Werken entgegen, hei\u00dfen die Erzschurken des neuen Moralismus: Kapitalismus, wei\u00dfer Rassismus, Frauenunterdr\u00fcckung oder Sexismus.<a href=\"#_ftn1\">[1]<\/a><\/p>\n\n\n\n<p>Doch die von den verzweifelten Altlinken gerufenen neulinken Geister werden sie jetzt nicht los. Diese &#8222;spalten&#8220; ihre Bewegung. Mit<\/p>\n\n\n\n<blockquote class=\"wp-block-quote is-layout-flow wp-block-quote-is-layout-flow\"><p>\u201eIdentit\u00e4tspolitik\u201c gemeint ist [..] eine Politik, die aus der ersten Person Singular oder Plural entsteht. \u201eIch als &#8230;\u201c oder \u201eWir als &#8230;\u201c wird zum Ausgangspunkt des Handelns. Die St\u00e4rkung der partikularen Interessen ist Kernaufgabe linker Politik, doch zugleich f\u00fchren die Sonderinteressen zu immer neuen Frontstellungen innerhalb der linken Klasse. Und als w\u00e4re das nicht schlimm genug, hilft die Zersplitterung vor allem der Kapitalseite, da sie die Bruchlinien strategisch f\u00fcr ihre Interessen nutzt. Globaler Kapitalismus bedeutet: Amazon, Google und Co. sind gegen Diskriminierung, bek\u00e4mpfen aber Gewerkschaften und vermeiden Steuerzahlungen.<\/p><cite>Bernd Stegemann, <a href=\"https:\/\/www.freitag.de\/autoren\/der-freitag\/wem-die-zwietracht-nuetzt?fbclid=IwAR3YETHwZXEcQ8EhwWejcr6jHVDzsLkWT_8WSI7ihfhX5RmxfLi1G12s-2w\">Wem die Zwietracht n\u00fctzt,  Der Freitag 45\/2020,<\/a><\/cite><\/blockquote>\n\n\n\n<p>Tja, das h\u00e4tte ich den alten Linken gleich sagen k\u00f6nnen. Proletarischer Internationalismus war immer schon ein Hirngespinst, eine Wunschvorstellung selbsternannter Revolution\u00e4re. Es gibt keine nat\u00fcrliche Solidarit\u00e4t zwischen &#8222;Ausgebeuteten&#8220; (Bernd Stegemann) etwa in Deutschland oder Indien. Solidarit\u00e4t bedarf eines wirklichen Zusammengeh\u00f6rigkeitsgef\u00fchls.<\/p>\n\n\n\n<p>Dieses beruht auf der eigenen Identifikation mit jemandem, mit dem man dann solidarisch sein kann. Opferbereit f\u00fcr einen Mitmenschen wird man nur, wenn man eine gemeinsame Identit\u00e4t empfindet.<\/p>\n\n\n\n<blockquote class=\"wp-block-quote is-layout-flow wp-block-quote-is-layout-flow\"><p>Wenn die Mitglieder einer Solidargemeinschaft sich von ihr entfremden, weil sie sich mit Neub\u00fcrgern nicht mehr identifizieren k\u00f6nnen, treibt sie der Aufl\u00f6sung entgegen. Diese Aufl\u00f6sung ist das Ziel wesentlicher innerer Kr\u00e4fte und \u00e4u\u00dferer M\u00e4chte. Sobald uns aber das einigende Band unserer nationalen Idee fehlt, werden wir keineswegs freier sein. Diese multikulturelle Illusion vergi\u00dft, da\u00df es au\u00dfer den Staatsnationen m\u00e4chtige globale Akteure gibt, die es mit uns nicht so gut meinen wie unser \u201eVater Staat\u201c. F\u00fcr sie sind wir nicht seine Kinder, die er zu sch\u00fctzen hat. Wir z\u00e4hlen f\u00fcr sie nur als Arbeitnehmer oder als zahlende Konsumenten. Unser Land, in dem wir verwurzelt sind, bildet f\u00fcr sie lediglich einen Finanzmarkt, den sie abgrasen und dann weiterziehen k\u00f6nnen.<\/p><cite>Klaus Kunze, <a href=\"https:\/\/lindenbaum-verlag.de\/produkt\/die-solidarische-nation\/\">Die solidarische Nation, erscheint am 30.11.2020<\/a>.<\/cite><\/blockquote>\n\n\n\n<p>W\u00e4hrend Altlinke noch vom proletarischen Internationalismus tr\u00e4umen, haben neulinke &#8222;Identit\u00e4tspolitiker&#8220; ziemlich eigenwillige Vorstellungen von Solidarit\u00e4t. Sie beziehen sie n\u00e4mlich vor allem auf ihre jeweils eigene Gruppe: Schwarze, Schwule, Migranten und alles was da an Minderheiten sonst noch so kreucht und fleucht. Dadurch fragmentieren sie tats\u00e4chlich die Gesellschaft in miteinander rivalisierende Gruppen mit Sonderinteressen, sie &#8222;spalten&#8220;. Unser Volk und unseren Staat m\u00f6chten sie am liebsten aufl\u00f6sen. Da\u00df wir ohne das einigende Band nationaler Solidarit\u00e4t aber schutzlos den Giganten des globalen Finanzkapitals ausgeliefert w\u00e4ren, bemerken die Neulinken nicht. Wie sch\u00f6n, da\u00df der Altlinke Stegemann sie daran erinnert:<\/p>\n\n\n\n<blockquote class=\"wp-block-quote is-layout-flow wp-block-quote-is-layout-flow\"><p>Chancengleichheit ist kein Thema allein f\u00fcr akademische Debatten, doch wenn sie vor allem in sprachlichen Regulierungen erfolgt, die im Seminar erfunden wurden, wird sie dazu gemacht. Linke Politik ist der Kampf gegen die Interessen des Kapitals. Doch wenn die Mittel, mit denen er gef\u00fchrt wird, dem Kapital nutzen, so breitet sich Frust aus. Da\u00df dieser sich nicht immer auf der H\u00f6he der Sprachsensibilit\u00e4t formuliert, vertieft die Gr\u00e4ben zwischen den Menschen, deren Herz links schl\u00e4gt, und den linken Parteien, die diese Menschen als unanst\u00e4ndiges Volk zur\u00fcckweisen.<\/p><cite>Bernd Stegemann, Wem die Zwietracht n\u00fctzt, Der Freitag 45\/2020<\/cite><\/blockquote>\n\n\n\n<p>Die neuen Linken sind, wie Lenin formulieren w\u00fcrde, die n\u00fctzlichen Idioten des Finanzkapitals. Sie k\u00e4mpfen f\u00fcr eine Moral, auf deren Fu\u00df die Weltbank, Google, Twitter, Facebook und die \u00fcblichen Verd\u00e4chtigen des globalen Finanzkapitals folgen.<\/p>\n\n\n\n<blockquote class=\"wp-block-quote is-layout-flow wp-block-quote-is-layout-flow\"><p>Wie jede Moral strebt auch die Moral des Reichtums und der gro\u00dfen Finanzstr\u00f6me nach Universalit\u00e4t. Die innere Logik des Finanzkapitalismus mu\u00df jede nationale Grenze und jedes Partikular-Bewu\u00dfsein als Hemmschuh empfinden. W\u00e4hrend es einem Patrioten gleichg\u00fcltig sein kann, ob andere Nationen auch patriotisch sind, liegt dem Finanzkapitalismus eine universalistische Menschheitsmoral zugrunde. Diese \u201euniversale Moralit\u00e4t\u201c sieht er durch \u201egruppen- und nationalstaatsegoistische Haltungen gef\u00e4hrdet\u201c<a href=\"#_ftn2\">[2]<\/a>, zu Recht: Freiheit und Selbstbestimmung f\u00fchren dazu, auch selbst zu definieren, was moralisch hier und jeweils gelten soll.<\/p><cite>Klaus Kunze, Die solidarische Nation<\/cite><\/blockquote>\n\n\n\n<p>Die von den Neulinken durchgepeitschte neue Moral will uns die Freiheit nehmen, so zu reden, wie wir denken. Sie will uns immer neue Sprechverbote aufzwingen, Worte tabuisieren und Meinungen als &#8222;verbrecherisch&#8220; unterdr\u00fccken. Und sie will weltweit gelten:<\/p>\n\n\n\n<blockquote class=\"wp-block-quote is-layout-flow wp-block-quote-is-layout-flow\"><p>Sie ziehen st\u00e4ndig neue rote Linien des Sagbaren und alarmieren \u00fcber jede Grenzverletzung mit Geschrei. Ihre Erregungswellen sorgen daf\u00fcr, da\u00df sich die unteren Klassen st\u00e4ndig streiten, anstatt ihre gemeinsamen Interessen zu vertreten. Die \u201ewoken\u201c Linken sind die Kettenhunde des Kapitals, denn sie halten sein Image sauber, indem sie schmutzige Worte anprangern und diese Reinheit als zivilisatorischen Gewinn verkaufen. Die Ausbeutung der Welt steigert sich, aber wir versehen die Ausgebeuteten heute mit einem Gendersternchen.<\/p><cite>Bernd Stegemann, Wem die Zwietracht n\u00fctzt, Der Freitag 45\/2020<\/cite><\/blockquote>\n\n\n\n<p>Durch moralisierende politische Korrektheit, Abkanzelungs-Unkultur (&#8222;Cancel culture&#8220;) und ein engmaschiges System \u00f6ffentlich-rechtlicher Meinungslenker ziehen sie die Schlinge um den Hals freien Redens immer enger. Ein konservativer Altlinker macht da nicht mehr mit, das ist f\u00fcr ihn gar nicht mehr links:<\/p>\n\n\n\n<blockquote class=\"wp-block-quote is-layout-flow wp-block-quote-is-layout-flow\"><p>Das tonangebende Milieu, das sich selbst f\u00fcr links h\u00e4lt, ist heute weiter von einem Klassenbewusstsein entfernt, als es die Industriearbeiter des 19. Jahrhunderts je waren. Heute herrscht Verwirrung \u00fcber die Werte einer gerechten Gesellschaft. So \u00fcbte emanzipatorische Politik schon immer Religionskritik. Heute gilt alles, was mit dem Islam zu tun hat, f\u00fcr nicht wenige Linke als Tabu. Fr\u00fcher waren Kunst- und Meinungsfreiheit erkl\u00e4rte Ziele einer progressiven Politik. Heute w\u00fcnschen sich viele Linke eine Einschr\u00e4nkung der Freiheiten, wenn dort Meinungen kundgetan werden, die sie ablehnen. Das erfolgreichste Motto der SPD war \u201eMehr Demokratie wagen\u201c, heute haben vor allem die linken Parteien Angst vor dem W\u00e4hler. Vielen Linken scheint es nicht mehr um die Befreiung der Menschen aus bedr\u00fcckenden Verh\u00e4ltnissen zu gehen, sondern um die Erziehung ihrer Mitb\u00fcrger.<\/p><cite>Bernd Stegemann, Wem die Zwietracht n\u00fctzt, Der Freitag 45\/2020<\/cite><\/blockquote>\n\n\n\n<figure class=\"wp-block-image alignwide size-large\"><img loading=\"lazy\" decoding=\"async\" width=\"1024\" height=\"545\" src=\"http:\/\/klauskunze.com\/blog\/wp-content\/uploads\/2020\/11\/2020-07-10.Juli-02-1024x545.jpg\" alt=\"\" class=\"wp-image-2580\" srcset=\"https:\/\/klauskunze.com\/blog\/wp-content\/uploads\/2020\/11\/2020-07-10.Juli-02-1024x545.jpg 1024w, https:\/\/klauskunze.com\/blog\/wp-content\/uploads\/2020\/11\/2020-07-10.Juli-02-300x160.jpg 300w, https:\/\/klauskunze.com\/blog\/wp-content\/uploads\/2020\/11\/2020-07-10.Juli-02-768x409.jpg 768w, https:\/\/klauskunze.com\/blog\/wp-content\/uploads\/2020\/11\/2020-07-10.Juli-02-900x479.jpg 900w, https:\/\/klauskunze.com\/blog\/wp-content\/uploads\/2020\/11\/2020-07-10.Juli-02-1280x682.jpg 1280w, https:\/\/klauskunze.com\/blog\/wp-content\/uploads\/2020\/11\/2020-07-10.Juli-02.jpg 1378w\" sizes=\"auto, (max-width: 1024px) 100vw, 1024px\" \/><figcaption>Die neue Linke fragmentiert unser Volk und spaltet die Gesellschaft, bis sie schutzlos der globalen Finanzmacht ausgeliefert ist.<\/figcaption><\/figure>\n\n\n\n<p>Die neue Linke hat den Weg zu einem neuen Totalitarismus des Denkens beschritten, der totalen Moral und der Umerziehung Andersdenkender. Es ist jene verabsolutierte, universalistische Moral, hinter der bekanntlich immer das Richtschwert wandelt.<\/p>\n\n\n\n<blockquote class=\"wp-block-quote is-layout-flow wp-block-quote-is-layout-flow\"><p>So f\u00fchrt also die Verabsolutierung der je eigenen ethisch nicht legitimierten, unzul\u00e4nglichen Morallehre, welche die Wahrheit ausgrenzt, sich ausschlie\u00dflich am Gef\u00fchl festmacht und im Leid der vorgeblich Unterdr\u00fcckten dieser Welt \u2013 der \u201eVerdammten dieser Erde\u201c, wie Frantz Fanon, der Vordenker der neuen Linken, es 1961 formulierte \u2013 ihren absoluten Bezugspunkt findet, zwingend zur absoluten Unmoral. Der neue Linke aber wird so zum neuen Totalitaristen.<\/p><cite>J\u00fcrgen Fritz, <a href=\"https:\/\/juergenfritz.com\/2017\/08\/28\/das-elend-der-neuen-linken\/?fbclid=IwAR3OUtW9uaP_kWVAHO1Wrldn3zk8EERUsuLsFRP_KjD8UcL1SFZm_b0bV_A\">Wie der Neue Linke zum neuen Totalitaristen wurde, 28.8.2017<\/a><\/cite><\/blockquote>\n\n\n\n<p>Mit Einf\u00fchrung des Grundgesetzes und unserer unver\u00e4u\u00dferlichen Rechte auf Meinungs-, Presse- und Versammlungsfreiheit dachten wir, gewisse Zeiten hinter uns gelassen zu haben. Doch der Scho\u00df ist fruchtbar noch, aus dem das \u00dcbel kroch.<\/p>\n\n\n\n<hr class=\"wp-block-separator\"\/>\n\n\n\n<p><a href=\"#_ftnref1\">[1]<\/a> Klaus Kunze, Die m\u00f6rderische Macht der Moralisten, Im W\u00fcrgegriff der Gutmensch, Hrg. Die Deutschen Konservativen, 2020.<\/p>\n\n\n\n<p><a href=\"#_ftnref2\">[2]<\/a> Reese-Sch\u00e4fer (1997) S.271.<\/p>\n","protected":false},"excerpt":{"rendered":"<p>Die alte Linke versteht die Welt nicht mehr. &#8222;Die gemeinsame Macht der Linken ist zerbrochen, und der Zankapfel tr\u00e4gt einen sperrigen Namen: Identit\u00e4tspolitik&#8220;, seufzt Bernd Stegemann. Jede gesellschaftliche &#8222;Spaltung&#8220; ist ein linker Albtraum. Die Utopie der klassenlosen Gesellschaft r\u00fcckt in immer weitere Ferne. Linke lieben &#8222;breite B\u00fcndnisse&#8220; und sehnen sich nach einer homogenen Gesellschaft Gleicher. [&hellip;]<\/p>\n","protected":false},"author":1,"featured_media":2580,"comment_status":"open","ping_status":"open","sticky":false,"template":"","format":"standard","meta":{"h5ap_radio_sources":[],"twitterCardType":"","cardImageID":0,"cardImage":"","cardTitle":"","cardDesc":"","cardImageAlt":"","cardPlayer":"","cardPlayerWidth":0,"cardPlayerHeight":0,"cardPlayerStream":"","cardPlayerCodec":"","footnotes":""},"categories":[1,17],"tags":[],"class_list":["post-2576","post","type-post","status-publish","format-standard","has-post-thumbnail","hentry","category-allgemein","category-politik"],"yoast_head":"<!-- This site is optimized with the Yoast SEO plugin v27.5 - https:\/\/yoast.com\/product\/yoast-seo-wordpress\/ -->\n<title>Gespaltene Gesellschaft - Abschiedsschmerz der alten Linken - Klaus Kunze<\/title>\n<meta name=\"robots\" content=\"index, follow, max-snippet:-1, max-image-preview:large, max-video-preview:-1\" \/>\n<link rel=\"canonical\" href=\"https:\/\/klauskunze.com\/blog\/2020\/11\/11\/gespaltene-gesellschaft-abschiedsschmerz-der-alten-linken\/\" \/>\n<meta property=\"og:locale\" content=\"de_DE\" \/>\n<meta property=\"og:type\" content=\"article\" \/>\n<meta property=\"og:title\" content=\"Gespaltene Gesellschaft - Abschiedsschmerz der alten Linken - Klaus Kunze\" \/>\n<meta property=\"og:description\" content=\"Die alte Linke versteht die Welt nicht mehr. &#8222;Die gemeinsame Macht der Linken ist zerbrochen, und der Zankapfel tr\u00e4gt einen sperrigen Namen: Identit\u00e4tspolitik&#8220;, seufzt Bernd Stegemann. Jede gesellschaftliche &#8222;Spaltung&#8220; ist ein linker Albtraum. Die Utopie der klassenlosen Gesellschaft r\u00fcckt in immer weitere Ferne. Linke lieben &#8222;breite B\u00fcndnisse&#8220; und sehnen sich nach einer homogenen Gesellschaft Gleicher. [&hellip;]\" \/>\n<meta property=\"og:url\" content=\"https:\/\/klauskunze.com\/blog\/2020\/11\/11\/gespaltene-gesellschaft-abschiedsschmerz-der-alten-linken\/\" \/>\n<meta property=\"og:site_name\" content=\"Klaus Kunze\" \/>\n<meta property=\"article:published_time\" content=\"2020-11-11T10:56:58+00:00\" \/>\n<meta property=\"article:modified_time\" content=\"2020-11-11T11:02:39+00:00\" \/>\n<meta property=\"og:image\" content=\"https:\/\/klauskunze.com\/blog\/wp-content\/uploads\/2020\/11\/2020-07-10.Juli-02.jpg\" \/>\n\t<meta property=\"og:image:width\" content=\"1378\" \/>\n\t<meta property=\"og:image:height\" content=\"734\" \/>\n\t<meta property=\"og:image:type\" content=\"image\/jpeg\" \/>\n<meta name=\"author\" content=\"Klaus Kunze\" \/>\n<meta name=\"twitter:label1\" content=\"Verfasst von\" \/>\n\t<meta name=\"twitter:data1\" content=\"Klaus Kunze\" \/>\n\t<meta name=\"twitter:label2\" content=\"Gesch\u00e4tzte Lesezeit\" \/>\n\t<meta name=\"twitter:data2\" content=\"7\u00a0Minuten\" \/>\n<script type=\"application\/ld+json\" class=\"yoast-schema-graph\">{\"@context\":\"https:\\\/\\\/schema.org\",\"@graph\":[{\"@type\":\"Article\",\"@id\":\"https:\\\/\\\/klauskunze.com\\\/blog\\\/2020\\\/11\\\/11\\\/gespaltene-gesellschaft-abschiedsschmerz-der-alten-linken\\\/#article\",\"isPartOf\":{\"@id\":\"https:\\\/\\\/klauskunze.com\\\/blog\\\/2020\\\/11\\\/11\\\/gespaltene-gesellschaft-abschiedsschmerz-der-alten-linken\\\/\"},\"author\":{\"name\":\"Klaus Kunze\",\"@id\":\"https:\\\/\\\/klauskunze.com\\\/blog\\\/#\\\/schema\\\/person\\\/9c091cf30ab68b897db6a517e3c3b11b\"},\"headline\":\"Gespaltene Gesellschaft &#8211; Abschiedsschmerz der alten Linken\",\"datePublished\":\"2020-11-11T10:56:58+00:00\",\"dateModified\":\"2020-11-11T11:02:39+00:00\",\"mainEntityOfPage\":{\"@id\":\"https:\\\/\\\/klauskunze.com\\\/blog\\\/2020\\\/11\\\/11\\\/gespaltene-gesellschaft-abschiedsschmerz-der-alten-linken\\\/\"},\"wordCount\":1479,\"commentCount\":0,\"publisher\":{\"@id\":\"https:\\\/\\\/klauskunze.com\\\/blog\\\/#\\\/schema\\\/person\\\/9c091cf30ab68b897db6a517e3c3b11b\"},\"image\":{\"@id\":\"https:\\\/\\\/klauskunze.com\\\/blog\\\/2020\\\/11\\\/11\\\/gespaltene-gesellschaft-abschiedsschmerz-der-alten-linken\\\/#primaryimage\"},\"thumbnailUrl\":\"https:\\\/\\\/klauskunze.com\\\/blog\\\/wp-content\\\/uploads\\\/2020\\\/11\\\/2020-07-10.Juli-02.jpg\",\"articleSection\":{\"1\":\"Politik\"},\"inLanguage\":\"de\",\"potentialAction\":[{\"@type\":\"CommentAction\",\"name\":\"Comment\",\"target\":[\"https:\\\/\\\/klauskunze.com\\\/blog\\\/2020\\\/11\\\/11\\\/gespaltene-gesellschaft-abschiedsschmerz-der-alten-linken\\\/#respond\"]}]},{\"@type\":\"WebPage\",\"@id\":\"https:\\\/\\\/klauskunze.com\\\/blog\\\/2020\\\/11\\\/11\\\/gespaltene-gesellschaft-abschiedsschmerz-der-alten-linken\\\/\",\"url\":\"https:\\\/\\\/klauskunze.com\\\/blog\\\/2020\\\/11\\\/11\\\/gespaltene-gesellschaft-abschiedsschmerz-der-alten-linken\\\/\",\"name\":\"Gespaltene Gesellschaft - Abschiedsschmerz der alten Linken - Klaus Kunze\",\"isPartOf\":{\"@id\":\"https:\\\/\\\/klauskunze.com\\\/blog\\\/#website\"},\"primaryImageOfPage\":{\"@id\":\"https:\\\/\\\/klauskunze.com\\\/blog\\\/2020\\\/11\\\/11\\\/gespaltene-gesellschaft-abschiedsschmerz-der-alten-linken\\\/#primaryimage\"},\"image\":{\"@id\":\"https:\\\/\\\/klauskunze.com\\\/blog\\\/2020\\\/11\\\/11\\\/gespaltene-gesellschaft-abschiedsschmerz-der-alten-linken\\\/#primaryimage\"},\"thumbnailUrl\":\"https:\\\/\\\/klauskunze.com\\\/blog\\\/wp-content\\\/uploads\\\/2020\\\/11\\\/2020-07-10.Juli-02.jpg\",\"datePublished\":\"2020-11-11T10:56:58+00:00\",\"dateModified\":\"2020-11-11T11:02:39+00:00\",\"breadcrumb\":{\"@id\":\"https:\\\/\\\/klauskunze.com\\\/blog\\\/2020\\\/11\\\/11\\\/gespaltene-gesellschaft-abschiedsschmerz-der-alten-linken\\\/#breadcrumb\"},\"inLanguage\":\"de\",\"potentialAction\":[{\"@type\":\"ReadAction\",\"target\":[\"https:\\\/\\\/klauskunze.com\\\/blog\\\/2020\\\/11\\\/11\\\/gespaltene-gesellschaft-abschiedsschmerz-der-alten-linken\\\/\"]}]},{\"@type\":\"ImageObject\",\"inLanguage\":\"de\",\"@id\":\"https:\\\/\\\/klauskunze.com\\\/blog\\\/2020\\\/11\\\/11\\\/gespaltene-gesellschaft-abschiedsschmerz-der-alten-linken\\\/#primaryimage\",\"url\":\"https:\\\/\\\/klauskunze.com\\\/blog\\\/wp-content\\\/uploads\\\/2020\\\/11\\\/2020-07-10.Juli-02.jpg\",\"contentUrl\":\"https:\\\/\\\/klauskunze.com\\\/blog\\\/wp-content\\\/uploads\\\/2020\\\/11\\\/2020-07-10.Juli-02.jpg\",\"width\":1378,\"height\":734},{\"@type\":\"BreadcrumbList\",\"@id\":\"https:\\\/\\\/klauskunze.com\\\/blog\\\/2020\\\/11\\\/11\\\/gespaltene-gesellschaft-abschiedsschmerz-der-alten-linken\\\/#breadcrumb\",\"itemListElement\":[{\"@type\":\"ListItem\",\"position\":1,\"name\":\"Startseite\",\"item\":\"https:\\\/\\\/klauskunze.com\\\/blog\\\/\"},{\"@type\":\"ListItem\",\"position\":2,\"name\":\"Gespaltene Gesellschaft &#8211; Abschiedsschmerz der alten Linken\"}]},{\"@type\":\"WebSite\",\"@id\":\"https:\\\/\\\/klauskunze.com\\\/blog\\\/#website\",\"url\":\"https:\\\/\\\/klauskunze.com\\\/blog\\\/\",\"name\":\"Klaus Kunze\",\"description\":\"Blog\",\"publisher\":{\"@id\":\"https:\\\/\\\/klauskunze.com\\\/blog\\\/#\\\/schema\\\/person\\\/9c091cf30ab68b897db6a517e3c3b11b\"},\"potentialAction\":[{\"@type\":\"SearchAction\",\"target\":{\"@type\":\"EntryPoint\",\"urlTemplate\":\"https:\\\/\\\/klauskunze.com\\\/blog\\\/?s={search_term_string}\"},\"query-input\":{\"@type\":\"PropertyValueSpecification\",\"valueRequired\":true,\"valueName\":\"search_term_string\"}}],\"inLanguage\":\"de\"},{\"@type\":[\"Person\",\"Organization\"],\"@id\":\"https:\\\/\\\/klauskunze.com\\\/blog\\\/#\\\/schema\\\/person\\\/9c091cf30ab68b897db6a517e3c3b11b\",\"name\":\"Klaus Kunze\",\"image\":{\"@type\":\"ImageObject\",\"inLanguage\":\"de\",\"@id\":\"https:\\\/\\\/secure.gravatar.com\\\/avatar\\\/5cd83cadbada9c331a79952fcca177ed3d3be4c7ad3239b9d934bf84adff15dd?s=96&d=blank&r=g\",\"url\":\"https:\\\/\\\/secure.gravatar.com\\\/avatar\\\/5cd83cadbada9c331a79952fcca177ed3d3be4c7ad3239b9d934bf84adff15dd?s=96&d=blank&r=g\",\"contentUrl\":\"https:\\\/\\\/secure.gravatar.com\\\/avatar\\\/5cd83cadbada9c331a79952fcca177ed3d3be4c7ad3239b9d934bf84adff15dd?s=96&d=blank&r=g\",\"caption\":\"Klaus Kunze\"},\"logo\":{\"@id\":\"https:\\\/\\\/secure.gravatar.com\\\/avatar\\\/5cd83cadbada9c331a79952fcca177ed3d3be4c7ad3239b9d934bf84adff15dd?s=96&d=blank&r=g\"},\"sameAs\":[\"http:\\\/\\\/KlausKunze.com\",\"https:\\\/\\\/x.com\\\/https:\\\/\\\/twitter.com\\\/KlausKunze3\"]}]}<\/script>\n<!-- \/ Yoast SEO plugin. -->","yoast_head_json":{"title":"Gespaltene Gesellschaft - Abschiedsschmerz der alten Linken - Klaus Kunze","robots":{"index":"index","follow":"follow","max-snippet":"max-snippet:-1","max-image-preview":"max-image-preview:large","max-video-preview":"max-video-preview:-1"},"canonical":"https:\/\/klauskunze.com\/blog\/2020\/11\/11\/gespaltene-gesellschaft-abschiedsschmerz-der-alten-linken\/","og_locale":"de_DE","og_type":"article","og_title":"Gespaltene Gesellschaft - Abschiedsschmerz der alten Linken - Klaus Kunze","og_description":"Die alte Linke versteht die Welt nicht mehr. &#8222;Die gemeinsame Macht der Linken ist zerbrochen, und der Zankapfel tr\u00e4gt einen sperrigen Namen: Identit\u00e4tspolitik&#8220;, seufzt Bernd Stegemann. Jede gesellschaftliche &#8222;Spaltung&#8220; ist ein linker Albtraum. Die Utopie der klassenlosen Gesellschaft r\u00fcckt in immer weitere Ferne. Linke lieben &#8222;breite B\u00fcndnisse&#8220; und sehnen sich nach einer homogenen Gesellschaft Gleicher. [&hellip;]","og_url":"https:\/\/klauskunze.com\/blog\/2020\/11\/11\/gespaltene-gesellschaft-abschiedsschmerz-der-alten-linken\/","og_site_name":"Klaus Kunze","article_published_time":"2020-11-11T10:56:58+00:00","article_modified_time":"2020-11-11T11:02:39+00:00","og_image":[{"width":1378,"height":734,"url":"https:\/\/klauskunze.com\/blog\/wp-content\/uploads\/2020\/11\/2020-07-10.Juli-02.jpg","type":"image\/jpeg"}],"author":"Klaus Kunze","twitter_misc":{"Verfasst von":"Klaus Kunze","Gesch\u00e4tzte Lesezeit":"7\u00a0Minuten"},"schema":{"@context":"https:\/\/schema.org","@graph":[{"@type":"Article","@id":"https:\/\/klauskunze.com\/blog\/2020\/11\/11\/gespaltene-gesellschaft-abschiedsschmerz-der-alten-linken\/#article","isPartOf":{"@id":"https:\/\/klauskunze.com\/blog\/2020\/11\/11\/gespaltene-gesellschaft-abschiedsschmerz-der-alten-linken\/"},"author":{"name":"Klaus Kunze","@id":"https:\/\/klauskunze.com\/blog\/#\/schema\/person\/9c091cf30ab68b897db6a517e3c3b11b"},"headline":"Gespaltene Gesellschaft &#8211; Abschiedsschmerz der alten Linken","datePublished":"2020-11-11T10:56:58+00:00","dateModified":"2020-11-11T11:02:39+00:00","mainEntityOfPage":{"@id":"https:\/\/klauskunze.com\/blog\/2020\/11\/11\/gespaltene-gesellschaft-abschiedsschmerz-der-alten-linken\/"},"wordCount":1479,"commentCount":0,"publisher":{"@id":"https:\/\/klauskunze.com\/blog\/#\/schema\/person\/9c091cf30ab68b897db6a517e3c3b11b"},"image":{"@id":"https:\/\/klauskunze.com\/blog\/2020\/11\/11\/gespaltene-gesellschaft-abschiedsschmerz-der-alten-linken\/#primaryimage"},"thumbnailUrl":"https:\/\/klauskunze.com\/blog\/wp-content\/uploads\/2020\/11\/2020-07-10.Juli-02.jpg","articleSection":{"1":"Politik"},"inLanguage":"de","potentialAction":[{"@type":"CommentAction","name":"Comment","target":["https:\/\/klauskunze.com\/blog\/2020\/11\/11\/gespaltene-gesellschaft-abschiedsschmerz-der-alten-linken\/#respond"]}]},{"@type":"WebPage","@id":"https:\/\/klauskunze.com\/blog\/2020\/11\/11\/gespaltene-gesellschaft-abschiedsschmerz-der-alten-linken\/","url":"https:\/\/klauskunze.com\/blog\/2020\/11\/11\/gespaltene-gesellschaft-abschiedsschmerz-der-alten-linken\/","name":"Gespaltene Gesellschaft - Abschiedsschmerz der alten Linken - Klaus Kunze","isPartOf":{"@id":"https:\/\/klauskunze.com\/blog\/#website"},"primaryImageOfPage":{"@id":"https:\/\/klauskunze.com\/blog\/2020\/11\/11\/gespaltene-gesellschaft-abschiedsschmerz-der-alten-linken\/#primaryimage"},"image":{"@id":"https:\/\/klauskunze.com\/blog\/2020\/11\/11\/gespaltene-gesellschaft-abschiedsschmerz-der-alten-linken\/#primaryimage"},"thumbnailUrl":"https:\/\/klauskunze.com\/blog\/wp-content\/uploads\/2020\/11\/2020-07-10.Juli-02.jpg","datePublished":"2020-11-11T10:56:58+00:00","dateModified":"2020-11-11T11:02:39+00:00","breadcrumb":{"@id":"https:\/\/klauskunze.com\/blog\/2020\/11\/11\/gespaltene-gesellschaft-abschiedsschmerz-der-alten-linken\/#breadcrumb"},"inLanguage":"de","potentialAction":[{"@type":"ReadAction","target":["https:\/\/klauskunze.com\/blog\/2020\/11\/11\/gespaltene-gesellschaft-abschiedsschmerz-der-alten-linken\/"]}]},{"@type":"ImageObject","inLanguage":"de","@id":"https:\/\/klauskunze.com\/blog\/2020\/11\/11\/gespaltene-gesellschaft-abschiedsschmerz-der-alten-linken\/#primaryimage","url":"https:\/\/klauskunze.com\/blog\/wp-content\/uploads\/2020\/11\/2020-07-10.Juli-02.jpg","contentUrl":"https:\/\/klauskunze.com\/blog\/wp-content\/uploads\/2020\/11\/2020-07-10.Juli-02.jpg","width":1378,"height":734},{"@type":"BreadcrumbList","@id":"https:\/\/klauskunze.com\/blog\/2020\/11\/11\/gespaltene-gesellschaft-abschiedsschmerz-der-alten-linken\/#breadcrumb","itemListElement":[{"@type":"ListItem","position":1,"name":"Startseite","item":"https:\/\/klauskunze.com\/blog\/"},{"@type":"ListItem","position":2,"name":"Gespaltene Gesellschaft &#8211; Abschiedsschmerz der alten Linken"}]},{"@type":"WebSite","@id":"https:\/\/klauskunze.com\/blog\/#website","url":"https:\/\/klauskunze.com\/blog\/","name":"Klaus Kunze","description":"Blog","publisher":{"@id":"https:\/\/klauskunze.com\/blog\/#\/schema\/person\/9c091cf30ab68b897db6a517e3c3b11b"},"potentialAction":[{"@type":"SearchAction","target":{"@type":"EntryPoint","urlTemplate":"https:\/\/klauskunze.com\/blog\/?s={search_term_string}"},"query-input":{"@type":"PropertyValueSpecification","valueRequired":true,"valueName":"search_term_string"}}],"inLanguage":"de"},{"@type":["Person","Organization"],"@id":"https:\/\/klauskunze.com\/blog\/#\/schema\/person\/9c091cf30ab68b897db6a517e3c3b11b","name":"Klaus Kunze","image":{"@type":"ImageObject","inLanguage":"de","@id":"https:\/\/secure.gravatar.com\/avatar\/5cd83cadbada9c331a79952fcca177ed3d3be4c7ad3239b9d934bf84adff15dd?s=96&d=blank&r=g","url":"https:\/\/secure.gravatar.com\/avatar\/5cd83cadbada9c331a79952fcca177ed3d3be4c7ad3239b9d934bf84adff15dd?s=96&d=blank&r=g","contentUrl":"https:\/\/secure.gravatar.com\/avatar\/5cd83cadbada9c331a79952fcca177ed3d3be4c7ad3239b9d934bf84adff15dd?s=96&d=blank&r=g","caption":"Klaus Kunze"},"logo":{"@id":"https:\/\/secure.gravatar.com\/avatar\/5cd83cadbada9c331a79952fcca177ed3d3be4c7ad3239b9d934bf84adff15dd?s=96&d=blank&r=g"},"sameAs":["http:\/\/KlausKunze.com","https:\/\/x.com\/https:\/\/twitter.com\/KlausKunze3"]}]}},"post_mailing_queue_ids":[],"_links":{"self":[{"href":"https:\/\/klauskunze.com\/blog\/wp-json\/wp\/v2\/posts\/2576","targetHints":{"allow":["GET"]}}],"collection":[{"href":"https:\/\/klauskunze.com\/blog\/wp-json\/wp\/v2\/posts"}],"about":[{"href":"https:\/\/klauskunze.com\/blog\/wp-json\/wp\/v2\/types\/post"}],"author":[{"embeddable":true,"href":"https:\/\/klauskunze.com\/blog\/wp-json\/wp\/v2\/users\/1"}],"replies":[{"embeddable":true,"href":"https:\/\/klauskunze.com\/blog\/wp-json\/wp\/v2\/comments?post=2576"}],"version-history":[{"count":5,"href":"https:\/\/klauskunze.com\/blog\/wp-json\/wp\/v2\/posts\/2576\/revisions"}],"predecessor-version":[{"id":2583,"href":"https:\/\/klauskunze.com\/blog\/wp-json\/wp\/v2\/posts\/2576\/revisions\/2583"}],"wp:featuredmedia":[{"embeddable":true,"href":"https:\/\/klauskunze.com\/blog\/wp-json\/wp\/v2\/media\/2580"}],"wp:attachment":[{"href":"https:\/\/klauskunze.com\/blog\/wp-json\/wp\/v2\/media?parent=2576"}],"wp:term":[{"taxonomy":"category","embeddable":true,"href":"https:\/\/klauskunze.com\/blog\/wp-json\/wp\/v2\/categories?post=2576"},{"taxonomy":"post_tag","embeddable":true,"href":"https:\/\/klauskunze.com\/blog\/wp-json\/wp\/v2\/tags?post=2576"}],"curies":[{"name":"wp","href":"https:\/\/api.w.org\/{rel}","templated":true}]}}