{"id":2654,"date":"2020-12-07T14:59:56","date_gmt":"2020-12-07T13:59:56","guid":{"rendered":"http:\/\/klauskunze.com\/blog\/?p=2654"},"modified":"2020-12-07T21:59:44","modified_gmt":"2020-12-07T20:59:44","slug":"lieber-stehend-sterben-als-auf-knien-leben","status":"publish","type":"post","link":"https:\/\/klauskunze.com\/blog\/2020\/12\/07\/lieber-stehend-sterben-als-auf-knien-leben\/","title":{"rendered":"Lieber stehend sterben als auf Knien leben"},"content":{"rendered":"\n<h2 class=\"wp-block-heading\">Moralisches G\u00e4ngelband<\/h2>\n\n\n\n<p>Der Linksliberalismus m\u00f6chte uns ans moralische G\u00e4ngelband legen. Seine Ziele und Methoden sind extremistisch.<\/p>\n\n\n\n<p>Von der Klimabewegung \u00fcber Black-Lives-Matter bis hin zur den amtlichen Vork\u00e4mpfern der Seuchenbek\u00e4mpfung argumentiert man vielfach nicht mehr politisch, sondern man kommt uns moralisch. Wenn nichts anderes mehr hilft, wird ein Gegner moralisch gebrandmarkt und mundtot gemacht.<\/p>\n\n\n\n<p>Wir sollen uns ihnen und ihrer Ideologie unterwerfen, sollen uns dem\u00fctigen und auf die Knie fallen vor den Monstranzen und Alt\u00e4ren ihrer moralischen Herrschaftsmacht. Darum zelebrieren unsere Medien erst heute wieder das Foto eines verflossenen Bundeskanzlers, der vor einem Denkmal weiche Knie bekam und so in Demut verharrte. Aus Sicht der Moralisierer ist das die vorbildliche dem\u00fctige Haltung, in die sie uns alle zwingen wollen. Nicht jeder mag das. In der englischen Fu\u00dfballiga fand jetzt wieder ein Spiel mit Zuschauern statt, die buhten und pfiffen, als ihre Mannschaft vor dem Anpfiff in die Knie ging &#8211; bis auf einen, der mit geballter Faust stehen blieb.<\/p>\n\n\n\n<blockquote class=\"wp-block-quote is-layout-flow wp-block-quote-is-layout-flow\"><p>W\u00e4hrend englische Massenmedien wie The Mirror einseitig auf die Fans einschlugen und schwarze Spieler zum Spielerstreik aufriefen, waren die Reaktionen in den sozialen Medien deutlich differenzierter. Fans anderer Vereine \u00e4u\u00dferten ihre Unterst\u00fctzung f\u00fcr die Millwall-Anh\u00e4nger. Verbunden wurde das mit dem Hinweis, da\u00df die Stadionbesucher die Nase voll h\u00e4tten von den politischen Botschaften und der Vereinnahmung des Spiels.<\/p><cite>Alexander Graf, <a href=\"https:\/\/jungefreiheit.de\/kultur\/gesellschaft\/2020\/millwall-fans-pfeifen-auf-linke-identitaetspolitik\/\">Millwall-Fans pfeifen auf linke Identit\u00e4tspolitik, Junge Freiheit 7.12.2020.<\/a><\/cite><\/blockquote>\n\n\n\n<p>Die Moralisierer fallen weit hinter die Ideen der Aufkl\u00e4rung und die Grundregeln des demokratischen Verfassungsstaates zur\u00fcck. In einem aufgekl\u00e4rten und freiheitlichen Gemeinwesen kann und darf es keine Staatsreligion und keine allgemeinverbindliche Moral geben.<\/p>\n\n\n\n<blockquote class=\"wp-block-quote is-layout-flow wp-block-quote-is-layout-flow\"><p>&#8222;Ich glaube gar nicht, da\u00df man sich menschliche Gesellschaften vorstellen kann, die ohne Moral funktionieren. Der Punkt ist nur die Frage der Generalisierung der eigenen Moral. Moderne Gesellschaften sind eben nicht mehr durch eine einheitliche Moral integrierbar. Das unterscheidet sie auch von vormodernen Gesellschaften.\u201c<\/p><cite>Peter Strohschneider, <a href=\"https:\/\/www.deutschlandfunk.de\/populismus-moral-und-die-liberale-demokratie-moder-ne.911.de.html?dram:article_id=488704\">Populismus, Moral und die liberale Demokratie, Deutschlandfunk 6.12.2020.<\/a><\/cite><\/blockquote>\n\n\n\n<h2 class=\"wp-block-heading\">Moralischer Universalismus als Machtanspruch<\/h2>\n\n\n\n<p>Was Strohschneider als Generalisierung der pers\u00f6nlichen Moralvorstellungen bezeichnet, nennt man in der Philosophie einen &#8222;Universalismus&#8220;: den Machtanspruch, die eigene Moral solle f\u00fcr alle Menschen gelten und m\u00fcsse \u00fcberall durchgesetzt werden. Solche Universalismen hat es schon viele gegeben. Ihre fanatischen Anh\u00e4nger gr\u00fcnden gern konkrete Macht- und Herrschaftsanspr\u00fcche auf ihre Moral. Sie tarnen sich dabei als deren bescheidene Diener.<\/p>\n\n\n\n<p>Mit den Grundbedingungen des demokratischen Verfassungsstaates ist eine solche Haltung unvereinbar. Zu ihnen geh\u00f6rt die Bereitschaft, sich einer demokratischen Mehrheitsentscheidung zu beugen, selbst wenn man sich in Besitz besserer Argumente zu wissen glaubt. Darum sieht die Politologie in Vertretern solcher universalistischer Moralanspr\u00fcche Extremisten. Uwe Backes, inzwischen der Nestor der Extremismusforschung, arbeitete<\/p>\n\n\n\n<blockquote class=\"wp-block-quote is-layout-flow wp-block-quote-is-layout-flow\"><p>nach einer Analyse des linken, rechten und religi\u00f6sen Extremismus heraus: erstens den exklusiven Erkenntnisanspruch (Glaube an ein &#8222;h\u00f6heres&#8220; Wissen), zweitens den dogmatischen Absolutheitsanspruch (Behauptung der unbezweifelbaren Richtigkeit eigener Positionen), drittens das essentialistische Deutungsmonopol (alleinige Erfassung des &#8222;wahren&#8220; Wesens der Dinge), viertens die holistischen Steuerungsabsichten (angestrebte ganzheitliche Kontrolle der Gesellschaft), f\u00fcnftens das deterministische Geschichtsbild (Wissen um den vorgegebenen historischen Weg), sechstens die identit\u00e4re Gesellschaftskonzeption (Forderung nach politischer Homogenit\u00e4t der Gesellschaft), siebtens den dualistischen Rigorismus (Denken in kompromi\u00dflosen Gegensatzpaaren wie Gut-B\u00f6se) und achtens die fundamentale Verwerfung des Bestehenden.<\/p><cite>Armin Pfahl-Traughber, Linksextremismus in Deutschland, 2.Aufl. 2020, S.18 f.<\/cite><\/blockquote>\n\n\n\n<p>Nicht jeder Extremist erf\u00fcllt alle dieser Merkmale. Im zuletzt genannten Denken in kompromi\u00dflosen Gegensatzpaaren wie Gut-B\u00f6se besteht das Hauptmerkmal des dogmatischen Moralismus unserer Tage. Moral reduziert die miteinander oft unvereinbaren Forderungen der Ethik auf ein primitives Gut-B\u00f6se-Schema. Schon Sophokles wu\u00dfte aber in seiner &#8222;Antigone&#8220; um den tragischen Konflikt, wenn man eine moralische Forderung nur erf\u00fcllen kann, indem man zugleich gegen eine andere verst\u00f6\u00dft.<\/p>\n\n\n\n<p>Ethik und Moral mu\u00df jeder mit sich selbst und in sich selbst ausmachen. Der Weg von Ethikkommissionen \u00fcber das moralische Verdammen allf\u00e4lliger &#8222;Leugner&#8220; bis zur Vogelfreiheit moralischer Abweichler ist kurz. Wer sich den Gehorsamerwartungen der Moral nicht beugt, wird gemobbt, ausgegrenzt und macht sich so selbst zum Paria. Als Schande bezeichnet unsere Sprache ein Verhalten, da\u00df ganz und gar gegen den herrschenden moralischen Kodex verst\u00f6\u00dft.<\/p>\n\n\n\n<figure class=\"wp-block-image alignfull size-large\"><a href=\"https:\/\/jungefreiheit.de\/kultur\/gesellschaft\/2020\/millwall-fans-pfeifen-auf-linke-identitaetspolitik\/\"><img loading=\"lazy\" decoding=\"async\" width=\"1024\" height=\"684\" src=\"http:\/\/klauskunze.com\/blog\/wp-content\/uploads\/2020\/12\/Zuschneiden_2-1024x684.jpg\" alt=\"\" class=\"wp-image-2660\" srcset=\"https:\/\/klauskunze.com\/blog\/wp-content\/uploads\/2020\/12\/Zuschneiden_2-1024x684.jpg 1024w, https:\/\/klauskunze.com\/blog\/wp-content\/uploads\/2020\/12\/Zuschneiden_2-300x200.jpg 300w, https:\/\/klauskunze.com\/blog\/wp-content\/uploads\/2020\/12\/Zuschneiden_2-768x513.jpg 768w, https:\/\/klauskunze.com\/blog\/wp-content\/uploads\/2020\/12\/Zuschneiden_2-900x601.jpg 900w, https:\/\/klauskunze.com\/blog\/wp-content\/uploads\/2020\/12\/Zuschneiden_2.jpg 1060w\" sizes=\"auto, (max-width: 1024px) 100vw, 1024px\" \/><\/a><figcaption>Berichterstattung in der <a href=\"https:\/\/jungefreiheit.de\/kultur\/gesellschaft\/2020\/millwall-fans-pfeifen-auf-linke-identitaetspolitik\/\">Jungen Freiheit vom 7.12.2020<\/a><\/figcaption><\/figure>\n\n\n\n<p>Der Trainer des gegnerischen Vereins, Wayne Rooney, als Spieler nicht gerade f\u00fcr Zimperlichkeiten bekannt, griff die Zuschauer wegen \u201eschandhaften und gedankenlosen Verhaltens\u201c heftig an. Vielleicht hatten sich die Buh-Rufer bei ihrer moralisch autonomen Entscheidung allerdings mehr Gedanken gemacht als Rooney selbst.<\/p>\n\n\n\n<p>Zu den Grundlagen unseres demokratischen Verfassungsstaates geh\u00f6rt jedenfalls die moralische Autonomie der Einzelperson. Wir sollten sie gegen jeden Machtanspruch verteidigen &#8211; schon aus Trotz. Das w\u00e4re der Trotz Martin Luthers, der sich vor Kaiser und Reich hinstellte, die Autonomie seines Gewissens beschwor und sinngem\u00e4\u00df gesagt haben soll: \u201eHier stehe ich, ich kann nicht anders. Gott helfe mir, Amen!\u201c Er sagte das stehend. Die Knieenden sind dagegen schlechte Vorbilder.<\/p>\n\n\n\n<p><\/p>\n\n\n\n<h2 class=\"wp-block-heading\">Lesen Sie zum Thema gern weiter:<\/h2>\n\n\n\n<figure class=\"wp-block-image size-large\"><a href=\"http:\/\/w55241n5q.homepage.t-online.de\/Broschueren\"><img loading=\"lazy\" decoding=\"async\" width=\"480\" height=\"684\" src=\"http:\/\/klauskunze.com\/blog\/wp-content\/uploads\/2020\/09\/moral1.jpg\" alt=\"\" class=\"wp-image-2433\" srcset=\"https:\/\/klauskunze.com\/blog\/wp-content\/uploads\/2020\/09\/moral1.jpg 480w, https:\/\/klauskunze.com\/blog\/wp-content\/uploads\/2020\/09\/moral1-211x300.jpg 211w\" sizes=\"auto, (max-width: 480px) 100vw, 480px\" \/><\/a><\/figure>\n\n\n\n<p>(Bezugsm\u00f6glichkeit: Bitte auf Bild klicken)<\/p>\n","protected":false},"excerpt":{"rendered":"<p>Moralisches G\u00e4ngelband Der Linksliberalismus m\u00f6chte uns ans moralische G\u00e4ngelband legen. Seine Ziele und Methoden sind extremistisch. Von der Klimabewegung \u00fcber Black-Lives-Matter bis hin zur den amtlichen Vork\u00e4mpfern der Seuchenbek\u00e4mpfung argumentiert man vielfach nicht mehr politisch, sondern man kommt uns moralisch. Wenn nichts anderes mehr hilft, wird ein Gegner moralisch gebrandmarkt und mundtot gemacht. Wir sollen [&hellip;]<\/p>\n","protected":false},"author":1,"featured_media":2660,"comment_status":"open","ping_status":"open","sticky":false,"template":"","format":"standard","meta":{"h5ap_radio_sources":[],"twitterCardType":"","cardImageID":0,"cardImage":"","cardTitle":"","cardDesc":"","cardImageAlt":"","cardPlayer":"","cardPlayerWidth":0,"cardPlayerHeight":0,"cardPlayerStream":"","cardPlayerCodec":"","footnotes":""},"categories":[1,17],"tags":[],"class_list":["post-2654","post","type-post","status-publish","format-standard","has-post-thumbnail","hentry","category-allgemein","category-politik"],"yoast_head":"<!-- This site is optimized with the Yoast SEO plugin v27.5 - https:\/\/yoast.com\/product\/yoast-seo-wordpress\/ -->\n<title>Lieber stehend sterben als auf Knien leben - Klaus Kunze<\/title>\n<meta name=\"robots\" content=\"index, follow, max-snippet:-1, max-image-preview:large, max-video-preview:-1\" \/>\n<link rel=\"canonical\" href=\"https:\/\/klauskunze.com\/blog\/2020\/12\/07\/lieber-stehend-sterben-als-auf-knien-leben\/\" \/>\n<meta property=\"og:locale\" content=\"de_DE\" \/>\n<meta property=\"og:type\" content=\"article\" \/>\n<meta property=\"og:title\" content=\"Lieber stehend sterben als auf Knien leben - Klaus Kunze\" \/>\n<meta property=\"og:description\" content=\"Moralisches G\u00e4ngelband Der Linksliberalismus m\u00f6chte uns ans moralische G\u00e4ngelband legen. Seine Ziele und Methoden sind extremistisch. Von der Klimabewegung \u00fcber Black-Lives-Matter bis hin zur den amtlichen Vork\u00e4mpfern der Seuchenbek\u00e4mpfung argumentiert man vielfach nicht mehr politisch, sondern man kommt uns moralisch. Wenn nichts anderes mehr hilft, wird ein Gegner moralisch gebrandmarkt und mundtot gemacht. Wir sollen [&hellip;]\" \/>\n<meta property=\"og:url\" content=\"https:\/\/klauskunze.com\/blog\/2020\/12\/07\/lieber-stehend-sterben-als-auf-knien-leben\/\" \/>\n<meta property=\"og:site_name\" content=\"Klaus Kunze\" \/>\n<meta property=\"article:published_time\" content=\"2020-12-07T13:59:56+00:00\" \/>\n<meta property=\"article:modified_time\" content=\"2020-12-07T20:59:44+00:00\" \/>\n<meta property=\"og:image\" content=\"https:\/\/klauskunze.com\/blog\/wp-content\/uploads\/2020\/12\/Zuschneiden_2.jpg\" \/>\n\t<meta property=\"og:image:width\" content=\"1060\" \/>\n\t<meta property=\"og:image:height\" content=\"708\" \/>\n\t<meta property=\"og:image:type\" content=\"image\/jpeg\" \/>\n<meta name=\"author\" content=\"Klaus Kunze\" \/>\n<meta name=\"twitter:label1\" content=\"Verfasst von\" \/>\n\t<meta name=\"twitter:data1\" content=\"Klaus Kunze\" \/>\n\t<meta name=\"twitter:label2\" content=\"Gesch\u00e4tzte Lesezeit\" \/>\n\t<meta name=\"twitter:data2\" content=\"4\u00a0Minuten\" \/>\n<script type=\"application\/ld+json\" class=\"yoast-schema-graph\">{\"@context\":\"https:\\\/\\\/schema.org\",\"@graph\":[{\"@type\":\"Article\",\"@id\":\"https:\\\/\\\/klauskunze.com\\\/blog\\\/2020\\\/12\\\/07\\\/lieber-stehend-sterben-als-auf-knien-leben\\\/#article\",\"isPartOf\":{\"@id\":\"https:\\\/\\\/klauskunze.com\\\/blog\\\/2020\\\/12\\\/07\\\/lieber-stehend-sterben-als-auf-knien-leben\\\/\"},\"author\":{\"name\":\"Klaus Kunze\",\"@id\":\"https:\\\/\\\/klauskunze.com\\\/blog\\\/#\\\/schema\\\/person\\\/9c091cf30ab68b897db6a517e3c3b11b\"},\"headline\":\"Lieber stehend sterben als auf Knien leben\",\"datePublished\":\"2020-12-07T13:59:56+00:00\",\"dateModified\":\"2020-12-07T20:59:44+00:00\",\"mainEntityOfPage\":{\"@id\":\"https:\\\/\\\/klauskunze.com\\\/blog\\\/2020\\\/12\\\/07\\\/lieber-stehend-sterben-als-auf-knien-leben\\\/\"},\"wordCount\":824,\"commentCount\":1,\"publisher\":{\"@id\":\"https:\\\/\\\/klauskunze.com\\\/blog\\\/#\\\/schema\\\/person\\\/9c091cf30ab68b897db6a517e3c3b11b\"},\"image\":{\"@id\":\"https:\\\/\\\/klauskunze.com\\\/blog\\\/2020\\\/12\\\/07\\\/lieber-stehend-sterben-als-auf-knien-leben\\\/#primaryimage\"},\"thumbnailUrl\":\"https:\\\/\\\/klauskunze.com\\\/blog\\\/wp-content\\\/uploads\\\/2020\\\/12\\\/Zuschneiden_2.jpg\",\"articleSection\":{\"1\":\"Politik\"},\"inLanguage\":\"de\",\"potentialAction\":[{\"@type\":\"CommentAction\",\"name\":\"Comment\",\"target\":[\"https:\\\/\\\/klauskunze.com\\\/blog\\\/2020\\\/12\\\/07\\\/lieber-stehend-sterben-als-auf-knien-leben\\\/#respond\"]}]},{\"@type\":\"WebPage\",\"@id\":\"https:\\\/\\\/klauskunze.com\\\/blog\\\/2020\\\/12\\\/07\\\/lieber-stehend-sterben-als-auf-knien-leben\\\/\",\"url\":\"https:\\\/\\\/klauskunze.com\\\/blog\\\/2020\\\/12\\\/07\\\/lieber-stehend-sterben-als-auf-knien-leben\\\/\",\"name\":\"Lieber stehend sterben als auf Knien leben - Klaus Kunze\",\"isPartOf\":{\"@id\":\"https:\\\/\\\/klauskunze.com\\\/blog\\\/#website\"},\"primaryImageOfPage\":{\"@id\":\"https:\\\/\\\/klauskunze.com\\\/blog\\\/2020\\\/12\\\/07\\\/lieber-stehend-sterben-als-auf-knien-leben\\\/#primaryimage\"},\"image\":{\"@id\":\"https:\\\/\\\/klauskunze.com\\\/blog\\\/2020\\\/12\\\/07\\\/lieber-stehend-sterben-als-auf-knien-leben\\\/#primaryimage\"},\"thumbnailUrl\":\"https:\\\/\\\/klauskunze.com\\\/blog\\\/wp-content\\\/uploads\\\/2020\\\/12\\\/Zuschneiden_2.jpg\",\"datePublished\":\"2020-12-07T13:59:56+00:00\",\"dateModified\":\"2020-12-07T20:59:44+00:00\",\"breadcrumb\":{\"@id\":\"https:\\\/\\\/klauskunze.com\\\/blog\\\/2020\\\/12\\\/07\\\/lieber-stehend-sterben-als-auf-knien-leben\\\/#breadcrumb\"},\"inLanguage\":\"de\",\"potentialAction\":[{\"@type\":\"ReadAction\",\"target\":[\"https:\\\/\\\/klauskunze.com\\\/blog\\\/2020\\\/12\\\/07\\\/lieber-stehend-sterben-als-auf-knien-leben\\\/\"]}]},{\"@type\":\"ImageObject\",\"inLanguage\":\"de\",\"@id\":\"https:\\\/\\\/klauskunze.com\\\/blog\\\/2020\\\/12\\\/07\\\/lieber-stehend-sterben-als-auf-knien-leben\\\/#primaryimage\",\"url\":\"https:\\\/\\\/klauskunze.com\\\/blog\\\/wp-content\\\/uploads\\\/2020\\\/12\\\/Zuschneiden_2.jpg\",\"contentUrl\":\"https:\\\/\\\/klauskunze.com\\\/blog\\\/wp-content\\\/uploads\\\/2020\\\/12\\\/Zuschneiden_2.jpg\",\"width\":1060,\"height\":708},{\"@type\":\"BreadcrumbList\",\"@id\":\"https:\\\/\\\/klauskunze.com\\\/blog\\\/2020\\\/12\\\/07\\\/lieber-stehend-sterben-als-auf-knien-leben\\\/#breadcrumb\",\"itemListElement\":[{\"@type\":\"ListItem\",\"position\":1,\"name\":\"Startseite\",\"item\":\"https:\\\/\\\/klauskunze.com\\\/blog\\\/\"},{\"@type\":\"ListItem\",\"position\":2,\"name\":\"Lieber stehend sterben als auf Knien leben\"}]},{\"@type\":\"WebSite\",\"@id\":\"https:\\\/\\\/klauskunze.com\\\/blog\\\/#website\",\"url\":\"https:\\\/\\\/klauskunze.com\\\/blog\\\/\",\"name\":\"Klaus Kunze\",\"description\":\"Blog\",\"publisher\":{\"@id\":\"https:\\\/\\\/klauskunze.com\\\/blog\\\/#\\\/schema\\\/person\\\/9c091cf30ab68b897db6a517e3c3b11b\"},\"potentialAction\":[{\"@type\":\"SearchAction\",\"target\":{\"@type\":\"EntryPoint\",\"urlTemplate\":\"https:\\\/\\\/klauskunze.com\\\/blog\\\/?s={search_term_string}\"},\"query-input\":{\"@type\":\"PropertyValueSpecification\",\"valueRequired\":true,\"valueName\":\"search_term_string\"}}],\"inLanguage\":\"de\"},{\"@type\":[\"Person\",\"Organization\"],\"@id\":\"https:\\\/\\\/klauskunze.com\\\/blog\\\/#\\\/schema\\\/person\\\/9c091cf30ab68b897db6a517e3c3b11b\",\"name\":\"Klaus Kunze\",\"image\":{\"@type\":\"ImageObject\",\"inLanguage\":\"de\",\"@id\":\"https:\\\/\\\/secure.gravatar.com\\\/avatar\\\/5cd83cadbada9c331a79952fcca177ed3d3be4c7ad3239b9d934bf84adff15dd?s=96&d=blank&r=g\",\"url\":\"https:\\\/\\\/secure.gravatar.com\\\/avatar\\\/5cd83cadbada9c331a79952fcca177ed3d3be4c7ad3239b9d934bf84adff15dd?s=96&d=blank&r=g\",\"contentUrl\":\"https:\\\/\\\/secure.gravatar.com\\\/avatar\\\/5cd83cadbada9c331a79952fcca177ed3d3be4c7ad3239b9d934bf84adff15dd?s=96&d=blank&r=g\",\"caption\":\"Klaus Kunze\"},\"logo\":{\"@id\":\"https:\\\/\\\/secure.gravatar.com\\\/avatar\\\/5cd83cadbada9c331a79952fcca177ed3d3be4c7ad3239b9d934bf84adff15dd?s=96&d=blank&r=g\"},\"sameAs\":[\"http:\\\/\\\/KlausKunze.com\",\"https:\\\/\\\/x.com\\\/https:\\\/\\\/twitter.com\\\/KlausKunze3\"]}]}<\/script>\n<!-- \/ Yoast SEO plugin. -->","yoast_head_json":{"title":"Lieber stehend sterben als auf Knien leben - Klaus Kunze","robots":{"index":"index","follow":"follow","max-snippet":"max-snippet:-1","max-image-preview":"max-image-preview:large","max-video-preview":"max-video-preview:-1"},"canonical":"https:\/\/klauskunze.com\/blog\/2020\/12\/07\/lieber-stehend-sterben-als-auf-knien-leben\/","og_locale":"de_DE","og_type":"article","og_title":"Lieber stehend sterben als auf Knien leben - Klaus Kunze","og_description":"Moralisches G\u00e4ngelband Der Linksliberalismus m\u00f6chte uns ans moralische G\u00e4ngelband legen. Seine Ziele und Methoden sind extremistisch. Von der Klimabewegung \u00fcber Black-Lives-Matter bis hin zur den amtlichen Vork\u00e4mpfern der Seuchenbek\u00e4mpfung argumentiert man vielfach nicht mehr politisch, sondern man kommt uns moralisch. Wenn nichts anderes mehr hilft, wird ein Gegner moralisch gebrandmarkt und mundtot gemacht. Wir sollen [&hellip;]","og_url":"https:\/\/klauskunze.com\/blog\/2020\/12\/07\/lieber-stehend-sterben-als-auf-knien-leben\/","og_site_name":"Klaus Kunze","article_published_time":"2020-12-07T13:59:56+00:00","article_modified_time":"2020-12-07T20:59:44+00:00","og_image":[{"width":1060,"height":708,"url":"https:\/\/klauskunze.com\/blog\/wp-content\/uploads\/2020\/12\/Zuschneiden_2.jpg","type":"image\/jpeg"}],"author":"Klaus Kunze","twitter_misc":{"Verfasst von":"Klaus Kunze","Gesch\u00e4tzte Lesezeit":"4\u00a0Minuten"},"schema":{"@context":"https:\/\/schema.org","@graph":[{"@type":"Article","@id":"https:\/\/klauskunze.com\/blog\/2020\/12\/07\/lieber-stehend-sterben-als-auf-knien-leben\/#article","isPartOf":{"@id":"https:\/\/klauskunze.com\/blog\/2020\/12\/07\/lieber-stehend-sterben-als-auf-knien-leben\/"},"author":{"name":"Klaus Kunze","@id":"https:\/\/klauskunze.com\/blog\/#\/schema\/person\/9c091cf30ab68b897db6a517e3c3b11b"},"headline":"Lieber stehend sterben als auf Knien leben","datePublished":"2020-12-07T13:59:56+00:00","dateModified":"2020-12-07T20:59:44+00:00","mainEntityOfPage":{"@id":"https:\/\/klauskunze.com\/blog\/2020\/12\/07\/lieber-stehend-sterben-als-auf-knien-leben\/"},"wordCount":824,"commentCount":1,"publisher":{"@id":"https:\/\/klauskunze.com\/blog\/#\/schema\/person\/9c091cf30ab68b897db6a517e3c3b11b"},"image":{"@id":"https:\/\/klauskunze.com\/blog\/2020\/12\/07\/lieber-stehend-sterben-als-auf-knien-leben\/#primaryimage"},"thumbnailUrl":"https:\/\/klauskunze.com\/blog\/wp-content\/uploads\/2020\/12\/Zuschneiden_2.jpg","articleSection":{"1":"Politik"},"inLanguage":"de","potentialAction":[{"@type":"CommentAction","name":"Comment","target":["https:\/\/klauskunze.com\/blog\/2020\/12\/07\/lieber-stehend-sterben-als-auf-knien-leben\/#respond"]}]},{"@type":"WebPage","@id":"https:\/\/klauskunze.com\/blog\/2020\/12\/07\/lieber-stehend-sterben-als-auf-knien-leben\/","url":"https:\/\/klauskunze.com\/blog\/2020\/12\/07\/lieber-stehend-sterben-als-auf-knien-leben\/","name":"Lieber stehend sterben als auf Knien leben - Klaus Kunze","isPartOf":{"@id":"https:\/\/klauskunze.com\/blog\/#website"},"primaryImageOfPage":{"@id":"https:\/\/klauskunze.com\/blog\/2020\/12\/07\/lieber-stehend-sterben-als-auf-knien-leben\/#primaryimage"},"image":{"@id":"https:\/\/klauskunze.com\/blog\/2020\/12\/07\/lieber-stehend-sterben-als-auf-knien-leben\/#primaryimage"},"thumbnailUrl":"https:\/\/klauskunze.com\/blog\/wp-content\/uploads\/2020\/12\/Zuschneiden_2.jpg","datePublished":"2020-12-07T13:59:56+00:00","dateModified":"2020-12-07T20:59:44+00:00","breadcrumb":{"@id":"https:\/\/klauskunze.com\/blog\/2020\/12\/07\/lieber-stehend-sterben-als-auf-knien-leben\/#breadcrumb"},"inLanguage":"de","potentialAction":[{"@type":"ReadAction","target":["https:\/\/klauskunze.com\/blog\/2020\/12\/07\/lieber-stehend-sterben-als-auf-knien-leben\/"]}]},{"@type":"ImageObject","inLanguage":"de","@id":"https:\/\/klauskunze.com\/blog\/2020\/12\/07\/lieber-stehend-sterben-als-auf-knien-leben\/#primaryimage","url":"https:\/\/klauskunze.com\/blog\/wp-content\/uploads\/2020\/12\/Zuschneiden_2.jpg","contentUrl":"https:\/\/klauskunze.com\/blog\/wp-content\/uploads\/2020\/12\/Zuschneiden_2.jpg","width":1060,"height":708},{"@type":"BreadcrumbList","@id":"https:\/\/klauskunze.com\/blog\/2020\/12\/07\/lieber-stehend-sterben-als-auf-knien-leben\/#breadcrumb","itemListElement":[{"@type":"ListItem","position":1,"name":"Startseite","item":"https:\/\/klauskunze.com\/blog\/"},{"@type":"ListItem","position":2,"name":"Lieber stehend sterben als auf Knien leben"}]},{"@type":"WebSite","@id":"https:\/\/klauskunze.com\/blog\/#website","url":"https:\/\/klauskunze.com\/blog\/","name":"Klaus Kunze","description":"Blog","publisher":{"@id":"https:\/\/klauskunze.com\/blog\/#\/schema\/person\/9c091cf30ab68b897db6a517e3c3b11b"},"potentialAction":[{"@type":"SearchAction","target":{"@type":"EntryPoint","urlTemplate":"https:\/\/klauskunze.com\/blog\/?s={search_term_string}"},"query-input":{"@type":"PropertyValueSpecification","valueRequired":true,"valueName":"search_term_string"}}],"inLanguage":"de"},{"@type":["Person","Organization"],"@id":"https:\/\/klauskunze.com\/blog\/#\/schema\/person\/9c091cf30ab68b897db6a517e3c3b11b","name":"Klaus Kunze","image":{"@type":"ImageObject","inLanguage":"de","@id":"https:\/\/secure.gravatar.com\/avatar\/5cd83cadbada9c331a79952fcca177ed3d3be4c7ad3239b9d934bf84adff15dd?s=96&d=blank&r=g","url":"https:\/\/secure.gravatar.com\/avatar\/5cd83cadbada9c331a79952fcca177ed3d3be4c7ad3239b9d934bf84adff15dd?s=96&d=blank&r=g","contentUrl":"https:\/\/secure.gravatar.com\/avatar\/5cd83cadbada9c331a79952fcca177ed3d3be4c7ad3239b9d934bf84adff15dd?s=96&d=blank&r=g","caption":"Klaus Kunze"},"logo":{"@id":"https:\/\/secure.gravatar.com\/avatar\/5cd83cadbada9c331a79952fcca177ed3d3be4c7ad3239b9d934bf84adff15dd?s=96&d=blank&r=g"},"sameAs":["http:\/\/KlausKunze.com","https:\/\/x.com\/https:\/\/twitter.com\/KlausKunze3"]}]}},"post_mailing_queue_ids":[],"_links":{"self":[{"href":"https:\/\/klauskunze.com\/blog\/wp-json\/wp\/v2\/posts\/2654","targetHints":{"allow":["GET"]}}],"collection":[{"href":"https:\/\/klauskunze.com\/blog\/wp-json\/wp\/v2\/posts"}],"about":[{"href":"https:\/\/klauskunze.com\/blog\/wp-json\/wp\/v2\/types\/post"}],"author":[{"embeddable":true,"href":"https:\/\/klauskunze.com\/blog\/wp-json\/wp\/v2\/users\/1"}],"replies":[{"embeddable":true,"href":"https:\/\/klauskunze.com\/blog\/wp-json\/wp\/v2\/comments?post=2654"}],"version-history":[{"count":8,"href":"https:\/\/klauskunze.com\/blog\/wp-json\/wp\/v2\/posts\/2654\/revisions"}],"predecessor-version":[{"id":2666,"href":"https:\/\/klauskunze.com\/blog\/wp-json\/wp\/v2\/posts\/2654\/revisions\/2666"}],"wp:featuredmedia":[{"embeddable":true,"href":"https:\/\/klauskunze.com\/blog\/wp-json\/wp\/v2\/media\/2660"}],"wp:attachment":[{"href":"https:\/\/klauskunze.com\/blog\/wp-json\/wp\/v2\/media?parent=2654"}],"wp:term":[{"taxonomy":"category","embeddable":true,"href":"https:\/\/klauskunze.com\/blog\/wp-json\/wp\/v2\/categories?post=2654"},{"taxonomy":"post_tag","embeddable":true,"href":"https:\/\/klauskunze.com\/blog\/wp-json\/wp\/v2\/tags?post=2654"}],"curies":[{"name":"wp","href":"https:\/\/api.w.org\/{rel}","templated":true}]}}