{"id":2667,"date":"2020-12-08T19:43:05","date_gmt":"2020-12-08T18:43:05","guid":{"rendered":"http:\/\/klauskunze.com\/blog\/?p=2667"},"modified":"2020-12-08T20:00:15","modified_gmt":"2020-12-08T19:00:15","slug":"kommt-es-auf-das-sterben-oder-auf-das-leben-an","status":"publish","type":"post","link":"https:\/\/klauskunze.com\/blog\/2020\/12\/08\/kommt-es-auf-das-sterben-oder-auf-das-leben-an\/","title":{"rendered":"Kommt es auf das Sterben oder auf das Leben an?"},"content":{"rendered":"\n<p>Unser Grundgesetz hat nicht das Leben, sondern die Menschenw\u00fcrde zum h\u00f6chsten Verfassungsgut erkl\u00e4rt. Nicht da\u00df wir alle sterben m\u00fcssen, sondern wie wir leben, ist die unter uns Lebenden entscheidende Frage.<\/p>\n\n\n\n<p>Sie ist eine Frage der inneren Haltung, die nur jeder f\u00fcr sich selbst beantworten und entscheiden kann. Unser Staat will uns erm\u00f6glichen, in W\u00fcrde zu leben, zwingt uns aber nicht dazu. Jeder hat die Freiheit, sich selbst zu erniedrigen, vor vermeintlich H\u00f6herem auf den Knien herumzurutschen, sich bei M\u00e4chtigen einzuschleimen und zu katzbuckeln, ja sogar, sich sinnlos zu betrinken und besudelt in der Gosse zu landen.<\/p>\n\n\n\n<p>Es ist eine Frage des pers\u00f6nlichen Geschmacks und des individuellen Stils einer Person, erhobenen Hauptes, gebeugten Knies oder gar besudelt durchs Leben zu gehen. Dr\u00e4nge ein Psychologe tief in eine Pers\u00f6nlichkeit ein, f\u00e4nde er gewi\u00df die letzten Gr\u00fcnde unserer Verschiedenheit: Schwach und darum unterw\u00fcrfig f\u00fchlt sich vielleicht der eine, stark und trotzig ein anderer. Wer dominant ist, unterwirft sich nicht so leicht wie ein untertanenhafter, devoter Charakter.<\/p>\n\n\n\n<p>Auf der politischen Rechten finden wir besonders viele eigenwillige Pers\u00f6nlichkeiten. Hier gibt es immer genug geborene H\u00e4uptlinge, aber wenig einfache Indianer. Solche Menschen lassen sich und ihren Stamm lieber von der Kavallerie niederschie\u00dfen als sich in ein Reservat umsiedeln zu lassen. Andere knieten nicht nieder vor den Alt\u00e4ren jenes komischen neuen Gottes, sondern steckten lieber den Missionar in den Kochkessel. Ein derartiger Kommandant einer umzingelten Festung kapituliert nicht, blo\u00df weil die Belagerer seinen Sohn als Geisel halten und zu erschie\u00dfen drohen.<\/p>\n\n\n\n<p>Es ist eine Stilfrage, welche Kriterien entscheiden: moralische f\u00fcr den Einen, \u00f6konomische f\u00fcr den Zweiten oder Lebensgenu\u00df f\u00fcr den Dritten. Und dann gibt es jenseits aller Gutmenschen, Geldmenschen und Genu\u00dfmenschen eine spezielle Spezies, die im Zweifel alles andere sausen l\u00e4\u00dft: die Moral, den Profit und den Genu\u00df. Diese Leute haben in ihrem Kopf eine ganz pr\u00e4zise Vorstellung davon, was sie sein wollen, wie sie sein wollen und welches Bild sie dabei abgeben. Dieses sollte ein gl\u00e4nzendes, zu bewunderndes Bild sein &#8211; f\u00fcr sie v\u00f6llig klar.<\/p>\n\n\n\n<p>Nicht jeder wird, was er ist, durch Elternhaus, Erziehung und Schule. Aller P\u00e4dagogik zum Trotz wenden sich manche Menschen genau gegenteiligen Vorbildern zu. Vorbilder erwachsen uns aus den tiefsten Schichten unserer Erinnerung: Siegfried der Drachent\u00f6ter und Dietrich von Bern oder auch Kinohelden wie Eddard Stark, der Lord von Winterfell aus George R. Martins Roman \u201eDas Lied von Eis und Feuer\u201c. Je mythischer und literarischer eine Gestalt ist, desto kantiger die Konturen ihres Charakters.<\/p>\n\n\n\n<figure class=\"wp-block-image alignwide size-large\"><img loading=\"lazy\" decoding=\"async\" width=\"600\" height=\"420\" src=\"http:\/\/klauskunze.com\/blog\/wp-content\/uploads\/2020\/12\/20_02_1810-die-erschiessung-von-andreas-hofer-in-mantua_1.jpg\" alt=\"\" class=\"wp-image-2671\" srcset=\"https:\/\/klauskunze.com\/blog\/wp-content\/uploads\/2020\/12\/20_02_1810-die-erschiessung-von-andreas-hofer-in-mantua_1.jpg 600w, https:\/\/klauskunze.com\/blog\/wp-content\/uploads\/2020\/12\/20_02_1810-die-erschiessung-von-andreas-hofer-in-mantua_1-300x210.jpg 300w\" sizes=\"auto, (max-width: 600px) 100vw, 600px\" \/><figcaption><strong>Dort sollt er niederknien; er sprach: &#8222;Das tu ich nit.<\/strong>&#8222;<br>Februar 1810: Die Erschie\u00dfung von Andreas Hofer in Mantua<br>Zeitgen\u00f6ssisches Gem\u00e4lde (Bilderuhr), beschriftet \u201eHOFERS TOD\u201c (Wikipedia, gemeinfrei<\/figcaption><\/figure>\n\n\n\n<p>Wer sich mit starken Pers\u00f6nlichkeiten seelenverwandt f\u00fchlt, formt seinen eigenen Charakter so, wie er sich seine Vorbilder vorstellt, und versucht entsprechend zu handeln. Er entwirft ein Konzept von sich selbst und handelt danach. In solchen Lebenskonzepten mancher Menschen von sich selbst ist das Beugen von Knien nicht vorgesehen. So <a href=\"http:\/\/www.deutsche-lieder-online.de\/andreas-hofer-lied.html\">dichtete Julius Mosen 1810 \u00fcber den letzten Weg Andreas Hofers<\/a>:<\/p>\n\n\n\n<blockquote class=\"wp-block-quote is-layout-flow wp-block-quote-is-layout-flow\"><p>Doch als aus Kerkergittern im festen Mantua<br>Die treuen Waffenbr\u00fcder die H\u00e4nd&#8216; er strecken sah,<br>Da rief er aus: &#8222;Gott sei mit euch,<br>Mit dem verrat&#8217;nen deutschen Reich<br>Und mit dem Land Tirol!\u201c<\/p><p><br>Dort sollt er niederknien; er sprach: &#8222;Das tu ich nit.<br>Will sterben, wie ich stehe, will sterben, wie ich stritt.<br>So steh&#8216; ich hier auf dieser Schanz &#8211;<br>Es leb mein guter Kaiser Franz,<br>Mit ihm sein Land Tirol!\u201c<\/p><\/blockquote>\n\n\n\n<p>Der feste Wille, nicht aus der selbstgew\u00e4hlten Rolle zu fallen, kann st\u00e4rker sein als die Angst vor dem Tod. Es gibt viele Menschen mit sehr unterschiedlichen Ideen von sich selbst, f\u00fcr die das Opfer des Lebens weniger wiegt als der drohende Verlust der Selbstachtung. Die Mutter, die um den Preis ihres eigenen Lebens ihr Kind verteidigt, der Festungskommandant, dem Pflichterf\u00fcllung selbst \u00fcber dem Leben seines Sohnes steht, der Greis, der seine Familie selbst um den Preis eigener Ansteckung mit einer Seuche noch einmal um sich sehen will:<\/p>\n\n\n\n<p>Sie alle treffen, jeder f\u00fcr sich, ihre ganz eigenen, selbstbestimmten Entscheidungen. Sie entscheiden, was f\u00fcr ein Mensch sie sein wollen. Diese Selbstbestimmung ist Voraussetzung ihrer Selbstachtung, ihrer Menschenw\u00fcrde. Sie wissen: Am Ende kommt es darauf an, vor sich selbst bestehen zu k\u00f6nnen. In diesem Sinne <a href=\"https:\/\/www.aphorismen.de\/gedicht\/7892\">dichtete der gro\u00dfe Theodor Fontane<\/a>:<\/p>\n\n\n\n<blockquote class=\"wp-block-quote is-layout-flow wp-block-quote-is-layout-flow\"><p>Es kann die Ehre dieser Welt,<br>Dir keine Ehre geben;<br>Was dich in Wahrheit hebt und h\u00e4lt,<br>Mu\u00df in dir selber leben.<\/p><p><br>Das fl\u00fccht&#8217;ge Lob, des Tages Ruhm,<br>Magst du dem Eitlen g\u00f6nnen,<br>Das aber sei dein Heiligtum:<br>Vor dir bestehen k\u00f6nnen.<\/p><\/blockquote>\n\n\n\n<p>Vor sich selbst bestehen zu wollen, ist kein Privileg die Ideenwelten verachtender Bewunderer eines heroischen Realismus. Man kann auch ein Leben in christlicher Demut f\u00fchren und Landstreichern die F\u00fc\u00dfe waschen, wenn das pers\u00f6nliche Weltbild dies gebietet. Der Typus des selbstbewu\u00dften Hagestolzes ist aber ein genuin rechter. Wenn Priester ihm erz\u00e4hlen, ihr Gott verlange, die andere Wange auch noch hinzuhalten, wenn ihm jemand auf die eine geschlagen hat, wird er das als grausige Perversion ablehnen.<\/p>\n\n\n\n<p>Seiner seelischen Selbstkontrolle entspricht der Wunsch, seine Umgebung nach seiner Idee zu formen. Er sieht sich als Demiurg, als Sch\u00f6pfer, nicht als Gesch\u00f6pf. Er will gestalten, darum mu\u00df er das Heft in der Hand halten. So ist er selbst Anf\u00fchrer &#8211; oder der geborene Revolution\u00e4r. Dann sucht er sich die Wirklichkeit nach seiner Vorstellung umzuschaffen, bis sie sich zu erhalten lohnt.<\/p>\n","protected":false},"excerpt":{"rendered":"<p>Unser Grundgesetz hat nicht das Leben, sondern die Menschenw\u00fcrde zum h\u00f6chsten Verfassungsgut erkl\u00e4rt. Nicht da\u00df wir alle sterben m\u00fcssen, sondern wie wir leben, ist die unter uns Lebenden entscheidende Frage. Sie ist eine Frage der inneren Haltung, die nur jeder f\u00fcr sich selbst beantworten und entscheiden kann. Unser Staat will uns erm\u00f6glichen, in W\u00fcrde zu [&hellip;]<\/p>\n","protected":false},"author":1,"featured_media":2674,"comment_status":"open","ping_status":"open","sticky":false,"template":"","format":"standard","meta":{"h5ap_radio_sources":[],"twitterCardType":"","cardImageID":0,"cardImage":"","cardTitle":"","cardDesc":"","cardImageAlt":"","cardPlayer":"","cardPlayerWidth":0,"cardPlayerHeight":0,"cardPlayerStream":"","cardPlayerCodec":"","footnotes":""},"categories":[1,13,20,17],"tags":[],"class_list":["post-2667","post","type-post","status-publish","format-standard","has-post-thumbnail","hentry","category-allgemein","category-geschichte","category-philosophie","category-politik"],"yoast_head":"<!-- This site is optimized with the Yoast SEO plugin v27.5 - https:\/\/yoast.com\/product\/yoast-seo-wordpress\/ -->\n<title>Kommt es auf das Sterben oder auf das Leben an? - Klaus Kunze<\/title>\n<meta name=\"robots\" content=\"index, follow, max-snippet:-1, max-image-preview:large, max-video-preview:-1\" \/>\n<link rel=\"canonical\" href=\"https:\/\/klauskunze.com\/blog\/2020\/12\/08\/kommt-es-auf-das-sterben-oder-auf-das-leben-an\/\" \/>\n<meta property=\"og:locale\" content=\"de_DE\" \/>\n<meta property=\"og:type\" content=\"article\" \/>\n<meta property=\"og:title\" content=\"Kommt es auf das Sterben oder auf das Leben an? - Klaus Kunze\" \/>\n<meta property=\"og:description\" content=\"Unser Grundgesetz hat nicht das Leben, sondern die Menschenw\u00fcrde zum h\u00f6chsten Verfassungsgut erkl\u00e4rt. Nicht da\u00df wir alle sterben m\u00fcssen, sondern wie wir leben, ist die unter uns Lebenden entscheidende Frage. Sie ist eine Frage der inneren Haltung, die nur jeder f\u00fcr sich selbst beantworten und entscheiden kann. Unser Staat will uns erm\u00f6glichen, in W\u00fcrde zu [&hellip;]\" \/>\n<meta property=\"og:url\" content=\"https:\/\/klauskunze.com\/blog\/2020\/12\/08\/kommt-es-auf-das-sterben-oder-auf-das-leben-an\/\" \/>\n<meta property=\"og:site_name\" content=\"Klaus Kunze\" \/>\n<meta property=\"article:published_time\" content=\"2020-12-08T18:43:05+00:00\" \/>\n<meta property=\"article:modified_time\" content=\"2020-12-08T19:00:15+00:00\" \/>\n<meta property=\"og:image\" content=\"https:\/\/klauskunze.com\/blog\/wp-content\/uploads\/2020\/12\/20_02_1810-die-erschiessung-von-andreas-hofer-in-mantua_1-1.jpg\" \/>\n\t<meta property=\"og:image:width\" content=\"1440\" \/>\n\t<meta property=\"og:image:height\" content=\"1008\" \/>\n\t<meta property=\"og:image:type\" content=\"image\/jpeg\" \/>\n<meta name=\"author\" content=\"Klaus Kunze\" \/>\n<meta name=\"twitter:label1\" content=\"Verfasst von\" \/>\n\t<meta name=\"twitter:data1\" content=\"Klaus Kunze\" \/>\n\t<meta name=\"twitter:label2\" content=\"Gesch\u00e4tzte Lesezeit\" \/>\n\t<meta name=\"twitter:data2\" content=\"5\u00a0Minuten\" \/>\n<script type=\"application\/ld+json\" class=\"yoast-schema-graph\">{\"@context\":\"https:\\\/\\\/schema.org\",\"@graph\":[{\"@type\":\"Article\",\"@id\":\"https:\\\/\\\/klauskunze.com\\\/blog\\\/2020\\\/12\\\/08\\\/kommt-es-auf-das-sterben-oder-auf-das-leben-an\\\/#article\",\"isPartOf\":{\"@id\":\"https:\\\/\\\/klauskunze.com\\\/blog\\\/2020\\\/12\\\/08\\\/kommt-es-auf-das-sterben-oder-auf-das-leben-an\\\/\"},\"author\":{\"name\":\"Klaus Kunze\",\"@id\":\"https:\\\/\\\/klauskunze.com\\\/blog\\\/#\\\/schema\\\/person\\\/9c091cf30ab68b897db6a517e3c3b11b\"},\"headline\":\"Kommt es auf das Sterben oder auf das Leben an?\",\"datePublished\":\"2020-12-08T18:43:05+00:00\",\"dateModified\":\"2020-12-08T19:00:15+00:00\",\"mainEntityOfPage\":{\"@id\":\"https:\\\/\\\/klauskunze.com\\\/blog\\\/2020\\\/12\\\/08\\\/kommt-es-auf-das-sterben-oder-auf-das-leben-an\\\/\"},\"wordCount\":941,\"commentCount\":0,\"publisher\":{\"@id\":\"https:\\\/\\\/klauskunze.com\\\/blog\\\/#\\\/schema\\\/person\\\/9c091cf30ab68b897db6a517e3c3b11b\"},\"image\":{\"@id\":\"https:\\\/\\\/klauskunze.com\\\/blog\\\/2020\\\/12\\\/08\\\/kommt-es-auf-das-sterben-oder-auf-das-leben-an\\\/#primaryimage\"},\"thumbnailUrl\":\"https:\\\/\\\/klauskunze.com\\\/blog\\\/wp-content\\\/uploads\\\/2020\\\/12\\\/20_02_1810-die-erschiessung-von-andreas-hofer-in-mantua_1-1.jpg\",\"articleSection\":{\"1\":\"Geschichte\",\"2\":\"Philosophie\",\"3\":\"Politik\"},\"inLanguage\":\"de\",\"potentialAction\":[{\"@type\":\"CommentAction\",\"name\":\"Comment\",\"target\":[\"https:\\\/\\\/klauskunze.com\\\/blog\\\/2020\\\/12\\\/08\\\/kommt-es-auf-das-sterben-oder-auf-das-leben-an\\\/#respond\"]}]},{\"@type\":\"WebPage\",\"@id\":\"https:\\\/\\\/klauskunze.com\\\/blog\\\/2020\\\/12\\\/08\\\/kommt-es-auf-das-sterben-oder-auf-das-leben-an\\\/\",\"url\":\"https:\\\/\\\/klauskunze.com\\\/blog\\\/2020\\\/12\\\/08\\\/kommt-es-auf-das-sterben-oder-auf-das-leben-an\\\/\",\"name\":\"Kommt es auf das Sterben oder auf das Leben an? - Klaus Kunze\",\"isPartOf\":{\"@id\":\"https:\\\/\\\/klauskunze.com\\\/blog\\\/#website\"},\"primaryImageOfPage\":{\"@id\":\"https:\\\/\\\/klauskunze.com\\\/blog\\\/2020\\\/12\\\/08\\\/kommt-es-auf-das-sterben-oder-auf-das-leben-an\\\/#primaryimage\"},\"image\":{\"@id\":\"https:\\\/\\\/klauskunze.com\\\/blog\\\/2020\\\/12\\\/08\\\/kommt-es-auf-das-sterben-oder-auf-das-leben-an\\\/#primaryimage\"},\"thumbnailUrl\":\"https:\\\/\\\/klauskunze.com\\\/blog\\\/wp-content\\\/uploads\\\/2020\\\/12\\\/20_02_1810-die-erschiessung-von-andreas-hofer-in-mantua_1-1.jpg\",\"datePublished\":\"2020-12-08T18:43:05+00:00\",\"dateModified\":\"2020-12-08T19:00:15+00:00\",\"breadcrumb\":{\"@id\":\"https:\\\/\\\/klauskunze.com\\\/blog\\\/2020\\\/12\\\/08\\\/kommt-es-auf-das-sterben-oder-auf-das-leben-an\\\/#breadcrumb\"},\"inLanguage\":\"de\",\"potentialAction\":[{\"@type\":\"ReadAction\",\"target\":[\"https:\\\/\\\/klauskunze.com\\\/blog\\\/2020\\\/12\\\/08\\\/kommt-es-auf-das-sterben-oder-auf-das-leben-an\\\/\"]}]},{\"@type\":\"ImageObject\",\"inLanguage\":\"de\",\"@id\":\"https:\\\/\\\/klauskunze.com\\\/blog\\\/2020\\\/12\\\/08\\\/kommt-es-auf-das-sterben-oder-auf-das-leben-an\\\/#primaryimage\",\"url\":\"https:\\\/\\\/klauskunze.com\\\/blog\\\/wp-content\\\/uploads\\\/2020\\\/12\\\/20_02_1810-die-erschiessung-von-andreas-hofer-in-mantua_1-1.jpg\",\"contentUrl\":\"https:\\\/\\\/klauskunze.com\\\/blog\\\/wp-content\\\/uploads\\\/2020\\\/12\\\/20_02_1810-die-erschiessung-von-andreas-hofer-in-mantua_1-1.jpg\",\"width\":1440,\"height\":1008},{\"@type\":\"BreadcrumbList\",\"@id\":\"https:\\\/\\\/klauskunze.com\\\/blog\\\/2020\\\/12\\\/08\\\/kommt-es-auf-das-sterben-oder-auf-das-leben-an\\\/#breadcrumb\",\"itemListElement\":[{\"@type\":\"ListItem\",\"position\":1,\"name\":\"Startseite\",\"item\":\"https:\\\/\\\/klauskunze.com\\\/blog\\\/\"},{\"@type\":\"ListItem\",\"position\":2,\"name\":\"Kommt es auf das Sterben oder auf das Leben an?\"}]},{\"@type\":\"WebSite\",\"@id\":\"https:\\\/\\\/klauskunze.com\\\/blog\\\/#website\",\"url\":\"https:\\\/\\\/klauskunze.com\\\/blog\\\/\",\"name\":\"Klaus Kunze\",\"description\":\"Blog\",\"publisher\":{\"@id\":\"https:\\\/\\\/klauskunze.com\\\/blog\\\/#\\\/schema\\\/person\\\/9c091cf30ab68b897db6a517e3c3b11b\"},\"potentialAction\":[{\"@type\":\"SearchAction\",\"target\":{\"@type\":\"EntryPoint\",\"urlTemplate\":\"https:\\\/\\\/klauskunze.com\\\/blog\\\/?s={search_term_string}\"},\"query-input\":{\"@type\":\"PropertyValueSpecification\",\"valueRequired\":true,\"valueName\":\"search_term_string\"}}],\"inLanguage\":\"de\"},{\"@type\":[\"Person\",\"Organization\"],\"@id\":\"https:\\\/\\\/klauskunze.com\\\/blog\\\/#\\\/schema\\\/person\\\/9c091cf30ab68b897db6a517e3c3b11b\",\"name\":\"Klaus Kunze\",\"image\":{\"@type\":\"ImageObject\",\"inLanguage\":\"de\",\"@id\":\"https:\\\/\\\/secure.gravatar.com\\\/avatar\\\/5cd83cadbada9c331a79952fcca177ed3d3be4c7ad3239b9d934bf84adff15dd?s=96&d=blank&r=g\",\"url\":\"https:\\\/\\\/secure.gravatar.com\\\/avatar\\\/5cd83cadbada9c331a79952fcca177ed3d3be4c7ad3239b9d934bf84adff15dd?s=96&d=blank&r=g\",\"contentUrl\":\"https:\\\/\\\/secure.gravatar.com\\\/avatar\\\/5cd83cadbada9c331a79952fcca177ed3d3be4c7ad3239b9d934bf84adff15dd?s=96&d=blank&r=g\",\"caption\":\"Klaus Kunze\"},\"logo\":{\"@id\":\"https:\\\/\\\/secure.gravatar.com\\\/avatar\\\/5cd83cadbada9c331a79952fcca177ed3d3be4c7ad3239b9d934bf84adff15dd?s=96&d=blank&r=g\"},\"sameAs\":[\"http:\\\/\\\/KlausKunze.com\",\"https:\\\/\\\/x.com\\\/https:\\\/\\\/twitter.com\\\/KlausKunze3\"]}]}<\/script>\n<!-- \/ Yoast SEO plugin. -->","yoast_head_json":{"title":"Kommt es auf das Sterben oder auf das Leben an? - Klaus Kunze","robots":{"index":"index","follow":"follow","max-snippet":"max-snippet:-1","max-image-preview":"max-image-preview:large","max-video-preview":"max-video-preview:-1"},"canonical":"https:\/\/klauskunze.com\/blog\/2020\/12\/08\/kommt-es-auf-das-sterben-oder-auf-das-leben-an\/","og_locale":"de_DE","og_type":"article","og_title":"Kommt es auf das Sterben oder auf das Leben an? - Klaus Kunze","og_description":"Unser Grundgesetz hat nicht das Leben, sondern die Menschenw\u00fcrde zum h\u00f6chsten Verfassungsgut erkl\u00e4rt. Nicht da\u00df wir alle sterben m\u00fcssen, sondern wie wir leben, ist die unter uns Lebenden entscheidende Frage. Sie ist eine Frage der inneren Haltung, die nur jeder f\u00fcr sich selbst beantworten und entscheiden kann. Unser Staat will uns erm\u00f6glichen, in W\u00fcrde zu [&hellip;]","og_url":"https:\/\/klauskunze.com\/blog\/2020\/12\/08\/kommt-es-auf-das-sterben-oder-auf-das-leben-an\/","og_site_name":"Klaus Kunze","article_published_time":"2020-12-08T18:43:05+00:00","article_modified_time":"2020-12-08T19:00:15+00:00","og_image":[{"width":1440,"height":1008,"url":"https:\/\/klauskunze.com\/blog\/wp-content\/uploads\/2020\/12\/20_02_1810-die-erschiessung-von-andreas-hofer-in-mantua_1-1.jpg","type":"image\/jpeg"}],"author":"Klaus Kunze","twitter_misc":{"Verfasst von":"Klaus Kunze","Gesch\u00e4tzte Lesezeit":"5\u00a0Minuten"},"schema":{"@context":"https:\/\/schema.org","@graph":[{"@type":"Article","@id":"https:\/\/klauskunze.com\/blog\/2020\/12\/08\/kommt-es-auf-das-sterben-oder-auf-das-leben-an\/#article","isPartOf":{"@id":"https:\/\/klauskunze.com\/blog\/2020\/12\/08\/kommt-es-auf-das-sterben-oder-auf-das-leben-an\/"},"author":{"name":"Klaus Kunze","@id":"https:\/\/klauskunze.com\/blog\/#\/schema\/person\/9c091cf30ab68b897db6a517e3c3b11b"},"headline":"Kommt es auf das Sterben oder auf das Leben an?","datePublished":"2020-12-08T18:43:05+00:00","dateModified":"2020-12-08T19:00:15+00:00","mainEntityOfPage":{"@id":"https:\/\/klauskunze.com\/blog\/2020\/12\/08\/kommt-es-auf-das-sterben-oder-auf-das-leben-an\/"},"wordCount":941,"commentCount":0,"publisher":{"@id":"https:\/\/klauskunze.com\/blog\/#\/schema\/person\/9c091cf30ab68b897db6a517e3c3b11b"},"image":{"@id":"https:\/\/klauskunze.com\/blog\/2020\/12\/08\/kommt-es-auf-das-sterben-oder-auf-das-leben-an\/#primaryimage"},"thumbnailUrl":"https:\/\/klauskunze.com\/blog\/wp-content\/uploads\/2020\/12\/20_02_1810-die-erschiessung-von-andreas-hofer-in-mantua_1-1.jpg","articleSection":{"1":"Geschichte","2":"Philosophie","3":"Politik"},"inLanguage":"de","potentialAction":[{"@type":"CommentAction","name":"Comment","target":["https:\/\/klauskunze.com\/blog\/2020\/12\/08\/kommt-es-auf-das-sterben-oder-auf-das-leben-an\/#respond"]}]},{"@type":"WebPage","@id":"https:\/\/klauskunze.com\/blog\/2020\/12\/08\/kommt-es-auf-das-sterben-oder-auf-das-leben-an\/","url":"https:\/\/klauskunze.com\/blog\/2020\/12\/08\/kommt-es-auf-das-sterben-oder-auf-das-leben-an\/","name":"Kommt es auf das Sterben oder auf das Leben an? - Klaus Kunze","isPartOf":{"@id":"https:\/\/klauskunze.com\/blog\/#website"},"primaryImageOfPage":{"@id":"https:\/\/klauskunze.com\/blog\/2020\/12\/08\/kommt-es-auf-das-sterben-oder-auf-das-leben-an\/#primaryimage"},"image":{"@id":"https:\/\/klauskunze.com\/blog\/2020\/12\/08\/kommt-es-auf-das-sterben-oder-auf-das-leben-an\/#primaryimage"},"thumbnailUrl":"https:\/\/klauskunze.com\/blog\/wp-content\/uploads\/2020\/12\/20_02_1810-die-erschiessung-von-andreas-hofer-in-mantua_1-1.jpg","datePublished":"2020-12-08T18:43:05+00:00","dateModified":"2020-12-08T19:00:15+00:00","breadcrumb":{"@id":"https:\/\/klauskunze.com\/blog\/2020\/12\/08\/kommt-es-auf-das-sterben-oder-auf-das-leben-an\/#breadcrumb"},"inLanguage":"de","potentialAction":[{"@type":"ReadAction","target":["https:\/\/klauskunze.com\/blog\/2020\/12\/08\/kommt-es-auf-das-sterben-oder-auf-das-leben-an\/"]}]},{"@type":"ImageObject","inLanguage":"de","@id":"https:\/\/klauskunze.com\/blog\/2020\/12\/08\/kommt-es-auf-das-sterben-oder-auf-das-leben-an\/#primaryimage","url":"https:\/\/klauskunze.com\/blog\/wp-content\/uploads\/2020\/12\/20_02_1810-die-erschiessung-von-andreas-hofer-in-mantua_1-1.jpg","contentUrl":"https:\/\/klauskunze.com\/blog\/wp-content\/uploads\/2020\/12\/20_02_1810-die-erschiessung-von-andreas-hofer-in-mantua_1-1.jpg","width":1440,"height":1008},{"@type":"BreadcrumbList","@id":"https:\/\/klauskunze.com\/blog\/2020\/12\/08\/kommt-es-auf-das-sterben-oder-auf-das-leben-an\/#breadcrumb","itemListElement":[{"@type":"ListItem","position":1,"name":"Startseite","item":"https:\/\/klauskunze.com\/blog\/"},{"@type":"ListItem","position":2,"name":"Kommt es auf das Sterben oder auf das Leben an?"}]},{"@type":"WebSite","@id":"https:\/\/klauskunze.com\/blog\/#website","url":"https:\/\/klauskunze.com\/blog\/","name":"Klaus Kunze","description":"Blog","publisher":{"@id":"https:\/\/klauskunze.com\/blog\/#\/schema\/person\/9c091cf30ab68b897db6a517e3c3b11b"},"potentialAction":[{"@type":"SearchAction","target":{"@type":"EntryPoint","urlTemplate":"https:\/\/klauskunze.com\/blog\/?s={search_term_string}"},"query-input":{"@type":"PropertyValueSpecification","valueRequired":true,"valueName":"search_term_string"}}],"inLanguage":"de"},{"@type":["Person","Organization"],"@id":"https:\/\/klauskunze.com\/blog\/#\/schema\/person\/9c091cf30ab68b897db6a517e3c3b11b","name":"Klaus Kunze","image":{"@type":"ImageObject","inLanguage":"de","@id":"https:\/\/secure.gravatar.com\/avatar\/5cd83cadbada9c331a79952fcca177ed3d3be4c7ad3239b9d934bf84adff15dd?s=96&d=blank&r=g","url":"https:\/\/secure.gravatar.com\/avatar\/5cd83cadbada9c331a79952fcca177ed3d3be4c7ad3239b9d934bf84adff15dd?s=96&d=blank&r=g","contentUrl":"https:\/\/secure.gravatar.com\/avatar\/5cd83cadbada9c331a79952fcca177ed3d3be4c7ad3239b9d934bf84adff15dd?s=96&d=blank&r=g","caption":"Klaus Kunze"},"logo":{"@id":"https:\/\/secure.gravatar.com\/avatar\/5cd83cadbada9c331a79952fcca177ed3d3be4c7ad3239b9d934bf84adff15dd?s=96&d=blank&r=g"},"sameAs":["http:\/\/KlausKunze.com","https:\/\/x.com\/https:\/\/twitter.com\/KlausKunze3"]}]}},"post_mailing_queue_ids":[],"_links":{"self":[{"href":"https:\/\/klauskunze.com\/blog\/wp-json\/wp\/v2\/posts\/2667","targetHints":{"allow":["GET"]}}],"collection":[{"href":"https:\/\/klauskunze.com\/blog\/wp-json\/wp\/v2\/posts"}],"about":[{"href":"https:\/\/klauskunze.com\/blog\/wp-json\/wp\/v2\/types\/post"}],"author":[{"embeddable":true,"href":"https:\/\/klauskunze.com\/blog\/wp-json\/wp\/v2\/users\/1"}],"replies":[{"embeddable":true,"href":"https:\/\/klauskunze.com\/blog\/wp-json\/wp\/v2\/comments?post=2667"}],"version-history":[{"count":12,"href":"https:\/\/klauskunze.com\/blog\/wp-json\/wp\/v2\/posts\/2667\/revisions"}],"predecessor-version":[{"id":2681,"href":"https:\/\/klauskunze.com\/blog\/wp-json\/wp\/v2\/posts\/2667\/revisions\/2681"}],"wp:featuredmedia":[{"embeddable":true,"href":"https:\/\/klauskunze.com\/blog\/wp-json\/wp\/v2\/media\/2674"}],"wp:attachment":[{"href":"https:\/\/klauskunze.com\/blog\/wp-json\/wp\/v2\/media?parent=2667"}],"wp:term":[{"taxonomy":"category","embeddable":true,"href":"https:\/\/klauskunze.com\/blog\/wp-json\/wp\/v2\/categories?post=2667"},{"taxonomy":"post_tag","embeddable":true,"href":"https:\/\/klauskunze.com\/blog\/wp-json\/wp\/v2\/tags?post=2667"}],"curies":[{"name":"wp","href":"https:\/\/api.w.org\/{rel}","templated":true}]}}