{"id":2891,"date":"2021-01-11T12:36:48","date_gmt":"2021-01-11T11:36:48","guid":{"rendered":"http:\/\/klauskunze.com\/blog\/?p=2891"},"modified":"2021-01-11T13:16:45","modified_gmt":"2021-01-11T12:16:45","slug":"im-19-jahrhundert-steckengeblieben","status":"publish","type":"post","link":"https:\/\/klauskunze.com\/blog\/2021\/01\/11\/im-19-jahrhundert-steckengeblieben\/","title":{"rendered":"Im 19. Jahrhundert steckengeblieben"},"content":{"rendered":"\n<h3 class=\"wp-block-heading\">Wie sich die linke &#8222;Jungle World&#8220; im Dschungel verirrt<\/h3>\n\n\n\n<p>Wer seine politische Lageanalyse auf breiter Basis durchsetzt, schafft die Voraussetzungen seiner Macht\u00fcbernahme. Geistige F\u00fchrung sucht immer die \u00e4rgste Konkurrenz auszuschalten und gibt die Losung aus: &#8222;Da steht der Feind!&#8220;<\/p>\n\n\n\n<p>Aus Sicht echter Linker ist das allemal der Kapitalismus, das wissen sie von Marx und Engels. Dieser sei, glaubte man im 19. Jahrhundert, die \u00f6konomische Seite der b\u00fcrgerlichen Gesellschaft. Um ihr Eigentum an den Produktionsmittel zu sch\u00fctzen, nutzten die B\u00fcrger den Staat und trieben ihn notfalls bis in den Faschismus. Gl\u00fcckliche Marxisten, deren Dogmen Jahrhunderte gesellschaftlicher und \u00f6konomischer Entwicklung \u00fcberdauern!<\/p>\n\n\n\n<p>In einem Lehrst\u00fcck ihrer verk\u00fcrzten Weltsicht haben Johannes Hauer und Marco Hamann in der &#8222;Jungle World&#8220; vom 7.1.2021 viel Richtiges, aber noch mehr geistig R\u00fcckst\u00e4ndiges von sich gegeben.<\/p>\n\n\n\n<p>Sie halten Markus S\u00f6der, einen f\u00fchrenden Exponenten des Parteienstaates, allen Ernstes f\u00fcr einen Etatisten:<\/p>\n\n\n\n<blockquote class=\"wp-block-quote is-layout-flow wp-block-quote-is-layout-flow\"><p>Die Beurteilungen des Staats gehen dieser Tage extrem auseinander, zugleich lassen sie jedoch ungewohnte \u00dcbereinstimmungen hervortreten. So z\u00e4hlen zu den Anh\u00e4ngern des starken Staats nicht nur Staatssozialisten, sondern auch Bayerns Ministerpr\u00e4sident Markus S\u00f6der (CSU). Dieses Lager der Etatisten schreibt dem Staat die Aufgabe zu, eine h\u00f6here Vernunft zu verk\u00f6rpern. Der Staat legt demnach einer von auseinanderstrebenden Partikularinteressen gepr\u00e4gten Gesellschaft die Z\u00fcgel an und sichert so den Fortbestand des Gemeinwesens. Da die Individuen ihrem Egoismus nachgehen, soll der Staat die Zerrissenheit der b\u00fcrgerlichen Gesellschaft \u00fcberwinden und das nationale \u00bbGemeinwohl\u00ab verwirklichen.<\/p><cite>Johannes Hauer und Marco Hamann, Der Staat des Kapitals in der Coronakrise, <a href=\"https:\/\/jungle.world\/artikel\/2021\/01\/die-seuche-und-das-ungeheuer\">Jungle World 7.1.2021<\/a>.<\/cite><\/blockquote>\n\n\n\n<p>Die Autoren ben\u00f6tigen die schwache Erinnerung an einen \u00fcber Partikularinteressen stehenden Staat argumentativ, um ihn in Gegensatz zu den Libert\u00e4ren zu setzen, dem<\/p>\n\n\n\n<blockquote class=\"wp-block-quote is-layout-flow wp-block-quote-is-layout-flow\"><p>passenden Gegenst\u00fcck zum etatistischen Denken. Sie sehen im Staat vor allem die \u00e4u\u00dfere Grenze ihrer individuellen Freiheiten. Allgemeine Regeln lehnen sie unabh\u00e4ngig von deren spezifischem Inhalt ab.<\/p><cite>Johannes Hauer und Marco Hamann<\/cite><\/blockquote>\n\n\n\n<p>Beide s\u00e4\u00dfen freilich &#8222;denselben Illusionen \u00fcber den b\u00fcrgerlichen Staat auf&#8220;:<\/p>\n\n\n\n<blockquote class=\"wp-block-quote is-layout-flow wp-block-quote-is-layout-flow\"><p>Im Kern ist der b\u00fcrgerliche Staat weder eine blo\u00dfe Repressionsmaschine noch ein Wohlt\u00e4tigkeitsverein. Der moderne Staat ist zuallererst ideeller Gesamtkapitalist, das hei\u00dft er ist \u00bbnur die Organisation, welche sich die b\u00fcrgerliche Gesellschaft gibt, um die allgemeinen \u00e4u\u00dferen Bedingungen der kapitalistischen Produktionsweise aufrechtzuerhalten gegen \u00dcbergriffe sowohl der Arbeiter wie der einzelnen Kapitalisten\u00ab (Friedrich Engels).<\/p><cite>Johannes Hauer und Marco Hamann<\/cite><\/blockquote>\n\n\n\n<figure class=\"wp-block-image alignwide size-large\"><img loading=\"lazy\" decoding=\"async\" width=\"1024\" height=\"717\" src=\"http:\/\/klauskunze.com\/blog\/wp-content\/uploads\/2021\/01\/ddr53050-1024x717.jpg\" alt=\"\" class=\"wp-image-2897\" srcset=\"https:\/\/klauskunze.com\/blog\/wp-content\/uploads\/2021\/01\/ddr53050-1024x717.jpg 1024w, https:\/\/klauskunze.com\/blog\/wp-content\/uploads\/2021\/01\/ddr53050-300x210.jpg 300w, https:\/\/klauskunze.com\/blog\/wp-content\/uploads\/2021\/01\/ddr53050-768x538.jpg 768w, https:\/\/klauskunze.com\/blog\/wp-content\/uploads\/2021\/01\/ddr53050-900x630.jpg 900w, https:\/\/klauskunze.com\/blog\/wp-content\/uploads\/2021\/01\/ddr53050-1280x896.jpg 1280w, https:\/\/klauskunze.com\/blog\/wp-content\/uploads\/2021\/01\/ddr53050.jpg 1450w\" sizes=\"auto, (max-width: 1024px) 100vw, 1024px\" \/><figcaption>Jungle World beruft sich 2021 noch fr\u00f6hlich auf Marx und Engels, als sei seitdem nichts geschehen.<\/figcaption><\/figure>\n\n\n\n<h3 class=\"wp-block-heading\">Sozialagentur statt Staat<\/h3>\n\n\n\n<p>Tats\u00e4chlich hat sich der moderne Staat aber gerade im Gegensatz zur b\u00fcrgerlichen Gesellschaft und ihren auch finanziellen Interessen herausgebildet. Er ist weder ihr Exponent, noch diente er urspr\u00fcnglich allein ihrem Schutz. Vielmehr verstanden die Staatstheoretiker der fr\u00fchen Neuzeit, an ihrer Spitze Jean Bodin, den Staat als etwas der Gesellschaft geradezu Entgegengesetztes.<\/p>\n\n\n\n<p>Zur Gesellschaft geh\u00f6rt n\u00e4mlich nicht nur das B\u00fcrgertum, sondern geh\u00f6rten auch der Adel, die Bauern und mehrheitlich arme und wenig besitzende Leute. Der absolutistische Staat sollte aus allen diesen Teilen ein Ganzes formen, ohne an Einzelinteressen gebunden zu sein. Das schwebte bis ins 20. Jahrhundert &#8222;Etatisten&#8220; vor: ein machtvoller Staat, unabh\u00e4ngig von Einzelinteressen. Das B\u00fcrgertum als gesellschaftliche Kraft war immer erbitterter Feind des Etatismus, weil dieser seine politischen Freiheiten und die Freiheit zum Geldverdienen beschneiden konnte.<\/p>\n\n\n\n<p>Im preu\u00dfischen Verfassungskonflikt setzte sich der Staat 1862 ein letztes Mal gegen die Gesellschaft durch, dann war es aus mit ihm. Seitdem hat die Gesellschaft ihn sich schrittweise unterworfen. Ihre jeweilige Majorit\u00e4t r\u00e4kelt sich seitdem periodisch auf dem Thron der fr\u00fcheren Majest\u00e4t, dem alten Symbol des staatlichen Ganzen. Deren verfassungsrechtlicher Nachfolger, der Bundespr\u00e4sident, darf noch die moralische Quintessenz des parteipolitischen Establishments verlautbaren. Darum ist auch ein Markus S\u00f6der als Exponent des b\u00fcrgerlichen Teils der Gesellschaft und eines gewissen sozialen Verst\u00e4ndnisses das Gegenteil eines Etatisten.<\/p>\n\n\n\n<p>Der Staat als \u00fcberparteilicher Akteur wurde von seinem alten Gegenspieler, der Gesellschaft, vollst\u00e4ndig absorbiert und zur Sozialagentur umgewandelt. Die Gesellschaft ihrerseits kann sich ihrer Freiheit und Selbst\u00e4ndigkeit nur in dem Ma\u00dfe erfreuen, als ein mittlerweile global agierendes Finanzkapital es ihr noch erm\u00f6glicht. Hauer und Hamann weisen zu Recht darauf hin:<\/p>\n\n\n\n<blockquote class=\"wp-block-quote is-layout-flow wp-block-quote-is-layout-flow\"><p>Die Regierungen und Staatsapparate handeln in relativer Autonomie innerhalb der ihnen durch die kapitalistische Produktionsweise auferlegten Bedingungen und Zw\u00e4nge, die ihnen weder vollst\u00e4ndig einsichtig sind noch ihr Handeln mechanisch vorherbestimmen. Vielmehr sind sie zu experimentellen Eingriffen in die Produktions- und Lebensverh\u00e4ltnisse gen\u00f6tigt, wobei die \u00f6konomischen Gesetzm\u00e4\u00dfigkeiten ihre Handlungsspielr\u00e4ume begrenzen.<\/p><cite>Johannes Hauer und Marco Hamann<\/cite><\/blockquote>\n\n\n\n<h2 class=\"wp-block-heading\">Die gro\u00dfen Momente der Politik<\/h2>\n\n\n\n<p>Zu unseren innergesellschaftlichen Akteuren geh\u00f6ren die gobalen Finanzriesen wie Facebook, Google, Amazon und vielen anderen schon lange nicht mehr. Sie gaben seit Jahren mehr oder weniger versteckt den Takt an, zu dem die innerstaatliche Musik zu spielen hat. Wer den Zusammenhang zwischen unserer vergreisenden Bev\u00f6lkerung, dem Mangel an Arbeitskr\u00e4ften und irgendwann an Nachfrage und dem millionenfachen Einschleusen von Menschenmassen nach Deutschland nicht erkennt, lebt in einer moralisierenden Traumwelt.<\/p>\n\n\n\n<p>Es sind immer wieder dieselben Namen internationaler Finanzgr\u00f6\u00dfen, denen wir auch an vorderster ideologischer Front wiederbegegnen: Sie siedeln sich auch in Deutschland an, gr\u00fcnden &#8222;gemeinn\u00fctzige&#8220; Stiftungen oder sorgen auch auf sozialen Plattformen f\u00fcr die globale Verbreitung einer Weltanschauung, jetzt auch mit offener Zensur. Diese begr\u00fcndet, flankiert und sichert die Voraussetzungen ihrer grenz\u00fcberschreitenden \u00f6konomischen Macht.<\/p>\n\n\n\n<p>Es sind seltene, gro\u00dfe Momente des Politischen, in denen der moralische Vorhang kurz aufrei\u00dft und der politische Feind in aller Deutlichkeit sichtbar wird. Gew\u00f6hnlich maskiert er sich durch moralische Nebelschwaden. Zu diesen gro\u00dfen Momenten z\u00e4hlte der Tag, an denen die amerikanischen Internetgiganten den scheidenden Pr\u00e4sidenten Trump von ihren Plattformen sperrten.<\/p>\n\n\n\n<p>Dieser hatte ihnen schon lange die Fl\u00fcgel stutzen wollen. Solange Trump Pr\u00e4sident ist, ist er zwar auch pers\u00f6nlich Teil des gesellschaftlichen Geschehens und Teilhaber des kapitalistischen Monopolys. Zugleich verband sich mit seinem pers\u00f6nlichen Machtinteresse aber die Macht seines Staates als Gegenspieler gesellschaftlicher Interessen. Seine Sperrung ist die Rache solcher Interessenten an einem Pr\u00e4sidenten, der versucht hat, der Meinungsfreiheit f\u00fcr jedermann gegen die moralisierenden Beschr\u00e4nkungen des Silicon Valley durchzusetzen.<\/p>\n\n\n\n<p>Mit diesem Versuch ist Trump gescheitert. Die Frage: &#8222;Wer herrscht im Lande?&#8220; ist sinnlos ohne die Frage: &#8222;Wer beherrscht den, der im Lande herrscht?&#8220; Wer herrscht \u00fcber die K\u00f6pfe und Meinungen der Menschen? In wessen Interesse werden wir dazu gebracht, was wir zu glauben haben, wen wir lieben m\u00fcssen und was wir nicht hassen d\u00fcrfen?<\/p>\n\n\n\n<p>In Deutschland hat die Gesellschaft den Staat gefressen, verdaut und wieder ausgeschieden. Zugleich n\u00e4hrt sich und zehrt der internationale Finanzkapitalismus von der Gesellschaft. Er wei\u00df seine Schafe zu scheren, ohne sie zu schlachten, und ihnen zugleich den Stolz zu vermitteln, n\u00fctzliche und zugleich moralische Schafe zu sein.<\/p>\n","protected":false},"excerpt":{"rendered":"<p>Wie sich die linke &#8222;Jungle World&#8220; im Dschungel verirrt Wer seine politische Lageanalyse auf breiter Basis durchsetzt, schafft die Voraussetzungen seiner Macht\u00fcbernahme. Geistige F\u00fchrung sucht immer die \u00e4rgste Konkurrenz auszuschalten und gibt die Losung aus: &#8222;Da steht der Feind!&#8220; Aus Sicht echter Linker ist das allemal der Kapitalismus, das wissen sie von Marx und Engels. [&hellip;]<\/p>\n","protected":false},"author":1,"featured_media":2897,"comment_status":"open","ping_status":"open","sticky":false,"template":"","format":"standard","meta":{"h5ap_radio_sources":[],"twitterCardType":"","cardImageID":0,"cardImage":"","cardTitle":"","cardDesc":"","cardImageAlt":"","cardPlayer":"","cardPlayerWidth":0,"cardPlayerHeight":0,"cardPlayerStream":"","cardPlayerCodec":"","footnotes":""},"categories":[1,17],"tags":[],"class_list":["post-2891","post","type-post","status-publish","format-standard","has-post-thumbnail","hentry","category-allgemein","category-politik"],"yoast_head":"<!-- This site is optimized with the Yoast SEO plugin v27.5 - https:\/\/yoast.com\/product\/yoast-seo-wordpress\/ -->\n<title>Im 19. Jahrhundert steckengeblieben - Klaus Kunze<\/title>\n<meta name=\"robots\" content=\"index, follow, max-snippet:-1, max-image-preview:large, max-video-preview:-1\" \/>\n<link rel=\"canonical\" href=\"https:\/\/klauskunze.com\/blog\/2021\/01\/11\/im-19-jahrhundert-steckengeblieben\/\" \/>\n<meta property=\"og:locale\" content=\"de_DE\" \/>\n<meta property=\"og:type\" content=\"article\" \/>\n<meta property=\"og:title\" content=\"Im 19. Jahrhundert steckengeblieben - Klaus Kunze\" \/>\n<meta property=\"og:description\" content=\"Wie sich die linke &#8222;Jungle World&#8220; im Dschungel verirrt Wer seine politische Lageanalyse auf breiter Basis durchsetzt, schafft die Voraussetzungen seiner Macht\u00fcbernahme. Geistige F\u00fchrung sucht immer die \u00e4rgste Konkurrenz auszuschalten und gibt die Losung aus: &#8222;Da steht der Feind!&#8220; Aus Sicht echter Linker ist das allemal der Kapitalismus, das wissen sie von Marx und Engels. [&hellip;]\" \/>\n<meta property=\"og:url\" content=\"https:\/\/klauskunze.com\/blog\/2021\/01\/11\/im-19-jahrhundert-steckengeblieben\/\" \/>\n<meta property=\"og:site_name\" content=\"Klaus Kunze\" \/>\n<meta property=\"article:published_time\" content=\"2021-01-11T11:36:48+00:00\" \/>\n<meta property=\"article:modified_time\" content=\"2021-01-11T12:16:45+00:00\" \/>\n<meta property=\"og:image\" content=\"https:\/\/klauskunze.com\/blog\/wp-content\/uploads\/2021\/01\/ddr53050.jpg\" \/>\n\t<meta property=\"og:image:width\" content=\"1450\" \/>\n\t<meta property=\"og:image:height\" content=\"1015\" \/>\n\t<meta property=\"og:image:type\" content=\"image\/jpeg\" \/>\n<meta name=\"author\" content=\"Klaus Kunze\" \/>\n<meta name=\"twitter:label1\" content=\"Verfasst von\" \/>\n\t<meta name=\"twitter:data1\" content=\"Klaus Kunze\" \/>\n\t<meta name=\"twitter:label2\" content=\"Gesch\u00e4tzte Lesezeit\" \/>\n\t<meta name=\"twitter:data2\" content=\"6\u00a0Minuten\" \/>\n<script type=\"application\/ld+json\" class=\"yoast-schema-graph\">{\"@context\":\"https:\\\/\\\/schema.org\",\"@graph\":[{\"@type\":\"Article\",\"@id\":\"https:\\\/\\\/klauskunze.com\\\/blog\\\/2021\\\/01\\\/11\\\/im-19-jahrhundert-steckengeblieben\\\/#article\",\"isPartOf\":{\"@id\":\"https:\\\/\\\/klauskunze.com\\\/blog\\\/2021\\\/01\\\/11\\\/im-19-jahrhundert-steckengeblieben\\\/\"},\"author\":{\"name\":\"Klaus Kunze\",\"@id\":\"https:\\\/\\\/klauskunze.com\\\/blog\\\/#\\\/schema\\\/person\\\/9c091cf30ab68b897db6a517e3c3b11b\"},\"headline\":\"Im 19. Jahrhundert steckengeblieben\",\"datePublished\":\"2021-01-11T11:36:48+00:00\",\"dateModified\":\"2021-01-11T12:16:45+00:00\",\"mainEntityOfPage\":{\"@id\":\"https:\\\/\\\/klauskunze.com\\\/blog\\\/2021\\\/01\\\/11\\\/im-19-jahrhundert-steckengeblieben\\\/\"},\"wordCount\":1139,\"commentCount\":1,\"publisher\":{\"@id\":\"https:\\\/\\\/klauskunze.com\\\/blog\\\/#\\\/schema\\\/person\\\/9c091cf30ab68b897db6a517e3c3b11b\"},\"image\":{\"@id\":\"https:\\\/\\\/klauskunze.com\\\/blog\\\/2021\\\/01\\\/11\\\/im-19-jahrhundert-steckengeblieben\\\/#primaryimage\"},\"thumbnailUrl\":\"https:\\\/\\\/klauskunze.com\\\/blog\\\/wp-content\\\/uploads\\\/2021\\\/01\\\/ddr53050.jpg\",\"articleSection\":{\"1\":\"Politik\"},\"inLanguage\":\"de\",\"potentialAction\":[{\"@type\":\"CommentAction\",\"name\":\"Comment\",\"target\":[\"https:\\\/\\\/klauskunze.com\\\/blog\\\/2021\\\/01\\\/11\\\/im-19-jahrhundert-steckengeblieben\\\/#respond\"]}]},{\"@type\":\"WebPage\",\"@id\":\"https:\\\/\\\/klauskunze.com\\\/blog\\\/2021\\\/01\\\/11\\\/im-19-jahrhundert-steckengeblieben\\\/\",\"url\":\"https:\\\/\\\/klauskunze.com\\\/blog\\\/2021\\\/01\\\/11\\\/im-19-jahrhundert-steckengeblieben\\\/\",\"name\":\"Im 19. Jahrhundert steckengeblieben - Klaus Kunze\",\"isPartOf\":{\"@id\":\"https:\\\/\\\/klauskunze.com\\\/blog\\\/#website\"},\"primaryImageOfPage\":{\"@id\":\"https:\\\/\\\/klauskunze.com\\\/blog\\\/2021\\\/01\\\/11\\\/im-19-jahrhundert-steckengeblieben\\\/#primaryimage\"},\"image\":{\"@id\":\"https:\\\/\\\/klauskunze.com\\\/blog\\\/2021\\\/01\\\/11\\\/im-19-jahrhundert-steckengeblieben\\\/#primaryimage\"},\"thumbnailUrl\":\"https:\\\/\\\/klauskunze.com\\\/blog\\\/wp-content\\\/uploads\\\/2021\\\/01\\\/ddr53050.jpg\",\"datePublished\":\"2021-01-11T11:36:48+00:00\",\"dateModified\":\"2021-01-11T12:16:45+00:00\",\"breadcrumb\":{\"@id\":\"https:\\\/\\\/klauskunze.com\\\/blog\\\/2021\\\/01\\\/11\\\/im-19-jahrhundert-steckengeblieben\\\/#breadcrumb\"},\"inLanguage\":\"de\",\"potentialAction\":[{\"@type\":\"ReadAction\",\"target\":[\"https:\\\/\\\/klauskunze.com\\\/blog\\\/2021\\\/01\\\/11\\\/im-19-jahrhundert-steckengeblieben\\\/\"]}]},{\"@type\":\"ImageObject\",\"inLanguage\":\"de\",\"@id\":\"https:\\\/\\\/klauskunze.com\\\/blog\\\/2021\\\/01\\\/11\\\/im-19-jahrhundert-steckengeblieben\\\/#primaryimage\",\"url\":\"https:\\\/\\\/klauskunze.com\\\/blog\\\/wp-content\\\/uploads\\\/2021\\\/01\\\/ddr53050.jpg\",\"contentUrl\":\"https:\\\/\\\/klauskunze.com\\\/blog\\\/wp-content\\\/uploads\\\/2021\\\/01\\\/ddr53050.jpg\",\"width\":1450,\"height\":1015},{\"@type\":\"BreadcrumbList\",\"@id\":\"https:\\\/\\\/klauskunze.com\\\/blog\\\/2021\\\/01\\\/11\\\/im-19-jahrhundert-steckengeblieben\\\/#breadcrumb\",\"itemListElement\":[{\"@type\":\"ListItem\",\"position\":1,\"name\":\"Startseite\",\"item\":\"https:\\\/\\\/klauskunze.com\\\/blog\\\/\"},{\"@type\":\"ListItem\",\"position\":2,\"name\":\"Im 19. Jahrhundert steckengeblieben\"}]},{\"@type\":\"WebSite\",\"@id\":\"https:\\\/\\\/klauskunze.com\\\/blog\\\/#website\",\"url\":\"https:\\\/\\\/klauskunze.com\\\/blog\\\/\",\"name\":\"Klaus Kunze\",\"description\":\"Blog\",\"publisher\":{\"@id\":\"https:\\\/\\\/klauskunze.com\\\/blog\\\/#\\\/schema\\\/person\\\/9c091cf30ab68b897db6a517e3c3b11b\"},\"potentialAction\":[{\"@type\":\"SearchAction\",\"target\":{\"@type\":\"EntryPoint\",\"urlTemplate\":\"https:\\\/\\\/klauskunze.com\\\/blog\\\/?s={search_term_string}\"},\"query-input\":{\"@type\":\"PropertyValueSpecification\",\"valueRequired\":true,\"valueName\":\"search_term_string\"}}],\"inLanguage\":\"de\"},{\"@type\":[\"Person\",\"Organization\"],\"@id\":\"https:\\\/\\\/klauskunze.com\\\/blog\\\/#\\\/schema\\\/person\\\/9c091cf30ab68b897db6a517e3c3b11b\",\"name\":\"Klaus Kunze\",\"image\":{\"@type\":\"ImageObject\",\"inLanguage\":\"de\",\"@id\":\"https:\\\/\\\/secure.gravatar.com\\\/avatar\\\/5cd83cadbada9c331a79952fcca177ed3d3be4c7ad3239b9d934bf84adff15dd?s=96&d=blank&r=g\",\"url\":\"https:\\\/\\\/secure.gravatar.com\\\/avatar\\\/5cd83cadbada9c331a79952fcca177ed3d3be4c7ad3239b9d934bf84adff15dd?s=96&d=blank&r=g\",\"contentUrl\":\"https:\\\/\\\/secure.gravatar.com\\\/avatar\\\/5cd83cadbada9c331a79952fcca177ed3d3be4c7ad3239b9d934bf84adff15dd?s=96&d=blank&r=g\",\"caption\":\"Klaus Kunze\"},\"logo\":{\"@id\":\"https:\\\/\\\/secure.gravatar.com\\\/avatar\\\/5cd83cadbada9c331a79952fcca177ed3d3be4c7ad3239b9d934bf84adff15dd?s=96&d=blank&r=g\"},\"sameAs\":[\"http:\\\/\\\/KlausKunze.com\",\"https:\\\/\\\/x.com\\\/https:\\\/\\\/twitter.com\\\/KlausKunze3\"]}]}<\/script>\n<!-- \/ Yoast SEO plugin. -->","yoast_head_json":{"title":"Im 19. Jahrhundert steckengeblieben - Klaus Kunze","robots":{"index":"index","follow":"follow","max-snippet":"max-snippet:-1","max-image-preview":"max-image-preview:large","max-video-preview":"max-video-preview:-1"},"canonical":"https:\/\/klauskunze.com\/blog\/2021\/01\/11\/im-19-jahrhundert-steckengeblieben\/","og_locale":"de_DE","og_type":"article","og_title":"Im 19. Jahrhundert steckengeblieben - Klaus Kunze","og_description":"Wie sich die linke &#8222;Jungle World&#8220; im Dschungel verirrt Wer seine politische Lageanalyse auf breiter Basis durchsetzt, schafft die Voraussetzungen seiner Macht\u00fcbernahme. Geistige F\u00fchrung sucht immer die \u00e4rgste Konkurrenz auszuschalten und gibt die Losung aus: &#8222;Da steht der Feind!&#8220; Aus Sicht echter Linker ist das allemal der Kapitalismus, das wissen sie von Marx und Engels. [&hellip;]","og_url":"https:\/\/klauskunze.com\/blog\/2021\/01\/11\/im-19-jahrhundert-steckengeblieben\/","og_site_name":"Klaus Kunze","article_published_time":"2021-01-11T11:36:48+00:00","article_modified_time":"2021-01-11T12:16:45+00:00","og_image":[{"width":1450,"height":1015,"url":"https:\/\/klauskunze.com\/blog\/wp-content\/uploads\/2021\/01\/ddr53050.jpg","type":"image\/jpeg"}],"author":"Klaus Kunze","twitter_misc":{"Verfasst von":"Klaus Kunze","Gesch\u00e4tzte Lesezeit":"6\u00a0Minuten"},"schema":{"@context":"https:\/\/schema.org","@graph":[{"@type":"Article","@id":"https:\/\/klauskunze.com\/blog\/2021\/01\/11\/im-19-jahrhundert-steckengeblieben\/#article","isPartOf":{"@id":"https:\/\/klauskunze.com\/blog\/2021\/01\/11\/im-19-jahrhundert-steckengeblieben\/"},"author":{"name":"Klaus Kunze","@id":"https:\/\/klauskunze.com\/blog\/#\/schema\/person\/9c091cf30ab68b897db6a517e3c3b11b"},"headline":"Im 19. Jahrhundert steckengeblieben","datePublished":"2021-01-11T11:36:48+00:00","dateModified":"2021-01-11T12:16:45+00:00","mainEntityOfPage":{"@id":"https:\/\/klauskunze.com\/blog\/2021\/01\/11\/im-19-jahrhundert-steckengeblieben\/"},"wordCount":1139,"commentCount":1,"publisher":{"@id":"https:\/\/klauskunze.com\/blog\/#\/schema\/person\/9c091cf30ab68b897db6a517e3c3b11b"},"image":{"@id":"https:\/\/klauskunze.com\/blog\/2021\/01\/11\/im-19-jahrhundert-steckengeblieben\/#primaryimage"},"thumbnailUrl":"https:\/\/klauskunze.com\/blog\/wp-content\/uploads\/2021\/01\/ddr53050.jpg","articleSection":{"1":"Politik"},"inLanguage":"de","potentialAction":[{"@type":"CommentAction","name":"Comment","target":["https:\/\/klauskunze.com\/blog\/2021\/01\/11\/im-19-jahrhundert-steckengeblieben\/#respond"]}]},{"@type":"WebPage","@id":"https:\/\/klauskunze.com\/blog\/2021\/01\/11\/im-19-jahrhundert-steckengeblieben\/","url":"https:\/\/klauskunze.com\/blog\/2021\/01\/11\/im-19-jahrhundert-steckengeblieben\/","name":"Im 19. Jahrhundert steckengeblieben - Klaus Kunze","isPartOf":{"@id":"https:\/\/klauskunze.com\/blog\/#website"},"primaryImageOfPage":{"@id":"https:\/\/klauskunze.com\/blog\/2021\/01\/11\/im-19-jahrhundert-steckengeblieben\/#primaryimage"},"image":{"@id":"https:\/\/klauskunze.com\/blog\/2021\/01\/11\/im-19-jahrhundert-steckengeblieben\/#primaryimage"},"thumbnailUrl":"https:\/\/klauskunze.com\/blog\/wp-content\/uploads\/2021\/01\/ddr53050.jpg","datePublished":"2021-01-11T11:36:48+00:00","dateModified":"2021-01-11T12:16:45+00:00","breadcrumb":{"@id":"https:\/\/klauskunze.com\/blog\/2021\/01\/11\/im-19-jahrhundert-steckengeblieben\/#breadcrumb"},"inLanguage":"de","potentialAction":[{"@type":"ReadAction","target":["https:\/\/klauskunze.com\/blog\/2021\/01\/11\/im-19-jahrhundert-steckengeblieben\/"]}]},{"@type":"ImageObject","inLanguage":"de","@id":"https:\/\/klauskunze.com\/blog\/2021\/01\/11\/im-19-jahrhundert-steckengeblieben\/#primaryimage","url":"https:\/\/klauskunze.com\/blog\/wp-content\/uploads\/2021\/01\/ddr53050.jpg","contentUrl":"https:\/\/klauskunze.com\/blog\/wp-content\/uploads\/2021\/01\/ddr53050.jpg","width":1450,"height":1015},{"@type":"BreadcrumbList","@id":"https:\/\/klauskunze.com\/blog\/2021\/01\/11\/im-19-jahrhundert-steckengeblieben\/#breadcrumb","itemListElement":[{"@type":"ListItem","position":1,"name":"Startseite","item":"https:\/\/klauskunze.com\/blog\/"},{"@type":"ListItem","position":2,"name":"Im 19. Jahrhundert steckengeblieben"}]},{"@type":"WebSite","@id":"https:\/\/klauskunze.com\/blog\/#website","url":"https:\/\/klauskunze.com\/blog\/","name":"Klaus Kunze","description":"Blog","publisher":{"@id":"https:\/\/klauskunze.com\/blog\/#\/schema\/person\/9c091cf30ab68b897db6a517e3c3b11b"},"potentialAction":[{"@type":"SearchAction","target":{"@type":"EntryPoint","urlTemplate":"https:\/\/klauskunze.com\/blog\/?s={search_term_string}"},"query-input":{"@type":"PropertyValueSpecification","valueRequired":true,"valueName":"search_term_string"}}],"inLanguage":"de"},{"@type":["Person","Organization"],"@id":"https:\/\/klauskunze.com\/blog\/#\/schema\/person\/9c091cf30ab68b897db6a517e3c3b11b","name":"Klaus Kunze","image":{"@type":"ImageObject","inLanguage":"de","@id":"https:\/\/secure.gravatar.com\/avatar\/5cd83cadbada9c331a79952fcca177ed3d3be4c7ad3239b9d934bf84adff15dd?s=96&d=blank&r=g","url":"https:\/\/secure.gravatar.com\/avatar\/5cd83cadbada9c331a79952fcca177ed3d3be4c7ad3239b9d934bf84adff15dd?s=96&d=blank&r=g","contentUrl":"https:\/\/secure.gravatar.com\/avatar\/5cd83cadbada9c331a79952fcca177ed3d3be4c7ad3239b9d934bf84adff15dd?s=96&d=blank&r=g","caption":"Klaus Kunze"},"logo":{"@id":"https:\/\/secure.gravatar.com\/avatar\/5cd83cadbada9c331a79952fcca177ed3d3be4c7ad3239b9d934bf84adff15dd?s=96&d=blank&r=g"},"sameAs":["http:\/\/KlausKunze.com","https:\/\/x.com\/https:\/\/twitter.com\/KlausKunze3"]}]}},"post_mailing_queue_ids":[],"_links":{"self":[{"href":"https:\/\/klauskunze.com\/blog\/wp-json\/wp\/v2\/posts\/2891","targetHints":{"allow":["GET"]}}],"collection":[{"href":"https:\/\/klauskunze.com\/blog\/wp-json\/wp\/v2\/posts"}],"about":[{"href":"https:\/\/klauskunze.com\/blog\/wp-json\/wp\/v2\/types\/post"}],"author":[{"embeddable":true,"href":"https:\/\/klauskunze.com\/blog\/wp-json\/wp\/v2\/users\/1"}],"replies":[{"embeddable":true,"href":"https:\/\/klauskunze.com\/blog\/wp-json\/wp\/v2\/comments?post=2891"}],"version-history":[{"count":9,"href":"https:\/\/klauskunze.com\/blog\/wp-json\/wp\/v2\/posts\/2891\/revisions"}],"predecessor-version":[{"id":2902,"href":"https:\/\/klauskunze.com\/blog\/wp-json\/wp\/v2\/posts\/2891\/revisions\/2902"}],"wp:featuredmedia":[{"embeddable":true,"href":"https:\/\/klauskunze.com\/blog\/wp-json\/wp\/v2\/media\/2897"}],"wp:attachment":[{"href":"https:\/\/klauskunze.com\/blog\/wp-json\/wp\/v2\/media?parent=2891"}],"wp:term":[{"taxonomy":"category","embeddable":true,"href":"https:\/\/klauskunze.com\/blog\/wp-json\/wp\/v2\/categories?post=2891"},{"taxonomy":"post_tag","embeddable":true,"href":"https:\/\/klauskunze.com\/blog\/wp-json\/wp\/v2\/tags?post=2891"}],"curies":[{"name":"wp","href":"https:\/\/api.w.org\/{rel}","templated":true}]}}