{"id":2925,"date":"2021-01-13T19:35:20","date_gmt":"2021-01-13T18:35:20","guid":{"rendered":"http:\/\/klauskunze.com\/blog\/?p=2925"},"modified":"2021-01-18T09:39:00","modified_gmt":"2021-01-18T08:39:00","slug":"die-unfreiheit-ist-ein-meister-aus-amerika","status":"publish","type":"post","link":"https:\/\/klauskunze.com\/blog\/2021\/01\/13\/die-unfreiheit-ist-ein-meister-aus-amerika\/","title":{"rendered":"Die Unfreiheit ist ein Meister aus Amerika"},"content":{"rendered":"\n<h1 class=\"wp-block-heading\">Nur nette Amerikaner<\/h1>\n\n\n\n<p>Ich kenne pers\u00f6nlich nur nette Amerikaner. Meine ersten lernte ich auf dem <a href=\"http:\/\/klauskunze.com\/SF\/HeiCon70.htm\">Science-Fiction Weltkongre\u00df in Heidelberg 1970<\/a> kennen: Ruhig, neugierig, aufgeschlossen &#8211; einfach freundliche Menschen. Sie sind nicht meine Feinde.<\/p>\n\n\n\n<p>Carl Schmitt hat den Unterschied zwischen einem individuellen Feind (lateinisch <em>inimicus)<\/em> und dem potentiellen Feind einer menschlichen Gesamtheit (<em>hostis<\/em>) herausgearbeitet: Feindschaft ist die seinsm\u00e4\u00dfige Negierung eines anderen Seins.<a href=\"#_ftn1\">[1]<\/a> Wie Feuer und Wasser nicht zugleich bestehen k\u00f6nnen, kann die manche Existenzform nicht neben der anderen zugleich Bestand haben.<\/p>\n\n\n\n<p>Die Existenzform der USA ist der Amerikanismus. Als bleibende Verlockung des Besitzb\u00fcrgertums verspricht er ein risikolos unpolitisches Dasein<a href=\"#_ftn2\">[2]<\/a>, den endg\u00fcltigen Abschied von all dem b\u00f6sen Politischen. Die ganze <em>One World<\/em> werde einer gl\u00fccklichen Epoche entgegengehen, wenn sie einmal <em>safe for democracy <\/em>geworden sein &#8211; das Ende der Geschichte und die Aufl\u00f6sung aller Konflikte in einer Weltgesellschaft reiner \u00d6konomie.<\/p>\n\n\n\n<h3 class=\"wp-block-heading\">Vom obrigkeitlichen Regen in die \u00f6konomische Traufe<\/h3>\n\n\n\n<p>Im Nirwana der reinen \u00d6konomie l\u00f6sen sich freilich zwar die einen Machtverh\u00e4ltnisse auf. Andere festigen sich aber umso st\u00e4rker. Den feudalen Fesseln kaum entronnen, fanden sich die Menschen in einer Massengesellschaft wieder und wurden zu Untertanen von Obrigkeitsstaaten. Die sind vergangen, mit ihnen aber auch der Staat als ein potentieller Schutzpatron unserer Freiheit vor gesellschaftlichen M\u00e4chten und \u00dcberm\u00e4chten:<\/p>\n\n\n\n<p>Globale Konzerne gaukeln uns in ihrer Eigenwerbung vor, wie frei wir doch sind, ihre Produkte zu kaufen. Sie fordern immer mehr Freiheit, globale Freiheit, vor allem f\u00fcr sich selbst. Aus dem staatlichen normierten Untertanen werden wir zu \u00f6konomisch normierten Einheitsverbrauchern. Viele Menschen haben in ihrer Konsumlust nichts dagegen. Schlie\u00dflich sind sie Individualisten und als Kunden frei in ihrer Wahl &#8211; oder?<\/p>\n\n\n\n<p>Worin aber besteht die Freiheit des zum Verbraucher denaturierten B\u00fcrgers, sobald eine globale AG, die ihn entlohnt, ihr deutsches Werk schlie\u00dft? Worin besteht sie, wenn er im Supermarkt nur zu kaufen bekommt, was man ihm ins Regal stellt? Worin besteht sie, wenn globale Konzerne wie Twitter oder Facebook ihn aussperren? Was Trump widerfuhr, geh\u00f6rt f\u00fcr unz\u00e4hlige kritische Stimmen seit Jahren zum Alltag.<\/p>\n\n\n\n<blockquote class=\"wp-block-quote is-layout-flow wp-block-quote-is-layout-flow\"><p>Die H\u00f6hepunkte der gro\u00dfen Politik sind zugleich die Augenblicke, in denen der Feind in konkreter Deutlichkeit als Feind erblickt wird.\u201c<a href=\"#_ftn3\">[3]<\/a><\/p><cite>Carl Schmitt, Der Begriff des Politischen, S.67.<\/cite><\/blockquote>\n\n\n\n<p>Wir ahnen, da\u00df wir wieder eine Instanz ben\u00f6tigen, die globalen Datenkraken zu b\u00e4ndigen und ihnen unsere freiheitlichen Regeln aufzuzwingen. Eine solche Institution war einst unser Staat, als er noch als neutral \u00fcber den gesellschaftlichen Kr\u00e4ften stehend handeltn sollte. Er sollte wieder dazu berufen werden, unsere B\u00fcrgerrechte durchzusetzen. Zu ihnen geh\u00f6rt, da\u00df uns der Kneipenwirt an der Ecke einlassen mu\u00df, ohne nach unserer Gesinnung zu fragen, da\u00df wir das Anrecht gewinnen, ein St\u00fcck Butter zu kaufen, ohne da\u00df die Ladenkette uns aussperren darf, weil ihr unsere Meinung nicht pa\u00dft, und da\u00df wir auf jedermann zug\u00e4nglichen Internetplattformen ebenso frei meinen k\u00f6nnen, was wir wollen, ohne ausgesperrt zu werden. Meinungsfreiheit ist keine reine Privatsache.<\/p>\n\n\n\n<h3 class=\"wp-block-heading\">Individualismus auf dem R\u00fcckzug<\/h3>\n\n\n\n<p>Als freie B\u00fcrger, die wir sind und bleiben wollen, f\u00fchlen wir uns als Individualisten. Die waren fr\u00fcher jeder Staatsmacht verd\u00e4chtig und sind es heute den selbsternannten Tugendw\u00e4chtern vom Silicon Valley. Sie bilden heute faktische Meinungsmonopole: Wer etwas Unkorrektes sagt, ist weg vom Fenster. Trump hat das bitter erfahren. Jetzt wissen es alle. Niekisch ahnte es schon 1929:<\/p>\n\n\n\n<blockquote class=\"wp-block-quote is-layout-flow wp-block-quote-is-layout-flow\"><p>In der Entwicklung des Konkurrenzkapitalismus zum Monopolkapitalismus k\u00fcndigte sich das Umsichgreifen des Antiindividualismus an. Noch sieht man nicht ab, &nbsp;welche spzialen und politischen Bindungen die neue Sachlage unvermeidlich der Menschheit aufzwingen will.<a href=\"#_ftn4\">[4]<\/a><\/p><cite>Ernst Niekisch, Gedanken \u00fcber deutsche Politik, 1929, S.301 f.<\/cite><\/blockquote>\n\n\n\n<p>Inzwischen f\u00e4llt es immer mehr Menschen auf. Sie sind aber weitgehend machtlos. Dushan Wegener erkennt die drohende Macht\u00fcbernahme durch Konzerne, deren Firmenideologie zum Ma\u00dfstab daf\u00fcr wird, was wir noch frei verbreiten k\u00f6nnen:<\/p>\n\n\n\n<blockquote class=\"wp-block-quote is-layout-flow wp-block-quote-is-layout-flow\"><p>Man nehme den Puritanismus, der nach \u00bbReinheit\u00ab strebt (und in seinem \u00dcbereifer zu Ergebnissen gelangen kann, die von au\u00dfen sehr \u00bbunrein\u00ab wirken), dazu die moderne ultravernetzte Kommunikationstechnologie, sowie eine menschliche Entwicklungsstufe, welche in mancher Hinsicht derart \u00bbeffektive\u00ab Methoden hervorgebracht hat, dass sie bereits wieder das Gegenteil der angegebenen Absicht erreichen (Essen, das uns mangelern\u00e4hrt; Schule, die unsere Kinder d\u00fcmmer macht; Unterhaltung, die uns zu Tode langweilt; Information, die uns desinformiert; Armutsbek\u00e4mpfung, die Armut schafft; Toleranz, die Intoleranz f\u00f6rdert; Demokratie, die das Volk entmachtet, et cetera) \u2013 all die anderen Entwicklungen, ob von den vorgeblichen \u00bbAnti-Rassisten\u00ab gesch\u00fcrte Rassenunruhen, oder der \u00bbgute\u00ab Mob, der mit ideeller R\u00fcckendeckung der Konzerne die Gesch\u00e4fte der Einzelh\u00e4ndler pl\u00fcndert, oder nat\u00fcrlich vorerst final die Macht\u00fcbernahme durch Konzerne und konzernartige Staaten, all das ist \u00bbnur\u00ab Konsequenz, Folge und Epiph\u00e4nomen der zugrundeliegenden \u00bbDenkschulen-DNA\u00ab, eines Puritanismus, der sich durch moderne Technologie und eigene \u00dcber-Effektivit\u00e4t gegen sich selbst wendet.<\/p><cite>Dushan Wegener, <a href=\"https:\/\/www.dushanwegner.com\/andere-geschichte\/\">Andere Geschichte, andere B\u00fccher, 13.1.2021<\/a><\/cite><\/blockquote>\n\n\n\n<p>Amerikanismus hei\u00dft heute f\u00fcr uns mehr denn je, uns amerikanischer Marktmacht und zugleich ihrer Denkweise widerstandslos zu unterwerfen. Diese Denkweise ist im Kern Religion. Der wirtschaftlich Erfolgreiche ist von Gott besonders gesegnet. Europa hatte seine fanatischsten Sekten scheinbar ausgeschwitzt. Sie schifften sich ein und beherrschen nun die USA. Erst als milit\u00e4rische und dann als geistige Wiederg\u00e4nger haben sie uns bereits infiziert. Ein Teil unseres politischen Establishments ist durch und durch amerikanisiert. <\/p>\n\n\n\n<figure class=\"wp-block-image size-large\"><img loading=\"lazy\" decoding=\"async\" width=\"568\" height=\"668\" src=\"http:\/\/klauskunze.com\/blog\/wp-content\/uploads\/2019\/11\/0749.jpg\" alt=\"\" class=\"wp-image-645\" srcset=\"https:\/\/klauskunze.com\/blog\/wp-content\/uploads\/2019\/11\/0749.jpg 568w, https:\/\/klauskunze.com\/blog\/wp-content\/uploads\/2019\/11\/0749-255x300.jpg 255w\" sizes=\"auto, (max-width: 568px) 100vw, 568px\" \/><figcaption>Ein gewisser Widerspruch zwischen Menschenrechts- und Freiheitspathos und dem realen Verhalten der USA ist schon vielen Karikaturisten aufgefallen. Manche Menschen bemerken ihn fr\u00fcher, andere erst, wenn Bomben fallen.<\/figcaption><\/figure>\n\n\n\n<p>Ihnen ist nur eins heilig: Geld zu \u201emachen\u201c eine quasi sakrale Handlung. Dabei darf niemand st\u00f6ren: kein Staat, keine Grenzen. Ihr &#8222;Konservatismus&#8220; beschr\u00e4nkt sich darauf, die bestehenden \u00f6konomischen Verh\u00e4ltnisse zu konservieren. Die Hypertrophie des \u00d6konomischen hat sich lange in den USA ausgetobt und Millionen flei\u00dfiger Menschen hinter sich gelassen, die nach Standortschlie\u00dfungen und Firmenpleiten verarmt sind. Zu Recht oder zu Unrecht: Trump war ihre Hoffnung. Er beabsichtigte, die Tentakel mi staatlichen Gesetzen zu stutzen.<\/p>\n\n\n\n<p>Die Datenkraken und Gesinnungsw\u00e4chter sind jetzt mitten unter uns. \u201eJetzt sind sie eben da.\u201c Wer unternimmt etwas gegen sie?<\/p>\n\n\n\n<blockquote class=\"wp-block-quote is-layout-flow wp-block-quote-is-layout-flow\"><p>Gewinnt der Amerikanismus, so wird er in 150 Jahren die Menschheit zugrunderichten, und die Erde wird als erstorbener Mars im Weltall weiterkreisen. Gewinnt die neue Religion, so wird die Menschheit 150 Jahre lang in gro\u00dfer Not leben, und dann wird wieder das jahr Eins kommen und alles wieder von vorne beginnen.<\/p><cite>Joachim Fernau, Halleluja, Die Geschichte der USA, 1977, XXI, S.319.<\/cite><\/blockquote>\n\n\n\n<h3 class=\"wp-block-heading\">Die Varianten der Unfreiheit<\/h3>\n\n\n\n<p>Lassen wir uns von den Schwarz-Wei\u00df-Klischees unserer \u00f6ffentlich-rechtlichen Medien und den Zeitungen nicht t\u00e4uschen. Wir haben in puncto USA nicht Partei zu ergreifen zwischen zwei Varianten desselben Ungeistes. Trump wurde bevorzugt von fundamentalistischen W\u00e4hlern, die in ihm den gottgesandten Retter vor den b\u00f6sen Lefties sahen. F\u00fcr unser Verst\u00e4ndnis von Freiheit, gerade auch von der Freiheit, unsere Meinung zu vertreten, sind sie kein kommoter als ihre linken Kontrahenten. Sie sind Br\u00fcder im Ungeiste:<\/p>\n\n\n\n<blockquote class=\"wp-block-quote is-layout-flow wp-block-quote-is-layout-flow\"><p>Die einen US-Puritaner sind gegen Abtreibung (ein \u00bbreiner\u00ab, kompromi\u00dfloser Schutz des Lebens), einige sind gegen gef\u00e4hrliche Einfl\u00fcsse aus fremden Kulturen, und selbst die angeblich anti-konservativen, \u00bbwoken\u00ab \u00bbLiberals\u00ab sind im Kern die h\u00e4rtesten der Puritaner (nebenbei: und betrachten also auch ihren Erfolg als Ausdruck g\u00f6ttlichen Segens, m\u00fcssen&nbsp; sich also zum Erfolg zwingen), und sie wollen die Sprache und das Denken der Menschen weit strenger und bald noch drakonischer kontrollieren als es Zwingli in Z\u00fcrich tat (nur da\u00df ihre Scheiterhaufen und B\u00fccherverbrennungen eben heute digital und damit auch einfacher zu bewerkstelligen sind).<\/p><cite>Dushan Wegener, Andere Geschichte, andere B\u00fccher, 13.1.2021<\/cite><\/blockquote>\n\n\n\n<p>Es ist auch demokratisch ein &#8222;Ungeist&#8220;, der uns heimzusuchen droht. Wir haben gelernt, alle ausge\u00fcbte Macht demokratisch zu kontrollieren und an den Willen derer r\u00fcckzubinden, die dieser Macht unterworfen sind. Davon kann bei der Macht der Internet-Globalisten keine Rede sein. Niemand kontrolliert sie, wenn sie uns mit ihrer Zensur den Mund verbieten: niemand in den USA und hier erst recht niemand. Im Gegenteil: Unser Staat richtet geradezu unsittliche Aufforderungen an die Konzerne, unsere Meinungsfreiheit einzuschr\u00e4nken und damit unsere Gesinnung zu steuern: Sonst kommt n\u00e4mlich das Netzwerkdurchsetzungsgesetz \u00fcber sie.<\/p>\n\n\n\n<blockquote class=\"wp-block-quote is-layout-flow wp-block-quote-is-layout-flow\"><p>\u201eDas, reden wir nicht um den hei\u00dfen Brei herum,&nbsp;nennt man Zensur. Die sozialen Medien verbannen Stimmen, die nicht in den politisch korrekten Kosmos der Tech-Oligarchen des Silicon Valley passen. Die amerikanischen Oligarchen dominieren jetzt den politischen Diskurs in Amerika und sehr bald auch im Rest der Welt. Sie sind niemandem Rechenschaft schuldig, sie verwandeln ihre sozialen Medien in Meinungsmonopole. Das linksliberale Amerika dominiert die Medien, Hollywood, die Universit\u00e4ten, die obersten Schichten des Gro\u00dfkapitals und jetzt auch die sozialen Medien. Donald Trump wurde von den Stimmlosen des \u201aMiddle America\u2018 gew\u00e4hlt, das die H\u00e4lfte der Bev\u00f6lkerung ausmacht, aber dieser Teil Amerikas hat nun seine Onlinestimmen durch die Intervention der Tech-Unternehmen verloren.<\/p><p>Wenn der Pr\u00e4sident der Vereinigten Staaten mundtot gemacht werden kann, wenn er mithilfe der Techniken des 21. Jahrhunderts nicht mehr mit seinen Anh\u00e4ngern kommunizieren kann, dann kann das jedem passieren.\u201c<\/p><cite>Leon de Winter, <a href=\"https:\/\/renovatio.org\/2021\/01\/leon-de-winter-amerikanische-technologiekonzerne-als-kulturrevolutionaere-akteure\/?utm_source=mailpoet&amp;utm_medium=email&amp;utm_campaign=newsletter-post-title_1\">13.1.2021, zitiert Thomas Stefan u.a. auf Renovatio<\/a>.<\/cite><\/blockquote>\n\n\n\n<p>Uns wird niemand zu Hilfe kommen. Wir m\u00fcssen uns auf uns selbst besinnen. Unsere Geistesfreiheit ist unsere eigene, m\u00fchsam errungene Tradition. H\u00fcter unserer Traditionen und unserer Freiheit kann nur ein auch geistig selbstbestimmter deutscher Staat sein.<\/p>\n\n\n\n<p>Ausgerechnet das Silicon Valley kann uns nicht Mores lehren.<\/p>\n\n\n\n<p><\/p>\n\n\n\n<p><\/p>\n\n\n\n<hr class=\"wp-block-separator\"\/>\n\n\n\n<p><a href=\"#_ftnref1\">[1]<\/a> Carl Schmitt, der Begriff des Politischen, 1932.<\/p>\n\n\n\n<p><a href=\"#_ftnref2\">[2]<\/a> Definition des <em>bourgeois<\/em> nach Hegel, vgl. C.Schmitt, 1932, Fn.18.<\/p>\n\n\n\n<p><a href=\"#_ftnref3\">[3]<\/a> Carl Schmitt, Der Begriff des Politischen, S.67.<\/p>\n\n\n\n<p><a href=\"#_ftnref4\">[4]<\/a> Ernst Niekisch, Gedanken \u00fcber deutsche Politik, 1929, S.301 f.<\/p>\n","protected":false},"excerpt":{"rendered":"<p>Nur nette Amerikaner Ich kenne pers\u00f6nlich nur nette Amerikaner. Meine ersten lernte ich auf dem Science-Fiction Weltkongre\u00df in Heidelberg 1970 kennen: Ruhig, neugierig, aufgeschlossen &#8211; einfach freundliche Menschen. Sie sind nicht meine Feinde. Carl Schmitt hat den Unterschied zwischen einem individuellen Feind (lateinisch inimicus) und dem potentiellen Feind einer menschlichen Gesamtheit (hostis) herausgearbeitet: Feindschaft ist [&hellip;]<\/p>\n","protected":false},"author":1,"featured_media":644,"comment_status":"open","ping_status":"open","sticky":false,"template":"","format":"standard","meta":{"h5ap_radio_sources":[],"twitterCardType":"","cardImageID":0,"cardImage":"","cardTitle":"","cardDesc":"","cardImageAlt":"","cardPlayer":"","cardPlayerWidth":0,"cardPlayerHeight":0,"cardPlayerStream":"","cardPlayerCodec":"","footnotes":""},"categories":[1,17],"tags":[],"class_list":["post-2925","post","type-post","status-publish","format-standard","has-post-thumbnail","hentry","category-allgemein","category-politik"],"yoast_head":"<!-- This site is optimized with the Yoast SEO plugin v27.5 - https:\/\/yoast.com\/product\/yoast-seo-wordpress\/ -->\n<title>Die Unfreiheit ist ein Meister aus Amerika - Klaus Kunze<\/title>\n<meta name=\"robots\" content=\"index, follow, max-snippet:-1, max-image-preview:large, max-video-preview:-1\" \/>\n<link rel=\"canonical\" href=\"https:\/\/klauskunze.com\/blog\/2021\/01\/13\/die-unfreiheit-ist-ein-meister-aus-amerika\/\" \/>\n<meta property=\"og:locale\" content=\"de_DE\" \/>\n<meta property=\"og:type\" content=\"article\" \/>\n<meta property=\"og:title\" content=\"Die Unfreiheit ist ein Meister aus Amerika - Klaus Kunze\" \/>\n<meta property=\"og:description\" content=\"Nur nette Amerikaner Ich kenne pers\u00f6nlich nur nette Amerikaner. Meine ersten lernte ich auf dem Science-Fiction Weltkongre\u00df in Heidelberg 1970 kennen: Ruhig, neugierig, aufgeschlossen &#8211; einfach freundliche Menschen. Sie sind nicht meine Feinde. Carl Schmitt hat den Unterschied zwischen einem individuellen Feind (lateinisch inimicus) und dem potentiellen Feind einer menschlichen Gesamtheit (hostis) herausgearbeitet: Feindschaft ist [&hellip;]\" \/>\n<meta property=\"og:url\" content=\"https:\/\/klauskunze.com\/blog\/2021\/01\/13\/die-unfreiheit-ist-ein-meister-aus-amerika\/\" \/>\n<meta property=\"og:site_name\" content=\"Klaus Kunze\" \/>\n<meta property=\"article:published_time\" content=\"2021-01-13T18:35:20+00:00\" \/>\n<meta property=\"article:modified_time\" content=\"2021-01-18T08:39:00+00:00\" \/>\n<meta property=\"og:image\" content=\"https:\/\/klauskunze.com\/blog\/wp-content\/uploads\/2019\/11\/0749a.jpg\" \/>\n\t<meta property=\"og:image:width\" content=\"1244\" \/>\n\t<meta property=\"og:image:height\" content=\"589\" \/>\n\t<meta property=\"og:image:type\" content=\"image\/jpeg\" \/>\n<meta name=\"author\" content=\"Klaus Kunze\" \/>\n<meta name=\"twitter:label1\" content=\"Verfasst von\" \/>\n\t<meta name=\"twitter:data1\" content=\"Klaus Kunze\" \/>\n\t<meta name=\"twitter:label2\" content=\"Gesch\u00e4tzte Lesezeit\" \/>\n\t<meta name=\"twitter:data2\" content=\"7\u00a0Minuten\" \/>\n<script type=\"application\/ld+json\" class=\"yoast-schema-graph\">{\"@context\":\"https:\\\/\\\/schema.org\",\"@graph\":[{\"@type\":\"Article\",\"@id\":\"https:\\\/\\\/klauskunze.com\\\/blog\\\/2021\\\/01\\\/13\\\/die-unfreiheit-ist-ein-meister-aus-amerika\\\/#article\",\"isPartOf\":{\"@id\":\"https:\\\/\\\/klauskunze.com\\\/blog\\\/2021\\\/01\\\/13\\\/die-unfreiheit-ist-ein-meister-aus-amerika\\\/\"},\"author\":{\"name\":\"Klaus Kunze\",\"@id\":\"https:\\\/\\\/klauskunze.com\\\/blog\\\/#\\\/schema\\\/person\\\/9c091cf30ab68b897db6a517e3c3b11b\"},\"headline\":\"Die Unfreiheit ist ein Meister aus Amerika\",\"datePublished\":\"2021-01-13T18:35:20+00:00\",\"dateModified\":\"2021-01-18T08:39:00+00:00\",\"mainEntityOfPage\":{\"@id\":\"https:\\\/\\\/klauskunze.com\\\/blog\\\/2021\\\/01\\\/13\\\/die-unfreiheit-ist-ein-meister-aus-amerika\\\/\"},\"wordCount\":1593,\"commentCount\":4,\"publisher\":{\"@id\":\"https:\\\/\\\/klauskunze.com\\\/blog\\\/#\\\/schema\\\/person\\\/9c091cf30ab68b897db6a517e3c3b11b\"},\"image\":{\"@id\":\"https:\\\/\\\/klauskunze.com\\\/blog\\\/2021\\\/01\\\/13\\\/die-unfreiheit-ist-ein-meister-aus-amerika\\\/#primaryimage\"},\"thumbnailUrl\":\"https:\\\/\\\/klauskunze.com\\\/blog\\\/wp-content\\\/uploads\\\/2019\\\/11\\\/0749a.jpg\",\"articleSection\":{\"1\":\"Politik\"},\"inLanguage\":\"de\",\"potentialAction\":[{\"@type\":\"CommentAction\",\"name\":\"Comment\",\"target\":[\"https:\\\/\\\/klauskunze.com\\\/blog\\\/2021\\\/01\\\/13\\\/die-unfreiheit-ist-ein-meister-aus-amerika\\\/#respond\"]}]},{\"@type\":\"WebPage\",\"@id\":\"https:\\\/\\\/klauskunze.com\\\/blog\\\/2021\\\/01\\\/13\\\/die-unfreiheit-ist-ein-meister-aus-amerika\\\/\",\"url\":\"https:\\\/\\\/klauskunze.com\\\/blog\\\/2021\\\/01\\\/13\\\/die-unfreiheit-ist-ein-meister-aus-amerika\\\/\",\"name\":\"Die Unfreiheit ist ein Meister aus Amerika - Klaus Kunze\",\"isPartOf\":{\"@id\":\"https:\\\/\\\/klauskunze.com\\\/blog\\\/#website\"},\"primaryImageOfPage\":{\"@id\":\"https:\\\/\\\/klauskunze.com\\\/blog\\\/2021\\\/01\\\/13\\\/die-unfreiheit-ist-ein-meister-aus-amerika\\\/#primaryimage\"},\"image\":{\"@id\":\"https:\\\/\\\/klauskunze.com\\\/blog\\\/2021\\\/01\\\/13\\\/die-unfreiheit-ist-ein-meister-aus-amerika\\\/#primaryimage\"},\"thumbnailUrl\":\"https:\\\/\\\/klauskunze.com\\\/blog\\\/wp-content\\\/uploads\\\/2019\\\/11\\\/0749a.jpg\",\"datePublished\":\"2021-01-13T18:35:20+00:00\",\"dateModified\":\"2021-01-18T08:39:00+00:00\",\"breadcrumb\":{\"@id\":\"https:\\\/\\\/klauskunze.com\\\/blog\\\/2021\\\/01\\\/13\\\/die-unfreiheit-ist-ein-meister-aus-amerika\\\/#breadcrumb\"},\"inLanguage\":\"de\",\"potentialAction\":[{\"@type\":\"ReadAction\",\"target\":[\"https:\\\/\\\/klauskunze.com\\\/blog\\\/2021\\\/01\\\/13\\\/die-unfreiheit-ist-ein-meister-aus-amerika\\\/\"]}]},{\"@type\":\"ImageObject\",\"inLanguage\":\"de\",\"@id\":\"https:\\\/\\\/klauskunze.com\\\/blog\\\/2021\\\/01\\\/13\\\/die-unfreiheit-ist-ein-meister-aus-amerika\\\/#primaryimage\",\"url\":\"https:\\\/\\\/klauskunze.com\\\/blog\\\/wp-content\\\/uploads\\\/2019\\\/11\\\/0749a.jpg\",\"contentUrl\":\"https:\\\/\\\/klauskunze.com\\\/blog\\\/wp-content\\\/uploads\\\/2019\\\/11\\\/0749a.jpg\",\"width\":1244,\"height\":589},{\"@type\":\"BreadcrumbList\",\"@id\":\"https:\\\/\\\/klauskunze.com\\\/blog\\\/2021\\\/01\\\/13\\\/die-unfreiheit-ist-ein-meister-aus-amerika\\\/#breadcrumb\",\"itemListElement\":[{\"@type\":\"ListItem\",\"position\":1,\"name\":\"Startseite\",\"item\":\"https:\\\/\\\/klauskunze.com\\\/blog\\\/\"},{\"@type\":\"ListItem\",\"position\":2,\"name\":\"Die Unfreiheit ist ein Meister aus Amerika\"}]},{\"@type\":\"WebSite\",\"@id\":\"https:\\\/\\\/klauskunze.com\\\/blog\\\/#website\",\"url\":\"https:\\\/\\\/klauskunze.com\\\/blog\\\/\",\"name\":\"Klaus Kunze\",\"description\":\"Blog\",\"publisher\":{\"@id\":\"https:\\\/\\\/klauskunze.com\\\/blog\\\/#\\\/schema\\\/person\\\/9c091cf30ab68b897db6a517e3c3b11b\"},\"potentialAction\":[{\"@type\":\"SearchAction\",\"target\":{\"@type\":\"EntryPoint\",\"urlTemplate\":\"https:\\\/\\\/klauskunze.com\\\/blog\\\/?s={search_term_string}\"},\"query-input\":{\"@type\":\"PropertyValueSpecification\",\"valueRequired\":true,\"valueName\":\"search_term_string\"}}],\"inLanguage\":\"de\"},{\"@type\":[\"Person\",\"Organization\"],\"@id\":\"https:\\\/\\\/klauskunze.com\\\/blog\\\/#\\\/schema\\\/person\\\/9c091cf30ab68b897db6a517e3c3b11b\",\"name\":\"Klaus Kunze\",\"image\":{\"@type\":\"ImageObject\",\"inLanguage\":\"de\",\"@id\":\"https:\\\/\\\/secure.gravatar.com\\\/avatar\\\/5cd83cadbada9c331a79952fcca177ed3d3be4c7ad3239b9d934bf84adff15dd?s=96&d=blank&r=g\",\"url\":\"https:\\\/\\\/secure.gravatar.com\\\/avatar\\\/5cd83cadbada9c331a79952fcca177ed3d3be4c7ad3239b9d934bf84adff15dd?s=96&d=blank&r=g\",\"contentUrl\":\"https:\\\/\\\/secure.gravatar.com\\\/avatar\\\/5cd83cadbada9c331a79952fcca177ed3d3be4c7ad3239b9d934bf84adff15dd?s=96&d=blank&r=g\",\"caption\":\"Klaus Kunze\"},\"logo\":{\"@id\":\"https:\\\/\\\/secure.gravatar.com\\\/avatar\\\/5cd83cadbada9c331a79952fcca177ed3d3be4c7ad3239b9d934bf84adff15dd?s=96&d=blank&r=g\"},\"sameAs\":[\"http:\\\/\\\/KlausKunze.com\",\"https:\\\/\\\/x.com\\\/https:\\\/\\\/twitter.com\\\/KlausKunze3\"]}]}<\/script>\n<!-- \/ Yoast SEO plugin. -->","yoast_head_json":{"title":"Die Unfreiheit ist ein Meister aus Amerika - Klaus Kunze","robots":{"index":"index","follow":"follow","max-snippet":"max-snippet:-1","max-image-preview":"max-image-preview:large","max-video-preview":"max-video-preview:-1"},"canonical":"https:\/\/klauskunze.com\/blog\/2021\/01\/13\/die-unfreiheit-ist-ein-meister-aus-amerika\/","og_locale":"de_DE","og_type":"article","og_title":"Die Unfreiheit ist ein Meister aus Amerika - Klaus Kunze","og_description":"Nur nette Amerikaner Ich kenne pers\u00f6nlich nur nette Amerikaner. Meine ersten lernte ich auf dem Science-Fiction Weltkongre\u00df in Heidelberg 1970 kennen: Ruhig, neugierig, aufgeschlossen &#8211; einfach freundliche Menschen. Sie sind nicht meine Feinde. Carl Schmitt hat den Unterschied zwischen einem individuellen Feind (lateinisch inimicus) und dem potentiellen Feind einer menschlichen Gesamtheit (hostis) herausgearbeitet: Feindschaft ist [&hellip;]","og_url":"https:\/\/klauskunze.com\/blog\/2021\/01\/13\/die-unfreiheit-ist-ein-meister-aus-amerika\/","og_site_name":"Klaus Kunze","article_published_time":"2021-01-13T18:35:20+00:00","article_modified_time":"2021-01-18T08:39:00+00:00","og_image":[{"width":1244,"height":589,"url":"https:\/\/klauskunze.com\/blog\/wp-content\/uploads\/2019\/11\/0749a.jpg","type":"image\/jpeg"}],"author":"Klaus Kunze","twitter_misc":{"Verfasst von":"Klaus Kunze","Gesch\u00e4tzte Lesezeit":"7\u00a0Minuten"},"schema":{"@context":"https:\/\/schema.org","@graph":[{"@type":"Article","@id":"https:\/\/klauskunze.com\/blog\/2021\/01\/13\/die-unfreiheit-ist-ein-meister-aus-amerika\/#article","isPartOf":{"@id":"https:\/\/klauskunze.com\/blog\/2021\/01\/13\/die-unfreiheit-ist-ein-meister-aus-amerika\/"},"author":{"name":"Klaus Kunze","@id":"https:\/\/klauskunze.com\/blog\/#\/schema\/person\/9c091cf30ab68b897db6a517e3c3b11b"},"headline":"Die Unfreiheit ist ein Meister aus Amerika","datePublished":"2021-01-13T18:35:20+00:00","dateModified":"2021-01-18T08:39:00+00:00","mainEntityOfPage":{"@id":"https:\/\/klauskunze.com\/blog\/2021\/01\/13\/die-unfreiheit-ist-ein-meister-aus-amerika\/"},"wordCount":1593,"commentCount":4,"publisher":{"@id":"https:\/\/klauskunze.com\/blog\/#\/schema\/person\/9c091cf30ab68b897db6a517e3c3b11b"},"image":{"@id":"https:\/\/klauskunze.com\/blog\/2021\/01\/13\/die-unfreiheit-ist-ein-meister-aus-amerika\/#primaryimage"},"thumbnailUrl":"https:\/\/klauskunze.com\/blog\/wp-content\/uploads\/2019\/11\/0749a.jpg","articleSection":{"1":"Politik"},"inLanguage":"de","potentialAction":[{"@type":"CommentAction","name":"Comment","target":["https:\/\/klauskunze.com\/blog\/2021\/01\/13\/die-unfreiheit-ist-ein-meister-aus-amerika\/#respond"]}]},{"@type":"WebPage","@id":"https:\/\/klauskunze.com\/blog\/2021\/01\/13\/die-unfreiheit-ist-ein-meister-aus-amerika\/","url":"https:\/\/klauskunze.com\/blog\/2021\/01\/13\/die-unfreiheit-ist-ein-meister-aus-amerika\/","name":"Die Unfreiheit ist ein Meister aus Amerika - Klaus Kunze","isPartOf":{"@id":"https:\/\/klauskunze.com\/blog\/#website"},"primaryImageOfPage":{"@id":"https:\/\/klauskunze.com\/blog\/2021\/01\/13\/die-unfreiheit-ist-ein-meister-aus-amerika\/#primaryimage"},"image":{"@id":"https:\/\/klauskunze.com\/blog\/2021\/01\/13\/die-unfreiheit-ist-ein-meister-aus-amerika\/#primaryimage"},"thumbnailUrl":"https:\/\/klauskunze.com\/blog\/wp-content\/uploads\/2019\/11\/0749a.jpg","datePublished":"2021-01-13T18:35:20+00:00","dateModified":"2021-01-18T08:39:00+00:00","breadcrumb":{"@id":"https:\/\/klauskunze.com\/blog\/2021\/01\/13\/die-unfreiheit-ist-ein-meister-aus-amerika\/#breadcrumb"},"inLanguage":"de","potentialAction":[{"@type":"ReadAction","target":["https:\/\/klauskunze.com\/blog\/2021\/01\/13\/die-unfreiheit-ist-ein-meister-aus-amerika\/"]}]},{"@type":"ImageObject","inLanguage":"de","@id":"https:\/\/klauskunze.com\/blog\/2021\/01\/13\/die-unfreiheit-ist-ein-meister-aus-amerika\/#primaryimage","url":"https:\/\/klauskunze.com\/blog\/wp-content\/uploads\/2019\/11\/0749a.jpg","contentUrl":"https:\/\/klauskunze.com\/blog\/wp-content\/uploads\/2019\/11\/0749a.jpg","width":1244,"height":589},{"@type":"BreadcrumbList","@id":"https:\/\/klauskunze.com\/blog\/2021\/01\/13\/die-unfreiheit-ist-ein-meister-aus-amerika\/#breadcrumb","itemListElement":[{"@type":"ListItem","position":1,"name":"Startseite","item":"https:\/\/klauskunze.com\/blog\/"},{"@type":"ListItem","position":2,"name":"Die Unfreiheit ist ein Meister aus Amerika"}]},{"@type":"WebSite","@id":"https:\/\/klauskunze.com\/blog\/#website","url":"https:\/\/klauskunze.com\/blog\/","name":"Klaus Kunze","description":"Blog","publisher":{"@id":"https:\/\/klauskunze.com\/blog\/#\/schema\/person\/9c091cf30ab68b897db6a517e3c3b11b"},"potentialAction":[{"@type":"SearchAction","target":{"@type":"EntryPoint","urlTemplate":"https:\/\/klauskunze.com\/blog\/?s={search_term_string}"},"query-input":{"@type":"PropertyValueSpecification","valueRequired":true,"valueName":"search_term_string"}}],"inLanguage":"de"},{"@type":["Person","Organization"],"@id":"https:\/\/klauskunze.com\/blog\/#\/schema\/person\/9c091cf30ab68b897db6a517e3c3b11b","name":"Klaus Kunze","image":{"@type":"ImageObject","inLanguage":"de","@id":"https:\/\/secure.gravatar.com\/avatar\/5cd83cadbada9c331a79952fcca177ed3d3be4c7ad3239b9d934bf84adff15dd?s=96&d=blank&r=g","url":"https:\/\/secure.gravatar.com\/avatar\/5cd83cadbada9c331a79952fcca177ed3d3be4c7ad3239b9d934bf84adff15dd?s=96&d=blank&r=g","contentUrl":"https:\/\/secure.gravatar.com\/avatar\/5cd83cadbada9c331a79952fcca177ed3d3be4c7ad3239b9d934bf84adff15dd?s=96&d=blank&r=g","caption":"Klaus Kunze"},"logo":{"@id":"https:\/\/secure.gravatar.com\/avatar\/5cd83cadbada9c331a79952fcca177ed3d3be4c7ad3239b9d934bf84adff15dd?s=96&d=blank&r=g"},"sameAs":["http:\/\/KlausKunze.com","https:\/\/x.com\/https:\/\/twitter.com\/KlausKunze3"]}]}},"post_mailing_queue_ids":[],"_links":{"self":[{"href":"https:\/\/klauskunze.com\/blog\/wp-json\/wp\/v2\/posts\/2925","targetHints":{"allow":["GET"]}}],"collection":[{"href":"https:\/\/klauskunze.com\/blog\/wp-json\/wp\/v2\/posts"}],"about":[{"href":"https:\/\/klauskunze.com\/blog\/wp-json\/wp\/v2\/types\/post"}],"author":[{"embeddable":true,"href":"https:\/\/klauskunze.com\/blog\/wp-json\/wp\/v2\/users\/1"}],"replies":[{"embeddable":true,"href":"https:\/\/klauskunze.com\/blog\/wp-json\/wp\/v2\/comments?post=2925"}],"version-history":[{"count":11,"href":"https:\/\/klauskunze.com\/blog\/wp-json\/wp\/v2\/posts\/2925\/revisions"}],"predecessor-version":[{"id":2977,"href":"https:\/\/klauskunze.com\/blog\/wp-json\/wp\/v2\/posts\/2925\/revisions\/2977"}],"wp:featuredmedia":[{"embeddable":true,"href":"https:\/\/klauskunze.com\/blog\/wp-json\/wp\/v2\/media\/644"}],"wp:attachment":[{"href":"https:\/\/klauskunze.com\/blog\/wp-json\/wp\/v2\/media?parent=2925"}],"wp:term":[{"taxonomy":"category","embeddable":true,"href":"https:\/\/klauskunze.com\/blog\/wp-json\/wp\/v2\/categories?post=2925"},{"taxonomy":"post_tag","embeddable":true,"href":"https:\/\/klauskunze.com\/blog\/wp-json\/wp\/v2\/tags?post=2925"}],"curies":[{"name":"wp","href":"https:\/\/api.w.org\/{rel}","templated":true}]}}