{"id":3032,"date":"2021-02-05T20:57:01","date_gmt":"2021-02-05T19:57:01","guid":{"rendered":"http:\/\/klauskunze.com\/blog\/?p=3032"},"modified":"2021-02-08T12:17:34","modified_gmt":"2021-02-08T11:17:34","slug":"unser-heiliger-zorn","status":"publish","type":"post","link":"https:\/\/klauskunze.com\/blog\/2021\/02\/05\/unser-heiliger-zorn\/","title":{"rendered":"Unser heiliger Zorn"},"content":{"rendered":"\n<h1 class=\"wp-block-heading\">Neues Netzwerk Wissenschaftsfreiheit<\/h1>\n\n\n\n<p>Mu\u00df jede Generation aufs erst den Morast der Knechtschaft durchwaten, um den Wert der Freiheit zu erlernen? Klaus R\u00fcdiger Mai berichtet von einem neu gegr\u00fcndeten Netzwerk Wissenschaftsfreiheit:<\/p>\n\n\n\n<blockquote class=\"wp-block-quote is-layout-flow wp-block-quote-is-layout-flow\"><p>Die schlechte Nachricht lautet, da\u00df f\u00fcr die Freiheit der Wissenschaft in Deutschland inzwischen wieder gek\u00e4mpft werden muss, die gute, dass renommierte Wissenschaftler sich zu einem Netzwerk Wissenschaftsfreiheit zusammengefunden haben, das \u201esich f\u00fcr ein freiheitliches Wissenschaftsklima\u201c einsetzt. Darunter verstehen die Mitglieder des Netzwerkes \u201eeine plurale von Sachargumenten und gegenseitigem Respekt gepr\u00e4gte Debattenkultur und ein institutionelles Umfeld, in dem niemand aus Furcht vor sozialen und beruflichen Kosten Forschungsfragen und Debattenbeitr\u00e4ge meidet.\u201c<\/p><cite>Klaus R\u00fcdiger Mai, <a href=\"https:\/\/www.tichyseinblick.de\/daili-es-sentials\/fuer-die-freiheit-der-wissenschaften-muss-in-merkels-deutschland-wieder-gekaempft-werden\/\">F\u00fcr die Freiheit der Wissenschaften mu\u00df in Merkels Deutschland wieder gek\u00e4mpft werden!, Tichys Einblick 4.2.2021<\/a><\/cite><\/blockquote>\n\n\n\n<p>Von 1970 bis 2015 hatte bereits ein <a href=\"https:\/\/de.wikipedia.org\/wiki\/Bund_Freiheit_der_Wissenschaft\">Bund Freiheit der Wissenschaft e.V. bestanden<\/a>.<\/p>\n\n\n\n<figure class=\"wp-block-gallery columns-2 is-cropped wp-block-gallery-1 is-layout-flex wp-block-gallery-is-layout-flex\"><ul class=\"blocks-gallery-grid\"><li class=\"blocks-gallery-item\"><figure><img loading=\"lazy\" decoding=\"async\" width=\"720\" height=\"1024\" src=\"http:\/\/klauskunze.com\/blog\/wp-content\/uploads\/2021\/02\/02-720x1024.jpg\" alt=\"\" data-id=\"3042\" data-link=\"http:\/\/klauskunze.com\/blog\/?attachment_id=3042\" class=\"wp-image-3042\" srcset=\"https:\/\/klauskunze.com\/blog\/wp-content\/uploads\/2021\/02\/02-720x1024.jpg 720w, https:\/\/klauskunze.com\/blog\/wp-content\/uploads\/2021\/02\/02-211x300.jpg 211w, https:\/\/klauskunze.com\/blog\/wp-content\/uploads\/2021\/02\/02-768x1092.jpg 768w, https:\/\/klauskunze.com\/blog\/wp-content\/uploads\/2021\/02\/02-900x1280.jpg 900w, https:\/\/klauskunze.com\/blog\/wp-content\/uploads\/2021\/02\/02.jpg 1030w\" sizes=\"auto, (max-width: 720px) 100vw, 720px\" \/><\/figure><\/li><li class=\"blocks-gallery-item\"><figure><img loading=\"lazy\" decoding=\"async\" width=\"1024\" height=\"713\" src=\"http:\/\/klauskunze.com\/blog\/wp-content\/uploads\/2021\/02\/01-1024x713.jpg\" alt=\"\" data-id=\"3043\" data-full-url=\"http:\/\/klauskunze.com\/blog\/wp-content\/uploads\/2021\/02\/01.jpg\" data-link=\"http:\/\/klauskunze.com\/blog\/?attachment_id=3043\" class=\"wp-image-3043\" srcset=\"https:\/\/klauskunze.com\/blog\/wp-content\/uploads\/2021\/02\/01-1024x713.jpg 1024w, https:\/\/klauskunze.com\/blog\/wp-content\/uploads\/2021\/02\/01-300x209.jpg 300w, https:\/\/klauskunze.com\/blog\/wp-content\/uploads\/2021\/02\/01-768x535.jpg 768w, https:\/\/klauskunze.com\/blog\/wp-content\/uploads\/2021\/02\/01-1536x1069.jpg 1536w, https:\/\/klauskunze.com\/blog\/wp-content\/uploads\/2021\/02\/01-2048x1425.jpg 2048w, https:\/\/klauskunze.com\/blog\/wp-content\/uploads\/2021\/02\/01-900x626.jpg 900w, https:\/\/klauskunze.com\/blog\/wp-content\/uploads\/2021\/02\/01-1280x891.jpg 1280w\" sizes=\"auto, (max-width: 1024px) 100vw, 1024px\" \/><\/figure><\/li><\/ul><figcaption class=\"blocks-gallery-caption\">Der Bund Freiheit der Wissenschaft e.V.  existierte von 1970 bis 2015.<\/figcaption><\/figure>\n\n\n\n<p><\/p>\n\n\n\n<p>Ich war ihm als Student beigetreten, weil ich in Ruhe meiner Vorlesungen h\u00f6ren wollte und keine Lust auf durch die H\u00f6rs\u00e4le randalierende Kommunisten hatte. Deren Spezialit\u00e4t bestand darin, die Vorlesungen ihnen mi\u00dfliebiger Professoren zu \u201esprengen\u201c, indem sie sich gewaltsam Zutritt verschafften, sich mit Megaphonen und Plakaten vorne aufbauten, ihre dumpfen Parolen von der Weltrevolution br\u00fcllten und die Lehrveranstaltung \u201esprengten\u201c. Ihr bevorzugtes Ziel waren Vorlesungen, die trotz von ihnen ausgerufener \u201eVorlesungsboykotte\u201c ihre H\u00f6rer fanden.<\/p>\n\n\n\n<figure class=\"wp-block-image size-large\"><img loading=\"lazy\" decoding=\"async\" width=\"760\" height=\"1024\" src=\"http:\/\/klauskunze.com\/blog\/wp-content\/uploads\/2021\/02\/20210205_20380208a-760x1024.jpg\" alt=\"\" class=\"wp-image-3059\" srcset=\"https:\/\/klauskunze.com\/blog\/wp-content\/uploads\/2021\/02\/20210205_20380208a-760x1024.jpg 760w, https:\/\/klauskunze.com\/blog\/wp-content\/uploads\/2021\/02\/20210205_20380208a-223x300.jpg 223w, https:\/\/klauskunze.com\/blog\/wp-content\/uploads\/2021\/02\/20210205_20380208a-768x1034.jpg 768w, https:\/\/klauskunze.com\/blog\/wp-content\/uploads\/2021\/02\/20210205_20380208a-1141x1536.jpg 1141w, https:\/\/klauskunze.com\/blog\/wp-content\/uploads\/2021\/02\/20210205_20380208a-900x1212.jpg 900w, https:\/\/klauskunze.com\/blog\/wp-content\/uploads\/2021\/02\/20210205_20380208a-1280x1724.jpg 1280w, https:\/\/klauskunze.com\/blog\/wp-content\/uploads\/2021\/02\/20210205_20380208a.jpg 1307w\" sizes=\"auto, (max-width: 760px) 100vw, 760px\" \/><figcaption>Der K\u00f6lner Stadt-Anzeiger berichtete am 19.5.1978 unter der \u00dcberschrift &#8222;Mit Gebr\u00fcll in die Vorlesung&#8220; \u00fcber eine von &#8222;linken&#8220; Streikf\u00fchrern gesprengte Vorlesung des Prof. Erwin Scheuch (rechts im Bild).<\/figcaption><\/figure>\n\n\n\n<h2 class=\"wp-block-heading\">Kampf gegen rechts war 1978 schon verdeckter Kampf gegen die Union<\/h2>\n\n\n\n<p>Wer waren diese Leute? Ma\u00dfgeblich beteiligt waren \u201eSpartakisten\u201c, wie aus einem Flugblatt des RCDS von 1978 anschaulich hervorging. <\/p>\n\n\n\n<figure class=\"wp-block-image size-large\"><img loading=\"lazy\" decoding=\"async\" width=\"1024\" height=\"729\" src=\"http:\/\/klauskunze.com\/blog\/wp-content\/uploads\/2021\/02\/05-1024x729.jpg\" alt=\"\" class=\"wp-image-3048\" srcset=\"https:\/\/klauskunze.com\/blog\/wp-content\/uploads\/2021\/02\/05-1024x729.jpg 1024w, https:\/\/klauskunze.com\/blog\/wp-content\/uploads\/2021\/02\/05-300x213.jpg 300w, https:\/\/klauskunze.com\/blog\/wp-content\/uploads\/2021\/02\/05-768x546.jpg 768w, https:\/\/klauskunze.com\/blog\/wp-content\/uploads\/2021\/02\/05-1536x1093.jpg 1536w, https:\/\/klauskunze.com\/blog\/wp-content\/uploads\/2021\/02\/05-2048x1457.jpg 2048w, https:\/\/klauskunze.com\/blog\/wp-content\/uploads\/2021\/02\/05-900x640.jpg 900w, https:\/\/klauskunze.com\/blog\/wp-content\/uploads\/2021\/02\/05-1280x911.jpg 1280w\" sizes=\"auto, (max-width: 1024px) 100vw, 1024px\" \/><figcaption>Flugblatt des RCDS, V.i.S.d.P. Lothar Hesse, Lindenstr.99, K\u00f6ln, 1978.<br>Der RCDS war und ist die Studentenorganisation in den Unionsparteien.<\/figcaption><\/figure>\n\n\n\n<p>Der <a href=\"https:\/\/de.wikipedia.org\/wiki\/Marxistischer_Studentenbund_Spartakus\">Marxistische Studentenbund Spartakus<\/a> existierte von 1971 bis 1990 und war der Studentenverband der Deutschen Kommunistischen Partei. &nbsp;Seine B\u00fcchertische und Flugbl\u00e4tter geh\u00f6rten an der Universit\u00e4t K\u00f6ln zum gewohnten Bild.<\/p>\n\n\n\n<figure class=\"wp-block-image size-large\"><img loading=\"lazy\" decoding=\"async\" width=\"1006\" height=\"1024\" src=\"http:\/\/klauskunze.com\/blog\/wp-content\/uploads\/2021\/02\/03-1006x1024.jpg\" alt=\"\" class=\"wp-image-3046\" srcset=\"https:\/\/klauskunze.com\/blog\/wp-content\/uploads\/2021\/02\/03-1006x1024.jpg 1006w, https:\/\/klauskunze.com\/blog\/wp-content\/uploads\/2021\/02\/03-295x300.jpg 295w, https:\/\/klauskunze.com\/blog\/wp-content\/uploads\/2021\/02\/03-768x782.jpg 768w, https:\/\/klauskunze.com\/blog\/wp-content\/uploads\/2021\/02\/03-1509x1536.jpg 1509w, https:\/\/klauskunze.com\/blog\/wp-content\/uploads\/2021\/02\/03-2012x2048.jpg 2012w, https:\/\/klauskunze.com\/blog\/wp-content\/uploads\/2021\/02\/03-900x916.jpg 900w, https:\/\/klauskunze.com\/blog\/wp-content\/uploads\/2021\/02\/03-1280x1303.jpg 1280w\" sizes=\"auto, (max-width: 1006px) 100vw, 1006px\" \/><figcaption>Aus einem Werbe-Flugblatt des MSB Spartakus, Uni K\u00f6ln 1978 &#8222;gegen rechts&#8220;. <br>Uni K\u00f6ln, 1978, mit Werbung f\u00fcr Siegfried Bratke<\/figcaption><\/figure>\n\n\n\n<p>Als kleine, aber auch mal gewaltt\u00e4tige Minderheit errang der MSB bei der Wahl zum Studentenparlament am 13.12.1978 zwei Sitze. Bei einer Veranstaltung des RCDS mit Vortrag von <a href=\"https:\/\/de.wikipedia.org\/wiki\/Gerhard_L%C3%B6wenthal\">Gerhard L\u00f6wenthal<\/a> trat er mit Genossen weiterer Splittergruppen in Aktion &#8222;gegen rechts&#8220;:<\/p>\n\n\n\n<blockquote class=\"wp-block-quote is-layout-flow wp-block-quote-is-layout-flow\"><p>Insgesamt standen den etwa 50 Demokraten rund 400 aus dem ganzen Land zusammengekarrte linke Chaoten gegen\u00fcber. Von Anfang an versuchten die Linken, durch rhythmisches Klatschen, d\u00fcmmliche Sprechch\u00f6re, Trillerpfeifen usw. die \u00e4u\u00dferst sachlichen Ausf\u00fchrungen des Referenten zu behindern. [\u2026] Als alles nichts n\u00fctzte, griff man schlie\u00dflich zur offenen Gewalt: Rote Horden st\u00fcrmten das Rednerpult und zerst\u00f6rten das Mikrophon. <br>[&#8230;] MSB, SHB und KSV kamen voll auf ihre Rechnung.<\/p><cite>hh<a href=\"http:\/\/klauskunze.com\/blog\/wp-admin\/post.php?post=3032&amp;action=edit#_ftn1\">[1]<\/a>, Zeitschrift Student, 11. Jahrgang Nr.80, Dezember 1978.<\/cite><\/blockquote>\n\n\n\n<p>Ich habe hier nur ein beliebiges Beispiel f\u00fcr die stalinistischen Methoden herausgegriffen, die akademische Freiheit im Kern zu treffen. Ihre Methoden haben sich nur teilweise gewandelt. Zur Not tut es auch heute noch die eine oder andere Vorlesungssprengung wie zum Beispiel des fr\u00fcheren AfD-Vorsitzenden Prof. Lucke.<\/p>\n\n\n\n<h2 class=\"wp-block-heading\">Stalinistische Toleranz<\/h2>\n\n\n\n<p>Damals hatten die Stalinisten ihren Marsch durch die Institutionen noch vor sich und nicht hinter sich. Heute sitzen sie in den Gremien der Universit\u00e4ten, die sie selbst einst so heftig bek\u00e4mpft hatten, und wollen uns etwas von Demokratie und Meinungsfreiheit erz\u00e4hlen. <\/p>\n\n\n\n<blockquote class=\"wp-block-quote is-layout-flow wp-block-quote-is-layout-flow\"><p>Rechtsgrundlagen zur Bek\u00e4mpfung des Rechtsextremismus und Neonazismus (Schriftenreihe der Fachhochschule D\u00fcsseldorf) Paperback, <br>by Siegfried Bratke (Autor)<\/p><cite><a href=\"https:\/\/www.amazon.de\/-\/en\/Siegfried-Brat-ke\/dp\/3923669453\/ref=sr_1_1?dchild=1&amp;qid=1612544087&amp;refinements=p_27%3ASiegfried+Bratke&amp;s=books&amp;sr=1-1&amp;text=Siegfried+Bratke\">Amazon-Buchwerbung<\/a> f\u00fcr von Buch Siegfried Bartke<\/cite><\/blockquote>\n\n\n\n<p>Es ist kaum zu fassen: In einer &#8222;EJDM Europ\u00e4ische Vereinigung von Juristinnen und Juristen f\u00fcr Demokratie und Menschenrechte in der Welt e.V. firmiert als Ansprechpartner:<\/p>\n\n\n\n<blockquote class=\"wp-block-quote is-layout-flow wp-block-quote-is-layout-flow\"><p><a href=\"https:\/\/www.buendnis-toleranz.de\/archiv\/themen\/extremismus\/161701\/europaeische-vereinigung-von-juristinnen-und-juristen-fuer-demokratie-und-menschenrechte-in-der-welt-e-v\">Generalsekret\u00e4r RA Siegfried Bratke, D\u00fcsseldorf<\/a><\/p><cite><a href=\"https:\/\/www.buendnis-toleranz.de\/archiv\/themen\/extremismus\/161701\/europaeische-vereinigung-von-juristinnen-und-juristen-fuer-demokratie-und-menschenrechte-in-der-welt-e-v\">Webseite &#8222;B\u00fcndnis Toleranz&#8220;<\/a><\/cite><\/blockquote>\n\n\n\n<p>\u00dcberall spielten sie die Biederm\u00e4nner: &#8222;La\u00dft uns rein, ihr lieben Gei\u00dflein, eure liebe Mami ist da!&#8220; Die Freiheit &#8211; so ihr gern erz\u00e4hltes M\u00e4rchen &#8211; sei bedroht von \u201eRechtsextremismus\u201c. Jetzt sind sie drin. Die Freiheit, die sie meinten, war immer nur ihre eigene Agitationsfreiheit. Am 1.7.2016 nahm Siegfried Bratke, alut Einladung, auf einer Veranstaltung der Gr\u00fcnen als Podiumsdiskutant gegen die AfD teil:<\/p>\n\n\n\n<blockquote class=\"wp-block-quote is-layout-flow wp-block-quote-is-layout-flow\"><p>Siegfried Bratke, D\u00fcsseldorf, Jurist und Mitglied des \u201eForums gegen Rassismus\u201c und der \u201eEurop\u00e4ischen Vereinigung von Juristinnen und Juristen f\u00fcr Demokratie und Menschenrechte in der Welt e.V.\u201c<\/p><cite><a href=\"https:\/\/gruene-kv-soest.de\/afd-parteitag-in-werl\/\">Einladung der Gr\u00fcnen von 2016<\/a><\/cite><\/blockquote>\n\n\n\n<p>Ob er dort wohl etwas davon erz\u00e4hlt hat, was er unter Toleranz versteht?<\/p>\n\n\n\n<h2 class=\"wp-block-heading\">Abgekanzelt<\/h2>\n\n\n\n<p>Heute sind die stalinistischen Methoden subtiler geworden. \u201eVon der Sowjetunion lernen, hei\u00dft siegen lernen!\u201c hatte oft auf Transparenten der SED gestanden, die heute &#8222;Die Linke&#8220; hei\u00dft. Linke Doktrin\u00e4re hatten von der Sowjetunion gelernt, was Klassenkampf im H\u00f6rsaal konkret bedeuten kann. Heute blicken sie aber weit nach Westen: Von Amerika lernen, hei\u00dft siegen lernen! Der neueste Schrei aus God\u2019s own country ist die Cancel culture, die Unsitte, jemanden moralisch abzukanzeln.<\/p>\n\n\n\n<p>Sie haben den aufgeleckten Speichel ihres roten F\u00fchrers mitsamt den  veralteten Lehren des dialektischen Materialismus abgeworfen und lenken den Zug jetzt mit Volldampf in die Gegenrichtung: das aufkl\u00e4rerische \u201eReligion ist Opium f\u00fcrs Volk\u201c war gestern. Die Chaoten haben die Sprengkraft des Religi\u00f6sen f\u00fcr sich entdeckt. Die Religion der &#8222;Gegenaufkl\u00e4rung&#8220; hat ihre eigenen Offenbarungen: Sie hei\u00dfen Dekonstruktivismus, Antirassismus, Genderismus und ein gegen jede Form der Marktwirtschaft gerichteter Antikapitalismus. Speichellecker des Amerikanismus haben sich gierig darauf gest\u00fcrzt und beten sie inbr\u00fcnstig nach.<\/p>\n\n\n\n<p>Wer sich den Doktrinen und Parolen der neuen Pharis\u00e4er verweigert, ist ein Ketzer, den ein \u201ewoker\u201c Gl\u00e4ubiger mit bestem Gewissen &nbsp;mundtot machen darf.<\/p>\n\n\n\n<blockquote class=\"wp-block-quote is-layout-flow wp-block-quote-is-layout-flow\"><p>Das Schlagwort f\u00fcr den Kampf gegen die europ\u00e4ische Kultur und Geschichte lautet: Cancel Culture, worunter Wikipedia einen systematischen \u201eBoykott von Personen oder Organisationen\u201c versteht, \u201edenen beleidigende oder diskriminierende Aussagen beziehungsweise Handlungen vorgeworfen werden\u201c, im Grunde also nicht Cancel Culture, sondern Culture Canceling. Der Klassenkampf der Kommunisten feiert als Culture Canceling seine Auferstehung. Die Gespenster der Vergangenheit schicken sich an, unsere Zukunft zu zerst\u00f6ren.<\/p><cite>Klaus-R\u00fcdiger Mai, Cancel Culture \u2013 Ein Angriff, der zur R\u00fcckeroberung f\u00fchren k\u00f6nnte, Tichys Einblick 11.10.2020<\/cite><\/blockquote>\n\n\n\n<p>Und wiederum ist die Freiheit der Wissenschaft in \u00e4u\u00dferster Gefahr. Geistiger Stalinismus hat sich geh\u00e4utet und greift wiederum nach der Macht, wie das in seinem Wesen liegt.<\/p>\n\n\n\n<blockquote class=\"wp-block-quote is-layout-flow wp-block-quote-is-layout-flow\"><p>Im Grunde dreht es sich ausschlie\u00dflich um die Frage der Macht. Nachdem der Linken das Subjekt des revolution\u00e4ren Kampfes, nach klassisch-marxistischer Lehre das Proletariat, abhanden kam, halfen die Liberalen um den Philosophen John Rawls aus, f\u00fcr den eine Gesellschaft dann als gerecht gilt, wenn \u201edie Gesetze zum Wohle der am st\u00e4rksten benachteiligten Gruppe\u201c gestaltet worden sind. Alles, was als unterdr\u00fcckt angesehen wird: die People of Color, die Homosexuellen, die Angeh\u00f6rigen der 666 Geschlechter werden zum neuen revolution\u00e4ren Subjekt erhoben, zum Ma\u00df aller Dinge.<\/p><cite>Klaus-R\u00fcdiger Mai, Cancel Culture \u2013 Ein Angriff, der zur R\u00fcckeroberung f\u00fchren k\u00f6nnte, Tichys Einblick 11.10.2020<\/cite><\/blockquote>\n\n\n\n<p>Weit entfernt von jeder ergebnisoffenen Wissenschaftlichkeit k\u00f6nnen Sie argumentativ nicht mithalten und versuchen das auch gar nicht.<\/p>\n\n\n\n<p>Klaus-R\u00fcdiger Mai schlo\u00df seinen Beitrag mit den Worten:<\/p>\n\n\n\n<blockquote class=\"wp-block-quote is-layout-flow wp-block-quote-is-layout-flow\"><p>In der <em>ZEIT<\/em> fand sich unl\u00e4ngst ein Artikel, in dem Wege empfohlen werden, den Zorn zu besiegen. Als gr\u00f6\u00dften Feind und mithin Quell des Zorns machte die <em>ZEIT<\/em> \u201edas eigene Ged\u00e4chtnis\u201c aus und tr\u00f6stete: \u201eDas kann man \u00fcberwinden.\u201c Wollen wir wirklich unser Ged\u00e4chtnis verlieren<strong>? \u201eSinge mir, oh Muse, den Zorn des Peleiaden Achilleus.\u201c Sie wollen vernichten, was sie nicht mehr verstehen und ahnen dabei nicht, da\u00df es auch den Heiligen Zorn gibt. Aus Freude aber, und aus Zorn, aus dem Geist der Freiheit ist unser Ged\u00e4chtnis gemacht.<\/strong><\/p><cite>Klaus-R\u00fcdiger Mai, Cancel Culture \u2013 Ein Angriff, der zur R\u00fcckeroberung f\u00fchren k\u00f6nnte, Tichys Einblick 11.10.2020<\/cite><\/blockquote>\n\n\n\n<p>Der Scho\u00df ist fruchtbar noch, aus dem das Uns\u00e4gliche kroch. Wer sich an die ha\u00dferf\u00fcllten Angriffe der Kommunisten in unseren H\u00f6rs\u00e4len der 1970er Jahre erinnert, bewahrt f\u00fcr unsere jungen Leute die Erinnerung. <\/p>\n\n\n\n<p>Die Erinnerung ist eines der Geheimnisse unserer Freiheit.<\/p>\n\n\n\n<p><\/p>\n\n\n\n<hr class=\"wp-block-separator\"\/>\n\n\n\n<p><a href=\"#_ftnref1\">[1]<\/a> Der Autor ist dem Verfasser bekannt.<\/p>\n\n\n\n<p>Warum die neue Zivilreligion der &#8222;woken&#8220; Philister und Pharis\u00e4er ein idologischer Handlanger der US-Finanzwirtschaft und damit Amerikanismus  ist,<\/p>\n\n\n\n<h1 class=\"wp-block-heading\">lesen Sie bitte hier weiter<\/h1>\n\n\n\n<figure class=\"wp-block-embed is-type-wp-embed is-provider-klaus-kunze wp-block-embed-klaus-kunze\"><div class=\"wp-block-embed__wrapper\">\n<blockquote class=\"wp-embedded-content\" data-secret=\"7JnthlQjT0\"><a href=\"http:\/\/klauskunze.com\/blog\/2021\/01\/13\/die-unfreiheit-ist-ein-meister-aus-amerika\/\">Die Unfreiheit ist ein Meister aus Amerika<\/a><\/blockquote><iframe loading=\"lazy\" class=\"wp-embedded-content\" sandbox=\"allow-scripts\" security=\"restricted\" style=\"position: absolute; clip: rect(1px, 1px, 1px, 1px);\" title=\"&#8222;Die Unfreiheit ist ein Meister aus Amerika&#8220; &#8212; Klaus Kunze\" src=\"http:\/\/klauskunze.com\/blog\/2021\/01\/13\/die-unfreiheit-ist-ein-meister-aus-amerika\/embed\/#?secret=aAFSlup7cq#?secret=7JnthlQjT0\" data-secret=\"7JnthlQjT0\" width=\"600\" height=\"338\" frameborder=\"0\" marginwidth=\"0\" marginheight=\"0\" scrolling=\"no\"><\/iframe>\n<\/div><\/figure>\n\n\n\n<figure class=\"wp-block-embed is-type-wp-embed is-provider-klaus-kunze wp-block-embed-klaus-kunze\"><div class=\"wp-block-embed__wrapper\">\n<blockquote class=\"wp-embedded-content\" data-secret=\"ZuKwuoI8I6\"><a href=\"http:\/\/klauskunze.com\/blog\/2021\/02\/07\/was-sind-das-bloss-fuer-voegel\/\">Was sind das blo\u00df f\u00fcr V\u00f6gel?<\/a><\/blockquote><iframe loading=\"lazy\" class=\"wp-embedded-content\" sandbox=\"allow-scripts\" security=\"restricted\" style=\"position: absolute; clip: rect(1px, 1px, 1px, 1px);\" title=\"&#8222;Was sind das blo\u00df f\u00fcr V\u00f6gel?&#8220; &#8212; Klaus Kunze\" src=\"http:\/\/klauskunze.com\/blog\/2021\/02\/07\/was-sind-das-bloss-fuer-voegel\/embed\/#?secret=KbpITdF0cB#?secret=ZuKwuoI8I6\" data-secret=\"ZuKwuoI8I6\" width=\"600\" height=\"338\" frameborder=\"0\" marginwidth=\"0\" marginheight=\"0\" scrolling=\"no\"><\/iframe>\n<\/div><\/figure>\n","protected":false},"excerpt":{"rendered":"<p>Neues Netzwerk Wissenschaftsfreiheit Mu\u00df jede Generation aufs erst den Morast der Knechtschaft durchwaten, um den Wert der Freiheit zu erlernen? Klaus R\u00fcdiger Mai berichtet von einem neu gegr\u00fcndeten Netzwerk Wissenschaftsfreiheit: Die schlechte Nachricht lautet, da\u00df f\u00fcr die Freiheit der Wissenschaft in Deutschland inzwischen wieder gek\u00e4mpft werden muss, die gute, dass renommierte Wissenschaftler sich zu einem [&hellip;]<\/p>\n","protected":false},"author":1,"featured_media":3058,"comment_status":"open","ping_status":"open","sticky":false,"template":"","format":"standard","meta":{"h5ap_radio_sources":[],"twitterCardType":"","cardImageID":0,"cardImage":"","cardTitle":"","cardDesc":"","cardImageAlt":"","cardPlayer":"","cardPlayerWidth":0,"cardPlayerHeight":0,"cardPlayerStream":"","cardPlayerCodec":"","footnotes":""},"categories":[1,13,17],"tags":[],"class_list":["post-3032","post","type-post","status-publish","format-standard","has-post-thumbnail","hentry","category-allgemein","category-geschichte","category-politik"],"yoast_head":"<!-- This site is optimized with the Yoast SEO plugin v27.5 - https:\/\/yoast.com\/product\/yoast-seo-wordpress\/ -->\n<title>Unser heiliger Zorn - Klaus Kunze<\/title>\n<meta name=\"robots\" content=\"index, follow, max-snippet:-1, max-image-preview:large, max-video-preview:-1\" \/>\n<link rel=\"canonical\" href=\"https:\/\/klauskunze.com\/blog\/2021\/02\/05\/unser-heiliger-zorn\/\" \/>\n<meta property=\"og:locale\" content=\"de_DE\" \/>\n<meta property=\"og:type\" content=\"article\" \/>\n<meta property=\"og:title\" content=\"Unser heiliger Zorn - Klaus Kunze\" \/>\n<meta property=\"og:description\" content=\"Neues Netzwerk Wissenschaftsfreiheit Mu\u00df jede Generation aufs erst den Morast der Knechtschaft durchwaten, um den Wert der Freiheit zu erlernen? Klaus R\u00fcdiger Mai berichtet von einem neu gegr\u00fcndeten Netzwerk Wissenschaftsfreiheit: Die schlechte Nachricht lautet, da\u00df f\u00fcr die Freiheit der Wissenschaft in Deutschland inzwischen wieder gek\u00e4mpft werden muss, die gute, dass renommierte Wissenschaftler sich zu einem [&hellip;]\" \/>\n<meta property=\"og:url\" content=\"https:\/\/klauskunze.com\/blog\/2021\/02\/05\/unser-heiliger-zorn\/\" \/>\n<meta property=\"og:site_name\" content=\"Klaus Kunze\" \/>\n<meta property=\"article:published_time\" content=\"2021-02-05T19:57:01+00:00\" \/>\n<meta property=\"article:modified_time\" content=\"2021-02-08T11:17:34+00:00\" \/>\n<meta property=\"og:image\" content=\"https:\/\/klauskunze.com\/blog\/wp-content\/uploads\/2021\/02\/Unbenannt-Zusammenfuegen-01.jpg\" \/>\n\t<meta property=\"og:image:width\" content=\"2493\" \/>\n\t<meta property=\"og:image:height\" content=\"1221\" \/>\n\t<meta property=\"og:image:type\" content=\"image\/jpeg\" \/>\n<meta name=\"author\" content=\"Klaus Kunze\" \/>\n<meta name=\"twitter:label1\" content=\"Verfasst von\" \/>\n\t<meta name=\"twitter:data1\" content=\"Klaus Kunze\" \/>\n\t<meta name=\"twitter:label2\" content=\"Gesch\u00e4tzte Lesezeit\" \/>\n\t<meta name=\"twitter:data2\" content=\"7\u00a0Minuten\" \/>\n<script type=\"application\/ld+json\" class=\"yoast-schema-graph\">{\"@context\":\"https:\\\/\\\/schema.org\",\"@graph\":[{\"@type\":\"Article\",\"@id\":\"https:\\\/\\\/klauskunze.com\\\/blog\\\/2021\\\/02\\\/05\\\/unser-heiliger-zorn\\\/#article\",\"isPartOf\":{\"@id\":\"https:\\\/\\\/klauskunze.com\\\/blog\\\/2021\\\/02\\\/05\\\/unser-heiliger-zorn\\\/\"},\"author\":{\"name\":\"Klaus Kunze\",\"@id\":\"https:\\\/\\\/klauskunze.com\\\/blog\\\/#\\\/schema\\\/person\\\/9c091cf30ab68b897db6a517e3c3b11b\"},\"headline\":\"Unser heiliger Zorn\",\"datePublished\":\"2021-02-05T19:57:01+00:00\",\"dateModified\":\"2021-02-08T11:17:34+00:00\",\"mainEntityOfPage\":{\"@id\":\"https:\\\/\\\/klauskunze.com\\\/blog\\\/2021\\\/02\\\/05\\\/unser-heiliger-zorn\\\/\"},\"wordCount\":1389,\"commentCount\":3,\"publisher\":{\"@id\":\"https:\\\/\\\/klauskunze.com\\\/blog\\\/#\\\/schema\\\/person\\\/9c091cf30ab68b897db6a517e3c3b11b\"},\"image\":{\"@id\":\"https:\\\/\\\/klauskunze.com\\\/blog\\\/2021\\\/02\\\/05\\\/unser-heiliger-zorn\\\/#primaryimage\"},\"thumbnailUrl\":\"https:\\\/\\\/klauskunze.com\\\/blog\\\/wp-content\\\/uploads\\\/2021\\\/02\\\/Unbenannt-Zusammenfuegen-01.jpg\",\"articleSection\":{\"1\":\"Geschichte\",\"2\":\"Politik\"},\"inLanguage\":\"de\",\"potentialAction\":[{\"@type\":\"CommentAction\",\"name\":\"Comment\",\"target\":[\"https:\\\/\\\/klauskunze.com\\\/blog\\\/2021\\\/02\\\/05\\\/unser-heiliger-zorn\\\/#respond\"]}]},{\"@type\":\"WebPage\",\"@id\":\"https:\\\/\\\/klauskunze.com\\\/blog\\\/2021\\\/02\\\/05\\\/unser-heiliger-zorn\\\/\",\"url\":\"https:\\\/\\\/klauskunze.com\\\/blog\\\/2021\\\/02\\\/05\\\/unser-heiliger-zorn\\\/\",\"name\":\"Unser heiliger Zorn - Klaus Kunze\",\"isPartOf\":{\"@id\":\"https:\\\/\\\/klauskunze.com\\\/blog\\\/#website\"},\"primaryImageOfPage\":{\"@id\":\"https:\\\/\\\/klauskunze.com\\\/blog\\\/2021\\\/02\\\/05\\\/unser-heiliger-zorn\\\/#primaryimage\"},\"image\":{\"@id\":\"https:\\\/\\\/klauskunze.com\\\/blog\\\/2021\\\/02\\\/05\\\/unser-heiliger-zorn\\\/#primaryimage\"},\"thumbnailUrl\":\"https:\\\/\\\/klauskunze.com\\\/blog\\\/wp-content\\\/uploads\\\/2021\\\/02\\\/Unbenannt-Zusammenfuegen-01.jpg\",\"datePublished\":\"2021-02-05T19:57:01+00:00\",\"dateModified\":\"2021-02-08T11:17:34+00:00\",\"breadcrumb\":{\"@id\":\"https:\\\/\\\/klauskunze.com\\\/blog\\\/2021\\\/02\\\/05\\\/unser-heiliger-zorn\\\/#breadcrumb\"},\"inLanguage\":\"de\",\"potentialAction\":[{\"@type\":\"ReadAction\",\"target\":[\"https:\\\/\\\/klauskunze.com\\\/blog\\\/2021\\\/02\\\/05\\\/unser-heiliger-zorn\\\/\"]}]},{\"@type\":\"ImageObject\",\"inLanguage\":\"de\",\"@id\":\"https:\\\/\\\/klauskunze.com\\\/blog\\\/2021\\\/02\\\/05\\\/unser-heiliger-zorn\\\/#primaryimage\",\"url\":\"https:\\\/\\\/klauskunze.com\\\/blog\\\/wp-content\\\/uploads\\\/2021\\\/02\\\/Unbenannt-Zusammenfuegen-01.jpg\",\"contentUrl\":\"https:\\\/\\\/klauskunze.com\\\/blog\\\/wp-content\\\/uploads\\\/2021\\\/02\\\/Unbenannt-Zusammenfuegen-01.jpg\",\"width\":2493,\"height\":1221},{\"@type\":\"BreadcrumbList\",\"@id\":\"https:\\\/\\\/klauskunze.com\\\/blog\\\/2021\\\/02\\\/05\\\/unser-heiliger-zorn\\\/#breadcrumb\",\"itemListElement\":[{\"@type\":\"ListItem\",\"position\":1,\"name\":\"Startseite\",\"item\":\"https:\\\/\\\/klauskunze.com\\\/blog\\\/\"},{\"@type\":\"ListItem\",\"position\":2,\"name\":\"Unser heiliger Zorn\"}]},{\"@type\":\"WebSite\",\"@id\":\"https:\\\/\\\/klauskunze.com\\\/blog\\\/#website\",\"url\":\"https:\\\/\\\/klauskunze.com\\\/blog\\\/\",\"name\":\"Klaus Kunze\",\"description\":\"Blog\",\"publisher\":{\"@id\":\"https:\\\/\\\/klauskunze.com\\\/blog\\\/#\\\/schema\\\/person\\\/9c091cf30ab68b897db6a517e3c3b11b\"},\"potentialAction\":[{\"@type\":\"SearchAction\",\"target\":{\"@type\":\"EntryPoint\",\"urlTemplate\":\"https:\\\/\\\/klauskunze.com\\\/blog\\\/?s={search_term_string}\"},\"query-input\":{\"@type\":\"PropertyValueSpecification\",\"valueRequired\":true,\"valueName\":\"search_term_string\"}}],\"inLanguage\":\"de\"},{\"@type\":[\"Person\",\"Organization\"],\"@id\":\"https:\\\/\\\/klauskunze.com\\\/blog\\\/#\\\/schema\\\/person\\\/9c091cf30ab68b897db6a517e3c3b11b\",\"name\":\"Klaus Kunze\",\"image\":{\"@type\":\"ImageObject\",\"inLanguage\":\"de\",\"@id\":\"https:\\\/\\\/secure.gravatar.com\\\/avatar\\\/5cd83cadbada9c331a79952fcca177ed3d3be4c7ad3239b9d934bf84adff15dd?s=96&d=blank&r=g\",\"url\":\"https:\\\/\\\/secure.gravatar.com\\\/avatar\\\/5cd83cadbada9c331a79952fcca177ed3d3be4c7ad3239b9d934bf84adff15dd?s=96&d=blank&r=g\",\"contentUrl\":\"https:\\\/\\\/secure.gravatar.com\\\/avatar\\\/5cd83cadbada9c331a79952fcca177ed3d3be4c7ad3239b9d934bf84adff15dd?s=96&d=blank&r=g\",\"caption\":\"Klaus Kunze\"},\"logo\":{\"@id\":\"https:\\\/\\\/secure.gravatar.com\\\/avatar\\\/5cd83cadbada9c331a79952fcca177ed3d3be4c7ad3239b9d934bf84adff15dd?s=96&d=blank&r=g\"},\"sameAs\":[\"http:\\\/\\\/KlausKunze.com\",\"https:\\\/\\\/x.com\\\/https:\\\/\\\/twitter.com\\\/KlausKunze3\"]}]}<\/script>\n<!-- \/ Yoast SEO plugin. -->","yoast_head_json":{"title":"Unser heiliger Zorn - Klaus Kunze","robots":{"index":"index","follow":"follow","max-snippet":"max-snippet:-1","max-image-preview":"max-image-preview:large","max-video-preview":"max-video-preview:-1"},"canonical":"https:\/\/klauskunze.com\/blog\/2021\/02\/05\/unser-heiliger-zorn\/","og_locale":"de_DE","og_type":"article","og_title":"Unser heiliger Zorn - Klaus Kunze","og_description":"Neues Netzwerk Wissenschaftsfreiheit Mu\u00df jede Generation aufs erst den Morast der Knechtschaft durchwaten, um den Wert der Freiheit zu erlernen? Klaus R\u00fcdiger Mai berichtet von einem neu gegr\u00fcndeten Netzwerk Wissenschaftsfreiheit: Die schlechte Nachricht lautet, da\u00df f\u00fcr die Freiheit der Wissenschaft in Deutschland inzwischen wieder gek\u00e4mpft werden muss, die gute, dass renommierte Wissenschaftler sich zu einem [&hellip;]","og_url":"https:\/\/klauskunze.com\/blog\/2021\/02\/05\/unser-heiliger-zorn\/","og_site_name":"Klaus Kunze","article_published_time":"2021-02-05T19:57:01+00:00","article_modified_time":"2021-02-08T11:17:34+00:00","og_image":[{"width":2493,"height":1221,"url":"https:\/\/klauskunze.com\/blog\/wp-content\/uploads\/2021\/02\/Unbenannt-Zusammenfuegen-01.jpg","type":"image\/jpeg"}],"author":"Klaus Kunze","twitter_misc":{"Verfasst von":"Klaus Kunze","Gesch\u00e4tzte Lesezeit":"7\u00a0Minuten"},"schema":{"@context":"https:\/\/schema.org","@graph":[{"@type":"Article","@id":"https:\/\/klauskunze.com\/blog\/2021\/02\/05\/unser-heiliger-zorn\/#article","isPartOf":{"@id":"https:\/\/klauskunze.com\/blog\/2021\/02\/05\/unser-heiliger-zorn\/"},"author":{"name":"Klaus Kunze","@id":"https:\/\/klauskunze.com\/blog\/#\/schema\/person\/9c091cf30ab68b897db6a517e3c3b11b"},"headline":"Unser heiliger Zorn","datePublished":"2021-02-05T19:57:01+00:00","dateModified":"2021-02-08T11:17:34+00:00","mainEntityOfPage":{"@id":"https:\/\/klauskunze.com\/blog\/2021\/02\/05\/unser-heiliger-zorn\/"},"wordCount":1389,"commentCount":3,"publisher":{"@id":"https:\/\/klauskunze.com\/blog\/#\/schema\/person\/9c091cf30ab68b897db6a517e3c3b11b"},"image":{"@id":"https:\/\/klauskunze.com\/blog\/2021\/02\/05\/unser-heiliger-zorn\/#primaryimage"},"thumbnailUrl":"https:\/\/klauskunze.com\/blog\/wp-content\/uploads\/2021\/02\/Unbenannt-Zusammenfuegen-01.jpg","articleSection":{"1":"Geschichte","2":"Politik"},"inLanguage":"de","potentialAction":[{"@type":"CommentAction","name":"Comment","target":["https:\/\/klauskunze.com\/blog\/2021\/02\/05\/unser-heiliger-zorn\/#respond"]}]},{"@type":"WebPage","@id":"https:\/\/klauskunze.com\/blog\/2021\/02\/05\/unser-heiliger-zorn\/","url":"https:\/\/klauskunze.com\/blog\/2021\/02\/05\/unser-heiliger-zorn\/","name":"Unser heiliger Zorn - Klaus Kunze","isPartOf":{"@id":"https:\/\/klauskunze.com\/blog\/#website"},"primaryImageOfPage":{"@id":"https:\/\/klauskunze.com\/blog\/2021\/02\/05\/unser-heiliger-zorn\/#primaryimage"},"image":{"@id":"https:\/\/klauskunze.com\/blog\/2021\/02\/05\/unser-heiliger-zorn\/#primaryimage"},"thumbnailUrl":"https:\/\/klauskunze.com\/blog\/wp-content\/uploads\/2021\/02\/Unbenannt-Zusammenfuegen-01.jpg","datePublished":"2021-02-05T19:57:01+00:00","dateModified":"2021-02-08T11:17:34+00:00","breadcrumb":{"@id":"https:\/\/klauskunze.com\/blog\/2021\/02\/05\/unser-heiliger-zorn\/#breadcrumb"},"inLanguage":"de","potentialAction":[{"@type":"ReadAction","target":["https:\/\/klauskunze.com\/blog\/2021\/02\/05\/unser-heiliger-zorn\/"]}]},{"@type":"ImageObject","inLanguage":"de","@id":"https:\/\/klauskunze.com\/blog\/2021\/02\/05\/unser-heiliger-zorn\/#primaryimage","url":"https:\/\/klauskunze.com\/blog\/wp-content\/uploads\/2021\/02\/Unbenannt-Zusammenfuegen-01.jpg","contentUrl":"https:\/\/klauskunze.com\/blog\/wp-content\/uploads\/2021\/02\/Unbenannt-Zusammenfuegen-01.jpg","width":2493,"height":1221},{"@type":"BreadcrumbList","@id":"https:\/\/klauskunze.com\/blog\/2021\/02\/05\/unser-heiliger-zorn\/#breadcrumb","itemListElement":[{"@type":"ListItem","position":1,"name":"Startseite","item":"https:\/\/klauskunze.com\/blog\/"},{"@type":"ListItem","position":2,"name":"Unser heiliger Zorn"}]},{"@type":"WebSite","@id":"https:\/\/klauskunze.com\/blog\/#website","url":"https:\/\/klauskunze.com\/blog\/","name":"Klaus Kunze","description":"Blog","publisher":{"@id":"https:\/\/klauskunze.com\/blog\/#\/schema\/person\/9c091cf30ab68b897db6a517e3c3b11b"},"potentialAction":[{"@type":"SearchAction","target":{"@type":"EntryPoint","urlTemplate":"https:\/\/klauskunze.com\/blog\/?s={search_term_string}"},"query-input":{"@type":"PropertyValueSpecification","valueRequired":true,"valueName":"search_term_string"}}],"inLanguage":"de"},{"@type":["Person","Organization"],"@id":"https:\/\/klauskunze.com\/blog\/#\/schema\/person\/9c091cf30ab68b897db6a517e3c3b11b","name":"Klaus Kunze","image":{"@type":"ImageObject","inLanguage":"de","@id":"https:\/\/secure.gravatar.com\/avatar\/5cd83cadbada9c331a79952fcca177ed3d3be4c7ad3239b9d934bf84adff15dd?s=96&d=blank&r=g","url":"https:\/\/secure.gravatar.com\/avatar\/5cd83cadbada9c331a79952fcca177ed3d3be4c7ad3239b9d934bf84adff15dd?s=96&d=blank&r=g","contentUrl":"https:\/\/secure.gravatar.com\/avatar\/5cd83cadbada9c331a79952fcca177ed3d3be4c7ad3239b9d934bf84adff15dd?s=96&d=blank&r=g","caption":"Klaus Kunze"},"logo":{"@id":"https:\/\/secure.gravatar.com\/avatar\/5cd83cadbada9c331a79952fcca177ed3d3be4c7ad3239b9d934bf84adff15dd?s=96&d=blank&r=g"},"sameAs":["http:\/\/KlausKunze.com","https:\/\/x.com\/https:\/\/twitter.com\/KlausKunze3"]}]}},"post_mailing_queue_ids":[],"_links":{"self":[{"href":"https:\/\/klauskunze.com\/blog\/wp-json\/wp\/v2\/posts\/3032","targetHints":{"allow":["GET"]}}],"collection":[{"href":"https:\/\/klauskunze.com\/blog\/wp-json\/wp\/v2\/posts"}],"about":[{"href":"https:\/\/klauskunze.com\/blog\/wp-json\/wp\/v2\/types\/post"}],"author":[{"embeddable":true,"href":"https:\/\/klauskunze.com\/blog\/wp-json\/wp\/v2\/users\/1"}],"replies":[{"embeddable":true,"href":"https:\/\/klauskunze.com\/blog\/wp-json\/wp\/v2\/comments?post=3032"}],"version-history":[{"count":20,"href":"https:\/\/klauskunze.com\/blog\/wp-json\/wp\/v2\/posts\/3032\/revisions"}],"predecessor-version":[{"id":3136,"href":"https:\/\/klauskunze.com\/blog\/wp-json\/wp\/v2\/posts\/3032\/revisions\/3136"}],"wp:featuredmedia":[{"embeddable":true,"href":"https:\/\/klauskunze.com\/blog\/wp-json\/wp\/v2\/media\/3058"}],"wp:attachment":[{"href":"https:\/\/klauskunze.com\/blog\/wp-json\/wp\/v2\/media?parent=3032"}],"wp:term":[{"taxonomy":"category","embeddable":true,"href":"https:\/\/klauskunze.com\/blog\/wp-json\/wp\/v2\/categories?post=3032"},{"taxonomy":"post_tag","embeddable":true,"href":"https:\/\/klauskunze.com\/blog\/wp-json\/wp\/v2\/tags?post=3032"}],"curies":[{"name":"wp","href":"https:\/\/api.w.org\/{rel}","templated":true}]}}