{"id":3337,"date":"2021-03-15T20:43:36","date_gmt":"2021-03-15T19:43:36","guid":{"rendered":"http:\/\/klauskunze.com\/blog\/?p=3337"},"modified":"2021-03-17T18:59:44","modified_gmt":"2021-03-17T17:59:44","slug":"unser-schneidiger-politkommissar","status":"publish","type":"post","link":"https:\/\/klauskunze.com\/blog\/2021\/03\/15\/unser-schneidiger-politkommissar\/","title":{"rendered":"Unser schneidiger Politkommissar"},"content":{"rendered":"\n<h2 class=\"wp-block-heading\">Paderborner Land du Hort der reinen Lehre<\/h2>\n\n\n\n<p>Ostwestfalen gilt eher als langweilig: plattes Land, muhende K\u00fche, bed\u00e4chtige Leute. Ganz hinten die ber\u00fcchtigte Senne: Hier lernten Generationen wehrpflichtiger Burschen die niedrigste Gangart. In der Polizeischule Stukenbrock k\u00f6nnen sich Polizeisch\u00fcler auf ihre Pr\u00fcfungen vorbereiten, ohne st\u00e4dtischen Versuchungen zu erliegen.<\/p>\n\n\n\n<p>Auch die alte Bischofsstadt Paderborn gilt nicht als Wiege des Frohsinns oder z\u00fcgelloser Ausschweifungen. Wo fr\u00fcher Inquisitoren streng auf Kirchenzucht achteten, wacht heute ein Politkommissar \u00fcber das richtige Bewu\u00dftsein der Untertanen. Benedikt Apel hei\u00dft er, und weil die \u00dcberwachung unserer Gesinnung so wichtig ist, ist er sogar Hauptkommissar.<\/p>\n\n\n\n<p>Heute werden keine Rosenkr\u00e4nze mehr gebetet, und er gibt keine Bibelstunden im rechten Glauben. Es m\u00fcssen gleich ganze Aktionswochen f\u00fcr die linientreue Gesinnung sein:<\/p>\n\n\n\n<blockquote class=\"wp-block-quote is-layout-flow wp-block-quote-is-layout-flow\"><p>Heute beginnen die Aktionswochen gegen Rassismus, mit Dauer bis zum 28. M\u00e4rz 2021. Zahlreiche Initiativen und Organisationen aus dem gesamten Kreisgebiet beteiligen sich dabei mit Aktionen und Veranstaltungen. Auch die Kreispolizeibeh\u00f6rde Paderborn setzt sich als Partner im kreisweiten Netzwerk \u201eVielfalt lieben&#8220; f\u00fcr Demokratie und Toleranz und gegen Rechtsextremismus und Rassismus ein. Die Aktionswochen sollen auf das Problem Rassismus aufmerksam machen und Handlungsm\u00f6glichkeiten gegen Diskriminierung aufzeigen. <\/p><cite>Benedikt Apel, Nein zu Rassismus und Diskriminierung, Facebook-Auftritt der Polizei NRW Paderborn<\/cite><\/blockquote>\n\n\n\n<figure class=\"wp-block-image size-large\"><a href=\"https:\/\/www.facebook.com\/polizei.nrw.pb\/photos\/a.1568321496730299\/2857296801166089\/\"><img loading=\"lazy\" decoding=\"async\" width=\"561\" height=\"929\" src=\"http:\/\/klauskunze.com\/blog\/wp-content\/uploads\/2021\/03\/Zuschneiden_2-1.jpg\" alt=\"\" class=\"wp-image-3340\" srcset=\"https:\/\/klauskunze.com\/blog\/wp-content\/uploads\/2021\/03\/Zuschneiden_2-1.jpg 561w, https:\/\/klauskunze.com\/blog\/wp-content\/uploads\/2021\/03\/Zuschneiden_2-1-181x300.jpg 181w\" sizes=\"auto, (max-width: 561px) 100vw, 561px\" \/><\/a><figcaption><a href=\"https:\/\/www.facebook.com\/polizei.nrw.pb\/photos\/a.1568321496730299\/2857296801166089\/\"><strong>Schneidiger Einsatz <\/strong>f\u00fcr die Ideologie seines Dienstherrn 2021<\/a><\/figcaption><\/figure>\n\n\n\n<p>Sein Namens-Ahnherr Benedikt von Nursia (480-547) hatte den Benediktiner-Orden gegr\u00fcndet. \u201eVerzicht auf Eigentum, Schweigen, Demut, Keuschheit und Gehorsam bilden bis heute die wichtigsten Regeln Benedikts.\u201c Gehorcht und schweigt, ist das auch die Devise Benedikt Apels? Schweigen &#8211; vielleicht auch \u00fcber den dienstpflichtwidrigen und verfassungsfeindlichen Versuch, sich als Polizist zum Gesinnungsw\u00e4chter aufzuschwingen?<\/p>\n\n\n\n<h2 class=\"wp-block-heading\">Polizei ist sch\u00f6n und L\u00e4ndersache<\/h2>\n\n\n\n<p>\u201e\u00a7 1 Polizeigesetz: Polizei ist sch\u00f6n und L\u00e4ndersache\u201c, hatte es spa\u00dfig unter uns Polizeioberwachtmeistern gehei\u00dfen, als ich vor den Toren Paderborns 1973 die Stukenbrocker Polizeischule besucht hatte. Wir lernten dann aber ernsthaft, da\u00df wir in einem Rechtsstaat leben. Beh\u00f6rden d\u00fcrfen nur im Rahmen ihrer gesetzlichen Zust\u00e4ndigkeit handeln. Die Ur-Zust\u00e4ndigkeit der Polizei besteht darin, Gefahren f\u00fcr die \u00f6ffentliche Sicherheit und Ordnung abzuwehren. Diese ist gewahrt, wenn der Staat und seine B\u00fcrger sich ungest\u00f6rt entfalten k\u00f6nnen und keinen Gefahren ausgesetzt sind.<\/p>\n\n\n\n<p>Daneben werden Polizeibeh\u00f6rden auch als Hilfsbeamte der Staatsanwaltschaft zur Strafverfolgung t\u00e4tig. Wenn keine Gefahr f\u00fcr die \u00f6ffentliche Sicherheit und Ordnung besteht und keine Straftat begangen wurde, haben Polizisten nichts zu tun.<\/p>\n\n\n\n<p>Sonst geht die philosophische, politische, parteiliche oder religi\u00f6se Gesinnung der B\u00fcrger keinen Polizisten dienstlich etwas an. Benedikt Apel sieht das allerdings locker. Ein bi\u00dfchen ideologische Propaganda kann nie schaden &#8211; oder?<\/p>\n\n\n\n<h2 class=\"wp-block-heading\">\u00dcber den Rand der Verfassung hinausgeschossen<\/h2>\n\n\n\n<p>Wir sollen bitte \u201eVielfalt lieben\u201c, empfiehlt er, und \u201eHandlungsm\u00f6glichkeiten\u201c will er aufzeigen \u201egegen Rechtsextremismus und Rassismus\u201c. Das ist rechts- und verfassungswidrig. Dabei ist ganz gleichg\u00fcltig, was man unter \u201eRechtsextremismus und Rassismus\u201c versteht. Beides als Gesinnung geht die Polizeibeh\u00f6rden nichts an. Es ist erlaubt, sich rechtsextremistisch und rassistisch zu \u00e4u\u00dfern, wenn man es denn m\u00f6chte. Darin liegt weder eine Straftat noch eine Gefahr f\u00fcr die \u00f6ffentliche Sicherheit. Das Bundesverfassungsgericht hat diese Selbstverst\u00e4ndlichkeit des Grundgesetzes mit den Worten hervorgehoben, der Grundgesetzgeber habe festgelegt,<\/p>\n\n\n\n<blockquote class=\"wp-block-quote is-layout-flow wp-block-quote-is-layout-flow\"><p>da\u00df nicht schon die Verbreitung verfassungsfeindlicher Ideen als solche die Grenze der freien politischen Auseinandersetzung bildet, sondern erst eine aktiv k\u00e4mpferische, aggressive Haltung gegen\u00fcber der freiheitlichen demokratischen Grundordnung (vgl. BVerfGE 5, 85 &lt;141&gt;). Entsprechend gew\u00e4hrleistet Art. 5 Abs. 1 und 2 GG die Meinungsfreiheit als Geistesfreiheit unabh\u00e4ngig von der inhaltlichen Bewertung ihrer Richtigkeit, rechtlichen Durchsetzbarkeit oder Gef\u00e4hrlichkeit (vgl. BVerfGE 90, 241 &lt;247&gt;). Art. 5 Abs. 1 und 2 GG erlaubt nicht den staatlichen Zugriff auf die Gesinnung, sondern erm\u00e4chtigt erst dann zum Eingriff, wenn Meinungs\u00e4u\u00dferungen die rein geistige Sph\u00e4re des F\u00fcr-richtig-Haltens verlassen und in Rechtsgutverletzungen oder erkennbar in Gef\u00e4hrdungslagen umschlagen.<\/p><cite>(BVerfG, Beschlu\u00df vom 4.11.2009 \u2013 1 BvR 2150\/08 \u2013, BVerfGE 124, 300-347, Rn. 67).<\/cite><\/blockquote>\n\n\n\n<p>Die Ausbildung eines Polizeikommisars in allen Ehren &#8211; aber mit ihm dar\u00fcber diskutieren, was \u00fcberhaupt Rechtsextremismus und was Rassismus ist, m\u00f6chte ich gar nicht erst anfangen. Bei einem Einsatz meiner damaligen Bochumer Einsatzhundertschaft in Dortmund 1974 erkl\u00e4rte uns zuvor unser Hundertschaftsf\u00fchrer, es k\u00f6nnten Gefahren f\u00fcr die \u00f6ffentliche Sicherheit von \u201eMaoisten und Chaotisten\u201c ausgehen, was uns zu leisem Kichern verleitete. Genauer wu\u00dfte der Hauptkommisar es nicht. Es mu\u00dfte aber auch nicht genauer interessieren: Jeder durfte meinen, was er will, nur nicht gewaltt\u00e4tig. Das gilt von Rechts wegen unver\u00e4ndert bis heute.<\/p>\n\n\n\n<h2 class=\"wp-block-heading\">Rechtm\u00e4\u00dfige Aus\u00fcbung \u00f6ffentlicher Gewalt<\/h2>\n\n\n\n<p>Gewaltsam st\u00fcrmten 1975 Demonstranten gegen eine KVB-Fahrpreiserh\u00f6hung Stra\u00dfenbahngleise, blockierten sie und hinderten Zehntausende zum Feierabend an der Heimfahrt. Da\u00df ich vielleicht auch gegen Fahrpreiserh\u00f6hungen war, spielte keine Rolle: Schneidig und in rechtm\u00e4\u00dfiger Aus\u00fcbung \u00f6ffentlicher Gewalt sehe ich mich auf dem Foto die Gleise r\u00e4umen.<\/p>\n\n\n\n<figure class=\"wp-block-image size-large\"><img loading=\"lazy\" decoding=\"async\" width=\"1024\" height=\"745\" src=\"http:\/\/klauskunze.com\/blog\/wp-content\/uploads\/2021\/03\/1975-004-1024x745.jpg\" alt=\"\" class=\"wp-image-3341\" srcset=\"https:\/\/klauskunze.com\/blog\/wp-content\/uploads\/2021\/03\/1975-004-1024x745.jpg 1024w, https:\/\/klauskunze.com\/blog\/wp-content\/uploads\/2021\/03\/1975-004-300x218.jpg 300w, https:\/\/klauskunze.com\/blog\/wp-content\/uploads\/2021\/03\/1975-004-768x559.jpg 768w, https:\/\/klauskunze.com\/blog\/wp-content\/uploads\/2021\/03\/1975-004-1536x1118.jpg 1536w, https:\/\/klauskunze.com\/blog\/wp-content\/uploads\/2021\/03\/1975-004-2048x1490.jpg 2048w, https:\/\/klauskunze.com\/blog\/wp-content\/uploads\/2021\/03\/1975-004-900x655.jpg 900w, https:\/\/klauskunze.com\/blog\/wp-content\/uploads\/2021\/03\/1975-004-1280x931.jpg 1280w\" sizes=\"auto, (max-width: 1024px) 100vw, 1024px\" \/><figcaption><strong>Schneidiger Einsatz<\/strong>: K\u00f6ln, Rudolfplatz, 10.7.<strong>1975 <\/strong><br>(Verfasser links vor der Stra\u00dfenbahn)<\/figcaption><\/figure>\n\n\n\n<p>Wir verteidigten die Rechtsordnung und in einem ganz unmittelbaren Sinn die Freiheit unserer Mitb\u00fcrger, mit der Stra\u00dfenbahn nach Hause zu fahren. Darauf waren wir auch stolz. Wir sch\u00fctzten Recht und Gesetz, von dessen Sinn wir \u00fcberzeugt waren. Wir sch\u00fctzten es vor jedermann und gegen jedermann, ohne Ansehen der Person und ihrer etwaigen Gesinnung.<\/p>\n\n\n\n<p>Aus Art.20 I GG leitet das Bundesverfassungsgericht &nbsp;das Demokratieprinzip her: Der politi\u00adsche Wil\u00adlensbil\u00addungs\u00adproze\u00df mu\u00df sich vom Volk hin zu den Staatsorga\u00adnen vollzie\u00adhen und nicht umge\u00adkehrt. Den Staats\u00ador\u00adga\u00adnen ist grunds\u00e4tzlich je\u00adde Ein\u00adflu\u00df\u00adnahme auf den Proze\u00df des Volks\u00adwillens ver\u00adwehrt.<a href=\"#_ftn1\">[1]<\/a> Genau das macht Demokratie aus: Das Volk wird nicht von oben gelenkt, sondern lenkt selbst. Darum ist das strikte<\/p>\n\n\n\n<blockquote class=\"wp-block-quote is-layout-flow wp-block-quote-is-layout-flow\"><p>Gebot staatlicher Neutralit\u00e4t nicht nur f\u00fcr den Wahlvorgang und die Wahlvorbereitung<\/p><cite>(BVerfG, Urteil vom 27. Februar 2018 \u2013 2 BvE 1\/16 \u2013, BVerfGE 148, 11-39, Rn. 46)<\/cite><\/blockquote>\n\n\n\n<p>st\u00e4ndige Rechtsprechung des Verfassungsgerichts. Der Staat darf sich ideologisch nicht einmischen und die B\u00fcrger linientreu formieren, selbst die Regierung nicht, obwohl sie die faktische Macht dazu hat,<\/p>\n\n\n\n<blockquote class=\"wp-block-quote is-layout-flow wp-block-quote-is-layout-flow\"><p>Allerdings ist zu ber\u00fccksichtigen, da\u00df die der Bundesregierung zukommende Autorit\u00e4t und die Verf\u00fcgung \u00fcber staatliche Ressourcen eine nachhaltige Einwirkung auf die politische Willensbildung des Volkes erm\u00f6glichen, die das Risiko erheblicher Verzerrungen des politischen Wettbewerbs der Parteien und einer Umkehrung des Prozesses der Willensbildung vom Volk zu den Staatsorganen beinhaltet<\/p><cite>(BVerfG, Urteil vom 27. Februar 2018 \u2013 2 BvE 1\/16 \u2013, BVerfGE 148, 11-39, Rn. 52)<\/cite><\/blockquote>\n\n\n\n<p>und schon gar nicht eine Polizeibeh\u00f6rde. Polizeikommissare d\u00fcrfen von Rechts wegen und bei dienstpflichtgem\u00e4\u00dfem Handeln keine Politkommissare sein.<\/p>\n\n\n\n<p>Zwar d\u00fcrfen Polizeibeh\u00f6rden vor Einbrechern warnen: \u201eSei schlauer als der Klauer!\u201c, und sie d\u00fcrfen \u00f6ffentlich die Verkehrssicherheit anmahnen. Dort drohen Straftaten und Sch\u00e4den, also Gefahren f\u00fcr die \u00f6ffentliche Sicherheit und Ordnung. F\u00fcr \u00d6ffentlichkeitsarbeit im Sinne der ideologische Pr\u00e4ferenzen der Partei ihres Dienstherrn sind sie aber nicht zust\u00e4ndig. Rassismus und Rechtsextremismus sind keine Straftaten und keine verbotenen Gesinnungen, weil es in der freiheitlichen demokratischen Grundordnung schlechthin keine verbotenen Gesinnungen gibt.<\/p>\n\n\n\n<p>Ein Staat, in dem Polizisten eine falsche Gesinnung f\u00fcr eine Gefahr f\u00fcr die \u00f6ffentliche Sicherheit oder Ordnung halten, ist nicht mehr der Staat unserer freiheitlichen demokratischen Grundordnung.<\/p>\n\n\n\n<h2 class=\"wp-block-heading\">Polizisten d\u00fcrfen keine Parteiarmee bilden<\/h2>\n\n\n\n<p>Es untergr\u00e4bt das Vertrauen der Bev\u00f6lkerung in unseren Rechtsstaat, wenn sich Polizeibeamte zu B\u00fctteln irgendeiner Weltanschauung machen lassen. Je heterogener und pluraler die offene Gesellschaft wird, desto weniger d\u00fcrfen der Staat und seine Diener parteiisch auftreten. Wenn nach einem Fu\u00dfballspiel die Fans mit den blau-wei\u00dfen Schals und die mit den gr\u00fcn-wei\u00dfen handgreiflich werden, d\u00fcrfen dazwischengehende Polizisten unter keinen Umst\u00e4nden selbst solche Schals tragen.<\/p>\n\n\n\n<p>Der innere Frieden steht auf dem Spiel, wenn der B\u00fcrger nicht mehr dem neutralen Staat und seinen Polizisten gehorchen soll, sondern sich wie gegen\u00fcber Parteiarmeen der herrschenden Parteien f\u00fchlt.<\/p>\n\n\n\n<hr class=\"wp-block-separator\"\/>\n\n\n\n<p><a href=\"#_ftnref1\">[1]<\/a> BVerfG E 20, 56 (99) = NJW 1966,1499 (1503).<\/p>\n","protected":false},"excerpt":{"rendered":"<p>Paderborner Land du Hort der reinen Lehre Ostwestfalen gilt eher als langweilig: plattes Land, muhende K\u00fche, bed\u00e4chtige Leute. Ganz hinten die ber\u00fcchtigte Senne: Hier lernten Generationen wehrpflichtiger Burschen die niedrigste Gangart. In der Polizeischule Stukenbrock k\u00f6nnen sich Polizeisch\u00fcler auf ihre Pr\u00fcfungen vorbereiten, ohne st\u00e4dtischen Versuchungen zu erliegen. Auch die alte Bischofsstadt Paderborn gilt nicht als [&hellip;]<\/p>\n","protected":false},"author":1,"featured_media":3348,"comment_status":"open","ping_status":"open","sticky":false,"template":"","format":"standard","meta":{"h5ap_radio_sources":[],"twitterCardType":"","cardImageID":0,"cardImage":"","cardTitle":"","cardDesc":"","cardImageAlt":"","cardPlayer":"","cardPlayerWidth":0,"cardPlayerHeight":0,"cardPlayerStream":"","cardPlayerCodec":"","footnotes":""},"categories":[1,18,17],"tags":[],"class_list":["post-3337","post","type-post","status-publish","format-standard","has-post-thumbnail","hentry","category-allgemein","category-juristisches","category-politik"],"yoast_head":"<!-- This site is optimized with the Yoast SEO plugin v27.5 - https:\/\/yoast.com\/product\/yoast-seo-wordpress\/ -->\n<title>Unser schneidiger Politkommissar - Klaus Kunze<\/title>\n<meta name=\"robots\" content=\"index, follow, max-snippet:-1, max-image-preview:large, max-video-preview:-1\" \/>\n<link rel=\"canonical\" href=\"https:\/\/klauskunze.com\/blog\/2021\/03\/15\/unser-schneidiger-politkommissar\/\" \/>\n<meta property=\"og:locale\" content=\"de_DE\" \/>\n<meta property=\"og:type\" content=\"article\" \/>\n<meta property=\"og:title\" content=\"Unser schneidiger Politkommissar - Klaus Kunze\" \/>\n<meta property=\"og:description\" content=\"Paderborner Land du Hort der reinen Lehre Ostwestfalen gilt eher als langweilig: plattes Land, muhende K\u00fche, bed\u00e4chtige Leute. Ganz hinten die ber\u00fcchtigte Senne: Hier lernten Generationen wehrpflichtiger Burschen die niedrigste Gangart. In der Polizeischule Stukenbrock k\u00f6nnen sich Polizeisch\u00fcler auf ihre Pr\u00fcfungen vorbereiten, ohne st\u00e4dtischen Versuchungen zu erliegen. Auch die alte Bischofsstadt Paderborn gilt nicht als [&hellip;]\" \/>\n<meta property=\"og:url\" content=\"https:\/\/klauskunze.com\/blog\/2021\/03\/15\/unser-schneidiger-politkommissar\/\" \/>\n<meta property=\"og:site_name\" content=\"Klaus Kunze\" \/>\n<meta property=\"article:published_time\" content=\"2021-03-15T19:43:36+00:00\" \/>\n<meta property=\"article:modified_time\" content=\"2021-03-17T17:59:44+00:00\" \/>\n<meta property=\"og:image\" content=\"https:\/\/klauskunze.com\/blog\/wp-content\/uploads\/2021\/03\/160765557_2857296804499422_4197852124672903000_n.jpg\" \/>\n\t<meta property=\"og:image:width\" content=\"1200\" \/>\n\t<meta property=\"og:image:height\" content=\"1255\" \/>\n\t<meta property=\"og:image:type\" content=\"image\/jpeg\" \/>\n<meta name=\"author\" content=\"Klaus Kunze\" \/>\n<meta name=\"twitter:label1\" content=\"Verfasst von\" \/>\n\t<meta name=\"twitter:data1\" content=\"Klaus Kunze\" \/>\n\t<meta name=\"twitter:label2\" content=\"Gesch\u00e4tzte Lesezeit\" \/>\n\t<meta name=\"twitter:data2\" content=\"6\u00a0Minuten\" \/>\n<script type=\"application\/ld+json\" class=\"yoast-schema-graph\">{\"@context\":\"https:\\\/\\\/schema.org\",\"@graph\":[{\"@type\":\"Article\",\"@id\":\"https:\\\/\\\/klauskunze.com\\\/blog\\\/2021\\\/03\\\/15\\\/unser-schneidiger-politkommissar\\\/#article\",\"isPartOf\":{\"@id\":\"https:\\\/\\\/klauskunze.com\\\/blog\\\/2021\\\/03\\\/15\\\/unser-schneidiger-politkommissar\\\/\"},\"author\":{\"name\":\"Klaus Kunze\",\"@id\":\"https:\\\/\\\/klauskunze.com\\\/blog\\\/#\\\/schema\\\/person\\\/9c091cf30ab68b897db6a517e3c3b11b\"},\"headline\":\"Unser schneidiger Politkommissar\",\"datePublished\":\"2021-03-15T19:43:36+00:00\",\"dateModified\":\"2021-03-17T17:59:44+00:00\",\"mainEntityOfPage\":{\"@id\":\"https:\\\/\\\/klauskunze.com\\\/blog\\\/2021\\\/03\\\/15\\\/unser-schneidiger-politkommissar\\\/\"},\"wordCount\":1290,\"commentCount\":1,\"publisher\":{\"@id\":\"https:\\\/\\\/klauskunze.com\\\/blog\\\/#\\\/schema\\\/person\\\/9c091cf30ab68b897db6a517e3c3b11b\"},\"image\":{\"@id\":\"https:\\\/\\\/klauskunze.com\\\/blog\\\/2021\\\/03\\\/15\\\/unser-schneidiger-politkommissar\\\/#primaryimage\"},\"thumbnailUrl\":\"https:\\\/\\\/klauskunze.com\\\/blog\\\/wp-content\\\/uploads\\\/2021\\\/03\\\/160765557_2857296804499422_4197852124672903000_n.jpg\",\"articleSection\":{\"1\":\"Juristisches\",\"2\":\"Politik\"},\"inLanguage\":\"de\",\"potentialAction\":[{\"@type\":\"CommentAction\",\"name\":\"Comment\",\"target\":[\"https:\\\/\\\/klauskunze.com\\\/blog\\\/2021\\\/03\\\/15\\\/unser-schneidiger-politkommissar\\\/#respond\"]}]},{\"@type\":\"WebPage\",\"@id\":\"https:\\\/\\\/klauskunze.com\\\/blog\\\/2021\\\/03\\\/15\\\/unser-schneidiger-politkommissar\\\/\",\"url\":\"https:\\\/\\\/klauskunze.com\\\/blog\\\/2021\\\/03\\\/15\\\/unser-schneidiger-politkommissar\\\/\",\"name\":\"Unser schneidiger Politkommissar - Klaus Kunze\",\"isPartOf\":{\"@id\":\"https:\\\/\\\/klauskunze.com\\\/blog\\\/#website\"},\"primaryImageOfPage\":{\"@id\":\"https:\\\/\\\/klauskunze.com\\\/blog\\\/2021\\\/03\\\/15\\\/unser-schneidiger-politkommissar\\\/#primaryimage\"},\"image\":{\"@id\":\"https:\\\/\\\/klauskunze.com\\\/blog\\\/2021\\\/03\\\/15\\\/unser-schneidiger-politkommissar\\\/#primaryimage\"},\"thumbnailUrl\":\"https:\\\/\\\/klauskunze.com\\\/blog\\\/wp-content\\\/uploads\\\/2021\\\/03\\\/160765557_2857296804499422_4197852124672903000_n.jpg\",\"datePublished\":\"2021-03-15T19:43:36+00:00\",\"dateModified\":\"2021-03-17T17:59:44+00:00\",\"breadcrumb\":{\"@id\":\"https:\\\/\\\/klauskunze.com\\\/blog\\\/2021\\\/03\\\/15\\\/unser-schneidiger-politkommissar\\\/#breadcrumb\"},\"inLanguage\":\"de\",\"potentialAction\":[{\"@type\":\"ReadAction\",\"target\":[\"https:\\\/\\\/klauskunze.com\\\/blog\\\/2021\\\/03\\\/15\\\/unser-schneidiger-politkommissar\\\/\"]}]},{\"@type\":\"ImageObject\",\"inLanguage\":\"de\",\"@id\":\"https:\\\/\\\/klauskunze.com\\\/blog\\\/2021\\\/03\\\/15\\\/unser-schneidiger-politkommissar\\\/#primaryimage\",\"url\":\"https:\\\/\\\/klauskunze.com\\\/blog\\\/wp-content\\\/uploads\\\/2021\\\/03\\\/160765557_2857296804499422_4197852124672903000_n.jpg\",\"contentUrl\":\"https:\\\/\\\/klauskunze.com\\\/blog\\\/wp-content\\\/uploads\\\/2021\\\/03\\\/160765557_2857296804499422_4197852124672903000_n.jpg\",\"width\":1200,\"height\":1255},{\"@type\":\"BreadcrumbList\",\"@id\":\"https:\\\/\\\/klauskunze.com\\\/blog\\\/2021\\\/03\\\/15\\\/unser-schneidiger-politkommissar\\\/#breadcrumb\",\"itemListElement\":[{\"@type\":\"ListItem\",\"position\":1,\"name\":\"Startseite\",\"item\":\"https:\\\/\\\/klauskunze.com\\\/blog\\\/\"},{\"@type\":\"ListItem\",\"position\":2,\"name\":\"Unser schneidiger Politkommissar\"}]},{\"@type\":\"WebSite\",\"@id\":\"https:\\\/\\\/klauskunze.com\\\/blog\\\/#website\",\"url\":\"https:\\\/\\\/klauskunze.com\\\/blog\\\/\",\"name\":\"Klaus Kunze\",\"description\":\"Blog\",\"publisher\":{\"@id\":\"https:\\\/\\\/klauskunze.com\\\/blog\\\/#\\\/schema\\\/person\\\/9c091cf30ab68b897db6a517e3c3b11b\"},\"potentialAction\":[{\"@type\":\"SearchAction\",\"target\":{\"@type\":\"EntryPoint\",\"urlTemplate\":\"https:\\\/\\\/klauskunze.com\\\/blog\\\/?s={search_term_string}\"},\"query-input\":{\"@type\":\"PropertyValueSpecification\",\"valueRequired\":true,\"valueName\":\"search_term_string\"}}],\"inLanguage\":\"de\"},{\"@type\":[\"Person\",\"Organization\"],\"@id\":\"https:\\\/\\\/klauskunze.com\\\/blog\\\/#\\\/schema\\\/person\\\/9c091cf30ab68b897db6a517e3c3b11b\",\"name\":\"Klaus Kunze\",\"image\":{\"@type\":\"ImageObject\",\"inLanguage\":\"de\",\"@id\":\"https:\\\/\\\/secure.gravatar.com\\\/avatar\\\/5cd83cadbada9c331a79952fcca177ed3d3be4c7ad3239b9d934bf84adff15dd?s=96&d=blank&r=g\",\"url\":\"https:\\\/\\\/secure.gravatar.com\\\/avatar\\\/5cd83cadbada9c331a79952fcca177ed3d3be4c7ad3239b9d934bf84adff15dd?s=96&d=blank&r=g\",\"contentUrl\":\"https:\\\/\\\/secure.gravatar.com\\\/avatar\\\/5cd83cadbada9c331a79952fcca177ed3d3be4c7ad3239b9d934bf84adff15dd?s=96&d=blank&r=g\",\"caption\":\"Klaus Kunze\"},\"logo\":{\"@id\":\"https:\\\/\\\/secure.gravatar.com\\\/avatar\\\/5cd83cadbada9c331a79952fcca177ed3d3be4c7ad3239b9d934bf84adff15dd?s=96&d=blank&r=g\"},\"sameAs\":[\"http:\\\/\\\/KlausKunze.com\",\"https:\\\/\\\/x.com\\\/https:\\\/\\\/twitter.com\\\/KlausKunze3\"]}]}<\/script>\n<!-- \/ Yoast SEO plugin. -->","yoast_head_json":{"title":"Unser schneidiger Politkommissar - Klaus Kunze","robots":{"index":"index","follow":"follow","max-snippet":"max-snippet:-1","max-image-preview":"max-image-preview:large","max-video-preview":"max-video-preview:-1"},"canonical":"https:\/\/klauskunze.com\/blog\/2021\/03\/15\/unser-schneidiger-politkommissar\/","og_locale":"de_DE","og_type":"article","og_title":"Unser schneidiger Politkommissar - Klaus Kunze","og_description":"Paderborner Land du Hort der reinen Lehre Ostwestfalen gilt eher als langweilig: plattes Land, muhende K\u00fche, bed\u00e4chtige Leute. Ganz hinten die ber\u00fcchtigte Senne: Hier lernten Generationen wehrpflichtiger Burschen die niedrigste Gangart. In der Polizeischule Stukenbrock k\u00f6nnen sich Polizeisch\u00fcler auf ihre Pr\u00fcfungen vorbereiten, ohne st\u00e4dtischen Versuchungen zu erliegen. Auch die alte Bischofsstadt Paderborn gilt nicht als [&hellip;]","og_url":"https:\/\/klauskunze.com\/blog\/2021\/03\/15\/unser-schneidiger-politkommissar\/","og_site_name":"Klaus Kunze","article_published_time":"2021-03-15T19:43:36+00:00","article_modified_time":"2021-03-17T17:59:44+00:00","og_image":[{"width":1200,"height":1255,"url":"https:\/\/klauskunze.com\/blog\/wp-content\/uploads\/2021\/03\/160765557_2857296804499422_4197852124672903000_n.jpg","type":"image\/jpeg"}],"author":"Klaus Kunze","twitter_misc":{"Verfasst von":"Klaus Kunze","Gesch\u00e4tzte Lesezeit":"6\u00a0Minuten"},"schema":{"@context":"https:\/\/schema.org","@graph":[{"@type":"Article","@id":"https:\/\/klauskunze.com\/blog\/2021\/03\/15\/unser-schneidiger-politkommissar\/#article","isPartOf":{"@id":"https:\/\/klauskunze.com\/blog\/2021\/03\/15\/unser-schneidiger-politkommissar\/"},"author":{"name":"Klaus Kunze","@id":"https:\/\/klauskunze.com\/blog\/#\/schema\/person\/9c091cf30ab68b897db6a517e3c3b11b"},"headline":"Unser schneidiger Politkommissar","datePublished":"2021-03-15T19:43:36+00:00","dateModified":"2021-03-17T17:59:44+00:00","mainEntityOfPage":{"@id":"https:\/\/klauskunze.com\/blog\/2021\/03\/15\/unser-schneidiger-politkommissar\/"},"wordCount":1290,"commentCount":1,"publisher":{"@id":"https:\/\/klauskunze.com\/blog\/#\/schema\/person\/9c091cf30ab68b897db6a517e3c3b11b"},"image":{"@id":"https:\/\/klauskunze.com\/blog\/2021\/03\/15\/unser-schneidiger-politkommissar\/#primaryimage"},"thumbnailUrl":"https:\/\/klauskunze.com\/blog\/wp-content\/uploads\/2021\/03\/160765557_2857296804499422_4197852124672903000_n.jpg","articleSection":{"1":"Juristisches","2":"Politik"},"inLanguage":"de","potentialAction":[{"@type":"CommentAction","name":"Comment","target":["https:\/\/klauskunze.com\/blog\/2021\/03\/15\/unser-schneidiger-politkommissar\/#respond"]}]},{"@type":"WebPage","@id":"https:\/\/klauskunze.com\/blog\/2021\/03\/15\/unser-schneidiger-politkommissar\/","url":"https:\/\/klauskunze.com\/blog\/2021\/03\/15\/unser-schneidiger-politkommissar\/","name":"Unser schneidiger Politkommissar - Klaus Kunze","isPartOf":{"@id":"https:\/\/klauskunze.com\/blog\/#website"},"primaryImageOfPage":{"@id":"https:\/\/klauskunze.com\/blog\/2021\/03\/15\/unser-schneidiger-politkommissar\/#primaryimage"},"image":{"@id":"https:\/\/klauskunze.com\/blog\/2021\/03\/15\/unser-schneidiger-politkommissar\/#primaryimage"},"thumbnailUrl":"https:\/\/klauskunze.com\/blog\/wp-content\/uploads\/2021\/03\/160765557_2857296804499422_4197852124672903000_n.jpg","datePublished":"2021-03-15T19:43:36+00:00","dateModified":"2021-03-17T17:59:44+00:00","breadcrumb":{"@id":"https:\/\/klauskunze.com\/blog\/2021\/03\/15\/unser-schneidiger-politkommissar\/#breadcrumb"},"inLanguage":"de","potentialAction":[{"@type":"ReadAction","target":["https:\/\/klauskunze.com\/blog\/2021\/03\/15\/unser-schneidiger-politkommissar\/"]}]},{"@type":"ImageObject","inLanguage":"de","@id":"https:\/\/klauskunze.com\/blog\/2021\/03\/15\/unser-schneidiger-politkommissar\/#primaryimage","url":"https:\/\/klauskunze.com\/blog\/wp-content\/uploads\/2021\/03\/160765557_2857296804499422_4197852124672903000_n.jpg","contentUrl":"https:\/\/klauskunze.com\/blog\/wp-content\/uploads\/2021\/03\/160765557_2857296804499422_4197852124672903000_n.jpg","width":1200,"height":1255},{"@type":"BreadcrumbList","@id":"https:\/\/klauskunze.com\/blog\/2021\/03\/15\/unser-schneidiger-politkommissar\/#breadcrumb","itemListElement":[{"@type":"ListItem","position":1,"name":"Startseite","item":"https:\/\/klauskunze.com\/blog\/"},{"@type":"ListItem","position":2,"name":"Unser schneidiger Politkommissar"}]},{"@type":"WebSite","@id":"https:\/\/klauskunze.com\/blog\/#website","url":"https:\/\/klauskunze.com\/blog\/","name":"Klaus Kunze","description":"Blog","publisher":{"@id":"https:\/\/klauskunze.com\/blog\/#\/schema\/person\/9c091cf30ab68b897db6a517e3c3b11b"},"potentialAction":[{"@type":"SearchAction","target":{"@type":"EntryPoint","urlTemplate":"https:\/\/klauskunze.com\/blog\/?s={search_term_string}"},"query-input":{"@type":"PropertyValueSpecification","valueRequired":true,"valueName":"search_term_string"}}],"inLanguage":"de"},{"@type":["Person","Organization"],"@id":"https:\/\/klauskunze.com\/blog\/#\/schema\/person\/9c091cf30ab68b897db6a517e3c3b11b","name":"Klaus Kunze","image":{"@type":"ImageObject","inLanguage":"de","@id":"https:\/\/secure.gravatar.com\/avatar\/5cd83cadbada9c331a79952fcca177ed3d3be4c7ad3239b9d934bf84adff15dd?s=96&d=blank&r=g","url":"https:\/\/secure.gravatar.com\/avatar\/5cd83cadbada9c331a79952fcca177ed3d3be4c7ad3239b9d934bf84adff15dd?s=96&d=blank&r=g","contentUrl":"https:\/\/secure.gravatar.com\/avatar\/5cd83cadbada9c331a79952fcca177ed3d3be4c7ad3239b9d934bf84adff15dd?s=96&d=blank&r=g","caption":"Klaus Kunze"},"logo":{"@id":"https:\/\/secure.gravatar.com\/avatar\/5cd83cadbada9c331a79952fcca177ed3d3be4c7ad3239b9d934bf84adff15dd?s=96&d=blank&r=g"},"sameAs":["http:\/\/KlausKunze.com","https:\/\/x.com\/https:\/\/twitter.com\/KlausKunze3"]}]}},"post_mailing_queue_ids":[],"_links":{"self":[{"href":"https:\/\/klauskunze.com\/blog\/wp-json\/wp\/v2\/posts\/3337","targetHints":{"allow":["GET"]}}],"collection":[{"href":"https:\/\/klauskunze.com\/blog\/wp-json\/wp\/v2\/posts"}],"about":[{"href":"https:\/\/klauskunze.com\/blog\/wp-json\/wp\/v2\/types\/post"}],"author":[{"embeddable":true,"href":"https:\/\/klauskunze.com\/blog\/wp-json\/wp\/v2\/users\/1"}],"replies":[{"embeddable":true,"href":"https:\/\/klauskunze.com\/blog\/wp-json\/wp\/v2\/comments?post=3337"}],"version-history":[{"count":10,"href":"https:\/\/klauskunze.com\/blog\/wp-json\/wp\/v2\/posts\/3337\/revisions"}],"predecessor-version":[{"id":3352,"href":"https:\/\/klauskunze.com\/blog\/wp-json\/wp\/v2\/posts\/3337\/revisions\/3352"}],"wp:featuredmedia":[{"embeddable":true,"href":"https:\/\/klauskunze.com\/blog\/wp-json\/wp\/v2\/media\/3348"}],"wp:attachment":[{"href":"https:\/\/klauskunze.com\/blog\/wp-json\/wp\/v2\/media?parent=3337"}],"wp:term":[{"taxonomy":"category","embeddable":true,"href":"https:\/\/klauskunze.com\/blog\/wp-json\/wp\/v2\/categories?post=3337"},{"taxonomy":"post_tag","embeddable":true,"href":"https:\/\/klauskunze.com\/blog\/wp-json\/wp\/v2\/tags?post=3337"}],"curies":[{"name":"wp","href":"https:\/\/api.w.org\/{rel}","templated":true}]}}