{"id":3353,"date":"2021-03-20T12:28:44","date_gmt":"2021-03-20T11:28:44","guid":{"rendered":"http:\/\/klauskunze.com\/blog\/?p=3353"},"modified":"2021-03-21T11:34:17","modified_gmt":"2021-03-21T10:34:17","slug":"die-buergerlichen-fluegel-der-afd-nationaler-imperativ-oder-tanz-um-das-goldene-kalb","status":"publish","type":"post","link":"https:\/\/klauskunze.com\/blog\/2021\/03\/20\/die-buergerlichen-fluegel-der-afd-nationaler-imperativ-oder-tanz-um-das-goldene-kalb\/","title":{"rendered":"Die b\u00fcrgerlichen Fl\u00fcgel der AfD &#8211; nationaler Imperativ oder Tanz um das goldene Kalb?"},"content":{"rendered":"\n<h3 class=\"wp-block-heading\">Selbst Linke m\u00f6chten heute b\u00fcrgerlich sein<\/h3>\n\n\n\n<p>Alle m\u00f6chten sie die B\u00fcrgerlichen sein, selbst die Gr\u00fcnen. Der Streit um das Pr\u00e4dikat \u201eB\u00fcrger\u201c tobt seit einem Jahrhundert, auch innerhalb des nationalen Lagers. Am 17. M\u00e4rz 2021 griff sogar der <a href=\"https:\/\/de.wikipedia.org\/wiki\/Cem_%C3%96zdemir\">von Herkunft tscherkessische Gr\u00fcne \u00d6zdemir<\/a> den AfD-Vorsitzenden <a href=\"https:\/\/de.wikipedia.org\/wiki\/J%C3%B6rg_Meuthen\">J\u00f6rg Meuthen <\/a>in einer Talk-Schau an:<\/p>\n\n\n\n<blockquote class=\"wp-block-quote is-layout-flow wp-block-quote-is-layout-flow\"><p>\u00d6zdemir schie\u00dft schnell zur\u00fcck, meint, das sei ein \u201eziemlich raffinierter Trick\u201c von Meuthen. \u201eJetzt sind Sie hier in der Sendung und machen so einen auf b\u00fcrgerlich und die anderen Parteimitglieder reden auf den Demonstrationen.\u201c <br>Meuthen antwortet nur: \u201eIch bin b\u00fcrgerlich.\u201c<\/p><cite><a href=\"https:\/\/www.zdf.de\/gesellschaft\/markus-lanz\/markus-lanz-vom-17-maerz-2021-100.html\">Focus-Text zum ZDF-Video<\/a><\/cite><\/blockquote>\n\n\n\n<p>Es gibt zu denken, da\u00df inzwischen selbst ein Funktion\u00e4r der alten Revoluzzer-Partei die B\u00fcrgerlichkeit positiv affirmiert, seiner rechten Konkurrenz aber abspricht. Auch in der AfD adelt sich mit B\u00fcrgerlichkeit, wer sie seinen Gegnern abspricht: Unter dem h\u00e4mischen Applaus der linken Konkurrenz eignen liberale Konservative sich gern die alleinige B\u00fcrgerlichkeit an und sprechen sie ihren mehr nationalen Parteifreunden ab.<\/p>\n\n\n\n<p>Wenn ein Begriff sich einmal allgemein durchgesetzt hat, m\u00fcssen auf seinem Boden unweigerlich Auseinandersetzungen um seine richtige Auslegung stattfinden. Jedes Lager versucht, ihn f\u00fcr sich allein zu reklamieren. So geschah es einst mit Begriffen wie Demokratie, so geschah es im 20. Jahrhundert mit dem Schlagwort Sozialismus, und so geschah und geschieht es mit der B\u00fcrgerlichkeit. Alle m\u00f6chten gern B\u00fcrger sein.<\/p>\n\n\n\n<p>Da\u00df rechtlich jeder B\u00fcrger ist, der die B\u00fcrgerrechte hat, Ausl\u00e4nder also nicht, versteht sich von selbst. Darum geht es in der politischen Arena nicht. Es geht auch nicht um die soziologische Dimension: Vor hundert Jahren konnte man noch von einem B\u00fcrgertum, einem Bauernstand und einer Arbeiterklasse sprechen. Die industrielle Massengesellschaft und Jahrzehnte des sozialen Umverteilungs-Egalitarismus haben das obsolet gemacht. Es gibt kein B\u00fcrgertum im Sinne eines nach Merkmalen und Lebensstil klar abgrenzbaren Standes mehr.<\/p>\n\n\n\n<h3 class=\"wp-block-heading\">Der fette Burgeois<\/h3>\n\n\n\n<p>Ein besonders idealistischer Teil der B\u00fcrgers\u00f6hne  verzweifelt seit Jahrzehnten an der B\u00fcrgerlichkeit. Er beobachtet an ihr selbstzufriedene Tr\u00e4gheit, einen egoistisch auf das Materielle beschr\u00e4nkten Horizont und angepa\u00dften Untertanengeist. Vor diesem Geist hatte einst der Dichter Theodor Storm seinen Sohn gewarnt:<\/p>\n\n\n\n<blockquote class=\"wp-block-quote is-layout-flow wp-block-quote-is-layout-flow\"><p>Was du immer kannst, zu werden<br>Arbeit scheue nicht und Wachen;<br>Aber h\u00fcte deine Seele<br>Vor dem Karrieremachen.<br><br>Wenn der P\u00f6bel aller Sorte<br>Tanzet um die goldnen K\u00e4lber,<br>Halte fest: du hast vom Leben<br>Doch am Ende nur dich selber.<\/p><cite>Theodor Storm<\/cite><\/blockquote>\n\n\n\n<figure class=\"wp-block-image alignwide size-large\"><img loading=\"lazy\" decoding=\"async\" width=\"892\" height=\"609\" src=\"http:\/\/klauskunze.com\/blog\/wp-content\/uploads\/2021\/03\/GoldCalf.jpg\" alt=\"\" class=\"wp-image-3366\" srcset=\"https:\/\/klauskunze.com\/blog\/wp-content\/uploads\/2021\/03\/GoldCalf.jpg 892w, https:\/\/klauskunze.com\/blog\/wp-content\/uploads\/2021\/03\/GoldCalf-300x205.jpg 300w, https:\/\/klauskunze.com\/blog\/wp-content\/uploads\/2021\/03\/GoldCalf-768x524.jpg 768w\" sizes=\"auto, (max-width: 892px) 100vw, 892px\" \/><figcaption>Steiler Abstieg: vom mediterranen Stierkult zum goldenen Kalb als Symbol werteblinder Verg\u00f6tzung des schn\u00f6den Mammons.<br>Nicolas Poussin, Die Anbetung des goldenen Kalbes, 1633 \/ 1634<br>(<a href=\"https:\/\/www.wikiwand.com\/de\/Goldenes_Kalb\">gemeinfrei, Wikiwand<\/a>)<\/figcaption><\/figure>\n\n\n\n<p>Solche Karrieremacher, von Idealisten ver\u00e4chtlich als &#8222;Schei\u00df-Bourgeois&#8220; bezeichnet, pr\u00e4gen seit Jahrzehnten das Bild unserer ewigen Regierungsparteien. Derselbe Menschentypus hatte zuvor bereits die politischen Systeme der DDR, des 3. Reiches und des Kaiserreiches mitgetragen. Wo immer ein Zug einf\u00e4hrt, in dem es Freibier, W\u00fcrstchen und bezahlte Posten f\u00fcr alle gibt, springen Trittbrettfahrer auf &#8211; auch die AfD bildet da keine Ausnahme.<\/p>\n\n\n\n<p>So richtet sich der ganze Zorn junger Idealisten gegen den Tanz um die goldenen K\u00e4lber, den Vorrang des Eigeninteresses und schlie\u00dflich gegen die Geldwirtschaft als solche. Wo es nur noch um Geld geht, bleiben die Ideale auf der Strecke. Auf der sicheren Grundlage der b\u00fcrgerlichen Existenz seines Elternhauses l\u00e4\u00dft sich leicht r\u00e4sonnieren gegen den Kapitalismus: Er zerst\u00f6rt das Klima und ist ungerecht, schimpfen die einen B\u00fcrgerkinder, an ihm gingen die V\u00f6lker zugrunde, bem\u00e4ngeln die anderen. <\/p>\n\n\n\n<p>Auch die Auseinandersetzung zwischen dem selbsternannten b\u00fcrgerlichen Teil der AfD mit seinen liberalen, kapitalismusaffinen Neigungen und ihrem eher kapitalismuskritischen Fl\u00fcgel findet auf dem Boden derselben B\u00fcrgerlichkeit statt. Das gilt jedenfalls, wenn man diese soziologisch und habituell definiert.<\/p>\n\n\n\n<h3 class=\"wp-block-heading\">Nationalliberale gegen Nationalisten<\/h3>\n\n\n\n<p>Ideologisch hingegen verl\u00e4uft die Scheidelinie zwischen Alt-Nationalliberalen und Nationalisten. Beispielhaft erkennen wir sie in einem Briefwechsel zwischen dem nationalen Dichter <a href=\"https:\/\/de.wikipedia.org\/wiki\/Hans_Grimm\">Hans Grimm<\/a> (1875-1959) und dem Nationalrevolution\u00e4r <a href=\"https:\/\/de.wikipedia.org\/wiki\/Ernst_Niekisch\">Ernst Niekisch<\/a> (1889-1967). Sie verstanden sich nicht und redeten aneinander vorbei. <\/p>\n\n\n\n<div class=\"wp-block-group\"><div class=\"wp-block-group__inner-container is-layout-flow wp-block-group-is-layout-flow\">\n<div class=\"wp-block-columns is-layout-flex wp-container-core-columns-is-layout-9d6595d7 wp-block-columns-is-layout-flex\">\n<div class=\"wp-block-column is-layout-flow wp-block-column-is-layout-flow\" style=\"flex-basis:100%\">\n<div class=\"wp-block-group\"><div class=\"wp-block-group__inner-container is-layout-flow wp-block-group-is-layout-flow\">\n<figure class=\"wp-block-gallery columns-2 is-cropped wp-block-gallery-1 is-layout-flex wp-block-gallery-is-layout-flex\"><ul class=\"blocks-gallery-grid\"><li class=\"blocks-gallery-item\"><figure><img loading=\"lazy\" decoding=\"async\" width=\"774\" height=\"1024\" src=\"http:\/\/klauskunze.com\/blog\/wp-content\/uploads\/2021\/03\/20210320_120748-774x1024.jpg\" alt=\"\" data-id=\"3367\" data-full-url=\"http:\/\/klauskunze.com\/blog\/wp-content\/uploads\/2021\/03\/20210320_120748-scaled.jpg\" data-link=\"http:\/\/klauskunze.com\/blog\/?attachment_id=3367\" class=\"wp-image-3367\" srcset=\"https:\/\/klauskunze.com\/blog\/wp-content\/uploads\/2021\/03\/20210320_120748-774x1024.jpg 774w, https:\/\/klauskunze.com\/blog\/wp-content\/uploads\/2021\/03\/20210320_120748-227x300.jpg 227w, https:\/\/klauskunze.com\/blog\/wp-content\/uploads\/2021\/03\/20210320_120748-768x1016.jpg 768w, https:\/\/klauskunze.com\/blog\/wp-content\/uploads\/2021\/03\/20210320_120748-1161x1536.jpg 1161w, https:\/\/klauskunze.com\/blog\/wp-content\/uploads\/2021\/03\/20210320_120748-1549x2048.jpg 1549w, https:\/\/klauskunze.com\/blog\/wp-content\/uploads\/2021\/03\/20210320_120748-900x1190.jpg 900w, https:\/\/klauskunze.com\/blog\/wp-content\/uploads\/2021\/03\/20210320_120748-1280x1693.jpg 1280w, https:\/\/klauskunze.com\/blog\/wp-content\/uploads\/2021\/03\/20210320_120748-scaled.jpg 1936w\" sizes=\"auto, (max-width: 774px) 100vw, 774px\" \/><\/figure><\/li><li class=\"blocks-gallery-item\"><figure><img loading=\"lazy\" decoding=\"async\" width=\"583\" height=\"733\" src=\"http:\/\/klauskunze.com\/blog\/wp-content\/uploads\/2021\/03\/niekisch-werbung-facebook-02a.jpg\" alt=\"\" data-id=\"3369\" data-full-url=\"http:\/\/klauskunze.com\/blog\/wp-content\/uploads\/2021\/03\/niekisch-werbung-facebook-02a.jpg\" data-link=\"http:\/\/klauskunze.com\/blog\/?attachment_id=3369\" class=\"wp-image-3369\" srcset=\"https:\/\/klauskunze.com\/blog\/wp-content\/uploads\/2021\/03\/niekisch-werbung-facebook-02a.jpg 583w, https:\/\/klauskunze.com\/blog\/wp-content\/uploads\/2021\/03\/niekisch-werbung-facebook-02a-239x300.jpg 239w\" sizes=\"auto, (max-width: 583px) 100vw, 583px\" \/><\/figure><\/li><\/ul><figcaption class=\"blocks-gallery-caption\">Hans Grimm und Ernst Niekisch diskutierten um 1930 kontrovers den Begriff der B\u00fcrgerlichkeit<\/figcaption><\/figure>\n<\/div><\/div>\n<\/div>\n<\/div>\n<\/div><\/div>\n\n\n\n<p>Beide verstanden n\u00e4mlich, wie Grimm schrieb, \u201eunter B\u00fcrgerlichkeit etwas ganz anderes\u201c.<a href=\"#_ftn1\">[1]<\/a> Niekisch antwortete darauf:<\/p>\n\n\n\n<blockquote class=\"wp-block-quote is-layout-flow wp-block-quote-is-layout-flow\"><p>Unter b\u00fcrgerlicher Gesinnung verstehe ich jene Gesinnung, die bewu\u00dft Wirtschaftswerte zu den obersten Werten erhebt (nochmals: \u201aWirtschaft ist Schicksal\u2018). Sie kann nationalen politischen Werten bei alledem noch mancherlei bedingte Anerkennung zollen (wie es selbst in den USA geschieht). Ihr setze ich die nationale Gesinnung entgegen, welche nationalpolitische Wert an die erste Stelle r\u00fcckt und auch das Privateigentum nur bedingt gelten l\u00e4\u00dft.<\/p><cite>Ernst Niekisch an Hans Grimm, um 1930, in: Hans Grimm, Suchen und Hoffen, Aus meinem Leben 1928-1934, Lippoldsberg 1960, S.53.<\/cite><\/blockquote>\n\n\n\n<p>W\u00e4hrend Niekisch mit intellektueller Pr\u00e4zision diesen philosophischen Dreh- und Angelpunkt hervorhob, vertrat Grimm als Dichter einen rein habituellen, auch historisch grundierten Begriff von B\u00fcrgerlichkeit. Er sah sie als Ergebnis einer in aufeinander folgenden Generationen erworbener Haltung an und f\u00fcgte hinzu,<\/p>\n\n\n\n<blockquote class=\"wp-block-quote is-layout-flow wp-block-quote-is-layout-flow\"><p>da\u00df altb\u00fcrgerliche Art sich durch Nachwuchs aus dem ganzen Volk immer wieder lebendig erhalten hat, da\u00df sie freilich in&nbsp; e i n e r&nbsp; Generation nie erworben wurde, sondern viele Jahre erf\u00fcllter b\u00fcrgerlicher Pflicht, viele Jahre bescheidenen Wohlstandes, viele Jahre ehrf\u00fcrchtigen Lernens hat ein Geschlecht n\u00f6tig, ehe altb\u00fcrgerliche Haltung und Empfindlichkeit bei ihm zum Ausdruck kommt und sich sch\u00f6pferisch \u00e4u\u00dfert.<\/p><cite>Hans Grimm, Suchen und Hoffen, Aus meinem Leben 1928-1934, Lippoldsberg 1960, S.55.<\/cite><\/blockquote>\n\n\n\n<p>Hans Grimm h\u00e4tte Niekisch entgegenhalten k\u00f6nnen, da\u00df gerade das besitzende B\u00fcrgertum des 19. Jahrhunderts eine spezifische Ideologie entwickelt hatte. Mit ihr war es unvereinbar, einen von mehreren Werten zum obersten Wert zu erheben und andere notfalls zu opfern. Materieller Wohlstand war die Voraussetzung, sich umfassende Bildung anzueignen. Die b\u00fcrgerliche Interessenlage erzeugte den politischen Liberalismus. Gefordert wurde wirtschaftliche Freiheit, sich diesen Wohlstand aneignen zu d\u00fcrfen. Altliberales Denken suchte alle Gegens\u00e4tze nicht aufzuheben, sondern miteinander zu vers\u00f6hnen und zu einer harmonischen h\u00f6heren Einheit zu verschmelzen: Wie ein Uhrwerk sollten Staat, Gesellschaft und Wirtschaft aus unterschiedlichen, aber einander erg\u00e4nzenden Teilen zusammengef\u00fcgt werden.<\/p>\n\n\n\n<p>Mit diesem b\u00fcrgerlichen Harmoniedenken ist nicht nur Klassenkampf schlechthin unvereinbar, sondern jede Ideologie, die ein Gestaltungsprinzip zum allein ma\u00dfgebenden erkl\u00e4rt und notfalls die anderen opfert. Niekisch wollte notfalls das \u00f6konomische Prinzip dem nationalen opfern, was dem eher Nationalliberalen Grimm unverst\u00e4ndlich blieb. Etwa in der Zeit jenes Briefwechsels zwischen Grimm und Niekisch unterschied der Verfassungsrechtler Carl Schmitt diese verschiedenen Prinzipien mit bleibender Treffsicherheit. Er leitete sie aus unterschiedlichen Sachgebieten her mit den ber\u00fchmten S\u00e4tzen:<\/p>\n\n\n\n<blockquote class=\"wp-block-quote is-layout-flow wp-block-quote-is-layout-flow\"><p>Das Politische hat n\u00e4mlich seine eigenen Kriterien, die gegen\u00fcber den verschiedenen, relativ selbst\u00e4ndigen Sachgebieten menschlichen Denkens und Handelns, insbesondere dem Moralischen, \u00c4sthetischen, \u00d6konomischen in eigenartiger Weise wirksam werden. Das Politische mu\u00df deshalb in eigenen letzten Unterscheidungen liegen, auf die alles im spezifischen Sinne politische Handeln zur\u00fcckgef\u00fchrt werden kann. Nehmen wir an, da\u00df auf dem Gebiet des Moralischen die letzten Unterscheidungen Gut und B\u00f6se sind; im \u00c4sthetischen Sch\u00f6n und H\u00e4\u00dflich, im \u00d6konomischen N\u00fctzlich und Sch\u00e4dlich oder beispielsweise Rentabel und Nicht-Rentabel. Die Frage ist dann, ob es auch eine besondere, jenen anderen Unterscheidungen zwar nicht gleichartige und analoge, aber von ihnen doch unabh\u00e4ngige, selbst\u00e4ndige und als solche ohne weiteres einleuchtende Unterscheidung als einfaches Kriterium des Politischen gibt und worin sie besteht.<\/p><cite>Carl Schmitt, Der Begriff des Politischen, 1932, S.26<\/cite><\/blockquote>\n\n\n\n<h3 class=\"wp-block-heading\">Die praktische Konkordanz der Prinzipien<\/h3>\n\n\n\n<p>Der Liberale wird immer die verschiedenen Prinzipien miteinander vers\u00f6hnen wollen, so da\u00df niemals das eine vollst\u00e4ndig ein anderes vernichten kann. Das \u00d6konomische, das Moralische, das \u00c4sthetische, das Politische: alles m\u00f6chte er bewahren und miteinander in Einklang bringen. Das Bundesverfassungsgericht spricht von \u201epraktischer Konkordanz\u201c, wenn zwei Verfassungswerte im Einzelfall miteinander kollidieren. Es m\u00fcsse dann eine L\u00f6sung gefunden werden, durch die beide in ihrem Kern bestehen blieben. Das ist genuin altliberales, b\u00fcrgerliches Denken. Es m\u00f6chte immer ein Sowohl-als-auch.<\/p>\n\n\n\n<p>Niekisch hatte das klar erkannt &#8211; und abgelehnt. F\u00fcr ihn galt das Primat des Politischen, des Nationalpolitischen, dem er die Wirtschaft notfalls opfern wollte. Wer diesem einen Prinzip notfalls alle anderen opfert, opfert notfalls auch die pers\u00f6nliche Freiheit. Das war Niekisch v\u00f6llig klar, das nahm er in Kauf. Es ist typisches Merkmal intellektueller Ideologen, notfalls zugunsten eines Prinzips alle anderen zu opfern. Darin gleichen sich kommunistische Politkommissare, christliche Inquisitoren und Wahrer der arischen Herrenrasse wie Himmler aufs Haar.<\/p>\n\n\n\n<p>Niekisch irrte, b\u00fcrgerliche Gesinnung erhebe bewu\u00dft Wirtschaftswerte zu den obersten Werten. Wer ausschlie\u00dflich an kapitalistisches Geldscheffeln denkt und dabei \u00fcber Leichen geht, wer zugunsten seiner Profitmaximierung notfalls V\u00f6lker und Kulturen zugrunde gehen l\u00e4\u00dft, denkt nicht b\u00fcrgerlich. Finanzhaie sind dem b\u00fcrgerlichen Denken ebenso ein Greuel wie Prediger des einzigen Weges zu ihrem Herrn dort oben oder Politkommissare, die Firmen und H\u00f6fe enteignen.<\/p>\n\n\n\n<h3 class=\"wp-block-heading\">Die Fl\u00fcgel der AfD<\/h3>\n\n\n\n<p>Das Bild der AfD ist diffus, denn jede gro\u00dfe Partei hat ihre Fl\u00fcgel. Extrempositionen, wie sie Niekisch um 1929 vertreten hatte, fehlen. Es lassen sich aber Schwerpunktbildungen klar ausmachen. Der Fl\u00fcgel um J\u00f6rg Meuthen ist wirtschaftsliberal und damit klassisch b\u00fcrgerlich. Dabei wird er mi\u00dftrauisch be\u00e4ugt von der anderen Seite, die st\u00e4rker nationalpolitisch denkt. Sie bef\u00fcrchtet die allm\u00e4hliche Aufl\u00f6sung alles Nationalen im Topf des globalen Finanzkapitalismus.<\/p>\n\n\n\n<p>Keine Seite m\u00f6chte zugunsten ihres Lieblingsprinzips notfalls die anderen opfern. Die nationale Seite fordert nicht die v\u00f6llige Unterordnung des \u00d6konomischen, und die Wirtschaftsliberalen lassen sich nicht nachsagen, nicht auch national zu sein. Es geht nur um unterschiedliche Gewichtungen. Von keiner Seite wird eine Quadratur des Kreises verlangt. Alle sind durch und durch b\u00fcrgerlich und suchen das nationale Prinzip mit Wirtschaftsfreiheit zu verbinden. Zu Feindschaften und Verteufelungen gibt es keinen Grund, und das w\u00e4re auch keine b\u00fcrgerliche Haltung. <\/p>\n\n\n\n<p>Da\u00df das ausschlie\u00dfliche freie Walten globaler Kapitalinteressen die bestehenden V\u00f6lker und Nationen in Frage stellt, ein ausschlie\u00dflicher Primat nationalpolitischer Imperative aber mit dem Verlust der Freiheit einhergehen kann, mu\u00df beiden Seiten klar sein. Ohne eine praktische Konkordanz geht es nicht.<\/p>\n\n\n\n<hr class=\"wp-block-separator\"\/>\n\n\n\n<p><a href=\"#_ftnref1\">[1]<\/a> Hans Grimm an Ernst Niekisch, in: Suchen und Hoffen, Aus meinem Leben 1928-1934, Lippoldsberg 1960, S.52.<\/p>\n\n\n\n<p>.<\/p>\n","protected":false},"excerpt":{"rendered":"<p>Selbst Linke m\u00f6chten heute b\u00fcrgerlich sein Alle m\u00f6chten sie die B\u00fcrgerlichen sein, selbst die Gr\u00fcnen. Der Streit um das Pr\u00e4dikat \u201eB\u00fcrger\u201c tobt seit einem Jahrhundert, auch innerhalb des nationalen Lagers. Am 17. M\u00e4rz 2021 griff sogar der von Herkunft tscherkessische Gr\u00fcne \u00d6zdemir den AfD-Vorsitzenden J\u00f6rg Meuthen in einer Talk-Schau an: \u00d6zdemir schie\u00dft schnell zur\u00fcck, meint, [&hellip;]<\/p>\n","protected":false},"author":1,"featured_media":3366,"comment_status":"open","ping_status":"open","sticky":false,"template":"","format":"standard","meta":{"h5ap_radio_sources":[],"twitterCardType":"","cardImageID":0,"cardImage":"","cardTitle":"","cardDesc":"","cardImageAlt":"","cardPlayer":"","cardPlayerWidth":0,"cardPlayerHeight":0,"cardPlayerStream":"","cardPlayerCodec":"","footnotes":""},"categories":[1,13,17],"tags":[],"class_list":["post-3353","post","type-post","status-publish","format-standard","has-post-thumbnail","hentry","category-allgemein","category-geschichte","category-politik"],"yoast_head":"<!-- This site is optimized with the Yoast SEO plugin v27.5 - https:\/\/yoast.com\/product\/yoast-seo-wordpress\/ -->\n<title>Die b\u00fcrgerlichen Fl\u00fcgel der AfD - nationaler Imperativ oder Tanz um das goldene Kalb? - Klaus Kunze<\/title>\n<meta name=\"robots\" content=\"index, follow, max-snippet:-1, max-image-preview:large, max-video-preview:-1\" \/>\n<link rel=\"canonical\" href=\"https:\/\/klauskunze.com\/blog\/2021\/03\/20\/die-buergerlichen-fluegel-der-afd-nationaler-imperativ-oder-tanz-um-das-goldene-kalb\/\" \/>\n<meta property=\"og:locale\" content=\"de_DE\" \/>\n<meta property=\"og:type\" content=\"article\" \/>\n<meta property=\"og:title\" content=\"Die b\u00fcrgerlichen Fl\u00fcgel der AfD - nationaler Imperativ oder Tanz um das goldene Kalb? - Klaus Kunze\" \/>\n<meta property=\"og:description\" content=\"Selbst Linke m\u00f6chten heute b\u00fcrgerlich sein Alle m\u00f6chten sie die B\u00fcrgerlichen sein, selbst die Gr\u00fcnen. Der Streit um das Pr\u00e4dikat \u201eB\u00fcrger\u201c tobt seit einem Jahrhundert, auch innerhalb des nationalen Lagers. Am 17. M\u00e4rz 2021 griff sogar der von Herkunft tscherkessische Gr\u00fcne \u00d6zdemir den AfD-Vorsitzenden J\u00f6rg Meuthen in einer Talk-Schau an: \u00d6zdemir schie\u00dft schnell zur\u00fcck, meint, [&hellip;]\" \/>\n<meta property=\"og:url\" content=\"https:\/\/klauskunze.com\/blog\/2021\/03\/20\/die-buergerlichen-fluegel-der-afd-nationaler-imperativ-oder-tanz-um-das-goldene-kalb\/\" \/>\n<meta property=\"og:site_name\" content=\"Klaus Kunze\" \/>\n<meta property=\"article:published_time\" content=\"2021-03-20T11:28:44+00:00\" \/>\n<meta property=\"article:modified_time\" content=\"2021-03-21T10:34:17+00:00\" \/>\n<meta property=\"og:image\" content=\"https:\/\/klauskunze.com\/blog\/wp-content\/uploads\/2021\/03\/GoldCalf.jpg\" \/>\n\t<meta property=\"og:image:width\" content=\"892\" \/>\n\t<meta property=\"og:image:height\" content=\"609\" \/>\n\t<meta property=\"og:image:type\" content=\"image\/jpeg\" \/>\n<meta name=\"author\" content=\"Klaus Kunze\" \/>\n<meta name=\"twitter:label1\" content=\"Verfasst von\" \/>\n\t<meta name=\"twitter:data1\" content=\"Klaus Kunze\" \/>\n\t<meta name=\"twitter:label2\" content=\"Gesch\u00e4tzte Lesezeit\" \/>\n\t<meta name=\"twitter:data2\" content=\"8\u00a0Minuten\" \/>\n<script type=\"application\/ld+json\" class=\"yoast-schema-graph\">{\"@context\":\"https:\\\/\\\/schema.org\",\"@graph\":[{\"@type\":\"Article\",\"@id\":\"https:\\\/\\\/klauskunze.com\\\/blog\\\/2021\\\/03\\\/20\\\/die-buergerlichen-fluegel-der-afd-nationaler-imperativ-oder-tanz-um-das-goldene-kalb\\\/#article\",\"isPartOf\":{\"@id\":\"https:\\\/\\\/klauskunze.com\\\/blog\\\/2021\\\/03\\\/20\\\/die-buergerlichen-fluegel-der-afd-nationaler-imperativ-oder-tanz-um-das-goldene-kalb\\\/\"},\"author\":{\"name\":\"Klaus Kunze\",\"@id\":\"https:\\\/\\\/klauskunze.com\\\/blog\\\/#\\\/schema\\\/person\\\/9c091cf30ab68b897db6a517e3c3b11b\"},\"headline\":\"Die b\u00fcrgerlichen Fl\u00fcgel der AfD &#8211; nationaler Imperativ oder Tanz um das goldene Kalb?\",\"datePublished\":\"2021-03-20T11:28:44+00:00\",\"dateModified\":\"2021-03-21T10:34:17+00:00\",\"mainEntityOfPage\":{\"@id\":\"https:\\\/\\\/klauskunze.com\\\/blog\\\/2021\\\/03\\\/20\\\/die-buergerlichen-fluegel-der-afd-nationaler-imperativ-oder-tanz-um-das-goldene-kalb\\\/\"},\"wordCount\":1694,\"commentCount\":1,\"publisher\":{\"@id\":\"https:\\\/\\\/klauskunze.com\\\/blog\\\/#\\\/schema\\\/person\\\/9c091cf30ab68b897db6a517e3c3b11b\"},\"image\":{\"@id\":\"https:\\\/\\\/klauskunze.com\\\/blog\\\/2021\\\/03\\\/20\\\/die-buergerlichen-fluegel-der-afd-nationaler-imperativ-oder-tanz-um-das-goldene-kalb\\\/#primaryimage\"},\"thumbnailUrl\":\"https:\\\/\\\/klauskunze.com\\\/blog\\\/wp-content\\\/uploads\\\/2021\\\/03\\\/GoldCalf.jpg\",\"articleSection\":{\"1\":\"Geschichte\",\"2\":\"Politik\"},\"inLanguage\":\"de\",\"potentialAction\":[{\"@type\":\"CommentAction\",\"name\":\"Comment\",\"target\":[\"https:\\\/\\\/klauskunze.com\\\/blog\\\/2021\\\/03\\\/20\\\/die-buergerlichen-fluegel-der-afd-nationaler-imperativ-oder-tanz-um-das-goldene-kalb\\\/#respond\"]}]},{\"@type\":\"WebPage\",\"@id\":\"https:\\\/\\\/klauskunze.com\\\/blog\\\/2021\\\/03\\\/20\\\/die-buergerlichen-fluegel-der-afd-nationaler-imperativ-oder-tanz-um-das-goldene-kalb\\\/\",\"url\":\"https:\\\/\\\/klauskunze.com\\\/blog\\\/2021\\\/03\\\/20\\\/die-buergerlichen-fluegel-der-afd-nationaler-imperativ-oder-tanz-um-das-goldene-kalb\\\/\",\"name\":\"Die b\u00fcrgerlichen Fl\u00fcgel der AfD - nationaler Imperativ oder Tanz um das goldene Kalb? - Klaus Kunze\",\"isPartOf\":{\"@id\":\"https:\\\/\\\/klauskunze.com\\\/blog\\\/#website\"},\"primaryImageOfPage\":{\"@id\":\"https:\\\/\\\/klauskunze.com\\\/blog\\\/2021\\\/03\\\/20\\\/die-buergerlichen-fluegel-der-afd-nationaler-imperativ-oder-tanz-um-das-goldene-kalb\\\/#primaryimage\"},\"image\":{\"@id\":\"https:\\\/\\\/klauskunze.com\\\/blog\\\/2021\\\/03\\\/20\\\/die-buergerlichen-fluegel-der-afd-nationaler-imperativ-oder-tanz-um-das-goldene-kalb\\\/#primaryimage\"},\"thumbnailUrl\":\"https:\\\/\\\/klauskunze.com\\\/blog\\\/wp-content\\\/uploads\\\/2021\\\/03\\\/GoldCalf.jpg\",\"datePublished\":\"2021-03-20T11:28:44+00:00\",\"dateModified\":\"2021-03-21T10:34:17+00:00\",\"breadcrumb\":{\"@id\":\"https:\\\/\\\/klauskunze.com\\\/blog\\\/2021\\\/03\\\/20\\\/die-buergerlichen-fluegel-der-afd-nationaler-imperativ-oder-tanz-um-das-goldene-kalb\\\/#breadcrumb\"},\"inLanguage\":\"de\",\"potentialAction\":[{\"@type\":\"ReadAction\",\"target\":[\"https:\\\/\\\/klauskunze.com\\\/blog\\\/2021\\\/03\\\/20\\\/die-buergerlichen-fluegel-der-afd-nationaler-imperativ-oder-tanz-um-das-goldene-kalb\\\/\"]}]},{\"@type\":\"ImageObject\",\"inLanguage\":\"de\",\"@id\":\"https:\\\/\\\/klauskunze.com\\\/blog\\\/2021\\\/03\\\/20\\\/die-buergerlichen-fluegel-der-afd-nationaler-imperativ-oder-tanz-um-das-goldene-kalb\\\/#primaryimage\",\"url\":\"https:\\\/\\\/klauskunze.com\\\/blog\\\/wp-content\\\/uploads\\\/2021\\\/03\\\/GoldCalf.jpg\",\"contentUrl\":\"https:\\\/\\\/klauskunze.com\\\/blog\\\/wp-content\\\/uploads\\\/2021\\\/03\\\/GoldCalf.jpg\",\"width\":892,\"height\":609},{\"@type\":\"BreadcrumbList\",\"@id\":\"https:\\\/\\\/klauskunze.com\\\/blog\\\/2021\\\/03\\\/20\\\/die-buergerlichen-fluegel-der-afd-nationaler-imperativ-oder-tanz-um-das-goldene-kalb\\\/#breadcrumb\",\"itemListElement\":[{\"@type\":\"ListItem\",\"position\":1,\"name\":\"Startseite\",\"item\":\"https:\\\/\\\/klauskunze.com\\\/blog\\\/\"},{\"@type\":\"ListItem\",\"position\":2,\"name\":\"Die b\u00fcrgerlichen Fl\u00fcgel der AfD &#8211; nationaler Imperativ oder Tanz um das goldene Kalb?\"}]},{\"@type\":\"WebSite\",\"@id\":\"https:\\\/\\\/klauskunze.com\\\/blog\\\/#website\",\"url\":\"https:\\\/\\\/klauskunze.com\\\/blog\\\/\",\"name\":\"Klaus Kunze\",\"description\":\"Blog\",\"publisher\":{\"@id\":\"https:\\\/\\\/klauskunze.com\\\/blog\\\/#\\\/schema\\\/person\\\/9c091cf30ab68b897db6a517e3c3b11b\"},\"potentialAction\":[{\"@type\":\"SearchAction\",\"target\":{\"@type\":\"EntryPoint\",\"urlTemplate\":\"https:\\\/\\\/klauskunze.com\\\/blog\\\/?s={search_term_string}\"},\"query-input\":{\"@type\":\"PropertyValueSpecification\",\"valueRequired\":true,\"valueName\":\"search_term_string\"}}],\"inLanguage\":\"de\"},{\"@type\":[\"Person\",\"Organization\"],\"@id\":\"https:\\\/\\\/klauskunze.com\\\/blog\\\/#\\\/schema\\\/person\\\/9c091cf30ab68b897db6a517e3c3b11b\",\"name\":\"Klaus Kunze\",\"image\":{\"@type\":\"ImageObject\",\"inLanguage\":\"de\",\"@id\":\"https:\\\/\\\/secure.gravatar.com\\\/avatar\\\/5cd83cadbada9c331a79952fcca177ed3d3be4c7ad3239b9d934bf84adff15dd?s=96&d=blank&r=g\",\"url\":\"https:\\\/\\\/secure.gravatar.com\\\/avatar\\\/5cd83cadbada9c331a79952fcca177ed3d3be4c7ad3239b9d934bf84adff15dd?s=96&d=blank&r=g\",\"contentUrl\":\"https:\\\/\\\/secure.gravatar.com\\\/avatar\\\/5cd83cadbada9c331a79952fcca177ed3d3be4c7ad3239b9d934bf84adff15dd?s=96&d=blank&r=g\",\"caption\":\"Klaus Kunze\"},\"logo\":{\"@id\":\"https:\\\/\\\/secure.gravatar.com\\\/avatar\\\/5cd83cadbada9c331a79952fcca177ed3d3be4c7ad3239b9d934bf84adff15dd?s=96&d=blank&r=g\"},\"sameAs\":[\"http:\\\/\\\/KlausKunze.com\",\"https:\\\/\\\/x.com\\\/https:\\\/\\\/twitter.com\\\/KlausKunze3\"]}]}<\/script>\n<!-- \/ Yoast SEO plugin. -->","yoast_head_json":{"title":"Die b\u00fcrgerlichen Fl\u00fcgel der AfD - nationaler Imperativ oder Tanz um das goldene Kalb? - Klaus Kunze","robots":{"index":"index","follow":"follow","max-snippet":"max-snippet:-1","max-image-preview":"max-image-preview:large","max-video-preview":"max-video-preview:-1"},"canonical":"https:\/\/klauskunze.com\/blog\/2021\/03\/20\/die-buergerlichen-fluegel-der-afd-nationaler-imperativ-oder-tanz-um-das-goldene-kalb\/","og_locale":"de_DE","og_type":"article","og_title":"Die b\u00fcrgerlichen Fl\u00fcgel der AfD - nationaler Imperativ oder Tanz um das goldene Kalb? - Klaus Kunze","og_description":"Selbst Linke m\u00f6chten heute b\u00fcrgerlich sein Alle m\u00f6chten sie die B\u00fcrgerlichen sein, selbst die Gr\u00fcnen. Der Streit um das Pr\u00e4dikat \u201eB\u00fcrger\u201c tobt seit einem Jahrhundert, auch innerhalb des nationalen Lagers. Am 17. M\u00e4rz 2021 griff sogar der von Herkunft tscherkessische Gr\u00fcne \u00d6zdemir den AfD-Vorsitzenden J\u00f6rg Meuthen in einer Talk-Schau an: \u00d6zdemir schie\u00dft schnell zur\u00fcck, meint, [&hellip;]","og_url":"https:\/\/klauskunze.com\/blog\/2021\/03\/20\/die-buergerlichen-fluegel-der-afd-nationaler-imperativ-oder-tanz-um-das-goldene-kalb\/","og_site_name":"Klaus Kunze","article_published_time":"2021-03-20T11:28:44+00:00","article_modified_time":"2021-03-21T10:34:17+00:00","og_image":[{"width":892,"height":609,"url":"https:\/\/klauskunze.com\/blog\/wp-content\/uploads\/2021\/03\/GoldCalf.jpg","type":"image\/jpeg"}],"author":"Klaus Kunze","twitter_misc":{"Verfasst von":"Klaus Kunze","Gesch\u00e4tzte Lesezeit":"8\u00a0Minuten"},"schema":{"@context":"https:\/\/schema.org","@graph":[{"@type":"Article","@id":"https:\/\/klauskunze.com\/blog\/2021\/03\/20\/die-buergerlichen-fluegel-der-afd-nationaler-imperativ-oder-tanz-um-das-goldene-kalb\/#article","isPartOf":{"@id":"https:\/\/klauskunze.com\/blog\/2021\/03\/20\/die-buergerlichen-fluegel-der-afd-nationaler-imperativ-oder-tanz-um-das-goldene-kalb\/"},"author":{"name":"Klaus Kunze","@id":"https:\/\/klauskunze.com\/blog\/#\/schema\/person\/9c091cf30ab68b897db6a517e3c3b11b"},"headline":"Die b\u00fcrgerlichen Fl\u00fcgel der AfD &#8211; nationaler Imperativ oder Tanz um das goldene Kalb?","datePublished":"2021-03-20T11:28:44+00:00","dateModified":"2021-03-21T10:34:17+00:00","mainEntityOfPage":{"@id":"https:\/\/klauskunze.com\/blog\/2021\/03\/20\/die-buergerlichen-fluegel-der-afd-nationaler-imperativ-oder-tanz-um-das-goldene-kalb\/"},"wordCount":1694,"commentCount":1,"publisher":{"@id":"https:\/\/klauskunze.com\/blog\/#\/schema\/person\/9c091cf30ab68b897db6a517e3c3b11b"},"image":{"@id":"https:\/\/klauskunze.com\/blog\/2021\/03\/20\/die-buergerlichen-fluegel-der-afd-nationaler-imperativ-oder-tanz-um-das-goldene-kalb\/#primaryimage"},"thumbnailUrl":"https:\/\/klauskunze.com\/blog\/wp-content\/uploads\/2021\/03\/GoldCalf.jpg","articleSection":{"1":"Geschichte","2":"Politik"},"inLanguage":"de","potentialAction":[{"@type":"CommentAction","name":"Comment","target":["https:\/\/klauskunze.com\/blog\/2021\/03\/20\/die-buergerlichen-fluegel-der-afd-nationaler-imperativ-oder-tanz-um-das-goldene-kalb\/#respond"]}]},{"@type":"WebPage","@id":"https:\/\/klauskunze.com\/blog\/2021\/03\/20\/die-buergerlichen-fluegel-der-afd-nationaler-imperativ-oder-tanz-um-das-goldene-kalb\/","url":"https:\/\/klauskunze.com\/blog\/2021\/03\/20\/die-buergerlichen-fluegel-der-afd-nationaler-imperativ-oder-tanz-um-das-goldene-kalb\/","name":"Die b\u00fcrgerlichen Fl\u00fcgel der AfD - nationaler Imperativ oder Tanz um das goldene Kalb? - Klaus Kunze","isPartOf":{"@id":"https:\/\/klauskunze.com\/blog\/#website"},"primaryImageOfPage":{"@id":"https:\/\/klauskunze.com\/blog\/2021\/03\/20\/die-buergerlichen-fluegel-der-afd-nationaler-imperativ-oder-tanz-um-das-goldene-kalb\/#primaryimage"},"image":{"@id":"https:\/\/klauskunze.com\/blog\/2021\/03\/20\/die-buergerlichen-fluegel-der-afd-nationaler-imperativ-oder-tanz-um-das-goldene-kalb\/#primaryimage"},"thumbnailUrl":"https:\/\/klauskunze.com\/blog\/wp-content\/uploads\/2021\/03\/GoldCalf.jpg","datePublished":"2021-03-20T11:28:44+00:00","dateModified":"2021-03-21T10:34:17+00:00","breadcrumb":{"@id":"https:\/\/klauskunze.com\/blog\/2021\/03\/20\/die-buergerlichen-fluegel-der-afd-nationaler-imperativ-oder-tanz-um-das-goldene-kalb\/#breadcrumb"},"inLanguage":"de","potentialAction":[{"@type":"ReadAction","target":["https:\/\/klauskunze.com\/blog\/2021\/03\/20\/die-buergerlichen-fluegel-der-afd-nationaler-imperativ-oder-tanz-um-das-goldene-kalb\/"]}]},{"@type":"ImageObject","inLanguage":"de","@id":"https:\/\/klauskunze.com\/blog\/2021\/03\/20\/die-buergerlichen-fluegel-der-afd-nationaler-imperativ-oder-tanz-um-das-goldene-kalb\/#primaryimage","url":"https:\/\/klauskunze.com\/blog\/wp-content\/uploads\/2021\/03\/GoldCalf.jpg","contentUrl":"https:\/\/klauskunze.com\/blog\/wp-content\/uploads\/2021\/03\/GoldCalf.jpg","width":892,"height":609},{"@type":"BreadcrumbList","@id":"https:\/\/klauskunze.com\/blog\/2021\/03\/20\/die-buergerlichen-fluegel-der-afd-nationaler-imperativ-oder-tanz-um-das-goldene-kalb\/#breadcrumb","itemListElement":[{"@type":"ListItem","position":1,"name":"Startseite","item":"https:\/\/klauskunze.com\/blog\/"},{"@type":"ListItem","position":2,"name":"Die b\u00fcrgerlichen Fl\u00fcgel der AfD &#8211; nationaler Imperativ oder Tanz um das goldene Kalb?"}]},{"@type":"WebSite","@id":"https:\/\/klauskunze.com\/blog\/#website","url":"https:\/\/klauskunze.com\/blog\/","name":"Klaus Kunze","description":"Blog","publisher":{"@id":"https:\/\/klauskunze.com\/blog\/#\/schema\/person\/9c091cf30ab68b897db6a517e3c3b11b"},"potentialAction":[{"@type":"SearchAction","target":{"@type":"EntryPoint","urlTemplate":"https:\/\/klauskunze.com\/blog\/?s={search_term_string}"},"query-input":{"@type":"PropertyValueSpecification","valueRequired":true,"valueName":"search_term_string"}}],"inLanguage":"de"},{"@type":["Person","Organization"],"@id":"https:\/\/klauskunze.com\/blog\/#\/schema\/person\/9c091cf30ab68b897db6a517e3c3b11b","name":"Klaus Kunze","image":{"@type":"ImageObject","inLanguage":"de","@id":"https:\/\/secure.gravatar.com\/avatar\/5cd83cadbada9c331a79952fcca177ed3d3be4c7ad3239b9d934bf84adff15dd?s=96&d=blank&r=g","url":"https:\/\/secure.gravatar.com\/avatar\/5cd83cadbada9c331a79952fcca177ed3d3be4c7ad3239b9d934bf84adff15dd?s=96&d=blank&r=g","contentUrl":"https:\/\/secure.gravatar.com\/avatar\/5cd83cadbada9c331a79952fcca177ed3d3be4c7ad3239b9d934bf84adff15dd?s=96&d=blank&r=g","caption":"Klaus Kunze"},"logo":{"@id":"https:\/\/secure.gravatar.com\/avatar\/5cd83cadbada9c331a79952fcca177ed3d3be4c7ad3239b9d934bf84adff15dd?s=96&d=blank&r=g"},"sameAs":["http:\/\/KlausKunze.com","https:\/\/x.com\/https:\/\/twitter.com\/KlausKunze3"]}]}},"post_mailing_queue_ids":[],"_links":{"self":[{"href":"https:\/\/klauskunze.com\/blog\/wp-json\/wp\/v2\/posts\/3353","targetHints":{"allow":["GET"]}}],"collection":[{"href":"https:\/\/klauskunze.com\/blog\/wp-json\/wp\/v2\/posts"}],"about":[{"href":"https:\/\/klauskunze.com\/blog\/wp-json\/wp\/v2\/types\/post"}],"author":[{"embeddable":true,"href":"https:\/\/klauskunze.com\/blog\/wp-json\/wp\/v2\/users\/1"}],"replies":[{"embeddable":true,"href":"https:\/\/klauskunze.com\/blog\/wp-json\/wp\/v2\/comments?post=3353"}],"version-history":[{"count":32,"href":"https:\/\/klauskunze.com\/blog\/wp-json\/wp\/v2\/posts\/3353\/revisions"}],"predecessor-version":[{"id":3393,"href":"https:\/\/klauskunze.com\/blog\/wp-json\/wp\/v2\/posts\/3353\/revisions\/3393"}],"wp:featuredmedia":[{"embeddable":true,"href":"https:\/\/klauskunze.com\/blog\/wp-json\/wp\/v2\/media\/3366"}],"wp:attachment":[{"href":"https:\/\/klauskunze.com\/blog\/wp-json\/wp\/v2\/media?parent=3353"}],"wp:term":[{"taxonomy":"category","embeddable":true,"href":"https:\/\/klauskunze.com\/blog\/wp-json\/wp\/v2\/categories?post=3353"},{"taxonomy":"post_tag","embeddable":true,"href":"https:\/\/klauskunze.com\/blog\/wp-json\/wp\/v2\/tags?post=3353"}],"curies":[{"name":"wp","href":"https:\/\/api.w.org\/{rel}","templated":true}]}}