{"id":340,"date":"2019-10-31T13:40:00","date_gmt":"2019-10-31T12:40:00","guid":{"rendered":"http:\/\/klauskunze.com\/blog\/?p=340"},"modified":"2024-07-09T08:47:28","modified_gmt":"2024-07-09T06:47:28","slug":"vernagelte-koepfe","status":"publish","type":"post","link":"https:\/\/klauskunze.com\/blog\/2019\/10\/31\/vernagelte-koepfe\/","title":{"rendered":"Antifaschistisch vernagelte K\u00f6pfe"},"content":{"rendered":"\n<p>Man kann sich bem\u00fchen, kosmisch zu denken. F\u00fcr solche Denker sind wir Menschen nur Zigeuner am Rande des Universums, kosmische Eintagsfliegen gewisserma\u00dfen. Werden wir unseren Planeten jemals verlassen k\u00f6nnen? Da\u00df wir ihn gerade in einen \u00fcberv\u00f6lkerten, w\u00fcsten M\u00fcllhaufen verwandeln, w\u00e4re Anla\u00df genug. Raumfahrt tut not! Der Mensch<\/p>\n\n\n\n<blockquote class=\"wp-block-quote is-layout-flow wp-block-quote-is-layout-flow\"><p>wei\u00df nun, da\u00df er seinen Platz wie ein Zigeuner  am Ran\u00adde des Universums hat, das f\u00fcr sei\u00adne Musik taub ist und gleich\u00adg\u00fcltig gegen seine Hoffnungen, Lei\u00adden oder Ver\u00adbrechen. <\/p><cite> Jacques Monod, Zufall und Notwendigkeit, Paris 1970,  M\u00fcnchen 1971, 9.Aufl.1991, S.151<\/cite><\/blockquote>\n\n\n\n<p>Es gibt auch Menschen, deren Denken nur bis den Brettern reicht, mit denen sie sich ihre geistige Welt selbst vernagelt haben. Als Galileo Galilei (1564-1642) vor das katholische Inquisitionsgericht treten mu\u00dfte, traf er auf solche vernagelten Leute. Aus obskuren alttestamentarischen Texten leiteten sie ihr Dogma ab, die Erde sei der Mittelpunkt der Sch\u00f6pfung. \u201eUnd sie dreht sich doch!\u201c, soll Galilei gemurmelt haben, nachdem er abgeschworen hatte und dem Scheiterhaufen entkommen war.<\/p>\n\n\n\n<p>Heute macht sich l\u00e4cherlich, wer anzweifelt, da\u00df sich die Erde um die Sonne dreht. Wissenschaftliches Denken ist prinzipiell offen. Dogmatisches Denken bildet dagegen ein in sich geschlossenes System, aus dem viele Menschen aus eigener Kraft nicht mehr ausbrechen k\u00f6nnen. Der Nobelpreistr\u00e4ger Konrad Lorenz sagte, wissenschaftliches Denken k\u00f6nne und d\u00fcrfe niemals doktrin\u00e4r werden:<\/p>\n\n\n\n<blockquote class=\"wp-block-quote is-layout-flow wp-block-quote-is-layout-flow\"><p>\u201eDie meisten von uns \u2013 dessen m\u00fcssen wir uns bewu\u00dft sein \u2013 lieben ihre Hypothesen, und es ist, wie ich einmal sagte, eine zwar schmerzhafte, aber jung und gesund erhaltende Turn\u00fcbung, t\u00e4glich, gewisserma\u00dfen als Fr\u00fchsport, seine Lieblingshypothese \u00fcber Bord zu werfen.\u201c<\/p><cite> Konrad Lorenz Die acht Tods\u00fcnden der zivilisierten Menschheit (1973),  zitiert nach 2. Aufl., M\u00fcnchen 1973, ISBN 3-492-00350-8, S. 88. <\/cite><\/blockquote>\n\n\n\n<p>Doch was sind neue Fakten, was sind \u00fcberhaupt Fakten? Galilei\nhatte es noch leicht:<\/p>\n\n\n\n<blockquote class=\"wp-block-quote is-layout-flow wp-block-quote-is-layout-flow\"><p>Man mu\u00df messen, was me\u00dfbar ist, und me\u00dfbar machen, was noch nicht me\u00dfbar ist<\/p><cite>Galileo Galilei<\/cite><\/blockquote>\n\n\n\n<p>In vielen Wissenschaften geht es aber um die Interpretation von Fakten. Die Rechtswissenschaft unterscheidet klar zwischen Tatsachen, \u00fcber die f\u00f6rmlich Beweis erhoben werden k\u00f6nnten, und Meinungen, die niemals wahr oder unwahr sein k\u00f6nnen, weshalb man eben meinen kann, was man m\u00f6chte. Manche Tatsachenbehauptungen sind allerdings mit Meinungskomponenten so verwoben, da\u00df man beides gar nicht trennen kann. Dann l\u00e4\u00dft das Bundesverfassungsgericht sie insgesamt als Meinungs\u00e4u\u00dferung durchgehen.<\/p>\n\n\n\n<p>Die Geschichtswissenschaft ist besonders anf\u00e4llig f\u00fcr fehlerhafte Interpretationen historischer Taten und ihrer Beweggr\u00fcnde, weil die Quellen nicht immer hergeben, warum jemand etwas tat. Eine wissenschaftliche Tods\u00fcnde besteht dann darin, historische Ereignisse an nicht zeitgen\u00f6ssischen Ideologien zu messen. Zum Beispiel Alexander den Gro\u00dfen aufgrund seiner Eroberungsfeldz\u00fcge als Kriegsverbrecher zu bezeichnen, w\u00e4re unhistorisch. In solchen Bahnen dachte man in der Antike nicht. Angriffskriege zu f\u00fchren war das gute Recht jedes K\u00f6nigs.<\/p>\n\n\n\n<figure class=\"wp-block-image alignwide\"><img loading=\"lazy\" decoding=\"async\" width=\"506\" height=\"378\" src=\"http:\/\/klauskunze.com\/blog\/wp-content\/uploads\/2019\/10\/0_big.jpg\" alt=\"\" class=\"wp-image-342\" srcset=\"https:\/\/klauskunze.com\/blog\/wp-content\/uploads\/2019\/10\/0_big.jpg 506w, https:\/\/klauskunze.com\/blog\/wp-content\/uploads\/2019\/10\/0_big-300x224.jpg 300w\" sizes=\"auto, (max-width: 506px) 100vw, 506px\" \/><figcaption>F\u00fcr Dogmatiker ist die Welt mit Brettern vernagelt, die sie geistig nicht durchdringen k\u00f6nnen.<\/figcaption><\/figure>\n\n\n\n<p>Geschlossenes, dogmatisches Denken ist \u00fcberall auf dem Vormarsch. Dogmatiker verteidigen ihre fixen Geschichtsbilder wie Zwingherren ihre Festung. Mit ihrer Ideologie untrennbar verwoben sind ihre pers\u00f6nliche Identit\u00e4t, ihre tiefsten \u00c4ngste und W\u00fcnsche sowie ihr Anspruch an die Welt, wie diese zu sein hat. Der Anspruch auf &#8222;wahre&#8220; Weltdeutung begr\u00fcndet einen pers\u00f6nlichen Machtanspruch.<\/p>\n\n\n\n<p>Nach einem Artikel im Internet (https:\/\/thearticle.hypotheses.org\/4057?fbclid=IwAR09bf1oMHnD84HESc4Gl3ufbux6BxqY3RrGW9txxjyZ1MgZyPF1mY47hdI) \u00fcber eine wei\u00dfrussische Widerstandsk\u00e4mpferin, die 1941 von deutschen Soldaten als Partisanen geh\u00e4ngt wurde, entspann sich in einem Arch\u00e4ologieforum auf Facebook eine typische Diskussion. Die Geh\u00e4ngte, eine Massha Bruskina, wird <a href=\"https:\/\/dirkdeklein.net\/2017\/09\/05\/the-hanging-of-masha-bruskina\/\">auf den meisten Webseiten<\/a> als Partisanin bezeichnet. <\/p>\n\n\n\n<p>Auf eine Frage in einer Facebook-Gruppe: \u201eWie viele deutsche Wehrpflichtige hat sie oder haben ihre Leute denn, als Zivilisten getarnt, erschossen? Gibt es dar\u00fcber auch Artikel, gibt es Namen? Wo sind deren Gr\u00e4ber? Bruskina k\u00e4mpfte &#8222;freiwillig&#8220; &#8211; Wehrmachtssoldaten gew\u00f6hnlich nicht\u201c liefen historische Dogmatiker zu gro\u00dfer Form auf:<\/p>\n\n\n\n<blockquote class=\"wp-block-quote is-layout-flow wp-block-quote-is-layout-flow\"><p>Sie geh\u00f6ren zu den geistigen Brandstiftern die eine absurde Geschichtsverf\u00e4lschung betreiben und deshalb viel gef\u00e4hrlicher sind, als die Nazis auf der Stra\u00dfe, die dumme Parolen rufen.<\/p><cite>Facebook-Diskutant<\/cite><\/blockquote>\n\n\n\n<p>Offenbar hatten drei schlichte Fragen nach den deutschen Opfern\ndes Partisanenkrieges alle diejenigen v\u00f6llig aus der Fassung gebracht, deren\nDogma zufolge es deutsche Opfer gar nicht geben kann. Das entspricht allerdings\nnicht dem Stand der Forschung. Diese ergibt sich dagegen aus einer Arbeit von\nJoachium von Meien:<\/p>\n\n\n\n<blockquote class=\"wp-block-quote is-layout-flow wp-block-quote-is-layout-flow\"><p>Auff\u00e4llig ist, dass in der Literatur teilweise der Versuch unternommen zu werden scheint, das an sich historische Thema f\u00fcr politische Zwecke zu instrumentalisieren. Hierbei stehen sich im Extremfall konservative, in manchen F\u00e4llen gar revisionistisch-apologetische Sichtweisen auf der einen, und die Wehrmacht pauschal verurteilende und mit einer reinen Verbrecherorganisation gleichsetzende Abhandlungen auf der anderen Seite gegen\u00fcber. [&#8230;] War die Wehrmacht Opfer einer heimt\u00fcckischen und brutalen, alle Regeln des Krieges bewu\u00dft negierenden Kampfweise der russischen Freisch\u00e4rler geworden, auf die es mit aller nur m\u00f6glichen H\u00e4rte zu reagieren galt, oder nutzte sie den Partisanenkrieg nur als Vorwand, um ihren Beitrag an der ideologischen Vernichtung der Juden und anderer unerw\u00fcnschter \u201eBev\u00f6lkerungselemente\u201c zu leisten? Diese Extrempositionen finden sich auch heute noch in der Forschung, auch wenn sie in dieser Absolutheit nur noch selten vertreten werden.<\/p><cite> Joachim von Meien <a href=\"https:\/\/www.grin.com\/document\/75771\">https:\/\/www.grin.com\/document\/75771<\/a> <\/cite><\/blockquote>\n\n\n\n<p>Vertreten wurde die pauschal verurteilende Extremposition auf\nFacebook allerdings vom Gruppenmoderator. Wie es heute immer h\u00e4ufiger wird,\nentscheidet nicht das Argument, sondern die Macht dar\u00fcber, dieses \u00e4u\u00dfern zu\nd\u00fcrfen. Auf den Hinweis, <\/p>\n\n\n\n<blockquote class=\"wp-block-quote is-layout-flow wp-block-quote-is-layout-flow\"><p>Man mu\u00df die Fakten und die V\u00f6lkerrechtslage differenziert sehen. Zu den Fakten geh\u00f6rt, da\u00df Mordanschl\u00e4ge von Zivilisten auf Soldaten in besetztem Gebiet nach damaligem V\u00f6lkerrecht eben &#8211; Morde waren, die Opfer hinterlie\u00dfen.<\/p><\/blockquote>\n\n\n\n<p>drohte er mit \u201eGruppenregeln\u201c bzw. damit, wie er sie interpretierte:<\/p>\n\n\n\n<blockquote class=\"wp-block-quote is-layout-flow wp-block-quote-is-layout-flow\"><p>Ihre Sichtweise ist einseitig darauf ausgerichtet T\u00e4ter zu Opfern zu machen, Fehlverhalten der Wehrmacht zu relativieren und dabei v\u00f6llig unwissenschaftlich die Fakten so zu drehen bis sie in ihr revisionistisches Weltbild passen.<\/p><p> Wenn nach Fakten gefragt wird dann ignorieren sie es oder versuchen  abzuschweifen. F\u00fcr mich ist deshalb die Diskussion beendet, da ich  bezweifel das sich hier eine sachliche Einigkeit erreichen l\u00e4\u00dft. <\/p><p> Ich weise Sie aber zum letzten Mal auf die Gruppenregeln hin und das  hier Geschichtsrevisionismus nicht geduldet wird. Das bezieht sich auch  auf die Relativierung von NS-Verbrechen, einschlie\u00dflich der faschistisch  gef\u00fchrten Wehrmacht. <\/p><cite>Martin Klar, Facebook-Gruppenmoderator<\/cite><\/blockquote>\n\n\n\n<p>Der hier als Gruppen-Moderator drohte, ist seines Zeichens allerdings kein Wissenschaftler, sondern arbeitet als Grabungstechniker und kandidierte 2014 auf der Stadtratsliste seines Wohnorts f\u00fcr die Gr\u00fcnen. Da\u00df zu jedem wissenschaftlichen Arbeiten geh\u00f6rt, ergebnisoffen zu forschen und Fragen zu stellen, hat er nicht gelernt. In seinem pers\u00f6nlichen Facebook-Zugang bekennt er sich zu einem &#8222;Facebook-B\u00fcndnis gegen rechtsradikale MSV-Fans&#8220; und schreibt dort in seinem &#8222;Steckbrief&#8220;: &#8220; Antifaschist,.Ich habe kein Verst\u00e4ndnis f\u00fcr Nazis und ihre rechtspopulistischen Ableger.&#8220;.<\/p>\n\n\n\n<p>Merkmal historischer Dogmatiker ist ein feststehendes Geschichtsbild. Es wird verbissen gegen jede Nachfrage abgeschottet, die aus dogmatischer Sicht zu h\u00e4retischen Schl\u00fcssen f\u00fchren k\u00f6nnte. Aus Sicht einer Doktrin erscheint je\u00adde ihr entsprechende Aussage als wahr und jede ihr wider\u00adsprechende als falsch. F\u00fcr die katholischen Lehre hat das der katholische Dogmatiker Donoso Cortez wunderbar formuliert:<\/p>\n\n\n\n<blockquote class=\"wp-block-quote is-layout-flow wp-block-quote-is-layout-flow\"><p>Die Freiheit in der Wahrheit ist ihr heilig, die im Irrtum ist ihr ebenso ver\u00adab\u00adscheuungsw\u00fcrdig wie der Irr\u00adtum selbst; in ihren Augen ist der Irr\u00adtum ohne Rechte ge\u00adboren und lebt ohne Rechte, und dies ist der Grund, weshalb sie ihm nach\u00adsp\u00fcrt, ihn verfolgt bis in die geheim\u00adsten Schlupf\u00adwinkel des menschlichen Gei\u00adstes; wes\u00adhalb sie ihn auszu\u00adrotten sucht. Und diese ewige Illegitimit\u00e4t, diese ewige Nackt\u00adheit und Bl\u00f6\u00dfe des Irrtums ist sowohl ein religi\u00f6ses als auch ein po\u00adli\u00adti\u00adsches Dogma. Zu allen Zeiten haben es alle irdischen Gewalten ver\u00adk\u00fcn\u00addet: Alle ir\u00addi\u00adschen Gewal\u00adten haben das Prinzip, auf dem sie be\u00adru\u00adhen, der Dis\u00adkus\u00adsion entzogen; alle haben das diesem Prinzip ent\u00adge\u00adgen\u00adste\u00adhende Prin\u00adzip Irrtum genannt und haben es jeder Legi\u00adtimit\u00e4t und jeden Rechtes ent\u00adklei\u00addet.<\/p><cite> Donoso Cort\u00e9s, Juan, Essay \u00fcber den Katholizismus, den Liberalis\u00admus und  den Sozia\u00adlis\u00admus, 1851, Hrg.G\u00fcnter Maschke, Weinheim 1989, S.22 <\/cite><\/blockquote>\n\n\n\n<p>Das Prinzip, auf dem der heutige Linksextremismus beruht, nennt\ner selbst \u201eAntifaschismus\u201c im allgemeinen und deutsche Alleinschuld an allem im\nbesonderen. Er bildet eine komplexe, koh\u00e4rente Herrschaftsideologie. Sie dient\nder Aufrechterhaltung und Stabilisierung der Macht derjenigen, die f\u00fcr sich die\nDefinitionsmacht \u00fcber historische Ereignisse in Anspruch nehmen.<\/p>\n\n\n\n<p>Klaus Kunze 31.10.2019<\/p>\n","protected":false},"excerpt":{"rendered":"<p>Man kann sich bem\u00fchen, kosmisch zu denken. F\u00fcr solche Denker sind wir Menschen nur Zigeuner am Rande des Universums, kosmische Eintagsfliegen gewisserma\u00dfen. Werden wir unseren Planeten jemals verlassen k\u00f6nnen? Da\u00df wir ihn gerade in einen \u00fcberv\u00f6lkerten, w\u00fcsten M\u00fcllhaufen verwandeln, w\u00e4re Anla\u00df genug. Raumfahrt tut not! Der Mensch wei\u00df nun, da\u00df er seinen Platz wie ein [&hellip;]<\/p>\n","protected":false},"author":1,"featured_media":347,"comment_status":"open","ping_status":"open","sticky":false,"template":"","format":"standard","meta":{"h5ap_radio_sources":[],"twitterCardType":"","cardImageID":0,"cardImage":"","cardTitle":"","cardDesc":"","cardImageAlt":"","cardPlayer":"","cardPlayerWidth":0,"cardPlayerHeight":0,"cardPlayerStream":"","cardPlayerCodec":"","footnotes":""},"categories":[1,13],"tags":[],"class_list":["post-340","post","type-post","status-publish","format-standard","has-post-thumbnail","hentry","category-allgemein","category-geschichte"],"yoast_head":"<!-- This site is optimized with the Yoast SEO plugin v27.5 - https:\/\/yoast.com\/product\/yoast-seo-wordpress\/ -->\n<title>Antifaschistisch vernagelte K\u00f6pfe - Klaus Kunze<\/title>\n<meta name=\"robots\" content=\"index, follow, max-snippet:-1, max-image-preview:large, max-video-preview:-1\" \/>\n<link rel=\"canonical\" href=\"https:\/\/klauskunze.com\/blog\/2019\/10\/31\/vernagelte-koepfe\/\" \/>\n<meta property=\"og:locale\" content=\"de_DE\" \/>\n<meta property=\"og:type\" content=\"article\" \/>\n<meta property=\"og:title\" content=\"Antifaschistisch vernagelte K\u00f6pfe - Klaus Kunze\" \/>\n<meta property=\"og:description\" content=\"Man kann sich bem\u00fchen, kosmisch zu denken. F\u00fcr solche Denker sind wir Menschen nur Zigeuner am Rande des Universums, kosmische Eintagsfliegen gewisserma\u00dfen. Werden wir unseren Planeten jemals verlassen k\u00f6nnen? Da\u00df wir ihn gerade in einen \u00fcberv\u00f6lkerten, w\u00fcsten M\u00fcllhaufen verwandeln, w\u00e4re Anla\u00df genug. Raumfahrt tut not! Der Mensch wei\u00df nun, da\u00df er seinen Platz wie ein [&hellip;]\" \/>\n<meta property=\"og:url\" content=\"https:\/\/klauskunze.com\/blog\/2019\/10\/31\/vernagelte-koepfe\/\" \/>\n<meta property=\"og:site_name\" content=\"Klaus Kunze\" \/>\n<meta property=\"article:published_time\" content=\"2019-10-31T12:40:00+00:00\" \/>\n<meta property=\"article:modified_time\" content=\"2024-07-09T06:47:28+00:00\" \/>\n<meta property=\"og:image\" content=\"https:\/\/klauskunze.com\/blog\/wp-content\/uploads\/2019\/10\/0_biga.jpg\" \/>\n\t<meta property=\"og:image:width\" content=\"505\" \/>\n\t<meta property=\"og:image:height\" content=\"225\" \/>\n\t<meta property=\"og:image:type\" content=\"image\/jpeg\" \/>\n<meta name=\"author\" content=\"Klaus Kunze\" \/>\n<meta name=\"twitter:label1\" content=\"Verfasst von\" \/>\n\t<meta name=\"twitter:data1\" content=\"Klaus Kunze\" \/>\n\t<meta name=\"twitter:label2\" content=\"Gesch\u00e4tzte Lesezeit\" \/>\n\t<meta name=\"twitter:data2\" content=\"7\u00a0Minuten\" \/>\n<script type=\"application\/ld+json\" class=\"yoast-schema-graph\">{\"@context\":\"https:\\\/\\\/schema.org\",\"@graph\":[{\"@type\":\"Article\",\"@id\":\"https:\\\/\\\/klauskunze.com\\\/blog\\\/2019\\\/10\\\/31\\\/vernagelte-koepfe\\\/#article\",\"isPartOf\":{\"@id\":\"https:\\\/\\\/klauskunze.com\\\/blog\\\/2019\\\/10\\\/31\\\/vernagelte-koepfe\\\/\"},\"author\":{\"name\":\"Klaus Kunze\",\"@id\":\"https:\\\/\\\/klauskunze.com\\\/blog\\\/#\\\/schema\\\/person\\\/9c091cf30ab68b897db6a517e3c3b11b\"},\"headline\":\"Antifaschistisch vernagelte K\u00f6pfe\",\"datePublished\":\"2019-10-31T12:40:00+00:00\",\"dateModified\":\"2024-07-09T06:47:28+00:00\",\"mainEntityOfPage\":{\"@id\":\"https:\\\/\\\/klauskunze.com\\\/blog\\\/2019\\\/10\\\/31\\\/vernagelte-koepfe\\\/\"},\"wordCount\":1449,\"commentCount\":2,\"publisher\":{\"@id\":\"https:\\\/\\\/klauskunze.com\\\/blog\\\/#\\\/schema\\\/person\\\/9c091cf30ab68b897db6a517e3c3b11b\"},\"image\":{\"@id\":\"https:\\\/\\\/klauskunze.com\\\/blog\\\/2019\\\/10\\\/31\\\/vernagelte-koepfe\\\/#primaryimage\"},\"thumbnailUrl\":\"https:\\\/\\\/klauskunze.com\\\/blog\\\/wp-content\\\/uploads\\\/2019\\\/10\\\/0_biga.jpg\",\"articleSection\":{\"1\":\"Geschichte\"},\"inLanguage\":\"de\",\"potentialAction\":[{\"@type\":\"CommentAction\",\"name\":\"Comment\",\"target\":[\"https:\\\/\\\/klauskunze.com\\\/blog\\\/2019\\\/10\\\/31\\\/vernagelte-koepfe\\\/#respond\"]}]},{\"@type\":\"WebPage\",\"@id\":\"https:\\\/\\\/klauskunze.com\\\/blog\\\/2019\\\/10\\\/31\\\/vernagelte-koepfe\\\/\",\"url\":\"https:\\\/\\\/klauskunze.com\\\/blog\\\/2019\\\/10\\\/31\\\/vernagelte-koepfe\\\/\",\"name\":\"Antifaschistisch vernagelte K\u00f6pfe - Klaus Kunze\",\"isPartOf\":{\"@id\":\"https:\\\/\\\/klauskunze.com\\\/blog\\\/#website\"},\"primaryImageOfPage\":{\"@id\":\"https:\\\/\\\/klauskunze.com\\\/blog\\\/2019\\\/10\\\/31\\\/vernagelte-koepfe\\\/#primaryimage\"},\"image\":{\"@id\":\"https:\\\/\\\/klauskunze.com\\\/blog\\\/2019\\\/10\\\/31\\\/vernagelte-koepfe\\\/#primaryimage\"},\"thumbnailUrl\":\"https:\\\/\\\/klauskunze.com\\\/blog\\\/wp-content\\\/uploads\\\/2019\\\/10\\\/0_biga.jpg\",\"datePublished\":\"2019-10-31T12:40:00+00:00\",\"dateModified\":\"2024-07-09T06:47:28+00:00\",\"breadcrumb\":{\"@id\":\"https:\\\/\\\/klauskunze.com\\\/blog\\\/2019\\\/10\\\/31\\\/vernagelte-koepfe\\\/#breadcrumb\"},\"inLanguage\":\"de\",\"potentialAction\":[{\"@type\":\"ReadAction\",\"target\":[\"https:\\\/\\\/klauskunze.com\\\/blog\\\/2019\\\/10\\\/31\\\/vernagelte-koepfe\\\/\"]}]},{\"@type\":\"ImageObject\",\"inLanguage\":\"de\",\"@id\":\"https:\\\/\\\/klauskunze.com\\\/blog\\\/2019\\\/10\\\/31\\\/vernagelte-koepfe\\\/#primaryimage\",\"url\":\"https:\\\/\\\/klauskunze.com\\\/blog\\\/wp-content\\\/uploads\\\/2019\\\/10\\\/0_biga.jpg\",\"contentUrl\":\"https:\\\/\\\/klauskunze.com\\\/blog\\\/wp-content\\\/uploads\\\/2019\\\/10\\\/0_biga.jpg\",\"width\":505,\"height\":225},{\"@type\":\"BreadcrumbList\",\"@id\":\"https:\\\/\\\/klauskunze.com\\\/blog\\\/2019\\\/10\\\/31\\\/vernagelte-koepfe\\\/#breadcrumb\",\"itemListElement\":[{\"@type\":\"ListItem\",\"position\":1,\"name\":\"Startseite\",\"item\":\"https:\\\/\\\/klauskunze.com\\\/blog\\\/\"},{\"@type\":\"ListItem\",\"position\":2,\"name\":\"Antifaschistisch vernagelte K\u00f6pfe\"}]},{\"@type\":\"WebSite\",\"@id\":\"https:\\\/\\\/klauskunze.com\\\/blog\\\/#website\",\"url\":\"https:\\\/\\\/klauskunze.com\\\/blog\\\/\",\"name\":\"Klaus Kunze\",\"description\":\"Blog\",\"publisher\":{\"@id\":\"https:\\\/\\\/klauskunze.com\\\/blog\\\/#\\\/schema\\\/person\\\/9c091cf30ab68b897db6a517e3c3b11b\"},\"potentialAction\":[{\"@type\":\"SearchAction\",\"target\":{\"@type\":\"EntryPoint\",\"urlTemplate\":\"https:\\\/\\\/klauskunze.com\\\/blog\\\/?s={search_term_string}\"},\"query-input\":{\"@type\":\"PropertyValueSpecification\",\"valueRequired\":true,\"valueName\":\"search_term_string\"}}],\"inLanguage\":\"de\"},{\"@type\":[\"Person\",\"Organization\"],\"@id\":\"https:\\\/\\\/klauskunze.com\\\/blog\\\/#\\\/schema\\\/person\\\/9c091cf30ab68b897db6a517e3c3b11b\",\"name\":\"Klaus Kunze\",\"image\":{\"@type\":\"ImageObject\",\"inLanguage\":\"de\",\"@id\":\"https:\\\/\\\/secure.gravatar.com\\\/avatar\\\/5cd83cadbada9c331a79952fcca177ed3d3be4c7ad3239b9d934bf84adff15dd?s=96&d=blank&r=g\",\"url\":\"https:\\\/\\\/secure.gravatar.com\\\/avatar\\\/5cd83cadbada9c331a79952fcca177ed3d3be4c7ad3239b9d934bf84adff15dd?s=96&d=blank&r=g\",\"contentUrl\":\"https:\\\/\\\/secure.gravatar.com\\\/avatar\\\/5cd83cadbada9c331a79952fcca177ed3d3be4c7ad3239b9d934bf84adff15dd?s=96&d=blank&r=g\",\"caption\":\"Klaus Kunze\"},\"logo\":{\"@id\":\"https:\\\/\\\/secure.gravatar.com\\\/avatar\\\/5cd83cadbada9c331a79952fcca177ed3d3be4c7ad3239b9d934bf84adff15dd?s=96&d=blank&r=g\"},\"sameAs\":[\"http:\\\/\\\/KlausKunze.com\",\"https:\\\/\\\/x.com\\\/https:\\\/\\\/twitter.com\\\/KlausKunze3\"]}]}<\/script>\n<!-- \/ Yoast SEO plugin. -->","yoast_head_json":{"title":"Antifaschistisch vernagelte K\u00f6pfe - Klaus Kunze","robots":{"index":"index","follow":"follow","max-snippet":"max-snippet:-1","max-image-preview":"max-image-preview:large","max-video-preview":"max-video-preview:-1"},"canonical":"https:\/\/klauskunze.com\/blog\/2019\/10\/31\/vernagelte-koepfe\/","og_locale":"de_DE","og_type":"article","og_title":"Antifaschistisch vernagelte K\u00f6pfe - Klaus Kunze","og_description":"Man kann sich bem\u00fchen, kosmisch zu denken. F\u00fcr solche Denker sind wir Menschen nur Zigeuner am Rande des Universums, kosmische Eintagsfliegen gewisserma\u00dfen. Werden wir unseren Planeten jemals verlassen k\u00f6nnen? Da\u00df wir ihn gerade in einen \u00fcberv\u00f6lkerten, w\u00fcsten M\u00fcllhaufen verwandeln, w\u00e4re Anla\u00df genug. Raumfahrt tut not! Der Mensch wei\u00df nun, da\u00df er seinen Platz wie ein [&hellip;]","og_url":"https:\/\/klauskunze.com\/blog\/2019\/10\/31\/vernagelte-koepfe\/","og_site_name":"Klaus Kunze","article_published_time":"2019-10-31T12:40:00+00:00","article_modified_time":"2024-07-09T06:47:28+00:00","og_image":[{"width":505,"height":225,"url":"https:\/\/klauskunze.com\/blog\/wp-content\/uploads\/2019\/10\/0_biga.jpg","type":"image\/jpeg"}],"author":"Klaus Kunze","twitter_misc":{"Verfasst von":"Klaus Kunze","Gesch\u00e4tzte Lesezeit":"7\u00a0Minuten"},"schema":{"@context":"https:\/\/schema.org","@graph":[{"@type":"Article","@id":"https:\/\/klauskunze.com\/blog\/2019\/10\/31\/vernagelte-koepfe\/#article","isPartOf":{"@id":"https:\/\/klauskunze.com\/blog\/2019\/10\/31\/vernagelte-koepfe\/"},"author":{"name":"Klaus Kunze","@id":"https:\/\/klauskunze.com\/blog\/#\/schema\/person\/9c091cf30ab68b897db6a517e3c3b11b"},"headline":"Antifaschistisch vernagelte K\u00f6pfe","datePublished":"2019-10-31T12:40:00+00:00","dateModified":"2024-07-09T06:47:28+00:00","mainEntityOfPage":{"@id":"https:\/\/klauskunze.com\/blog\/2019\/10\/31\/vernagelte-koepfe\/"},"wordCount":1449,"commentCount":2,"publisher":{"@id":"https:\/\/klauskunze.com\/blog\/#\/schema\/person\/9c091cf30ab68b897db6a517e3c3b11b"},"image":{"@id":"https:\/\/klauskunze.com\/blog\/2019\/10\/31\/vernagelte-koepfe\/#primaryimage"},"thumbnailUrl":"https:\/\/klauskunze.com\/blog\/wp-content\/uploads\/2019\/10\/0_biga.jpg","articleSection":{"1":"Geschichte"},"inLanguage":"de","potentialAction":[{"@type":"CommentAction","name":"Comment","target":["https:\/\/klauskunze.com\/blog\/2019\/10\/31\/vernagelte-koepfe\/#respond"]}]},{"@type":"WebPage","@id":"https:\/\/klauskunze.com\/blog\/2019\/10\/31\/vernagelte-koepfe\/","url":"https:\/\/klauskunze.com\/blog\/2019\/10\/31\/vernagelte-koepfe\/","name":"Antifaschistisch vernagelte K\u00f6pfe - Klaus Kunze","isPartOf":{"@id":"https:\/\/klauskunze.com\/blog\/#website"},"primaryImageOfPage":{"@id":"https:\/\/klauskunze.com\/blog\/2019\/10\/31\/vernagelte-koepfe\/#primaryimage"},"image":{"@id":"https:\/\/klauskunze.com\/blog\/2019\/10\/31\/vernagelte-koepfe\/#primaryimage"},"thumbnailUrl":"https:\/\/klauskunze.com\/blog\/wp-content\/uploads\/2019\/10\/0_biga.jpg","datePublished":"2019-10-31T12:40:00+00:00","dateModified":"2024-07-09T06:47:28+00:00","breadcrumb":{"@id":"https:\/\/klauskunze.com\/blog\/2019\/10\/31\/vernagelte-koepfe\/#breadcrumb"},"inLanguage":"de","potentialAction":[{"@type":"ReadAction","target":["https:\/\/klauskunze.com\/blog\/2019\/10\/31\/vernagelte-koepfe\/"]}]},{"@type":"ImageObject","inLanguage":"de","@id":"https:\/\/klauskunze.com\/blog\/2019\/10\/31\/vernagelte-koepfe\/#primaryimage","url":"https:\/\/klauskunze.com\/blog\/wp-content\/uploads\/2019\/10\/0_biga.jpg","contentUrl":"https:\/\/klauskunze.com\/blog\/wp-content\/uploads\/2019\/10\/0_biga.jpg","width":505,"height":225},{"@type":"BreadcrumbList","@id":"https:\/\/klauskunze.com\/blog\/2019\/10\/31\/vernagelte-koepfe\/#breadcrumb","itemListElement":[{"@type":"ListItem","position":1,"name":"Startseite","item":"https:\/\/klauskunze.com\/blog\/"},{"@type":"ListItem","position":2,"name":"Antifaschistisch vernagelte K\u00f6pfe"}]},{"@type":"WebSite","@id":"https:\/\/klauskunze.com\/blog\/#website","url":"https:\/\/klauskunze.com\/blog\/","name":"Klaus Kunze","description":"Blog","publisher":{"@id":"https:\/\/klauskunze.com\/blog\/#\/schema\/person\/9c091cf30ab68b897db6a517e3c3b11b"},"potentialAction":[{"@type":"SearchAction","target":{"@type":"EntryPoint","urlTemplate":"https:\/\/klauskunze.com\/blog\/?s={search_term_string}"},"query-input":{"@type":"PropertyValueSpecification","valueRequired":true,"valueName":"search_term_string"}}],"inLanguage":"de"},{"@type":["Person","Organization"],"@id":"https:\/\/klauskunze.com\/blog\/#\/schema\/person\/9c091cf30ab68b897db6a517e3c3b11b","name":"Klaus Kunze","image":{"@type":"ImageObject","inLanguage":"de","@id":"https:\/\/secure.gravatar.com\/avatar\/5cd83cadbada9c331a79952fcca177ed3d3be4c7ad3239b9d934bf84adff15dd?s=96&d=blank&r=g","url":"https:\/\/secure.gravatar.com\/avatar\/5cd83cadbada9c331a79952fcca177ed3d3be4c7ad3239b9d934bf84adff15dd?s=96&d=blank&r=g","contentUrl":"https:\/\/secure.gravatar.com\/avatar\/5cd83cadbada9c331a79952fcca177ed3d3be4c7ad3239b9d934bf84adff15dd?s=96&d=blank&r=g","caption":"Klaus Kunze"},"logo":{"@id":"https:\/\/secure.gravatar.com\/avatar\/5cd83cadbada9c331a79952fcca177ed3d3be4c7ad3239b9d934bf84adff15dd?s=96&d=blank&r=g"},"sameAs":["http:\/\/KlausKunze.com","https:\/\/x.com\/https:\/\/twitter.com\/KlausKunze3"]}]}},"post_mailing_queue_ids":[],"_links":{"self":[{"href":"https:\/\/klauskunze.com\/blog\/wp-json\/wp\/v2\/posts\/340","targetHints":{"allow":["GET"]}}],"collection":[{"href":"https:\/\/klauskunze.com\/blog\/wp-json\/wp\/v2\/posts"}],"about":[{"href":"https:\/\/klauskunze.com\/blog\/wp-json\/wp\/v2\/types\/post"}],"author":[{"embeddable":true,"href":"https:\/\/klauskunze.com\/blog\/wp-json\/wp\/v2\/users\/1"}],"replies":[{"embeddable":true,"href":"https:\/\/klauskunze.com\/blog\/wp-json\/wp\/v2\/comments?post=340"}],"version-history":[{"count":11,"href":"https:\/\/klauskunze.com\/blog\/wp-json\/wp\/v2\/posts\/340\/revisions"}],"predecessor-version":[{"id":358,"href":"https:\/\/klauskunze.com\/blog\/wp-json\/wp\/v2\/posts\/340\/revisions\/358"}],"wp:featuredmedia":[{"embeddable":true,"href":"https:\/\/klauskunze.com\/blog\/wp-json\/wp\/v2\/media\/347"}],"wp:attachment":[{"href":"https:\/\/klauskunze.com\/blog\/wp-json\/wp\/v2\/media?parent=340"}],"wp:term":[{"taxonomy":"category","embeddable":true,"href":"https:\/\/klauskunze.com\/blog\/wp-json\/wp\/v2\/categories?post=340"},{"taxonomy":"post_tag","embeddable":true,"href":"https:\/\/klauskunze.com\/blog\/wp-json\/wp\/v2\/tags?post=340"}],"curies":[{"name":"wp","href":"https:\/\/api.w.org\/{rel}","templated":true}]}}