{"id":3449,"date":"2021-04-10T21:08:58","date_gmt":"2021-04-10T19:08:58","guid":{"rendered":"http:\/\/klauskunze.com\/blog\/?p=3449"},"modified":"2021-04-11T09:12:45","modified_gmt":"2021-04-11T07:12:45","slug":"leidet-deutschland-an-moralischer-altersschwaeche","status":"publish","type":"post","link":"https:\/\/klauskunze.com\/blog\/2021\/04\/10\/leidet-deutschland-an-moralischer-altersschwaeche\/","title":{"rendered":"Leidet Deutschland an moralischer Altersschw\u00e4che?"},"content":{"rendered":"\n<h3 class=\"wp-block-heading\"><strong>&#8222;<\/strong>Da\u00df auch der Seelenschatz so vielen abgerungen&#8220;<\/h3>\n\n\n\n<p>Ein Volk kann sich bis zur Ersch\u00f6pfung verausgaben. Uns wurde zwischen 1914 und 1945 alles an materiellen und seelischen Opfern abverlangt. Zuletzt verloren wir noch den Glauben an uns selbst. Uns war, wie zuletzt nach dem 30j\u00e4hrigen Krieg 1618-1648 \u201eder Seelen Schatz abgerungen\u201c, wie Andreas Gryphius dichtete:<\/p>\n\n\n\n<blockquote class=\"wp-block-quote is-layout-flow wp-block-quote-is-layout-flow\"><p>Wir sind doch nunmehr ganz,<br>ja mehr denn ganz verheeret:<br>Der fremden V\u00f6lker Schar,<br>die rasende Posaun,<br>Das von Blut fette Schwert,<br>die donnernde Kartaun<br>Hat allen Schwei\u00df und Flei\u00df<br>und Vorrat aufgezehret.<br><br>Die T\u00fcrme stehn in Glut,<br>die Kirch&#8216; ist umgekehret,<br>Das Rathaus liegt in Graus,<br>die Starken sind zerhaun,<br>Die Jungfern sind gesch\u00e4nd&#8217;t,<br>und wo wir hin nur schaun,<br>Ist Feuer, Pest und Tod,<br>der Herz und Geist durchf\u00e4hret.<br><br>Hier in der Schanz der Stadt<br>rinnt allzeit frisches Blut.<br>Dreimal sind schon sechs Jahr,<br>als unser Str\u00f6me Flut<br>Von Leichen fast verstopft,<br>sich langsam fortgedrungen.<br><br>Doch schweig ich ganz von dem,<br>was \u00e4rger als der Tod,<br>Was grimmer denn die Pest<br>und Glut und Hungersnot:<br>Da\u00df auch der Seelenschatz<br>so vielen abgerungen.<\/p><cite>Andreas Gryphius (1616-1664)<\/cite><\/blockquote>\n\n\n\n<p>Zum Seelenschatz geh\u00f6rte 1945 vor allem der Glaube an uns selbst. Die \u00dcberlebenden empfanden gegen\u00fcber allen Idealen ein \u00fcberw\u00e4ltigendes \u201eOhne mich!\u201c &nbsp;<\/p>\n\n\n\n<blockquote class=\"wp-block-quote is-layout-flow wp-block-quote-is-layout-flow\"><p>Die historische Substanz ist verbraucht. Man nimmt nichts mehr ernst au\u00dfer den groben Gen\u00fcssen und dem, was der Alltag abverlangt. Der soziale K\u00f6rper gleicht einem Pilger, der, von der&nbsp; Wanderung ersch\u00f6pft, sich zur Ruhe begibt.<\/p><cite>Ernst J\u00fcnger, Eumeswil, 1977, S.66<\/cite><\/blockquote>\n\n\n\n<p>Sie glaubten nicht mehr an eine \u201edeutsche Sendung\u201c, an ein deutsches Wesen, an welchem mittels seiner Dichter und Denker einst \u201edie Welt genesen\u201c sollte.\u201c<\/p>\n\n\n\n<h3 class=\"wp-block-heading\">Entideologisierung und Reideologisierung<\/h3>\n\n\n\n<p>Auf jeden Zusammenbruch einer geistig-moralischen Orientierung folgt nach einer gewissen Pause eine ideologische Neuorientierung. Gesetzm\u00e4\u00dfig folgen Epochen hoher Ideologisierung und Ent-Ideologisierung aufeinander. Auf die Ent-T\u00e4uschung der idealistischen Kriegsgeneration und ihr Ohne-mich folgte seit 1968 eine heftige Re-Ideologisierung.<\/p>\n\n\n\n<p>Diese kehrte die Pr\u00e4missen um, stellte alle Ideale auf den Kopf und fand just alles dasjenige moralisch, da\u00df zuvor als verbrecherisch gegolten hatte, und erhob das vormals Verwerfliche zum neuen Ideal. Ihre Faustegel lautete: Es ist immer das Gegenteil von dem richtig, was f\u00fcr \u201edie Nazis\u201c Verpflichtung bedeutet hatte.<\/p>\n\n\n\n<p>Unter dem Druck moralisierender Schuldvorw\u00fcrfe wollte man gern seinem Schicksal entkommen, Deutscher zu sein, und fl\u00fcchtete sich in moralisierenden Internationalismus.<\/p>\n\n\n\n<blockquote class=\"wp-block-quote is-layout-flow wp-block-quote-is-layout-flow\"><p>Vaterlandsliebe fand ich stets zum Kotzen. Ich wu\u00dfte mit Deutschland noch nie etwas anzufangen und wei\u00df es bis heute nicht.<\/p><cite>Robert Habeck, Patriotismus: Ein linkes Pl\u00e4doyer, 2010.<a href=\"http:\/\/klauskunze.com\/blog\/wp-admin\/post.php?post=3449&amp;action=edit#_ftn1\">[1]<\/a><\/cite><\/blockquote>\n\n\n\n<p>Die billigste Methode, die kollektive \u201eVergangenheit zu bew\u00e4ltigen\u201c, bestand in der Leugnung, mit ihr noch irgendetwas zu tun zu haben. \u201eDeutsch?\u201c, fragen Leute wie Habeck, \u201ewas soll das eigentlich sein. Das gibt es eigentlich gar nicht. Es ist blo\u00df ein Konstrukt.\u201c Noch vor den Klimaleugnern, den Coronaleugnern und anderen Leugnern waren die Aussteiger aus dem deutschen Volk die ersten, die Volksleugner.<\/p>\n\n\n\n<blockquote class=\"wp-block-quote is-layout-flow wp-block-quote-is-layout-flow\"><p>Charakteristisch ist da\u00df sie nicht mehr in der Lage sind, sich als Deutsche, als eigenes Volk mit eigent\u00fcmlichen Merkmalen einzusch\u00e4tzen.<\/p><cite>Hellmut Diwald, Geschichte der Deutschen, 1978, S.123.<\/cite><\/blockquote>\n\n\n\n<p>Gleichzeitig aber ben\u00f6tigen die gleichen Leute wieder das deutsche Volk als Kollektiv, um ihm spezielle moralische und finanzielle Lasten aufzuerlegen, aus \u201eunserer besonderen historischen Verantwortung\u201c. Alles Leugnen n\u00fctzt nichts, denn<\/p>\n\n\n\n<blockquote class=\"wp-block-quote is-layout-flow wp-block-quote-is-layout-flow\"><p>vor einer deutschen Not kannst Du Dich nirgends verstecken auf der Erden, wenn Du ein Deutscher bist &#8211; sie findet Dich doch.<\/p><cite>Hans Grimm, Suchen und Hoffen, 1960, S.19.<\/cite><\/blockquote>\n\n\n\n<p>Sie findet uns allerdings in heller Aufl\u00f6sung, denn den Volksleugnern gen\u00fcgt nicht, das Volk, das es als blo\u00dfes Konstrukt angeblich gar nicht gibt, zu leugnen. Sie m\u00fcssen es zerst\u00f6ren, weil sie sich als Deutsche und damit ihr Land im Stillen neurotisch hassen. In guter deutscher Tradition gingen sie nach 1933 jetzt, in der Nachkriegszeit, erneut in eine Falle, nur war der Fallensteller nicht mehr derselbe. Sie fielen dem denkbar subtilsten Angriff zum Opfer, dem moralischen:<\/p>\n\n\n\n<blockquote class=\"wp-block-quote is-layout-flow wp-block-quote-is-layout-flow\"><p>&#8222;Es ist die bedeutendste geschichtliche Leistung einer Nation, sich \u00fcberhaupt f\u00fcr eine so verfa\u00dfte geschichtliche Einheit zu halten, und den Deutschen ist sie nicht gegl\u00fcckt. Die Selbsterhaltung schlie\u00dft die geistige Behauptung und das Bekenntnis einer Nation zu sich selbst vor aller Welt ebenso ein wie die Sicherheit im gro\u00dfpolitischen Sinne, und diese besteht in der Macht eines Volkes, den physischen wie den moralischen Angriff auf sich selbst unm\u00f6glich zu machen.&#8220;<\/p><cite>Arnold Gehlen, Moral und Hypermoral; 1986, S.103.<\/cite><\/blockquote>\n\n\n\n<h3 class=\"wp-block-heading\">&#8222;Der Feind mu\u00df aufh\u00f6ren, an sich zu glauben!&#8220;<\/h3>\n\n\n\n<p>Der Dichter Hans Grimm erinnerte sich aus der Zeit des 1. Weltkriegs<\/p>\n\n\n\n<blockquote class=\"wp-block-quote is-layout-flow wp-block-quote-is-layout-flow\"><p>an einen Kriegsaufsatz des Student of War in der Times. Der Aufsatz besch\u00e4ftigte sich mit gewissen englischen propagandistischen Unternehmungen. Er enthielt den Satz: \u00bbDie Moral des deutschen Feindes mu\u00df gebrochen werden. Es ist der Verlust an Moral, nicht der Verlust an Boden oder an Menschen oder an Material, was Sieg oder Niederlage ausmacht. Der Feind mu\u00df aufh\u00f6ren, an sich zu glauben.\u00ab<\/p><cite>Hans Grimm, Suchen und Hoffen, 1960, S.146.<\/cite><\/blockquote>\n\n\n\n<p>Der anglophile Grimm nahm sich ein Beispiel an den Engl\u00e4ndern und legte uns an Herz, \u201eda\u00df ein Volk sich zu keiner Zeit selbst verneint, da\u00df ein Volk sich so wenig selbst verneint, wie die Engl\u00e4nder.\u201c<a href=\"#_ftn2\">[2]<\/a><\/p>\n\n\n\n<p>Genau diese Selbstverneinung bildet das Hintergrundrauschen aller linker Politk, von der SED (Die Linke) \u00fcber die Gr\u00fcnen bis weit in die SPD. Sie kulminiert in der eigenen Abschaffung. \u201eThorsten Hinz hatte in seinem 2011 erschienenen Werk \u00fcber die \u201ePsychologie der Niederlage\u201c eine \u00e4hnliche These vertreten wie Richter und Ulrich. Die deutsche Nachkriegsidentit\u00e4t beruhe demnach auf einem kollektiven geistig-moralischen Schuldgef\u00fchl sowie auf der Annahme, da\u00df die deutsche Kultur als Ganzes durch die Verbrechen des Nationalsozialismus diskreditiert sei. Dadurch sei eine Situation entstanden, in der eine Nation sich selbst verneine und eine auf st\u00e4ndiger Selbstverneinung beruhende Politik betreibe, die selbstdestruktiv wirken m\u00fcsse.\u201c<a href=\"#_ftn3\">[3]<\/a><\/p>\n\n\n\n<p>Gegen\u00fcber allem neurotischen Selbstha\u00df k\u00f6nnen wir als Volk und als Staat mit demokratischer Selbstbestimmung nur \u00fcberleben, wenn wir unsere gebrochene Identit\u00e4t wiederherstellen und die gesamte Schuldmetaphysik abstreifen, die uns einredet, wir seien moralisch oder in irgendeiner anderen Weise minderwertig. Wir m\u00fcssen um unsere Moral k\u00e4mpfen wie um unsere letzte Bastion &#8211;&nbsp; um unsere, nicht um deren Moral. Uns droht sonst, was Christian von Massenbach schon 1795 angesichts der vorr\u00fcckenden franz\u00f6sischen Armeen f\u00fcrchtete:<\/p>\n\n\n\n<blockquote class=\"wp-block-quote is-layout-flow wp-block-quote-is-layout-flow\"><p>Von der \u00dcberzeugung, da\u00df Deutschland untergehen werde, niedergedr\u00fcckt, gebe ich hier nur einige Ideen an, wie vielleicht noch einem edeln Volk geholfen werden k\u00f6nne. &#8230; Die Geschichte der k\u00fcnftigen Jahrhunderte wird keine Germanier mehr nennen. &#8211; Ungl\u00fcckliches deutsches Vaterland!<br>Potsdam, im November 1795<\/p><cite>Christian von Massenbach, Memoiren zur Geschichte des preu\u00dfischen Staates, S.460.<\/cite><\/blockquote>\n\n\n\n<p>Unsere Aufgabe besteht darin, alles zu f\u00f6rdern, was unsere Identit\u00e4t st\u00e4rkt: unsere Kultur, unsere freiheitliche demokratische Lebensform, die Erinnerung an unsere gro\u00dfe Geschichte und nicht zuletzt unsere Sprache.<\/p>\n\n\n\n<blockquote class=\"wp-block-quote is-layout-flow wp-block-quote-is-layout-flow\"><p>In einer Endzeit, in der es als r\u00fchmlich galt, am Untergang des eigenen Volkes mitgewirkt zu haben, konnte es nicht wundernehmen, da\u00df man auch der Sprache die Wurzeln kappte. Geschichtsverlust und Sprachverfall bedingen sich gegenseitig. [\u2026] Sie f\u00fchlen sich berufen, einerseits die Sprache zu entlauben und andererseits dem Rotwelsch Anstand zu verleihen. So rauben sie unten mit dem Vorwand, das Sprechen zu erleichtern, dem Volk die Sprache und mit ihr die Dichtung, w\u00e4hrend sie auf den H\u00f6hen ihre Fratzen aufstellten. Der Angriff auf die gewachsene Sprache und Grammatik, auf Schrift und Zeichen, bildet einen Teil der als Kulturrevolution in die Geschichte eingegangenen Vereinfachung. Der Erste Weltstaat warf seine Schatten voraus.<\/p><cite>Ernst J\u00fcnger, Eumeswil, 1977, S.93.<\/cite><\/blockquote>\n\n\n\n<p>Dieser Weltstaat ist der emotionale Bezugs- und Fluchtpunkt der entnationalisierten Kosmopoliten. In ihm werden wir unsere Freiheit und unsere Identit\u00e4t verlieren. Wer den Kampf um seine Freiheit und seine Idenit\u00e4t noch nicht aufgegeben hat, f\u00fcr den gilt das Dichterwort:<\/p>\n\n\n\n<blockquote class=\"wp-block-quote is-layout-flow wp-block-quote-is-layout-flow\"><p>Du sollst an Deutschlands Zukunft glauben,<br>an deines Volkes Auferstehn!<br>La\u00df diesen Glauben dir nie rauben<br>trotz allem, allem, was geschehn.<br><br>Und handeln sollst du so als hinge<br>von dir und deinem Tun allein<br>das Schicksal ab der deutschen Dinge,<br>und die Verantwortung w\u00e4r&#8216; dein!<\/p><cite>Albert Matth\u00e4i<\/cite><\/blockquote>\n\n\n\n<p>Es hatte gegolten f\u00fcr jene Studenten der L\u00fctzower J\u00e4ger, die 1813 in einem besetzten, ausgepl\u00fcnderten und erniedrigten Deutschland ihre Moral und ihren Lebenswillen gegen die Siegermoral der Besatzungstruppen richteten. Ohne einen konsequenten Abbruch der gegnerischen Ideologeme, ihrer Moral und ihrer t\u00e4glichen Repression wird es keinen neuen Aufbruch wie 1813 geben. <\/p>\n\n\n\n<figure class=\"wp-block-image alignwide size-large\"><img loading=\"lazy\" decoding=\"async\" width=\"773\" height=\"500\" src=\"http:\/\/klauskunze.com\/blog\/wp-content\/uploads\/2021\/04\/Jena.jpg\" alt=\"\" class=\"wp-image-3455\" srcset=\"https:\/\/klauskunze.com\/blog\/wp-content\/uploads\/2021\/04\/Jena.jpg 773w, https:\/\/klauskunze.com\/blog\/wp-content\/uploads\/2021\/04\/Jena-300x194.jpg 300w, https:\/\/klauskunze.com\/blog\/wp-content\/uploads\/2021\/04\/Jena-768x497.jpg 768w\" sizes=\"auto, (max-width: 773px) 100vw, 773px\" \/><figcaption>Ferdinand Hodler schuf 1908 das Gem\u00e4lde in der Aula der Universit\u00e4t Jena vom Aufbruch der <a href=\"https:\/\/de.wikipedia.org\/wiki\/L%C3%BCtzowsches_Freikorps\">L\u00fctzower J\u00e4ger<\/a> zum befreiungskampf gegen die Truppen Napoleons (Wikimedia Commons, gemeinfrei)<\/figcaption><\/figure>\n\n\n\n<hr class=\"wp-block-separator\"\/>\n\n\n\n<p><a href=\"#_ftnref1\">[1]<\/a> Das Zitat lautet im Kontext vollst\u00e4ndig: \u201eAls Adressat und Verbindung zwischen den Gegens\u00e4tzen, zwischen \u201aLiberalit\u00e4t\u2018 und \u201aPaternalismus\u2018, zwischen \u201averantwortungsvoll\u2018 und \u201akreativ\u2018, zwischen \u201aB\u00fcrger\u2018 und \u201aKonsument\u2018 braucht man ein positives Gesellschaftsverst\u00e4ndnis. Man braucht es, um eine sinnstiftende, politische Erz\u00e4hlung zu schaffen, die Zutrauen und Zuversicht gibt, dass Ver\u00e4nderungen gut sind und es sich lohnt, f\u00fcr sie zu streiten. Man braucht eine Erz\u00e4hlung, die auf Ver\u00e4nderung setzt, auf Gerechtigkeit und Internationalit\u00e4t. Dieses Engagement nenne ich einen \u201alinken Patriotismus\u2018. Ich schreibe das in vollem Bewusstsein, dass ich Widerspruch provozieren werde. Patriotismus, Vaterlandsliebe also, fand ich stets zum Kotzen. Ich wusste mit Deutschland nichts anzufangen und wei\u00df es bis heute nicht.\u201c<\/p>\n\n\n\n<p><a href=\"#_ftnref2\">[2]<\/a> Hans Grimm, Suchen und Hoffen, 1960, S.125<\/p>\n\n\n\n<p><a href=\"#_ftnref3\">[3]<\/a> <a href=\"https:\/\/renovatio.org\/ambrogio-lorenzetti-die-allegorie-der-schlechten-regierung\/\">Renovatio 8.4.2021<\/a>.<\/p>\n","protected":false},"excerpt":{"rendered":"<p>&#8222;Da\u00df auch der Seelenschatz so vielen abgerungen&#8220; Ein Volk kann sich bis zur Ersch\u00f6pfung verausgaben. Uns wurde zwischen 1914 und 1945 alles an materiellen und seelischen Opfern abverlangt. Zuletzt verloren wir noch den Glauben an uns selbst. Uns war, wie zuletzt nach dem 30j\u00e4hrigen Krieg 1618-1648 \u201eder Seelen Schatz abgerungen\u201c, wie Andreas Gryphius dichtete: Wir [&hellip;]<\/p>\n","protected":false},"author":1,"featured_media":3456,"comment_status":"open","ping_status":"open","sticky":false,"template":"","format":"standard","meta":{"h5ap_radio_sources":[],"twitterCardType":"","cardImageID":0,"cardImage":"","cardTitle":"","cardDesc":"","cardImageAlt":"","cardPlayer":"","cardPlayerWidth":0,"cardPlayerHeight":0,"cardPlayerStream":"","cardPlayerCodec":"","footnotes":""},"categories":[1,13,17],"tags":[],"class_list":["post-3449","post","type-post","status-publish","format-standard","has-post-thumbnail","hentry","category-allgemein","category-geschichte","category-politik"],"yoast_head":"<!-- This site is optimized with the Yoast SEO plugin v27.5 - https:\/\/yoast.com\/product\/yoast-seo-wordpress\/ -->\n<title>Leidet Deutschland an moralischer Altersschw\u00e4che? - Klaus Kunze<\/title>\n<meta name=\"robots\" content=\"index, follow, max-snippet:-1, max-image-preview:large, max-video-preview:-1\" \/>\n<link rel=\"canonical\" href=\"https:\/\/klauskunze.com\/blog\/2021\/04\/10\/leidet-deutschland-an-moralischer-altersschwaeche\/\" \/>\n<meta property=\"og:locale\" content=\"de_DE\" \/>\n<meta property=\"og:type\" content=\"article\" \/>\n<meta property=\"og:title\" content=\"Leidet Deutschland an moralischer Altersschw\u00e4che? - Klaus Kunze\" \/>\n<meta property=\"og:description\" content=\"&#8222;Da\u00df auch der Seelenschatz so vielen abgerungen&#8220; Ein Volk kann sich bis zur Ersch\u00f6pfung verausgaben. Uns wurde zwischen 1914 und 1945 alles an materiellen und seelischen Opfern abverlangt. Zuletzt verloren wir noch den Glauben an uns selbst. Uns war, wie zuletzt nach dem 30j\u00e4hrigen Krieg 1618-1648 \u201eder Seelen Schatz abgerungen\u201c, wie Andreas Gryphius dichtete: Wir [&hellip;]\" \/>\n<meta property=\"og:url\" content=\"https:\/\/klauskunze.com\/blog\/2021\/04\/10\/leidet-deutschland-an-moralischer-altersschwaeche\/\" \/>\n<meta property=\"og:site_name\" content=\"Klaus Kunze\" \/>\n<meta property=\"article:published_time\" content=\"2021-04-10T19:08:58+00:00\" \/>\n<meta property=\"article:modified_time\" content=\"2021-04-11T07:12:45+00:00\" \/>\n<meta property=\"og:image\" content=\"https:\/\/klauskunze.com\/blog\/wp-content\/uploads\/2021\/04\/Ferdinand_Hodler_001-1024x667.jpg\" \/>\n\t<meta property=\"og:image:width\" content=\"1024\" \/>\n\t<meta property=\"og:image:height\" content=\"667\" \/>\n\t<meta property=\"og:image:type\" content=\"image\/jpeg\" \/>\n<meta name=\"author\" content=\"Klaus Kunze\" \/>\n<meta name=\"twitter:label1\" content=\"Verfasst von\" \/>\n\t<meta name=\"twitter:data1\" content=\"Klaus Kunze\" \/>\n\t<meta name=\"twitter:label2\" content=\"Gesch\u00e4tzte Lesezeit\" \/>\n\t<meta name=\"twitter:data2\" content=\"7\u00a0Minuten\" \/>\n<script type=\"application\/ld+json\" class=\"yoast-schema-graph\">{\"@context\":\"https:\\\/\\\/schema.org\",\"@graph\":[{\"@type\":\"Article\",\"@id\":\"https:\\\/\\\/klauskunze.com\\\/blog\\\/2021\\\/04\\\/10\\\/leidet-deutschland-an-moralischer-altersschwaeche\\\/#article\",\"isPartOf\":{\"@id\":\"https:\\\/\\\/klauskunze.com\\\/blog\\\/2021\\\/04\\\/10\\\/leidet-deutschland-an-moralischer-altersschwaeche\\\/\"},\"author\":{\"name\":\"Klaus Kunze\",\"@id\":\"https:\\\/\\\/klauskunze.com\\\/blog\\\/#\\\/schema\\\/person\\\/9c091cf30ab68b897db6a517e3c3b11b\"},\"headline\":\"Leidet Deutschland an moralischer Altersschw\u00e4che?\",\"datePublished\":\"2021-04-10T19:08:58+00:00\",\"dateModified\":\"2021-04-11T07:12:45+00:00\",\"mainEntityOfPage\":{\"@id\":\"https:\\\/\\\/klauskunze.com\\\/blog\\\/2021\\\/04\\\/10\\\/leidet-deutschland-an-moralischer-altersschwaeche\\\/\"},\"wordCount\":1545,\"commentCount\":1,\"publisher\":{\"@id\":\"https:\\\/\\\/klauskunze.com\\\/blog\\\/#\\\/schema\\\/person\\\/9c091cf30ab68b897db6a517e3c3b11b\"},\"image\":{\"@id\":\"https:\\\/\\\/klauskunze.com\\\/blog\\\/2021\\\/04\\\/10\\\/leidet-deutschland-an-moralischer-altersschwaeche\\\/#primaryimage\"},\"thumbnailUrl\":\"https:\\\/\\\/klauskunze.com\\\/blog\\\/wp-content\\\/uploads\\\/2021\\\/04\\\/Ferdinand_Hodler_001.jpg\",\"articleSection\":{\"1\":\"Geschichte\",\"2\":\"Politik\"},\"inLanguage\":\"de\",\"potentialAction\":[{\"@type\":\"CommentAction\",\"name\":\"Comment\",\"target\":[\"https:\\\/\\\/klauskunze.com\\\/blog\\\/2021\\\/04\\\/10\\\/leidet-deutschland-an-moralischer-altersschwaeche\\\/#respond\"]}]},{\"@type\":\"WebPage\",\"@id\":\"https:\\\/\\\/klauskunze.com\\\/blog\\\/2021\\\/04\\\/10\\\/leidet-deutschland-an-moralischer-altersschwaeche\\\/\",\"url\":\"https:\\\/\\\/klauskunze.com\\\/blog\\\/2021\\\/04\\\/10\\\/leidet-deutschland-an-moralischer-altersschwaeche\\\/\",\"name\":\"Leidet Deutschland an moralischer Altersschw\u00e4che? - Klaus Kunze\",\"isPartOf\":{\"@id\":\"https:\\\/\\\/klauskunze.com\\\/blog\\\/#website\"},\"primaryImageOfPage\":{\"@id\":\"https:\\\/\\\/klauskunze.com\\\/blog\\\/2021\\\/04\\\/10\\\/leidet-deutschland-an-moralischer-altersschwaeche\\\/#primaryimage\"},\"image\":{\"@id\":\"https:\\\/\\\/klauskunze.com\\\/blog\\\/2021\\\/04\\\/10\\\/leidet-deutschland-an-moralischer-altersschwaeche\\\/#primaryimage\"},\"thumbnailUrl\":\"https:\\\/\\\/klauskunze.com\\\/blog\\\/wp-content\\\/uploads\\\/2021\\\/04\\\/Ferdinand_Hodler_001.jpg\",\"datePublished\":\"2021-04-10T19:08:58+00:00\",\"dateModified\":\"2021-04-11T07:12:45+00:00\",\"breadcrumb\":{\"@id\":\"https:\\\/\\\/klauskunze.com\\\/blog\\\/2021\\\/04\\\/10\\\/leidet-deutschland-an-moralischer-altersschwaeche\\\/#breadcrumb\"},\"inLanguage\":\"de\",\"potentialAction\":[{\"@type\":\"ReadAction\",\"target\":[\"https:\\\/\\\/klauskunze.com\\\/blog\\\/2021\\\/04\\\/10\\\/leidet-deutschland-an-moralischer-altersschwaeche\\\/\"]}]},{\"@type\":\"ImageObject\",\"inLanguage\":\"de\",\"@id\":\"https:\\\/\\\/klauskunze.com\\\/blog\\\/2021\\\/04\\\/10\\\/leidet-deutschland-an-moralischer-altersschwaeche\\\/#primaryimage\",\"url\":\"https:\\\/\\\/klauskunze.com\\\/blog\\\/wp-content\\\/uploads\\\/2021\\\/04\\\/Ferdinand_Hodler_001.jpg\",\"contentUrl\":\"https:\\\/\\\/klauskunze.com\\\/blog\\\/wp-content\\\/uploads\\\/2021\\\/04\\\/Ferdinand_Hodler_001.jpg\",\"width\":2050,\"height\":1336},{\"@type\":\"BreadcrumbList\",\"@id\":\"https:\\\/\\\/klauskunze.com\\\/blog\\\/2021\\\/04\\\/10\\\/leidet-deutschland-an-moralischer-altersschwaeche\\\/#breadcrumb\",\"itemListElement\":[{\"@type\":\"ListItem\",\"position\":1,\"name\":\"Startseite\",\"item\":\"https:\\\/\\\/klauskunze.com\\\/blog\\\/\"},{\"@type\":\"ListItem\",\"position\":2,\"name\":\"Leidet Deutschland an moralischer Altersschw\u00e4che?\"}]},{\"@type\":\"WebSite\",\"@id\":\"https:\\\/\\\/klauskunze.com\\\/blog\\\/#website\",\"url\":\"https:\\\/\\\/klauskunze.com\\\/blog\\\/\",\"name\":\"Klaus Kunze\",\"description\":\"Blog\",\"publisher\":{\"@id\":\"https:\\\/\\\/klauskunze.com\\\/blog\\\/#\\\/schema\\\/person\\\/9c091cf30ab68b897db6a517e3c3b11b\"},\"potentialAction\":[{\"@type\":\"SearchAction\",\"target\":{\"@type\":\"EntryPoint\",\"urlTemplate\":\"https:\\\/\\\/klauskunze.com\\\/blog\\\/?s={search_term_string}\"},\"query-input\":{\"@type\":\"PropertyValueSpecification\",\"valueRequired\":true,\"valueName\":\"search_term_string\"}}],\"inLanguage\":\"de\"},{\"@type\":[\"Person\",\"Organization\"],\"@id\":\"https:\\\/\\\/klauskunze.com\\\/blog\\\/#\\\/schema\\\/person\\\/9c091cf30ab68b897db6a517e3c3b11b\",\"name\":\"Klaus Kunze\",\"image\":{\"@type\":\"ImageObject\",\"inLanguage\":\"de\",\"@id\":\"https:\\\/\\\/secure.gravatar.com\\\/avatar\\\/5cd83cadbada9c331a79952fcca177ed3d3be4c7ad3239b9d934bf84adff15dd?s=96&d=blank&r=g\",\"url\":\"https:\\\/\\\/secure.gravatar.com\\\/avatar\\\/5cd83cadbada9c331a79952fcca177ed3d3be4c7ad3239b9d934bf84adff15dd?s=96&d=blank&r=g\",\"contentUrl\":\"https:\\\/\\\/secure.gravatar.com\\\/avatar\\\/5cd83cadbada9c331a79952fcca177ed3d3be4c7ad3239b9d934bf84adff15dd?s=96&d=blank&r=g\",\"caption\":\"Klaus Kunze\"},\"logo\":{\"@id\":\"https:\\\/\\\/secure.gravatar.com\\\/avatar\\\/5cd83cadbada9c331a79952fcca177ed3d3be4c7ad3239b9d934bf84adff15dd?s=96&d=blank&r=g\"},\"sameAs\":[\"http:\\\/\\\/KlausKunze.com\",\"https:\\\/\\\/x.com\\\/https:\\\/\\\/twitter.com\\\/KlausKunze3\"]}]}<\/script>\n<!-- \/ Yoast SEO plugin. -->","yoast_head_json":{"title":"Leidet Deutschland an moralischer Altersschw\u00e4che? - Klaus Kunze","robots":{"index":"index","follow":"follow","max-snippet":"max-snippet:-1","max-image-preview":"max-image-preview:large","max-video-preview":"max-video-preview:-1"},"canonical":"https:\/\/klauskunze.com\/blog\/2021\/04\/10\/leidet-deutschland-an-moralischer-altersschwaeche\/","og_locale":"de_DE","og_type":"article","og_title":"Leidet Deutschland an moralischer Altersschw\u00e4che? - Klaus Kunze","og_description":"&#8222;Da\u00df auch der Seelenschatz so vielen abgerungen&#8220; Ein Volk kann sich bis zur Ersch\u00f6pfung verausgaben. Uns wurde zwischen 1914 und 1945 alles an materiellen und seelischen Opfern abverlangt. Zuletzt verloren wir noch den Glauben an uns selbst. Uns war, wie zuletzt nach dem 30j\u00e4hrigen Krieg 1618-1648 \u201eder Seelen Schatz abgerungen\u201c, wie Andreas Gryphius dichtete: Wir [&hellip;]","og_url":"https:\/\/klauskunze.com\/blog\/2021\/04\/10\/leidet-deutschland-an-moralischer-altersschwaeche\/","og_site_name":"Klaus Kunze","article_published_time":"2021-04-10T19:08:58+00:00","article_modified_time":"2021-04-11T07:12:45+00:00","og_image":[{"width":1024,"height":667,"url":"https:\/\/klauskunze.com\/blog\/wp-content\/uploads\/2021\/04\/Ferdinand_Hodler_001-1024x667.jpg","type":"image\/jpeg"}],"author":"Klaus Kunze","twitter_misc":{"Verfasst von":"Klaus Kunze","Gesch\u00e4tzte Lesezeit":"7\u00a0Minuten"},"schema":{"@context":"https:\/\/schema.org","@graph":[{"@type":"Article","@id":"https:\/\/klauskunze.com\/blog\/2021\/04\/10\/leidet-deutschland-an-moralischer-altersschwaeche\/#article","isPartOf":{"@id":"https:\/\/klauskunze.com\/blog\/2021\/04\/10\/leidet-deutschland-an-moralischer-altersschwaeche\/"},"author":{"name":"Klaus Kunze","@id":"https:\/\/klauskunze.com\/blog\/#\/schema\/person\/9c091cf30ab68b897db6a517e3c3b11b"},"headline":"Leidet Deutschland an moralischer Altersschw\u00e4che?","datePublished":"2021-04-10T19:08:58+00:00","dateModified":"2021-04-11T07:12:45+00:00","mainEntityOfPage":{"@id":"https:\/\/klauskunze.com\/blog\/2021\/04\/10\/leidet-deutschland-an-moralischer-altersschwaeche\/"},"wordCount":1545,"commentCount":1,"publisher":{"@id":"https:\/\/klauskunze.com\/blog\/#\/schema\/person\/9c091cf30ab68b897db6a517e3c3b11b"},"image":{"@id":"https:\/\/klauskunze.com\/blog\/2021\/04\/10\/leidet-deutschland-an-moralischer-altersschwaeche\/#primaryimage"},"thumbnailUrl":"https:\/\/klauskunze.com\/blog\/wp-content\/uploads\/2021\/04\/Ferdinand_Hodler_001.jpg","articleSection":{"1":"Geschichte","2":"Politik"},"inLanguage":"de","potentialAction":[{"@type":"CommentAction","name":"Comment","target":["https:\/\/klauskunze.com\/blog\/2021\/04\/10\/leidet-deutschland-an-moralischer-altersschwaeche\/#respond"]}]},{"@type":"WebPage","@id":"https:\/\/klauskunze.com\/blog\/2021\/04\/10\/leidet-deutschland-an-moralischer-altersschwaeche\/","url":"https:\/\/klauskunze.com\/blog\/2021\/04\/10\/leidet-deutschland-an-moralischer-altersschwaeche\/","name":"Leidet Deutschland an moralischer Altersschw\u00e4che? - Klaus Kunze","isPartOf":{"@id":"https:\/\/klauskunze.com\/blog\/#website"},"primaryImageOfPage":{"@id":"https:\/\/klauskunze.com\/blog\/2021\/04\/10\/leidet-deutschland-an-moralischer-altersschwaeche\/#primaryimage"},"image":{"@id":"https:\/\/klauskunze.com\/blog\/2021\/04\/10\/leidet-deutschland-an-moralischer-altersschwaeche\/#primaryimage"},"thumbnailUrl":"https:\/\/klauskunze.com\/blog\/wp-content\/uploads\/2021\/04\/Ferdinand_Hodler_001.jpg","datePublished":"2021-04-10T19:08:58+00:00","dateModified":"2021-04-11T07:12:45+00:00","breadcrumb":{"@id":"https:\/\/klauskunze.com\/blog\/2021\/04\/10\/leidet-deutschland-an-moralischer-altersschwaeche\/#breadcrumb"},"inLanguage":"de","potentialAction":[{"@type":"ReadAction","target":["https:\/\/klauskunze.com\/blog\/2021\/04\/10\/leidet-deutschland-an-moralischer-altersschwaeche\/"]}]},{"@type":"ImageObject","inLanguage":"de","@id":"https:\/\/klauskunze.com\/blog\/2021\/04\/10\/leidet-deutschland-an-moralischer-altersschwaeche\/#primaryimage","url":"https:\/\/klauskunze.com\/blog\/wp-content\/uploads\/2021\/04\/Ferdinand_Hodler_001.jpg","contentUrl":"https:\/\/klauskunze.com\/blog\/wp-content\/uploads\/2021\/04\/Ferdinand_Hodler_001.jpg","width":2050,"height":1336},{"@type":"BreadcrumbList","@id":"https:\/\/klauskunze.com\/blog\/2021\/04\/10\/leidet-deutschland-an-moralischer-altersschwaeche\/#breadcrumb","itemListElement":[{"@type":"ListItem","position":1,"name":"Startseite","item":"https:\/\/klauskunze.com\/blog\/"},{"@type":"ListItem","position":2,"name":"Leidet Deutschland an moralischer Altersschw\u00e4che?"}]},{"@type":"WebSite","@id":"https:\/\/klauskunze.com\/blog\/#website","url":"https:\/\/klauskunze.com\/blog\/","name":"Klaus Kunze","description":"Blog","publisher":{"@id":"https:\/\/klauskunze.com\/blog\/#\/schema\/person\/9c091cf30ab68b897db6a517e3c3b11b"},"potentialAction":[{"@type":"SearchAction","target":{"@type":"EntryPoint","urlTemplate":"https:\/\/klauskunze.com\/blog\/?s={search_term_string}"},"query-input":{"@type":"PropertyValueSpecification","valueRequired":true,"valueName":"search_term_string"}}],"inLanguage":"de"},{"@type":["Person","Organization"],"@id":"https:\/\/klauskunze.com\/blog\/#\/schema\/person\/9c091cf30ab68b897db6a517e3c3b11b","name":"Klaus Kunze","image":{"@type":"ImageObject","inLanguage":"de","@id":"https:\/\/secure.gravatar.com\/avatar\/5cd83cadbada9c331a79952fcca177ed3d3be4c7ad3239b9d934bf84adff15dd?s=96&d=blank&r=g","url":"https:\/\/secure.gravatar.com\/avatar\/5cd83cadbada9c331a79952fcca177ed3d3be4c7ad3239b9d934bf84adff15dd?s=96&d=blank&r=g","contentUrl":"https:\/\/secure.gravatar.com\/avatar\/5cd83cadbada9c331a79952fcca177ed3d3be4c7ad3239b9d934bf84adff15dd?s=96&d=blank&r=g","caption":"Klaus Kunze"},"logo":{"@id":"https:\/\/secure.gravatar.com\/avatar\/5cd83cadbada9c331a79952fcca177ed3d3be4c7ad3239b9d934bf84adff15dd?s=96&d=blank&r=g"},"sameAs":["http:\/\/KlausKunze.com","https:\/\/x.com\/https:\/\/twitter.com\/KlausKunze3"]}]}},"post_mailing_queue_ids":[],"_links":{"self":[{"href":"https:\/\/klauskunze.com\/blog\/wp-json\/wp\/v2\/posts\/3449","targetHints":{"allow":["GET"]}}],"collection":[{"href":"https:\/\/klauskunze.com\/blog\/wp-json\/wp\/v2\/posts"}],"about":[{"href":"https:\/\/klauskunze.com\/blog\/wp-json\/wp\/v2\/types\/post"}],"author":[{"embeddable":true,"href":"https:\/\/klauskunze.com\/blog\/wp-json\/wp\/v2\/users\/1"}],"replies":[{"embeddable":true,"href":"https:\/\/klauskunze.com\/blog\/wp-json\/wp\/v2\/comments?post=3449"}],"version-history":[{"count":9,"href":"https:\/\/klauskunze.com\/blog\/wp-json\/wp\/v2\/posts\/3449\/revisions"}],"predecessor-version":[{"id":3461,"href":"https:\/\/klauskunze.com\/blog\/wp-json\/wp\/v2\/posts\/3449\/revisions\/3461"}],"wp:featuredmedia":[{"embeddable":true,"href":"https:\/\/klauskunze.com\/blog\/wp-json\/wp\/v2\/media\/3456"}],"wp:attachment":[{"href":"https:\/\/klauskunze.com\/blog\/wp-json\/wp\/v2\/media?parent=3449"}],"wp:term":[{"taxonomy":"category","embeddable":true,"href":"https:\/\/klauskunze.com\/blog\/wp-json\/wp\/v2\/categories?post=3449"},{"taxonomy":"post_tag","embeddable":true,"href":"https:\/\/klauskunze.com\/blog\/wp-json\/wp\/v2\/tags?post=3449"}],"curies":[{"name":"wp","href":"https:\/\/api.w.org\/{rel}","templated":true}]}}