{"id":3640,"date":"2021-05-07T10:32:51","date_gmt":"2021-05-07T08:32:51","guid":{"rendered":"http:\/\/klauskunze.com\/blog\/?p=3640"},"modified":"2021-05-07T17:26:52","modified_gmt":"2021-05-07T15:26:52","slug":"lebensmythos-oder-todeskult","status":"publish","type":"post","link":"https:\/\/klauskunze.com\/blog\/2021\/05\/07\/lebensmythos-oder-todeskult\/","title":{"rendered":"Lebensmythos oder Todeskult?"},"content":{"rendered":"\n<p>Am 5. Mai hielt Merkel in Holland eine Rede zum Befreiungstag, und am 8. Mai wird sie gewi\u00df auch bei uns wieder irgendetwas sagen. Niccolo Machiavelli schrieb, ein F\u00fcrst sollte zwar nicht fromm sein. Das schr\u00e4nke nur seine Freiheit und seine Macht ein. Er sollte aber im Volk als fromm gelten, weil seine Herrschaft dann williger hingenommen werde. Die Fr\u00f6mmigkeit unserer Tage dr\u00fcckt sich in den Niederlanden zum Jubel zum richtigen Zeitpunkt aus. Die Befreiung wird zum Mythos.  <\/p>\n\n\n\n<p>Bei uns herrscht dagegen offizi\u00f6se Bu\u00dffertigkeit vor. Sie bedient sich auch eines Mythos, aber eines Gegenteiligen.<\/p>\n\n\n\n<h2 class=\"wp-block-heading\">Gr\u00fcndungsmythen \u2026<\/h2>\n\n\n\n<p>Fr\u00fcher hatten alle V\u00f6lker nationale Gr\u00fcndungsmythen. Die R\u00f6mer f\u00fchrten sich auf Aeneas zur\u00fcck, der aus Troja floh. Vergleichbare Legenden gab es \u00fcberall. Urahnen genossen Verehrung als Helden. Gemeinsam von ihnen abzustammen, erf\u00fcllte alle mit Stolz.<\/p>\n\n\n\n<p>Vergangenheitsstolz macht zukunftsfroh. Solche Legenden sind Mythen des Lebens und erwecken mutige Zuversicht. Mit mythischen Helden kann man sich gut identifizieren. Der Mythos begr\u00fcndet kollektive Identit\u00e4t.<\/p>\n\n\n\n<p>Als um 1440 der G\u00fcrzenich zu K\u00f6ln als des Rates Tanzhaus fertiggestellt wurde, prangte \u00fcber seinem Eingang ein Bild des R\u00f6mers Marcus Agrippa als <a href=\"https:\/\/www.academia.edu\/4953596\/Stephan_Broelmann_1551_1622_Agrippa_und_die_Gr%C3%BCndung_K%C3%B6lns_in_D_Boschung_E_Kleinschmidt_Hrsg_Lesbarkeiten_Antikerezeption_zwischen_Barock_und_Aufkl%C3%A4rung_W%C3%BCrzburg_2010_101_120\">Gr\u00fcndungsvater <\/a>mit dem Spruch:<\/p>\n\n\n\n<blockquote class=\"wp-block-quote is-layout-flow wp-block-quote-is-layout-flow\"><p>Der herliche Marcus Agrippa eyn Heydensch Man<br>Vur gotz geburt Agrippinam nu Coelne began.<\/p><\/blockquote>\n\n\n\n<p>(Der herrliche <a href=\"https:\/\/de.wikipedia.org\/wiki\/Marcus_Vipsanius_Agrippa\">Marcus Agrippa <\/a>ein heidnischer Mann, vor Gotts Geburt Agrippina &#8211; jetzt K\u00f6ln &#8211; begann.)<\/p>\n\n\n\n<div class=\"wp-block-image\"><figure class=\"aligncenter size-large is-resized\"><img loading=\"lazy\" decoding=\"async\" src=\"http:\/\/klauskunze.com\/blog\/wp-content\/uploads\/2021\/05\/20210505_192730-974x1024.jpg\" alt=\"\" class=\"wp-image-3644\" width=\"487\" height=\"512\" srcset=\"https:\/\/klauskunze.com\/blog\/wp-content\/uploads\/2021\/05\/20210505_192730-974x1024.jpg 974w, https:\/\/klauskunze.com\/blog\/wp-content\/uploads\/2021\/05\/20210505_192730-285x300.jpg 285w, https:\/\/klauskunze.com\/blog\/wp-content\/uploads\/2021\/05\/20210505_192730-768x807.jpg 768w, https:\/\/klauskunze.com\/blog\/wp-content\/uploads\/2021\/05\/20210505_192730-1461x1536.jpg 1461w, https:\/\/klauskunze.com\/blog\/wp-content\/uploads\/2021\/05\/20210505_192730-1948x2048.jpg 1948w, https:\/\/klauskunze.com\/blog\/wp-content\/uploads\/2021\/05\/20210505_192730-900x946.jpg 900w, https:\/\/klauskunze.com\/blog\/wp-content\/uploads\/2021\/05\/20210505_192730-1280x1345.jpg 1280w\" sizes=\"auto, (max-width: 487px) 100vw, 487px\" \/><figcaption><a href=\"https:\/\/de.wikipedia.org\/wiki\/Marcus_Vipsanius_Agrippa\">Marcus Agrippa<\/a> 64 bis 12 v.Chr. (Abbildung: Stich nach einer Gemme)<\/figcaption><\/figure><\/div>\n\n\n\n<p>In ihrer Selbstdarstellung war die Stadt K\u00f6ln jahrhundertelang die<em> felix Agrippina, nobilis Romanorum colonia<\/em> (gl\u00fcckliches K\u00f6ln, Kolonie edler R\u00f6mer). Dieser Gr\u00fcndungsmythos ist bis heute in der Stadt h\u00f6chst lebendig. Die meisten Mythen d\u00fcrften auf tats\u00e4chlichen Geschehnissen beruhen. Im Mythos steckt oft die symbolische Erinnerung an ein reales Ereignis.<\/p>\n\n\n\n<h2 class=\"wp-block-heading\">\u2026 und Todeskult<\/h2>\n\n\n\n<p>Neben vielen von allen tief empfundenen Lebensmythen gebar Deutschland auch einen Todesmythos. Er erz\u00e4hlt von einem fluchbeladenen Volk, das bis in alle Ewigkeit Bu\u00dfe zu tun hat und \u201eVerantwortung\u201c f\u00fcr alles m\u00f6gliche tragen soll, nur nicht f\u00fcr sich selbst. Ihm liegt die historische Tatsache der Menschenvernichtungen im 3. Reich zugrunde. Daran kn\u00fcpft er an und richtet moralische Gebote und Verbote selektiv an Menschen, die zwar zur Zeit jener Morde noch nicht auf der Welt waren, aber gleichwohl \u201eschon l\u00e4nger hier leben.&#8220;<\/p>\n\n\n\n<p>Ein Lebensmythos erz\u00e4hlt, wie eine Gemeinschaft auf legend\u00e4re Weise gestiftet wurde und was sie ihren Gr\u00fcndungsv\u00e4tern verdankt. Eine konstruierte Vergangenheit ist das stabile Fundament ihres Selbstbewu\u00dftseins: \u201eDie Alten haben das richtig gemacht! Weiter so!\u201c Die Altvorderen werden zum Sinnbild moralischer Integrit\u00e4t und vorbildlicher T\u00fcchtigkeit verkl\u00e4rt. <\/p>\n\n\n\n<p>Ein Todesmythos ist wie ein ins Negative gewendeter Gr\u00fcndungsmythos. Er erz\u00e4hlt genau die gegenteilige Geschichte: \u201eDie Alten haben alles falsch gemacht, und wir sind daf\u00fcr verantwortlich!\u201c Ein Lebensmythos verleiht unzerst\u00f6rbare Zuversicht auf die Zukunft. Ein Todesmythos will ein Ende machen und m\u00f6chte jede Zukunft zerst\u00f6ren, weil er sie f\u00fcr unheilbar wurzelkrank h\u00e4lt.<\/p>\n\n\n\n<p>Auch f\u00fcr ihn bildet eine konstruierte Vergangenheit das stabile Fundament des Selbstgef\u00fchls, nur lehnt dieses sich selbst ab. Die Altvorderen werden zum Sinnbild moralischer Verworfenheit verkl\u00e4rt. Sein Konstrukt wird zusammengesetzt aus den historischen Fakten des wirklich Geschehenen, deren r\u00fcckblickender Deutung aus der erhabenen Perspektive religi\u00f6ser, moralischer und politischer \u00dcberlegenheit der Nachgeborenen und aus den konkreten Geboten und Verboten, die seine Konstrukteure heute an uns richten. Daraus leiten sie die Legitimit\u00e4t ihrer Herrschaftsmacht ab. <\/p>\n\n\n\n<p>Der Todeskult ist nicht mit einem Totenkult zu verwechseln. Wer sich B\u00fcsten seiner verehrten Ahnen ins Zimmer stellt wie die alten R\u00f6mer oder wer heute nach den Namen seiner Ahnen forscht, betrachtet sie als Stifter und Unterpfand bl\u00fchenden und gedeihenden Fortlebens. Ein Todeskult hingegen kultiviert nur die Sinnlosigkeit der eigenen Fortexistenz. Sozialpsychologisch kultiviert ein Totenkult den Willen zum Leben im Geiste der verehrten Ahnen. Der Todeskult aber stellt die eigene Existenz in Frage. Er bildet einen Kult zum Tode. Von ihm Befallene sind dem Untergang geweiht.<\/p>\n\n\n\n<h2 class=\"wp-block-heading\">Die Erbs\u00fcnde und ihre Inquisitoren<\/h2>\n\n\n\n<p>Wer sich mit seinem eigenen Todesmythos selbst umnachtet, ist verloren. Weil er sich pers\u00f6nlich f\u00fcr verantwortlich h\u00e4lt f\u00fcr etwas, das nicht mehr zu \u00e4ndern ist, bieten sich ihm wahlweise nur zwei Auswege an: Er betrachtet sich als belasteten Nachkommen eines historischen Verbrechervolkes und nimmt sich einen Strick, oder er sucht dem moralischen Tribunal zu entkommen, indem er als Inquisitor selbst dieses Tribunal wird und seinen Mitb\u00fcrgern den Strick empfiehlt.<\/p>\n\n\n\n<p>Die morgenl\u00e4ndische Idee einer Erbs\u00fcnde besagt, da\u00df die Verfehlung von Vorfahren in den Augen ihres Gottes so schwer wiegt, da\u00df sie sich quasi in der Blutlinie weitervererbt: Adam und Eva s\u00fcndigten und wurden aus dem Paradies vertrieben mit allen ihren Nachkommen.<\/p>\n\n\n\n<blockquote class=\"wp-block-quote is-layout-flow wp-block-quote-is-layout-flow\"><p>Auch wu\u00dfte Gott wohl, da\u00df der Mensch s\u00fcndigen und, dem Tode verschrieben, Sterbliche fortpflanzen werde, und da\u00df die Sterblichen in ihrer S\u00fcnden Erb\u00e4rmlichkeit so weit noch kommen sollten, da\u00df sicherer&nbsp; und friedlicher das Tier, das nicht Vernunft hat, mit seinesgleichen lebt.<\/p><cite><a href=\"https:\/\/de.wikipedia.org\/wiki\/Augustinus_von_Hippo\">Augustinus von Hippo<\/a> (354-430), De civitate Die, XII.<\/cite><\/blockquote>\n\n\n\n<p>Wenn sich S\u00fcnde von Kind zu Kindeskind weitervererbt, mu\u00df die eigene Fortpflanzung als protos\u00fcndiger Akt erscheinen. Erbs\u00fcndenlehren sind Todesmythen.<\/p>\n\n\n\n<p>Das Wesen der christlichen Erbs\u00fcndenlehre besteht im \u201eTod der Seele\u201c (<em>mors animae<\/em>, De civitate Dei XIII 2). Ihr Todesmythos hinterlie\u00df seitdem eine Spur des Todes hinter allen, die von ihm befallen waren: mittelalterliche Gei\u00dfler, Hexenverbrenner, Prediger wie <a href=\"https:\/\/de.wikipedia.org\/wiki\/Girolamo_Savonarola\">Girolamo Savonarola<\/a> (1452-1498) in Florenz und viele andere Fanatiker des S\u00fcndenwahnes. <a href=\"https:\/\/de.wikipedia.org\/wiki\/Jan_van_Leiden\">Jan van Leiden<\/a> (1509-1536) wollte in M\u00fcnster ein \u201eneues Jerusalem\u201c gr\u00fcnden und schuf nur Tod und Elend.<\/p>\n\n\n\n<div class=\"wp-block-image\"><figure class=\"aligncenter size-large is-resized\"><img loading=\"lazy\" decoding=\"async\" src=\"http:\/\/klauskunze.com\/blog\/wp-content\/uploads\/2021\/05\/jan-1024x860.jpg\" alt=\"\" class=\"wp-image-3646\" width=\"512\" height=\"430\" srcset=\"https:\/\/klauskunze.com\/blog\/wp-content\/uploads\/2021\/05\/jan-1024x860.jpg 1024w, https:\/\/klauskunze.com\/blog\/wp-content\/uploads\/2021\/05\/jan-300x252.jpg 300w, https:\/\/klauskunze.com\/blog\/wp-content\/uploads\/2021\/05\/jan-768x645.jpg 768w, https:\/\/klauskunze.com\/blog\/wp-content\/uploads\/2021\/05\/jan-1536x1291.jpg 1536w, https:\/\/klauskunze.com\/blog\/wp-content\/uploads\/2021\/05\/jan-2048x1721.jpg 2048w, https:\/\/klauskunze.com\/blog\/wp-content\/uploads\/2021\/05\/jan-900x756.jpg 900w, https:\/\/klauskunze.com\/blog\/wp-content\/uploads\/2021\/05\/jan-1280x1076.jpg 1280w\" sizes=\"auto, (max-width: 512px) 100vw, 512px\" \/><figcaption>Jan van Leiden enthauptet eigenh\u00e4ndig seine Ehefrau Elisabeth Wandscherer<br>Von Schulfra &#8211; Eigenes Werk, CC BY-SA 4.0, <a href=\"https:\/\/commons.wikimedia.org\/w\/index.php?curid=71375911\">https:\/\/commons.wikimedia.org\/w\/index.php?curid=71375911<\/a><\/figcaption><\/figure><\/div>\n\n\n\n<h2 class=\"wp-block-heading\">Der erbarmungslose Todesmythos<\/h2>\n\n\n\n<p>Todeskulte wecken Schuldgef\u00fchle, zerst\u00f6ren die positive Identifikation der Betroffenen mit sich selbst und ihren Wurzeln, machen sie lenk- und manipulierbar. Sie untergraben in letzter Konsequenz die Entschlossenheit, zu leben und Leben an Kinder weiterzugeben. \u201eWozu auch, wenn wir doch durch Geburt alle S\u00fcnder und Verworfene sind?\u201c Die christlichen Kirchenv\u00e4ter wie Augustinus kannten wenigstens noch die g\u00f6ttliche Verzeihung und sein Gebot: Seid fruchtbar und mehret euch!<\/p>\n\n\n\n<p>Der moderne Todeskult kennt eine solche Verzeihung nicht. Er w\u00fctet von Jahrzehnt auf Jahrzehnt erbarmungsloser gegen\u00fcber unserer eigenen Vergangenheit. Er sieht sich selbst als Strafurteil f\u00fcr alle Ewigkeit, das wohl in irgendeiner geheimnisvollen Weise mit unserem Blut verbunden sein mu\u00df, obwohl wir nat\u00fcrlich keine Rassisten mehr sein d\u00fcrfen. Aber es ist ein rein innerdeutscher Kult: Waren unsere Vorfahren T\u00e4ter, waren die anderen V\u00f6lker Opfer:<\/p>\n\n\n\n<blockquote class=\"wp-block-quote is-layout-flow wp-block-quote-is-layout-flow\"><p>Die begangenen Verbrechen verj\u00e4hren nicht. Die Erinnerung daran wachzuhalten, ist immerw\u00e4hrende Verantwortung Deutschlands.<\/p><cite><a href=\"https:\/\/www.bundeskanzlerin.de\/bkin-de\/aktuelles\/rede-von-bundeskanzlerin-merkel-anlaesslich-des-nationalen-befreiungstags-der-niederlande-am-5-mai-2021-videokonferenz--1910938\">Angela Merkel am 5.5.2021 in den Niederlanden.<\/a><\/cite><\/blockquote>\n\n\n\n<p>Als immerw\u00e4hrende Verantwortung aller Menschenkinder bezeichnet Merkel sie offenbar nicht. Rigides Schwarz-wei\u00df-Denken kennt nur absolut Gutes und absolut B\u00f6ses. Wenn wir das B\u00f6se verk\u00f6rpern, m\u00fcssen die anderen die Guten sein und bleiben. Sonst spricht die Frau selten von Deutschland im Kollektiv. Tats\u00e4chlich meint sie auch nicht das Land, sondern uns. Sie meint die deutschen Einwohner unseres Landes und unseren Staat.&nbsp; Sie nimmt uns in eine Ewigkeitspflicht, auf deren Erf\u00fcllung auch keine Verzeihung oder Entlassung aus der Schuldhaft winkt:<\/p>\n\n\n\n<blockquote class=\"wp-block-quote is-layout-flow wp-block-quote-is-layout-flow\"><p>Die moralische Aufarbeitung aber endet nie. Die breite, von zahlreichen Initiativen der Zivilgesellschaft getragene Gedenklandschaft in Deutschland leistet einen wichtigen Beitrag dazu.<\/p><cite><a href=\"https:\/\/www.bundestag.de\/dokumente\/textarchiv\/2015\/kw05_gedenkstunde-357044\">Norbert Lammert im Bundestag am 27.1.2015<\/a><\/cite><\/blockquote>\n\n\n\n<p>Im ubiquit\u00e4ren Todeskult unserer Zeit schlie\u00dft man zukunftsweisende Kinderg\u00e4rten und \u00f6ffnet retrospektive Gedenklandschaften des Todes. Im <em>Memento mori!<\/em> ihrer ewig tickenden Totenuhr ist der Zeiger auf einer Jahreszahl stehengeblieben. Eine Lebensuhr w\u00fcrde fortschreiten, den neuen Tag mit dem Hahnenschrei begr\u00fc\u00dfen, uns zur siebten Stunde wecken und uns zu frischem Tagwerk ermuntern.<\/p>\n\n\n\n<p>Jesus soll gesagt haben: \u201eLa\u00dft die Toten ihre Toten begraben!\u201c Wer nur noch Tote beklagt und das Leben vergi\u00dft, ist selbst dem Tod schon n\u00e4her als dem Leben. Niemand braucht \u00f6ffentliche Pflichtkulte, um sich mit historischen Verbrechen auseinanderzusetzen. Je intensiver er in die Weltgeschichte einsteigt, desto mehr Verbrechen findet er. Alles Gedenken ist in Ordnung. Man kann auch keinen sogenannten Schlu\u00dfstrich ziehen, was Merkel angeblich gestern abgelehnt haben soll:<\/p>\n\n\n\n<blockquote class=\"wp-block-quote is-layout-flow wp-block-quote-is-layout-flow\"><p>Das sei die ewige Verantwortung Deutschlands, sagte sie in einer virtuellen Rede bei der Gedenkfeier in Den Haag. Es k\u00f6nne keinen Schlu\u00dfstrich geben.<\/p><cite><a href=\"https:\/\/www.deutschlandfunk.de\/nationaler-befreiungstag-merkel-erinnert-an.2932.de.html?drn:news_id=1255837\">Bericht im Deutschlandfunk 5.5.2021<\/a><\/cite><\/blockquote>\n\n\n\n<p>Der Bericht im Deutschlandfunk ist allerdings falsch. Merkel hat kein Wort von \u201eSchlu\u00dfstrich\u201c gesagt.<\/p>\n\n\n\n<h2 class=\"wp-block-heading\">Der Brunnen der toten Seelen<\/h2>\n\n\n\n<p>Ja, unser geschichtliches Ged\u00e4chtnis ist von zentraler Wichtigkeit. Ohne einen positiven Mythos von uns selbst werden wir keine Zukunft haben. Ankn\u00fcpfungspunkte f\u00fcr ihn bietet unsere Geschichte reichlich: von des R\u00f6mers Tacitus Buch \u00fcber die alten Germanen bis hin zu Kaiser Friedrich Barbarossa. Dem Mythos zufolge wird er mit des Reiches Herrlichkeit wiederkehren, wenn die alten Raben des inneren Zwistes nicht mehr um den Berg Kyffh\u00e4user fliegen.<\/p>\n\n\n\n<div class=\"wp-block-image\"><figure class=\"aligncenter size-large is-resized\"><img loading=\"lazy\" decoding=\"async\" src=\"http:\/\/klauskunze.com\/blog\/wp-content\/uploads\/2021\/05\/Kyffhaeuser_-_Barbarossa_und_Wilhelm_I_Reiki-681x1024.jpg\" alt=\"\" class=\"wp-image-3653\" width=\"511\" height=\"768\" srcset=\"https:\/\/klauskunze.com\/blog\/wp-content\/uploads\/2021\/05\/Kyffhaeuser_-_Barbarossa_und_Wilhelm_I_Reiki-681x1024.jpg 681w, https:\/\/klauskunze.com\/blog\/wp-content\/uploads\/2021\/05\/Kyffhaeuser_-_Barbarossa_und_Wilhelm_I_Reiki-199x300.jpg 199w, https:\/\/klauskunze.com\/blog\/wp-content\/uploads\/2021\/05\/Kyffhaeuser_-_Barbarossa_und_Wilhelm_I_Reiki-768x1155.jpg 768w, https:\/\/klauskunze.com\/blog\/wp-content\/uploads\/2021\/05\/Kyffhaeuser_-_Barbarossa_und_Wilhelm_I_Reiki-1021x1536.jpg 1021w, https:\/\/klauskunze.com\/blog\/wp-content\/uploads\/2021\/05\/Kyffhaeuser_-_Barbarossa_und_Wilhelm_I_Reiki-1362x2048.jpg 1362w, https:\/\/klauskunze.com\/blog\/wp-content\/uploads\/2021\/05\/Kyffhaeuser_-_Barbarossa_und_Wilhelm_I_Reiki-900x1354.jpg 900w, https:\/\/klauskunze.com\/blog\/wp-content\/uploads\/2021\/05\/Kyffhaeuser_-_Barbarossa_und_Wilhelm_I_Reiki-1280x1925.jpg 1280w, https:\/\/klauskunze.com\/blog\/wp-content\/uploads\/2021\/05\/Kyffhaeuser_-_Barbarossa_und_Wilhelm_I_Reiki-scaled.jpg 1702w\" sizes=\"auto, (max-width: 511px) 100vw, 511px\" \/><figcaption>Kaiser Friedrich Barbarossa auf dem Kyffh\u00e4user Denkmal (Foto <a href=\"https:\/\/de.m.wikipedia.org\/wiki\/Datei:Kyffh%C3%A4user_-_Barbarossa_und_Wilhelm_I_Reiki.JPG\">Reinhard Kirchner, Wikipedia, gemeinfrei<\/a>)<\/figcaption><\/figure><\/div>\n\n\n\n<p>Mythen sind keine geschehene Geschichte. Sie bilden aber selbst einen Gegenstand historischer Erforschung. Ihre Wirkungskraft ist eine Tatsache des Massenpsychologie. Mythen wirken, obwohl sie oft nicht buchst\u00e4blich vergangene Realit\u00e4t widerspiegeln. Ihre Tiefen bilden den Seelenbrunnen, in dem wir unsere stolzeste Hoffnung, unsere gemeinste Sehnsucht oder auch unseren tiefsten Schmerz wiedererkennen.<\/p>\n\n\n\n<p>Wer in diesen Spiegel schaut und nur noch Tod und Elend erblickt, ist eine verlorene Seele &#8211; eine tote Seele w\u00fcrde Augustinus wohl formulieren.<\/p>\n","protected":false},"excerpt":{"rendered":"<p>Am 5. Mai hielt Merkel in Holland eine Rede zum Befreiungstag, und am 8. Mai wird sie gewi\u00df auch bei uns wieder irgendetwas sagen. Niccolo Machiavelli schrieb, ein F\u00fcrst sollte zwar nicht fromm sein. Das schr\u00e4nke nur seine Freiheit und seine Macht ein. Er sollte aber im Volk als fromm gelten, weil seine Herrschaft dann [&hellip;]<\/p>\n","protected":false},"author":1,"featured_media":3652,"comment_status":"open","ping_status":"open","sticky":false,"template":"","format":"standard","meta":{"h5ap_radio_sources":[],"twitterCardType":"","cardImageID":0,"cardImage":"","cardTitle":"","cardDesc":"","cardImageAlt":"","cardPlayer":"","cardPlayerWidth":0,"cardPlayerHeight":0,"cardPlayerStream":"","cardPlayerCodec":"","footnotes":""},"categories":[1,13,17],"tags":[],"class_list":["post-3640","post","type-post","status-publish","format-standard","has-post-thumbnail","hentry","category-allgemein","category-geschichte","category-politik"],"yoast_head":"<!-- This site is optimized with the Yoast SEO plugin v27.5 - https:\/\/yoast.com\/product\/yoast-seo-wordpress\/ -->\n<title>Lebensmythos oder Todeskult? - Klaus Kunze<\/title>\n<meta name=\"robots\" content=\"index, follow, max-snippet:-1, max-image-preview:large, max-video-preview:-1\" \/>\n<link rel=\"canonical\" href=\"https:\/\/klauskunze.com\/blog\/2021\/05\/07\/lebensmythos-oder-todeskult\/\" \/>\n<meta property=\"og:locale\" content=\"de_DE\" \/>\n<meta property=\"og:type\" content=\"article\" \/>\n<meta property=\"og:title\" content=\"Lebensmythos oder Todeskult? - Klaus Kunze\" \/>\n<meta property=\"og:description\" content=\"Am 5. Mai hielt Merkel in Holland eine Rede zum Befreiungstag, und am 8. Mai wird sie gewi\u00df auch bei uns wieder irgendetwas sagen. Niccolo Machiavelli schrieb, ein F\u00fcrst sollte zwar nicht fromm sein. Das schr\u00e4nke nur seine Freiheit und seine Macht ein. Er sollte aber im Volk als fromm gelten, weil seine Herrschaft dann [&hellip;]\" \/>\n<meta property=\"og:url\" content=\"https:\/\/klauskunze.com\/blog\/2021\/05\/07\/lebensmythos-oder-todeskult\/\" \/>\n<meta property=\"og:site_name\" content=\"Klaus Kunze\" \/>\n<meta property=\"article:published_time\" content=\"2021-05-07T08:32:51+00:00\" \/>\n<meta property=\"article:modified_time\" content=\"2021-05-07T15:26:52+00:00\" \/>\n<meta property=\"og:image\" content=\"https:\/\/klauskunze.com\/blog\/wp-content\/uploads\/2021\/05\/Kyffhaeuser_-_Barbarossa_und_Wilhelm_I_Reikia.jpg\" \/>\n\t<meta property=\"og:image:width\" content=\"1622\" \/>\n\t<meta property=\"og:image:height\" content=\"1316\" \/>\n\t<meta property=\"og:image:type\" content=\"image\/jpeg\" \/>\n<meta name=\"author\" content=\"Klaus Kunze\" \/>\n<meta name=\"twitter:label1\" content=\"Verfasst von\" \/>\n\t<meta name=\"twitter:data1\" content=\"Klaus Kunze\" \/>\n\t<meta name=\"twitter:label2\" content=\"Gesch\u00e4tzte Lesezeit\" \/>\n\t<meta name=\"twitter:data2\" content=\"7\u00a0Minuten\" \/>\n<script type=\"application\/ld+json\" class=\"yoast-schema-graph\">{\"@context\":\"https:\\\/\\\/schema.org\",\"@graph\":[{\"@type\":\"Article\",\"@id\":\"https:\\\/\\\/klauskunze.com\\\/blog\\\/2021\\\/05\\\/07\\\/lebensmythos-oder-todeskult\\\/#article\",\"isPartOf\":{\"@id\":\"https:\\\/\\\/klauskunze.com\\\/blog\\\/2021\\\/05\\\/07\\\/lebensmythos-oder-todeskult\\\/\"},\"author\":{\"name\":\"Klaus Kunze\",\"@id\":\"https:\\\/\\\/klauskunze.com\\\/blog\\\/#\\\/schema\\\/person\\\/9c091cf30ab68b897db6a517e3c3b11b\"},\"headline\":\"Lebensmythos oder Todeskult?\",\"datePublished\":\"2021-05-07T08:32:51+00:00\",\"dateModified\":\"2021-05-07T15:26:52+00:00\",\"mainEntityOfPage\":{\"@id\":\"https:\\\/\\\/klauskunze.com\\\/blog\\\/2021\\\/05\\\/07\\\/lebensmythos-oder-todeskult\\\/\"},\"wordCount\":1580,\"commentCount\":0,\"publisher\":{\"@id\":\"https:\\\/\\\/klauskunze.com\\\/blog\\\/#\\\/schema\\\/person\\\/9c091cf30ab68b897db6a517e3c3b11b\"},\"image\":{\"@id\":\"https:\\\/\\\/klauskunze.com\\\/blog\\\/2021\\\/05\\\/07\\\/lebensmythos-oder-todeskult\\\/#primaryimage\"},\"thumbnailUrl\":\"https:\\\/\\\/klauskunze.com\\\/blog\\\/wp-content\\\/uploads\\\/2021\\\/05\\\/Kyffhaeuser_-_Barbarossa_und_Wilhelm_I_Reikia.jpg\",\"articleSection\":{\"1\":\"Geschichte\",\"2\":\"Politik\"},\"inLanguage\":\"de\",\"potentialAction\":[{\"@type\":\"CommentAction\",\"name\":\"Comment\",\"target\":[\"https:\\\/\\\/klauskunze.com\\\/blog\\\/2021\\\/05\\\/07\\\/lebensmythos-oder-todeskult\\\/#respond\"]}]},{\"@type\":\"WebPage\",\"@id\":\"https:\\\/\\\/klauskunze.com\\\/blog\\\/2021\\\/05\\\/07\\\/lebensmythos-oder-todeskult\\\/\",\"url\":\"https:\\\/\\\/klauskunze.com\\\/blog\\\/2021\\\/05\\\/07\\\/lebensmythos-oder-todeskult\\\/\",\"name\":\"Lebensmythos oder Todeskult? - Klaus Kunze\",\"isPartOf\":{\"@id\":\"https:\\\/\\\/klauskunze.com\\\/blog\\\/#website\"},\"primaryImageOfPage\":{\"@id\":\"https:\\\/\\\/klauskunze.com\\\/blog\\\/2021\\\/05\\\/07\\\/lebensmythos-oder-todeskult\\\/#primaryimage\"},\"image\":{\"@id\":\"https:\\\/\\\/klauskunze.com\\\/blog\\\/2021\\\/05\\\/07\\\/lebensmythos-oder-todeskult\\\/#primaryimage\"},\"thumbnailUrl\":\"https:\\\/\\\/klauskunze.com\\\/blog\\\/wp-content\\\/uploads\\\/2021\\\/05\\\/Kyffhaeuser_-_Barbarossa_und_Wilhelm_I_Reikia.jpg\",\"datePublished\":\"2021-05-07T08:32:51+00:00\",\"dateModified\":\"2021-05-07T15:26:52+00:00\",\"breadcrumb\":{\"@id\":\"https:\\\/\\\/klauskunze.com\\\/blog\\\/2021\\\/05\\\/07\\\/lebensmythos-oder-todeskult\\\/#breadcrumb\"},\"inLanguage\":\"de\",\"potentialAction\":[{\"@type\":\"ReadAction\",\"target\":[\"https:\\\/\\\/klauskunze.com\\\/blog\\\/2021\\\/05\\\/07\\\/lebensmythos-oder-todeskult\\\/\"]}]},{\"@type\":\"ImageObject\",\"inLanguage\":\"de\",\"@id\":\"https:\\\/\\\/klauskunze.com\\\/blog\\\/2021\\\/05\\\/07\\\/lebensmythos-oder-todeskult\\\/#primaryimage\",\"url\":\"https:\\\/\\\/klauskunze.com\\\/blog\\\/wp-content\\\/uploads\\\/2021\\\/05\\\/Kyffhaeuser_-_Barbarossa_und_Wilhelm_I_Reikia.jpg\",\"contentUrl\":\"https:\\\/\\\/klauskunze.com\\\/blog\\\/wp-content\\\/uploads\\\/2021\\\/05\\\/Kyffhaeuser_-_Barbarossa_und_Wilhelm_I_Reikia.jpg\",\"width\":1622,\"height\":1316},{\"@type\":\"BreadcrumbList\",\"@id\":\"https:\\\/\\\/klauskunze.com\\\/blog\\\/2021\\\/05\\\/07\\\/lebensmythos-oder-todeskult\\\/#breadcrumb\",\"itemListElement\":[{\"@type\":\"ListItem\",\"position\":1,\"name\":\"Startseite\",\"item\":\"https:\\\/\\\/klauskunze.com\\\/blog\\\/\"},{\"@type\":\"ListItem\",\"position\":2,\"name\":\"Lebensmythos oder Todeskult?\"}]},{\"@type\":\"WebSite\",\"@id\":\"https:\\\/\\\/klauskunze.com\\\/blog\\\/#website\",\"url\":\"https:\\\/\\\/klauskunze.com\\\/blog\\\/\",\"name\":\"Klaus Kunze\",\"description\":\"Blog\",\"publisher\":{\"@id\":\"https:\\\/\\\/klauskunze.com\\\/blog\\\/#\\\/schema\\\/person\\\/9c091cf30ab68b897db6a517e3c3b11b\"},\"potentialAction\":[{\"@type\":\"SearchAction\",\"target\":{\"@type\":\"EntryPoint\",\"urlTemplate\":\"https:\\\/\\\/klauskunze.com\\\/blog\\\/?s={search_term_string}\"},\"query-input\":{\"@type\":\"PropertyValueSpecification\",\"valueRequired\":true,\"valueName\":\"search_term_string\"}}],\"inLanguage\":\"de\"},{\"@type\":[\"Person\",\"Organization\"],\"@id\":\"https:\\\/\\\/klauskunze.com\\\/blog\\\/#\\\/schema\\\/person\\\/9c091cf30ab68b897db6a517e3c3b11b\",\"name\":\"Klaus Kunze\",\"image\":{\"@type\":\"ImageObject\",\"inLanguage\":\"de\",\"@id\":\"https:\\\/\\\/secure.gravatar.com\\\/avatar\\\/5cd83cadbada9c331a79952fcca177ed3d3be4c7ad3239b9d934bf84adff15dd?s=96&d=blank&r=g\",\"url\":\"https:\\\/\\\/secure.gravatar.com\\\/avatar\\\/5cd83cadbada9c331a79952fcca177ed3d3be4c7ad3239b9d934bf84adff15dd?s=96&d=blank&r=g\",\"contentUrl\":\"https:\\\/\\\/secure.gravatar.com\\\/avatar\\\/5cd83cadbada9c331a79952fcca177ed3d3be4c7ad3239b9d934bf84adff15dd?s=96&d=blank&r=g\",\"caption\":\"Klaus Kunze\"},\"logo\":{\"@id\":\"https:\\\/\\\/secure.gravatar.com\\\/avatar\\\/5cd83cadbada9c331a79952fcca177ed3d3be4c7ad3239b9d934bf84adff15dd?s=96&d=blank&r=g\"},\"sameAs\":[\"http:\\\/\\\/KlausKunze.com\",\"https:\\\/\\\/x.com\\\/https:\\\/\\\/twitter.com\\\/KlausKunze3\"]}]}<\/script>\n<!-- \/ Yoast SEO plugin. -->","yoast_head_json":{"title":"Lebensmythos oder Todeskult? - Klaus Kunze","robots":{"index":"index","follow":"follow","max-snippet":"max-snippet:-1","max-image-preview":"max-image-preview:large","max-video-preview":"max-video-preview:-1"},"canonical":"https:\/\/klauskunze.com\/blog\/2021\/05\/07\/lebensmythos-oder-todeskult\/","og_locale":"de_DE","og_type":"article","og_title":"Lebensmythos oder Todeskult? - Klaus Kunze","og_description":"Am 5. Mai hielt Merkel in Holland eine Rede zum Befreiungstag, und am 8. Mai wird sie gewi\u00df auch bei uns wieder irgendetwas sagen. Niccolo Machiavelli schrieb, ein F\u00fcrst sollte zwar nicht fromm sein. Das schr\u00e4nke nur seine Freiheit und seine Macht ein. Er sollte aber im Volk als fromm gelten, weil seine Herrschaft dann [&hellip;]","og_url":"https:\/\/klauskunze.com\/blog\/2021\/05\/07\/lebensmythos-oder-todeskult\/","og_site_name":"Klaus Kunze","article_published_time":"2021-05-07T08:32:51+00:00","article_modified_time":"2021-05-07T15:26:52+00:00","og_image":[{"width":1622,"height":1316,"url":"https:\/\/klauskunze.com\/blog\/wp-content\/uploads\/2021\/05\/Kyffhaeuser_-_Barbarossa_und_Wilhelm_I_Reikia.jpg","type":"image\/jpeg"}],"author":"Klaus Kunze","twitter_misc":{"Verfasst von":"Klaus Kunze","Gesch\u00e4tzte Lesezeit":"7\u00a0Minuten"},"schema":{"@context":"https:\/\/schema.org","@graph":[{"@type":"Article","@id":"https:\/\/klauskunze.com\/blog\/2021\/05\/07\/lebensmythos-oder-todeskult\/#article","isPartOf":{"@id":"https:\/\/klauskunze.com\/blog\/2021\/05\/07\/lebensmythos-oder-todeskult\/"},"author":{"name":"Klaus Kunze","@id":"https:\/\/klauskunze.com\/blog\/#\/schema\/person\/9c091cf30ab68b897db6a517e3c3b11b"},"headline":"Lebensmythos oder Todeskult?","datePublished":"2021-05-07T08:32:51+00:00","dateModified":"2021-05-07T15:26:52+00:00","mainEntityOfPage":{"@id":"https:\/\/klauskunze.com\/blog\/2021\/05\/07\/lebensmythos-oder-todeskult\/"},"wordCount":1580,"commentCount":0,"publisher":{"@id":"https:\/\/klauskunze.com\/blog\/#\/schema\/person\/9c091cf30ab68b897db6a517e3c3b11b"},"image":{"@id":"https:\/\/klauskunze.com\/blog\/2021\/05\/07\/lebensmythos-oder-todeskult\/#primaryimage"},"thumbnailUrl":"https:\/\/klauskunze.com\/blog\/wp-content\/uploads\/2021\/05\/Kyffhaeuser_-_Barbarossa_und_Wilhelm_I_Reikia.jpg","articleSection":{"1":"Geschichte","2":"Politik"},"inLanguage":"de","potentialAction":[{"@type":"CommentAction","name":"Comment","target":["https:\/\/klauskunze.com\/blog\/2021\/05\/07\/lebensmythos-oder-todeskult\/#respond"]}]},{"@type":"WebPage","@id":"https:\/\/klauskunze.com\/blog\/2021\/05\/07\/lebensmythos-oder-todeskult\/","url":"https:\/\/klauskunze.com\/blog\/2021\/05\/07\/lebensmythos-oder-todeskult\/","name":"Lebensmythos oder Todeskult? - Klaus Kunze","isPartOf":{"@id":"https:\/\/klauskunze.com\/blog\/#website"},"primaryImageOfPage":{"@id":"https:\/\/klauskunze.com\/blog\/2021\/05\/07\/lebensmythos-oder-todeskult\/#primaryimage"},"image":{"@id":"https:\/\/klauskunze.com\/blog\/2021\/05\/07\/lebensmythos-oder-todeskult\/#primaryimage"},"thumbnailUrl":"https:\/\/klauskunze.com\/blog\/wp-content\/uploads\/2021\/05\/Kyffhaeuser_-_Barbarossa_und_Wilhelm_I_Reikia.jpg","datePublished":"2021-05-07T08:32:51+00:00","dateModified":"2021-05-07T15:26:52+00:00","breadcrumb":{"@id":"https:\/\/klauskunze.com\/blog\/2021\/05\/07\/lebensmythos-oder-todeskult\/#breadcrumb"},"inLanguage":"de","potentialAction":[{"@type":"ReadAction","target":["https:\/\/klauskunze.com\/blog\/2021\/05\/07\/lebensmythos-oder-todeskult\/"]}]},{"@type":"ImageObject","inLanguage":"de","@id":"https:\/\/klauskunze.com\/blog\/2021\/05\/07\/lebensmythos-oder-todeskult\/#primaryimage","url":"https:\/\/klauskunze.com\/blog\/wp-content\/uploads\/2021\/05\/Kyffhaeuser_-_Barbarossa_und_Wilhelm_I_Reikia.jpg","contentUrl":"https:\/\/klauskunze.com\/blog\/wp-content\/uploads\/2021\/05\/Kyffhaeuser_-_Barbarossa_und_Wilhelm_I_Reikia.jpg","width":1622,"height":1316},{"@type":"BreadcrumbList","@id":"https:\/\/klauskunze.com\/blog\/2021\/05\/07\/lebensmythos-oder-todeskult\/#breadcrumb","itemListElement":[{"@type":"ListItem","position":1,"name":"Startseite","item":"https:\/\/klauskunze.com\/blog\/"},{"@type":"ListItem","position":2,"name":"Lebensmythos oder Todeskult?"}]},{"@type":"WebSite","@id":"https:\/\/klauskunze.com\/blog\/#website","url":"https:\/\/klauskunze.com\/blog\/","name":"Klaus Kunze","description":"Blog","publisher":{"@id":"https:\/\/klauskunze.com\/blog\/#\/schema\/person\/9c091cf30ab68b897db6a517e3c3b11b"},"potentialAction":[{"@type":"SearchAction","target":{"@type":"EntryPoint","urlTemplate":"https:\/\/klauskunze.com\/blog\/?s={search_term_string}"},"query-input":{"@type":"PropertyValueSpecification","valueRequired":true,"valueName":"search_term_string"}}],"inLanguage":"de"},{"@type":["Person","Organization"],"@id":"https:\/\/klauskunze.com\/blog\/#\/schema\/person\/9c091cf30ab68b897db6a517e3c3b11b","name":"Klaus Kunze","image":{"@type":"ImageObject","inLanguage":"de","@id":"https:\/\/secure.gravatar.com\/avatar\/5cd83cadbada9c331a79952fcca177ed3d3be4c7ad3239b9d934bf84adff15dd?s=96&d=blank&r=g","url":"https:\/\/secure.gravatar.com\/avatar\/5cd83cadbada9c331a79952fcca177ed3d3be4c7ad3239b9d934bf84adff15dd?s=96&d=blank&r=g","contentUrl":"https:\/\/secure.gravatar.com\/avatar\/5cd83cadbada9c331a79952fcca177ed3d3be4c7ad3239b9d934bf84adff15dd?s=96&d=blank&r=g","caption":"Klaus Kunze"},"logo":{"@id":"https:\/\/secure.gravatar.com\/avatar\/5cd83cadbada9c331a79952fcca177ed3d3be4c7ad3239b9d934bf84adff15dd?s=96&d=blank&r=g"},"sameAs":["http:\/\/KlausKunze.com","https:\/\/x.com\/https:\/\/twitter.com\/KlausKunze3"]}]}},"post_mailing_queue_ids":[],"_links":{"self":[{"href":"https:\/\/klauskunze.com\/blog\/wp-json\/wp\/v2\/posts\/3640","targetHints":{"allow":["GET"]}}],"collection":[{"href":"https:\/\/klauskunze.com\/blog\/wp-json\/wp\/v2\/posts"}],"about":[{"href":"https:\/\/klauskunze.com\/blog\/wp-json\/wp\/v2\/types\/post"}],"author":[{"embeddable":true,"href":"https:\/\/klauskunze.com\/blog\/wp-json\/wp\/v2\/users\/1"}],"replies":[{"embeddable":true,"href":"https:\/\/klauskunze.com\/blog\/wp-json\/wp\/v2\/comments?post=3640"}],"version-history":[{"count":17,"href":"https:\/\/klauskunze.com\/blog\/wp-json\/wp\/v2\/posts\/3640\/revisions"}],"predecessor-version":[{"id":3662,"href":"https:\/\/klauskunze.com\/blog\/wp-json\/wp\/v2\/posts\/3640\/revisions\/3662"}],"wp:featuredmedia":[{"embeddable":true,"href":"https:\/\/klauskunze.com\/blog\/wp-json\/wp\/v2\/media\/3652"}],"wp:attachment":[{"href":"https:\/\/klauskunze.com\/blog\/wp-json\/wp\/v2\/media?parent=3640"}],"wp:term":[{"taxonomy":"category","embeddable":true,"href":"https:\/\/klauskunze.com\/blog\/wp-json\/wp\/v2\/categories?post=3640"},{"taxonomy":"post_tag","embeddable":true,"href":"https:\/\/klauskunze.com\/blog\/wp-json\/wp\/v2\/tags?post=3640"}],"curies":[{"name":"wp","href":"https:\/\/api.w.org\/{rel}","templated":true}]}}