{"id":3663,"date":"2021-05-08T21:21:26","date_gmt":"2021-05-08T19:21:26","guid":{"rendered":"http:\/\/klauskunze.com\/blog\/?p=3663"},"modified":"2021-05-10T14:32:28","modified_gmt":"2021-05-10T12:32:28","slug":"das-ist-und-bleibt-der-denunziant","status":"publish","type":"post","link":"https:\/\/klauskunze.com\/blog\/2021\/05\/08\/das-ist-und-bleibt-der-denunziant\/","title":{"rendered":"\u2026 das ist und bleibt der Denunziant!"},"content":{"rendered":"\n<h4 class=\"wp-block-heading\">Wie uns unser Staat zu Denunzianten macht und wer seinen Spa\u00df dabei hat<\/h4>\n\n\n\n<p>Mit dem Denunzianten hat es der deutsche Volksmund noch nie gut gemeint. Schon in meiner Kindergartenzeit mu\u00dfte sich eine kleine Petze anh\u00f6ren:<\/p>\n\n\n\n<blockquote class=\"wp-block-quote is-layout-flow wp-block-quote-is-layout-flow\"><p>Petze, petze ging in\u2018 Laden,<br>wollt\u2018 f\u00fcrn Groschen Petze haben.<br>Petze, Petze gibt es nicht.<br>Petze, Petze \u00e4rger dich!<\/p><\/blockquote>\n\n\n\n<p>Wer h\u00e4misch grinsend dabei steht, wenn der Verpetzte seine Strafe erleidet, macht sich bleibend unbeliebt. Zuweilen liebt die Obrigkeit zwar den Verrat, aber nie den Verr\u00e4ter. Die alten Athener nannten solche Leute Sykophanten: Sie \u201ekonnten sich eine Eigenheit des attischen Rechtswesens zu Nutze machen, wonach die von einem Verurteilten zu zahlende Geldstrafe nicht an den Staat oder eine gemeinn\u00fctzige Organisation zu zahlen war, sondern an den Ankl\u00e4ger, und klageberechtigt war jeder freie B\u00fcrger. <\/p>\n\n\n\n<p>So konnten die Sykophanten gewerbsm\u00e4\u00dfig andere B\u00fcrger anklagen, sobald sie daf\u00fcr einen geeigneten Vorwand fanden, und sich an deren Verm\u00f6gen bereichern,\u201c schreibt <a href=\"https:\/\/de.wikipedia.org\/wiki\/Sykophant\">Wikipedia<\/a> und erg\u00e4nzt: \u201e404 v. Chr. wurden unter der Herrschaft der Drei\u00dfig mehrere sogenannte Sykophanten hingerichtet. Nach der Wiederherstellung der Demokratie bl\u00fchte jedoch auch das Sykophantenwesen erneut auf. Im Englischen steht <em>sycophant<\/em> heute f\u00fcr \u201eKriecher\u201c, \u201eSpeichellecker\u201c, \u201eSchleimer\u201c.\u201c<\/p>\n\n\n\n<p>M\u00f6glicherweise tobt der innergesellschaftliche Konkurrenzkampf in einer Demokratie wie der athenischen erbitterter als in anderen Staatsformen, in denen die Machtfrage feststeht. Einen politischen Konkurrenten kann man vielleicht ausschalten, indem man ihn mit einem beliebigen Vorwurf anschw\u00e4rzt. Denunzieren kann man auch einen pers\u00f6nlichen Feind aus purer Rachsucht, um ihm zu schaden. Voraussetzung jeden Denunzierens ist aber immer eine strenge Obrigkeit, die vieles verbietet.<\/p>\n\n\n\n<p>Unsere politische Linke w\u00fcnscht sich erkennbar einen Obrigkeitsstaat, der uns immer weiter in unseren Freiheiten einschr\u00e4nkt und mit harter Hand vorgeht. Die Straf- und Verbotstatbest\u00e4nde vermehren sich wie die Kaninchen, und mit ihnen erh\u00f6hen sich die Strafma\u00dfe und Bu\u00dfgelddrohungen. Die Wunschliste der Linken ist noch lang, aber nat\u00fcrlich alles zu unserem Besten und zur Rettung der Welt.<\/p>\n\n\n\n<p>F\u00fcr Corona-Denunzianten sind paradiesische Zeiten angebrochen. Hatte da ein Nachbar einen Gast zuviel eingeladen? Versteckt hinter der Gardine lauernd findet man das bald heraus. Haben etwa Kollegen nach der Arbeit zusammen gegrillt? Nieder mit ihnen! Was t\u00e4te unsere arme Polizei nur ohne Tausende ziviler Hilfspolizisten?<\/p>\n\n\n\n<h2 class=\"wp-block-heading\">Wie es praktisch so abl\u00e4uft beim Denunzieren<\/h2>\n\n\n\n<p>Sie kann schlie\u00dflich nicht \u00fcberall zugleich sein. Am 23. November 2019 begleiteten allerdings dutzende Polizisten in Hannover eine Demonstration \u201eSchlu\u00df mit steuerfinanzierter Hetze\u201c gegen &#8222;GEZ und Zwangsb\u00fchren.&#8220; Die Versammlungsbeh\u00f6rde und die Polizisten fanden an den Transparenten nichts auszusetzen. Ein arbeitsloses Mitglied eines Magdeburger SPD-Ortsvereins namens Enrico K.<a href=\"#_ftn1\">[1]<\/a> erstattete aber am 24.11.2019 Strafanzeige gegen den Polizeivizepr\u00e4sidenten J\u00f6rg M\u00fcller wegen Strafvereitelung im Amte. Auf einem Transparent n\u00e4mlich war einer der &#8211; aus Sicht der Demonstranten &#8211; Fernseh-\u201eHetzer\u201c mit seiner baumelnden Kamera um den Hals abgebildet, aber rot durchgestrichen wie bei einem Verbotsschild. Das, schrieb Enrico K. emp\u00f6rt, sei doch nach <a href=\"https:\/\/www.gesetze-im-internet.de\/kunsturhg\/__22.html\">\u00a7\u00a7 22, <\/a><a href=\"https:\/\/www.gesetze-im-internet.de\/kunsturhg\/__23.html\">23 KUG<\/a> ein Versto\u00df gegen das Recht am eigenen Bilde.<\/p>\n\n\n\n<p>Die Polizei war verbl\u00fcfft. Auf Twitter hatte die Polizei Hannover am 23.11.2019 noch geschrieben: <\/p>\n\n\n\n<div class=\"wp-block-image\"><figure class=\"aligncenter size-large is-resized\"><img loading=\"lazy\" decoding=\"async\" src=\"http:\/\/klauskunze.com\/blog\/wp-content\/uploads\/2021\/05\/008a-1.jpg\" alt=\"\" class=\"wp-image-3672\" width=\"442\" height=\"214\" srcset=\"https:\/\/klauskunze.com\/blog\/wp-content\/uploads\/2021\/05\/008a-1.jpg 589w, https:\/\/klauskunze.com\/blog\/wp-content\/uploads\/2021\/05\/008a-1-300x145.jpg 300w\" sizes=\"auto, (max-width: 442px) 100vw, 442px\" \/><\/figure><\/div>\n\n\n\n<p>Auch die Staatsanwaltschaft war verbl\u00fcfft. Sie beeilte sich, das Verfahren gegen den Polizeibeamten einzustellen, aber eines zu er\u00f6ffnen gegen Teilnehmer der Demo, die das Transparent getragen hatten. Auch der Abgebildete war verbl\u00fcfft, stellte aber auf einen polizeilichen Hinweis bereitwillig Strafantrag. Die Angeklagten waren verbl\u00fcfft, denn ihr Partei-Anwalt hatte die Transparente f\u00fcr erlaubt erkl\u00e4rt. Schlie\u00dflich war selbst der Amtsrichter verbl\u00fcfft: \u00fcber die juristischen Fehlleistungen der 2019 beteiligten Beh\u00f6rden und Juristen. Er befand am 6.5.2021 f\u00fcr Recht: Das Bildnis dessen, der selbst seit Jahren Rechte fotografiert, h\u00e4tte nicht gezeigt werden d\u00fcrfen. Da freute sich die <em><a href=\"https:\/\/taz.de\/Hetz-Banner-auf-NPD-Demo-war-illegal\/!5765618\/\">taz<\/a><\/em>.<\/p>\n\n\n\n<h2 class=\"wp-block-heading\">\u2026 lacht sich ins F\u00e4ustchen<\/h2>\n\n\n\n<p>Ins F\u00e4ustchen lachen sich alle, die jenen Hannoveraner Demonstranten und ihrer Partei von Herzen abgeneigt sind. Anders als bei den Athener Sykophanten der Antike besteht der Nutzen politischer Denunziation nur darin, dem Gegner zu schaden und ihn m\u00f6glichst mundtot zu machen. Da kommt die Obrigkeit gerade recht.<\/p>\n\n\n\n<p>Sie hat mit dem Netzwerkdurchsetzungsgesetz eine Regelung erlassen, die zur permanenten Aufforderung zum Denunzieren einl\u00e4dt und die Internet-Plattformen sogar zwingt. So hei\u00dft es jetzt auf Twitter pflichtgem\u00e4\u00df:<\/p>\n\n\n\n<div class=\"wp-block-image\"><figure class=\"aligncenter size-large is-resized\"><img loading=\"lazy\" decoding=\"async\" src=\"http:\/\/klauskunze.com\/blog\/wp-content\/uploads\/2021\/05\/Zuschneiden_6.jpg\" alt=\"\" class=\"wp-image-3669\" width=\"420\" height=\"359\" srcset=\"https:\/\/klauskunze.com\/blog\/wp-content\/uploads\/2021\/05\/Zuschneiden_6.jpg 560w, https:\/\/klauskunze.com\/blog\/wp-content\/uploads\/2021\/05\/Zuschneiden_6-300x257.jpg 300w\" sizes=\"auto, (max-width: 420px) 100vw, 420px\" \/><\/figure><\/div>\n\n\n\n<p>Denunzieren ist heute eine staatliche erw\u00fcnschte T\u00e4tigkeit. Der r\u00f6mische Kaiser <a href=\"https:\/\/de.wikipedia.org\/wiki\/Titus\">Titus <\/a>(39-81 n.Chr.) hatte das ganz anders gesehen. Sein Biograph <a href=\"https:\/\/de.wikipedia.org\/wiki\/Sueton\">Sueton <\/a>(70 &#8211; > 122 n. Chr.) schrieb \u00fcber ihn:<\/p>\n\n\n\n<blockquote class=\"wp-block-quote is-layout-flow wp-block-quote-is-layout-flow\"><p>Ein wahres Ungl\u00fcck f\u00fcr die Zeit waren auch die Denunzianten und ihre Anstifter, die seit langem ihr Unwesen frech getrieben hatten. Diese lie\u00df er regelm\u00e4\u00dfig auf dem Forum mit Peitschenhieben und Stockschl\u00e4gen z\u00fcchtigen, dann durch die Arena des Amphitheaters f\u00fchren und zuletzt als Sklaven versteigern.<a href=\"#_ftn2\">[2]<\/a><\/p><cite>Sueton, C\u00e4sarenleben, Titus, 8.<\/cite><\/blockquote>\n\n\n\n<p>Denunzianten hie\u00dfen auf Lateinisch <em>delatores<\/em>.<em> \u201e<\/em>Ein Delator (lateinisch eigentlich \u201e\u00dcberbringer, Anzeiger\u201c) war vorzugsweise in der r\u00f6mischen Kaiserzeit des r\u00f6mischen Reiches ein berufsm\u00e4\u00dfiger Denunziant, der ein Gewerbe daraus machte, um sich die Gunst der Kaiser und sich selbst pers\u00f6nliche Vorteile zu verschaffen.\u201c (<a href=\"https:\/\/de.wikipedia.org\/wiki\/Delator\">Wikipedia<\/a>)<\/p>\n\n\n\n<p>Nach antiker Ansicht zeugte Denunziantentum von niedrigster Gesinnung und galt als abscheuliche Charakterschw\u00e4che. Um diese gar nicht erst zu ermuntern, wuchsen meine Kinder mit der Mahnung auf: \u201eWenn eins das andere bei mir verpetzt, droht beiden die gleiche Strafe: dem Verpetzten f\u00fcr die Missetat und der Petze f\u00fcrs Petzen!\u201c So trugen die M\u00e4dchen denn ihre kleinen Zickenkriege untereinander aus, ohne zu Denunzianten zu werden. Gefragt sind Anstand und geschwisterliche Solidarit\u00e4t.<\/p>\n\n\n\n<h2 class=\"wp-block-heading\">Die politische Denunziaton<\/h2>\n\n\n\n<p>Es gibt psychisch auff\u00e4llige Menschen, die alles und jeden denunzieren. Andere denunzieren Menschen ihrer Umgebung aus pers\u00f6nlichem Ha\u00df oder Rachsucht. Den bedeutendsten Anteil haben aber heute politische Denunziationen. Wenn die Obrigkeit um ihre Macht f\u00fcrchtet und die Untertanen streng bevormundet, bl\u00fchen Denunzianten auf. Was w\u00e4ren Ketzerprozesse und Hexenverfolgungen gewesen ohne flei\u00dfige Denunzianten? Auch Heinrich Heine hatte unter ihnen gelitten:<\/p>\n\n\n\n<blockquote class=\"wp-block-quote is-layout-flow wp-block-quote-is-layout-flow\"><p>Dieselbe R\u00fccksicht verhindert mich, mit klaren Worten das Gespinst von Verleumdungen zu beleuchten, womit es einer in den Annalen der deutschen Literatur unerh\u00f6rten Angeberei<a href=\"#_ftn3\">[3]<\/a> gelungen ist, meine Meinungen als staatsgef\u00e4hrlich zu denunzieren und das erw\u00e4hnte Interdikt<a href=\"#_ftn4\">[4]<\/a> gegen mich zu erlassen. Wie und in welcher Weise dieses geschehen, ist notorisch, auch in der Denunziant, der literarische Mouchard<a href=\"#_ftn5\">[5]<\/a>, schon l\u00e4ngst der \u00f6ffentlichen Verachung verfallen.<\/p><cite><a href=\"https:\/\/www.google.de\/books\/edition\/Ueber_den_Denunzianten\/UpNXAAAAcAAJ?hl=de&amp;gbpv=1&amp;dq=denunziant+dante+h%C3%B6lle&amp;pg=RA1-PA220&amp;printsec=frontcover\">Heinrich Heine, Ueber den Denunzianten, Hamburg 1837, S.9 f.<\/a><\/cite><\/blockquote>\n\n\n\n<p>Viele kleiner Lichter und Feuilleton-Matadore haben sich die Denunziation politisch inkorrekter Personen des \u00f6ffentliche Lebens zum Hobby gemacht. Wer aus dem ideologischen Hauptstrom ausschert, bekommt als ersten Judasku\u00df das Etikett \u201eumstritten\u201c aufgeklebt, das ihn zum Abschu\u00df freigibt. Er \u201ebereitet\u201c schlie\u00dflich unheilbringenden M\u00e4chten \u201eden Weg\u201c, und so ist er schnell f\u00fcr einen Buchverlag oder einen Fernsehsender \u201enicht mehr tragbar.&#8220;<\/p>\n\n\n\n<p>Als die miesesten Typen galten in der Geschichte nicht die Tyrannen,<\/p>\n\n\n\n<blockquote class=\"wp-block-quote is-layout-flow wp-block-quote-is-layout-flow\"><p>sondern die Verr\u00e4ter. Die Denunzianten, Anschw\u00e4rzer, Verleumder, Aushorcher, Zutr\u00e4ger, Petzen: Brutus, Gaius Crassus und Judas. Folgt man Dante in der G\u00f6ttlichen Kom\u00f6die so gibt es in der tiefsten H\u00f6lle einen eigenen Bereich, die Judecca, in welcher der Teufel diese drei Erzverr\u00e4ter in seinen drei M\u00e4ulern zermalmt.<\/p><cite><a href=\"http:\/\/www.imdialog.org\/bp2019\/03\/judas.pdf\">Thorsten Latzel, Bruder Judas, Evangelischer Arbeitskreis f\u00fcr das christlich-j\u00fcdische Gespr\u00e4ch in Hessen und Nassau, Christen und Juden, S.6<\/a><\/cite><\/blockquote>\n\n\n\n<p>Dante zufolge finden sie ihre Strafe im achten Kreis der H\u00f6lle.<\/p>\n\n\n\n<figure class=\"wp-block-image alignwide size-large\"><img loading=\"lazy\" decoding=\"async\" width=\"1024\" height=\"670\" src=\"http:\/\/klauskunze.com\/blog\/wp-content\/uploads\/2021\/05\/8th-Circle-of-Hell.jpg\" alt=\"\" class=\"wp-image-3667\" srcset=\"https:\/\/klauskunze.com\/blog\/wp-content\/uploads\/2021\/05\/8th-Circle-of-Hell.jpg 1024w, https:\/\/klauskunze.com\/blog\/wp-content\/uploads\/2021\/05\/8th-Circle-of-Hell-300x196.jpg 300w, https:\/\/klauskunze.com\/blog\/wp-content\/uploads\/2021\/05\/8th-Circle-of-Hell-768x503.jpg 768w, https:\/\/klauskunze.com\/blog\/wp-content\/uploads\/2021\/05\/8th-Circle-of-Hell-900x589.jpg 900w\" sizes=\"auto, (max-width: 1024px) 100vw, 1024px\" \/><figcaption>Sandro Botticelli &#8211; Inferno, Canto XVIII &#8211; gemeinfrei, Wikimedia WGA02854.jpg<\/figcaption><\/figure>\n\n\n\n<h2 class=\"wp-block-heading\">Denunziation als soziales Kontrollinstrument<\/h2>\n\n\n\n<p>Unserem Staat und seinen meist linken Denunzianten geht es aber nicht um einen guten oder fiesen Charakter, sondern um die Errichtung und Aus\u00fcbung von Macht.<\/p>\n\n\n\n<blockquote class=\"wp-block-quote is-layout-flow wp-block-quote-is-layout-flow\"><p>Bereits im Alter von drei Jahren entwickeln Kinder eigene Normen und Werte, halten sich an soziale Regeln und verlangen, dass auch andere dies tun. Verhalten sich ihre Mitmenschen nicht so, wie es ihrer Meinung nach richtig w\u00e4re, schw\u00e4rzen Kinder diese an &#8211; sie petzen.<\/p><cite><a href=\"https:\/\/www.geo.de\/wissen\/19290-rtkl-psychologie-studie-klaert-auf-warum-und-wann-kinder-petzen\">Geo Wissen, Warum Kinder petzen<\/a><\/cite><\/blockquote>\n\n\n\n<p>Der Aufkl\u00e4rer <a href=\"https:\/\/de.wikipedia.org\/wiki\/Voltaire\">Voltaire <\/a>(1694-1778) machte in Anwesenheit eines Polizeispitzels h\u00f6chst beleidigende Kommentare \u00fcber die Herzogin von Berry. Das lie\u00df ihm der absolutistische Staat nicht durchgehen. Voltaire verbrachte 1717 elf Monate in der Bastille. Nachdem der Gesellschaftskritiker <a href=\"https:\/\/de.wikipedia.org\/wiki\/Christian_Friedrich_Daniel_Schubart\">Christian Friedrich Daniel Schubart<\/a> (1739-1791) die M\u00e4tresse des Herzogs Carl Eugen, <a href=\"https:\/\/de.wikipedia.org\/wiki\/Franziska_von_Hohenheim\">Franziska von Hohenheim<\/a>, als &#8222;Lichtputze, die glimmt und stinkt\u201c verspottet hatte, bediente man sich ebenfalls eines Spitzels. Dieser lockte ihn nach Blaubeuren, wo er auf w\u00fcrttembergischem Territorium verhaftet werden konnte und zehn Jahre eingekerkert auf der Festung Hohenasperg verbrachte.<\/p>\n\n\n\n<p>Damals wandte sich die Kontrolle der Obrigkeit gegen Kritik an der Adelsherrschaft. Immer geht es um Macht, zum Beispiel aktuell um innerparteiliche Macht bei den Gr\u00fcnen. Wer sich der Kontrolle als verbaler Abweichler entzieht, wird sofort denunziert. Aktuell trifft es den T\u00fcbinger Oberb\u00fcrgermeister Boris Palmer:<\/p>\n\n\n\n<blockquote class=\"wp-block-quote is-layout-flow wp-block-quote-is-layout-flow\"><p>Ich wehre mich gegen Ausgrenzung und Denunziation\u201c, sagte Palmer. \u201eTeile der politischen F\u00fchrung der Partei haben sich der linken Identit\u00e4tspolitik verschrieben.\u201c <\/p><cite><a href=\"https:\/\/www.tagesspiegel.de\/politik\/palmer-raeumt-fehler-ein-und-tritt-nach-waere-wohl-gescheiter-gewesen-es-gar-nicht-zu-posten\/27175656.html\">Der Tagesspiegel 10.5.2021.<\/a><\/cite><\/blockquote>\n\n\n\n<p>Die Denunziation ist die Methode der sozialen Kontrolle schlechthin, um<\/p>\n\n\n\n<blockquote class=\"wp-block-quote is-layout-flow wp-block-quote-is-layout-flow\"><p>Normen durchzusetzen, und das sei positives Handeln f\u00fcr das Zusammenleben in Gruppen.<\/p><cite><a href=\"https:\/\/www.geo.de\/wissen\/19290-rtkl-psychologie-studie-klaert-auf-warum-und-wann-kinder-petzen\">Geo Wissen, Warum Kinder petzen<\/a><\/cite><\/blockquote>\n\n\n\n<p>Das Magazin Geo findet das offenbar grunds\u00e4tzlich positiv. Staatliche und soziale Kontrolle sind aber immer kritisch hinterfragungsbed\u00fcrftig. M\u00fcndige Demokraten sind keine Kindergartenkinder. Die typischen Internet-Denunzianten aber benehmen sich wie Kleinkinder. F\u00fcr sie gilt:<\/p>\n\n\n\n<blockquote class=\"wp-block-quote is-layout-flow wp-block-quote-is-layout-flow\"><p>\u00dcberhaupt ist Petzen oft ein Ausdruck von Hilflosigkeit. Kinder, die bei Gleichaltrigen wenig Anerkennung finden, versuchen nicht selten, sich auf diese Weise bei Eltern, Lehrern oder Erzieherinnen beliebt zu machen. Sie geraten dabei in einen Teufelskreis, denn ihr Verhalten dr\u00e4ngt sie noch weiter ins Abseits. Solche Kinder sollten zwar erfahren, dass Petzen nicht erw\u00fcnscht ist; man sollte ihnen aber auch dabei helfen, Freunde zu finden. Wenn Sie aus dem Kinderzimmer h\u00e4ufig S\u00e4tze wie &#8222;La\u00df das, oder ich sag&#8217;s Mama!&#8220; h\u00f6ren, k\u00f6nnte das darauf hinweisen, dass Sie sich zu sehr in die Streitigkeiten Ihrer Kinder einmischen. Auch wenn es manchmal schwer f\u00e4llt: Spielen Sie nicht vorschnell den Schiedsrichter! Hindern Sie ihre Kinder nicht daran, selbst L\u00f6sungen zu finden. So st\u00e4rken Sie ihr Selbstvertrauen &#8211; eine gute Voraussetzung gegen h\u00e4ufiges Petzen.<\/p><cite><a href=\"https:\/\/www.herder.de\/kizz\/kinderentwicklung-erziehung\/erziehungsprobleme\/petzen-oder-die-wahrheit-sagen-ich-bin-keine-petze\/\">Sebastian Br\u00f6der, \u201eIch bin keine Petze\u201c, kizz 9.10.2014<\/a><\/cite><\/blockquote>\n\n\n\n<p>Unsere Regierungsparteien haben Denunzianten mit ihren Verbotsorgien und dem Netzwerkdurchsetzungsgesetz ein Eldorado geschaffen. In ihm d\u00fcrfen sich arbeitslose Inhaber hoher Zeitbudgets von fr\u00fch bis sp\u00e4t austoben. Ideologische Blockwarte extremer Gruppierungen rufen nach dem Staat als B\u00fcttel, obwohl sie ihn sonst hassen. Pickelige Halbstarke lassen von ihrem Computerspiel und m\u00f6chten wenigstens auf Facebook etwas zu melden haben. <\/p>\n\n\n\n<div class=\"wp-block-image\"><figure class=\"aligncenter size-large is-resized\"><img loading=\"lazy\" decoding=\"async\" src=\"http:\/\/klauskunze.com\/blog\/wp-content\/uploads\/2021\/05\/Zuschneiden_7.jpg\" alt=\"\" class=\"wp-image-3665\" width=\"273\" height=\"276\" srcset=\"https:\/\/klauskunze.com\/blog\/wp-content\/uploads\/2021\/05\/Zuschneiden_7.jpg 545w, https:\/\/klauskunze.com\/blog\/wp-content\/uploads\/2021\/05\/Zuschneiden_7-297x300.jpg 297w, https:\/\/klauskunze.com\/blog\/wp-content\/uploads\/2021\/05\/Zuschneiden_7-88x88.jpg 88w\" sizes=\"auto, (max-width: 273px) 100vw, 273px\" \/><\/figure><\/div>\n\n\n\n<p>Und alle sind so gl\u00fccklich.<\/p>\n\n\n\n<blockquote class=\"wp-block-quote is-layout-flow wp-block-quote-is-layout-flow\"><p>Sch\u00f6ne neue Welt, die solche B\u00fcrger tr\u00e4gt!<\/p><cite>Aldous Huxley, Sch\u00f6ne neue Welt, 1937<\/cite><\/blockquote>\n\n\n\n<hr class=\"wp-block-separator\"\/>\n\n\n\n<p><a href=\"#_ftnref1\">[1]<\/a> Die bekannten Personalien tun hier nichts zur Sache.<\/p>\n\n\n\n<p><a href=\"#_ftnref2\">[2]<\/a> Inter adversa temporum et delatores mandatoresque erant ex licentia veteri. Hos assidue in foro flagellis ac fustibus caesos ac novissime traductos per amphitheatri arenam, partim subici ac venire imperavit, partim in asperrima insularum avehi.<\/p>\n\n\n\n<p><a href=\"#_ftnref3\">[3]<\/a> Angeber war nach damaligem Sprachgebrauch der Denunziant, nicht etwa der Prahler.<\/p>\n\n\n\n<p><a href=\"#_ftnref4\">[4]<\/a> Verbot<\/p>\n\n\n\n<p><a href=\"#_ftnref5\">[5]<\/a> Verr\u00e4ter<\/p>\n","protected":false},"excerpt":{"rendered":"<p>Wie uns unser Staat zu Denunzianten macht und wer seinen Spa\u00df dabei hat Mit dem Denunzianten hat es der deutsche Volksmund noch nie gut gemeint. Schon in meiner Kindergartenzeit mu\u00dfte sich eine kleine Petze anh\u00f6ren: Petze, petze ging in\u2018 Laden,wollt\u2018 f\u00fcrn Groschen Petze haben.Petze, Petze gibt es nicht.Petze, Petze \u00e4rger dich! Wer h\u00e4misch grinsend dabei [&hellip;]<\/p>\n","protected":false},"author":1,"featured_media":3667,"comment_status":"open","ping_status":"open","sticky":false,"template":"","format":"standard","meta":{"h5ap_radio_sources":[],"twitterCardType":"","cardImageID":0,"cardImage":"","cardTitle":"","cardDesc":"","cardImageAlt":"","cardPlayer":"","cardPlayerWidth":0,"cardPlayerHeight":0,"cardPlayerStream":"","cardPlayerCodec":"","footnotes":""},"categories":[1,13,18,17],"tags":[],"class_list":["post-3663","post","type-post","status-publish","format-standard","has-post-thumbnail","hentry","category-allgemein","category-geschichte","category-juristisches","category-politik"],"yoast_head":"<!-- This site is optimized with the Yoast SEO plugin v27.5 - https:\/\/yoast.com\/product\/yoast-seo-wordpress\/ -->\n<title>\u2026 das ist und bleibt der Denunziant! - Klaus Kunze<\/title>\n<meta name=\"robots\" content=\"index, follow, max-snippet:-1, max-image-preview:large, max-video-preview:-1\" \/>\n<link rel=\"canonical\" href=\"https:\/\/klauskunze.com\/blog\/2021\/05\/08\/das-ist-und-bleibt-der-denunziant\/\" \/>\n<meta property=\"og:locale\" content=\"de_DE\" \/>\n<meta property=\"og:type\" content=\"article\" \/>\n<meta property=\"og:title\" content=\"\u2026 das ist und bleibt der Denunziant! - Klaus Kunze\" \/>\n<meta property=\"og:description\" content=\"Wie uns unser Staat zu Denunzianten macht und wer seinen Spa\u00df dabei hat Mit dem Denunzianten hat es der deutsche Volksmund noch nie gut gemeint. Schon in meiner Kindergartenzeit mu\u00dfte sich eine kleine Petze anh\u00f6ren: Petze, petze ging in\u2018 Laden,wollt\u2018 f\u00fcrn Groschen Petze haben.Petze, Petze gibt es nicht.Petze, Petze \u00e4rger dich! Wer h\u00e4misch grinsend dabei [&hellip;]\" \/>\n<meta property=\"og:url\" content=\"https:\/\/klauskunze.com\/blog\/2021\/05\/08\/das-ist-und-bleibt-der-denunziant\/\" \/>\n<meta property=\"og:site_name\" content=\"Klaus Kunze\" \/>\n<meta property=\"article:published_time\" content=\"2021-05-08T19:21:26+00:00\" \/>\n<meta property=\"article:modified_time\" content=\"2021-05-10T12:32:28+00:00\" \/>\n<meta property=\"og:image\" content=\"https:\/\/klauskunze.com\/blog\/wp-content\/uploads\/2021\/05\/8th-Circle-of-Hell.jpg\" \/>\n\t<meta property=\"og:image:width\" content=\"1024\" \/>\n\t<meta property=\"og:image:height\" content=\"670\" \/>\n\t<meta property=\"og:image:type\" content=\"image\/jpeg\" \/>\n<meta name=\"author\" content=\"Klaus Kunze\" \/>\n<meta name=\"twitter:label1\" content=\"Verfasst von\" \/>\n\t<meta name=\"twitter:data1\" content=\"Klaus Kunze\" \/>\n\t<meta name=\"twitter:label2\" content=\"Gesch\u00e4tzte Lesezeit\" \/>\n\t<meta name=\"twitter:data2\" content=\"9\u00a0Minuten\" \/>\n<script type=\"application\/ld+json\" class=\"yoast-schema-graph\">{\"@context\":\"https:\\\/\\\/schema.org\",\"@graph\":[{\"@type\":\"Article\",\"@id\":\"https:\\\/\\\/klauskunze.com\\\/blog\\\/2021\\\/05\\\/08\\\/das-ist-und-bleibt-der-denunziant\\\/#article\",\"isPartOf\":{\"@id\":\"https:\\\/\\\/klauskunze.com\\\/blog\\\/2021\\\/05\\\/08\\\/das-ist-und-bleibt-der-denunziant\\\/\"},\"author\":{\"name\":\"Klaus Kunze\",\"@id\":\"https:\\\/\\\/klauskunze.com\\\/blog\\\/#\\\/schema\\\/person\\\/9c091cf30ab68b897db6a517e3c3b11b\"},\"headline\":\"\u2026 das ist und bleibt der Denunziant!\",\"datePublished\":\"2021-05-08T19:21:26+00:00\",\"dateModified\":\"2021-05-10T12:32:28+00:00\",\"mainEntityOfPage\":{\"@id\":\"https:\\\/\\\/klauskunze.com\\\/blog\\\/2021\\\/05\\\/08\\\/das-ist-und-bleibt-der-denunziant\\\/\"},\"wordCount\":1821,\"commentCount\":1,\"publisher\":{\"@id\":\"https:\\\/\\\/klauskunze.com\\\/blog\\\/#\\\/schema\\\/person\\\/9c091cf30ab68b897db6a517e3c3b11b\"},\"image\":{\"@id\":\"https:\\\/\\\/klauskunze.com\\\/blog\\\/2021\\\/05\\\/08\\\/das-ist-und-bleibt-der-denunziant\\\/#primaryimage\"},\"thumbnailUrl\":\"https:\\\/\\\/klauskunze.com\\\/blog\\\/wp-content\\\/uploads\\\/2021\\\/05\\\/8th-Circle-of-Hell.jpg\",\"articleSection\":{\"1\":\"Geschichte\",\"2\":\"Juristisches\",\"3\":\"Politik\"},\"inLanguage\":\"de\",\"potentialAction\":[{\"@type\":\"CommentAction\",\"name\":\"Comment\",\"target\":[\"https:\\\/\\\/klauskunze.com\\\/blog\\\/2021\\\/05\\\/08\\\/das-ist-und-bleibt-der-denunziant\\\/#respond\"]}]},{\"@type\":\"WebPage\",\"@id\":\"https:\\\/\\\/klauskunze.com\\\/blog\\\/2021\\\/05\\\/08\\\/das-ist-und-bleibt-der-denunziant\\\/\",\"url\":\"https:\\\/\\\/klauskunze.com\\\/blog\\\/2021\\\/05\\\/08\\\/das-ist-und-bleibt-der-denunziant\\\/\",\"name\":\"\u2026 das ist und bleibt der Denunziant! - Klaus Kunze\",\"isPartOf\":{\"@id\":\"https:\\\/\\\/klauskunze.com\\\/blog\\\/#website\"},\"primaryImageOfPage\":{\"@id\":\"https:\\\/\\\/klauskunze.com\\\/blog\\\/2021\\\/05\\\/08\\\/das-ist-und-bleibt-der-denunziant\\\/#primaryimage\"},\"image\":{\"@id\":\"https:\\\/\\\/klauskunze.com\\\/blog\\\/2021\\\/05\\\/08\\\/das-ist-und-bleibt-der-denunziant\\\/#primaryimage\"},\"thumbnailUrl\":\"https:\\\/\\\/klauskunze.com\\\/blog\\\/wp-content\\\/uploads\\\/2021\\\/05\\\/8th-Circle-of-Hell.jpg\",\"datePublished\":\"2021-05-08T19:21:26+00:00\",\"dateModified\":\"2021-05-10T12:32:28+00:00\",\"breadcrumb\":{\"@id\":\"https:\\\/\\\/klauskunze.com\\\/blog\\\/2021\\\/05\\\/08\\\/das-ist-und-bleibt-der-denunziant\\\/#breadcrumb\"},\"inLanguage\":\"de\",\"potentialAction\":[{\"@type\":\"ReadAction\",\"target\":[\"https:\\\/\\\/klauskunze.com\\\/blog\\\/2021\\\/05\\\/08\\\/das-ist-und-bleibt-der-denunziant\\\/\"]}]},{\"@type\":\"ImageObject\",\"inLanguage\":\"de\",\"@id\":\"https:\\\/\\\/klauskunze.com\\\/blog\\\/2021\\\/05\\\/08\\\/das-ist-und-bleibt-der-denunziant\\\/#primaryimage\",\"url\":\"https:\\\/\\\/klauskunze.com\\\/blog\\\/wp-content\\\/uploads\\\/2021\\\/05\\\/8th-Circle-of-Hell.jpg\",\"contentUrl\":\"https:\\\/\\\/klauskunze.com\\\/blog\\\/wp-content\\\/uploads\\\/2021\\\/05\\\/8th-Circle-of-Hell.jpg\",\"width\":1024,\"height\":670},{\"@type\":\"BreadcrumbList\",\"@id\":\"https:\\\/\\\/klauskunze.com\\\/blog\\\/2021\\\/05\\\/08\\\/das-ist-und-bleibt-der-denunziant\\\/#breadcrumb\",\"itemListElement\":[{\"@type\":\"ListItem\",\"position\":1,\"name\":\"Startseite\",\"item\":\"https:\\\/\\\/klauskunze.com\\\/blog\\\/\"},{\"@type\":\"ListItem\",\"position\":2,\"name\":\"\u2026 das ist und bleibt der Denunziant!\"}]},{\"@type\":\"WebSite\",\"@id\":\"https:\\\/\\\/klauskunze.com\\\/blog\\\/#website\",\"url\":\"https:\\\/\\\/klauskunze.com\\\/blog\\\/\",\"name\":\"Klaus Kunze\",\"description\":\"Blog\",\"publisher\":{\"@id\":\"https:\\\/\\\/klauskunze.com\\\/blog\\\/#\\\/schema\\\/person\\\/9c091cf30ab68b897db6a517e3c3b11b\"},\"potentialAction\":[{\"@type\":\"SearchAction\",\"target\":{\"@type\":\"EntryPoint\",\"urlTemplate\":\"https:\\\/\\\/klauskunze.com\\\/blog\\\/?s={search_term_string}\"},\"query-input\":{\"@type\":\"PropertyValueSpecification\",\"valueRequired\":true,\"valueName\":\"search_term_string\"}}],\"inLanguage\":\"de\"},{\"@type\":[\"Person\",\"Organization\"],\"@id\":\"https:\\\/\\\/klauskunze.com\\\/blog\\\/#\\\/schema\\\/person\\\/9c091cf30ab68b897db6a517e3c3b11b\",\"name\":\"Klaus Kunze\",\"image\":{\"@type\":\"ImageObject\",\"inLanguage\":\"de\",\"@id\":\"https:\\\/\\\/secure.gravatar.com\\\/avatar\\\/5cd83cadbada9c331a79952fcca177ed3d3be4c7ad3239b9d934bf84adff15dd?s=96&d=blank&r=g\",\"url\":\"https:\\\/\\\/secure.gravatar.com\\\/avatar\\\/5cd83cadbada9c331a79952fcca177ed3d3be4c7ad3239b9d934bf84adff15dd?s=96&d=blank&r=g\",\"contentUrl\":\"https:\\\/\\\/secure.gravatar.com\\\/avatar\\\/5cd83cadbada9c331a79952fcca177ed3d3be4c7ad3239b9d934bf84adff15dd?s=96&d=blank&r=g\",\"caption\":\"Klaus Kunze\"},\"logo\":{\"@id\":\"https:\\\/\\\/secure.gravatar.com\\\/avatar\\\/5cd83cadbada9c331a79952fcca177ed3d3be4c7ad3239b9d934bf84adff15dd?s=96&d=blank&r=g\"},\"sameAs\":[\"http:\\\/\\\/KlausKunze.com\",\"https:\\\/\\\/x.com\\\/https:\\\/\\\/twitter.com\\\/KlausKunze3\"]}]}<\/script>\n<!-- \/ Yoast SEO plugin. -->","yoast_head_json":{"title":"\u2026 das ist und bleibt der Denunziant! - Klaus Kunze","robots":{"index":"index","follow":"follow","max-snippet":"max-snippet:-1","max-image-preview":"max-image-preview:large","max-video-preview":"max-video-preview:-1"},"canonical":"https:\/\/klauskunze.com\/blog\/2021\/05\/08\/das-ist-und-bleibt-der-denunziant\/","og_locale":"de_DE","og_type":"article","og_title":"\u2026 das ist und bleibt der Denunziant! - Klaus Kunze","og_description":"Wie uns unser Staat zu Denunzianten macht und wer seinen Spa\u00df dabei hat Mit dem Denunzianten hat es der deutsche Volksmund noch nie gut gemeint. Schon in meiner Kindergartenzeit mu\u00dfte sich eine kleine Petze anh\u00f6ren: Petze, petze ging in\u2018 Laden,wollt\u2018 f\u00fcrn Groschen Petze haben.Petze, Petze gibt es nicht.Petze, Petze \u00e4rger dich! Wer h\u00e4misch grinsend dabei [&hellip;]","og_url":"https:\/\/klauskunze.com\/blog\/2021\/05\/08\/das-ist-und-bleibt-der-denunziant\/","og_site_name":"Klaus Kunze","article_published_time":"2021-05-08T19:21:26+00:00","article_modified_time":"2021-05-10T12:32:28+00:00","og_image":[{"width":1024,"height":670,"url":"https:\/\/klauskunze.com\/blog\/wp-content\/uploads\/2021\/05\/8th-Circle-of-Hell.jpg","type":"image\/jpeg"}],"author":"Klaus Kunze","twitter_misc":{"Verfasst von":"Klaus Kunze","Gesch\u00e4tzte Lesezeit":"9\u00a0Minuten"},"schema":{"@context":"https:\/\/schema.org","@graph":[{"@type":"Article","@id":"https:\/\/klauskunze.com\/blog\/2021\/05\/08\/das-ist-und-bleibt-der-denunziant\/#article","isPartOf":{"@id":"https:\/\/klauskunze.com\/blog\/2021\/05\/08\/das-ist-und-bleibt-der-denunziant\/"},"author":{"name":"Klaus Kunze","@id":"https:\/\/klauskunze.com\/blog\/#\/schema\/person\/9c091cf30ab68b897db6a517e3c3b11b"},"headline":"\u2026 das ist und bleibt der Denunziant!","datePublished":"2021-05-08T19:21:26+00:00","dateModified":"2021-05-10T12:32:28+00:00","mainEntityOfPage":{"@id":"https:\/\/klauskunze.com\/blog\/2021\/05\/08\/das-ist-und-bleibt-der-denunziant\/"},"wordCount":1821,"commentCount":1,"publisher":{"@id":"https:\/\/klauskunze.com\/blog\/#\/schema\/person\/9c091cf30ab68b897db6a517e3c3b11b"},"image":{"@id":"https:\/\/klauskunze.com\/blog\/2021\/05\/08\/das-ist-und-bleibt-der-denunziant\/#primaryimage"},"thumbnailUrl":"https:\/\/klauskunze.com\/blog\/wp-content\/uploads\/2021\/05\/8th-Circle-of-Hell.jpg","articleSection":{"1":"Geschichte","2":"Juristisches","3":"Politik"},"inLanguage":"de","potentialAction":[{"@type":"CommentAction","name":"Comment","target":["https:\/\/klauskunze.com\/blog\/2021\/05\/08\/das-ist-und-bleibt-der-denunziant\/#respond"]}]},{"@type":"WebPage","@id":"https:\/\/klauskunze.com\/blog\/2021\/05\/08\/das-ist-und-bleibt-der-denunziant\/","url":"https:\/\/klauskunze.com\/blog\/2021\/05\/08\/das-ist-und-bleibt-der-denunziant\/","name":"\u2026 das ist und bleibt der Denunziant! - Klaus Kunze","isPartOf":{"@id":"https:\/\/klauskunze.com\/blog\/#website"},"primaryImageOfPage":{"@id":"https:\/\/klauskunze.com\/blog\/2021\/05\/08\/das-ist-und-bleibt-der-denunziant\/#primaryimage"},"image":{"@id":"https:\/\/klauskunze.com\/blog\/2021\/05\/08\/das-ist-und-bleibt-der-denunziant\/#primaryimage"},"thumbnailUrl":"https:\/\/klauskunze.com\/blog\/wp-content\/uploads\/2021\/05\/8th-Circle-of-Hell.jpg","datePublished":"2021-05-08T19:21:26+00:00","dateModified":"2021-05-10T12:32:28+00:00","breadcrumb":{"@id":"https:\/\/klauskunze.com\/blog\/2021\/05\/08\/das-ist-und-bleibt-der-denunziant\/#breadcrumb"},"inLanguage":"de","potentialAction":[{"@type":"ReadAction","target":["https:\/\/klauskunze.com\/blog\/2021\/05\/08\/das-ist-und-bleibt-der-denunziant\/"]}]},{"@type":"ImageObject","inLanguage":"de","@id":"https:\/\/klauskunze.com\/blog\/2021\/05\/08\/das-ist-und-bleibt-der-denunziant\/#primaryimage","url":"https:\/\/klauskunze.com\/blog\/wp-content\/uploads\/2021\/05\/8th-Circle-of-Hell.jpg","contentUrl":"https:\/\/klauskunze.com\/blog\/wp-content\/uploads\/2021\/05\/8th-Circle-of-Hell.jpg","width":1024,"height":670},{"@type":"BreadcrumbList","@id":"https:\/\/klauskunze.com\/blog\/2021\/05\/08\/das-ist-und-bleibt-der-denunziant\/#breadcrumb","itemListElement":[{"@type":"ListItem","position":1,"name":"Startseite","item":"https:\/\/klauskunze.com\/blog\/"},{"@type":"ListItem","position":2,"name":"\u2026 das ist und bleibt der Denunziant!"}]},{"@type":"WebSite","@id":"https:\/\/klauskunze.com\/blog\/#website","url":"https:\/\/klauskunze.com\/blog\/","name":"Klaus Kunze","description":"Blog","publisher":{"@id":"https:\/\/klauskunze.com\/blog\/#\/schema\/person\/9c091cf30ab68b897db6a517e3c3b11b"},"potentialAction":[{"@type":"SearchAction","target":{"@type":"EntryPoint","urlTemplate":"https:\/\/klauskunze.com\/blog\/?s={search_term_string}"},"query-input":{"@type":"PropertyValueSpecification","valueRequired":true,"valueName":"search_term_string"}}],"inLanguage":"de"},{"@type":["Person","Organization"],"@id":"https:\/\/klauskunze.com\/blog\/#\/schema\/person\/9c091cf30ab68b897db6a517e3c3b11b","name":"Klaus Kunze","image":{"@type":"ImageObject","inLanguage":"de","@id":"https:\/\/secure.gravatar.com\/avatar\/5cd83cadbada9c331a79952fcca177ed3d3be4c7ad3239b9d934bf84adff15dd?s=96&d=blank&r=g","url":"https:\/\/secure.gravatar.com\/avatar\/5cd83cadbada9c331a79952fcca177ed3d3be4c7ad3239b9d934bf84adff15dd?s=96&d=blank&r=g","contentUrl":"https:\/\/secure.gravatar.com\/avatar\/5cd83cadbada9c331a79952fcca177ed3d3be4c7ad3239b9d934bf84adff15dd?s=96&d=blank&r=g","caption":"Klaus Kunze"},"logo":{"@id":"https:\/\/secure.gravatar.com\/avatar\/5cd83cadbada9c331a79952fcca177ed3d3be4c7ad3239b9d934bf84adff15dd?s=96&d=blank&r=g"},"sameAs":["http:\/\/KlausKunze.com","https:\/\/x.com\/https:\/\/twitter.com\/KlausKunze3"]}]}},"post_mailing_queue_ids":[],"_links":{"self":[{"href":"https:\/\/klauskunze.com\/blog\/wp-json\/wp\/v2\/posts\/3663","targetHints":{"allow":["GET"]}}],"collection":[{"href":"https:\/\/klauskunze.com\/blog\/wp-json\/wp\/v2\/posts"}],"about":[{"href":"https:\/\/klauskunze.com\/blog\/wp-json\/wp\/v2\/types\/post"}],"author":[{"embeddable":true,"href":"https:\/\/klauskunze.com\/blog\/wp-json\/wp\/v2\/users\/1"}],"replies":[{"embeddable":true,"href":"https:\/\/klauskunze.com\/blog\/wp-json\/wp\/v2\/comments?post=3663"}],"version-history":[{"count":14,"href":"https:\/\/klauskunze.com\/blog\/wp-json\/wp\/v2\/posts\/3663\/revisions"}],"predecessor-version":[{"id":3685,"href":"https:\/\/klauskunze.com\/blog\/wp-json\/wp\/v2\/posts\/3663\/revisions\/3685"}],"wp:featuredmedia":[{"embeddable":true,"href":"https:\/\/klauskunze.com\/blog\/wp-json\/wp\/v2\/media\/3667"}],"wp:attachment":[{"href":"https:\/\/klauskunze.com\/blog\/wp-json\/wp\/v2\/media?parent=3663"}],"wp:term":[{"taxonomy":"category","embeddable":true,"href":"https:\/\/klauskunze.com\/blog\/wp-json\/wp\/v2\/categories?post=3663"},{"taxonomy":"post_tag","embeddable":true,"href":"https:\/\/klauskunze.com\/blog\/wp-json\/wp\/v2\/tags?post=3663"}],"curies":[{"name":"wp","href":"https:\/\/api.w.org\/{rel}","templated":true}]}}