{"id":373,"date":"2019-11-02T08:05:53","date_gmt":"2019-11-02T07:05:53","guid":{"rendered":"http:\/\/klauskunze.com\/blog\/?p=373"},"modified":"2019-11-02T08:45:58","modified_gmt":"2019-11-02T07:45:58","slug":"soldaten-und-garnisonen-in-suedwest-niedersachsen-1603-bis-1803","status":"publish","type":"post","link":"https:\/\/klauskunze.com\/blog\/2019\/11\/02\/soldaten-und-garnisonen-in-suedwest-niedersachsen-1603-bis-1803\/","title":{"rendered":"Soldaten und Garnisonen in S\u00fcdwest-Niedersachsen 1603 bis 1803"},"content":{"rendered":"\n<p style=\"text-align:center\">Forschung und Buchprojekt 2017 \/ 2020<br><\/p>\n\n\n\n<ul class=\"wp-block-list\"><li>Vom Landsknechts-F\u00e4hnlein zum stehenden Heer: Personengeschichte der Soldaten und ihren Familien im kurhann\u00f6verschen Raum zwischen Solling, Weser, Werra und Leine im 17. und 18. Jahrhundert &#8211;<\/li><\/ul>\n\n\n\n<p><\/p>\n\n\n\n<p>Zu den Personalien der Offiziere der Armeen des fr\u00fcheren Kurf\u00fcrstentums Braunschweig-L\u00fcneburg, dem nachmaligen K\u00f6nigreich Hannover, gibt alte Literatur ersch\u00f6pfend Auskunft. Die einfachen Soldaten sind dort nicht ber\u00fccksichtigt. Die Ziel dieser Bearbeitung ist es, diese Forschungsl\u00fccke zu f\u00fcllen.<\/p>\n\n\n\n<p><br> Dabei hat es die Forschung nicht entscheidend bef\u00f6rdert, in Arbeitsgruppen f\u00fcr hannoversche Milit\u00e4rgeschichte museale Uniformkn\u00f6pfe zu polieren. Auch milit\u00e4rische Strategie oder tapfer erk\u00e4mpfte Siege motivieren uns nicht.<br> Ein wirkliches Verst\u00e4ndnis, wie es eigentlich gewesen ist, kann nur bei den konkreten, individuellen Menschen ausgehen. Die Kenntnis ihrer Lebensumst\u00e4nde setzt die Kenntnis ihrer Person aber voraus, also steht Personengeschichtsforschung am Anfang aller Milit\u00e4rgeschichte und ist nicht nur deren Anh\u00e4ngsel.<br> Wenn in \u00fcber 300 Jahre alten Archivalien von einer Soldatenwitwe zu lesen ist, deren Mann in Morea geblieben ist und die mit ihren Kindern bettelt, l\u00f6st das Emotionen und l\u00f6sen diese Gef\u00fchle Fragen aus. Eine 52j\u00e4hrige &#8222;Botenfrau Sophia Jatho, welche von Dransfeld nach M\u00fcnden gelaufen ist, den Invaliden das Monatsgeld zu holen, und die 1773 bei starkem Schnee gefallen und erfroren ist&#8220; geh\u00f6rt zu unserem Thema genauso wie der ber\u00fchmte Generalfeldmarschall.<br> Dieses Buch m\u00f6chte Fakten sammeln, die solche Fragestellungen einer Antwort n\u00e4her bringen. Darum ist der Ansatz des Buches ein sozialwissenschaftlicher, ohne dabei den Anspruch zu erheben, mehr als Fakten f\u00fcr komplexere Antworten sammeln zu k\u00f6nnen.<\/p>\n\n\n\n<div class=\"wp-block-image\"><figure class=\"alignright\"><img decoding=\"async\" src=\"http:\/\/klauskunze.com\/heikun\/mil\/raspe-drag.jpg\" alt=\"\"\/><figcaption>Hannoverscher Dragoner<br> (aus: Gabriel Nikolaus Raspe 1763)<\/figcaption><\/figure><\/div>\n\n\n\n<p>F\u00fcr Hannover und Hameln gibt es eigene Milit\u00e4rkirchenb\u00fccher, die ausgewertet und publiziert wurden. F\u00fcr die Garnisonen S\u00fcdniedersachsens gibt es dergleichen nicht. Die Milit\u00e4rangeh\u00f6rigen der Region finden wir in den regionalen gemeindlichen Kirchenb\u00fcchern verstreut, schwerpunktm\u00e4\u00dfig in G\u00f6ttingen, Northeim und Hann. M\u00fcnden. F\u00fcr den Raum nord\u00f6stlich von Werra und Weser mit Schwerpunkt M\u00fcnden bis zum Solling und die G\u00f6ttinger Gegend sollen diese Personen dokumentiert werden.<br> Die \u00dcberf\u00fclle der Personendaten erzwingt eine enge geographische Beschr\u00e4nkung. Diese ist nicht immer vertr\u00e4glich mit systematischen Gesichtspunkten, weil Regimenter h\u00e4ufig verlegt wurden. So gibt es immer wieder enge personelle Beziehungen etwa zwischen M\u00fcnden und Einbeck. Einbeck f\u00e4llt allerdings geographisch etwas aus dem Rahmen dieses Projektes. F\u00fcr die G\u00f6ttinger Garnison standen dem Verfasser nur die publizierten Heiratsregister zur Auswertung zur Verf\u00fcgung, nicht aber die Taufb\u00fccher und Sterbeb\u00fccher. Die ganze G\u00f6ttinger Garnison hier einzubeziehen, h\u00e4tte auch den quantitativen Rahmen eines Buches gesprengt. G\u00f6ttinger, Einbecker und andere Daten aus Garnisonen au\u00dferhalb des geographischen Forschungsraumes dieses Werkes werden hier darum nur dokumentiert, wenn ein personeller Bezug besteht.<br>Zeitlich ist das Forschungsinteresse hier begrenzt durch die Endphase des 30j\u00e4hrigen Krieges etwa um 1640 und dem Jahre 1803, als die Armee durch infolge der napoleonischen Eroberung ausgel\u00f6st wurde. 1644 setzt in M\u00fcnden nach der Zerst\u00f6rung der Stadt durch Tilly die Kirchenbuch\u00fcberlieferung wieder ein. Die Eingrenzung war auch notwendig, weil eine Einbeziehung sp\u00e4terer Jahre den quantitativen Rahmen gesprengt h\u00e4tte.<br> Nicht erfa\u00dft werden die M\u00fcndener \u201eStadtknechte\u201c, also die nicht zur Armee z\u00e4hlenden Stadtsoldaten, erstmals 1706 im Kirchenbuch als Miliz bezeichnet.<br> Das Buch schreibt keine Regimentsgeschichte(n). Ohne Kenntnis der Regimentschefs und ihrer Lebensdaten ist es aber nicht m\u00f6glich, einen Soldaten hier einem bestimmten Regiment zuzuordnen. Darum finden sich bei jedem Regiment notwenigerweise Angaben zu hren Chefs und Standorten.<br> Das Buch stellt auch nicht vollst\u00e4ndig die kurhannoverschen Stabsoffiziere der Epoche dar. Entsprechende Werke gibt es n\u00e4mlich bereits. Die Regimentschefs und anderen Offiziere werden hier immer nur soweit n\u00e4her dargestellt, wie es der regionale Themenbezug erforderte.<br> Archivalische \u00dcberlieferung ist Vorbedingung aller Forschung. Im ersten \u201eQuartal\u201c unseres Untersuchungszeitraums, 1600-1650, ist sie verzweifelt d\u00fcnn, weil die Kriegsereignisse des drei\u00dfigj\u00e4hrigen Krieges oft nur Asche \u00fcbrig gelassen haben. So geht es uns in dieser Periode wie beim Blick in einen wolkenverhangenen Nachthimmel: Wir wissen, da\u00df \u00fcber den Wolken unz\u00e4hlige Informations-Sternlein leuchten, aber nur gelegentlich rei\u00dft die Wolkendecke auf und zeigt uns die eine oder andere Person.<br> Die archivalische \u00dcberlieferung durch Kirchenb\u00fccher ist auch von Ort zu Ort unterschiedlich. Vielfach setzen die Kirchenb\u00fccher nach dem Krieg erst in der 2. H\u00e4lfte des 17. Jahrhunderts wieder ein.<br>In Dransfeld hat ein Stadtbrand alles aus der Zeit vor 1749 vernichtet. Die Moringer Kirchenb\u00fccher des Untersuchungszeitraums liegen vernichtet in einem 1945 gesprengten Schacht in Volpriehausen.<\/p>\n\n\n\n<p>Alle sich aus den Quellen ergebenden Angaben zur Zugeh\u00f6rigkeit zu konkreten Truppenteilen sind hier dokumentiert. Im \u00fcbrigen wurden Soldaten ohne diesbez\u00fcgliche Angaben denjenigen Regimentern zugeordnet, zu denen sie ausweislich des Ortes und Jahres ihres Auftretens mutma\u00dflich geh\u00f6rten. In M\u00fcnden finden sich \u00fcberwiegend keine konkreten Angaben zu Regimentern und Companien. Es ist aber weitgehend gekl\u00e4rt, welches Regiment in einem jeweiligen Jahr hier stationiert war.<\/p>\n\n\n\n<div class=\"wp-block-image\"><figure class=\"alignleft\"><img decoding=\"async\" src=\"http:\/\/klauskunze.com\/heikun\/mil\/aegidii.jpg\" alt=\"\"\/><figcaption> Die \u00c4gidienkirche in Hann.M\u00fcnden war seit 1733 Garnisonkirche. Ihre Kirchenb\u00fccher sind eine Hauptquelle dieses Buchprojekts.   <\/figcaption><\/figure><\/div>\n\n\n\n<p> Die Kirchenbuchdaten aus Hann.M\u00fcnden wurden bis Juli 2018 vollst\u00e4ndig eingearbeitet. Derzeit werden (\u00fcber die im <a href=\"http:\/\/klauskunze.com\/heikun\/uslar\/osbuslar.htm\">OSB Uslar<\/a> publizierten Daten hinaus) die Uslarer Kirchenb\u00fccher bearbeitet, wo seit Ende des 17. Jahrhunderts eine Kompanie des jeweiligen M\u00fcndener Regiments stand.<br> In der Entstehungsphase der m\u00f6glichen Publikation bittet der Verfasser um Unterst\u00fctzung und Mitwirkung. Gesucht werden Personalangaben zu Milit\u00e4rangeh\u00f6rigen aus dem zu bearbeitenden Zeitraum. Der entscheidende, die Forschung limitierende Faktor ist immer der Zugang zu Prim\u00e4rquellen. <\/p>\n\n\n\n<div class=\"wp-block-image\"><figure class=\"alignright\"><img loading=\"lazy\" decoding=\"async\" width=\"715\" height=\"1024\" src=\"http:\/\/klauskunze.com\/blog\/wp-content\/uploads\/2019\/11\/004-715x1024.jpg\" alt=\"\" class=\"wp-image-382\" srcset=\"https:\/\/klauskunze.com\/blog\/wp-content\/uploads\/2019\/11\/004-715x1024.jpg 715w, https:\/\/klauskunze.com\/blog\/wp-content\/uploads\/2019\/11\/004-209x300.jpg 209w, https:\/\/klauskunze.com\/blog\/wp-content\/uploads\/2019\/11\/004-768x1100.jpg 768w, https:\/\/klauskunze.com\/blog\/wp-content\/uploads\/2019\/11\/004-900x1289.jpg 900w, https:\/\/klauskunze.com\/blog\/wp-content\/uploads\/2019\/11\/004-1280x1833.jpg 1280w\" sizes=\"auto, (max-width: 715px) 100vw, 715px\" \/><figcaption>Stammrolle des Inf.-Rgt.1A (Hann.M\u00fcnden) 1793-1803<\/figcaption><\/figure><\/div>\n\n\n\n<p>Einem berufst\u00e4tigen Autor ist der werkt\u00e4gliche Weg etwa zum Staatsarchiv Hannover oder dem G\u00f6ttinger Kirchenbuchamt aus naheliegenden Gr\u00fcnden ungangbar.<br> Dieses Projekt bedarf darum der Unterst\u00fctzung vor allem, indem dem Verfasser auf Datentr\u00e4ger oder Microfiche Archivunterlagen zug\u00e4nglich gemacht werden. Hier stehen vor allem etwaige Unterlagen aus dem Staatsarchiv \u00fcber Personalbest\u00e4nde der alten hannoverschen Armee oben auf der Wunschliste. <\/p>\n\n\n\n<p>Seitenvorschau  (<a href=\"http:\/\/klauskunze.com\/heikun\/mil\/b02.htm\">anklicken<\/a>)<br>\n                    Stand 7.3.2019\n<\/p>\n\n\n\n<figure class=\"wp-block-image\"><a href=\"http:\/\/klauskunze.com\/heikun\/mil\/b02.htm\"><img decoding=\"async\" src=\"http:\/\/klauskunze.com\/heikun\/mil\/b01.jpg\" alt=\"\"\/><\/a><figcaption> Die Beispielseiten zeigen anhand des Bearbeitungsstandes 7.3.2019, wie das Werk aufgebaut ist und aussehen soll. <\/figcaption><\/figure>\n\n\n\n<p>Aus technischen Gr\u00fcnden sieht es auf dem Bildschirm \nimmer wie ein im Layout fertiges Buch aus. Wie aber ein Hefeteig aus \nsich selbst heraus immer weiter aufquillt, entsteht auch dieses \npersonengeschichtliche Werk nicht, indem es wie ein Roman vom Anfang bis\n zum Happy End heruntergeschrieben wird, sondern durch immerw\u00e4hrende \nErg\u00e4nzung des vorhandenen Datenbestandes. <\/p>\n\n\n\n<p>In  der Entstehungsphase der m\u00f6glichen Publikation bittet der Verfasser um  Unterst\u00fctzung und Mitwirkung. Gesucht werden Personalangaben zu  Milit\u00e4rangeh\u00f6rigen aus dem zu bearbeitenden Zeitraum. <\/p>\n\n\n\n<p><a href=\"http:\/\/klauskunze.com\/heikun\/mil\/register.htm\">Vorl\u00e4ufiges Register des Familiennamen, Ortsnamen und Sachstichworte<\/a><\/p>\n\n\n\n<p>(Bearbeitungsstand   1.11.2019) anhand von Datens\u00e4tzen zu 11088 Soldaten auf 949  Seiten.<\/p>\n","protected":false},"excerpt":{"rendered":"<p>Forschung und Buchprojekt 2017 \/ 2020 Vom Landsknechts-F\u00e4hnlein zum stehenden Heer: Personengeschichte der Soldaten und ihren Familien im kurhann\u00f6verschen Raum zwischen Solling, Weser, Werra und Leine im 17. und 18. Jahrhundert &#8211; Zu den Personalien der Offiziere der Armeen des fr\u00fcheren Kurf\u00fcrstentums Braunschweig-L\u00fcneburg, dem nachmaligen K\u00f6nigreich Hannover, gibt alte Literatur ersch\u00f6pfend Auskunft. Die einfachen Soldaten [&hellip;]<\/p>\n","protected":false},"author":1,"featured_media":379,"comment_status":"open","ping_status":"open","sticky":false,"template":"","format":"standard","meta":{"h5ap_radio_sources":[],"twitterCardType":"","cardImageID":0,"cardImage":"","cardTitle":"","cardDesc":"","cardImageAlt":"","cardPlayer":"","cardPlayerWidth":0,"cardPlayerHeight":0,"cardPlayerStream":"","cardPlayerCodec":"","footnotes":""},"categories":[1,13,4],"tags":[16],"class_list":["post-373","post","type-post","status-publish","format-standard","has-post-thumbnail","hentry","category-allgemein","category-geschichte","category-heimatforschung","tag-genealogie"],"yoast_head":"<!-- This site is optimized with the Yoast SEO plugin v27.5 - https:\/\/yoast.com\/product\/yoast-seo-wordpress\/ -->\n<title>Soldaten und Garnisonen in S\u00fcdwest-Niedersachsen 1603 bis 1803 - Klaus Kunze<\/title>\n<meta name=\"robots\" content=\"index, follow, max-snippet:-1, max-image-preview:large, max-video-preview:-1\" \/>\n<link rel=\"canonical\" href=\"https:\/\/klauskunze.com\/blog\/2019\/11\/02\/soldaten-und-garnisonen-in-suedwest-niedersachsen-1603-bis-1803\/\" \/>\n<meta property=\"og:locale\" content=\"de_DE\" \/>\n<meta property=\"og:type\" content=\"article\" \/>\n<meta property=\"og:title\" content=\"Soldaten und Garnisonen in S\u00fcdwest-Niedersachsen 1603 bis 1803 - Klaus Kunze\" \/>\n<meta property=\"og:description\" content=\"Forschung und Buchprojekt 2017 \/ 2020 Vom Landsknechts-F\u00e4hnlein zum stehenden Heer: Personengeschichte der Soldaten und ihren Familien im kurhann\u00f6verschen Raum zwischen Solling, Weser, Werra und Leine im 17. und 18. Jahrhundert &#8211; Zu den Personalien der Offiziere der Armeen des fr\u00fcheren Kurf\u00fcrstentums Braunschweig-L\u00fcneburg, dem nachmaligen K\u00f6nigreich Hannover, gibt alte Literatur ersch\u00f6pfend Auskunft. Die einfachen Soldaten [&hellip;]\" \/>\n<meta property=\"og:url\" content=\"https:\/\/klauskunze.com\/blog\/2019\/11\/02\/soldaten-und-garnisonen-in-suedwest-niedersachsen-1603-bis-1803\/\" \/>\n<meta property=\"og:site_name\" content=\"Klaus Kunze\" \/>\n<meta property=\"article:published_time\" content=\"2019-11-02T07:05:53+00:00\" \/>\n<meta property=\"article:modified_time\" content=\"2019-11-02T07:45:58+00:00\" \/>\n<meta property=\"og:image\" content=\"https:\/\/klauskunze.com\/blog\/wp-content\/uploads\/2019\/11\/raspe-drag-1.jpg\" \/>\n\t<meta property=\"og:image:width\" content=\"1500\" \/>\n\t<meta property=\"og:image:height\" content=\"909\" \/>\n\t<meta property=\"og:image:type\" content=\"image\/jpeg\" \/>\n<meta name=\"author\" content=\"Klaus Kunze\" \/>\n<meta name=\"twitter:label1\" content=\"Verfasst von\" \/>\n\t<meta name=\"twitter:data1\" content=\"Klaus Kunze\" \/>\n\t<meta name=\"twitter:label2\" content=\"Gesch\u00e4tzte Lesezeit\" \/>\n\t<meta name=\"twitter:data2\" content=\"6\u00a0Minuten\" \/>\n<script type=\"application\/ld+json\" class=\"yoast-schema-graph\">{\"@context\":\"https:\\\/\\\/schema.org\",\"@graph\":[{\"@type\":\"Article\",\"@id\":\"https:\\\/\\\/klauskunze.com\\\/blog\\\/2019\\\/11\\\/02\\\/soldaten-und-garnisonen-in-suedwest-niedersachsen-1603-bis-1803\\\/#article\",\"isPartOf\":{\"@id\":\"https:\\\/\\\/klauskunze.com\\\/blog\\\/2019\\\/11\\\/02\\\/soldaten-und-garnisonen-in-suedwest-niedersachsen-1603-bis-1803\\\/\"},\"author\":{\"name\":\"Klaus Kunze\",\"@id\":\"https:\\\/\\\/klauskunze.com\\\/blog\\\/#\\\/schema\\\/person\\\/9c091cf30ab68b897db6a517e3c3b11b\"},\"headline\":\"Soldaten und Garnisonen in S\u00fcdwest-Niedersachsen 1603 bis 1803\",\"datePublished\":\"2019-11-02T07:05:53+00:00\",\"dateModified\":\"2019-11-02T07:45:58+00:00\",\"mainEntityOfPage\":{\"@id\":\"https:\\\/\\\/klauskunze.com\\\/blog\\\/2019\\\/11\\\/02\\\/soldaten-und-garnisonen-in-suedwest-niedersachsen-1603-bis-1803\\\/\"},\"wordCount\":1121,\"commentCount\":0,\"publisher\":{\"@id\":\"https:\\\/\\\/klauskunze.com\\\/blog\\\/#\\\/schema\\\/person\\\/9c091cf30ab68b897db6a517e3c3b11b\"},\"image\":{\"@id\":\"https:\\\/\\\/klauskunze.com\\\/blog\\\/2019\\\/11\\\/02\\\/soldaten-und-garnisonen-in-suedwest-niedersachsen-1603-bis-1803\\\/#primaryimage\"},\"thumbnailUrl\":\"https:\\\/\\\/klauskunze.com\\\/blog\\\/wp-content\\\/uploads\\\/2019\\\/11\\\/raspe-drag-1.jpg\",\"keywords\":[\"Genealogie\"],\"articleSection\":{\"1\":\"Geschichte\",\"2\":\"Heimatforschung\"},\"inLanguage\":\"de\",\"potentialAction\":[{\"@type\":\"CommentAction\",\"name\":\"Comment\",\"target\":[\"https:\\\/\\\/klauskunze.com\\\/blog\\\/2019\\\/11\\\/02\\\/soldaten-und-garnisonen-in-suedwest-niedersachsen-1603-bis-1803\\\/#respond\"]}]},{\"@type\":\"WebPage\",\"@id\":\"https:\\\/\\\/klauskunze.com\\\/blog\\\/2019\\\/11\\\/02\\\/soldaten-und-garnisonen-in-suedwest-niedersachsen-1603-bis-1803\\\/\",\"url\":\"https:\\\/\\\/klauskunze.com\\\/blog\\\/2019\\\/11\\\/02\\\/soldaten-und-garnisonen-in-suedwest-niedersachsen-1603-bis-1803\\\/\",\"name\":\"Soldaten und Garnisonen in S\u00fcdwest-Niedersachsen 1603 bis 1803 - Klaus Kunze\",\"isPartOf\":{\"@id\":\"https:\\\/\\\/klauskunze.com\\\/blog\\\/#website\"},\"primaryImageOfPage\":{\"@id\":\"https:\\\/\\\/klauskunze.com\\\/blog\\\/2019\\\/11\\\/02\\\/soldaten-und-garnisonen-in-suedwest-niedersachsen-1603-bis-1803\\\/#primaryimage\"},\"image\":{\"@id\":\"https:\\\/\\\/klauskunze.com\\\/blog\\\/2019\\\/11\\\/02\\\/soldaten-und-garnisonen-in-suedwest-niedersachsen-1603-bis-1803\\\/#primaryimage\"},\"thumbnailUrl\":\"https:\\\/\\\/klauskunze.com\\\/blog\\\/wp-content\\\/uploads\\\/2019\\\/11\\\/raspe-drag-1.jpg\",\"datePublished\":\"2019-11-02T07:05:53+00:00\",\"dateModified\":\"2019-11-02T07:45:58+00:00\",\"breadcrumb\":{\"@id\":\"https:\\\/\\\/klauskunze.com\\\/blog\\\/2019\\\/11\\\/02\\\/soldaten-und-garnisonen-in-suedwest-niedersachsen-1603-bis-1803\\\/#breadcrumb\"},\"inLanguage\":\"de\",\"potentialAction\":[{\"@type\":\"ReadAction\",\"target\":[\"https:\\\/\\\/klauskunze.com\\\/blog\\\/2019\\\/11\\\/02\\\/soldaten-und-garnisonen-in-suedwest-niedersachsen-1603-bis-1803\\\/\"]}]},{\"@type\":\"ImageObject\",\"inLanguage\":\"de\",\"@id\":\"https:\\\/\\\/klauskunze.com\\\/blog\\\/2019\\\/11\\\/02\\\/soldaten-und-garnisonen-in-suedwest-niedersachsen-1603-bis-1803\\\/#primaryimage\",\"url\":\"https:\\\/\\\/klauskunze.com\\\/blog\\\/wp-content\\\/uploads\\\/2019\\\/11\\\/raspe-drag-1.jpg\",\"contentUrl\":\"https:\\\/\\\/klauskunze.com\\\/blog\\\/wp-content\\\/uploads\\\/2019\\\/11\\\/raspe-drag-1.jpg\",\"width\":1500,\"height\":909},{\"@type\":\"BreadcrumbList\",\"@id\":\"https:\\\/\\\/klauskunze.com\\\/blog\\\/2019\\\/11\\\/02\\\/soldaten-und-garnisonen-in-suedwest-niedersachsen-1603-bis-1803\\\/#breadcrumb\",\"itemListElement\":[{\"@type\":\"ListItem\",\"position\":1,\"name\":\"Startseite\",\"item\":\"https:\\\/\\\/klauskunze.com\\\/blog\\\/\"},{\"@type\":\"ListItem\",\"position\":2,\"name\":\"Soldaten und Garnisonen in S\u00fcdwest-Niedersachsen 1603 bis 1803\"}]},{\"@type\":\"WebSite\",\"@id\":\"https:\\\/\\\/klauskunze.com\\\/blog\\\/#website\",\"url\":\"https:\\\/\\\/klauskunze.com\\\/blog\\\/\",\"name\":\"Klaus Kunze\",\"description\":\"Blog\",\"publisher\":{\"@id\":\"https:\\\/\\\/klauskunze.com\\\/blog\\\/#\\\/schema\\\/person\\\/9c091cf30ab68b897db6a517e3c3b11b\"},\"potentialAction\":[{\"@type\":\"SearchAction\",\"target\":{\"@type\":\"EntryPoint\",\"urlTemplate\":\"https:\\\/\\\/klauskunze.com\\\/blog\\\/?s={search_term_string}\"},\"query-input\":{\"@type\":\"PropertyValueSpecification\",\"valueRequired\":true,\"valueName\":\"search_term_string\"}}],\"inLanguage\":\"de\"},{\"@type\":[\"Person\",\"Organization\"],\"@id\":\"https:\\\/\\\/klauskunze.com\\\/blog\\\/#\\\/schema\\\/person\\\/9c091cf30ab68b897db6a517e3c3b11b\",\"name\":\"Klaus Kunze\",\"image\":{\"@type\":\"ImageObject\",\"inLanguage\":\"de\",\"@id\":\"https:\\\/\\\/secure.gravatar.com\\\/avatar\\\/5cd83cadbada9c331a79952fcca177ed3d3be4c7ad3239b9d934bf84adff15dd?s=96&d=blank&r=g\",\"url\":\"https:\\\/\\\/secure.gravatar.com\\\/avatar\\\/5cd83cadbada9c331a79952fcca177ed3d3be4c7ad3239b9d934bf84adff15dd?s=96&d=blank&r=g\",\"contentUrl\":\"https:\\\/\\\/secure.gravatar.com\\\/avatar\\\/5cd83cadbada9c331a79952fcca177ed3d3be4c7ad3239b9d934bf84adff15dd?s=96&d=blank&r=g\",\"caption\":\"Klaus Kunze\"},\"logo\":{\"@id\":\"https:\\\/\\\/secure.gravatar.com\\\/avatar\\\/5cd83cadbada9c331a79952fcca177ed3d3be4c7ad3239b9d934bf84adff15dd?s=96&d=blank&r=g\"},\"sameAs\":[\"http:\\\/\\\/KlausKunze.com\",\"https:\\\/\\\/x.com\\\/https:\\\/\\\/twitter.com\\\/KlausKunze3\"]}]}<\/script>\n<!-- \/ Yoast SEO plugin. -->","yoast_head_json":{"title":"Soldaten und Garnisonen in S\u00fcdwest-Niedersachsen 1603 bis 1803 - Klaus Kunze","robots":{"index":"index","follow":"follow","max-snippet":"max-snippet:-1","max-image-preview":"max-image-preview:large","max-video-preview":"max-video-preview:-1"},"canonical":"https:\/\/klauskunze.com\/blog\/2019\/11\/02\/soldaten-und-garnisonen-in-suedwest-niedersachsen-1603-bis-1803\/","og_locale":"de_DE","og_type":"article","og_title":"Soldaten und Garnisonen in S\u00fcdwest-Niedersachsen 1603 bis 1803 - Klaus Kunze","og_description":"Forschung und Buchprojekt 2017 \/ 2020 Vom Landsknechts-F\u00e4hnlein zum stehenden Heer: Personengeschichte der Soldaten und ihren Familien im kurhann\u00f6verschen Raum zwischen Solling, Weser, Werra und Leine im 17. und 18. Jahrhundert &#8211; Zu den Personalien der Offiziere der Armeen des fr\u00fcheren Kurf\u00fcrstentums Braunschweig-L\u00fcneburg, dem nachmaligen K\u00f6nigreich Hannover, gibt alte Literatur ersch\u00f6pfend Auskunft. Die einfachen Soldaten [&hellip;]","og_url":"https:\/\/klauskunze.com\/blog\/2019\/11\/02\/soldaten-und-garnisonen-in-suedwest-niedersachsen-1603-bis-1803\/","og_site_name":"Klaus Kunze","article_published_time":"2019-11-02T07:05:53+00:00","article_modified_time":"2019-11-02T07:45:58+00:00","og_image":[{"width":1500,"height":909,"url":"https:\/\/klauskunze.com\/blog\/wp-content\/uploads\/2019\/11\/raspe-drag-1.jpg","type":"image\/jpeg"}],"author":"Klaus Kunze","twitter_misc":{"Verfasst von":"Klaus Kunze","Gesch\u00e4tzte Lesezeit":"6\u00a0Minuten"},"schema":{"@context":"https:\/\/schema.org","@graph":[{"@type":"Article","@id":"https:\/\/klauskunze.com\/blog\/2019\/11\/02\/soldaten-und-garnisonen-in-suedwest-niedersachsen-1603-bis-1803\/#article","isPartOf":{"@id":"https:\/\/klauskunze.com\/blog\/2019\/11\/02\/soldaten-und-garnisonen-in-suedwest-niedersachsen-1603-bis-1803\/"},"author":{"name":"Klaus Kunze","@id":"https:\/\/klauskunze.com\/blog\/#\/schema\/person\/9c091cf30ab68b897db6a517e3c3b11b"},"headline":"Soldaten und Garnisonen in S\u00fcdwest-Niedersachsen 1603 bis 1803","datePublished":"2019-11-02T07:05:53+00:00","dateModified":"2019-11-02T07:45:58+00:00","mainEntityOfPage":{"@id":"https:\/\/klauskunze.com\/blog\/2019\/11\/02\/soldaten-und-garnisonen-in-suedwest-niedersachsen-1603-bis-1803\/"},"wordCount":1121,"commentCount":0,"publisher":{"@id":"https:\/\/klauskunze.com\/blog\/#\/schema\/person\/9c091cf30ab68b897db6a517e3c3b11b"},"image":{"@id":"https:\/\/klauskunze.com\/blog\/2019\/11\/02\/soldaten-und-garnisonen-in-suedwest-niedersachsen-1603-bis-1803\/#primaryimage"},"thumbnailUrl":"https:\/\/klauskunze.com\/blog\/wp-content\/uploads\/2019\/11\/raspe-drag-1.jpg","keywords":["Genealogie"],"articleSection":{"1":"Geschichte","2":"Heimatforschung"},"inLanguage":"de","potentialAction":[{"@type":"CommentAction","name":"Comment","target":["https:\/\/klauskunze.com\/blog\/2019\/11\/02\/soldaten-und-garnisonen-in-suedwest-niedersachsen-1603-bis-1803\/#respond"]}]},{"@type":"WebPage","@id":"https:\/\/klauskunze.com\/blog\/2019\/11\/02\/soldaten-und-garnisonen-in-suedwest-niedersachsen-1603-bis-1803\/","url":"https:\/\/klauskunze.com\/blog\/2019\/11\/02\/soldaten-und-garnisonen-in-suedwest-niedersachsen-1603-bis-1803\/","name":"Soldaten und Garnisonen in S\u00fcdwest-Niedersachsen 1603 bis 1803 - Klaus Kunze","isPartOf":{"@id":"https:\/\/klauskunze.com\/blog\/#website"},"primaryImageOfPage":{"@id":"https:\/\/klauskunze.com\/blog\/2019\/11\/02\/soldaten-und-garnisonen-in-suedwest-niedersachsen-1603-bis-1803\/#primaryimage"},"image":{"@id":"https:\/\/klauskunze.com\/blog\/2019\/11\/02\/soldaten-und-garnisonen-in-suedwest-niedersachsen-1603-bis-1803\/#primaryimage"},"thumbnailUrl":"https:\/\/klauskunze.com\/blog\/wp-content\/uploads\/2019\/11\/raspe-drag-1.jpg","datePublished":"2019-11-02T07:05:53+00:00","dateModified":"2019-11-02T07:45:58+00:00","breadcrumb":{"@id":"https:\/\/klauskunze.com\/blog\/2019\/11\/02\/soldaten-und-garnisonen-in-suedwest-niedersachsen-1603-bis-1803\/#breadcrumb"},"inLanguage":"de","potentialAction":[{"@type":"ReadAction","target":["https:\/\/klauskunze.com\/blog\/2019\/11\/02\/soldaten-und-garnisonen-in-suedwest-niedersachsen-1603-bis-1803\/"]}]},{"@type":"ImageObject","inLanguage":"de","@id":"https:\/\/klauskunze.com\/blog\/2019\/11\/02\/soldaten-und-garnisonen-in-suedwest-niedersachsen-1603-bis-1803\/#primaryimage","url":"https:\/\/klauskunze.com\/blog\/wp-content\/uploads\/2019\/11\/raspe-drag-1.jpg","contentUrl":"https:\/\/klauskunze.com\/blog\/wp-content\/uploads\/2019\/11\/raspe-drag-1.jpg","width":1500,"height":909},{"@type":"BreadcrumbList","@id":"https:\/\/klauskunze.com\/blog\/2019\/11\/02\/soldaten-und-garnisonen-in-suedwest-niedersachsen-1603-bis-1803\/#breadcrumb","itemListElement":[{"@type":"ListItem","position":1,"name":"Startseite","item":"https:\/\/klauskunze.com\/blog\/"},{"@type":"ListItem","position":2,"name":"Soldaten und Garnisonen in S\u00fcdwest-Niedersachsen 1603 bis 1803"}]},{"@type":"WebSite","@id":"https:\/\/klauskunze.com\/blog\/#website","url":"https:\/\/klauskunze.com\/blog\/","name":"Klaus Kunze","description":"Blog","publisher":{"@id":"https:\/\/klauskunze.com\/blog\/#\/schema\/person\/9c091cf30ab68b897db6a517e3c3b11b"},"potentialAction":[{"@type":"SearchAction","target":{"@type":"EntryPoint","urlTemplate":"https:\/\/klauskunze.com\/blog\/?s={search_term_string}"},"query-input":{"@type":"PropertyValueSpecification","valueRequired":true,"valueName":"search_term_string"}}],"inLanguage":"de"},{"@type":["Person","Organization"],"@id":"https:\/\/klauskunze.com\/blog\/#\/schema\/person\/9c091cf30ab68b897db6a517e3c3b11b","name":"Klaus Kunze","image":{"@type":"ImageObject","inLanguage":"de","@id":"https:\/\/secure.gravatar.com\/avatar\/5cd83cadbada9c331a79952fcca177ed3d3be4c7ad3239b9d934bf84adff15dd?s=96&d=blank&r=g","url":"https:\/\/secure.gravatar.com\/avatar\/5cd83cadbada9c331a79952fcca177ed3d3be4c7ad3239b9d934bf84adff15dd?s=96&d=blank&r=g","contentUrl":"https:\/\/secure.gravatar.com\/avatar\/5cd83cadbada9c331a79952fcca177ed3d3be4c7ad3239b9d934bf84adff15dd?s=96&d=blank&r=g","caption":"Klaus Kunze"},"logo":{"@id":"https:\/\/secure.gravatar.com\/avatar\/5cd83cadbada9c331a79952fcca177ed3d3be4c7ad3239b9d934bf84adff15dd?s=96&d=blank&r=g"},"sameAs":["http:\/\/KlausKunze.com","https:\/\/x.com\/https:\/\/twitter.com\/KlausKunze3"]}]}},"post_mailing_queue_ids":[],"_links":{"self":[{"href":"https:\/\/klauskunze.com\/blog\/wp-json\/wp\/v2\/posts\/373","targetHints":{"allow":["GET"]}}],"collection":[{"href":"https:\/\/klauskunze.com\/blog\/wp-json\/wp\/v2\/posts"}],"about":[{"href":"https:\/\/klauskunze.com\/blog\/wp-json\/wp\/v2\/types\/post"}],"author":[{"embeddable":true,"href":"https:\/\/klauskunze.com\/blog\/wp-json\/wp\/v2\/users\/1"}],"replies":[{"embeddable":true,"href":"https:\/\/klauskunze.com\/blog\/wp-json\/wp\/v2\/comments?post=373"}],"version-history":[{"count":8,"href":"https:\/\/klauskunze.com\/blog\/wp-json\/wp\/v2\/posts\/373\/revisions"}],"predecessor-version":[{"id":384,"href":"https:\/\/klauskunze.com\/blog\/wp-json\/wp\/v2\/posts\/373\/revisions\/384"}],"wp:featuredmedia":[{"embeddable":true,"href":"https:\/\/klauskunze.com\/blog\/wp-json\/wp\/v2\/media\/379"}],"wp:attachment":[{"href":"https:\/\/klauskunze.com\/blog\/wp-json\/wp\/v2\/media?parent=373"}],"wp:term":[{"taxonomy":"category","embeddable":true,"href":"https:\/\/klauskunze.com\/blog\/wp-json\/wp\/v2\/categories?post=373"},{"taxonomy":"post_tag","embeddable":true,"href":"https:\/\/klauskunze.com\/blog\/wp-json\/wp\/v2\/tags?post=373"}],"curies":[{"name":"wp","href":"https:\/\/api.w.org\/{rel}","templated":true}]}}