{"id":3843,"date":"2021-06-19T18:02:31","date_gmt":"2021-06-19T16:02:31","guid":{"rendered":"http:\/\/klauskunze.com\/blog\/?p=3843"},"modified":"2021-06-20T10:20:34","modified_gmt":"2021-06-20T08:20:34","slug":"haben-wir-eine-neue-metaphysik-noetig","status":"publish","type":"post","link":"https:\/\/klauskunze.com\/blog\/2021\/06\/19\/haben-wir-eine-neue-metaphysik-noetig\/","title":{"rendered":"Haben wir eine neue Metaphysik n\u00f6tig?"},"content":{"rendered":"\n<p>Nur die legitime Herrschaft ist stabil. Solange sie nach Meinung der B\u00fcrger mit h\u00f6heren Gesetzen unserer Existenz in Einklang steht, nehmen sie jede Bedr\u00fcckung hin: sie lassen sich murrend aber willig durch Steuern und Abgaben auspressen wie Zitronen. Allzeit bu\u00dffertig sch\u00e4men sie sich sogar ihrer Selbstzweifel. M\u00e4ngel lasten sie nicht dem System an, sondern erkl\u00e4ren sie sich durch menschliches Versagen: bedauerliche Einzelf\u00e4lle.<\/p>\n\n\n\n<p>Dem\u00fctig neigen sie ihr Haupt in Ritualen und Gedenkstunden. Am Ende werden sie sich sogar per Regierungsdekret aufl\u00f6sen und abschaffen lassen. Der bunte Ersatz steht schon bereit.<\/p>\n\n\n\n<p>Der Fromme hatte einst dem\u00fctig sein Knie gebeugt in jener alten Zeit, als ein allm\u00e4chtiger Gott das Universum zu regieren schien und ein Monarch von Gottes Gnaden sein irdisches Reich. Bereitwillig ertragen Moslems eine Herrschaft, wenn sie die Gesetze Allahs verwirklicht. Doch wehe, wenn der Glaube wankt! Erst der Glaube verleiht der Herrschaft ein sicheres Fundament.<\/p>\n\n\n\n<h2 class=\"wp-block-heading\">Die moderne Metaphysik<\/h2>\n\n\n\n<p>Die heutigen \u201ewestlichen\u201c Herrschaftssysteme sind nicht weniger metaphysisch als die alten Monarchien und Gottesstaaten. Die \u201eh\u00f6heren Gesetze\u201c, auf die sie sich berufen, kommen lediglich ohne eine Gottesperson aus. Statt dessen dienen sie \u201edem Menschen\u201c und verstehen darunter ein Abstraktum mit quasig\u00f6ttlichen Eigenschaften.<\/p>\n\n\n\n<p>Wie sein Vorbild ist der gottesebenbildliche Mensch ein Sch\u00f6pfer: Er schafft aus sich selbst heraus erst sich selbst als sittliche Person. Das macht den Kern seiner W\u00fcrde aus. Vor der Renaissance war diese W\u00fcrde ein nur Gott zukommendes Attribut. Heute sieht man sie gekr\u00e4nkt, wenn man ihm die freie Entscheidung \u00fcber sein Schicksal nimmt, die gesellschaftliche Mitbestimmung, ja inzwischen sogar einen vollen K\u00fchlschrank und Freikarten f\u00fcrs Theater.<\/p>\n\n\n\n<p>Die alte Metaphysik hatte alle frommen Gesetze im Jenseits vermutet: das Gute und was an Geboten so alles aus den Wolken g\u00f6ttlichen Waltens zu quellen schien. Schmunzelnd \u00fcber die Vorstellung eines herumwaltenden Gottvaters erkl\u00e4rte das neuzeitliche Naturrecht, alle sch\u00f6nen und guten Eigenschaften seien \u201edem Menschen\u201c immanent: Sittliche Gesetze wohnten \u201edem Menschen\u201c inne. Sie binden ihn unverbr\u00fcchlich und gelten absolut und universell.<\/p>\n\n\n\n<p>So funktioniert diese Metaphysik: Sie legt die \u201eh\u00f6heren Gesetze\u201c in \u201eden Menschen\u201c als ihm angeboren hinein, um sie bei Bedarf als Sollensforderungen wieder aus seiner Natur hervorzuziehen und ihm vorzuhalten, geradezu wie ein Kaninchen aus dem Zylinder. Seit Nietzsche fanden immer mehr Menschen die Versuche dieses Naturrechts zum Kringeln lustig, Gesetze aus \u201edem Wesen des Menschen\u201c und seiner Natur abzuleiten. Sie vertrauten lieber auf die Geltung des staatlichen Gesetzes.<\/p>\n\n\n\n<h2 class=\"wp-block-heading\">Metaphysik durch die Hintert\u00fcr<\/h2>\n\n\n\n<p>Liberale des 19. Jahrhunderts erfanden dagegen eine ganz eigene Metaphysik und legten sie ihren Regierungssystemen zugrunde. Da\u00df die Zeit der \u201eh\u00f6heren\u201c Wahrheiten und g\u00f6ttlichen Fingerzeige zuende war, pfiffen die Spatzen von den D\u00e4chern. Warum sollte einer sich da noch sittlich verhalten und der Obrigkeit gehorchen?<\/p>\n\n\n\n<p>Eine neue Wahrheit mu\u00dfte her. Man fand sie in der fixen Idee: Wenn alle sich mal zusammensetzen und ausreichend lange diskutierten, w\u00fcrden sie mit Gewi\u00dfheit eine L\u00f6sung finden, die alle als \u201eWahrheit\u201c w\u00fcrden akzeptieren k\u00f6nnen. Die Idee des Parlaments war geboren, das <em>Government by discussion<\/em>. Wie in der Kirche bei geh\u00f6rigem Beten der heilige Geist durch die Decke schwebt und die Gl\u00e4ubigen erf\u00fcllt, so steht am Ende eines idealen Gespr\u00e4chsprozesses, in der kein Argument fehlen darf, allen \u201edie Wahrheit\u201c vor Augen. Es ist eine Wahrheit, die man machen kann, wenn man nur die richtigen Prozeduren einh\u00e4lt. Ein versp\u00e4teter Epigone dieser Metaphysik war J\u00fcrgen Habermas.<\/p>\n\n\n\n<p>Vor unseren Augen wandeln sich die Metaphysiken gesellschaftlicher Splittergruppen und ringen um Dominanz. Es gibt keinen Weg zur Herrschaft ohne Dominanz der eigenen Metaphysik. Das B\u00f6se an sich sei im vergangenen Jahrhundert wieder auf den Plan getreten und habe sich in den Deutschen dauerhaft inkarniert, ist die Metaphysik der Antifaschisten: Sie gr\u00fcnden ihren Herrschaftsanspruch darauf, berufen und bef\u00e4higt zu sein, die Welt vor diesem B\u00f6sen zu besch\u00fctzen. Andere Metaphysiker erfinden neue Parolen und Kampfbegriffe, um unser System zu destabilisieren: Rassismus, Kolonialismus und Ungleichheit hei\u00dfe die Dreifaltigkeit des B\u00f6sen, doch ihre Exorzisten ruhen nimmer.<\/p>\n\n\n\n<h2 class=\"wp-block-heading\">Und wir?<\/h2>\n\n\n\n<p>Und wir Aufgekl\u00e4rten sitzen l\u00e4chelnd im Sessel, stehen geistig hoch \u00fcber allen metaphysischen Verirrungen, haben die Fahnen unserer Vorfahren eingerollt. Ihre Lieder verstummen, ihr Glaube an ihr Heiligstes verwandelte sich in kluges Kalk\u00fcl, wir beugen die Knie vor nichts und niemandem, und nachdem wir alle Flammen der Begeisterung gel\u00f6scht haben, genie\u00dfen wir unseren Lebensabend und den unseres Volkes. Die Begeisterung erlosch mit dem metaphysischen Geist, von dem unsere Vorfahren beseelt waren. Be<em>seel<\/em>t und be<em>geist<\/em>ert zu sein verwies ins Metaphysische, doch aus dem Paradies der Glaubensgewi\u00dfheiten haben wir uns selbst verbannt und die harte Tour der Aufkl\u00e4rung gew\u00e4hlt. Sie erfordert die innere St\u00e4rke, der Tatsache ins Gesicht zu sehen, da\u00df es \u00fcber uns nicht H\u00f6heres gibt.<\/p>\n\n\n\n<p>Solange wir freie Menschen bleiben wollen, d\u00fcrfen wir nicht auf die Aufkl\u00e4rung verzichten. Wir ben\u00f6tigen sie als Abwehrwaffe gegen die Ideologien und die ihnen innewohnenden Metaphysiken unserer Gegner. Sie baut aber nichts auf. Nur geistige Minderheiten kommen mit der Erkenntnis zurecht, da\u00df wir nichts sind als Zigeuner am Rande des Universums, wie Jacques Monod so trefflich formulierte. Wenn wir aber sozialen Zusammenhalt ben\u00f6tigen, um unsere kollektive Existenz zu sichern, ben\u00f6tigen wir auch eine Fahne, ben\u00f6tigen wir Lieder, k\u00f6nnen wir nicht verzichten auf all die emotionalen Traditionsbest\u00e4nde aus dem bew\u00e4hrten Arsenal unserer eigenen Metaphysik.<\/p>\n\n\n\n<figure class=\"wp-block-image size-large\"><img loading=\"lazy\" decoding=\"async\" width=\"1024\" height=\"644\" src=\"http:\/\/klauskunze.com\/blog\/wp-content\/uploads\/2021\/06\/Hans_Bohrdt_-_Der_letzte_Mann_Ansichtskarte-1024x644.jpg\" alt=\"\" class=\"wp-image-3847\" srcset=\"https:\/\/klauskunze.com\/blog\/wp-content\/uploads\/2021\/06\/Hans_Bohrdt_-_Der_letzte_Mann_Ansichtskarte-1024x644.jpg 1024w, https:\/\/klauskunze.com\/blog\/wp-content\/uploads\/2021\/06\/Hans_Bohrdt_-_Der_letzte_Mann_Ansichtskarte-300x189.jpg 300w, https:\/\/klauskunze.com\/blog\/wp-content\/uploads\/2021\/06\/Hans_Bohrdt_-_Der_letzte_Mann_Ansichtskarte-768x483.jpg 768w, https:\/\/klauskunze.com\/blog\/wp-content\/uploads\/2021\/06\/Hans_Bohrdt_-_Der_letzte_Mann_Ansichtskarte-900x566.jpg 900w, https:\/\/klauskunze.com\/blog\/wp-content\/uploads\/2021\/06\/Hans_Bohrdt_-_Der_letzte_Mann_Ansichtskarte.jpg 1197w\" sizes=\"auto, (max-width: 1024px) 100vw, 1024px\" \/><figcaption>Jede Fahne verk\u00f6rpert ihre ureigene Metaphysik, ohne die sich kollektive Anforderungen nicht legitimieren lassen.<br>(Hans Bohrt, Der letzte Mann, <a href=\"https:\/\/de.wikipedia.org\/wiki\/Datei:Hans_Bohrdt_-_Der_letzte_Mann_(Ansichtskarte).jpg\">Wikimedia gemeinfrei<\/a>)<\/figcaption><\/figure>\n\n\n\n<p>Die Fahne ist ein Symbol, und wir m\u00fcssen sie hissen, zeigen und schwingen, als verk\u00f6rpere sie eine h\u00f6here Wahrheit, und seien wir auch &#8222;der letzte Mann&#8220;. Anders l\u00e4\u00dft sich soziales Leben nicht organisieren. In vollem Bewu\u00dftsein, da\u00df es keine uns bindenden \u201eh\u00f6heren Gesetze\u201c gibt, m\u00fcssen wir so reden und handeln, als glaubten wir daran. Nur so k\u00f6nnen wir die Leere f\u00fcllen, die Jahrzehnte der Zersetzung in unserer Jugend angerichtet haben.<\/p>\n\n\n\n<blockquote class=\"wp-block-quote is-layout-flow wp-block-quote-is-layout-flow\"><p>Der &gt;moderne&lt; Mensch f\u00fchlt die innere \u00d6de, er sucht nach religi\u00f6ser Erf\u00fcllung und l\u00e4\u00dft sich von Scharlatanen mit Schwindelprophetien t\u00e4uschen. Schlie\u00dflich, im aufkommenden totalit\u00e4ren Staat, fl\u00fcchtet er sich in die &gt;zweite Religiosit\u00e4t&lt;.<\/p><cite>Anton Mirko Koktanek, <a href=\"https:\/\/lindenbaum-verlag.de\/produkt\/oswald-spengler-leben-und-werk\/\">Oswald Spengler, Leben und Werk, 2020<\/a>, S.171.<\/cite><\/blockquote>\n\n\n\n<div class=\"wp-block-image\"><figure class=\"aligncenter size-large\"><img loading=\"lazy\" decoding=\"async\" width=\"187\" height=\"281\" src=\"http:\/\/klauskunze.com\/blog\/wp-content\/uploads\/2021\/06\/a.png\" alt=\"\" class=\"wp-image-3845\"\/><\/figure><\/div>\n\n\n\n<p>Wie eine geistig leere Jugend Scharlatanen und Schwindelprophetien nachrennt, erlebten wir zuletzt, als das Demonstrieren noch erlaubt war, bei einer angeblichen <em>future-<\/em>Bewegung. Es wiederholt sich aber zyklisch, und die 1968er Demonstranten mit ihren Schwindelprophetien \u00fcber den in den Faschismus driftenden BRD steht mir noch vor Augen. Jugend will sich begeistern, sucht nach Idealen und Zielen, d\u00fcrstet nach Metaphysik. Geben wir ihr lieber unsere eigene!<\/p>\n\n\n\n<h2 class=\"wp-block-heading\">Unsere Metaphysik<\/h2>\n\n\n\n<p>Oswald Spengler (1880-1936) war sich des Problems in voller Sch\u00e4rfe bewu\u00dft. Er erkannte, da\u00df es historisch und weltweit ganz unterschiedliche Kulturen mit teils kontr\u00e4rer Metaphysik gab und gibt. Welch ein Hochmut, die \u201ewestliche\u201c mit ihren Werten f\u00fcr universell und absolut g\u00fcltig zu halten! \u201eAllgemeing\u00fcltigkeit ist immer ein Fehlschlu\u00df von sich auf andere.\u201c<a href=\"#_ftn1\">[1]<\/a><\/p>\n\n\n\n<p>Unsere Ideale und Werte gelten nicht vorstaatlich und universell. Sie binden nicht absolut, sondern nur relativ in Bezug auf uns selbst.<\/p>\n\n\n\n<blockquote class=\"wp-block-quote is-layout-flow wp-block-quote-is-layout-flow\"><p>Das ist es, was dem abendl\u00e4ndischen Denker fehlt und <em>gerade ihm<\/em> nicht fehlen sollte: die Einsicht in den historisch-relativen Charakter seiner Ergebnisse, die selbst Ausdruck eines einzelnen und nur dieses einen Daseins sind, das Wissen um die notwendigen Grenzen ihrer G\u00fcltigkeit, die \u00dcberzeugung, da\u00df seine \u00bbunumst\u00f6\u00dflichen Wahrheiten\u00ab und \u00bbewigen Einsichten\u00ab eben nur f\u00fcr ihn wahr und in seinem Weltaspekt ewig sind und da\u00df es Pflicht ist, dar\u00fcber hinaus nach denen zu suchen, die der mensch anderer Kulturen mit derselben Gewi\u00dfheit aus sich heraus entwickelt hat.<\/p><cite>Oswald Spengler, Der Untergang des Abendlandes, S.57. <a href=\"http:\/\/klauskunze.com\/blog\/wp-admin\/post.php?post=3843&amp;action=edit#_ftn2\">[2]<\/a><\/cite><\/blockquote>\n\n\n\n<div class=\"wp-block-image\"><figure class=\"alignright size-large is-resized\"><img loading=\"lazy\" decoding=\"async\" src=\"http:\/\/klauskunze.com\/blog\/wp-content\/uploads\/2021\/06\/b590d49695aad95a469b693f9f334d34f3a3099c-00-00.jpeg\" alt=\"\" class=\"wp-image-3846\" width=\"186\" height=\"300\" srcset=\"https:\/\/klauskunze.com\/blog\/wp-content\/uploads\/2021\/06\/b590d49695aad95a469b693f9f334d34f3a3099c-00-00.jpeg 371w, https:\/\/klauskunze.com\/blog\/wp-content\/uploads\/2021\/06\/b590d49695aad95a469b693f9f334d34f3a3099c-00-00-186x300.jpeg 186w\" sizes=\"auto, (max-width: 186px) 100vw, 186px\" \/><\/figure><\/div>\n\n\n\n<p>Wir verteidigen unsere Vorstellungen von einem guten Leben nicht als ewige Inkarnation des Guten an sich. Darum k\u00f6nnen wir auch auf ein dagegenstehendes B\u00f6ses verzichten. Wir verteidigen aber mit unseren Idealen von Freiheit, Selbstbestimmung, B\u00fcrgerrechten und Rechtsstaatlichkeit unsere geistige Existenz. Ohne diese geistige Existenz ist auch unsere k\u00f6rperliche in Gefahr, \u00fcberw\u00e4ltigt zu werden vom Kampfgeist fremder V\u00f6lker, Kulturen und Metaphysiken, f\u00fcr die unsere freie Art zu leben etwas Diabolisches ist und vernichtet geh\u00f6rt.<\/p>\n\n\n\n<p>Zu unserer geistigen Existenz geh\u00f6rt unabdingbar unsere Identifikation mit unserem Volk, seiner Geschichte und Identit\u00e4t. Es stellt einen tolldreisten Angriff auf uns dar, uns zu erz\u00e4hlen, unser Volk gebe es gar nicht, M\u00e4nner und Frauen \u00fcbrigens auch nicht. Das alles seien nur Konstruktionen. Dieser Dekonstruktivismus ist seinerseits leicht zu dekonstruieren, weil ihm eine komplette Metaphysik zugrundeliegt. <\/p>\n\n\n\n<p>Das gen\u00fcgt aber nicht. Unsere &#8222;Wahrheit&#8220; zu verteidigen ist eine Frage unserer Existenz, und in existentiellen Fragen gibt es kein Pardon &#8211; bis auf den letzten Mann.<\/p>\n\n\n\n<blockquote class=\"wp-block-quote is-layout-flow wp-block-quote-is-layout-flow\"><p>F\u00fcr &#8222;die Wahrheit&#8220; kann man allerdings sterben &#8211; aber nur f\u00fcr die eigene, das hei\u00dft f\u00fcr jene, die sich mit der eigenen Identit\u00e4t deckt, so da\u00df die Verteidigung &#8222;der&#8220; Wahrheit und Verteidigung der eigenen Identit\u00e4t letztlich zusammenfallen.<\/p><cite>Panajotis Kondylis, macht und Entscheidung, 1984, S.87.<\/cite><\/blockquote>\n\n\n\n<p>Wir d\u00fcrfen uns nicht einsch\u00fcchtern lassen und unsere Identit\u00e4t, unsere Lieder, unsere Fahnen, unsere Erz\u00e4hlungen zeigen und weitergeben.<\/p>\n\n\n\n<blockquote class=\"wp-block-quote is-layout-flow wp-block-quote-is-layout-flow\"><p>Der Skeptizismus ist Ausdruck einer reinen Zivilisation; er zersetzt das Weltbild der voraufgegangenen Kultur.<\/p><cite>Oswald Spengler, Der Untergang des Abendlandes, 1.Band, Einleitung, 15. (S.94). <a href=\"http:\/\/klauskunze.com\/blog\/wp-admin\/post.php?post=3843&amp;action=edit#_ftn3\">[3]<\/a><\/cite><\/blockquote>\n\n\n\n<p>Schon in der Vergangenheit wechselten Phasen kollektiver Ideologi\u00adsie\u00adrung mit Phasen der Aufkl\u00e4rung. Doch der Vorhang der Aufkl\u00e4rung hat sich immer bald durch neue Ideologisierung geschlossen. Ohne Ideologie und ihre tiefere Metaphysik l\u00e4\u00dft sich soziales Leben leider nicht dauerhaft und wirkungsvoll formieren. <\/p>\n\n\n\n<p>La\u00dft uns also den metaphysischen Zauberstab schwingen und mit einem alten Gedicht den Ratschlag verbreiten: <\/p>\n\n\n\n<blockquote class=\"wp-block-quote is-layout-flow wp-block-quote-is-layout-flow\"><p>\u201eDu sollst an Deutschlands Zukunft glauben, <br>an deines Volkes Auferstehn. <br>La\u00df diesen Glauben dir nie rauben, <br>trotz allem, allem was geschehn!<\/p><cite><a href=\"https:\/\/de.wikipedia.org\/wiki\/Albert_Matth%C3%A4i\">Albert Matth\u00e4i<\/a> (1853-1924)<\/cite><\/blockquote>\n\n\n\n<p>Aber wir werden dabei fein l\u00e4cheln.<\/p>\n\n\n\n<hr class=\"wp-block-separator\"\/>\n\n\n\n<p><a href=\"#_ftnref1\">[1]<\/a> Oswald Spengler, Der Untergang des Abendlandes, 1918 in zwei B\u00e4nden, hier zitert nach der einb\u00e4ndigen Ausgabe nach dem Druck von 1923, Anaconda-Verlag 2017, ISBN 978-3-7306-0453-3, S.57.<\/p>\n\n\n\n<p><a href=\"#_ftnref2\">[2]<\/a> Oswald Spengler, Der Untergang des Abendlandes, 1918 in zwei B\u00e4nden, hier zitert nach der einb\u00e4ndigen Ausgabe nach dem Druck von 1923, Anaconda-Verlag 2017, ISBN 978-3-7306-0453-3, S.57.<\/p>\n\n\n\n<p><a href=\"#_ftnref3\">[3]<\/a> Oswald Spengler, Der Untergang des Abendlandes, 1918 in zwei B\u00e4nden, hier zitert nach der einb\u00e4ndigen Ausgabe nach dem Druck von 1923, Anaconda-Verlag 2017, ISBN 978-3-7306-0453-3, 1.Band, Einleitung, 15. (S.94).<\/p>\n","protected":false},"excerpt":{"rendered":"<p>Nur die legitime Herrschaft ist stabil. Solange sie nach Meinung der B\u00fcrger mit h\u00f6heren Gesetzen unserer Existenz in Einklang steht, nehmen sie jede Bedr\u00fcckung hin: sie lassen sich murrend aber willig durch Steuern und Abgaben auspressen wie Zitronen. Allzeit bu\u00dffertig sch\u00e4men sie sich sogar ihrer Selbstzweifel. M\u00e4ngel lasten sie nicht dem System an, sondern erkl\u00e4ren [&hellip;]<\/p>\n","protected":false},"author":1,"featured_media":3847,"comment_status":"open","ping_status":"open","sticky":false,"template":"","format":"standard","meta":{"h5ap_radio_sources":[],"twitterCardType":"","cardImageID":0,"cardImage":"","cardTitle":"","cardDesc":"","cardImageAlt":"","cardPlayer":"","cardPlayerWidth":0,"cardPlayerHeight":0,"cardPlayerStream":"","cardPlayerCodec":"","footnotes":""},"categories":[1,13,20,17],"tags":[],"class_list":["post-3843","post","type-post","status-publish","format-standard","has-post-thumbnail","hentry","category-allgemein","category-geschichte","category-philosophie","category-politik"],"yoast_head":"<!-- This site is optimized with the Yoast SEO plugin v27.4 - https:\/\/yoast.com\/product\/yoast-seo-wordpress\/ -->\n<title>Haben wir eine neue Metaphysik n\u00f6tig? - Klaus Kunze<\/title>\n<meta name=\"robots\" content=\"index, follow, max-snippet:-1, max-image-preview:large, max-video-preview:-1\" \/>\n<link rel=\"canonical\" href=\"https:\/\/klauskunze.com\/blog\/2021\/06\/19\/haben-wir-eine-neue-metaphysik-noetig\/\" \/>\n<meta property=\"og:locale\" content=\"de_DE\" \/>\n<meta property=\"og:type\" content=\"article\" \/>\n<meta property=\"og:title\" content=\"Haben wir eine neue Metaphysik n\u00f6tig? - Klaus Kunze\" \/>\n<meta property=\"og:description\" content=\"Nur die legitime Herrschaft ist stabil. Solange sie nach Meinung der B\u00fcrger mit h\u00f6heren Gesetzen unserer Existenz in Einklang steht, nehmen sie jede Bedr\u00fcckung hin: sie lassen sich murrend aber willig durch Steuern und Abgaben auspressen wie Zitronen. Allzeit bu\u00dffertig sch\u00e4men sie sich sogar ihrer Selbstzweifel. M\u00e4ngel lasten sie nicht dem System an, sondern erkl\u00e4ren [&hellip;]\" \/>\n<meta property=\"og:url\" content=\"https:\/\/klauskunze.com\/blog\/2021\/06\/19\/haben-wir-eine-neue-metaphysik-noetig\/\" \/>\n<meta property=\"og:site_name\" content=\"Klaus Kunze\" \/>\n<meta property=\"article:published_time\" content=\"2021-06-19T16:02:31+00:00\" \/>\n<meta property=\"article:modified_time\" content=\"2021-06-20T08:20:34+00:00\" \/>\n<meta property=\"og:image\" content=\"https:\/\/klauskunze.com\/blog\/wp-content\/uploads\/2021\/06\/Hans_Bohrdt_-_Der_letzte_Mann_Ansichtskarte.jpg\" \/>\n\t<meta property=\"og:image:width\" content=\"1197\" \/>\n\t<meta property=\"og:image:height\" content=\"753\" \/>\n\t<meta property=\"og:image:type\" content=\"image\/jpeg\" \/>\n<meta name=\"author\" content=\"Klaus Kunze\" \/>\n<meta name=\"twitter:label1\" content=\"Verfasst von\" \/>\n\t<meta name=\"twitter:data1\" content=\"Klaus Kunze\" \/>\n\t<meta name=\"twitter:label2\" content=\"Gesch\u00e4tzte Lesezeit\" \/>\n\t<meta name=\"twitter:data2\" content=\"8\u00a0Minuten\" \/>\n<script type=\"application\/ld+json\" class=\"yoast-schema-graph\">{\"@context\":\"https:\\\/\\\/schema.org\",\"@graph\":[{\"@type\":\"Article\",\"@id\":\"https:\\\/\\\/klauskunze.com\\\/blog\\\/2021\\\/06\\\/19\\\/haben-wir-eine-neue-metaphysik-noetig\\\/#article\",\"isPartOf\":{\"@id\":\"https:\\\/\\\/klauskunze.com\\\/blog\\\/2021\\\/06\\\/19\\\/haben-wir-eine-neue-metaphysik-noetig\\\/\"},\"author\":{\"name\":\"Klaus Kunze\",\"@id\":\"https:\\\/\\\/klauskunze.com\\\/blog\\\/#\\\/schema\\\/person\\\/9c091cf30ab68b897db6a517e3c3b11b\"},\"headline\":\"Haben wir eine neue Metaphysik n\u00f6tig?\",\"datePublished\":\"2021-06-19T16:02:31+00:00\",\"dateModified\":\"2021-06-20T08:20:34+00:00\",\"mainEntityOfPage\":{\"@id\":\"https:\\\/\\\/klauskunze.com\\\/blog\\\/2021\\\/06\\\/19\\\/haben-wir-eine-neue-metaphysik-noetig\\\/\"},\"wordCount\":1759,\"commentCount\":3,\"publisher\":{\"@id\":\"https:\\\/\\\/klauskunze.com\\\/blog\\\/#\\\/schema\\\/person\\\/9c091cf30ab68b897db6a517e3c3b11b\"},\"image\":{\"@id\":\"https:\\\/\\\/klauskunze.com\\\/blog\\\/2021\\\/06\\\/19\\\/haben-wir-eine-neue-metaphysik-noetig\\\/#primaryimage\"},\"thumbnailUrl\":\"https:\\\/\\\/klauskunze.com\\\/blog\\\/wp-content\\\/uploads\\\/2021\\\/06\\\/Hans_Bohrdt_-_Der_letzte_Mann_Ansichtskarte.jpg\",\"articleSection\":{\"1\":\"Geschichte\",\"2\":\"Philosophie\",\"3\":\"Politik\"},\"inLanguage\":\"de\",\"potentialAction\":[{\"@type\":\"CommentAction\",\"name\":\"Comment\",\"target\":[\"https:\\\/\\\/klauskunze.com\\\/blog\\\/2021\\\/06\\\/19\\\/haben-wir-eine-neue-metaphysik-noetig\\\/#respond\"]}]},{\"@type\":\"WebPage\",\"@id\":\"https:\\\/\\\/klauskunze.com\\\/blog\\\/2021\\\/06\\\/19\\\/haben-wir-eine-neue-metaphysik-noetig\\\/\",\"url\":\"https:\\\/\\\/klauskunze.com\\\/blog\\\/2021\\\/06\\\/19\\\/haben-wir-eine-neue-metaphysik-noetig\\\/\",\"name\":\"Haben wir eine neue Metaphysik n\u00f6tig? - Klaus Kunze\",\"isPartOf\":{\"@id\":\"https:\\\/\\\/klauskunze.com\\\/blog\\\/#website\"},\"primaryImageOfPage\":{\"@id\":\"https:\\\/\\\/klauskunze.com\\\/blog\\\/2021\\\/06\\\/19\\\/haben-wir-eine-neue-metaphysik-noetig\\\/#primaryimage\"},\"image\":{\"@id\":\"https:\\\/\\\/klauskunze.com\\\/blog\\\/2021\\\/06\\\/19\\\/haben-wir-eine-neue-metaphysik-noetig\\\/#primaryimage\"},\"thumbnailUrl\":\"https:\\\/\\\/klauskunze.com\\\/blog\\\/wp-content\\\/uploads\\\/2021\\\/06\\\/Hans_Bohrdt_-_Der_letzte_Mann_Ansichtskarte.jpg\",\"datePublished\":\"2021-06-19T16:02:31+00:00\",\"dateModified\":\"2021-06-20T08:20:34+00:00\",\"breadcrumb\":{\"@id\":\"https:\\\/\\\/klauskunze.com\\\/blog\\\/2021\\\/06\\\/19\\\/haben-wir-eine-neue-metaphysik-noetig\\\/#breadcrumb\"},\"inLanguage\":\"de\",\"potentialAction\":[{\"@type\":\"ReadAction\",\"target\":[\"https:\\\/\\\/klauskunze.com\\\/blog\\\/2021\\\/06\\\/19\\\/haben-wir-eine-neue-metaphysik-noetig\\\/\"]}]},{\"@type\":\"ImageObject\",\"inLanguage\":\"de\",\"@id\":\"https:\\\/\\\/klauskunze.com\\\/blog\\\/2021\\\/06\\\/19\\\/haben-wir-eine-neue-metaphysik-noetig\\\/#primaryimage\",\"url\":\"https:\\\/\\\/klauskunze.com\\\/blog\\\/wp-content\\\/uploads\\\/2021\\\/06\\\/Hans_Bohrdt_-_Der_letzte_Mann_Ansichtskarte.jpg\",\"contentUrl\":\"https:\\\/\\\/klauskunze.com\\\/blog\\\/wp-content\\\/uploads\\\/2021\\\/06\\\/Hans_Bohrdt_-_Der_letzte_Mann_Ansichtskarte.jpg\",\"width\":1197,\"height\":753},{\"@type\":\"BreadcrumbList\",\"@id\":\"https:\\\/\\\/klauskunze.com\\\/blog\\\/2021\\\/06\\\/19\\\/haben-wir-eine-neue-metaphysik-noetig\\\/#breadcrumb\",\"itemListElement\":[{\"@type\":\"ListItem\",\"position\":1,\"name\":\"Startseite\",\"item\":\"https:\\\/\\\/klauskunze.com\\\/blog\\\/\"},{\"@type\":\"ListItem\",\"position\":2,\"name\":\"Haben wir eine neue Metaphysik n\u00f6tig?\"}]},{\"@type\":\"WebSite\",\"@id\":\"https:\\\/\\\/klauskunze.com\\\/blog\\\/#website\",\"url\":\"https:\\\/\\\/klauskunze.com\\\/blog\\\/\",\"name\":\"Klaus Kunze\",\"description\":\"Blog\",\"publisher\":{\"@id\":\"https:\\\/\\\/klauskunze.com\\\/blog\\\/#\\\/schema\\\/person\\\/9c091cf30ab68b897db6a517e3c3b11b\"},\"potentialAction\":[{\"@type\":\"SearchAction\",\"target\":{\"@type\":\"EntryPoint\",\"urlTemplate\":\"https:\\\/\\\/klauskunze.com\\\/blog\\\/?s={search_term_string}\"},\"query-input\":{\"@type\":\"PropertyValueSpecification\",\"valueRequired\":true,\"valueName\":\"search_term_string\"}}],\"inLanguage\":\"de\"},{\"@type\":[\"Person\",\"Organization\"],\"@id\":\"https:\\\/\\\/klauskunze.com\\\/blog\\\/#\\\/schema\\\/person\\\/9c091cf30ab68b897db6a517e3c3b11b\",\"name\":\"Klaus Kunze\",\"image\":{\"@type\":\"ImageObject\",\"inLanguage\":\"de\",\"@id\":\"https:\\\/\\\/secure.gravatar.com\\\/avatar\\\/5cd83cadbada9c331a79952fcca177ed3d3be4c7ad3239b9d934bf84adff15dd?s=96&d=blank&r=g\",\"url\":\"https:\\\/\\\/secure.gravatar.com\\\/avatar\\\/5cd83cadbada9c331a79952fcca177ed3d3be4c7ad3239b9d934bf84adff15dd?s=96&d=blank&r=g\",\"contentUrl\":\"https:\\\/\\\/secure.gravatar.com\\\/avatar\\\/5cd83cadbada9c331a79952fcca177ed3d3be4c7ad3239b9d934bf84adff15dd?s=96&d=blank&r=g\",\"caption\":\"Klaus Kunze\"},\"logo\":{\"@id\":\"https:\\\/\\\/secure.gravatar.com\\\/avatar\\\/5cd83cadbada9c331a79952fcca177ed3d3be4c7ad3239b9d934bf84adff15dd?s=96&d=blank&r=g\"},\"sameAs\":[\"http:\\\/\\\/KlausKunze.com\",\"https:\\\/\\\/x.com\\\/https:\\\/\\\/twitter.com\\\/KlausKunze3\"]}]}<\/script>\n<!-- \/ Yoast SEO plugin. -->","yoast_head_json":{"title":"Haben wir eine neue Metaphysik n\u00f6tig? - Klaus Kunze","robots":{"index":"index","follow":"follow","max-snippet":"max-snippet:-1","max-image-preview":"max-image-preview:large","max-video-preview":"max-video-preview:-1"},"canonical":"https:\/\/klauskunze.com\/blog\/2021\/06\/19\/haben-wir-eine-neue-metaphysik-noetig\/","og_locale":"de_DE","og_type":"article","og_title":"Haben wir eine neue Metaphysik n\u00f6tig? - Klaus Kunze","og_description":"Nur die legitime Herrschaft ist stabil. Solange sie nach Meinung der B\u00fcrger mit h\u00f6heren Gesetzen unserer Existenz in Einklang steht, nehmen sie jede Bedr\u00fcckung hin: sie lassen sich murrend aber willig durch Steuern und Abgaben auspressen wie Zitronen. Allzeit bu\u00dffertig sch\u00e4men sie sich sogar ihrer Selbstzweifel. M\u00e4ngel lasten sie nicht dem System an, sondern erkl\u00e4ren [&hellip;]","og_url":"https:\/\/klauskunze.com\/blog\/2021\/06\/19\/haben-wir-eine-neue-metaphysik-noetig\/","og_site_name":"Klaus Kunze","article_published_time":"2021-06-19T16:02:31+00:00","article_modified_time":"2021-06-20T08:20:34+00:00","og_image":[{"width":1197,"height":753,"url":"https:\/\/klauskunze.com\/blog\/wp-content\/uploads\/2021\/06\/Hans_Bohrdt_-_Der_letzte_Mann_Ansichtskarte.jpg","type":"image\/jpeg"}],"author":"Klaus Kunze","twitter_misc":{"Verfasst von":"Klaus Kunze","Gesch\u00e4tzte Lesezeit":"8\u00a0Minuten"},"schema":{"@context":"https:\/\/schema.org","@graph":[{"@type":"Article","@id":"https:\/\/klauskunze.com\/blog\/2021\/06\/19\/haben-wir-eine-neue-metaphysik-noetig\/#article","isPartOf":{"@id":"https:\/\/klauskunze.com\/blog\/2021\/06\/19\/haben-wir-eine-neue-metaphysik-noetig\/"},"author":{"name":"Klaus Kunze","@id":"https:\/\/klauskunze.com\/blog\/#\/schema\/person\/9c091cf30ab68b897db6a517e3c3b11b"},"headline":"Haben wir eine neue Metaphysik n\u00f6tig?","datePublished":"2021-06-19T16:02:31+00:00","dateModified":"2021-06-20T08:20:34+00:00","mainEntityOfPage":{"@id":"https:\/\/klauskunze.com\/blog\/2021\/06\/19\/haben-wir-eine-neue-metaphysik-noetig\/"},"wordCount":1759,"commentCount":3,"publisher":{"@id":"https:\/\/klauskunze.com\/blog\/#\/schema\/person\/9c091cf30ab68b897db6a517e3c3b11b"},"image":{"@id":"https:\/\/klauskunze.com\/blog\/2021\/06\/19\/haben-wir-eine-neue-metaphysik-noetig\/#primaryimage"},"thumbnailUrl":"https:\/\/klauskunze.com\/blog\/wp-content\/uploads\/2021\/06\/Hans_Bohrdt_-_Der_letzte_Mann_Ansichtskarte.jpg","articleSection":{"1":"Geschichte","2":"Philosophie","3":"Politik"},"inLanguage":"de","potentialAction":[{"@type":"CommentAction","name":"Comment","target":["https:\/\/klauskunze.com\/blog\/2021\/06\/19\/haben-wir-eine-neue-metaphysik-noetig\/#respond"]}]},{"@type":"WebPage","@id":"https:\/\/klauskunze.com\/blog\/2021\/06\/19\/haben-wir-eine-neue-metaphysik-noetig\/","url":"https:\/\/klauskunze.com\/blog\/2021\/06\/19\/haben-wir-eine-neue-metaphysik-noetig\/","name":"Haben wir eine neue Metaphysik n\u00f6tig? - Klaus Kunze","isPartOf":{"@id":"https:\/\/klauskunze.com\/blog\/#website"},"primaryImageOfPage":{"@id":"https:\/\/klauskunze.com\/blog\/2021\/06\/19\/haben-wir-eine-neue-metaphysik-noetig\/#primaryimage"},"image":{"@id":"https:\/\/klauskunze.com\/blog\/2021\/06\/19\/haben-wir-eine-neue-metaphysik-noetig\/#primaryimage"},"thumbnailUrl":"https:\/\/klauskunze.com\/blog\/wp-content\/uploads\/2021\/06\/Hans_Bohrdt_-_Der_letzte_Mann_Ansichtskarte.jpg","datePublished":"2021-06-19T16:02:31+00:00","dateModified":"2021-06-20T08:20:34+00:00","breadcrumb":{"@id":"https:\/\/klauskunze.com\/blog\/2021\/06\/19\/haben-wir-eine-neue-metaphysik-noetig\/#breadcrumb"},"inLanguage":"de","potentialAction":[{"@type":"ReadAction","target":["https:\/\/klauskunze.com\/blog\/2021\/06\/19\/haben-wir-eine-neue-metaphysik-noetig\/"]}]},{"@type":"ImageObject","inLanguage":"de","@id":"https:\/\/klauskunze.com\/blog\/2021\/06\/19\/haben-wir-eine-neue-metaphysik-noetig\/#primaryimage","url":"https:\/\/klauskunze.com\/blog\/wp-content\/uploads\/2021\/06\/Hans_Bohrdt_-_Der_letzte_Mann_Ansichtskarte.jpg","contentUrl":"https:\/\/klauskunze.com\/blog\/wp-content\/uploads\/2021\/06\/Hans_Bohrdt_-_Der_letzte_Mann_Ansichtskarte.jpg","width":1197,"height":753},{"@type":"BreadcrumbList","@id":"https:\/\/klauskunze.com\/blog\/2021\/06\/19\/haben-wir-eine-neue-metaphysik-noetig\/#breadcrumb","itemListElement":[{"@type":"ListItem","position":1,"name":"Startseite","item":"https:\/\/klauskunze.com\/blog\/"},{"@type":"ListItem","position":2,"name":"Haben wir eine neue Metaphysik n\u00f6tig?"}]},{"@type":"WebSite","@id":"https:\/\/klauskunze.com\/blog\/#website","url":"https:\/\/klauskunze.com\/blog\/","name":"Klaus Kunze","description":"Blog","publisher":{"@id":"https:\/\/klauskunze.com\/blog\/#\/schema\/person\/9c091cf30ab68b897db6a517e3c3b11b"},"potentialAction":[{"@type":"SearchAction","target":{"@type":"EntryPoint","urlTemplate":"https:\/\/klauskunze.com\/blog\/?s={search_term_string}"},"query-input":{"@type":"PropertyValueSpecification","valueRequired":true,"valueName":"search_term_string"}}],"inLanguage":"de"},{"@type":["Person","Organization"],"@id":"https:\/\/klauskunze.com\/blog\/#\/schema\/person\/9c091cf30ab68b897db6a517e3c3b11b","name":"Klaus Kunze","image":{"@type":"ImageObject","inLanguage":"de","@id":"https:\/\/secure.gravatar.com\/avatar\/5cd83cadbada9c331a79952fcca177ed3d3be4c7ad3239b9d934bf84adff15dd?s=96&d=blank&r=g","url":"https:\/\/secure.gravatar.com\/avatar\/5cd83cadbada9c331a79952fcca177ed3d3be4c7ad3239b9d934bf84adff15dd?s=96&d=blank&r=g","contentUrl":"https:\/\/secure.gravatar.com\/avatar\/5cd83cadbada9c331a79952fcca177ed3d3be4c7ad3239b9d934bf84adff15dd?s=96&d=blank&r=g","caption":"Klaus Kunze"},"logo":{"@id":"https:\/\/secure.gravatar.com\/avatar\/5cd83cadbada9c331a79952fcca177ed3d3be4c7ad3239b9d934bf84adff15dd?s=96&d=blank&r=g"},"sameAs":["http:\/\/KlausKunze.com","https:\/\/x.com\/https:\/\/twitter.com\/KlausKunze3"]}]}},"post_mailing_queue_ids":[],"_links":{"self":[{"href":"https:\/\/klauskunze.com\/blog\/wp-json\/wp\/v2\/posts\/3843","targetHints":{"allow":["GET"]}}],"collection":[{"href":"https:\/\/klauskunze.com\/blog\/wp-json\/wp\/v2\/posts"}],"about":[{"href":"https:\/\/klauskunze.com\/blog\/wp-json\/wp\/v2\/types\/post"}],"author":[{"embeddable":true,"href":"https:\/\/klauskunze.com\/blog\/wp-json\/wp\/v2\/users\/1"}],"replies":[{"embeddable":true,"href":"https:\/\/klauskunze.com\/blog\/wp-json\/wp\/v2\/comments?post=3843"}],"version-history":[{"count":7,"href":"https:\/\/klauskunze.com\/blog\/wp-json\/wp\/v2\/posts\/3843\/revisions"}],"predecessor-version":[{"id":3857,"href":"https:\/\/klauskunze.com\/blog\/wp-json\/wp\/v2\/posts\/3843\/revisions\/3857"}],"wp:featuredmedia":[{"embeddable":true,"href":"https:\/\/klauskunze.com\/blog\/wp-json\/wp\/v2\/media\/3847"}],"wp:attachment":[{"href":"https:\/\/klauskunze.com\/blog\/wp-json\/wp\/v2\/media?parent=3843"}],"wp:term":[{"taxonomy":"category","embeddable":true,"href":"https:\/\/klauskunze.com\/blog\/wp-json\/wp\/v2\/categories?post=3843"},{"taxonomy":"post_tag","embeddable":true,"href":"https:\/\/klauskunze.com\/blog\/wp-json\/wp\/v2\/tags?post=3843"}],"curies":[{"name":"wp","href":"https:\/\/api.w.org\/{rel}","templated":true}]}}