{"id":3858,"date":"2021-06-27T13:18:15","date_gmt":"2021-06-27T11:18:15","guid":{"rendered":"http:\/\/klauskunze.com\/blog\/?p=3858"},"modified":"2021-06-27T15:27:05","modified_gmt":"2021-06-27T13:27:05","slug":"der-kapitalismus-erwacht","status":"publish","type":"post","link":"https:\/\/klauskunze.com\/blog\/2021\/06\/27\/der-kapitalismus-erwacht\/","title":{"rendered":"Der Kapitalismus erwacht"},"content":{"rendered":"\n<h2 class=\"wp-block-heading\">Einzelf\u00e4lle sind nur das Kr\u00e4useln der Oberfl\u00e4che<\/h2>\n\n\n\n<p>Ereignisse wie der moslemische Anschlag von W\u00fcrzburg sind nur wie kr\u00e4uselndes Wasser an der Oberfl\u00e4che eines m\u00e4chtigen Stroms, ohne den sie sich gar nicht ereignen k\u00f6nnten. Nur die demografische und \u00f6konomische Lage in Afrika l\u00e4\u00dft uns verstehen, warum sich massenhaft \u201epsychisch gest\u00f6rte Einzelt\u00e4ter\u201c auf unseren Stra\u00dfen herumtreiben.<\/p>\n\n\n\n<p>Aus aufgekl\u00e4rter Sicht kann bereits der Glaube an einen Allah oder anderen Gott eine wahnhafte Zwangsvorstellung sein. Das Lesen im Kaffeesatz pers\u00f6nlicher Psychopathien f\u00fchrt uns nicht weiter. Zu den historisch wiederkehrenden sozialen Ph\u00e4nomenen z\u00e4hlt es, wenn ganze Gesellschaften sich wie \u00fcber Nacht einer militanten Ideologie verschreiben.<\/p>\n\n\n\n<div class=\"wp-block-image\"><figure class=\"aligncenter size-large is-resized\"><img loading=\"lazy\" decoding=\"async\" src=\"http:\/\/klauskunze.com\/blog\/wp-content\/uploads\/2021\/06\/aa-567x1024.jpg\" alt=\"\" class=\"wp-image-3859\" width=\"567\" height=\"1024\" srcset=\"https:\/\/klauskunze.com\/blog\/wp-content\/uploads\/2021\/06\/aa-567x1024.jpg 567w, https:\/\/klauskunze.com\/blog\/wp-content\/uploads\/2021\/06\/aa-166x300.jpg 166w, https:\/\/klauskunze.com\/blog\/wp-content\/uploads\/2021\/06\/aa.jpg 587w\" sizes=\"auto, (max-width: 567px) 100vw, 567px\" \/><figcaption>Kollateralsch\u00e4den unter der Herrschaft der Regenbogenfahnen-Ideologie: Das Tatfoto (<a href=\"https:\/\/renovatio.org\/2021\/06\/der-anschlag-von-wuerzburg-analyse\/?utm_source=mailpoet&amp;utm_medium=email&amp;utm_campaign=newsletter-post-title_1\">Anschlag in W\u00fcrzburg am 25.6.2021<\/a>, Twitter, anonym) symbolisiert die Wesensmerkmale in einem: Die Fahne als Ideologietr\u00e4ger h\u00e4ngt an einem Finanzhaus, und das gez\u00fcckte Tatmesser (Black Knives Messer?).<\/figcaption><\/figure><\/div>\n\n\n\n<p>Man wacht auf, und \u00fcberall h\u00e4ngen die gleichen Fahnen. Wir erinnern uns gut. Das hatten wir in Deutschland schon und haben es heute wieder. Die Fahnen sind aber nur Symbole. Hinter ihnen stehen immer reale Interessenkonflikte. Deutschland 1933 bildete und orientalische Staaten sind heute Pulverkessel. Millionen Menschen f\u00fchlten sich unter Druck, entrechtet und chancenlos. Wenn Menschen keine Lebenschancen f\u00fcr sich sehen, formieren sie sich unter Symbolen ihres Kampfes zu militanten Massen. M\u00f6rderischer \u00dcberdruck entl\u00e4dt sich erst nach innen, sp\u00e4ter nach au\u00dfen.<\/p>\n\n\n\n<h2 class=\"wp-block-heading\">Nicht G\u00f6tter, sondern Menschen liegen in Konflikt<\/h2>\n\n\n\n<p>Dabei nutzen sie Parolen und Losungen, die sie f\u00fcr plausibel halten, und Symbole, an die sie glauben und f\u00fcr die sie sterben k\u00f6nnen. Ihre oberfl\u00e4chlich angenommenen Ideologien d\u00fcrfen wir nicht zum Nennwert nehmen. Sie werden von den wenigsten verinnerlicht, zumal gew\u00f6hnlich die D\u00fcmmsten an der Spitze des Mobs vorneweg rennen.<\/p>\n\n\n\n<p>Den Zusammenprall des Westens mit dem Orient als Kampf zwischen Islam und Demokratie aufzufassen, w\u00e4re ein schwerer Analysefehler. Es k\u00e4mpfen niemals Ideologien gegeneinander, sondern immer nur Menschen, die ihre Interessen im Namen von Ideologien wie der Demokratie oder G\u00f6ttern wie Allah vortragen.<\/p>\n\n\n\n<p>Da\u00df sich die notleidenden Massen nach dem 1. Weltkrieg in Ru\u00dfland unter roten und in Deutschland unter roten Fahnen mit Hakenkreuz formierten oder da\u00df \u00dcberbev\u00f6lkerung und Not orientalische St\u00e4mme zur gr\u00fcnen Fahne des \u201ePropheten\u201c greifen l\u00e4\u00dft, ist historisch so nicht zwingend. Nicht die Kommunisten, nicht die Nazis und nicht die Mohammedaner bildeten oder bilden den Sprengstoff f\u00fcr das friedliche Zusammenleben, sondern von Menschen als ausweglos empfundene Lagen. Jede Gesellschaft kann sich \u00fcber Nacht eine Fahne zulegen und der militanten Intoleranz verschreiben.<\/p>\n\n\n\n<h2 class=\"wp-block-heading\">Die \u201ewestliche\u201c Interessenlage und der <em>woke capitalism<\/em><\/h2>\n\n\n\n<p>Viele sind noch sehr fixiert auf die alten Ideologien des 20. Jahrhunderts, vor denen ihre Lehrer immer gewarnt haben. Nahezu unbemerkt hat sich in den USA und Westeuropa eine neue herausgebildet, die den alten an Gef\u00e4hrlichkeit nicht nachsteht &#8211; gef\u00e4hrlich f\u00fcr unsere pers\u00f6nliche Freiheit. Und wieder sind es sch\u00f6ne bunte Fahnen, die man \u00fcberall hi\u00dft, die Symbole der modernen Einheitsmeinung.<\/p>\n\n\n\n<p>Unser Erkl\u00e4rungsmodell sucht wiederum hinter der neuen Ideologie nach den realen Interessenkonflikten, die sich in den bunten Farben symbolisch ausdr\u00fccken.<\/p>\n\n\n\n<p>Umstandslos hat sich auch unsere Gro\u00dfindustrie die Regenbogenfarben der LGBT-Bewegung angeeignet. Die Farben der Schwulen- und Lesbenbewegung haben sich zu einer umfassenden Symbolik einer Ideologie gemausert, die sich mit dem Begriff Schwuchtelbinde &#8211; wie sie am Oberarm des deutschen Torwarts prangte &#8211; nicht mehr hinreichend beschreiben l\u00e4\u00dft. Die dahinter stehende Ideologie dient inzwischen objektiv auch den Interessen der kapitalistischen Gro\u00dfindustrie. Definiert man die Europ\u00e4er und Amerikaner nur als \u201eGesellschaften\u201c und nicht als V\u00f6lker, dient die neue Ideologie sogar ihren rein \u00f6konomisch aufgefa\u00dften Interessen.<\/p>\n\n\n\n<figure class=\"wp-block-image size-large\"><img loading=\"lazy\" decoding=\"async\" width=\"791\" height=\"609\" src=\"http:\/\/klauskunze.com\/blog\/wp-content\/uploads\/2021\/06\/ab.jpg\" alt=\"\" class=\"wp-image-3863\" srcset=\"https:\/\/klauskunze.com\/blog\/wp-content\/uploads\/2021\/06\/ab.jpg 791w, https:\/\/klauskunze.com\/blog\/wp-content\/uploads\/2021\/06\/ab-300x231.jpg 300w, https:\/\/klauskunze.com\/blog\/wp-content\/uploads\/2021\/06\/ab-768x591.jpg 768w\" sizes=\"auto, (max-width: 791px) 100vw, 791px\" \/><figcaption>BMW-Logo im Regenbogen: Die Gro\u00dfindustrie hat sich die Farben der Schwulen- und Lesenbewegung angeeignet (Foto: Twitter-Auftritt von BMW)<\/figcaption><\/figure>\n\n\n\n<p>Un\u00fcbersehbar haben die fr\u00fcheren V\u00f6lker sich zu Massengesellschaften transformiert: homogenisiert durch gleiche Massenproduktion von G\u00fctern und gleichen Massenkonsum. Beides bedingt einander: Der Kreislauf von Produktion, Wachstum und Nachfrage darf nicht zusammenbrechen. Er ist aber bedroht durch einen strukturellen Bev\u00f6lkerungsr\u00fcckgang in allen hoch entwickelten Industriel\u00e4ndern, neuerdings selbst in China. Dieser wird aber nicht als \u00f6kologische Chance genutzt, weil globale Finanzkreisl\u00e4ufe zusammenbrechen k\u00f6nnten.<\/p>\n\n\n\n<p>Um sie aufrechtzuerhalten, bedarf die \u00d6konomie der globalen Akteure strukturell eines Bev\u00f6lkerungstransfers. Sie ben\u00f6tigt im Inland st\u00e4ndig neuer Facharbeiter oder auch nur Verbraucher, um sich selbst zu reproduzieren. Da\u00df Merkel 2015 eine Million Orientalen nach Deutschland lie\u00df, vor allem aber da\u00df sie diese offenkundig behalten will, belegt die ihre klare Pr\u00e4ferenz rein volkswirtschaftlicher Motive ohne R\u00fccksicht auf sonstige Verluste.<\/p>\n\n\n\n<p>Zwischen rein \u00f6konomischen Interessen globaler Akteure und dem Interesse vieler einzelner Menschen, ihre kulturelle Identit\u00e4t zu bewahren, klafft ein Abgrund. Die Dreieinigkeit von Regierungspolitik, Finanzwirtschaft und Kirchen konvergiert aus ganz unterschiedlichen Motiven in dem Ideologem der Vielfalt: Der \u00f6konomisch erforderliche Zustrom fremdl\u00e4ndischer Menschen und seine zwischenmenschlichen Kollateralsch\u00e4den wird flankiert durch eine passende One-World-Ideologie. Sie redet uns ein, wie sch\u00f6n es doch ist in unserem bunten neuen Deutschland der Vielfalt, symbolisiert durch Regenbogenfarben.<\/p>\n\n\n\n<h2 class=\"wp-block-heading\">Der Kapitalismus erbeutet die linksalternativen Symbole<\/h2>\n\n\n\n<p>Angloamerikaner pr\u00e4gten f\u00fcr das neuartige Amalgam linksalternativer Programmatik und kapitalistischen Erfordernissen den Begriff <em>woke capitalism<\/em>, &#8222;wacher Kapitalismus&#8220;. Jene kulminierte in der Emanzipationsbewegung sexueller und rassischer Minderheiten und schleift alle Bastionen herk\u00f6mmlicher Normalit\u00e4t. Dabei st\u00fctzt sie sich philosophisch auf die Methode der Dekonstruktion.<\/p>\n\n\n\n<p>Nach Abschaffung aller blo\u00df \u201ekonstruierten\u201c Merkmale wie Geschlecht und Herkunft soll jeder \u201egleich\u201c sein. Wenn alle eine gemeinsame Identit\u00e4t begr\u00fcndenden Merkmale beseitigt und selbst die Familienstrukturen zerschlagen sind, bilden die Heerscharen der \u201egleichen\u201c Nur-Noch-Individuen perfekte Bausteine f\u00fcr ein industrielles Perpetuum mobile: atomisiert, gleichgeschaltet und zu kollektiver Gegenwehr unf\u00e4hig werden sie von permanente Konformit\u00e4t garantierenden Massenmedien in st\u00e4ndiger ideologischer und \u00f6konomischer Funktionsbereitschaft gehalten: &#8222;Allzeit bereit&#8220;! Immer <em>woke<\/em>!<\/p>\n\n\n\n<p>Sie d\u00fcrfen dann arbeiten bis 70, und sie unterst\u00fctzende Kinder haben sie kaum, denn auch die Wirtschaftsleistung der schrumpfenden neuen Generationen wird sogleich staatlich abgeerntet. Sie wird verwendet, um die immer aufs Neue einwandernden Konsumenten der Zukunft in den Moloch der allgegenw\u00e4rtigen Staatswohlfahrt sanft einzubetten. So entsteht<\/p>\n\n\n\n<blockquote class=\"wp-block-quote is-layout-flow wp-block-quote-is-layout-flow\"><p>statt eines formvollen, mit der Erde verwachsenen Volkes ein neuer Nomade, ein Parasit, der Gro\u00dfstadtbewohner, der reine, traditionslose, in formlos fluktuierender Masse auftretende Tatsachenmensch, irreligi\u00f6s, intelligent, unfruchtbar\u2026<\/p><cite>Oswald Spengler, Der Untergang des Abendlandes, S.72.<a href=\"http:\/\/klauskunze.com\/blog\/wp-admin\/post.php?post=3858&amp;action=edit#_ftn1\" target=\"_blank\" rel=\"noreferrer noopener\">[1]<\/a><\/cite><\/blockquote>\n\n\n\n<p>Die Lebenswelt des industriell normierten Massenmenschen ist die gro\u00dfe Stadt. Wie vor hundert Jahren bildet sie die Hochburg des intellektuellen Typus, der seine Wurzellosigkeit mit kosmopolitischer Ideologie zu adeln sucht.<\/p>\n\n\n\n<blockquote class=\"wp-block-quote is-layout-flow wp-block-quote-is-layout-flow\"><p>Am Anfang, dort, wo die Zivilisation sich zur vollendeten Bl\u00fcte enfaltet &#8211; heute &#8211; steht das Wunder der Weltstadt, das gro\u00dfe steinerne Sinnbild des Formlosen, ungeheuer, prachtvoll, im \u00dcbermut sich dehnend. Sie zieht die Daseinsstr\u00f6me des ohnm\u00e4chtigen Landes in sich hinein. Menschenmassen, die wie D\u00fcnen aus einer in die andre verweht werden, wie loser Sand zwischen den Steinen verrieseln. Hier feiern Geist und Geld ihre h\u00f6chsten und letzten Siege.<\/p><cite>Oswald Spengler, Der Untergang des Abendlandes, S.1322. <a href=\"http:\/\/klauskunze.com\/blog\/wp-admin\/post.php?post=3858&amp;action=edit#_ftn2\">[2]<\/a><\/cite><\/blockquote>\n\n\n\n<p>In der neuen Ideologie verschmelzen postmoderner Dekonstruktivismus, gesellschaftlicher Egalitarismus, antirassistische Identit\u00e4tspolitik und&nbsp; globalistischer Humanitarismus mit den Lebensinteressen des Finanzkapitals. Es hat die emanzipatorischen Motive, Ideologeme und Symbole gekapert und sich einverleibt. Ein kennzeichnendes Ideologem ist das englische Wort <em>woke<\/em>. Es bedeutet ideologisch wachsam, das hei\u00dft penibel in der rigiden Durchsetzung der neuen Ideologie. <\/p>\n\n\n\n<p><a href=\"https:\/\/de.wikipedia.org\/wiki\/Frank_Furedi\">Frank Furedi <\/a>ist Professor f\u00fcr Soziologie an der University of Kent in Gro\u00dfbritannien. Er stellt fest:<\/p>\n\n\n\n<blockquote class=\"wp-block-quote is-layout-flow wp-block-quote-is-layout-flow\"><p>Aufgrund der lautstarken Unterst\u00fctzung der Black Lives Matter-Bewegung durch die Gro\u00dfkonzerne sind sich viele B\u00fcrger der dramatischen Transformation der Unternehmensideologie bewu\u00dft geworden. Kapitalistische Firmen konkurrieren nicht nur miteinander um einen gr\u00f6\u00dferen Marktanteil \u2013 sie konkurrieren auch darum, die maximale Aufmerksamkeit f\u00fcr ihre <em>woken<\/em> Referenzen zu erlangen. Dies wurde im letzten Sommer deutlich, als jede Firma von Nike \u00fcber Apple bis hin zu Spotify Black Lives Matter ihre Unterst\u00fctzung zusagte.<\/p><cite>Frank Furedi, <a href=\"https:\/\/www.spiked-online.com\/2021\/06\/25\/the-tyranny-of-woke-capitalism\/\">The tyranny of woke capitalism, 25.6.2021<\/a>, hier nach der <a href=\"http:\/\/translate.google.com\/translate?hl=de&amp;sl=auto&amp;tl=de&amp;u=https%3A%2F%2Fwww.spiked-online.com%2F2021%2F06%2F25%2Fthe-tyranny-of-woke-capitalism%2F\">Google-\u00dcbersetzung<\/a><\/cite><\/blockquote>\n\n\n\n<p>Die \u201e<em>woke\u201c <\/em>Ideologie str\u00f6mte von den Hochschulen zu den Medien und erfa\u00dfte inzwischen die Chefposten der Industrie, englisch <a href=\"https:\/\/de.wikipedia.org\/wiki\/Chief_Executive_Officer\">CEO<\/a>s genannt. Dort handeln Manager zunehmend <em>woke<\/em> oder bedienen sich wenigstens der passenden Symbolik.<\/p>\n\n\n\n<blockquote class=\"wp-block-quote is-layout-flow wp-block-quote-is-layout-flow\"><p>Jeder, der f\u00fchrende Management-Publikationen wie den Harvard Business Review liest, wird feststellen, dass ihr Inhalt viele der von der Identit\u00e4tspolitik inspirierten Narrative widerspiegelt, die in der Hochschulbildung vorherrschen. Wenn ein Forbes- Kommentator die Leser dar\u00fcber informiert, dass der aufgeweckte Kapitalismus gut f\u00fcr die Gewinnspannen ist, ist es offensichtlich, da\u00df der Kapitalismus eine massive Umbenennung durchgemacht hat. Kommentatoren in den Mainstream-Medien haben keinen Zweifel daran, dass &#8222;CEO-Aktivismus zur neuen Normalit\u00e4t geworden ist&#8220;.<\/p><cite>Frank Furedi, The tyranny of woke capitalism, 25.6.2021<\/cite><\/blockquote>\n\n\n\n<p>Und welch wundersame F\u00fcgung: Die Marktinteressen gro\u00dfer Firmen passen nahtlos mit der linksidentit\u00e4ren Politik zusammen. Die ideologischen Karten sind in den USA neu gemischt worden. Wie immer sitzt Deutschland am Katzentisch dabei und mu\u00df mitspielen. Die ideologischen LGBT-Sumpfbl\u00fcten sind Teil der operativen Politik geworden:<\/p>\n\n\n\n<blockquote class=\"wp-block-quote is-layout-flow wp-block-quote-is-layout-flow\"><p>Seit dem US-Pr\u00e4sidentschaftswahlkampf im Jahr 2020 ist der <em>woke capitalism<\/em> zunehmend in der Politik aktiv geworden. Bereits im April 2021 versammelten sich am 10. April mehr als 120 CEOs, Wirtschaftsf\u00fchrer und Anw\u00e4lte zu einem Zoom-Meeting, um eine Kampagne gegen die republikanischen Wahlgesetze zu diskutieren und zu organisieren. Sie diskutierten , ihre Spenden abzuziehen und sich zu weigern, Gesch\u00e4fte oder Arbeitspl\u00e4tze in Staaten zu verlegen, die die Wahlgesetze der Republikaner verabschiedet haben. Mehrere Redner gaben an, da\u00df ihr Eingreifen entscheidend sei, um die Zukunft der Demokratie zu sichern. <br>Dieses Zoom-Treffen kapitalistischer Oligarchen mobilisierte fast sofort seine Konzernkollegen. Die F\u00fchrer von mehr als 300 der m\u00e4chtigsten Konzerne, zusammen mit hochkar\u00e4tigen Prominenten und Mitgliedern der kulturellen Eliten, unterzeichneten eine Erkl\u00e4rung, die als ganzseitige Anzeige in der New York Times ver\u00f6ffentlicht wurde. Amazon, BlackRock und Google geh\u00f6rten zu den Unterzeichnern, die ihr Engagement f\u00fcr soziale Gerechtigkeit beschworen. <\/p><cite>Frank Furedi, The tyranny of woke capitalism, 25.6.2021<\/cite><\/blockquote>\n\n\n\n<p>Diese Entwicklungen zeichnen sich auch in Deutschland ab, blieben aber in der breiteren \u00d6ffentlichkeit weitgehend unbemerkt. Macht und Einflu\u00df der gro\u00dfen Konzerne rufen gew\u00f6hnlich das Mi\u00dftrauen und die Kritik gerade der Linken hervorrufen. Da\u00df beim <em>woke capitalism<\/em> aber der kapitalistische Hund mit dem <em>woken<\/em> Schwanz wedelt und linksemanzipatorische Ans\u00e4tze zu unserer Entm\u00fcndigung benutzt werden, bemerken sie nicht, weil das Finanzkapital ihre eigene Symbolik mi\u00dfbraucht.<\/p>\n\n\n\n<h2 class=\"wp-block-heading\">Kapitalismus 3.0<\/h2>\n\n\n\n<p>Die Freiheit, in der eigenen kollektiven Identit\u00e4t verwurzelt zu sein, ist auch eine Freiheitsoption. Es f\u00fchrt nicht nur die Einebnung nationaler Institutionen und ethnischer Unterschiede zu weniger pers\u00f6nlicher Freiheit. Sie f\u00fchrt auch zu einer Schw\u00e4chung demokratischer Partizipation.<\/p>\n\n\n\n<blockquote class=\"wp-block-quote is-layout-flow wp-block-quote-is-layout-flow\"><p>Pl\u00f6tzlich handelten die CEOs einiger der gr\u00f6\u00dften Unternehmen der Welt, als ob sie eine politische Partei leiteten, und nicht ein Unternehmen. Bis vor kurzem neigte die Kapitalistenklasse zu einer Arbeitsteilung zwischen ihr und der politischen Klasse. Kapitalisten waren im Gesch\u00e4ft, Geld zu verdienen und nicht dar\u00fcber zu moralisieren, wie sich die \u00d6ffentlichkeit verhalten und denken sollte. Jetzt scheinen viele von ihnen entschlossen zu sein, in das politische Leben einzudringen, um direkt die Gesetzgebung und die Regierung zu beeinflussen. Sie sind entschlossen, daf\u00fcr zu sorgen, dass ihre Ansichten und nicht die der gew\u00e4hlten Politiker und des Volkes Vorrang haben. Und wie die j\u00fcngsten Ereignisse zeigen, haben diese Firmen sogar die Macht, amerikanische Pr\u00e4sidenten zu zensieren und staatliche Gesetzgeber zu zwingen, sich von bestimmten Richtlinien zur\u00fcckzuziehen. Eine erwachte Konzernoligarchie ist kein Freund der Demokratie. Nicht nur Twitter und Facebook haben Donald Trump verboten, auch Amazon hat beschlossen, sozialkonservative B\u00fccher zu verbieten .<\/p><cite>Frank Furedi, The tyranny of woke capitalism, 25.6.2021<\/cite><\/blockquote>\n\n\n\n<p><em>Woke<\/em> soll hei\u00dfen, aufgeweckt und wachsam zu sein. Nehmen wir das einfach beim Wort: Gegen demokratische Wachsamkeit ist nichts einzuwenden. Sie erkennt die Feinde unserer Freiheit in jedem Kost\u00fcm und unter jeder Fahne, auch unter bunten.<\/p>\n\n\n\n<hr class=\"wp-block-separator\"\/>\n\n\n\n<p><a href=\"#_ftnref1\">[1]<\/a> Oswald Spengler, Der Untergang des Abendlandes, 1918 in zwei B\u00e4nden, hier zitert nach der einb\u00e4ndigen Ausgabe nach dem Druck von 1923, Anaconda-Verlag 2017, ISBN 978-3-7306-0453-3, S.72. Ich vertrete selbst nicht die Geschichtsdeutungen Spenglers. Manche Ph\u00e4nomene hat er aber sprachlich wunderbar auf den Punkt gebracht.<\/p>\n\n\n\n<p><a href=\"#_ftnref2\">[2]<\/a> Oswald Spengler, Der Untergang des Abendlandes, S.1322.<\/p>\n","protected":false},"excerpt":{"rendered":"<p>Einzelf\u00e4lle sind nur das Kr\u00e4useln der Oberfl\u00e4che Ereignisse wie der moslemische Anschlag von W\u00fcrzburg sind nur wie kr\u00e4uselndes Wasser an der Oberfl\u00e4che eines m\u00e4chtigen Stroms, ohne den sie sich gar nicht ereignen k\u00f6nnten. Nur die demografische und \u00f6konomische Lage in Afrika l\u00e4\u00dft uns verstehen, warum sich massenhaft \u201epsychisch gest\u00f6rte Einzelt\u00e4ter\u201c auf unseren Stra\u00dfen herumtreiben. Aus [&hellip;]<\/p>\n","protected":false},"author":1,"featured_media":3859,"comment_status":"open","ping_status":"open","sticky":false,"template":"","format":"standard","meta":{"h5ap_radio_sources":[],"twitterCardType":"","cardImageID":0,"cardImage":"","cardTitle":"","cardDesc":"","cardImageAlt":"","cardPlayer":"","cardPlayerWidth":0,"cardPlayerHeight":0,"cardPlayerStream":"","cardPlayerCodec":"","footnotes":""},"categories":[1,17],"tags":[],"class_list":["post-3858","post","type-post","status-publish","format-standard","has-post-thumbnail","hentry","category-allgemein","category-politik"],"yoast_head":"<!-- This site is optimized with the Yoast SEO plugin v27.5 - https:\/\/yoast.com\/product\/yoast-seo-wordpress\/ -->\n<title>Der Kapitalismus erwacht - Klaus Kunze<\/title>\n<meta name=\"robots\" content=\"index, follow, max-snippet:-1, max-image-preview:large, max-video-preview:-1\" \/>\n<link rel=\"canonical\" href=\"https:\/\/klauskunze.com\/blog\/2021\/06\/27\/der-kapitalismus-erwacht\/\" \/>\n<meta property=\"og:locale\" content=\"de_DE\" \/>\n<meta property=\"og:type\" content=\"article\" \/>\n<meta property=\"og:title\" content=\"Der Kapitalismus erwacht - Klaus Kunze\" \/>\n<meta property=\"og:description\" content=\"Einzelf\u00e4lle sind nur das Kr\u00e4useln der Oberfl\u00e4che Ereignisse wie der moslemische Anschlag von W\u00fcrzburg sind nur wie kr\u00e4uselndes Wasser an der Oberfl\u00e4che eines m\u00e4chtigen Stroms, ohne den sie sich gar nicht ereignen k\u00f6nnten. Nur die demografische und \u00f6konomische Lage in Afrika l\u00e4\u00dft uns verstehen, warum sich massenhaft \u201epsychisch gest\u00f6rte Einzelt\u00e4ter\u201c auf unseren Stra\u00dfen herumtreiben. Aus [&hellip;]\" \/>\n<meta property=\"og:url\" content=\"https:\/\/klauskunze.com\/blog\/2021\/06\/27\/der-kapitalismus-erwacht\/\" \/>\n<meta property=\"og:site_name\" content=\"Klaus Kunze\" \/>\n<meta property=\"article:published_time\" content=\"2021-06-27T11:18:15+00:00\" \/>\n<meta property=\"article:modified_time\" content=\"2021-06-27T13:27:05+00:00\" \/>\n<meta property=\"og:image\" content=\"https:\/\/klauskunze.com\/blog\/wp-content\/uploads\/2021\/06\/aa.jpg\" \/>\n\t<meta property=\"og:image:width\" content=\"587\" \/>\n\t<meta property=\"og:image:height\" content=\"1060\" \/>\n\t<meta property=\"og:image:type\" content=\"image\/jpeg\" \/>\n<meta name=\"author\" content=\"Klaus Kunze\" \/>\n<meta name=\"twitter:label1\" content=\"Verfasst von\" \/>\n\t<meta name=\"twitter:data1\" content=\"Klaus Kunze\" \/>\n\t<meta name=\"twitter:label2\" content=\"Gesch\u00e4tzte Lesezeit\" \/>\n\t<meta name=\"twitter:data2\" content=\"9\u00a0Minuten\" \/>\n<script type=\"application\/ld+json\" class=\"yoast-schema-graph\">{\"@context\":\"https:\\\/\\\/schema.org\",\"@graph\":[{\"@type\":\"Article\",\"@id\":\"https:\\\/\\\/klauskunze.com\\\/blog\\\/2021\\\/06\\\/27\\\/der-kapitalismus-erwacht\\\/#article\",\"isPartOf\":{\"@id\":\"https:\\\/\\\/klauskunze.com\\\/blog\\\/2021\\\/06\\\/27\\\/der-kapitalismus-erwacht\\\/\"},\"author\":{\"name\":\"Klaus Kunze\",\"@id\":\"https:\\\/\\\/klauskunze.com\\\/blog\\\/#\\\/schema\\\/person\\\/9c091cf30ab68b897db6a517e3c3b11b\"},\"headline\":\"Der Kapitalismus erwacht\",\"datePublished\":\"2021-06-27T11:18:15+00:00\",\"dateModified\":\"2021-06-27T13:27:05+00:00\",\"mainEntityOfPage\":{\"@id\":\"https:\\\/\\\/klauskunze.com\\\/blog\\\/2021\\\/06\\\/27\\\/der-kapitalismus-erwacht\\\/\"},\"wordCount\":2029,\"commentCount\":2,\"publisher\":{\"@id\":\"https:\\\/\\\/klauskunze.com\\\/blog\\\/#\\\/schema\\\/person\\\/9c091cf30ab68b897db6a517e3c3b11b\"},\"image\":{\"@id\":\"https:\\\/\\\/klauskunze.com\\\/blog\\\/2021\\\/06\\\/27\\\/der-kapitalismus-erwacht\\\/#primaryimage\"},\"thumbnailUrl\":\"https:\\\/\\\/klauskunze.com\\\/blog\\\/wp-content\\\/uploads\\\/2021\\\/06\\\/aa.jpg\",\"articleSection\":{\"1\":\"Politik\"},\"inLanguage\":\"de\",\"potentialAction\":[{\"@type\":\"CommentAction\",\"name\":\"Comment\",\"target\":[\"https:\\\/\\\/klauskunze.com\\\/blog\\\/2021\\\/06\\\/27\\\/der-kapitalismus-erwacht\\\/#respond\"]}]},{\"@type\":\"WebPage\",\"@id\":\"https:\\\/\\\/klauskunze.com\\\/blog\\\/2021\\\/06\\\/27\\\/der-kapitalismus-erwacht\\\/\",\"url\":\"https:\\\/\\\/klauskunze.com\\\/blog\\\/2021\\\/06\\\/27\\\/der-kapitalismus-erwacht\\\/\",\"name\":\"Der Kapitalismus erwacht - Klaus Kunze\",\"isPartOf\":{\"@id\":\"https:\\\/\\\/klauskunze.com\\\/blog\\\/#website\"},\"primaryImageOfPage\":{\"@id\":\"https:\\\/\\\/klauskunze.com\\\/blog\\\/2021\\\/06\\\/27\\\/der-kapitalismus-erwacht\\\/#primaryimage\"},\"image\":{\"@id\":\"https:\\\/\\\/klauskunze.com\\\/blog\\\/2021\\\/06\\\/27\\\/der-kapitalismus-erwacht\\\/#primaryimage\"},\"thumbnailUrl\":\"https:\\\/\\\/klauskunze.com\\\/blog\\\/wp-content\\\/uploads\\\/2021\\\/06\\\/aa.jpg\",\"datePublished\":\"2021-06-27T11:18:15+00:00\",\"dateModified\":\"2021-06-27T13:27:05+00:00\",\"breadcrumb\":{\"@id\":\"https:\\\/\\\/klauskunze.com\\\/blog\\\/2021\\\/06\\\/27\\\/der-kapitalismus-erwacht\\\/#breadcrumb\"},\"inLanguage\":\"de\",\"potentialAction\":[{\"@type\":\"ReadAction\",\"target\":[\"https:\\\/\\\/klauskunze.com\\\/blog\\\/2021\\\/06\\\/27\\\/der-kapitalismus-erwacht\\\/\"]}]},{\"@type\":\"ImageObject\",\"inLanguage\":\"de\",\"@id\":\"https:\\\/\\\/klauskunze.com\\\/blog\\\/2021\\\/06\\\/27\\\/der-kapitalismus-erwacht\\\/#primaryimage\",\"url\":\"https:\\\/\\\/klauskunze.com\\\/blog\\\/wp-content\\\/uploads\\\/2021\\\/06\\\/aa.jpg\",\"contentUrl\":\"https:\\\/\\\/klauskunze.com\\\/blog\\\/wp-content\\\/uploads\\\/2021\\\/06\\\/aa.jpg\",\"width\":587,\"height\":1060},{\"@type\":\"BreadcrumbList\",\"@id\":\"https:\\\/\\\/klauskunze.com\\\/blog\\\/2021\\\/06\\\/27\\\/der-kapitalismus-erwacht\\\/#breadcrumb\",\"itemListElement\":[{\"@type\":\"ListItem\",\"position\":1,\"name\":\"Startseite\",\"item\":\"https:\\\/\\\/klauskunze.com\\\/blog\\\/\"},{\"@type\":\"ListItem\",\"position\":2,\"name\":\"Der Kapitalismus erwacht\"}]},{\"@type\":\"WebSite\",\"@id\":\"https:\\\/\\\/klauskunze.com\\\/blog\\\/#website\",\"url\":\"https:\\\/\\\/klauskunze.com\\\/blog\\\/\",\"name\":\"Klaus Kunze\",\"description\":\"Blog\",\"publisher\":{\"@id\":\"https:\\\/\\\/klauskunze.com\\\/blog\\\/#\\\/schema\\\/person\\\/9c091cf30ab68b897db6a517e3c3b11b\"},\"potentialAction\":[{\"@type\":\"SearchAction\",\"target\":{\"@type\":\"EntryPoint\",\"urlTemplate\":\"https:\\\/\\\/klauskunze.com\\\/blog\\\/?s={search_term_string}\"},\"query-input\":{\"@type\":\"PropertyValueSpecification\",\"valueRequired\":true,\"valueName\":\"search_term_string\"}}],\"inLanguage\":\"de\"},{\"@type\":[\"Person\",\"Organization\"],\"@id\":\"https:\\\/\\\/klauskunze.com\\\/blog\\\/#\\\/schema\\\/person\\\/9c091cf30ab68b897db6a517e3c3b11b\",\"name\":\"Klaus Kunze\",\"image\":{\"@type\":\"ImageObject\",\"inLanguage\":\"de\",\"@id\":\"https:\\\/\\\/secure.gravatar.com\\\/avatar\\\/5cd83cadbada9c331a79952fcca177ed3d3be4c7ad3239b9d934bf84adff15dd?s=96&d=blank&r=g\",\"url\":\"https:\\\/\\\/secure.gravatar.com\\\/avatar\\\/5cd83cadbada9c331a79952fcca177ed3d3be4c7ad3239b9d934bf84adff15dd?s=96&d=blank&r=g\",\"contentUrl\":\"https:\\\/\\\/secure.gravatar.com\\\/avatar\\\/5cd83cadbada9c331a79952fcca177ed3d3be4c7ad3239b9d934bf84adff15dd?s=96&d=blank&r=g\",\"caption\":\"Klaus Kunze\"},\"logo\":{\"@id\":\"https:\\\/\\\/secure.gravatar.com\\\/avatar\\\/5cd83cadbada9c331a79952fcca177ed3d3be4c7ad3239b9d934bf84adff15dd?s=96&d=blank&r=g\"},\"sameAs\":[\"http:\\\/\\\/KlausKunze.com\",\"https:\\\/\\\/x.com\\\/https:\\\/\\\/twitter.com\\\/KlausKunze3\"]}]}<\/script>\n<!-- \/ Yoast SEO plugin. -->","yoast_head_json":{"title":"Der Kapitalismus erwacht - Klaus Kunze","robots":{"index":"index","follow":"follow","max-snippet":"max-snippet:-1","max-image-preview":"max-image-preview:large","max-video-preview":"max-video-preview:-1"},"canonical":"https:\/\/klauskunze.com\/blog\/2021\/06\/27\/der-kapitalismus-erwacht\/","og_locale":"de_DE","og_type":"article","og_title":"Der Kapitalismus erwacht - Klaus Kunze","og_description":"Einzelf\u00e4lle sind nur das Kr\u00e4useln der Oberfl\u00e4che Ereignisse wie der moslemische Anschlag von W\u00fcrzburg sind nur wie kr\u00e4uselndes Wasser an der Oberfl\u00e4che eines m\u00e4chtigen Stroms, ohne den sie sich gar nicht ereignen k\u00f6nnten. Nur die demografische und \u00f6konomische Lage in Afrika l\u00e4\u00dft uns verstehen, warum sich massenhaft \u201epsychisch gest\u00f6rte Einzelt\u00e4ter\u201c auf unseren Stra\u00dfen herumtreiben. Aus [&hellip;]","og_url":"https:\/\/klauskunze.com\/blog\/2021\/06\/27\/der-kapitalismus-erwacht\/","og_site_name":"Klaus Kunze","article_published_time":"2021-06-27T11:18:15+00:00","article_modified_time":"2021-06-27T13:27:05+00:00","og_image":[{"width":587,"height":1060,"url":"https:\/\/klauskunze.com\/blog\/wp-content\/uploads\/2021\/06\/aa.jpg","type":"image\/jpeg"}],"author":"Klaus Kunze","twitter_misc":{"Verfasst von":"Klaus Kunze","Gesch\u00e4tzte Lesezeit":"9\u00a0Minuten"},"schema":{"@context":"https:\/\/schema.org","@graph":[{"@type":"Article","@id":"https:\/\/klauskunze.com\/blog\/2021\/06\/27\/der-kapitalismus-erwacht\/#article","isPartOf":{"@id":"https:\/\/klauskunze.com\/blog\/2021\/06\/27\/der-kapitalismus-erwacht\/"},"author":{"name":"Klaus Kunze","@id":"https:\/\/klauskunze.com\/blog\/#\/schema\/person\/9c091cf30ab68b897db6a517e3c3b11b"},"headline":"Der Kapitalismus erwacht","datePublished":"2021-06-27T11:18:15+00:00","dateModified":"2021-06-27T13:27:05+00:00","mainEntityOfPage":{"@id":"https:\/\/klauskunze.com\/blog\/2021\/06\/27\/der-kapitalismus-erwacht\/"},"wordCount":2029,"commentCount":2,"publisher":{"@id":"https:\/\/klauskunze.com\/blog\/#\/schema\/person\/9c091cf30ab68b897db6a517e3c3b11b"},"image":{"@id":"https:\/\/klauskunze.com\/blog\/2021\/06\/27\/der-kapitalismus-erwacht\/#primaryimage"},"thumbnailUrl":"https:\/\/klauskunze.com\/blog\/wp-content\/uploads\/2021\/06\/aa.jpg","articleSection":{"1":"Politik"},"inLanguage":"de","potentialAction":[{"@type":"CommentAction","name":"Comment","target":["https:\/\/klauskunze.com\/blog\/2021\/06\/27\/der-kapitalismus-erwacht\/#respond"]}]},{"@type":"WebPage","@id":"https:\/\/klauskunze.com\/blog\/2021\/06\/27\/der-kapitalismus-erwacht\/","url":"https:\/\/klauskunze.com\/blog\/2021\/06\/27\/der-kapitalismus-erwacht\/","name":"Der Kapitalismus erwacht - Klaus Kunze","isPartOf":{"@id":"https:\/\/klauskunze.com\/blog\/#website"},"primaryImageOfPage":{"@id":"https:\/\/klauskunze.com\/blog\/2021\/06\/27\/der-kapitalismus-erwacht\/#primaryimage"},"image":{"@id":"https:\/\/klauskunze.com\/blog\/2021\/06\/27\/der-kapitalismus-erwacht\/#primaryimage"},"thumbnailUrl":"https:\/\/klauskunze.com\/blog\/wp-content\/uploads\/2021\/06\/aa.jpg","datePublished":"2021-06-27T11:18:15+00:00","dateModified":"2021-06-27T13:27:05+00:00","breadcrumb":{"@id":"https:\/\/klauskunze.com\/blog\/2021\/06\/27\/der-kapitalismus-erwacht\/#breadcrumb"},"inLanguage":"de","potentialAction":[{"@type":"ReadAction","target":["https:\/\/klauskunze.com\/blog\/2021\/06\/27\/der-kapitalismus-erwacht\/"]}]},{"@type":"ImageObject","inLanguage":"de","@id":"https:\/\/klauskunze.com\/blog\/2021\/06\/27\/der-kapitalismus-erwacht\/#primaryimage","url":"https:\/\/klauskunze.com\/blog\/wp-content\/uploads\/2021\/06\/aa.jpg","contentUrl":"https:\/\/klauskunze.com\/blog\/wp-content\/uploads\/2021\/06\/aa.jpg","width":587,"height":1060},{"@type":"BreadcrumbList","@id":"https:\/\/klauskunze.com\/blog\/2021\/06\/27\/der-kapitalismus-erwacht\/#breadcrumb","itemListElement":[{"@type":"ListItem","position":1,"name":"Startseite","item":"https:\/\/klauskunze.com\/blog\/"},{"@type":"ListItem","position":2,"name":"Der Kapitalismus erwacht"}]},{"@type":"WebSite","@id":"https:\/\/klauskunze.com\/blog\/#website","url":"https:\/\/klauskunze.com\/blog\/","name":"Klaus Kunze","description":"Blog","publisher":{"@id":"https:\/\/klauskunze.com\/blog\/#\/schema\/person\/9c091cf30ab68b897db6a517e3c3b11b"},"potentialAction":[{"@type":"SearchAction","target":{"@type":"EntryPoint","urlTemplate":"https:\/\/klauskunze.com\/blog\/?s={search_term_string}"},"query-input":{"@type":"PropertyValueSpecification","valueRequired":true,"valueName":"search_term_string"}}],"inLanguage":"de"},{"@type":["Person","Organization"],"@id":"https:\/\/klauskunze.com\/blog\/#\/schema\/person\/9c091cf30ab68b897db6a517e3c3b11b","name":"Klaus Kunze","image":{"@type":"ImageObject","inLanguage":"de","@id":"https:\/\/secure.gravatar.com\/avatar\/5cd83cadbada9c331a79952fcca177ed3d3be4c7ad3239b9d934bf84adff15dd?s=96&d=blank&r=g","url":"https:\/\/secure.gravatar.com\/avatar\/5cd83cadbada9c331a79952fcca177ed3d3be4c7ad3239b9d934bf84adff15dd?s=96&d=blank&r=g","contentUrl":"https:\/\/secure.gravatar.com\/avatar\/5cd83cadbada9c331a79952fcca177ed3d3be4c7ad3239b9d934bf84adff15dd?s=96&d=blank&r=g","caption":"Klaus Kunze"},"logo":{"@id":"https:\/\/secure.gravatar.com\/avatar\/5cd83cadbada9c331a79952fcca177ed3d3be4c7ad3239b9d934bf84adff15dd?s=96&d=blank&r=g"},"sameAs":["http:\/\/KlausKunze.com","https:\/\/x.com\/https:\/\/twitter.com\/KlausKunze3"]}]}},"post_mailing_queue_ids":[],"_links":{"self":[{"href":"https:\/\/klauskunze.com\/blog\/wp-json\/wp\/v2\/posts\/3858","targetHints":{"allow":["GET"]}}],"collection":[{"href":"https:\/\/klauskunze.com\/blog\/wp-json\/wp\/v2\/posts"}],"about":[{"href":"https:\/\/klauskunze.com\/blog\/wp-json\/wp\/v2\/types\/post"}],"author":[{"embeddable":true,"href":"https:\/\/klauskunze.com\/blog\/wp-json\/wp\/v2\/users\/1"}],"replies":[{"embeddable":true,"href":"https:\/\/klauskunze.com\/blog\/wp-json\/wp\/v2\/comments?post=3858"}],"version-history":[{"count":12,"href":"https:\/\/klauskunze.com\/blog\/wp-json\/wp\/v2\/posts\/3858\/revisions"}],"predecessor-version":[{"id":3876,"href":"https:\/\/klauskunze.com\/blog\/wp-json\/wp\/v2\/posts\/3858\/revisions\/3876"}],"wp:featuredmedia":[{"embeddable":true,"href":"https:\/\/klauskunze.com\/blog\/wp-json\/wp\/v2\/media\/3859"}],"wp:attachment":[{"href":"https:\/\/klauskunze.com\/blog\/wp-json\/wp\/v2\/media?parent=3858"}],"wp:term":[{"taxonomy":"category","embeddable":true,"href":"https:\/\/klauskunze.com\/blog\/wp-json\/wp\/v2\/categories?post=3858"},{"taxonomy":"post_tag","embeddable":true,"href":"https:\/\/klauskunze.com\/blog\/wp-json\/wp\/v2\/tags?post=3858"}],"curies":[{"name":"wp","href":"https:\/\/api.w.org\/{rel}","templated":true}]}}