{"id":3877,"date":"2021-06-30T10:09:30","date_gmt":"2021-06-30T08:09:30","guid":{"rendered":"http:\/\/klauskunze.com\/blog\/?p=3877"},"modified":"2021-06-30T11:06:56","modified_gmt":"2021-06-30T09:06:56","slug":"nicht-meine-mannschaft","status":"publish","type":"post","link":"https:\/\/klauskunze.com\/blog\/2021\/06\/30\/nicht-meine-mannschaft\/","title":{"rendered":"Nicht meine Mannschaft"},"content":{"rendered":"\n<p>Ich habe gestern nicht mit verloren. Meine Mannschaft hat in Wembley nicht gespielt. Wer dort Tore scho\u00df, ging mich nichts an.<\/p>\n\n\n\n<p>Vorher war klar: Die Elf unter ihrem Spielf\u00fchrer mit der Regenbogenarmbinde w\u00fcrde vor dem Anpfiff niederknien. So etwas mu\u00dfte ich mir nicht ansehen. Ich wollte es auch nicht sehen. Statt an der Mattscheibe dem dem\u00fctigen Unterwerfungsritual beizuwohnen, ging ich lieber mit meinem Hund in den Wald. Ich habe das Spiel nicht gesehen.<\/p>\n\n\n\n<p>Schon beim vergangenen Spiel hatte ich befremdet in die Gesichter der Elf geblickt, wie sie sich da vor dem Anpfiff bem\u00fchten, das Deutschlandlied zu singen. Ihre Mimik und ihre Gesichter blieben mir fremd. Da sprang kein Funke \u00fcber. Mit einer solchen Mannschaft konnte ich mich nicht identifizieren.<\/p>\n\n\n\n<p>Wie hatte ich bei Bundesligaspielen und Weltmeisterschaften seit \u00fcber f\u00fcnfzig Jahren gebangt, gezittert und gelitten, oft auch gejubelt! Die S\u00fcdkurve im K\u00f6lner Stadion war mein zweites Zuhause. Am Fu\u00dfballfieber hat es also nie gefehlt.<\/p>\n\n\n\n<figure class=\"wp-block-image size-large\"><img loading=\"lazy\" decoding=\"async\" width=\"799\" height=\"618\" src=\"http:\/\/klauskunze.com\/blog\/wp-content\/uploads\/2021\/06\/Zuschneiden_11-2.jpg\" alt=\"\" class=\"wp-image-3888\" srcset=\"https:\/\/klauskunze.com\/blog\/wp-content\/uploads\/2021\/06\/Zuschneiden_11-2.jpg 799w, https:\/\/klauskunze.com\/blog\/wp-content\/uploads\/2021\/06\/Zuschneiden_11-2-300x232.jpg 300w, https:\/\/klauskunze.com\/blog\/wp-content\/uploads\/2021\/06\/Zuschneiden_11-2-768x594.jpg 768w\" sizes=\"auto, (max-width: 799px) 100vw, 799px\" \/><figcaption>Die Presse und das Internet berichteten ausf\u00fchrlich \u00fcber die kontroverse Diskussion zum Niederknien (<a href=\"https:\/\/www.watson.de\/sport\/analyse\/577713332-em-2020-dfb-kniefall-sorgt-fuer-gespaltene-reaktionen\">Bildzitat: Watson.de<\/a>)<\/figcaption><\/figure>\n\n\n\n<h2 class=\"wp-block-heading\">Identifikation mit wem und was?<\/h2>\n\n\n\n<p>Mit der DFB-Elf in Wembley vermochten sich sehr viele Deutsche nicht zu identifizieren. Deutschlandf\u00e4hnchen auf Autos sah ich nur sp\u00e4rlich. Auf Twitter wurde die Mannschaft nach Kniefall und Niederlage mit Hohn und Spott \u00fcbersch\u00fcttet: auf Knien k\u00f6nne man schlecht spielen und siegen! Das sahen auch russische Zuschauer so:<\/p>\n\n\n\n<blockquote class=\"wp-block-quote is-layout-flow wp-block-quote-is-layout-flow\"><p>Die Zuschauer im russischen Sankt Petersburg haben sogar gellend gepfiffen, als die Belgier vor dem ersten Vorrundenspiel gegen Ru\u00dfland auf die Knie gingen. Die Spieler des russischen Teams blieben stehen.<\/p><cite><a href=\"https:\/\/www.watson.de\/sport\/analyse\/577713332-em-2020-dfb-kniefall-sorgt-fuer-gespaltene-reaktionen\">Sebastian Heinrich, Watson.de 30.6.2021<\/a>.<\/cite><\/blockquote>\n\n\n\n<p>Das kollektive Wir-Gef\u00fchl blieb aus. Damit mich etwas angeht, was die Elf da auf dem Platz so treiben, mu\u00df ich mich mit ihnen identifizieren k\u00f6nnen und wollen. Jede Identifikation mit anderen ist ein kollektives Erlebnis, kein individuelles. Viele erkennen sich in den Wenigen wieder und f\u00fchlen sich mit ihnen eins. Es sind dann &#8222;unsere&#8220;, die sich da &#8222;f\u00fcr uns&#8220; einsetzen.<\/p>\n\n\n\n<p>Es kann sich aber niemand in Menschen wiedererkennen, die ihm fremd vorkommen. Warum soll man fu\u00dfballerische Fremdenlegion\u00e4re ins Herz schlie\u00dfen? Meine Volksschullehrerin&nbsp; hatte uns Kinder \u00fcber zehn Minuten Fu\u00dfweg zu den nahe gelegenen Jahnwiesen vor dem K\u00f6lner Stadion gef\u00fchrt, wo unser Sportunterricht stattfand und ich die FC-Mannschaft eine Wiese weiter trainieren sah. Deutschland war f\u00fcr mich nur ein sehr abstrakter Begriff. Ich glaubte als kleines Kind erst, es m\u00fcsse irgendwo in K\u00f6ln liegen.<\/p>\n\n\n\n<p>Seine innerste Identit\u00e4t sucht man sich nicht aus, man wird mit ihr gro\u00df. Da\u00df die trainierenden rot-wei\u00dfen Spieler auf der Jahnwiese &#8222;unser&#8220; FC waren, gegen den irgendwelche andersfarbigen Mannschaften immer zu Spielen anreisten, war klar und nie das Ergebnis eines bewu\u00dften Entscheidungsprozesses. FC-Fan wird man nicht, man ist es als K\u00f6lner ganz von allein.<\/p>\n\n\n\n<figure class=\"wp-block-image size-large\"><img loading=\"lazy\" decoding=\"async\" width=\"1024\" height=\"719\" src=\"http:\/\/klauskunze.com\/blog\/wp-content\/uploads\/2021\/06\/1972-025-1.April-1972-1024x719.jpg\" alt=\"\" class=\"wp-image-3879\" srcset=\"https:\/\/klauskunze.com\/blog\/wp-content\/uploads\/2021\/06\/1972-025-1.April-1972-1024x719.jpg 1024w, https:\/\/klauskunze.com\/blog\/wp-content\/uploads\/2021\/06\/1972-025-1.April-1972-300x211.jpg 300w, https:\/\/klauskunze.com\/blog\/wp-content\/uploads\/2021\/06\/1972-025-1.April-1972-768x539.jpg 768w, https:\/\/klauskunze.com\/blog\/wp-content\/uploads\/2021\/06\/1972-025-1.April-1972-1536x1078.jpg 1536w, https:\/\/klauskunze.com\/blog\/wp-content\/uploads\/2021\/06\/1972-025-1.April-1972-2048x1437.jpg 2048w, https:\/\/klauskunze.com\/blog\/wp-content\/uploads\/2021\/06\/1972-025-1.April-1972-900x632.jpg 900w, https:\/\/klauskunze.com\/blog\/wp-content\/uploads\/2021\/06\/1972-025-1.April-1972-1280x898.jpg 1280w\" sizes=\"auto, (max-width: 1024px) 100vw, 1024px\" \/><figcaption>Identifikation mit dem Eigenen: Der Verfasser links im Bild mit zeittypischer Haartracht am 1. April 1972 beim Ausw\u00e4rtsspiel in M\u00fcnchen<\/figcaption><\/figure>\n\n\n\n<p>Man ist auch als Deutscher ganz von selbst Anh\u00e4nger der deutschen Nationalmannschaft &#8211; wenn es denn eine gibt. Liefe mein FC unversehens unter blau-wei\u00dfen Fahnen auf den Platz, w\u00fcrde das meine Identifikation zerst\u00f6ren. Mannschaften sind Kollektive, deren Spieler wechseln. Die Vereinsfarben vereinen sie. Sie symbolisieren die Kontinuit\u00e4t des Vereins und erm\u00f6glichen seinen Anh\u00e4ngern, sich mit den Spielern eins zu f\u00fchlen. Gemeinsame Symbole wie in K\u00f6ln der Gei\u00dfbock Hennes und gemeinsame Lieder runden das Gemeinschaftserlebnis ab.<\/p>\n\n\n\n<p>Man kann diese Symbole nicht willk\u00fcrlich auswechseln. Die Symbole Deutschlands und einer deutschen Nationalmannschaft sind schwarz-rot-gold. Man kann sie nicht einfach auswechseln und durch kunterbunte Armbinden ersetzen, sagen wir mal mit den Kirchenfarben, einem roten Stern oder einem anderen Symbol irgendeiner gesellschaftlichen Teilgruppe. Gerade die moderne Industriegesellschaft kann ihre Massen nur durch Gemeinschaft stiftende Symbole integrieren. Das gilt in besonderem Ma\u00dfe in einer in sich extrem heterogenen Gesellschaft wie der heutigen.<\/p>\n\n\n\n<p>Mit fremden Gesichtern und fremden Symbolen identifiziert man sich emotional nicht, zumal wenn diese Symbole f\u00fcr ein Minderheitenlager in einer angespannten innergesellschaftlichen Konfliktlage stehen.<\/p>\n\n\n\n<h2 class=\"wp-block-heading\">Das dem\u00fctige Knien als Symbol<\/h2>\n\n\n\n<p>Der dem\u00fctige Kniefall gibt der Identifikation den Gnadensto\u00df. Jahrzehntelang erscholl von Stadionr\u00e4ngen: &#8222;Steht auf, wenn ihr Deutsche &#8230;. (K\u00f6lner, Bayern etc.) seid!&#8220; Der Kniefall symbolisiert Unterwerfung und Schw\u00e4che &#8211; nicht gerade, was man als Fu\u00dfballanh\u00e4nger bei der eigenen Mannschaft sehen m\u00f6chte.<\/p>\n\n\n\n<div class=\"wp-block-image\"><figure class=\"aligncenter size-large\"><img loading=\"lazy\" decoding=\"async\" width=\"505\" height=\"172\" src=\"http:\/\/klauskunze.com\/blog\/wp-content\/uploads\/2021\/06\/Zuschneiden_10.jpg\" alt=\"\" class=\"wp-image-3881\" srcset=\"https:\/\/klauskunze.com\/blog\/wp-content\/uploads\/2021\/06\/Zuschneiden_10.jpg 505w, https:\/\/klauskunze.com\/blog\/wp-content\/uploads\/2021\/06\/Zuschneiden_10-300x102.jpg 300w\" sizes=\"auto, (max-width: 505px) 100vw, 505px\" \/><\/figure><\/div>\n\n\n\n<p>Sich niederzuwerfen oder zu knien ist ein jahrtausendealtes Ritual, das weltweit von jedem Menschen jeder Kultur sofort verstanden wird: Jemand dem\u00fctigt sich und erkennt einen anderen als h\u00f6herstehend an. Antike Verlierer warfen sich dem Schlachtensieger zu F\u00fc\u00dfen und unterwarfen sich. In der Kirche oder vor einem Priester kniet man nieder, weil dieser die Allmacht Gottes zu vertreten scheint. Der Knappe kniete vor dem Ritter, um den Ritterschlag zu erhalten. Erst danach durfte er aufstehen und dem Ritter auf Augenh\u00f6he ebenb\u00fcrtig gegen\u00fcberstehen.<\/p>\n\n\n\n<p>Durch einen Kniefall erkennt jemand immer einen anderen als substantiell h\u00f6herstehend an. Erst das demokratische Zeitalter hat damit aufger\u00e4umt. Vor \u00fcber hundert Jahren wurden alle Standesunterschiede in Deutschland gesetzlich abgeschafft. Niemand steht mehr h\u00f6her als irgend ein anderer. Demokraten knien nicht. Ihre Menschenw\u00fcrde ist unantastbar. Man wirft sie auch nicht mutwillig in den Dreck, indem man sich selbst in diesen Dreck kniet. Die neue deutsche Unterw\u00fcrfigkeit widerspricht allen demokratischen Werthaltungen, die uns seit 1945 gepredigt und die im Grundgesetz garantiert worden sind.<\/p>\n\n\n\n<p>Freilich freuen sich die \u00fcblichen Verd\u00e4chtigen, die schon immern gern Deutschland im Dreck liegen sehen w\u00fcrden. W\u00e4hrend auf den \u00f6ffentlich-rechtlichen Staatssendern eitel Freude und Zustimmung herrschte, berichteten Plattformen wie Watson.de sachlich dar\u00fcber, wie zwiesp\u00e4ltig die Reaktionen ausfielen.<\/p>\n\n\n\n<div class=\"wp-block-image\"><figure class=\"aligncenter size-large\"><img loading=\"lazy\" decoding=\"async\" width=\"456\" height=\"644\" src=\"http:\/\/klauskunze.com\/blog\/wp-content\/uploads\/2021\/06\/Zuschneiden_12.jpg\" alt=\"\" class=\"wp-image-3884\" srcset=\"https:\/\/klauskunze.com\/blog\/wp-content\/uploads\/2021\/06\/Zuschneiden_12.jpg 456w, https:\/\/klauskunze.com\/blog\/wp-content\/uploads\/2021\/06\/Zuschneiden_12-212x300.jpg 212w\" sizes=\"auto, (max-width: 456px) 100vw, 456px\" \/><figcaption><a href=\"https:\/\/www.watson.de\/sport\/analyse\/577713332-em-2020-dfb-kniefall-sorgt-fuer-gespaltene-reaktionen\">Berichterstattung auf Watson.de \u00fcber Claudia Roths Freude.<\/a><\/figcaption><\/figure><\/div>\n\n\n\n<h2 class=\"wp-block-heading\">Kann ein Kamel Katzen repr\u00e4sentieren?<\/h2>\n\n\n\n<p>Konstruktiv setzt unser Grundgesetz auf den Gedanken der Repr\u00e4sentation: Gew\u00e4hlte Repr\u00e4sentanten ziehen als Abgeordnete des Volkes im Parlament ein. Der Fiktion nach &#8222;repr\u00e4sentieren&#8220; sie dieses Volk und erlassen in seinem Namen Gesetze.<\/p>\n\n\n\n<p>Man kann aber nur jemanden oder etwas repr\u00e4sentieren, mit dem man selbst identisch ist. Ein Kamel k\u00f6nnte nicht die Katzen repr\u00e4sentieren. Gedanklich lebt jede Repr\u00e4sentation von der Vorstellung, die Repr\u00e4sentierten handelten gleichsam durch ihre Repr\u00e4sentanten. Das demokratisch verfa\u00dfte deutsche Volk gibt sich selbst durch seine Repr\u00e4sentanten die Gesetze. Eben und nur darum gilt die Verfassung als demokratisch.<\/p>\n\n\n\n<p>Auch eine Fu\u00dfballmannschaft kann nur dann eine Nationalmannschaft sein, wenn sie die Nation repr\u00e4sentiert. Wenn man \u00fcberhaupt an Fiktionen wie die Repr\u00e4sentierbarkeit glaubt, steht und f\u00e4llt sie jedenfalls mit dem Glauben der Repr\u00e4sentierten: Die da in unserem Namen und mit unseren Farben stehen, repr\u00e4sentieren uns, sie handeln f\u00fcr uns, sie nehmen Teil an einem \u00fcbergreifenden kollektiven Wir. So habe ich es seit einem halben Jahrhundert tats\u00e4chlich erlebt, als ganz Deutschland manchmal jubelnd und begeistert hinter seiner Mannschaft stand.<\/p>\n\n\n\n<p>Aus der Traum. Mich repr\u00e4sentiert jene buntscheckige Elf jedenfalls nicht: nicht der Mannschaftskapit\u00e4n mit der bunten, von Uwe Junge so genannten Schwuchtelbinde und keiner der dem\u00fctig Knienden. So kommt wenigstens keine Traurigkeit auf, wenn der von L\u00f6w zusammengew\u00fcrfelte Haufen verloren hat. Wenigstens m\u00fcssen sie jetzt in diesem Tournier nicht noch einmal knien.<\/p>\n\n\n\n<p>Es bleibt ein Verlustgef\u00fchl, ein Phantomschmerz: Fr\u00fcher, als Deutschland noch fr\u00f6hlich und normal war: Da gab es doch mal was &#8230;. ?<\/p>\n","protected":false},"excerpt":{"rendered":"<p>Ich habe gestern nicht mit verloren. Meine Mannschaft hat in Wembley nicht gespielt. Wer dort Tore scho\u00df, ging mich nichts an. Vorher war klar: Die Elf unter ihrem Spielf\u00fchrer mit der Regenbogenarmbinde w\u00fcrde vor dem Anpfiff niederknien. So etwas mu\u00dfte ich mir nicht ansehen. Ich wollte es auch nicht sehen. Statt an der Mattscheibe dem [&hellip;]<\/p>\n","protected":false},"author":1,"featured_media":3888,"comment_status":"open","ping_status":"open","sticky":false,"template":"","format":"standard","meta":{"h5ap_radio_sources":[],"twitterCardType":"","cardImageID":0,"cardImage":"","cardTitle":"","cardDesc":"","cardImageAlt":"","cardPlayer":"","cardPlayerWidth":0,"cardPlayerHeight":0,"cardPlayerStream":"","cardPlayerCodec":"","footnotes":""},"categories":[1,17],"tags":[],"class_list":["post-3877","post","type-post","status-publish","format-standard","has-post-thumbnail","hentry","category-allgemein","category-politik"],"yoast_head":"<!-- This site is optimized with the Yoast SEO plugin v27.5 - https:\/\/yoast.com\/product\/yoast-seo-wordpress\/ -->\n<title>Nicht meine Mannschaft - Klaus Kunze<\/title>\n<meta name=\"robots\" content=\"index, follow, max-snippet:-1, max-image-preview:large, max-video-preview:-1\" \/>\n<link rel=\"canonical\" href=\"https:\/\/klauskunze.com\/blog\/2021\/06\/30\/nicht-meine-mannschaft\/\" \/>\n<meta property=\"og:locale\" content=\"de_DE\" \/>\n<meta property=\"og:type\" content=\"article\" \/>\n<meta property=\"og:title\" content=\"Nicht meine Mannschaft - Klaus Kunze\" \/>\n<meta property=\"og:description\" content=\"Ich habe gestern nicht mit verloren. Meine Mannschaft hat in Wembley nicht gespielt. Wer dort Tore scho\u00df, ging mich nichts an. Vorher war klar: Die Elf unter ihrem Spielf\u00fchrer mit der Regenbogenarmbinde w\u00fcrde vor dem Anpfiff niederknien. So etwas mu\u00dfte ich mir nicht ansehen. Ich wollte es auch nicht sehen. Statt an der Mattscheibe dem [&hellip;]\" \/>\n<meta property=\"og:url\" content=\"https:\/\/klauskunze.com\/blog\/2021\/06\/30\/nicht-meine-mannschaft\/\" \/>\n<meta property=\"og:site_name\" content=\"Klaus Kunze\" \/>\n<meta property=\"article:published_time\" content=\"2021-06-30T08:09:30+00:00\" \/>\n<meta property=\"article:modified_time\" content=\"2021-06-30T09:06:56+00:00\" \/>\n<meta property=\"og:image\" content=\"https:\/\/klauskunze.com\/blog\/wp-content\/uploads\/2021\/06\/Zuschneiden_11-2.jpg\" \/>\n\t<meta property=\"og:image:width\" content=\"799\" \/>\n\t<meta property=\"og:image:height\" content=\"618\" \/>\n\t<meta property=\"og:image:type\" content=\"image\/jpeg\" \/>\n<meta name=\"author\" content=\"Klaus Kunze\" \/>\n<meta name=\"twitter:label1\" content=\"Verfasst von\" \/>\n\t<meta name=\"twitter:data1\" content=\"Klaus Kunze\" \/>\n\t<meta name=\"twitter:label2\" content=\"Gesch\u00e4tzte Lesezeit\" \/>\n\t<meta name=\"twitter:data2\" content=\"6\u00a0Minuten\" \/>\n<script type=\"application\/ld+json\" class=\"yoast-schema-graph\">{\"@context\":\"https:\\\/\\\/schema.org\",\"@graph\":[{\"@type\":\"Article\",\"@id\":\"https:\\\/\\\/klauskunze.com\\\/blog\\\/2021\\\/06\\\/30\\\/nicht-meine-mannschaft\\\/#article\",\"isPartOf\":{\"@id\":\"https:\\\/\\\/klauskunze.com\\\/blog\\\/2021\\\/06\\\/30\\\/nicht-meine-mannschaft\\\/\"},\"author\":{\"name\":\"Klaus Kunze\",\"@id\":\"https:\\\/\\\/klauskunze.com\\\/blog\\\/#\\\/schema\\\/person\\\/9c091cf30ab68b897db6a517e3c3b11b\"},\"headline\":\"Nicht meine Mannschaft\",\"datePublished\":\"2021-06-30T08:09:30+00:00\",\"dateModified\":\"2021-06-30T09:06:56+00:00\",\"mainEntityOfPage\":{\"@id\":\"https:\\\/\\\/klauskunze.com\\\/blog\\\/2021\\\/06\\\/30\\\/nicht-meine-mannschaft\\\/\"},\"wordCount\":1234,\"commentCount\":3,\"publisher\":{\"@id\":\"https:\\\/\\\/klauskunze.com\\\/blog\\\/#\\\/schema\\\/person\\\/9c091cf30ab68b897db6a517e3c3b11b\"},\"image\":{\"@id\":\"https:\\\/\\\/klauskunze.com\\\/blog\\\/2021\\\/06\\\/30\\\/nicht-meine-mannschaft\\\/#primaryimage\"},\"thumbnailUrl\":\"https:\\\/\\\/klauskunze.com\\\/blog\\\/wp-content\\\/uploads\\\/2021\\\/06\\\/Zuschneiden_11-2.jpg\",\"articleSection\":{\"1\":\"Politik\"},\"inLanguage\":\"de\",\"potentialAction\":[{\"@type\":\"CommentAction\",\"name\":\"Comment\",\"target\":[\"https:\\\/\\\/klauskunze.com\\\/blog\\\/2021\\\/06\\\/30\\\/nicht-meine-mannschaft\\\/#respond\"]}]},{\"@type\":\"WebPage\",\"@id\":\"https:\\\/\\\/klauskunze.com\\\/blog\\\/2021\\\/06\\\/30\\\/nicht-meine-mannschaft\\\/\",\"url\":\"https:\\\/\\\/klauskunze.com\\\/blog\\\/2021\\\/06\\\/30\\\/nicht-meine-mannschaft\\\/\",\"name\":\"Nicht meine Mannschaft - Klaus Kunze\",\"isPartOf\":{\"@id\":\"https:\\\/\\\/klauskunze.com\\\/blog\\\/#website\"},\"primaryImageOfPage\":{\"@id\":\"https:\\\/\\\/klauskunze.com\\\/blog\\\/2021\\\/06\\\/30\\\/nicht-meine-mannschaft\\\/#primaryimage\"},\"image\":{\"@id\":\"https:\\\/\\\/klauskunze.com\\\/blog\\\/2021\\\/06\\\/30\\\/nicht-meine-mannschaft\\\/#primaryimage\"},\"thumbnailUrl\":\"https:\\\/\\\/klauskunze.com\\\/blog\\\/wp-content\\\/uploads\\\/2021\\\/06\\\/Zuschneiden_11-2.jpg\",\"datePublished\":\"2021-06-30T08:09:30+00:00\",\"dateModified\":\"2021-06-30T09:06:56+00:00\",\"breadcrumb\":{\"@id\":\"https:\\\/\\\/klauskunze.com\\\/blog\\\/2021\\\/06\\\/30\\\/nicht-meine-mannschaft\\\/#breadcrumb\"},\"inLanguage\":\"de\",\"potentialAction\":[{\"@type\":\"ReadAction\",\"target\":[\"https:\\\/\\\/klauskunze.com\\\/blog\\\/2021\\\/06\\\/30\\\/nicht-meine-mannschaft\\\/\"]}]},{\"@type\":\"ImageObject\",\"inLanguage\":\"de\",\"@id\":\"https:\\\/\\\/klauskunze.com\\\/blog\\\/2021\\\/06\\\/30\\\/nicht-meine-mannschaft\\\/#primaryimage\",\"url\":\"https:\\\/\\\/klauskunze.com\\\/blog\\\/wp-content\\\/uploads\\\/2021\\\/06\\\/Zuschneiden_11-2.jpg\",\"contentUrl\":\"https:\\\/\\\/klauskunze.com\\\/blog\\\/wp-content\\\/uploads\\\/2021\\\/06\\\/Zuschneiden_11-2.jpg\",\"width\":799,\"height\":618},{\"@type\":\"BreadcrumbList\",\"@id\":\"https:\\\/\\\/klauskunze.com\\\/blog\\\/2021\\\/06\\\/30\\\/nicht-meine-mannschaft\\\/#breadcrumb\",\"itemListElement\":[{\"@type\":\"ListItem\",\"position\":1,\"name\":\"Startseite\",\"item\":\"https:\\\/\\\/klauskunze.com\\\/blog\\\/\"},{\"@type\":\"ListItem\",\"position\":2,\"name\":\"Nicht meine Mannschaft\"}]},{\"@type\":\"WebSite\",\"@id\":\"https:\\\/\\\/klauskunze.com\\\/blog\\\/#website\",\"url\":\"https:\\\/\\\/klauskunze.com\\\/blog\\\/\",\"name\":\"Klaus Kunze\",\"description\":\"Blog\",\"publisher\":{\"@id\":\"https:\\\/\\\/klauskunze.com\\\/blog\\\/#\\\/schema\\\/person\\\/9c091cf30ab68b897db6a517e3c3b11b\"},\"potentialAction\":[{\"@type\":\"SearchAction\",\"target\":{\"@type\":\"EntryPoint\",\"urlTemplate\":\"https:\\\/\\\/klauskunze.com\\\/blog\\\/?s={search_term_string}\"},\"query-input\":{\"@type\":\"PropertyValueSpecification\",\"valueRequired\":true,\"valueName\":\"search_term_string\"}}],\"inLanguage\":\"de\"},{\"@type\":[\"Person\",\"Organization\"],\"@id\":\"https:\\\/\\\/klauskunze.com\\\/blog\\\/#\\\/schema\\\/person\\\/9c091cf30ab68b897db6a517e3c3b11b\",\"name\":\"Klaus Kunze\",\"image\":{\"@type\":\"ImageObject\",\"inLanguage\":\"de\",\"@id\":\"https:\\\/\\\/secure.gravatar.com\\\/avatar\\\/5cd83cadbada9c331a79952fcca177ed3d3be4c7ad3239b9d934bf84adff15dd?s=96&d=blank&r=g\",\"url\":\"https:\\\/\\\/secure.gravatar.com\\\/avatar\\\/5cd83cadbada9c331a79952fcca177ed3d3be4c7ad3239b9d934bf84adff15dd?s=96&d=blank&r=g\",\"contentUrl\":\"https:\\\/\\\/secure.gravatar.com\\\/avatar\\\/5cd83cadbada9c331a79952fcca177ed3d3be4c7ad3239b9d934bf84adff15dd?s=96&d=blank&r=g\",\"caption\":\"Klaus Kunze\"},\"logo\":{\"@id\":\"https:\\\/\\\/secure.gravatar.com\\\/avatar\\\/5cd83cadbada9c331a79952fcca177ed3d3be4c7ad3239b9d934bf84adff15dd?s=96&d=blank&r=g\"},\"sameAs\":[\"http:\\\/\\\/KlausKunze.com\",\"https:\\\/\\\/x.com\\\/https:\\\/\\\/twitter.com\\\/KlausKunze3\"]}]}<\/script>\n<!-- \/ Yoast SEO plugin. -->","yoast_head_json":{"title":"Nicht meine Mannschaft - Klaus Kunze","robots":{"index":"index","follow":"follow","max-snippet":"max-snippet:-1","max-image-preview":"max-image-preview:large","max-video-preview":"max-video-preview:-1"},"canonical":"https:\/\/klauskunze.com\/blog\/2021\/06\/30\/nicht-meine-mannschaft\/","og_locale":"de_DE","og_type":"article","og_title":"Nicht meine Mannschaft - Klaus Kunze","og_description":"Ich habe gestern nicht mit verloren. Meine Mannschaft hat in Wembley nicht gespielt. Wer dort Tore scho\u00df, ging mich nichts an. Vorher war klar: Die Elf unter ihrem Spielf\u00fchrer mit der Regenbogenarmbinde w\u00fcrde vor dem Anpfiff niederknien. So etwas mu\u00dfte ich mir nicht ansehen. Ich wollte es auch nicht sehen. Statt an der Mattscheibe dem [&hellip;]","og_url":"https:\/\/klauskunze.com\/blog\/2021\/06\/30\/nicht-meine-mannschaft\/","og_site_name":"Klaus Kunze","article_published_time":"2021-06-30T08:09:30+00:00","article_modified_time":"2021-06-30T09:06:56+00:00","og_image":[{"width":799,"height":618,"url":"https:\/\/klauskunze.com\/blog\/wp-content\/uploads\/2021\/06\/Zuschneiden_11-2.jpg","type":"image\/jpeg"}],"author":"Klaus Kunze","twitter_misc":{"Verfasst von":"Klaus Kunze","Gesch\u00e4tzte Lesezeit":"6\u00a0Minuten"},"schema":{"@context":"https:\/\/schema.org","@graph":[{"@type":"Article","@id":"https:\/\/klauskunze.com\/blog\/2021\/06\/30\/nicht-meine-mannschaft\/#article","isPartOf":{"@id":"https:\/\/klauskunze.com\/blog\/2021\/06\/30\/nicht-meine-mannschaft\/"},"author":{"name":"Klaus Kunze","@id":"https:\/\/klauskunze.com\/blog\/#\/schema\/person\/9c091cf30ab68b897db6a517e3c3b11b"},"headline":"Nicht meine Mannschaft","datePublished":"2021-06-30T08:09:30+00:00","dateModified":"2021-06-30T09:06:56+00:00","mainEntityOfPage":{"@id":"https:\/\/klauskunze.com\/blog\/2021\/06\/30\/nicht-meine-mannschaft\/"},"wordCount":1234,"commentCount":3,"publisher":{"@id":"https:\/\/klauskunze.com\/blog\/#\/schema\/person\/9c091cf30ab68b897db6a517e3c3b11b"},"image":{"@id":"https:\/\/klauskunze.com\/blog\/2021\/06\/30\/nicht-meine-mannschaft\/#primaryimage"},"thumbnailUrl":"https:\/\/klauskunze.com\/blog\/wp-content\/uploads\/2021\/06\/Zuschneiden_11-2.jpg","articleSection":{"1":"Politik"},"inLanguage":"de","potentialAction":[{"@type":"CommentAction","name":"Comment","target":["https:\/\/klauskunze.com\/blog\/2021\/06\/30\/nicht-meine-mannschaft\/#respond"]}]},{"@type":"WebPage","@id":"https:\/\/klauskunze.com\/blog\/2021\/06\/30\/nicht-meine-mannschaft\/","url":"https:\/\/klauskunze.com\/blog\/2021\/06\/30\/nicht-meine-mannschaft\/","name":"Nicht meine Mannschaft - Klaus Kunze","isPartOf":{"@id":"https:\/\/klauskunze.com\/blog\/#website"},"primaryImageOfPage":{"@id":"https:\/\/klauskunze.com\/blog\/2021\/06\/30\/nicht-meine-mannschaft\/#primaryimage"},"image":{"@id":"https:\/\/klauskunze.com\/blog\/2021\/06\/30\/nicht-meine-mannschaft\/#primaryimage"},"thumbnailUrl":"https:\/\/klauskunze.com\/blog\/wp-content\/uploads\/2021\/06\/Zuschneiden_11-2.jpg","datePublished":"2021-06-30T08:09:30+00:00","dateModified":"2021-06-30T09:06:56+00:00","breadcrumb":{"@id":"https:\/\/klauskunze.com\/blog\/2021\/06\/30\/nicht-meine-mannschaft\/#breadcrumb"},"inLanguage":"de","potentialAction":[{"@type":"ReadAction","target":["https:\/\/klauskunze.com\/blog\/2021\/06\/30\/nicht-meine-mannschaft\/"]}]},{"@type":"ImageObject","inLanguage":"de","@id":"https:\/\/klauskunze.com\/blog\/2021\/06\/30\/nicht-meine-mannschaft\/#primaryimage","url":"https:\/\/klauskunze.com\/blog\/wp-content\/uploads\/2021\/06\/Zuschneiden_11-2.jpg","contentUrl":"https:\/\/klauskunze.com\/blog\/wp-content\/uploads\/2021\/06\/Zuschneiden_11-2.jpg","width":799,"height":618},{"@type":"BreadcrumbList","@id":"https:\/\/klauskunze.com\/blog\/2021\/06\/30\/nicht-meine-mannschaft\/#breadcrumb","itemListElement":[{"@type":"ListItem","position":1,"name":"Startseite","item":"https:\/\/klauskunze.com\/blog\/"},{"@type":"ListItem","position":2,"name":"Nicht meine Mannschaft"}]},{"@type":"WebSite","@id":"https:\/\/klauskunze.com\/blog\/#website","url":"https:\/\/klauskunze.com\/blog\/","name":"Klaus Kunze","description":"Blog","publisher":{"@id":"https:\/\/klauskunze.com\/blog\/#\/schema\/person\/9c091cf30ab68b897db6a517e3c3b11b"},"potentialAction":[{"@type":"SearchAction","target":{"@type":"EntryPoint","urlTemplate":"https:\/\/klauskunze.com\/blog\/?s={search_term_string}"},"query-input":{"@type":"PropertyValueSpecification","valueRequired":true,"valueName":"search_term_string"}}],"inLanguage":"de"},{"@type":["Person","Organization"],"@id":"https:\/\/klauskunze.com\/blog\/#\/schema\/person\/9c091cf30ab68b897db6a517e3c3b11b","name":"Klaus Kunze","image":{"@type":"ImageObject","inLanguage":"de","@id":"https:\/\/secure.gravatar.com\/avatar\/5cd83cadbada9c331a79952fcca177ed3d3be4c7ad3239b9d934bf84adff15dd?s=96&d=blank&r=g","url":"https:\/\/secure.gravatar.com\/avatar\/5cd83cadbada9c331a79952fcca177ed3d3be4c7ad3239b9d934bf84adff15dd?s=96&d=blank&r=g","contentUrl":"https:\/\/secure.gravatar.com\/avatar\/5cd83cadbada9c331a79952fcca177ed3d3be4c7ad3239b9d934bf84adff15dd?s=96&d=blank&r=g","caption":"Klaus Kunze"},"logo":{"@id":"https:\/\/secure.gravatar.com\/avatar\/5cd83cadbada9c331a79952fcca177ed3d3be4c7ad3239b9d934bf84adff15dd?s=96&d=blank&r=g"},"sameAs":["http:\/\/KlausKunze.com","https:\/\/x.com\/https:\/\/twitter.com\/KlausKunze3"]}]}},"post_mailing_queue_ids":[],"_links":{"self":[{"href":"https:\/\/klauskunze.com\/blog\/wp-json\/wp\/v2\/posts\/3877","targetHints":{"allow":["GET"]}}],"collection":[{"href":"https:\/\/klauskunze.com\/blog\/wp-json\/wp\/v2\/posts"}],"about":[{"href":"https:\/\/klauskunze.com\/blog\/wp-json\/wp\/v2\/types\/post"}],"author":[{"embeddable":true,"href":"https:\/\/klauskunze.com\/blog\/wp-json\/wp\/v2\/users\/1"}],"replies":[{"embeddable":true,"href":"https:\/\/klauskunze.com\/blog\/wp-json\/wp\/v2\/comments?post=3877"}],"version-history":[{"count":12,"href":"https:\/\/klauskunze.com\/blog\/wp-json\/wp\/v2\/posts\/3877\/revisions"}],"predecessor-version":[{"id":3897,"href":"https:\/\/klauskunze.com\/blog\/wp-json\/wp\/v2\/posts\/3877\/revisions\/3897"}],"wp:featuredmedia":[{"embeddable":true,"href":"https:\/\/klauskunze.com\/blog\/wp-json\/wp\/v2\/media\/3888"}],"wp:attachment":[{"href":"https:\/\/klauskunze.com\/blog\/wp-json\/wp\/v2\/media?parent=3877"}],"wp:term":[{"taxonomy":"category","embeddable":true,"href":"https:\/\/klauskunze.com\/blog\/wp-json\/wp\/v2\/categories?post=3877"},{"taxonomy":"post_tag","embeddable":true,"href":"https:\/\/klauskunze.com\/blog\/wp-json\/wp\/v2\/tags?post=3877"}],"curies":[{"name":"wp","href":"https:\/\/api.w.org\/{rel}","templated":true}]}}