{"id":3899,"date":"2021-07-03T14:44:19","date_gmt":"2021-07-03T12:44:19","guid":{"rendered":"http:\/\/klauskunze.com\/blog\/?p=3899"},"modified":"2022-08-11T09:11:57","modified_gmt":"2022-08-11T07:11:57","slug":"vom-nationalstaat-zum-gesinnungsstaat","status":"publish","type":"post","link":"https:\/\/klauskunze.com\/blog\/2021\/07\/03\/vom-nationalstaat-zum-gesinnungsstaat\/","title":{"rendered":"Vom Nationalstaat zum Gesinnungsstaat"},"content":{"rendered":"\n<h2 class=\"wp-block-heading\">Warum sie das deutsche Volk abschaffen<\/h2>\n\n\n\n<p>2013 nahm Merkel bei einer CDU-Wahlparty ihrem Generalsekret\u00e4r Hermann Gr\u00f6he ein schwarz-rot-goldenes F\u00e4hnchen aus der Hand. Es sollte nicht mit aufs Bild. Das war kein Ausrutscher der Kanzlerin. Die Funktion\u00e4rskaste der Union hat sich vom deutschen Volk verabschiedet. Sie macht sich dadurch koalitionskompatibel zu den notorischen Deutschlandhassern linker Parteien.<\/p>\n\n\n\n<figure class=\"wp-block-image size-large\"><img loading=\"lazy\" decoding=\"async\" width=\"1024\" height=\"430\" src=\"http:\/\/klauskunze.com\/blog\/wp-content\/uploads\/2021\/07\/aas-1024x430.jpg\" alt=\"\" class=\"wp-image-3901\" srcset=\"https:\/\/klauskunze.com\/blog\/wp-content\/uploads\/2021\/07\/aas-1024x430.jpg 1024w, https:\/\/klauskunze.com\/blog\/wp-content\/uploads\/2021\/07\/aas-300x126.jpg 300w, https:\/\/klauskunze.com\/blog\/wp-content\/uploads\/2021\/07\/aas-768x322.jpg 768w, https:\/\/klauskunze.com\/blog\/wp-content\/uploads\/2021\/07\/aas-1536x644.jpg 1536w, https:\/\/klauskunze.com\/blog\/wp-content\/uploads\/2021\/07\/aas-900x378.jpg 900w, https:\/\/klauskunze.com\/blog\/wp-content\/uploads\/2021\/07\/aas-1280x537.jpg 1280w, https:\/\/klauskunze.com\/blog\/wp-content\/uploads\/2021\/07\/aas.jpg 1614w\" sizes=\"auto, (max-width: 1024px) 100vw, 1024px\" \/><figcaption>2013 nahm Merkel ihrem Staatssekret\u00e4r das Deutschlandf\u00e4hnchen ab (Bild:  ZdF)<\/figcaption><\/figure>\n\n\n\n<p>\u201eWenn der Regierung ihr Volk nicht mehr pa\u00dft\u201c, hatte schon Berthold Brecht gespottet, k\u00f6nne sie es ja aufl\u00f6sen und sich ein neues ausw\u00e4hlen. Diese grausige Satire ist heute Realit\u00e4t und Regierungspolitik. Dabei geht es nicht etwa um das juristische Staatsvolk. Aufgel\u00f6st&nbsp; wird heute dasjenige deutsche Volk, das sich das Grundgesetz als Verfassung 1949 gegeben hat. Das deutsche Volk war schon vor der Verfassung da.<\/p>\n\n\n\n<p>Es soll sie nicht \u00fcberleben, so lautet der Plan. Wer das deutsche Volk als ethnische Gr\u00f6\u00dfe erhalten m\u00f6chte, setzt sich nach Ansicht regierungsamtlicher Verfassungssch\u00fctzer <a href=\"http:\/\/klauskunze.com\/blog\/2021\/07\/11\/das-deutsche-volk-juristisch-abserviert\/\">und des OVG Berlin <\/a>bereits dem absurden Verdacht aus, ein Verfassungsfeind zu sein:<\/p>\n\n\n\n<blockquote class=\"wp-block-quote is-layout-flow wp-block-quote-is-layout-flow\"><p>Die vom Verwaltungsgericht erkannte zentrale Zielsetzung des Kl\u00e4gers einer Erhaltung des deutschen Volkes in seiner ethnokulturellen Identit\u00e4t, die er explizit im Grundgesetz verankert sehen wolle, habe er ebenso wenig in Abrede gestellt wie die Feststellung, da\u00df diesem Verst\u00e4ndnis der Sache nach ein v\u00f6lkisch-abstammungsm\u00e4\u00dfiger Volksbegriff zu Grunde liege. Ein solcher Volksbegriff versto\u00dfe jedoch gegen die Menschenw\u00fcrde, denn Art. 1 Abs. 1 GG umfasse die prinzipielle Gleichheit aller Menschen, ungeachtet aller tats\u00e4chlich bestehenden Unterschiede.<\/p><cite><a href=\"https:\/\/www.berlin.de\/gerichte\/oberverwaltungsgericht\/presse\/pressemitteilungen\/2021\/pressemitteilung.1100819.php\">Pressemitteilung OVG Berlin vom 29.6.2021 zu Beschlu\u00df vom 23.6.2021 \u2013 OVG 1 N 96\/20 \u2013<\/a>. <a href=\"http:\/\/klauskunze.com\/blog\/2021\/07\/11\/das-deutsche-volk-juristisch-abserviert\/\">Vergleiche dazu eingehend hier<\/a>.<\/cite><\/blockquote>\n\n\n\n<p>Was man sich an Stammtischen der Union gar nicht vorstellen kann, l\u00f6st bei Gr\u00fcnen und anderen Linksextremisten Sehns\u00fcchte aus. \u201eDeutschland verrecke!\u201c schreibt man da zuweilen auf H\u00e4userw\u00e4nde oder Fahnen, unter denen auch Gr\u00fcne, Gewerkschaftler, Sozialdemokratren und andere \u201eAntifaschisten mitmarschieren. Der deutsche Michel in seiner Stammtischvariante von der Unionsbasis merkt nicht, was geschieht. Es geschieht n\u00e4mlich zu langsam f\u00fcr sein Wahrnehmungsverm\u00f6gen.<\/p>\n\n\n\n<p>Dabei ist die Transformierung des deutschen Volkes in eine multikulturelle Bev\u00f6lkerung in vollem Gange. Sie vollzieht sich im Takt der Generationenwechsel. Die st\u00f6renden alten wei\u00dfen M\u00e4nner sterben weg und werden durch buntgemischten Nachzug ersetzt. Weil ein Rest- oder Kernbestand an Deutschen aber durchaus vorhanden ist, gen\u00fcgt das nicht zur Abschaffung der Deutschen.<\/p>\n\n\n\n<p>Das strategische Ziel der Abschaffer besteht n\u00e4mlich nicht in einer biologischen Endl\u00f6sung der deutschen Frage. Sie besteht darin, sich nicht mehr als deutsches Volk zu verstehen.<\/p>\n\n\n\n<h2 class=\"wp-block-heading\">Die historische Dimension des Geschehens<\/h2>\n\n\n\n<p>Um das Geschehen in seiner historischen Dimension richtig zu erfassen und zu analysieren, mu\u00df man das Entstehen und Vergehen von V\u00f6lkern langfristig betrachten. Menschengruppen handelten und handeln n\u00e4mlich nicht zwangsl\u00e4ufig nach den Regeln einer Abstammungsgemeinschaft, die dem Volksbegriff seit dem 19. Jahrhundert zugrundeliegt.<\/p>\n\n\n\n<p>Es gibt auch andere Modelle. Sie bilden die Vorbilder f\u00fcr die derzeitige Transformation der Deutschen in eine Gesinnungsgemeinschaft. Solchen Kultgemeinschaften geh\u00f6rt nur der Rechtgl\u00e4ubige an. Oswald Spengler hatte vor hundert Jahren ausgiebig nachgewiesen, wie V\u00f6lker entstanden und untergingen. Sie gingen gew\u00f6hnlich nicht durch Ausrottung unter, sondern indem sie sich selbst nicht mehr als Volk verstanden haben. Aus \u00fcbrig gebliebenen V\u00f6lkerresten bildeten sich zuletzt Kultgemeinschaften, so wie der Islam sich aus diversen Stammesresten machtvoll formierte.<\/p>\n\n\n\n<p>Arnold Gehlen setzte diese Analyse fort und erkannte den Zusammenhang zwischen den antiken Gro\u00dfreichen wie im Hellenismus und dem R\u00f6mischen Reich. Dieses ebnete Stammes- und V\u00f6lkergrenzen ein. Zu seinem Zusammenhalt bedurfte es einer Art globalistischer Ersatzideologie. Sie relativierte die Bedeutung der urw\u00fcchsigen Volks- und Stammeszugeh\u00f6rigkeiten. Die Zeit der eigent\u00fcmlichen St\u00e4mme war von Gallien bis \u00c4gypten abgelaufen. Wie heute die Pa\u00dfdeutschen, vermehrten sich die eingeb\u00fcrgerten R\u00f6mer und \u00fcbertrafen endlich die urspr\u00fcnglichen an Zahl. Die Endphase des R\u00f6mischen Reiches sah entnationalisierte Bev\u00f6lkerungen. Die fellachisierten Massen bildeten keine geschichtlichen Subjekte mehr.<\/p>\n\n\n\n<p>Die Nachkommen der alten V\u00f6lker und St\u00e4mme waren dabei keineswegs verschwunden. Ohne eigenen Staat, eigene Sprache, eigenen K\u00f6nig und eigene Kultur war aber das Bewu\u00dftsein vergangen, unverbr\u00fcchlich zusammenzugeh\u00f6ren. In ihren St\u00e4dten vermischten sie sich. Zu kollektivem Handeln waren sie nicht mehr f\u00e4hig. Statt dessen bildeten sich auf dem Boden des zerfallenden R\u00f6mischen Reiches religi\u00f6se Kultgruppen heraus und stifteten neues Zusammengeh\u00f6rigkeitsgef\u00fchl. Spengler machte darauf aufmerksam, wie in den Ostl\u00e4ndern des Mittelmeeres von einer Generation zur anderen<\/p>\n\n\n\n<blockquote class=\"wp-block-quote is-layout-flow wp-block-quote-is-layout-flow\"><p>die antiken Nationen unvermerkt verl\u00f6schen, w\u00e4hrend das magische Nationalgef\u00fchl sich immer m\u00e4chtiger durchsetzt. Eine Nation magischen Stils ist die Gemeinschaft der Bekenner, der Verband aller, welche den rechten Weg zum Heil kennen und durch das <em>idjma<\/em><a href=\"#_ftn1\"><em><strong>[1]<\/strong><\/em><\/a> dieses Glaubens innerlich verbunden sind.<\/p><cite>Oswald Spengler, Der Untergang des Abendlandes, S.931.<a href=\"http:\/\/klauskunze.com\/blog\/wp-admin\/post.php?post=3899&amp;action=edit#_ftn2\">[2]<\/a><\/cite><\/blockquote>\n\n\n\n<p>Bis heute gliedert sich der jetzt islamische Orient nicht in Kollektive, die sich als nationale Abstammungsgemeinschaft verstehen, sondern in teils verfeindete kultische Gemeinschaften.<\/p>\n\n\n\n<h2 class=\"wp-block-heading\">Die Gemeinschaft der Rechtgl\u00e4ubigen<\/h2>\n\n\n\n<p>Die Endl\u00f6sung der deutschen Frage besteht darin, das Bewu\u00dftsein kollektiven Handelns als Volk zu zerst\u00f6ren. Anstelle des nationalen Imperativs soll ein moralischer treten: das kollektive Bekenntnis zu einer Wertegemeinschaft. Ihre moderne Gottheit ist ein abstrakter Mensch an sich. Er tr\u00e4gt mit der &#8222;W\u00fcrde&#8220; ein Attribut, das fr\u00fcher nur Gott zugemessen wurde.  Aus dieser Idee wird eine koh\u00e4rente Werteordnung abgeleitet und ergeben sich neue Rituale wie Knief\u00e4lle und Kranzniederlegungen und neue Symbole wie die Regenbogenfahne.<\/p>\n\n\n\n<p>Je nach Aspekt mag man die neue Gesinnungsgemeinschaft und ihre Gl\u00e4ubigen als Gutmenschen bezeichnen, als Moralisten, oder auch als Ideologen. Ihr Kult tr\u00e4gt ethnologisch schon alle Merkmale einer Religion: einer \u201eZivilreligion\u201c. Sie bedarf keines personalen Gottes: Die Buddhisten haben auch keinen. Wie jede Religion kennt sie auch schon ihre Ungl\u00e4ubigen, ihre Ketzer, ihre Verworfenen. Diese teuflischen Unholde nennt sie Nazis.<\/p>\n\n\n\n<p>Um kollektive Interessen in der Welt geltend zu machen, bedarf es nicht unbedingt der Organisationsform einer Nation. Erst in der Neuzeit begann es,<\/p>\n\n\n\n<blockquote class=\"wp-block-quote is-layout-flow wp-block-quote-is-layout-flow\"><p>da\u00df dieses oder jenes Kollektiv die Nation und ihre entsprechende Organisationsform als das beste Mittel begreift, um seine Interessen geltend zu machen, wobei freilich \u00f6konomische Interessenpolitik sich wirksam mit nationalistischen Ideologien verbinden k\u00f6nnte. Erscheint wiederum die Nation \u00fcberholt, so mu\u00df sich das Kollektiv erweitern und sich f\u00fcr eine andere Form von politischer Einheit entscheiden. <\/p><cite>Panajotis Kondylis, Die Zukunft der Nation, FAZ 26.10.1994.<\/cite><\/blockquote>\n\n\n\n<p>Tonangebenden Leute zogen aus Deutschlands Zusammenbruch 1945 den Schlu\u00df, da\u00df nationales Denken nicht geeignet war, ihre Interessen in der Welt zur Geltung zu bringen. Zielstrebig suchten sie Deutschland in einem supranationalen Europa und einer westlichen Wertegemeinschaft aufgehen zu lassen. Ihre Nachfolger vollenden die Aufl\u00f6sung, indem sie ein ethnisch deutsches Volk zu einer nicht mehr verfassungskonformen Zielsetzung erkl\u00e4ren und es in eine multikulturelle Gesellschaft transformieren.<\/p>\n\n\n\n<p>Im Lichte des neuen Multi-Kultus mit seiner Anbetung des Menschen-an-sich versteht sich die Innenpolitik als Ansiedlungs- und Umverteilungsinstrument, damit sich die Multis bei uns auch alle wohl f\u00fchlen;&nbsp; Au\u00dfenpolitik aber zielt auf ideologische Expansion ab. Auf keiner Auslandsreise l\u00e4\u00dft ein Minister sich entgehen, weltweit Beachtung der neuen ideologischen Pr\u00e4missen \u201eeinzufordern\u201c, was dann auch gern mit F\u00f6rdermillionen unterst\u00fctzt wird.<\/p>\n\n\n\n<h2 class=\"wp-block-heading\">Abwendung von der Nation<\/h2>\n\n\n\n<p>Einer Familie und einem Volk anzugeh\u00f6ren, empfand man fr\u00fcher als ethische Verpflichtung, beides zu sch\u00fctzen und zu bewahren. Wie jede Ideologie erzeugt auch die nationale ihre spezifischen Imperative: \u201eWas auch immer werde, steh\u2018 zu deinem Volk!\u201c<\/p>\n\n\n\n<p>Diese Werte wurden vom neuen Multi-Kult zu Unwerten erkl\u00e4rt. Sie tilgen den Begriff des Volkes aus der Liste der verbindlichen Werte und schaffen damit jenen nationalen Imperativ ab, der unsere Nation zweihundert Jahre lang zusammengehalten hat.<\/p>\n\n\n\n<blockquote class=\"wp-block-quote is-layout-flow wp-block-quote-is-layout-flow\"><p>Die po\u00adli\u00adtisch brisante Frage lautet, ob kon\u00adkrete Kollektive bereit sind, not\u00adfalls un\u00adter Auf\u00adbie\u00adtung der dazu ge\u00adeigneten Mytho\u00adlogeme, sich als Na\u00adtion zu de\u00adfi\u00adnieren und im Na\u00admen dieser Nation zu han\u00addeln, also zu le\u00adben und zu ster\u00adben.<\/p><cite>Panajotis Kondylis, Die Zukunft der Nation, FAZ 26.10.1994.<\/cite><\/blockquote>\n\n\n\n<p>Der Multi-Kult beantwortet diese Frage mit einem klaren Nein. Seine Metaphysik ist g\u00e4nzlich anders. Seine heile Welt ist der Gesinnungsstaat. Er wacht mit seinem Verfassungsschutz dar\u00fcber, ob die B\u00fcrger seinen Werten auch den geh\u00f6rigen Respekt entgegenbringen. Er stellt es unter Strafe, sein B\u00f6ses zu \u201everharmlosen\u201c. Er schafft Schwerpunktstaatsanwaltschaften gegen Anh\u00e4nger nationaler Imperative und Wertvorstellungen. Solche Leute k\u00f6nnten n\u00e4mlich die neuen Werte als Unwerte bel\u00e4cheln oder gar hassen und finden sich darum als \u201eHa\u00dfkriminelle\u201c verfolgt. Weil sie sich nicht mehr frei \u00e4u\u00dfern d\u00fcrfen und gehorchen m\u00fcssen, wen sie lieben m\u00fcssen und was sie hassen d\u00fcrfen, werden sie in absehbarer Zeit ausgeketzert haben. B\u00fcrgerliche verstummen am schnellsten. Sie eignen sich nicht als M\u00e4rtyrer.<\/p>\n\n\n\n<p>Der neue Multi-Kult weist bereits alle unangenehmen Begleiterscheinungen einer Kirche auf. Seine Gl\u00e4ubigen findet er weltweit, seine Ungl\u00e4ubigen aber auch vor seiner eigenen Haust\u00fcr. Staatsangeh\u00f6rigkeiten und Volkszugeh\u00f6rigkeiten findet er unma\u00dfgeblich: \u201eKein Mensch ist illegal!\u201c Wie eine Kirche versteht er sich als &#8211; noch inoffizieller &#8211; Personenverband der Rechtgl\u00e4ubigen, geeint im Glauben an den guten Menschen an sich. Spengler hat solche Kultgemeinschaften als magische Nation bezeichnet. Die \u201emagische Nation\u201c verwirft die Abstammung als unterscheidendes Merkmal.<a href=\"#_ftn3\">[3]<\/a> Die \u201emagische Nation\u201c f\u00e4llt \u201emit dem Begriff der Kirche schlechthin zusammen.\u201c <a href=\"#_ftn4\">[4]<\/a><\/p>\n\n\n\n<h2 class=\"wp-block-heading\">Epochenwechsel<\/h2>\n\n\n\n<p>Oswald Spengler war seiner Zeit deutlich voraus, als er das konstruktive Element betonte, dessen eine funktionierende Nation bedarf. Lange vor dem heute modischen Konstruktivismus erkannte er, wo \u201edas Volk\u201c wohnt: im Kopf der Menschen n\u00e4mlich, nicht im Blut. Er nannte V\u00f6lker darum seelische, ein anderer Begriff f\u00fcr konstruktive, Einheiten:<\/p>\n\n\n\n<blockquote class=\"wp-block-quote is-layout-flow wp-block-quote-is-layout-flow\"><p>V\u00f6lker sind weder sprachliche noch politische noch zoologische, sondern seelische Einheiten. <a href=\"#_ftn5\">[5]<\/a><\/p><cite>Oswald  Spengler<\/cite><\/blockquote>\n\n\n\n<p>Wir werden Zeugen eines Epochenwechsels, in dem das deutsche Volk aus unserer \u201eSeele\u201c und unserem Denken verschwinden soll. Begleitet von Masseneinwanderung und dem zahlenm\u00e4\u00dfigen Schrumpfen der Deutschen wird der Begriff \u201eDeutscher\u201c auf die Staatsangeh\u00f6rigkeit verengt.<\/p>\n\n\n\n<p>Alle Gruppen und Kollektive existieren nur insoweit und auch nur so\u00adlange, wie sie von den handelnden Gruppenmitgliedern als Kollekti\u00adve tat\u00ads\u00e4chlich wahrgenom\u00admen werden. Wenn die Einzelmitglieder der Gruppe aufh\u00f6ren, gruppenbezogen zu handeln, wenn der Wille, die Grup\u00adpe zu bilden und die Gruppe bestehen zu lassen, erlischt, dann erlischt die Gruppe \u00fcber\u00adhaupt. Eine Familie kann sich durch Schei\u00addung aufl\u00f6sen. Eine politische Partei kann durch Verbot aufge\u00adl\u00f6st werden. Auch die Mitglieder eines Vol\u00adkes k\u00f6nnen ihr Volkstum vergessen.<\/p>\n\n\n\n<blockquote class=\"wp-block-quote is-layout-flow wp-block-quote-is-layout-flow\"><p>\u201eV\u00f6lker sind eben nicht Gedanken Gottes, sondern handelnde Kollektive von Einzelmenschen, die im Kol\u00adlektiv handeln <em>wollen<\/em> und das tats\u00e4chlich tun. Wenn der Wille zu ge\u00admeinsamem Handeln und damit zur gemeinschaftlichen Existenz er\u00adlischt, endet das Volk \u00fcber\u00adhaupt. V\u00f6lker sind nicht Gedanken Got\u00adtes, sondern kol\u00adlektive Gedanken vieler Menschen.<\/p><cite>Klaus Kunze, <a href=\"http:\/\/klauskunze.com\/heikun\/mut\/m24w.htm\">Mut Zur Freiheit, 1995<\/a>.<a href=\"http:\/\/klauskunze.com\/blog\/wp-admin\/post.php?post=3899&amp;action=edit#_ftn6\">[6]<\/a> <\/cite><\/blockquote>\n\n\n\n<p>Das zum Be\u00adwu\u00dft\u00adsein seiner selbst ge\u00adkommene Volk bezeichnet die ro\u00admanische Tra\u00addition als <em>Nation<\/em>: Nation sei ein t\u00e4gliches Plebiszit. Ob eine<\/p>\n\n\n\n<blockquote class=\"wp-block-quote is-layout-flow wp-block-quote-is-layout-flow\"><p>&#8222;Nation als politische oder auch kulturel\u00adle Einheit erhal\u00adten bleibt, h\u00e4ngt nicht von ir\u00adgend\u00adei\u00adner unwandelbaren Sub\u00adstanz ab, die ihr inne\u00adwoh\u00ad\u00adnen soll, sondern von den langfristigen Erfor\u00adder\u00adnis\u00adsen der pla\u00adne\u00adta\u00adrischen Lage, ge\u00adnau\u00ader: von der Art und Weise, wie die Ak\u00adteure diese Erfordernisse be\u00adgreifen und sich darauf ein\u00adstel\u00adlen.&#8220;<a href=\"#_ftn7\">[7]<\/a><\/p><cite>Panajotis Kondylis, Die Zukunft der Nation, FAZ 26.10.1994.<\/cite><\/blockquote>\n\n\n\n<h2 class=\"wp-block-heading\">Vorw\u00e4rts in den Gottesstaat<\/h2>\n\n\n\n<p>In einem Gesinnungsstaat leben wir bereits. Was jemand ist, wird von seiner Gesinnung abh\u00e4ngig gemacht. Welcher gesellschaftliche Rang und Stellenwert ihm einger\u00e4umt wird, h\u00e4ngt von seiner Glaubensst\u00e4rke ab. Abweichler werden nicht geduldet.&nbsp; Sie werden abgekanzelt und gesellschaftlich ge\u00e4chtet. Die Mikrofone der \u00f6ffentlichen Aufmerksamkeit bleiben f\u00fcr sie stumm.<\/p>\n\n\n\n<p>Die Klingen des Strafrechts werden bereits gewetzt. Konzerne wie VW entlassen Arbeiter, deren falsche Gesinnung auff\u00e4llt. An Hausw\u00e4nden prangen die Parolen und Gebote des neuen Glaubens.<\/p>\n\n\n\n<figure class=\"wp-block-image size-large\"><img loading=\"lazy\" decoding=\"async\" width=\"1024\" height=\"841\" src=\"http:\/\/klauskunze.com\/blog\/wp-content\/uploads\/2021\/07\/20210703_131001a-1-1024x841.jpg\" alt=\"\" class=\"wp-image-3903\" srcset=\"https:\/\/klauskunze.com\/blog\/wp-content\/uploads\/2021\/07\/20210703_131001a-1-1024x841.jpg 1024w, https:\/\/klauskunze.com\/blog\/wp-content\/uploads\/2021\/07\/20210703_131001a-1-300x246.jpg 300w, https:\/\/klauskunze.com\/blog\/wp-content\/uploads\/2021\/07\/20210703_131001a-1-768x631.jpg 768w, https:\/\/klauskunze.com\/blog\/wp-content\/uploads\/2021\/07\/20210703_131001a-1-1536x1262.jpg 1536w, https:\/\/klauskunze.com\/blog\/wp-content\/uploads\/2021\/07\/20210703_131001a-1-2048x1683.jpg 2048w, https:\/\/klauskunze.com\/blog\/wp-content\/uploads\/2021\/07\/20210703_131001a-1-900x739.jpg 900w, https:\/\/klauskunze.com\/blog\/wp-content\/uploads\/2021\/07\/20210703_131001a-1-1280x1052.jpg 1280w\" sizes=\"auto, (max-width: 1024px) 100vw, 1024px\" \/><figcaption>In Gesinnungsstaaten kann man sich vor Glaubensbekenntnissen selbst im Stra\u00dfenraum nicht mehr retten.<\/figcaption><\/figure>\n\n\n\n<p>W\u00e4hrend sich die Aggressivit\u00e4t von Nationalstaaten zuweilen gegen andere Nationen oder Minderheiten im Innern wandte, steht dem der Gesinnungsstaat in nichts nach. Seine Au\u00dfenpolitik richtet sich gegen Staaten Ungl\u00e4ubiger. Deren Regierungen nennt er Regime. Wenn sie sich nicht der Rechtgl\u00e4ubigkeit anpassen, setzt es \u201eSanktionen\u201c: die Methode der moralischen Kanonenbootpoltik.<\/p>\n\n\n\n<p>Andere L\u00e4nder mit anderen G\u00f6ttern oder Kulten nennt der Gesinnungsstaat gern \u201eGottesstaaten\u201c. Die haben zwar auch eine Gesinnung, aber die falsche. Sie huldigen auch, aber zum Beispiel Allah und nicht dem Menschen an sich. Nationalstaaten k\u00f6nnen friedlich nebeneinander koexistieren. F\u00fcr jeden Gesinnungsstaat aber ist ein Staat mit anderer Gesinnung ein ewiges \u00c4rgernis, beweist er doch die Relativit\u00e4t und Verg\u00e4nglichkeit aller Gesinnungen. Gesinnungsstaaten sind nicht friedlich. Sie verwandeln nur die bisherigen V\u00f6lkerkriege in B\u00fcrgerkriege und machen sie dadurch besonders gnadenlos.<\/p>\n\n\n\n<p>Im Innern richtet sich der Verfolgungsdruck erbarmungslos gegen seine eigenen Ungl\u00e4ubigen: Er nennt sie Ha\u00dfkriminelle oder Verfassungsfeinde. Auch an bunter Gesinnung kann man einheitlich sein. Solange ein Gesinnungsstaat ideologisch nicht in sich homogen ist, gibt er keine Ruhe. Diese Homogenit\u00e4t erzeugt er durch ein ausgekl\u00fcgeltes System \u00f6ffentlich-rechtlicher Meinungslenkung, dessen Kosten die Gelenkten selbst zu bezahlen haben, denn Verweigerern droht Gef\u00e4ngnis.<\/p>\n\n\n\n<p>W\u00e4hrend ein Nationalstaat sich demokratisch verfassen und umfassende Freiheitsrechte einr\u00e4umen kann, sind diese dem Gesinnungsstaat wesensfremd. Als st\u00f6rende Elemente werden sie nach und nach hinweginterpetiert. Am Wortlaut des Gesetzes mu\u00df man nichts \u00e4ndern. \u201eHa\u00df ist keine Meinung, sondern ein Verbrechen!\u201c, und was als Ha\u00df gilt, entscheiden unsere neuen Gesinnungsw\u00e4chter.<\/p>\n\n\n\n<p>Der Nationalstaat kannte noch das Recht zur Auswanderung. Der Gesinnungsstaat aber tendiert zur Universalit\u00e4t. Vor ihm wird es dereinst global nirgendwo mehr ein Entrinnen geben.<\/p>\n\n\n\n<hr class=\"wp-block-separator\"\/>\n\n\n\n<p><a href=\"#_ftnref1\">[1]<\/a> \u00dcbereinstimmende Meinung in Glaubensfragen, f\u00fcr den Islam siehe <a href=\"https:\/\/de.wikipedia.org\/wiki\/Idschm%C4%81%CA%BF\">Wikipedia<\/a><\/p>\n\n\n\n<p><a href=\"#_ftnref2\">[2]<\/a> Oswald Spengler, Der Untergang des Abendlandes, 1918 in zwei B\u00e4nden, hier zitert nach der einb\u00e4ndigen Ausgabe (Text nach dem Druck von 1923), Anaconda-Verlag 2017, ISBN 978-3-7306-0453-3, S.931 = 2.Band, 2. Kap. III der Erstausgabe..<\/p>\n\n\n\n<p><a href=\"#_ftnref3\">[3]<\/a> Oswald Spengler, am angegebenen Ort, S.933.<\/p>\n\n\n\n<p><a href=\"#_ftnref4\">[4]<\/a> Oswald Spengler, am angegebenen Ort, S.931.<\/p>\n\n\n\n<p><a href=\"#_ftnref5\">[5]<\/a> Oswald Spengler, am angegebenen Ort, S.923.<\/p>\n\n\n\n<p><a href=\"#_ftnref6\">[6]<\/a> Klaus Kunze, <a href=\"http:\/\/klauskunze.com\/heikun\/mut\/index.htm\">Mut Zur Freiheit, 1995<\/a>.<\/p>\n\n\n\n<p><a href=\"#_ftnref7\">[7]<\/a> Panajotis Kondylis, Die Zukunft der Nation, FAZ 26.10.1994.<\/p>\n","protected":false},"excerpt":{"rendered":"<p>Warum sie das deutsche Volk abschaffen 2013 nahm Merkel bei einer CDU-Wahlparty ihrem Generalsekret\u00e4r Hermann Gr\u00f6he ein schwarz-rot-goldenes F\u00e4hnchen aus der Hand. Es sollte nicht mit aufs Bild. Das war kein Ausrutscher der Kanzlerin. Die Funktion\u00e4rskaste der Union hat sich vom deutschen Volk verabschiedet. Sie macht sich dadurch koalitionskompatibel zu den notorischen Deutschlandhassern linker Parteien. [&hellip;]<\/p>\n","protected":false},"author":1,"featured_media":3900,"comment_status":"open","ping_status":"open","sticky":false,"template":"","format":"standard","meta":{"h5ap_radio_sources":[],"twitterCardType":"","cardImageID":0,"cardImage":"","cardTitle":"","cardDesc":"","cardImageAlt":"","cardPlayer":"","cardPlayerWidth":0,"cardPlayerHeight":0,"cardPlayerStream":"","cardPlayerCodec":"","footnotes":""},"categories":[13,17],"tags":[],"class_list":["post-3899","post","type-post","status-publish","format-standard","has-post-thumbnail","hentry","category-geschichte","category-politik"],"yoast_head":"<!-- This site is optimized with the Yoast SEO plugin v27.5 - https:\/\/yoast.com\/product\/yoast-seo-wordpress\/ -->\n<title>Vom Nationalstaat zum Gesinnungsstaat - Klaus Kunze<\/title>\n<meta name=\"robots\" content=\"index, follow, max-snippet:-1, max-image-preview:large, max-video-preview:-1\" \/>\n<link rel=\"canonical\" href=\"https:\/\/klauskunze.com\/blog\/2021\/07\/03\/vom-nationalstaat-zum-gesinnungsstaat\/\" \/>\n<meta property=\"og:locale\" content=\"de_DE\" \/>\n<meta property=\"og:type\" content=\"article\" \/>\n<meta property=\"og:title\" content=\"Vom Nationalstaat zum Gesinnungsstaat - Klaus Kunze\" \/>\n<meta property=\"og:description\" content=\"Warum sie das deutsche Volk abschaffen 2013 nahm Merkel bei einer CDU-Wahlparty ihrem Generalsekret\u00e4r Hermann Gr\u00f6he ein schwarz-rot-goldenes F\u00e4hnchen aus der Hand. Es sollte nicht mit aufs Bild. Das war kein Ausrutscher der Kanzlerin. Die Funktion\u00e4rskaste der Union hat sich vom deutschen Volk verabschiedet. Sie macht sich dadurch koalitionskompatibel zu den notorischen Deutschlandhassern linker Parteien. [&hellip;]\" \/>\n<meta property=\"og:url\" content=\"https:\/\/klauskunze.com\/blog\/2021\/07\/03\/vom-nationalstaat-zum-gesinnungsstaat\/\" \/>\n<meta property=\"og:site_name\" content=\"Klaus Kunze\" \/>\n<meta property=\"article:published_time\" content=\"2021-07-03T12:44:19+00:00\" \/>\n<meta property=\"article:modified_time\" content=\"2022-08-11T07:11:57+00:00\" \/>\n<meta property=\"og:image\" content=\"https:\/\/klauskunze.com\/blog\/wp-content\/uploads\/2021\/07\/20210703_131001a-1024x841.jpg\" \/>\n\t<meta property=\"og:image:width\" content=\"1024\" \/>\n\t<meta property=\"og:image:height\" content=\"841\" \/>\n\t<meta property=\"og:image:type\" content=\"image\/jpeg\" \/>\n<meta name=\"author\" content=\"Klaus Kunze\" \/>\n<meta name=\"twitter:label1\" content=\"Verfasst von\" \/>\n\t<meta name=\"twitter:data1\" content=\"Klaus Kunze\" \/>\n\t<meta name=\"twitter:label2\" content=\"Gesch\u00e4tzte Lesezeit\" \/>\n\t<meta name=\"twitter:data2\" content=\"13\u00a0Minuten\" \/>\n<script type=\"application\/ld+json\" class=\"yoast-schema-graph\">{\"@context\":\"https:\\\/\\\/schema.org\",\"@graph\":[{\"@type\":\"Article\",\"@id\":\"https:\\\/\\\/klauskunze.com\\\/blog\\\/2021\\\/07\\\/03\\\/vom-nationalstaat-zum-gesinnungsstaat\\\/#article\",\"isPartOf\":{\"@id\":\"https:\\\/\\\/klauskunze.com\\\/blog\\\/2021\\\/07\\\/03\\\/vom-nationalstaat-zum-gesinnungsstaat\\\/\"},\"author\":{\"name\":\"Klaus Kunze\",\"@id\":\"https:\\\/\\\/klauskunze.com\\\/blog\\\/#\\\/schema\\\/person\\\/9c091cf30ab68b897db6a517e3c3b11b\"},\"headline\":\"Vom Nationalstaat zum Gesinnungsstaat\",\"datePublished\":\"2021-07-03T12:44:19+00:00\",\"dateModified\":\"2022-08-11T07:11:57+00:00\",\"mainEntityOfPage\":{\"@id\":\"https:\\\/\\\/klauskunze.com\\\/blog\\\/2021\\\/07\\\/03\\\/vom-nationalstaat-zum-gesinnungsstaat\\\/\"},\"wordCount\":2358,\"commentCount\":8,\"publisher\":{\"@id\":\"https:\\\/\\\/klauskunze.com\\\/blog\\\/#\\\/schema\\\/person\\\/9c091cf30ab68b897db6a517e3c3b11b\"},\"image\":{\"@id\":\"https:\\\/\\\/klauskunze.com\\\/blog\\\/2021\\\/07\\\/03\\\/vom-nationalstaat-zum-gesinnungsstaat\\\/#primaryimage\"},\"thumbnailUrl\":\"https:\\\/\\\/klauskunze.com\\\/blog\\\/wp-content\\\/uploads\\\/2021\\\/07\\\/20210703_131001a.jpg\",\"articleSection\":[\"Geschichte\",\"Politik\"],\"inLanguage\":\"de\",\"potentialAction\":[{\"@type\":\"CommentAction\",\"name\":\"Comment\",\"target\":[\"https:\\\/\\\/klauskunze.com\\\/blog\\\/2021\\\/07\\\/03\\\/vom-nationalstaat-zum-gesinnungsstaat\\\/#respond\"]}]},{\"@type\":\"WebPage\",\"@id\":\"https:\\\/\\\/klauskunze.com\\\/blog\\\/2021\\\/07\\\/03\\\/vom-nationalstaat-zum-gesinnungsstaat\\\/\",\"url\":\"https:\\\/\\\/klauskunze.com\\\/blog\\\/2021\\\/07\\\/03\\\/vom-nationalstaat-zum-gesinnungsstaat\\\/\",\"name\":\"Vom Nationalstaat zum Gesinnungsstaat - Klaus Kunze\",\"isPartOf\":{\"@id\":\"https:\\\/\\\/klauskunze.com\\\/blog\\\/#website\"},\"primaryImageOfPage\":{\"@id\":\"https:\\\/\\\/klauskunze.com\\\/blog\\\/2021\\\/07\\\/03\\\/vom-nationalstaat-zum-gesinnungsstaat\\\/#primaryimage\"},\"image\":{\"@id\":\"https:\\\/\\\/klauskunze.com\\\/blog\\\/2021\\\/07\\\/03\\\/vom-nationalstaat-zum-gesinnungsstaat\\\/#primaryimage\"},\"thumbnailUrl\":\"https:\\\/\\\/klauskunze.com\\\/blog\\\/wp-content\\\/uploads\\\/2021\\\/07\\\/20210703_131001a.jpg\",\"datePublished\":\"2021-07-03T12:44:19+00:00\",\"dateModified\":\"2022-08-11T07:11:57+00:00\",\"breadcrumb\":{\"@id\":\"https:\\\/\\\/klauskunze.com\\\/blog\\\/2021\\\/07\\\/03\\\/vom-nationalstaat-zum-gesinnungsstaat\\\/#breadcrumb\"},\"inLanguage\":\"de\",\"potentialAction\":[{\"@type\":\"ReadAction\",\"target\":[\"https:\\\/\\\/klauskunze.com\\\/blog\\\/2021\\\/07\\\/03\\\/vom-nationalstaat-zum-gesinnungsstaat\\\/\"]}]},{\"@type\":\"ImageObject\",\"inLanguage\":\"de\",\"@id\":\"https:\\\/\\\/klauskunze.com\\\/blog\\\/2021\\\/07\\\/03\\\/vom-nationalstaat-zum-gesinnungsstaat\\\/#primaryimage\",\"url\":\"https:\\\/\\\/klauskunze.com\\\/blog\\\/wp-content\\\/uploads\\\/2021\\\/07\\\/20210703_131001a.jpg\",\"contentUrl\":\"https:\\\/\\\/klauskunze.com\\\/blog\\\/wp-content\\\/uploads\\\/2021\\\/07\\\/20210703_131001a.jpg\",\"width\":2355,\"height\":1935},{\"@type\":\"BreadcrumbList\",\"@id\":\"https:\\\/\\\/klauskunze.com\\\/blog\\\/2021\\\/07\\\/03\\\/vom-nationalstaat-zum-gesinnungsstaat\\\/#breadcrumb\",\"itemListElement\":[{\"@type\":\"ListItem\",\"position\":1,\"name\":\"Startseite\",\"item\":\"https:\\\/\\\/klauskunze.com\\\/blog\\\/\"},{\"@type\":\"ListItem\",\"position\":2,\"name\":\"Vom Nationalstaat zum Gesinnungsstaat\"}]},{\"@type\":\"WebSite\",\"@id\":\"https:\\\/\\\/klauskunze.com\\\/blog\\\/#website\",\"url\":\"https:\\\/\\\/klauskunze.com\\\/blog\\\/\",\"name\":\"Klaus Kunze\",\"description\":\"Blog\",\"publisher\":{\"@id\":\"https:\\\/\\\/klauskunze.com\\\/blog\\\/#\\\/schema\\\/person\\\/9c091cf30ab68b897db6a517e3c3b11b\"},\"potentialAction\":[{\"@type\":\"SearchAction\",\"target\":{\"@type\":\"EntryPoint\",\"urlTemplate\":\"https:\\\/\\\/klauskunze.com\\\/blog\\\/?s={search_term_string}\"},\"query-input\":{\"@type\":\"PropertyValueSpecification\",\"valueRequired\":true,\"valueName\":\"search_term_string\"}}],\"inLanguage\":\"de\"},{\"@type\":[\"Person\",\"Organization\"],\"@id\":\"https:\\\/\\\/klauskunze.com\\\/blog\\\/#\\\/schema\\\/person\\\/9c091cf30ab68b897db6a517e3c3b11b\",\"name\":\"Klaus Kunze\",\"image\":{\"@type\":\"ImageObject\",\"inLanguage\":\"de\",\"@id\":\"https:\\\/\\\/secure.gravatar.com\\\/avatar\\\/5cd83cadbada9c331a79952fcca177ed3d3be4c7ad3239b9d934bf84adff15dd?s=96&d=blank&r=g\",\"url\":\"https:\\\/\\\/secure.gravatar.com\\\/avatar\\\/5cd83cadbada9c331a79952fcca177ed3d3be4c7ad3239b9d934bf84adff15dd?s=96&d=blank&r=g\",\"contentUrl\":\"https:\\\/\\\/secure.gravatar.com\\\/avatar\\\/5cd83cadbada9c331a79952fcca177ed3d3be4c7ad3239b9d934bf84adff15dd?s=96&d=blank&r=g\",\"caption\":\"Klaus Kunze\"},\"logo\":{\"@id\":\"https:\\\/\\\/secure.gravatar.com\\\/avatar\\\/5cd83cadbada9c331a79952fcca177ed3d3be4c7ad3239b9d934bf84adff15dd?s=96&d=blank&r=g\"},\"sameAs\":[\"http:\\\/\\\/KlausKunze.com\",\"https:\\\/\\\/x.com\\\/https:\\\/\\\/twitter.com\\\/KlausKunze3\"]}]}<\/script>\n<!-- \/ Yoast SEO plugin. -->","yoast_head_json":{"title":"Vom Nationalstaat zum Gesinnungsstaat - Klaus Kunze","robots":{"index":"index","follow":"follow","max-snippet":"max-snippet:-1","max-image-preview":"max-image-preview:large","max-video-preview":"max-video-preview:-1"},"canonical":"https:\/\/klauskunze.com\/blog\/2021\/07\/03\/vom-nationalstaat-zum-gesinnungsstaat\/","og_locale":"de_DE","og_type":"article","og_title":"Vom Nationalstaat zum Gesinnungsstaat - Klaus Kunze","og_description":"Warum sie das deutsche Volk abschaffen 2013 nahm Merkel bei einer CDU-Wahlparty ihrem Generalsekret\u00e4r Hermann Gr\u00f6he ein schwarz-rot-goldenes F\u00e4hnchen aus der Hand. Es sollte nicht mit aufs Bild. Das war kein Ausrutscher der Kanzlerin. Die Funktion\u00e4rskaste der Union hat sich vom deutschen Volk verabschiedet. Sie macht sich dadurch koalitionskompatibel zu den notorischen Deutschlandhassern linker Parteien. [&hellip;]","og_url":"https:\/\/klauskunze.com\/blog\/2021\/07\/03\/vom-nationalstaat-zum-gesinnungsstaat\/","og_site_name":"Klaus Kunze","article_published_time":"2021-07-03T12:44:19+00:00","article_modified_time":"2022-08-11T07:11:57+00:00","og_image":[{"width":1024,"height":841,"url":"https:\/\/klauskunze.com\/blog\/wp-content\/uploads\/2021\/07\/20210703_131001a-1024x841.jpg","type":"image\/jpeg"}],"author":"Klaus Kunze","twitter_misc":{"Verfasst von":"Klaus Kunze","Gesch\u00e4tzte Lesezeit":"13\u00a0Minuten"},"schema":{"@context":"https:\/\/schema.org","@graph":[{"@type":"Article","@id":"https:\/\/klauskunze.com\/blog\/2021\/07\/03\/vom-nationalstaat-zum-gesinnungsstaat\/#article","isPartOf":{"@id":"https:\/\/klauskunze.com\/blog\/2021\/07\/03\/vom-nationalstaat-zum-gesinnungsstaat\/"},"author":{"name":"Klaus Kunze","@id":"https:\/\/klauskunze.com\/blog\/#\/schema\/person\/9c091cf30ab68b897db6a517e3c3b11b"},"headline":"Vom Nationalstaat zum Gesinnungsstaat","datePublished":"2021-07-03T12:44:19+00:00","dateModified":"2022-08-11T07:11:57+00:00","mainEntityOfPage":{"@id":"https:\/\/klauskunze.com\/blog\/2021\/07\/03\/vom-nationalstaat-zum-gesinnungsstaat\/"},"wordCount":2358,"commentCount":8,"publisher":{"@id":"https:\/\/klauskunze.com\/blog\/#\/schema\/person\/9c091cf30ab68b897db6a517e3c3b11b"},"image":{"@id":"https:\/\/klauskunze.com\/blog\/2021\/07\/03\/vom-nationalstaat-zum-gesinnungsstaat\/#primaryimage"},"thumbnailUrl":"https:\/\/klauskunze.com\/blog\/wp-content\/uploads\/2021\/07\/20210703_131001a.jpg","articleSection":["Geschichte","Politik"],"inLanguage":"de","potentialAction":[{"@type":"CommentAction","name":"Comment","target":["https:\/\/klauskunze.com\/blog\/2021\/07\/03\/vom-nationalstaat-zum-gesinnungsstaat\/#respond"]}]},{"@type":"WebPage","@id":"https:\/\/klauskunze.com\/blog\/2021\/07\/03\/vom-nationalstaat-zum-gesinnungsstaat\/","url":"https:\/\/klauskunze.com\/blog\/2021\/07\/03\/vom-nationalstaat-zum-gesinnungsstaat\/","name":"Vom Nationalstaat zum Gesinnungsstaat - Klaus Kunze","isPartOf":{"@id":"https:\/\/klauskunze.com\/blog\/#website"},"primaryImageOfPage":{"@id":"https:\/\/klauskunze.com\/blog\/2021\/07\/03\/vom-nationalstaat-zum-gesinnungsstaat\/#primaryimage"},"image":{"@id":"https:\/\/klauskunze.com\/blog\/2021\/07\/03\/vom-nationalstaat-zum-gesinnungsstaat\/#primaryimage"},"thumbnailUrl":"https:\/\/klauskunze.com\/blog\/wp-content\/uploads\/2021\/07\/20210703_131001a.jpg","datePublished":"2021-07-03T12:44:19+00:00","dateModified":"2022-08-11T07:11:57+00:00","breadcrumb":{"@id":"https:\/\/klauskunze.com\/blog\/2021\/07\/03\/vom-nationalstaat-zum-gesinnungsstaat\/#breadcrumb"},"inLanguage":"de","potentialAction":[{"@type":"ReadAction","target":["https:\/\/klauskunze.com\/blog\/2021\/07\/03\/vom-nationalstaat-zum-gesinnungsstaat\/"]}]},{"@type":"ImageObject","inLanguage":"de","@id":"https:\/\/klauskunze.com\/blog\/2021\/07\/03\/vom-nationalstaat-zum-gesinnungsstaat\/#primaryimage","url":"https:\/\/klauskunze.com\/blog\/wp-content\/uploads\/2021\/07\/20210703_131001a.jpg","contentUrl":"https:\/\/klauskunze.com\/blog\/wp-content\/uploads\/2021\/07\/20210703_131001a.jpg","width":2355,"height":1935},{"@type":"BreadcrumbList","@id":"https:\/\/klauskunze.com\/blog\/2021\/07\/03\/vom-nationalstaat-zum-gesinnungsstaat\/#breadcrumb","itemListElement":[{"@type":"ListItem","position":1,"name":"Startseite","item":"https:\/\/klauskunze.com\/blog\/"},{"@type":"ListItem","position":2,"name":"Vom Nationalstaat zum Gesinnungsstaat"}]},{"@type":"WebSite","@id":"https:\/\/klauskunze.com\/blog\/#website","url":"https:\/\/klauskunze.com\/blog\/","name":"Klaus Kunze","description":"Blog","publisher":{"@id":"https:\/\/klauskunze.com\/blog\/#\/schema\/person\/9c091cf30ab68b897db6a517e3c3b11b"},"potentialAction":[{"@type":"SearchAction","target":{"@type":"EntryPoint","urlTemplate":"https:\/\/klauskunze.com\/blog\/?s={search_term_string}"},"query-input":{"@type":"PropertyValueSpecification","valueRequired":true,"valueName":"search_term_string"}}],"inLanguage":"de"},{"@type":["Person","Organization"],"@id":"https:\/\/klauskunze.com\/blog\/#\/schema\/person\/9c091cf30ab68b897db6a517e3c3b11b","name":"Klaus Kunze","image":{"@type":"ImageObject","inLanguage":"de","@id":"https:\/\/secure.gravatar.com\/avatar\/5cd83cadbada9c331a79952fcca177ed3d3be4c7ad3239b9d934bf84adff15dd?s=96&d=blank&r=g","url":"https:\/\/secure.gravatar.com\/avatar\/5cd83cadbada9c331a79952fcca177ed3d3be4c7ad3239b9d934bf84adff15dd?s=96&d=blank&r=g","contentUrl":"https:\/\/secure.gravatar.com\/avatar\/5cd83cadbada9c331a79952fcca177ed3d3be4c7ad3239b9d934bf84adff15dd?s=96&d=blank&r=g","caption":"Klaus Kunze"},"logo":{"@id":"https:\/\/secure.gravatar.com\/avatar\/5cd83cadbada9c331a79952fcca177ed3d3be4c7ad3239b9d934bf84adff15dd?s=96&d=blank&r=g"},"sameAs":["http:\/\/KlausKunze.com","https:\/\/x.com\/https:\/\/twitter.com\/KlausKunze3"]}]}},"post_mailing_queue_ids":[],"_links":{"self":[{"href":"https:\/\/klauskunze.com\/blog\/wp-json\/wp\/v2\/posts\/3899","targetHints":{"allow":["GET"]}}],"collection":[{"href":"https:\/\/klauskunze.com\/blog\/wp-json\/wp\/v2\/posts"}],"about":[{"href":"https:\/\/klauskunze.com\/blog\/wp-json\/wp\/v2\/types\/post"}],"author":[{"embeddable":true,"href":"https:\/\/klauskunze.com\/blog\/wp-json\/wp\/v2\/users\/1"}],"replies":[{"embeddable":true,"href":"https:\/\/klauskunze.com\/blog\/wp-json\/wp\/v2\/comments?post=3899"}],"version-history":[{"count":9,"href":"https:\/\/klauskunze.com\/blog\/wp-json\/wp\/v2\/posts\/3899\/revisions"}],"predecessor-version":[{"id":4816,"href":"https:\/\/klauskunze.com\/blog\/wp-json\/wp\/v2\/posts\/3899\/revisions\/4816"}],"wp:featuredmedia":[{"embeddable":true,"href":"https:\/\/klauskunze.com\/blog\/wp-json\/wp\/v2\/media\/3900"}],"wp:attachment":[{"href":"https:\/\/klauskunze.com\/blog\/wp-json\/wp\/v2\/media?parent=3899"}],"wp:term":[{"taxonomy":"category","embeddable":true,"href":"https:\/\/klauskunze.com\/blog\/wp-json\/wp\/v2\/categories?post=3899"},{"taxonomy":"post_tag","embeddable":true,"href":"https:\/\/klauskunze.com\/blog\/wp-json\/wp\/v2\/tags?post=3899"}],"curies":[{"name":"wp","href":"https:\/\/api.w.org\/{rel}","templated":true}]}}