{"id":3946,"date":"2021-07-25T12:13:44","date_gmt":"2021-07-25T10:13:44","guid":{"rendered":"http:\/\/klauskunze.com\/blog\/?p=3946"},"modified":"2021-07-25T20:12:19","modified_gmt":"2021-07-25T18:12:19","slug":"wie-die-luege-zur-wahrheit-wird","status":"publish","type":"post","link":"https:\/\/klauskunze.com\/blog\/2021\/07\/25\/wie-die-luege-zur-wahrheit-wird\/","title":{"rendered":"Wie die L\u00fcge zur Wahrheit wird"},"content":{"rendered":"\n<h2 class=\"wp-block-heading\">&#8222;Wahrheit&#8220; aus der Retorte<\/h2>\n\n\n\n<p>Wahrheit kann man heute machen, kann sie erzeugen und herstellen wie ein Produkt. In nie gekanntem Ausma\u00df bem\u00e4chtigen Medien sich unserer Gehirne und installieren in ihnen eine Art Matrix vollendeter Fehlwahrnehmung. Sie l\u00e4\u00dft uns Dinge sehen, die in der Realit\u00e4t gar nicht existieren.<\/p>\n\n\n\n<p>Auf der Plattform gettr.com las ich heute einen Nutzerbeitrag: <a href=\"https:\/\/gettr.com\/post\/p5i8l3\">\u201eWenn man Radio, Presse, Schule, Kirche, Kunst, Wissenschaft und Film kontrolliert, kann man jede Wahrheit in eine L\u00fcge verwandeln, jeden Unsinn in Vernunft.\u201c<\/a> Der anonyme Nutzer namens \u201eWahrheitssuche\u201c hat Recht.<\/p>\n\n\n\n<p>Indem Millionen Deutsche wenigstens medial mit Mitgef\u00fchl und Sorge das Schicksal unserer Landsleuten in der Eifel verfolgen, baute sich ein uns fremd gewordenes Band der Solidarit\u00e4t auf.&nbsp; Unz\u00e4hlige Menschen sahen die Helfer-Kolonnen aus allen Himmelsrichtungen in die Flutgebiete rollen. Am liebsten w\u00e4re jedermann mitgerollt, um aus tiefstem Gef\u00fchl der Verbundenheit mitzuhelfen.<\/p>\n\n\n\n<p>W\u00e4hrend ein pl\u00f6tzliches Gef\u00fchl lebendiger Gemeinschaft das ganze Volk verband, mu\u00dften die \u00fcblichen Verd\u00e4chtigen im Rotfunk und Staatsfernsehen spalten und sahen ihre Chance zu politischer Hetze. Seit mehreren Tagen verbreiten sie, THW-Helfer seien von \u201eQuerdenkern\u201c angegriffen worden. Die Tagesschau schrieb: \u201e&#8220;Querdenker&#8220;, Reichsb\u00fcrger und Rechtsextremisten versuchen immer wieder in den von der Hochwasserkatastrophe betroffenen Regionen, das Leid der Menschen f\u00fcr ihre Sache zu nutzen.\u201c<\/p>\n\n\n\n<figure class=\"wp-block-image size-large\"><a href=\"https:\/\/www.tagesschau.de\/inland\/thw-angriffe-flutgebiete-101.html\"><img loading=\"lazy\" decoding=\"async\" width=\"932\" height=\"701\" src=\"http:\/\/klauskunze.com\/blog\/wp-content\/uploads\/2021\/07\/Zuschneiden_4.jpg\" alt=\"\" class=\"wp-image-3947\" srcset=\"https:\/\/klauskunze.com\/blog\/wp-content\/uploads\/2021\/07\/Zuschneiden_4.jpg 932w, https:\/\/klauskunze.com\/blog\/wp-content\/uploads\/2021\/07\/Zuschneiden_4-300x226.jpg 300w, https:\/\/klauskunze.com\/blog\/wp-content\/uploads\/2021\/07\/Zuschneiden_4-768x578.jpg 768w, https:\/\/klauskunze.com\/blog\/wp-content\/uploads\/2021\/07\/Zuschneiden_4-900x677.jpg 900w\" sizes=\"auto, (max-width: 932px) 100vw, 932px\" \/><\/a><figcaption>Die Tagesschau, aber auch der Deutschlandfunk und die anderen Sender berichteten tagelang \u00fcber Angriffe von &#8222;Querdenkern&#8220; auf Einsatzkr\u00e4fte.<\/figcaption><\/figure>\n\n\n\n<p>Nun w\u00e4re es verwunderlich, wenn ausgerechnet patriotisch denkende Menschen nicht unter den uneigenn\u00fctzigen Helfern w\u00e4ren, um Schlamm zu schippen. Aber allein schon die Vorstellung, solche Helfer w\u00fcrden THW-Kr\u00e4fte angreifen, ist absurd. Warum sollten sie das tun? Soweit ich die polizeilichen Stellungnahmen auf Twitter und anderswo verfolgen kann, gibt es auch keinerlei Beleg f\u00fcr diese seit Tagen in Nachrichten wiederholte Behauptung. Anscheinend ist sie frei erfunden.<\/p>\n\n\n\n<h2 class=\"wp-block-heading\">L\u00fcgen sind Klassiker<\/h2>\n\n\n\n<p>Doch bei wie vielen Menschen wird sie wie eine Tatsache im Kopf h\u00e4ngen bleiben und zum Teil ihres Weltbildes werden, ihrer \u201eWahrheit\u201c? Solche L\u00fcgen sind Klassiker: Im Mittelalter hie\u00df es, Juden w\u00fcrden christliche Kinder schlachten. Im 1. Weltkrieg verbreitete alliierte Propaganda, deutsche Soldaten h\u00e4tten belgischen Kinder die H\u00e4nde abgehackt und sie in Brunnen geworfen.<\/p>\n\n\n\n<p>Heutzutage erkennt man solche Konstrukte der Propaganda manchmal als L\u00fcge, weil sie nicht mit konkretem Ort, Zeit und bestimmbaren Personen verbunden werden. Es ist mir nicht gelungen, herauszufinden, wer wann und wo \u201eQuerdenker\u201c oder \u201eReichsb\u00fcrger\u201c Helfer des THW angegriffen haben sollen. Im Gerichtssaal durchschaut man eine unglaubhafte Zeugenaussage oft daran, da\u00df sie im Ungef\u00e4hren bleibt und kein lebendiges Geschehen schildert.<\/p>\n\n\n\n<p>Kein Wunder, da\u00df unsere Medien f\u00fcr viele B\u00fcrger zur \u201eL\u00fcgenpresse\u201c geworden sind. Die Glaubw\u00fcrdigkeit ist dahin. Wer einmal l\u00fcgt, dem glaubt man nicht, und wenn er auch die Wahrheit spricht. Diese Wahrheit ist leider ein schl\u00fcpfriges Ding und hat viele Aspekte.<\/p>\n\n\n\n<p>&nbsp;Ein und derselbe abgem\u00e4hte Wegrand ist f\u00fcr mich \u201etot\u201c, f\u00fcr manchen Bauern aber \u201esauber\u201c. Wo es im Fr\u00fchsommer herrlich bl\u00fchte, Raupen hoffnungsfroh knabberten und sich auf ihr Leben als Schmetterling freuten, herrscht nach dem Abm\u00e4hen Trostlosigkeit. So lautet meine Wahrheit. Die Wahrheit b\u00e4uerlicher Nachbarn dagegen lautet: Der Wegrand ist jetzt \u201esauber\u201c.<\/p>\n\n\n\n<figure class=\"wp-block-gallery columns-2 is-cropped wp-block-gallery-1 is-layout-flex wp-block-gallery-is-layout-flex\"><ul class=\"blocks-gallery-grid\"><li class=\"blocks-gallery-item\"><figure><img loading=\"lazy\" decoding=\"async\" width=\"1024\" height=\"606\" src=\"http:\/\/klauskunze.com\/blog\/wp-content\/uploads\/2021\/07\/artenschutz_1-1024x606.jpg\" alt=\"\" data-id=\"3949\" data-link=\"http:\/\/klauskunze.com\/blog\/?attachment_id=3949\" class=\"wp-image-3949\" srcset=\"https:\/\/klauskunze.com\/blog\/wp-content\/uploads\/2021\/07\/artenschutz_1-1024x606.jpg 1024w, https:\/\/klauskunze.com\/blog\/wp-content\/uploads\/2021\/07\/artenschutz_1-300x178.jpg 300w, https:\/\/klauskunze.com\/blog\/wp-content\/uploads\/2021\/07\/artenschutz_1-768x455.jpg 768w, https:\/\/klauskunze.com\/blog\/wp-content\/uploads\/2021\/07\/artenschutz_1-900x533.jpg 900w, https:\/\/klauskunze.com\/blog\/wp-content\/uploads\/2021\/07\/artenschutz_1-1280x758.jpg 1280w, https:\/\/klauskunze.com\/blog\/wp-content\/uploads\/2021\/07\/artenschutz_1.jpg 1500w\" sizes=\"auto, (max-width: 1024px) 100vw, 1024px\" \/><\/figure><\/li><li class=\"blocks-gallery-item\"><figure><img loading=\"lazy\" decoding=\"async\" width=\"1024\" height=\"681\" src=\"http:\/\/klauskunze.com\/blog\/wp-content\/uploads\/2021\/07\/artenschutz_2-1024x681.jpg\" alt=\"\" data-id=\"3950\" data-full-url=\"http:\/\/klauskunze.com\/blog\/wp-content\/uploads\/2021\/07\/artenschutz_2.jpg\" data-link=\"http:\/\/klauskunze.com\/blog\/?attachment_id=3950\" class=\"wp-image-3950\" srcset=\"https:\/\/klauskunze.com\/blog\/wp-content\/uploads\/2021\/07\/artenschutz_2-1024x681.jpg 1024w, https:\/\/klauskunze.com\/blog\/wp-content\/uploads\/2021\/07\/artenschutz_2-300x199.jpg 300w, https:\/\/klauskunze.com\/blog\/wp-content\/uploads\/2021\/07\/artenschutz_2-768x510.jpg 768w, https:\/\/klauskunze.com\/blog\/wp-content\/uploads\/2021\/07\/artenschutz_2-900x598.jpg 900w, https:\/\/klauskunze.com\/blog\/wp-content\/uploads\/2021\/07\/artenschutz_2-1280x851.jpg 1280w, https:\/\/klauskunze.com\/blog\/wp-content\/uploads\/2021\/07\/artenschutz_2.jpg 1500w\" sizes=\"auto, (max-width: 1024px) 100vw, 1024px\" \/><\/figure><\/li><\/ul><figcaption class=\"blocks-gallery-caption\"><a href=\"http:\/\/klauskunze.com\/falter\/biotopschutz.htm\">Derselbe Wegrand war f\u00fcr mich vorher &#8222;lebendig&#8220; und ist nach dem Abm\u00e4hen &#8222;tot&#8220;, f\u00fcr manchen Bauern aber &#8222;sauber&#8220;. <\/a>Es gibt keine \u00fcbergreifende &#8222;Wahrheit&#8220;.<\/figcaption><\/figure>\n\n\n\n<p><\/p>\n\n\n\n<p>Ich werde das nie begreifen. Ihre Wirklichkeit und ihre Wahrheit sind nicht die meine. Wenn zwei dasselbe sehen, verkn\u00fcpfen sie es n\u00e4mlich mit ganz verschiedenen Wertungen und unterschiedlichem Verst\u00e4ndnis von Kausalit\u00e4t. Diese Vorstellungen befinden sich nur in ihrem Kopf, nicht im beobachteten Objekt. Wer anders denkt, dem wird der Wahrheitsbegriff des anderen ewig unverst\u00e4ndlich bleiben. Mit einem festgef\u00fcgten Weltbild im Kopf bildete sich aber Moses ein, sein Gott spreche aus dem brennenden Dornbusch zu ihm.<\/p>\n\n\n\n<p>Wenn ich an die Existenz eines solchen Gottes glaube, erschlie\u00dft sich mir alles Handeln Moses als vern\u00fcnftig. Ohne diesen Glauben sind solche Leute religi\u00f6se Spinner wie Abraham, der \u00fcberall &#8222;Gott h\u00f6rte&#8220; und sogar bereit war, seinen Sohn Isaak zu opfern, wenn die Stimme es ihm befahl.<\/p>\n\n\n\n<p>Wie Moses \u00fcberall \u201eGott h\u00f6rte\u201c, sehen viele Medienleute heute \u00fcberall \u201eQuerdenker\u201c und \u201eReichsb\u00fcrger\u201c am Werke. Der Weg vom Glauben \u00fcber die fixe Idee zur Paranoia ist kurz. Er ist es heute nicht nur auf der Linken. Sie instrumentiert ihre Medienmacht und sucht in ihren Zuschauern bei jeder Gelegenheit ein Weltbild zu erzeugen, in dem rechte Verschw\u00f6rungen an der Tagesordnung sind: in Polizeikreisen, in der Gro\u00dfindustrie, bei den Banken und rechten Parteien sowieso.<\/p>\n\n\n\n<div class=\"wp-block-image\"><figure class=\"aligncenter size-large\"><img loading=\"lazy\" decoding=\"async\" width=\"800\" height=\"476\" src=\"http:\/\/klauskunze.com\/blog\/wp-content\/uploads\/2021\/07\/Zuschneiden_5.jpg\" alt=\"\" class=\"wp-image-3955\" srcset=\"https:\/\/klauskunze.com\/blog\/wp-content\/uploads\/2021\/07\/Zuschneiden_5.jpg 800w, https:\/\/klauskunze.com\/blog\/wp-content\/uploads\/2021\/07\/Zuschneiden_5-300x179.jpg 300w, https:\/\/klauskunze.com\/blog\/wp-content\/uploads\/2021\/07\/Zuschneiden_5-768x457.jpg 768w\" sizes=\"auto, (max-width: 800px) 100vw, 800px\" \/><figcaption>In <a href=\"https:\/\/digi.ub.uni-heidelberg.de\/diglit\/is00309000\/0077\">Schedels Weltchronik von 1493<\/a> sehen wir nicht viel Flammen im brennenden Dornbusch, aber Moses hatte die Stimme seines Herrn eindeutig erkannt. <\/figcaption><\/figure><\/div>\n\n\n\n<p>Wenn man einmal fest an das Walten Gottes oder das des Teufels glaubt, findet man jeden Tag neue, eindrucksvolle Belege.<\/p>\n\n\n\n<h2 class=\"wp-block-heading\">Sind wir alle &#8222;L\u00fcgner&#8220;?<\/h2>\n\n\n\n<p>Deutschland ist heute zersplittert in Gl\u00e4ubige der einen oder anderen Seite. Die ihr Denken leitenden Mechanismen sind dieselben. Die Denkinhalte unterscheiden sich grundlegend. Darum verstehen sie einander nicht mehr. Jede Seite h\u00e4lt die andere f\u00fcr l\u00fcgnerisch.<\/p>\n\n\n\n<p>Begriffsbildungen mit \u201e\u2026l\u00fcgner\u201c oder \u201e\u2026leugner\u201c haben Konjunktur. Sie sind ein Indikator f\u00fcr die weltanschauliche Zersplitterung. Analog zum \u201eHolokaustleugner\u201c bildeten sich in kurzer Zeit der Klimaleugner, der Coronaleugner und andere ideologisch Abtr\u00fcnnige, aber eben auch die L\u00fcgenpresse. Wenn man exakt analysiert, was da jeweils \u201egeleugnet\u201c oder \u201egelogen\u201c wird, findet man im Kern meistens kein unbestreitbares, objektivierbares Faktum, sondern eine zutiefst weltanschauliche Wertung, ein h\u00f6chstpers\u00f6nliches ideologisches Konstrukt wie den \u201esauberen Wegrand\u201c.<\/p>\n\n\n\n<p>Es w\u00e4re eine edle Aufgabe f\u00fcr selbsternannte Qualit\u00e4tsmedien, ihre eigenen Pr\u00e4missen zu hinterfragen und das Publikum darauf hinzuweisen, wie wackelig Bewertungen und Zuschreibungen sind. Woher will denn jemand wissen, ob einer, der vielleicht tats\u00e4chlich THW-Leute angegriffen haben sollte, quer denkt, was er \u00fcberhaupt denkt und ob er \u201eQuerdenker\u201c ist? Hat er einen Querdenkerausweis vorgezeigt?<\/p>\n\n\n\n<figure class=\"wp-block-image size-large\"><img loading=\"lazy\" decoding=\"async\" width=\"1024\" height=\"699\" src=\"http:\/\/klauskunze.com\/blog\/wp-content\/uploads\/2021\/07\/Zuschneiden_7-1024x699.jpg\" alt=\"\" class=\"wp-image-3961\" srcset=\"https:\/\/klauskunze.com\/blog\/wp-content\/uploads\/2021\/07\/Zuschneiden_7-1024x699.jpg 1024w, https:\/\/klauskunze.com\/blog\/wp-content\/uploads\/2021\/07\/Zuschneiden_7-300x205.jpg 300w, https:\/\/klauskunze.com\/blog\/wp-content\/uploads\/2021\/07\/Zuschneiden_7-768x524.jpg 768w, https:\/\/klauskunze.com\/blog\/wp-content\/uploads\/2021\/07\/Zuschneiden_7-900x614.jpg 900w, https:\/\/klauskunze.com\/blog\/wp-content\/uploads\/2021\/07\/Zuschneiden_7.jpg 1084w\" sizes=\"auto, (max-width: 1024px) 100vw, 1024px\" \/><figcaption>L\u00fcgenpresse 1493: <a href=\"https:\/\/digi.ub.uni-heidelberg.de\/diglit\/is00309000\/0455\">Hartmann Schedel schildert in seiner Weltchronik (Bl.CCXXX)<\/a>, wie <a href=\"https:\/\/www.historisches-lexikon-bayerns.de\/Lexikon\/Armleder-Verfolgungen_1336-1338\">1337 die Deggendorfer Juden <\/a>wegen erfundener Sch\u00e4ndung von Sakramenten verfolgt wurden. <a href=\"https:\/\/www.historisches-lexikon-bayerns.de\/Lexikon\/Armleder-Verfolgungen_1336-1338\">Tats\u00e4chlich wurden sie verfolgt und erschlagen<\/a>, nicht in einer Grube verbrannt. Seit der Erfindung des Buchdrucks beherrschte er das Denken der Menschen: Was da schwarz auf wei\u00df stand, wurde geglaubt.<\/figcaption><\/figure>\n\n\n\n<p><\/p>\n\n\n\n<p>Der L\u00f6wenanteil der Medien steht aber nicht berichtend \u00fcber den ideologischen Gr\u00e4ben, sondern bildet den Angriffskeil einer ideologischen Formation gegen die Mitte der Gesellschaft. Sie umzudrehen und ihr ein anderes Weltbild einzupflanzen ist das erkl\u00e4rte Ziel dieser Aktivisten.<\/p>\n\n\n\n<p>Dazu ist ihnen jedes Mittel recht. Schlie\u00dflich k\u00e4mpfen sie &#8222;gegen Rechts&#8220;.<\/p>\n","protected":false},"excerpt":{"rendered":"<p>&#8222;Wahrheit&#8220; aus der Retorte Wahrheit kann man heute machen, kann sie erzeugen und herstellen wie ein Produkt. In nie gekanntem Ausma\u00df bem\u00e4chtigen Medien sich unserer Gehirne und installieren in ihnen eine Art Matrix vollendeter Fehlwahrnehmung. Sie l\u00e4\u00dft uns Dinge sehen, die in der Realit\u00e4t gar nicht existieren. Auf der Plattform gettr.com las ich heute einen [&hellip;]<\/p>\n","protected":false},"author":1,"featured_media":3947,"comment_status":"open","ping_status":"open","sticky":false,"template":"","format":"standard","meta":{"h5ap_radio_sources":[],"twitterCardType":"","cardImageID":0,"cardImage":"","cardTitle":"","cardDesc":"","cardImageAlt":"","cardPlayer":"","cardPlayerWidth":0,"cardPlayerHeight":0,"cardPlayerStream":"","cardPlayerCodec":"","footnotes":""},"categories":[20,17],"tags":[],"class_list":["post-3946","post","type-post","status-publish","format-standard","has-post-thumbnail","hentry","category-philosophie","category-politik"],"yoast_head":"<!-- This site is optimized with the Yoast SEO plugin v27.5 - https:\/\/yoast.com\/product\/yoast-seo-wordpress\/ -->\n<title>Wie die L\u00fcge zur Wahrheit wird - Klaus Kunze<\/title>\n<meta name=\"robots\" content=\"index, follow, max-snippet:-1, max-image-preview:large, max-video-preview:-1\" \/>\n<link rel=\"canonical\" href=\"https:\/\/klauskunze.com\/blog\/2021\/07\/25\/wie-die-luege-zur-wahrheit-wird\/\" \/>\n<meta property=\"og:locale\" content=\"de_DE\" \/>\n<meta property=\"og:type\" content=\"article\" \/>\n<meta property=\"og:title\" content=\"Wie die L\u00fcge zur Wahrheit wird - Klaus Kunze\" \/>\n<meta property=\"og:description\" content=\"&#8222;Wahrheit&#8220; aus der Retorte Wahrheit kann man heute machen, kann sie erzeugen und herstellen wie ein Produkt. In nie gekanntem Ausma\u00df bem\u00e4chtigen Medien sich unserer Gehirne und installieren in ihnen eine Art Matrix vollendeter Fehlwahrnehmung. Sie l\u00e4\u00dft uns Dinge sehen, die in der Realit\u00e4t gar nicht existieren. Auf der Plattform gettr.com las ich heute einen [&hellip;]\" \/>\n<meta property=\"og:url\" content=\"https:\/\/klauskunze.com\/blog\/2021\/07\/25\/wie-die-luege-zur-wahrheit-wird\/\" \/>\n<meta property=\"og:site_name\" content=\"Klaus Kunze\" \/>\n<meta property=\"article:published_time\" content=\"2021-07-25T10:13:44+00:00\" \/>\n<meta property=\"article:modified_time\" content=\"2021-07-25T18:12:19+00:00\" \/>\n<meta property=\"og:image\" content=\"https:\/\/klauskunze.com\/blog\/wp-content\/uploads\/2021\/07\/Zuschneiden_4.jpg\" \/>\n\t<meta property=\"og:image:width\" content=\"932\" \/>\n\t<meta property=\"og:image:height\" content=\"701\" \/>\n\t<meta property=\"og:image:type\" content=\"image\/jpeg\" \/>\n<meta name=\"author\" content=\"Klaus Kunze\" \/>\n<meta name=\"twitter:label1\" content=\"Verfasst von\" \/>\n\t<meta name=\"twitter:data1\" content=\"Klaus Kunze\" \/>\n\t<meta name=\"twitter:label2\" content=\"Gesch\u00e4tzte Lesezeit\" \/>\n\t<meta name=\"twitter:data2\" content=\"6\u00a0Minuten\" \/>\n<script type=\"application\/ld+json\" class=\"yoast-schema-graph\">{\"@context\":\"https:\\\/\\\/schema.org\",\"@graph\":[{\"@type\":\"Article\",\"@id\":\"https:\\\/\\\/klauskunze.com\\\/blog\\\/2021\\\/07\\\/25\\\/wie-die-luege-zur-wahrheit-wird\\\/#article\",\"isPartOf\":{\"@id\":\"https:\\\/\\\/klauskunze.com\\\/blog\\\/2021\\\/07\\\/25\\\/wie-die-luege-zur-wahrheit-wird\\\/\"},\"author\":{\"name\":\"Klaus Kunze\",\"@id\":\"https:\\\/\\\/klauskunze.com\\\/blog\\\/#\\\/schema\\\/person\\\/9c091cf30ab68b897db6a517e3c3b11b\"},\"headline\":\"Wie die L\u00fcge zur Wahrheit wird\",\"datePublished\":\"2021-07-25T10:13:44+00:00\",\"dateModified\":\"2021-07-25T18:12:19+00:00\",\"mainEntityOfPage\":{\"@id\":\"https:\\\/\\\/klauskunze.com\\\/blog\\\/2021\\\/07\\\/25\\\/wie-die-luege-zur-wahrheit-wird\\\/\"},\"wordCount\":1106,\"commentCount\":2,\"publisher\":{\"@id\":\"https:\\\/\\\/klauskunze.com\\\/blog\\\/#\\\/schema\\\/person\\\/9c091cf30ab68b897db6a517e3c3b11b\"},\"image\":{\"@id\":\"https:\\\/\\\/klauskunze.com\\\/blog\\\/2021\\\/07\\\/25\\\/wie-die-luege-zur-wahrheit-wird\\\/#primaryimage\"},\"thumbnailUrl\":\"https:\\\/\\\/klauskunze.com\\\/blog\\\/wp-content\\\/uploads\\\/2021\\\/07\\\/Zuschneiden_4.jpg\",\"articleSection\":[\"Philosophie\",\"Politik\"],\"inLanguage\":\"de\",\"potentialAction\":[{\"@type\":\"CommentAction\",\"name\":\"Comment\",\"target\":[\"https:\\\/\\\/klauskunze.com\\\/blog\\\/2021\\\/07\\\/25\\\/wie-die-luege-zur-wahrheit-wird\\\/#respond\"]}]},{\"@type\":\"WebPage\",\"@id\":\"https:\\\/\\\/klauskunze.com\\\/blog\\\/2021\\\/07\\\/25\\\/wie-die-luege-zur-wahrheit-wird\\\/\",\"url\":\"https:\\\/\\\/klauskunze.com\\\/blog\\\/2021\\\/07\\\/25\\\/wie-die-luege-zur-wahrheit-wird\\\/\",\"name\":\"Wie die L\u00fcge zur Wahrheit wird - Klaus Kunze\",\"isPartOf\":{\"@id\":\"https:\\\/\\\/klauskunze.com\\\/blog\\\/#website\"},\"primaryImageOfPage\":{\"@id\":\"https:\\\/\\\/klauskunze.com\\\/blog\\\/2021\\\/07\\\/25\\\/wie-die-luege-zur-wahrheit-wird\\\/#primaryimage\"},\"image\":{\"@id\":\"https:\\\/\\\/klauskunze.com\\\/blog\\\/2021\\\/07\\\/25\\\/wie-die-luege-zur-wahrheit-wird\\\/#primaryimage\"},\"thumbnailUrl\":\"https:\\\/\\\/klauskunze.com\\\/blog\\\/wp-content\\\/uploads\\\/2021\\\/07\\\/Zuschneiden_4.jpg\",\"datePublished\":\"2021-07-25T10:13:44+00:00\",\"dateModified\":\"2021-07-25T18:12:19+00:00\",\"breadcrumb\":{\"@id\":\"https:\\\/\\\/klauskunze.com\\\/blog\\\/2021\\\/07\\\/25\\\/wie-die-luege-zur-wahrheit-wird\\\/#breadcrumb\"},\"inLanguage\":\"de\",\"potentialAction\":[{\"@type\":\"ReadAction\",\"target\":[\"https:\\\/\\\/klauskunze.com\\\/blog\\\/2021\\\/07\\\/25\\\/wie-die-luege-zur-wahrheit-wird\\\/\"]}]},{\"@type\":\"ImageObject\",\"inLanguage\":\"de\",\"@id\":\"https:\\\/\\\/klauskunze.com\\\/blog\\\/2021\\\/07\\\/25\\\/wie-die-luege-zur-wahrheit-wird\\\/#primaryimage\",\"url\":\"https:\\\/\\\/klauskunze.com\\\/blog\\\/wp-content\\\/uploads\\\/2021\\\/07\\\/Zuschneiden_4.jpg\",\"contentUrl\":\"https:\\\/\\\/klauskunze.com\\\/blog\\\/wp-content\\\/uploads\\\/2021\\\/07\\\/Zuschneiden_4.jpg\",\"width\":932,\"height\":701},{\"@type\":\"BreadcrumbList\",\"@id\":\"https:\\\/\\\/klauskunze.com\\\/blog\\\/2021\\\/07\\\/25\\\/wie-die-luege-zur-wahrheit-wird\\\/#breadcrumb\",\"itemListElement\":[{\"@type\":\"ListItem\",\"position\":1,\"name\":\"Startseite\",\"item\":\"https:\\\/\\\/klauskunze.com\\\/blog\\\/\"},{\"@type\":\"ListItem\",\"position\":2,\"name\":\"Wie die L\u00fcge zur Wahrheit wird\"}]},{\"@type\":\"WebSite\",\"@id\":\"https:\\\/\\\/klauskunze.com\\\/blog\\\/#website\",\"url\":\"https:\\\/\\\/klauskunze.com\\\/blog\\\/\",\"name\":\"Klaus Kunze\",\"description\":\"Blog\",\"publisher\":{\"@id\":\"https:\\\/\\\/klauskunze.com\\\/blog\\\/#\\\/schema\\\/person\\\/9c091cf30ab68b897db6a517e3c3b11b\"},\"potentialAction\":[{\"@type\":\"SearchAction\",\"target\":{\"@type\":\"EntryPoint\",\"urlTemplate\":\"https:\\\/\\\/klauskunze.com\\\/blog\\\/?s={search_term_string}\"},\"query-input\":{\"@type\":\"PropertyValueSpecification\",\"valueRequired\":true,\"valueName\":\"search_term_string\"}}],\"inLanguage\":\"de\"},{\"@type\":[\"Person\",\"Organization\"],\"@id\":\"https:\\\/\\\/klauskunze.com\\\/blog\\\/#\\\/schema\\\/person\\\/9c091cf30ab68b897db6a517e3c3b11b\",\"name\":\"Klaus Kunze\",\"image\":{\"@type\":\"ImageObject\",\"inLanguage\":\"de\",\"@id\":\"https:\\\/\\\/secure.gravatar.com\\\/avatar\\\/5cd83cadbada9c331a79952fcca177ed3d3be4c7ad3239b9d934bf84adff15dd?s=96&d=blank&r=g\",\"url\":\"https:\\\/\\\/secure.gravatar.com\\\/avatar\\\/5cd83cadbada9c331a79952fcca177ed3d3be4c7ad3239b9d934bf84adff15dd?s=96&d=blank&r=g\",\"contentUrl\":\"https:\\\/\\\/secure.gravatar.com\\\/avatar\\\/5cd83cadbada9c331a79952fcca177ed3d3be4c7ad3239b9d934bf84adff15dd?s=96&d=blank&r=g\",\"caption\":\"Klaus Kunze\"},\"logo\":{\"@id\":\"https:\\\/\\\/secure.gravatar.com\\\/avatar\\\/5cd83cadbada9c331a79952fcca177ed3d3be4c7ad3239b9d934bf84adff15dd?s=96&d=blank&r=g\"},\"sameAs\":[\"http:\\\/\\\/KlausKunze.com\",\"https:\\\/\\\/x.com\\\/https:\\\/\\\/twitter.com\\\/KlausKunze3\"]}]}<\/script>\n<!-- \/ Yoast SEO plugin. -->","yoast_head_json":{"title":"Wie die L\u00fcge zur Wahrheit wird - Klaus Kunze","robots":{"index":"index","follow":"follow","max-snippet":"max-snippet:-1","max-image-preview":"max-image-preview:large","max-video-preview":"max-video-preview:-1"},"canonical":"https:\/\/klauskunze.com\/blog\/2021\/07\/25\/wie-die-luege-zur-wahrheit-wird\/","og_locale":"de_DE","og_type":"article","og_title":"Wie die L\u00fcge zur Wahrheit wird - Klaus Kunze","og_description":"&#8222;Wahrheit&#8220; aus der Retorte Wahrheit kann man heute machen, kann sie erzeugen und herstellen wie ein Produkt. In nie gekanntem Ausma\u00df bem\u00e4chtigen Medien sich unserer Gehirne und installieren in ihnen eine Art Matrix vollendeter Fehlwahrnehmung. Sie l\u00e4\u00dft uns Dinge sehen, die in der Realit\u00e4t gar nicht existieren. Auf der Plattform gettr.com las ich heute einen [&hellip;]","og_url":"https:\/\/klauskunze.com\/blog\/2021\/07\/25\/wie-die-luege-zur-wahrheit-wird\/","og_site_name":"Klaus Kunze","article_published_time":"2021-07-25T10:13:44+00:00","article_modified_time":"2021-07-25T18:12:19+00:00","og_image":[{"width":932,"height":701,"url":"https:\/\/klauskunze.com\/blog\/wp-content\/uploads\/2021\/07\/Zuschneiden_4.jpg","type":"image\/jpeg"}],"author":"Klaus Kunze","twitter_misc":{"Verfasst von":"Klaus Kunze","Gesch\u00e4tzte Lesezeit":"6\u00a0Minuten"},"schema":{"@context":"https:\/\/schema.org","@graph":[{"@type":"Article","@id":"https:\/\/klauskunze.com\/blog\/2021\/07\/25\/wie-die-luege-zur-wahrheit-wird\/#article","isPartOf":{"@id":"https:\/\/klauskunze.com\/blog\/2021\/07\/25\/wie-die-luege-zur-wahrheit-wird\/"},"author":{"name":"Klaus Kunze","@id":"https:\/\/klauskunze.com\/blog\/#\/schema\/person\/9c091cf30ab68b897db6a517e3c3b11b"},"headline":"Wie die L\u00fcge zur Wahrheit wird","datePublished":"2021-07-25T10:13:44+00:00","dateModified":"2021-07-25T18:12:19+00:00","mainEntityOfPage":{"@id":"https:\/\/klauskunze.com\/blog\/2021\/07\/25\/wie-die-luege-zur-wahrheit-wird\/"},"wordCount":1106,"commentCount":2,"publisher":{"@id":"https:\/\/klauskunze.com\/blog\/#\/schema\/person\/9c091cf30ab68b897db6a517e3c3b11b"},"image":{"@id":"https:\/\/klauskunze.com\/blog\/2021\/07\/25\/wie-die-luege-zur-wahrheit-wird\/#primaryimage"},"thumbnailUrl":"https:\/\/klauskunze.com\/blog\/wp-content\/uploads\/2021\/07\/Zuschneiden_4.jpg","articleSection":["Philosophie","Politik"],"inLanguage":"de","potentialAction":[{"@type":"CommentAction","name":"Comment","target":["https:\/\/klauskunze.com\/blog\/2021\/07\/25\/wie-die-luege-zur-wahrheit-wird\/#respond"]}]},{"@type":"WebPage","@id":"https:\/\/klauskunze.com\/blog\/2021\/07\/25\/wie-die-luege-zur-wahrheit-wird\/","url":"https:\/\/klauskunze.com\/blog\/2021\/07\/25\/wie-die-luege-zur-wahrheit-wird\/","name":"Wie die L\u00fcge zur Wahrheit wird - Klaus Kunze","isPartOf":{"@id":"https:\/\/klauskunze.com\/blog\/#website"},"primaryImageOfPage":{"@id":"https:\/\/klauskunze.com\/blog\/2021\/07\/25\/wie-die-luege-zur-wahrheit-wird\/#primaryimage"},"image":{"@id":"https:\/\/klauskunze.com\/blog\/2021\/07\/25\/wie-die-luege-zur-wahrheit-wird\/#primaryimage"},"thumbnailUrl":"https:\/\/klauskunze.com\/blog\/wp-content\/uploads\/2021\/07\/Zuschneiden_4.jpg","datePublished":"2021-07-25T10:13:44+00:00","dateModified":"2021-07-25T18:12:19+00:00","breadcrumb":{"@id":"https:\/\/klauskunze.com\/blog\/2021\/07\/25\/wie-die-luege-zur-wahrheit-wird\/#breadcrumb"},"inLanguage":"de","potentialAction":[{"@type":"ReadAction","target":["https:\/\/klauskunze.com\/blog\/2021\/07\/25\/wie-die-luege-zur-wahrheit-wird\/"]}]},{"@type":"ImageObject","inLanguage":"de","@id":"https:\/\/klauskunze.com\/blog\/2021\/07\/25\/wie-die-luege-zur-wahrheit-wird\/#primaryimage","url":"https:\/\/klauskunze.com\/blog\/wp-content\/uploads\/2021\/07\/Zuschneiden_4.jpg","contentUrl":"https:\/\/klauskunze.com\/blog\/wp-content\/uploads\/2021\/07\/Zuschneiden_4.jpg","width":932,"height":701},{"@type":"BreadcrumbList","@id":"https:\/\/klauskunze.com\/blog\/2021\/07\/25\/wie-die-luege-zur-wahrheit-wird\/#breadcrumb","itemListElement":[{"@type":"ListItem","position":1,"name":"Startseite","item":"https:\/\/klauskunze.com\/blog\/"},{"@type":"ListItem","position":2,"name":"Wie die L\u00fcge zur Wahrheit wird"}]},{"@type":"WebSite","@id":"https:\/\/klauskunze.com\/blog\/#website","url":"https:\/\/klauskunze.com\/blog\/","name":"Klaus Kunze","description":"Blog","publisher":{"@id":"https:\/\/klauskunze.com\/blog\/#\/schema\/person\/9c091cf30ab68b897db6a517e3c3b11b"},"potentialAction":[{"@type":"SearchAction","target":{"@type":"EntryPoint","urlTemplate":"https:\/\/klauskunze.com\/blog\/?s={search_term_string}"},"query-input":{"@type":"PropertyValueSpecification","valueRequired":true,"valueName":"search_term_string"}}],"inLanguage":"de"},{"@type":["Person","Organization"],"@id":"https:\/\/klauskunze.com\/blog\/#\/schema\/person\/9c091cf30ab68b897db6a517e3c3b11b","name":"Klaus Kunze","image":{"@type":"ImageObject","inLanguage":"de","@id":"https:\/\/secure.gravatar.com\/avatar\/5cd83cadbada9c331a79952fcca177ed3d3be4c7ad3239b9d934bf84adff15dd?s=96&d=blank&r=g","url":"https:\/\/secure.gravatar.com\/avatar\/5cd83cadbada9c331a79952fcca177ed3d3be4c7ad3239b9d934bf84adff15dd?s=96&d=blank&r=g","contentUrl":"https:\/\/secure.gravatar.com\/avatar\/5cd83cadbada9c331a79952fcca177ed3d3be4c7ad3239b9d934bf84adff15dd?s=96&d=blank&r=g","caption":"Klaus Kunze"},"logo":{"@id":"https:\/\/secure.gravatar.com\/avatar\/5cd83cadbada9c331a79952fcca177ed3d3be4c7ad3239b9d934bf84adff15dd?s=96&d=blank&r=g"},"sameAs":["http:\/\/KlausKunze.com","https:\/\/x.com\/https:\/\/twitter.com\/KlausKunze3"]}]}},"post_mailing_queue_ids":[],"_links":{"self":[{"href":"https:\/\/klauskunze.com\/blog\/wp-json\/wp\/v2\/posts\/3946","targetHints":{"allow":["GET"]}}],"collection":[{"href":"https:\/\/klauskunze.com\/blog\/wp-json\/wp\/v2\/posts"}],"about":[{"href":"https:\/\/klauskunze.com\/blog\/wp-json\/wp\/v2\/types\/post"}],"author":[{"embeddable":true,"href":"https:\/\/klauskunze.com\/blog\/wp-json\/wp\/v2\/users\/1"}],"replies":[{"embeddable":true,"href":"https:\/\/klauskunze.com\/blog\/wp-json\/wp\/v2\/comments?post=3946"}],"version-history":[{"count":10,"href":"https:\/\/klauskunze.com\/blog\/wp-json\/wp\/v2\/posts\/3946\/revisions"}],"predecessor-version":[{"id":3964,"href":"https:\/\/klauskunze.com\/blog\/wp-json\/wp\/v2\/posts\/3946\/revisions\/3964"}],"wp:featuredmedia":[{"embeddable":true,"href":"https:\/\/klauskunze.com\/blog\/wp-json\/wp\/v2\/media\/3947"}],"wp:attachment":[{"href":"https:\/\/klauskunze.com\/blog\/wp-json\/wp\/v2\/media?parent=3946"}],"wp:term":[{"taxonomy":"category","embeddable":true,"href":"https:\/\/klauskunze.com\/blog\/wp-json\/wp\/v2\/categories?post=3946"},{"taxonomy":"post_tag","embeddable":true,"href":"https:\/\/klauskunze.com\/blog\/wp-json\/wp\/v2\/tags?post=3946"}],"curies":[{"name":"wp","href":"https:\/\/api.w.org\/{rel}","templated":true}]}}