{"id":4123,"date":"2021-09-04T11:17:01","date_gmt":"2021-09-04T09:17:01","guid":{"rendered":"http:\/\/klauskunze.com\/blog\/?p=4123"},"modified":"2021-09-04T11:23:53","modified_gmt":"2021-09-04T09:23:53","slug":"menschenverachtung-bannstrahl-des-gutmenschlichen-exorzismus","status":"publish","type":"post","link":"https:\/\/klauskunze.com\/blog\/2021\/09\/04\/menschenverachtung-bannstrahl-des-gutmenschlichen-exorzismus\/","title":{"rendered":"&#8222;Menschenverachtung&#8220;: Bannstrahl des gutmenschlichen Exorzismus"},"content":{"rendered":"\n<p>Vor Zeiten hatte war Blasphemie die schlimmste S\u00fcnde: Wer Gott leugnete oder schm\u00e4hte, dem wurde schon mal kr\u00e4ftig eingeheizt. Heute ist \u201eMenschenfeindlichkeit\u201c die Erzs\u00fcnde unserer Tage.<\/p>\n\n\n\n<blockquote class=\"wp-block-quote is-layout-flow wp-block-quote-is-layout-flow\"><p>Linke reden schnell von &#8222;gruppenbezogener Menschenfeindlichkeit&#8220;. Ha\u00df gegen Reiche oder gegen &#8222;alte, wei\u00dfe M\u00e4nner&#8220; gilt dagegen bei Linken als Tugend &#8211; ist das keine &#8222;gruppenbezogene Menschenfeindlichkeit&#8220;?<\/p><cite><a href=\"https:\/\/twitter.com\/RZitelmann\/status\/1434060709680275457\">Rainer Zitelmann auf Twitter 4.9.2021<\/a><\/cite><\/blockquote>\n\n\n\n<p>So mahnte heute der liberale Publizist Rainer Zitelmann. Der Vorwurf der Menschenfeindlichkeit oder -verachtung ist zur stehenden Phrase aggressiven Gutmenschentums geworden. Mit \u201eMenschenverachtung\u201c ist aber nicht gemeint, man d\u00fcrfe keine individuelle Person verachten. Auch eine ganze Gruppe darf man durchaus beleidigen, schm\u00e4hen und verachten, wie Zitelmann erkennt: wei\u00dfe alte M\u00e4nner zum Beispiel.<\/p>\n\n\n\n<p>Wer jemandem den Vorwurf der Menschenverachtung wie einen Bannstrahl entgegenschleudert, verachtet ihn ja offenkundig auch und mu\u00df sich denselben Vorwurf gefallen lassen. Das merkt er allerdings nicht, weil er mit \u201eMenschenverachtung\u201c etwas ganz anderes meint: Der andere mi\u00dfachte n\u00e4mlich die Heiligkeit des Menschen an sich, deren Abglanz ihm wie ein Splitter einer h\u00f6heren Wesenheit innewohnt.<\/p>\n\n\n\n<p>\u201eDer Mensch\u201c bildet heute den Dreh- und Angelpunkt einer neuen inoffiziellen Staatsreligion unserer Tage. Als h\u00f6chstes Wesen trat er seit der Renaissance an die Stelle Gottes, und zwar nicht irgendein wirklicher Einzel\u00admensch oder viele bestimmte Einzelmen\u00adschen, sondern eine abstrakte Idee vom <em>Menschen an sich<\/em>. &#8222;Weil diese zur <em>Menschlichkeit<\/em> vollen\u00addete Sittlichkeit mit der Re\u00adli\u00adgi\u00adon, aus der sie geschichtlich hervorge\u00adgangen, sich v\u00f6llig aus\u00adein\u00adan\u00adder\u00adgesetzt hat,&#8220; prognostizierte &nbsp;Max Stirner 1845, &#8222;so hinderte sie nichts, auf eigene Hand Religion zu werden.&#8220; Dazu komme es, wenn dem Menschen der Mensch das h\u00f6ch\u00adste We\u00adsen sei: &#8222;Hat man da nicht wieder den Pfaf\u00adfen? Wer ist sein Gott? <em>Der<\/em> Mensch? Was ist das G\u00f6ttliche? Das Mensch\u00adliche!&#8220;<a href=\"#_ftn4\">[4]<\/a> Wenn Stirner die Humanit\u00e4t als die Staatsreligion des freien Staates bezeichnete<a href=\"#_ftn5\">[5]<\/a>, kommt er unserer Gegenwart auff\u00e4llig nahe. Es wird wieder verg\u00f6tzt.<\/p>\n\n\n\n<p>Darum kann der &#8222;Menschenver\u00e4chter&#8220; nur <em>b\u00f6se <\/em>sein. Das B\u00f6se wollte man fr\u00fcher mit einem Kuzifix und dem Ruf &#8222;Weiche, b\u00f6ser Geist!&#8220; vertreiben. Heute schrei man: &#8222;Menschenverachtung!&#8220; Durch diesen Exorzismus soll das B\u00f6se weichen.<\/p>\n\n\n\n<p>Wie sich Aberglauben vorstellte, im Besessenen wohne ein b\u00f6ser Geist, stellen sich Gutmenschen vor, im Menschen an sich wohne das Gute, etwas gleichsam G\u00f6ttliches mit prinzipiell unendlichem Wert. Wer ihn angreift oder leugnet, begeht die S\u00fcnde der Menschenverachtung. Terminologisch liegt dieser Vorstellung ein \u201emehr oder weniger klarer Immanenz-Pantheismus\u201c zugrunde\u201c<a href=\"#_ftn1\">[1]<\/a> \u201eMenschenverachtung\u201c ist dann die Erzs\u00fcnde gegen das pantheistisch vorgestellte \u201eG\u00f6ttliche\u201c im Menschen, gegen den verg\u00f6tterten Menschen an sich.<\/p>\n\n\n\n<p>Schon 1874 hatte der Theologe Johann Peter Lange (1802-1884) Menschenverachtung in der neuen Evolutionstheorie gewittert und vom Leder gezogen:<\/p>\n\n\n\n<blockquote class=\"wp-block-quote is-layout-flow wp-block-quote-is-layout-flow\"><p>&#8222;Welche eine seltsame rasche und \u00fcberraschende Wendung ist in Beziehung auf die Werthhaltung des Menschen und insbesondere auch des Menschenbildes eingetreten! Es ist noch nicht lange hin, da\u00df man uns verhie\u00df, wenn man erst die Gottesidee in den Hintergrund schiebe oder gar beseitige, werde der Mensch in seiner wahren heroischen Gr\u00f6\u00dfe erscheinen, auf den dunklen Tr\u00fcmmern der Religion werde der lichte Tempel der Humanit\u00e4t erstehen. Und nun sehen wir die Menschenverachtung als Selbstverachtung und Verachtung des N\u00e4chsten&nbsp; auf allen Seiten hervorbrechen.&#8220;<\/p><cite> Johann Peter Lange<a href=\"https:\/\/www.google.de\/books\/edition\/Daheim\/oY1sOIKND74C?hl=de&amp;gbpv=1&amp;dq=%22Katechismus+von+der+socialen+Allmacht+der+Faust%22&amp;pg=PA616&amp;printsec=frontcover\">, Ein Wort \u00fcber die Verbrennung der Leichen, in: Daheim, Ein deutsches Familienblatt  mit Illustrationen, 1874, S.614 ff.   <\/a><\/cite><\/blockquote>\n\n\n\n<p>Das &#8222;Grundverbrechen der Menschenverachtung&#8220; beginne mit der<\/p>\n\n\n\n<blockquote class=\"wp-block-quote is-layout-flow wp-block-quote-is-layout-flow\"><p>&#8222;Ableitung der Menschenart aus einer zuf\u00e4lligen thierischen Metamorphose, Menschenverachtung der Katechismus von der socialen Allmacht der Faust, und nicht minder auch die Menschenverachtung die Satzung, der Mensch k\u00f6nne von seinem Unfrieden befreit werden, wenn man ihm das Opfer seiner \u00dcberzeugung&nbsp; und seines Gewissens abgelistet und ihn zu einem dressirbaren Gesch\u00f6pf, zu einem willenlosen und fanatischen Werkzeug fremder hierarchischer Selbstverg\u00f6tterung gemacht habe.&#8220;<a href=\"#_ftn2\">[2]<\/a><\/p><cite> Johann Peter Lange<a href=\"https:\/\/www.google.de\/books\/edition\/Daheim\/oY1sOIKND74C?hl=de&amp;gbpv=1&amp;dq=%22Katechismus+von+der+socialen+Allmacht+der+Faust%22&amp;pg=PA616&amp;printsec=frontcover\">, Ein Wort \u00fcber die Verbrennung der Leichen, in: Daheim, Ein deutsches Familienblatt  mit Illustrationen, 1874, S.614 ff.   <\/a> <\/cite><\/blockquote>\n\n\n\n<p>Heute gilt die Evolutionstheorie mit ihrer \u201eMetamorphose\u201c von Tieren zum Menschen nicht mehr als Menschenverachtung. Jetzt wird der religi\u00f6se Bannstrahl undifferenziert gegen alle Positionen gerichtet, die aus Sicht der modernen Humanit\u00e4tsreligion nicht fromm genug sind. Sie erkennen das Spirituelle in jedem Menschen nicht an und behalten sich vor, sie nicht als W\u00fcrdetr\u00e4ger, sondern wie Objekte zu behandeln:<\/p>\n\n\n\n<p>1947 stand der religi\u00f6se Ursprung des Begriffs noch sehr deutlich vor Augen: Alexander Mitscherlich hatte aus Anla\u00df der N\u00fcrnberger \u00c4rzteprozesse geschrieben:<\/p>\n\n\n\n<blockquote class=\"wp-block-quote is-layout-flow wp-block-quote-is-layout-flow\"><p>&#8222;Eine tiefe Inhumanit\u00e4t hat sich seit langem vorbereitet. Dies ist die Alchemie der Gegenwart, die Verwandlung von Subjekt in Objekt, des Menschen in eine Sache, an der sich dann der Zerst\u00f6rungstrieb ungehemmt entfalten darf&#8220;. [&#8230;] &#8222;Eine tiefe Inhumanit\u00e4t hat sich seit langem vorbereitet. Dies ist die Alchemie der Gegenwart, die Verwandlung von Subjekt in Objekt, des Menschen in eine Sache, an der sich dann der Zerst\u00f6rungstrieb ungehemmt entfalten darf&#8220;. [&#8230;] &#8222;So sahen wir unsere Aufgabe als Chronisten von Tod, Verzweiflung und ha\u00dfvoller Menschenverachtung nicht in der Anklage, noch in der Entschuldigung, sondern allein in der Vermittlung zeitgen\u00f6ssischer Geschichte&#8220;.<a href=\"#_ftn3\">[3]<\/a><\/p><cite> Alexander Mitscherlich, Medizin ohne Menschlichkeit, 1948, zitiert nach: derselbe (1983), S.153 <\/cite><\/blockquote>\n\n\n\n<p>Mitscherlich \u00fcberh\u00f6ht seine verst\u00e4ndliche Abscheu vor Menschenversuchen mit dem Vorwurf der Inhumanit\u00e4t und kr\u00f6nt ihn mit der Behauptung der Menschenverachtung.<\/p>\n\n\n\n<p>Immer ist die Begr\u00fcndung der wesentliche Punkt: F\u00fcr ein gesetzliches Verbot jedweder Versuche an Menschen kann man mit \u00fcberzeugenden Gr\u00fcnden eintreten. Wenn diese Gr\u00fcnde aber religi\u00f6se sind, darf man nicht erwarten, da\u00df jeder sie glaubt. Der Vorwurf der &#8222;Menschenverachtung&#8220; gewinnt nur in einem normativen religi\u00f6sen Rahmen Sinn. Er bleibt unverst\u00e4ndlich jedem, der immer nach Einzelfall selbst entscheidet, ob er einen anderen Menschen liebt und w\u00fcrdigt, gleichg\u00fcltig bleibt oder ihn verachtet. So verh\u00e4lt sich der empirische Mensch. Er kann liebevoll, aber auch grausam sein: Empirisch ist das eine so menschlich wie das andere. Erst wenn man das Adjektiv <em>menschlich<\/em> religi\u00f6s aufl\u00e4dt und an &#8222;den Menschen als von Natur aus gut&#8220; glaubt, erscheint wie von Zauberhand alles Grausame als inhuman: Der verg\u00f6ttlichte Idealmensch an sich ist n\u00e4mlich edel, sittsam und gut.<\/p>\n\n\n\n<p>Weil wir aber alle als Lebewesen einfach Menschen sind, besteht das Religi\u00f6se an dieser Verg\u00f6tzung darin, im Menschen an sich etwas dem Kreat\u00fcrlichen kategorial \u00dcbergeordnetes zu sehen. Nur etwas kategorial \u00dcbergeordnetes kann einen &#8222;prinzipiell unendlichen Wert&#8220; haben. Sich als Mensch nur selbst zum Gott zu erkl\u00e4ren, f\u00fchrt den Gutmenschen in ein logisches Dilemma: Als &#8222;Gott&#8220; bin ich auch Sch\u00f6pfer meiner eigenen Moral und darf lieben oder verachten, wen oder was immer ich will.<\/p>\n\n\n\n<div class=\"wp-block-image\"><figure class=\"aligncenter size-large\"><img loading=\"lazy\" decoding=\"async\" width=\"1024\" height=\"915\" src=\"http:\/\/klauskunze.com\/blog\/wp-content\/uploads\/2021\/09\/20210904_103927-1024x915.jpg\" alt=\"\" class=\"wp-image-4124\" srcset=\"https:\/\/klauskunze.com\/blog\/wp-content\/uploads\/2021\/09\/20210904_103927-1024x915.jpg 1024w, https:\/\/klauskunze.com\/blog\/wp-content\/uploads\/2021\/09\/20210904_103927-300x268.jpg 300w, https:\/\/klauskunze.com\/blog\/wp-content\/uploads\/2021\/09\/20210904_103927-768x686.jpg 768w, https:\/\/klauskunze.com\/blog\/wp-content\/uploads\/2021\/09\/20210904_103927-1536x1372.jpg 1536w, https:\/\/klauskunze.com\/blog\/wp-content\/uploads\/2021\/09\/20210904_103927-2048x1830.jpg 2048w, https:\/\/klauskunze.com\/blog\/wp-content\/uploads\/2021\/09\/20210904_103927-900x804.jpg 900w, https:\/\/klauskunze.com\/blog\/wp-content\/uploads\/2021\/09\/20210904_103927-1280x1144.jpg 1280w\" sizes=\"auto, (max-width: 1024px) 100vw, 1024px\" \/><figcaption>Nur etwas H\u00f6heres kann man verg\u00f6ttlichen. Werden Roboter nach dem Aussterben ihrer menschlichen Sch\u00f6pfer &#8222;den Menschen&#8220; als Gott verehren?<br>(Romancover, Clark Darlton (Walter Ernsting), Im Zentrum der Galaxis, 1965)<\/figcaption><\/figure><\/div>\n\n\n\n<p>Die neue Religion wird von vielen nicht bewu\u00dft wahrgenommen. Sie gibt dem verflochtenen Gewebe unserer Politik aber ihre eigene Struktur vor. Die Webf\u00e4den der neuen Religion pr\u00e4gen zutiefst ihr Erscheinungsbild. Unsere politischen Entscheidungstr\u00e4ger handeln nicht pragmatisch so, wie es unserem realen Interesse entspricht. &#8222;Humanit\u00e4re&#8220; Ideale haben Vorrang. Politik soll \u201emenschlich\u201c sein. Wir sind ungewollt zu Glaubenskriegern geworden, die mit ihrem Humanitarismus die ganze Welt begl\u00fccken wollen.<\/p>\n\n\n\n<p>Sie halten alle Menschen f\u00fcr <em>gut<\/em>. Gutmenschentum m\u00f6chte sie weltweit vom <em>B\u00f6sen <\/em>befreien. Notfalls hilft da schon mal der eine oder andere kleine Krieg f\u00fcr <em>das Gute<\/em>, zum Beispiel gegen die Taliban. Deren Land zwanzig Jahre besetzt zu halten und sie zum <em>Guten<\/em> umzuerziehen, ist selbstverst\u00e4ndlich keine Menschenverachtung.<\/p>\n\n\n\n<p>F\u00fcr gl\u00e4ubige Moslems ist es allerdings eine Gottesverachtung, anstelle des einen Gottes pl\u00f6tzlich <em>den Menschen an sich<\/em> als h\u00f6chstes Wesen zu verehren und ihm prinzipiell unendlichen Wert beizumessen. So entstehen aus Interessenkonflikten Religionskriege oder, in unserem Landesinnern, B\u00fcrgerkriege.<\/p>\n\n\n\n<hr class=\"wp-block-separator\"\/>\n\n\n\n<p><a href=\"#_ftnref1\">[1]<\/a> Carl Schmitt, 1934 (1985), S.64.<\/p>\n\n\n\n<p><a href=\"#_ftnref2\">[2]<\/a> Lange (1874), S.616.<\/p>\n\n\n\n<p><a href=\"#_ftnref3\">[3]<\/a> Alexander Mitscherlich, Medizin ohne Menschlichkeit, 1948, zitiert nach: derselbe (1983), S.153.<\/p>\n\n\n\n<p><a href=\"#_ftnref4\">[4]<\/a> Max Stirner, 1845 (1972), S.62.<\/p>\n\n\n\n<p><a href=\"#_ftnref5\">[5]<\/a> Max Stirner, 1845 (1972), S.193.<\/p>\n","protected":false},"excerpt":{"rendered":"<p>Vor Zeiten hatte war Blasphemie die schlimmste S\u00fcnde: Wer Gott leugnete oder schm\u00e4hte, dem wurde schon mal kr\u00e4ftig eingeheizt. Heute ist \u201eMenschenfeindlichkeit\u201c die Erzs\u00fcnde unserer Tage. Linke reden schnell von &#8222;gruppenbezogener Menschenfeindlichkeit&#8220;. Ha\u00df gegen Reiche oder gegen &#8222;alte, wei\u00dfe M\u00e4nner&#8220; gilt dagegen bei Linken als Tugend &#8211; ist das keine &#8222;gruppenbezogene Menschenfeindlichkeit&#8220;? Rainer Zitelmann auf [&hellip;]<\/p>\n","protected":false},"author":1,"featured_media":4124,"comment_status":"open","ping_status":"open","sticky":false,"template":"","format":"standard","meta":{"h5ap_radio_sources":[],"twitterCardType":"","cardImageID":0,"cardImage":"","cardTitle":"","cardDesc":"","cardImageAlt":"","cardPlayer":"","cardPlayerWidth":0,"cardPlayerHeight":0,"cardPlayerStream":"","cardPlayerCodec":"","footnotes":""},"categories":[1,20,17],"tags":[],"class_list":["post-4123","post","type-post","status-publish","format-standard","has-post-thumbnail","hentry","category-allgemein","category-philosophie","category-politik"],"yoast_head":"<!-- This site is optimized with the Yoast SEO plugin v27.5 - https:\/\/yoast.com\/product\/yoast-seo-wordpress\/ -->\n<title>&quot;Menschenverachtung&quot;: Bannstrahl des gutmenschlichen Exorzismus - Klaus Kunze<\/title>\n<meta name=\"robots\" content=\"index, follow, max-snippet:-1, max-image-preview:large, max-video-preview:-1\" \/>\n<link rel=\"canonical\" href=\"https:\/\/klauskunze.com\/blog\/2021\/09\/04\/menschenverachtung-bannstrahl-des-gutmenschlichen-exorzismus\/\" \/>\n<meta property=\"og:locale\" content=\"de_DE\" \/>\n<meta property=\"og:type\" content=\"article\" \/>\n<meta property=\"og:title\" content=\"&quot;Menschenverachtung&quot;: Bannstrahl des gutmenschlichen Exorzismus - Klaus Kunze\" \/>\n<meta property=\"og:description\" content=\"Vor Zeiten hatte war Blasphemie die schlimmste S\u00fcnde: Wer Gott leugnete oder schm\u00e4hte, dem wurde schon mal kr\u00e4ftig eingeheizt. Heute ist \u201eMenschenfeindlichkeit\u201c die Erzs\u00fcnde unserer Tage. Linke reden schnell von &#8222;gruppenbezogener Menschenfeindlichkeit&#8220;. Ha\u00df gegen Reiche oder gegen &#8222;alte, wei\u00dfe M\u00e4nner&#8220; gilt dagegen bei Linken als Tugend &#8211; ist das keine &#8222;gruppenbezogene Menschenfeindlichkeit&#8220;? Rainer Zitelmann auf [&hellip;]\" \/>\n<meta property=\"og:url\" content=\"https:\/\/klauskunze.com\/blog\/2021\/09\/04\/menschenverachtung-bannstrahl-des-gutmenschlichen-exorzismus\/\" \/>\n<meta property=\"og:site_name\" content=\"Klaus Kunze\" \/>\n<meta property=\"article:published_time\" content=\"2021-09-04T09:17:01+00:00\" \/>\n<meta property=\"article:modified_time\" content=\"2021-09-04T09:23:53+00:00\" \/>\n<meta property=\"og:image\" content=\"https:\/\/klauskunze.com\/blog\/wp-content\/uploads\/2021\/09\/20210904_103927-1024x915.jpg\" \/>\n\t<meta property=\"og:image:width\" content=\"1024\" \/>\n\t<meta property=\"og:image:height\" content=\"915\" \/>\n\t<meta property=\"og:image:type\" content=\"image\/jpeg\" \/>\n<meta name=\"author\" content=\"Klaus Kunze\" \/>\n<meta name=\"twitter:label1\" content=\"Verfasst von\" \/>\n\t<meta name=\"twitter:data1\" content=\"Klaus Kunze\" \/>\n\t<meta name=\"twitter:label2\" content=\"Gesch\u00e4tzte Lesezeit\" \/>\n\t<meta name=\"twitter:data2\" content=\"6\u00a0Minuten\" \/>\n<script type=\"application\/ld+json\" class=\"yoast-schema-graph\">{\"@context\":\"https:\\\/\\\/schema.org\",\"@graph\":[{\"@type\":\"Article\",\"@id\":\"https:\\\/\\\/klauskunze.com\\\/blog\\\/2021\\\/09\\\/04\\\/menschenverachtung-bannstrahl-des-gutmenschlichen-exorzismus\\\/#article\",\"isPartOf\":{\"@id\":\"https:\\\/\\\/klauskunze.com\\\/blog\\\/2021\\\/09\\\/04\\\/menschenverachtung-bannstrahl-des-gutmenschlichen-exorzismus\\\/\"},\"author\":{\"name\":\"Klaus Kunze\",\"@id\":\"https:\\\/\\\/klauskunze.com\\\/blog\\\/#\\\/schema\\\/person\\\/9c091cf30ab68b897db6a517e3c3b11b\"},\"headline\":\"&#8222;Menschenverachtung&#8220;: Bannstrahl des gutmenschlichen Exorzismus\",\"datePublished\":\"2021-09-04T09:17:01+00:00\",\"dateModified\":\"2021-09-04T09:23:53+00:00\",\"mainEntityOfPage\":{\"@id\":\"https:\\\/\\\/klauskunze.com\\\/blog\\\/2021\\\/09\\\/04\\\/menschenverachtung-bannstrahl-des-gutmenschlichen-exorzismus\\\/\"},\"wordCount\":1317,\"commentCount\":0,\"publisher\":{\"@id\":\"https:\\\/\\\/klauskunze.com\\\/blog\\\/#\\\/schema\\\/person\\\/9c091cf30ab68b897db6a517e3c3b11b\"},\"image\":{\"@id\":\"https:\\\/\\\/klauskunze.com\\\/blog\\\/2021\\\/09\\\/04\\\/menschenverachtung-bannstrahl-des-gutmenschlichen-exorzismus\\\/#primaryimage\"},\"thumbnailUrl\":\"https:\\\/\\\/klauskunze.com\\\/blog\\\/wp-content\\\/uploads\\\/2021\\\/09\\\/20210904_103927.jpg\",\"articleSection\":{\"1\":\"Philosophie\",\"2\":\"Politik\"},\"inLanguage\":\"de\",\"potentialAction\":[{\"@type\":\"CommentAction\",\"name\":\"Comment\",\"target\":[\"https:\\\/\\\/klauskunze.com\\\/blog\\\/2021\\\/09\\\/04\\\/menschenverachtung-bannstrahl-des-gutmenschlichen-exorzismus\\\/#respond\"]}]},{\"@type\":\"WebPage\",\"@id\":\"https:\\\/\\\/klauskunze.com\\\/blog\\\/2021\\\/09\\\/04\\\/menschenverachtung-bannstrahl-des-gutmenschlichen-exorzismus\\\/\",\"url\":\"https:\\\/\\\/klauskunze.com\\\/blog\\\/2021\\\/09\\\/04\\\/menschenverachtung-bannstrahl-des-gutmenschlichen-exorzismus\\\/\",\"name\":\"\\\"Menschenverachtung\\\": Bannstrahl des gutmenschlichen Exorzismus - Klaus Kunze\",\"isPartOf\":{\"@id\":\"https:\\\/\\\/klauskunze.com\\\/blog\\\/#website\"},\"primaryImageOfPage\":{\"@id\":\"https:\\\/\\\/klauskunze.com\\\/blog\\\/2021\\\/09\\\/04\\\/menschenverachtung-bannstrahl-des-gutmenschlichen-exorzismus\\\/#primaryimage\"},\"image\":{\"@id\":\"https:\\\/\\\/klauskunze.com\\\/blog\\\/2021\\\/09\\\/04\\\/menschenverachtung-bannstrahl-des-gutmenschlichen-exorzismus\\\/#primaryimage\"},\"thumbnailUrl\":\"https:\\\/\\\/klauskunze.com\\\/blog\\\/wp-content\\\/uploads\\\/2021\\\/09\\\/20210904_103927.jpg\",\"datePublished\":\"2021-09-04T09:17:01+00:00\",\"dateModified\":\"2021-09-04T09:23:53+00:00\",\"breadcrumb\":{\"@id\":\"https:\\\/\\\/klauskunze.com\\\/blog\\\/2021\\\/09\\\/04\\\/menschenverachtung-bannstrahl-des-gutmenschlichen-exorzismus\\\/#breadcrumb\"},\"inLanguage\":\"de\",\"potentialAction\":[{\"@type\":\"ReadAction\",\"target\":[\"https:\\\/\\\/klauskunze.com\\\/blog\\\/2021\\\/09\\\/04\\\/menschenverachtung-bannstrahl-des-gutmenschlichen-exorzismus\\\/\"]}]},{\"@type\":\"ImageObject\",\"inLanguage\":\"de\",\"@id\":\"https:\\\/\\\/klauskunze.com\\\/blog\\\/2021\\\/09\\\/04\\\/menschenverachtung-bannstrahl-des-gutmenschlichen-exorzismus\\\/#primaryimage\",\"url\":\"https:\\\/\\\/klauskunze.com\\\/blog\\\/wp-content\\\/uploads\\\/2021\\\/09\\\/20210904_103927.jpg\",\"contentUrl\":\"https:\\\/\\\/klauskunze.com\\\/blog\\\/wp-content\\\/uploads\\\/2021\\\/09\\\/20210904_103927.jpg\",\"width\":2104,\"height\":1880},{\"@type\":\"BreadcrumbList\",\"@id\":\"https:\\\/\\\/klauskunze.com\\\/blog\\\/2021\\\/09\\\/04\\\/menschenverachtung-bannstrahl-des-gutmenschlichen-exorzismus\\\/#breadcrumb\",\"itemListElement\":[{\"@type\":\"ListItem\",\"position\":1,\"name\":\"Startseite\",\"item\":\"https:\\\/\\\/klauskunze.com\\\/blog\\\/\"},{\"@type\":\"ListItem\",\"position\":2,\"name\":\"&#8222;Menschenverachtung&#8220;: Bannstrahl des gutmenschlichen Exorzismus\"}]},{\"@type\":\"WebSite\",\"@id\":\"https:\\\/\\\/klauskunze.com\\\/blog\\\/#website\",\"url\":\"https:\\\/\\\/klauskunze.com\\\/blog\\\/\",\"name\":\"Klaus Kunze\",\"description\":\"Blog\",\"publisher\":{\"@id\":\"https:\\\/\\\/klauskunze.com\\\/blog\\\/#\\\/schema\\\/person\\\/9c091cf30ab68b897db6a517e3c3b11b\"},\"potentialAction\":[{\"@type\":\"SearchAction\",\"target\":{\"@type\":\"EntryPoint\",\"urlTemplate\":\"https:\\\/\\\/klauskunze.com\\\/blog\\\/?s={search_term_string}\"},\"query-input\":{\"@type\":\"PropertyValueSpecification\",\"valueRequired\":true,\"valueName\":\"search_term_string\"}}],\"inLanguage\":\"de\"},{\"@type\":[\"Person\",\"Organization\"],\"@id\":\"https:\\\/\\\/klauskunze.com\\\/blog\\\/#\\\/schema\\\/person\\\/9c091cf30ab68b897db6a517e3c3b11b\",\"name\":\"Klaus Kunze\",\"image\":{\"@type\":\"ImageObject\",\"inLanguage\":\"de\",\"@id\":\"https:\\\/\\\/secure.gravatar.com\\\/avatar\\\/5cd83cadbada9c331a79952fcca177ed3d3be4c7ad3239b9d934bf84adff15dd?s=96&d=blank&r=g\",\"url\":\"https:\\\/\\\/secure.gravatar.com\\\/avatar\\\/5cd83cadbada9c331a79952fcca177ed3d3be4c7ad3239b9d934bf84adff15dd?s=96&d=blank&r=g\",\"contentUrl\":\"https:\\\/\\\/secure.gravatar.com\\\/avatar\\\/5cd83cadbada9c331a79952fcca177ed3d3be4c7ad3239b9d934bf84adff15dd?s=96&d=blank&r=g\",\"caption\":\"Klaus Kunze\"},\"logo\":{\"@id\":\"https:\\\/\\\/secure.gravatar.com\\\/avatar\\\/5cd83cadbada9c331a79952fcca177ed3d3be4c7ad3239b9d934bf84adff15dd?s=96&d=blank&r=g\"},\"sameAs\":[\"http:\\\/\\\/KlausKunze.com\",\"https:\\\/\\\/x.com\\\/https:\\\/\\\/twitter.com\\\/KlausKunze3\"]}]}<\/script>\n<!-- \/ Yoast SEO plugin. -->","yoast_head_json":{"title":"\"Menschenverachtung\": Bannstrahl des gutmenschlichen Exorzismus - Klaus Kunze","robots":{"index":"index","follow":"follow","max-snippet":"max-snippet:-1","max-image-preview":"max-image-preview:large","max-video-preview":"max-video-preview:-1"},"canonical":"https:\/\/klauskunze.com\/blog\/2021\/09\/04\/menschenverachtung-bannstrahl-des-gutmenschlichen-exorzismus\/","og_locale":"de_DE","og_type":"article","og_title":"\"Menschenverachtung\": Bannstrahl des gutmenschlichen Exorzismus - Klaus Kunze","og_description":"Vor Zeiten hatte war Blasphemie die schlimmste S\u00fcnde: Wer Gott leugnete oder schm\u00e4hte, dem wurde schon mal kr\u00e4ftig eingeheizt. Heute ist \u201eMenschenfeindlichkeit\u201c die Erzs\u00fcnde unserer Tage. Linke reden schnell von &#8222;gruppenbezogener Menschenfeindlichkeit&#8220;. Ha\u00df gegen Reiche oder gegen &#8222;alte, wei\u00dfe M\u00e4nner&#8220; gilt dagegen bei Linken als Tugend &#8211; ist das keine &#8222;gruppenbezogene Menschenfeindlichkeit&#8220;? Rainer Zitelmann auf [&hellip;]","og_url":"https:\/\/klauskunze.com\/blog\/2021\/09\/04\/menschenverachtung-bannstrahl-des-gutmenschlichen-exorzismus\/","og_site_name":"Klaus Kunze","article_published_time":"2021-09-04T09:17:01+00:00","article_modified_time":"2021-09-04T09:23:53+00:00","og_image":[{"width":1024,"height":915,"url":"https:\/\/klauskunze.com\/blog\/wp-content\/uploads\/2021\/09\/20210904_103927-1024x915.jpg","type":"image\/jpeg"}],"author":"Klaus Kunze","twitter_misc":{"Verfasst von":"Klaus Kunze","Gesch\u00e4tzte Lesezeit":"6\u00a0Minuten"},"schema":{"@context":"https:\/\/schema.org","@graph":[{"@type":"Article","@id":"https:\/\/klauskunze.com\/blog\/2021\/09\/04\/menschenverachtung-bannstrahl-des-gutmenschlichen-exorzismus\/#article","isPartOf":{"@id":"https:\/\/klauskunze.com\/blog\/2021\/09\/04\/menschenverachtung-bannstrahl-des-gutmenschlichen-exorzismus\/"},"author":{"name":"Klaus Kunze","@id":"https:\/\/klauskunze.com\/blog\/#\/schema\/person\/9c091cf30ab68b897db6a517e3c3b11b"},"headline":"&#8222;Menschenverachtung&#8220;: Bannstrahl des gutmenschlichen Exorzismus","datePublished":"2021-09-04T09:17:01+00:00","dateModified":"2021-09-04T09:23:53+00:00","mainEntityOfPage":{"@id":"https:\/\/klauskunze.com\/blog\/2021\/09\/04\/menschenverachtung-bannstrahl-des-gutmenschlichen-exorzismus\/"},"wordCount":1317,"commentCount":0,"publisher":{"@id":"https:\/\/klauskunze.com\/blog\/#\/schema\/person\/9c091cf30ab68b897db6a517e3c3b11b"},"image":{"@id":"https:\/\/klauskunze.com\/blog\/2021\/09\/04\/menschenverachtung-bannstrahl-des-gutmenschlichen-exorzismus\/#primaryimage"},"thumbnailUrl":"https:\/\/klauskunze.com\/blog\/wp-content\/uploads\/2021\/09\/20210904_103927.jpg","articleSection":{"1":"Philosophie","2":"Politik"},"inLanguage":"de","potentialAction":[{"@type":"CommentAction","name":"Comment","target":["https:\/\/klauskunze.com\/blog\/2021\/09\/04\/menschenverachtung-bannstrahl-des-gutmenschlichen-exorzismus\/#respond"]}]},{"@type":"WebPage","@id":"https:\/\/klauskunze.com\/blog\/2021\/09\/04\/menschenverachtung-bannstrahl-des-gutmenschlichen-exorzismus\/","url":"https:\/\/klauskunze.com\/blog\/2021\/09\/04\/menschenverachtung-bannstrahl-des-gutmenschlichen-exorzismus\/","name":"\"Menschenverachtung\": Bannstrahl des gutmenschlichen Exorzismus - Klaus Kunze","isPartOf":{"@id":"https:\/\/klauskunze.com\/blog\/#website"},"primaryImageOfPage":{"@id":"https:\/\/klauskunze.com\/blog\/2021\/09\/04\/menschenverachtung-bannstrahl-des-gutmenschlichen-exorzismus\/#primaryimage"},"image":{"@id":"https:\/\/klauskunze.com\/blog\/2021\/09\/04\/menschenverachtung-bannstrahl-des-gutmenschlichen-exorzismus\/#primaryimage"},"thumbnailUrl":"https:\/\/klauskunze.com\/blog\/wp-content\/uploads\/2021\/09\/20210904_103927.jpg","datePublished":"2021-09-04T09:17:01+00:00","dateModified":"2021-09-04T09:23:53+00:00","breadcrumb":{"@id":"https:\/\/klauskunze.com\/blog\/2021\/09\/04\/menschenverachtung-bannstrahl-des-gutmenschlichen-exorzismus\/#breadcrumb"},"inLanguage":"de","potentialAction":[{"@type":"ReadAction","target":["https:\/\/klauskunze.com\/blog\/2021\/09\/04\/menschenverachtung-bannstrahl-des-gutmenschlichen-exorzismus\/"]}]},{"@type":"ImageObject","inLanguage":"de","@id":"https:\/\/klauskunze.com\/blog\/2021\/09\/04\/menschenverachtung-bannstrahl-des-gutmenschlichen-exorzismus\/#primaryimage","url":"https:\/\/klauskunze.com\/blog\/wp-content\/uploads\/2021\/09\/20210904_103927.jpg","contentUrl":"https:\/\/klauskunze.com\/blog\/wp-content\/uploads\/2021\/09\/20210904_103927.jpg","width":2104,"height":1880},{"@type":"BreadcrumbList","@id":"https:\/\/klauskunze.com\/blog\/2021\/09\/04\/menschenverachtung-bannstrahl-des-gutmenschlichen-exorzismus\/#breadcrumb","itemListElement":[{"@type":"ListItem","position":1,"name":"Startseite","item":"https:\/\/klauskunze.com\/blog\/"},{"@type":"ListItem","position":2,"name":"&#8222;Menschenverachtung&#8220;: Bannstrahl des gutmenschlichen Exorzismus"}]},{"@type":"WebSite","@id":"https:\/\/klauskunze.com\/blog\/#website","url":"https:\/\/klauskunze.com\/blog\/","name":"Klaus Kunze","description":"Blog","publisher":{"@id":"https:\/\/klauskunze.com\/blog\/#\/schema\/person\/9c091cf30ab68b897db6a517e3c3b11b"},"potentialAction":[{"@type":"SearchAction","target":{"@type":"EntryPoint","urlTemplate":"https:\/\/klauskunze.com\/blog\/?s={search_term_string}"},"query-input":{"@type":"PropertyValueSpecification","valueRequired":true,"valueName":"search_term_string"}}],"inLanguage":"de"},{"@type":["Person","Organization"],"@id":"https:\/\/klauskunze.com\/blog\/#\/schema\/person\/9c091cf30ab68b897db6a517e3c3b11b","name":"Klaus Kunze","image":{"@type":"ImageObject","inLanguage":"de","@id":"https:\/\/secure.gravatar.com\/avatar\/5cd83cadbada9c331a79952fcca177ed3d3be4c7ad3239b9d934bf84adff15dd?s=96&d=blank&r=g","url":"https:\/\/secure.gravatar.com\/avatar\/5cd83cadbada9c331a79952fcca177ed3d3be4c7ad3239b9d934bf84adff15dd?s=96&d=blank&r=g","contentUrl":"https:\/\/secure.gravatar.com\/avatar\/5cd83cadbada9c331a79952fcca177ed3d3be4c7ad3239b9d934bf84adff15dd?s=96&d=blank&r=g","caption":"Klaus Kunze"},"logo":{"@id":"https:\/\/secure.gravatar.com\/avatar\/5cd83cadbada9c331a79952fcca177ed3d3be4c7ad3239b9d934bf84adff15dd?s=96&d=blank&r=g"},"sameAs":["http:\/\/KlausKunze.com","https:\/\/x.com\/https:\/\/twitter.com\/KlausKunze3"]}]}},"post_mailing_queue_ids":[],"_links":{"self":[{"href":"https:\/\/klauskunze.com\/blog\/wp-json\/wp\/v2\/posts\/4123","targetHints":{"allow":["GET"]}}],"collection":[{"href":"https:\/\/klauskunze.com\/blog\/wp-json\/wp\/v2\/posts"}],"about":[{"href":"https:\/\/klauskunze.com\/blog\/wp-json\/wp\/v2\/types\/post"}],"author":[{"embeddable":true,"href":"https:\/\/klauskunze.com\/blog\/wp-json\/wp\/v2\/users\/1"}],"replies":[{"embeddable":true,"href":"https:\/\/klauskunze.com\/blog\/wp-json\/wp\/v2\/comments?post=4123"}],"version-history":[{"count":6,"href":"https:\/\/klauskunze.com\/blog\/wp-json\/wp\/v2\/posts\/4123\/revisions"}],"predecessor-version":[{"id":4130,"href":"https:\/\/klauskunze.com\/blog\/wp-json\/wp\/v2\/posts\/4123\/revisions\/4130"}],"wp:featuredmedia":[{"embeddable":true,"href":"https:\/\/klauskunze.com\/blog\/wp-json\/wp\/v2\/media\/4124"}],"wp:attachment":[{"href":"https:\/\/klauskunze.com\/blog\/wp-json\/wp\/v2\/media?parent=4123"}],"wp:term":[{"taxonomy":"category","embeddable":true,"href":"https:\/\/klauskunze.com\/blog\/wp-json\/wp\/v2\/categories?post=4123"},{"taxonomy":"post_tag","embeddable":true,"href":"https:\/\/klauskunze.com\/blog\/wp-json\/wp\/v2\/tags?post=4123"}],"curies":[{"name":"wp","href":"https:\/\/api.w.org\/{rel}","templated":true}]}}