{"id":4131,"date":"2021-09-06T17:07:39","date_gmt":"2021-09-06T15:07:39","guid":{"rendered":"http:\/\/klauskunze.com\/blog\/?p=4131"},"modified":"2021-09-10T15:45:03","modified_gmt":"2021-09-10T13:45:03","slug":"wie-wir-im-fluiden-aufgeloest-werden","status":"publish","type":"post","link":"https:\/\/klauskunze.com\/blog\/2021\/09\/06\/wie-wir-im-fluiden-aufgeloest-werden\/","title":{"rendered":"Wie wir im Fluiden aufgel\u00f6st werden"},"content":{"rendered":"\n<h3 class=\"wp-block-heading\">Das Fluide der westlichen Ideologie<\/h3>\n\n\n\n<p>In der Ideologie jedes Staates verdichtet sich die objektivierbare Interessenlage seiner Mehrheitsgesellschaft oder ihrer Lenker. Es gilt ihr als nicht zu hinterfragender Grundsatz einer gerechten Weltordnung immer ausgerechnet das, was ihr n\u00fctzt. <\/p>\n\n\n\n<blockquote class=\"wp-block-quote is-layout-flow wp-block-quote-is-layout-flow\"><p>Wem die &#8222;Deu\u00adtung der Ora\u00adkel der Gerechtigkeit an\u00adver\u00adtraut ist&#8220;, wird er\u00adfah\u00adrungs\u00adge\u00adm\u00e4\u00df &#8222;die\u00adse G\u00f6ttin be\u00adwe\u00adgen k\u00f6nnen, nichts zu antwor\u00adten, was wi\u00adder den ei\u00adge\u00adnen Vorteil ist.&#8220;<a href=\"#_ftn1\">[1]<\/a><\/p><cite> Samuel von Pufendorf, De statu Imperii Germanici, 1667 <\/cite><\/blockquote>\n\n\n\n<p>Das politische Establishment Nachkriegsdeutschlands wandte sich von der Vorkriegsideologie ab und erkl\u00e4rte in allen Fragen ihr jeweiliges Gegenteil f\u00fcr richtig. F\u00fcr milit\u00e4risch Besiegte erschien Wohlstand durch Handel unter \u00dcbernahme der mit dem Handel verbundenen weltanschaulichen Voraussetzungen als einzige Option. Die westlichen Siegerm\u00e4chte nahmen ein pazifistisches Deutschland gern in den Kreis der moralisierenden Handelsstaaten auf. Eine interventionsw\u00fcrdige Unmoral findet sich regelm\u00e4\u00dfig dort, wo es Rohstoffe zu sichern gilt.<\/p>\n\n\n\n<p>Wandel der bis 1989 noch totalit\u00e4ren Staaten des Ostens durch freien Handel sollte die <em>World safe for democracy<\/em> machen und \u00fcberall einen Systemwechsel herbeif\u00fchren. Dieser Doktrin folgend gab Deutschland als treuer Vasall viel Geld zum Beispiel f\u00fcr das Studienfach Gender-Studies in Kabul aus.<\/p>\n\n\n\n<h3 class=\"wp-block-heading\">\u201eFreier Handel\u201c und seine Nutznie\u00dfer<\/h3>\n\n\n\n<p>Wer sich nicht mit R\u00e4sonnieren zufrieden gibt und die dahinter stehende Ideologie auf ihre Interessenlage zur\u00fcckf\u00fchrt, findet die \u201ewestliche\u201c Ideologie vorherrschend in L\u00e4ndern, die ihren Wohlstand auf \u201efreien Handel\u201c bauen. Frei &#8211; so nannten sie ihn und setzten ihre Interessen, in einem fremden Land frei handeln zu d\u00fcrfen, seit dem 19. Jahrhundert auch schon mal mit dem einen oder anderen kleinen Einmarsch. Die klassische Handelsmacht der Epoche waren England und das die Insel bald \u00fcberfl\u00fcgelnde US-Amerika.<\/p>\n\n\n\n<div class=\"wp-block-image\"><figure class=\"aligncenter size-full\"><img loading=\"lazy\" decoding=\"async\" width=\"685\" height=\"431\" src=\"http:\/\/klauskunze.com\/blog\/wp-content\/uploads\/2021\/09\/Commodore_Perrys_second_fleet.jpg\" alt=\"\" class=\"wp-image-4133\" srcset=\"https:\/\/klauskunze.com\/blog\/wp-content\/uploads\/2021\/09\/Commodore_Perrys_second_fleet.jpg 685w, https:\/\/klauskunze.com\/blog\/wp-content\/uploads\/2021\/09\/Commodore_Perrys_second_fleet-300x189.jpg 300w\" sizes=\"auto, (max-width: 685px) 100vw, 685px\" \/><figcaption>Commander Perrys Flotte erzwang 1854 die &#8222;\u00d6ffnung&#8220; Japans f\u00fcr den amerikanischen Handel (Bild: <a href=\"https:\/\/www.wikiwand.com\/de\/Schwarze_Schiffe\">Wikipedia, gemeinfrei<\/a>)<\/figcaption><\/figure><\/div>\n\n\n\n<p>Heute erfordert der Wohlstand der sich zum \u201eWesten\u201c bekennenden politischen und wirtschaftlichen Eliten so unabdingbar den \u201efreien Welthandel\u201c wie schon im 19. Jahrhundert. Die industrielle Massengesellschaft kann Massenproduktion und -konsum nur unter bestimmten \u00f6konomischen Bedingungen aufrechterhalten. Sie ist auf Wachstum und Rendite angelegt und w\u00fcrde in einer globalen Finanzkrise wie eine Seifenblase platzen, k\u00e4me der stetige Kreislauf zum Erliegen:<\/p>\n\n\n\n<p>Er ben\u00f6tigt im Inland eine keinesfalls sinkende Anzahl von \u201eVerbrauchern\u201c, und die Rohstoffe und Arbeitskr\u00e4fte f\u00fcr die st\u00e4ndige Nachfrage ben\u00f6tigt sie ebenso. Sie wirkt wie ein schwarzes Loch, wie ein gewaltiger Meeresstrudel, in dem st\u00e4ndig Rohstoffe und wie ein industrieller Rohstoff genutzte Menschen von irgendwoher zusammenflie\u00dfen, eingesaugt, in ihre \u201eatomaren Bestandteile\u201c zerlegt und als genormte Produkte und \u201eflexible Arbeitnehmer\u201c wieder ausgespuckt werden.<\/p>\n\n\n\n<p>In ihre Bestandteile zerlegt werden die V\u00f6lker und Kulturen der Industriel\u00e4nder, aber auch die als Konsumenten und Arbeitskr\u00e4fte benutzten Einwanderer. Man erhofft sich, da\u00df sie ihre angestammte Identit\u00e4t im Schmelztiegel der Massengesellschaft irgendwann einb\u00fc\u00dfen.<\/p>\n\n\n\n<h3 class=\"wp-block-heading\">Die statischen und die fluiden Gesellschaften<\/h3>\n\n\n\n<p>Ein Land kann auch \u00fcber Jahrhunderte autark bleiben und in seiner Wohlfahrt von Handel unabh\u00e4ngig sein. Wir verdanken Carl Schmitt wertvolle Einsichten in die verschiedenen Interessenlagen und Ideologien von Land- und von Seem\u00e4chten.<a href=\"#_ftn2\">[2]<\/a> Die angels\u00e4chsischen Seem\u00e4chte hatten das Erbe alter, reich gewordener Handelsm\u00e4chte wie Venedig angetreten und eine Ideologie der \u201eFreiheit der Meere\u201c entwickelt, die in erster Linie ihnen selbst n\u00fctzte.<\/p>\n\n\n\n<p>Klassische Landm\u00e4chte wie Deutschland bis 1945, Ru\u00dfland oder China wu\u00dften mit dieser Phrase nicht viel anzufangen. Carl Schmitt nannte sie erdgebundene, \u201etellurische\u201c im Gegensatz zu den maritimen M\u00e4chten. Sie haben kein Interesse an einer Atomisierung ihrer eigenen Sozialstruktur und ihrem Aufgehen in einer \u201eOne World\u201c, deren M\u00e4chtige da zu suchen sind, wo der Wohlstand der Welt hinflie\u00dft. Darum setzen sie sich beharrlich der Aufl\u00f6sung ihrer national gepr\u00e4gten Sozialstrukturen entgegen.<\/p>\n\n\n\n<p>Wir verdanken Emanuel Pietrobon eine bildm\u00e4chtige Wortpr\u00e4gung, die uns den globalen Gegensatz veranschaulicht: Es geht um Fluidit\u00e4t oder Identit\u00e4t. Menschen mit festen nationalen und kulturellen Identit\u00e4ten werden vom Mahlstrom angesaugt, ihre Identit\u00e4ten verfl\u00fcssigen sich, und sie werden zu mit uns frei austauschbaren Bauteilchen unserer Massengesellschaft. Sie werden entwurzelt, entpersonalisiert und von ihren alten Familien- und Stammeswurzeln abgeschnitten. Ihre Religion d\u00fcrfen sie in folkloristischem Rahmen behalten, eben so, wie auch das Christentum in Deutschland weitgehend nicht mehr geglaubt, sondern nur noch rituell bei Taufe, Hochzeit und Begr\u00e4bnis als Staffage dient.<\/p>\n\n\n\n<p>Das Wort Fluidit\u00e4t st\u00fctzt die Vorstellung einer Aufl\u00f6sung aller Dinge. Angesaugt vom Mahlstrom der Massengesellschaft verschmelzen sie zu einer Einheitsfl\u00fcssigkeit. Seem\u00e4chte &#8211; versteht sich auch im Wortbild &#8211; beherrschen diese fluide See, ihren Handel und ihre Ideologie von der Freiheit der Meere und dem freien Welthandel.<\/p>\n\n\n\n<h3 class=\"wp-block-heading\">Ihre Macht ist noch nicht grenzenlos<\/h3>\n\n\n\n<p>Freilich beherrschen sie die K\u00f6pfe der Menschen mit ihrer Ideologie nur so weit, wie ihre Macht reicht. Noch ist sie nicht grenzenlos. Zwar haben sie unser Land erobert und zu ihrem ideologischen Br\u00fcckenkopf und Bollwerk umgestaltet. Hinter Deutschland f\u00e4ngt aber gleich der Osten an und ist \u00fcberhaupt nicht begeistert von allen \u201ewestlichen\u201c Ideen.<\/p>\n\n\n\n<p>In Polen, Ungarn, Ru\u00dfland und so weiter bricht sich die Welle der Fluidit\u00e4ts-Ideologien noch. Man hat hier seine eigenen Vorstellungen und m\u00f6chte keine Einwanderungen. Man m\u00f6chte lieber Pole, Ungar oder Russe bleiben, und katholisch oder orthodox dazu. Hier geht Identit\u00e4t vor Fluidit\u00e4t. Migration ist unerw\u00fcnscht.<\/p>\n\n\n\n<blockquote class=\"wp-block-quote is-layout-flow wp-block-quote-is-layout-flow\"><p>Der Zusammensto\u00df, der wirkliche, harte Zusammensto\u00df, besteht zwischen zwei v\u00f6llig gegens\u00e4tzlichen Weltbildern: dem der Identit\u00e4t und dem der Fluidit\u00e4t. Auf der einen Seite steht der Westen, der die Welt nach seinem Bilde formen will. Aber im Vergleich zum 19. Jahrhundert bringen Missionare heute keine Bibeln nach Lateinamerika, Asien und Afrika: Sie bringen Geld an Parteien, NGOs und Co., die Gender-Ideologie, Regenbogenrechte, Feminismus der vierten Welle, Transhumanismus, das Ende der Geschichte, Kosmopolitismus und Schmelztiegel f\u00f6rdern.<\/p><cite> Emanuel Pietrobon, <a href=\"https:\/\/www.ariannaeditrice.it\/articoli\/flusso-e-identita-il-conflitto-del-terzo-millennio\">Flusso e identit\u00e0: il conflitto del terzo millennio <\/a><\/cite><\/blockquote>\n\n\n\n<p>Man ist im Osten entsetzt \u00fcber die Aufl\u00f6sung aller Dinge und Wertbegriffe im Westen und ihre Perversion wie in einem grotesken Zerrspiegel:<\/p>\n\n\n\n<blockquote class=\"wp-block-quote is-layout-flow wp-block-quote-is-layout-flow\"><p>Auf der anderen Seite haben wir den Osten, der sich auf das Duo Moskau-Peking st\u00fctzt, der Schwulenstolz verbietet, den &#8222;Verweichlichten&#8220; den \u00f6ffentlichen Raum entzieht, in den Schulen M\u00e4nnlichkeit und Patriotismus lehrt, in die Verbreitung konservativer Werte investiert, Vermischung ablehnt und an seinen Wurzeln festh\u00e4lt.<\/p><cite>Emanuel Pietrobon, am angegebenen Ort, <a href=\"https:\/\/synergon-info.blogspot.com\/2021\/09\/fluiditat-und-identitat-der-konflikt.html\">deutsch auf Synergon 5.9.2021<\/a>.<\/cite><\/blockquote>\n\n\n\n<p>Mental geht der ideologische Ri\u00df nicht ganz so schematisch wie im Gegensatzbegriff von Land und Meer. Auch im \u201eWesten\u201c gibt es Bewegungen, die an unseren Identit\u00e4ten festhalten wollen, und im Osten gibt es Menschen, die ihr Eigeninteresse in einer \u201eLiberalisierung\u201c sehen. In Afghanistan sehen wir die Mehrheit der Landbev\u00f6lkerung militant an ihrer moslemischen Identit\u00e4t festhalten, w\u00e4hrend eine st\u00e4dtische Minderheit \u201efluide\u201c gemacht wurde und jetzt als \u201eSchutzbed\u00fcrftige\u201c eingeflogen wird.<\/p>\n\n\n\n<p>In Deutschland hat das politische Establishment, haben die Wirtschaftsbosse und die Kirchen sich klar auf Seiten der globalen Fluidit\u00e4t gestellt. Der noch widerst\u00e4ndige Restbestand an konservativen Menschen fragt sich dabei, ob Deutschland global gesehen wirklich auf der \u201erichtigen\u201c Seite steht.<\/p>\n\n\n\n<hr class=\"wp-block-separator\"\/>\n\n\n\n<p><a href=\"#_ftnref1\">[1]<\/a> Samuel von Pufendorf, De statu Imperii Germanici, 1667, Die Verfassung des Deutschen Reiches, Hrg. Horst Denzer, Frankfurt\/M.1994, S.165.<\/p>\n\n\n\n<p><a href=\"#_ftnref2\">[2]<\/a> Carl Schmitt, Die Freiheit der Meere, in: Der Nomos der Erde, 4.Aufl. 1950, S. 143 ff.; derselbe: Das Meer gegen das Land, in: Staat, Gro\u00dfraum, Nomos, S.395 ff., Staatliche Souver\u00e4nit\u00e4t und freies Meer, a.a.O. S.401 ff.<\/p>\n","protected":false},"excerpt":{"rendered":"<p>Das Fluide der westlichen Ideologie In der Ideologie jedes Staates verdichtet sich die objektivierbare Interessenlage seiner Mehrheitsgesellschaft oder ihrer Lenker. Es gilt ihr als nicht zu hinterfragender Grundsatz einer gerechten Weltordnung immer ausgerechnet das, was ihr n\u00fctzt. Wem die &#8222;Deu\u00adtung der Ora\u00adkel der Gerechtigkeit an\u00adver\u00adtraut ist&#8220;, wird er\u00adfah\u00adrungs\u00adge\u00adm\u00e4\u00df &#8222;die\u00adse G\u00f6ttin be\u00adwe\u00adgen k\u00f6nnen, nichts zu antwor\u00adten, [&hellip;]<\/p>\n","protected":false},"author":1,"featured_media":4133,"comment_status":"open","ping_status":"open","sticky":false,"template":"","format":"standard","meta":{"h5ap_radio_sources":[],"twitterCardType":"","cardImageID":0,"cardImage":"","cardTitle":"","cardDesc":"","cardImageAlt":"","cardPlayer":"","cardPlayerWidth":0,"cardPlayerHeight":0,"cardPlayerStream":"","cardPlayerCodec":"","footnotes":""},"categories":[1,13,17],"tags":[],"class_list":["post-4131","post","type-post","status-publish","format-standard","has-post-thumbnail","hentry","category-allgemein","category-geschichte","category-politik"],"yoast_head":"<!-- This site is optimized with the Yoast SEO plugin v27.5 - https:\/\/yoast.com\/product\/yoast-seo-wordpress\/ -->\n<title>Wie wir im Fluiden aufgel\u00f6st werden - Klaus Kunze<\/title>\n<meta name=\"robots\" content=\"index, follow, max-snippet:-1, max-image-preview:large, max-video-preview:-1\" \/>\n<link rel=\"canonical\" href=\"https:\/\/klauskunze.com\/blog\/2021\/09\/06\/wie-wir-im-fluiden-aufgeloest-werden\/\" \/>\n<meta property=\"og:locale\" content=\"de_DE\" \/>\n<meta property=\"og:type\" content=\"article\" \/>\n<meta property=\"og:title\" content=\"Wie wir im Fluiden aufgel\u00f6st werden - Klaus Kunze\" \/>\n<meta property=\"og:description\" content=\"Das Fluide der westlichen Ideologie In der Ideologie jedes Staates verdichtet sich die objektivierbare Interessenlage seiner Mehrheitsgesellschaft oder ihrer Lenker. Es gilt ihr als nicht zu hinterfragender Grundsatz einer gerechten Weltordnung immer ausgerechnet das, was ihr n\u00fctzt. Wem die &#8222;Deu\u00adtung der Ora\u00adkel der Gerechtigkeit an\u00adver\u00adtraut ist&#8220;, wird er\u00adfah\u00adrungs\u00adge\u00adm\u00e4\u00df &#8222;die\u00adse G\u00f6ttin be\u00adwe\u00adgen k\u00f6nnen, nichts zu antwor\u00adten, [&hellip;]\" \/>\n<meta property=\"og:url\" content=\"https:\/\/klauskunze.com\/blog\/2021\/09\/06\/wie-wir-im-fluiden-aufgeloest-werden\/\" \/>\n<meta property=\"og:site_name\" content=\"Klaus Kunze\" \/>\n<meta property=\"article:published_time\" content=\"2021-09-06T15:07:39+00:00\" \/>\n<meta property=\"article:modified_time\" content=\"2021-09-10T13:45:03+00:00\" \/>\n<meta property=\"og:image\" content=\"https:\/\/klauskunze.com\/blog\/wp-content\/uploads\/2021\/09\/Commodore_Perrys_second_fleet.jpg\" \/>\n\t<meta property=\"og:image:width\" content=\"685\" \/>\n\t<meta property=\"og:image:height\" content=\"431\" \/>\n\t<meta property=\"og:image:type\" content=\"image\/jpeg\" \/>\n<meta name=\"author\" content=\"Klaus Kunze\" \/>\n<meta name=\"twitter:label1\" content=\"Verfasst von\" \/>\n\t<meta name=\"twitter:data1\" content=\"Klaus Kunze\" \/>\n\t<meta name=\"twitter:label2\" content=\"Gesch\u00e4tzte Lesezeit\" \/>\n\t<meta name=\"twitter:data2\" content=\"6\u00a0Minuten\" \/>\n<script type=\"application\/ld+json\" class=\"yoast-schema-graph\">{\"@context\":\"https:\\\/\\\/schema.org\",\"@graph\":[{\"@type\":\"Article\",\"@id\":\"https:\\\/\\\/klauskunze.com\\\/blog\\\/2021\\\/09\\\/06\\\/wie-wir-im-fluiden-aufgeloest-werden\\\/#article\",\"isPartOf\":{\"@id\":\"https:\\\/\\\/klauskunze.com\\\/blog\\\/2021\\\/09\\\/06\\\/wie-wir-im-fluiden-aufgeloest-werden\\\/\"},\"author\":{\"name\":\"Klaus Kunze\",\"@id\":\"https:\\\/\\\/klauskunze.com\\\/blog\\\/#\\\/schema\\\/person\\\/9c091cf30ab68b897db6a517e3c3b11b\"},\"headline\":\"Wie wir im Fluiden aufgel\u00f6st werden\",\"datePublished\":\"2021-09-06T15:07:39+00:00\",\"dateModified\":\"2021-09-10T13:45:03+00:00\",\"mainEntityOfPage\":{\"@id\":\"https:\\\/\\\/klauskunze.com\\\/blog\\\/2021\\\/09\\\/06\\\/wie-wir-im-fluiden-aufgeloest-werden\\\/\"},\"wordCount\":1233,\"commentCount\":3,\"publisher\":{\"@id\":\"https:\\\/\\\/klauskunze.com\\\/blog\\\/#\\\/schema\\\/person\\\/9c091cf30ab68b897db6a517e3c3b11b\"},\"image\":{\"@id\":\"https:\\\/\\\/klauskunze.com\\\/blog\\\/2021\\\/09\\\/06\\\/wie-wir-im-fluiden-aufgeloest-werden\\\/#primaryimage\"},\"thumbnailUrl\":\"https:\\\/\\\/klauskunze.com\\\/blog\\\/wp-content\\\/uploads\\\/2021\\\/09\\\/Commodore_Perrys_second_fleet.jpg\",\"articleSection\":{\"1\":\"Geschichte\",\"2\":\"Politik\"},\"inLanguage\":\"de\",\"potentialAction\":[{\"@type\":\"CommentAction\",\"name\":\"Comment\",\"target\":[\"https:\\\/\\\/klauskunze.com\\\/blog\\\/2021\\\/09\\\/06\\\/wie-wir-im-fluiden-aufgeloest-werden\\\/#respond\"]}]},{\"@type\":\"WebPage\",\"@id\":\"https:\\\/\\\/klauskunze.com\\\/blog\\\/2021\\\/09\\\/06\\\/wie-wir-im-fluiden-aufgeloest-werden\\\/\",\"url\":\"https:\\\/\\\/klauskunze.com\\\/blog\\\/2021\\\/09\\\/06\\\/wie-wir-im-fluiden-aufgeloest-werden\\\/\",\"name\":\"Wie wir im Fluiden aufgel\u00f6st werden - Klaus Kunze\",\"isPartOf\":{\"@id\":\"https:\\\/\\\/klauskunze.com\\\/blog\\\/#website\"},\"primaryImageOfPage\":{\"@id\":\"https:\\\/\\\/klauskunze.com\\\/blog\\\/2021\\\/09\\\/06\\\/wie-wir-im-fluiden-aufgeloest-werden\\\/#primaryimage\"},\"image\":{\"@id\":\"https:\\\/\\\/klauskunze.com\\\/blog\\\/2021\\\/09\\\/06\\\/wie-wir-im-fluiden-aufgeloest-werden\\\/#primaryimage\"},\"thumbnailUrl\":\"https:\\\/\\\/klauskunze.com\\\/blog\\\/wp-content\\\/uploads\\\/2021\\\/09\\\/Commodore_Perrys_second_fleet.jpg\",\"datePublished\":\"2021-09-06T15:07:39+00:00\",\"dateModified\":\"2021-09-10T13:45:03+00:00\",\"breadcrumb\":{\"@id\":\"https:\\\/\\\/klauskunze.com\\\/blog\\\/2021\\\/09\\\/06\\\/wie-wir-im-fluiden-aufgeloest-werden\\\/#breadcrumb\"},\"inLanguage\":\"de\",\"potentialAction\":[{\"@type\":\"ReadAction\",\"target\":[\"https:\\\/\\\/klauskunze.com\\\/blog\\\/2021\\\/09\\\/06\\\/wie-wir-im-fluiden-aufgeloest-werden\\\/\"]}]},{\"@type\":\"ImageObject\",\"inLanguage\":\"de\",\"@id\":\"https:\\\/\\\/klauskunze.com\\\/blog\\\/2021\\\/09\\\/06\\\/wie-wir-im-fluiden-aufgeloest-werden\\\/#primaryimage\",\"url\":\"https:\\\/\\\/klauskunze.com\\\/blog\\\/wp-content\\\/uploads\\\/2021\\\/09\\\/Commodore_Perrys_second_fleet.jpg\",\"contentUrl\":\"https:\\\/\\\/klauskunze.com\\\/blog\\\/wp-content\\\/uploads\\\/2021\\\/09\\\/Commodore_Perrys_second_fleet.jpg\",\"width\":685,\"height\":431},{\"@type\":\"BreadcrumbList\",\"@id\":\"https:\\\/\\\/klauskunze.com\\\/blog\\\/2021\\\/09\\\/06\\\/wie-wir-im-fluiden-aufgeloest-werden\\\/#breadcrumb\",\"itemListElement\":[{\"@type\":\"ListItem\",\"position\":1,\"name\":\"Startseite\",\"item\":\"https:\\\/\\\/klauskunze.com\\\/blog\\\/\"},{\"@type\":\"ListItem\",\"position\":2,\"name\":\"Wie wir im Fluiden aufgel\u00f6st werden\"}]},{\"@type\":\"WebSite\",\"@id\":\"https:\\\/\\\/klauskunze.com\\\/blog\\\/#website\",\"url\":\"https:\\\/\\\/klauskunze.com\\\/blog\\\/\",\"name\":\"Klaus Kunze\",\"description\":\"Blog\",\"publisher\":{\"@id\":\"https:\\\/\\\/klauskunze.com\\\/blog\\\/#\\\/schema\\\/person\\\/9c091cf30ab68b897db6a517e3c3b11b\"},\"potentialAction\":[{\"@type\":\"SearchAction\",\"target\":{\"@type\":\"EntryPoint\",\"urlTemplate\":\"https:\\\/\\\/klauskunze.com\\\/blog\\\/?s={search_term_string}\"},\"query-input\":{\"@type\":\"PropertyValueSpecification\",\"valueRequired\":true,\"valueName\":\"search_term_string\"}}],\"inLanguage\":\"de\"},{\"@type\":[\"Person\",\"Organization\"],\"@id\":\"https:\\\/\\\/klauskunze.com\\\/blog\\\/#\\\/schema\\\/person\\\/9c091cf30ab68b897db6a517e3c3b11b\",\"name\":\"Klaus Kunze\",\"image\":{\"@type\":\"ImageObject\",\"inLanguage\":\"de\",\"@id\":\"https:\\\/\\\/secure.gravatar.com\\\/avatar\\\/5cd83cadbada9c331a79952fcca177ed3d3be4c7ad3239b9d934bf84adff15dd?s=96&d=blank&r=g\",\"url\":\"https:\\\/\\\/secure.gravatar.com\\\/avatar\\\/5cd83cadbada9c331a79952fcca177ed3d3be4c7ad3239b9d934bf84adff15dd?s=96&d=blank&r=g\",\"contentUrl\":\"https:\\\/\\\/secure.gravatar.com\\\/avatar\\\/5cd83cadbada9c331a79952fcca177ed3d3be4c7ad3239b9d934bf84adff15dd?s=96&d=blank&r=g\",\"caption\":\"Klaus Kunze\"},\"logo\":{\"@id\":\"https:\\\/\\\/secure.gravatar.com\\\/avatar\\\/5cd83cadbada9c331a79952fcca177ed3d3be4c7ad3239b9d934bf84adff15dd?s=96&d=blank&r=g\"},\"sameAs\":[\"http:\\\/\\\/KlausKunze.com\",\"https:\\\/\\\/x.com\\\/https:\\\/\\\/twitter.com\\\/KlausKunze3\"]}]}<\/script>\n<!-- \/ Yoast SEO plugin. -->","yoast_head_json":{"title":"Wie wir im Fluiden aufgel\u00f6st werden - Klaus Kunze","robots":{"index":"index","follow":"follow","max-snippet":"max-snippet:-1","max-image-preview":"max-image-preview:large","max-video-preview":"max-video-preview:-1"},"canonical":"https:\/\/klauskunze.com\/blog\/2021\/09\/06\/wie-wir-im-fluiden-aufgeloest-werden\/","og_locale":"de_DE","og_type":"article","og_title":"Wie wir im Fluiden aufgel\u00f6st werden - Klaus Kunze","og_description":"Das Fluide der westlichen Ideologie In der Ideologie jedes Staates verdichtet sich die objektivierbare Interessenlage seiner Mehrheitsgesellschaft oder ihrer Lenker. Es gilt ihr als nicht zu hinterfragender Grundsatz einer gerechten Weltordnung immer ausgerechnet das, was ihr n\u00fctzt. Wem die &#8222;Deu\u00adtung der Ora\u00adkel der Gerechtigkeit an\u00adver\u00adtraut ist&#8220;, wird er\u00adfah\u00adrungs\u00adge\u00adm\u00e4\u00df &#8222;die\u00adse G\u00f6ttin be\u00adwe\u00adgen k\u00f6nnen, nichts zu antwor\u00adten, [&hellip;]","og_url":"https:\/\/klauskunze.com\/blog\/2021\/09\/06\/wie-wir-im-fluiden-aufgeloest-werden\/","og_site_name":"Klaus Kunze","article_published_time":"2021-09-06T15:07:39+00:00","article_modified_time":"2021-09-10T13:45:03+00:00","og_image":[{"width":685,"height":431,"url":"https:\/\/klauskunze.com\/blog\/wp-content\/uploads\/2021\/09\/Commodore_Perrys_second_fleet.jpg","type":"image\/jpeg"}],"author":"Klaus Kunze","twitter_misc":{"Verfasst von":"Klaus Kunze","Gesch\u00e4tzte Lesezeit":"6\u00a0Minuten"},"schema":{"@context":"https:\/\/schema.org","@graph":[{"@type":"Article","@id":"https:\/\/klauskunze.com\/blog\/2021\/09\/06\/wie-wir-im-fluiden-aufgeloest-werden\/#article","isPartOf":{"@id":"https:\/\/klauskunze.com\/blog\/2021\/09\/06\/wie-wir-im-fluiden-aufgeloest-werden\/"},"author":{"name":"Klaus Kunze","@id":"https:\/\/klauskunze.com\/blog\/#\/schema\/person\/9c091cf30ab68b897db6a517e3c3b11b"},"headline":"Wie wir im Fluiden aufgel\u00f6st werden","datePublished":"2021-09-06T15:07:39+00:00","dateModified":"2021-09-10T13:45:03+00:00","mainEntityOfPage":{"@id":"https:\/\/klauskunze.com\/blog\/2021\/09\/06\/wie-wir-im-fluiden-aufgeloest-werden\/"},"wordCount":1233,"commentCount":3,"publisher":{"@id":"https:\/\/klauskunze.com\/blog\/#\/schema\/person\/9c091cf30ab68b897db6a517e3c3b11b"},"image":{"@id":"https:\/\/klauskunze.com\/blog\/2021\/09\/06\/wie-wir-im-fluiden-aufgeloest-werden\/#primaryimage"},"thumbnailUrl":"https:\/\/klauskunze.com\/blog\/wp-content\/uploads\/2021\/09\/Commodore_Perrys_second_fleet.jpg","articleSection":{"1":"Geschichte","2":"Politik"},"inLanguage":"de","potentialAction":[{"@type":"CommentAction","name":"Comment","target":["https:\/\/klauskunze.com\/blog\/2021\/09\/06\/wie-wir-im-fluiden-aufgeloest-werden\/#respond"]}]},{"@type":"WebPage","@id":"https:\/\/klauskunze.com\/blog\/2021\/09\/06\/wie-wir-im-fluiden-aufgeloest-werden\/","url":"https:\/\/klauskunze.com\/blog\/2021\/09\/06\/wie-wir-im-fluiden-aufgeloest-werden\/","name":"Wie wir im Fluiden aufgel\u00f6st werden - Klaus Kunze","isPartOf":{"@id":"https:\/\/klauskunze.com\/blog\/#website"},"primaryImageOfPage":{"@id":"https:\/\/klauskunze.com\/blog\/2021\/09\/06\/wie-wir-im-fluiden-aufgeloest-werden\/#primaryimage"},"image":{"@id":"https:\/\/klauskunze.com\/blog\/2021\/09\/06\/wie-wir-im-fluiden-aufgeloest-werden\/#primaryimage"},"thumbnailUrl":"https:\/\/klauskunze.com\/blog\/wp-content\/uploads\/2021\/09\/Commodore_Perrys_second_fleet.jpg","datePublished":"2021-09-06T15:07:39+00:00","dateModified":"2021-09-10T13:45:03+00:00","breadcrumb":{"@id":"https:\/\/klauskunze.com\/blog\/2021\/09\/06\/wie-wir-im-fluiden-aufgeloest-werden\/#breadcrumb"},"inLanguage":"de","potentialAction":[{"@type":"ReadAction","target":["https:\/\/klauskunze.com\/blog\/2021\/09\/06\/wie-wir-im-fluiden-aufgeloest-werden\/"]}]},{"@type":"ImageObject","inLanguage":"de","@id":"https:\/\/klauskunze.com\/blog\/2021\/09\/06\/wie-wir-im-fluiden-aufgeloest-werden\/#primaryimage","url":"https:\/\/klauskunze.com\/blog\/wp-content\/uploads\/2021\/09\/Commodore_Perrys_second_fleet.jpg","contentUrl":"https:\/\/klauskunze.com\/blog\/wp-content\/uploads\/2021\/09\/Commodore_Perrys_second_fleet.jpg","width":685,"height":431},{"@type":"BreadcrumbList","@id":"https:\/\/klauskunze.com\/blog\/2021\/09\/06\/wie-wir-im-fluiden-aufgeloest-werden\/#breadcrumb","itemListElement":[{"@type":"ListItem","position":1,"name":"Startseite","item":"https:\/\/klauskunze.com\/blog\/"},{"@type":"ListItem","position":2,"name":"Wie wir im Fluiden aufgel\u00f6st werden"}]},{"@type":"WebSite","@id":"https:\/\/klauskunze.com\/blog\/#website","url":"https:\/\/klauskunze.com\/blog\/","name":"Klaus Kunze","description":"Blog","publisher":{"@id":"https:\/\/klauskunze.com\/blog\/#\/schema\/person\/9c091cf30ab68b897db6a517e3c3b11b"},"potentialAction":[{"@type":"SearchAction","target":{"@type":"EntryPoint","urlTemplate":"https:\/\/klauskunze.com\/blog\/?s={search_term_string}"},"query-input":{"@type":"PropertyValueSpecification","valueRequired":true,"valueName":"search_term_string"}}],"inLanguage":"de"},{"@type":["Person","Organization"],"@id":"https:\/\/klauskunze.com\/blog\/#\/schema\/person\/9c091cf30ab68b897db6a517e3c3b11b","name":"Klaus Kunze","image":{"@type":"ImageObject","inLanguage":"de","@id":"https:\/\/secure.gravatar.com\/avatar\/5cd83cadbada9c331a79952fcca177ed3d3be4c7ad3239b9d934bf84adff15dd?s=96&d=blank&r=g","url":"https:\/\/secure.gravatar.com\/avatar\/5cd83cadbada9c331a79952fcca177ed3d3be4c7ad3239b9d934bf84adff15dd?s=96&d=blank&r=g","contentUrl":"https:\/\/secure.gravatar.com\/avatar\/5cd83cadbada9c331a79952fcca177ed3d3be4c7ad3239b9d934bf84adff15dd?s=96&d=blank&r=g","caption":"Klaus Kunze"},"logo":{"@id":"https:\/\/secure.gravatar.com\/avatar\/5cd83cadbada9c331a79952fcca177ed3d3be4c7ad3239b9d934bf84adff15dd?s=96&d=blank&r=g"},"sameAs":["http:\/\/KlausKunze.com","https:\/\/x.com\/https:\/\/twitter.com\/KlausKunze3"]}]}},"post_mailing_queue_ids":[],"_links":{"self":[{"href":"https:\/\/klauskunze.com\/blog\/wp-json\/wp\/v2\/posts\/4131","targetHints":{"allow":["GET"]}}],"collection":[{"href":"https:\/\/klauskunze.com\/blog\/wp-json\/wp\/v2\/posts"}],"about":[{"href":"https:\/\/klauskunze.com\/blog\/wp-json\/wp\/v2\/types\/post"}],"author":[{"embeddable":true,"href":"https:\/\/klauskunze.com\/blog\/wp-json\/wp\/v2\/users\/1"}],"replies":[{"embeddable":true,"href":"https:\/\/klauskunze.com\/blog\/wp-json\/wp\/v2\/comments?post=4131"}],"version-history":[{"count":4,"href":"https:\/\/klauskunze.com\/blog\/wp-json\/wp\/v2\/posts\/4131\/revisions"}],"predecessor-version":[{"id":4137,"href":"https:\/\/klauskunze.com\/blog\/wp-json\/wp\/v2\/posts\/4131\/revisions\/4137"}],"wp:featuredmedia":[{"embeddable":true,"href":"https:\/\/klauskunze.com\/blog\/wp-json\/wp\/v2\/media\/4133"}],"wp:attachment":[{"href":"https:\/\/klauskunze.com\/blog\/wp-json\/wp\/v2\/media?parent=4131"}],"wp:term":[{"taxonomy":"category","embeddable":true,"href":"https:\/\/klauskunze.com\/blog\/wp-json\/wp\/v2\/categories?post=4131"},{"taxonomy":"post_tag","embeddable":true,"href":"https:\/\/klauskunze.com\/blog\/wp-json\/wp\/v2\/tags?post=4131"}],"curies":[{"name":"wp","href":"https:\/\/api.w.org\/{rel}","templated":true}]}}