{"id":4264,"date":"2021-11-10T11:04:12","date_gmt":"2021-11-10T10:04:12","guid":{"rendered":"http:\/\/klauskunze.com\/blog\/?p=4264"},"modified":"2021-11-12T17:47:35","modified_gmt":"2021-11-12T16:47:35","slug":"wolle-mer-se-neilasse","status":"publish","type":"post","link":"https:\/\/klauskunze.com\/blog\/2021\/11\/10\/wolle-mer-se-neilasse\/","title":{"rendered":"&#8222;Wolle mer se neilasse?&#8220;"},"content":{"rendered":"\n<h2 class=\"wp-block-heading\">Die unheilige Allianz<\/h2>\n\n\n\n<p>Als in Mainz einst noch gesungen und gelacht wurde, fragte der Karnevalspr\u00e4sident das Publikum vor dem Auftritt von Karnevalisten: &#8222;Wolle mer se neilasse?&#8220; Das ist lange her. Heute ist uns das Lachen vergangen, denn wir werden nicht mehr gefragt, ob und wen wir reinlassen wollen.<\/p>\n\n\n\n<p>&#8222;Jetzt sind sie nun mal da&#8220;, hatte unsere oberste Vertreterin von Migranteninteressen 2015 scheinheilig geseufzt. Tats\u00e4chlich besteht eine unheilige Allianz verschiedener Interessengruppen, die m\u00f6glichst viele Ausl\u00e4nder in Deutschland ansiedeln m\u00f6chten. Die Konzerne ben\u00f6tigen neue Verbraucher, der Staat sehnt sich nach Steuer- und Beitragszahlern, Linksextremisten m\u00f6chten das deutsche Volk ethnisch umkrempeln und verrecken lassen, Kirchenf\u00fcrsten mahnen von der Kanzel N\u00e4chstenliebe an.<\/p>\n\n\n\n<p>Die Melodie ist \u00fcberall dieselbe, nur die Texte leicht unterschiedlich. Diese S\u00e4nger lieben Ausl\u00e4nder so sehr, da\u00df sie m\u00f6glichst viele in Deutschland haben wollen. Sie instrumentieren sie auf ihre jeweils eigene Weise. Deutschland soll sich von Grund auf ver\u00e4ndern, darauf freuen sie sich, und das bezwecken sie. Darum h\u00e4ngen sie selbst jenen, die sich an den Au\u00dfengrenzen zusammenrotten und gewaltsam eindringen wollen, das M\u00e4ntelchen des armen Fl\u00fcchtlings um und versehen ihn mit dem Heiligenschein des Asylsuchenden.<\/p>\n\n\n\n<p>W\u00e4hrend unsere europ\u00e4ischen Nachbarn buchst\u00e4blich ihre Knochen daf\u00fcr hinhalten, nicht von Grenzbrechern \u00fcberrannt zu werden, m\u00fcssen sie sich von unserer linksextremen Medienschickeria und Parteivertretern noch beschimpfen lassen. Aus schwarz machen sie wei\u00df, aus Unrecht Recht und Recht soll als Unrecht dastehen. Nachdem Lukaschenko sich in arabischen L\u00e4ndern 5000 \u20ac f\u00fcr einen Flug nach Minsk mit garantierter Schleusung nach Polen zahlen l\u00e4\u00dft, bringen die armen Verfolgten schon Bolzenschneider und \u00c4xte mit, um Stacheldraht zu \u00fcberwinden und B\u00e4ume als Rammen zu f\u00e4llen. Die Bilder gingen um die Welt.<\/p>\n\n\n\n<h2 class=\"wp-block-heading\">Polen verh\u00e4lt sich rechtm\u00e4\u00dfig<\/h2>\n\n\n\n<p>Jedes Land hat das Recht, seine Grenzen gegen gewaltsame Eindringlinge zu verteidigen. G\u00e4be es ein h\u00f6herrangiges, ein internationales Recht, welches dem Land den Schutz seiner Grenzen verbietet, w\u00e4re das Land gut beraten, aus einem solchen Rechtssystem auszutreten.<\/p>\n\n\n\n<p>Das EU-Recht gibt dazu allerdings keinen Anla\u00df. Der Europ\u00e4ische Gerichtshof f\u00fcr Menschenrechte hat genau solch einen Fall 2020 entschieden, wie er sich an der polnischen Ostgrenze jetzt wieder ereignet. Das war geschehen:<\/p>\n\n\n\n<blockquote class=\"wp-block-quote is-layout-flow wp-block-quote-is-layout-flow\"><p>Am 13.8.2014 versuchten sie um 4 Uhr 42 mit rund 600 anderen Migranten, die Grenze zu Melilla zu \u00fcberwinden. W\u00e4hrend die meisten von der Guardia Civil daran gehindert werden konnten, \u00fcber den Zaun zu klettern, gelang es den beiden Beschwerdef\u00fchrern und circa 75 anderen, den h\u00f6chsten Punkt des innersten Zauns zu erreichen. Nachdem sie rund acht Stunden auf dem Zaun ausgeharrt hatten, verlie\u00dfen sie diesen am fr\u00fchen Nachmittag mit Hilfe einer von der Guardia Civil bereitgestellten Leiter. Sobald sie festen Boden unter den F\u00fc\u00dfen hatten, wurden sie von den Beamten festgenommen. Diese legten ihnen Handfesseln an, brachten sie zur\u00fcck nach Marokko und \u00fcbergaben sie den marokkanischen Beh\u00f6rden.<\/p><cite>Europ\u00e4ischer Gerichtshof f\u00fcr Menschenrechte, N. D. und N. T. gg. Spanien, <a href=\"https:\/\/hudoc.echr.coe.int\/app\/conversion\/pdf\/?library=ECHR&amp;id=001-209108&amp;filename=CASE%20OF%20N.D.%20AND%20N.T.%20v.%20SPAIN%20-%20%5BGerman%20Translation%5D%20summary%20by%20the%20Austrian%20Institute%20for%20Human%20Rights%20%28%D6IM%29.pdf\">Aktenzeichen 8675\/15 und 8697\/15, Urteil vom 13.2.2020, Gro\u00dfe Kammer<\/a><\/cite><\/blockquote>\n\n\n\n<p>Die gewaltsamen Grenzbrecher hatten ebensowenig versucht, an einer regul\u00e4ren Grenz\u00fcbergangsstelle Asyl zu beantragen, wie es die von Lukaschenko in den tiefen Wald gekarrten Araber nicht f\u00fcr n\u00f6tig halten. Die Bilder gleichen sich, ob an der spanischen Grenze in Ceuta, an der griechischen Landgrenze zur T\u00fcrkei oder im polnischen Wald: Ein gewaltbereiter, teils bewaffneter Mob versuchte die Grenze im Sturm zu nehmen. Beim EuGH gab es daf\u00fcr keinen Rabatt:<\/p>\n\n\n\n<blockquote class=\"wp-block-quote is-layout-flow wp-block-quote-is-layout-flow\"><p>Nach Ansicht des Gerichtshofs (GH) mu\u00df derselbe Grundsatz auch gelten, wenn durch das Verhalten von Personen, die eine Landgrenze auf rechtswidrige Weise \u00fcberqueren und dabei bewu\u00dft ihre gro\u00dfe Zahl ausnutzen und Gewalt anwenden, eine eindeutig destabilisieren de Situation geschaffen wird, die schwer zu kontrollieren ist und die \u00f6ffentliche Sicherheit gef\u00e4hrdet. In diesem Kontext wird der GH allerdings bei der Pr\u00fcfung einer Beschwerde unter Art. 4 4. Prot. EMRK ma\u00dfgeblich ber\u00fccksichtigen, ob der belangte Staat unter den Umst\u00e4nden des konkreten Falls wirklichen und wirksamen Zugang zu Mitteln der rechtm\u00e4\u00dfigen Einreise vorsah, insbesondere durch Verfahren an der Grenze. Wenn der belangte Staat solchen Zugang vorsah, ein Bf. aber keinen Gebrauch davon gemacht hat, wird der GH im vorliegenden Kontext und vorbehaltlich der Anwendung von Art. 2 und Art. 3 EMRK ber\u00fccksichtigen, ob es zwingende Gr\u00fcnde daf\u00fcr gab, dies nicht zu tun, und ob diese Gr\u00fcnde auf objektiven Tatsachen beruhten, f\u00fcr die der belangte Staat verantwortlich war.<\/p><cite> Europ\u00e4ischer Gerichtshof f\u00fcr Menschenrechte, N. D. und N. T. gg. Spanien, <a href=\"https:\/\/hudoc.echr.coe.int\/app\/conversion\/pdf\/?library=ECHR&amp;id=001-209108&amp;filename=CASE%20OF%20N.D.%20AND%20N.T.%20v.%20SPAIN%20-%20%5BGerman%20Translation%5D%20summary%20by%20the%20Austrian%20Institute%20for%20Human%20Rights%20%28%D6IM%29.pdf\">Aktenzeichen 8675\/15 und 8697\/15, Urteil vom 13.2.2020, Gro\u00dfe Kammer<\/a> <\/cite><\/blockquote>\n\n\n\n<p>Der EuGH hat die Klage abgewiesen und Spanien Recht gegeben. Es durfte die Eindringlinge kurzerhand am Kragen packen und wieder hinauswerfen.<\/p>\n\n\n\n<blockquote class=\"wp-block-quote is-layout-flow wp-block-quote-is-layout-flow\"><p>Wo solche Vorkehrungen bestehen und das Recht gew\u00e4hrleisten, in wirklicher und wirksamer Weise nach der Konvention und insbesondere Art. 3 Schutz zu begehren, hindert die EMRK Staaten nicht daran, in Erf\u00fcllung ihrer Verpflichtung, die Grenzen zu kontrollieren, zu verlangen, da\u00df Antr\u00e4ge auf einen solchen Schutz bei den bestehenden Grenz\u00fcberg\u00e4ngen gestellt werden [&#8230;]. Folglich k\u00f6nnen sie Fremden, einschlie\u00dflich potentieller Asylwerber, die es ohne zwingende Gr\u00fcnde verabs\u00e4umt haben, diesen Regelungen zu entsprechen, indem sie versuchen, die Grenze an einem anderen Ort zu \u00fcberqueren \u2013 und dabei insbesondere wie im vorliegenden Fall ihre gro\u00dfe Zahl ausnutzen und Gewalt anwenden \u2013 die Einreise in ihr Staatsgebiet verweigern.<\/p><cite> Europ\u00e4ischer Gerichtshof f\u00fcr Menschenrechte, N. D. und N. T. gg. Spanien, <a href=\"https:\/\/hudoc.echr.coe.int\/app\/conversion\/pdf\/?library=ECHR&amp;id=001-209108&amp;filename=CASE%20OF%20N.D.%20AND%20N.T.%20v.%20SPAIN%20-%20%5BGerman%20Translation%5D%20summary%20by%20the%20Austrian%20Institute%20for%20Human%20Rights%20%28%D6IM%29.pdf\">Aktenzeichen 8675\/15 und 8697\/15, Urteil vom 13.2.2020, Gro\u00dfe Kammer<\/a> <\/cite><\/blockquote>\n\n\n\n<p>Die polnischen Grenzer haben alles Recht, gewaltsam Eingedrungene am Kragen zu packen und zu den dr\u00fcben grinsend wartenden Wei\u00dfrussen zu schicken.<\/p>\n\n\n\n<h2 class=\"wp-block-heading\">Die M\u00e4r von den illegalen Pushbacks<\/h2>\n\n\n\n<p>Gleichwohl trommeln unsere \u00fcblichen Verd\u00e4chtigen mit ihren Propagandamedien tagein tagaus und singen ihr Lied von den angeblich illegalen Pushbacks. Sie greifen seit Monaten Ungarn und Kroatien an, die ihre Grenzen und damit zugleich uns vor gewaltbereiten Eindringlingen verteidigen.<\/p>\n\n\n\n<p>Ihre Propaganda zielt auf unsere moralischen Tr\u00e4nendr\u00fcsen und ist im Kern eine L\u00fcgenpropaganda.<\/p>\n\n\n\n<p>Wie 2015 im Fall der wirklichen oder vorgeblichen Kinderleiche am Strand der \u00c4g\u00e4is l\u00fcgen sie mit Bildern.<\/p>\n\n\n\n<div class=\"wp-block-image\"><figure class=\"aligncenter size-full\"><img loading=\"lazy\" decoding=\"async\" width=\"470\" height=\"361\" src=\"http:\/\/klauskunze.com\/blog\/wp-content\/uploads\/2021\/11\/Zuschneiden_2.jpg\" alt=\"\" class=\"wp-image-4267\" srcset=\"https:\/\/klauskunze.com\/blog\/wp-content\/uploads\/2021\/11\/Zuschneiden_2.jpg 470w, https:\/\/klauskunze.com\/blog\/wp-content\/uploads\/2021\/11\/Zuschneiden_2-300x230.jpg 300w\" sizes=\"auto, (max-width: 470px) 100vw, 470px\" \/><figcaption>Twitter-Meldung 9.11.2021<\/figcaption><\/figure><\/div>\n\n\n\n<p>Eine bebilderte Twitter-Meldung zeigte ein Kind auf der wei\u00dfrussischen Seite der polnischen Grenze, dem Rauch in die Augen gepustet wurde, um sogleich von einem polnischen Tr\u00e4nengaseinsatz berichten zu k\u00f6nnen. Vielfach wird solche Desinformation von Minsk oder Moskau gesteuert. Putin ist da von Hause aus vom Fach. Mit Desinformation sollen die EU und ihre Mitgliedsl\u00e4nder destabilisiert werden.<\/p>\n\n\n\n<blockquote class=\"wp-block-quote is-layout-flow wp-block-quote-is-layout-flow\"><p>Der polnische Geheimdienstkoordinator Stanis\u0142aw \u017baryn wies explizit auf die Bedeutung dieses Informationskriegs hin. Letztlich entscheide er, welche Seite gewinne und ob \u2013 so \u017baryn \u2013 eine Migrationsroute \u00fcber Wei\u00dfrussland nach Polen eingerichtet werde. \u017baryn verweist auch auf die Rolle der kleinen Kinder in diesem Kampf. Er zitiert aus Anweisungen in Chat-Gruppen, die sagen, wie man Kinder f\u00fcr den illegalen Grenz\u00fcbertritt \u00bbbenutzen\u00ab k\u00f6nne: \u00bbNehmt Kinder mit, umarmt sie, la\u00dft sie schmutzig und m\u00fcde aussehen.\u00ab Und nat\u00fcrlich werden auch Videos mit weinenden Kindern (dank Zigarettenrauch leicht herstellbar) gerne produziert, um den Eindruck der Not zu erwecken. Und immer wiederholt \u017baryn sein Mantra: \u00bbNichts passiert an der Grenze ohne die Beteiligung und Zustimmung der wei\u00dfrussischen Dienste.\u00ab<\/p><cite>Matthias Nikolaidis, <a href=\"https:\/\/www.tichyseinblick.de\/kolumnen\/aus-aller-welt\/grenze-weissrussland-polen-grenzkampf\/\">Tichys Einblick 10.11.2021<\/a><\/cite><\/blockquote>\n\n\n\n<p>Solche Propaganda wirkt nur, wenn die Fachleute schon vor solchen get\u00fcrkten Vorf\u00e4llen am Ort sind, um sie zu filmen und ihre L\u00fcgen medial zu verbreiten. Ohne eine eingespielte Infrastruktur k\u00f6nnten sie nicht &#8222;zur rechten Zeit am rechten Ort&#8220; sein.<\/p>\n\n\n\n<p>Die Bem\u00fchungen der \u00f6stlichen Potentaten, die EU und unser Land zu destabilisieren, vereinen sich mit gleichgerichteten Absichten eines Teiles unserer einheimischen Linksextremisten, den Profitinteressen von Schleusern und den Pl\u00e4nen sogenannter Menschenrechtsaktivisten. So jammerte bereits ein &#8222;Generalsekret\u00e4r&#8220; <a href=\"https:\/\/www.ecchr.eu\/impressum\/\">eines eingetragenen Berliner Vereins<\/a> mit hochtrabendem Namen:<\/p>\n\n\n\n<blockquote class=\"wp-block-quote is-layout-flow wp-block-quote-is-layout-flow\"><p>Menschenrechtler sind fassungslos.&nbsp; [&#8230;] Der Europ\u00e4ische Gerichtshof f\u00fcr Menschenrechte bedeutet f\u00fcr Schutzsuchende offenbar keine Hoffnung mehr. Aber das kann sich auch wieder \u00e4ndern. Gerichte sind nur die letzte Zuflucht. Wir m\u00fcssen gemeinsam daf\u00fcr k\u00e4mpfen, dass die Europ\u00e4er wieder f\u00fcr die von ihnen behaupteten Werte und vor allem f\u00fcr die Grundrechte aller Menschen einstehen.<\/p><cite> Wolfgang Kaleck, Jahrgang 1960, ist Generalsekret\u00e4r des European Center for Constitutional and Human Rights (ECCHR), <a href=\"https:\/\/www.spiegel.de\/ausland\/abschiebung-ohne-asylantrag-das-urteil-macht-die-festung-europa-dicht-a-7f1ffff7-a646-4fbb-a892-13ff9dc66ef5\">hier im Interview mit Steffen L\u00fcdke, Der Spiegel 14.2.2020, &#8222;Das Urteil macht die Festung Europa dicht&#8220;<\/a> <\/cite><\/blockquote>\n\n\n\n<p>Auch mir kommen da die Tr\u00e4nen der Fassungslosigkeit und der R\u00fchrung.<\/p>\n","protected":false},"excerpt":{"rendered":"<p>Die unheilige Allianz Als in Mainz einst noch gesungen und gelacht wurde, fragte der Karnevalspr\u00e4sident das Publikum vor dem Auftritt von Karnevalisten: &#8222;Wolle mer se neilasse?&#8220; Das ist lange her. Heute ist uns das Lachen vergangen, denn wir werden nicht mehr gefragt, ob und wen wir reinlassen wollen. &#8222;Jetzt sind sie nun mal da&#8220;, hatte [&hellip;]<\/p>\n","protected":false},"author":1,"featured_media":4273,"comment_status":"open","ping_status":"open","sticky":false,"template":"","format":"standard","meta":{"h5ap_radio_sources":[],"twitterCardType":"","cardImageID":0,"cardImage":"","cardTitle":"","cardDesc":"","cardImageAlt":"","cardPlayer":"","cardPlayerWidth":0,"cardPlayerHeight":0,"cardPlayerStream":"","cardPlayerCodec":"","footnotes":""},"categories":[1,18,17],"tags":[],"class_list":["post-4264","post","type-post","status-publish","format-standard","has-post-thumbnail","hentry","category-allgemein","category-juristisches","category-politik"],"yoast_head":"<!-- This site is optimized with the Yoast SEO plugin v27.5 - https:\/\/yoast.com\/product\/yoast-seo-wordpress\/ -->\n<title>&quot;Wolle mer se neilasse?&quot; - Klaus Kunze<\/title>\n<meta name=\"robots\" content=\"index, follow, max-snippet:-1, max-image-preview:large, max-video-preview:-1\" \/>\n<link rel=\"canonical\" href=\"https:\/\/klauskunze.com\/blog\/2021\/11\/10\/wolle-mer-se-neilasse\/\" \/>\n<meta property=\"og:locale\" content=\"de_DE\" \/>\n<meta property=\"og:type\" content=\"article\" \/>\n<meta property=\"og:title\" content=\"&quot;Wolle mer se neilasse?&quot; - Klaus Kunze\" \/>\n<meta property=\"og:description\" content=\"Die unheilige Allianz Als in Mainz einst noch gesungen und gelacht wurde, fragte der Karnevalspr\u00e4sident das Publikum vor dem Auftritt von Karnevalisten: &#8222;Wolle mer se neilasse?&#8220; Das ist lange her. Heute ist uns das Lachen vergangen, denn wir werden nicht mehr gefragt, ob und wen wir reinlassen wollen. &#8222;Jetzt sind sie nun mal da&#8220;, hatte [&hellip;]\" \/>\n<meta property=\"og:url\" content=\"https:\/\/klauskunze.com\/blog\/2021\/11\/10\/wolle-mer-se-neilasse\/\" \/>\n<meta property=\"og:site_name\" content=\"Klaus Kunze\" \/>\n<meta property=\"article:published_time\" content=\"2021-11-10T10:04:12+00:00\" \/>\n<meta property=\"article:modified_time\" content=\"2021-11-12T16:47:35+00:00\" \/>\n<meta property=\"og:image\" content=\"https:\/\/klauskunze.com\/blog\/wp-content\/uploads\/2021\/11\/Zuschneiden_18.jpg\" \/>\n\t<meta property=\"og:image:width\" content=\"1797\" \/>\n\t<meta property=\"og:image:height\" content=\"1024\" \/>\n\t<meta property=\"og:image:type\" content=\"image\/jpeg\" \/>\n<meta name=\"author\" content=\"Klaus Kunze\" \/>\n<meta name=\"twitter:label1\" content=\"Verfasst von\" \/>\n\t<meta name=\"twitter:data1\" content=\"Klaus Kunze\" \/>\n\t<meta name=\"twitter:label2\" content=\"Gesch\u00e4tzte Lesezeit\" \/>\n\t<meta name=\"twitter:data2\" content=\"6\u00a0Minuten\" \/>\n<script type=\"application\/ld+json\" class=\"yoast-schema-graph\">{\"@context\":\"https:\\\/\\\/schema.org\",\"@graph\":[{\"@type\":\"Article\",\"@id\":\"https:\\\/\\\/klauskunze.com\\\/blog\\\/2021\\\/11\\\/10\\\/wolle-mer-se-neilasse\\\/#article\",\"isPartOf\":{\"@id\":\"https:\\\/\\\/klauskunze.com\\\/blog\\\/2021\\\/11\\\/10\\\/wolle-mer-se-neilasse\\\/\"},\"author\":{\"name\":\"Klaus Kunze\",\"@id\":\"https:\\\/\\\/klauskunze.com\\\/blog\\\/#\\\/schema\\\/person\\\/9c091cf30ab68b897db6a517e3c3b11b\"},\"headline\":\"&#8222;Wolle mer se neilasse?&#8220;\",\"datePublished\":\"2021-11-10T10:04:12+00:00\",\"dateModified\":\"2021-11-12T16:47:35+00:00\",\"mainEntityOfPage\":{\"@id\":\"https:\\\/\\\/klauskunze.com\\\/blog\\\/2021\\\/11\\\/10\\\/wolle-mer-se-neilasse\\\/\"},\"wordCount\":1397,\"commentCount\":1,\"publisher\":{\"@id\":\"https:\\\/\\\/klauskunze.com\\\/blog\\\/#\\\/schema\\\/person\\\/9c091cf30ab68b897db6a517e3c3b11b\"},\"image\":{\"@id\":\"https:\\\/\\\/klauskunze.com\\\/blog\\\/2021\\\/11\\\/10\\\/wolle-mer-se-neilasse\\\/#primaryimage\"},\"thumbnailUrl\":\"https:\\\/\\\/klauskunze.com\\\/blog\\\/wp-content\\\/uploads\\\/2021\\\/11\\\/Zuschneiden_18.jpg\",\"articleSection\":{\"1\":\"Juristisches\",\"2\":\"Politik\"},\"inLanguage\":\"de\",\"potentialAction\":[{\"@type\":\"CommentAction\",\"name\":\"Comment\",\"target\":[\"https:\\\/\\\/klauskunze.com\\\/blog\\\/2021\\\/11\\\/10\\\/wolle-mer-se-neilasse\\\/#respond\"]}]},{\"@type\":\"WebPage\",\"@id\":\"https:\\\/\\\/klauskunze.com\\\/blog\\\/2021\\\/11\\\/10\\\/wolle-mer-se-neilasse\\\/\",\"url\":\"https:\\\/\\\/klauskunze.com\\\/blog\\\/2021\\\/11\\\/10\\\/wolle-mer-se-neilasse\\\/\",\"name\":\"\\\"Wolle mer se neilasse?\\\" - Klaus Kunze\",\"isPartOf\":{\"@id\":\"https:\\\/\\\/klauskunze.com\\\/blog\\\/#website\"},\"primaryImageOfPage\":{\"@id\":\"https:\\\/\\\/klauskunze.com\\\/blog\\\/2021\\\/11\\\/10\\\/wolle-mer-se-neilasse\\\/#primaryimage\"},\"image\":{\"@id\":\"https:\\\/\\\/klauskunze.com\\\/blog\\\/2021\\\/11\\\/10\\\/wolle-mer-se-neilasse\\\/#primaryimage\"},\"thumbnailUrl\":\"https:\\\/\\\/klauskunze.com\\\/blog\\\/wp-content\\\/uploads\\\/2021\\\/11\\\/Zuschneiden_18.jpg\",\"datePublished\":\"2021-11-10T10:04:12+00:00\",\"dateModified\":\"2021-11-12T16:47:35+00:00\",\"breadcrumb\":{\"@id\":\"https:\\\/\\\/klauskunze.com\\\/blog\\\/2021\\\/11\\\/10\\\/wolle-mer-se-neilasse\\\/#breadcrumb\"},\"inLanguage\":\"de\",\"potentialAction\":[{\"@type\":\"ReadAction\",\"target\":[\"https:\\\/\\\/klauskunze.com\\\/blog\\\/2021\\\/11\\\/10\\\/wolle-mer-se-neilasse\\\/\"]}]},{\"@type\":\"ImageObject\",\"inLanguage\":\"de\",\"@id\":\"https:\\\/\\\/klauskunze.com\\\/blog\\\/2021\\\/11\\\/10\\\/wolle-mer-se-neilasse\\\/#primaryimage\",\"url\":\"https:\\\/\\\/klauskunze.com\\\/blog\\\/wp-content\\\/uploads\\\/2021\\\/11\\\/Zuschneiden_18.jpg\",\"contentUrl\":\"https:\\\/\\\/klauskunze.com\\\/blog\\\/wp-content\\\/uploads\\\/2021\\\/11\\\/Zuschneiden_18.jpg\",\"width\":1797,\"height\":1024},{\"@type\":\"BreadcrumbList\",\"@id\":\"https:\\\/\\\/klauskunze.com\\\/blog\\\/2021\\\/11\\\/10\\\/wolle-mer-se-neilasse\\\/#breadcrumb\",\"itemListElement\":[{\"@type\":\"ListItem\",\"position\":1,\"name\":\"Startseite\",\"item\":\"https:\\\/\\\/klauskunze.com\\\/blog\\\/\"},{\"@type\":\"ListItem\",\"position\":2,\"name\":\"&#8222;Wolle mer se neilasse?&#8220;\"}]},{\"@type\":\"WebSite\",\"@id\":\"https:\\\/\\\/klauskunze.com\\\/blog\\\/#website\",\"url\":\"https:\\\/\\\/klauskunze.com\\\/blog\\\/\",\"name\":\"Klaus Kunze\",\"description\":\"Blog\",\"publisher\":{\"@id\":\"https:\\\/\\\/klauskunze.com\\\/blog\\\/#\\\/schema\\\/person\\\/9c091cf30ab68b897db6a517e3c3b11b\"},\"potentialAction\":[{\"@type\":\"SearchAction\",\"target\":{\"@type\":\"EntryPoint\",\"urlTemplate\":\"https:\\\/\\\/klauskunze.com\\\/blog\\\/?s={search_term_string}\"},\"query-input\":{\"@type\":\"PropertyValueSpecification\",\"valueRequired\":true,\"valueName\":\"search_term_string\"}}],\"inLanguage\":\"de\"},{\"@type\":[\"Person\",\"Organization\"],\"@id\":\"https:\\\/\\\/klauskunze.com\\\/blog\\\/#\\\/schema\\\/person\\\/9c091cf30ab68b897db6a517e3c3b11b\",\"name\":\"Klaus Kunze\",\"image\":{\"@type\":\"ImageObject\",\"inLanguage\":\"de\",\"@id\":\"https:\\\/\\\/secure.gravatar.com\\\/avatar\\\/5cd83cadbada9c331a79952fcca177ed3d3be4c7ad3239b9d934bf84adff15dd?s=96&d=blank&r=g\",\"url\":\"https:\\\/\\\/secure.gravatar.com\\\/avatar\\\/5cd83cadbada9c331a79952fcca177ed3d3be4c7ad3239b9d934bf84adff15dd?s=96&d=blank&r=g\",\"contentUrl\":\"https:\\\/\\\/secure.gravatar.com\\\/avatar\\\/5cd83cadbada9c331a79952fcca177ed3d3be4c7ad3239b9d934bf84adff15dd?s=96&d=blank&r=g\",\"caption\":\"Klaus Kunze\"},\"logo\":{\"@id\":\"https:\\\/\\\/secure.gravatar.com\\\/avatar\\\/5cd83cadbada9c331a79952fcca177ed3d3be4c7ad3239b9d934bf84adff15dd?s=96&d=blank&r=g\"},\"sameAs\":[\"http:\\\/\\\/KlausKunze.com\",\"https:\\\/\\\/x.com\\\/https:\\\/\\\/twitter.com\\\/KlausKunze3\"]}]}<\/script>\n<!-- \/ Yoast SEO plugin. -->","yoast_head_json":{"title":"\"Wolle mer se neilasse?\" - Klaus Kunze","robots":{"index":"index","follow":"follow","max-snippet":"max-snippet:-1","max-image-preview":"max-image-preview:large","max-video-preview":"max-video-preview:-1"},"canonical":"https:\/\/klauskunze.com\/blog\/2021\/11\/10\/wolle-mer-se-neilasse\/","og_locale":"de_DE","og_type":"article","og_title":"\"Wolle mer se neilasse?\" - Klaus Kunze","og_description":"Die unheilige Allianz Als in Mainz einst noch gesungen und gelacht wurde, fragte der Karnevalspr\u00e4sident das Publikum vor dem Auftritt von Karnevalisten: &#8222;Wolle mer se neilasse?&#8220; Das ist lange her. Heute ist uns das Lachen vergangen, denn wir werden nicht mehr gefragt, ob und wen wir reinlassen wollen. &#8222;Jetzt sind sie nun mal da&#8220;, hatte [&hellip;]","og_url":"https:\/\/klauskunze.com\/blog\/2021\/11\/10\/wolle-mer-se-neilasse\/","og_site_name":"Klaus Kunze","article_published_time":"2021-11-10T10:04:12+00:00","article_modified_time":"2021-11-12T16:47:35+00:00","og_image":[{"width":1797,"height":1024,"url":"https:\/\/klauskunze.com\/blog\/wp-content\/uploads\/2021\/11\/Zuschneiden_18.jpg","type":"image\/jpeg"}],"author":"Klaus Kunze","twitter_misc":{"Verfasst von":"Klaus Kunze","Gesch\u00e4tzte Lesezeit":"6\u00a0Minuten"},"schema":{"@context":"https:\/\/schema.org","@graph":[{"@type":"Article","@id":"https:\/\/klauskunze.com\/blog\/2021\/11\/10\/wolle-mer-se-neilasse\/#article","isPartOf":{"@id":"https:\/\/klauskunze.com\/blog\/2021\/11\/10\/wolle-mer-se-neilasse\/"},"author":{"name":"Klaus Kunze","@id":"https:\/\/klauskunze.com\/blog\/#\/schema\/person\/9c091cf30ab68b897db6a517e3c3b11b"},"headline":"&#8222;Wolle mer se neilasse?&#8220;","datePublished":"2021-11-10T10:04:12+00:00","dateModified":"2021-11-12T16:47:35+00:00","mainEntityOfPage":{"@id":"https:\/\/klauskunze.com\/blog\/2021\/11\/10\/wolle-mer-se-neilasse\/"},"wordCount":1397,"commentCount":1,"publisher":{"@id":"https:\/\/klauskunze.com\/blog\/#\/schema\/person\/9c091cf30ab68b897db6a517e3c3b11b"},"image":{"@id":"https:\/\/klauskunze.com\/blog\/2021\/11\/10\/wolle-mer-se-neilasse\/#primaryimage"},"thumbnailUrl":"https:\/\/klauskunze.com\/blog\/wp-content\/uploads\/2021\/11\/Zuschneiden_18.jpg","articleSection":{"1":"Juristisches","2":"Politik"},"inLanguage":"de","potentialAction":[{"@type":"CommentAction","name":"Comment","target":["https:\/\/klauskunze.com\/blog\/2021\/11\/10\/wolle-mer-se-neilasse\/#respond"]}]},{"@type":"WebPage","@id":"https:\/\/klauskunze.com\/blog\/2021\/11\/10\/wolle-mer-se-neilasse\/","url":"https:\/\/klauskunze.com\/blog\/2021\/11\/10\/wolle-mer-se-neilasse\/","name":"\"Wolle mer se neilasse?\" - Klaus Kunze","isPartOf":{"@id":"https:\/\/klauskunze.com\/blog\/#website"},"primaryImageOfPage":{"@id":"https:\/\/klauskunze.com\/blog\/2021\/11\/10\/wolle-mer-se-neilasse\/#primaryimage"},"image":{"@id":"https:\/\/klauskunze.com\/blog\/2021\/11\/10\/wolle-mer-se-neilasse\/#primaryimage"},"thumbnailUrl":"https:\/\/klauskunze.com\/blog\/wp-content\/uploads\/2021\/11\/Zuschneiden_18.jpg","datePublished":"2021-11-10T10:04:12+00:00","dateModified":"2021-11-12T16:47:35+00:00","breadcrumb":{"@id":"https:\/\/klauskunze.com\/blog\/2021\/11\/10\/wolle-mer-se-neilasse\/#breadcrumb"},"inLanguage":"de","potentialAction":[{"@type":"ReadAction","target":["https:\/\/klauskunze.com\/blog\/2021\/11\/10\/wolle-mer-se-neilasse\/"]}]},{"@type":"ImageObject","inLanguage":"de","@id":"https:\/\/klauskunze.com\/blog\/2021\/11\/10\/wolle-mer-se-neilasse\/#primaryimage","url":"https:\/\/klauskunze.com\/blog\/wp-content\/uploads\/2021\/11\/Zuschneiden_18.jpg","contentUrl":"https:\/\/klauskunze.com\/blog\/wp-content\/uploads\/2021\/11\/Zuschneiden_18.jpg","width":1797,"height":1024},{"@type":"BreadcrumbList","@id":"https:\/\/klauskunze.com\/blog\/2021\/11\/10\/wolle-mer-se-neilasse\/#breadcrumb","itemListElement":[{"@type":"ListItem","position":1,"name":"Startseite","item":"https:\/\/klauskunze.com\/blog\/"},{"@type":"ListItem","position":2,"name":"&#8222;Wolle mer se neilasse?&#8220;"}]},{"@type":"WebSite","@id":"https:\/\/klauskunze.com\/blog\/#website","url":"https:\/\/klauskunze.com\/blog\/","name":"Klaus Kunze","description":"Blog","publisher":{"@id":"https:\/\/klauskunze.com\/blog\/#\/schema\/person\/9c091cf30ab68b897db6a517e3c3b11b"},"potentialAction":[{"@type":"SearchAction","target":{"@type":"EntryPoint","urlTemplate":"https:\/\/klauskunze.com\/blog\/?s={search_term_string}"},"query-input":{"@type":"PropertyValueSpecification","valueRequired":true,"valueName":"search_term_string"}}],"inLanguage":"de"},{"@type":["Person","Organization"],"@id":"https:\/\/klauskunze.com\/blog\/#\/schema\/person\/9c091cf30ab68b897db6a517e3c3b11b","name":"Klaus Kunze","image":{"@type":"ImageObject","inLanguage":"de","@id":"https:\/\/secure.gravatar.com\/avatar\/5cd83cadbada9c331a79952fcca177ed3d3be4c7ad3239b9d934bf84adff15dd?s=96&d=blank&r=g","url":"https:\/\/secure.gravatar.com\/avatar\/5cd83cadbada9c331a79952fcca177ed3d3be4c7ad3239b9d934bf84adff15dd?s=96&d=blank&r=g","contentUrl":"https:\/\/secure.gravatar.com\/avatar\/5cd83cadbada9c331a79952fcca177ed3d3be4c7ad3239b9d934bf84adff15dd?s=96&d=blank&r=g","caption":"Klaus Kunze"},"logo":{"@id":"https:\/\/secure.gravatar.com\/avatar\/5cd83cadbada9c331a79952fcca177ed3d3be4c7ad3239b9d934bf84adff15dd?s=96&d=blank&r=g"},"sameAs":["http:\/\/KlausKunze.com","https:\/\/x.com\/https:\/\/twitter.com\/KlausKunze3"]}]}},"post_mailing_queue_ids":[],"_links":{"self":[{"href":"https:\/\/klauskunze.com\/blog\/wp-json\/wp\/v2\/posts\/4264","targetHints":{"allow":["GET"]}}],"collection":[{"href":"https:\/\/klauskunze.com\/blog\/wp-json\/wp\/v2\/posts"}],"about":[{"href":"https:\/\/klauskunze.com\/blog\/wp-json\/wp\/v2\/types\/post"}],"author":[{"embeddable":true,"href":"https:\/\/klauskunze.com\/blog\/wp-json\/wp\/v2\/users\/1"}],"replies":[{"embeddable":true,"href":"https:\/\/klauskunze.com\/blog\/wp-json\/wp\/v2\/comments?post=4264"}],"version-history":[{"count":10,"href":"https:\/\/klauskunze.com\/blog\/wp-json\/wp\/v2\/posts\/4264\/revisions"}],"predecessor-version":[{"id":4280,"href":"https:\/\/klauskunze.com\/blog\/wp-json\/wp\/v2\/posts\/4264\/revisions\/4280"}],"wp:featuredmedia":[{"embeddable":true,"href":"https:\/\/klauskunze.com\/blog\/wp-json\/wp\/v2\/media\/4273"}],"wp:attachment":[{"href":"https:\/\/klauskunze.com\/blog\/wp-json\/wp\/v2\/media?parent=4264"}],"wp:term":[{"taxonomy":"category","embeddable":true,"href":"https:\/\/klauskunze.com\/blog\/wp-json\/wp\/v2\/categories?post=4264"},{"taxonomy":"post_tag","embeddable":true,"href":"https:\/\/klauskunze.com\/blog\/wp-json\/wp\/v2\/tags?post=4264"}],"curies":[{"name":"wp","href":"https:\/\/api.w.org\/{rel}","templated":true}]}}