{"id":4281,"date":"2021-11-15T16:36:31","date_gmt":"2021-11-15T15:36:31","guid":{"rendered":"http:\/\/klauskunze.com\/blog\/?p=4281"},"modified":"2021-11-18T14:53:26","modified_gmt":"2021-11-18T13:53:26","slug":"die-not-von-volk-und-staat","status":"publish","type":"post","link":"https:\/\/klauskunze.com\/blog\/2021\/11\/15\/die-not-von-volk-und-staat\/","title":{"rendered":"Die Not von Volk und Staat"},"content":{"rendered":"\n<p>Zweifellos befinden sich unser Volk und Staat in Not. Da\u00df die Epoche der Staatlichkeit zuende geht, hatte der scharfsinnige Analytiker Carl Schmitt schon vor rund 90 Jahren geschrieben. Auch<\/p>\n\n\n\n<blockquote class=\"wp-block-quote is-layout-flow wp-block-quote-is-layout-flow\"><p>das Volk hat seine Rolle als Tr\u00e4ger sozial und politisch bedeutsamer Funktionen eingeb\u00fc\u00dft. Es ist funktionslos geworden.<a href=\"#_ftn1\">[1]<\/a><\/p><cite> Winfried Kn\u00f6rzer, Farben der Macht, 2021, ISBN 978-3-938176-90-0., S.188<\/cite><\/blockquote>\n\n\n\n<p>Seine Funktion im gesellschaftlichen Gef\u00fcge hatte darin bestanden, da\u00df Menschengruppen ihre gemeinsamen Interessen unter Berufung auf das Volk geltend gemacht hatten. So wei\u00df es die Soziologie. Sie nimmt Werte und Ideologien nicht zum Nennwert, sondern fragt danach, warum Menschen in ihrem jeweiligen Namen Interessen durchzusetzen suchen.<\/p>\n\n\n\n<h2 class=\"wp-block-heading\">Die Soziologie &#8211; Magd oder Herrin?<\/h2>\n\n\n\n<p>Auf die Einsichten der Soziologie als Magd der Geschichtsschreibung m\u00f6gen wir nicht mehr verzichten. F\u00fcr ein politikwissenschaftliches Verst\u00e4ndnis unserer Gegenwart ist sie essentiell. Doch wehe, wenn die Dienerin nach der Herrschaft \u00fcber alle Diskurse greift! Dann kollidiert sie heftig mit den Geltungsanspr\u00fcchen anderer Disziplinen.<\/p>\n\n\n\n<p>Auch das ist eine soziologische Erkenntnis: Selbst wenn sie wissenschaftliche Theorien aufstellen, artikulieren Menschengruppen Machtanspr\u00fcche. Bei anderen dr\u00fcckt sich der unbedingte Wille zur Macht und zur Selbstbehauptung in existentiellerer Form aus als im Bilden von Hypothesen. Soziologen aber sind Meister darin, Hypothesen zu bilden und Kausalzusammenh\u00e4nge aufzuzeigen, die oft nur f\u00fcr andere Soziologen verst\u00e4ndlich sind. Sie sind allzeit bereit,<\/p>\n\n\n\n<blockquote class=\"wp-block-quote is-layout-flow wp-block-quote-is-layout-flow\"><p>aus dem eigenen Geschmack eine mehr oder weniger umfassende Theorie von der Welt und dem Menschen zu machen\u2026 Es ist h\u00f6chst ratsam, dies zu tun, wenn man sch am Spiel des sozalen Machtkampfes beteiligen will.<a href=\"#_ftn2\">[2]<\/a><\/p><cite> Panajotis Kondylis, Macht und Entscheidung, 1984, S.12 <\/cite><\/blockquote>\n\n\n\n<p>Die Soziologie als Methode kann dem sozialen Machtehrgeiz dienen wie jedes andere Gedankengeb\u00e4ude. Theoretiker erheben und befriedigen ihre Machtanspr\u00fcche vornehmlich durch das Entwerfen von Theorien.<a href=\"#_ftn3\">[3]<\/a> Folgte die Welt nachweislich nur den soziologisch nachgewiesenen Gesetzlichkeiten, w\u00fcchse den Soziologen ein gesellschaftlicher Machtgewinn zu. Man will herrschen, nicht dienen.<\/p>\n\n\n\n<p>Aus Sicht von Politik und Geschichtsschreibung spielt die Soziologie die dienende Rolle einer Hilfswissenschaft. Einst hatte man die Philosophie f\u00fcr eine blo\u00dfe <em>ancilla theologiae<\/em> gehalten, eine Magd der Theologie. Die damalige Magd hat sich unterdessen zur Herrin aufgeschwungen und l\u00e4chelt milde \u00fcber die alten Theologen und Scholastiker.<\/p>\n\n\n\n<h2 class=\"wp-block-heading\">Die Eliten zirkulieren &#8211; sie haben nichts anderes zu tun<\/h2>\n\n\n\n<p>Soziologie durchschaut das wuselnde Getriebe des gesellschaftlichen Auf und Ab und erkl\u00e4rt uns die geheimnisvolle Funktionsweise und Wichtigkeit der Elitenzirkulation. Diese ist in einer modernen Gesellschaft h\u00f6chst n\u00f6tig. Hat nicht der Zusammenbruch des Ostblocks mit seiner vergreisten Parteielite bewiesen, da\u00df alle Anpassung an ge\u00e4nderte Verh\u00e4ltnisse regelm\u00e4\u00dfig des personellen Wechsels bedarf?<\/p>\n\n\n\n<p>Zu den essentiellen Bed\u00fcrfnissen auch unseres Staates z\u00e4hlt man seit seiner Gr\u00fcndung die Forderung nach einer \u201eoffenen Gesellschaft\u201c, offen n\u00e4mlich f\u00fcr st\u00e4ndigen Auf- und Abstieg. Die Soziologie verliert aber kein Wort, ob jede Methode, den Aufstieg zu erzwingen, unserem Volk und Staat n\u00fctzt. Ihre Perspektive ist rein innergesellschaftlich. So wie ein Herz- und Kreislaufspezialist uns dar\u00fcber aufkl\u00e4ren kann, wie wichtig die Blutzirkulation ist, fragt der Soziologe nach der Elitenzirkulation. Ob das Blut aber einmal eingedrungene Giftstoffe durch den Kreislauf bef\u00f6rdert, geh\u00f6rt nicht zum Fach.<\/p>\n\n\n\n<p>Und da\u00df die Methoden des Elitenkampfes geeignet sein k\u00f6nnen, Staat und Volkes als Ganzes zu gef\u00e4hrden, vermag die Soziologie wohl wahrzunehmen. Es ist aber ein politisches und damit nicht ihr Problem. Winfried Kn\u00f6rzer thematisiert in seiner neu erschienenen Aufsatzsammlung eingehend die Political Correctness. Soziologisch fungiert sie als Brechstange, mit der vornehmlich Angeh\u00f6rige der Mittelschicht in die Oberschicht vordringen.<\/p>\n\n\n\n<blockquote class=\"wp-block-quote is-layout-flow wp-block-quote-is-layout-flow\"><p>Das von den Aufsteigern importierte Sprachspiel der\u00a0 Political Correctness transportiert in seinem ideologischen Gehalt die Machtanspr\u00fcche bislang von der gesellschaftlichen Teilhabe ausgeschlossener Gruppen. Dieser ideologische Diskurs wiederum reflektiert die realen Ver\u00e4nderungen an der sozialen Basis. Das Sprachspiel stellt die Mitspieler auf die Probe, ob sie bereit sind, die realen Ver\u00e4nderungen durch die Akzeptierung ihrer symbolischen Vermittlung in Form des Political-Correctness-Diskurses anzuerkennen. Wer seine Zustimmung verweigert und damit den f\u00fcr die Aufrechterhaltung der gesellschaftlichen Dynamik erforderlichen Ver\u00e4nderungswillen vermissen l\u00e4\u00dft, wird als Auslaufmodell aussortiert. Political Correctness hat also gesamtgesellschaftlich die Funktion, mittels Elitenzirkulation der an sich ver\u00e4nderungsresistenten Oberschicht die Anpassung an die gesellschaftlichen Ver\u00e4nderungen aufzuzwingen.<a href=\"#_ftn4\">[4]<\/a><\/p><cite> Winfried Kn\u00f6rzer, Farben der Macht, 2021, S.117 <\/cite><\/blockquote>\n\n\n\n<p>Aus soziologischer Perspektive ist gegen diese Analyse nicht einzuwenden. Auch gegen eine n\u00f6tige Bluttransfusion wendet ein Arzt nichts ein. Spendet man aber die falsche Blutgruppe &#8211; wehe dem Patienten!<\/p>\n\n\n\n<h2 class=\"wp-block-heading\">Die Selbstzerst\u00f6rung von Volk und Staat<\/h2>\n\n\n\n<p>Die Funktionsweisen des gesellschaftlichen Machtkampfes mu\u00df man kennen. Der Beitrag der Soziologie ist zum Verst\u00e4ndnis unverzichtbar. Winfried Kn\u00f6rzer hat mit seinem neuen Buch transparent gemacht, welche soziologischen Faktoren zu unserer Selbstzerst\u00f6rung als Volk und zur Abdankung unseres Staates f\u00fchren.<\/p>\n\n\n\n<figure class=\"wp-block-image size-large\"><a href=\"https:\/\/lindenbaum-verlag.de\/produkt\/farben-der-macht-der-rechte-blick-auf-die-gesellschaft-der-gleichen-winfried-knoerzer\/\"><img loading=\"lazy\" decoding=\"async\" width=\"731\" height=\"1024\" src=\"http:\/\/klauskunze.com\/blog\/wp-content\/uploads\/2021\/11\/farben-der-macht-318922963-731x1024.jpg\" alt=\"\" class=\"wp-image-4286\" srcset=\"https:\/\/klauskunze.com\/blog\/wp-content\/uploads\/2021\/11\/farben-der-macht-318922963-731x1024.jpg 731w, https:\/\/klauskunze.com\/blog\/wp-content\/uploads\/2021\/11\/farben-der-macht-318922963-214x300.jpg 214w, https:\/\/klauskunze.com\/blog\/wp-content\/uploads\/2021\/11\/farben-der-macht-318922963.jpg 750w\" sizes=\"auto, (max-width: 731px) 100vw, 731px\" \/><\/a><\/figure>\n\n\n\n<p>Er stimmt dabei kein konservatives Klagelied dar\u00fcber an, da\u00df der seit \u00fcber hundert Jahren andauernde Geburtenschwund uns zum Verschwinden bringt. Er erkl\u00e4rt Gr\u00fcnde und Ursachenzusammenh\u00e4nge. Er beklagt nicht die Erosion des Rechts und seine Aufweichung durch moralisierende Zumutungen: Er zeigt auf, warum neben das Recht \u201edie Moral als zweite Orientierungsschiene\u201c eingezogen ist.<\/p>\n\n\n\n<blockquote class=\"wp-block-quote is-layout-flow wp-block-quote-is-layout-flow\"><p>Damit aber die Legitimit\u00e4t von Moral zumindest partiell und tempor\u00e4r das normative Legitimit\u00e4tsmonopol der Rechtsordnung ausstechen kann, mu\u00df der legitimatorischen Kraft der Moral ein zus\u00e4tzlicher legitimationsschub verliehen werden. Dieser erfolgt durch die die Gesellschaft durchdringende Hypermoral, deren \u00fcberschie\u00dfende Kraft den urspr\u00fcnglich dem Moralischen zugewiesenen Bereich \u00fcberschreitet und ins Rechtliche ausstrahlt. Das urspr\u00fcngliche Legitimationsmonopol der Rechtsordnung pa\u00dft aufgrund seiner Starrheit nicht mehr in die auf Flexibilit\u00e4t angewiesene, extrem dynamisierte postmoderne Gesellschaft.<a href=\"#_ftn5\">[5]<\/a><\/p><cite>  Winfried Kn\u00f6rzer, Farben der Macht, 2021, S.162. <\/cite><\/blockquote>\n\n\n\n<p>Mit dieser Analyse tritt aber nur eine Problemverlagerung ein. Das soziologische Erkenntnisproblem ist gel\u00f6st. Doch soll das alles sein? Die Soziologie analysiert nur und trifft keine Sollensaussagen. Sie verkneift sich an dieser Stelle die Antwort: Wenn die \u201eauf Flexibilit\u00e4t angewiesene, extrem dynamisierte postmoderne Gesellschaft\u201c das Problem ist und wir uns in ihr selbst abschaffen, sollten wir sie nicht besser durch etwas anderes ersetzen, das uns bessere Chancen auf unseren Selbsterhalt bietet?<\/p>\n\n\n\n<p>Das w\u00e4re eine souver\u00e4ne Entscheidung, die ein demokratisch verfa\u00dftes Volk treffen k\u00f6nnte. Solange sich jeder aber nur als Individuum definiert, w\u00e4chst dem deutschen Volk als Ganzem ein solcher Wille nicht zu. Wer sollte ihn auch artikulieren? Die Sprachrohre der Mediengesellschaft befinden sich weitgehend in der Hand postmoderner Eliten, die weder dem deutschen Volk noch unserem Staat irgendeinen Wert beimessen. Kn\u00f6rzer setzt fort:<\/p>\n\n\n\n<blockquote class=\"wp-block-quote is-layout-flow wp-block-quote-is-layout-flow\"><p>Das bedeutet dann auch, da\u00df gesellschaftliche Kr\u00e4fte, die stark genug sind, die Moral ihren Intentionen gem\u00e4\u00df zu modeln und damit an den formalen Verfahren vorbei Normen zu setzen, bestimmen k\u00f6nnen, was als legitim und was als illegitim anerkannt wird. <a href=\"#_ftn6\">[6]<\/a><\/p><\/blockquote>\n\n\n\n<p>In den gro\u00dfen Momente des Politischen sieht man jemandem ins Auge und erkennt ihn als Feind.<a href=\"#_ftn7\">[7]<\/a> Als Magd des Politischen \u00f6ffnet die Soziologie uns die Augen und l\u00e4\u00dft uns die Waffen und Methoden durchschauen, die von Feinden unserer Existenz<a href=\"#_ftn8\">[8]<\/a> gegen uns gef\u00fchrt werden.<\/p>\n\n\n\n<p>Damit schafft sie eine erste Voraussetzung f\u00fcr Gegenwehr.<\/p>\n\n\n\n<hr class=\"wp-block-separator\"\/>\n\n\n\n<p><a href=\"#_ftnref1\">[1]<\/a> Winfried Kn\u00f6rzer, Farben der Macht, 2021, ISBN 978-3-938176-90-0, S.188<\/p>\n\n\n\n<p><a href=\"#_ftnref2\">[2]<\/a> Panajotis Kondylis, Macht und Entscheidung, 1984, S.128.<\/p>\n\n\n\n<p><a href=\"#_ftnref3\">[3]<\/a> Panajotis Kondylis, Macht und Entscheidung, 1984, S.111 f.<\/p>\n\n\n\n<p><a href=\"#_ftnref4\">[4]<\/a> Winfried Kn\u00f6rzer, Farben der Macht, 2021, S.117.<\/p>\n\n\n\n<p><a href=\"#_ftnref5\">[5]<\/a> Winfried Kn\u00f6rzer, Farben der Macht, 2021, S.162.<\/p>\n\n\n\n<p><a href=\"#_ftnref6\">[6]<\/a> Winfried Kn\u00f6rzer, Farben der Macht, 2021, S.162.<\/p>\n\n\n\n<p><a href=\"#_ftnref7\">[7]<\/a> Carl Schmitt, Der Begriff des Politischen, S.67.<\/p>\n\n\n\n<p><a href=\"#_ftnref8\">[8]<\/a> Carl Schmitt, Der Begriff des Politischen, S.27.<\/p>\n","protected":false},"excerpt":{"rendered":"<p>Zweifellos befinden sich unser Volk und Staat in Not. Da\u00df die Epoche der Staatlichkeit zuende geht, hatte der scharfsinnige Analytiker Carl Schmitt schon vor rund 90 Jahren geschrieben. Auch das Volk hat seine Rolle als Tr\u00e4ger sozial und politisch bedeutsamer Funktionen eingeb\u00fc\u00dft. Es ist funktionslos geworden.[1] Winfried Kn\u00f6rzer, Farben der Macht, 2021, ISBN 978-3-938176-90-0., S.188 [&hellip;]<\/p>\n","protected":false},"author":1,"featured_media":4285,"comment_status":"open","ping_status":"open","sticky":false,"template":"","format":"standard","meta":{"h5ap_radio_sources":[],"twitterCardType":"","cardImageID":0,"cardImage":"","cardTitle":"","cardDesc":"","cardImageAlt":"","cardPlayer":"","cardPlayerWidth":0,"cardPlayerHeight":0,"cardPlayerStream":"","cardPlayerCodec":"","footnotes":""},"categories":[1,17],"tags":[],"class_list":["post-4281","post","type-post","status-publish","format-standard","has-post-thumbnail","hentry","category-allgemein","category-politik"],"yoast_head":"<!-- This site is optimized with the Yoast SEO plugin v27.5 - https:\/\/yoast.com\/product\/yoast-seo-wordpress\/ -->\n<title>Die Not von Volk und Staat - Klaus Kunze<\/title>\n<meta name=\"robots\" content=\"index, follow, max-snippet:-1, max-image-preview:large, max-video-preview:-1\" \/>\n<link rel=\"canonical\" href=\"https:\/\/klauskunze.com\/blog\/2021\/11\/15\/die-not-von-volk-und-staat\/\" \/>\n<meta property=\"og:locale\" content=\"de_DE\" \/>\n<meta property=\"og:type\" content=\"article\" \/>\n<meta property=\"og:title\" content=\"Die Not von Volk und Staat - Klaus Kunze\" \/>\n<meta property=\"og:description\" content=\"Zweifellos befinden sich unser Volk und Staat in Not. Da\u00df die Epoche der Staatlichkeit zuende geht, hatte der scharfsinnige Analytiker Carl Schmitt schon vor rund 90 Jahren geschrieben. Auch das Volk hat seine Rolle als Tr\u00e4ger sozial und politisch bedeutsamer Funktionen eingeb\u00fc\u00dft. Es ist funktionslos geworden.[1] Winfried Kn\u00f6rzer, Farben der Macht, 2021, ISBN 978-3-938176-90-0., S.188 [&hellip;]\" \/>\n<meta property=\"og:url\" content=\"https:\/\/klauskunze.com\/blog\/2021\/11\/15\/die-not-von-volk-und-staat\/\" \/>\n<meta property=\"og:site_name\" content=\"Klaus Kunze\" \/>\n<meta property=\"article:published_time\" content=\"2021-11-15T15:36:31+00:00\" \/>\n<meta property=\"article:modified_time\" content=\"2021-11-18T13:53:26+00:00\" \/>\n<meta property=\"og:image\" content=\"https:\/\/klauskunze.com\/blog\/wp-content\/uploads\/2021\/11\/farben-der-macht-318922963a.jpg\" \/>\n\t<meta property=\"og:image:width\" content=\"639\" \/>\n\t<meta property=\"og:image:height\" content=\"461\" \/>\n\t<meta property=\"og:image:type\" content=\"image\/jpeg\" \/>\n<meta name=\"author\" content=\"Klaus Kunze\" \/>\n<meta name=\"twitter:label1\" content=\"Verfasst von\" \/>\n\t<meta name=\"twitter:data1\" content=\"Klaus Kunze\" \/>\n\t<meta name=\"twitter:label2\" content=\"Gesch\u00e4tzte Lesezeit\" \/>\n\t<meta name=\"twitter:data2\" content=\"6\u00a0Minuten\" \/>\n<script type=\"application\/ld+json\" class=\"yoast-schema-graph\">{\"@context\":\"https:\\\/\\\/schema.org\",\"@graph\":[{\"@type\":\"Article\",\"@id\":\"https:\\\/\\\/klauskunze.com\\\/blog\\\/2021\\\/11\\\/15\\\/die-not-von-volk-und-staat\\\/#article\",\"isPartOf\":{\"@id\":\"https:\\\/\\\/klauskunze.com\\\/blog\\\/2021\\\/11\\\/15\\\/die-not-von-volk-und-staat\\\/\"},\"author\":{\"name\":\"Klaus Kunze\",\"@id\":\"https:\\\/\\\/klauskunze.com\\\/blog\\\/#\\\/schema\\\/person\\\/9c091cf30ab68b897db6a517e3c3b11b\"},\"headline\":\"Die Not von Volk und Staat\",\"datePublished\":\"2021-11-15T15:36:31+00:00\",\"dateModified\":\"2021-11-18T13:53:26+00:00\",\"mainEntityOfPage\":{\"@id\":\"https:\\\/\\\/klauskunze.com\\\/blog\\\/2021\\\/11\\\/15\\\/die-not-von-volk-und-staat\\\/\"},\"wordCount\":1231,\"commentCount\":0,\"publisher\":{\"@id\":\"https:\\\/\\\/klauskunze.com\\\/blog\\\/#\\\/schema\\\/person\\\/9c091cf30ab68b897db6a517e3c3b11b\"},\"image\":{\"@id\":\"https:\\\/\\\/klauskunze.com\\\/blog\\\/2021\\\/11\\\/15\\\/die-not-von-volk-und-staat\\\/#primaryimage\"},\"thumbnailUrl\":\"https:\\\/\\\/klauskunze.com\\\/blog\\\/wp-content\\\/uploads\\\/2021\\\/11\\\/farben-der-macht-318922963a.jpg\",\"articleSection\":{\"1\":\"Politik\"},\"inLanguage\":\"de\",\"potentialAction\":[{\"@type\":\"CommentAction\",\"name\":\"Comment\",\"target\":[\"https:\\\/\\\/klauskunze.com\\\/blog\\\/2021\\\/11\\\/15\\\/die-not-von-volk-und-staat\\\/#respond\"]}]},{\"@type\":\"WebPage\",\"@id\":\"https:\\\/\\\/klauskunze.com\\\/blog\\\/2021\\\/11\\\/15\\\/die-not-von-volk-und-staat\\\/\",\"url\":\"https:\\\/\\\/klauskunze.com\\\/blog\\\/2021\\\/11\\\/15\\\/die-not-von-volk-und-staat\\\/\",\"name\":\"Die Not von Volk und Staat - Klaus Kunze\",\"isPartOf\":{\"@id\":\"https:\\\/\\\/klauskunze.com\\\/blog\\\/#website\"},\"primaryImageOfPage\":{\"@id\":\"https:\\\/\\\/klauskunze.com\\\/blog\\\/2021\\\/11\\\/15\\\/die-not-von-volk-und-staat\\\/#primaryimage\"},\"image\":{\"@id\":\"https:\\\/\\\/klauskunze.com\\\/blog\\\/2021\\\/11\\\/15\\\/die-not-von-volk-und-staat\\\/#primaryimage\"},\"thumbnailUrl\":\"https:\\\/\\\/klauskunze.com\\\/blog\\\/wp-content\\\/uploads\\\/2021\\\/11\\\/farben-der-macht-318922963a.jpg\",\"datePublished\":\"2021-11-15T15:36:31+00:00\",\"dateModified\":\"2021-11-18T13:53:26+00:00\",\"breadcrumb\":{\"@id\":\"https:\\\/\\\/klauskunze.com\\\/blog\\\/2021\\\/11\\\/15\\\/die-not-von-volk-und-staat\\\/#breadcrumb\"},\"inLanguage\":\"de\",\"potentialAction\":[{\"@type\":\"ReadAction\",\"target\":[\"https:\\\/\\\/klauskunze.com\\\/blog\\\/2021\\\/11\\\/15\\\/die-not-von-volk-und-staat\\\/\"]}]},{\"@type\":\"ImageObject\",\"inLanguage\":\"de\",\"@id\":\"https:\\\/\\\/klauskunze.com\\\/blog\\\/2021\\\/11\\\/15\\\/die-not-von-volk-und-staat\\\/#primaryimage\",\"url\":\"https:\\\/\\\/klauskunze.com\\\/blog\\\/wp-content\\\/uploads\\\/2021\\\/11\\\/farben-der-macht-318922963a.jpg\",\"contentUrl\":\"https:\\\/\\\/klauskunze.com\\\/blog\\\/wp-content\\\/uploads\\\/2021\\\/11\\\/farben-der-macht-318922963a.jpg\",\"width\":639,\"height\":461},{\"@type\":\"BreadcrumbList\",\"@id\":\"https:\\\/\\\/klauskunze.com\\\/blog\\\/2021\\\/11\\\/15\\\/die-not-von-volk-und-staat\\\/#breadcrumb\",\"itemListElement\":[{\"@type\":\"ListItem\",\"position\":1,\"name\":\"Startseite\",\"item\":\"https:\\\/\\\/klauskunze.com\\\/blog\\\/\"},{\"@type\":\"ListItem\",\"position\":2,\"name\":\"Die Not von Volk und Staat\"}]},{\"@type\":\"WebSite\",\"@id\":\"https:\\\/\\\/klauskunze.com\\\/blog\\\/#website\",\"url\":\"https:\\\/\\\/klauskunze.com\\\/blog\\\/\",\"name\":\"Klaus Kunze\",\"description\":\"Blog\",\"publisher\":{\"@id\":\"https:\\\/\\\/klauskunze.com\\\/blog\\\/#\\\/schema\\\/person\\\/9c091cf30ab68b897db6a517e3c3b11b\"},\"potentialAction\":[{\"@type\":\"SearchAction\",\"target\":{\"@type\":\"EntryPoint\",\"urlTemplate\":\"https:\\\/\\\/klauskunze.com\\\/blog\\\/?s={search_term_string}\"},\"query-input\":{\"@type\":\"PropertyValueSpecification\",\"valueRequired\":true,\"valueName\":\"search_term_string\"}}],\"inLanguage\":\"de\"},{\"@type\":[\"Person\",\"Organization\"],\"@id\":\"https:\\\/\\\/klauskunze.com\\\/blog\\\/#\\\/schema\\\/person\\\/9c091cf30ab68b897db6a517e3c3b11b\",\"name\":\"Klaus Kunze\",\"image\":{\"@type\":\"ImageObject\",\"inLanguage\":\"de\",\"@id\":\"https:\\\/\\\/secure.gravatar.com\\\/avatar\\\/5cd83cadbada9c331a79952fcca177ed3d3be4c7ad3239b9d934bf84adff15dd?s=96&d=blank&r=g\",\"url\":\"https:\\\/\\\/secure.gravatar.com\\\/avatar\\\/5cd83cadbada9c331a79952fcca177ed3d3be4c7ad3239b9d934bf84adff15dd?s=96&d=blank&r=g\",\"contentUrl\":\"https:\\\/\\\/secure.gravatar.com\\\/avatar\\\/5cd83cadbada9c331a79952fcca177ed3d3be4c7ad3239b9d934bf84adff15dd?s=96&d=blank&r=g\",\"caption\":\"Klaus Kunze\"},\"logo\":{\"@id\":\"https:\\\/\\\/secure.gravatar.com\\\/avatar\\\/5cd83cadbada9c331a79952fcca177ed3d3be4c7ad3239b9d934bf84adff15dd?s=96&d=blank&r=g\"},\"sameAs\":[\"http:\\\/\\\/KlausKunze.com\",\"https:\\\/\\\/x.com\\\/https:\\\/\\\/twitter.com\\\/KlausKunze3\"]}]}<\/script>\n<!-- \/ Yoast SEO plugin. -->","yoast_head_json":{"title":"Die Not von Volk und Staat - Klaus Kunze","robots":{"index":"index","follow":"follow","max-snippet":"max-snippet:-1","max-image-preview":"max-image-preview:large","max-video-preview":"max-video-preview:-1"},"canonical":"https:\/\/klauskunze.com\/blog\/2021\/11\/15\/die-not-von-volk-und-staat\/","og_locale":"de_DE","og_type":"article","og_title":"Die Not von Volk und Staat - Klaus Kunze","og_description":"Zweifellos befinden sich unser Volk und Staat in Not. Da\u00df die Epoche der Staatlichkeit zuende geht, hatte der scharfsinnige Analytiker Carl Schmitt schon vor rund 90 Jahren geschrieben. Auch das Volk hat seine Rolle als Tr\u00e4ger sozial und politisch bedeutsamer Funktionen eingeb\u00fc\u00dft. Es ist funktionslos geworden.[1] Winfried Kn\u00f6rzer, Farben der Macht, 2021, ISBN 978-3-938176-90-0., S.188 [&hellip;]","og_url":"https:\/\/klauskunze.com\/blog\/2021\/11\/15\/die-not-von-volk-und-staat\/","og_site_name":"Klaus Kunze","article_published_time":"2021-11-15T15:36:31+00:00","article_modified_time":"2021-11-18T13:53:26+00:00","og_image":[{"width":639,"height":461,"url":"https:\/\/klauskunze.com\/blog\/wp-content\/uploads\/2021\/11\/farben-der-macht-318922963a.jpg","type":"image\/jpeg"}],"author":"Klaus Kunze","twitter_misc":{"Verfasst von":"Klaus Kunze","Gesch\u00e4tzte Lesezeit":"6\u00a0Minuten"},"schema":{"@context":"https:\/\/schema.org","@graph":[{"@type":"Article","@id":"https:\/\/klauskunze.com\/blog\/2021\/11\/15\/die-not-von-volk-und-staat\/#article","isPartOf":{"@id":"https:\/\/klauskunze.com\/blog\/2021\/11\/15\/die-not-von-volk-und-staat\/"},"author":{"name":"Klaus Kunze","@id":"https:\/\/klauskunze.com\/blog\/#\/schema\/person\/9c091cf30ab68b897db6a517e3c3b11b"},"headline":"Die Not von Volk und Staat","datePublished":"2021-11-15T15:36:31+00:00","dateModified":"2021-11-18T13:53:26+00:00","mainEntityOfPage":{"@id":"https:\/\/klauskunze.com\/blog\/2021\/11\/15\/die-not-von-volk-und-staat\/"},"wordCount":1231,"commentCount":0,"publisher":{"@id":"https:\/\/klauskunze.com\/blog\/#\/schema\/person\/9c091cf30ab68b897db6a517e3c3b11b"},"image":{"@id":"https:\/\/klauskunze.com\/blog\/2021\/11\/15\/die-not-von-volk-und-staat\/#primaryimage"},"thumbnailUrl":"https:\/\/klauskunze.com\/blog\/wp-content\/uploads\/2021\/11\/farben-der-macht-318922963a.jpg","articleSection":{"1":"Politik"},"inLanguage":"de","potentialAction":[{"@type":"CommentAction","name":"Comment","target":["https:\/\/klauskunze.com\/blog\/2021\/11\/15\/die-not-von-volk-und-staat\/#respond"]}]},{"@type":"WebPage","@id":"https:\/\/klauskunze.com\/blog\/2021\/11\/15\/die-not-von-volk-und-staat\/","url":"https:\/\/klauskunze.com\/blog\/2021\/11\/15\/die-not-von-volk-und-staat\/","name":"Die Not von Volk und Staat - Klaus Kunze","isPartOf":{"@id":"https:\/\/klauskunze.com\/blog\/#website"},"primaryImageOfPage":{"@id":"https:\/\/klauskunze.com\/blog\/2021\/11\/15\/die-not-von-volk-und-staat\/#primaryimage"},"image":{"@id":"https:\/\/klauskunze.com\/blog\/2021\/11\/15\/die-not-von-volk-und-staat\/#primaryimage"},"thumbnailUrl":"https:\/\/klauskunze.com\/blog\/wp-content\/uploads\/2021\/11\/farben-der-macht-318922963a.jpg","datePublished":"2021-11-15T15:36:31+00:00","dateModified":"2021-11-18T13:53:26+00:00","breadcrumb":{"@id":"https:\/\/klauskunze.com\/blog\/2021\/11\/15\/die-not-von-volk-und-staat\/#breadcrumb"},"inLanguage":"de","potentialAction":[{"@type":"ReadAction","target":["https:\/\/klauskunze.com\/blog\/2021\/11\/15\/die-not-von-volk-und-staat\/"]}]},{"@type":"ImageObject","inLanguage":"de","@id":"https:\/\/klauskunze.com\/blog\/2021\/11\/15\/die-not-von-volk-und-staat\/#primaryimage","url":"https:\/\/klauskunze.com\/blog\/wp-content\/uploads\/2021\/11\/farben-der-macht-318922963a.jpg","contentUrl":"https:\/\/klauskunze.com\/blog\/wp-content\/uploads\/2021\/11\/farben-der-macht-318922963a.jpg","width":639,"height":461},{"@type":"BreadcrumbList","@id":"https:\/\/klauskunze.com\/blog\/2021\/11\/15\/die-not-von-volk-und-staat\/#breadcrumb","itemListElement":[{"@type":"ListItem","position":1,"name":"Startseite","item":"https:\/\/klauskunze.com\/blog\/"},{"@type":"ListItem","position":2,"name":"Die Not von Volk und Staat"}]},{"@type":"WebSite","@id":"https:\/\/klauskunze.com\/blog\/#website","url":"https:\/\/klauskunze.com\/blog\/","name":"Klaus Kunze","description":"Blog","publisher":{"@id":"https:\/\/klauskunze.com\/blog\/#\/schema\/person\/9c091cf30ab68b897db6a517e3c3b11b"},"potentialAction":[{"@type":"SearchAction","target":{"@type":"EntryPoint","urlTemplate":"https:\/\/klauskunze.com\/blog\/?s={search_term_string}"},"query-input":{"@type":"PropertyValueSpecification","valueRequired":true,"valueName":"search_term_string"}}],"inLanguage":"de"},{"@type":["Person","Organization"],"@id":"https:\/\/klauskunze.com\/blog\/#\/schema\/person\/9c091cf30ab68b897db6a517e3c3b11b","name":"Klaus Kunze","image":{"@type":"ImageObject","inLanguage":"de","@id":"https:\/\/secure.gravatar.com\/avatar\/5cd83cadbada9c331a79952fcca177ed3d3be4c7ad3239b9d934bf84adff15dd?s=96&d=blank&r=g","url":"https:\/\/secure.gravatar.com\/avatar\/5cd83cadbada9c331a79952fcca177ed3d3be4c7ad3239b9d934bf84adff15dd?s=96&d=blank&r=g","contentUrl":"https:\/\/secure.gravatar.com\/avatar\/5cd83cadbada9c331a79952fcca177ed3d3be4c7ad3239b9d934bf84adff15dd?s=96&d=blank&r=g","caption":"Klaus Kunze"},"logo":{"@id":"https:\/\/secure.gravatar.com\/avatar\/5cd83cadbada9c331a79952fcca177ed3d3be4c7ad3239b9d934bf84adff15dd?s=96&d=blank&r=g"},"sameAs":["http:\/\/KlausKunze.com","https:\/\/x.com\/https:\/\/twitter.com\/KlausKunze3"]}]}},"post_mailing_queue_ids":[],"_links":{"self":[{"href":"https:\/\/klauskunze.com\/blog\/wp-json\/wp\/v2\/posts\/4281","targetHints":{"allow":["GET"]}}],"collection":[{"href":"https:\/\/klauskunze.com\/blog\/wp-json\/wp\/v2\/posts"}],"about":[{"href":"https:\/\/klauskunze.com\/blog\/wp-json\/wp\/v2\/types\/post"}],"author":[{"embeddable":true,"href":"https:\/\/klauskunze.com\/blog\/wp-json\/wp\/v2\/users\/1"}],"replies":[{"embeddable":true,"href":"https:\/\/klauskunze.com\/blog\/wp-json\/wp\/v2\/comments?post=4281"}],"version-history":[{"count":7,"href":"https:\/\/klauskunze.com\/blog\/wp-json\/wp\/v2\/posts\/4281\/revisions"}],"predecessor-version":[{"id":4290,"href":"https:\/\/klauskunze.com\/blog\/wp-json\/wp\/v2\/posts\/4281\/revisions\/4290"}],"wp:featuredmedia":[{"embeddable":true,"href":"https:\/\/klauskunze.com\/blog\/wp-json\/wp\/v2\/media\/4285"}],"wp:attachment":[{"href":"https:\/\/klauskunze.com\/blog\/wp-json\/wp\/v2\/media?parent=4281"}],"wp:term":[{"taxonomy":"category","embeddable":true,"href":"https:\/\/klauskunze.com\/blog\/wp-json\/wp\/v2\/categories?post=4281"},{"taxonomy":"post_tag","embeddable":true,"href":"https:\/\/klauskunze.com\/blog\/wp-json\/wp\/v2\/tags?post=4281"}],"curies":[{"name":"wp","href":"https:\/\/api.w.org\/{rel}","templated":true}]}}