{"id":4406,"date":"2022-01-12T12:42:21","date_gmt":"2022-01-12T11:42:21","guid":{"rendered":"http:\/\/klauskunze.com\/blog\/?p=4406"},"modified":"2022-01-12T15:27:07","modified_gmt":"2022-01-12T14:27:07","slug":"ideologisches-huetchenspiel","status":"publish","type":"post","link":"https:\/\/klauskunze.com\/blog\/2022\/01\/12\/ideologisches-huetchenspiel\/","title":{"rendered":"Ideologisches H\u00fctchenspiel"},"content":{"rendered":"\n<p>Vor dem Hintergrund der sogenannten Pandemie haben Links und Rechts argumentativ die Pl\u00e4tze getauscht. Sie bieten dem geistigen Feinschmecker das vergn\u00fcgliche Schauspiel zweier Kontrahenten, deren polemische Bed\u00fcrfnisse ihre ideologische Stringenz \u00fcberrunden.<\/p>\n\n\n\n<p>Welchen \u00fcblichen Verd\u00e4chtigen w\u00fcrden wir zutrauen, massenhaft auf die Stra\u00dfe zu gehen und Polizeiketten zu durchbrechen mit Forderungen wie<\/p>\n\n\n\n<blockquote class=\"wp-block-quote is-layout-flow wp-block-quote-is-layout-flow\"><p>Frieden, Freiheit, keine Diktatur! Nieder mit der kapitalistischen Pharmaindustrie! Mein K\u00f6rper geh\u00f6rt mir! H\u00e4nde weg von meinen Gesundheitsdaten! Gegen Berufsverbote f\u00fcr Impfverweigerer! Schlu\u00df mit der staatlichen Repression! Die Krise hei\u00dft Kapitalismus!<\/p><\/blockquote>\n\n\n\n<p>Die Antwort kennen wir alle. So h\u00f6ren sich Linke an. Und wen w\u00fcrden wir verd\u00e4chtigen, die Gegenposition einzunehmen? Wir finden Sie nicht in Parolenform auf der Stra\u00dfe. Subkutan wird sie unseren K\u00f6pfen t\u00e4glich medial eingetr\u00e4ufelt. Sie lautet paradigmatisch etwa:<\/p>\n\n\n\n<blockquote class=\"wp-block-quote is-layout-flow wp-block-quote-is-layout-flow\"><p>Die Volksgesundheit fordert den Schutz des Volksk\u00f6rpers. Seine Gesundheit und die Rettung jedes einzelnen Volksgenossen ist das h\u00f6chste Staatsziel. Um ihn von viralen Unreinheiten zu befreien, wird angeordnet, da\u00df jeder Volksgenosse sich impfen lassen mu\u00df. Die gesunde Homogenit\u00e4t des Volksk\u00f6rpers ist gegebenenfalls zwangsweise herzustellen. Gemeinnutz geht dabei vor Eigennutz. Etwaige Rechte auf k\u00f6rperliche Selbstbestimmung werden au\u00dfer Anwendung gesetzt. Zur Durchf\u00fchrung der erforderlichen Ma\u00dfnahmen werden alle Volksgenossen namentlich erfa\u00dft und auf ihre Impfung \u00fcberpr\u00fcft.<\/p><\/blockquote>\n\n\n\n<p>Wir mu\u00dften lediglich die benutzten Sprechh\u00fclsen geringf\u00fcgig anpassen, um den Kern der Sache zu erkennen. So spricht man links auf semantischer Ebene von der Gesellschaft nicht als Volk. Und rechts hat man noch nicht den polemischen Wert von Worten wie Repression und Berufsverbot erkannt. In der Sache selbst ist aber v\u00f6llig klar:<\/p>\n\n\n\n<p>Der Kampf f\u00fcr pers\u00f6nliche Freiheit, Datengeheimnis, Emanzipation vom Staat und Selbstbestimmung wurde von der Linken jahrzehntelang als ihre Dom\u00e4ne betrachtet. &#8222;Mein Bauch geh\u00f6rt mir!&#8220; war eine Schl\u00fcssel-Parole der antiautorit\u00e4ren Linken. Der Kampf gegen den angeblich autorit\u00e4r-repressiven Staat mit Berufsverboten und Polizeimacht, die angeblich nur die Interessen der monopolkapitalistischen Ausbeuterklasse sch\u00fctzt, bildete einen Kern aller antiautorit\u00e4ren Polemik.<\/p>\n\n\n\n<div class=\"wp-block-image\"><figure class=\"aligncenter size-full\"><img loading=\"lazy\" decoding=\"async\" width=\"541\" height=\"467\" src=\"http:\/\/klauskunze.com\/blog\/wp-content\/uploads\/2022\/01\/Zuschneiden_7.jpg\" alt=\"\" class=\"wp-image-4410\" srcset=\"https:\/\/klauskunze.com\/blog\/wp-content\/uploads\/2022\/01\/Zuschneiden_7.jpg 541w, https:\/\/klauskunze.com\/blog\/wp-content\/uploads\/2022\/01\/Zuschneiden_7-300x259.jpg 300w\" sizes=\"auto, (max-width: 541px) 100vw, 541px\" \/><figcaption> Rechte gehen in D\u00fcsseldorf spazieren: antikapitalisch und gegen den autorit\u00e4ren Staat <br>(Bildquelle: Twitter 8.1.2022) <\/figcaption><\/figure><\/div>\n\n\n\n<p>Wer politisch dagegen v\u00f6lkisch-nationalistisch argumentiert oder organizistische Staatstheorien vertritt, m\u00fc\u00dfte aus ihnen unmittelbar ableiten, &#8222;gesund&#8220; zu halten, was er unter einem Volksk\u00f6rper versteht. Den Vertretern solcher Auffassungen ist ist die Forderung nach einem autorit\u00e4r durchgreifenden Staat nicht fremd. Wenn das Gemeinwohl es erfordert, l\u00e4\u00dft es pers\u00f6nliche R\u00fccksichtnahmen nicht gelten.<\/p>\n\n\n\n<p>Tats\u00e4chlich wird in diesen Tagen aber exakt umgekehrt argumentiert. &#8222;Mein Bauch geh\u00f6rt mir&#8220; war vorgestern. Heute gilt f\u00fcr Linke &#8222;Mein Oberarm steht dem Staat zur Verf\u00fcgung.&#8220; Autonome Antifaschisten mobilisieren gegen Impfpflichtgegner, die auf autonome Selbstbestimmung ihres K\u00f6rpers beharren. Obwohl sie von Hause aus Anarchisten sind, verb\u00fcnden sie sich mit der behelmten Staatsmacht gegen Spazierg\u00e4nger und k\u00f6nnen es gar nicht autorit\u00e4r genug bekommen.<\/p>\n\n\n\n<p>So werden wir Zeugen eines lehrreichen B\u00fchnenst\u00fccks, einer Kom\u00f6die mit vertauschten Rollen. Wir d\u00fcrfen uns aussch\u00fctten vor Lachen, antiautorit\u00e4re Linke im Kost\u00fcm des von ihnen verachteten &#8222;staatlichen Repressionsapparates&#8220; auftreten zu sehen. Gleichzeitig haben B\u00fcrgerliche und Rechte eine neue Liebe zu antiautorit\u00e4rer Widerborstigkeit entdeckt.<\/p>\n\n\n\n<div class=\"wp-block-image\"><figure class=\"aligncenter size-full\"><a href=\"https:\/\/twitter.com\/Suzi_rules\/status\/1336376895143874560\/photo\/1\"><img loading=\"lazy\" decoding=\"async\" width=\"537\" height=\"703\" src=\"http:\/\/klauskunze.com\/blog\/wp-content\/uploads\/2022\/01\/Zuschneiden_3.jpg\" alt=\"\" class=\"wp-image-4408\" srcset=\"https:\/\/klauskunze.com\/blog\/wp-content\/uploads\/2022\/01\/Zuschneiden_3.jpg 537w, https:\/\/klauskunze.com\/blog\/wp-content\/uploads\/2022\/01\/Zuschneiden_3-229x300.jpg 229w\" sizes=\"auto, (max-width: 537px) 100vw, 537px\" \/><\/a><figcaption>Die Linke hat will von Autonomie nichts mehr wissen <br>(Bildquelle: Twitter)   <\/figcaption><\/figure><\/div>\n\n\n\n<p>Sobald wir aus dem Lachen wieder herausgekommen sind, lichtet sich der B\u00fchnennebel. Wir erkennen im Handeln der Akteure sozialpsychologische Gesetzm\u00e4\u00dfigkeiten, die ihnen selbst gar nicht bewu\u00dft sind. Alle politischen, sozialen und gesellschaftlichen Konflikte unterliegen ihnen.<\/p>\n\n\n\n<p>Individuen und Gruppen eignen sich zun\u00e4chst diejenigen ideologischen Positionen an, die ihrer Interessenlage entsprechen. So wird ein in Deutschland lebender Mischling zwischen einem Nigerianer und einer Deutschen im traditionellen Deutschland kaum einer rassistischen Weltsicht zuneigen, weil diese ihm keinen sozialen Vorteil br\u00e4chte. Arme Kirchenm\u00e4use werden sich gern eine egalitaristische Anschauung aneignen, fette Kater aber beim Gastmahl mit den M\u00e4usen f\u00fcr freie Men\u00fcwahl eintreten.<\/p>\n\n\n\n<p>In der Geistesgeschichte haben aber des \u00f6fteren Personengruppen Positionen eingenommen, die mit ihrer Grundhaltung schwer vereinbar waren. Warum m\u00fcndete der Bach der katholischen Soziallehre nicht unmittelbar in den sozialistischen Teich? Ganz einfach: Das Bed\u00fcrfnissen, sich vom Sozialismus abzugrenzen, war st\u00e4rker als das Bed\u00fcrfnis, mit biblischen Forderung ernst zu machen. Da\u00df, Jesus zufolge, eher ein Kamel durch ein Nadel\u00f6hr geht, als da\u00df ein reicher in den Himmel kommt, schmeichelt auch sozialistischen Geh\u00f6rkn\u00f6chelchen. Weil auf dem Felde \u00f6konomischer Menschengleichheit schon der Sozialismus thronte, mochten Katholiken sich nicht daneben setzen. Sie bevorzugten statt dessen eine Art gem\u00e4\u00dfigter Barmherzigkeitslehre. Das polemische Bed\u00fcrfnis, sich vom atheistischen Erzfeind abzuheben, war st\u00e4rker als die Stringenz der eigenen Lehre.<\/p>\n\n\n\n<p>Derselben Gesetzm\u00e4\u00dfigkeit unterliegen in der Zeit der amtlichen Verbote und Impfgebote die Akteure, soweit sie sich als links oder rechts verstehen. Ausl\u00f6ser und Motor der Impfgegner ist ein tiefgreifendes Mi\u00dftrauen breiter Schichten gegen die derzeitigen staatlichen Akteure und ihre Beifallklatscher in den \u00f6ffentlich-rechtlichen Medien. Der Vertrauensverlust ist seit 2015 tiefgreifend. Zwischen der von Regierung und Medien vorgespiegelten heilen Welt neudeutschen Gutmenschentums und der realen Erlebniswelt vieler Menschen klaffen Abgr\u00fcnde. Was jahrzehntelang von regierenden Parteien bekr\u00e4ftigt wurde, galt \u00fcber Nacht nicht mehr. Die rechtlose Masseneinwanderung 2015 und die K\u00f6lner Silvesternacht haben breite Kreise des rechtstreuen B\u00fcrgertums tief verunsichert. Seitdem jagt ein Staatsversagen das n\u00e4chste: Wirre und konzeptlose Ma\u00dfnahmen gegen Covid, 45 Milliarden \u20ac (Versicherungs-)schaden an der Ahr und hunderte Toter, der deutsche Michel fiel von einer Ohmacht in die andere.<\/p>\n\n\n\n<p>So verweigerten sich Millionen erst staatlich geforderten Ma\u00dfnahmen wie der Maskenpflicht, sp\u00e4ter den Impfungen. Diese Verweigerung trug keinen politisch rechten Charakter, sondern zog sich quer durch verschiedene Lager. Bezeichnenderweise war sie besonders in den Regionen verbreitet, in denen dasselbe Grundmi\u00dftrauen gegen die Staatsparteien und ihre Medien zu hohen Anteilen an AfD-W\u00e4hlern gef\u00fchrt hatten.<\/p>\n\n\n\n<p>In dieser Phase schrieben die Staatsmedien undifferenziert allen Mi\u00dftrauischen und Impfz\u00f6gerern &#8222;rechte&#8220; Absichten zu. Um gesellschaftliche Akzeptanz und Gehorsam f\u00fcr Verbote und f\u00fcr Impfgebote zu erwarten, schien sich anzubieten, die Verweigerer pauschal als &#8222;Rechtsextremisten&#8220; zu denunzieren. Bisher hatte es meistens gen\u00fcgt, eine widerst\u00e4ndige Bewegung im Keim zu ersticken, wenn man mit dem Finger auf sie zeigte, sorgenvoll die Stirn runzelte und mit vagen Andeutungen auf Adolf anspielte.<\/p>\n\n\n\n<p>Diesmal ging der Schu\u00df gr\u00fcndlich nach hinten los. Rechtsradikale horchten auf und witterten Morgenluft. Sie erkannten in den Demonstranten f\u00fcr ihre individuelle Freiheit, was Linke &#8222;revolution\u00e4res Potential&#8220; nennen w\u00fcrden. Da braute sich etwas zusammen. Entgegen ihren origin\u00e4r rechten Vorstellungen suchten sie sich an die Spitze der neuen Massenbewegung zu setzen: gegen den Staat, gegen &#8222;das System&#8220;, gegen Volksgesundheit und nationale Impfsolidarit\u00e4t und f\u00fcr individualistisches Einzelmenschendenken. Volksgemeinschaft in der Impfschlange? Das war gestern. Die Bewegung interessierte sich weniger f\u00fcr die Richtung, als f\u00fcr die &#8211; Bewegung! Irgendwo wird sie schon hinf\u00fchren, wenn die Karten neu gemischt werden &#8211; wom\u00f6glich revolution\u00e4r?<\/p>\n\n\n\n<p>Wie ich aus Kreisen gut unterrichter Spazierg\u00e4nger sicher wei\u00df, machen Rechtsradikale zur Zeit allenfalls 3% der spazierenden Demonstranten aus. Durch Fahnen \u00fcberrepr\u00e4sentiert sichtbar, machten solche Rechten seit 2020 immer nur eine kleine Minderheit der Masken- und Impfgegner aus. Indem sie sich zum Gruppenfoto auf die Stufen des Reichstags stellten, hatten sie den Staat und die Linke aber bis zum \u00c4u\u00dfersten gereizt. Bei diesen setzte das stringente Denken aus. Auf eine koh\u00e4rente Ideologie kam es jetzt anscheinend nicht mehr an. Sie suchten die ihnen verha\u00dften Rechtsradikalen zu treffen, indem sie Schulter an Schulter mit ihren Genossen in der Regierung und den Medien die Impfgegner und Spazierg\u00e4nger pauschal zu Rechtsextremisten erkl\u00e4rten und das Gegenteil von dem verk\u00fcndeten, was die vermeintlichen Rechten fordern:<\/p>\n\n\n\n<p>So schreien fr\u00fcher antiautorit\u00e4re Linke pl\u00f6tzlich nach einem starken Staat. O que mutatio rerum!<\/p>\n\n\n\n<blockquote class=\"wp-block-quote is-layout-flow wp-block-quote-is-layout-flow\"><p>F\u00fcr eine traditionelle sozialistische Konzeption ist eine Gesellschaft umso demokratischer, je weniger Macht f\u00fcr soziale Verh\u00e4ltnisse konstitutiv ist&#8220;  <\/p><cite> <p>Ernesto Laclau \/ Chanal Mouffe, Hegemonie und radikale Demokratie, 3.Aufl 2006, S.24.<\/p> <\/cite><\/blockquote>\n\n\n\n<p>V\u00f6llig verwirrt, fordern die bedauernswerten Linken heute den starken Staat, vor dem sie sich sonst immer gef\u00fcrchtet haben. Sind sie gar &#8211; horribile dictu &#8211; pr\u00e4faschistoid geworden?<\/p>\n\n\n\n<p>Pl\u00f6tzlich fordern autonome Anarchisten staatliche Repression, erw\u00e4rmen sich Mein-Bauch-geh\u00f6rt-mir-Feministen f\u00fcr die Parole &#8222;Mein Oberarm geh\u00f6rt dem Staat&#8220;. Die Linke erw\u00e4rmt ihr Herz f\u00fcr kapitalistische Pharma-Gro\u00dfkonzerne, w\u00e4hrend b\u00fcrgerliche Rechte den abscheulichen &#8222;Polizeiterror&#8220; kritisieren. <\/p>\n\n\n\n<p>Das ideologische B\u00e4umchen-wechsel-dich ist perfekt. Wir d\u00fcrfen den beteiligten Schauspielern applaudieren und uns auf den n\u00e4chsten Akt freuen.<\/p>\n","protected":false},"excerpt":{"rendered":"<p>Vor dem Hintergrund der sogenannten Pandemie haben Links und Rechts argumentativ die Pl\u00e4tze getauscht. Sie bieten dem geistigen Feinschmecker das vergn\u00fcgliche Schauspiel zweier Kontrahenten, deren polemische Bed\u00fcrfnisse ihre ideologische Stringenz \u00fcberrunden. Welchen \u00fcblichen Verd\u00e4chtigen w\u00fcrden wir zutrauen, massenhaft auf die Stra\u00dfe zu gehen und Polizeiketten zu durchbrechen mit Forderungen wie Frieden, Freiheit, keine Diktatur! Nieder [&hellip;]<\/p>\n","protected":false},"author":1,"featured_media":4407,"comment_status":"open","ping_status":"open","sticky":false,"template":"","format":"standard","meta":{"h5ap_radio_sources":[],"twitterCardType":"","cardImageID":0,"cardImage":"","cardTitle":"","cardDesc":"","cardImageAlt":"","cardPlayer":"","cardPlayerWidth":0,"cardPlayerHeight":0,"cardPlayerStream":"","cardPlayerCodec":"","footnotes":""},"categories":[1,17],"tags":[],"class_list":["post-4406","post","type-post","status-publish","format-standard","has-post-thumbnail","hentry","category-allgemein","category-politik"],"yoast_head":"<!-- This site is optimized with the Yoast SEO plugin v27.4 - https:\/\/yoast.com\/product\/yoast-seo-wordpress\/ -->\n<title>Ideologisches H\u00fctchenspiel - Klaus Kunze<\/title>\n<meta name=\"robots\" content=\"index, follow, max-snippet:-1, max-image-preview:large, max-video-preview:-1\" \/>\n<link rel=\"canonical\" href=\"https:\/\/klauskunze.com\/blog\/2022\/01\/12\/ideologisches-huetchenspiel\/\" \/>\n<meta property=\"og:locale\" content=\"de_DE\" \/>\n<meta property=\"og:type\" content=\"article\" \/>\n<meta property=\"og:title\" content=\"Ideologisches H\u00fctchenspiel - Klaus Kunze\" \/>\n<meta property=\"og:description\" content=\"Vor dem Hintergrund der sogenannten Pandemie haben Links und Rechts argumentativ die Pl\u00e4tze getauscht. Sie bieten dem geistigen Feinschmecker das vergn\u00fcgliche Schauspiel zweier Kontrahenten, deren polemische Bed\u00fcrfnisse ihre ideologische Stringenz \u00fcberrunden. Welchen \u00fcblichen Verd\u00e4chtigen w\u00fcrden wir zutrauen, massenhaft auf die Stra\u00dfe zu gehen und Polizeiketten zu durchbrechen mit Forderungen wie Frieden, Freiheit, keine Diktatur! Nieder [&hellip;]\" \/>\n<meta property=\"og:url\" content=\"https:\/\/klauskunze.com\/blog\/2022\/01\/12\/ideologisches-huetchenspiel\/\" \/>\n<meta property=\"og:site_name\" content=\"Klaus Kunze\" \/>\n<meta property=\"article:published_time\" content=\"2022-01-12T11:42:21+00:00\" \/>\n<meta property=\"article:modified_time\" content=\"2022-01-12T14:27:07+00:00\" \/>\n<meta property=\"og:image\" content=\"https:\/\/klauskunze.com\/blog\/wp-content\/uploads\/2022\/01\/QwkSPFsd.png\" \/>\n\t<meta property=\"og:image:width\" content=\"680\" \/>\n\t<meta property=\"og:image:height\" content=\"288\" \/>\n\t<meta property=\"og:image:type\" content=\"image\/png\" \/>\n<meta name=\"author\" content=\"Klaus Kunze\" \/>\n<meta name=\"twitter:label1\" content=\"Verfasst von\" \/>\n\t<meta name=\"twitter:data1\" content=\"Klaus Kunze\" \/>\n\t<meta name=\"twitter:label2\" content=\"Gesch\u00e4tzte Lesezeit\" \/>\n\t<meta name=\"twitter:data2\" content=\"8\u00a0Minuten\" \/>\n<script type=\"application\/ld+json\" class=\"yoast-schema-graph\">{\"@context\":\"https:\\\/\\\/schema.org\",\"@graph\":[{\"@type\":\"Article\",\"@id\":\"https:\\\/\\\/klauskunze.com\\\/blog\\\/2022\\\/01\\\/12\\\/ideologisches-huetchenspiel\\\/#article\",\"isPartOf\":{\"@id\":\"https:\\\/\\\/klauskunze.com\\\/blog\\\/2022\\\/01\\\/12\\\/ideologisches-huetchenspiel\\\/\"},\"author\":{\"name\":\"Klaus Kunze\",\"@id\":\"https:\\\/\\\/klauskunze.com\\\/blog\\\/#\\\/schema\\\/person\\\/9c091cf30ab68b897db6a517e3c3b11b\"},\"headline\":\"Ideologisches H\u00fctchenspiel\",\"datePublished\":\"2022-01-12T11:42:21+00:00\",\"dateModified\":\"2022-01-12T14:27:07+00:00\",\"mainEntityOfPage\":{\"@id\":\"https:\\\/\\\/klauskunze.com\\\/blog\\\/2022\\\/01\\\/12\\\/ideologisches-huetchenspiel\\\/\"},\"wordCount\":1422,\"commentCount\":1,\"publisher\":{\"@id\":\"https:\\\/\\\/klauskunze.com\\\/blog\\\/#\\\/schema\\\/person\\\/9c091cf30ab68b897db6a517e3c3b11b\"},\"image\":{\"@id\":\"https:\\\/\\\/klauskunze.com\\\/blog\\\/2022\\\/01\\\/12\\\/ideologisches-huetchenspiel\\\/#primaryimage\"},\"thumbnailUrl\":\"https:\\\/\\\/klauskunze.com\\\/blog\\\/wp-content\\\/uploads\\\/2022\\\/01\\\/QwkSPFsd.png\",\"articleSection\":{\"1\":\"Politik\"},\"inLanguage\":\"de\",\"potentialAction\":[{\"@type\":\"CommentAction\",\"name\":\"Comment\",\"target\":[\"https:\\\/\\\/klauskunze.com\\\/blog\\\/2022\\\/01\\\/12\\\/ideologisches-huetchenspiel\\\/#respond\"]}]},{\"@type\":\"WebPage\",\"@id\":\"https:\\\/\\\/klauskunze.com\\\/blog\\\/2022\\\/01\\\/12\\\/ideologisches-huetchenspiel\\\/\",\"url\":\"https:\\\/\\\/klauskunze.com\\\/blog\\\/2022\\\/01\\\/12\\\/ideologisches-huetchenspiel\\\/\",\"name\":\"Ideologisches H\u00fctchenspiel - Klaus Kunze\",\"isPartOf\":{\"@id\":\"https:\\\/\\\/klauskunze.com\\\/blog\\\/#website\"},\"primaryImageOfPage\":{\"@id\":\"https:\\\/\\\/klauskunze.com\\\/blog\\\/2022\\\/01\\\/12\\\/ideologisches-huetchenspiel\\\/#primaryimage\"},\"image\":{\"@id\":\"https:\\\/\\\/klauskunze.com\\\/blog\\\/2022\\\/01\\\/12\\\/ideologisches-huetchenspiel\\\/#primaryimage\"},\"thumbnailUrl\":\"https:\\\/\\\/klauskunze.com\\\/blog\\\/wp-content\\\/uploads\\\/2022\\\/01\\\/QwkSPFsd.png\",\"datePublished\":\"2022-01-12T11:42:21+00:00\",\"dateModified\":\"2022-01-12T14:27:07+00:00\",\"breadcrumb\":{\"@id\":\"https:\\\/\\\/klauskunze.com\\\/blog\\\/2022\\\/01\\\/12\\\/ideologisches-huetchenspiel\\\/#breadcrumb\"},\"inLanguage\":\"de\",\"potentialAction\":[{\"@type\":\"ReadAction\",\"target\":[\"https:\\\/\\\/klauskunze.com\\\/blog\\\/2022\\\/01\\\/12\\\/ideologisches-huetchenspiel\\\/\"]}]},{\"@type\":\"ImageObject\",\"inLanguage\":\"de\",\"@id\":\"https:\\\/\\\/klauskunze.com\\\/blog\\\/2022\\\/01\\\/12\\\/ideologisches-huetchenspiel\\\/#primaryimage\",\"url\":\"https:\\\/\\\/klauskunze.com\\\/blog\\\/wp-content\\\/uploads\\\/2022\\\/01\\\/QwkSPFsd.png\",\"contentUrl\":\"https:\\\/\\\/klauskunze.com\\\/blog\\\/wp-content\\\/uploads\\\/2022\\\/01\\\/QwkSPFsd.png\",\"width\":680,\"height\":288},{\"@type\":\"BreadcrumbList\",\"@id\":\"https:\\\/\\\/klauskunze.com\\\/blog\\\/2022\\\/01\\\/12\\\/ideologisches-huetchenspiel\\\/#breadcrumb\",\"itemListElement\":[{\"@type\":\"ListItem\",\"position\":1,\"name\":\"Startseite\",\"item\":\"https:\\\/\\\/klauskunze.com\\\/blog\\\/\"},{\"@type\":\"ListItem\",\"position\":2,\"name\":\"Ideologisches H\u00fctchenspiel\"}]},{\"@type\":\"WebSite\",\"@id\":\"https:\\\/\\\/klauskunze.com\\\/blog\\\/#website\",\"url\":\"https:\\\/\\\/klauskunze.com\\\/blog\\\/\",\"name\":\"Klaus Kunze\",\"description\":\"Blog\",\"publisher\":{\"@id\":\"https:\\\/\\\/klauskunze.com\\\/blog\\\/#\\\/schema\\\/person\\\/9c091cf30ab68b897db6a517e3c3b11b\"},\"potentialAction\":[{\"@type\":\"SearchAction\",\"target\":{\"@type\":\"EntryPoint\",\"urlTemplate\":\"https:\\\/\\\/klauskunze.com\\\/blog\\\/?s={search_term_string}\"},\"query-input\":{\"@type\":\"PropertyValueSpecification\",\"valueRequired\":true,\"valueName\":\"search_term_string\"}}],\"inLanguage\":\"de\"},{\"@type\":[\"Person\",\"Organization\"],\"@id\":\"https:\\\/\\\/klauskunze.com\\\/blog\\\/#\\\/schema\\\/person\\\/9c091cf30ab68b897db6a517e3c3b11b\",\"name\":\"Klaus Kunze\",\"image\":{\"@type\":\"ImageObject\",\"inLanguage\":\"de\",\"@id\":\"https:\\\/\\\/secure.gravatar.com\\\/avatar\\\/5cd83cadbada9c331a79952fcca177ed3d3be4c7ad3239b9d934bf84adff15dd?s=96&d=blank&r=g\",\"url\":\"https:\\\/\\\/secure.gravatar.com\\\/avatar\\\/5cd83cadbada9c331a79952fcca177ed3d3be4c7ad3239b9d934bf84adff15dd?s=96&d=blank&r=g\",\"contentUrl\":\"https:\\\/\\\/secure.gravatar.com\\\/avatar\\\/5cd83cadbada9c331a79952fcca177ed3d3be4c7ad3239b9d934bf84adff15dd?s=96&d=blank&r=g\",\"caption\":\"Klaus Kunze\"},\"logo\":{\"@id\":\"https:\\\/\\\/secure.gravatar.com\\\/avatar\\\/5cd83cadbada9c331a79952fcca177ed3d3be4c7ad3239b9d934bf84adff15dd?s=96&d=blank&r=g\"},\"sameAs\":[\"http:\\\/\\\/KlausKunze.com\",\"https:\\\/\\\/x.com\\\/https:\\\/\\\/twitter.com\\\/KlausKunze3\"]}]}<\/script>\n<!-- \/ Yoast SEO plugin. -->","yoast_head_json":{"title":"Ideologisches H\u00fctchenspiel - Klaus Kunze","robots":{"index":"index","follow":"follow","max-snippet":"max-snippet:-1","max-image-preview":"max-image-preview:large","max-video-preview":"max-video-preview:-1"},"canonical":"https:\/\/klauskunze.com\/blog\/2022\/01\/12\/ideologisches-huetchenspiel\/","og_locale":"de_DE","og_type":"article","og_title":"Ideologisches H\u00fctchenspiel - Klaus Kunze","og_description":"Vor dem Hintergrund der sogenannten Pandemie haben Links und Rechts argumentativ die Pl\u00e4tze getauscht. Sie bieten dem geistigen Feinschmecker das vergn\u00fcgliche Schauspiel zweier Kontrahenten, deren polemische Bed\u00fcrfnisse ihre ideologische Stringenz \u00fcberrunden. Welchen \u00fcblichen Verd\u00e4chtigen w\u00fcrden wir zutrauen, massenhaft auf die Stra\u00dfe zu gehen und Polizeiketten zu durchbrechen mit Forderungen wie Frieden, Freiheit, keine Diktatur! Nieder [&hellip;]","og_url":"https:\/\/klauskunze.com\/blog\/2022\/01\/12\/ideologisches-huetchenspiel\/","og_site_name":"Klaus Kunze","article_published_time":"2022-01-12T11:42:21+00:00","article_modified_time":"2022-01-12T14:27:07+00:00","og_image":[{"width":680,"height":288,"url":"https:\/\/klauskunze.com\/blog\/wp-content\/uploads\/2022\/01\/QwkSPFsd.png","type":"image\/png"}],"author":"Klaus Kunze","twitter_misc":{"Verfasst von":"Klaus Kunze","Gesch\u00e4tzte Lesezeit":"8\u00a0Minuten"},"schema":{"@context":"https:\/\/schema.org","@graph":[{"@type":"Article","@id":"https:\/\/klauskunze.com\/blog\/2022\/01\/12\/ideologisches-huetchenspiel\/#article","isPartOf":{"@id":"https:\/\/klauskunze.com\/blog\/2022\/01\/12\/ideologisches-huetchenspiel\/"},"author":{"name":"Klaus Kunze","@id":"https:\/\/klauskunze.com\/blog\/#\/schema\/person\/9c091cf30ab68b897db6a517e3c3b11b"},"headline":"Ideologisches H\u00fctchenspiel","datePublished":"2022-01-12T11:42:21+00:00","dateModified":"2022-01-12T14:27:07+00:00","mainEntityOfPage":{"@id":"https:\/\/klauskunze.com\/blog\/2022\/01\/12\/ideologisches-huetchenspiel\/"},"wordCount":1422,"commentCount":1,"publisher":{"@id":"https:\/\/klauskunze.com\/blog\/#\/schema\/person\/9c091cf30ab68b897db6a517e3c3b11b"},"image":{"@id":"https:\/\/klauskunze.com\/blog\/2022\/01\/12\/ideologisches-huetchenspiel\/#primaryimage"},"thumbnailUrl":"https:\/\/klauskunze.com\/blog\/wp-content\/uploads\/2022\/01\/QwkSPFsd.png","articleSection":{"1":"Politik"},"inLanguage":"de","potentialAction":[{"@type":"CommentAction","name":"Comment","target":["https:\/\/klauskunze.com\/blog\/2022\/01\/12\/ideologisches-huetchenspiel\/#respond"]}]},{"@type":"WebPage","@id":"https:\/\/klauskunze.com\/blog\/2022\/01\/12\/ideologisches-huetchenspiel\/","url":"https:\/\/klauskunze.com\/blog\/2022\/01\/12\/ideologisches-huetchenspiel\/","name":"Ideologisches H\u00fctchenspiel - Klaus Kunze","isPartOf":{"@id":"https:\/\/klauskunze.com\/blog\/#website"},"primaryImageOfPage":{"@id":"https:\/\/klauskunze.com\/blog\/2022\/01\/12\/ideologisches-huetchenspiel\/#primaryimage"},"image":{"@id":"https:\/\/klauskunze.com\/blog\/2022\/01\/12\/ideologisches-huetchenspiel\/#primaryimage"},"thumbnailUrl":"https:\/\/klauskunze.com\/blog\/wp-content\/uploads\/2022\/01\/QwkSPFsd.png","datePublished":"2022-01-12T11:42:21+00:00","dateModified":"2022-01-12T14:27:07+00:00","breadcrumb":{"@id":"https:\/\/klauskunze.com\/blog\/2022\/01\/12\/ideologisches-huetchenspiel\/#breadcrumb"},"inLanguage":"de","potentialAction":[{"@type":"ReadAction","target":["https:\/\/klauskunze.com\/blog\/2022\/01\/12\/ideologisches-huetchenspiel\/"]}]},{"@type":"ImageObject","inLanguage":"de","@id":"https:\/\/klauskunze.com\/blog\/2022\/01\/12\/ideologisches-huetchenspiel\/#primaryimage","url":"https:\/\/klauskunze.com\/blog\/wp-content\/uploads\/2022\/01\/QwkSPFsd.png","contentUrl":"https:\/\/klauskunze.com\/blog\/wp-content\/uploads\/2022\/01\/QwkSPFsd.png","width":680,"height":288},{"@type":"BreadcrumbList","@id":"https:\/\/klauskunze.com\/blog\/2022\/01\/12\/ideologisches-huetchenspiel\/#breadcrumb","itemListElement":[{"@type":"ListItem","position":1,"name":"Startseite","item":"https:\/\/klauskunze.com\/blog\/"},{"@type":"ListItem","position":2,"name":"Ideologisches H\u00fctchenspiel"}]},{"@type":"WebSite","@id":"https:\/\/klauskunze.com\/blog\/#website","url":"https:\/\/klauskunze.com\/blog\/","name":"Klaus Kunze","description":"Blog","publisher":{"@id":"https:\/\/klauskunze.com\/blog\/#\/schema\/person\/9c091cf30ab68b897db6a517e3c3b11b"},"potentialAction":[{"@type":"SearchAction","target":{"@type":"EntryPoint","urlTemplate":"https:\/\/klauskunze.com\/blog\/?s={search_term_string}"},"query-input":{"@type":"PropertyValueSpecification","valueRequired":true,"valueName":"search_term_string"}}],"inLanguage":"de"},{"@type":["Person","Organization"],"@id":"https:\/\/klauskunze.com\/blog\/#\/schema\/person\/9c091cf30ab68b897db6a517e3c3b11b","name":"Klaus Kunze","image":{"@type":"ImageObject","inLanguage":"de","@id":"https:\/\/secure.gravatar.com\/avatar\/5cd83cadbada9c331a79952fcca177ed3d3be4c7ad3239b9d934bf84adff15dd?s=96&d=blank&r=g","url":"https:\/\/secure.gravatar.com\/avatar\/5cd83cadbada9c331a79952fcca177ed3d3be4c7ad3239b9d934bf84adff15dd?s=96&d=blank&r=g","contentUrl":"https:\/\/secure.gravatar.com\/avatar\/5cd83cadbada9c331a79952fcca177ed3d3be4c7ad3239b9d934bf84adff15dd?s=96&d=blank&r=g","caption":"Klaus Kunze"},"logo":{"@id":"https:\/\/secure.gravatar.com\/avatar\/5cd83cadbada9c331a79952fcca177ed3d3be4c7ad3239b9d934bf84adff15dd?s=96&d=blank&r=g"},"sameAs":["http:\/\/KlausKunze.com","https:\/\/x.com\/https:\/\/twitter.com\/KlausKunze3"]}]}},"post_mailing_queue_ids":[],"_links":{"self":[{"href":"https:\/\/klauskunze.com\/blog\/wp-json\/wp\/v2\/posts\/4406","targetHints":{"allow":["GET"]}}],"collection":[{"href":"https:\/\/klauskunze.com\/blog\/wp-json\/wp\/v2\/posts"}],"about":[{"href":"https:\/\/klauskunze.com\/blog\/wp-json\/wp\/v2\/types\/post"}],"author":[{"embeddable":true,"href":"https:\/\/klauskunze.com\/blog\/wp-json\/wp\/v2\/users\/1"}],"replies":[{"embeddable":true,"href":"https:\/\/klauskunze.com\/blog\/wp-json\/wp\/v2\/comments?post=4406"}],"version-history":[{"count":5,"href":"https:\/\/klauskunze.com\/blog\/wp-json\/wp\/v2\/posts\/4406\/revisions"}],"predecessor-version":[{"id":4416,"href":"https:\/\/klauskunze.com\/blog\/wp-json\/wp\/v2\/posts\/4406\/revisions\/4416"}],"wp:featuredmedia":[{"embeddable":true,"href":"https:\/\/klauskunze.com\/blog\/wp-json\/wp\/v2\/media\/4407"}],"wp:attachment":[{"href":"https:\/\/klauskunze.com\/blog\/wp-json\/wp\/v2\/media?parent=4406"}],"wp:term":[{"taxonomy":"category","embeddable":true,"href":"https:\/\/klauskunze.com\/blog\/wp-json\/wp\/v2\/categories?post=4406"},{"taxonomy":"post_tag","embeddable":true,"href":"https:\/\/klauskunze.com\/blog\/wp-json\/wp\/v2\/tags?post=4406"}],"curies":[{"name":"wp","href":"https:\/\/api.w.org\/{rel}","templated":true}]}}