{"id":4519,"date":"2022-02-26T09:36:56","date_gmt":"2022-02-26T08:36:56","guid":{"rendered":"http:\/\/klauskunze.com\/blog\/?p=4519"},"modified":"2022-02-26T09:36:57","modified_gmt":"2022-02-26T08:36:57","slug":"der-spiegel-unserer-schwaeche","status":"publish","type":"post","link":"https:\/\/klauskunze.com\/blog\/2022\/02\/26\/der-spiegel-unserer-schwaeche\/","title":{"rendered":"Der Spiegel unserer Schw\u00e4che"},"content":{"rendered":"\n<h3 class=\"wp-block-heading\"><strong>Die Russen kommen!<\/strong><\/h3>\n\n\n\n<p>\u201eDie Russen kommen!\u201c F\u00fcr Millionen Deutsche als ihre Opfer von 1945 ist das die Tatarenmeldung schlechthin. Sie aktiviert tiefsitzende Traumata ganzer Generationen, auch die der sekund\u00e4r traumatisierten Nachkriegsgeborenen. Die einen nahmen im Proze\u00df ihrer h\u00f6chstpers\u00f6nlichen Bew\u00e4ltigung rechte, betont wehrhafte Werthaltungen an. Die anderen erkl\u00e4rten die ganze Welt zu Freunden und woben sich jenes Spinnennetz gutmenschlicher Illusionen, das Putin j\u00e4h zerrissen hat. Er strickt bereits an einem neuen Spinnennetz von L\u00fcgen. Demn\u00e4chst werden ukranische Kinder in der Schule lernen, ihr Land sei 2022 von Putin befreit worden.<\/p>\n\n\n\n<div class=\"wp-block-image\"><figure class=\"aligncenter size-full\"><img loading=\"lazy\" decoding=\"async\" width=\"950\" height=\"674\" src=\"http:\/\/klauskunze.com\/blog\/wp-content\/uploads\/2022\/02\/bildschirmfoto-2022-02-26-um-073656.jpg\" alt=\"\" class=\"wp-image-4520\" srcset=\"https:\/\/klauskunze.com\/blog\/wp-content\/uploads\/2022\/02\/bildschirmfoto-2022-02-26-um-073656.jpg 950w, https:\/\/klauskunze.com\/blog\/wp-content\/uploads\/2022\/02\/bildschirmfoto-2022-02-26-um-073656-300x213.jpg 300w, https:\/\/klauskunze.com\/blog\/wp-content\/uploads\/2022\/02\/bildschirmfoto-2022-02-26-um-073656-768x545.jpg 768w, https:\/\/klauskunze.com\/blog\/wp-content\/uploads\/2022\/02\/bildschirmfoto-2022-02-26-um-073656-900x639.jpg 900w\" sizes=\"auto, (max-width: 950px) 100vw, 950px\" \/><figcaption>Der emotionalen Wucht solcher Bilder kann sich nicht entziehen, wer Nemmersdorf, die Wilhelm Gustloff, Flucht und V\u00f6lkermord an Deutschen 1945 verinnerlicht hat (<a href=\"https:\/\/www.mirror.co.uk\/news\/world-news\/russia-ukraine-war-terrified-children-26325509\">Bildquelle <\/a>Ukraine, 25.2.2022).<\/figcaption><\/figure><\/div>\n\n\n\n<p>Der emotionalen Wucht der Bilder eines angegriffenen, um seine Freiheit k\u00e4mpfenden Volkes und ver\u00e4ngstigt in Bunkern sitzender Kinder kann man sich nicht entziehen. Man darf dabei aber niemals den politischen Verstand ausschalten. Dazu leistet hier der Bonner Publizist Theo Homann als Gastautor einen Beitrag.<\/p>\n\n\n\n<h1 class=\"has-text-align-center wp-block-heading\">Moskau l\u00e4\u00dft den Westen in einen Spiegel eigener Schw\u00e4che sehen<\/h1>\n\n\n\n<h3 class=\"has-text-align-center wp-block-heading\">Theo Homann<\/h3>\n\n\n\n<p>Putins Statement:<\/p>\n\n\n\n<blockquote class=\"wp-block-quote is-layout-flow wp-block-quote-is-layout-flow\"><p>&#8222;An alle, die eine Einmischung von au\u00dfen in Betracht ziehen: Wenn Sie dies tun, werden Sie mit Konsequenzen konfrontiert, die gr\u00f6\u00dfer sind als alle, denen Sie in der Geschichte gegen\u00fcberstanden. Alle relevanten Entscheidungen wurden getroffen. Ich hoffe, Sie h\u00f6ren mich.&#8220;<\/p><\/blockquote>\n\n\n\n<p>Moskau l\u00e4\u00dft den Westen in einen Spiegel eigener Schw\u00e4che sehen, und das wird man ihm dort ganz pers\u00f6nlich nie nachsehen. Er hat einen Plan &#8211; sie nicht; er schreibt Geschichte, von der andere nur reden, um nicht entscheiden bzw. handeln zu m\u00fcssen. Pathetische Appelle, moralinsaure Mienen, dunkle Tuche, schwarze B\u00e4ndchen am Sportlerarm, Absage des Karnevalzuges, man kennt die Riten, insbesondere seit den Sanierungsfeldz\u00fcgen im Orient, wo es noch hie\u00df: &#8222;Kein Blut f\u00fcr \u00d6l!&#8220;<\/p>\n\n\n\n<p>Sondersitzung jagt Sondersitzung, vor allem schmallippige \u00e4ltere Damen tun sich neuerdings hervor beim Abfeuern leerer Drohungen und hohler Phrasen. Verbalsalve jagt Verbalsalve, seit 1978 semper idem. Die Endlos-Spirale westlicher Attentismen und Ausfl\u00fcchte wurde nun j\u00e4hlings gestopt, der Taktiker im Kreml streicht den Gewinn seiner Schachpartie ein. Wer durch den Nebel der sattsam bekannten medialen Inszenierungen zu blicken vermag, der erkennt, da\u00df der Westen sich nach der Implosion der SU auf einen illusion\u00e4ren Weg neoimperialer Aspirationen begeben hat:<\/p>\n\n\n\n<h2 class=\"wp-block-heading\">Kein Ende der Geschichte<\/h2>\n\n\n\n<p>Der Westen war und ist eben keineswegs der Gewinner eines 1990f. prognostizierten &#8222;Endes der Geschichte&#8220;, der insk\u00fcnftig den Kreml in seine Einzelteile zerlegen w\u00fcrde; Moskau lie\u00df nie einen Zweifel daran, da\u00df es diese Sicht der Dinge bek\u00e4mpfen w\u00fcrde, was weder die EU, noch die US-NATO wahrnehmen wollte. Der Plan war, Ru\u00dfland durch Einflu\u00df-Orgas zu destabilisieren, einen Regime-Chance nach Kiewer Muster anzustreben, eine wirtschaftliche Modernisierung, Verflechtung und politische Anbindung wurde ernstlich nie angestrebt, da sie den Interessen der USA zuwiderliefe.<\/p>\n\n\n\n<p>Die Ostk\u00fcste trieb die maximale Erweiterung der NATO voran, bis dato sind es satte 14 (!) Staatsgebilde auf dem Boden des vormaligen Warschauer Paktes, die von den NATO-Vertragsherren mehr oder weniger freiwillig geschluckt wurden &#8211; wobei man den Art. 5, die Pflicht, jedem bedrohten B\u00fcndnispartner milit\u00e4risch (!) beizustehen, freigiebig just an jene Gebilde verteilt hat, die f\u00fcr Russlands Sicherheitsinteressen von zentraler Bedeutung, f\u00fcr den transatlantischen Westen aber marginal sind.<\/p>\n\n\n\n<p>Man wollte nicht sehen, dass der Kreml als prim\u00e4res Ziel verfolgt, dem eigenen Land geostrategische Sicherheit zu verschaffen, damit zugleich die Wirtschaftsinteressen seiner F\u00fchrungskaste zu sichern, woraus naturgem\u00e4\u00df eine materielle Besserstellung breiter Kreise der Bev\u00f6lkerung nicht zwingend folgt: durch wirtschaftliche Sanktionen ist eine solche F\u00fchrungsschicht nicht ernsthaft ersch\u00fctterbar, selbst das Ziel, die sanktionierten Oligarchen dazu zu bringen, den Paten Putin fallen zu lassen, um sich dem Westen gegen\u00fcber liberalophiler aufzustellen &#8211; es wird nicht erreichbar sein. Am Ende kommt es erfahrungsgem\u00e4\u00df zu verst\u00e4rkter Oppression nach innen, wobei schon der Druck einer feindlich gesinnten Au\u00dfenwelt ein \u00fcbriges tun wird, um die russische Gesellschaft &#8222;wie 1941-45 gegen die Faschisten&#8220; zusammenzuhalten.<\/p>\n\n\n\n<p>Mit einem Sanktionsregime versucht der Westen nun, auf Kosten vieler Interessen im Inland, Ru\u00dfland vom Weltmarkt abzuschneiden; allerdings wird es in einer Welt von 8,5 MILLIARDEN MENSCHEN, nur knapp 10% davon im Natobereich, einem Rohstofflieferanten solchen Kalibers nie an Kunden mangeln. Dies zeigt, da\u00df der Westen nach wie vor mental in der Welt des 20. Jhs. befangen ist: ich lieg&#8216; und besitz&#8216;, wobei das simplizistisch anmutende Konzept des US-World-Policeman, der rund um den Globus alle 100 Meilen eine seiner Drohnen-Garnisonen postiert, l\u00e4ngst nicht mehr funktioniert: aus vielen Gr\u00fcnden gingen seit den sechziger Jahren alle seine milit\u00e4rischen Interventionen erfolglos aus, unter weltweitem Verlust der Reputation des M\u00f6chtegern-Hegemons, der mutwillig anf\u00e4ngt, was er dann blo\u00df \u00fcbel zuende bringt. Putins Schachzug weist auch in diese Richtung: Europ\u00e4er, Ukrainer &#8211; sie werden auch Euch verraten, quod erat demonstrandum&#8230;<\/p>\n\n\n\n<h2 class=\"wp-block-heading\">Der Aufstieg China \u00e4ndert alles<\/h2>\n\n\n\n<p>Der Aufstieg Chinas aber ist die Trumpfkarte im Spiel und hat die geostrategische Partie geradezu revolution\u00e4r ver\u00e4ndert: wir erleben offenkundig weniger eine Blockkonfrontation alten Stils, vielmehr stehen wir vor der Wiederauflage jener z\u00e4hen Stellvertreterkriege der Nachkriegs\u00e4ra: der Kreml agiert als eine Art Erkundungstrupp Pekings, das sich den Verlauf der causa Kiew genau ansieht, um wom\u00f6glich alsbald seine &#8222;Marines&#8220; in Richtung Taiwan einzuschiffen. Es riecht nach gro\u00df dimensionierten Entscheidungen, fr\u00fcher sprach man von Blut und Eisen.<\/p>\n\n\n\n<p>Die in \u00f6konomistischer Monoperzeptose befangenen, vom Einf\u00e4deln ihres jeweils n\u00e4chstliegenden Wochen-Deals absorbierten westlichen F\u00fchrungskasten haben den Instinkt f\u00fcr das Politische verloren; Putins emphatische Aktion ist kein l\u00e4ssiger Deal, sie ist durch und durch politisch, kalkuliert mit dem Ernstfall und preist Opfer, Kampf und Tod ein, Wirklichkeiten, die jenseits des egotistischen Konsumdenkens liegen und sich dem Kr\u00e4merschema von Markt, Angebot und Nachfrage verweigern. Das Stammeln eines Bundeskanzlers ist die Frucht der jahrzehntelangen Ignoranz der anderen Perspektive, speist sich aus der ritualisierten Borniertheit zweier selbstgerechter Generationen, die wom\u00f6glich blindlings auf den dritten Gro\u00dfkrieg der Moderne zusteuern, no wy out.<\/p>\n\n\n\n<p>Der Ausbruch aus dem selbstgeschaffenen Gef\u00e4ngnis einer solchen &#8222;Wertelogik&#8220; vermeintlicher Alternativlosigkeit h\u00e4tte zun\u00e4chst den Irrgarten des zigtausendfach redundant Gedachten und Gesagten zu verlassen, er m\u00fc\u00dfte sich selbst, die eigene br\u00e4sige Eingespurtheit in Frage stellen, um zu pragmatischen L\u00f6sungen jenseits der (bigotten) &#8222;Werthaltungen des Westens&#8220; zu kommen. Zu leisten w\u00e4re der &#8222;nachhaltige&#8220; Abschied von vielen Tabus und Lebensl\u00fcgen, die sich seit dem Ende des zweiten Gro\u00dfkriegs epidemisch verbreitet haben, l\u00e4ngst wirken sie sich nur noch l\u00e4hmend, infinit&nbsp; Probleme aufschiebend, ihre Virulenz aufsteigernd aus; Botho Strauss dazu: &#8222;In der Sackgasse leben, hei\u00dft vom Durchgangsverkehr verschont zu bleiben.&#8220;<\/p>\n","protected":false},"excerpt":{"rendered":"<p>Die Russen kommen! \u201eDie Russen kommen!\u201c F\u00fcr Millionen Deutsche als ihre Opfer von 1945 ist das die Tatarenmeldung schlechthin. Sie aktiviert tiefsitzende Traumata ganzer Generationen, auch die der sekund\u00e4r traumatisierten Nachkriegsgeborenen. Die einen nahmen im Proze\u00df ihrer h\u00f6chstpers\u00f6nlichen Bew\u00e4ltigung rechte, betont wehrhafte Werthaltungen an. Die anderen erkl\u00e4rten die ganze Welt zu Freunden und woben sich [&hellip;]<\/p>\n","protected":false},"author":1,"featured_media":4520,"comment_status":"open","ping_status":"open","sticky":false,"template":"","format":"standard","meta":{"h5ap_radio_sources":[],"twitterCardType":"","cardImageID":0,"cardImage":"","cardTitle":"","cardDesc":"","cardImageAlt":"","cardPlayer":"","cardPlayerWidth":0,"cardPlayerHeight":0,"cardPlayerStream":"","cardPlayerCodec":"","footnotes":""},"categories":[1,17],"tags":[],"class_list":["post-4519","post","type-post","status-publish","format-standard","has-post-thumbnail","hentry","category-allgemein","category-politik"],"yoast_head":"<!-- This site is optimized with the Yoast SEO plugin v27.5 - https:\/\/yoast.com\/product\/yoast-seo-wordpress\/ -->\n<title>Der Spiegel unserer Schw\u00e4che - Klaus Kunze<\/title>\n<meta name=\"robots\" content=\"index, follow, max-snippet:-1, max-image-preview:large, max-video-preview:-1\" \/>\n<link rel=\"canonical\" href=\"https:\/\/klauskunze.com\/blog\/2022\/02\/26\/der-spiegel-unserer-schwaeche\/\" \/>\n<meta property=\"og:locale\" content=\"de_DE\" \/>\n<meta property=\"og:type\" content=\"article\" \/>\n<meta property=\"og:title\" content=\"Der Spiegel unserer Schw\u00e4che - Klaus Kunze\" \/>\n<meta property=\"og:description\" content=\"Die Russen kommen! \u201eDie Russen kommen!\u201c F\u00fcr Millionen Deutsche als ihre Opfer von 1945 ist das die Tatarenmeldung schlechthin. Sie aktiviert tiefsitzende Traumata ganzer Generationen, auch die der sekund\u00e4r traumatisierten Nachkriegsgeborenen. Die einen nahmen im Proze\u00df ihrer h\u00f6chstpers\u00f6nlichen Bew\u00e4ltigung rechte, betont wehrhafte Werthaltungen an. Die anderen erkl\u00e4rten die ganze Welt zu Freunden und woben sich [&hellip;]\" \/>\n<meta property=\"og:url\" content=\"https:\/\/klauskunze.com\/blog\/2022\/02\/26\/der-spiegel-unserer-schwaeche\/\" \/>\n<meta property=\"og:site_name\" content=\"Klaus Kunze\" \/>\n<meta property=\"article:published_time\" content=\"2022-02-26T08:36:56+00:00\" \/>\n<meta property=\"article:modified_time\" content=\"2022-02-26T08:36:57+00:00\" \/>\n<meta property=\"og:image\" content=\"https:\/\/klauskunze.com\/blog\/wp-content\/uploads\/2022\/02\/bildschirmfoto-2022-02-26-um-073656.jpg\" \/>\n\t<meta property=\"og:image:width\" content=\"950\" \/>\n\t<meta property=\"og:image:height\" content=\"674\" \/>\n\t<meta property=\"og:image:type\" content=\"image\/jpeg\" \/>\n<meta name=\"author\" content=\"Klaus Kunze\" \/>\n<meta name=\"twitter:label1\" content=\"Verfasst von\" \/>\n\t<meta name=\"twitter:data1\" content=\"Klaus Kunze\" \/>\n\t<meta name=\"twitter:label2\" content=\"Gesch\u00e4tzte Lesezeit\" \/>\n\t<meta name=\"twitter:data2\" content=\"6\u00a0Minuten\" \/>\n<script type=\"application\/ld+json\" class=\"yoast-schema-graph\">{\"@context\":\"https:\\\/\\\/schema.org\",\"@graph\":[{\"@type\":\"Article\",\"@id\":\"https:\\\/\\\/klauskunze.com\\\/blog\\\/2022\\\/02\\\/26\\\/der-spiegel-unserer-schwaeche\\\/#article\",\"isPartOf\":{\"@id\":\"https:\\\/\\\/klauskunze.com\\\/blog\\\/2022\\\/02\\\/26\\\/der-spiegel-unserer-schwaeche\\\/\"},\"author\":{\"name\":\"Klaus Kunze\",\"@id\":\"https:\\\/\\\/klauskunze.com\\\/blog\\\/#\\\/schema\\\/person\\\/9c091cf30ab68b897db6a517e3c3b11b\"},\"headline\":\"Der Spiegel unserer Schw\u00e4che\",\"datePublished\":\"2022-02-26T08:36:56+00:00\",\"dateModified\":\"2022-02-26T08:36:57+00:00\",\"mainEntityOfPage\":{\"@id\":\"https:\\\/\\\/klauskunze.com\\\/blog\\\/2022\\\/02\\\/26\\\/der-spiegel-unserer-schwaeche\\\/\"},\"wordCount\":1101,\"commentCount\":0,\"publisher\":{\"@id\":\"https:\\\/\\\/klauskunze.com\\\/blog\\\/#\\\/schema\\\/person\\\/9c091cf30ab68b897db6a517e3c3b11b\"},\"image\":{\"@id\":\"https:\\\/\\\/klauskunze.com\\\/blog\\\/2022\\\/02\\\/26\\\/der-spiegel-unserer-schwaeche\\\/#primaryimage\"},\"thumbnailUrl\":\"https:\\\/\\\/klauskunze.com\\\/blog\\\/wp-content\\\/uploads\\\/2022\\\/02\\\/bildschirmfoto-2022-02-26-um-073656.jpg\",\"articleSection\":{\"1\":\"Politik\"},\"inLanguage\":\"de\",\"potentialAction\":[{\"@type\":\"CommentAction\",\"name\":\"Comment\",\"target\":[\"https:\\\/\\\/klauskunze.com\\\/blog\\\/2022\\\/02\\\/26\\\/der-spiegel-unserer-schwaeche\\\/#respond\"]}]},{\"@type\":\"WebPage\",\"@id\":\"https:\\\/\\\/klauskunze.com\\\/blog\\\/2022\\\/02\\\/26\\\/der-spiegel-unserer-schwaeche\\\/\",\"url\":\"https:\\\/\\\/klauskunze.com\\\/blog\\\/2022\\\/02\\\/26\\\/der-spiegel-unserer-schwaeche\\\/\",\"name\":\"Der Spiegel unserer Schw\u00e4che - Klaus Kunze\",\"isPartOf\":{\"@id\":\"https:\\\/\\\/klauskunze.com\\\/blog\\\/#website\"},\"primaryImageOfPage\":{\"@id\":\"https:\\\/\\\/klauskunze.com\\\/blog\\\/2022\\\/02\\\/26\\\/der-spiegel-unserer-schwaeche\\\/#primaryimage\"},\"image\":{\"@id\":\"https:\\\/\\\/klauskunze.com\\\/blog\\\/2022\\\/02\\\/26\\\/der-spiegel-unserer-schwaeche\\\/#primaryimage\"},\"thumbnailUrl\":\"https:\\\/\\\/klauskunze.com\\\/blog\\\/wp-content\\\/uploads\\\/2022\\\/02\\\/bildschirmfoto-2022-02-26-um-073656.jpg\",\"datePublished\":\"2022-02-26T08:36:56+00:00\",\"dateModified\":\"2022-02-26T08:36:57+00:00\",\"breadcrumb\":{\"@id\":\"https:\\\/\\\/klauskunze.com\\\/blog\\\/2022\\\/02\\\/26\\\/der-spiegel-unserer-schwaeche\\\/#breadcrumb\"},\"inLanguage\":\"de\",\"potentialAction\":[{\"@type\":\"ReadAction\",\"target\":[\"https:\\\/\\\/klauskunze.com\\\/blog\\\/2022\\\/02\\\/26\\\/der-spiegel-unserer-schwaeche\\\/\"]}]},{\"@type\":\"ImageObject\",\"inLanguage\":\"de\",\"@id\":\"https:\\\/\\\/klauskunze.com\\\/blog\\\/2022\\\/02\\\/26\\\/der-spiegel-unserer-schwaeche\\\/#primaryimage\",\"url\":\"https:\\\/\\\/klauskunze.com\\\/blog\\\/wp-content\\\/uploads\\\/2022\\\/02\\\/bildschirmfoto-2022-02-26-um-073656.jpg\",\"contentUrl\":\"https:\\\/\\\/klauskunze.com\\\/blog\\\/wp-content\\\/uploads\\\/2022\\\/02\\\/bildschirmfoto-2022-02-26-um-073656.jpg\",\"width\":950,\"height\":674},{\"@type\":\"BreadcrumbList\",\"@id\":\"https:\\\/\\\/klauskunze.com\\\/blog\\\/2022\\\/02\\\/26\\\/der-spiegel-unserer-schwaeche\\\/#breadcrumb\",\"itemListElement\":[{\"@type\":\"ListItem\",\"position\":1,\"name\":\"Startseite\",\"item\":\"https:\\\/\\\/klauskunze.com\\\/blog\\\/\"},{\"@type\":\"ListItem\",\"position\":2,\"name\":\"Der Spiegel unserer Schw\u00e4che\"}]},{\"@type\":\"WebSite\",\"@id\":\"https:\\\/\\\/klauskunze.com\\\/blog\\\/#website\",\"url\":\"https:\\\/\\\/klauskunze.com\\\/blog\\\/\",\"name\":\"Klaus Kunze\",\"description\":\"Blog\",\"publisher\":{\"@id\":\"https:\\\/\\\/klauskunze.com\\\/blog\\\/#\\\/schema\\\/person\\\/9c091cf30ab68b897db6a517e3c3b11b\"},\"potentialAction\":[{\"@type\":\"SearchAction\",\"target\":{\"@type\":\"EntryPoint\",\"urlTemplate\":\"https:\\\/\\\/klauskunze.com\\\/blog\\\/?s={search_term_string}\"},\"query-input\":{\"@type\":\"PropertyValueSpecification\",\"valueRequired\":true,\"valueName\":\"search_term_string\"}}],\"inLanguage\":\"de\"},{\"@type\":[\"Person\",\"Organization\"],\"@id\":\"https:\\\/\\\/klauskunze.com\\\/blog\\\/#\\\/schema\\\/person\\\/9c091cf30ab68b897db6a517e3c3b11b\",\"name\":\"Klaus Kunze\",\"image\":{\"@type\":\"ImageObject\",\"inLanguage\":\"de\",\"@id\":\"https:\\\/\\\/secure.gravatar.com\\\/avatar\\\/5cd83cadbada9c331a79952fcca177ed3d3be4c7ad3239b9d934bf84adff15dd?s=96&d=blank&r=g\",\"url\":\"https:\\\/\\\/secure.gravatar.com\\\/avatar\\\/5cd83cadbada9c331a79952fcca177ed3d3be4c7ad3239b9d934bf84adff15dd?s=96&d=blank&r=g\",\"contentUrl\":\"https:\\\/\\\/secure.gravatar.com\\\/avatar\\\/5cd83cadbada9c331a79952fcca177ed3d3be4c7ad3239b9d934bf84adff15dd?s=96&d=blank&r=g\",\"caption\":\"Klaus Kunze\"},\"logo\":{\"@id\":\"https:\\\/\\\/secure.gravatar.com\\\/avatar\\\/5cd83cadbada9c331a79952fcca177ed3d3be4c7ad3239b9d934bf84adff15dd?s=96&d=blank&r=g\"},\"sameAs\":[\"http:\\\/\\\/KlausKunze.com\",\"https:\\\/\\\/x.com\\\/https:\\\/\\\/twitter.com\\\/KlausKunze3\"]}]}<\/script>\n<!-- \/ Yoast SEO plugin. -->","yoast_head_json":{"title":"Der Spiegel unserer Schw\u00e4che - Klaus Kunze","robots":{"index":"index","follow":"follow","max-snippet":"max-snippet:-1","max-image-preview":"max-image-preview:large","max-video-preview":"max-video-preview:-1"},"canonical":"https:\/\/klauskunze.com\/blog\/2022\/02\/26\/der-spiegel-unserer-schwaeche\/","og_locale":"de_DE","og_type":"article","og_title":"Der Spiegel unserer Schw\u00e4che - Klaus Kunze","og_description":"Die Russen kommen! \u201eDie Russen kommen!\u201c F\u00fcr Millionen Deutsche als ihre Opfer von 1945 ist das die Tatarenmeldung schlechthin. Sie aktiviert tiefsitzende Traumata ganzer Generationen, auch die der sekund\u00e4r traumatisierten Nachkriegsgeborenen. Die einen nahmen im Proze\u00df ihrer h\u00f6chstpers\u00f6nlichen Bew\u00e4ltigung rechte, betont wehrhafte Werthaltungen an. Die anderen erkl\u00e4rten die ganze Welt zu Freunden und woben sich [&hellip;]","og_url":"https:\/\/klauskunze.com\/blog\/2022\/02\/26\/der-spiegel-unserer-schwaeche\/","og_site_name":"Klaus Kunze","article_published_time":"2022-02-26T08:36:56+00:00","article_modified_time":"2022-02-26T08:36:57+00:00","og_image":[{"width":950,"height":674,"url":"https:\/\/klauskunze.com\/blog\/wp-content\/uploads\/2022\/02\/bildschirmfoto-2022-02-26-um-073656.jpg","type":"image\/jpeg"}],"author":"Klaus Kunze","twitter_misc":{"Verfasst von":"Klaus Kunze","Gesch\u00e4tzte Lesezeit":"6\u00a0Minuten"},"schema":{"@context":"https:\/\/schema.org","@graph":[{"@type":"Article","@id":"https:\/\/klauskunze.com\/blog\/2022\/02\/26\/der-spiegel-unserer-schwaeche\/#article","isPartOf":{"@id":"https:\/\/klauskunze.com\/blog\/2022\/02\/26\/der-spiegel-unserer-schwaeche\/"},"author":{"name":"Klaus Kunze","@id":"https:\/\/klauskunze.com\/blog\/#\/schema\/person\/9c091cf30ab68b897db6a517e3c3b11b"},"headline":"Der Spiegel unserer Schw\u00e4che","datePublished":"2022-02-26T08:36:56+00:00","dateModified":"2022-02-26T08:36:57+00:00","mainEntityOfPage":{"@id":"https:\/\/klauskunze.com\/blog\/2022\/02\/26\/der-spiegel-unserer-schwaeche\/"},"wordCount":1101,"commentCount":0,"publisher":{"@id":"https:\/\/klauskunze.com\/blog\/#\/schema\/person\/9c091cf30ab68b897db6a517e3c3b11b"},"image":{"@id":"https:\/\/klauskunze.com\/blog\/2022\/02\/26\/der-spiegel-unserer-schwaeche\/#primaryimage"},"thumbnailUrl":"https:\/\/klauskunze.com\/blog\/wp-content\/uploads\/2022\/02\/bildschirmfoto-2022-02-26-um-073656.jpg","articleSection":{"1":"Politik"},"inLanguage":"de","potentialAction":[{"@type":"CommentAction","name":"Comment","target":["https:\/\/klauskunze.com\/blog\/2022\/02\/26\/der-spiegel-unserer-schwaeche\/#respond"]}]},{"@type":"WebPage","@id":"https:\/\/klauskunze.com\/blog\/2022\/02\/26\/der-spiegel-unserer-schwaeche\/","url":"https:\/\/klauskunze.com\/blog\/2022\/02\/26\/der-spiegel-unserer-schwaeche\/","name":"Der Spiegel unserer Schw\u00e4che - Klaus Kunze","isPartOf":{"@id":"https:\/\/klauskunze.com\/blog\/#website"},"primaryImageOfPage":{"@id":"https:\/\/klauskunze.com\/blog\/2022\/02\/26\/der-spiegel-unserer-schwaeche\/#primaryimage"},"image":{"@id":"https:\/\/klauskunze.com\/blog\/2022\/02\/26\/der-spiegel-unserer-schwaeche\/#primaryimage"},"thumbnailUrl":"https:\/\/klauskunze.com\/blog\/wp-content\/uploads\/2022\/02\/bildschirmfoto-2022-02-26-um-073656.jpg","datePublished":"2022-02-26T08:36:56+00:00","dateModified":"2022-02-26T08:36:57+00:00","breadcrumb":{"@id":"https:\/\/klauskunze.com\/blog\/2022\/02\/26\/der-spiegel-unserer-schwaeche\/#breadcrumb"},"inLanguage":"de","potentialAction":[{"@type":"ReadAction","target":["https:\/\/klauskunze.com\/blog\/2022\/02\/26\/der-spiegel-unserer-schwaeche\/"]}]},{"@type":"ImageObject","inLanguage":"de","@id":"https:\/\/klauskunze.com\/blog\/2022\/02\/26\/der-spiegel-unserer-schwaeche\/#primaryimage","url":"https:\/\/klauskunze.com\/blog\/wp-content\/uploads\/2022\/02\/bildschirmfoto-2022-02-26-um-073656.jpg","contentUrl":"https:\/\/klauskunze.com\/blog\/wp-content\/uploads\/2022\/02\/bildschirmfoto-2022-02-26-um-073656.jpg","width":950,"height":674},{"@type":"BreadcrumbList","@id":"https:\/\/klauskunze.com\/blog\/2022\/02\/26\/der-spiegel-unserer-schwaeche\/#breadcrumb","itemListElement":[{"@type":"ListItem","position":1,"name":"Startseite","item":"https:\/\/klauskunze.com\/blog\/"},{"@type":"ListItem","position":2,"name":"Der Spiegel unserer Schw\u00e4che"}]},{"@type":"WebSite","@id":"https:\/\/klauskunze.com\/blog\/#website","url":"https:\/\/klauskunze.com\/blog\/","name":"Klaus Kunze","description":"Blog","publisher":{"@id":"https:\/\/klauskunze.com\/blog\/#\/schema\/person\/9c091cf30ab68b897db6a517e3c3b11b"},"potentialAction":[{"@type":"SearchAction","target":{"@type":"EntryPoint","urlTemplate":"https:\/\/klauskunze.com\/blog\/?s={search_term_string}"},"query-input":{"@type":"PropertyValueSpecification","valueRequired":true,"valueName":"search_term_string"}}],"inLanguage":"de"},{"@type":["Person","Organization"],"@id":"https:\/\/klauskunze.com\/blog\/#\/schema\/person\/9c091cf30ab68b897db6a517e3c3b11b","name":"Klaus Kunze","image":{"@type":"ImageObject","inLanguage":"de","@id":"https:\/\/secure.gravatar.com\/avatar\/5cd83cadbada9c331a79952fcca177ed3d3be4c7ad3239b9d934bf84adff15dd?s=96&d=blank&r=g","url":"https:\/\/secure.gravatar.com\/avatar\/5cd83cadbada9c331a79952fcca177ed3d3be4c7ad3239b9d934bf84adff15dd?s=96&d=blank&r=g","contentUrl":"https:\/\/secure.gravatar.com\/avatar\/5cd83cadbada9c331a79952fcca177ed3d3be4c7ad3239b9d934bf84adff15dd?s=96&d=blank&r=g","caption":"Klaus Kunze"},"logo":{"@id":"https:\/\/secure.gravatar.com\/avatar\/5cd83cadbada9c331a79952fcca177ed3d3be4c7ad3239b9d934bf84adff15dd?s=96&d=blank&r=g"},"sameAs":["http:\/\/KlausKunze.com","https:\/\/x.com\/https:\/\/twitter.com\/KlausKunze3"]}]}},"post_mailing_queue_ids":[],"_links":{"self":[{"href":"https:\/\/klauskunze.com\/blog\/wp-json\/wp\/v2\/posts\/4519","targetHints":{"allow":["GET"]}}],"collection":[{"href":"https:\/\/klauskunze.com\/blog\/wp-json\/wp\/v2\/posts"}],"about":[{"href":"https:\/\/klauskunze.com\/blog\/wp-json\/wp\/v2\/types\/post"}],"author":[{"embeddable":true,"href":"https:\/\/klauskunze.com\/blog\/wp-json\/wp\/v2\/users\/1"}],"replies":[{"embeddable":true,"href":"https:\/\/klauskunze.com\/blog\/wp-json\/wp\/v2\/comments?post=4519"}],"version-history":[{"count":2,"href":"https:\/\/klauskunze.com\/blog\/wp-json\/wp\/v2\/posts\/4519\/revisions"}],"predecessor-version":[{"id":4522,"href":"https:\/\/klauskunze.com\/blog\/wp-json\/wp\/v2\/posts\/4519\/revisions\/4522"}],"wp:featuredmedia":[{"embeddable":true,"href":"https:\/\/klauskunze.com\/blog\/wp-json\/wp\/v2\/media\/4520"}],"wp:attachment":[{"href":"https:\/\/klauskunze.com\/blog\/wp-json\/wp\/v2\/media?parent=4519"}],"wp:term":[{"taxonomy":"category","embeddable":true,"href":"https:\/\/klauskunze.com\/blog\/wp-json\/wp\/v2\/categories?post=4519"},{"taxonomy":"post_tag","embeddable":true,"href":"https:\/\/klauskunze.com\/blog\/wp-json\/wp\/v2\/tags?post=4519"}],"curies":[{"name":"wp","href":"https:\/\/api.w.org\/{rel}","templated":true}]}}