{"id":4524,"date":"2022-02-27T10:32:39","date_gmt":"2022-02-27T09:32:39","guid":{"rendered":"http:\/\/klauskunze.com\/blog\/?p=4524"},"modified":"2022-02-27T15:10:28","modified_gmt":"2022-02-27T14:10:28","slug":"die-elementare-wucht-der-realitaet-nutzen","status":"publish","type":"post","link":"https:\/\/klauskunze.com\/blog\/2022\/02\/27\/die-elementare-wucht-der-realitaet-nutzen\/","title":{"rendered":"Die elementare Wucht der Ereignisse nutzen!"},"content":{"rendered":"\n<h2 class=\"wp-block-heading\">Wahrnehmungen<\/h2>\n\n\n\n<p>Dem postmodernen Europa gehen ganze Bibliotheken den Bach hinunter. Die elementare Wucht der Realit\u00e4t sp\u00fclt sie in den Orkus: die Dekonstruktivisten, die Genderisten, die Transfemininistinnen, die Diskurstheoretiker und andere Tr\u00e4umer. Die Ideenwelt folgt zwangsl\u00e4ufig den realen Umst\u00e4nden. Das Gerede zieht immer den k\u00fcrzeren, wenn die Gewalt gro\u00df ist und die Rede klein.<\/p>\n\n\n\n<p>Nur zu gern hatte sich der Gro\u00dfteil unserer Intellektuellen von der Wirklichkeit verabschiedet. Jetzt werden sie von ihr eingeholt. Utopisten wollten nicht wahrhaben, \u201ewas immer gilt\u201c. Gutmenschen schlossen die Augen davor, da\u00df \u201eder Mensch\u201c jederzeit \u201edes Menschen Wolf\u201c sein kann. Globalisten verabschiedeten das Konzept \u201eNation\u201c. Ihre liberalistisch halbierte Vernunft betrachtete V\u00f6lker als blo\u00dfe Konstrukte.<\/p>\n\n\n\n<p>Blut ist aber dicker als Tinte. Mit ihrem Blut besiegeln heute Ukrainer ihre Existenz als eigenes Volk, das um seine Freiheit ringt. Jeder waffenf\u00e4hige Mann soll k\u00e4mpfen. Mehr noch: Wir sehen bewaffnete junge Frauen Molotow-Cocktails basteln und auf gepanzerte Fahrzeuge werfen. Hunderttausende M\u00fctter und Kinder werden ins Ausland evakuiert. Und das Wunder an der Weichsel geschah: Dieselben Polen, die seit Jahren die sogenannte \u201e gerechte Verteilung\u201c von Fl\u00fcchtlingen in Europa verweigerten, nehmen die aus der Ukraine bereitwillig auf. Ukrainnerinnen sind schlie\u00dflich keine Syrer.<\/p>\n\n\n\n<p>Europa ben\u00f6tigt einen umfassenden Paradigmenwechsel. Der Abwehrkampf der Ukrainer k\u00f6nnte als geistige Initialz\u00fcndung wirken. Die Osteurop\u00e4er wollen V\u00f6lker sein und nicht Bev\u00f6lkerungen, sie bilden in der Not Gemeinschaften und keine Gesellschaften, sie wollten frei sein und selbstbestimmt, nicht unterjocht und f\u00fcr irgendwelche imperialen Ziele mi\u00dfbraucht. Sie wollen in ihrer Identit\u00e4t sie selbst bleiben und nicht solange von Fremden unterwandert, bis ihre Heimat sich vor ihren Augen in eine Fremde verwandelt. Solche V\u00f6lker stehen Schulter an Schulter wie heute die Osteurop\u00e4er, weil sie sich ihrer historischen Verbundenheit und \u00e4hnlichen Kultur bewu\u00dft sind. Da\u00df auch wir entweder \u201ewir selbst\u201c bleiben m\u00fcssen oder kein freies Volk mehr sein werden, lautet unser neues Paradigma.<\/p>\n\n\n\n<h2 class=\"wp-block-heading\">Fehlwahrnehmungen<\/h2>\n\n\n\n<p>Die deutsche Rechte wird von der Realit\u00e4t ebenso durchgesch\u00fcttelt wie die Linke. Manche erkennen nicht den Funken Glut, der die Fackel des zukunftsweisenden Denkens entz\u00fcnden kann. Manche scheinen zu glauben, schwach bewaffnete Ukrainer und Zivilisten riskierten ihr Leben f\u00fcr George Soros oder Bill Gates.<\/p>\n\n\n\n<p>Sie sehen einen Teil der Wirklichkeit richtig, \u00fcberblicken aber weder die Lage in ihrer ganzen Komplexit\u00e4t noch die Chancen, die sie f\u00fcr uns birgt. Ja, der Gro\u00dfkonflikt mu\u00dfte irgendwann milit\u00e4risch zum Ausbruch kommen. Die USA waren dabei, Ru\u00dfland schachmatt zu setzen. Wie schon so oft folgte das Drehbuch dem Konzept, da\u00df man den Feind zwingt, den ersten Schu\u00df abzugeben oder sich aufzugeben. Als die Japaner Pearl Harbour angriffen, hatten die Amerikaner sie strategisch bereits so eingekreist, da\u00df sie meinten, sich nur noch milit\u00e4risch aus der Falle l\u00f6sen zu k\u00f6nnen. Der US-Geheimdienst wu\u00dfte vor dem Angriff Bescheid. Der Krieg endete mit einem Aufschwung der US-Wirtschaft und der Herrschaft \u00fcber den Indopazifik.<\/p>\n\n\n\n<p>Ja, die zunehmende Einkreisung Ru\u00dflands durch die US-gef\u00fchrte NATO l\u00e4\u00dft Ru\u00dfland aus seiner Sicht keine Alternative als den milit\u00e4rischen Ausweg, wenn nicht am Ende NATO-Mittelstreckenraketen zehn Flugminuten vor Moskau stationiert werden k\u00f6nnten. Ja, die Amerikaner haben die Maidan-Bewegung in Kiew auch geheimdienstlich unterst\u00fctzt und m\u00f6chten die Ukraine dem Wirtschaftsraum ihrer Finanzimperiums einverleiben, dessen treueste Vasallen wir bereits sind. Ja, sie haben Putin geostrategisch in eine Lage man\u00f6vriert, aus der er nicht mehr friedlich zu entkommen meint. Den heutigen Krieg haben sie billigend in Kauf genommen.<\/p>\n\n\n\n<p>Deutschlands Lage ist nicht beneidenswert. Ein strategisches Ziel der USA bestand immer darin, die potentielle \u00f6konomische Verbindung der deutschen Industrie mit den russischen Bodensch\u00e4tzen zu verhindern. Unser Land ist mit strategischem Arsenal der USA vollgepackt. Unsere Bundeswehr hat noch nicht einmal ausreichend Munition. Wer Amerika zum Freund hat, braucht keine Feinde mehr. Die Russen rauben Unterworfenen nur ihre Freiheit, die Amerikaner aber ihre Seele. Von der Umerziehung und die Political correctness \u00fcber den Genderwahn bis hin zur LBTG-Bewegung als neueste Sumpfbl\u00fcte unserer Destruktion bedeutete Amerikanisierung immer Zersetzung alles dessen, was unser Selbst ausmacht.<\/p>\n\n\n\n<p>Es stellt aber eine groteske Reduktion der Lage auf diese eine Seite der Medaille dar, mit klammheimlicher Freude Herrn Putin zu beobachten, wenn er seine Knute \u00fcber seinen einheimischen buntlackieren LBTG-Abweichlern schwingt, ein Heiliges M\u00fctterchen Ru\u00dfland beschw\u00f6rt, kriegerische Mannestugenden kultiviert und so manche Pose einnimmt, die rechte M\u00e4nnerherzen h\u00f6her schlagen l\u00e4\u00dft.<\/p>\n\n\n\n<p>Die von Putin kultivierte Ideologie der St\u00e4rke richtet sich allerdings gegen uns, auch um uns einzusch\u00fcchtern und zu einem Pussy-Staat zu machen. Seit Jahren ist in den sozialen Medien mit den H\u00e4nden zu greifen, welche Twittermeldungen und RT-Berichte schlechthin nur den Zweck haben k\u00f6nnen, unser Staatswesen zu zersetzen, Mi\u00dftrauen zu s\u00e4en und uns zu spalten. Es ist kein Zufall, da\u00df \u00fcberall dort, wo wir unserer Regierungspropaganda und ihren Staatsmedien v\u00f6llig zu Recht nicht mehr trauen, russischer Einflu\u00df mitmischt. RT berichtet doch nicht wegen unserer sch\u00f6nen blauen Augen live von Pegida-Demonstrationen oder Spazierg\u00e4ngen.<\/p>\n\n\n\n<p>Wer sich mental aus Abscheu vor dem Feind im Westen dem im Osten in die Arme wirft, vergi\u00dft sich selbst, und er vergi\u00dft unsere historischen Erfahrungen. Wessen Panzerketten walzten denn den deutschen Volksaufstand am 17. Juni 1953 nieder, wessen den Ungarnaufstand 1956, wer marschierte 1968 in die Tschechoslowakei ein und f\u00e4hrt heute wild um sich schie\u00dfend in der Ukraine spazieren?<\/p>\n\n\n\n<p>Ganz gleichg\u00fcltig, welche geostrategischen Schachz\u00fcge die Ukrainer in ihre Lage zwischen zwei M\u00fchlsteinen gebracht haben: Jetzt k\u00e4mpfen sie f\u00fcr sich, f\u00fcr ihre Freiheit und f\u00fcr ihre Selbstbestimmung. Das ist der ausschlaggebende Ankn\u00fcpfungspunkt f\u00fcr unsere emotionale Lagebewertung. An ihr mag sich nach n\u00fcchterner Betrachtung unserer nationalen Eigeninteressen, unserer Chancen und Risiken dann unser politisches Verhalten ausrichten.<\/p>\n\n\n\n<h2 class=\"wp-block-heading\">Europa freier V\u00f6lker<\/h2>\n\n\n\n<p>F\u00fcr ein Europa freier V\u00f6lker tragen wir als gr\u00f6\u00dfte Nation im Herzen des Kontinents die Hauptverantwortung. Es kann nur ein Europa ohne russische Kettenpanzer und ohne unsere Kolonisierung durch US-Finanzwirtschaft und ihre Gro\u00dfkonzerne sein.<\/p>\n\n\n\n<p>Das Herz dieses Europas schl\u00e4gt heute in Ostmitteleuropa, bei den Ungarn, den Polen, den Balten und nicht zuletzt den Ukrainern. Es liegt in unserem nationalen Interesse, die europ\u00e4ischen V\u00f6lker als in ihrem Schicksal miteinander verbunden zu erkennen. Unsere Freiheit wird nicht am Hindukusch verteidigt. Die heute von Ru\u00dfland bedrohten L\u00e4nder hatten einst einen gemeinsamen, wirtschaftlich und geistig deutsch dominierten Kulturraum gebildet.<\/p>\n\n\n\n<div class=\"wp-block-image\"><figure class=\"aligncenter size-full\"><img loading=\"lazy\" decoding=\"async\" width=\"799\" height=\"479\" src=\"http:\/\/klauskunze.com\/blog\/wp-content\/uploads\/2022\/02\/zuschneiden7a.jpg\" alt=\"\" class=\"wp-image-4526\" srcset=\"https:\/\/klauskunze.com\/blog\/wp-content\/uploads\/2022\/02\/zuschneiden7a.jpg 799w, https:\/\/klauskunze.com\/blog\/wp-content\/uploads\/2022\/02\/zuschneiden7a-300x180.jpg 300w, https:\/\/klauskunze.com\/blog\/wp-content\/uploads\/2022\/02\/zuschneiden7a-768x460.jpg 768w\" sizes=\"auto, (max-width: 799px) 100vw, 799px\" \/><figcaption>F\u00fcr schicksaltr\u00e4chtige Emotionen darf es auch mal ein bi\u00dfchen kitschig sein:   <a href=\"https:\/\/de.wikipedia.org\/wiki\/Hermann_Knackfu%C3%9F\">Hermann Knackfu\u00df<\/a>, 1895: <a href=\"https:\/\/de.wikipedia.org\/wiki\/V%C3%B6lker_Europas,_wahrt_eure_heiligsten_G%C3%BCter\">V\u00f6lker Europas<\/a>: von links nach rechts: unbenannt, Britannia, Italia, Austria, M\u00fctterchen Russland, Germania, Marianne; in der Bildmitte der <a href=\"https:\/\/de.wikipedia.org\/wiki\/Erzengel_Michael\">Erzengel Michael<\/a> (<a href=\"https:\/\/p1-tt.byteimg.com\/origin\/pgc-image\/a4834f804e284462928d4472f29fdaf4\">Bildquelle<\/a>, Bilderl\u00e4uterung <a href=\"https:\/\/de.wikipedia.org\/wiki\/Nationalallegorie#\/media\/Datei:Voelker_Europas.jpg\">Wikipedia)<\/a><\/figcaption><\/figure><\/div>\n\n\n\n<p>Es ist ja kein Zufall, da\u00df der Kern des ukrainischen Widerstandes zu verorten ist, wo Landstriche wie Galizien ihre kulturelle Pr\u00e4gung durch die Monarchie der Habsburger empfangen hatten, dem letzten Kaiserhaus unseres alten Reiches. Wo hingegen der Zar befahl und sich Russen ausbreiteten, scheint in der Ostukraine heute noch moskowitisches Denken vorzuherrschen. Hier k\u00f6nnte im Rahmen eines Friedensschlusses ein territorialer Kompromi\u00df Abhilfe schaffen.<\/p>\n\n\n\n<p>Angesichts des brutalen russischen Vorgehens denken selbst eingefleischte Linke um, schweigen die \u00fcblichen Verd\u00e4chtigen und schl\u00e4gt den f\u00fcr ihre Freiheit K\u00e4mpfenden in ganz Europa Sympathie entgegen. Der Wind hat sich gedreht. La\u00dft uns die Segel setzen! Wer jetzt die Begriffe pr\u00e4gt, die richtigen Positionen besetzt und die \u00dcberlegungen in die richtige Richtung lenkt, befindet sich im Vorteil. Wer einen Paradigmenwechsel herbeif\u00fchren will, mu\u00df auch die passenden Sprachbilder nutzen. <\/p>\n\n\n\n<p>Die Realit\u00e4t des Krieges befindet sich noch erfreulich weit weg. Damit sie sich wuchtig entfalten kann, mu\u00df sie in unsere Wohnzimmer und unsere K\u00f6pfe transportiert werden. Worte und Bilder vermitteln das. Die Macht der optischen Bilder ist gro\u00df. Sie bilden die Haupts\u00e4ule jeder Propaganda wie etwa das Foto eines angeblich ertrunkenen Fl\u00fcchtlingskindes 2015. In den Kinderjahren der Photographie bediente man sich bildlicher Allegorien wie der Maler <a href=\"https:\/\/de.wikipedia.org\/wiki\/Hermann_Knackfu%C3%9F\">Hermann Knackfu\u00df<\/a>, 1895. Das Gem\u00e4lde wurde dem Zaren geschenkt, welche Ironie vor den heutigen Ereignissen.<\/p>\n\n\n\n<p>Wir haben unsere Chance. Nutzen wir sie!<\/p>\n","protected":false},"excerpt":{"rendered":"<p>Wahrnehmungen Dem postmodernen Europa gehen ganze Bibliotheken den Bach hinunter. Die elementare Wucht der Realit\u00e4t sp\u00fclt sie in den Orkus: die Dekonstruktivisten, die Genderisten, die Transfemininistinnen, die Diskurstheoretiker und andere Tr\u00e4umer. Die Ideenwelt folgt zwangsl\u00e4ufig den realen Umst\u00e4nden. Das Gerede zieht immer den k\u00fcrzeren, wenn die Gewalt gro\u00df ist und die Rede klein. Nur zu [&hellip;]<\/p>\n","protected":false},"author":1,"featured_media":4526,"comment_status":"open","ping_status":"open","sticky":false,"template":"","format":"standard","meta":{"h5ap_radio_sources":[],"twitterCardType":"","cardImageID":0,"cardImage":"","cardTitle":"","cardDesc":"","cardImageAlt":"","cardPlayer":"","cardPlayerWidth":0,"cardPlayerHeight":0,"cardPlayerStream":"","cardPlayerCodec":"","footnotes":""},"categories":[1,13],"tags":[],"class_list":["post-4524","post","type-post","status-publish","format-standard","has-post-thumbnail","hentry","category-allgemein","category-geschichte"],"yoast_head":"<!-- This site is optimized with the Yoast SEO plugin v27.5 - https:\/\/yoast.com\/product\/yoast-seo-wordpress\/ -->\n<title>Die elementare Wucht der Ereignisse nutzen! - Klaus Kunze<\/title>\n<meta name=\"robots\" content=\"index, follow, max-snippet:-1, max-image-preview:large, max-video-preview:-1\" \/>\n<link rel=\"canonical\" href=\"https:\/\/klauskunze.com\/blog\/2022\/02\/27\/die-elementare-wucht-der-realitaet-nutzen\/\" \/>\n<meta property=\"og:locale\" content=\"de_DE\" \/>\n<meta property=\"og:type\" content=\"article\" \/>\n<meta property=\"og:title\" content=\"Die elementare Wucht der Ereignisse nutzen! - Klaus Kunze\" \/>\n<meta property=\"og:description\" content=\"Wahrnehmungen Dem postmodernen Europa gehen ganze Bibliotheken den Bach hinunter. Die elementare Wucht der Realit\u00e4t sp\u00fclt sie in den Orkus: die Dekonstruktivisten, die Genderisten, die Transfemininistinnen, die Diskurstheoretiker und andere Tr\u00e4umer. Die Ideenwelt folgt zwangsl\u00e4ufig den realen Umst\u00e4nden. Das Gerede zieht immer den k\u00fcrzeren, wenn die Gewalt gro\u00df ist und die Rede klein. Nur zu [&hellip;]\" \/>\n<meta property=\"og:url\" content=\"https:\/\/klauskunze.com\/blog\/2022\/02\/27\/die-elementare-wucht-der-realitaet-nutzen\/\" \/>\n<meta property=\"og:site_name\" content=\"Klaus Kunze\" \/>\n<meta property=\"article:published_time\" content=\"2022-02-27T09:32:39+00:00\" \/>\n<meta property=\"article:modified_time\" content=\"2022-02-27T14:10:28+00:00\" \/>\n<meta property=\"og:image\" content=\"https:\/\/klauskunze.com\/blog\/wp-content\/uploads\/2022\/02\/zuschneiden7a.jpg\" \/>\n\t<meta property=\"og:image:width\" content=\"799\" \/>\n\t<meta property=\"og:image:height\" content=\"479\" \/>\n\t<meta property=\"og:image:type\" content=\"image\/jpeg\" \/>\n<meta name=\"author\" content=\"Klaus Kunze\" \/>\n<meta name=\"twitter:label1\" content=\"Verfasst von\" \/>\n\t<meta name=\"twitter:data1\" content=\"Klaus Kunze\" \/>\n\t<meta name=\"twitter:label2\" content=\"Gesch\u00e4tzte Lesezeit\" \/>\n\t<meta name=\"twitter:data2\" content=\"8\u00a0Minuten\" \/>\n<script type=\"application\/ld+json\" class=\"yoast-schema-graph\">{\"@context\":\"https:\\\/\\\/schema.org\",\"@graph\":[{\"@type\":\"Article\",\"@id\":\"https:\\\/\\\/klauskunze.com\\\/blog\\\/2022\\\/02\\\/27\\\/die-elementare-wucht-der-realitaet-nutzen\\\/#article\",\"isPartOf\":{\"@id\":\"https:\\\/\\\/klauskunze.com\\\/blog\\\/2022\\\/02\\\/27\\\/die-elementare-wucht-der-realitaet-nutzen\\\/\"},\"author\":{\"name\":\"Klaus Kunze\",\"@id\":\"https:\\\/\\\/klauskunze.com\\\/blog\\\/#\\\/schema\\\/person\\\/9c091cf30ab68b897db6a517e3c3b11b\"},\"headline\":\"Die elementare Wucht der Ereignisse nutzen!\",\"datePublished\":\"2022-02-27T09:32:39+00:00\",\"dateModified\":\"2022-02-27T14:10:28+00:00\",\"mainEntityOfPage\":{\"@id\":\"https:\\\/\\\/klauskunze.com\\\/blog\\\/2022\\\/02\\\/27\\\/die-elementare-wucht-der-realitaet-nutzen\\\/\"},\"wordCount\":1354,\"commentCount\":2,\"publisher\":{\"@id\":\"https:\\\/\\\/klauskunze.com\\\/blog\\\/#\\\/schema\\\/person\\\/9c091cf30ab68b897db6a517e3c3b11b\"},\"image\":{\"@id\":\"https:\\\/\\\/klauskunze.com\\\/blog\\\/2022\\\/02\\\/27\\\/die-elementare-wucht-der-realitaet-nutzen\\\/#primaryimage\"},\"thumbnailUrl\":\"https:\\\/\\\/klauskunze.com\\\/blog\\\/wp-content\\\/uploads\\\/2022\\\/02\\\/zuschneiden7a.jpg\",\"articleSection\":{\"1\":\"Geschichte\"},\"inLanguage\":\"de\",\"potentialAction\":[{\"@type\":\"CommentAction\",\"name\":\"Comment\",\"target\":[\"https:\\\/\\\/klauskunze.com\\\/blog\\\/2022\\\/02\\\/27\\\/die-elementare-wucht-der-realitaet-nutzen\\\/#respond\"]}]},{\"@type\":\"WebPage\",\"@id\":\"https:\\\/\\\/klauskunze.com\\\/blog\\\/2022\\\/02\\\/27\\\/die-elementare-wucht-der-realitaet-nutzen\\\/\",\"url\":\"https:\\\/\\\/klauskunze.com\\\/blog\\\/2022\\\/02\\\/27\\\/die-elementare-wucht-der-realitaet-nutzen\\\/\",\"name\":\"Die elementare Wucht der Ereignisse nutzen! - Klaus Kunze\",\"isPartOf\":{\"@id\":\"https:\\\/\\\/klauskunze.com\\\/blog\\\/#website\"},\"primaryImageOfPage\":{\"@id\":\"https:\\\/\\\/klauskunze.com\\\/blog\\\/2022\\\/02\\\/27\\\/die-elementare-wucht-der-realitaet-nutzen\\\/#primaryimage\"},\"image\":{\"@id\":\"https:\\\/\\\/klauskunze.com\\\/blog\\\/2022\\\/02\\\/27\\\/die-elementare-wucht-der-realitaet-nutzen\\\/#primaryimage\"},\"thumbnailUrl\":\"https:\\\/\\\/klauskunze.com\\\/blog\\\/wp-content\\\/uploads\\\/2022\\\/02\\\/zuschneiden7a.jpg\",\"datePublished\":\"2022-02-27T09:32:39+00:00\",\"dateModified\":\"2022-02-27T14:10:28+00:00\",\"breadcrumb\":{\"@id\":\"https:\\\/\\\/klauskunze.com\\\/blog\\\/2022\\\/02\\\/27\\\/die-elementare-wucht-der-realitaet-nutzen\\\/#breadcrumb\"},\"inLanguage\":\"de\",\"potentialAction\":[{\"@type\":\"ReadAction\",\"target\":[\"https:\\\/\\\/klauskunze.com\\\/blog\\\/2022\\\/02\\\/27\\\/die-elementare-wucht-der-realitaet-nutzen\\\/\"]}]},{\"@type\":\"ImageObject\",\"inLanguage\":\"de\",\"@id\":\"https:\\\/\\\/klauskunze.com\\\/blog\\\/2022\\\/02\\\/27\\\/die-elementare-wucht-der-realitaet-nutzen\\\/#primaryimage\",\"url\":\"https:\\\/\\\/klauskunze.com\\\/blog\\\/wp-content\\\/uploads\\\/2022\\\/02\\\/zuschneiden7a.jpg\",\"contentUrl\":\"https:\\\/\\\/klauskunze.com\\\/blog\\\/wp-content\\\/uploads\\\/2022\\\/02\\\/zuschneiden7a.jpg\",\"width\":799,\"height\":479},{\"@type\":\"BreadcrumbList\",\"@id\":\"https:\\\/\\\/klauskunze.com\\\/blog\\\/2022\\\/02\\\/27\\\/die-elementare-wucht-der-realitaet-nutzen\\\/#breadcrumb\",\"itemListElement\":[{\"@type\":\"ListItem\",\"position\":1,\"name\":\"Startseite\",\"item\":\"https:\\\/\\\/klauskunze.com\\\/blog\\\/\"},{\"@type\":\"ListItem\",\"position\":2,\"name\":\"Die elementare Wucht der Ereignisse nutzen!\"}]},{\"@type\":\"WebSite\",\"@id\":\"https:\\\/\\\/klauskunze.com\\\/blog\\\/#website\",\"url\":\"https:\\\/\\\/klauskunze.com\\\/blog\\\/\",\"name\":\"Klaus Kunze\",\"description\":\"Blog\",\"publisher\":{\"@id\":\"https:\\\/\\\/klauskunze.com\\\/blog\\\/#\\\/schema\\\/person\\\/9c091cf30ab68b897db6a517e3c3b11b\"},\"potentialAction\":[{\"@type\":\"SearchAction\",\"target\":{\"@type\":\"EntryPoint\",\"urlTemplate\":\"https:\\\/\\\/klauskunze.com\\\/blog\\\/?s={search_term_string}\"},\"query-input\":{\"@type\":\"PropertyValueSpecification\",\"valueRequired\":true,\"valueName\":\"search_term_string\"}}],\"inLanguage\":\"de\"},{\"@type\":[\"Person\",\"Organization\"],\"@id\":\"https:\\\/\\\/klauskunze.com\\\/blog\\\/#\\\/schema\\\/person\\\/9c091cf30ab68b897db6a517e3c3b11b\",\"name\":\"Klaus Kunze\",\"image\":{\"@type\":\"ImageObject\",\"inLanguage\":\"de\",\"@id\":\"https:\\\/\\\/secure.gravatar.com\\\/avatar\\\/5cd83cadbada9c331a79952fcca177ed3d3be4c7ad3239b9d934bf84adff15dd?s=96&d=blank&r=g\",\"url\":\"https:\\\/\\\/secure.gravatar.com\\\/avatar\\\/5cd83cadbada9c331a79952fcca177ed3d3be4c7ad3239b9d934bf84adff15dd?s=96&d=blank&r=g\",\"contentUrl\":\"https:\\\/\\\/secure.gravatar.com\\\/avatar\\\/5cd83cadbada9c331a79952fcca177ed3d3be4c7ad3239b9d934bf84adff15dd?s=96&d=blank&r=g\",\"caption\":\"Klaus Kunze\"},\"logo\":{\"@id\":\"https:\\\/\\\/secure.gravatar.com\\\/avatar\\\/5cd83cadbada9c331a79952fcca177ed3d3be4c7ad3239b9d934bf84adff15dd?s=96&d=blank&r=g\"},\"sameAs\":[\"http:\\\/\\\/KlausKunze.com\",\"https:\\\/\\\/x.com\\\/https:\\\/\\\/twitter.com\\\/KlausKunze3\"]}]}<\/script>\n<!-- \/ Yoast SEO plugin. -->","yoast_head_json":{"title":"Die elementare Wucht der Ereignisse nutzen! - Klaus Kunze","robots":{"index":"index","follow":"follow","max-snippet":"max-snippet:-1","max-image-preview":"max-image-preview:large","max-video-preview":"max-video-preview:-1"},"canonical":"https:\/\/klauskunze.com\/blog\/2022\/02\/27\/die-elementare-wucht-der-realitaet-nutzen\/","og_locale":"de_DE","og_type":"article","og_title":"Die elementare Wucht der Ereignisse nutzen! - Klaus Kunze","og_description":"Wahrnehmungen Dem postmodernen Europa gehen ganze Bibliotheken den Bach hinunter. Die elementare Wucht der Realit\u00e4t sp\u00fclt sie in den Orkus: die Dekonstruktivisten, die Genderisten, die Transfemininistinnen, die Diskurstheoretiker und andere Tr\u00e4umer. Die Ideenwelt folgt zwangsl\u00e4ufig den realen Umst\u00e4nden. Das Gerede zieht immer den k\u00fcrzeren, wenn die Gewalt gro\u00df ist und die Rede klein. Nur zu [&hellip;]","og_url":"https:\/\/klauskunze.com\/blog\/2022\/02\/27\/die-elementare-wucht-der-realitaet-nutzen\/","og_site_name":"Klaus Kunze","article_published_time":"2022-02-27T09:32:39+00:00","article_modified_time":"2022-02-27T14:10:28+00:00","og_image":[{"width":799,"height":479,"url":"https:\/\/klauskunze.com\/blog\/wp-content\/uploads\/2022\/02\/zuschneiden7a.jpg","type":"image\/jpeg"}],"author":"Klaus Kunze","twitter_misc":{"Verfasst von":"Klaus Kunze","Gesch\u00e4tzte Lesezeit":"8\u00a0Minuten"},"schema":{"@context":"https:\/\/schema.org","@graph":[{"@type":"Article","@id":"https:\/\/klauskunze.com\/blog\/2022\/02\/27\/die-elementare-wucht-der-realitaet-nutzen\/#article","isPartOf":{"@id":"https:\/\/klauskunze.com\/blog\/2022\/02\/27\/die-elementare-wucht-der-realitaet-nutzen\/"},"author":{"name":"Klaus Kunze","@id":"https:\/\/klauskunze.com\/blog\/#\/schema\/person\/9c091cf30ab68b897db6a517e3c3b11b"},"headline":"Die elementare Wucht der Ereignisse nutzen!","datePublished":"2022-02-27T09:32:39+00:00","dateModified":"2022-02-27T14:10:28+00:00","mainEntityOfPage":{"@id":"https:\/\/klauskunze.com\/blog\/2022\/02\/27\/die-elementare-wucht-der-realitaet-nutzen\/"},"wordCount":1354,"commentCount":2,"publisher":{"@id":"https:\/\/klauskunze.com\/blog\/#\/schema\/person\/9c091cf30ab68b897db6a517e3c3b11b"},"image":{"@id":"https:\/\/klauskunze.com\/blog\/2022\/02\/27\/die-elementare-wucht-der-realitaet-nutzen\/#primaryimage"},"thumbnailUrl":"https:\/\/klauskunze.com\/blog\/wp-content\/uploads\/2022\/02\/zuschneiden7a.jpg","articleSection":{"1":"Geschichte"},"inLanguage":"de","potentialAction":[{"@type":"CommentAction","name":"Comment","target":["https:\/\/klauskunze.com\/blog\/2022\/02\/27\/die-elementare-wucht-der-realitaet-nutzen\/#respond"]}]},{"@type":"WebPage","@id":"https:\/\/klauskunze.com\/blog\/2022\/02\/27\/die-elementare-wucht-der-realitaet-nutzen\/","url":"https:\/\/klauskunze.com\/blog\/2022\/02\/27\/die-elementare-wucht-der-realitaet-nutzen\/","name":"Die elementare Wucht der Ereignisse nutzen! - Klaus Kunze","isPartOf":{"@id":"https:\/\/klauskunze.com\/blog\/#website"},"primaryImageOfPage":{"@id":"https:\/\/klauskunze.com\/blog\/2022\/02\/27\/die-elementare-wucht-der-realitaet-nutzen\/#primaryimage"},"image":{"@id":"https:\/\/klauskunze.com\/blog\/2022\/02\/27\/die-elementare-wucht-der-realitaet-nutzen\/#primaryimage"},"thumbnailUrl":"https:\/\/klauskunze.com\/blog\/wp-content\/uploads\/2022\/02\/zuschneiden7a.jpg","datePublished":"2022-02-27T09:32:39+00:00","dateModified":"2022-02-27T14:10:28+00:00","breadcrumb":{"@id":"https:\/\/klauskunze.com\/blog\/2022\/02\/27\/die-elementare-wucht-der-realitaet-nutzen\/#breadcrumb"},"inLanguage":"de","potentialAction":[{"@type":"ReadAction","target":["https:\/\/klauskunze.com\/blog\/2022\/02\/27\/die-elementare-wucht-der-realitaet-nutzen\/"]}]},{"@type":"ImageObject","inLanguage":"de","@id":"https:\/\/klauskunze.com\/blog\/2022\/02\/27\/die-elementare-wucht-der-realitaet-nutzen\/#primaryimage","url":"https:\/\/klauskunze.com\/blog\/wp-content\/uploads\/2022\/02\/zuschneiden7a.jpg","contentUrl":"https:\/\/klauskunze.com\/blog\/wp-content\/uploads\/2022\/02\/zuschneiden7a.jpg","width":799,"height":479},{"@type":"BreadcrumbList","@id":"https:\/\/klauskunze.com\/blog\/2022\/02\/27\/die-elementare-wucht-der-realitaet-nutzen\/#breadcrumb","itemListElement":[{"@type":"ListItem","position":1,"name":"Startseite","item":"https:\/\/klauskunze.com\/blog\/"},{"@type":"ListItem","position":2,"name":"Die elementare Wucht der Ereignisse nutzen!"}]},{"@type":"WebSite","@id":"https:\/\/klauskunze.com\/blog\/#website","url":"https:\/\/klauskunze.com\/blog\/","name":"Klaus Kunze","description":"Blog","publisher":{"@id":"https:\/\/klauskunze.com\/blog\/#\/schema\/person\/9c091cf30ab68b897db6a517e3c3b11b"},"potentialAction":[{"@type":"SearchAction","target":{"@type":"EntryPoint","urlTemplate":"https:\/\/klauskunze.com\/blog\/?s={search_term_string}"},"query-input":{"@type":"PropertyValueSpecification","valueRequired":true,"valueName":"search_term_string"}}],"inLanguage":"de"},{"@type":["Person","Organization"],"@id":"https:\/\/klauskunze.com\/blog\/#\/schema\/person\/9c091cf30ab68b897db6a517e3c3b11b","name":"Klaus Kunze","image":{"@type":"ImageObject","inLanguage":"de","@id":"https:\/\/secure.gravatar.com\/avatar\/5cd83cadbada9c331a79952fcca177ed3d3be4c7ad3239b9d934bf84adff15dd?s=96&d=blank&r=g","url":"https:\/\/secure.gravatar.com\/avatar\/5cd83cadbada9c331a79952fcca177ed3d3be4c7ad3239b9d934bf84adff15dd?s=96&d=blank&r=g","contentUrl":"https:\/\/secure.gravatar.com\/avatar\/5cd83cadbada9c331a79952fcca177ed3d3be4c7ad3239b9d934bf84adff15dd?s=96&d=blank&r=g","caption":"Klaus Kunze"},"logo":{"@id":"https:\/\/secure.gravatar.com\/avatar\/5cd83cadbada9c331a79952fcca177ed3d3be4c7ad3239b9d934bf84adff15dd?s=96&d=blank&r=g"},"sameAs":["http:\/\/KlausKunze.com","https:\/\/x.com\/https:\/\/twitter.com\/KlausKunze3"]}]}},"post_mailing_queue_ids":[],"_links":{"self":[{"href":"https:\/\/klauskunze.com\/blog\/wp-json\/wp\/v2\/posts\/4524","targetHints":{"allow":["GET"]}}],"collection":[{"href":"https:\/\/klauskunze.com\/blog\/wp-json\/wp\/v2\/posts"}],"about":[{"href":"https:\/\/klauskunze.com\/blog\/wp-json\/wp\/v2\/types\/post"}],"author":[{"embeddable":true,"href":"https:\/\/klauskunze.com\/blog\/wp-json\/wp\/v2\/users\/1"}],"replies":[{"embeddable":true,"href":"https:\/\/klauskunze.com\/blog\/wp-json\/wp\/v2\/comments?post=4524"}],"version-history":[{"count":9,"href":"https:\/\/klauskunze.com\/blog\/wp-json\/wp\/v2\/posts\/4524\/revisions"}],"predecessor-version":[{"id":4536,"href":"https:\/\/klauskunze.com\/blog\/wp-json\/wp\/v2\/posts\/4524\/revisions\/4536"}],"wp:featuredmedia":[{"embeddable":true,"href":"https:\/\/klauskunze.com\/blog\/wp-json\/wp\/v2\/media\/4526"}],"wp:attachment":[{"href":"https:\/\/klauskunze.com\/blog\/wp-json\/wp\/v2\/media?parent=4524"}],"wp:term":[{"taxonomy":"category","embeddable":true,"href":"https:\/\/klauskunze.com\/blog\/wp-json\/wp\/v2\/categories?post=4524"},{"taxonomy":"post_tag","embeddable":true,"href":"https:\/\/klauskunze.com\/blog\/wp-json\/wp\/v2\/tags?post=4524"}],"curies":[{"name":"wp","href":"https:\/\/api.w.org\/{rel}","templated":true}]}}