{"id":4706,"date":"2022-06-15T12:01:56","date_gmt":"2022-06-15T10:01:56","guid":{"rendered":"http:\/\/klauskunze.com\/blog\/?p=4706"},"modified":"2022-06-16T08:06:14","modified_gmt":"2022-06-16T06:06:14","slug":"merkels-intervention-verfassungswidrig","status":"publish","type":"post","link":"https:\/\/klauskunze.com\/blog\/2022\/06\/15\/merkels-intervention-verfassungswidrig\/","title":{"rendered":"Merkels Intervention verfassungswidrig"},"content":{"rendered":"\n<h3 class=\"wp-block-heading\">Das BVerfG hat durchgegriffen<\/h3>\n\n\n\n<p>Das Bundesverfassungsgericht hat mit Urteil vom 15. Juni 2022 &#8211; 2 BvE 4\/20, 2 BvE 5\/20 &#8211; entschieden, da\u00df Merkels dreiste Intervention gegen die Wahl des FDP-Abgeordneten Kemmerich zum Th\u00fcringer Ministerpr\u00e4sidenten verfassungswidrig war:<\/p>\n\n\n\n<blockquote class=\"wp-block-quote is-layout-flow wp-block-quote-is-layout-flow\"><p><em>\u201eMeine Damen und Herren, ich hatte dem Pr\u00e4sidenten schon gesagt, dass ich aus innenpolitischen Gr\u00fcnden eine Vorbemerkung machen m\u00f6chte, und zwar bezogen auf den gestrigen Tag, an dem ein Ministerpr\u00e4sident in Th\u00fcringen gew\u00e4hlt wurde. Die Wahl dieses Ministerpr\u00e4sidenten war ein einzigartiger Vorgang, der mit einer Grund\u00fcberzeugung f\u00fcr die CDU und auch f\u00fcr mich gebrochen hat, dass n\u00e4mlich keine Mehrheiten mit Hilfe der AfD gewonnen werden sollen. Da dies in der Konstellation, in der im dritten Wahlgang gew\u00e4hlt wurde, absehbar war, muss man sagen, dass dieser Vorgang unverzeihlich ist und deshalb das Ergebnis r\u00fcckg\u00e4ngig gemacht werden muss. Zumindest gilt f\u00fcr die CDU, dass sich die CDU nicht an einer Regierung unter dem gew\u00e4hlten Ministerpr\u00e4sidenten beteiligen darf. Es war ein schlechter Tag f\u00fcr die Demokratie.\u201c<\/em><\/p><cite>Angela Merkel<\/cite><\/blockquote>\n\n\n\n<p>Ma\u00dfgeblich der Freiburger Verfassungsrechtler Prof. Dietrich Murswiek hat sein Jahrzehnten eine Rechtsfortbildung bef\u00f6rdert: Der Staat darf sich nicht mit beh\u00f6rdlicher Autorit\u00e4t einmischen, wo er rechtlich nichts zu suchen hat. Dabei ging es urspr\u00fcnglich um Staatshaftung, wenn Beh\u00f6rden \u00f6ffentlich vor Produkten warnten, die sich im nachhinein als harmlos herausstellten und um \u00e4hnliche Fragen. Seitdem haben immer h\u00e4ufiger Gerichte einem \u00fcbergriffigen Staat auf die Finger geklopft, wenn er seine Autorit\u00e4t in Anspruch nahm und sich dreist einmischte, wo es ihm nicht erlaubt war. Im politischen Raum neigt er dazu besonders.<\/p>\n\n\n\n<p>Doch ist es tats\u00e4chlich der Staat, wenn ein Minister \u00f6ffentlich \u00fcber eine Konkurrenzpartei l\u00e4stert? Was ist dem Staatshandeln zuzurechnen, wenn seine Vertreter alles in einer Person sind: Regierungsmitglied, Parteimitglied und Privatperson? Hatte sich da die Privatfrau Angela Merkel angema\u00dft, die Wahl zum Th\u00fcringer Ministerpr\u00e4sidenten r\u00fcckg\u00e4ngig zu machen, war es vielleicht die CDU-Vertreterin, oder war es die Bundeskanzlerin als Staatsorgan? Das BVerfG hat diesen Fall richtig entschieden, weil die verfassungswidrige Intervention auch auf den Webseiten der Bundesregierung zu lesen war. Das BVerfG entschied korrekt:<\/p>\n\n\n\n<blockquote class=\"wp-block-quote is-layout-flow wp-block-quote-is-layout-flow\"><p>Die streitgegenst\u00e4ndliche \u00c4u\u00dferung wurde in amtlicher Funktion get\u00e4tigt. Sie fiel im ausschlie\u00dflich amtsbezogenen Rahmen einer Regierungspressekonferenz, deren Anla\u00df sowie vorgesehener Gegenstand Gespr\u00e4che waren, welche die Antragsgegnerin zu I. in ihrer Eigenschaft als Bundeskanzlerin im Rahmen eines Staatsbesuchs in S\u00fcdafrika gef\u00fchrt hatte.<\/p><cite><a href=\"https:\/\/www.bundesverfassungsgericht.de\/SharedDocs\/Pressemitteilungen\/DE\/2022\/bvg22-053.html;jsessionid=BC3B4F0D41C9D066C2FE9C7B076A1AED.2_cid319\">BVerfG Pressemitteilung Nr. 53\/2022 vom 15. Juni 2022<\/a><\/cite><\/blockquote>\n\n\n\n<h2 class=\"wp-block-heading\">Strukturproblem unserer Verfassung<\/h2>\n\n\n\n<p>Der Streitfall verdeutlich ein bekanntes Strukturproblem unserer Verfassung: Die politischen Parteien erwachsen aus dem Boden der Gesellschaft und sind Vereine. Sie verstehen sich als parteiisch, das ist ihnen in die Wiege gelegt. Darum hei\u00dfen sie schlie\u00dflich Partei. Sie sind alles andere als gesellschaftlich neutral.<\/p>\n\n\n\n<p>Staatsorgane sind aber dazu verpflichtet, gegen\u00fcber allen gesellschaftlichen Kr\u00e4ften Neutralit\u00e4t zu wahren.<\/p>\n\n\n\n<blockquote class=\"wp-block-quote is-layout-flow wp-block-quote-is-layout-flow\"><p>Um die verfassungsrechtlich gebotene Offenheit des Prozesses der politischen Willensbildung zu gew\u00e4hrleisten, ist es unerl\u00e4sslich, dass die Parteien, soweit irgend m\u00f6glich, gleichberechtigt am politischen Wettbewerb teilnehmen. Dies macht es erforderlich, dass Staatsorgane im politischen Wettbewerb der Parteien Neutralit\u00e4t wahren. Das Recht, gleichberechtigt am Prozess der Meinungs- und Willensbildung teilzunehmen, wird regelm\u00e4\u00dfig verletzt, wenn Staatsorgane als solche zugunsten oder zulasten einer politischen Partei oder von Wahlbewerbern auf den Wahlkampf einwirken.<\/p><cite><a href=\"https:\/\/www.bundesverfassungsgericht.de\/SharedDocs\/Pressemitteilungen\/DE\/2022\/bvg22-053.html;jsessionid=BC3B4F0D41C9D066C2FE9C7B076A1AED.2_cid319\">BVerfG Pressemitteilung Nr. 53\/2022 vom 15. Juni 2022<\/a><\/cite><\/blockquote>\n\n\n\n<p>Wo aber Staat und Gesellschaft unaufl\u00f6slich ineinander verwoben sind, ist staatliche Neutralit\u00e4t unm\u00f6glich. Wer als B\u00fcrger einer bei der Wahl unterlegenen Partei anh\u00e4ngt, blickt auf eine Regierung und sieht da genau die Nasen, die er von den Wahlplakaten seiner Parteienkonkurrenz satt hat. Die jeweils siegenden Parteien fl\u00e4zen sich dann auf Regierungssesseln herum und erz\u00e4hlen ihren unterlegenen Konkurrenten, warum diese \u00fcber Nacht Staatsfeinde geworden seien: &#8222;Der Staat sind wir! Wer uns kritisiert, ist ein Feind von Staat und Verfassung!&#8220;<\/p>\n\n\n\n<h2 class=\"wp-block-heading\">Wer unterscheidet noch Staat und Gesellschaft?<\/h2>\n\n\n\n<p>Die Staatsorgane und Beh\u00f6rden mutieren dann zu Agenturen der Parteien, die sie sich zur Beute gemacht haben. Anschaulich wird das an der Person des derzeitigen Verfassungsschutzpr\u00e4sidenten Haldenwang. F\u00fcr ihn ist es verfassungsfeindlich etwa, die Corona-Ma\u00dfnahmen der Regierung und ihrer weisungsgebundenen Beh\u00f6rden zu kritisieren. Im neuen Verfassungsschutzbericht f\u00fcr 2021 hei\u00dft es:<\/p>\n\n\n\n<blockquote class=\"wp-block-quote is-layout-flow wp-block-quote-is-layout-flow\"><p>Das BfV hat daher im April 2021 den neuen Ph\u00e4nomen\u00adbereich \u201eVerfassungsschutzrelevante Delegitimierung des Staates\u201c eingerichtet. Die Akteure dieses Ph\u00e4nomenbereichs zielen dabei darauf ab, we\u00adsentliche Verfassungsgrunds\u00e4tze au\u00dfer Geltung zu setzen oder die Funktionsf\u00e4higkeit des Staates oder seiner Einrichtungen er\u00adheblich zu beeintr\u00e4chtigen. Sie machen demokratische Entschei\u00addungsprozesse und Institutionen von Legislative, Exekutive und Judikative ver\u00e4chtlich, sprechen ihnen \u00f6ffentlich die Legitimit\u00e4t ab und rufen zum Ignorieren beh\u00f6rdlicher oder gerichtlicher An\u00adordnungen und Entscheidungen auf. Diese Form der Delegitimie\u00adrung erfolgt meist nicht durch eine unmittelbare Infragestellung der Demokratie als solche, sondern \u00fcber eine st\u00e4ndige Agitation gegen und Ver\u00e4chtlichmachung von demokratisch legitimierten Repr\u00e4sentantinnen und Repr\u00e4sentanten sowie Institutionen des Staates und ihrer Entscheidungen. Hierdurch kann das Vertrauen in das staatliche System insgesamt ersch\u00fcttert und dessen Funkti\u00adonsf\u00e4higkeit beeintr\u00e4chtigt werden. Eine derartige Agitation steht im Widerspruch zu elementaren Verfassungsgrunds\u00e4tzen wie dem Demokratieprinzip oder dem Rechtsstaatsprinzip.<\/p><cite><a href=\"https:\/\/www.bmi.bund.de\/SharedDocs\/downloads\/DE\/publikationen\/themen\/sicherheit\/vsb-2021-gesamt.pdf;jsessionid=0A0D9A5AFC7114ED6DCE690F3BD2873A.1_cid287?__blob=publicationFile&amp;v=3\">VS-Bericht 2021, S.112.<\/a><\/cite><\/blockquote>\n\n\n\n<p>Er sieht gro\u00dfz\u00fcgig dar\u00fcber hinweg, da\u00df man fragw\u00fcrdige Parteivertreter wie Herrn Lauterbach und ihre Einf\u00e4lle nicht von ihrem amtlichen Walten trennen kann. Wer ihn f\u00fcr unf\u00e4hig und seine Ma\u00dfnahmen f\u00fcr falsch h\u00e4lt, kann sie gar nicht kritisieren, ohne zugleich einen Repr\u00e4sentanten des Staates anzugreifen. Es ist das gute verfassungsm\u00e4\u00dfige Recht jedes B\u00fcrger, seine Regierung zu kritisieren. Darum hei\u00dft die ganze Veranstaltung ja auch Demokratie.<\/p>\n\n\n\n<p>Die M\u00f6glichkeit zur Kritik, bestehe sie selbst in einem Ver\u00e4chtlichmachen eines Ministers, ist kein Angriff auf die Demokratie, sondern eine Voraussetzung f\u00fcr eine funktionierende Demokratie. Sie amtlich als verfassungsfeindlich zu brandmarken, ist wiederum ein verfassungswidriger Angriff auf ein Wesensmerkmal der freiheitlichen demokratischen Grundordnung: der freien Willenbildung vom Volk hin zu den Staatsorganen. In autorit\u00e4ren Staaten wie Wei\u00dfru\u00dfland hingegen bilden Machthaber den Willen des Volkes von oben herab durch Staatsmedien und Staatsschutz.<\/p>\n\n\n\n<p>Da\u00df sich das deutsche Wahlvolk so etwas gefallen l\u00e4\u00dft, ist erstaunlich. Es deutet darauf hin, nicht nur in Wei\u00dfru\u00dfland k\u00f6nnte das Volk mittlerweile mehrheitlich denken, was die hohe Beh\u00f6rde ihm zu denken erlaubt und durch ihre Staatsmedien Tag f\u00fcr Tag einbleut.<\/p>\n\n\n\n<p>Die totale Machtergreifung der Gesellschaft \u00fcber den Staat wird \u00fcberall dort augenf\u00e4llig, wo Parteivertreter die Macht ergreifen und sich mit dem Staat identifizieren. Jeden Angriff auf sich nennen sie dann staats- oder verfassungsfeindlich. Sie verm\u00f6gen zwischen dem Staat und sich selbst nicht mehr zu unterscheiden.<\/p>\n\n\n\n<p>Den gleichen Fehler mag auch der eine oder andere Corona-Ver\u00e4chter machen, wenn er dem Staat in die Schuhe schiebt oder unser System pauschal f\u00fcr verantwortlich daf\u00fcr h\u00e4lt, was doch nur die Folge ideologischer Seifenblasen gesellschaftlicher Machtgruppen und ihres Machtwillens sind. Der Staat: Das sind wir alle, kollektiv handelnd in einer verfassungsm\u00e4\u00dfigen Organisationsform. Der Staat und die Verfassung sind nichts in Stein gemei\u00dfeltes, sondern wie ein Klavier lassen sie immer die Melodie erklingen, die ihr jeweiliger Spieler auf ihnen spielt. Oder wie die Handpuppe des K\u00f6nigs im Kasperletheater bewegen sie sich immer so, wie der jeweilige Puppenspieler es vorgibt, dessen Hand in der Puppe steckt.<\/p>\n\n\n\n<p>Im 20. Jahrhundert sahen wir mehrfach die totale Machtergreifung eines gesellschaftlichen Partei \u00fcber den Staat. Sie wird erkennbar daran, da\u00df ihre Parteifahnen oder die Fahnen ihrer Bewegung anstelle der Staatsfahnen treten. <\/p>\n\n\n\n<div class=\"wp-block-image\"><figure class=\"aligncenter size-full\"><img loading=\"lazy\" decoding=\"async\" width=\"696\" height=\"777\" src=\"http:\/\/klauskunze.com\/blog\/wp-content\/uploads\/2022\/06\/Zuschneiden_3.jpg\" alt=\"\" class=\"wp-image-4708\" srcset=\"https:\/\/klauskunze.com\/blog\/wp-content\/uploads\/2022\/06\/Zuschneiden_3.jpg 696w, https:\/\/klauskunze.com\/blog\/wp-content\/uploads\/2022\/06\/Zuschneiden_3-269x300.jpg 269w\" sizes=\"auto, (max-width: 696px) 100vw, 696px\" \/><figcaption>Machtergreifung einer gesellschaftlichen Kraft \u00fcber den Staat (<a href=\"https:\/\/www.hamburg.de\/bwfgb\/15272576\/beflaggung-regenbogenfahne-rathaus-2021\/\">Hamburger Senat 23.7.2021, offizielle Webseite<\/a>)<\/figcaption><\/figure><\/div>\n\n\n\n<p>So wurde die russische Fahne nach der Oktoberrevolution ersetzt durch die rote Fahne der kommunistischen Partei und die schwarz-rot-goldene Reichsfahne 1933 ersetzt durch die Hakenkreuzfahne. Wir sollten dem Aufziehen neuer, bunter Fahnen an \u00f6ffentlichen Geb\u00e4uden mit demokratischer Wachsamkeit gegen\u00fcberstehen.<\/p>\n","protected":false},"excerpt":{"rendered":"<p>Das BVerfG hat durchgegriffen Das Bundesverfassungsgericht hat mit Urteil vom 15. Juni 2022 &#8211; 2 BvE 4\/20, 2 BvE 5\/20 &#8211; entschieden, da\u00df Merkels dreiste Intervention gegen die Wahl des FDP-Abgeordneten Kemmerich zum Th\u00fcringer Ministerpr\u00e4sidenten verfassungswidrig war: \u201eMeine Damen und Herren, ich hatte dem Pr\u00e4sidenten schon gesagt, dass ich aus innenpolitischen Gr\u00fcnden eine Vorbemerkung machen [&hellip;]<\/p>\n","protected":false},"author":1,"featured_media":4709,"comment_status":"open","ping_status":"open","sticky":false,"template":"","format":"standard","meta":{"h5ap_radio_sources":[],"twitterCardType":"","cardImageID":0,"cardImage":"","cardTitle":"","cardDesc":"","cardImageAlt":"","cardPlayer":"","cardPlayerWidth":0,"cardPlayerHeight":0,"cardPlayerStream":"","cardPlayerCodec":"","footnotes":""},"categories":[1,18,17],"tags":[],"class_list":["post-4706","post","type-post","status-publish","format-standard","has-post-thumbnail","hentry","category-allgemein","category-juristisches","category-politik"],"yoast_head":"<!-- This site is optimized with the Yoast SEO plugin v27.5 - https:\/\/yoast.com\/product\/yoast-seo-wordpress\/ -->\n<title>Merkels Intervention verfassungswidrig - Klaus Kunze<\/title>\n<meta name=\"robots\" content=\"index, follow, max-snippet:-1, max-image-preview:large, max-video-preview:-1\" \/>\n<link rel=\"canonical\" href=\"https:\/\/klauskunze.com\/blog\/2022\/06\/15\/merkels-intervention-verfassungswidrig\/\" \/>\n<meta property=\"og:locale\" content=\"de_DE\" \/>\n<meta property=\"og:type\" content=\"article\" \/>\n<meta property=\"og:title\" content=\"Merkels Intervention verfassungswidrig - Klaus Kunze\" \/>\n<meta property=\"og:description\" content=\"Das BVerfG hat durchgegriffen Das Bundesverfassungsgericht hat mit Urteil vom 15. Juni 2022 &#8211; 2 BvE 4\/20, 2 BvE 5\/20 &#8211; entschieden, da\u00df Merkels dreiste Intervention gegen die Wahl des FDP-Abgeordneten Kemmerich zum Th\u00fcringer Ministerpr\u00e4sidenten verfassungswidrig war: \u201eMeine Damen und Herren, ich hatte dem Pr\u00e4sidenten schon gesagt, dass ich aus innenpolitischen Gr\u00fcnden eine Vorbemerkung machen [&hellip;]\" \/>\n<meta property=\"og:url\" content=\"https:\/\/klauskunze.com\/blog\/2022\/06\/15\/merkels-intervention-verfassungswidrig\/\" \/>\n<meta property=\"og:site_name\" content=\"Klaus Kunze\" \/>\n<meta property=\"article:published_time\" content=\"2022-06-15T10:01:56+00:00\" \/>\n<meta property=\"article:modified_time\" content=\"2022-06-16T06:06:14+00:00\" \/>\n<meta property=\"og:image\" content=\"https:\/\/klauskunze.com\/blog\/wp-content\/uploads\/2022\/06\/regenbogenfahne-2021.jpg\" \/>\n\t<meta property=\"og:image:width\" content=\"990\" \/>\n\t<meta property=\"og:image:height\" content=\"557\" \/>\n\t<meta property=\"og:image:type\" content=\"image\/jpeg\" \/>\n<meta name=\"author\" content=\"Klaus Kunze\" \/>\n<meta name=\"twitter:label1\" content=\"Verfasst von\" \/>\n\t<meta name=\"twitter:data1\" content=\"Klaus Kunze\" \/>\n\t<meta name=\"twitter:label2\" content=\"Gesch\u00e4tzte Lesezeit\" \/>\n\t<meta name=\"twitter:data2\" content=\"7\u00a0Minuten\" \/>\n<script type=\"application\/ld+json\" class=\"yoast-schema-graph\">{\"@context\":\"https:\\\/\\\/schema.org\",\"@graph\":[{\"@type\":\"Article\",\"@id\":\"https:\\\/\\\/klauskunze.com\\\/blog\\\/2022\\\/06\\\/15\\\/merkels-intervention-verfassungswidrig\\\/#article\",\"isPartOf\":{\"@id\":\"https:\\\/\\\/klauskunze.com\\\/blog\\\/2022\\\/06\\\/15\\\/merkels-intervention-verfassungswidrig\\\/\"},\"author\":{\"name\":\"Klaus Kunze\",\"@id\":\"https:\\\/\\\/klauskunze.com\\\/blog\\\/#\\\/schema\\\/person\\\/9c091cf30ab68b897db6a517e3c3b11b\"},\"headline\":\"Merkels Intervention verfassungswidrig\",\"datePublished\":\"2022-06-15T10:01:56+00:00\",\"dateModified\":\"2022-06-16T06:06:14+00:00\",\"mainEntityOfPage\":{\"@id\":\"https:\\\/\\\/klauskunze.com\\\/blog\\\/2022\\\/06\\\/15\\\/merkels-intervention-verfassungswidrig\\\/\"},\"wordCount\":1309,\"commentCount\":1,\"publisher\":{\"@id\":\"https:\\\/\\\/klauskunze.com\\\/blog\\\/#\\\/schema\\\/person\\\/9c091cf30ab68b897db6a517e3c3b11b\"},\"image\":{\"@id\":\"https:\\\/\\\/klauskunze.com\\\/blog\\\/2022\\\/06\\\/15\\\/merkels-intervention-verfassungswidrig\\\/#primaryimage\"},\"thumbnailUrl\":\"https:\\\/\\\/klauskunze.com\\\/blog\\\/wp-content\\\/uploads\\\/2022\\\/06\\\/regenbogenfahne-2021.jpg\",\"articleSection\":{\"1\":\"Juristisches\",\"2\":\"Politik\"},\"inLanguage\":\"de\",\"potentialAction\":[{\"@type\":\"CommentAction\",\"name\":\"Comment\",\"target\":[\"https:\\\/\\\/klauskunze.com\\\/blog\\\/2022\\\/06\\\/15\\\/merkels-intervention-verfassungswidrig\\\/#respond\"]}]},{\"@type\":\"WebPage\",\"@id\":\"https:\\\/\\\/klauskunze.com\\\/blog\\\/2022\\\/06\\\/15\\\/merkels-intervention-verfassungswidrig\\\/\",\"url\":\"https:\\\/\\\/klauskunze.com\\\/blog\\\/2022\\\/06\\\/15\\\/merkels-intervention-verfassungswidrig\\\/\",\"name\":\"Merkels Intervention verfassungswidrig - Klaus Kunze\",\"isPartOf\":{\"@id\":\"https:\\\/\\\/klauskunze.com\\\/blog\\\/#website\"},\"primaryImageOfPage\":{\"@id\":\"https:\\\/\\\/klauskunze.com\\\/blog\\\/2022\\\/06\\\/15\\\/merkels-intervention-verfassungswidrig\\\/#primaryimage\"},\"image\":{\"@id\":\"https:\\\/\\\/klauskunze.com\\\/blog\\\/2022\\\/06\\\/15\\\/merkels-intervention-verfassungswidrig\\\/#primaryimage\"},\"thumbnailUrl\":\"https:\\\/\\\/klauskunze.com\\\/blog\\\/wp-content\\\/uploads\\\/2022\\\/06\\\/regenbogenfahne-2021.jpg\",\"datePublished\":\"2022-06-15T10:01:56+00:00\",\"dateModified\":\"2022-06-16T06:06:14+00:00\",\"breadcrumb\":{\"@id\":\"https:\\\/\\\/klauskunze.com\\\/blog\\\/2022\\\/06\\\/15\\\/merkels-intervention-verfassungswidrig\\\/#breadcrumb\"},\"inLanguage\":\"de\",\"potentialAction\":[{\"@type\":\"ReadAction\",\"target\":[\"https:\\\/\\\/klauskunze.com\\\/blog\\\/2022\\\/06\\\/15\\\/merkels-intervention-verfassungswidrig\\\/\"]}]},{\"@type\":\"ImageObject\",\"inLanguage\":\"de\",\"@id\":\"https:\\\/\\\/klauskunze.com\\\/blog\\\/2022\\\/06\\\/15\\\/merkels-intervention-verfassungswidrig\\\/#primaryimage\",\"url\":\"https:\\\/\\\/klauskunze.com\\\/blog\\\/wp-content\\\/uploads\\\/2022\\\/06\\\/regenbogenfahne-2021.jpg\",\"contentUrl\":\"https:\\\/\\\/klauskunze.com\\\/blog\\\/wp-content\\\/uploads\\\/2022\\\/06\\\/regenbogenfahne-2021.jpg\",\"width\":990,\"height\":557},{\"@type\":\"BreadcrumbList\",\"@id\":\"https:\\\/\\\/klauskunze.com\\\/blog\\\/2022\\\/06\\\/15\\\/merkels-intervention-verfassungswidrig\\\/#breadcrumb\",\"itemListElement\":[{\"@type\":\"ListItem\",\"position\":1,\"name\":\"Startseite\",\"item\":\"https:\\\/\\\/klauskunze.com\\\/blog\\\/\"},{\"@type\":\"ListItem\",\"position\":2,\"name\":\"Merkels Intervention verfassungswidrig\"}]},{\"@type\":\"WebSite\",\"@id\":\"https:\\\/\\\/klauskunze.com\\\/blog\\\/#website\",\"url\":\"https:\\\/\\\/klauskunze.com\\\/blog\\\/\",\"name\":\"Klaus Kunze\",\"description\":\"Blog\",\"publisher\":{\"@id\":\"https:\\\/\\\/klauskunze.com\\\/blog\\\/#\\\/schema\\\/person\\\/9c091cf30ab68b897db6a517e3c3b11b\"},\"potentialAction\":[{\"@type\":\"SearchAction\",\"target\":{\"@type\":\"EntryPoint\",\"urlTemplate\":\"https:\\\/\\\/klauskunze.com\\\/blog\\\/?s={search_term_string}\"},\"query-input\":{\"@type\":\"PropertyValueSpecification\",\"valueRequired\":true,\"valueName\":\"search_term_string\"}}],\"inLanguage\":\"de\"},{\"@type\":[\"Person\",\"Organization\"],\"@id\":\"https:\\\/\\\/klauskunze.com\\\/blog\\\/#\\\/schema\\\/person\\\/9c091cf30ab68b897db6a517e3c3b11b\",\"name\":\"Klaus Kunze\",\"image\":{\"@type\":\"ImageObject\",\"inLanguage\":\"de\",\"@id\":\"https:\\\/\\\/secure.gravatar.com\\\/avatar\\\/5cd83cadbada9c331a79952fcca177ed3d3be4c7ad3239b9d934bf84adff15dd?s=96&d=blank&r=g\",\"url\":\"https:\\\/\\\/secure.gravatar.com\\\/avatar\\\/5cd83cadbada9c331a79952fcca177ed3d3be4c7ad3239b9d934bf84adff15dd?s=96&d=blank&r=g\",\"contentUrl\":\"https:\\\/\\\/secure.gravatar.com\\\/avatar\\\/5cd83cadbada9c331a79952fcca177ed3d3be4c7ad3239b9d934bf84adff15dd?s=96&d=blank&r=g\",\"caption\":\"Klaus Kunze\"},\"logo\":{\"@id\":\"https:\\\/\\\/secure.gravatar.com\\\/avatar\\\/5cd83cadbada9c331a79952fcca177ed3d3be4c7ad3239b9d934bf84adff15dd?s=96&d=blank&r=g\"},\"sameAs\":[\"http:\\\/\\\/KlausKunze.com\",\"https:\\\/\\\/x.com\\\/https:\\\/\\\/twitter.com\\\/KlausKunze3\"]}]}<\/script>\n<!-- \/ Yoast SEO plugin. -->","yoast_head_json":{"title":"Merkels Intervention verfassungswidrig - Klaus Kunze","robots":{"index":"index","follow":"follow","max-snippet":"max-snippet:-1","max-image-preview":"max-image-preview:large","max-video-preview":"max-video-preview:-1"},"canonical":"https:\/\/klauskunze.com\/blog\/2022\/06\/15\/merkels-intervention-verfassungswidrig\/","og_locale":"de_DE","og_type":"article","og_title":"Merkels Intervention verfassungswidrig - Klaus Kunze","og_description":"Das BVerfG hat durchgegriffen Das Bundesverfassungsgericht hat mit Urteil vom 15. Juni 2022 &#8211; 2 BvE 4\/20, 2 BvE 5\/20 &#8211; entschieden, da\u00df Merkels dreiste Intervention gegen die Wahl des FDP-Abgeordneten Kemmerich zum Th\u00fcringer Ministerpr\u00e4sidenten verfassungswidrig war: \u201eMeine Damen und Herren, ich hatte dem Pr\u00e4sidenten schon gesagt, dass ich aus innenpolitischen Gr\u00fcnden eine Vorbemerkung machen [&hellip;]","og_url":"https:\/\/klauskunze.com\/blog\/2022\/06\/15\/merkels-intervention-verfassungswidrig\/","og_site_name":"Klaus Kunze","article_published_time":"2022-06-15T10:01:56+00:00","article_modified_time":"2022-06-16T06:06:14+00:00","og_image":[{"width":990,"height":557,"url":"https:\/\/klauskunze.com\/blog\/wp-content\/uploads\/2022\/06\/regenbogenfahne-2021.jpg","type":"image\/jpeg"}],"author":"Klaus Kunze","twitter_misc":{"Verfasst von":"Klaus Kunze","Gesch\u00e4tzte Lesezeit":"7\u00a0Minuten"},"schema":{"@context":"https:\/\/schema.org","@graph":[{"@type":"Article","@id":"https:\/\/klauskunze.com\/blog\/2022\/06\/15\/merkels-intervention-verfassungswidrig\/#article","isPartOf":{"@id":"https:\/\/klauskunze.com\/blog\/2022\/06\/15\/merkels-intervention-verfassungswidrig\/"},"author":{"name":"Klaus Kunze","@id":"https:\/\/klauskunze.com\/blog\/#\/schema\/person\/9c091cf30ab68b897db6a517e3c3b11b"},"headline":"Merkels Intervention verfassungswidrig","datePublished":"2022-06-15T10:01:56+00:00","dateModified":"2022-06-16T06:06:14+00:00","mainEntityOfPage":{"@id":"https:\/\/klauskunze.com\/blog\/2022\/06\/15\/merkels-intervention-verfassungswidrig\/"},"wordCount":1309,"commentCount":1,"publisher":{"@id":"https:\/\/klauskunze.com\/blog\/#\/schema\/person\/9c091cf30ab68b897db6a517e3c3b11b"},"image":{"@id":"https:\/\/klauskunze.com\/blog\/2022\/06\/15\/merkels-intervention-verfassungswidrig\/#primaryimage"},"thumbnailUrl":"https:\/\/klauskunze.com\/blog\/wp-content\/uploads\/2022\/06\/regenbogenfahne-2021.jpg","articleSection":{"1":"Juristisches","2":"Politik"},"inLanguage":"de","potentialAction":[{"@type":"CommentAction","name":"Comment","target":["https:\/\/klauskunze.com\/blog\/2022\/06\/15\/merkels-intervention-verfassungswidrig\/#respond"]}]},{"@type":"WebPage","@id":"https:\/\/klauskunze.com\/blog\/2022\/06\/15\/merkels-intervention-verfassungswidrig\/","url":"https:\/\/klauskunze.com\/blog\/2022\/06\/15\/merkels-intervention-verfassungswidrig\/","name":"Merkels Intervention verfassungswidrig - Klaus Kunze","isPartOf":{"@id":"https:\/\/klauskunze.com\/blog\/#website"},"primaryImageOfPage":{"@id":"https:\/\/klauskunze.com\/blog\/2022\/06\/15\/merkels-intervention-verfassungswidrig\/#primaryimage"},"image":{"@id":"https:\/\/klauskunze.com\/blog\/2022\/06\/15\/merkels-intervention-verfassungswidrig\/#primaryimage"},"thumbnailUrl":"https:\/\/klauskunze.com\/blog\/wp-content\/uploads\/2022\/06\/regenbogenfahne-2021.jpg","datePublished":"2022-06-15T10:01:56+00:00","dateModified":"2022-06-16T06:06:14+00:00","breadcrumb":{"@id":"https:\/\/klauskunze.com\/blog\/2022\/06\/15\/merkels-intervention-verfassungswidrig\/#breadcrumb"},"inLanguage":"de","potentialAction":[{"@type":"ReadAction","target":["https:\/\/klauskunze.com\/blog\/2022\/06\/15\/merkels-intervention-verfassungswidrig\/"]}]},{"@type":"ImageObject","inLanguage":"de","@id":"https:\/\/klauskunze.com\/blog\/2022\/06\/15\/merkels-intervention-verfassungswidrig\/#primaryimage","url":"https:\/\/klauskunze.com\/blog\/wp-content\/uploads\/2022\/06\/regenbogenfahne-2021.jpg","contentUrl":"https:\/\/klauskunze.com\/blog\/wp-content\/uploads\/2022\/06\/regenbogenfahne-2021.jpg","width":990,"height":557},{"@type":"BreadcrumbList","@id":"https:\/\/klauskunze.com\/blog\/2022\/06\/15\/merkels-intervention-verfassungswidrig\/#breadcrumb","itemListElement":[{"@type":"ListItem","position":1,"name":"Startseite","item":"https:\/\/klauskunze.com\/blog\/"},{"@type":"ListItem","position":2,"name":"Merkels Intervention verfassungswidrig"}]},{"@type":"WebSite","@id":"https:\/\/klauskunze.com\/blog\/#website","url":"https:\/\/klauskunze.com\/blog\/","name":"Klaus Kunze","description":"Blog","publisher":{"@id":"https:\/\/klauskunze.com\/blog\/#\/schema\/person\/9c091cf30ab68b897db6a517e3c3b11b"},"potentialAction":[{"@type":"SearchAction","target":{"@type":"EntryPoint","urlTemplate":"https:\/\/klauskunze.com\/blog\/?s={search_term_string}"},"query-input":{"@type":"PropertyValueSpecification","valueRequired":true,"valueName":"search_term_string"}}],"inLanguage":"de"},{"@type":["Person","Organization"],"@id":"https:\/\/klauskunze.com\/blog\/#\/schema\/person\/9c091cf30ab68b897db6a517e3c3b11b","name":"Klaus Kunze","image":{"@type":"ImageObject","inLanguage":"de","@id":"https:\/\/secure.gravatar.com\/avatar\/5cd83cadbada9c331a79952fcca177ed3d3be4c7ad3239b9d934bf84adff15dd?s=96&d=blank&r=g","url":"https:\/\/secure.gravatar.com\/avatar\/5cd83cadbada9c331a79952fcca177ed3d3be4c7ad3239b9d934bf84adff15dd?s=96&d=blank&r=g","contentUrl":"https:\/\/secure.gravatar.com\/avatar\/5cd83cadbada9c331a79952fcca177ed3d3be4c7ad3239b9d934bf84adff15dd?s=96&d=blank&r=g","caption":"Klaus Kunze"},"logo":{"@id":"https:\/\/secure.gravatar.com\/avatar\/5cd83cadbada9c331a79952fcca177ed3d3be4c7ad3239b9d934bf84adff15dd?s=96&d=blank&r=g"},"sameAs":["http:\/\/KlausKunze.com","https:\/\/x.com\/https:\/\/twitter.com\/KlausKunze3"]}]}},"post_mailing_queue_ids":[],"_links":{"self":[{"href":"https:\/\/klauskunze.com\/blog\/wp-json\/wp\/v2\/posts\/4706","targetHints":{"allow":["GET"]}}],"collection":[{"href":"https:\/\/klauskunze.com\/blog\/wp-json\/wp\/v2\/posts"}],"about":[{"href":"https:\/\/klauskunze.com\/blog\/wp-json\/wp\/v2\/types\/post"}],"author":[{"embeddable":true,"href":"https:\/\/klauskunze.com\/blog\/wp-json\/wp\/v2\/users\/1"}],"replies":[{"embeddable":true,"href":"https:\/\/klauskunze.com\/blog\/wp-json\/wp\/v2\/comments?post=4706"}],"version-history":[{"count":6,"href":"https:\/\/klauskunze.com\/blog\/wp-json\/wp\/v2\/posts\/4706\/revisions"}],"predecessor-version":[{"id":4715,"href":"https:\/\/klauskunze.com\/blog\/wp-json\/wp\/v2\/posts\/4706\/revisions\/4715"}],"wp:featuredmedia":[{"embeddable":true,"href":"https:\/\/klauskunze.com\/blog\/wp-json\/wp\/v2\/media\/4709"}],"wp:attachment":[{"href":"https:\/\/klauskunze.com\/blog\/wp-json\/wp\/v2\/media?parent=4706"}],"wp:term":[{"taxonomy":"category","embeddable":true,"href":"https:\/\/klauskunze.com\/blog\/wp-json\/wp\/v2\/categories?post=4706"},{"taxonomy":"post_tag","embeddable":true,"href":"https:\/\/klauskunze.com\/blog\/wp-json\/wp\/v2\/tags?post=4706"}],"curies":[{"name":"wp","href":"https:\/\/api.w.org\/{rel}","templated":true}]}}