{"id":4870,"date":"2022-08-31T12:37:20","date_gmt":"2022-08-31T10:37:20","guid":{"rendered":"http:\/\/klauskunze.com\/blog\/?p=4870"},"modified":"2022-08-31T19:25:04","modified_gmt":"2022-08-31T17:25:04","slug":"delegitimierer-zersetzer-und-andere-nagetiere","status":"publish","type":"post","link":"https:\/\/klauskunze.com\/blog\/2022\/08\/31\/delegitimierer-zersetzer-und-andere-nagetiere\/","title":{"rendered":"Delegitimierer, Zersetzer und andere Nagetiere"},"content":{"rendered":"\n<p>Der SPD-Verfassungsschutz hat eine neue Feindgruppe ersp\u00e4ht: die Delegitimierer. Sie zersetzen angeblich den Glauben an unseren Staat.<\/p>\n\n\n\n<blockquote class=\"wp-block-quote is-layout-flow wp-block-quote-is-layout-flow\"><p>Das BfV hat daher den Ph\u00e4nomenbereich \u201eVerfassungsschutzrelevante Delegitimierung des Staates\u201c eingerichtet. Die diesem Ph\u00e4nomenbereich zugeordneten Akteure zielen darauf ab, das Vertrauen in das staatliche System zu ersch\u00fcttern und dessen Funktionsf\u00e4higkeit zu beeintr\u00e4chtigen. Dies versuchen sie zu erreichen, indem sie unter anderem demokratisch gew\u00e4hlte Repr\u00e4sentanten des Staates ver\u00e4chtlich machen, staatlichen Institutionen und ihren Vertretern die Legitimit\u00e4t absprechen, zum Ignorieren gerichtlicher Anordnungen und Entscheidungen aufrufen, staatliche oder \u00f6ffentliche Institutionen (z.B. der Gesundheitsf\u00fcrsorge) mittels Sachbesch\u00e4digungen sabotieren oder zu Widerstandshandlungen gegen die staatliche Ordnung aufrufen. Diese Verhaltensweisen stehen im Widerspruch zu elementaren Verfassungsgrunds\u00e4tzen wie dem Demokratie- oder dem Rechtsstaatsprinzip.<\/p><cite><a href=\"https:\/\/www.verfassungsschutz.de\/DE\/themen\/verfassungsschutzrelevante-delegitimierung-des-staates\/begriff-und-erscheinungsformen\/begriff-und-erscheinungsformen_artikel.html;jsessionid=C1B3E7F7BEE2DD4A8206906696EF9EB9.intranet262\">Webseite des Bundesamttes f\u00fcr Verfassungsschutz<\/a>, abgerufen am 31.8.2022<\/cite><\/blockquote>\n\n\n\n<p>Wir wollen diesen angeblichen Widerspruch einmal hinterfragen.<\/p>\n\n\n<div class=\"wp-block-image\">\n<figure class=\"aligncenter size-large\"><a href=\"https:\/\/www.artstation.com\/artwork\/nY5rNE\"><img loading=\"lazy\" decoding=\"async\" width=\"1024\" height=\"988\" src=\"http:\/\/klauskunze.com\/blog\/wp-content\/uploads\/2022\/08\/tony-sart-elfes-02-02-1-1024x988.jpg\" alt=\"\" class=\"wp-image-4875\" srcset=\"https:\/\/klauskunze.com\/blog\/wp-content\/uploads\/2022\/08\/tony-sart-elfes-02-02-1-1024x988.jpg 1024w, https:\/\/klauskunze.com\/blog\/wp-content\/uploads\/2022\/08\/tony-sart-elfes-02-02-1-300x289.jpg 300w, https:\/\/klauskunze.com\/blog\/wp-content\/uploads\/2022\/08\/tony-sart-elfes-02-02-1-768x741.jpg 768w, https:\/\/klauskunze.com\/blog\/wp-content\/uploads\/2022\/08\/tony-sart-elfes-02-02-1-1536x1482.jpg 1536w, https:\/\/klauskunze.com\/blog\/wp-content\/uploads\/2022\/08\/tony-sart-elfes-02-02-1-900x868.jpg 900w, https:\/\/klauskunze.com\/blog\/wp-content\/uploads\/2022\/08\/tony-sart-elfes-02-02-1-1280x1235.jpg 1280w, https:\/\/klauskunze.com\/blog\/wp-content\/uploads\/2022\/08\/tony-sart-elfes-02-02-1.jpg 1920w\" sizes=\"auto, (max-width: 1024px) 100vw, 1024px\" \/><\/a><figcaption><strong>Die Gesellschaft, ihre B\u00fcttel und ihre Feinde<\/strong>:<br>Der K\u00fcnstler Anton Yakovlev alias <a href=\"https:\/\/www.instagram.com\/sart.tony\/?hl=de\">Toni Sart<\/a> lie\u00df sich  von Tolkiens Fantasy-Figuren inspirieren. Wie in jeder guten Gesellschaft lauert mit dem niedlichen Nagetier unten rechts das heimt\u00fcckische Element der Zersetzung und wartet auf seine Gelegenheit.<\/figcaption><\/figure>\n<\/div>\n\n\n<p>Selbst in der besten Gesellschaft lauert das heimt\u00fcckische Element der Zersetzung \u00fcberall und wartet auf seine Gelegenheit, unseren Staat von unten zu beknabbern.  Die Damen im Bild des K\u00fcnstlers Yakovlev zeigen gern, da\u00df jedermann ihnen zu nahe treten darf. Aber jeder Oberverdachtsch\u00f6pfer wei\u00df sofort: Sie stehen sich vor dem Nachtclub in Wahrheit nur die sch\u00f6nen Beine in den Bauch, um die moralische Weltordnung zu delegitimieren!<\/p>\n\n\n\n<figure class=\"wp-block-image size-large\"><img loading=\"lazy\" decoding=\"async\" width=\"1024\" height=\"723\" src=\"http:\/\/klauskunze.com\/blog\/wp-content\/uploads\/2022\/08\/tony-sart-elfes-02-02-1024x723.jpg\" alt=\"\" class=\"wp-image-4873\" srcset=\"https:\/\/klauskunze.com\/blog\/wp-content\/uploads\/2022\/08\/tony-sart-elfes-02-02-1024x723.jpg 1024w, https:\/\/klauskunze.com\/blog\/wp-content\/uploads\/2022\/08\/tony-sart-elfes-02-02-300x212.jpg 300w, https:\/\/klauskunze.com\/blog\/wp-content\/uploads\/2022\/08\/tony-sart-elfes-02-02-768x542.jpg 768w, https:\/\/klauskunze.com\/blog\/wp-content\/uploads\/2022\/08\/tony-sart-elfes-02-02-900x635.jpg 900w, https:\/\/klauskunze.com\/blog\/wp-content\/uploads\/2022\/08\/tony-sart-elfes-02-02.jpg 1094w\" sizes=\"auto, (max-width: 1024px) 100vw, 1024px\" \/><\/figure>\n\n\n\n<h2 class=\"wp-block-heading\">Demokratieprinzip<\/h2>\n\n\n\n<p>Was besagt das Demokratieprinzip? Da stellen wir uns erst mal ganz dumm und fragen im Grundgesetz und beim Bundesverfassungsgericht nach. Art.20 Abs.2 GG lautet:<\/p>\n\n\n\n<blockquote class=\"wp-block-quote is-layout-flow wp-block-quote-is-layout-flow\"><p>Alle Staatsgewalt geht vom Volke aus. Sie wird vom Volke in Wahlen und Abstimmungen und durch besondere Organe der Gesetzgebung, der vollziehenden Gewalt und der Rechtsprechung ausge\u00fcbt.<\/p><\/blockquote>\n\n\n\n<p>Und unser h\u00f6chstes Gericht sieht es im Recht der B\u00fcrger, in Freiheit und Gleichheit durch Wahlen und Abstimmungen die sie betreffende \u00f6ffentliche Gewalt personell und sachlich zu bestimmen:<\/p>\n\n\n\n<blockquote class=\"wp-block-quote is-layout-flow wp-block-quote-is-layout-flow\"><p>Das Demokratieprinzip ist konstitutiver Bestandteil der freiheitlichen demokratischen Grundordnung. Demokratie ist die Herrschaftsform der Freien und Gleichen. Sie beruht auf der Idee der freien Selbstbestimmung aller B\u00fcrger (vgl. BVerfGE 44, 125 &lt;142&gt;). Das Grundgesetz geht insoweit vom Eigenwert und der W\u00fcrde des zur Freiheit bef\u00e4higten Menschen aus und verb\u00fcrgt im Recht der B\u00fcrger, in Freiheit und Gleichheit durch Wahlen und Abstimmungen die sie betreffende \u00f6ffentliche Gewalt personell und sachlich zu bestimmen, zugleich den menschenrechtlichen Kern des Demokratieprinzips.&#8220;<a id=\"_ftnref1\" href=\"#_ftn1\">[1]<\/a><\/p><cite>BVerfG, Urteil vom 17.1.2017&nbsp;\u2013 2 BvB 1\/13&nbsp;\u2013, BVerfGE 144, 20-369 (LT 1-9), Rn. 542.<\/cite><\/blockquote>\n\n\n\n<p>&#8222;Delegitimierer&#8220; w\u00e4ren nach dem SPD-VS wohl Leute, die kein Vertrauen &#8222;in das staatliche System&#8220; mehr haben&#8220; und deshalb das Recht der B\u00fcrger beseitigen wollen, &#8222;in Freiheit und Gleichheit durch Wahlen und Abstimmungen die sie betreffende \u00f6ffentliche Gewalt personell und sachlich zu bestimmen&#8220;?<\/p>\n\n\n\n<p>Aufgrund seiner \u00fcberlegenen F\u00e4higkeiten, die wahren Absichten und hintergr\u00fcndigen Pl\u00e4ne der B\u00fcrger zu durchschauen, meint er zu wissen, wann jemand nicht blo\u00df einen unf\u00e4higen Parteipolitiker als unf\u00e4hig bezeichnet, sondern zugleich das demokratische Wahlrecht beseitigen will. Wenn der Demonstrant freilich unsere Verfassungsordnung als faschistisches Schweinesystem bezeichnet und Transparente mit M\u00f6rdern wie Che Guevara als Monstranzen hochh\u00e4lt, d\u00fcrfte er sich \u00fcber einen solchen Verdacht nicht wundern. Solche Kommunisten hatten f\u00fcr demokratische Wahlen nichts \u00fcbrig.<\/p>\n\n\n\n<h2 class=\"wp-block-heading\">Rechtsstaatsprinzip<\/h2>\n\n\n\n<p>Ein wenig leichter haben wir es beim Rechtsstaatsprinzip. Wer grunds\u00e4tzlich nicht den inneren Frieden h\u00e4lt, sondern gewaltt\u00e4tig vorgeht und dadurch st\u00e4ndig das Gewaltmonopol des Staates ignoriert, hat mit dem Rechtsstaat nichts am Hut.<\/p>\n\n\n\n<blockquote class=\"wp-block-quote is-layout-flow wp-block-quote-is-layout-flow\"><p>L\u00e4\u00dft sich etwa feststellen, da\u00df Anh\u00e4nger einer Partei in einer ihr zurechenbaren Weise Gewalt zur Durchsetzung ihrer politischen Ziele anwenden, spricht dies daf\u00fcr, da\u00df die Partei das im Rechtsstaatsprinzip wurzelnde Gewaltmonopol des Staates nicht anerkennt und insoweit auf eine Beeintr\u00e4chtigung der freiheitlichen demokratischen Grundordnung gerichtete Ziele verfolgt. Zugleich w\u00e4re eine der Partei zurechenbare Anwendung oder Billigung von Gewalt ausreichend, um davon ausgehen zu k\u00f6nnen, dass das Handeln der Partei hinreichend qualifiziert eine Beseitigung oder Beeintr\u00e4chtigung der freiheitlichen demokratischen Grundordnung vorbereitet.<\/p><cite>BVerfG, Urteil vom 17. Januar 2017&nbsp;\u2013 2 BvB 1\/13&nbsp;\u2013, BVerfGE 144, 20-369 (LT 1-9), Rn. 580<\/cite><\/blockquote>\n\n\n\n<p>Das sind Menschen, die Gewalt zur Durchsetzung ihrer politischen Ziele bejahen und einsetzen. Es sind allerdings nicht Leute, die nach der angeordneten Aufl\u00f6sung eines maskenfreien Spaziergangs wegen seiner Gesundheitsgefahren nicht schnell genug machen, da\u00df sie vor den Gummikn\u00fcppeln wegkommen, und die sich dann wider Willen zu Boden geworfen und in ein Kn\u00e4uel mit behelmten Polizisten verstrickt sehen. Nur wer &#8222;Gewalt zur Durchsetzung seiner politischen Ziele&#8220; einsetzt, mi\u00dfachtet die Rechtsstaatlichkeit.<\/p>\n\n\n\n<p>Nun entsteht der Eindruck, der SPD-Verfassungsschutz unter Haldenwang k\u00f6nnte die Ver\u00e4chter der Rechtsstaatlichkeit und des Demokratieprinzips nicht wahrnehmen, weil er seinen Kopf in die falsche Richtung gedreht h\u00e4lt. Fackelz\u00fcge von Demonstranten, die im Stechschritt nach einen neue F\u00fchrer rufen, sieht man seit Jahrzehnten eher selten. Demonstrantengewalt ist ein linksextremes Ph\u00e4nomen.<\/p>\n\n\n\n<h2 class=\"wp-block-heading\">Legalit\u00e4t und Legitimit\u00e4t<\/h2>\n\n\n\n<p>Es ist die politische Linke, die jahrzehntelang Gewalt so lange zur Durchsetzung ihrer Ziele benutzt hat, bis sie an die Macht kam. Ist sie erst einmal an der Macht, verhauen ihre Polizisten jetzt Leute, die f\u00fcr &#8222;rechts&#8220; erkl\u00e4rt werden und f\u00fcr die man jetzt so nette Schimpfworte benutzt wie Coronaleugner, Schwurbler oder Verschw\u00f6rungstheoretiker.<\/p>\n\n\n\n<p>F\u00fcr die Linke ist Protest so lange legitim, wie er links ist. Richtet er sich gegen linke Herrschaft, wird er \u00fcber Nacht illegitim, auch wenn er legal ist. Legalit\u00e4t bedeutet bekanntlich die \u00dcbereinstimmung mit Verfassung und Gesetzen. Die Legitimit\u00e4t einer Herrschaft oder einer Ma\u00dfnahme erkennt man hingegen daran, da\u00df sie mit der metaphysischen Werteordnung \u00fcbereinstimmt, die den jeweiligen Gesetzen und Ma\u00dfnahmen zugrundeliegt.<\/p>\n\n\n<div class=\"wp-block-image\">\n<figure class=\"aligncenter size-large\"><img loading=\"lazy\" decoding=\"async\" width=\"1016\" height=\"1024\" src=\"http:\/\/klauskunze.com\/blog\/wp-content\/uploads\/2022\/08\/2-1016x1024.jpg\" alt=\"\" class=\"wp-image-4887\" srcset=\"https:\/\/klauskunze.com\/blog\/wp-content\/uploads\/2022\/08\/2-1016x1024.jpg 1016w, https:\/\/klauskunze.com\/blog\/wp-content\/uploads\/2022\/08\/2-298x300.jpg 298w, https:\/\/klauskunze.com\/blog\/wp-content\/uploads\/2022\/08\/2-150x150.jpg 150w, https:\/\/klauskunze.com\/blog\/wp-content\/uploads\/2022\/08\/2-768x774.jpg 768w, https:\/\/klauskunze.com\/blog\/wp-content\/uploads\/2022\/08\/2-1524x1536.jpg 1524w, https:\/\/klauskunze.com\/blog\/wp-content\/uploads\/2022\/08\/2-2032x2048.jpg 2032w, https:\/\/klauskunze.com\/blog\/wp-content\/uploads\/2022\/08\/2-88x88.jpg 88w, https:\/\/klauskunze.com\/blog\/wp-content\/uploads\/2022\/08\/2-900x907.jpg 900w, https:\/\/klauskunze.com\/blog\/wp-content\/uploads\/2022\/08\/2-1280x1290.jpg 1280w\" sizes=\"auto, (max-width: 1016px) 100vw, 1016px\" \/><figcaption>Wehrhafte Demokratie 1975 aus linker Sicht: Franz Josef Strau\u00df scheucht die roten Ratten in ihre L\u00f6cher (Quelle: Phil-Fak-Zeitung. Hrg. Studentenschaft der Philosophischen Fakult\u00e4t, Christoph K\u00fcppers und Norbert Ludwig (Kommunistische Hochschulgruppe) und Ede Moser (Juso-Hochschulgruppe), K\u00f6ln, Dezember 1975, S.17).<\/figcaption><\/figure>\n<\/div>\n\n\n<p>So fiel unseren jungen Politikern und Richtern eines Tages auf, da\u00df der fr\u00fchere \u00a7 175 StGB mit seiner Strafbarkeit von Homosexualit\u00e4t selbst zur Zeit seiner Geltung bis 1994 illegitim gewesen sein soll. Seine &#8222;Opfer entsch\u00e4digt&#8220; man jetzt, auch wenn sie damals legal verurteilt worden waren.<\/p>\n\n\n\n<p>Legitimit\u00e4t ist ein h\u00f6chst dehnbarer Begriff, weil er an Weltanschauungen, Ideologien oder theologische \u00dcberzeugungen ankn\u00fcpft.<\/p>\n\n\n\n<p>Ausgerechnet diese dehnbare Kategorie soll jetzt vom SPD-Verfassungsschutz genutzt werden, von heftiger B\u00fcrgerkritik an SPD-Politikern auf die finstere Absicht zu schlie\u00dfen, gleich den ganzen &#8222;Staat zu delegitimieren&#8220;. Als legitim d\u00fcrfte nach diesem Fehlschlu\u00df nur ein Partei- oder ein Parteienstaat linker Pr\u00e4gung gelten. Nur indem sich die Regierungsparteien und ihre Politiker sich als &#8222;der Staat&#8220; f\u00fchlen&#8220;, k\u00f6nnen sie eine Kritik an sich, eine &#8222;Delegitimierung&#8220; ihrer Person oder Partei, als &#8222;Delegitimierung des Staates&#8220; verstehen.<\/p>\n\n\n\n<p>Eine unaus\u00adge\u00adspro\u00adche\u00adne Selbst\u00ad\u00adeinsch\u00e4t\u00adzung als Staatspar\u00adteien er\u00adm\u00f6glicht es, jeden An\u00adgriff ei\u00adner Kon\u00adkurrenz\u00adpartei auf ihr Machtmonopol juri\u00adstisch wie pro\u00adpa\u00adgandistisch als Angriff auf Staat und Verfas\u00adsung umzu\u00addeu\u00adten. So pflegten par\u00adteiangeh\u00f6rige &#8222;Verfassungssch\u00fctzer&#8220; in je\u00adnen verwal\u00adtungs\u00adge\u00adrichtlichen Verfah\u00adren der Republikaner ab 1993 ge\u00adgen ihre nach\u00ad\u00adrich\u00adten\u00addienst\u00adliche Beobach\u00adtung re\u00adgel\u00adm\u00e4\u00ad\u00dfig der Opposi\u00adtion als Beweis f\u00fcr ihre angeb\u00adliche Ver\u00adfas\u00adsungs\u00adfeind\u00adlichkeit an\u00adzukreiden, da\u00df diese &#8222;die demokrati\u00adschen Par\u00adtei\u00aden&#8220; politisch hart attackiere; woraus ge\u00adschlossen werden m\u00fcsse, da\u00df die Partei den demokratischen Ver\u00adfassungsstaat be\u00adk\u00e4mp\u00adfe.<\/p>\n\n\n\n<h2 class=\"wp-block-heading\">Die Partei\u00adpolitik f\u00e4rbt das Bild der zu sch\u00fct\u00adzenden Verfassung<a href=\"http:\/\/klauskunze.com\/blog\/wp-admin\/post.php?post=4870&amp;action=edit#_ftn2\">[2]<\/a><\/h2>\n\n\n\n<p>W\u00e4hrend das benachbarte Ausland De\u00admo\u00adkratie gelassen prak\u00adtiziert, ze\u00adlebrieren wir sie feier\u00adtags, unterwerfen sie aber alltags einem Deutschland ei\u00adgen\u00adt\u00fcmlichen, b\u00fcro\u00adkratischen Kontrollap\u00adpa\u00adrat namens &#8222;Ver\u00adfas\u00ad\u00adsungsschutz (VS). Dieser deutsche Son\u00adderweg hatte in den 1950er Jahren den Zweck, kom\u00admunisti\u00adsche Subversanten aus der DDR oder fossile Altna\u00adzis zu erkennen und an einer Macht\u00adergreifung zu hindern. Die Demo\u00adkratie darf sich nicht selbst abschaffen, so die Lehre von 1933. Um sie verteidi\u00adgen zu k\u00f6nnen, war der Parlamen\u00adtarische Rat einem Rat Carl Schmitts gefolgt und hat sie wehrhaft ausgestaltet: &#8222;Wenn eine Ver\u00adfas\u00adsung die M\u00f6glichkeit von Ver\u00adfas\u00adsungs\u00adre\u00advi\u00adsio\u00adnen vor\u00adsieht, so will sie damit nicht etwa eine legale Methode zur Be\u00adseitigung ihrer eigenen Legalit\u00e4t, noch viel weniger das legi\u00adti\u00adme Mittel zur Zer\u00adst\u00f6\u00adrung ihrer Legitimit\u00e4t lie\u00adfern,&#8220;<a id=\"_ftnref3\" href=\"#_ftn3\">[3]<\/a> schrieb Schmitt 1932 gegen die NSdAP, die in den Reichstag schon mit der offe\u00adnen Absicht dr\u00e4ng\u00adte, das Wei\u00adma\u00adrer Sy\u00adstem ab\u00adzu\u00adschaf\u00adfen. Mit Hinweis auf &#8222;grund\u00ad\u00adle\u00adgende Prinzipien&#8220; eines &#8222;un\u00adver\u00ad\u00ad\u00e4n\u00adder\u00adlichen Ver\u00adfas\u00adsungs\u00adsy\u00adstems&#8220; be\u00adf\u00fcr\u00adwortete Schmitt Auf\u00adl\u00f6\u00adsung und Verbot von Grup\u00adpierungen wie der SA durch den Reichs\u00adpr\u00e4sidenten als H\u00fcter der Verfas\u00adsung. Die damaligen Macht\u00adver\u00adh\u00e4ltnisse erlaubten keinen wirksa\u00admen Verfas\u00adsungs\u00adschutz.<\/p>\n\n\n\n<p>Die heutigen machen ihn \u00fcberfl\u00fcssig: Die frei\u00adheitliche Demo\u00adkratie ist in ihren Grundprinzipien allgemein anerkannt. Struk\u00adturelle Ver\u00e4nderungen erlebt Deutsch\u00adland heute takt\u00adgleich mit seinen Nachbarl\u00e4ndern als unvermeidliche An\u00adpas\u00adsungs\u00adpro\u00adzesse an die Rahmenbedin\u00adgungen einer teils schon postindu\u00adstriellen Massengesellschaft in glo\u00adbaler Konk\u00adurrenz. Wer ein grund\u00ads\u00e4tzlich anderes System erfolgreich installieren wollte, m\u00fc\u00dfte mit der Demokratie zugleich diese Grund- und Rah\u00admen\u00adbedin\u00adgungen ver\u00e4n\u00addern, auf denen sie beruht. Sie optimiert die funk\u00adtio\u00adnalen Erfordernisse der Mas\u00adsen\u00adgesell\u00adschaft, kann w\u00e4h\u00adrend ihres Be\u00adstehens keine nachhaltig er\u00adfolgreiche Konkurrenz ha\u00adben und bedarf darum nicht mehr des be\u00adh\u00f6rdlichen Schutzes.<\/p>\n\n\n\n<p>Tats\u00e4chlich drohen der Verfassung heute Ge\u00adfahren ausgerech\u00adnet von ihrem parteipolitisch mi\u00dfbrauchten Besch\u00fctzer. Am 15.11.1993 hie\u00df es im SPIEGEL: &#8222;Spinnennetzartig hat sich der Ver\u00adfas\u00adsungsschutz ausgebreitet, seit die alliier\u00adten Mili\u00adt\u00e4rgou\u00adverneure die Bundesre\u00adpublik 1949 er\u00adm\u00e4chtigten, einen Inlands\u00adge\u00adheimdienst aufzubau\u00aden&#8230;. Kaum ein Abgeordneter der Bon\u00adner Altpar\u00adteien wagt es, den Dienst in Frage zu stellen.&#8220; Gleich zwei\u00adfach w\u00e4re diese Presseansicht als ex\u00adtremistisch zu bewer\u00adten, wenn man die etwa gegen die REPUBLIKANER ver\u00adwandte verfas\u00adsungs\u00adsch\u00fctzerischen Logik anwendet: Wer &#8222;Alt\u00adpar\u00adteien&#8220; sagt, m\u00f6chte ihr zufolge ebenso &#8222;die Legiti\u00admitit\u00e4t der Wiederbegr\u00fcn\u00addung der De\u00admokratie auf deut\u00adschem Boden nach 1945 angrei\u00adfen&#8220;, wie wer r\u00fcckblickend auf alliierte Ein\u00adfl\u00fcsse verweist.<a href=\"#_ftn4\" id=\"_ftnref4\">[4]<\/a> Weil aber der SPIEGEL nicht als &#8222;extremistisch&#8220; gilt, mag er das schrei\u00adben, wohingegen solche Formulierungen den REP in VS-Berichten als Be\u00adweis an\u00adge\u00adkreidet werden: Sie k\u00f6n\u00adnen das\u00adselbe nur verfassungs\u00adfeindlich meinen, weil sie Ver\u00adfas\u00adsungs\u00adfeinde sind; und da\u00df sie es sind, erweisen wieder ihre &#8211; im Lichte des Vorverdachts &#8211; nur verfas\u00adsungsfeind\u00adlich versteh\u00adba\u00adren Meinun\u00adgen. &#8211; Da\u00df REP heimliche ver\u00adfas\u00adsungs\u00adfeindliche Ziele haben, zeigt nach Meinung des VS schon ihr Programm. In ihm steht zwar nichts Ver\u00adfassungs\u00adfeindliches,<a href=\"#_ftn5\" id=\"_ftnref5\">[5]<\/a> womit aber nur bewiesen sein kann, wie heim\u00adt\u00fcc\u00adkisch sie ihre &#8222;wahren Absichten&#8220; ver\u00adbergen. &#8211;<\/p>\n\n\n\n<p>Derartige argumentative Winkelz\u00fcge unserer Verfassungs\u00adsch\u00fct\u00adzer bewegen sich entlang einer Grenzlinie, jenseits deren der wis\u00adsenschaftliche Ernst endet und die Groteske beginnt: Man glaubt sie nur, wenn man sie selbst gelesen hat. Reizwor\u00adte wie Alt\u00adparteien, Umerziehung oder Vaterland l\u00f6sen beim VS Paw\u00adlow&#8217;sche Reflexe aus: Wer sol\u00adche Unw\u00f6r\u00adter benutzt, macht sich ver\u00add\u00e4chtig. &#8211; Je\u00adde wis\u00adsen\u00adschaftliche Analyse erfordert eine empi\u00adrische Tatsa\u00adchenba\u00adsis, die ernsthaft analysiert werden kann &#8211; oder aber glos\u00adsiert wer\u00adden mu\u00df. Beides, Analyse des VS oder Glosse, m\u00fcs\u00adsen un\u00adglaubhaft je\u00addem bleiben, der noch nie schwarz auf wei\u00df las, was der VS f\u00fcr ver\u00adfas\u00adsungs\u00adfeindlich h\u00e4lt. In einem Au\u00adgenblick spontaner Offenherzig\u00adkeit gab Prof. Mi\u00adchael Sachs &#8211; 1998 NRW-Ver\u00adtre\u00adter in der Ver\u00ad\u00adhandlung vor dem BVerwG &#8211; zu:<\/p>\n\n\n\n<blockquote class=\"wp-block-quote is-layout-flow wp-block-quote-is-layout-flow\"><p>&#8222;VS-Berichte haben auf Per\u00adsonen, die auf so et\u00adwas an\u00adsprechbar sind, noch eine gewisse Wir\u00adkung.&#8220;<\/p><cite>Prof. Michael Sachs 1998<a id=\"_ftnref6\" href=\"#_ftn6\">[6]<\/a><\/cite><\/blockquote>\n\n\n\n<p>De\u00adzenter kann man seine Di\u00adstanz vor den Er\u00adzeug\u00adnissen des ei\u00adge\u00adnen Auftraggebers kaum aus\u00addr\u00fccken. Das VS-Sammel\u00adsurium an Scheinar\u00adgu\u00admenten ist hier in K\u00fcrze nur an\u00adhand ty\u00adpischer Beispiele darstellbar.<a href=\"#_ftn7\" id=\"_ftnref7\">[7]<\/a><\/p>\n\n\n\n<p>Der Mi\u00dfbrauch des VS behindert die Wil\u00adlensbildung des Vol\u00adkes von unten nach oben mas\u00adsiv und wider\u00adspricht damit dem De\u00admo\u00adkratie\u00adprin\u00adzip. Der poli\u00adti\u00adsche Wil\u00adlensbil\u00addungs\u00adproze\u00df m\u00fc\u00dfte sich vom Volk hin zu den Staatsorga\u00adnen vollzie\u00adhen und nicht umge\u00adkehrt.<a href=\"#_ftn8\" id=\"_ftnref8\">[8]<\/a> Den Staats\u00ador\u00adga\u00adnen ist je\u00adde Ein\u00adflu\u00df\u00adnahme auf den Volks\u00adwillen ver\u00adwehrt. De\u00admokratie wird als offe\u00adner, dyna\u00admischer und plurali\u00adsti\u00adscher Proze\u00df betrachtet. Er vertr\u00e4gt sich nicht mit der b\u00fcro\u00adkratischen Ambition, ihn staat\u00adlich zu len\u00adken. Amtliche Autori\u00adt\u00e4t wird mi\u00df\u00adbraucht, wenn etwa &#8222;Sekten\u00adbeauf\u00adtragte&#8220; oder Ver\u00adfassungssch\u00fctzer scheinbar objektiv &#8222;war\u00adnen&#8220;. &#8222;Sekten seien, hei\u00dft es, <em>fundamentalistisch<\/em>, doch macht der Vorgang eine neue Tendenz zu staatli\u00adcher Welt\u00adan\u00adschau\u00adungs\u00adkontrolle deutlich. &#8211; Der Ei\u00adfer un\u00ad\u00adserer Gesinnungs-, Welt\u00adan\u00adschau\u00adungs- und und Sektenbe\u00adauftragten, un\u00ad\u00adserer Gro\u00df- und Klein\u00adin\u00adqui\u00adsi\u00adto\u00adren und W\u00e4chter \u00fcber &#8218;political cor\u00adrec\u00adt\u00adness&#8216; ist zu einer ernsten Be\u00addro\u00adhung unserer Frei\u00adheit ge\u00adwor\u00adden.&#8220;<a href=\"#_ftn9\" id=\"_ftnref9\">[9]<\/a><\/p>\n\n\n\n<p>Unmittelbar politisch wird der VS eingesetzt, wenn er gegen Parteien einge\u00adsetzt wird. Wenn et\u00adwa in Mainzer Amtsstuben ein Heftlein des VS \u00fcber &#8222;Rechts\u00adextre\u00admistische Parteien&#8220; aus\u00adliegt<a href=\"#_ftn10\" id=\"_ftnref10\">[10]<\/a> und doppel\u00adseitig \u00fcber die REP berichtet, erweckt es den Anschein amtli\u00adcher Objek\u00adtivit\u00e4t und Neu\u00adtralit\u00e4t. In ei\u00adnem all\u00adgemeinen Vor\u00adwort setzt es Ex\u00adtremisten mit Verfassungsfeinden gleich und und z\u00e4hlt an\u00adgebliche Merkmale von Rechtsextre\u00admi\u00adsten auf. Da\u00df die REP sol\u00adche Merkmale auf\u00adweisen, wird nicht ausdr\u00fccklich be\u00adhauptet, und trotzdem werden sie dazugez\u00e4hlt. \u00c4hnlich ergiebig w\u00e4re ein spiegelbildliches Heftchen \u00fcber &#8222;Linksextremisten&#8220; mit ei\u00adner allgemei\u00adnen Schilde\u00adrung des Marxismus und Un\u00adter\u00adka\u00adpi\u00adteln \u00fcber die KPD, die SED, Maoi\u00adsten und: die SPD. Indem letztere aber in Mainz regiert, w\u00e4h\u00adrend die REP Opposition be\u00adtreiben, ist der VS einem SPD- und nicht ei\u00adnem REP-Mi\u00adnister nachge\u00adordnet &#8211; und der mi\u00dfbraucht den VS f\u00fcr seine Partei\u00adzwecke in amt\u00adlichem Gewand, indem er die REP willk\u00fcr\u00adlich in dieselbe Schublade steckt wie Neonazis.<\/p>\n\n\n\n<p>Der Mi\u00dfbrauch beginnt bereits mit der osten\u00adtativen Ver\u00adk\u00fcn\u00addung der &#8222;nach\u00adrichtendienstliche Beob\u00adach\u00adtung&#8220;: Auf die \u00f6f\u00adfentliche Einsch\u00e4tzung einer Partei wirkt sie wie ein Zeitungs\u00adbericht \u00fcber die Hausdurchsuchung bei einem Nachbarn auf Kinderpornos: Die sp\u00e4ter erwiesene Unschuld ret\u00adtet den Ruf nicht mehr. Diese Wirkung ist beab\u00adsichtigt. Nicht auf ausge\u00adsp\u00e4hte Geheimnisse kommt es an, denn deren wurde seit Be\u00adob\u00adach\u00adtungsbeginn nicht eines zutagege\u00adf\u00f6rdert. Geheime Ziele kann eine Partei unter den Spielregeln der Massenmedi\u00aden-De\u00admokratie ohnehin nicht erfolg\u00adreich verfolgen: Ohne \u00f6ffentliche Selbstdarstel\u00adlung kann keine Partei zur Mehrheit werden. Dabei wird sie f\u00fcr das ge\u00adhal\u00adten und gew\u00e4hlt, das sie darstellt, und nicht f\u00fcr das, was sie ist. Mitglieder und W\u00e4hler str\u00f6men dem in den Medien dominan\u00adten Bild einer Partei zu (oder nicht), w\u00e4hrend pa\u00adpierene Programme oder Hinter\u00adzimme\u00adr\u00adab\u00adsichten nichts be\u00adwegen. Darum ist die Beobachtung an\u00adgebli\u00adcher ge\u00adheimer Hin\u00adtergedanken der F\u00fchrungs\u00adzirkel einer Partei sinnlos: Selbst wenn ihre Obe\u00adren Hintergedanken h\u00e4tten: In\u00addem diese heimlich bleiben, sind sie wirkungslos. Rele\u00advant ist nur, was \u00f6f\u00adfentlich ist.<\/p>\n\n\n\n<h2 class=\"wp-block-heading\">Das Stigma<\/h2>\n\n\n\n<p>Darum ist eine Opposition seitens der Regie\u00adrungspartei am ein\u00adfach\u00adsten zu be\u00adk\u00e4mpfen, indem ihr das Stigma des Ex\u00adtremis\u00admus aufgedr\u00fcckt wird. Nachdem die Etablierten und ihre Freunde in den Medien das Zerrbild neona\u00adzisti\u00adscher REP vermit\u00adtelten<a href=\"#_ftn11\" id=\"_ftnref11\">[11]<\/a>, blieben An\u00adh\u00e4nger aus, die dem demo\u00adkra\u00adtischen Selbstbild der Partei ent\u00adsprachen, und mu\u00dfte sie sich gegen Trittbrett\u00adfahrer ab\u00adgrenzen, die ih\u00adrem Zerrbild zustr\u00f6mten. Den Kampf um Selbst\u00adbestim\u00admung ihrer Identit\u00e4t konnten die REP bis\u00adlang nicht gewin\u00adnen. Aus dem demokratischen Mitglieder- und W\u00e4hler\u00adpo\u00adtential sch\u00f6pfen sie nur tr\u00f6pf\u00adchenweise, weil sie ihrer ei\u00adge\u00adnen Klien\u00adtel als ex\u00adtrem gelten. Das Bestimmungs\u00adrecht des ei\u00adgenen poli\u00adtischen Stand\u00adorts und des mit ihm verbunde\u00adnen so\u00adzialen Gel\u00adtungsanspruchs steht auch einer Par\u00adtei zu,<a href=\"#_ftn12\" id=\"_ftnref12\">[12]<\/a> wird aber etwa den REP &#8222;amtlich&#8220; ge\u00adnommen.<\/p>\n\n\n\n<p>Den qualifizierten Funktion\u00e4rsstamm und die Selbst\u00adbestim\u00admung ihres politi\u00adschen Stand\u00adorts k\u00f6nnen Konkurrenz\u00adpar\u00adteien einer Partei entwin\u00adden, wenn sie \u00fcber den VS verf\u00fcgen und ihn mi\u00df\u00adbrau\u00adchen. Beamte stellen in Parteien, etwa die Lehrer in der SPD, das personelle R\u00fcckgrat. In den vergangenen zehn Jah\u00adren ver\u00adlie\u00dfen hunderte Beamte die Re\u00adpublikaner wie\u00adder, nachdem sie von ih\u00adrem Dienstherrn Brie\u00adfe mit der offenen Drohung eines Disziplinarverfahrens f\u00fcr den Fall erhalten hat\u00adten, da\u00df sie nicht austreten: Der Dienstherr &#8222;stufe die Re\u00adpublika\u00adner als recht\u00adsex\u00adtremistisch ein&#8220;. Weil Beamte je\u00adderzeit aktiv f\u00fcr die frei\u00adheit\u00adli\u00adche demokrati\u00adsche Grundordnung (FdGO) eintre\u00adten m\u00fcssen, setze sich dem Verdacht eines Dienst\u00advergehens aus, wer ihre Ziele f\u00f6rdere. Es ist aber kein Fall bekannt, in dem allein die Parteizugeh\u00f6\u00adrigkeit bei den Re\u00adpublikanern zu einer Entfernung aus dem Dienst ge\u00adf\u00fchrt h\u00e4tte. Wo Beamte in selte\u00adnen F\u00e4llen so viel Mut bewiesen, die Partei nicht zu verlas\u00adsen, scheiterte ihre dienstrechtliche Ver\u00adfolgung vor den Verwal\u00adtungsgerichten.<a href=\"#_ftn13\" id=\"_ftnref13\">[13]<\/a><\/p>\n\n\n\n<p>Andererseits erleiden etwa Offi\u00adziere durchaus Nachteile, wenn ihnen etwa we\u00adgen ih\u00adrer REP-Mitgliedschaft die Si\u00adcher\u00adheits\u00adstu\u00adfe aberkannt wird,<a href=\"#_ftn14\" id=\"_ftnref14\">[14]<\/a> ihnen ein Charakter\u00admangel vor\u00adgeworfen<a href=\"#_ftn15\" id=\"_ftnref15\">[15]<\/a> oder sie als dienstlich un\u00adgeeig\u00adnet ange\u00adse\u00adhen und nicht bef\u00f6rdert werden.<a href=\"#_ftn16\" id=\"_ftnref16\">[16]<\/a> So ist die Strategie der SPD- und CDU-In\u00adnenmi\u00adnister aufgegangen: Der Mitglie\u00adder\u00adstamm an Beamten brach den Re\u00adpubli\u00adkanern weg mit der Folge eines per\u00adsonel\u00adlen Quali\u00adt\u00e4tsver\u00adlu\u00adstes. Aber nicht nur Beamte werden durch die Qualifizie\u00adrung als &#8222;extremistisch&#8220; im VS-Be\u00adricht &#8222;belastet, l\u00e4\u00dft sich doch im de\u00admo\u00adkrati\u00adschen Verfassungsstaat &#8211; abgesehen von schweren Strafta\u00adten &#8211; kaum ein Vorwurf denken, der schwe\u00adrer w\u00f6ge als derje\u00adnige , da\u00df jemand darauf ausge\u00adhe, die Fun\u00addamente der freiheit\u00adlichen Verfassung zu beseitigen.&#8220;<a href=\"#_ftn17\" id=\"_ftnref17\">[17]<\/a> Je st\u00e4rker Vater\u00adlandsliebe abge\u00adlehnt und Verfassungs\u00adpatriotis\u00admus gefordert wird, desto mehr verschiebt sich das Ansehen des an\u00adgeblichen Ab\u00adweichlers vom noch harmlosen &#8222;Radikalen&#8220; der sp\u00e4ten 60er \u00fcber den &#8222;Extremisten&#8220; bzw. Verfassungsfeind zum Staats\u00adfeind oder ideologischen Hochverr\u00e4ter.<\/p>\n\n\n\n<p>Seinem gesetzlichen Auftrag zufolge sichert der VS die wehr\u00adhafte Demo\u00adkratie als &#8222;Auge der Poli\u00adtik&#8220; ab: Ausge\u00adwogen beob\u00adachtet er ringsum, sp\u00fcrt die Verfas\u00adsungs\u00adfeinde in ihren verbor\u00adgenen Win\u00adkeln auf, durchschaut ihre hintergr\u00fcndi\u00adgen, gehei\u00admen Pl\u00e4ne und meldet sie den demo\u00adkratisch ge\u00adw\u00e4hl\u00adten Politi\u00adkern. Die\u00adse entscheiden, ob sie sich noch partei-poli\u00adtisch damit aus\u00adeinan\u00addersetzen, oder ob die Gefahr f\u00fcr die De\u00admokratie nur durch staatliches Verbot abgewendet werden kann. Die\u00adses spricht bei Parteien das BVerfG, bei sonsti\u00adgen Gruppie\u00adrun\u00adgen der Innen\u00administer aus. So wurden Anfang der 50er Jahre KPD<a href=\"#_ftn18\" id=\"_ftnref18\">[18]<\/a> und SR\u00adP<a href=\"#_ftn19\" id=\"_ftnref19\">[19]<\/a> als Parteien und in den letzten Jah\u00adren eine Reihe neo-na\u00adtionalsozialisti\u00adscher Gruppen als sonstige Ver\u00adeini\u00adgun\u00adgen verbo\u00adten.<a href=\"#_ftn20\" id=\"_ftnref20\">[20]<\/a><\/p>\n\n\n\n<p>Tats\u00e4chliche Feinde der Demokratie pflegen ihr Verbot gelas\u00adsen zu neh\u00admen. Auf wechselseitiger Feind\u00adschaft beruht schlie\u00dflich ihre Ideologie, und ein Verbot best\u00e4\u00adtigt scheinbar ein\u00addrucksvoll diese Feindschaft: Man f\u00fchlt sich we\u00adnigstens ernst genommen. Ebenso se\u00adhen es von ihrer Warte die Demo\u00adkra\u00adten: Auch ihr Konzept beruht auf der schon von Ver\u00adfas\u00adsungs wegen anerkann\u00adten Antagonie von Freund und Feind: hier die wehrhafte Demokratie &#8211; dort ihre Feinde. Nie\u00admand stellt in Frage, da\u00df auf der einen Seite der geistigen Bar\u00adrikade die De\u00admokraten k\u00e4mpfen und auf der anderen ihre ver\u00adschiede\u00adnen Feinde. Die\u00adses wohlgeordnete Schema st\u00f6ren nur, die kei\u00adnen unangefochtenen Platz auf der ge\u00adw\u00fcnschten Seite fanden. Von der Ideologiekontrol\u00adle der einen wie der an\u00adderen Seite verwor\u00adfen, schwanken sie zwischen entt\u00e4uschter Zunei\u00adgung zur ei\u00adnen und der extremen \u00dcbersteigerung ihrer Werte auf der an\u00adde\u00adren Seite hin und her. In dieser Lage befan\u00adden sich die Gr\u00fc\u00adnen, be\u00advor sie zur etablierten Parla\u00admentspartei wurden, und in ihr be\u00adfinden sich seit zehn Jahren die Republi\u00adkaner.<\/p>\n\n\n\n<p>Ihrem Selbstverst\u00e4ndnis nach wollen sie, wie heute die AfD, nicht das System ver\u00ad\u00e4ndern, sondern innerhalb des Ver\u00adfassungsbogens den von der CDU ger\u00e4umten rechten Fl\u00fcgel besetzen. Doch damit verstie\u00ad\u00dfen sie ge\u00adgen die oberste R\u00e4son der Union zu ihrer Machterhal\u00adtung: Es darf rechts von ihr keine de\u00admokratische Partei geben! Die REP mu\u00dften daher zu Extremisten ge\u00adstempelt werden. In einer Studie der Kon\u00adrad-Ade\u00adnauer-Stiftung von April 1989 taucht bereits der Satz auf: &#8222;Daher scheinen mir die nach\u00adste\u00ad\u00ad\u00adhen\u00adden Metho\u00adden der Stig\u00admatisierung der REP erfolg\u00adreicher zu sein.&#8220;<a href=\"#_ftn21\" id=\"_ftnref21\">[21]<\/a> Um das Stigma quasi amtlich zu machen, wiesen die Landesin\u00adnenmini\u00adster ihre VS-\u00c4mter im Dezember 1992 an, die Partei k\u00fcnftig mit nach\u00adrich\u00adtendienstlichen Mitteln auf Ver\u00adfas\u00adsungs\u00adfeindliches zu beobachten.<\/p>\n\n\n\n<p>Dagegen half den REP keine \u00f6ffentli\u00adche demo\u00adkratische Kon\u00adtroverse, weil die Mikrophone der ARD f\u00fcr sie ausgeschal\u00adtet blieben. Man sprach \u00fcber sie, aber nicht mit ihnen. So blieb der Weg zu den Verwaltungsgerichten als Notbehelf, doch gibt es keine &#8222;positive Feststel\u00adlungsklage&#8220;, mit der eine Partei auf An\u00aderkennung ihrer Verfassungstreue klagen k\u00f6nnte. Die politi\u00adsche Auseinanderset\u00adzung wird seither auf Nebenschaupl\u00e4tzen mit justiz\u00adf\u00f6rmigen Mit\u00adteln der Verfas\u00adsungs\u00adinterpre\u00adtation aus\u00adge\u00adtra\u00adgen. &#8211; Im Kampf um die richtige Interpre\u00adtation rechtspoliti\u00adscher Begriffe siegt aber, wer die Entscheidungs\u00adkompetenz \u00fcber ver\u00adschie\u00addene Aus\u00adlegungsm\u00f6glichkeiten be\u00adsitzt. Es ist ein offenes Ge\u00adheimnis, da\u00df die letzte Interpretation so allge\u00admeiner Begrif\u00adfe wie Ge\u00adrechtigkeit oder Freiheit Glaubens\u00adsache und die Ent\u00adschei\u00addungs\u00admacht \u00fcber sie zur Frage des Par\u00adteien\u00adproporzes im BVerfG geworden ist. Vor einfachen Ver\u00adwaltungsgerichten sind die Proze\u00dfergebnisse hingegen so vor\u00adherseh\u00adbar wie Lotto\u00adzahlen.<\/p>\n\n\n\n<p>So sind die Waffen ungleich verteilt, wenn eine gro\u00dfe Bundes\u00adtagspartei um ihre Macht f\u00fcrchtet: Sie regiert L\u00e4nder oder gar den Bund und ver\u00adf\u00fcgt damit \u00fcber die Schaltstellen des Staats\u00adappara\u00adtes: In\u00adnenmi\u00adnisterien, VS und &#8211; darauf kommt es auf dem Felde der Rechts\u00adaus\u00adeinandersetzung an: die Rich\u00adterstellen. &#8222;Es wird von keinem Sachkenner be\u00adzwei\u00adfelt, da\u00df in Deutsch\u00adland weit mehr als in anderen westlichen De\u00admokratien Beam\u00adten\u00adschaft, aber auch Gerichte, mit Per\u00adso\u00adnen, die aufgrund ih\u00adrer Par\u00adtei\u00adzu\u00adge\u00adh\u00f6rigkeit er\u00adnannt oder bef\u00f6rdert wurden, durch\u00adsetzt sind.&#8220;<\/p>\n\n\n\n<h2 class=\"wp-block-heading\">Das Orakel<\/h2>\n\n\n\n<p>Da\u00df in zu\u00adnehmendem Umfang in wichtige Stellen nur Partei\u00adangeh\u00f6rige be\u00adrufen werden, gilt nach ver\u00adbreiteter Auffas\u00adsung auch bei her\u00advor\u00adgehobenen Rich\u00adterpositio\u00adnen.<a href=\"#_ftn22\" id=\"_ftnref22\">[22]<\/a> Und wem die &#8222;Deu\u00adtung der Ora\u00adkel der Ge\u00adrechtig\u00adkeit an\u00adver\u00adtraut ist&#8220;, durch\u00adschaute schon Pufendorf 1667, wird er\u00adfah\u00adrungs\u00adge\u00adm\u00e4\u00df &#8222;die\u00adse G\u00f6ttin be\u00adwe\u00adgen k\u00f6nnen, nichts zu antwor\u00adten, was wi\u00adder den ei\u00adge\u00adnen Vorteil ist.&#8220;<a href=\"#_ftn23\" id=\"_ftnref23\">[23]<\/a> Der &#8222;eigene&#8220; Vorteil: Das ist nicht immer ein direkter pers\u00f6n\u00adlicher Vor\u00adteil eines Richters. Teilt aber generationsbedingt ein wesentli\u00adcher Teil der Richterschaft die ideologi\u00adsche Grundposition seiner Regierungspartei, urtei\u00adlen also etwa Alt-68er Richter dar\u00ad\u00fcber, ob ein SPD-Verfas\u00adsungs\u00adschutz ideologisch korrekt han\u00addelt oder eine kleine, rechte Par\u00adtei, sind die Wei\u00adchen gestellt. Hinzu kommt ein guter In\u00adstinkt der meisten Richter f\u00fcr karrieref\u00f6rdernde Urteile.<\/p>\n\n\n\n<p>Ein Mainzer Verwaltungsrichter erkl\u00e4rte mir telefo\u00adnisch unumwun\u00adden, ich k\u00f6nne mir doch vorstellen, was ein Urteil gegen den VS f\u00fcr politische und \u00f6f\u00adfentliche Folgen h\u00e4tte, und glaubte wohl nicht ernsthaft daran. &#8222;Seien Sie nicht unpoli\u00adtisch,&#8220; er\u00adteil\u00adte &#8222;aus ei\u00adge\u00adner Erfah\u00adrung&#8220; ein Richter am BGH &#8222;einen freund\u00adlich-wohl\u00adwollenden Rat\u00adschlag&#8220;, son\u00addern passen Sie sich dem Zeit\u00adgeist, das hei\u00dft dem Geist der Herren unserer Zeit, an; &#8230; Nehmen Sie sich ein Bei\u00adspiel an &#8230;erg.: Roman Herzog. Er hat nicht nur ein fei\u00adnes Emp\u00adfinden, woher der po\u00adliti\u00adsche Wind weht, sondern wei\u00df auch, wer ihn macht. Der Gleichheitssatz gebie\u00adtet keine Gleich\u00adbe\u00adhand\u00adlung al\u00adler gesell\u00adschaftlichen Grup\u00adpen. Eine gel\u00e4u\u00adterte Rechts\u00adauf\u00adfassung er\u00adkennt klare Unter\u00adschiede, aus denen sachliche Dif\u00adfe\u00adren\u00adzie\u00adrungs\u00adgr\u00fcn\u00adde f\u00fcr eine Un\u00adgleichbe\u00adhandlung herzu\u00adleiten sind. Ist es etwa kein re\u00adle\u00advan\u00adter Differen\u00adzierungs\u00adgrund, wenn man das W\u00e4h\u00adler\u00adpo\u00adtential im Au\u00adge hat? &#8230; Im \u00fcbrigen: Sie r\u00fccken in die N\u00e4he eines Ver\u00adfas\u00adsungs\u00adfein\u00addes, wenn Sie Zwei\u00adfel an den Dif\u00adfe\u00adren\u00adzie\u00adrungen un\u00adse\u00adrer obersten Rechts\u00adverwal\u00adter vom Schlo\u00dfplatz bei der An\u00adwen\u00addung des Gleich\u00adheits\u00adsatzes \u00e4u\u00ad\u00dfern. Alle B\u00fcrger sind gleich, aber einige sind glei\u00adcher als die ande\u00adren. Wissen Sie nicht, da\u00df Not kein Gebot kennt und wo ge\u00adhobelt wird, Sp\u00e4ne fallen?&#8220;<a href=\"#_ftn24\" id=\"_ftnref24\">[24]<\/a><\/p>\n\n\n\n<h2 class=\"wp-block-heading\">Carl Schmitt und der Verfassungsschutz<\/h2>\n\n\n\n<p>So \u00f6ffnet die verwaltungsrichterliche Recht\u00adsprechung der po\u00adli\u00adti\u00adschen Oppor\u00adtunit\u00e4t T\u00fcr und Tor. Obwohl sie partei\u00adpo\u00adli\u00adti\u00adschen Mi\u00dfbrauch des VS verhin\u00addern sollte, bewegt sie sich zuweilen hart am Rande der Rechtsbeugung. Paradig\u00admati\u00adsch f\u00fcr das Zu\u00adsammenspiel von VS-Beh\u00f6rden und Gerichten sind die zahl\u00adrei\u00adchen Prozesse der Re\u00adpublikaner gegen ihre Beob\u00adachtung seit 1989.<a href=\"#_ftn25\" id=\"_ftnref25\">[25]<\/a> Die VS-Gesetze der L\u00e4nder erlauben den Einsatz von V-Leuten und Anwendung anderer nach\u00adrich\u00adten\u00addienstlicher Mittel, wenn Anhaltspunkte den Ver\u00addacht einer Be\u00adstrebung be\u00adgr\u00fcnden, der sich gegen die FdGO richtet. W\u00e4h\u00adrend \u00fcber die Verfas\u00adsungsm\u00e4\u00dfigkeit einer Partei gem. Art. 21 II GG nur das BVerfG entscheiden kann, standen Ver\u00adwaltungsrichter vor der heiklen Aufgabe zu ent\u00adscheiden, ob ein\u00adzelne Anhaltspunkte ei\u00adnen &#8222;Verdacht&#8220; sol\u00adcher Bestrebungen begr\u00fcndeten. Richter, de\u00adren Aufgaben ge\u00adw\u00f6hnlich in der \u00dcber\u00adpr\u00fcfung von Asyl\u00adantr\u00e4gen oder Bauge\u00adnehmigun\u00adgen liegt, sollten etwa ent\u00adschei\u00adden: Be\u00adgr\u00fcndet der Rat in einem Parteirundschreiben, man solle ein\u00admal B\u00fccher des Prof. Carl Schmitt lesen, den Ver\u00addacht ver\u00adfas\u00adsungs\u00adfeindli\u00adcher Bestre\u00adbungen?<a href=\"#_ftn26\" id=\"_ftnref26\">[26]<\/a><\/p>\n\n\n\n<p>Dieser Vorwurf des VS gegen die Re\u00adpublikaner wurde still\u00adschweigend fallen\u00adgelassen nach dem Hinweis, da\u00df Schmitt als geistiger Urheber der &#8222;Ewig\u00adkeits\u00adklausel&#8220; in Art.79 III GG gilt. Seither hat sich in den VS-Berichten und in der Begr\u00fcn\u00addung der Be\u00adobachtungs\u00adpraxis ein fester Kanon an Vor\u00adw\u00fcrfen gebildet: Re\u00adpublikaner verunglimpfen Institutionen des demokratischen Rechts\u00adstaats und diffamieren demokra\u00adtisch ge\u00adw\u00e4hlte Politiker, in\u00addem sie die hinter ih\u00adnen stehenden Partei\u00aden &#8222;Altparteien&#8220; nen\u00adnen. &#8211; Republikaner trach\u00adten die De\u00admok\u00adratie zu delegi\u00adtimieren, indem sie angeblich einen Zu\u00adsammen\u00adhang zwi\u00adschen der Umerziehung durch die Alli\u00adierten nach 1945 und der Legitimit\u00e4t der Demokratie herstellen. &#8211; Republikaner zwei\u00adfeln Grund\u00adnormen der Verfas\u00adsung an, denn sie &#8222;leugnen die deutsche Ge\u00adschichte&#8220;, indem sich ge\u00adgen &#8222;monokausale Deu\u00adtun\u00adgen der Kriegs\u00adschuld&#8220; und &#8222;Geschichts\u00adf\u00e4l\u00adschun\u00adgen&#8220; wen\u00adden. &#8211; Sie sind nationalistisch-kol\u00adlektivisti\u00adsch, was man daran er\u00adkennt, da\u00df sie das Volk als &#8222;Schicksals- und Sprachgemein\u00adschaft&#8220; be\u00adzeichnen. &#8211; Vor allem aber beanstanden Verfassungs\u00adsch\u00fct\u00adzer und Gerichte gele\u00adgentlich dra\u00adstische kriti\u00adsche bis zu ge\u00adschmack\u00adlosen \u00c4u\u00dferun\u00adgen \u00fcber Ausl\u00e4nder wie etwa, es m\u00fcsse sich &#8222;bis in den letzten Negerkral her\u00adum\u00adspre\u00adchen, da\u00df wir die hier nicht haben wollen.&#8220;<\/p>\n\n\n\n<p>Die Vorw\u00fcrfe der &#8222;Geschichtsleugnung&#8220; oder etwa der es Kol\u00adlek\u00adtivismus gegen jemanden, blo\u00df weil er &#8222;Vaterland&#8220; sagt, wur\u00adden in zu\u00adnehmendem Ma\u00dfe von Verwaltungsge\u00adrichten als nicht stich\u00adhaltig verworfen. Auch als Verfassungsfeind den an\u00adzuse\u00adhen, der &#8222;Altparteien&#8220; sagt, erschien 1998 den Verwal\u00adtungs\u00adge\u00adrich\u00adten Mainz<a href=\"#_ftn27\" id=\"_ftnref27\">[27]<\/a> und Berlin<a href=\"#_ftn28\" id=\"_ftnref28\">[28]<\/a> zu simpel. Sie erkl\u00e4rten die nach\u00adrich\u00adten\u00addienst\u00adliche Be\u00adobach\u00adtung f\u00fcr rechtswidrig. Als &#8222;aus\u00adl\u00e4n\u00adder\u00adfeindlich&#8220; an\u00adge\u00adse\u00adhene \u00c4u\u00ad\u00dferungen hingegen kri\u00adstallisier\u00adten sich als Haupt\u00adargument ge\u00adgen die Par\u00adtei heraus. Wenn Re\u00adpublikaner Einw\u00e4nde ge\u00adgen Mina\u00adrette neben Kirchen und in Wohn\u00adgebieten er\u00adheben oder wenn sie &#8222;schnelle Abschie\u00adbung von Schein\u00adasylanten&#8220; fordern, dann kn\u00fcpfen Verfas\u00adsungssch\u00fct\u00adzer daran in\u00adquisitorische Konstruktio\u00adnen: Wer sol\u00adches verlan\u00adge, lautet die auch von man\u00adchen Gerichten gebilligte Folge\u00adrung, wende sich &#8222;gegen das friedliche Zu\u00adsammenleben&#8220; mit Ausl\u00e4n\u00addern und damit gegen deren Menschenw\u00fcr\u00adde. Weil aber das Gebot der Menschenw\u00fcrde oberster Verfassungsgrundsatz sei, liege die Ver\u00adfassungsfeindlichkeit der Partei klar vor Au\u00adgen.<\/p>\n\n\n\n<p>Im vor dem OVG Koblenz laufenden Proze\u00df des Landes Rheinland-Pfalz ge\u00adgen die in erster Instanz siegreichen Re\u00adpu\u00adblikaner gegen die Beob\u00adachtung ver\u00adstieg das Land sich sogar zu einem sei\u00adnerseits verfas\u00adsungsfeindlichen Gipfel: Es stehe zwar nur im Grundgesetz, da\u00df die Achtung der Menschenw\u00fcrde eine Verpflichtung aller staatli\u00adchen Gewalt sei. Es komme aber heute dar\u00adauf an, &#8222;normative Be\u00adgrif\u00adfe wie frei\u00adheitli\u00adche de\u00admo\u00adkrati\u00adsche Grundord\u00adnung und Men\u00adschen\u00adw\u00fcrde nicht sta\u00adtisch zu inter\u00adpre\u00adtie\u00adren.&#8220; An\u00adders als vor drei\u00dfig Jahren m\u00fcsse man in diese Be\u00adgriffe heute hin\u00adeinle\u00adsen, &#8222;was dem friedlichen Zusam\u00admen\u00adleben von 7 Mio. Ausl\u00e4ndern mit uns diene und was daf\u00fcr er\u00adfor\u00adder\u00adlich sei.&#8220;<\/p>\n\n\n\n<h2 class=\"wp-block-heading\">Die Verfassung als Wundert\u00fcte<\/h2>\n\n\n\n<p>Das Land behauptet, Art.20 GG ga\u00adran\u00adtie\u00adre &#8222;die Republik als ei\u00adne Verfas\u00adsungs\u00adordnung der friedli\u00adchen Koestistenz von Ras\u00adsen und Kulturen.&#8220;<a href=\"#_ftn29\" id=\"_ftnref29\">[29]<\/a> Tats\u00e4ch\u00adlich lautet die Vorschrift:<\/p>\n\n\n\n<blockquote class=\"wp-block-quote is-layout-flow wp-block-quote-is-layout-flow\"><p>&#8222;Die Bun\u00addesre\u00adpublik Deutschland ist ein de\u00admokrati\u00adscher und sozia\u00adler Bundesstaat. Alle Staatsgewalt geht vom Volke aus. Sie wird vom Volke in Wahlen und Ab\u00adstim\u00admungen und durch besondere Organe der Gesetzgebung, der voll\u00adzie\u00adhenden Gewalt und der Rechtsprechung ausge\u00ad\u00fcbt. Die Gesetz\u00adgebung ist an die verfas\u00adsungsm\u00e4\u00dfige Ordnung, die vollzie\u00adhende Gewalt und die Recht\u00adsprechung sind an Recht und Ge\u00adsetz ge\u00adbunden.&#8220; &#8211;<\/p><cite>Art. 20 GG<\/cite><\/blockquote>\n\n\n\n<p>So wird die Ver\u00adfassung wie eine Wun\u00addert\u00fcte be\u00adnutzt, aus der man jeden beliebi\u00adgen ideo\u00adlogi\u00adschen Inhalt her\u00adaus\u00adlesen kann. Darin liegt ein Ab\u00adschied von der un\u00adver\u00adbr\u00fcch\u00adli\u00adchen Herr\u00adschaft des Ge\u00adsetzes und ein Bruch des Rechts\u00adstaatsprinzip aus dem soeben zi\u00adtierten Art.20. Wer das Gesetz durch einen Vor\u00adbe\u00adhalt wechselnder ideo\u00adlogi\u00adscher Aus\u00adlegungen relati\u00adviert, ver\u00ad\u00e4n\u00addert die Natur des politischen Kon\u00adflikts: Er wird nicht mehr mit rechtlichen, son\u00addern mit ideolo\u00adgischen Waffen ausge\u00adtra\u00adgen. Er geht den Weg vom Rechtsstaat zum Weltanschauungsstaat. \u00dcberdies verbietet sich diese aus\u00addeh\u00adnende Neu\u00adin\u00adterpre\u00adtation durch Art.79 I 1 GG, weil das GG nur durch aus\u00addr\u00fcckli\u00adche Wort\u00adlaut\u00e4nde\u00adrung ge\u00e4n\u00addert werden darf, auch wenn sich Verh\u00e4ltnisse ge\u00ad\u00e4ndert ha\u00adben soll\u00adten.<\/p>\n\n\n\n<p>Eine nachhaltige Gefahr f\u00fcr die Fd\u00adGO geht von einem Verfas\u00adsungsver\u00adst\u00e4ndnis aus, das die \u00f6ffent\u00adliche Meinung zu bestimm\u00adten Sachthemen obrig\u00adkeitlich lenkt: durch auf Steuer\u00adzahlerko\u00adsten ge\u00addruckte Wahlzeitungen mit Annoncen &#8222;Mein Freund ist Ausl\u00e4nder&#8220; etwa, durch scheinbar be\u00adh\u00f6rdlich-objektive VS-Be\u00adrichte und eine Beobach\u00adtungs\u00adpraxis, die eine konservative Par\u00adtei durch den Ruch der Ille\u00adgalit\u00e4t stigmatisiert. Die \u00d6f\u00adfent\u00adlich\u00adkeitsar\u00adbeit darf aber nicht durch Ein\u00adsatz \u00f6ffent\u00adli\u00adcher Mittel den Mehr\u00adheitsparteien zu Hilfe kom\u00admen und die Op\u00adpo\u00adsi\u00adti\u00adons\u00adpartei\u00aden be\u00adk\u00e4mp\u00adfen. Das ist mit den Grund\u00ads\u00e4tzen ei\u00adnes freien und of\u00adfe\u00adnen Prozesses der Mei\u00adnungs- und Wil\u00adlens\u00adbil\u00addung des Vol\u00adkes und der Gleich\u00adbe\u00adrech\u00ad\u00adtigung der politischen Par\u00adtei\u00aden nicht ver\u00adeinbar.<a href=\"#_ftn30\" id=\"_ftnref30\">[30]<\/a> Es gilt das Ge\u00adbot des grund\u00ads\u00e4tz\u00adlich staats\u00adfreien und offe\u00adnen Meinungs- und Wil\u00adlensbil\u00addungspro\u00adzes\u00adses vom Volk zu den Staatsorganen<a href=\"#_ftn31\" id=\"_ftnref31\">[31]<\/a> und nicht umgekehrt. Der VS-Bericht ist hin\u00adgegen eine ideologische Kampfansa\u00adge an die betreffende Partei, ein Ausgrenzen aus dem Kreis derer, die sich legiti\u00admer\u00adweise am demo\u00adkratischen Willens\u00adbil\u00addungsproze\u00df beteili\u00adgen d\u00fcr\u00adfen, und zu\u00adletzt eine mas\u00adsive Form der politischen Wil\u00adlensbildung von oben nach unten. So gesehen ist der VS in H\u00e4nden der regie\u00adrenden Parteien ein zum Bock ge\u00admachter G\u00e4rtner.<\/p>\n\n\n\n<h2 class=\"wp-block-heading\">Multikulti als Verfassungsgrundsatz?<\/h2>\n\n\n\n<p>Mehr noch: Indem ein Land einen Verfas\u00adsungsgrundsatz des friedlichen Zusammenlebens eines Plurals von Ras\u00adsen und Kulturen erfindet, trachtet es den Sou\u00adver\u00e4n un\u00adserer Demokratie, das deut\u00adsche Volk n\u00e4mlich, durch eine multi\u00adkul\u00adtu\u00adrelle Be\u00adv\u00f6l\u00adkerung zu ersetzen. Dieses Ziel verfolgen man\u00adche Rot-Gr\u00fcnen auch mit ihren Pl\u00e4nen zur Massenein\u00adb\u00fcrge\u00adrung. Christiane Hu\u00adbo hat das als eine Trans\u00adformation des Staa\u00adtes durch den VS oder auch als kalten Ver\u00adfas\u00adsungs\u00adputsch be\u00adzeich\u00adnet.<a href=\"#_ftn32\" id=\"_ftnref32\">[32]<\/a> Auch der Bon\u00adner Verfas\u00adsungsrechtler Isen\u00adsee be\u00adzeich\u00adnete es als Staats\u00adstreich des Parla\u00adments:<\/p>\n\n\n\n<blockquote class=\"wp-block-quote is-layout-flow wp-block-quote-is-layout-flow\"><p>&#8222;Die Proble\u00admatik besteht darin, da\u00df ge\u00adplant wird, durch einfa\u00adchen Gesetzes\u00adbeschlu\u00df des Par\u00adla\u00adments das deut\u00adsche Volk um\u00adzu\u00addefinie\u00adren und auf einen Schlag drei Millionen Per\u00adso\u00adnen als Deutsche zu be\u00adstimmen, obwohl diese sich nicht zur Gemein\u00adschaft des deutschen Vol\u00adkes, son\u00addern zu der eines ande\u00adren, im wesentli\u00adchen des t\u00fcrkischen be\u00adkennen. Eine sol\u00adche ob\u00adrig\u00adkeitli\u00adche Umdefinition durch das Parlament liegt au\u00ad\u00dferhalb seiner verfassungsrechtlichen Be\u00adfug\u00adnisse.&#8220; <a id=\"_ftnref33\" href=\"#_ftn33\">[33]<\/a><\/p><cite>Josef Isensee, Ein Staatsstreich des Par\u00adlaments, DIE WELT 6.1.1999<\/cite><\/blockquote>\n\n\n\n<p>Umdefinitionen jeder Art \u00fcbersteigen nicht nur die Kompetenz des VS. Verfas\u00adsungsschutzberichte sollten sich auf Tat\u00adsachen be\u00adschr\u00e4nken und nicht fragw\u00fcr\u00addige polito\u00adlogische In\u00adter\u00adpre\u00adta\u00adtio\u00adnen als amtlich erh\u00e4rtete Fakten ausgeben.<\/p>\n\n\n\n<p>Es geschieht keineswegs zuf\u00e4llig, wenn Verwaltungsrichter Vaterlandsliebe als Verdachtsgrund f\u00fcr Rechtsextremismus werten, Strafrichter Lieder des S\u00e4ngers Rennicke als schwer jugendgef\u00e4hrdend verurteilen und Zivilrichter erlauben, Rechte als braune Ratten zu bezeichnen. Ich k\u00f6nnte Ihnen ein Sammelsurium von Urteilen vorstellen und vor Augen f\u00fchren, da\u00df Rechte seit Jahren rechtloser sind als jemals in der Nachkriegsgeschichte. Fl\u00e4chendeckend befindet sich die deutsche Justiz auf Linkskurs, werden Konzerte rechter S\u00e4nger verboten, rechte Demonstrationen untersagt und weggekn\u00fcppelt, holen Polizisten bei Trauerfeiern mi\u00dfliebige Schleifen und Angebinde von Gr\u00e4bern, und wir m\u00fcssen uns bereits wieder beim freien Wort am Stammtisch scheu umdrehen, ob uns nicht ein Gesinnungsblock\u00adwart lauscht und bei der Staatsanwaltschaft anschw\u00e4rzt, weil wir vielleicht nicht nett genug \u00fcber Zi\u00adgeuner, \u00fcber Asylbe\u00adwerber, Polen oder andere H\u00e4tschelkinder linker Multikulturpflege gesprochen oder auch nur gewitzelt haben. Rechte Werthaltungen wurden erst von linken Ideologen delegitimiert und zu Unwer\u00adten erkl\u00e4rt. Inzwischen spre\u00adchen Richter im Namen des Volkes Unwerturteile \u00fcber alle diejenigen aus, die dieses Volk noch lieben und es erhalten m\u00f6chten: illegitim!<\/p>\n\n\n\n<hr class=\"wp-block-separator has-alpha-channel-opacity\"\/>\n\n\n\n<p><a href=\"#_ftnref1\" id=\"_ftn1\">[1]<\/a> (vgl. BVerfGE 123, 267 &lt;341&gt;; 129, 124 &lt;169&gt;; 135, 317 &lt;386 Rn. 125&gt;; BVerfG, Urteil vom 21. Juni 2016 &#8211; 2 BvR 2728\/13 u.a. -, juris, Rn. 124; H\u00e4berle, in: Isensee\/Kirchhof, HStR II, 3. Aufl. 2004, \u00a7 22 Rn. 61 ff.; Unger, Das Verfassungsprinzip der Demokratie, 2008, S. 252 ff.).<\/p>\n\n\n\n<p><a id=\"_ftn2\" href=\"#_ftnref2\">[2]<\/a> Ab hier siehe Klaus Kunze, <a href=\"http:\/\/klauskunze.com\/kanzlei\/presse\/vs2000.htm\">Verfassungsschutz ist nicht gleich Schutz der Verfassung, Die Parteipolitik f\u00e4rbt das Bild der zu sch\u00fctzenden Verfassung, in: Hans-Helmuth Kn\u00fctter, Stefan Winckler (Hrg.), Der Verfassungsschutz<\/a>, M\u00fcnchen 2000, ISBN 3-8004-1407-4.<\/p>\n\n\n\n<p><a href=\"#_ftnref3\" id=\"_ftn3\">[3]<\/a> Carl Schmitt, Legalit\u00e4t und Legitimit\u00e4t, 1932,&nbsp; 55 f., 61, 74.<\/p>\n\n\n\n<p><a href=\"#_ftnref4\" id=\"_ftn4\">[4]<\/a> Exemplarisch: OVG L\u00fcneburg U.v. 26.6.97 -13 L 383\/95-: &#8222;Anhaltspunkte f\u00fcr verfassungsfeindliche Zielsetzungen erge\u00adben sich jedenfalls aus der st\u00e4ndigen Ver\u00adwendung des Begriffes der &#8222;Umerziehung&#8220; f\u00fcr die Wiederbegr\u00fcndung der deutschen Demokratie unter dem Ein\u00adflu\u00df der westalli\u00adierten Besatzungsm\u00e4chte nach 1945.&#8220;<\/p>\n\n\n\n<p><a href=\"#_ftnref5\" id=\"_ftn5\">[5]<\/a> BGH U.v.27.9.93, NJW 94, 43: kein In\u00addiz f\u00fcr Versto\u00df des Parteiprogramms ge\u00adgen Grunds\u00e4tze der FdGO.<\/p>\n\n\n\n<p><a href=\"#_ftnref6\" id=\"_ftn6\">[6]<\/a> Verwaltungsrechtsstreit Bundesverwal\u00adtungsgericht -BVerwG 3 C 55.96- Republi\u00adkaner .\/. Innenministerium NRW wegen Genehmigung einer parteinahen Stiftung, m\u00fcndliche Verhandlung vom 12.2.1998.<\/p>\n\n\n\n<p><a href=\"#_ftnref7\" id=\"_ftn7\">[7]<\/a> Ausf\u00fchrlich; Klaus Kunze, Geheimsache Politprozesse, Systemwechsel durch Umin\u00adterpretation: Verfassungs\u00adschutz und Ge\u00adrichtsbarkeit nach dem linken Marsch durch die Institutionen&nbsp; am Beispiel der Republi\u00adkanerverfolgung, Uslar 1998,&nbsp; ISBN 3-933334-05-5, S.21-167.<\/p>\n\n\n\n<p><a href=\"#_ftnref8\" id=\"_ftn8\">[8]<\/a> BVerfG E 20, 56 (99) = NJW 1966,1499 (1503).<\/p>\n\n\n\n<p><a href=\"#_ftnref9\" id=\"_ftn9\">[9]<\/a> Martin Kriele, 1.Zitatsatz: Sekte als Kampfbegriff, FAZ 6.4.1994, 2. Zitatsatz: Leserbrief in FAZ 4.5.1994.<\/p>\n\n\n\n<p><a href=\"#_ftnref10\" id=\"_ftn10\">[10]<\/a> Dez.1998, Hrg. Min.d.Innern und f\u00fcr Sport.<\/p>\n\n\n\n<p><a href=\"#_ftnref11\" id=\"_ftn11\">[11]<\/a> Etwa indem anl\u00e4\u00dflich von Parteitagen die ARD nicht \u00fcber die gehaltenen Re\u00adden be\u00adrichtete, sondern die Stiefel vermutlich be\u00adstellter Skindheads vor der Halle abbildeten und dazu die Ansicht der Journalisten \u00fcber die mutma\u00dflichen Ansich\u00adten von glatzigen Stiefeltr\u00e4gern verbreiteten.<\/p>\n\n\n\n<p><a href=\"#_ftnref12\" id=\"_ftn12\">[12]<\/a> BGH NJW 1983, 1415, OLG K\u00f6ln NJW 85, 273.<\/p>\n\n\n\n<p><a href=\"#_ftnref13\" id=\"_ftn13\">[13]<\/a> Etwa VG M\u00fcnster B.v.24.2.95 &#8211; 15 K 4889\/94.0; OVG M\u00fcnster Beschlu\u00df v. 12.10.95 6d A 2690\/95.0, VG M\u00fcnster 15 K 959\/97.O, VGH Kassel, 7.5.1998, 24 DH 2498\/96 DVBl 98, 1095 L .<\/p>\n\n\n\n<p><a href=\"#_ftnref14\" id=\"_ftn14\">[14]<\/a> BVerwG B.v. 13.10.98 1 WB 86.97, NVwZ 99,299 im Falle eines Majors: Das BVerwG pr\u00fcfte nicht die Verfassungsm\u00e4\u00ad\u00dfigkeit der REP, sondern belie\u00df den Dienstvorgesetz\u00adten einen Beurteilungsspiel\u00adraum: Wenn &#8222;Fachbeh\u00f6rden&#8220; wie der VS und einige Ver\u00adwal\u00adtungsgerichte Verdachts\u00admomente s\u00e4hen, &#8222;Bedenken gegen die Eig\u00adnung nicht ausger\u00e4umt&#8220;.<\/p>\n\n\n\n<p><a href=\"#_ftnref15\" id=\"_ftn15\">[15]<\/a> Wehrdisziplinaranwalt beim Truppen\u00addienstgericht Nord Az.25-01-24 V 174\/97.<\/p>\n\n\n\n<p><a href=\"#_ftnref16\" id=\"_ftn16\">[16]<\/a> Fall eines Oberleutnants der SFOR mit REP-Parteibuch, der nach bestandenem Lehrgang seine Hauptmannsstelle und Be\u00adf\u00f6rderung nicht bekam, &#8222;Weil er vom MAD als Extremist&#8220; eingestuft wurde (laufendes Verfahren BVerwG 1 WB 40., 41. und 42.99.<\/p>\n\n\n\n<p><a href=\"#_ftnref17\" id=\"_ftn17\">[17]<\/a> Dietrich Murswiek, Staatliche Warnun\u00adgen, Wertungen, Kritik als Grund\u00adrechts\u00adein\u00adgriffe &#8211; Zur Wirt\u00adschafts- und Meinungslen\u00adkung durch staatliches In\u00adformati\u00adonshandeln,&nbsp; DVBl 1997, 1021.<\/p>\n\n\n\n<p><a href=\"#_ftnref18\" id=\"_ftn18\">[18]<\/a> BVerfG Urteil vom 15.8.1956, BVerfGE Bd. 5, S. 85 ff., sog. KPD-Urteil<\/p>\n\n\n\n<p><a href=\"#_ftnref19\" id=\"_ftn19\">[19]<\/a> BVerfG Urteil vom 23.10.1952, E Bd.2, S.15 f., sog. SRP-Urteil.<\/p>\n\n\n\n<p><a href=\"#_ftnref20\" id=\"_ftn20\">[20]<\/a> FAP, Wiking-Jugend BVerwG B.v.21.4.95 NJW 95,2505, Nationalistische Front, Nationaler Block VGH M\u00fcnchen, 26.1.1994, 4 A 93.2151 NVwZ-RR 95, 200 u.a.<\/p>\n\n\n\n<p><a href=\"#_ftnref21\" id=\"_ftn21\">[21]<\/a> &#8222;\u00dcberlegungen zur Strategie der CDU ge\u00adgen\u00fcber den REP&#8220;, April 1989, Hrg. Grund\u00adsatz- und Planungsabteilung der Konrad-Adenauer-Stiftung, S.2.<\/p>\n\n\n\n<p><a href=\"#_ftnref22\" id=\"_ftn22\">[22]<\/a> Jochen A. Frowein Die Macht, die \u00fcbers Geld gebietet, Parteien und Verfas\u00adsungs\u00adstaat, FAZ 13.9.1996<\/p>\n\n\n\n<p><a href=\"#_ftnref23\" id=\"_ftn23\">[23]<\/a> Samuel von Pufendorf, De statu Imperii Germanici, 1667, Die Verfassung des Deut\u00adschen Reiches, Hrg.Horst Denzer, Frankfurt\/M.1994, S.165.<\/p>\n\n\n\n<p><a href=\"#_ftnref24\" id=\"_ftn24\">[24]<\/a> Falk Frhr.von Maltzahn, Leserbrief FAZ 27.5.1994.<\/p>\n\n\n\n<p><a href=\"#_ftnref25\" id=\"_ftn25\">[25]<\/a> \u00dcbersicht bei Klaus Kunze, a.a.O., S.13 ff.<\/p>\n\n\n\n<p><a href=\"#_ftnref26\" id=\"_ftn26\">[26]<\/a> Proze\u00df Rep.NRW .\/. Land NRW, VG D\u00fcsseldorf 1 L5758\/92.<\/p>\n\n\n\n<p><a href=\"#_ftnref27\" id=\"_ftn27\">[27]<\/a> VG Mainz U.v.10.12.97 7 K 102\/94.MZ.<\/p>\n\n\n\n<p><a href=\"#_ftnref28\" id=\"_ftn28\">[28]<\/a> VG Berlin U.v. 31.8.98, NJW 99, 806.<\/p>\n\n\n\n<p><a href=\"#_ftnref29\" id=\"_ftn29\">[29]<\/a> OVG Koblenz, Rechtsstreit 12 A 11774\/98.OVG, Schriftsatz des Landes Rheinland-Pfalz, Autor Prof. Friedhelm Hu\u00adfen, vom 26.2.1999, S.7.<\/p>\n\n\n\n<p><a href=\"#_ftnref30\" id=\"_ftn30\">[30]<\/a> BVerfG E 44, 125 (150) = NJW 1977,751.<\/p>\n\n\n\n<p><a href=\"#_ftnref31\" id=\"_ftn31\">[31]<\/a> BVerfG NJW 1966, S.1499.<\/p>\n\n\n\n<p><a href=\"#_ftnref32\" id=\"_ftn32\">[32]<\/a> Christiane Hubo, Verfassungsschutz des Staates durch geistig-politische Aus\u00adeinan\u00adder\u00adsetzung, Ein Beitrag zum Handeln des Staates gegen Rechts, Disserta\u00adtion Speyer-G\u00f6t\u00adtin\u00adgen 1998, S.247-256.<\/p>\n\n\n\n<p><a href=\"#_ftnref33\" id=\"_ftn33\">[33]<\/a> Josef Isensee, Ein Staatsstreich des Par\u00adlaments, DIE WELT 6.1.1999.<\/p>\n","protected":false},"excerpt":{"rendered":"<p>Der SPD-Verfassungsschutz hat eine neue Feindgruppe ersp\u00e4ht: die Delegitimierer. Sie zersetzen angeblich den Glauben an unseren Staat. Das BfV hat daher den Ph\u00e4nomenbereich \u201eVerfassungsschutzrelevante Delegitimierung des Staates\u201c eingerichtet. Die diesem Ph\u00e4nomenbereich zugeordneten Akteure zielen darauf ab, das Vertrauen in das staatliche System zu ersch\u00fcttern und dessen Funktionsf\u00e4higkeit zu beeintr\u00e4chtigen. Dies versuchen sie zu erreichen, indem [&hellip;]<\/p>\n","protected":false},"author":1,"featured_media":4873,"comment_status":"open","ping_status":"open","sticky":false,"template":"","format":"standard","meta":{"h5ap_radio_sources":[],"twitterCardType":"","cardImageID":0,"cardImage":"","cardTitle":"","cardDesc":"","cardImageAlt":"","cardPlayer":"","cardPlayerWidth":0,"cardPlayerHeight":0,"cardPlayerStream":"","cardPlayerCodec":"","footnotes":""},"categories":[1,18,17],"tags":[],"class_list":["post-4870","post","type-post","status-publish","format-standard","has-post-thumbnail","hentry","category-allgemein","category-juristisches","category-politik"],"yoast_head":"<!-- This site is optimized with the Yoast SEO plugin v27.5 - https:\/\/yoast.com\/product\/yoast-seo-wordpress\/ -->\n<title>Delegitimierer, Zersetzer und andere Nagetiere - Klaus Kunze<\/title>\n<meta name=\"robots\" content=\"index, follow, max-snippet:-1, max-image-preview:large, max-video-preview:-1\" \/>\n<link rel=\"canonical\" href=\"https:\/\/klauskunze.com\/blog\/2022\/08\/31\/delegitimierer-zersetzer-und-andere-nagetiere\/\" \/>\n<meta property=\"og:locale\" content=\"de_DE\" \/>\n<meta property=\"og:type\" content=\"article\" \/>\n<meta property=\"og:title\" content=\"Delegitimierer, Zersetzer und andere Nagetiere - Klaus Kunze\" \/>\n<meta property=\"og:description\" content=\"Der SPD-Verfassungsschutz hat eine neue Feindgruppe ersp\u00e4ht: die Delegitimierer. Sie zersetzen angeblich den Glauben an unseren Staat. Das BfV hat daher den Ph\u00e4nomenbereich \u201eVerfassungsschutzrelevante Delegitimierung des Staates\u201c eingerichtet. Die diesem Ph\u00e4nomenbereich zugeordneten Akteure zielen darauf ab, das Vertrauen in das staatliche System zu ersch\u00fcttern und dessen Funktionsf\u00e4higkeit zu beeintr\u00e4chtigen. Dies versuchen sie zu erreichen, indem [&hellip;]\" \/>\n<meta property=\"og:url\" content=\"https:\/\/klauskunze.com\/blog\/2022\/08\/31\/delegitimierer-zersetzer-und-andere-nagetiere\/\" \/>\n<meta property=\"og:site_name\" content=\"Klaus Kunze\" \/>\n<meta property=\"article:published_time\" content=\"2022-08-31T10:37:20+00:00\" \/>\n<meta property=\"article:modified_time\" content=\"2022-08-31T17:25:04+00:00\" \/>\n<meta property=\"og:image\" content=\"https:\/\/klauskunze.com\/blog\/wp-content\/uploads\/2022\/08\/tony-sart-elfes-02-02.jpg\" \/>\n\t<meta property=\"og:image:width\" content=\"1094\" \/>\n\t<meta property=\"og:image:height\" content=\"772\" \/>\n\t<meta property=\"og:image:type\" content=\"image\/jpeg\" \/>\n<meta name=\"author\" content=\"Klaus Kunze\" \/>\n<meta name=\"twitter:label1\" content=\"Verfasst von\" \/>\n\t<meta name=\"twitter:data1\" content=\"Klaus Kunze\" \/>\n\t<meta name=\"twitter:label2\" content=\"Gesch\u00e4tzte Lesezeit\" \/>\n\t<meta name=\"twitter:data2\" content=\"33\u00a0Minuten\" \/>\n<script type=\"application\/ld+json\" class=\"yoast-schema-graph\">{\"@context\":\"https:\\\/\\\/schema.org\",\"@graph\":[{\"@type\":\"Article\",\"@id\":\"https:\\\/\\\/klauskunze.com\\\/blog\\\/2022\\\/08\\\/31\\\/delegitimierer-zersetzer-und-andere-nagetiere\\\/#article\",\"isPartOf\":{\"@id\":\"https:\\\/\\\/klauskunze.com\\\/blog\\\/2022\\\/08\\\/31\\\/delegitimierer-zersetzer-und-andere-nagetiere\\\/\"},\"author\":{\"name\":\"Klaus Kunze\",\"@id\":\"https:\\\/\\\/klauskunze.com\\\/blog\\\/#\\\/schema\\\/person\\\/9c091cf30ab68b897db6a517e3c3b11b\"},\"headline\":\"Delegitimierer, Zersetzer und andere Nagetiere\",\"datePublished\":\"2022-08-31T10:37:20+00:00\",\"dateModified\":\"2022-08-31T17:25:04+00:00\",\"mainEntityOfPage\":{\"@id\":\"https:\\\/\\\/klauskunze.com\\\/blog\\\/2022\\\/08\\\/31\\\/delegitimierer-zersetzer-und-andere-nagetiere\\\/\"},\"wordCount\":6607,\"commentCount\":1,\"publisher\":{\"@id\":\"https:\\\/\\\/klauskunze.com\\\/blog\\\/#\\\/schema\\\/person\\\/9c091cf30ab68b897db6a517e3c3b11b\"},\"image\":{\"@id\":\"https:\\\/\\\/klauskunze.com\\\/blog\\\/2022\\\/08\\\/31\\\/delegitimierer-zersetzer-und-andere-nagetiere\\\/#primaryimage\"},\"thumbnailUrl\":\"https:\\\/\\\/klauskunze.com\\\/blog\\\/wp-content\\\/uploads\\\/2022\\\/08\\\/tony-sart-elfes-02-02.jpg\",\"articleSection\":{\"1\":\"Juristisches\",\"2\":\"Politik\"},\"inLanguage\":\"de\",\"potentialAction\":[{\"@type\":\"CommentAction\",\"name\":\"Comment\",\"target\":[\"https:\\\/\\\/klauskunze.com\\\/blog\\\/2022\\\/08\\\/31\\\/delegitimierer-zersetzer-und-andere-nagetiere\\\/#respond\"]}]},{\"@type\":\"WebPage\",\"@id\":\"https:\\\/\\\/klauskunze.com\\\/blog\\\/2022\\\/08\\\/31\\\/delegitimierer-zersetzer-und-andere-nagetiere\\\/\",\"url\":\"https:\\\/\\\/klauskunze.com\\\/blog\\\/2022\\\/08\\\/31\\\/delegitimierer-zersetzer-und-andere-nagetiere\\\/\",\"name\":\"Delegitimierer, Zersetzer und andere Nagetiere - Klaus Kunze\",\"isPartOf\":{\"@id\":\"https:\\\/\\\/klauskunze.com\\\/blog\\\/#website\"},\"primaryImageOfPage\":{\"@id\":\"https:\\\/\\\/klauskunze.com\\\/blog\\\/2022\\\/08\\\/31\\\/delegitimierer-zersetzer-und-andere-nagetiere\\\/#primaryimage\"},\"image\":{\"@id\":\"https:\\\/\\\/klauskunze.com\\\/blog\\\/2022\\\/08\\\/31\\\/delegitimierer-zersetzer-und-andere-nagetiere\\\/#primaryimage\"},\"thumbnailUrl\":\"https:\\\/\\\/klauskunze.com\\\/blog\\\/wp-content\\\/uploads\\\/2022\\\/08\\\/tony-sart-elfes-02-02.jpg\",\"datePublished\":\"2022-08-31T10:37:20+00:00\",\"dateModified\":\"2022-08-31T17:25:04+00:00\",\"breadcrumb\":{\"@id\":\"https:\\\/\\\/klauskunze.com\\\/blog\\\/2022\\\/08\\\/31\\\/delegitimierer-zersetzer-und-andere-nagetiere\\\/#breadcrumb\"},\"inLanguage\":\"de\",\"potentialAction\":[{\"@type\":\"ReadAction\",\"target\":[\"https:\\\/\\\/klauskunze.com\\\/blog\\\/2022\\\/08\\\/31\\\/delegitimierer-zersetzer-und-andere-nagetiere\\\/\"]}]},{\"@type\":\"ImageObject\",\"inLanguage\":\"de\",\"@id\":\"https:\\\/\\\/klauskunze.com\\\/blog\\\/2022\\\/08\\\/31\\\/delegitimierer-zersetzer-und-andere-nagetiere\\\/#primaryimage\",\"url\":\"https:\\\/\\\/klauskunze.com\\\/blog\\\/wp-content\\\/uploads\\\/2022\\\/08\\\/tony-sart-elfes-02-02.jpg\",\"contentUrl\":\"https:\\\/\\\/klauskunze.com\\\/blog\\\/wp-content\\\/uploads\\\/2022\\\/08\\\/tony-sart-elfes-02-02.jpg\",\"width\":1094,\"height\":772},{\"@type\":\"BreadcrumbList\",\"@id\":\"https:\\\/\\\/klauskunze.com\\\/blog\\\/2022\\\/08\\\/31\\\/delegitimierer-zersetzer-und-andere-nagetiere\\\/#breadcrumb\",\"itemListElement\":[{\"@type\":\"ListItem\",\"position\":1,\"name\":\"Startseite\",\"item\":\"https:\\\/\\\/klauskunze.com\\\/blog\\\/\"},{\"@type\":\"ListItem\",\"position\":2,\"name\":\"Delegitimierer, Zersetzer und andere Nagetiere\"}]},{\"@type\":\"WebSite\",\"@id\":\"https:\\\/\\\/klauskunze.com\\\/blog\\\/#website\",\"url\":\"https:\\\/\\\/klauskunze.com\\\/blog\\\/\",\"name\":\"Klaus Kunze\",\"description\":\"Blog\",\"publisher\":{\"@id\":\"https:\\\/\\\/klauskunze.com\\\/blog\\\/#\\\/schema\\\/person\\\/9c091cf30ab68b897db6a517e3c3b11b\"},\"potentialAction\":[{\"@type\":\"SearchAction\",\"target\":{\"@type\":\"EntryPoint\",\"urlTemplate\":\"https:\\\/\\\/klauskunze.com\\\/blog\\\/?s={search_term_string}\"},\"query-input\":{\"@type\":\"PropertyValueSpecification\",\"valueRequired\":true,\"valueName\":\"search_term_string\"}}],\"inLanguage\":\"de\"},{\"@type\":[\"Person\",\"Organization\"],\"@id\":\"https:\\\/\\\/klauskunze.com\\\/blog\\\/#\\\/schema\\\/person\\\/9c091cf30ab68b897db6a517e3c3b11b\",\"name\":\"Klaus Kunze\",\"image\":{\"@type\":\"ImageObject\",\"inLanguage\":\"de\",\"@id\":\"https:\\\/\\\/secure.gravatar.com\\\/avatar\\\/5cd83cadbada9c331a79952fcca177ed3d3be4c7ad3239b9d934bf84adff15dd?s=96&d=blank&r=g\",\"url\":\"https:\\\/\\\/secure.gravatar.com\\\/avatar\\\/5cd83cadbada9c331a79952fcca177ed3d3be4c7ad3239b9d934bf84adff15dd?s=96&d=blank&r=g\",\"contentUrl\":\"https:\\\/\\\/secure.gravatar.com\\\/avatar\\\/5cd83cadbada9c331a79952fcca177ed3d3be4c7ad3239b9d934bf84adff15dd?s=96&d=blank&r=g\",\"caption\":\"Klaus Kunze\"},\"logo\":{\"@id\":\"https:\\\/\\\/secure.gravatar.com\\\/avatar\\\/5cd83cadbada9c331a79952fcca177ed3d3be4c7ad3239b9d934bf84adff15dd?s=96&d=blank&r=g\"},\"sameAs\":[\"http:\\\/\\\/KlausKunze.com\",\"https:\\\/\\\/x.com\\\/https:\\\/\\\/twitter.com\\\/KlausKunze3\"]}]}<\/script>\n<!-- \/ Yoast SEO plugin. -->","yoast_head_json":{"title":"Delegitimierer, Zersetzer und andere Nagetiere - Klaus Kunze","robots":{"index":"index","follow":"follow","max-snippet":"max-snippet:-1","max-image-preview":"max-image-preview:large","max-video-preview":"max-video-preview:-1"},"canonical":"https:\/\/klauskunze.com\/blog\/2022\/08\/31\/delegitimierer-zersetzer-und-andere-nagetiere\/","og_locale":"de_DE","og_type":"article","og_title":"Delegitimierer, Zersetzer und andere Nagetiere - Klaus Kunze","og_description":"Der SPD-Verfassungsschutz hat eine neue Feindgruppe ersp\u00e4ht: die Delegitimierer. Sie zersetzen angeblich den Glauben an unseren Staat. Das BfV hat daher den Ph\u00e4nomenbereich \u201eVerfassungsschutzrelevante Delegitimierung des Staates\u201c eingerichtet. Die diesem Ph\u00e4nomenbereich zugeordneten Akteure zielen darauf ab, das Vertrauen in das staatliche System zu ersch\u00fcttern und dessen Funktionsf\u00e4higkeit zu beeintr\u00e4chtigen. Dies versuchen sie zu erreichen, indem [&hellip;]","og_url":"https:\/\/klauskunze.com\/blog\/2022\/08\/31\/delegitimierer-zersetzer-und-andere-nagetiere\/","og_site_name":"Klaus Kunze","article_published_time":"2022-08-31T10:37:20+00:00","article_modified_time":"2022-08-31T17:25:04+00:00","og_image":[{"width":1094,"height":772,"url":"https:\/\/klauskunze.com\/blog\/wp-content\/uploads\/2022\/08\/tony-sart-elfes-02-02.jpg","type":"image\/jpeg"}],"author":"Klaus Kunze","twitter_misc":{"Verfasst von":"Klaus Kunze","Gesch\u00e4tzte Lesezeit":"33\u00a0Minuten"},"schema":{"@context":"https:\/\/schema.org","@graph":[{"@type":"Article","@id":"https:\/\/klauskunze.com\/blog\/2022\/08\/31\/delegitimierer-zersetzer-und-andere-nagetiere\/#article","isPartOf":{"@id":"https:\/\/klauskunze.com\/blog\/2022\/08\/31\/delegitimierer-zersetzer-und-andere-nagetiere\/"},"author":{"name":"Klaus Kunze","@id":"https:\/\/klauskunze.com\/blog\/#\/schema\/person\/9c091cf30ab68b897db6a517e3c3b11b"},"headline":"Delegitimierer, Zersetzer und andere Nagetiere","datePublished":"2022-08-31T10:37:20+00:00","dateModified":"2022-08-31T17:25:04+00:00","mainEntityOfPage":{"@id":"https:\/\/klauskunze.com\/blog\/2022\/08\/31\/delegitimierer-zersetzer-und-andere-nagetiere\/"},"wordCount":6607,"commentCount":1,"publisher":{"@id":"https:\/\/klauskunze.com\/blog\/#\/schema\/person\/9c091cf30ab68b897db6a517e3c3b11b"},"image":{"@id":"https:\/\/klauskunze.com\/blog\/2022\/08\/31\/delegitimierer-zersetzer-und-andere-nagetiere\/#primaryimage"},"thumbnailUrl":"https:\/\/klauskunze.com\/blog\/wp-content\/uploads\/2022\/08\/tony-sart-elfes-02-02.jpg","articleSection":{"1":"Juristisches","2":"Politik"},"inLanguage":"de","potentialAction":[{"@type":"CommentAction","name":"Comment","target":["https:\/\/klauskunze.com\/blog\/2022\/08\/31\/delegitimierer-zersetzer-und-andere-nagetiere\/#respond"]}]},{"@type":"WebPage","@id":"https:\/\/klauskunze.com\/blog\/2022\/08\/31\/delegitimierer-zersetzer-und-andere-nagetiere\/","url":"https:\/\/klauskunze.com\/blog\/2022\/08\/31\/delegitimierer-zersetzer-und-andere-nagetiere\/","name":"Delegitimierer, Zersetzer und andere Nagetiere - Klaus Kunze","isPartOf":{"@id":"https:\/\/klauskunze.com\/blog\/#website"},"primaryImageOfPage":{"@id":"https:\/\/klauskunze.com\/blog\/2022\/08\/31\/delegitimierer-zersetzer-und-andere-nagetiere\/#primaryimage"},"image":{"@id":"https:\/\/klauskunze.com\/blog\/2022\/08\/31\/delegitimierer-zersetzer-und-andere-nagetiere\/#primaryimage"},"thumbnailUrl":"https:\/\/klauskunze.com\/blog\/wp-content\/uploads\/2022\/08\/tony-sart-elfes-02-02.jpg","datePublished":"2022-08-31T10:37:20+00:00","dateModified":"2022-08-31T17:25:04+00:00","breadcrumb":{"@id":"https:\/\/klauskunze.com\/blog\/2022\/08\/31\/delegitimierer-zersetzer-und-andere-nagetiere\/#breadcrumb"},"inLanguage":"de","potentialAction":[{"@type":"ReadAction","target":["https:\/\/klauskunze.com\/blog\/2022\/08\/31\/delegitimierer-zersetzer-und-andere-nagetiere\/"]}]},{"@type":"ImageObject","inLanguage":"de","@id":"https:\/\/klauskunze.com\/blog\/2022\/08\/31\/delegitimierer-zersetzer-und-andere-nagetiere\/#primaryimage","url":"https:\/\/klauskunze.com\/blog\/wp-content\/uploads\/2022\/08\/tony-sart-elfes-02-02.jpg","contentUrl":"https:\/\/klauskunze.com\/blog\/wp-content\/uploads\/2022\/08\/tony-sart-elfes-02-02.jpg","width":1094,"height":772},{"@type":"BreadcrumbList","@id":"https:\/\/klauskunze.com\/blog\/2022\/08\/31\/delegitimierer-zersetzer-und-andere-nagetiere\/#breadcrumb","itemListElement":[{"@type":"ListItem","position":1,"name":"Startseite","item":"https:\/\/klauskunze.com\/blog\/"},{"@type":"ListItem","position":2,"name":"Delegitimierer, Zersetzer und andere Nagetiere"}]},{"@type":"WebSite","@id":"https:\/\/klauskunze.com\/blog\/#website","url":"https:\/\/klauskunze.com\/blog\/","name":"Klaus Kunze","description":"Blog","publisher":{"@id":"https:\/\/klauskunze.com\/blog\/#\/schema\/person\/9c091cf30ab68b897db6a517e3c3b11b"},"potentialAction":[{"@type":"SearchAction","target":{"@type":"EntryPoint","urlTemplate":"https:\/\/klauskunze.com\/blog\/?s={search_term_string}"},"query-input":{"@type":"PropertyValueSpecification","valueRequired":true,"valueName":"search_term_string"}}],"inLanguage":"de"},{"@type":["Person","Organization"],"@id":"https:\/\/klauskunze.com\/blog\/#\/schema\/person\/9c091cf30ab68b897db6a517e3c3b11b","name":"Klaus Kunze","image":{"@type":"ImageObject","inLanguage":"de","@id":"https:\/\/secure.gravatar.com\/avatar\/5cd83cadbada9c331a79952fcca177ed3d3be4c7ad3239b9d934bf84adff15dd?s=96&d=blank&r=g","url":"https:\/\/secure.gravatar.com\/avatar\/5cd83cadbada9c331a79952fcca177ed3d3be4c7ad3239b9d934bf84adff15dd?s=96&d=blank&r=g","contentUrl":"https:\/\/secure.gravatar.com\/avatar\/5cd83cadbada9c331a79952fcca177ed3d3be4c7ad3239b9d934bf84adff15dd?s=96&d=blank&r=g","caption":"Klaus Kunze"},"logo":{"@id":"https:\/\/secure.gravatar.com\/avatar\/5cd83cadbada9c331a79952fcca177ed3d3be4c7ad3239b9d934bf84adff15dd?s=96&d=blank&r=g"},"sameAs":["http:\/\/KlausKunze.com","https:\/\/x.com\/https:\/\/twitter.com\/KlausKunze3"]}]}},"post_mailing_queue_ids":[],"_links":{"self":[{"href":"https:\/\/klauskunze.com\/blog\/wp-json\/wp\/v2\/posts\/4870","targetHints":{"allow":["GET"]}}],"collection":[{"href":"https:\/\/klauskunze.com\/blog\/wp-json\/wp\/v2\/posts"}],"about":[{"href":"https:\/\/klauskunze.com\/blog\/wp-json\/wp\/v2\/types\/post"}],"author":[{"embeddable":true,"href":"https:\/\/klauskunze.com\/blog\/wp-json\/wp\/v2\/users\/1"}],"replies":[{"embeddable":true,"href":"https:\/\/klauskunze.com\/blog\/wp-json\/wp\/v2\/comments?post=4870"}],"version-history":[{"count":14,"href":"https:\/\/klauskunze.com\/blog\/wp-json\/wp\/v2\/posts\/4870\/revisions"}],"predecessor-version":[{"id":4891,"href":"https:\/\/klauskunze.com\/blog\/wp-json\/wp\/v2\/posts\/4870\/revisions\/4891"}],"wp:featuredmedia":[{"embeddable":true,"href":"https:\/\/klauskunze.com\/blog\/wp-json\/wp\/v2\/media\/4873"}],"wp:attachment":[{"href":"https:\/\/klauskunze.com\/blog\/wp-json\/wp\/v2\/media?parent=4870"}],"wp:term":[{"taxonomy":"category","embeddable":true,"href":"https:\/\/klauskunze.com\/blog\/wp-json\/wp\/v2\/categories?post=4870"},{"taxonomy":"post_tag","embeddable":true,"href":"https:\/\/klauskunze.com\/blog\/wp-json\/wp\/v2\/tags?post=4870"}],"curies":[{"name":"wp","href":"https:\/\/api.w.org\/{rel}","templated":true}]}}