{"id":5045,"date":"2022-10-09T21:29:31","date_gmt":"2022-10-09T19:29:31","guid":{"rendered":"http:\/\/klauskunze.com\/blog\/?p=5045"},"modified":"2022-10-18T08:41:05","modified_gmt":"2022-10-18T06:41:05","slug":"ueber-den-moralischen-tellerrand-hinaus-gedacht","status":"publish","type":"post","link":"https:\/\/klauskunze.com\/blog\/2022\/10\/09\/ueber-den-moralischen-tellerrand-hinaus-gedacht\/","title":{"rendered":"\u00dcber den moralischen Tellerrand hinaus gedacht"},"content":{"rendered":"\n<h2 class=\"wp-block-heading\">Sterben f\u00fcr Uigur?<\/h2>\n\n\n\n<p>\u201eSterben f\u00fcr Danzig? fragten franz\u00f6sische Zeitungen 1939 skeptisch, als das Deutsche Reich sich die alte Stadt Danzig wieder angliederte. Durch das Versailler Diktat war sie ihrem Mutterland gegen den Willen seiner Bewohner entrissen worden.<\/p>\n\n\n\n<p>Sterben f\u00fcr Uigur? Manche deutschen Fundamentalisten w\u00fcrden das offenbar in Kauf nehmen. Der Gr\u00fcne B\u00fctikofer und A. Baerbock werden nicht m\u00fcde, vom Reich der Mitte \u201eEinhaltung der Menschenrechte\u201c zu fordern, oder jedenfalls, was die Gr\u00fcnen darunter verstehen.<\/p>\n\n\n\n<blockquote class=\"wp-block-quote is-layout-flow wp-block-quote-is-layout-flow\"><p>Nach neuen Enth\u00fcllungen \u00fcber Menschenrechtsverletzungen gegen\u00fcber den Uiguren hat Au\u00dfenministerin Annalena Baerbock von Peking transparente Aufkl\u00e4rung verlangt. Der Gr\u00fcnen-Europaabgeordnete Reinhard B\u00fctikofer forderte im Dlf, wirtschaftliche Interessen klar zu reduzieren. Deutsche Firmen wie BASF oder VW sollten sich aus China zur\u00fcckziehen.<\/p><cite><a href=\"https:\/\/www.deutschlandfunk.de\/chinas-umgang-mit-uiguren-100.html\">Deutschlandfunk 25.5.2022<\/a><\/cite><\/blockquote>\n\n\n\n<p>Wie ein Wirtschaftskrieg sich f\u00fcr uns einfache B\u00fcrger anf\u00fchlt, wei\u00df inzwischen jeder, und solche Kriege sind nur zu h\u00e4ufig Vorboten eines milit\u00e4rischen Konflikts. Die Lasten solcher Konflikte tragen freilich Figuren wie B\u00fctikofer und Baerbock nicht pers\u00f6nlich. Marschieren d\u00fcrfen dann andere. Das ist im 21. Jahrhundert nicht anders im 11., als Papst Urban 1095 die Christen zur Eroberung Jerusalems aufrief, denn: \u201eGott will es!\u201c<\/p>\n\n\n\n<p>Auch heute sind es ideologische Imperative, die westliche Aufbruchsstimmung erzeugen sollen: \u201eDie Moral\u201c, \u201edie Menschenrechte\u201c, und \u201edie Freiheit\u201c sollen global allen Menschen dargebracht werden, ob sie diese nun wollen oder nicht. Diese Menschenrechte sind als Individualrechte konzipiert. Aus Sicht ihrer Prinzipien gibt es eigentlich nur Individuen:<\/p>\n\n\n\n<h2 class=\"wp-block-heading\">Das Diktat des Individualismus<\/h2>\n\n\n\n<p>Grundwert des \u201ewestlichen\u201c, das hei\u00dft des amerikanischen, Liberalismus ist ein radikaler Individualismus. Sein Gegenbild war in Deutschland bis 1945 ein ebenso radikaler Kollektivismus. Dieser hatte gefordert: \u201eDu bis nichts, dein Volk ist alles.\u201c Jener hingegen bestreitet in letzter Konsequenz, da\u00df es V\u00f6lker \u00fcberhaupt gibt. <a href=\"https:\/\/de.wikipedia.org\/wiki\/Max_Stirner\">Max Stirner<\/a> hatte 1844 in seinem Buch \u201eDer Einzige und sein Eigentum\u201c unnachahmlich formuliert: \u201eMir geht nichts \u00fcber mich!\u201c<\/p>\n\n\n\n<p>Der vor 200 Jahren noch gem\u00e4\u00dfigte Liberalismus hat sich inzwischen radikalisiert und gipfelt, philosophisch, in \u201ekonstruktivistischen\u201c Theorien. Diese treiben den methodologischen Individualismus auf die Spitze. Sie kennen keine nat\u00fcrlichen Gemeinschaften wie Familien und V\u00f6lker mehr. Es gebe nur Gesellschaften, alle konstruiert aus Einzelmenschen, aus Individuen, die wie Atome oder Legosteine alle gleichartig und darum beliebig wiederververwendbar seien.<\/p>\n\n\n\n<p>So steht der kollektivistischen Hypertrophie des Gemeinschaftlichen eine Hypertrophie des Individualistischen gegen\u00fcber. Diese besagt, verfassungsrechtlich formuliert: Ncht der Einzelne ist f\u00fcr den Staat da, also f\u00fcr die Gemeinschaft, sondern immer nur die Gemeinschaft in Gestalt des Staates f\u00fcr den Einzelnen. Beide Extreme ignorieren, da\u00df alle Menschen geborene Gemeinschaftswesen und Individuen zugleich sind. Beide Extreme hatten und haben ihre jeweiligen Prinzipienreiter: Kollektivisten auf der einen Seite ebenso wie kleine Anarchisten auf der anderen &#8211; denn der Anarchist treibt die Feindseligkeit gegen alles Gemeinschaftliche am weitesten.<\/p>\n\n\n\n<h2 class=\"wp-block-heading\">Die geborenen Kollektivisten<\/h2>\n\n\n\n<p>Eine Grunddoktrin des methodologischen Individualismus lautet heute: Alle Menschen sind gleich. Das m\u00fcssen sie sein, denn nur mit einander gleichen Bausteinen kann man jede beliebige neue Gesellschaft konstruieren. Die moderne Genetik dagegen findet immer mehr genetische Unterschiedlichkeiten nicht nur zwischen Individuen, sondern vor allem auch zwischen Menschengruppen.<\/p>\n\n\n\n<p>Diese Unterschiede betreffen nicht nur Oberfl\u00e4chliches wie die Hautfarbe. Auch tief drinnen in unserem emotionalen Erleben unterscheiden wir uns. Die Pointe: Ein gewisses Ma\u00df an Kollektivismus ist erblich:<\/p>\n\n\n\n<blockquote class=\"wp-block-quote is-layout-flow wp-block-quote-is-layout-flow\"><p>Die chinesischen Forscher Siyang Luo und Shihui Han haben beim Vergleich von 12 westlichen und ostasiatischen L\u00e4ndern eine hohe (geographische) Korrelation (r=0,94) des A-Allels zum Kollektivismus gefunden. Die kollektivistischen L\u00e4nder in Ostasien haben mehr A und weniger G als die westlichen.<a id=\"_ftnref1\" href=\"#_ftn1\">[1]<\/a><\/p><cite><a href=\"https:\/\/lindenbaum-verlag.de\/produkt\/voelkerpsychologie-was-uns-unterscheidet\/\">Andreas Vonderach, V\u00f6lkerpsychologie, 3.Aufl. 2021, S.416<\/a>.<\/cite><\/blockquote>\n\n\n<div class=\"wp-block-image\">\n<figure class=\"aligncenter size-large is-resized\"><a href=\"https:\/\/lindenbaum-verlag.de\/produkt\/voelkerpsychologie-was-uns-unterscheidet\/\"><img loading=\"lazy\" decoding=\"async\" src=\"http:\/\/klauskunze.com\/blog\/wp-content\/uploads\/2022\/10\/20221009_210900-716x1024.jpg\" alt=\"\" class=\"wp-image-5047\" width=\"358\" height=\"512\" srcset=\"https:\/\/klauskunze.com\/blog\/wp-content\/uploads\/2022\/10\/20221009_210900-716x1024.jpg 716w, https:\/\/klauskunze.com\/blog\/wp-content\/uploads\/2022\/10\/20221009_210900-210x300.jpg 210w, https:\/\/klauskunze.com\/blog\/wp-content\/uploads\/2022\/10\/20221009_210900-768x1098.jpg 768w, https:\/\/klauskunze.com\/blog\/wp-content\/uploads\/2022\/10\/20221009_210900-1075x1536.jpg 1075w, https:\/\/klauskunze.com\/blog\/wp-content\/uploads\/2022\/10\/20221009_210900-1433x2048.jpg 1433w, https:\/\/klauskunze.com\/blog\/wp-content\/uploads\/2022\/10\/20221009_210900-900x1286.jpg 900w, https:\/\/klauskunze.com\/blog\/wp-content\/uploads\/2022\/10\/20221009_210900-1280x1829.jpg 1280w, https:\/\/klauskunze.com\/blog\/wp-content\/uploads\/2022\/10\/20221009_210900-scaled.jpg 1791w\" sizes=\"auto, (max-width: 358px) 100vw, 358px\" \/><\/a><figcaption>Andreas Vonderach, V\u00f6lkerpsychologie, Lindenbaum 2021, 978-3-938176-97-9.<a href=\"https:\/\/lindenbaum-verlag.de\/produkt\/voelkerpsychologie-was-uns-unterscheidet\/\">https:\/\/lindenbaum-verlag.de\/produkt\/voelkerpsychologie-was-uns-unterscheidet\/<\/a><\/figcaption><\/figure>\n<\/div>\n\n\n<p>Die genetischen Feinheiten sind auch detailliert nachzulesen in einer Studie von Joan Y. Chiao und Katherine D. Blizinsky:<\/p>\n\n\n\n<blockquote class=\"wp-block-quote is-layout-flow wp-block-quote-is-layout-flow\"><p>Die koevolution\u00e4re Kultur-Gen-Theorie geht davon aus, dass sich kulturelle Werte entwickelt haben, anpassungsf\u00e4hig sind und die sozialen und physischen Umgebungen beeinflussen, in denen die genetische Selektion stattfindet. Hier untersuchten wir den Zusammenhang zwischen kulturellen Werten des Individualismus-Kollektivismus und der Allelfrequenz des Serotonin-Transporter-Funktionspolymorphismus (5-HTTLPR) sowie die Rolle, die diese Kultur-Gen-Assoziation bei der Erkl\u00e4rung der globalen Variabilit\u00e4t in der Pr\u00e4valenz von Krankheitserregern und affektiven St\u00f6rungen spielen k\u00f6nnte . Wir fanden Hinweise darauf, da\u00df kollektivistische Kulturen in 29 Nationen mit signifikant h\u00f6herer Wahrscheinlichkeit Individuen umfassten, die das kurze (S) Allel des 5-HTTLPR trugen. Die Ergebnisse zeigen ferner, da\u00df die historische Pathogenpr\u00e4valenz aufgrund der genetischen Selektion des S-Allels kulturelle Variabilit\u00e4t im Individualismus-Kollektivismus vorhersagt.<\/p><cite><a href=\"https:\/\/royalsocietypublishing.org\/doi\/10.1098\/rspb.2009.1650\">Joan Y. Chiao und Katherine D. Blizinsky, Kultur-Gen-Koevolution von Individualismus-Kollektivismus und das Serotonin-Transporter-Gen, 28. Oktober 2009<\/a>. <a href=\"https:\/\/doi.org\/10.1098\/rspb.2009.1650\">https:\/\/doi.org\/10.1098\/rspb.2009.1650<\/a><\/cite><\/blockquote>\n\n\n\n<p>Im Rahmen unserer Verfassungsordnung wird jeder Ansatz von Kollektivismus amtlich sofort mit dem Stempel \u201everfassungsfeindlich\u201c gebrandmarkt. Nimmt man unser gesetztes Verfassungsrecht als Ma\u00dfstab, w\u00e4re in der Tat jede Forderung nach einem kollektivistischen Verfassungssystem mit unserer freiheitlichen demokratischen Grundordnung unvereinbar. Bei uns heiligt man das Individuum mit allerlei metaphysischen Beschw\u00f6rungen wie der Menschenw\u00fcrde, die doch angeblich \u201evorstaatlich\u201c sei, jedem Menschen angeboren, darum universell und die nat\u00fcrlich absolute Geltung beanspruche. <\/p>\n\n\n\n<p>Ausgangspunkt und wesentlicher Bestandteil der Menschenw\u00fcrdedoktrin ist der methodologische Individualismus. Ihm zufolge existieren prinzipiell nur Individuen und keine Gemeinschaften. Und weil auch moralischer Adel verpflichtet, sollen wir dahingehen und diesen Individualismus allen Menschen bringen und sie lehren und gl\u00e4ubig machen: Kollektives Bewu\u00dftsein ist blasphemisch, das geht gar nicht!<\/p>\n\n\n\n<h2 class=\"wp-block-heading\">Die bis an die Z\u00e4hne bewaffneten Kollektivisten<\/h2>\n\n\n\n<p>Leider sto\u00dfen unser moralisches Sendungsbewu\u00dftsein und der fromme Wunsch, an unserem individualistischen Wesen solle die ganze Welt genesen, nicht \u00fcberall auf freudige Zustimmung. Da gibt es zum Beispiel in Asien die eine oder andere Macht, bis an die Z\u00e4hne bewaffnet und sicherlich beherscht davon, was man schon Ende des 18. Jahrhunderts als \u201easiatische Despotie\u201c verabscheute: Alles h\u00f6rt auf das Kommando eines Einen, und alle kuschen brav und im Kollektiv.<\/p>\n\n\n\n<p>Igitt! Mir w\u00e4re so etwas zutiefst zuwider.<\/p>\n\n\n\n<p>Ja, f\u00fcr meine pers\u00f6nliche Freiheit und die meines Volkes w\u00fcrde ich zur Not in den Krieg ziehen. Ich kann als Individuum nicht freier sein als mein Volk, dem ich angeh\u00f6re. Aber sterben f\u00fcr abstrakte Prinzipien? Sterben f\u00fcr \u201edie Menschenrechte\u201c? Sterben f\u00fcr Uiguren?<\/p>\n\n\n\n<figure class=\"wp-block-image alignwide size-large\"><img loading=\"lazy\" decoding=\"async\" width=\"1024\" height=\"596\" src=\"http:\/\/klauskunze.com\/blog\/wp-content\/uploads\/2022\/10\/2022-09-24-54-Alte-Meister-1-1024x596.jpg\" alt=\"\" class=\"wp-image-5049\" srcset=\"https:\/\/klauskunze.com\/blog\/wp-content\/uploads\/2022\/10\/2022-09-24-54-Alte-Meister-1-1024x596.jpg 1024w, https:\/\/klauskunze.com\/blog\/wp-content\/uploads\/2022\/10\/2022-09-24-54-Alte-Meister-1-300x175.jpg 300w, https:\/\/klauskunze.com\/blog\/wp-content\/uploads\/2022\/10\/2022-09-24-54-Alte-Meister-1-768x447.jpg 768w, https:\/\/klauskunze.com\/blog\/wp-content\/uploads\/2022\/10\/2022-09-24-54-Alte-Meister-1-1536x895.jpg 1536w, https:\/\/klauskunze.com\/blog\/wp-content\/uploads\/2022\/10\/2022-09-24-54-Alte-Meister-1-2048x1193.jpg 2048w, https:\/\/klauskunze.com\/blog\/wp-content\/uploads\/2022\/10\/2022-09-24-54-Alte-Meister-1-900x524.jpg 900w, https:\/\/klauskunze.com\/blog\/wp-content\/uploads\/2022\/10\/2022-09-24-54-Alte-Meister-1-1280x746.jpg 1280w\" sizes=\"auto, (max-width: 1024px) 100vw, 1024px\" \/><figcaption>Weil die Priester des Baal nicht an den biblischen Gott glauben wollten, mu\u00dften sie dran glauben (Lucas Cranach, Elias und die Baalpriester, 1545, Dresden, Galerie alter Meister, Bildausschnitt)<\/figcaption><\/figure>\n\n\n\n<p>Sollen wir mit jedem auf Kriegsfu\u00df stehen, der unsere Menschenrechtsmoral nicht teilt? M\u00fcssen wir die ganze Welt bekehren? Einer der besten Kenner Chinas ist der amerikanische Erzkapitalist <a href=\"http:\/\/klauskunze.com\/blog\/2022\/09\/18\/der-niedergang-des-imperiums\/\">Ray Dalio<\/a>, einundsiebzigreichster Mann der Welt und Inhaber des gr\u00f6\u00dften Hedgefonds <a href=\"https:\/\/www.bridgewater.com\/\">Bridgewater<\/a>. Er warnt in seinem Buch \u201eWeltordnung im Wandel\u201c:<\/p>\n\n\n\n<blockquote class=\"wp-block-quote is-layout-flow wp-block-quote-is-layout-flow\"><p>Meiner Ansicht nach ist unbedingt zu begreifen und zu akzeptieren, da\u00df Chinesen und Amerikaner unterschiedliche Wertvorstellungen haben und sich anders entscheiden, als es dem anderen gef\u00e4llt. So mag weder den Amerikanern noch den Chinesen zusagen, wie die jeweils andere Seite in Menschenrechtsfragen verf\u00e4hrt. Stellt sich die Frage, was in diesem Fall zu tun ist: Sollten die Amerikaner gegen die Chinesen in den Krieg ziehen, um sie zu zwingen, so zu handeln, wie <em>sie<\/em> es f\u00fcr richtig halten und umgekehrt?<\/p><cite>Ray Dalio, Weltordnung im Wandel, englische Ausgabe 2021, deutsch 2022, S.556.<\/cite><\/blockquote>\n\n\n<div class=\"wp-block-image\">\n<figure class=\"aligncenter size-large is-resized\"><img loading=\"lazy\" decoding=\"async\" src=\"http:\/\/klauskunze.com\/blog\/wp-content\/uploads\/2022\/09\/20220918_151219-688x1024.jpg\" alt=\"\" class=\"wp-image-4966\" width=\"344\" height=\"512\" srcset=\"https:\/\/klauskunze.com\/blog\/wp-content\/uploads\/2022\/09\/20220918_151219-688x1024.jpg 688w, https:\/\/klauskunze.com\/blog\/wp-content\/uploads\/2022\/09\/20220918_151219-201x300.jpg 201w, https:\/\/klauskunze.com\/blog\/wp-content\/uploads\/2022\/09\/20220918_151219-768x1144.jpg 768w, https:\/\/klauskunze.com\/blog\/wp-content\/uploads\/2022\/09\/20220918_151219-1031x1536.jpg 1031w, https:\/\/klauskunze.com\/blog\/wp-content\/uploads\/2022\/09\/20220918_151219-1375x2048.jpg 1375w, https:\/\/klauskunze.com\/blog\/wp-content\/uploads\/2022\/09\/20220918_151219-900x1340.jpg 900w, https:\/\/klauskunze.com\/blog\/wp-content\/uploads\/2022\/09\/20220918_151219-1280x1906.jpg 1280w, https:\/\/klauskunze.com\/blog\/wp-content\/uploads\/2022\/09\/20220918_151219-scaled.jpg 1719w\" sizes=\"auto, (max-width: 344px) 100vw, 344px\" \/><figcaption>Ray Dalio, Weltordnung im Wandel, Principles for Dealing with the Chanching World Order, 2021, Weltordnung im Wandel, Vom Aufstieg und Fall von Nationen, 2022.<\/figcaption><\/figure>\n<\/div>\n\n\n<p>Eine solche Apokalypse m\u00f6chte ich mir lieber gar nicht vorstellen. Aber einen kleinen, gr\u00fcnen deutschen Kl\u00e4ffer, der sich frech hinter dem Nuklearschirm des gro\u00dfen Bruders versteckt und das Milliardenvolk der Chinesen mit moralisch wedelndem Schwanz ankl\u00e4fft, was die gef\u00e4lligst zu tun h\u00e4tten, den kann ich mir gut vorstellen. Ich sehe es, wenn ich mich \u201ein die erste Reihe setze\u201c, im Staatsfernsehen.<\/p>\n\n\n\n<p>Bei einer gewissen W\u00e4hlerklientel mit moralisch halbierter Vernunft und wenig Weltkenntnis feiern solche Kl\u00e4ffer aber offenbar kleine Wahlerfolge.<\/p>\n\n\n\n<h2 class=\"wp-block-heading\">Legitim oder dysfunktional?<\/h2>\n\n\n\n<p>Ray Dalio, mein kapitalistischer Gew\u00e4hrsmann in Sachen China, verabscheut Krieg, weil er immer mehr zerst\u00f6rt, als selbst die Sieger zu gewinnen haben. Er widmet dem Aufstieg der neuen Weltmacht gro\u00dfe Kapitel und erkl\u00e4rt uns die Unterschiede der chinesischem Mentalit\u00e4t zur amerikanischen, zu der wir uns ja willig haben erziehen lassen.<\/p>\n\n\n\n<blockquote class=\"wp-block-quote is-layout-flow wp-block-quote-is-layout-flow\"><p>All diese chinesischen Systeme sind hierarchisch und nicht egalit\u00e4r. Wang Qishan, chinesischer Vizepr\u00e4sident und herausragender Historiker und Kulturforscher, erkl\u00e4rte mir den wesentlichen Unterschied zwischen Amerikanern und Chinesen folgenderma\u00dfen: Den Amerikanern gehe das Individuum \u00fcber alles, den Chinesen die Familie und das Kollektiv. Amerika wird nach dem Bottom-up-Prinzip gef\u00fchrt (also demokratisch) und mit Blick auf den Einzelnen optimiert. China wird nach dem Top-down-Prinzip gef\u00fchrt und mit Blick auf das Kollektiv optimiert.<\/p><cite>Ray Dalio, Weltordnung im Wandel, englische Ausgabe 2021, deutsch 2022, S.470.<\/cite><\/blockquote>\n\n\n\n<p>Dalio pl\u00e4diert f\u00fcr friedliche Koexistenz, f\u00fcr welche aber<\/p>\n\n\n\n<blockquote class=\"wp-block-quote is-layout-flow wp-block-quote-is-layout-flow\"><p>die Amerikaner eines begreifen m\u00fcssen: F\u00fcr die Chinesen sind ihre Werte und ihre Wege, diese Werte zu leben, das Nonplusultra &#8211; nicht anders als deren Werte und Way of Life f\u00fcr die Amerikaner. So sollte man zum Beispiel akzeptieren, wenn Spitzenpolitiker von f\u00e4higen, weisen Leitfiguren berufen werden, statt die Wahl nach dem Moto \u201aJedem B\u00fcrger eine Stimme\u2018 der breiten Bev\u00f6lkerung zu \u00fcberlassen, weil sie \u00fcberzeugt sind, da\u00df die breite Bev\u00f6lkerung nicht so gut informiert und auch nicht so qualifiziert ist. Die meisten meinen, da\u00df die breite Masse nach Laune w\u00e4hlt und danach, was die Kandidaten den W\u00e4hlern f\u00fcr ihre Unterst\u00fctzung versprechen &#8211; nicht danach, was f\u00fcr sie das Beste ist. Ebenso glauben sie &#8211; wie schon Plato, und wie es in etlichen L\u00e4ndern vorgemacht wurde &#8211; da\u00df Demokratien in schlechten Zeiten schnell zu dysfunktionalen Anarchien verkommen, wenn die Menschen dar\u00fcber streiten, was zu tun sei, statt sich hinter einen starken, f\u00e4higen Staatslenker zu stellen.<\/p><cite>Ray Dalio, Weltordnung im Wandel, englische Ausgabe 2021, deutsch 2022, S.552.<\/cite><\/blockquote>\n\n\n\n<p>Lange habe ich mit mir gerungen, ihnen diese schrecklichen chinesischen Vorurteile gegen unsere, nach Churchill, am wenigsten schlechte, Regierungsform \u00fcberhaupt mitzuteilen. Sie k\u00f6nnten in Ihrer demokratischen Stabilit\u00e4t ersch\u00fcttert werden. Aber im Vertrauen auf Ihren unersch\u00fctterlichen Glauben, an unsere Demokratie, meine lieben Leser, habe ich es dennoch gewagt. Immerhin wissen Sie, da\u00df die fachliche Kompetenz eines in China von oben als Minister eingesetzten Wirtschaftsfachmannes nichts gilt gegen\u00fcber der moralischen Erhabenheit einer gr\u00fcnen K\u00fcchenhilfe im Epizentrum der Macht, ja selbst einer blo\u00dfen Biotonne, wenn sie nur mit dem richtigen kritischen Bewu\u00dftsein angef\u00fcllt wird.<\/p>\n\n\n\n<p>Wie verblendet sind doch dagegen der steinreiche Amerikaner Ray &nbsp;Dalio und die Chinesen, die gar nicht begreifen, warum die Amerikaner<\/p>\n\n\n\n<blockquote class=\"wp-block-quote is-layout-flow wp-block-quote-is-layout-flow\"><p>die Problematik demokratischer Entscheidungsprozesse nicht ebenso klar erkennen, wie es die Chinesen tun.<\/p><cite>Ray Dalio, Weltordnung im Wandel, englische Ausgabe 2021, deutsch 2022, S.553.<\/cite><\/blockquote>\n\n\n\n<p>Ein Spielverderber, wer hier einw\u00fcrfe, die F\u00e4higkeit des staatlichen F\u00fchrungspersonals sei doch nichts gegen\u00fcber der Erhabenheit unserer demokratischen Entscheidungsprozesse. Ein <a href=\"http:\/\/klauskunze.com\/blog\/2022\/08\/31\/delegitimierer-zersetzer-und-andere-nagetiere\/\">finsterer Delegitimierer <\/a>w\u00fcrde gar darauf verweisen, Staatsm\u00e4nner wie Bismarck seien auch \u201evon oben eingesetzt\u201c worden, vom K\u00f6nig n\u00e4mlich, und damals sei es mit Deutschland noch aufw\u00e4rts gegangen so wie mit China heute. Allein schon der blo\u00dfe Vergleich von b\u00f6sen Monarchisten wie Bismarck mit demokratischen Ehrenm\u00e4nnern wie Scholz k\u00f6nnte den gew\u00fcnschten Glauben destabilisieren und W\u00e4hler verunsichern.<\/p>\n\n\n\n<p>Doch sollten wir wirklich f\u00fcr unseren Glauben in den Krieg ziehen, um die ganze Welt gl\u00e4ubig zu machen? F\u00fcr Dalio l\u00e4uft die Angelegenheit entweder darauf hinaus,<\/p>\n\n\n\n<blockquote class=\"wp-block-quote is-layout-flow wp-block-quote-is-layout-flow\"><p>das Recht des anderen, zu tun, was er f\u00fcr richtig h\u00e4lt, zu akzeptieren, zu tolerieren oder gar zu respektieren, oder darauf, da\u00df Chinesen und Amerikaner auf Leben und oder darum k\u00e4mpfen m\u00fcssen, was sie f\u00fcr alternativlos halten.<\/p><cite>Ray Dalio, Weltordnung im Wandel, englische Ausgabe 2021, deutsch 2022, S.553.<\/cite><\/blockquote>\n\n\n\n<h2 class=\"wp-block-heading\">Die multikulturelle Welt<\/h2>\n\n\n\n<p>Fragen wir in unserer Ratlosigkeit doch unsere multikulturellen Freunde um Rat. W\u00fcnschen sie sich nicht eine friedliche Welt aller Kulturen, ganz \u00e4hnlich den niedlichen Bildchen auf den <a href=\"https:\/\/zjblick.weebly.com\/lehren.html\">Schriften der Zeugen Jehovas<\/a>, in der Kinder auf Blumenwiesen mit vegan r\u00fclpsenden L\u00f6wen und bl\u00f6kenden L\u00e4mmern spielen? W\u00e4re das nicht eine sch\u00f6ne neue Welt auch f\u00fcr uns?<\/p>\n\n\n\n<p>Gegen friedliche Harmonie ist gewi\u00df nichts einzuwenden. Doch werden wir sie in einer Welt geifernder Fanatiker finden, die sich global \u00fcberall mit ihrer frohen Botschaft einmischen? Sie ziehen als moralische Wanderprediger um die Welt, segnen hier, verdammen da, drohen dort. Heute wettern sie mit Sanktionen im Gep\u00e4ck, morgen mit Raketen &#8211; vielleicht, weil ihre letzten realen Patronen gerade in der Ukraine verschossen werden.<\/p>\n\n\n\n<p>Oder finden wir eine multikulturelle Welt doch eher, wo jedes Volk f\u00fcr sich nach seinen eigenen ethnischen und kulturellen Traditionen und Ideen leben darf? Wenn diese gar genetisch pr\u00e4disponiert sind wie im Fall der zu Kollektivismen neigenden Ostasiaten: Wer g\u00e4be uns das Recht, moralische Verdammungsurteile \u00fcber sie zu f\u00e4llen, weil das Wort \u201eMenschenrechte\u201c sie nicht in Begeisterungstaumel versetzt? Vielleicht machen sie sich von der aus christlich-abendl\u00e4ndischer Tradition erwachsenen \u201eMenschenw\u00fcrde\u201c gar keine Vorstellung, weil diese ein s\u00e4kularisiertes \u00dcberbleibsel der dem Christengott zugesprochenen \u201eW\u00fcrde\u201c ist, an der wir \u201egottesebenbildlichen\u201c Sterblichen teilhaben?<\/p>\n\n\n\n<p>Und verb\u00f6te nicht ihre Menschenw\u00fcrde, den Chinesen ein radikal individualistisches Menschenrechtskonzept aufzuzwingen, wenn sie doch aus tiefstem Herzen und den Untiefen ihrer Gene Kollektivisten sind?<\/p>\n\n\n\n<p>Als biederer deutscher Michel denke ich mir &#8211; ganz im Stillen, damit die Obrigkeit es nicht h\u00f6rt -, es m\u00f6ge doch jedes Volk nach seiner eigenen Facon selig werden. Sie m\u00f6gen uns doch alle in Ruhe lassen und wir sie mit unserem Moralisieren.<\/p>\n\n\n\n<hr class=\"wp-block-separator has-alpha-channel-opacity\"\/>\n\n\n\n<p><a href=\"#_ftnref1\" id=\"_ftn1\">[1]<\/a> Siang Luo, Shihui Han: The association between an oxytocin receptor gene polymorphism and cultural orientations, in: Culture and Brain 2 2014, S.89-107.<\/p>\n","protected":false},"excerpt":{"rendered":"<p>Sterben f\u00fcr Uigur? \u201eSterben f\u00fcr Danzig? fragten franz\u00f6sische Zeitungen 1939 skeptisch, als das Deutsche Reich sich die alte Stadt Danzig wieder angliederte. Durch das Versailler Diktat war sie ihrem Mutterland gegen den Willen seiner Bewohner entrissen worden. Sterben f\u00fcr Uigur? Manche deutschen Fundamentalisten w\u00fcrden das offenbar in Kauf nehmen. Der Gr\u00fcne B\u00fctikofer und A. Baerbock [&hellip;]<\/p>\n","protected":false},"author":1,"featured_media":5049,"comment_status":"open","ping_status":"open","sticky":false,"template":"","format":"standard","meta":{"h5ap_radio_sources":[],"twitterCardType":"","cardImageID":0,"cardImage":"","cardTitle":"","cardDesc":"","cardImageAlt":"","cardPlayer":"","cardPlayerWidth":0,"cardPlayerHeight":0,"cardPlayerStream":"","cardPlayerCodec":"","footnotes":""},"categories":[1,20,17],"tags":[],"class_list":["post-5045","post","type-post","status-publish","format-standard","has-post-thumbnail","hentry","category-allgemein","category-philosophie","category-politik"],"yoast_head":"<!-- This site is optimized with the Yoast SEO plugin v27.5 - https:\/\/yoast.com\/product\/yoast-seo-wordpress\/ -->\n<title>\u00dcber den moralischen Tellerrand hinaus gedacht - Klaus Kunze<\/title>\n<meta name=\"robots\" content=\"index, follow, max-snippet:-1, max-image-preview:large, max-video-preview:-1\" \/>\n<link rel=\"canonical\" href=\"https:\/\/klauskunze.com\/blog\/2022\/10\/09\/ueber-den-moralischen-tellerrand-hinaus-gedacht\/\" \/>\n<meta property=\"og:locale\" content=\"de_DE\" \/>\n<meta property=\"og:type\" content=\"article\" \/>\n<meta property=\"og:title\" content=\"\u00dcber den moralischen Tellerrand hinaus gedacht - Klaus Kunze\" \/>\n<meta property=\"og:description\" content=\"Sterben f\u00fcr Uigur? \u201eSterben f\u00fcr Danzig? fragten franz\u00f6sische Zeitungen 1939 skeptisch, als das Deutsche Reich sich die alte Stadt Danzig wieder angliederte. Durch das Versailler Diktat war sie ihrem Mutterland gegen den Willen seiner Bewohner entrissen worden. Sterben f\u00fcr Uigur? Manche deutschen Fundamentalisten w\u00fcrden das offenbar in Kauf nehmen. Der Gr\u00fcne B\u00fctikofer und A. Baerbock [&hellip;]\" \/>\n<meta property=\"og:url\" content=\"https:\/\/klauskunze.com\/blog\/2022\/10\/09\/ueber-den-moralischen-tellerrand-hinaus-gedacht\/\" \/>\n<meta property=\"og:site_name\" content=\"Klaus Kunze\" \/>\n<meta property=\"article:published_time\" content=\"2022-10-09T19:29:31+00:00\" \/>\n<meta property=\"article:modified_time\" content=\"2022-10-18T06:41:05+00:00\" \/>\n<meta property=\"og:image\" content=\"https:\/\/klauskunze.com\/blog\/wp-content\/uploads\/2022\/10\/2022-09-24-54-Alte-Meister-1-scaled.jpg\" \/>\n\t<meta property=\"og:image:width\" content=\"2560\" \/>\n\t<meta property=\"og:image:height\" content=\"1491\" \/>\n\t<meta property=\"og:image:type\" content=\"image\/jpeg\" \/>\n<meta name=\"author\" content=\"Klaus Kunze\" \/>\n<meta name=\"twitter:label1\" content=\"Verfasst von\" \/>\n\t<meta name=\"twitter:data1\" content=\"Klaus Kunze\" \/>\n\t<meta name=\"twitter:label2\" content=\"Gesch\u00e4tzte Lesezeit\" \/>\n\t<meta name=\"twitter:data2\" content=\"11\u00a0Minuten\" \/>\n<script type=\"application\/ld+json\" class=\"yoast-schema-graph\">{\"@context\":\"https:\\\/\\\/schema.org\",\"@graph\":[{\"@type\":\"Article\",\"@id\":\"https:\\\/\\\/klauskunze.com\\\/blog\\\/2022\\\/10\\\/09\\\/ueber-den-moralischen-tellerrand-hinaus-gedacht\\\/#article\",\"isPartOf\":{\"@id\":\"https:\\\/\\\/klauskunze.com\\\/blog\\\/2022\\\/10\\\/09\\\/ueber-den-moralischen-tellerrand-hinaus-gedacht\\\/\"},\"author\":{\"name\":\"Klaus Kunze\",\"@id\":\"https:\\\/\\\/klauskunze.com\\\/blog\\\/#\\\/schema\\\/person\\\/9c091cf30ab68b897db6a517e3c3b11b\"},\"headline\":\"\u00dcber den moralischen Tellerrand hinaus gedacht\",\"datePublished\":\"2022-10-09T19:29:31+00:00\",\"dateModified\":\"2022-10-18T06:41:05+00:00\",\"mainEntityOfPage\":{\"@id\":\"https:\\\/\\\/klauskunze.com\\\/blog\\\/2022\\\/10\\\/09\\\/ueber-den-moralischen-tellerrand-hinaus-gedacht\\\/\"},\"wordCount\":2265,\"commentCount\":1,\"publisher\":{\"@id\":\"https:\\\/\\\/klauskunze.com\\\/blog\\\/#\\\/schema\\\/person\\\/9c091cf30ab68b897db6a517e3c3b11b\"},\"image\":{\"@id\":\"https:\\\/\\\/klauskunze.com\\\/blog\\\/2022\\\/10\\\/09\\\/ueber-den-moralischen-tellerrand-hinaus-gedacht\\\/#primaryimage\"},\"thumbnailUrl\":\"https:\\\/\\\/klauskunze.com\\\/blog\\\/wp-content\\\/uploads\\\/2022\\\/10\\\/2022-09-24-54-Alte-Meister-1-scaled.jpg\",\"articleSection\":{\"1\":\"Philosophie\",\"2\":\"Politik\"},\"inLanguage\":\"de\",\"potentialAction\":[{\"@type\":\"CommentAction\",\"name\":\"Comment\",\"target\":[\"https:\\\/\\\/klauskunze.com\\\/blog\\\/2022\\\/10\\\/09\\\/ueber-den-moralischen-tellerrand-hinaus-gedacht\\\/#respond\"]}]},{\"@type\":\"WebPage\",\"@id\":\"https:\\\/\\\/klauskunze.com\\\/blog\\\/2022\\\/10\\\/09\\\/ueber-den-moralischen-tellerrand-hinaus-gedacht\\\/\",\"url\":\"https:\\\/\\\/klauskunze.com\\\/blog\\\/2022\\\/10\\\/09\\\/ueber-den-moralischen-tellerrand-hinaus-gedacht\\\/\",\"name\":\"\u00dcber den moralischen Tellerrand hinaus gedacht - Klaus Kunze\",\"isPartOf\":{\"@id\":\"https:\\\/\\\/klauskunze.com\\\/blog\\\/#website\"},\"primaryImageOfPage\":{\"@id\":\"https:\\\/\\\/klauskunze.com\\\/blog\\\/2022\\\/10\\\/09\\\/ueber-den-moralischen-tellerrand-hinaus-gedacht\\\/#primaryimage\"},\"image\":{\"@id\":\"https:\\\/\\\/klauskunze.com\\\/blog\\\/2022\\\/10\\\/09\\\/ueber-den-moralischen-tellerrand-hinaus-gedacht\\\/#primaryimage\"},\"thumbnailUrl\":\"https:\\\/\\\/klauskunze.com\\\/blog\\\/wp-content\\\/uploads\\\/2022\\\/10\\\/2022-09-24-54-Alte-Meister-1-scaled.jpg\",\"datePublished\":\"2022-10-09T19:29:31+00:00\",\"dateModified\":\"2022-10-18T06:41:05+00:00\",\"breadcrumb\":{\"@id\":\"https:\\\/\\\/klauskunze.com\\\/blog\\\/2022\\\/10\\\/09\\\/ueber-den-moralischen-tellerrand-hinaus-gedacht\\\/#breadcrumb\"},\"inLanguage\":\"de\",\"potentialAction\":[{\"@type\":\"ReadAction\",\"target\":[\"https:\\\/\\\/klauskunze.com\\\/blog\\\/2022\\\/10\\\/09\\\/ueber-den-moralischen-tellerrand-hinaus-gedacht\\\/\"]}]},{\"@type\":\"ImageObject\",\"inLanguage\":\"de\",\"@id\":\"https:\\\/\\\/klauskunze.com\\\/blog\\\/2022\\\/10\\\/09\\\/ueber-den-moralischen-tellerrand-hinaus-gedacht\\\/#primaryimage\",\"url\":\"https:\\\/\\\/klauskunze.com\\\/blog\\\/wp-content\\\/uploads\\\/2022\\\/10\\\/2022-09-24-54-Alte-Meister-1-scaled.jpg\",\"contentUrl\":\"https:\\\/\\\/klauskunze.com\\\/blog\\\/wp-content\\\/uploads\\\/2022\\\/10\\\/2022-09-24-54-Alte-Meister-1-scaled.jpg\",\"width\":2560,\"height\":1491},{\"@type\":\"BreadcrumbList\",\"@id\":\"https:\\\/\\\/klauskunze.com\\\/blog\\\/2022\\\/10\\\/09\\\/ueber-den-moralischen-tellerrand-hinaus-gedacht\\\/#breadcrumb\",\"itemListElement\":[{\"@type\":\"ListItem\",\"position\":1,\"name\":\"Startseite\",\"item\":\"https:\\\/\\\/klauskunze.com\\\/blog\\\/\"},{\"@type\":\"ListItem\",\"position\":2,\"name\":\"\u00dcber den moralischen Tellerrand hinaus gedacht\"}]},{\"@type\":\"WebSite\",\"@id\":\"https:\\\/\\\/klauskunze.com\\\/blog\\\/#website\",\"url\":\"https:\\\/\\\/klauskunze.com\\\/blog\\\/\",\"name\":\"Klaus Kunze\",\"description\":\"Blog\",\"publisher\":{\"@id\":\"https:\\\/\\\/klauskunze.com\\\/blog\\\/#\\\/schema\\\/person\\\/9c091cf30ab68b897db6a517e3c3b11b\"},\"potentialAction\":[{\"@type\":\"SearchAction\",\"target\":{\"@type\":\"EntryPoint\",\"urlTemplate\":\"https:\\\/\\\/klauskunze.com\\\/blog\\\/?s={search_term_string}\"},\"query-input\":{\"@type\":\"PropertyValueSpecification\",\"valueRequired\":true,\"valueName\":\"search_term_string\"}}],\"inLanguage\":\"de\"},{\"@type\":[\"Person\",\"Organization\"],\"@id\":\"https:\\\/\\\/klauskunze.com\\\/blog\\\/#\\\/schema\\\/person\\\/9c091cf30ab68b897db6a517e3c3b11b\",\"name\":\"Klaus Kunze\",\"image\":{\"@type\":\"ImageObject\",\"inLanguage\":\"de\",\"@id\":\"https:\\\/\\\/secure.gravatar.com\\\/avatar\\\/5cd83cadbada9c331a79952fcca177ed3d3be4c7ad3239b9d934bf84adff15dd?s=96&d=blank&r=g\",\"url\":\"https:\\\/\\\/secure.gravatar.com\\\/avatar\\\/5cd83cadbada9c331a79952fcca177ed3d3be4c7ad3239b9d934bf84adff15dd?s=96&d=blank&r=g\",\"contentUrl\":\"https:\\\/\\\/secure.gravatar.com\\\/avatar\\\/5cd83cadbada9c331a79952fcca177ed3d3be4c7ad3239b9d934bf84adff15dd?s=96&d=blank&r=g\",\"caption\":\"Klaus Kunze\"},\"logo\":{\"@id\":\"https:\\\/\\\/secure.gravatar.com\\\/avatar\\\/5cd83cadbada9c331a79952fcca177ed3d3be4c7ad3239b9d934bf84adff15dd?s=96&d=blank&r=g\"},\"sameAs\":[\"http:\\\/\\\/KlausKunze.com\",\"https:\\\/\\\/x.com\\\/https:\\\/\\\/twitter.com\\\/KlausKunze3\"]}]}<\/script>\n<!-- \/ Yoast SEO plugin. -->","yoast_head_json":{"title":"\u00dcber den moralischen Tellerrand hinaus gedacht - Klaus Kunze","robots":{"index":"index","follow":"follow","max-snippet":"max-snippet:-1","max-image-preview":"max-image-preview:large","max-video-preview":"max-video-preview:-1"},"canonical":"https:\/\/klauskunze.com\/blog\/2022\/10\/09\/ueber-den-moralischen-tellerrand-hinaus-gedacht\/","og_locale":"de_DE","og_type":"article","og_title":"\u00dcber den moralischen Tellerrand hinaus gedacht - Klaus Kunze","og_description":"Sterben f\u00fcr Uigur? \u201eSterben f\u00fcr Danzig? fragten franz\u00f6sische Zeitungen 1939 skeptisch, als das Deutsche Reich sich die alte Stadt Danzig wieder angliederte. Durch das Versailler Diktat war sie ihrem Mutterland gegen den Willen seiner Bewohner entrissen worden. Sterben f\u00fcr Uigur? Manche deutschen Fundamentalisten w\u00fcrden das offenbar in Kauf nehmen. Der Gr\u00fcne B\u00fctikofer und A. Baerbock [&hellip;]","og_url":"https:\/\/klauskunze.com\/blog\/2022\/10\/09\/ueber-den-moralischen-tellerrand-hinaus-gedacht\/","og_site_name":"Klaus Kunze","article_published_time":"2022-10-09T19:29:31+00:00","article_modified_time":"2022-10-18T06:41:05+00:00","og_image":[{"width":2560,"height":1491,"url":"https:\/\/klauskunze.com\/blog\/wp-content\/uploads\/2022\/10\/2022-09-24-54-Alte-Meister-1-scaled.jpg","type":"image\/jpeg"}],"author":"Klaus Kunze","twitter_misc":{"Verfasst von":"Klaus Kunze","Gesch\u00e4tzte Lesezeit":"11\u00a0Minuten"},"schema":{"@context":"https:\/\/schema.org","@graph":[{"@type":"Article","@id":"https:\/\/klauskunze.com\/blog\/2022\/10\/09\/ueber-den-moralischen-tellerrand-hinaus-gedacht\/#article","isPartOf":{"@id":"https:\/\/klauskunze.com\/blog\/2022\/10\/09\/ueber-den-moralischen-tellerrand-hinaus-gedacht\/"},"author":{"name":"Klaus Kunze","@id":"https:\/\/klauskunze.com\/blog\/#\/schema\/person\/9c091cf30ab68b897db6a517e3c3b11b"},"headline":"\u00dcber den moralischen Tellerrand hinaus gedacht","datePublished":"2022-10-09T19:29:31+00:00","dateModified":"2022-10-18T06:41:05+00:00","mainEntityOfPage":{"@id":"https:\/\/klauskunze.com\/blog\/2022\/10\/09\/ueber-den-moralischen-tellerrand-hinaus-gedacht\/"},"wordCount":2265,"commentCount":1,"publisher":{"@id":"https:\/\/klauskunze.com\/blog\/#\/schema\/person\/9c091cf30ab68b897db6a517e3c3b11b"},"image":{"@id":"https:\/\/klauskunze.com\/blog\/2022\/10\/09\/ueber-den-moralischen-tellerrand-hinaus-gedacht\/#primaryimage"},"thumbnailUrl":"https:\/\/klauskunze.com\/blog\/wp-content\/uploads\/2022\/10\/2022-09-24-54-Alte-Meister-1-scaled.jpg","articleSection":{"1":"Philosophie","2":"Politik"},"inLanguage":"de","potentialAction":[{"@type":"CommentAction","name":"Comment","target":["https:\/\/klauskunze.com\/blog\/2022\/10\/09\/ueber-den-moralischen-tellerrand-hinaus-gedacht\/#respond"]}]},{"@type":"WebPage","@id":"https:\/\/klauskunze.com\/blog\/2022\/10\/09\/ueber-den-moralischen-tellerrand-hinaus-gedacht\/","url":"https:\/\/klauskunze.com\/blog\/2022\/10\/09\/ueber-den-moralischen-tellerrand-hinaus-gedacht\/","name":"\u00dcber den moralischen Tellerrand hinaus gedacht - Klaus Kunze","isPartOf":{"@id":"https:\/\/klauskunze.com\/blog\/#website"},"primaryImageOfPage":{"@id":"https:\/\/klauskunze.com\/blog\/2022\/10\/09\/ueber-den-moralischen-tellerrand-hinaus-gedacht\/#primaryimage"},"image":{"@id":"https:\/\/klauskunze.com\/blog\/2022\/10\/09\/ueber-den-moralischen-tellerrand-hinaus-gedacht\/#primaryimage"},"thumbnailUrl":"https:\/\/klauskunze.com\/blog\/wp-content\/uploads\/2022\/10\/2022-09-24-54-Alte-Meister-1-scaled.jpg","datePublished":"2022-10-09T19:29:31+00:00","dateModified":"2022-10-18T06:41:05+00:00","breadcrumb":{"@id":"https:\/\/klauskunze.com\/blog\/2022\/10\/09\/ueber-den-moralischen-tellerrand-hinaus-gedacht\/#breadcrumb"},"inLanguage":"de","potentialAction":[{"@type":"ReadAction","target":["https:\/\/klauskunze.com\/blog\/2022\/10\/09\/ueber-den-moralischen-tellerrand-hinaus-gedacht\/"]}]},{"@type":"ImageObject","inLanguage":"de","@id":"https:\/\/klauskunze.com\/blog\/2022\/10\/09\/ueber-den-moralischen-tellerrand-hinaus-gedacht\/#primaryimage","url":"https:\/\/klauskunze.com\/blog\/wp-content\/uploads\/2022\/10\/2022-09-24-54-Alte-Meister-1-scaled.jpg","contentUrl":"https:\/\/klauskunze.com\/blog\/wp-content\/uploads\/2022\/10\/2022-09-24-54-Alte-Meister-1-scaled.jpg","width":2560,"height":1491},{"@type":"BreadcrumbList","@id":"https:\/\/klauskunze.com\/blog\/2022\/10\/09\/ueber-den-moralischen-tellerrand-hinaus-gedacht\/#breadcrumb","itemListElement":[{"@type":"ListItem","position":1,"name":"Startseite","item":"https:\/\/klauskunze.com\/blog\/"},{"@type":"ListItem","position":2,"name":"\u00dcber den moralischen Tellerrand hinaus gedacht"}]},{"@type":"WebSite","@id":"https:\/\/klauskunze.com\/blog\/#website","url":"https:\/\/klauskunze.com\/blog\/","name":"Klaus Kunze","description":"Blog","publisher":{"@id":"https:\/\/klauskunze.com\/blog\/#\/schema\/person\/9c091cf30ab68b897db6a517e3c3b11b"},"potentialAction":[{"@type":"SearchAction","target":{"@type":"EntryPoint","urlTemplate":"https:\/\/klauskunze.com\/blog\/?s={search_term_string}"},"query-input":{"@type":"PropertyValueSpecification","valueRequired":true,"valueName":"search_term_string"}}],"inLanguage":"de"},{"@type":["Person","Organization"],"@id":"https:\/\/klauskunze.com\/blog\/#\/schema\/person\/9c091cf30ab68b897db6a517e3c3b11b","name":"Klaus Kunze","image":{"@type":"ImageObject","inLanguage":"de","@id":"https:\/\/secure.gravatar.com\/avatar\/5cd83cadbada9c331a79952fcca177ed3d3be4c7ad3239b9d934bf84adff15dd?s=96&d=blank&r=g","url":"https:\/\/secure.gravatar.com\/avatar\/5cd83cadbada9c331a79952fcca177ed3d3be4c7ad3239b9d934bf84adff15dd?s=96&d=blank&r=g","contentUrl":"https:\/\/secure.gravatar.com\/avatar\/5cd83cadbada9c331a79952fcca177ed3d3be4c7ad3239b9d934bf84adff15dd?s=96&d=blank&r=g","caption":"Klaus Kunze"},"logo":{"@id":"https:\/\/secure.gravatar.com\/avatar\/5cd83cadbada9c331a79952fcca177ed3d3be4c7ad3239b9d934bf84adff15dd?s=96&d=blank&r=g"},"sameAs":["http:\/\/KlausKunze.com","https:\/\/x.com\/https:\/\/twitter.com\/KlausKunze3"]}]}},"post_mailing_queue_ids":[],"_links":{"self":[{"href":"https:\/\/klauskunze.com\/blog\/wp-json\/wp\/v2\/posts\/5045","targetHints":{"allow":["GET"]}}],"collection":[{"href":"https:\/\/klauskunze.com\/blog\/wp-json\/wp\/v2\/posts"}],"about":[{"href":"https:\/\/klauskunze.com\/blog\/wp-json\/wp\/v2\/types\/post"}],"author":[{"embeddable":true,"href":"https:\/\/klauskunze.com\/blog\/wp-json\/wp\/v2\/users\/1"}],"replies":[{"embeddable":true,"href":"https:\/\/klauskunze.com\/blog\/wp-json\/wp\/v2\/comments?post=5045"}],"version-history":[{"count":31,"href":"https:\/\/klauskunze.com\/blog\/wp-json\/wp\/v2\/posts\/5045\/revisions"}],"predecessor-version":[{"id":5092,"href":"https:\/\/klauskunze.com\/blog\/wp-json\/wp\/v2\/posts\/5045\/revisions\/5092"}],"wp:featuredmedia":[{"embeddable":true,"href":"https:\/\/klauskunze.com\/blog\/wp-json\/wp\/v2\/media\/5049"}],"wp:attachment":[{"href":"https:\/\/klauskunze.com\/blog\/wp-json\/wp\/v2\/media?parent=5045"}],"wp:term":[{"taxonomy":"category","embeddable":true,"href":"https:\/\/klauskunze.com\/blog\/wp-json\/wp\/v2\/categories?post=5045"},{"taxonomy":"post_tag","embeddable":true,"href":"https:\/\/klauskunze.com\/blog\/wp-json\/wp\/v2\/tags?post=5045"}],"curies":[{"name":"wp","href":"https:\/\/api.w.org\/{rel}","templated":true}]}}